{"id":12546,"date":"2025-09-11T10:46:37","date_gmt":"2025-09-11T13:46:37","guid":{"rendered":"https:\/\/www.reportedeprensa.utalca.cl\/?p=12546"},"modified":"2025-09-11T10:46:56","modified_gmt":"2025-09-11T13:46:56","slug":"11-de-septiembre-2025","status":"publish","type":"post","link":"https:\/\/www.reportedeprensa.utalca.cl\/?p=12546","title":{"rendered":"11 de septiembre 2025"},"content":{"rendered":"\t\t<div data-elementor-type=\"wp-post\" data-elementor-id=\"12546\" class=\"elementor elementor-12546\" data-elementor-settings=\"[]\">\n\t\t\t\t\t\t\t<div class=\"elementor-section-wrap\">\n\t\t\t\t\t\t\t<section class=\"elementor-section elementor-top-section elementor-element elementor-element-bcea1a8 elementor-section-boxed elementor-section-height-default elementor-section-height-default\" data-id=\"bcea1a8\" data-element_type=\"section\">\n\t\t\t\t\t\t<div class=\"elementor-container elementor-column-gap-default\">\n\t\t\t\t\t<div class=\"elementor-column elementor-col-100 elementor-top-column elementor-element elementor-element-e7183bf\" data-id=\"e7183bf\" data-element_type=\"column\">\n\t\t\t<div class=\"elementor-widget-wrap elementor-element-populated\">\n\t\t\t\t\t\t\t\t<div class=\"elementor-element elementor-element-7bde2a9 elementor-widget elementor-widget-text-editor\" data-id=\"7bde2a9\" data-element_type=\"widget\" data-widget_type=\"text-editor.default\">\n\t\t\t\t<div class=\"elementor-widget-container\">\n\t\t\t\t\t\t\t\t<p><b><span data-contrast=\"auto\">CANAL TVN 24 HORAS<\/span><\/b>\u00a0<br \/><a href=\"https:\/\/www.litoralpress.cl\/sitio\/RadioTV_Detalles.cshtml?LPKey=VNYEFVCCTQCUFOX65AFFPIMFLHBWXRXSY2SQXX5XWVOIN3EN4VXMOMY2EIGLHP4HPC5RB3QIN5Y7K\"><span data-contrast=\"none\">Adultos mayores en Chile tienen en promedio solo un amigo cercano, revela estudio de la U de Talca. Se refiere Emilio Moyano, acad\u00e9mico de la Facultad de Psicolog\u00eda.<\/span><\/a><span data-ccp-props=\"{}\">\u00a0<\/span><\/p><p>\u00a0<\/p><p><b><span data-contrast=\"auto\">AD PRENSA <\/span><\/b>\u00a0<br \/><a href=\"https:\/\/www.adprensa.cl\/actividades-academicas\/utalca-anunciara-al-ganador-o-ganadora-del-premio-jose-donoso-este-viernes\/\"><span data-contrast=\"none\">UTalca anunciar\u00e1 al ganador o ganadora del Premio Jos\u00e9 Donoso este viernes. Se refiere Marcela Albornoz Dachelet, directora de la Editorial Universidad de Talca y Claire Mercier, acad\u00e9mica del Instituto de Estudios Human\u00edsticos de la Universidad de Talca.<\/span><\/a><span data-ccp-props=\"{}\">\u00a0<\/span><\/p><p>\u00a0<\/p><p><b><span data-contrast=\"auto\">PUBLIMICRO<\/span><\/b>\u00a0<br \/><a href=\"https:\/\/publimicro.cl\/estudio-de-la-universidad-de-talca-identifico-factores-que-predicen-la-ausencia-prolongada-de-trabajadores-tras-accidentes-laborales\/\"><span data-contrast=\"none\">Estudio de la Universidad de Talca, identific\u00f3 factores que predicen la ausencia prolongada de trabajadores tras accidentes laborales.<\/span> <span data-contrast=\"none\">Se refiere Sandra Alvear, acad\u00e9mica de la Facultad de Econom\u00eda y Negocios.<\/span><\/a><span data-ccp-props=\"{}\">\u00a0<\/span><\/p><p>\u00a0<\/p><p><b><span data-contrast=\"auto\">EL HERALDO <\/span><\/b>\u00a0<br \/><a href=\"https:\/\/www.litoralpress.cl\/paginaconsultas\/Servicios_NClipWeb\/Get_Imagen_Nota.aspx?LPKey=DBUR5JUNYQVPQTPDSBKCVUMYCB23ORLS563SAEWILHGLS5DBX3L4SJA33VPCMT5D5ZOYZAWOXYQL4\"><span data-contrast=\"none\">Estudio identific\u00f3 factores que predicen la ausencia prolongada de trabajadores tras accidentes laborales. Se refiere Sandra Alvear, acad\u00e9mica de la Facultad de Econom\u00eda y Negocios.<\/span><\/a><span data-ccp-props=\"{}\">\u00a0<\/span><\/p><p>\u00a0<\/p><p><b><span data-contrast=\"auto\">G5 NOTICIA<\/span><\/b>\u00a0<br \/><a href=\"https:\/\/g5noticias.cl\/2025\/09\/10\/estudio-identifico-factores-que-predicen-la-ausencia-prolongada-de-trabajadores-tras-accidentes-laborales\/\"><span data-contrast=\"none\">Estudio identific\u00f3 factores que predicen la ausencia prolongada de trabajadores tras accidentes laborales. Se refiere Sandra Alvear, acad\u00e9mica de la Facultad de Econom\u00eda y Negocios.<\/span><\/a><span data-ccp-props=\"{}\">\u00a0<\/span><\/p><p>\u00a0<\/p><p><b><span data-contrast=\"auto\">RADIO ALLEN<\/span><\/b>\u00a0<br \/><a href=\"https:\/\/radioallen.cl\/economia-estudio-identifico-factores-que-predicen-la-ausencia-prolongada-de-trabajadores-tras-accidentes-laborales\/\"><span data-contrast=\"none\">Econom\u00eda: Estudio identific\u00f3 factores que predicen la ausencia prolongada de trabajadores tras accidentes laborales. Se refiere Sandra Alvear,<\/span><span data-contrast=\"none\">\u202facad\u00e9mica de la Facultad de Econom\u00eda y Negocios.<\/span><\/a><span data-ccp-props=\"{}\">\u00a0<\/span><\/p><p>\u00a0<\/p><p><b><span data-contrast=\"auto\">EL SIGLO<\/span><\/b>\u00a0<br \/><a href=\"https:\/\/elsiglo.cl\/estudio-detecta-que-personas-mayores-en-chile-tienen-solo-un-amigo-cercano\/\"><span data-contrast=\"none\">Estudio detecta que personas mayores en Chile tienen solo un amigo cercano. Se refiere Emilio Moyano, acad\u00e9mico de la Facultad de Psicolog\u00eda.<\/span><\/a><span data-ccp-props=\"{}\">\u00a0<\/span><\/p><p>\u00a0<\/p><p><b><span data-contrast=\"auto\">INOTICIAS<\/span><\/b>\u00a0<br \/><a href=\"https:\/\/inoticias.cl\/detalle\/estudio-detecta-que-personas-mayores-en-chile-tienen-solo-1245697\"><span data-contrast=\"none\">Estudio detecta que personas mayores en Chile tienen solo un amigo cercano. Se refiere Emilio Moyano, acad\u00e9mico de la Facultad de Psicolog\u00eda.<\/span><\/a><span data-ccp-props=\"{}\">\u00a0<\/span><\/p><p>\u00a0<\/p><p><b><span data-contrast=\"auto\">RADIO 13 C<\/span><\/b>\u00a0<br \/><a href=\"https:\/\/www.litoralpress.cl\/sitio\/RadioTV_Detalles.cshtml?LPKey=QXZTGDTQA33AUR6IL4VN4TI7GVQUMWGWWUQFNA6DARYNLAPG4AAN4ZJQCEIO6EOREOV2P2CQAIHJC\"><span data-contrast=\"none\">Entrevista a Patricio Gonz\u00e1lez, acad\u00e9mico <\/span><span data-contrast=\"none\">del Centro de Investigaci\u00f3n y Transferencia en Riego y Agroclimatolog\u00eda (CITRA).<\/span><\/a><span data-ccp-props=\"{}\">\u00a0<\/span><\/p><p>\u00a0<\/p><p><b><span data-contrast=\"auto\">CANAL CNN CHILE<\/span><\/b>\u00a0<br \/><a href=\"https:\/\/www.litoralpress.cl\/sitio\/RadioTV_Detalles.cshtml?LPKey=3TTP3SHNYKEAWDU2DLHAZ6RXNNNFZYZOC4YMOK7WUJSS4ZJH5ZYBLR3QH3R2IXZKTIYSERZDUJZDK\"><span data-contrast=\"none\">Primavera bajo el fen\u00f3meno de La Ni\u00f1a. Se refiere Patricio Gonz\u00e1lez, acad\u00e9mico del Centro de Investigaci\u00f3n y Transferencia en Riego y Agroclimatolog\u00eda (CITRA).<\/span><\/a><span data-ccp-props=\"{}\">\u00a0<\/span><\/p><p>\u00a0<\/p><p><b><span data-contrast=\"auto\">ADPRENSA<\/span><\/b>\u00a0<br \/><a href=\"https:\/\/www.adprensa.cl\/cronica\/deficit-de-lluvias-marca-un-invierno-frio-y-proyecta-primavera-seca-y-calurosa\/\"><span data-contrast=\"none\">D\u00e9ficit de lluvias marca un invierno fr\u00edo y proyecta primavera seca y calurosa. Patricio Gonz\u00e1lez, acad\u00e9mico del Centro de Investigaci\u00f3n y Transferencia en Riego y Agroclimatolog\u00eda (CITRA).<\/span><\/a>\u00a0<\/p><p><br \/>\u00a0<br \/><b><span data-contrast=\"auto\">EL MAULE INFORMA<\/span><\/b>\u00a0<br \/><a href=\"https:\/\/www.adprensa.cl\/cronica\/deficit-de-lluvias-marca-un-invierno-frio-y-proyecta-primavera-seca-y-calurosa\/%7d\"><span data-contrast=\"none\">D\u00e9ficit de lluvias marca un invierno fr\u00edo y proyecta primavera seca y calurosa. Patricio Gonz\u00e1lez, acad\u00e9mico del Centro de Investigaci\u00f3n y Transferencia en Riego y Agroclimatolog\u00eda (CITRA).<\/span><\/a><span data-ccp-props=\"{}\">\u00a0<\/span><\/p><p>\u00a0<\/p><p><b><span data-contrast=\"auto\">ANALIZA MAULE<\/span><\/b>\u00a0<br \/><a href=\"https:\/\/analizamaule.cl\/deficit-de-lluvias-marca-un-invierno-frio-y-proyecta-primavera-seca-y-calurosa\/\"><span data-contrast=\"none\">D\u00e9ficit de lluvias marca un invierno fr\u00edo y proyecta primavera seca y calurosa. Patricio Gonz\u00e1lez, acad\u00e9mico del Centro de Investigaci\u00f3n y Transferencia en Riego y Agroclimatolog\u00eda (CITRA).<\/span><\/a><span data-ccp-props=\"{}\">\u00a0<\/span><\/p><p>\u00a0<\/p><p><b><span data-contrast=\"auto\">RED AGR\u00cdCOLA<\/span><\/b>\u00a0<br \/><a href=\"https:\/\/redagricola.com\/deficit-de-lluvias-marco-un-invierno-frio-y-proyecta-primavera-seca-y-calurosa\/\"><span data-contrast=\"none\">D\u00e9ficit de lluvias marca un invierno fr\u00edo y proyecta primavera seca y calurosa. Patricio Gonz\u00e1lez, acad\u00e9mico del Centro de Investigaci\u00f3n y Transferencia en Riego y Agroclimatolog\u00eda (CITRA).<\/span><\/a><span data-ccp-props=\"{}\">\u00a0<\/span><\/p><p>\u00a0<\/p><p><b><span data-contrast=\"auto\">PORTAL FRUT\u00cdCOLA<\/span><\/b>\u00a0<br \/><a href=\"https:\/\/www.portalfruticola.com\/noticias\/2025\/09\/10\/primavera-seca-chile\/\"><span data-contrast=\"none\">Anticipan una primera seca y calurosa en Chile. Patricio Gonz\u00e1lez, acad\u00e9mico del Centro de Investigaci\u00f3n y Transferencia en Riego y Agroclimatolog\u00eda (CITRA).<\/span><\/a><span data-ccp-props=\"{}\">\u00a0<\/span><\/p><p>\u00a0<\/p><p><b><span data-contrast=\"auto\">RED ANTOFAGASTA<\/span><\/b>\u00a0<br \/><a href=\"https:\/\/redantofagasta.com\/deficit-de-lluvias-marca-un-invierno-frio-y-proyecta-primavera-seca-y\"><span data-contrast=\"none\">D\u00e9ficit de lluvias marca un invierno fr\u00edo y proyecta primavera seca y calurosa. Patricio Gonz\u00e1lez, acad\u00e9mico del Centro de Investigaci\u00f3n y Transferencia en Riego y Agroclimatolog\u00eda (CITRA).<\/span><\/a><span data-ccp-props=\"{}\">\u00a0<\/span><\/p><p>\u00a0<\/p><p><b><span data-contrast=\"auto\">RED OHIGGINS<\/span><\/b>\u00a0<br \/><a href=\"https:\/\/redohiggins.com\/deficit-de-lluvias-marca-un-invierno-frio-y-proyecta-primavera-seca-y\"><span data-contrast=\"none\">D\u00e9ficit de lluvias marca un invierno fr\u00edo y proyecta primavera seca y calurosa. Patricio Gonz\u00e1lez, acad\u00e9mico del Centro de Investigaci\u00f3n y Transferencia en Riego y Agroclimatolog\u00eda (CITRA).<\/span><\/a><span data-ccp-props=\"{}\">\u00a0<\/span><\/p><p>\u00a0<\/p><p><b><span data-contrast=\"auto\">PORTAL AGRO CHILE<\/span><\/b>\u00a0<br \/><a href=\"https:\/\/www.portalagrochile.cl\/2025\/09\/10\/deficit-de-lluvias-marca-un-invierno-frio-y-proyecta-primavera-seca-y-calurosa\/\"><span data-contrast=\"none\">D\u00e9ficit de lluvias marca un invierno fr\u00edo y proyecta primavera seca y calurosa. Patricio Gonz\u00e1lez, acad\u00e9mico del Centro de Investigaci\u00f3n y Transferencia en Riego y Agroclimatolog\u00eda (CITRA).<\/span><\/a><span data-ccp-props=\"{}\">\u00a0<\/span><\/p><p>\u00a0<\/p><p><b><span data-contrast=\"auto\">CR\u00d3NICA DIGITAL<\/span><\/b>\u00a0<br \/><a href=\"https:\/\/cronicadigital.cl\/2025\/09\/10\/deficit-de-lluvias-marca-un-invierno-frio-y-proyecta-primavera-seca-y-calurosa\/\"><span data-contrast=\"none\">D\u00e9ficit de lluvias marca un invierno fr\u00edo y proyecta primavera seca y calurosa. Patricio Gonz\u00e1lez, acad\u00e9mico del Centro de Investigaci\u00f3n y Transferencia en Riego y Agroclimatolog\u00eda (CITRA).<\/span><\/a><span data-ccp-props=\"{}\">\u00a0<\/span><\/p><p>\u00a0<\/p><p><b><span data-contrast=\"auto\">REVISTA ECOCIENCIAS<\/span><\/b>\u00a0<br \/><a href=\"https:\/\/revistaecociencias.cl\/2025\/09\/09\/por-que-los-rios-y-humedales-son-clave-frente-a-la-crisis-climatica\/\"><span data-contrast=\"none\">\u00bfPor qu\u00e9 los r\u00edos y humedales son clave frente a la crisis clim\u00e1tica? Se refiere Mauricio Quiroz, acad\u00e9mico del Instituto de Ciencias Biol\u00f3gicas.<\/span><\/a><span data-ccp-props=\"{}\">\u00a0<\/span><\/p><p>\u00a0<\/p><p><b><span data-contrast=\"auto\">PUBLIMICRO<\/span><\/b>\u00a0<br \/><a href=\"https:\/\/publimicro.cl\/experto-de-la-universidad-de-talca-aclara-porque-son-tan-importantes-los-rios-y-humedales-para-enfrentar-la-crisis-climatica\/\"><span data-contrast=\"none\">Experto de la Universidad de Talca, aclara porqu\u00e9 son tan importantes los r\u00edos y humedales para enfrentar la crisis clim\u00e1tica. Se refiere Mauricio Quiroz, acad\u00e9mico del Instituto de Ciencias Biol\u00f3gicas.<\/span><\/a><span data-ccp-props=\"{}\">\u00a0<\/span><\/p><p>\u00a0<\/p><p><b><span data-contrast=\"auto\">AD PRENSA<\/span><\/b>\u00a0<br \/><a href=\"https:\/\/www.adprensa.cl\/cronica\/por-que-son-tan-importantes-los-rios-y-humedales-para-enfrentar-la-crisis-climatica\/\"><span data-contrast=\"none\">\u00bfPor qu\u00e9 son tan importantes los r\u00edos y humedales para enfrentar la crisis clim\u00e1tica? Se refiere Mauricio Quiroz, acad\u00e9mico del Instituto de Ciencias Biol\u00f3gicas.<\/span><\/a><span data-ccp-props=\"{}\">\u00a0<\/span><\/p><p>\u00a0<\/p><p><b><span data-contrast=\"auto\">EL MAULE INFORMA<\/span><\/b>\u00a0<br \/><a href=\"https:\/\/elmauleinforma.cl\/por-que-son-tan-importantes-los-rios-y-humedales-para-enfrentar-la-crisis-climatica\/\"><span data-contrast=\"none\">\u00bfPor qu\u00e9 son tan importantes los r\u00edos y humedales para enfrentar la crisis clim\u00e1tica? Se refiere Mauricio Quiroz, acad\u00e9mico del Instituto de Ciencias Biol\u00f3gicas.<\/span><\/a><span data-ccp-props=\"{}\">\u00a0<\/span><\/p><p>\u00a0<\/p><p><b><span data-contrast=\"auto\">EL MARTUTINO<\/span><\/b>\u00a0<br \/><a href=\"https:\/\/www.elmartutino.cl\/noticia\/medioambiente\/rios-y-humedales-la-urgencia-de-protegerlos-para-enfrentar-el-cambio-climatico\"><span data-contrast=\"none\">R\u00edos y humedales: la urgencia de protegerlos para enfrentar el cambio clim\u00e1tico en Chile. Se refiere Mauricio Quiroz, <\/span><span data-contrast=\"none\">acad\u00e9mico del Instituto de Ciencias Biol\u00f3gicas.<\/span><\/a><span data-ccp-props=\"{}\">\u00a0<\/span><\/p><p>\u00a0<\/p><p><b><span data-contrast=\"auto\">EL HERALDO<\/span><\/b>\u00a0<br \/><a href=\"https:\/\/www.litoralpress.cl\/paginaconsultas\/Servicios_NClipWeb\/Get_Imagen_Nota.aspx?LPKey=3SETK6UEO735YFLPW5GUFUVGVQJWGEW5B6JYYRB4YN6I2ZPHVFP3VLOLYFEUDBQUQ27ILC7WQKLPK\"><span data-contrast=\"none\">\u00bfPor qu\u00e9 son tan importantes los r\u00edos y humedales para enfrentar la crisis clim\u00e1tica? Se refiere Mauricio Quiroz, acad\u00e9mico del Instituto de Ciencias Biol\u00f3gicas.<\/span><\/a><span data-ccp-props=\"{}\">\u00a0<\/span><\/p><p>\u00a0<\/p><p><b><span data-contrast=\"auto\">EL LECTOR<\/span><\/b>\u00a0<br \/><a href=\"https:\/\/www.litoralpress.cl\/paginaconsultas\/Servicios_NClipWeb\/Get_Imagen_Nota.aspx?LPKey=NU66T2XPIBNKUGAMBV5WPDM5AOTXWQC3LWUVUTVWQMJ54FOGK7QQRQDEDVG2CY62RSMERWXOQPWZM\"><span data-contrast=\"none\">\u00bfPor qu\u00e9 son tan importantes los r\u00edos y humedales para enfrentar la crisis clim\u00e1tica? Se refiere Mauricio Quiroz, acad\u00e9mico del Instituto de Ciencias Biol\u00f3gicas.<\/span><\/a><span data-ccp-props=\"{}\">\u00a0<\/span><\/p><p>\u00a0<\/p><p><b><span data-contrast=\"auto\">DIARIO EL HERALDO<\/span><\/b>\u00a0<br \/><a href=\"https:\/\/www.diarioelheraldo.cl\/noticia\/por-que-son-tan-importantes-los-rios-y-humedales-para-enfrentar-la-crisis-climatica\"><span data-contrast=\"none\">\u00bfPor qu\u00e9 son tan importantes los r\u00edos y humedales para enfrentar la crisis clim\u00e1tica? <\/span>Se refiere Mauricio Quiroz, acad\u00e9mico del Instituto de Ciencias Biol\u00f3gicas.<\/a>\u00a0<\/p><p>\u00a0<\/p><p><b><span data-contrast=\"auto\">EL REPUERTERO<\/span><\/b>\u00a0<br \/><a href=\"https:\/\/www.elrepuertero.cl\/noticia\/sociedad\/crisis-climatica-la-importancia-de-los-rios-y-humedales-para-enfrentarla\"><span data-contrast=\"none\">Crisis clim\u00e1tica: La importancia de los r\u00edos y humedales para enfrentarla. Se refiere Mauricio Quiroz, acad\u00e9mico del Instituto de Ciencias Biol\u00f3gicas.<\/span><\/a><span data-ccp-props=\"{}\">\u00a0<\/span><\/p><p>\u00a0<\/p><p><b><span data-contrast=\"auto\">EL RANCAHUASO<\/span><\/b>\u00a0<br \/><a href=\"https:\/\/www.elrancahuaso.cl\/noticia\/sociedad\/crisis-climatica-la-importancia-de-los-rios-y-humedales-para-enfrentarla\"><span data-contrast=\"none\">Crisis clim\u00e1tica: La importancia de los r\u00edos y humedales para enfrentarla. Se refiere Mauricio Quiroz, acad\u00e9mico del Instituto de Ciencias Biol\u00f3gicas.<\/span><\/a><span data-ccp-props=\"{}\">\u00a0<\/span><\/p><p>\u00a0<\/p><p><b><span data-contrast=\"auto\">EL NORTERO<\/span><\/b>\u00a0<br \/><a href=\"https:\/\/www.elnortero.cl\/noticia\/sociedad\/crisis-climatica-la-importancia-de-los-rios-y-humedales-para-enfrentarla\"><span data-contrast=\"none\">Crisis clim\u00e1tica: La importancia de los r\u00edos y humedales para enfrentarla. Se refiere Mauricio Quiroz, acad\u00e9mico del Instituto de Ciencias Biol\u00f3gicas.<\/span><\/a><span data-ccp-props=\"{}\">\u00a0<\/span><\/p><p>\u00a0<\/p><p><span data-contrast=\"auto\">\u00a0<\/span><b><span data-contrast=\"auto\">DIARIO TALCA<\/span><\/b>\u00a0<br \/><a href=\"https:\/\/diariotalca.cl\/por-que-son-tan-importantes-los-rios-y-humedales-para-enfrentar-la-crisis-climatica\/\"><span data-contrast=\"none\">\u00bfPor qu\u00e9 son tan importantes los r\u00edos y humedales para enfrentar la crisis clim\u00e1tica? Se refiere Mauricio Quiroz, acad\u00e9mico del Instituto de Ciencias Biol\u00f3gicas.<\/span><\/a><span data-ccp-props=\"{}\">\u00a0<\/span><\/p><p>\u00a0<\/p><p><b><span data-contrast=\"auto\">RADIO ANCOA<\/span><\/b>\u00a0<br \/><a href=\"https:\/\/www.radioancoa.cl\/categoria\/regional\/importancia-rios-humedales-crisis-climatica\"><span data-contrast=\"none\">Importancia de r\u00edos y humedales en crisis clim\u00e1tica. Se refiere Mauricio Quiroz, acad\u00e9mico del Instituto de Ciencias Biol\u00f3gicas.<\/span><\/a><span data-ccp-props=\"{}\">\u00a0<\/span><\/p><p>\u00a0<\/p><p><b><span data-contrast=\"auto\">TV5<\/span><\/b>\u00a0<br \/><a href=\"https:\/\/www.tv5.cl\/categoria\/local\/importancia-rios-humedales-crisis-climatica\"><span data-contrast=\"none\">Importancia de r\u00edos y humedales en crisis clim\u00e1tica. Se refiere Mauricio <\/span><\/a><a href=\"https:\/\/www.tv5.cl\/categoria\/local\/importancia-rios-humedales-crisis-climatica\"><span data-contrast=\"none\">Quiroz, acad\u00e9mico del Instituto de Ciencias Biol\u00f3gicas.<\/span><\/a><span data-ccp-props=\"{}\">\u00a0<\/span><\/p><p><b><span data-contrast=\"auto\">EL LECTOR<\/span><\/b>\u00a0<br \/><a href=\"https:\/\/www.litoralpress.cl\/paginaconsultas\/Servicios_NClipWeb\/Get_Imagen_Nota.aspx?LPKey=G2S72ETS3SBHY2FGCFUXO3WG2HTPG6IWFGJPBPGFPI6PPC7RRPKC35AXPSKRRYX64ZOZDIUABEHGI\"><span data-contrast=\"none\">Estudiantes de Odontolog\u00eda realizaron m\u00e1s de 900 prestaciones en operativo de <\/span><span data-contrast=\"none\">invierno. Marcela Espinosa San Mart\u00edn, acad\u00e9mica de la Escuela de Odontolog\u00eda.<\/span><\/a><span data-ccp-props=\"{}\">\u00a0<\/span><\/p><p>\u00a0<\/p><p><b><span data-contrast=\"auto\">LA PRENSA DE CURIC\u00d3<\/span><\/b>\u00a0<br \/><a href=\"https:\/\/www.litoralpress.cl\/paginaconsultas\/Servicios_NClipWeb\/Get_Imagen_Nota.aspx?LPKey=ULNQWOCFUR2CEK7LCVSQLQI63X4O7ZN5XMLWDR6LMJLAR75D2Y3BP722H5VZ7MRFS6SXIBGYYKVBW\"><span data-contrast=\"none\">Estudiantes de la UTalca entregaron atenci\u00f3n odontol\u00f3gica gratuita. Marcela Espinosa San Mart\u00edn, acad\u00e9mica de la Escuela de Odontolog\u00eda.<\/span><\/a><span data-ccp-props=\"{}\">\u00a0<\/span><\/p><p>\u00a0<\/p><p><b><span data-contrast=\"auto\">EL AMAULE<\/span><\/b>\u00a0<br \/><a href=\"https:\/\/www.elamaule.cl\/noticia\/salud\/frankenstein-viral-la-variante-del-covid-19-que-preocupa-expertos-y-podria-reactivar-a\"><span data-contrast=\"none\">Frankenstein viral: la variante del Covid-19 que preocupa a expertos y podr\u00eda reactivar alerta sanitaria en Chile. Se refiere Erika Retamal, directora del Departamento de Salud P\u00fablica.<\/span><\/a><span data-ccp-props=\"{}\">\u00a0<\/span><\/p><p>\u00a0<\/p><p><b><span data-contrast=\"auto\">DIARIO EL C\u00d3NDOR<\/span><\/b>\u00a0<br \/><a href=\"https:\/\/www.litoralpress.cl\/paginaconsultas\/Servicios_NClipWeb\/Get_Imagen_Nota.aspx?LPKey=NSYU6VS6TTWOW3GWY4MQ7YSNXHPOFW77PYVU6PCHSBGHJYRTYCROPW3YRRYO3RTALSDQBEY6S2IF4\"><span data-contrast=\"none\">Ante aumento de casos de \u201ccoqueluche\u201d: Epidemi\u00f3loga advirti\u00f3 riesgos en lactantes y tercera edad. Se refiere \u00c9rika Retamal, directora del Departamento de Salud P\u00fablica.<\/span><\/a><span data-ccp-props=\"{}\">\u00a0<\/span><\/p><p>\u00a0<\/p><p><b><span data-contrast=\"auto\">NOVA TV<\/span><\/b>\u00a0<br \/><a href=\"https:\/\/www.litoralpress.cl\/sitio\/RadioTV_Detalles.cshtml?LPKey=SLF7BWVIN74CUHNZEQNANW26PWFZ6JRLK6QLRBREVUNCBHVMCUQOHFRQAF7ATXFTE5W3NWONLIELA\"><span data-contrast=\"none\">Entrevista a \u00c9rika Retamal, directora del Departamento de Salud P\u00fablica.<\/span><\/a><span data-contrast=\"auto\">\u00a0<\/span><span data-ccp-props=\"{}\">\u00a0<\/span><\/p><p>\u00a0<\/p><p><b><span data-contrast=\"auto\">GUAYAC\u00c1N RADIO<\/span><\/b>\u00a0<br \/><a href=\"https:\/\/www.litoralpress.cl\/sitio\/RadioTV_Detalles.cshtml?LPKey=BWCZTNGSIFNMHIBEN6DJRYEY2UBP6XBPQ3WIL7HWLHOSCLGCFIH3AECG5YWFITNNXA64C636RONHE\"><span data-contrast=\"none\">Entrevista a Mario Herrera, acad\u00e9mico del Centro de An\u00e1lisis Pol\u00edtico (CAP-UTalca)<\/span><\/a><span data-ccp-props=\"{}\">\u00a0<\/span><\/p><p>\u00a0<\/p><p><b><span data-contrast=\"auto\">RADIO CRISTALINA<\/span><\/b>\u00a0<br \/><a href=\"https:\/\/radiocristalina.cl\/salud-enfermedades-del-cerebro-ademas-del-acv-cuales-son-las-mas-comunes-en-chile\/\"><span data-contrast=\"none\">SALUD: Enfermedades del cerebro. \u00bfAdem\u00e1s del ACV, cu\u00e1les son las m\u00e1s comunes en Chile? Se refiere Gustavo Dom\u00ednguez Araya, acad\u00e9mico de la Escuela de Enfermer\u00eda.<\/span><\/a><span data-ccp-props=\"{}\">\u00a0<\/span><\/p><p>\u00a0<\/p><p><b><span data-contrast=\"auto\">EL MAULE INFORMA<\/span><\/b>\u00a0<br \/><a href=\"https:\/\/elmauleinforma.cl\/talquina-crea-tecnologia-que-imita-a-delfines-y-murcielagos-y-gana-premio-internacional-por-apoyar-autonomia-de-personas-ciegas\/\"><span data-contrast=\"none\">Talquina crea tecnolog\u00eda que imita a delfines y murci\u00e9lagos y gana premio internacional por apoyar autonom\u00eda de personas ciegas. Se refiere Silvana Herrera, Escuela de Dise\u00f1o.\u00a0<\/span><\/a><\/p><p>\u00a0<\/p><p><b><span data-contrast=\"auto\">IDEALEX<\/span><\/b>\u00a0<br \/><a href=\"https:\/\/idealex.press\/lenguaje-claro-al-hilo-de-un-sobreseimiento-definitivo\/\"><span data-contrast=\"none\">Lenguaje claro: al hilo de un sobreseimiento definitivo. Se refiere Diego Palomo, acad\u00e9mico de la Facultad de Ciencias Jur\u00eddicas y Sociales.<\/span><\/a><span data-ccp-props=\"{}\">\u00a0<\/span><\/p><p>\u00a0<\/p><p><b><span data-contrast=\"auto\">EL LECTOR<\/span><\/b>\u00a0<br \/><a href=\"https:\/\/www.litoralpress.cl\/paginaconsultas\/Servicios_NClipWeb\/Get_Imagen_Nota.aspx?LPKey=TSZYNTGMRTQX6NKQMT37NIMSSPKJR7JAURF2V4ASIMBHEDLLHJ2WCH6AFYNQ2USRP2M3Y346AUDFI\"><span data-contrast=\"none\">Directora nacional de Junaeb encabeza renovaci\u00f3n de cl\u00ednica dental e inaugura plan piloto de atenci\u00f3n odontol\u00f3gica para estudiantes neurodivergentes en el Maule. Se menciona la Universidad de Talca.<\/span><\/a><span data-ccp-props=\"{}\">\u00a0<\/span><\/p><p>\u00a0<\/p><p><b><span data-contrast=\"auto\">DIARIO EL C\u00d3NDOR<\/span><\/b>\u00a0<br \/><a href=\"https:\/\/www.litoralpress.cl\/paginaconsultas\/Servicios_NClipWeb\/Get_Imagen_Nota.aspx?LPKey=WEOGI4JQ2OMYSGRVTOQYEMOMCF7VSCLSGMNFA5DKM2RQIPTXNR5L2EZGIBNFE6JUTMW3WOZBKI5GW\"><span data-contrast=\"none\">Santa Cruz Celebr\u00f3 el D\u00eda Nacional del Vino con una muestra. Se menciona la Universidad de Talca.<\/span><\/a><span data-ccp-props=\"{}\">\u00a0<\/span><\/p><p>\u00a0<\/p><p><b><span data-contrast=\"auto\">EL HERALDO<\/span><\/b>\u00a0<br \/><a href=\"https:\/\/www.litoralpress.cl\/paginaconsultas\/Servicios_NClipWeb\/Get_Imagen_Nota.aspx?LPKey=4UMTVQ7Q2NVXQPKCR5IWOFQNVA7SHPHU43C3H6NGK7KA67222S6GJOZZQISGVKSHBOVM7NBECM7CS\"><span data-contrast=\"none\">Septiembre, mes de la Patria. Se menciona la Universidad de Talca.<\/span><\/a><span data-ccp-props=\"{}\">\u00a0<\/span><\/p><p>\u00a0<\/p><p><b><span data-contrast=\"auto\">LA PRENSA DE CURIC\u00d3<\/span><\/b>\u00a0<br \/><a href=\"https:\/\/www.litoralpress.cl\/paginaconsultas\/Servicios_NClipWeb\/Get_Imagen_Nota.aspx?LPKey=BDLPGHWPWTIHJLJVOGQHMHBEGEZJXDBD43J7OFAO236QDSC4GJX5F5LNAUZJUF5UDNEAYTFOXCVTS\"><span data-contrast=\"none\">Sucede. Se menciona la Universidad de Talca.<\/span><\/a><span data-ccp-props=\"{}\">\u00a0<\/span><\/p><p>\u00a0<\/p><p><b><span data-contrast=\"auto\">LA PRENSA DE CURIC\u00d3<\/span><\/b>\u00a0<br \/><a href=\"https:\/\/www.litoralpress.cl\/paginaconsultas\/Servicios_NClipWeb\/Get_Imagen_Nota.aspx?LPKey=NDD2KBMXA2JYAZXT5CEMZRDEG56HYG57W6YVQU6FCOKKV4HS73PNX3AOYMHEZWLUL7YNRPE6A5FBA\"><span data-contrast=\"none\">Invitan a cierre de Taller de Expresi\u00f3n Art\u00edstica Po\u00e9tica. Se menciona la Universidad de Talca.<\/span><\/a><span data-ccp-props=\"{}\">\u00a0<\/span><\/p><p>\u00a0<\/p><p><b><span data-contrast=\"auto\">VITRINA DEPORTIVA<\/span><\/b>\u00a0<br \/><a href=\"https:\/\/vitrinadeportiva.cl\/semana-de-competencias-vive-la-ucm\/\"><span data-contrast=\"none\">Semana de competencias vive la UCM. Se menciona la Universidad de Talca<\/span><\/a><span data-ccp-props=\"{}\">\u00a0<\/span><\/p><p>\u00a0<\/p><p><b><span data-contrast=\"auto\">AM NOTICIAS<\/span><\/b>\u00a0<br \/><a href=\"https:\/\/amnoticias.cl\/feria-laboral-energia-mujeres-se-realizo-en-talca\/\"><span data-contrast=\"none\">Feria Laboral \u201cEnerg\u00eda + Mujeres\u201d se realiz\u00f3 en Talca. Se menciona la Universidad de Talca<\/span><\/a><span data-ccp-props=\"{}\">\u00a0<\/span><\/p><p>\u00a0<\/p><p><b><span data-contrast=\"auto\">DIARIO LA MA\u00d1ANA<\/span><\/b>\u00a0<br \/><a href=\"https:\/\/xn--diariolamaana-rkb.cl\/feria-laboral-energia-mujeres-se-realizo-en-talca\/\"><span data-contrast=\"none\">Feria Laboral \u201cEnerg\u00eda + Mujeres\u201d se realiz\u00f3 en Talca. Se menciona la Universidad de Talca<\/span><\/a><span data-ccp-props=\"{}\">\u00a0<\/span><\/p><p>\u00a0<\/p><p><b><span data-contrast=\"auto\">SOY IQUIQUE<\/span><\/b>\u00a0<br \/><a href=\"https:\/\/www.soychile.cl\/Iquique\/Sostenibilidad\/2025\/09\/09\/920496\/revolucion-verde-certificados-tarapaca.html\"><span data-contrast=\"none\">Certifican a 30 emprendedores en programa \u201cRevoluci\u00f3n Verde\u201d en Tarapac\u00e1. Se menciona la Universidad de Talca<\/span><\/a><span data-ccp-props=\"{}\">\u00a0<\/span><\/p><p>\u00a0<\/p><p><b><span data-contrast=\"auto\">EL REPORTERO DE IQUIQUE<\/span><\/b>\u00a0<br \/><a href=\"https:\/\/elreporterodeiquique.com\/certifican-a-30-emprendedores-en-programa-revolucion-verde\/\"><span data-contrast=\"none\">Certifican a 30 emprendedores en programa \u201cRevoluci\u00f3n Verde\u201d. Se menciona la Universidad de Talca<\/span><\/a><span data-ccp-props=\"{}\">\u00a0<\/span><\/p><p>\u00a0<\/p><p><b><span data-contrast=\"auto\">VITRINA DEPORTIVA<\/span><\/b>\u00a0<br \/><a href=\"https:\/\/vitrinadeportiva.cl\/exito-total-en-el-4-seminario-de-mineria-en-el-maule\/\"><span data-contrast=\"none\">\u00c9xito total en el 4\u00b0 seminario de miner\u00eda en el Maule. Se menciona la Universidad de Talca<\/span><\/a><span data-ccp-props=\"{}\">\u00a0<\/span><\/p><p>\u00a0<\/p><p><b><span data-contrast=\"auto\">HORA 12<\/span><\/b>\u00a0<br \/><a href=\"https:\/\/hora12.cl\/2025\/09\/09\/ciencia-que-inspira-grupo-ficolab-de-concepcion-es-reconocido-en-un-congreso-internacional-con-investigaciones-de-alto-impacto\/\"><span data-contrast=\"none\">Ciencia que inspira: Grupo Ficolab de Concepci\u00f3n es reconocido en un congreso internacional con investigaciones de alto impacto. Se menciona la Universidad de Talca.<\/span><\/a><span data-ccp-props=\"{}\">\u00a0<\/span><\/p><p>\u00a0<\/p><p><b><span data-contrast=\"auto\">LA DIRECTA LONGAVIANA<\/span><\/b>\u00a0<br \/><a href=\"https:\/\/www.ladirectalongaviana.cl\/2025\/09\/09\/realizan-con-exito-una-nueva-version-de-la-feria-laboralenergia-mujeres-en-talca\/\"><span data-contrast=\"none\">Realizan con \u00e9xito una nueva versi\u00f3n de la Feria LaboralEnerg\u00eda + Mujeres en Talca. Se menciona la Universidad de Talca.<\/span><\/a><span data-ccp-props=\"{}\">\u00a0<\/span><\/p><p>\u00a0<\/p><p><b><span data-contrast=\"auto\">EDICI\u00d3N CERO<\/span><\/b>\u00a0<br \/><a href=\"https:\/\/edicioncero.cl\/2025\/09\/certifican-a-30-emprendedores-en-programa-revolucion-verde-que-busca-dotar-a-usuarios-dinamicos-de-conocimientos-teoricos-y-practicos\/\"><span data-contrast=\"none\">Certifican a 30 emprendedores en programa \u201cRevoluci\u00f3n Verde\u201d, que busca dotar a usuarios din\u00e1micos de conocimientos te\u00f3ricos y pr\u00e1cticos. Se menciona la Universidad de Talca.<\/span><\/a><span data-ccp-props=\"{}\">\u00a0<\/span><\/p><p>\u00a0<\/p><p><b><span data-contrast=\"auto\">CIENCIA EN CHILE<\/span><\/b>\u00a0<br \/><a href=\"https:\/\/www.cienciaenchile.cl\/a-hombros-de-gigantes-cientificas-instancia-que-promueve-la-ciencia-en-los-estudiantes-reune-a-jovenes-generaciones-en-torno-a-proyectos-de-investigacion\/\"><span data-contrast=\"none\">\u201cA hombros de gigantes cient\u00edficas\u201d: Instancia que promueve la ciencia en los estudiantes re\u00fane a j\u00f3venes generaciones en torno a proyectos de investigaci\u00f3n. Se menciona la Universidad de Talca.<\/span><\/a><span data-ccp-props=\"{}\">\u00a0<\/span><\/p><p>\u00a0<\/p><p><b><span data-contrast=\"auto\">RADIOLILLA<\/span><\/b>\u00a0<br \/><a href=\"https:\/\/elmauleinforma.cl\/talquina-crea-tecnologia-que-imita-a-delfines-y-murcielagos-y-gana-premio-internacional-por-apoyar-autonomia-de-personas-ciegas\/\"><span data-contrast=\"none\">Gabriel Rojas: el abogado que ha defendido gratuitamente a m\u00e1s de 500 familias del Maule por cobros abusivos de electricidad. Se menciona la Universidad de Talca.<\/span><\/a><span data-contrast=\"auto\">j\u00a0<\/span><span data-ccp-props=\"{}\">\u00a0<\/span><\/p><p><b><span data-contrast=\"auto\">UNIVERSIDAD DE CHILE<\/span><\/b>\u00a0<br \/><a href=\"https:\/\/uchile.cl\/noticias\/232324\/academicas-integran-encuentro-nacional-de-redis-en-la-serena\"><span data-contrast=\"none\">Acad\u00e9micas integran Encuentro Nacional de REDIS en La Serena. Se menciona la Universidad de Talca.<\/span><\/a><span data-ccp-props=\"{}\">\u00a0<\/span><\/p><p>\u00a0<\/p><p><b><span data-contrast=\"auto\">ANALIZA MAULE<\/span><\/b>\u00a0<br \/><a href=\"https:\/\/analizamaule.cl\/talca-da-el-puntapie-inicial-a-la-feria-del-libro-del-deporte-con-el-lanzamiento-de-sus-actividades\/\"><span data-contrast=\"none\">Talca da el puntapi\u00e9 inicial a la Feria del Libro del Deporte con el lanzamiento de sus actividades. Se menciona la Universidad de Talca.<\/span><\/a><span data-ccp-props=\"{}\">\u00a0<\/span><\/p><p>\u00a0<\/p><p><b><span data-contrast=\"auto\">EL MAULE INFORMA<\/span><\/b>\u00a0<br \/><a href=\"https:\/\/elmauleinforma.cl\/talca-da-el-puntapie-inicial-a-la-feria-del-libro-del-deporte-con-el-lanzamiento-de-sus-actividades\/\"><span data-contrast=\"none\">Talca da el puntapi\u00e9 inicial a la Feria del Libro del Deporte con el lanzamiento de sus actividades. Se menciona la Universidad de Talca.<\/span><\/a><span data-ccp-props=\"{}\">\u00a0<\/span><\/p><p>\u00a0<\/p><p><b><span data-contrast=\"auto\">DIARIO EL CENTRO<\/span><\/b>\u00a0<br \/><a href=\"https:\/\/www.diarioelcentro.cl\/2025\/09\/09\/talca-da-el-puntapie-inicial-a-la-feria-del-libro-del-deporte-con-el-lanzamiento-de-sus-actividades\/\"><span data-contrast=\"none\">Talca da el puntapi\u00e9 inicial a la Feria del Libro del Deporte con el lanzamiento de sus actividades. Se menciona la Universidad de Talca.<\/span><\/a><span data-ccp-props=\"{}\">\u00a0<\/span><\/p><p>\u00a0<\/p><p><b><span data-contrast=\"auto\">EL LECTOR<\/span><\/b>\u00a0<br \/><a href=\"https:\/\/www.litoralpress.cl\/paginaconsultas\/Servicios_NClipWeb\/Get_Imagen_Nota.aspx?LPKey=RYB4FIM66STAOPDZOHG4O3SPYV3NBE4CDRTGO5X4DQCUJNVGQJUFIV7SNB6TVIOHE6NP6RHILZOJ6\"><span data-contrast=\"none\">Realizan con \u00e9xito una nueva versi\u00f3n de la Feria Laboral Energ\u00eda + Mujeres en Talca. Se menciona la Universidad de Talca.<\/span><\/a><span data-ccp-props=\"{}\">\u00a0<\/span><\/p><p><b><span data-contrast=\"auto\">EL LONGUINO<\/span><\/b>\u00a0<br \/><a href=\"https:\/\/www.litoralpress.cl\/paginaconsultas\/Servicios_NClipWeb\/Get_Imagen_Nota.aspx?LPKey=EOWTEMVAIO7GVW5TJ7CE3MIZDSUHMBJGXIWII6ISIFAM3AV5LUPCDLXHT7IWAO2JEJXXBUSBH5TQM\"><span data-contrast=\"none\">Certifican a 30 emprendedores en programa \u201cRevoluci\u00f3n Verde\u201d. Se menciona la Universidad de Talca.<\/span><\/a><span data-ccp-props=\"{}\">\u00a0<\/span><\/p><p>\u00a0<\/p><p><b><span data-contrast=\"auto\">LA PRENSA DE CURIC\u00d3<\/span><\/b>\u00a0<br \/><a href=\"https:\/\/www.litoralpress.cl\/paginaconsultas\/Servicios_NClipWeb\/Get_Imagen_Nota.aspx?LPKey=PEHZOVVV2XLDLE5ECDNFFJBLV7EF7MQHV3FJBZAMWTQ4SDK6FOLVCQ666LYGIBPMXXFXCPO2YDWEK\"><span data-contrast=\"none\">Sucede. Se menciona la Universidad de Talca<\/span><\/a><span data-ccp-props=\"{}\">\u00a0<\/span><\/p><p>\u00a0<\/p><p><b><span data-contrast=\"auto\">LA PRENSA DE CURIC\u00d3<\/span><\/b>\u00a0<br \/><a href=\"https:\/\/www.litoralpress.cl\/paginaconsultas\/Servicios_NClipWeb\/Get_Imagen_Nota.aspx?LPKey=DJOZJNDOMX5F6IMFGN4M2PYGKU6RSVJ6A3SLFBIIXUGGPEXEI5MCIRWJPABC7DWIHVKSNS6ZSDBLQ\"><span data-contrast=\"none\">Teatro regional del maule celebr\u00f3 sus 20 a\u00f1os de historia. Se menciona la Universidad de Talca.<\/span><\/a><span data-ccp-props=\"{}\">\u00a0<\/span><\/p><p>\u00a0<\/p><p><b><span data-contrast=\"auto\">MAULE HOY<\/span><\/b>\u00a0<br \/><a href=\"https:\/\/www.litoralpress.cl\/paginaconsultas\/Servicios_NClipWeb\/Get_Imagen_Nota.aspx?LPKey=UA5P65NIHO2DWDR6FWYJ6T4KZR5UCBD4THWIJ74PHITD4LPNUYFSGG6RHOLJG46MKWKNXEEUMVXC2\"><span data-contrast=\"none\">Talca da el puntapi\u00e9 inicial a la Feria del Libro del Deporte con el lanzamiento de sus actividades. Se menciona la Universidad de Talca.<\/span><\/a><span data-ccp-props=\"{}\">\u00a0<\/span><\/p><p>\u00a0<\/p><p><b><span data-contrast=\"auto\">ELECTRICIDAD<\/span><\/b>\u00a0<br \/><a href=\"https:\/\/www.revistaei.cl\/programa-de-corfo-certifica-a-emprendedores-en-hidrogeno-verde\/+\"><span data-contrast=\"none\">Programa de Corfo certifica a emprendedores en hidr\u00f3geno verde. Se menciona la Universidad de Talca<\/span><\/a><span data-ccp-props=\"{}\">\u00a0<\/span><\/p><p>\u00a0<\/p><p><b><span data-contrast=\"auto\">DIARIO LA MA\u00d1ANA<\/span><\/b>\u00a0<br \/><a href=\"https:\/\/xn--diariolamaana-rkb.cl\/talca-abre-la-feria-del-libro-del-deporte-con-descubriendo-talca\/\"><span data-contrast=\"none\">Talca abre la Feria del Libro del Deporte con \u201cDescubriendo Talca\u201d. Se menciona la Universidad de Talca.<\/span><\/a><span data-ccp-props=\"{}\">\u00a0<\/span><\/p><p>\u00a0<\/p><p><b><span data-contrast=\"auto\">AM NOTICIA<\/span><\/b>\u00a0<br \/><a href=\"https:\/\/amnoticias.cl\/talca-abre-la-feria-del-libro-del-deporte-con-descubriendo-talca\/\"><span data-contrast=\"none\">Talca abre la Feria del Libro del Deporte con \u201cDescubriendo Talca\u201d. Se menciona la Universidad de Talca.<\/span><\/a><span data-ccp-props=\"{}\">\u00a0<\/span><\/p><p>\u00a0<\/p><p><b><span data-contrast=\"auto\">PASI\u00d3N POR LOS DEPORTES<\/span><\/b>\u00a0<br \/><a href=\"https:\/\/pasionporlosdeportes.cl\/talca-da-el-puntapie-inicial-a-la-feria-del-libro-del-deporte\/\"><span data-contrast=\"none\">Talca da el puntapi\u00e9 inicial a la Feria del Libro del Deporte. Se menciona la Universidad de Talca.<\/span><\/a><span data-ccp-props=\"{}\">\u00a0<\/span><\/p><p>\u00a0<\/p><p><b><span data-contrast=\"auto\">HORA 12<\/span><\/b>\u00a0<br \/><a href=\"https:\/\/pasionporlosdeportes.cl\/talca-da-el-puntapie-inicial-a-la-feria-del-libro-del-deporte\/\"><span data-contrast=\"none\">Miner\u00eda e investigadores de Concepci\u00f3n y Antofagasta abordan la crisis h\u00eddrica. Se menciona la Universidad de Talca.<\/span><\/a><span data-ccp-props=\"{}\">\u00a0<\/span><\/p><p>\u00a0<\/p><p><b><span data-contrast=\"auto\">LA MEGA FM<\/span><\/b>\u00a0<br \/><a href=\"https:\/\/lamegafm.cl\/2025\/09\/10\/certifican-a-30-emprendedores-en-programa-revolucion-verde\/\"><span data-contrast=\"none\">Certifican a 30 emprendedores en programa \u201cRevoluci\u00f3n Verde\u201d. Se menciona la Universidad de Talca.<\/span><\/a><span data-ccp-props=\"{}\">\u00a0<\/span><\/p><p>\u00a0<\/p><p><b><span data-contrast=\"auto\">RADIO PAULINA<\/span><\/b>\u00a0<br \/><a href=\"https:\/\/radiopaulina.cl\/2025\/09\/10\/certifican-a-30-emprendedores-de-tarapaca-en-programa-revolucion-verde\/\"><span data-contrast=\"none\">Certifican a 30 emprendedores de Tarapac\u00e1 en programa \u201cRevoluci\u00f3n Verde\u201d. Se menciona la Universidad de Talca.<\/span><\/a><span data-ccp-props=\"{}\">\u00a0<\/span><\/p>\t\t\t\t\t\t<\/div>\n\t\t\t\t<\/div>\n\t\t\t\t\t<\/div>\n\t\t<\/div>\n\t\t\t\t\t\t\t<\/div>\n\t\t<\/section>\n\t\t\t\t\t\t<\/div>\n\t\t\t\t\t<\/div>\n\t\t","protected":false},"excerpt":{"rendered":"<p>CANAL TVN 24 HORAS\u00a0Adultos mayores en Chile tienen en promedio solo un amigo cercano, revela estudio de la U de Talca. Se refiere Emilio Moyano, acad\u00e9mico de la Facultad de Psicolog\u00eda.\u00a0 \u00a0 AD PRENSA \u00a0UTalca anunciar\u00e1 al ganador o ganadora del Premio Jos\u00e9 Donoso este viernes. Se refiere Marcela Albornoz Dachelet, directora de la Editorial &hellip;<\/p>\n<p class=\"read-more\"> <a class=\"\" href=\"https:\/\/www.reportedeprensa.utalca.cl\/?p=12546\"> <span class=\"screen-reader-text\">11 de septiembre 2025<\/span> Read More &raquo;<\/a><\/p>\n","protected":false},"author":1,"featured_media":0,"comment_status":"closed","ping_status":"open","sticky":false,"template":"","format":"standard","meta":{"_monsterinsights_skip_tracking":false,"_monsterinsights_sitenote_active":false,"_monsterinsights_sitenote_note":"","_monsterinsights_sitenote_category":0},"categories":[63],"tags":[],"_links":{"self":[{"href":"https:\/\/www.reportedeprensa.utalca.cl\/index.php?rest_route=\/wp\/v2\/posts\/12546"}],"collection":[{"href":"https:\/\/www.reportedeprensa.utalca.cl\/index.php?rest_route=\/wp\/v2\/posts"}],"about":[{"href":"https:\/\/www.reportedeprensa.utalca.cl\/index.php?rest_route=\/wp\/v2\/types\/post"}],"author":[{"embeddable":true,"href":"https:\/\/www.reportedeprensa.utalca.cl\/index.php?rest_route=\/wp\/v2\/users\/1"}],"replies":[{"embeddable":true,"href":"https:\/\/www.reportedeprensa.utalca.cl\/index.php?rest_route=%2Fwp%2Fv2%2Fcomments&post=12546"}],"version-history":[{"count":4,"href":"https:\/\/www.reportedeprensa.utalca.cl\/index.php?rest_route=\/wp\/v2\/posts\/12546\/revisions"}],"predecessor-version":[{"id":12550,"href":"https:\/\/www.reportedeprensa.utalca.cl\/index.php?rest_route=\/wp\/v2\/posts\/12546\/revisions\/12550"}],"wp:attachment":[{"href":"https:\/\/www.reportedeprensa.utalca.cl\/index.php?rest_route=%2Fwp%2Fv2%2Fmedia&parent=12546"}],"wp:term":[{"taxonomy":"category","embeddable":true,"href":"https:\/\/www.reportedeprensa.utalca.cl\/index.php?rest_route=%2Fwp%2Fv2%2Fcategories&post=12546"},{"taxonomy":"post_tag","embeddable":true,"href":"https:\/\/www.reportedeprensa.utalca.cl\/index.php?rest_route=%2Fwp%2Fv2%2Ftags&post=12546"}],"curies":[{"name":"wp","href":"https:\/\/api.w.org\/{rel}","templated":true}]}}