{"id":1255,"date":"2021-06-17T09:33:50","date_gmt":"2021-06-17T12:33:50","guid":{"rendered":"https:\/\/www.reportedeprensa.utalca.cl\/?p=1255"},"modified":"2021-06-17T10:01:34","modified_gmt":"2021-06-17T13:01:34","slug":"17-de-junio-de-2021","status":"publish","type":"post","link":"https:\/\/www.reportedeprensa.utalca.cl\/?p=1255","title":{"rendered":"17 de junio de 2021"},"content":{"rendered":"\t\t<div data-elementor-type=\"wp-post\" data-elementor-id=\"1255\" class=\"elementor elementor-1255\" data-elementor-settings=\"[]\">\n\t\t\t\t\t\t\t<div class=\"elementor-section-wrap\">\n\t\t\t\t\t\t\t<section class=\"elementor-section elementor-top-section elementor-element elementor-element-a06ca45 elementor-section-boxed elementor-section-height-default elementor-section-height-default\" data-id=\"a06ca45\" data-element_type=\"section\">\n\t\t\t\t\t\t<div class=\"elementor-container elementor-column-gap-default\">\n\t\t\t\t\t<div class=\"elementor-column elementor-col-100 elementor-top-column elementor-element elementor-element-1486c35\" data-id=\"1486c35\" data-element_type=\"column\">\n\t\t\t<div class=\"elementor-widget-wrap elementor-element-populated\">\n\t\t\t\t\t\t\t\t<div class=\"elementor-element elementor-element-42b145e elementor-widget elementor-widget-text-editor\" data-id=\"42b145e\" data-element_type=\"widget\" data-widget_type=\"text-editor.default\">\n\t\t\t\t<div class=\"elementor-widget-container\">\n\t\t\t\t\t\t\t\t<p><b>CANAL CONTIVISI\u00d3N<\/b><\/p><p><a style=\"font-style: inherit; font-weight: inherit; background-color: #ffffff; font-family: -apple-system, BlinkMacSystemFont,;\" href=\"https:\/\/www.litoralpress.cl\/sitio\/RadioTV_Detalles.cshtml?LPKey=MLJIXAKCPVHWWGUQEKHFDQSI4ALUIC7C4XXFCNZHSPOUTH6QF26A\" target=\"_blank\" rel=\"noopener\">COVID-19: Universidad de Talca lanza campa\u00f1a para fomentar la vacunaci\u00f3n en la poblaci\u00f3n m\u00e1s joven.<\/a><\/p><p>\u00a0<\/p><p><b>DIARIOTALCA.CL<\/b><\/p><p><a style=\"font-style: inherit; font-weight: inherit; background-color: #ffffff; font-family: -apple-system, BlinkMacSystemFont,;\" href=\"https:\/\/www.diariotalca.cl\/no-te-descuides-la-campana-que-busca-concientizar-a-los-jovenes-en-el-peak-de-los-contagios-por-covid\/\" target=\"_blank\" rel=\"noopener\">&#8220;No Te Descuides&#8221; la campa\u00f1a que busca concientizar a los j\u00f3venes en el peak de los contagios por COVID. Se refiere Paula Caballero, directora del Equipo de Coordinaci\u00f3n Institucional COVID-19 (Ecicovid) y Liliana Guzm\u00e1n, directora de Comunicaciones Corporativas de la UTalca.<\/a><\/p><p>\u00a0<\/p><p><b>TALCACAPITAL.CL<\/b><\/p><p><a style=\"font-style: inherit; font-weight: inherit; background-color: #ffffff; font-family: -apple-system, BlinkMacSystemFont,;\" href=\"https:\/\/talcacapital.cl\/utalca-lanza-campana-para-reforzar-el-autocuidado-de-los-jovenes-en-pleno-peak-de-casos-covid\/\" target=\"_blank\" rel=\"noopener\">UTalca lanza campa\u00f1a para reforzar el autocuidado de los j\u00f3venes en pleno peak de casos COVID.<\/a><\/p><p>\u00a0<\/p><p><b>CENTROSURNOTICIAS.CL<\/b><\/p><p><a style=\"font-style: inherit; font-weight: inherit; background-color: #ffffff; font-family: -apple-system, BlinkMacSystemFont,;\" href=\"https:\/\/centrosurnoticias.cl\/lanzan-campana-para-reforzar-autocuidado-de-los-jovenes-frente-al-covid-19\/\" target=\"_blank\" rel=\"noopener\">Lanzan campa\u00f1a para reforzar autocuidado de los j\u00f3venes frente al COVID-19. Se refiere Paula Caballero, directora del Equipo de Coordinaci\u00f3n Institucional COVID-19 (Ecicovid) y Liliana Guzm\u00e1n, directora de Comunicaciones Corporativas de la UTalca.<\/a><\/p><p>\u00a0<\/p><p><b>EL LECTOR<\/b><\/p><p><a style=\"font-style: inherit; font-weight: inherit; background-color: #ffffff; font-family: -apple-system, BlinkMacSystemFont,;\" href=\"https:\/\/www.litoralpress.cl\/paginaconsultas\/Servicios_NClip\/Get_Imagen_Nota.aspx?LPKey=FWCFEGB4LPXQIMXI6FLDBZ3XHXZMVQHZMJKRXMYOPNTZ7Q43LDHJNZMBMOSQFDL7RY3NNUNKFFB2I\" target=\"_blank\" rel=\"noopener\">Gobierno del Maule reforz\u00f3 llamado para que j\u00f3venes se sumen a campa\u00f1a de vacunaci\u00f3n. Se refiere Isabel Hern\u00e1ndez, secretaria general de las UTalca.<\/a><\/p><p>\u00a0<\/p><p><b>RADIO AMIGA<\/b><\/p><p><a style=\"font-style: inherit; font-weight: inherit; background-color: #ffffff; font-family: -apple-system, BlinkMacSystemFont,;\" href=\"https:\/\/www.litoralpress.cl\/sitio\/RadioTV_Detalles.cshtml?LPKey=CJ6IZVPJFDUNSZXVL6U2TTSPSFHWDQ27MAEHXAZILL7YNBBDLKKA\" target=\"_blank\" rel=\"noopener\">Intendente Prieto y la Seremi de Salud Maule llama a los j\u00f3venes a vacunarse contra el COVID-19. Se menciona a la UTalca.<\/a><\/p><p>\u00a0<\/p><p><b>LAS \u00daLTIMAS NOTICIAS<\/b><\/p><p><a style=\"font-style: inherit; font-weight: inherit; background-color: #ffffff; font-family: -apple-system, BlinkMacSystemFont,;\" href=\"https:\/\/www.litoralpress.cl\/paginaconsultas\/Servicios_NClip\/Get_Imagen_Nota.aspx?LPKey=XPQBCXCBOXTK7PSN5OYCUQSMUQBZMA4G6OKRM5VJEE2ZBBI6W55T6PEFPI5JXOFBW56WQRZ6NLSQ6\" target=\"_blank\" rel=\"noopener\">Advertencia: vuelve adictivo juego de conquista y colonizaci\u00f3n. Se refiere Marco Gonz\u00e1lez, acad\u00e9mico de la carrera de Ingenier\u00eda en Desarrollo de Videojuegos y Realidad Virtual de la UTalca.<\/a><\/p><p>\u00a0<\/p><p><b>LAS \u00daLTIMAS NOTICIAS<\/b><\/p><p><a style=\"font-style: inherit; font-weight: inherit; background-color: #ffffff; font-family: -apple-system, BlinkMacSystemFont,;\" href=\"https:\/\/www.litoralpress.cl\/paginaconsultas\/Servicios_NClip\/Get_Imagen_Nota.aspx?LPKey=ESP4JANYFICZL5WZJ4FGFHWIXV5P4XUFSSPKXPPRTT5K457PXPACVU2OLO6XIZXZ2EEYZ6QL5XSDA\" target=\"_blank\" rel=\"noopener\">Rayo casi cae sobre personas que grababan tormenta. Se refiere Patricio Gonz\u00e1lez, agroclimat\u00f3logo de la UTalca.<\/a><\/p><p>\u00a0<\/p><p><b>ADPRENSA.CL<\/b><\/p><p><a style=\"font-style: inherit; font-weight: inherit; background-color: #ffffff; font-family: -apple-system, BlinkMacSystemFont,;\" href=\"https:\/\/www.adprensa.cl\/cronica\/experta-utalca-las-claves-de-como-enfrentar-las-clases-online\/\" target=\"_blank\" rel=\"noopener\">Experta UTalca: Las claves de c\u00f3mo enfrentar las clases online.<\/a><\/p><p>\u00a0<\/p><p><b>LATERCERA.COM<\/b><\/p><p><a style=\"font-style: inherit; font-weight: inherit; background-color: #ffffff; font-family: -apple-system, BlinkMacSystemFont,;\" href=\"https:\/\/www.latercera.com\/pulso\/noticia\/startup-chilena-permite-monitorear-plagas-en-la-agricultura\/LOMAYYJQBZE4DNVYOSXOBP5TKU\/\" target=\"_blank\" rel=\"noopener\">Startup chilena permite monitorear plagas en la agricultura. Se menciona a la UTalca.<\/a><\/p><p>\u00a0<\/p><p><b>ELTIPOGRAFO.CL<\/b><\/p><p><a style=\"font-style: inherit; font-weight: inherit; background-color: #ffffff; font-family: -apple-system, BlinkMacSystemFont,;\" href=\"https:\/\/eltipografo.cl\/2021\/06\/covid-19-experto-en-temas-de-salud-afirma-que-no-hay-una-vacuna-superior-a-otra\" target=\"_blank\" rel=\"noopener\">COVID-19: Experto en temas de salud afirma que \u201cno hay una vacuna superior a otra\u201d. Se refiere Marcelo Alarc\u00f3n, acad\u00e9mico de la Facultad de Ciencias de la Salud de la Universidad de Talca.<\/a><\/p><p>\u00a0<\/p><p><b>RADIO PAUTA<\/b><\/p><p><a style=\"font-style: inherit; font-weight: inherit; background-color: #ffffff; font-family: -apple-system, BlinkMacSystemFont,;\" href=\"https:\/\/www.litoralpress.cl\/sitio\/RadioTV_Detalles.cshtml?LPKey=ZPFYLQZ5BOQXLIKE3WGSYJRN5HSWWNUXWBVHDVN7DDOI4HYTI2WA\" target=\"_blank\" rel=\"noopener\">Entrevista a Pablo Casals Aguirre, arquitecto y fot\u00f3grafo. Se menciona a la UTalca.<\/a><\/p><p>\u00a0<\/p><p><b>LINARESENLINEA.CL<\/b><\/p><p><a style=\"font-style: inherit; font-weight: inherit; background-color: #ffffff; font-family: -apple-system, BlinkMacSystemFont,;\" href=\"https:\/\/www.linaresenlinea.cl\/2021\/06\/16\/utalca-invita-a-escolares-a-realizar-investigaciones-junto-cientificas\/\" target=\"_blank\" rel=\"noopener\">UTalca invita a escolares a realizar investigaciones junto cient\u00edficas.<\/a><\/p><p>\u00a0<\/p><p><b>CAUQUENES.NET<\/b><\/p><p><a style=\"font-style: inherit; font-weight: inherit; background-color: #ffffff; font-family: -apple-system, BlinkMacSystemFont,;\" href=\"https:\/\/cauquenesnet.cl\/2021\/06\/16\/utalca-invita-a-escolares-a-realizar-investigaciones-junto-cientificas\/\" target=\"_blank\" rel=\"noopener\">UTalca invita a escolares a realizar investigaciones junto cient\u00edficas.<\/a><\/p><p>\u00a0<\/p><p><b>ADPRENSA.CL<\/b><\/p><p><a style=\"font-style: inherit; font-weight: inherit; background-color: #ffffff; font-family: -apple-system, BlinkMacSystemFont,;\" href=\"https:\/\/www.adprensa.cl\/cronica\/marejadas-y-construcciones-en-zonas-costeras-donde-se-debe-edificar\/\" target=\"_blank\" rel=\"noopener\">Marejadas y construcciones en zonas costeras: \u00bfD\u00f3nde se debe edificar? Se refiere Jorge Bravo, acad\u00e9mico del Departamento de Ingenier\u00eda y Gesti\u00f3n de la Construcci\u00f3n de la UTalca.<\/a><\/p><p>\u00a0<\/p><p><b>G5NOTICIAS.CL<\/b><\/p><p><a style=\"font-style: inherit; font-weight: inherit; background-color: #ffffff; font-family: -apple-system, BlinkMacSystemFont,;\" href=\"https:\/\/g5noticias.cl\/2021\/06\/16\/marejadas-y-construcciones-en-zonas-costeras-donde-se-debe-edificar\/\" target=\"_blank\" rel=\"noopener\">Marejadas y construcciones en zonas costeras: \u00bfD\u00f3nde se debe edificar? Se refiere Jorge Bravo, acad\u00e9mico del Departamento de Ingenier\u00eda y Gesti\u00f3n de la Construcci\u00f3n de la UTalca.<\/a><\/p><p>\u00a0<\/p><p><b>DIALOGOSUR.CL<\/b><\/p><p><a style=\"font-style: inherit; font-weight: inherit; background-color: #ffffff; font-family: -apple-system, BlinkMacSystemFont,;\" href=\"https:\/\/dialogosur.cl\/marejadas-y-construcciones-en-zonas-costeras-donde-se-debe-edificar\/\" target=\"_blank\" rel=\"noopener\">Marejadas y construcciones en zonas costeras: \u00bfD\u00f3nde se debe edificar? Se refiere Jorge Bravo, acad\u00e9mico del Departamento de Ingenier\u00eda y Gesti\u00f3n de la Construcci\u00f3n de la UTalca.<\/a><\/p><p>\u00a0<\/p><p><b>ELMAULEINFORMA.CL<\/b><\/p><p><a style=\"font-style: inherit; font-weight: inherit; background-color: #ffffff; font-family: -apple-system, BlinkMacSystemFont,;\" href=\"https:\/\/elmauleinforma.cl\/nuevo-modo-de-hacer-las-cosas\/\" target=\"_blank\" rel=\"noopener\">Nuevo modo de hacer las cosas, columna de opini\u00f3n de Jorge Navarrete, director del Mag\u00edster en Gesti\u00f3n y Pol\u00edticas P\u00fablicas de la UTalca.<\/a><\/p><p>\u00a0<\/p><p><b>CANAL MEGA<\/b><\/p><p><a style=\"font-style: inherit; font-weight: inherit; background-color: #ffffff; font-family: -apple-system, BlinkMacSystemFont,;\" href=\"https:\/\/www.litoralpress.cl\/sitio\/RadioTV_Detalles.cshtml?LPKey=E6IQSXLHVNJOUND2GCCPES23KI2M5J263GV66KZGBICCPR6VQDRQ\" target=\"_blank\" rel=\"noopener\">Proyecto de voto voluntario avanza en el Congreso. Se refiere Mauricio Morales, director del Centro de An\u00e1lisis Pol\u00edtico (CAP) de la UTalca.<\/a><\/p><p>\u00a0<\/p><p><b>CANAL MEGA PLUS<\/b><\/p><p><a style=\"font-style: inherit; font-weight: inherit; background-color: #ffffff; font-family: -apple-system, BlinkMacSystemFont,;\" href=\"https:\/\/www.litoralpress.cl\/sitio\/RadioTV_Detalles.cshtml?LPKey=HPRV2FTTTTXGTCT44OQZWQWDY5GCEZS74G6LDFU7YLJJXUKTLCJQ\" target=\"_blank\" rel=\"noopener\">Proyecto de voto voluntario avanza en el Congreso. Se refiere Mauricio Morales, director del Centro de An\u00e1lisis Pol\u00edtico (CAP) de la UTalca.<\/a><\/p><p>\u00a0<\/p><p><b>RADIO AGRICULTURA<\/b><\/p><p><a style=\"font-style: inherit; font-weight: inherit; background-color: #ffffff; font-family: -apple-system, BlinkMacSystemFont,;\" href=\"https:\/\/www.litoralpress.cl\/sitio\/RadioTV_Detalles.cshtml?LPKey=VFUDABH4UBH47MAUI2ZZTW53MT2MQGV5DAE5SFB2ATYHCFU2OSHQ\" target=\"_blank\" rel=\"noopener\">Debate por el voto obligatorio tendr\u00e1 lugar en el Senado. Se refiere Mauricio Morales, director del Centro de An\u00e1lisis Pol\u00edtico (CAP) de la UTalca.<\/a><\/p><p>\u00a0<\/p><p><b>LA SEGUNDA<\/b><\/p><p><a style=\"font-style: inherit; font-weight: inherit; background-color: #ffffff; font-family: -apple-system, BlinkMacSystemFont,;\" href=\"https:\/\/www.litoralpress.cl\/sitio\/Prensa_PaginaCompleta.cshtml?LPKey=NL6LRTQOPGNU3TM4GI3MTYFN23HQTRPYQ5YJAPPZFNORDMV3T4ZA\" target=\"_blank\" rel=\"noopener\">Las primeras cartas para la incierta senatorial de la RM. Se refiere Mauricio Morales, director del Centro de An\u00e1lisis Pol\u00edtico (CAP) de la UTalca.<\/a><\/p>\t\t\t\t\t\t<\/div>\n\t\t\t\t<\/div>\n\t\t\t\t\t<\/div>\n\t\t<\/div>\n\t\t\t\t\t\t\t<\/div>\n\t\t<\/section>\n\t\t\t\t\t\t<\/div>\n\t\t\t\t\t<\/div>\n\t\t","protected":false},"excerpt":{"rendered":"<p>CANAL CONTIVISI\u00d3N COVID-19: Universidad de Talca lanza campa\u00f1a para fomentar la vacunaci\u00f3n en la poblaci\u00f3n m\u00e1s joven. \u00a0 DIARIOTALCA.CL &#8220;No Te Descuides&#8221; la campa\u00f1a que busca concientizar a los j\u00f3venes en el peak de los contagios por COVID. Se refiere Paula Caballero, directora del Equipo de Coordinaci\u00f3n Institucional COVID-19 (Ecicovid) y Liliana Guzm\u00e1n, directora de &hellip;<\/p>\n<p class=\"read-more\"> <a class=\"\" href=\"https:\/\/www.reportedeprensa.utalca.cl\/?p=1255\"> <span class=\"screen-reader-text\">17 de junio de 2021<\/span> Read More &raquo;<\/a><\/p>\n","protected":false},"author":1,"featured_media":0,"comment_status":"closed","ping_status":"open","sticky":false,"template":"elementor_theme","format":"standard","meta":{"_monsterinsights_skip_tracking":false,"_monsterinsights_sitenote_active":false,"_monsterinsights_sitenote_note":"","_monsterinsights_sitenote_category":0},"categories":[9],"tags":[],"_links":{"self":[{"href":"https:\/\/www.reportedeprensa.utalca.cl\/index.php?rest_route=\/wp\/v2\/posts\/1255"}],"collection":[{"href":"https:\/\/www.reportedeprensa.utalca.cl\/index.php?rest_route=\/wp\/v2\/posts"}],"about":[{"href":"https:\/\/www.reportedeprensa.utalca.cl\/index.php?rest_route=\/wp\/v2\/types\/post"}],"author":[{"embeddable":true,"href":"https:\/\/www.reportedeprensa.utalca.cl\/index.php?rest_route=\/wp\/v2\/users\/1"}],"replies":[{"embeddable":true,"href":"https:\/\/www.reportedeprensa.utalca.cl\/index.php?rest_route=%2Fwp%2Fv2%2Fcomments&post=1255"}],"version-history":[{"count":4,"href":"https:\/\/www.reportedeprensa.utalca.cl\/index.php?rest_route=\/wp\/v2\/posts\/1255\/revisions"}],"predecessor-version":[{"id":1259,"href":"https:\/\/www.reportedeprensa.utalca.cl\/index.php?rest_route=\/wp\/v2\/posts\/1255\/revisions\/1259"}],"wp:attachment":[{"href":"https:\/\/www.reportedeprensa.utalca.cl\/index.php?rest_route=%2Fwp%2Fv2%2Fmedia&parent=1255"}],"wp:term":[{"taxonomy":"category","embeddable":true,"href":"https:\/\/www.reportedeprensa.utalca.cl\/index.php?rest_route=%2Fwp%2Fv2%2Fcategories&post=1255"},{"taxonomy":"post_tag","embeddable":true,"href":"https:\/\/www.reportedeprensa.utalca.cl\/index.php?rest_route=%2Fwp%2Fv2%2Ftags&post=1255"}],"curies":[{"name":"wp","href":"https:\/\/api.w.org\/{rel}","templated":true}]}}