{"id":12551,"date":"2025-09-22T16:33:23","date_gmt":"2025-09-22T19:33:23","guid":{"rendered":"https:\/\/www.reportedeprensa.utalca.cl\/?p=12551"},"modified":"2025-09-22T16:44:49","modified_gmt":"2025-09-22T19:44:49","slug":"22-de-septiembre-2025","status":"publish","type":"post","link":"https:\/\/www.reportedeprensa.utalca.cl\/?p=12551","title":{"rendered":"22 de septiembre 2025"},"content":{"rendered":"\t\t<div data-elementor-type=\"wp-post\" data-elementor-id=\"12551\" class=\"elementor elementor-12551\" data-elementor-settings=\"[]\">\n\t\t\t\t\t\t\t<div class=\"elementor-section-wrap\">\n\t\t\t\t\t\t\t<section class=\"elementor-section elementor-top-section elementor-element elementor-element-bcea1a8 elementor-section-boxed elementor-section-height-default elementor-section-height-default\" data-id=\"bcea1a8\" data-element_type=\"section\">\n\t\t\t\t\t\t<div class=\"elementor-container elementor-column-gap-default\">\n\t\t\t\t\t<div class=\"elementor-column elementor-col-100 elementor-top-column elementor-element elementor-element-e7183bf\" data-id=\"e7183bf\" data-element_type=\"column\">\n\t\t\t<div class=\"elementor-widget-wrap elementor-element-populated\">\n\t\t\t\t\t\t\t\t<div class=\"elementor-element elementor-element-7bde2a9 elementor-widget elementor-widget-text-editor\" data-id=\"7bde2a9\" data-element_type=\"widget\" data-widget_type=\"text-editor.default\">\n\t\t\t\t<div class=\"elementor-widget-container\">\n\t\t\t\t\t\t\t\t<div class=\"x_elementToProof\"><b data-olk-copy-source=\"MessageBody\">EMOL<\/b>\u00a0<br \/><a id=\"OWA0ef10cf9-835f-f233-bf90-af36a2bb9f12\" class=\"x_x_Hyperlink x_x_SCXW148996804 x_x_BCX0 x_x_OWAAutoLink\" title=\"https:\/\/www.emol.com\/noticias\/Espectaculos\/2025\/09\/12\/1177742\/carmen-olle-premio-jose-donoso.html\" href=\"https:\/\/www.emol.com\/noticias\/Espectaculos\/2025\/09\/12\/1177742\/carmen-olle-premio-jose-donoso.html\" target=\"_blank\" rel=\"noreferrer noopener\" data-linkindex=\"0\" data-auth=\"NotApplicable\">Escritora peruana Carmen Oll\u00e9 obtiene el Premio Iberoamericano de Letras Jos\u00e9 Donoso 2025. Se refiere Claire Mercier, coordinadora del premio y acad\u00e9mica de Instituto de Estudios Human\u00edsticos<\/a>\u00a0<\/div><div>\u00a0<\/div><div class=\"x_elementToProof\"><b>INFOBAE<\/b>\u00a0<br \/><a id=\"OWAe132cf4d-8c69-48cb-971c-c77d87c10e44\" class=\"x_x_Hyperlink x_x_SCXW148996804 x_x_BCX0 x_x_OWAAutoLink\" title=\"https:\/\/www.infobae.com\/cultura\/2025\/09\/12\/la-escritora-peruana-carmen-olle-gano-el-premio-jose-donoso-2025\/\" href=\"https:\/\/www.infobae.com\/cultura\/2025\/09\/12\/la-escritora-peruana-carmen-olle-gano-el-premio-jose-donoso-2025\/\" target=\"_blank\" rel=\"noreferrer noopener\" data-linkindex=\"1\" data-auth=\"NotApplicable\">Escritora peruana Carmen Oll\u00e9 gana el Premio Iberoamericano de Letras Jos\u00e9 Donoso en Chile. Se refiere, Marcela Albornoz Dachelet, directora de la Editorial y de Extensi\u00f3n Art\u00edstica-Cultural y Claire Mercier, coordinadora del premio y acad\u00e9mica de Instituto de Estudios Human\u00edsticos.<\/a>\u00a0<\/div><div>\u00a0<\/div><div class=\"x_elementToProof\"><b>ELCOMERCIO.PE<\/b>\u00a0<br \/><a id=\"OWA601303f5-2d3f-ee3e-8b09-0c7d4967480a\" class=\"x_x_Hyperlink x_x_SCXW148996804 x_x_BCX0 x_x_OWAAutoLink\" title=\"https:\/\/elcomercio.pe\/luces\/libros\/carmen-olle-gano-el-premio-iberoamericano-de-letras-jose-donoso-en-chile-celebs-ultimas-noticia\/\" href=\"https:\/\/elcomercio.pe\/luces\/libros\/carmen-olle-gano-el-premio-iberoamericano-de-letras-jose-donoso-en-chile-celebs-ultimas-noticia\/\" target=\"_blank\" rel=\"noreferrer noopener\" data-linkindex=\"2\" data-auth=\"NotApplicable\">Carmen Oll\u00e9 gana Premio Iberoamericano de Letras Jos\u00e9 Donoso. Se refiere Claire Mercier, coordinadora del premio y acad\u00e9mica de Instituto de Estudios Human\u00edsticos.<\/a>\u00a0<\/div><div>\u00a0<\/div><div class=\"x_elementToProof\"><b>EL MOSTRADOR<\/b>\u00a0<br \/><a id=\"OWAd1b4b060-b325-82c6-7478-ba19b7da8038\" class=\"x_x_Hyperlink x_x_SCXW148996804 x_x_BCX0 x_x_OWAAutoLink\" title=\"https:\/\/www.elmostrador.cl\/cultura\/2025\/09\/12\/escritora-peruana-carmen-olle-gana-premio-iberoamericano-de-letras-jose-donoso\/\" href=\"https:\/\/www.elmostrador.cl\/cultura\/2025\/09\/12\/escritora-peruana-carmen-olle-gana-premio-iberoamericano-de-letras-jose-donoso\/\" target=\"_blank\" rel=\"noreferrer noopener\" data-linkindex=\"3\" data-auth=\"NotApplicable\">Escritora peruana Carmen Oll\u00e9 gana Premio Iberoamericano de Letras Jos\u00e9 Donoso. Se refiere, Marcela Albornoz Dachelet, directora de la Editorial y de Extensi\u00f3n Art\u00edstica-Cultural y Claire Mercier, coordinadora del premio y acad\u00e9mica de Instituto de Estudios Human\u00edsticos.<\/a>\u00a0<\/div><div>\u00a0<\/div><div class=\"x_elementToProof\"><b>LA NACI\u00d3N<\/b>\u00a0<br \/><a id=\"OWA8af97f83-d22b-c7ba-ed6a-bb3565cefc01\" class=\"x_x_Hyperlink x_x_SCXW148996804 x_x_BCX0 x_x_OWAAutoLink\" title=\"https:\/\/www.lanacion.cl\/escritora-peruana-carmen-olle-gana-premio-iberoamericano-de-letras-jose-donoso\/\" href=\"https:\/\/www.lanacion.cl\/escritora-peruana-carmen-olle-gana-premio-iberoamericano-de-letras-jose-donoso\/\" target=\"_blank\" rel=\"noreferrer noopener\" data-linkindex=\"4\" data-auth=\"NotApplicable\">Escritora peruana Carmen Oll\u00e9 gana Premio Iberoamericano de Letras Jos\u00e9 Donoso. Se refiere, Marcela Albornoz Dachelet, directora de la Editorial y de Extensi\u00f3n Art\u00edstica-Cultural y Claire Mercier, coordinadora del premio y acad\u00e9mica de Instituto de Estudios Human\u00edsticos<\/a>\u00a0<\/div><div>\u00a0<\/div><div class=\"x_elementToProof\"><b>RADIO UNIVERSIDAD DE CHILE<\/b>\u00a0<br \/><a id=\"OWA4136535f-d86d-ede3-2216-e5f7ad8294d5\" class=\"x_x_Hyperlink x_x_SCXW148996804 x_x_BCX0 x_x_OWAAutoLink\" title=\"https:\/\/radio.uchile.cl\/2025\/09\/12\/una-escritura-que-desborda-los-margenes-carmen-olle-una-rara-de-la-literatura-latinoamericana\/\" href=\"https:\/\/radio.uchile.cl\/2025\/09\/12\/una-escritura-que-desborda-los-margenes-carmen-olle-una-rara-de-la-literatura-latinoamericana\/\" target=\"_blank\" rel=\"noreferrer noopener\" data-linkindex=\"5\" data-auth=\"NotApplicable\">Una escritura que desborda los m\u00e1rgenes: Carmen Oll\u00e9, una &#8220;rara de la literatura latinoamericana&#8221;. Se refiere Claire Mercier, coordinadora del premio y acad\u00e9mica de Instituto de Estudios Human\u00edsticos<\/a>\u00a0<\/div><div>\u00a0<\/div><div class=\"x_elementToProof\"><b>EL CONTENIDO<\/b>\u00a0<br \/><a id=\"OWA36dc55d5-3066-5b6d-765d-7eb4c0f89447\" class=\"x_x_Hyperlink x_x_SCXW148996804 x_x_BCX0 x_x_OWAAutoLink\" title=\"https:\/\/elcontenido.news\/2025\/nacional\/carmen-olle-escritora-peruana-recibe-el-premio-iberoamericano-de-letras-jose-donoso\/\" href=\"https:\/\/elcontenido.news\/2025\/nacional\/carmen-olle-escritora-peruana-recibe-el-premio-iberoamericano-de-letras-jose-donoso\/\" target=\"_blank\" rel=\"noreferrer noopener\" data-linkindex=\"6\" data-auth=\"NotApplicable\">Carmen Oll\u00e9, escritora peruana, recibe el Premio Iberoamericano de Letras Jos\u00e9 Donoso. Se refiere, Marcela Albornoz Dachelet, directora de la Editorial y de Extensi\u00f3n Art\u00edstica-Cultural y Claire Mercier, coordinadora del premio y acad\u00e9mica de Instituto de Estudios Human\u00edsticos<\/a>\u00a0<\/div><div>\u00a0<\/div><div class=\"x_elementToProof\"><b>INOTICIAS<\/b>\u00a0<br \/><a id=\"OWA5676b123-bd58-ec61-d9a4-762b10523cfd\" class=\"x_x_Hyperlink x_x_SCXW148996804 x_x_BCX0 x_x_OWAAutoLink\" title=\"https:\/\/inoticias.cl\/detalle\/escritora-peruana-carmen-olle-gana-premio-iberoamericano-de-1257677\" href=\"https:\/\/inoticias.cl\/detalle\/escritora-peruana-carmen-olle-gana-premio-iberoamericano-de-1257677\" target=\"_blank\" rel=\"noreferrer noopener\" data-linkindex=\"7\" data-auth=\"NotApplicable\">Escritora peruana Carmen Oll\u00e9 gana Premio Iberoamericano de Letras Jos\u00e9 Donoso. Se refiere, Marcela Albornoz Dachelet, directora de la Editorial y de Extensi\u00f3n Art\u00edstica-Cultural y Claire Mercier, coordinadora del premio y acad\u00e9mica de Instituto de Estudios Human\u00edsticos<\/a>\u00a0<\/div><div>\u00a0<\/div><div class=\"x_elementToProof\"><b>MEDIABANCO<\/b>\u00a0<br \/><a id=\"OWAcd5b0eb6-14b0-be26-69e0-ab3ae5f9a247\" class=\"x_x_Hyperlink x_x_SCXW148996804 x_x_BCX0 x_x_OWAAutoLink\" title=\"https:\/\/www.mediabanco.com\/escritora-peruana-carmen-olle-gana-premio-iberoamericano-de-letras-jose-donoso\/\" href=\"https:\/\/www.mediabanco.com\/escritora-peruana-carmen-olle-gana-premio-iberoamericano-de-letras-jose-donoso\/\" target=\"_blank\" rel=\"noreferrer noopener\" data-linkindex=\"8\" data-auth=\"NotApplicable\">Escritora peruana Carmen Oll\u00e9 gana Premio Iberoamericano de Letras Jos\u00e9 Donoso. Se refiere, Marcela Albornoz Dachelet, directora de la Editorial y de Extensi\u00f3n Art\u00edstica-Cultural y Claire Mercier, coordinadora del premio y acad\u00e9mica de Instituto de Estudios Human\u00edsticos<\/a>\u00a0<\/div><div>\u00a0<\/div><div class=\"x_elementToProof\"><b>AD PRENSA<\/b>\u00a0<br \/><a id=\"OWA59df4aa2-84e1-81ba-94e5-dbc6c54a5b04\" class=\"x_x_Hyperlink x_x_SCXW148996804 x_x_BCX0 x_x_OWAAutoLink\" title=\"https:\/\/www.adprensa.cl\/actividades-academicas\/escritora-peruana-carmen-olle-gana-premio-iberoamericano-de-letras-jose-donoso\/\" href=\"https:\/\/www.adprensa.cl\/actividades-academicas\/escritora-peruana-carmen-olle-gana-premio-iberoamericano-de-letras-jose-donoso\/\" target=\"_blank\" rel=\"noreferrer noopener\" data-linkindex=\"9\" data-auth=\"NotApplicable\">Escritora peruana Carmen Oll\u00e9 gana Premio Iberoamericano de Letras Jos\u00e9 Donoso. Se refiere, Marcela Albornoz Dachelet, directora de la Editorial y de Extensi\u00f3n Art\u00edstica-Cultural y Claire Mercier, coordinadora del premio y acad\u00e9mica de Instituto de Estudios Human\u00edsticos<\/a>\u00a0<\/div><div>\u00a0<\/div><div class=\"x_elementToProof\"><b>S\u00c9PTIMA REGI\u00d3N NOTICIAS<\/b>\u00a0<br \/><a id=\"OWAba6542a2-de5b-b6ce-a19c-5b20cdd12af6\" class=\"x_x_Hyperlink x_x_SCXW148996804 x_x_BCX0 x_x_OWAAutoLink\" title=\"https:\/\/www.septimapaginanoticias.cl\/escritora-peruana-carmen-olle-gana-premio-iberoamericano-de-letras-jose-donoso\" href=\"https:\/\/www.septimapaginanoticias.cl\/escritora-peruana-carmen-olle-gana-premio-iberoamericano-de-letras-jose-donoso\" target=\"_blank\" rel=\"noreferrer noopener\" data-linkindex=\"10\" data-auth=\"NotApplicable\">Escritora peruana Carmen Oll\u00e9 gana Premio Iberoamericano de Letras Jos\u00e9 Donoso. Se refiere, Marcela Albornoz Dachelet, directora de la Editorial y de Extensi\u00f3n Art\u00edstica-Cultural y Claire Mercier, coordinadora del premio y acad\u00e9mica de Instituto de Estudios Human\u00edsticos<\/a>\u00a0<\/div><div>\u00a0<\/div><div class=\"x_elementToProof\"><b>G5 NOTICIA<\/b>\u00a0<br \/><a id=\"OWA37632f3a-f0be-7220-2436-d31f76fb07ba\" class=\"x_x_Hyperlink x_x_SCXW148996804 x_x_BCX0 x_x_OWAAutoLink\" title=\"https:\/\/g5noticias.cl\/2025\/09\/12\/escritora-peruana-carmen-olle-gana-premio-iberoamericano-de-letras-jose-donoso\/\" href=\"https:\/\/g5noticias.cl\/2025\/09\/12\/escritora-peruana-carmen-olle-gana-premio-iberoamericano-de-letras-jose-donoso\/\" target=\"_blank\" rel=\"noreferrer noopener\" data-linkindex=\"11\" data-auth=\"NotApplicable\">Escritora peruana Carmen Oll\u00e9 gana Premio Iberoamericano de Letras Jos\u00e9 Donoso. Se refiere, Marcela Albornoz Dachelet, directora de la Editorial y de Extensi\u00f3n Art\u00edstica-Cultural y Claire Mercier, coordinadora del premio y acad\u00e9mica de Instituto de Estudios Human\u00edsticos<\/a>\u00a0<\/div><div>\u00a0<\/div><div class=\"x_elementToProof\"><b>EL MAULE INFORMA <\/b>\u00a0<br \/><a id=\"OWA14a828bd-8c5f-992a-ff7e-1082b75a933d\" class=\"x_x_Hyperlink x_x_SCXW148996804 x_x_BCX0 x_x_OWAAutoLink\" title=\"https:\/\/elmauleinforma.cl\/escritora-peruana-carmen-olle-gana-premio-iberoamericano-de-letras-jose-donoso\/\" href=\"https:\/\/elmauleinforma.cl\/escritora-peruana-carmen-olle-gana-premio-iberoamericano-de-letras-jose-donoso\/\" target=\"_blank\" rel=\"noreferrer noopener\" data-linkindex=\"12\" data-auth=\"NotApplicable\">Escritora peruana Carmen Oll\u00e9 gana Premio Iberoamericano de Letras Jos\u00e9 Donoso. Se refiere, Marcela Albornoz Dachelet, directora de la Editorial y de Extensi\u00f3n Art\u00edstica-Cultural y Claire Mercier, coordinadora del premio y acad\u00e9mica de Instituto de Estudios Human\u00edsticos<\/a>\u00a0<\/div><div>\u00a0<\/div><div class=\"x_elementToProof\"><b>MAULE HOY<\/b>\u00a0<br \/><a id=\"OWA112b8dbc-8aaf-361a-1fe2-8f9564817212\" class=\"x_x_Hyperlink x_x_SCXW148996804 x_x_BCX0 x_x_OWAAutoLink\" title=\"https:\/\/www.litoralpress.cl\/paginaconsultas\/Servicios_NClipWeb\/Get_Imagen_Nota.aspx?LPKey=QWDPZ24SRQN6HEZK4GYKOVDRSIX25YERUCDTXY6FSAR3TOUFXFN3SXCK76JTIX3O6DQKBFBRTQUE4\" href=\"https:\/\/www.litoralpress.cl\/paginaconsultas\/Servicios_NClipWeb\/Get_Imagen_Nota.aspx?LPKey=QWDPZ24SRQN6HEZK4GYKOVDRSIX25YERUCDTXY6FSAR3TOUFXFN3SXCK76JTIX3O6DQKBFBRTQUE4\" target=\"_blank\" rel=\"noreferrer noopener\" data-linkindex=\"13\" data-auth=\"NotApplicable\">Escritora peruana Carmen gana Premio Iberoamericano de Letras \u00abJos\u00e9 Donoso\u00bb Se refiere, Marcela Albornoz Dachelet, directora de la Editorial y de Extensi\u00f3n Art\u00edstica-Cultural y Claire Mercier, coordinadora del premio y acad\u00e9mica de Instituto de Estudios Human\u00edsticos.<\/a>\u00a0<\/div><div>\u00a0<\/div><div class=\"x_elementToProof\"><b>DIARIO TALCA<\/b>\u00a0<br \/><a id=\"OWAae3b0724-6872-cb39-b005-403543429d0d\" class=\"x_x_Hyperlink x_x_SCXW148996804 x_x_BCX0 x_x_OWAAutoLink\" title=\"https:\/\/diariotalca.cl\/escritora-peruana-carmen-olle-gana-premio-iberoamericano-de-letras-jose-donoso\/\" href=\"https:\/\/diariotalca.cl\/escritora-peruana-carmen-olle-gana-premio-iberoamericano-de-letras-jose-donoso\/\" target=\"_blank\" rel=\"noreferrer noopener\" data-linkindex=\"14\" data-auth=\"NotApplicable\">Escritora peruana Carmen Oll\u00e9 gana Premio Iberoamericano de Letras Jos\u00e9 Donoso. Se refiere, Marcela Albornoz Dachelet, directora de la Editorial y de Extensi\u00f3n Art\u00edstica-Cultural y Claire Mercier, coordinadora del premio y acad\u00e9mica de Instituto de Estudios Human\u00edsticos.<\/a>\u00a0<\/div><div>\u00a0<\/div><div class=\"x_elementToProof\"><b>EL AUSTRAL<\/b>\u00a0<br \/><a id=\"OWAc032870c-32fa-28e6-d859-a7c7be41805c\" class=\"x_x_Hyperlink x_x_SCXW148996804 x_x_BCX0 x_x_OWAAutoLink\" title=\"https:\/\/www.litoralpress.cl\/paginaconsultas\/Servicios_NClipWeb\/Get_Imagen_Nota.aspx?LPKey=UBB5BXJBJXKQNSN5YY4TRMZYXYXR5FO6A4AWJMOZ7CIHCOKQ6TI6ZEA7LYHL4XJQ4CZ6C6GH5VQV4\" href=\"https:\/\/www.litoralpress.cl\/paginaconsultas\/Servicios_NClipWeb\/Get_Imagen_Nota.aspx?LPKey=UBB5BXJBJXKQNSN5YY4TRMZYXYXR5FO6A4AWJMOZ7CIHCOKQ6TI6ZEA7LYHL4XJQ4CZ6C6GH5VQV4\" target=\"_blank\" rel=\"noreferrer noopener\" data-linkindex=\"15\" data-auth=\"NotApplicable\">La escritora peruana Carmen Oll\u00e9 obtiene el Premio Iberoamericano de Letras Jos\u00e9 Donoso. Se refiere Claire Mercier, coordinadora del premio y acad\u00e9mica de Instituto de Estudios Human\u00edsticos.<\/a>\u00a0<\/div><div>\u00a0<\/div><div class=\"x_elementToProof\"><b>RPP<\/b>\u00a0<br \/><a id=\"OWAab1e1989-ffb0-2e28-d15c-e2b3d569e5a2\" class=\"x_x_Hyperlink x_x_SCXW148996804 x_x_BCX0 x_x_OWAAutoLink\" title=\"https:\/\/rpp.pe\/cultura\/literatura\/carmen-olle-escritora-peruana-gana-el-premio-iberoamericano-de-letras-jose-donoso-en-chile-noticia-1654915\" href=\"https:\/\/rpp.pe\/cultura\/literatura\/carmen-olle-escritora-peruana-gana-el-premio-iberoamericano-de-letras-jose-donoso-en-chile-noticia-1654915\" target=\"_blank\" rel=\"noreferrer noopener\" data-linkindex=\"16\" data-auth=\"NotApplicable\">Escritora peruana Carmen Oll\u00e9 gana el Premio Iberoamericano de Letras Jos\u00e9 Donoso en Chile. Se refiere Claire Mercier, coordinadora del premio y acad\u00e9mica de Instituto de Estudios Human\u00edsticos.<\/a>\u00a0<\/div><div>\u00a0<\/div><div class=\"x_elementToProof\"><b>ALTA VOZ<\/b>\u00a0<\/div><div class=\"x_elementToProof\"><a id=\"OWAefbc1bf3-ae87-8aed-5e52-b3ade316ce25\" class=\"x_x_Hyperlink x_x_SCXW148996804 x_x_BCX0 x_x_OWAAutoLink\" title=\"https:\/\/altavoz.pe\/culturales\/carmen-olle-la-poeta-peruana-que-desafio-tabues-gana-el-premio-jose-donoso-2025\/\" href=\"https:\/\/altavoz.pe\/culturales\/carmen-olle-la-poeta-peruana-que-desafio-tabues-gana-el-premio-jose-donoso-2025\/\" target=\"_blank\" rel=\"noreferrer noopener\" data-linkindex=\"17\" data-auth=\"NotApplicable\">Carmen Oll\u00e9, poeta peruana, gana el Premio Iberoamericano de Letras Jos\u00e9 Donoso 2025. Se refiere Marcela Albornoz Dachelet, directora de la Editorial y de Extensi\u00f3n Art\u00edstica-Cultural<\/a>\u00a0<\/div><div>\u00a0<\/div><div class=\"x_elementToProof\"><b>PORTAL EDUCA<\/b>\u00a0<br \/><a id=\"OWAf933c2f0-0712-93c3-daa2-c7309a469497\" class=\"x_x_Hyperlink x_x_SCXW148996804 x_x_BCX0 x_x_OWAAutoLink\" title=\"https:\/\/portaleduca.cl\/escritora-peruana-carmen-olle-gana-premio-iberoamericano-de-letras-jose-donoso\/\" href=\"https:\/\/portaleduca.cl\/escritora-peruana-carmen-olle-gana-premio-iberoamericano-de-letras-jose-donoso\/\" target=\"_blank\" rel=\"noreferrer noopener\" data-linkindex=\"18\" data-auth=\"NotApplicable\">Escritora peruana Carmen Oll\u00e9 gana Premio Iberoamericano de Letras Jos\u00e9 Donoso. Se refiere, Marcela Albornoz Dachelet, directora de la Editorial y de Extensi\u00f3n Art\u00edstica-Cultural y Claire Mercier, coordinadora del premio y acad\u00e9mica de Instituto de Estudios Human\u00edsticos.<\/a>\u00a0<\/div><div>\u00a0<\/div><div class=\"x_elementToProof\"><b>CANAL 2 LINARES<\/b>\u00a0<br \/><a id=\"OWA761220db-fe0d-0660-c2fd-513b982ff5d5\" class=\"x_x_Hyperlink x_x_SCXW148996804 x_x_BCX0 x_x_OWAAutoLink\" title=\"https:\/\/www.canal2linares.cl\/2025\/09\/escritora-peruana-carmen-olle-gana.html\" href=\"https:\/\/www.canal2linares.cl\/2025\/09\/escritora-peruana-carmen-olle-gana.html\" target=\"_blank\" rel=\"noreferrer noopener\" data-linkindex=\"19\" data-auth=\"NotApplicable\">Escritora peruana Carmen Oll\u00e9 gana Premio Iberoamericano de Letras Jos\u00e9 Donoso. Se refiere, Marcela Albornoz Dachelet, directora de la Editorial y de Extensi\u00f3n Art\u00edstica-Cultural y Claire Mercier, coordinadora del premio y acad\u00e9mica de Instituto de Estudios Human\u00edsticos.<\/a>\u00a0<\/div><div>\u00a0<\/div><div class=\"x_elementToProof\"><b>RADIO LAUTARO<\/b>\u00a0<br \/><a id=\"OWAf755072a-3346-b68a-0178-b9d27d373f99\" class=\"x_x_Hyperlink x_x_SCXW148996804 x_x_BCX0 x_x_OWAAutoLink\" title=\"https:\/\/radiolautarotalca.cl\/carmen-olle-gana-premio-iberoamericano-de-letras-jose-donoso\/\" href=\"https:\/\/radiolautarotalca.cl\/carmen-olle-gana-premio-iberoamericano-de-letras-jose-donoso\/\" target=\"_blank\" rel=\"noreferrer noopener\" data-linkindex=\"20\" data-auth=\"NotApplicable\">Carmen Oll\u00e9 gana Premio Iberoamericano de Letras Jos\u00e9 Donoso. Se refiere, Marcela Albornoz Dachelet, directora de la Editorial y de Extensi\u00f3n Art\u00edstica-Cultural y Claire Mercier, coordinadora del premio y acad\u00e9mica de Instituto de Estudios Human\u00edsticos.<\/a>\u00a0<\/div><div>\u00a0<\/div><div class=\"x_elementToProof\"><b>SOMOS MAULE<\/b>\u00a0<br \/><a id=\"OWA9a13ae73-52e2-6916-05dd-c204fc20cd0a\" class=\"x_x_Hyperlink x_x_SCXW148996804 x_x_BCX0 x_x_OWAAutoLink\" title=\"http:\/\/somosmaule.cl\/publico\/ficha\/ficha.aspx?i=92932\" href=\"http:\/\/somosmaule.cl\/publico\/ficha\/ficha.aspx?i=92932\" target=\"_blank\" rel=\"noreferrer noopener\" data-linkindex=\"21\" data-auth=\"NotApplicable\">Escritora peruana Carmen Oll\u00e9 gana Premio Iberoamericano de Letras Jos\u00e9 Donoso. Se refiere, Marcela Albornoz Dachelet, directora de la Editorial y de Extensi\u00f3n Art\u00edstica-Cultural y Claire Mercier, coordinadora del premio y acad\u00e9mica de Instituto de Estudios Human\u00edsticos.<\/a>\u00a0<\/div><div>\u00a0<\/div><div class=\"x_elementToProof\"><b>TIERRA AMARILLANO<\/b>\u00a0<br \/><a id=\"OWA7bdd8729-3d41-7dc9-ebaa-a826476c07ca\" class=\"x_x_Hyperlink x_x_SCXW148996804 x_x_BCX0 x_x_OWAAutoLink\" title=\"https:\/\/tierramarillano.cl\/2025\/09\/14\/escritora-peruana-carmen-olle-gana-premio-iberoamericano-de-letras-jose-donoso\/\" href=\"https:\/\/tierramarillano.cl\/2025\/09\/14\/escritora-peruana-carmen-olle-gana-premio-iberoamericano-de-letras-jose-donoso\/\" target=\"_blank\" rel=\"noreferrer noopener\" data-linkindex=\"22\" data-auth=\"NotApplicable\">Escritora peruana Carmen Oll\u00e9 gana Premio Iberoamericano de Letras Jos\u00e9 Donoso. Se refiere, Marcela Albornoz Dachelet, directora de la Editorial y de Extensi\u00f3n Art\u00edstica-Cultural y Claire Mercier, coordinadora del premio y acad\u00e9mica de Instituto de Estudios Human\u00edsticos.<\/a>\u00a0<\/div><div>\u00a0<\/div><div class=\"x_elementToProof\"><b>LA PRENSA DE CURIC\u00d3<\/b>\u00a0<br \/><a id=\"OWA9e87e5cb-20f7-de90-143b-174c7a4b84e5\" class=\"x_x_Hyperlink x_x_SCXW148996804 x_x_BCX0 x_x_OWAAutoLink\" title=\"https:\/\/www.litoralpress.cl\/paginaconsultas\/Servicios_NClipWeb\/Get_Imagen_Nota.aspx?LPKey=7A3SB7SPEBFZ4STHOQNCJ2LZA6ZSO7FXGQINEX2QFU3IGUW5VGRVU3NXTFB6BQ4CNTFVK44JRGGWE\" href=\"https:\/\/www.litoralpress.cl\/paginaconsultas\/Servicios_NClipWeb\/Get_Imagen_Nota.aspx?LPKey=7A3SB7SPEBFZ4STHOQNCJ2LZA6ZSO7FXGQINEX2QFU3IGUW5VGRVU3NXTFB6BQ4CNTFVK44JRGGWE\" target=\"_blank\" rel=\"noreferrer noopener\" data-linkindex=\"23\" data-auth=\"NotApplicable\">Escritora Carmen Oll\u00e9 gana Premio Iberoamericano de Letras Jos\u00e9 Donoso. Se refiere, Marcela Albornoz Dachelet, directora de la Editorial y de Extensi\u00f3n Art\u00edstica-Cultural y Claire Mercier, coordinadora del premio y acad\u00e9mica de Instituto de Estudios Human\u00edsticos.<\/a>\u00a0<\/div><div>\u00a0<\/div><div class=\"x_elementToProof\"><b>RADIO NUEVO MUNDO<\/b>\u00a0<br \/><a id=\"OWA6459b420-0fb2-b342-8a36-da04aeca2656\" class=\"x_x_Hyperlink x_x_SCXW148996804 x_x_BCX0 x_x_OWAAutoLink\" title=\"https:\/\/radionuevomundo.cl\/2025\/09\/17\/escritora-peruana-carmen-olle-gana-premio-iberoamericano-de-letras-jose-donoso\/\" href=\"https:\/\/radionuevomundo.cl\/2025\/09\/17\/escritora-peruana-carmen-olle-gana-premio-iberoamericano-de-letras-jose-donoso\/\" target=\"_blank\" rel=\"noreferrer noopener\" data-linkindex=\"24\" data-auth=\"NotApplicable\">Escritora peruana Carmen Oll\u00e9 gana Premio Iberoamericano de Letras Jos\u00e9 Donoso. Se refiere, Marcela Albornoz Dachelet, directora de la Editorial y de Extensi\u00f3n Art\u00edstica-Cultural y Claire Mercier, coordinadora del premio y acad\u00e9mica de Instituto de Estudios Human\u00edsticos.<\/a>\u00a0<\/div><div>\u00a0<\/div><div class=\"x_elementToProof\"><b>EL MORROCOTUDO<\/b>\u00a0<br \/><a id=\"OWAdb15c5f1-3165-920c-dac7-1df3fd000883\" class=\"x_x_Hyperlink x_x_SCXW148996804 x_x_BCX0 x_x_OWAAutoLink\" title=\"https:\/\/www.elmorrocotudo.cl\/noticia\/cultura\/escritora-peruana-carmen-olle-gana-premio-iberoamericano-de-letras-jose-donoso\" href=\"https:\/\/www.elmorrocotudo.cl\/noticia\/cultura\/escritora-peruana-carmen-olle-gana-premio-iberoamericano-de-letras-jose-donoso\" target=\"_blank\" rel=\"noreferrer noopener\" data-linkindex=\"25\" data-auth=\"NotApplicable\">Escritora peruana Carmen Oll\u00e9 gana Premio Iberoamericano de Letras Jos\u00e9 Donoso. Se refiere Claire Mercier coordinadora del galard\u00f3n y acad\u00e9mica de Instituto de Estudios Human\u00edsticos y Marcela Albornoz, directora de Extensi\u00f3n Cultural-Art\u00edstica.<\/a>\u00a0<\/div><div>\u00a0<\/div><div class=\"x_elementToProof\"><b>EL CONCECUENTE<\/b>\u00a0<br \/><a id=\"OWA452c084d-f0a9-bbbb-3840-1b2add030fbe\" class=\"x_x_Hyperlink x_x_SCXW148996804 x_x_BCX0 x_x_OWAAutoLink\" title=\"https:\/\/www.elconcecuente.cl\/noticia\/cultura\/escritora-peruana-carmen-olle-gana-premio-iberoamericano-de-letras-jose-donoso\" href=\"https:\/\/www.elconcecuente.cl\/noticia\/cultura\/escritora-peruana-carmen-olle-gana-premio-iberoamericano-de-letras-jose-donoso\" target=\"_blank\" rel=\"noreferrer noopener\" data-linkindex=\"26\" data-auth=\"NotApplicable\">Escritora peruana Carmen Oll\u00e9 gana Premio Iberoamericano de Letras Jos\u00e9 Donoso. Se refiere Claire Mercier coordinadora del galard\u00f3n y acad\u00e9mica de Instituto de Estudios Human\u00edsticos y Marcela Albornoz, directora de Extensi\u00f3n Cultural-Art\u00edstica.<\/a>\u00a0<\/div><div>\u00a0<\/div><div class=\"x_elementToProof\"><b>EL MERCURIO<\/b>\u00a0<br \/><a id=\"OWA5c3ccf1f-2c3c-49e9-68a3-a81fe4c03f9b\" class=\"x_x_Hyperlink x_x_SCXW148996804 x_x_BCX0 x_x_OWAAutoLink\" title=\"https:\/\/www.litoralpress.cl\/sitio\/Prensa_Detalles.cshtml?LPKey=I6H2VN5HVLW3QYKBV2UI535Y5LGTID6QZ3XC2TGF7PTU5TVI6K4Q\" href=\"https:\/\/www.litoralpress.cl\/sitio\/Prensa_Detalles.cshtml?LPKey=I6H2VN5HVLW3QYKBV2UI535Y5LGTID6QZ3XC2TGF7PTU5TVI6K4Q\" target=\"_blank\" rel=\"noreferrer noopener\" data-linkindex=\"27\" data-auth=\"NotApplicable\">\u201cRomera organiz\u00f3 la historia de la pintura chilena\u201d. Se refiere Pedro Zamorano, director Instituto de Estudios Human\u00edsticos Abate Molina.<\/a>\u00a0<\/div><div>\u00a0<\/div><div class=\"x_elementToProof\"><b>EL HERALDO (PORTADA)<\/b>\u00a0<br \/><a id=\"OWA2ed54db4-8d06-0054-7e03-8b8a059f2176\" class=\"x_x_Hyperlink x_x_SCXW148996804 x_x_BCX0 x_x_OWAAutoLink\" title=\"https:\/\/www.litoralpress.cl\/sitio\/Prensa_Detalles.cshtml?LPKey=AZPOT635WUTNYEOLZLSANBUHHMRAJFV32ZYAJLVTYA2ZYMG326RA\" href=\"https:\/\/www.litoralpress.cl\/sitio\/Prensa_Detalles.cshtml?LPKey=AZPOT635WUTNYEOLZLSANBUHHMRAJFV32ZYAJLVTYA2ZYMG326RA\" target=\"_blank\" rel=\"noreferrer noopener\" data-linkindex=\"28\" data-auth=\"NotApplicable\">UTalca es la \u00fanica casa de estudios estatal en Chile certificada como Familiarmente Responsable. Se refiere Carlos Torres Fuchslocher, rector.<\/a> \u00a0<\/div><div>\u00a0<\/div><div class=\"x_elementToProof\"><b>CHILL\u00c1N ONLINE<\/b>\u00a0<br \/><a id=\"OWA1875b24a-27b4-0988-167e-3a32a8b285f6\" class=\"x_x_Hyperlink x_x_SCXW148996804 x_x_BCX0 x_x_OWAAutoLink\" title=\"https:\/\/www.chillanonline.cl\/V7\/2025\/09\/20\/utalca-es-la-unica-casa-de-estudios-estatal-en-chile-certificada-como-familiarmente-responsable\/\" href=\"https:\/\/www.chillanonline.cl\/V7\/2025\/09\/20\/utalca-es-la-unica-casa-de-estudios-estatal-en-chile-certificada-como-familiarmente-responsable\/\" target=\"_blank\" rel=\"noreferrer noopener\" data-linkindex=\"29\" data-auth=\"NotApplicable\">UTalca es la \u00fanica casa de estudios estatal en Chile certificada como Familiarmente Responsable. Se refiere Carlos Torres Fuchslocher, rector.<\/a>\u00a0<\/div><div>\u00a0<\/div><div class=\"x_elementToProof\"><b>EL HERALDO<\/b>\u00a0<br \/><a id=\"OWA5a71c175-4947-2960-bcd4-2de25c61bfc1\" class=\"x_x_Hyperlink x_x_SCXW148996804 x_x_BCX0 x_x_OWAAutoLink\" title=\"https:\/\/www.diarioelheraldo.cl\/noticia\/utalca-es-la-unica-casa-de-estudios-estatal-en-chile-certificada-como-familiarmente-responsable\" href=\"https:\/\/www.diarioelheraldo.cl\/noticia\/utalca-es-la-unica-casa-de-estudios-estatal-en-chile-certificada-como-familiarmente-responsable\" target=\"_blank\" rel=\"noreferrer noopener\" data-linkindex=\"30\" data-auth=\"NotApplicable\">UTalca es la \u00fanica casa de estudios estatal en Chile certificada como Familiarmente Responsable. Se refiere Carlos Torres Fuchslocher, rector.<\/a>\u00a0<\/div><div>\u00a0<\/div><div class=\"x_elementToProof\"><b>EL LECTOR<\/b>\u00a0<br \/><a id=\"OWA090d83d1-7237-f98d-1824-a83d81ac3b8a\" class=\"x_x_Hyperlink x_x_SCXW148996804 x_x_BCX0 x_x_OWAAutoLink\" title=\"https:\/\/www.litoralpress.cl\/sitio\/Prensa_Detalles.cshtml?LPKey=OLR3A7TKGVCCZTHZ3RMENUDOWM4TME2MMLQNOBVMKTFK4ZOPJTRQ\" href=\"https:\/\/www.litoralpress.cl\/sitio\/Prensa_Detalles.cshtml?LPKey=OLR3A7TKGVCCZTHZ3RMENUDOWM4TME2MMLQNOBVMKTFK4ZOPJTRQ\" target=\"_blank\" rel=\"noreferrer noopener\" data-linkindex=\"31\" data-auth=\"NotApplicable\">UTalca es la \u00fanica casa de estudios estatal en Chile certificada como Familiarmente Responsable. Se refiere Carlos Torres Fuchslocher, rector.<\/a>\u00a0<\/div><div>\u00a0<\/div><div class=\"x_elementToProof\"><b>G5 NOTICIAS<\/b>\u00a0<br \/><a id=\"OWA6e18bf44-8e07-654d-4b40-d9de4f7551dd\" class=\"x_x_Hyperlink x_x_SCXW148996804 x_x_BCX0 x_x_OWAAutoLink\" title=\"https:\/\/g5noticias.cl\/2025\/09\/21\/utalca-es-la-unica-casa-de-estudios-estatal-en-chile-certificada-como-familiarmente-responsable\/\" href=\"https:\/\/g5noticias.cl\/2025\/09\/21\/utalca-es-la-unica-casa-de-estudios-estatal-en-chile-certificada-como-familiarmente-responsable\/\" target=\"_blank\" rel=\"noreferrer noopener\" data-linkindex=\"32\" data-auth=\"NotApplicable\">UTalca es la \u00fanica casa de estudios estatal en Chile certificada como Familiarmente Responsable. Se refiere Carlos Torres Fuchslocher, rector.<\/a>\u00a0<\/div><div>\u00a0<\/div><div class=\"x_elementToProof\"><b>EL MOSTRADOR<\/b>\u00a0<br \/><a id=\"OWAcc55029f-1565-ecc5-7948-6f32b8b3e3f5\" class=\"x_x_Hyperlink x_x_SCXW148996804 x_x_BCX0 x_x_OWAAutoLink\" title=\"https:\/\/www.elmostrador.cl\/cultura\/2025\/09\/16\/conmemoran-centenario-del-escultor-sergio-castillo\/\" href=\"https:\/\/www.elmostrador.cl\/cultura\/2025\/09\/16\/conmemoran-centenario-del-escultor-sergio-castillo\/\" target=\"_blank\" rel=\"noreferrer noopener\" data-linkindex=\"33\" data-auth=\"NotApplicable\">Conmemoran centenario del escultor Sergio Castillo. Se refiere Carlos Torres Fuchslocher, rector y Marcela Albornoz Dachelet, directora de Extensi\u00f3n Cultural-Art\u00edstica<\/a>\u00a0<\/div><div>\u00a0<\/div><div class=\"x_elementToProof\"><b>PORTAL EDUCA <\/b>\u00a0<br \/><a id=\"OWAe108be30-1d4e-e747-a303-c6a5854b28b5\" class=\"x_x_Hyperlink x_x_SCXW148996804 x_x_BCX0 x_x_OWAAutoLink\" title=\"https:\/\/portaleduca.cl\/utalca-conmemora-centenario-del-escultor-sergio-castillo\/\" href=\"https:\/\/portaleduca.cl\/utalca-conmemora-centenario-del-escultor-sergio-castillo\/\" target=\"_blank\" rel=\"noreferrer noopener\" data-linkindex=\"34\" data-auth=\"NotApplicable\">UTalca conmemora centenario del escultor Sergio Castillo. Se refiere Carlos Torres Fuchslocher, rector y Marcela Albornoz Dachelet, directora de Extensi\u00f3n Cultural-Art\u00edstica<\/a>\u00a0<\/div><div>\u00a0<\/div><div class=\"x_elementToProof\"><b>DIARIO TALCA<\/b>\u00a0<br \/><a id=\"OWAf1facc33-5afc-ade7-be7c-de7430ca2706\" class=\"x_x_Hyperlink x_x_SCXW148996804 x_x_BCX0 x_x_OWAAutoLink\" title=\"https:\/\/diariotalca.cl\/utalca-conmemora-centenario-del-escultor-sergio-castillo\/\" href=\"https:\/\/diariotalca.cl\/utalca-conmemora-centenario-del-escultor-sergio-castillo\/\" target=\"_blank\" rel=\"noreferrer noopener\" data-linkindex=\"35\" data-auth=\"NotApplicable\">UTalca conmemora centenario del escultor Sergio Castillo. Se refiere Carlos Torres Fuchslocher, rector y Marcela Albornoz Dachelet, directora de Extensi\u00f3n Cultural-Art\u00edstica<\/a>\u00a0<\/div><div>\u00a0<\/div><div class=\"x_elementToProof\"><b>\u00a0CANAL 2 LINARES<\/b>\u00a0<br \/><a id=\"OWA4dc62534-844e-a84a-f9fc-73aca26d90f6\" class=\"x_x_Hyperlink x_x_SCXW148996804 x_x_BCX0 x_x_OWAAutoLink\" title=\"https:\/\/www.maulenews.com\/2025\/09\/5-ideas-para-acompanar-tus-platos.html\" href=\"https:\/\/www.maulenews.com\/2025\/09\/5-ideas-para-acompanar-tus-platos.html\" target=\"_blank\" rel=\"noreferrer noopener\" data-linkindex=\"36\" data-auth=\"NotApplicable\">UTalca conmemora centenario del escultor Sergio Castillo. Se refiere Carlos Torres Fuchslocher, rector y Marcela Albornoz Dachelet, directora de Extensi\u00f3n Cultural-Art\u00edstica<\/a>\u00a0<\/div><div>\u00a0<\/div><div class=\"x_elementToProof\"><b>MEDIABANCO<\/b>\u00a0<br \/><a id=\"OWAbd53f722-26a6-1dc7-ec68-3b3a361f0620\" class=\"x_x_Hyperlink x_x_SCXW148996804 x_x_BCX0 x_x_OWAAutoLink\" title=\"https:\/\/www.mediabanco.com\/utalca-conmemora-centenario-del-escultor-sergio-castillo\/\" href=\"https:\/\/www.mediabanco.com\/utalca-conmemora-centenario-del-escultor-sergio-castillo\/\" target=\"_blank\" rel=\"noreferrer noopener\" data-linkindex=\"37\" data-auth=\"NotApplicable\">UTalca conmemora centenario del escultor Sergio Castillo. Se refiere Carlos Torres Fuchslocher, rector y Marcela Albornoz Dachelet, directora de Extensi\u00f3n Cultural-Art\u00edstica<\/a>\u00a0<\/div><div>\u00a0<\/div><div class=\"x_elementToProof\"><b>EL HERALDO<\/b>\u00a0<br \/><a id=\"OWA6ba12213-a41d-c7e5-82c3-f85488f39240\" class=\"x_x_Hyperlink x_x_SCXW148996804 x_x_BCX0 x_x_OWAAutoLink\" title=\"https:\/\/www.litoralpress.cl\/paginaconsultas\/Servicios_NClipWeb\/Get_Imagen_Nota.aspx?LPKey=3GASFONVHZWCH2C62L42OL5SOH3KF4Q7PJGSTIFJDA2LAIP4I5WLE3KVXIB2UV7DBH7ENC2J7KGMO\" href=\"https:\/\/www.litoralpress.cl\/paginaconsultas\/Servicios_NClipWeb\/Get_Imagen_Nota.aspx?LPKey=3GASFONVHZWCH2C62L42OL5SOH3KF4Q7PJGSTIFJDA2LAIP4I5WLE3KVXIB2UV7DBH7ENC2J7KGMO\" target=\"_blank\" rel=\"noreferrer noopener\" data-linkindex=\"38\" data-auth=\"NotApplicable\">UTalca conmemora centenario del escultor Sergio Castillo. Se refiere Carlos Torres Fuchslocher, rector y Marcela Albornoz Dachelet, directora de Extensi\u00f3n Cultural-Art\u00edstica<\/a>\u00a0<\/div><div>\u00a0<\/div><div class=\"x_elementToProof\"><b>DIARIO EL HERALDO<\/b>\u00a0<br \/><a id=\"OWA60d9fe5e-da14-7860-7628-c340d9dd3450\" class=\"x_x_Hyperlink x_x_SCXW148996804 x_x_BCX0 x_x_OWAAutoLink\" title=\"https:\/\/www.diarioelheraldo.cl\/noticia\/utalca-conmemora-centenario-del-escultor-sergio-castillo\" href=\"https:\/\/www.diarioelheraldo.cl\/noticia\/utalca-conmemora-centenario-del-escultor-sergio-castillo\" target=\"_blank\" rel=\"noreferrer noopener\" data-linkindex=\"39\" data-auth=\"NotApplicable\">UTalca conmemora centenario del escultor Sergio Castillo. Se refiere Carlos Torres Fuchslocher, rector y Marcela Albornoz Dachelet, directora de Extensi\u00f3n Cultural-Art\u00edstica<\/a>\u00a0<\/div><div class=\"x_elementToProof\" aria-hidden=\"true\">\u00a0<\/div><div class=\"x_elementToProof\"><b>EMOL<\/b>\u00a0<br \/><a id=\"OWA2e3d5089-bfb3-54de-5024-769b3f848bd0\" class=\"x_x_Hyperlink x_x_SCXW148996804 x_x_BCX0 x_x_OWAAutoLink\" title=\"https:\/\/www.emol.com\/noticias\/Nacional\/2025\/09\/12\/1177705\/analistad-disputa-gobierno-banco-central.html\" href=\"https:\/\/www.emol.com\/noticias\/Nacional\/2025\/09\/12\/1177705\/analistad-disputa-gobierno-banco-central.html\" target=\"_blank\" rel=\"noreferrer noopener\" data-linkindex=\"40\" data-auth=\"NotApplicable\">&#8216;Nocaut econ\u00f3mico&#8217;: Analistas abordan disputa Gobierno-Banco Central y efectos electorales. Se refiere Mauricio Morales Quiroga, director del Centro de An\u00e1lisis Pol\u00edtico (CAP-UTalca)<\/a>\u00a0<\/div><div class=\"x_elementToProof\" aria-hidden=\"true\">\u00a0<\/div><div class=\"x_elementToProof\"><b>S\u00c9PTIMA REGI\u00d3N NOTICIAS<\/b>\u00a0<br \/><a id=\"OWA66688520-a91e-ca3b-57d3-c54b2f6f4aec\" class=\"x_x_Hyperlink x_x_SCXW148996804 x_x_BCX0 x_x_OWAAutoLink\" title=\"https:\/\/www.septimapaginanoticias.cl\/fiestas-patrias-y-salud-bucal-recomiendan-como-prevenir-danos-y-actuar-ante-emergencias\" href=\"https:\/\/www.septimapaginanoticias.cl\/fiestas-patrias-y-salud-bucal-recomiendan-como-prevenir-danos-y-actuar-ante-emergencias\" target=\"_blank\" rel=\"noreferrer noopener\" data-linkindex=\"41\" data-auth=\"NotApplicable\">Fiestas Patrias y salud bucal: recomiendan c\u00f3mo prevenir da\u00f1os y actuar ante emergencias. Se refieren Carla Herrera Guzm\u00e1n y Bernardita Fuentes Palma, acad\u00e9micas de la Facultad de Odontolog\u00eda<\/a>\u00a0<\/div><div>\u00a0<\/div><div class=\"x_elementToProof\"><b>RADIO ANCOA<\/b>\u00a0<br \/><a id=\"OWAaac7be0e-887d-11ff-2fa3-59ea43caeb75\" class=\"x_x_Hyperlink x_x_SCXW148996804 x_x_BCX0 x_x_OWAAutoLink\" title=\"https:\/\/www.radioancoa.cl\/categoria\/regional\/salud-bucal-fiestas-patrias-consejos-prevencion\" href=\"https:\/\/www.radioancoa.cl\/categoria\/regional\/salud-bucal-fiestas-patrias-consejos-prevencion\" target=\"_blank\" rel=\"noreferrer noopener\" data-linkindex=\"42\" data-auth=\"NotApplicable\">Fiestas Patrias y salud bucal: recomiendan c\u00f3mo prevenir da\u00f1os y actuar ante emergencias. Se refieren Carla Herrera Guzm\u00e1n y Bernardita Fuentes Palma, acad\u00e9micas de la Facultad de Odontolog\u00eda<\/a>\u00a0<\/div><div>\u00a0<\/div><div class=\"x_elementToProof\"><b>RADIO MAULE SUR<\/b>\u00a0<br \/><a id=\"OWA09de0ab8-c7b7-bc46-ec14-eb427779829b\" class=\"x_x_Hyperlink x_x_SCXW148996804 x_x_BCX0 x_x_OWAAutoLink\" title=\"https:\/\/www.radiomaulesur.cl\/2025\/09\/fiestas-patrias-y-salud-bucal.html\" href=\"https:\/\/www.radiomaulesur.cl\/2025\/09\/fiestas-patrias-y-salud-bucal.html\" target=\"_blank\" rel=\"noreferrer noopener\" data-linkindex=\"43\" data-auth=\"NotApplicable\">Fiestas Patrias y salud bucal: recomiendan c\u00f3mo prevenir da\u00f1os y actuar ante emergencias. Se refieren Carla Herrera Guzm\u00e1n y Bernardita Fuentes Palma, acad\u00e9micas de la Facultad de Odontolog\u00eda<\/a>\u00a0<\/div><div>\u00a0<\/div><div class=\"x_elementToProof\"><b>EL MAULE INFORMA<\/b>\u00a0<br \/><a id=\"OWA5fbfa575-6248-e7d0-e089-2e981785f62a\" class=\"x_x_Hyperlink x_x_SCXW148996804 x_x_BCX0 x_x_OWAAutoLink\" title=\"https:\/\/elmauleinforma.cl\/fiestas-patrias-y-salud-bucal-recomiendan-como-prevenir-danos-y-actuar-ante-emergencias\/\" href=\"https:\/\/elmauleinforma.cl\/fiestas-patrias-y-salud-bucal-recomiendan-como-prevenir-danos-y-actuar-ante-emergencias\/\" target=\"_blank\" rel=\"noreferrer noopener\" data-linkindex=\"44\" data-auth=\"NotApplicable\">Fiestas Patrias y salud bucal: recomiendan c\u00f3mo prevenir da\u00f1os y actuar ante emergencias. Se refieren Carla Herrera Guzm\u00e1n y Bernardita Fuentes Palma, acad\u00e9micas de la Facultad de Odontolog\u00eda<\/a>\u00a0<\/div><div>\u00a0<\/div><div class=\"x_elementToProof\"><b>AD PRENSA<\/b>\u00a0<br \/><a id=\"OWA31edd05f-6eb4-29b3-e7ad-53dc9dceeee4\" class=\"x_x_Hyperlink x_x_SCXW148996804 x_x_BCX0 x_x_OWAAutoLink\" title=\"https:\/\/www.adprensa.cl\/actividades-academicas\/fiestas-patrias-y-salud-bucal-recomiendan-como-prevenir-danos-y-actuar-ante-emergencias\/\" href=\"https:\/\/www.adprensa.cl\/actividades-academicas\/fiestas-patrias-y-salud-bucal-recomiendan-como-prevenir-danos-y-actuar-ante-emergencias\/\" target=\"_blank\" rel=\"noreferrer noopener\" data-linkindex=\"45\" data-auth=\"NotApplicable\">Fiestas Patrias y salud bucal: recomiendan c\u00f3mo prevenir da\u00f1os y actuar ante emergencias. Se refieren Carla Herrera Guzm\u00e1n y Bernardita Fuentes Palma, acad\u00e9micas de la Facultad de Odontolog\u00eda<\/a>\u00a0<\/div><div>\u00a0<\/div><div class=\"x_elementToProof\"><b>MEDIABANCO<\/b>\u00a0<\/div><div class=\"x_elementToProof\"><a id=\"OWA87cfba7f-dcfd-5414-4049-0ea8898d193c\" class=\"x_x_Hyperlink x_x_SCXW148996804 x_x_BCX0 x_x_OWAAutoLink\" title=\"Direcci\u00f3n URL original: https:\/\/udetalca-my.sharepoint.com\/personal\/carlos_martinez_utalca_cl\/Documents\/Fiestas%20Patrias%20y%20salud%20bucal:%20recomiendan%20c%C3%B3mo%20prevenir%20da%C3%B1os%20y%20actuar%20ante%20emergencias.%20Se%20refieren%20Carla%20Herrera%20Guzm%C3%A1n%20y%20Bernardita%20Fuentes%20Palma,%20acad%C3%A9micas%20de%20la%20Facultad%20de%20Odontolog%C3%ADa. Haga clic o pulse si conf\u00eda en este v\u00ednculo.\" href=\"https:\/\/udetalca-my.sharepoint.com\/personal\/carlos_martinez_utalca_cl\/Documents\/Fiestas%20Patrias%20y%20salud%20bucal:%20recomiendan%20c%C3%B3mo%20prevenir%20da%C3%B1os%20y%20actuar%20ante%20emergencias.%20Se%20refieren%20Carla%20Herrera%20Guzm%C3%A1n%20y%20Bernardita%20Fuentes%20Palma,%20acad%C3%A9micas%20de%20la%20Facultad%20de%20Odontolog%C3%ADa\" target=\"_blank\" rel=\"noreferrer noopener\" data-linkindex=\"46\" data-auth=\"NotApplicable\">Fiestas Patrias y salud bucal: recomiendan c\u00f3mo prevenir da\u00f1os y actuar ante emergencias. Se refieren Carla Herrera Guzm\u00e1n y Bernardita Fuentes Palma, acad\u00e9micas de la Facultad de Odontolog\u00eda<\/a>\u00a0<\/div><div>\u00a0<\/div><div class=\"x_elementToProof\"><b>EL LECTOR<\/b>\u00a0<br \/><a id=\"OWA628376d0-47b6-b384-4982-bf12cc27ee21\" class=\"x_x_Hyperlink x_x_SCXW148996804 x_x_BCX0 x_x_OWAAutoLink\" title=\"https:\/\/www.litoralpress.cl\/paginaconsultas\/Servicios_NClipWeb\/Get_Imagen_Nota.aspx?LPKey=VHXMGMZJR645HM3YFYZDAJYXZWA6C5HTDCOJAEVTSPWYHTD366PSOTIRK2XXAHORTWNEC72MMTXQE\" href=\"https:\/\/www.litoralpress.cl\/paginaconsultas\/Servicios_NClipWeb\/Get_Imagen_Nota.aspx?LPKey=VHXMGMZJR645HM3YFYZDAJYXZWA6C5HTDCOJAEVTSPWYHTD366PSOTIRK2XXAHORTWNEC72MMTXQE\" target=\"_blank\" rel=\"noreferrer noopener\" data-linkindex=\"47\" data-auth=\"NotApplicable\">Fiestas Patrias y salud bucal: recomiendan c\u00f3mo prevenir da\u00f1os y actuar ante emergencias. Se refieren Carla Herrera Guzm\u00e1n y Bernardita Fuentes Palma, acad\u00e9micas de la Facultad de Odontolog\u00eda<\/a>\u00a0<\/div><div>\u00a0<\/div><div class=\"x_elementToProof\"><b>TV5<\/b>\u00a0<br \/><a id=\"OWAdd0fcc84-44f8-8884-4b73-178fbe5d0202\" class=\"x_x_Hyperlink x_x_SCXW148996804 x_x_BCX0 x_x_OWAAutoLink\" title=\"https:\/\/www.tv5.cl\/categoria\/local\/salud-bucal-fiestas-patrias-prevenir-danos-actuar-emergencias\" href=\"https:\/\/www.tv5.cl\/categoria\/local\/salud-bucal-fiestas-patrias-prevenir-danos-actuar-emergencias\" target=\"_blank\" rel=\"noreferrer noopener\" data-linkindex=\"48\" data-auth=\"NotApplicable\">Salud bucal en Fiestas Patrias: prevenir da\u00f1os y actuar ante emergencias. Se refieren Carla Herrera Guzm\u00e1n y Bernardita Fuentes Palma, acad\u00e9micas de la Facultad de Odontolog\u00eda<\/a>\u00a0<\/div><div>\u00a0<\/div><div class=\"x_elementToProof\"><b>RADIO CRISTALINA<\/b>\u00a0<br \/><a id=\"OWA1e9b88ae-e125-8c58-443b-2bdb27c62fb4\" class=\"x_x_Hyperlink x_x_SCXW148996804 x_x_BCX0 x_x_OWAAutoLink\" title=\"https:\/\/radiocristalina.cl\/fiestas-patrias-y-salud-bucal-recomiendan-como-prevenir-danos-y-actuar-ante-emergencias\/\" href=\"https:\/\/radiocristalina.cl\/fiestas-patrias-y-salud-bucal-recomiendan-como-prevenir-danos-y-actuar-ante-emergencias\/\" target=\"_blank\" rel=\"noreferrer noopener\" data-linkindex=\"49\" data-auth=\"NotApplicable\">Fiestas Patrias y salud bucal: recomiendan c\u00f3mo prevenir da\u00f1os y actuar ante emergencias. Se refieren Carla Herrera Guzm\u00e1n y Bernardita Fuentes Palma, acad\u00e9micas de la Facultad de Odontolog\u00eda<\/a>\u00a0<\/div><div>\u00a0<\/div><div class=\"x_elementToProof\"><b>CANAL 2 LINARES<\/b>\u00a0<br \/><a id=\"OWA9a9cc732-7bcc-9bb3-3476-c8d5330bcc4f\" class=\"x_x_Hyperlink x_x_SCXW148996804 x_x_BCX0 x_x_OWAAutoLink\" title=\"https:\/\/www.canal2linares.cl\/2025\/09\/fiestas-patrias-y-salud-bucal.html\" href=\"https:\/\/www.canal2linares.cl\/2025\/09\/fiestas-patrias-y-salud-bucal.html\" target=\"_blank\" rel=\"noreferrer noopener\" data-linkindex=\"50\" data-auth=\"NotApplicable\">Fiestas Patrias y salud bucal: recomiendan c\u00f3mo prevenir da\u00f1os y actuar ante emergencias. Se refieren Carla Herrera Guzm\u00e1n y Bernardita Fuentes Palma, acad\u00e9micas de la Facultad de Odontolog\u00eda<\/a>\u00a0<\/div><div>\u00a0<\/div><div class=\"x_elementToProof\"><b>MAULE HOY<\/b>\u00a0<br \/><a id=\"OWA48e0c32c-4e34-42e1-50c1-0759b4f6efa2\" class=\"x_x_Hyperlink x_x_SCXW148996804 x_x_BCX0 x_x_OWAAutoLink\" title=\"https:\/\/www.litoralpress.cl\/sitio\/Prensa_Detalles.cshtml?LPKey=UY2MEMSH5ZRSJISQAHKNXDPRW3SSNOSS4VID5UNVQ3ADRZBWZI6A\" href=\"https:\/\/www.litoralpress.cl\/sitio\/Prensa_Detalles.cshtml?LPKey=UY2MEMSH5ZRSJISQAHKNXDPRW3SSNOSS4VID5UNVQ3ADRZBWZI6A\" target=\"_blank\" rel=\"noreferrer noopener\" data-linkindex=\"51\" data-auth=\"NotApplicable\">Fiestas Patrias y salud bucal: especialistas entregan consejos pr\u00e1cticos. Se refiere Carla Herrera, acad\u00e9mica Facultad de Odontolog\u00eda; Bernardita Fuentes, directora Departamento de Estomatolog\u00eda y Teresa Az\u00f3car, directora Especialidad en Rehabilitaci\u00f3n Oral.<\/a>\u00a0<\/div><div>\u00a0<\/div><div class=\"x_elementToProof\"><b>RADIO LAUTARO<\/b>\u00a0<br \/>Fiestas Patrias y salud bucal: especialistas entregan consejos pr\u00e1cticos. Se refiere Carla Herrera, acad\u00e9mica Facultad de Odontolog\u00eda; Bernardita Fuentes, directora Departamento de Estomatolog\u00eda y Teresa Az\u00f3car, directora Especialidad en Rehabilitaci\u00f3n Oral. \u00a0<\/div><div>\u00a0<\/div><div class=\"x_elementToProof\"><b>MAULE HOY<\/b>\u00a0<br \/><a id=\"OWA3a30db7e-4858-ea9c-310d-999086287650\" class=\"x_x_Hyperlink x_x_SCXW148996804 x_x_BCX0 x_x_OWAAutoLink\" title=\"https:\/\/www.litoralpress.cl\/sitio\/Prensa_Detalles.cshtml?LPKey=UY2MEMSH5ZRSJISQAHKNXDPRW3SSNOSS4VID5UNVQ3ADRZBWZI6A\" href=\"https:\/\/www.litoralpress.cl\/sitio\/Prensa_Detalles.cshtml?LPKey=UY2MEMSH5ZRSJISQAHKNXDPRW3SSNOSS4VID5UNVQ3ADRZBWZI6A\" target=\"_blank\" rel=\"noreferrer noopener\" data-linkindex=\"52\" data-auth=\"NotApplicable\">Fiestas Patrias y salud bucal: especialistas entregan consejos pr\u00e1cticos. Se refiere Carla Herrera, acad\u00e9mica Facultad de Odontolog\u00eda; Bernardita Fuentes, directora Departamento de Estomatolog\u00eda y Teresa Az\u00f3car, directora Especialidad en Rehabilitaci\u00f3n Oral.<\/a>\u00a0<\/div><div>\u00a0<\/div><div class=\"x_elementToProof\"><b>AD PRENSA<\/b>\u00a0<br \/><a id=\"OWA51d68dbe-b21c-aa95-1fc0-499187c424e9\" class=\"x_x_Hyperlink x_x_SCXW148996804 x_x_BCX0 x_x_OWAAutoLink\" title=\"https:\/\/www.adprensa.cl\/cronica\/cata-a-ciegas-estudiantes-promueven-el-turismo-inclusivo-2\/\" href=\"https:\/\/www.adprensa.cl\/cronica\/cata-a-ciegas-estudiantes-promueven-el-turismo-inclusivo-2\/\" target=\"_blank\" rel=\"noreferrer noopener\" data-linkindex=\"53\" data-auth=\"NotApplicable\">Cata a ciegas: Estudiantes promueven el turismo inclusivo. Se refiere Patricio G\u00f3mez director del Campus Colchagua\u202fy Anyelina Riveros coordinadora de la carrera de T\u00e9cnico Superior en Turismo Enol\u00f3gico<\/a>\u00a0<\/div><div>\u00a0<\/div><div class=\"x_elementToProof\"><b>MEDIABANCO<\/b>\u00a0<br \/><a id=\"OWAaa7695ac-a86c-8d95-04d0-d32af8bf1ce4\" class=\"x_x_Hyperlink x_x_SCXW148996804 x_x_BCX0 x_x_OWAAutoLink\" title=\"https:\/\/www.mediabanco.com\/cata-a-ciegas-estudiantes-promueven-el-turismo-inclusivo\/\" href=\"https:\/\/www.mediabanco.com\/cata-a-ciegas-estudiantes-promueven-el-turismo-inclusivo\/\" target=\"_blank\" rel=\"noreferrer noopener\" data-linkindex=\"54\" data-auth=\"NotApplicable\">Cata a ciegas: Estudiantes promueven el turismo inclusivo. Se refiere Patricio G\u00f3mez director del Campus Colchagua\u202fy Anyelina Riveros coordinadora de la carrera de T\u00e9cnico Superior en Turismo Enol\u00f3gico<\/a>\u00a0<\/div><div>\u00a0<\/div><div class=\"x_elementToProof\"><b>PRENSA EVENTOS<\/b>\u00a0<br \/><a id=\"OWA558a20d6-8025-ec91-438f-7e9dfe8e7bf7\" class=\"x_x_Hyperlink x_x_SCXW148996804 x_x_BCX0 x_x_OWAAutoLink\" title=\"https:\/\/prensaeventos.cl\/cata-a-ciegas-estudiantes-promueven-el-turismo-inclusivo\/\" href=\"https:\/\/prensaeventos.cl\/cata-a-ciegas-estudiantes-promueven-el-turismo-inclusivo\/\" target=\"_blank\" rel=\"noreferrer noopener\" data-linkindex=\"55\" data-auth=\"NotApplicable\">Cata a ciegas: Estudiantes promueven el turismo inclusivo. Se refiere Patricio G\u00f3mez director del Campus Colchagua\u202fy Anyelina Riveros coordinadora de la carrera de T\u00e9cnico Superior en Turismo Enol\u00f3gico<\/a>\u00a0<\/div><div>\u00a0<\/div><div class=\"x_elementToProof\"><b>PORTAL RED SALUD<\/b>\u00a0<br \/><a id=\"OWA66bd0dcf-0bbd-bce7-901e-928a3fed4b44\" class=\"x_x_Hyperlink x_x_SCXW148996804 x_x_BCX0 x_x_OWAAutoLink\" title=\"https:\/\/portalredsalud.cl\/2025\/09\/17\/5-ideas-para-acompanar-tus-platos-dieciocheros-sin-sentir-pesadez\/\" href=\"https:\/\/portalredsalud.cl\/2025\/09\/17\/5-ideas-para-acompanar-tus-platos-dieciocheros-sin-sentir-pesadez\/\" target=\"_blank\" rel=\"noreferrer noopener\" data-linkindex=\"56\" data-auth=\"NotApplicable\">5 ideas para acompa\u00f1ar tus platos dieciocheros sin sentir pesadez. Se refiere Monserrat Alonso y Paula Contreras acad\u00e9micas de la Escuela de Nutrici\u00f3n y Diet\u00e9tica.<\/a>\u00a0<\/div><div>\u00a0<\/div><div class=\"x_elementToProof\"><b>DIARIO EL CENTRO<\/b>\u00a0<br \/><a id=\"OWAe72664bc-0aac-115d-1ee5-4d7669ff6d98\" class=\"x_x_Hyperlink x_x_SCXW148996804 x_x_BCX0 x_x_OWAAutoLink\" title=\"https:\/\/www.diarioelcentro.cl\/2025\/09\/17\/cata-a-ciegas-estudiantes-promueven-el-turismo-inclusivo\/\" href=\"https:\/\/www.diarioelcentro.cl\/2025\/09\/17\/cata-a-ciegas-estudiantes-promueven-el-turismo-inclusivo\/\" target=\"_blank\" rel=\"noreferrer noopener\" data-linkindex=\"57\" data-auth=\"NotApplicable\">Cata a ciegas: Estudiantes promueven el turismo inclusivo. Se refiere Patricio G\u00f3mez director del Campus Colchagua\u202fy Anyelina Riveros coordinadora de la carrera de T\u00e9cnico Superior en Turismo Enol\u00f3gico<\/a>\u00a0<\/div><div>\u00a0<\/div><div class=\"x_elementToProof\"><b>TV5<\/b>\u00a0<br \/><a id=\"OWA2c52606b-a5d1-0de9-4019-03cf9466ee2c\" class=\"x_x_Hyperlink x_x_SCXW148996804 x_x_BCX0 x_x_OWAAutoLink\" title=\"https:\/\/www.tv5.cl\/categoria\/local\/turismo-inclusivo-promovido-estudiantes-cata-ciegas+\" href=\"https:\/\/www.tv5.cl\/categoria\/local\/turismo-inclusivo-promovido-estudiantes-cata-ciegas+\" target=\"_blank\" rel=\"noreferrer noopener\" data-linkindex=\"58\" data-auth=\"NotApplicable\">Turismo inclusivo promovido por estudiantes con cata a ciegas. Se refiere Patricio G\u00f3mez director del Campus Colchagua\u202fy Anyelina Riveros coordinadora de la carrera de T\u00e9cnico Superior en Turismo Enol\u00f3gico<\/a>\u00a0<\/div><div>\u00a0<\/div><div class=\"x_elementToProof\"><b>G5 NOTICIAS<\/b>\u00a0<br \/><a id=\"OWAd1f42841-f636-f3d1-c67c-ccc4d2f1e16b\" class=\"x_x_Hyperlink x_x_SCXW148996804 x_x_BCX0 x_x_OWAAutoLink\" title=\"https:\/\/g5noticias.cl\/2025\/09\/20\/cata-a-ciegas-estudiantes-promueven-el-turismo-inclusivo\/\" href=\"https:\/\/g5noticias.cl\/2025\/09\/20\/cata-a-ciegas-estudiantes-promueven-el-turismo-inclusivo\/\" target=\"_blank\" rel=\"noreferrer noopener\" data-linkindex=\"59\" data-auth=\"NotApplicable\">Cata a ciegas: Estudiantes promueven el turismo inclusivo. Se refiere Patricio G\u00f3mez, director Campus Colchagua y Angelina Riveros, coordinadora carrera T\u00e9cnico Superior en Turismo Enol\u00f3gico.<\/a> \u00a0<\/div><div>\u00a0<\/div><div class=\"x_elementToProof\"><b>EL LECTOR<\/b>\u00a0<br \/><a id=\"OWAb66fbf5c-38ff-c8ac-3a3b-d5a0c7a6c7b8\" class=\"x_x_Hyperlink x_x_SCXW148996804 x_x_BCX0 x_x_OWAAutoLink\" title=\"https:\/\/www.litoralpress.cl\/sitio\/Prensa_Detalles.cshtml?LPKey=K7B7OOEL6IKBTSMKY33VTYKQRYY3Y2U3VOMJBNLFMLON2DE4LZ2A\" href=\"https:\/\/www.litoralpress.cl\/sitio\/Prensa_Detalles.cshtml?LPKey=K7B7OOEL6IKBTSMKY33VTYKQRYY3Y2U3VOMJBNLFMLON2DE4LZ2A\" target=\"_blank\" rel=\"noreferrer noopener\" data-linkindex=\"60\" data-auth=\"NotApplicable\">Cata a ciegas: Estudiantes promueven el turismo inclusivo. Se refiere Patricio G\u00f3mez, director Campus Colchagua y Angelina Riveros, coordinadora carrera T\u00e9cnico Superior en Turismo Enol\u00f3gico.<\/a>\u00a0<\/div><div>\u00a0<\/div><div class=\"x_elementToProof\"><b>G5 NOTICIAS<\/b>\u00a0<br \/><a id=\"OWAbdf006f5-abac-a2c8-3489-d1c0bcd20b76\" class=\"x_x_Hyperlink x_x_SCXW148996804 x_x_BCX0 x_x_OWAAutoLink\" title=\"https:\/\/g5noticias.cl\/2025\/09\/20\/cata-a-ciegas-estudiantes-promueven-el-turismo-inclusivo\/\" href=\"https:\/\/g5noticias.cl\/2025\/09\/20\/cata-a-ciegas-estudiantes-promueven-el-turismo-inclusivo\/\" target=\"_blank\" rel=\"noreferrer noopener\" data-linkindex=\"61\" data-auth=\"NotApplicable\">Cata a ciegas: Estudiantes promueven el turismo inclusivo. Se refiere Patricio G\u00f3mez, director Campus Colchagua y Angelina Riveros, coordinadora carrera T\u00e9cnico Superior en Turismo Enol\u00f3gico.<\/a> \u00a0<\/div><div>\u00a0<\/div><div class=\"x_elementToProof\"><b>DIARIO EL CENTRO<\/b>\u00a0<br \/><a id=\"OWAcb2dc80c-54a6-3eb2-1deb-782fc6671a07\" class=\"x_x_Hyperlink x_x_SCXW148996804 x_x_BCX0 x_x_OWAAutoLink\" title=\"https:\/\/www.diarioelcentro.cl\/2025\/09\/17\/cata-a-ciegas-estudiantes-promueven-el-turismo-inclusivo\/\" href=\"https:\/\/www.diarioelcentro.cl\/2025\/09\/17\/cata-a-ciegas-estudiantes-promueven-el-turismo-inclusivo\/\" target=\"_blank\" rel=\"noreferrer noopener\" data-linkindex=\"62\" data-auth=\"NotApplicable\">Cata a ciegas: Estudiantes promueven el turismo inclusivo. Se refiere Patricio G\u00f3mez, director Campus Colchagua y Angelina Riveros, coordinadora carrera T\u00e9cnico Superior en Turismo Enol\u00f3gico.<\/a>\u00a0<\/div><div>\u00a0<\/div><div class=\"x_elementToProof\"><b>MEDIABANCO<\/b>\u00a0<br \/><a id=\"OWA5f9c5443-9894-4aed-4fea-9ed80ebc1258\" class=\"x_x_Hyperlink x_x_SCXW148996804 x_x_BCX0 x_x_OWAAutoLink\" title=\"https:\/\/www.mediabanco.com\/aula-verde-en-el-maule-el-aporte-del-jardin-botanico-y-arboretum-de-la-utalca\/\" href=\"https:\/\/www.mediabanco.com\/aula-verde-en-el-maule-el-aporte-del-jardin-botanico-y-arboretum-de-la-utalca\/\" target=\"_blank\" rel=\"noreferrer noopener\" data-linkindex=\"63\" data-auth=\"NotApplicable\">Aula verde en el Maule: el aporte del Jard\u00edn Bot\u00e1nico y Arboretum de la UTalca. Se refiere Paula Mella directora del Jard\u00edn Infantil\u202fy Pamela Zavala, jefa del Jard\u00edn Bot\u00e1nico y Arboretum<\/a>\u00a0<\/div><div>\u00a0<\/div><div class=\"x_elementToProof\"><b>RADIO MAULE SUR<\/b>\u00a0<br \/><a id=\"OWA0ef7a2a1-9806-5906-48ea-4ae0857f87d4\" class=\"x_x_Hyperlink x_x_SCXW148996804 x_x_BCX0 x_x_OWAAutoLink\" title=\"https:\/\/www.radiomaulesur.cl\/2025\/09\/aula-verde-en-el-maule-el-aporte-del.html\" href=\"https:\/\/www.radiomaulesur.cl\/2025\/09\/aula-verde-en-el-maule-el-aporte-del.html\" target=\"_blank\" rel=\"noreferrer noopener\" data-linkindex=\"64\" data-auth=\"NotApplicable\">Aula verde en el Maule: el aporte del Jard\u00edn Bot\u00e1nico y Arboretum de la UTalca. Se refiere Paula Mella directora del Jard\u00edn Infantil y Pamela Zavala, jefa del Jard\u00edn Bot\u00e1nico y Arboretum<\/a>\u00a0<\/div><div>\u00a0<\/div><div class=\"x_elementToProof\"><b>EL HERALDO<\/b>\u00a0<br \/><a id=\"OWA2a9ca2fc-f395-f696-b0c4-e7c08f4303f6\" class=\"x_x_Hyperlink x_x_SCXW148996804 x_x_BCX0 x_x_OWAAutoLink\" title=\"https:\/\/www.litoralpress.cl\/paginaconsultas\/Servicios_NClipWeb\/Get_Imagen_Nota.aspx?LPKey=UU5G6PJWB2DIUJUODMQUDTPWKUV2EQCRZCVPGLTJ5VCRLF5XX3KE7DSFBDVXIIV2LOESJOSYXH4J6\" href=\"https:\/\/www.litoralpress.cl\/paginaconsultas\/Servicios_NClipWeb\/Get_Imagen_Nota.aspx?LPKey=UU5G6PJWB2DIUJUODMQUDTPWKUV2EQCRZCVPGLTJ5VCRLF5XX3KE7DSFBDVXIIV2LOESJOSYXH4J6\" target=\"_blank\" rel=\"noreferrer noopener\" data-linkindex=\"65\" data-auth=\"NotApplicable\">Aula verde en el Maule: el aporte del Jard\u00edn Bot\u00e1nico y Arboretum de la UTalca. Se refiere Paula Mella directora del Jard\u00edn Infantil y Pamela Zavala, jefa del Jard\u00edn Bot\u00e1nico y Arboretum<\/a>\u00a0<\/div><div>\u00a0<\/div><div class=\"x_elementToProof\"><b>EL LECTOR<\/b>\u00a0<br \/><a id=\"OWA23472336-bf63-3afa-f8d0-0cb0dd976ce6\" class=\"x_x_Hyperlink x_x_SCXW148996804 x_x_BCX0 x_x_OWAAutoLink\" title=\"https:\/\/www.litoralpress.cl\/paginaconsultas\/Servicios_NClipWeb\/Get_Imagen_Nota.aspx?LPKey=OWRZXDZBZCJ7RCPPXDHC25OALDX54PVA2KEX5WADIHX5IHQPI62CQAFRQ3FHGJLYES2AGW2D457AS\" href=\"https:\/\/www.litoralpress.cl\/paginaconsultas\/Servicios_NClipWeb\/Get_Imagen_Nota.aspx?LPKey=OWRZXDZBZCJ7RCPPXDHC25OALDX54PVA2KEX5WADIHX5IHQPI62CQAFRQ3FHGJLYES2AGW2D457AS\" target=\"_blank\" rel=\"noreferrer noopener\" data-linkindex=\"66\" data-auth=\"NotApplicable\">Aula verde en el Maule: el aporte del Jard\u00edn Bot\u00e1nico y Arboretum de la UTalca. Se refiere Paula Mella directora del Jard\u00edn Infantil y Pamela Zavala, jefa del Jard\u00edn Bot\u00e1nico y Arboretum<\/a>\u00a0<\/div><div>\u00a0<\/div><div class=\"x_elementToProof\"><b>DIARIO EL HERALDO<\/b>\u00a0<br \/><a id=\"OWAbd14e32a-c7c3-039f-41d6-1dcb38f6b2cb\" class=\"x_x_Hyperlink x_x_SCXW148996804 x_x_BCX0 x_x_OWAAutoLink\" title=\"https:\/\/www.diarioelheraldo.cl\/noticia\/aula-verde-en-el-maule-el-aporte-del-jardin-botanico-y-arboretum-de-la-utalca\" href=\"https:\/\/www.diarioelheraldo.cl\/noticia\/aula-verde-en-el-maule-el-aporte-del-jardin-botanico-y-arboretum-de-la-utalca\" target=\"_blank\" rel=\"noreferrer noopener\" data-linkindex=\"67\" data-auth=\"NotApplicable\">Aula verde en el Maule: el aporte del Jard\u00edn Bot\u00e1nico y Arboretum de la UTalca. Se refiere Paula Mella directora del Jard\u00edn Infantil y Pamela Zavala, jefa del Jard\u00edn Bot\u00e1nico y Arboretum<\/a>\u00a0<\/div><div>\u00a0<\/div><div class=\"x_elementToProof\"><b>MAULE NEWS<\/b>\u00a0<br \/><a id=\"OWAda5c457f-5259-ded2-5df5-3a5858b458aa\" class=\"x_x_Hyperlink x_x_SCXW148996804 x_x_BCX0 x_x_OWAAutoLink\" title=\"https:\/\/www.maulenews.com\/2025\/09\/aula-verde-en-el-maule-el-aporte-del.html\" href=\"https:\/\/www.maulenews.com\/2025\/09\/aula-verde-en-el-maule-el-aporte-del.html\" target=\"_blank\" rel=\"noreferrer noopener\" data-linkindex=\"68\" data-auth=\"NotApplicable\">Aula verde en el Maule: el aporte del Jard\u00edn Bot\u00e1nico y Arboretum de la UTalca. Se refiere Paula Mella directora del Jard\u00edn Infantil y Pamela Zavala, jefa del Jard\u00edn Bot\u00e1nico y Arboretum<\/a>\u00a0<\/div><div>\u00a0<\/div><div class=\"x_elementToProof\"><b>PORTAL EDUCA<\/b>\u00a0<br \/><a id=\"OWA8c2cbbd4-5ab5-d3e8-8232-5f53920b491f\" class=\"x_x_Hyperlink x_x_SCXW148996804 x_x_BCX0 x_x_OWAAutoLink\" title=\"https:\/\/portaleduca.cl\/aula-verde-en-el-maule-el-aporte-del-jardin-botanico-y-arboretum-de-la-utalca\/\" href=\"https:\/\/portaleduca.cl\/aula-verde-en-el-maule-el-aporte-del-jardin-botanico-y-arboretum-de-la-utalca\/\" target=\"_blank\" rel=\"noreferrer noopener\" data-linkindex=\"69\" data-auth=\"NotApplicable\">Aula verde en el Maule: el aporte del Jard\u00edn Bot\u00e1nico y Arboretum de la UTalca. Se refiere Paula Mella directora del Jard\u00edn Infantil y Pamela Zavala, jefa del Jard\u00edn Bot\u00e1nico y Arboretum<\/a>\u00a0<\/div><div>\u00a0<\/div><div class=\"x_elementToProof\"><b>RADIO LAUTARO<\/b>\u00a0<br \/><a id=\"OWA7c72a65e-21d8-1d16-24a2-df1b3ae74a4d\" class=\"x_x_Hyperlink x_x_SCXW148996804 x_x_BCX0 x_x_OWAAutoLink\" title=\"https:\/\/radiolautarotalca.cl\/aula-verde-en-el-maule-el-aporte-del-jardin-botanico-y-arboretum-de-la-utalca\/\" href=\"https:\/\/radiolautarotalca.cl\/aula-verde-en-el-maule-el-aporte-del-jardin-botanico-y-arboretum-de-la-utalca\/\" target=\"_blank\" rel=\"noreferrer noopener\" data-linkindex=\"70\" data-auth=\"NotApplicable\">Aula verde en el Maule: el aporte del Jard\u00edn Bot\u00e1nico y Arboretum de la UTalca. Se refiere Paula Mella directora del Jard\u00edn Infantil y Pamela Zavala, jefa del Jard\u00edn Bot\u00e1nico y Arboretum<\/a>\u00a0<\/div><div class=\"x_elementToProof\" aria-hidden=\"true\">\u00a0<\/div><div class=\"x_elementToProof\"><b>TU CASA TU RADIO<\/b>\u00a0<br \/><a id=\"OWAf816a0f0-7f7a-7ae1-6069-c28f10867c93\" class=\"x_x_Hyperlink x_x_SCXW148996804 x_x_BCX0 x_x_OWAAutoLink\" title=\"https:\/\/tucasaturadio.cl\/5-ideas-para-acompanar-tus-platos-dieciocheros-sin-sentir-pesadez\/\" href=\"https:\/\/tucasaturadio.cl\/5-ideas-para-acompanar-tus-platos-dieciocheros-sin-sentir-pesadez\/\" target=\"_blank\" rel=\"noreferrer noopener\" data-linkindex=\"71\" data-auth=\"NotApplicable\">5 ideas para acompa\u00f1ar tus platos dieciocheros sin sentir pesadez. Se refiere Monserrat Alonso y Paula Contreras acad\u00e9micas de la Escuela de Nutrici\u00f3n y Diet\u00e9tica.<\/a>\u00a0<\/div><div>\u00a0<\/div><div class=\"x_elementToProof\"><b>\u00a0MAULE NEWS<\/b>\u00a0<br \/><a id=\"OWA6fd06cf1-0b9f-ace1-e75a-50f129db2864\" class=\"x_x_Hyperlink x_x_SCXW148996804 x_x_BCX0 x_x_OWAAutoLink\" title=\"https:\/\/www.maulenews.com\/2025\/09\/5-ideas-para-acompanar-tus-platos.html\" href=\"https:\/\/www.maulenews.com\/2025\/09\/5-ideas-para-acompanar-tus-platos.html\" target=\"_blank\" rel=\"noreferrer noopener\" data-linkindex=\"72\" data-auth=\"NotApplicable\">5 ideas para acompa\u00f1ar tus platos dieciocheros sin sentir pesadez. Se refiere Monserrat Alonso y Paula Contreras acad\u00e9micas de la Escuela de Nutrici\u00f3n y Diet\u00e9tica.<\/a>\u00a0<\/div><div>\u00a0<\/div><div class=\"x_elementToProof\"><b>\u00a0DIARIO EL CENTRO<\/b>\u00a0<br \/><a id=\"OWA459eed0c-b62e-338b-d9b6-511a0d5ec837\" class=\"x_x_Hyperlink x_x_SCXW148996804 x_x_BCX0 x_x_OWAAutoLink\" title=\"https:\/\/www.diarioelcentro.cl\/2025\/09\/15\/5-ideas-para-acompanar-tus-platos-dieciocheros-sin-sentir-malestar\/\" href=\"https:\/\/www.diarioelcentro.cl\/2025\/09\/15\/5-ideas-para-acompanar-tus-platos-dieciocheros-sin-sentir-malestar\/\" target=\"_blank\" rel=\"noreferrer noopener\" data-linkindex=\"73\" data-auth=\"NotApplicable\">5 ideas para acompa\u00f1ar tus platos dieciocheros sin sentir pesadez. Se refiere Monserrat Alonso y Paula Contreras acad\u00e9micas de la Escuela de Nutrici\u00f3n y Diet\u00e9tica.<\/a>\u00a0\u00a0<\/div><div>\u00a0<\/div><div class=\"x_elementToProof\"><b>S\u00c9PTIMA REGI\u00d3N NOTICIAS<\/b>\u00a0<br \/><a id=\"OWAea41d0ed-7b96-097e-d029-7a57b6ba88b0\" class=\"x_x_Hyperlink x_x_SCXW148996804 x_x_BCX0 x_x_OWAAutoLink\" title=\"https:\/\/www.septimapaginanoticias.cl\/5-ideas-para-acompanar-tus-platos-dieciocheros-sin-sentir-pesadez\" href=\"https:\/\/www.septimapaginanoticias.cl\/5-ideas-para-acompanar-tus-platos-dieciocheros-sin-sentir-pesadez\" target=\"_blank\" rel=\"noreferrer noopener\" data-linkindex=\"74\" data-auth=\"NotApplicable\">5 ideas para acompa\u00f1ar tus platos dieciocheros sin sentir pesadez. Se refiere Monserrat Alonso y Paula Contreras acad\u00e9micas de la Escuela de Nutrici\u00f3n y Diet\u00e9tica.\u00a0<\/a>\u00a0<\/div><div>\u00a0<\/div><div class=\"x_elementToProof\"><b>RADIO ANCOA<\/b>\u00a0<br \/><a id=\"OWA0b35eb97-7cb2-a52b-0a49-1e17ce9a41da\" class=\"x_x_Hyperlink x_x_SCXW148996804 x_x_BCX0 x_x_OWAAutoLink\" title=\"https:\/\/www.radioancoa.cl\/categoria\/regional\/ideas-platos-dieciocheros-pesadez\" href=\"https:\/\/www.radioancoa.cl\/categoria\/regional\/ideas-platos-dieciocheros-pesadez\" target=\"_blank\" rel=\"noreferrer noopener\" data-linkindex=\"75\" data-auth=\"NotApplicable\">Ideas para platos dieciocheros sin pesadez. Se refiere Monserrat Alonso y Paula Contreras acad\u00e9micas de la Escuela de Nutrici\u00f3n y Diet\u00e9tica.<\/a>\u00a0<\/div><div>\u00a0<\/div><div class=\"x_elementToProof\"><b>TV5<\/b>\u00a0<br \/><a id=\"OWAf80c7e6d-251f-e1be-cb7a-09a376e82a45\" class=\"x_x_Hyperlink x_x_SCXW148996804 x_x_BCX0 x_x_OWAAutoLink\" title=\"https:\/\/www.tv5.cl\/categoria\/local\/ideas-platos-dieciocheros-pesadez\" href=\"https:\/\/www.tv5.cl\/categoria\/local\/ideas-platos-dieciocheros-pesadez\" target=\"_blank\" rel=\"noreferrer noopener\" data-linkindex=\"76\" data-auth=\"NotApplicable\">Ideas para platos dieciocheros sin pesadez. Se refiere Monserrat Alonso y Paula Contreras acad\u00e9micas de la Escuela de Nutrici\u00f3n y Diet\u00e9tica.<\/a>\u00a0<\/div><div>\u00a0<\/div><div class=\"x_elementToProof\"><b>DIARIO TALCA <\/b>\u00a0<br \/><a id=\"OWA407d5d0d-9013-c31a-eb49-f35e440fda9c\" class=\"x_x_Hyperlink x_x_SCXW148996804 x_x_BCX0 x_x_OWAAutoLink\" title=\"https:\/\/diariotalca.cl\/cinco-ideas-para-acompanar-tus-platos-dieciocheros-sin-sentir-pesadez\/\" href=\"https:\/\/diariotalca.cl\/cinco-ideas-para-acompanar-tus-platos-dieciocheros-sin-sentir-pesadez\/\" target=\"_blank\" rel=\"noreferrer noopener\" data-linkindex=\"77\" data-auth=\"NotApplicable\">Cinco ideas para acompa\u00f1ar tus platos dieciocheros sin sentir pesadez. Se refiere Monserrat Alonso y Paula Contreras acad\u00e9micas de la Escuela de Nutrici\u00f3n y Diet\u00e9tica.<\/a>\u00a0<\/div><div>\u00a0<\/div><div class=\"x_elementToProof\"><b>MAULE HOY<\/b>\u00a0<br \/><a id=\"OWA3be862fd-e5ff-e014-4d8b-5c456df32279\" class=\"x_x_Hyperlink x_x_SCXW148996804 x_x_BCX0 x_x_OWAAutoLink\" title=\"https:\/\/www.litoralpress.cl\/paginaconsultas\/Servicios_NClipWeb\/Get_Imagen_Nota.aspx?LPKey=PD5XS32U3AF2T2CIHOQG47DJWBARWSBXQ75VICP53WV5QDX7MHCIUHS42AA7NLYNWTOCT46QNP4ZK\" href=\"https:\/\/www.litoralpress.cl\/paginaconsultas\/Servicios_NClipWeb\/Get_Imagen_Nota.aspx?LPKey=PD5XS32U3AF2T2CIHOQG47DJWBARWSBXQ75VICP53WV5QDX7MHCIUHS42AA7NLYNWTOCT46QNP4ZK\" target=\"_blank\" rel=\"noreferrer noopener\" data-linkindex=\"78\" data-auth=\"NotApplicable\">Cinco ideas para acompa\u00f1ar tus platos dieciocheros sin sentir pesadez. Se refiere Monserrat Alonso y Paula Contreras acad\u00e9micas de la Escuela de Nutrici\u00f3n y Diet\u00e9tica.<\/a>\u00a0<\/div><div>\u00a0<\/div><div class=\"x_elementToProof\"><b>RADIO LAUTARO<\/b>\u00a0<br \/><a id=\"OWA8ca43317-44d9-1d7e-9b86-e52558e8ad10\" class=\"x_x_Hyperlink x_x_SCXW148996804 x_x_BCX0 x_x_OWAAutoLink\" title=\"https:\/\/radiolautarotalca.cl\/5-ideas-para-acompanar-tus-platos-dieciocheros-sin-sentir-pesadez\/\" href=\"https:\/\/radiolautarotalca.cl\/5-ideas-para-acompanar-tus-platos-dieciocheros-sin-sentir-pesadez\/\" target=\"_blank\" rel=\"noreferrer noopener\" data-linkindex=\"79\" data-auth=\"NotApplicable\">5 ideas para acompa\u00f1ar tus platos dieciocheros sin sentir pesadez. Se refiere Monserrat Alonso y Paula Contreras acad\u00e9micas de la Escuela de Nutrici\u00f3n y Diet\u00e9tica.<\/a>\u00a0<\/div><div>\u00a0<\/div><div class=\"x_elementToProof\"><b>LA PRENSA DE CURIC\u00d3<\/b>\u00a0<br \/><a id=\"OWA7924637b-7fa3-6c2d-7cf9-7b273853d6f5\" class=\"x_x_Hyperlink x_x_SCXW148996804 x_x_BCX0 x_x_OWAAutoLink\" title=\"https:\/\/www.litoralpress.cl\/paginaconsultas\/Servicios_NClipWeb\/Get_Imagen_Nota.aspx?LPKey=HBY77ICVKJVPBUTQI22UHDO6X7YRNMIEXJF7JUDFJ2WKR5NETMPXIYH3YITWOTBVEUBMNNZSCR5Q4\" href=\"https:\/\/www.litoralpress.cl\/paginaconsultas\/Servicios_NClipWeb\/Get_Imagen_Nota.aspx?LPKey=HBY77ICVKJVPBUTQI22UHDO6X7YRNMIEXJF7JUDFJ2WKR5NETMPXIYH3YITWOTBVEUBMNNZSCR5Q4\" target=\"_blank\" rel=\"noreferrer noopener\" data-linkindex=\"80\" data-auth=\"NotApplicable\">Entregan recomendaciones para poner sabor y equilibrio en la mesa dieciochera. Se refiere Monserrat Alonso y Paula Contreras acad\u00e9micas de la Escuela de Nutrici\u00f3n y Diet\u00e9tica.<\/a> \u00a0<\/div><div>\u00a0<\/div><div class=\"x_elementToProof\"><b>MEGANOTICIAS<\/b>\u00a0<br \/><a id=\"OWA09ef065f-24f5-ed09-6b31-847f81aa1fe0\" class=\"x_x_Hyperlink x_x_SCXW148996804 x_x_BCX0 x_x_OWAAutoLink\" title=\"https:\/\/www.meganoticias.cl\/nacional\/499604-encuesta-cadem-jara-kast-lideran-carrera-presidencial-experto-mauricio-morales-explica-fds01-21-09-2025.html\" href=\"https:\/\/www.meganoticias.cl\/nacional\/499604-encuesta-cadem-jara-kast-lideran-carrera-presidencial-experto-mauricio-morales-explica-fds01-21-09-2025.html\" target=\"_blank\" rel=\"noreferrer noopener\" data-linkindex=\"81\" data-auth=\"NotApplicable\">Kast y Jara siguen liderando la carrera presidencial: Experto explica los detalles de la \u00faltima Encuesta Cadem. Se refiere Mauricio Morales, director Centro de An\u00e1lisis Pol\u00edtico.<\/a><b> <\/b>\u00a0<\/div><div>\u00a0<\/div><div class=\"x_elementToProof\"><b>EMOL<\/b>\u00a0<br \/><a id=\"OWAccce2f05-50b4-62d3-96c2-d0a61a45d31e\" class=\"x_x_Hyperlink x_x_SCXW148996804 x_x_BCX0 x_x_OWAAutoLink\" title=\"https:\/\/www.emol.com\/noticias\/Nacional\/2025\/09\/18\/1178116\/voceros-jara-y-matthei.html\" href=\"https:\/\/www.emol.com\/noticias\/Nacional\/2025\/09\/18\/1178116\/voceros-jara-y-matthei.html\" target=\"_blank\" rel=\"noreferrer noopener\" data-linkindex=\"82\" data-auth=\"NotApplicable\">\u00bfAporte o desorden? Las complicaciones en las campa\u00f1as de Jara y Matthei con la estrategia de los m\u00faltiples voceros. Se refiere Mauricio Morales, director Centro de An\u00e1lisis Pol\u00edtico.<\/a>\u00a0<\/div><div class=\"x_elementToProof\" aria-hidden=\"true\">\u00a0<\/div><div class=\"x_elementToProof\"><b>LA SEGUNDA<\/b>\u00a0<br \/><a id=\"OWA3e960a9b-d3fc-c77f-a25e-0a0e93003d0c\" class=\"x_x_Hyperlink x_x_SCXW148996804 x_x_BCX0 x_x_OWAAutoLink\" title=\"https:\/\/www.litoralpress.cl\/paginaconsultas\/Servicios_NClipWeb\/Get_Imagen_Nota.aspx?LPKey=3YJG772HBR3GRTVKXIFUYEAICQ7JO3RDSVDBUVL2MEYO4NQWJBAVTIMB3BQYEOH6JP7TGIGR3BZ2A\" href=\"https:\/\/www.litoralpress.cl\/paginaconsultas\/Servicios_NClipWeb\/Get_Imagen_Nota.aspx?LPKey=3YJG772HBR3GRTVKXIFUYEAICQ7JO3RDSVDBUVL2MEYO4NQWJBAVTIMB3BQYEOH6JP7TGIGR3BZ2A\" target=\"_blank\" rel=\"noreferrer noopener\" data-linkindex=\"83\" data-auth=\"NotApplicable\">El equipo detr\u00e1s del candidato que sorprendi\u00f3 en el debate presidencial. Se refiere Mauricio Morales Quiroga, director del Centro de An\u00e1lisis Pol\u00edtico (CAP-UTalca)<\/a>\u00a0<\/div><div>\u00a0<\/div><div class=\"x_elementToProof\"><b>CANAL MEGA<\/b>\u00a0<br \/><a id=\"OWAac649635-327b-fa9c-2bd5-a64df4437738\" class=\"x_x_Hyperlink x_x_SCXW148996804 x_x_BCX0 x_x_OWAAutoLink\" title=\"https:\/\/www.litoralpress.cl\/sitio\/RadioTV_Detalles.cshtml?LPKey=M5E4KJTETR77ANGS64I7YFSUZ2TFXZMD3TNJ2SKYOBR5FZSZTX3NVAD4URMRLIIOI4U3LO3K57X2S\" href=\"https:\/\/www.litoralpress.cl\/sitio\/RadioTV_Detalles.cshtml?LPKey=M5E4KJTETR77ANGS64I7YFSUZ2TFXZMD3TNJ2SKYOBR5FZSZTX3NVAD4URMRLIIOI4U3LO3K57X2S\" target=\"_blank\" rel=\"noreferrer noopener\" data-linkindex=\"84\" data-auth=\"NotApplicable\">Evelyn Matthei sube dos puntos tras debate presidencial. Se refiere Mauricio Morales Quiroga, director del Centrod e An\u00e1lisis Pol\u00edtico (CAP-UTalca).<\/a>\u00a0<\/div><div>\u00a0<\/div><div class=\"x_elementToProof\"><b>MEGANOTICIAS<\/b>\u00a0<br \/><a id=\"OWAbdb7a8c8-a1eb-9bfc-951d-c6e1d015895b\" class=\"x_x_Hyperlink x_x_SCXW148996804 x_x_BCX0 x_x_OWAAutoLink\" title=\"https:\/\/www.meganoticias.cl\/nacional\/499008-analisis-mauricio-morales-notas-candidatos-encuesta-cadem-debate-matthe-brk-15-09-2025.html\" href=\"https:\/\/www.meganoticias.cl\/nacional\/499008-analisis-mauricio-morales-notas-candidatos-encuesta-cadem-debate-matthe-brk-15-09-2025.html\" target=\"_blank\" rel=\"noreferrer noopener\" data-linkindex=\"85\" data-auth=\"NotApplicable\">&#8220;Matthei ha tenido una estrategia mucho m\u00e1s clara&#8221;. Se refiere Mauricio Morales Quiroga, director del Centro de an\u00e1lisis Pol\u00edtico (CAP-UTalca)<\/a>\u00a0<\/div><div>\u00a0<\/div><div class=\"x_elementToProof\"><b>EMOL<\/b>\u00a0<br \/><a id=\"OWAfd923a1e-f614-66c5-611a-97e421eacce1\" class=\"x_x_Hyperlink x_x_SCXW148996804 x_x_BCX0 x_x_OWAAutoLink\" title=\"https:\/\/www.emol.com\/noticias\/Nacional\/2025\/09\/15\/1177883\/matthei-y-kast-encuestas.html\" href=\"https:\/\/www.emol.com\/noticias\/Nacional\/2025\/09\/15\/1177883\/matthei-y-kast-encuestas.html\" target=\"_blank\" rel=\"noreferrer noopener\" data-linkindex=\"86\" data-auth=\"NotApplicable\">Alza en algunas encuestas y &#8216;nuevo aire&#8217; post debate: \u00bfPuede Matthei amenazar el liderazgo de Kast? Se refiere Mauricio Morales Quiroga, director del Centro de an\u00e1lisis Pol\u00edtico (CAP-UTalca)<\/a>\u00a0<\/div><div>\u00a0<\/div><div class=\"x_elementToProof\"><b>EMOL<\/b>\u00a0<br \/><a id=\"OWA5a5abce6-09f0-6687-fc01-a74ddf9b038f\" class=\"x_x_Hyperlink x_x_SCXW148996804 x_x_BCX0 x_x_OWAAutoLink\" title=\"https:\/\/www.emol.com\/noticias\/Nacional\/2025\/09\/17\/1178092\/maule-ximena-rincon-fuera-parlamentaria.html\" href=\"https:\/\/www.emol.com\/noticias\/Nacional\/2025\/09\/17\/1178092\/maule-ximena-rincon-fuera-parlamentaria.html\" target=\"_blank\" rel=\"noreferrer noopener\" data-linkindex=\"87\" data-auth=\"NotApplicable\">\u00bfC\u00f3mo se reconfigura la contienda?: Los efectos en la senatorial del Maule con Rinc\u00f3n fuera de carrera. Se refiere Mauricio Morales Quiroga, director del Centro de An\u00e1lisis Pol\u00edtico (CAP-UTalca).<\/a>\u00a0<\/div><div>\u00a0<\/div><div class=\"x_elementToProof\"><b>EL MERCURIO DE VALPARA\u00cdSO <\/b>\u00a0<br \/><a id=\"OWAf34e9874-054d-7ea4-3001-1c8cb096d613\" class=\"x_x_Hyperlink x_x_SCXW148996804 x_x_BCX0 x_x_OWAAutoLink\" title=\"https:\/\/www.litoralpress.cl\/paginaconsultas\/Servicios_NClipWeb\/Get_Imagen_Nota.aspx?LPKey=2C23RD735FPV3E4Q3TPU47AJOGW6YLBWXFYRRT6VQIJHCYRZN6IMR3J3IJBJOJL76KCMHPWN6HALI\" href=\"https:\/\/www.litoralpress.cl\/paginaconsultas\/Servicios_NClipWeb\/Get_Imagen_Nota.aspx?LPKey=2C23RD735FPV3E4Q3TPU47AJOGW6YLBWXFYRRT6VQIJHCYRZN6IMR3J3IJBJOJL76KCMHPWN6HALI\" target=\"_blank\" rel=\"noreferrer noopener\" data-linkindex=\"88\" data-auth=\"NotApplicable\">Matthei capitaliza tono de esperanza, Kast pierde brillo en la moderaci\u00f3n y Jara fue d\u00e9bil pero confiada en balotaje. Se refiere Mario Herrera Mu\u00f1oz, acad\u00e9mico del Centro de An\u00e1lisis Pol\u00edtico (CAP-UTalca).\u00a0<\/a>\u00a0\u00a0<\/div><div>\u00a0<\/div><div class=\"x_elementToProof\"><b>MEGA<\/b>\u00a0<br \/><a id=\"OWAd6a86700-afdd-3211-499e-1bbd34626789\" class=\"x_x_Hyperlink x_x_SCXW148996804 x_x_BCX0 x_x_OWAAutoLink\" title=\"https:\/\/www.mega.cl\/programas\/mucho-gusto\/mejores-momentos\/203021-lapidario-analisis-jeannette-jara-nueva-encuesta-cadem-jose-antonio-neme-mauricio-morales.html\" href=\"https:\/\/www.mega.cl\/programas\/mucho-gusto\/mejores-momentos\/203021-lapidario-analisis-jeannette-jara-nueva-encuesta-cadem-jose-antonio-neme-mauricio-morales.html\" target=\"_blank\" rel=\"noreferrer noopener\" data-linkindex=\"89\" data-auth=\"NotApplicable\">&#8220;No puede crecer&#8221; y &#8220;bastante desolador&#8221;: Lapidario an\u00e1lisis de Neme y Morales sobre Jara tras nueva Cadem. Se refiere Mauricio Morales Quiroga, director del Centro de an\u00e1lisis Pol\u00edtico (CAP-UTalca)<\/a>\u00a0<\/div><div>\u00a0<\/div><div class=\"x_elementToProof\"><b>RADIO UNIVERSIDAD DE CHILE<\/b>\u00a0<br \/><a id=\"OWA47866cd6-f9f9-45e4-2048-fab0672db8fd\" class=\"x_x_Hyperlink x_x_SCXW148996804 x_x_BCX0 x_x_OWAAutoLink\" title=\"https:\/\/radio.uchile.cl\/2025\/09\/12\/analista-mario-herrera-evelyn-matthei-tiene-chances-de-repuntar-en-las-encuestas\/\" href=\"https:\/\/radio.uchile.cl\/2025\/09\/12\/analista-mario-herrera-evelyn-matthei-tiene-chances-de-repuntar-en-las-encuestas\/\" target=\"_blank\" rel=\"noreferrer noopener\" data-linkindex=\"90\" data-auth=\"NotApplicable\">Evelyn Matthei &#8220;tiene chances de repuntar en las encuestas\u201d. Se refiere Mario Herrera Mu\u00f1oz, acad\u00e9mico del Centro de An\u00e1lisis Pol\u00edtico (CAP-UTalca)<\/a>\u00a0<\/div><div>\u00a0<\/div><div class=\"x_elementToProof\"><b>EMOL<\/b>\u00a0<br \/><a id=\"OWA33cf0be4-aaaf-c69f-0024-4a7811fccdab\" class=\"x_x_Hyperlink x_x_SCXW148996804 x_x_BCX0 x_x_OWAAutoLink\" title=\"https:\/\/www.emol.com\/noticias\/Nacional\/2025\/09\/13\/1177806\/implicancias-jadue-candidatura-jara-pc.html\" href=\"https:\/\/www.emol.com\/noticias\/Nacional\/2025\/09\/13\/1177806\/implicancias-jadue-candidatura-jara-pc.html\" target=\"_blank\" rel=\"noreferrer noopener\" data-linkindex=\"91\" data-auth=\"NotApplicable\">&#8216;Un riesgo&#8217; y &#8216;lesiona la conducci\u00f3n&#8217;: Analistas y el impacto de la inhabilitaci\u00f3n de Jadue en Jara y el PC. Se refiere Mario Herrera Mu\u00f1oz, acad\u00e9mico del Centro de An\u00e1lisis Pol\u00edtico (CAP-UTalca).<\/a>\u00a0<\/div><div>\u00a0<\/div><div class=\"x_elementToProof\"><b>EL MOSTRADOR<\/b>\u00a0<br \/><a id=\"OWA91f97c35-1da7-de9b-02ae-21baf7a60240\" class=\"x_x_Hyperlink x_x_SCXW148996804 x_x_BCX0 x_x_OWAAutoLink\" title=\"https:\/\/www.elmostrador.cl\/politica\/2025\/09\/14\/ocho-candidatos-para-ocho-analistas-la-evaluacion-al-hueso-del-debate-presidencial\/\" href=\"https:\/\/www.elmostrador.cl\/politica\/2025\/09\/14\/ocho-candidatos-para-ocho-analistas-la-evaluacion-al-hueso-del-debate-presidencial\/\" target=\"_blank\" rel=\"noreferrer noopener\" data-linkindex=\"92\" data-auth=\"NotApplicable\">Ocho candidatos para ocho analistas: la evaluaci\u00f3n al hueso del debate presidencial. Se refiere Mario Herrera Mu\u00f1oz, acad\u00e9mico del Centro de An\u00e1lisis Pol\u00edtico (CAP-UTalca)<\/a>\u00a0<\/div><div>\u00a0<\/div><div class=\"x_elementToProof\"><b>EMOL<\/b>\u00a0<br \/><a id=\"OWA1917a047-693c-1b2a-d124-e22d6334b63a\" class=\"x_x_Hyperlink x_x_SCXW148996804 x_x_BCX0 x_x_OWAAutoLink\" title=\"https:\/\/www.emol.com\/noticias\/Nacional\/2025\/09\/14\/1177839\/expertos-analizan-autocritica-jara-debate.html\" href=\"https:\/\/www.emol.com\/noticias\/Nacional\/2025\/09\/14\/1177839\/expertos-analizan-autocritica-jara-debate.html\" target=\"_blank\" rel=\"noreferrer noopener\" data-linkindex=\"93\" data-auth=\"NotApplicable\">Tras dura autocr\u00edtica: La lectura de analistas a dichos de Jara post debate y los efectos en su campa\u00f1a. Se refiere Mario Herrera Mu\u00f1oz, acad\u00e9mico del Centro de An\u00e1lisis Pol\u00edtico (CAP-UTalca)<\/a>\u00a0<\/div><div>\u00a0<\/div><div class=\"x_elementToProof\"><b>LA PRENSA DE CURIC\u00d3<\/b>\u00a0<br \/><a id=\"OWA7d2cd8a5-cad1-e8f6-f20e-e64e32475f80\" class=\"x_x_Hyperlink x_x_SCXW148996804 x_x_BCX0 x_x_OWAAutoLink\" title=\"https:\/\/www.litoralpress.cl\/paginaconsultas\/Servicios_NClipWeb\/Get_Imagen_Nota.aspx?LPKey=T3RS5GBJQAVQ6X2QRDIMETB2UDCL32FQZZ5FU7ADGQX2AQ24A7BQOJBG4WQKAF56AKR2TBTF466OE\" href=\"https:\/\/www.litoralpress.cl\/paginaconsultas\/Servicios_NClipWeb\/Get_Imagen_Nota.aspx?LPKey=T3RS5GBJQAVQ6X2QRDIMETB2UDCL32FQZZ5FU7ADGQX2AQ24A7BQOJBG4WQKAF56AKR2TBTF466OE\" target=\"_blank\" rel=\"noreferrer noopener\" data-linkindex=\"94\" data-auth=\"NotApplicable\">D\u00e9ficit de lluvias marca un invierno fr\u00edo y proyecta primavera seca y calurosa. Se refiere Patricio Gonz\u00e1lez Colville, acad\u00e9mico del Centro de Investigaci\u00f3n y Transferencia en Riego y Agroclimatolog\u00eda (CITRA).<\/a>\u00a0<\/div><div>\u00a0<\/div><div class=\"x_elementToProof\"><b>DIARIO LA PRENSA <\/b>\u00a0<br \/><a id=\"OWAb1b87ae1-38c4-ec24-3d13-90aaa30caac9\" class=\"x_x_Hyperlink x_x_SCXW148996804 x_x_BCX0 x_x_OWAAutoLink\" title=\"https:\/\/new.diariolaprensa.cl\/index.php\/2025\/09\/12\/deficit-de-lluvias-marca-un-invierno-frio-y-proyecta-primavera-seca-y-calurosa\/\" href=\"https:\/\/new.diariolaprensa.cl\/index.php\/2025\/09\/12\/deficit-de-lluvias-marca-un-invierno-frio-y-proyecta-primavera-seca-y-calurosa\/\" target=\"_blank\" rel=\"noreferrer noopener\" data-linkindex=\"95\" data-auth=\"NotApplicable\">D\u00e9ficit de lluvias marca un invierno fr\u00edo y proyecta primavera seca y calurosa. Se refiere Patricio Gonz\u00e1lez Colville, acad\u00e9mico del Centro de Investigaci\u00f3n y Transferencia en Riego y Agroclimatolog\u00eda (CITRA).<\/a>\u00a0<\/div><div>\u00a0<\/div><div class=\"x_elementToProof\"><b>TIERRA AMARILLANO<\/b>\u00a0<br \/><a id=\"OWA641139d3-fd6b-6e32-3f1c-db8a1d942a34\" class=\"x_x_Hyperlink x_x_SCXW148996804 x_x_BCX0 x_x_OWAAutoLink\" title=\"https:\/\/tierramarillano.cl\/2025\/09\/13\/deficit-de-lluvias-marca-un-invierno-frio-y-proyecta-primavera-seca-y-calurosa\/\" href=\"https:\/\/tierramarillano.cl\/2025\/09\/13\/deficit-de-lluvias-marca-un-invierno-frio-y-proyecta-primavera-seca-y-calurosa\/\" target=\"_blank\" rel=\"noreferrer noopener\" data-linkindex=\"96\" data-auth=\"NotApplicable\">D\u00e9ficit de lluvias marca un invierno fr\u00edo y proyecta primavera seca y calurosa. Se refiere Patricio Gonz\u00e1lez Colville, acad\u00e9mico del Centro de Investigaci\u00f3n y Transferencia en Riego y Agroclimatolog\u00eda (CITRA).<\/a>\u00a0<\/div><div>\u00a0<\/div><div class=\"x_elementToProof\"><b>EL MOSTRADOR<\/b>\u00a0<br \/><a id=\"OWA515d8428-7fa8-92a1-cf2a-a611e735011a\" class=\"x_x_Hyperlink x_x_SCXW148996804 x_x_BCX0 x_x_OWAAutoLink\" title=\"https:\/\/www.elmostrador.cl\/revista-jengibre\/viajes\/outdoor\/2025\/09\/12\/rios-y-humedales-bienestar-naturaleza-y-su-rol-para-enfrentar-la-crisis-climatica\/\" href=\"https:\/\/www.elmostrador.cl\/revista-jengibre\/viajes\/outdoor\/2025\/09\/12\/rios-y-humedales-bienestar-naturaleza-y-su-rol-para-enfrentar-la-crisis-climatica\/\" target=\"_blank\" rel=\"noreferrer noopener\" data-linkindex=\"97\" data-auth=\"NotApplicable\">R\u00edos y humedales: bienestar, naturaleza y su rol para enfrentar la crisis clim\u00e1tica. Se refiere Mauricio Quiroz, acad\u00e9mico del Instituto de Ciencias Biol\u00f3gicas.<\/a>\u00a0<\/div><div>\u00a0<\/div><div class=\"x_elementToProof\"><b>S\u00c9PTIMA REGI\u00d3N NOTICIAS<\/b>\u00a0<br \/><a id=\"OWA11e57be4-18cd-9431-8e74-600b63c6e30e\" class=\"x_x_Hyperlink x_x_SCXW148996804 x_x_BCX0 x_x_OWAAutoLink\" title=\"https:\/\/www.septimapaginanoticias.cl\/por-que-son-tan-importantes-los-rios-y-humedales-para-enfrentar-la-crisis-climatica\" href=\"https:\/\/www.septimapaginanoticias.cl\/por-que-son-tan-importantes-los-rios-y-humedales-para-enfrentar-la-crisis-climatica\" target=\"_blank\" rel=\"noreferrer noopener\" data-linkindex=\"98\" data-auth=\"NotApplicable\">\u00bfPor qu\u00e9 son tan importantes los r\u00edos y humedales para enfrentar la crisis clim\u00e1tica? Se refiere Mauricio Quiroz, acad\u00e9mico del Instituto de Ciencias Biol\u00f3gicas.<\/a>\u00a0<\/div><div>\u00a0<\/div><div class=\"x_elementToProof\"><b>COOPERATIVA CIENCIA<\/b>\u00a0<br \/><a id=\"OWA9a31e0c1-0ab2-3caa-dd74-15103b759d76\" class=\"x_x_Hyperlink x_x_SCXW148996804 x_x_BCX0 x_x_OWAAutoLink\" title=\"https:\/\/www.cooperativaciencia.cl\/medio-ambiente\/2025\/09\/12\/rios-y-humedales-pilares-vitales-para-hacer-frente-a-la-crisis-climatica\/\" href=\"https:\/\/www.cooperativaciencia.cl\/medio-ambiente\/2025\/09\/12\/rios-y-humedales-pilares-vitales-para-hacer-frente-a-la-crisis-climatica\/\" target=\"_blank\" rel=\"noreferrer noopener\" data-linkindex=\"99\" data-auth=\"NotApplicable\">R\u00edos y humedales: Pilares vitales para hacer frente a la crisis clim\u00e1tica. Se refiere Mauricio Quiroz, acad\u00e9mico del Instituto de Ciencias Biol\u00f3gicas.<\/a>\u00a0<\/div><div>\u00a0<\/div><div class=\"x_elementToProof\"><b>RADIO LAUTARO<\/b>\u00a0<br \/><a id=\"OWA042a86e9-df8d-2ec3-7324-766e66270494\" class=\"x_x_Hyperlink x_x_SCXW148996804 x_x_BCX0 x_x_OWAAutoLink\" title=\"https:\/\/radiolautarotalca.cl\/por-que-son-tan-importantes-los-rios-y-humedales-para-enfrentar-la-crisis-climatica\/\" href=\"https:\/\/radiolautarotalca.cl\/por-que-son-tan-importantes-los-rios-y-humedales-para-enfrentar-la-crisis-climatica\/\" target=\"_blank\" rel=\"noreferrer noopener\" data-linkindex=\"100\" data-auth=\"NotApplicable\">\u00bfPor qu\u00e9 son tan importantes los r\u00edos y humedales para enfrentar la crisis clim\u00e1tica? Se refiere Mauricio Quiroz, acad\u00e9mico del Instituto de Ciencias Biol\u00f3gicas.<\/a>\u00a0<\/div><div>\u00a0<\/div><div class=\"x_elementToProof\"><b>TIERRA AMARILLANO<\/b>\u00a0<br \/><a id=\"OWAd2a30480-bc5b-0d2d-8133-0747ad415332\" class=\"x_x_Hyperlink x_x_SCXW148996804 x_x_BCX0 x_x_OWAAutoLink\" title=\"https:\/\/tierramarillano.cl\/2025\/09\/13\/por-que-son-tan-importantes-los-rios-y-humedales-para-enfrentar-la-crisis-climatica\/\" href=\"https:\/\/tierramarillano.cl\/2025\/09\/13\/por-que-son-tan-importantes-los-rios-y-humedales-para-enfrentar-la-crisis-climatica\/\" target=\"_blank\" rel=\"noreferrer noopener\" data-linkindex=\"101\" data-auth=\"NotApplicable\">\u00bfPor qu\u00e9 son tan importantes los r\u00edos y humedales para enfrentar la crisis clim\u00e1tica? Se refiere Mauricio Quiroz, acad\u00e9mico del Instituto de Ciencias Biol\u00f3gicas.<\/a>\u00a0<\/div><div>\u00a0<\/div><div class=\"x_elementToProof\"><b>RADIO AGRICULTURA<\/b>\u00a0<br \/><a id=\"OWA07e2f5a0-0d20-2d57-1ffc-4607942444c4\" class=\"x_x_Hyperlink x_x_SCXW148996804 x_x_BCX0 x_x_OWAAutoLink\" title=\"https:\/\/www.radioagricultura.cl\/noticias\/nacional\/senales-de-alerta-y-recomendaciones-en-la-prevencion-del-suicidio_20250920\/\" href=\"https:\/\/www.radioagricultura.cl\/noticias\/nacional\/senales-de-alerta-y-recomendaciones-en-la-prevencion-del-suicidio_20250920\/\" target=\"_blank\" rel=\"noreferrer noopener\" data-linkindex=\"102\" data-auth=\"NotApplicable\">Se\u00f1ales de alerta y recomendaciones en la prevenci\u00f3n del suicidio. Se refiere Daniel Jim\u00e9nez, director de Salud del Estudiante y Felipe Guti\u00e9rrez, psic\u00f3logo DSE.<\/a>\u00a0<\/div><div>\u00a0<\/div><div class=\"x_elementToProof\"><b>PORTAL RED SALUD<\/b>\u00a0<br \/><a id=\"OWAc6636c67-dbf8-a202-209d-4065603464ae\" class=\"x_x_Hyperlink x_x_SCXW148996804 x_x_BCX0 x_x_OWAAutoLink\" title=\"https:\/\/portalredsalud.cl\/2025\/09\/20\/conversar-nos-cuida-senales-de-alerta-y-recomendaciones-en-la-prevencion-del-suicidio\/\" href=\"https:\/\/portalredsalud.cl\/2025\/09\/20\/conversar-nos-cuida-senales-de-alerta-y-recomendaciones-en-la-prevencion-del-suicidio\/\" target=\"_blank\" rel=\"noreferrer noopener\" data-linkindex=\"103\" data-auth=\"NotApplicable\">Se\u00f1ales de alerta y recomendaciones en la prevenci\u00f3n del suicidio. Se refiere Daniel Jim\u00e9nez, director de Salud del Estudiante y Felipe Guti\u00e9rrez, psic\u00f3logo DSE.<\/a>\u00a0<\/div><div>\u00a0<\/div><div class=\"x_elementToProof\"><b>TV5<\/b>\u00a0<br \/><a id=\"OWAfaca0d60-0ada-e0a0-8e17-b71f5555b7e8\" class=\"x_x_Hyperlink x_x_SCXW148996804 x_x_BCX0 x_x_OWAAutoLink\" title=\"https:\/\/www.tv5.cl\/categoria\/local\/prevencion-suicidio-senales-alerta-recomendaciones-diario-talca\" href=\"https:\/\/www.tv5.cl\/categoria\/local\/prevencion-suicidio-senales-alerta-recomendaciones-diario-talca\" target=\"_blank\" rel=\"noreferrer noopener\" data-linkindex=\"104\" data-auth=\"NotApplicable\">Prevenci\u00f3n del suicidio: se\u00f1ales de alerta y recomendaciones. Se refiere Daniel Jim\u00e9nez, director de Salud del Estudiante y Felipe Guti\u00e9rrez, psic\u00f3logo DSE.<\/a>\u00a0<\/div><div>\u00a0<\/div><div class=\"x_elementToProof\"><b>EL LECTOR<\/b>\u00a0<br \/><a id=\"OWA2d07082d-2346-8cf7-1967-6449a992e85a\" class=\"x_x_Hyperlink x_x_SCXW148996804 x_x_BCX0 x_x_OWAAutoLink\" title=\"https:\/\/www.litoralpress.cl\/sitio\/Prensa_Detalles.cshtml?LPKey=HBQXUGHGKN3B5AGWNVRHY3ZC3NKWXGT2DATAEGM3AZLLTPL7ME5A\" href=\"https:\/\/www.litoralpress.cl\/sitio\/Prensa_Detalles.cshtml?LPKey=HBQXUGHGKN3B5AGWNVRHY3ZC3NKWXGT2DATAEGM3AZLLTPL7ME5A\" target=\"_blank\" rel=\"noreferrer noopener\" data-linkindex=\"105\" data-auth=\"NotApplicable\">Conversar nos cuida: se\u00f1ales de alerta y recomendaciones en la prevenci\u00f3n del suicidio. Se refiere Daniel Jim\u00e9nez, director de Salud del Estudiante y Felipe Guti\u00e9rrez, psic\u00f3logo DSE.<\/a>\u00a0<\/div><div>\u00a0<\/div><div class=\"x_elementToProof\"><b>DIARIO LA MA\u00d1ANA<\/b>\u00a0<br \/><a id=\"OWA0d0b2de9-faa3-21ab-2695-a251d8cf29ad\" class=\"x_x_Hyperlink x_x_SCXW148996804 x_x_BCX0 x_x_OWAAutoLink\" title=\"https:\/\/xn--diariolamaana-rkb.cl\/seremi-de-salud-refuerza-la-prevencion-del-suicidio\/\" href=\"https:\/\/xn--diariolamaana-rkb.cl\/seremi-de-salud-refuerza-la-prevencion-del-suicidio\/\" target=\"_blank\" rel=\"noreferrer noopener\" data-linkindex=\"106\" data-auth=\"NotApplicable\">Seremi de Salud refuerza la prevenci\u00f3n del suicidio. Se refiere Daniel Jim\u00e9nez, director de Salud Estudiantil.<\/a>\u00a0<\/div><div>\u00a0<\/div><div class=\"x_elementToProof\"><b>AM NOTICIAS<\/b>\u00a0<br \/><a id=\"OWA978c4dfd-78e5-7039-6f76-7d9569b0262f\" class=\"x_x_Hyperlink x_x_SCXW148996804 x_x_BCX0 x_x_OWAAutoLink\" title=\"https:\/\/amnoticias.cl\/seremi-de-salud-refuerza-la-prevencion-del-suicidio\/\" href=\"https:\/\/amnoticias.cl\/seremi-de-salud-refuerza-la-prevencion-del-suicidio\/\" target=\"_blank\" rel=\"noreferrer noopener\" data-linkindex=\"107\" data-auth=\"NotApplicable\">Seremi de Salud refuerza la prevenci\u00f3n del suicidio. Se refiere Daniel Jim\u00e9nez, director de Salud Estudiantil.<\/a>\u00a0<\/div><div>\u00a0<\/div><div class=\"x_elementToProof\"><b>LA PRENSA DE CURIC\u00d3<\/b>\u00a0<br \/><a id=\"OWA3baf9cb0-399e-9f5c-38a4-da856d3a4ab1\" class=\"x_x_Hyperlink x_x_SCXW148996804 x_x_BCX0 x_x_OWAAutoLink\" title=\"https:\/\/www.litoralpress.cl\/sitio\/Prensa_PaginaCompleta.cshtml?LPKey=T6R63VFQPMCHU2OXB7X2TGUIEQGPDLR2DNG5B7XGZ3552HEULOXQ\" href=\"https:\/\/www.litoralpress.cl\/sitio\/Prensa_PaginaCompleta.cshtml?LPKey=T6R63VFQPMCHU2OXB7X2TGUIEQGPDLR2DNG5B7XGZ3552HEULOXQ\" target=\"_blank\" rel=\"noreferrer noopener\" data-linkindex=\"108\" data-auth=\"NotApplicable\">Especialistas maulinos alertan sobre se\u00f1ales para detectar y evitar el suicidio. Se refiere Daniel Jim\u00e9nez, director de Salud del Estudiante y Felipe Guti\u00e9rrez, psic\u00f3logo DSE.<\/a> \u00a0<\/div><div>\u00a0<\/div><div class=\"x_elementToProof\"><b>RADIO LAUTARO<\/b>\u00a0<br \/><a id=\"OWA78c91a84-3543-8e79-e34f-fc971af8504a\" class=\"x_x_Hyperlink x_x_SCXW148996804 x_x_BCX0 x_x_OWAAutoLink\" title=\"https:\/\/radiolautarotalca.cl\/radiografia-de-directores-escolares-en-chile-mas-mujeres-mayor-formacion-y-alta-rotacion\/\" href=\"https:\/\/radiolautarotalca.cl\/radiografia-de-directores-escolares-en-chile-mas-mujeres-mayor-formacion-y-alta-rotacion\/\" target=\"_blank\" rel=\"noreferrer noopener\" data-linkindex=\"109\" data-auth=\"NotApplicable\">Radiograf\u00eda de directores escolares en Chile: m\u00e1s mujeres, mayor formaci\u00f3n y alta rotaci\u00f3n. Se refiere Mauricio Veliz, decano de la Facultad de Ciencias de la Educaci\u00f3n\u202fy Nibaldo Benavides, acad\u00e9mico del Centro de Investigaci\u00f3n de Desarrollo Educacional (CIDE UTalca).<\/a>\u00a0<\/div><div>\u00a0<\/div><div class=\"x_elementToProof\"><b>EL NAVEGHABLE<\/b>\u00a0<br \/><a id=\"OWA729902f9-38e9-870f-bf0c-4982741eb944\" class=\"x_x_Hyperlink x_x_SCXW148996804 x_x_BCX0 x_x_OWAAutoLink\" title=\"https:\/\/www.elnaveghable.cl\/noticia\/sociedad\/directores-escolares-en-chile-mas-mujeres-mayor-formacion-y-alta-rotacion\" href=\"https:\/\/www.elnaveghable.cl\/noticia\/sociedad\/directores-escolares-en-chile-mas-mujeres-mayor-formacion-y-alta-rotacion\" target=\"_blank\" rel=\"noreferrer noopener\" data-linkindex=\"110\" data-auth=\"NotApplicable\">Directores escolares en Chile: M\u00e1s mujeres, mayor formaci\u00f3n y alta rotaci\u00f3n. Se refiere Mauricio Veliz, decano de la Facultad de Ciencias de la Educaci\u00f3n\u202fy Nibaldo Benavides, acad\u00e9mico del Centro de Investigaci\u00f3n de Desarrollo Educacional (CIDE UTalca).<\/a>\u00a0<\/div><div>\u00a0<\/div><div class=\"x_elementToProof\"><b>EL VACANUDO<\/b>\u00a0<br \/><a id=\"OWAacd4ea3a-9ce9-1314-b2ab-bcbf86ea8b60\" class=\"x_x_Hyperlink x_x_SCXW148996804 x_x_BCX0 x_x_OWAAutoLink\" title=\"https:\/\/www.elvacanudo.cl\/noticia\/sociedad\/directores-escolares-en-chile-mas-mujeres-mayor-formacion-y-alta-rotacion\" href=\"https:\/\/www.elvacanudo.cl\/noticia\/sociedad\/directores-escolares-en-chile-mas-mujeres-mayor-formacion-y-alta-rotacion\" target=\"_blank\" rel=\"noreferrer noopener\" data-linkindex=\"111\" data-auth=\"NotApplicable\">Directores escolares en Chile: M\u00e1s mujeres, mayor formaci\u00f3n y alta rotaci\u00f3n. Se refiere Mauricio Veliz, decano de la Facultad de Ciencias de la Educaci\u00f3n\u202fy Nibaldo Benavides, acad\u00e9mico del Centro de Investigaci\u00f3n de Desarrollo Educacional (CIDE UTalca).<\/a>\u00a0<\/div><div>\u00a0<\/div><div class=\"x_elementToProof\"><b>EL NORTERO<\/b>\u00a0<br \/><a id=\"OWA8c2aac12-08f7-c3b7-905e-6c82260dbffc\" class=\"x_x_Hyperlink x_x_SCXW148996804 x_x_BCX0 x_x_OWAAutoLink\" title=\"https:\/\/www.elnortero.cl\/noticia\/sociedad\/directores-escolares-en-chile-mas-mujeres-mayor-formacion-y-alta-rotacion\" href=\"https:\/\/www.elnortero.cl\/noticia\/sociedad\/directores-escolares-en-chile-mas-mujeres-mayor-formacion-y-alta-rotacion\" target=\"_blank\" rel=\"noreferrer noopener\" data-linkindex=\"112\" data-auth=\"NotApplicable\">Directores escolares en Chile: M\u00e1s mujeres, mayor formaci\u00f3n y alta rotaci\u00f3n. Se refiere Mauricio Veliz, decano de la Facultad de Ciencias de la Educaci\u00f3n\u202fy Nibaldo Benavides, acad\u00e9mico del Centro de Investigaci\u00f3n de Desarrollo Educacional (CIDE UTalca).<\/a>\u00a0<\/div><div>\u00a0<\/div><div class=\"x_elementToProof\"><b>EL MORROCOTURO<\/b>\u00a0<br \/><a id=\"OWAfb62baaa-0768-a98e-ea8e-dc710115d7f0\" class=\"x_x_Hyperlink x_x_SCXW148996804 x_x_BCX0 x_x_OWAAutoLink\" title=\"https:\/\/www.elmorrocotudo.cl\/noticia\/sociedad\/directores-escolares-en-chile-mas-mujeres-mayor-formacion-y-alta-rotacion\" href=\"https:\/\/www.elmorrocotudo.cl\/noticia\/sociedad\/directores-escolares-en-chile-mas-mujeres-mayor-formacion-y-alta-rotacion\" target=\"_blank\" rel=\"noreferrer noopener\" data-linkindex=\"113\" data-auth=\"NotApplicable\">Directores escolares en Chile: M\u00e1s mujeres, mayor formaci\u00f3n y alta rotaci\u00f3n. Se refiere Mauricio Veliz, decano de la Facultad de Ciencias de la Educaci\u00f3n\u202fy Nibaldo Benavides, acad\u00e9mico del Centro de Investigaci\u00f3n de Desarrollo Educacional (CIDE UTalca).<\/a>\u00a0<\/div><div>\u00a0<\/div><div class=\"x_elementToProof\"><b>EL AMAULE<\/b>\u00a0<br \/><a id=\"OWAc8080b66-521f-223d-2a40-896397dec132\" class=\"x_x_Hyperlink x_x_SCXW148996804 x_x_BCX0 x_x_OWAAutoLink\" title=\"https:\/\/www.elamaule.cl\/noticia\/sociedad\/directores-escolares-en-chile-mas-mujeres-mayor-formacion-y-alta-rotacion\" href=\"https:\/\/www.elamaule.cl\/noticia\/sociedad\/directores-escolares-en-chile-mas-mujeres-mayor-formacion-y-alta-rotacion\" target=\"_blank\" rel=\"noreferrer noopener\" data-linkindex=\"114\" data-auth=\"NotApplicable\">Directores escolares en Chile: M\u00e1s mujeres, mayor formaci\u00f3n y alta rotaci\u00f3n. Se refiere Mauricio Veliz, decano de la Facultad de Ciencias de la Educaci\u00f3n\u202fy Nibaldo Benavides, acad\u00e9mico del Centro de Investigaci\u00f3n de Desarrollo Educacional (CIDE UTalca).<\/a>\u00a0<\/div><div>\u00a0<\/div><div class=\"x_elementToProof\"><b>EL MOSTRADOR<\/b>\u00a0<br \/><a id=\"OWA9564c02b-df49-0726-17d9-8c22443a1bae\" class=\"x_x_Hyperlink x_x_SCXW148996804 x_x_BCX0 x_x_OWAAutoLink\" title=\"https:\/\/www.elmostrador.cl\/agenda-pais\/agenda-social\/2025\/09\/12\/identifican-factores-que-predicen-la-ausencia-prolongada-de-trabajadores-tras-accidentes-laborales\/\" href=\"https:\/\/www.elmostrador.cl\/agenda-pais\/agenda-social\/2025\/09\/12\/identifican-factores-que-predicen-la-ausencia-prolongada-de-trabajadores-tras-accidentes-laborales\/\" target=\"_blank\" rel=\"noreferrer noopener\" data-linkindex=\"115\" data-auth=\"NotApplicable\">Identifican factores que predicen la ausencia prolongada de trabajadores tras accidentes laborales. Se refiere Sandra Alvear, acad\u00e9mica de la Facultad de Econom\u00eda y Negocios.<\/a>\u00a0<\/div><div>\u00a0<\/div><div class=\"x_elementToProof\"><b>RADIO LAUTARO<\/b>\u00a0<br \/><a id=\"OWA4a693886-8458-6b8c-fbdb-0a73420c2062\" class=\"x_x_Hyperlink x_x_SCXW148996804 x_x_BCX0 x_x_OWAAutoLink\" title=\"https:\/\/radiolautarotalca.cl\/estudio-identifico-factores-que-predicen-la-ausencia-prolongada-de-trabajadores-tras-accidentes-laborales\/\" href=\"https:\/\/radiolautarotalca.cl\/estudio-identifico-factores-que-predicen-la-ausencia-prolongada-de-trabajadores-tras-accidentes-laborales\/\" target=\"_blank\" rel=\"noreferrer noopener\" data-linkindex=\"116\" data-auth=\"NotApplicable\">Estudio identific\u00f3 factores que predicen la ausencia prolongada de trabajadores tras accidentes laborales. Se refiere Sandra Alvear, acad\u00e9mica de la Facultad de Econom\u00eda y Negocios.<\/a>\u00a0<\/div><div>\u00a0<\/div><div class=\"x_elementToProof\"><b>MSN CHILE<\/b>\u00a0<br \/><a id=\"OWAad90df46-90d2-582e-4e73-566f8314461f\" class=\"x_x_Hyperlink x_x_SCXW148996804 x_x_BCX0 x_x_OWAAutoLink\" title=\"https:\/\/www.msn.com\/es-cl\/noticias\/other\/identifican-factores-que-predicen-la-ausencia-prolongada-de-trabajadores-tras-accidentes-laborales\/ar-AA1Mough\" href=\"https:\/\/www.msn.com\/es-cl\/noticias\/other\/identifican-factores-que-predicen-la-ausencia-prolongada-de-trabajadores-tras-accidentes-laborales\/ar-AA1Mough\" target=\"_blank\" rel=\"noreferrer noopener\" data-linkindex=\"117\" data-auth=\"NotApplicable\">Identifican factores que predicen la ausencia prolongada de trabajadores tras accidentes laborales. Se refiere Sandra Alvear, acad\u00e9mica de la Facultad de Econom\u00eda y Negocios.<\/a>\u00a0<\/div><div>\u00a0<\/div><div class=\"x_elementToProof\"><b>EL RANCAG\u00dcINO<\/b>\u00a0<br \/><a id=\"OWA1f602901-604c-f3b3-1c55-412d0b9709d5\" class=\"x_x_Hyperlink x_x_SCXW148996804 x_x_BCX0 x_x_OWAAutoLink\" title=\"https:\/\/www.elrancaguino.cl\/2025\/09\/13\/estudio-identifico-factores-que-predicen-la-ausencia-prolongada-de-trabajadores-tras-accidentes-laborales\/\" href=\"https:\/\/www.elrancaguino.cl\/2025\/09\/13\/estudio-identifico-factores-que-predicen-la-ausencia-prolongada-de-trabajadores-tras-accidentes-laborales\/\" target=\"_blank\" rel=\"noreferrer noopener\" data-linkindex=\"118\" data-auth=\"NotApplicable\">Identifican factores que predicen la ausencia prolongada de trabajadores tras accidentes laborales. Se refiere Sandra Alvear, acad\u00e9mica de la Facultad de Econom\u00eda y Negocios.<\/a>\u00a0<\/div><div>\u00a0<\/div><div class=\"x_elementToProof\"><b>EL MOSTRADOR<\/b>\u00a0<br \/><a id=\"OWAf9580824-b05a-a30c-d15e-955ea295e1e5\" class=\"x_x_Hyperlink x_x_SCXW148996804 x_x_BCX0 x_x_OWAAutoLink\" title=\"https:\/\/www.elmostrador.cl\/cultura\/agenda\/2025\/09\/12\/bienal-iberoamericana-sobre-creacion-y-el-territorio\/\" href=\"https:\/\/www.elmostrador.cl\/cultura\/agenda\/2025\/09\/12\/bienal-iberoamericana-sobre-creacion-y-el-territorio\/\" target=\"_blank\" rel=\"noreferrer noopener\" data-linkindex=\"119\" data-auth=\"NotApplicable\">Bienal Iberoamericana sobre Creaci\u00f3n y el Territorio. Se refiere Jos\u00e9 Luis Uribe, responsable de la Direcci\u00f3n de Creaci\u00f3n<\/a>\u00a0<\/div><div>\u00a0<\/div><div class=\"x_elementToProof\"><b>\u00a0CANAL 2 LINARES<\/b>\u00a0<br \/><a id=\"OWA0b3142c7-d885-8f53-be7f-d8020bee33b1\" class=\"x_x_Hyperlink x_x_SCXW148996804 x_x_BCX0 x_x_OWAAutoLink\" title=\"https:\/\/www.canal2linares.cl\/2025\/09\/utalca-organiza-bienal-iberoamericana.html\" href=\"https:\/\/www.canal2linares.cl\/2025\/09\/utalca-organiza-bienal-iberoamericana.html\" target=\"_blank\" rel=\"noreferrer noopener\" data-linkindex=\"120\" data-auth=\"NotApplicable\">UTalca organiza Bienal Iberoamericana sobre Creaci\u00f3n y el Territorio. Se refiere Jos\u00e9 Luis Uribe, responsable de la Direcci\u00f3n de Creaci\u00f3n.<\/a>\u202f\u00a0<\/div><div>\u00a0<\/div><div class=\"x_elementToProof\"><b>PORTAL EDUCA<\/b>\u00a0<br \/><a id=\"OWAd1be3b20-1845-22c6-6f83-5a3ebef5beb7\" class=\"x_x_Hyperlink x_x_SCXW148996804 x_x_BCX0 x_x_OWAAutoLink\" title=\"https:\/\/portaleduca.cl\/utalca-organiza-bienal-iberoamericana-sobre-creacion-y-el-territorio\/\" href=\"https:\/\/portaleduca.cl\/utalca-organiza-bienal-iberoamericana-sobre-creacion-y-el-territorio\/\" target=\"_blank\" rel=\"noreferrer noopener\" data-linkindex=\"121\" data-auth=\"NotApplicable\">UTalca organiza Bienal Iberoamericana sobre Creaci\u00f3n y el Territorio. Se refiere Jos\u00e9 Luis Uribe, responsable de la Direcci\u00f3n de Creaci\u00f3n.<\/a>\u00a0<\/div><div class=\"x_elementToProof\" aria-hidden=\"true\">\u00a0<\/div><div class=\"x_elementToProof\"><b>EL RANCAG\u00dcINO<\/b>\u00a0<br \/><a id=\"OWA8b2f88f6-3296-e6d2-fe85-7f8be6ae2567\" class=\"x_x_Hyperlink x_x_SCXW148996804 x_x_BCX0 x_x_OWAAutoLink\" title=\"https:\/\/www.elrancaguino.cl\/2025\/09\/12\/estudio-detecta-que-personas-mayores-en-chile-tienen-solo-un-amigo-cercano\/\" href=\"https:\/\/www.elrancaguino.cl\/2025\/09\/12\/estudio-detecta-que-personas-mayores-en-chile-tienen-solo-un-amigo-cercano\/\" target=\"_blank\" rel=\"noreferrer noopener\" data-linkindex=\"122\" data-auth=\"NotApplicable\">Estudio detecta que personas mayores en Chile tienen solo un amigo cercano. Se refiere Emilio Moyano, acad\u00e9mico de la Facultad de Psicolog\u00eda.<\/a>\u00a0\u00a0<\/div><div>\u00a0<\/div><div class=\"x_elementToProof\"><b>EL RENCAG\u00dcINO<\/b>\u00a0<br \/><a id=\"OWA752b0fa3-d177-3c74-cfe2-1c42b23f443a\" class=\"x_x_Hyperlink x_x_SCXW148996804 x_x_BCX0 x_x_OWAAutoLink\" title=\"https:\/\/www.litoralpress.cl\/paginaconsultas\/Servicios_NClipWeb\/Get_Imagen_Nota.aspx?LPKey=5G3BJGWD3E6BI7IIXCZMIYA5TXF74463TJFGF6RWQED6FNLVYP4Z3ZLJ5VO4UFRH2DVV4DJXNHEBU\" href=\"https:\/\/www.litoralpress.cl\/paginaconsultas\/Servicios_NClipWeb\/Get_Imagen_Nota.aspx?LPKey=5G3BJGWD3E6BI7IIXCZMIYA5TXF74463TJFGF6RWQED6FNLVYP4Z3ZLJ5VO4UFRH2DVV4DJXNHEBU\" target=\"_blank\" rel=\"noreferrer noopener\" data-linkindex=\"123\" data-auth=\"NotApplicable\">Estudio detecta que personas mayores en chile tienen solo un amigo cercano. Se refiere Emilio Moyano, acad\u00e9mico de la Facultad de Psicolog\u00eda.<\/a>\u00a0\u00a0<\/div><div>\u00a0<\/div><div class=\"x_elementToProof\"><b>LAS \u00daLTIMAS NOTICIAS<\/b>\u00a0<br \/><a id=\"OWAeaf4d893-2a01-35e0-8e93-a0c7a5b9b9a8\" class=\"x_x_Hyperlink x_x_SCXW148996804 x_x_BCX0 x_x_OWAAutoLink\" title=\"https:\/\/www.litoralpress.cl\/paginaconsultas\/Servicios_NClipWeb\/Get_Imagen_Nota.aspx?LPKey=SX2E5TABJBIDJZL6E7TCQ6BUC2OX2DJSSWLQU5AGDRDHYW5CDICG3ZD7H5EQVRQRFZCTMW7EMQKG2\" href=\"https:\/\/www.litoralpress.cl\/paginaconsultas\/Servicios_NClipWeb\/Get_Imagen_Nota.aspx?LPKey=SX2E5TABJBIDJZL6E7TCQ6BUC2OX2DJSSWLQU5AGDRDHYW5CDICG3ZD7H5EQVRQRFZCTMW7EMQKG2\" target=\"_blank\" rel=\"noreferrer noopener\" data-linkindex=\"124\" data-auth=\"NotApplicable\">Cu\u00e1nto ganan los contadores auditores seg\u00fan d\u00f3nde estudiaron. Se menciona la Universidad de Talca.<\/a>\u00a0<\/div><div>\u00a0<\/div><div class=\"x_elementToProof\"><b>EL MERCURIO DE VALPARA\u00cdSO<\/b> \u00a0<br \/><a id=\"OWA336ed565-76b0-e856-270a-64353e15a3c0\" class=\"x_x_Hyperlink x_x_SCXW148996804 x_x_BCX0 x_x_OWAAutoLink\" title=\"https:\/\/www.litoralpress.cl\/paginaconsultas\/Servicios_NClipWeb\/Get_Imagen_Nota.aspx?LPKey=A5R2NCP4W673WR5QC6O42CAURZRRF7CK52DRRIZLH67UTLJXXMP44RZ6G2KH3Z2ZXKT37XFYJ5ADI\" href=\"https:\/\/www.litoralpress.cl\/paginaconsultas\/Servicios_NClipWeb\/Get_Imagen_Nota.aspx?LPKey=A5R2NCP4W673WR5QC6O42CAURZRRF7CK52DRRIZLH67UTLJXXMP44RZ6G2KH3Z2ZXKT37XFYJ5ADI\" target=\"_blank\" rel=\"noreferrer noopener\" data-linkindex=\"125\" data-auth=\"NotApplicable\">PORTADA. Se menciona la Universidad de Talca.<\/a>\u00a0<\/div><div>\u00a0<\/div><div class=\"x_elementToProof\"><b>CANAL 13<\/b>\u00a0<br \/><a id=\"OWA535ef01f-4ded-c61a-afda-c6d2f30dc445\" class=\"x_x_Hyperlink x_x_SCXW148996804 x_x_BCX0 x_x_OWAAutoLink\" title=\"https:\/\/www.litoralpress.cl\/paginaconsultas\/Servicios_NClipWeb\/Get_Imagen_Nota.aspx?LPKey=T3RS5GBJQAVQ6X2QRDIMETB2UDCL32FQZZ5FU7ADGQX2AQ24A7BQOJBG4WQKAF56AKR2TBTF466OE\" href=\"https:\/\/www.litoralpress.cl\/paginaconsultas\/Servicios_NClipWeb\/Get_Imagen_Nota.aspx?LPKey=T3RS5GBJQAVQ6X2QRDIMETB2UDCL32FQZZ5FU7ADGQX2AQ24A7BQOJBG4WQKAF56AKR2TBTF466OE\" target=\"_blank\" rel=\"noreferrer noopener\" data-linkindex=\"126\" data-auth=\"NotApplicable\">15 mujeres de San Ram\u00f3n participan de la elecci\u00f3n de &#8220;Miss Persona Mayor&#8221;. Se menciona la Universidad de Talca<\/a>\u00a0<\/div><div>\u00a0<\/div><div class=\"x_elementToProof\"><b>VIVIMOS LA NOTICIA<\/b>\u00a0<br \/><a id=\"OWAad3ce5fa-a4ab-a81f-9577-1f7f04e84f00\" class=\"x_x_Hyperlink x_x_SCXW148996804 x_x_BCX0 x_x_OWAAutoLink\" title=\"https:\/\/www.vlnradio.cl\/noticias\/nacional\/region-del-maule\/2025\/09\/12\/renuncia-seremi-de-agricultura-del-maule\/\" href=\"https:\/\/www.vlnradio.cl\/noticias\/nacional\/region-del-maule\/2025\/09\/12\/renuncia-seremi-de-agricultura-del-maule\/\" target=\"_blank\" rel=\"noreferrer noopener\" data-linkindex=\"127\" data-auth=\"NotApplicable\">Renuncia seremi de Agricultura del Maule. Se menciona la Universidad de Talca.<\/a>\u00a0<\/div><div>\u00a0<\/div><div class=\"x_elementToProof\"><b>CANAL 2 LINARES<\/b>\u00a0<br \/><a id=\"OWAe100107c-fda0-0717-fc2c-173210d0029e\" class=\"x_x_Hyperlink x_x_SCXW148996804 x_x_BCX0 x_x_OWAAutoLink\" title=\"https:\/\/www.canal2linares.cl\/2025\/09\/talca-da-el-puntapie-inicial-la-feria.html\" href=\"https:\/\/www.canal2linares.cl\/2025\/09\/talca-da-el-puntapie-inicial-la-feria.html\" target=\"_blank\" rel=\"noreferrer noopener\" data-linkindex=\"128\" data-auth=\"NotApplicable\">Talca da el puntapi\u00e9 inicial a la Feria del Libro del Deporte con el lanzamiento de sus actividades. Se menciona la Universidad de Talca.<\/a>\u00a0<\/div><div>\u00a0<\/div><div class=\"x_elementToProof\"><b>RADIO FM M\u00c1S<\/b>\u00a0<br \/><a id=\"OWA76a15a05-8ae4-feea-c16f-c9e39b582547\" class=\"x_x_Hyperlink x_x_SCXW148996804 x_x_BCX0 x_x_OWAAutoLink\" title=\"https:\/\/radiofmmas.cl\/samu-maule-refuerza-llamado-al-uso-responsable-del-131-en-fiestas-patrias-cada-llamada-puede-marcar-la-diferencia-entre-la-vida-y-la-muerte\/\" href=\"https:\/\/radiofmmas.cl\/samu-maule-refuerza-llamado-al-uso-responsable-del-131-en-fiestas-patrias-cada-llamada-puede-marcar-la-diferencia-entre-la-vida-y-la-muerte\/\" target=\"_blank\" rel=\"noreferrer noopener\" data-linkindex=\"129\" data-auth=\"NotApplicable\">Reconocimiento oficial a la gesti\u00f3n de Ramos. Se menciona la Universidad de Talca.<\/a><\/div><div class=\"x_elementToProof\">\u00a0<\/div><div class=\"x_elementToProof\"><b>MSN CHILE<\/b>\u00a0<br \/><a id=\"OWAcd2c926b-314a-da07-170b-9cd3dbd37937\" class=\"x_x_Hyperlink x_x_SCXW148996804 x_x_BCX0 x_x_OWAAutoLink\" title=\"https:\/\/www.msn.com\/es-cl\/noticias\/other\/gobierno-confirma-renuncia-de-claudia-ramos-como-seremi-de-agricultura-del-maule\/ar-AA1MnPax\" href=\"https:\/\/www.msn.com\/es-cl\/noticias\/other\/gobierno-confirma-renuncia-de-claudia-ramos-como-seremi-de-agricultura-del-maule\/ar-AA1MnPax\" target=\"_blank\" rel=\"noreferrer noopener\" data-linkindex=\"130\" data-auth=\"NotApplicable\">Gobierno confirma renuncia de Claudia Ramos como seremi de Agricultura del Maule. Se menciona la Universidad de Talca.<\/a>\u00a0<\/div><div>\u00a0<\/div><div class=\"x_elementToProof\"><b>PORTAL INNOVA<\/b>\u00a0<br \/><a id=\"OWA6c3c43b0-e7d7-0576-39f4-6d358a43fc7e\" class=\"x_x_Hyperlink x_x_SCXW148996804 x_x_BCX0 x_x_OWAAutoLink\" title=\"https:\/\/portalinnova.cl\/nenre-efd-chile-anuncia-extension-de-plazo-para-participar-en-xi-congreso-anual-de-economia-y-recursos-naturales\/\" href=\"https:\/\/portalinnova.cl\/nenre-efd-chile-anuncia-extension-de-plazo-para-participar-en-xi-congreso-anual-de-economia-y-recursos-naturales\/\" target=\"_blank\" rel=\"noreferrer noopener\" data-linkindex=\"131\" data-auth=\"NotApplicable\">NENRE-EfD Chile anuncia extensi\u00f3n de plazo para participar en XI Congreso Anual de Econom\u00eda y Recursos Naturales. Se menciona la Universidad de Talca.<\/a>\u00a0<\/div><div>\u00a0<\/div><div class=\"x_elementToProof\"><b>NOTICIAS UDEC<\/b>\u00a0<br \/><a id=\"OWAdcb40f57-ea1e-381a-0bd1-8776af616d02\" class=\"x_x_Hyperlink x_x_SCXW148996804 x_x_BCX0 x_x_OWAAutoLink\" title=\"https:\/\/noticias.udec.cl\/dieciocho-iniciativas-obtienen-financiamiento-del-fondo-para-congresos-y-encuentros-de-investigacion-udec\/\" href=\"https:\/\/noticias.udec.cl\/dieciocho-iniciativas-obtienen-financiamiento-del-fondo-para-congresos-y-encuentros-de-investigacion-udec\/\" target=\"_blank\" rel=\"noreferrer noopener\" data-linkindex=\"132\" data-auth=\"NotApplicable\">Dieciocho iniciativas obtienen financiamiento del Fondo para Congresos y Encuentros de Investigaci\u00f3n UdeC. Se menciona la Universidad de Talca.<\/a>\u00a0<\/div><div>\u00a0<\/div><div class=\"x_elementToProof\"><b>RADIO UNIVERSIDAD DE CHILE<\/b>\u00a0<br \/><a id=\"OWA0d256b38-65f9-9ff5-87bc-e31f1ad3acf6\" class=\"x_x_Hyperlink x_x_SCXW148996804 x_x_BCX0 x_x_OWAAutoLink\" title=\"https:\/\/radio.uchile.cl\/2025\/09\/12\/carmen-olle-es-la-nueva-ganadora-del-premio-iberoamericano-de-letras-jose-donoso\/\" href=\"https:\/\/radio.uchile.cl\/2025\/09\/12\/carmen-olle-es-la-nueva-ganadora-del-premio-iberoamericano-de-letras-jose-donoso\/\" target=\"_blank\" rel=\"noreferrer noopener\" data-linkindex=\"133\" data-auth=\"NotApplicable\">Carmen Oll\u00e9 es la nueva ganadora del Premio Iberoamericano de Letras Jos\u00e9 Donoso. Se menciona la Universidad de Talca.<\/a>\u00a0<\/div><div>\u00a0<\/div><div class=\"x_elementToProof\"><b>RADIO LAUTARO<\/b>\u00a0<br \/><a id=\"OWAc69494f5-2707-4b7d-7099-de3067338cfa\" class=\"x_x_Hyperlink x_x_SCXW148996804 x_x_BCX0 x_x_OWAAutoLink\" title=\"https:\/\/www.litoralpress.cl\/sitio\/MediosOnline_Detalles.cshtml?LPKey=YWZUCAP3VATLT2RJHWTQHFJD7FVSV6DHI35JRPUDMQBKLEVMZKFC4WIBLOU7CHYFQ76NXIBMV5P3E\" href=\"https:\/\/www.litoralpress.cl\/sitio\/MediosOnline_Detalles.cshtml?LPKey=YWZUCAP3VATLT2RJHWTQHFJD7FVSV6DHI35JRPUDMQBKLEVMZKFC4WIBLOU7CHYFQ76NXIBMV5P3E\" target=\"_blank\" rel=\"noreferrer noopener\" data-linkindex=\"134\" data-auth=\"NotApplicable\">Claudia Ramos renunci\u00f3 a su cargo como seremi de Agricultura en el Maule. Se menciona la Universidad de Talca.<\/a>\u00a0<\/div><div>\u00a0<\/div><div class=\"x_elementToProof\"><b>DIARIO EL CENTRO<\/b>\u00a0<br \/><a id=\"OWAc21970b9-53e3-b2c6-66bb-33f85496fc8c\" class=\"x_x_Hyperlink x_x_SCXW148996804 x_x_BCX0 x_x_OWAAutoLink\" title=\"https:\/\/www.diarioelcentro.cl\/2025\/09\/12\/la-escritora-peruana-carmen-olle-gana-el-premio-iberoamericano-de-letras-jose-donoso-2025\/\" href=\"https:\/\/www.diarioelcentro.cl\/2025\/09\/12\/la-escritora-peruana-carmen-olle-gana-el-premio-iberoamericano-de-letras-jose-donoso-2025\/\" target=\"_blank\" rel=\"noreferrer noopener\" data-linkindex=\"135\" data-auth=\"NotApplicable\">La escritora peruana Carmen Oll\u00e9 gana el Premio Iberoamericano de Letras Jos\u00e9 Donoso 2025. Se menciona la Universidad de Talca.<\/a>\u00a0<\/div><div>\u00a0<\/div><div class=\"x_elementToProof\"><b>DUNA<\/b>\u00a0<br \/><a id=\"OWAea57a70c-81fa-4a0f-0553-b50bf4348045\" class=\"x_x_Hyperlink x_x_SCXW148996804 x_x_BCX0 x_x_OWAAutoLink\" title=\"https:\/\/www.duna.cl\/noticias\/2025\/09\/13\/te-tinca-flores-musica-y-arte-textil-para-recibir-la-primavera\/\" href=\"https:\/\/www.duna.cl\/noticias\/2025\/09\/13\/te-tinca-flores-musica-y-arte-textil-para-recibir-la-primavera\/\" target=\"_blank\" rel=\"noreferrer noopener\" data-linkindex=\"136\" data-auth=\"NotApplicable\">\u00bfTe tinca?: Flores, m\u00fasica y arte textil para recibir la primavera. Se menciona la Universidad de Talca<\/a>\u00a0<\/div><div>\u00a0<\/div><div><strong>TERRA.CL<\/strong><\/div><div class=\"x_elementToProof\"><a id=\"OWA2eed88b8-cac9-cd03-1534-c7bf0ddb7531\" class=\"x_x_Hyperlink x_x_SCXW148996804 x_x_BCX0 x_x_OWAAutoLink\" title=\"https:\/\/www.terra.cl\/nacionales\/2025\/9\/12\/toma-aire-antes-de-conocer-cuanto-gana-un-contador-auditor-en-chile-en-2025-43445.html\" href=\"https:\/\/www.terra.cl\/nacionales\/2025\/9\/12\/toma-aire-antes-de-conocer-cuanto-gana-un-contador-auditor-en-chile-en-2025-43445.html\" target=\"_blank\" rel=\"noreferrer noopener\" data-linkindex=\"137\" data-auth=\"NotApplicable\">Toma aire antes de conocer cu\u00e1nto gana un contador auditor en Chile en 2025. Se menciona la Universidad de Talca.<\/a>\u00a0\u00a0<\/div><div>\u00a0<\/div><div class=\"x_elementToProof\"><b>DIARIO EL CENTRO<\/b>\u00a0<br \/><a id=\"OWAd86f64a5-00ca-4451-478e-2cf2954b85d7\" class=\"x_x_Hyperlink x_x_SCXW148996804 x_x_BCX0 x_x_OWAAutoLink\" title=\"https:\/\/www.diarioelcentro.cl\/2025\/09\/12\/renuncia-seremi-de-agricultura-del-maule-claudia-ramos-deja-su-cargo\/\" href=\"https:\/\/www.diarioelcentro.cl\/2025\/09\/12\/renuncia-seremi-de-agricultura-del-maule-claudia-ramos-deja-su-cargo\/\" target=\"_blank\" rel=\"noreferrer noopener\" data-linkindex=\"138\" data-auth=\"NotApplicable\">Renuncia Seremi de Agricultura del Maule: Claudia Ramos deja su cargo. Se menciona la Universidad de Talca.<\/a>\u00a0<\/div><div>\u00a0<\/div><div class=\"x_elementToProof\"><b>EL MERCURIO <\/b>\u00a0<br \/><a id=\"OWA63fd0185-a18a-6eab-d6a8-90bb4869bfd8\" class=\"x_x_Hyperlink x_x_SCXW148996804 x_x_BCX0 x_x_OWAAutoLink\" title=\"https:\/\/www.litoralpress.cl\/paginaconsultas\/Servicios_NClipWeb\/Get_Imagen_Nota.aspx?LPKey=IKSGJR7KY355ERTTP6TLRVUFFXLB3NNNOIT34YLVXMWOPUGZZQQFAD7BUOH7V4PSGUX65URRAWSG4\" href=\"https:\/\/www.litoralpress.cl\/paginaconsultas\/Servicios_NClipWeb\/Get_Imagen_Nota.aspx?LPKey=IKSGJR7KY355ERTTP6TLRVUFFXLB3NNNOIT34YLVXMWOPUGZZQQFAD7BUOH7V4PSGUX65URRAWSG4\" target=\"_blank\" rel=\"noreferrer noopener\" data-linkindex=\"139\" data-auth=\"NotApplicable\">Poeta y narradora Carmen Oll\u00e9 obtiene el Premio Jos\u00e9 Donoso. Se menciona la Universidad de Talca.<\/a>\u00a0<\/div><div>\u00a0<\/div><div class=\"x_elementToProof\"><b>LA PRENSA DE CURIC\u00d3<\/b>\u00a0<br \/><a id=\"OWA7a84b028-81df-5e5f-ccfe-f2209dace488\" class=\"x_x_Hyperlink x_x_SCXW148996804 x_x_BCX0 x_x_OWAAutoLink\" title=\"https:\/\/www.litoralpress.cl\/paginaconsultas\/Servicios_NClipWeb\/Get_Imagen_Nota.aspx?LPKey=DHS3GQ65724LN22RUJYVYZOXWM7XYMRY37KFYM22VRXKKQ4HXN6N4CC7EHPZIGYRMWKH4EHJFHF7K\" href=\"https:\/\/www.litoralpress.cl\/paginaconsultas\/Servicios_NClipWeb\/Get_Imagen_Nota.aspx?LPKey=DHS3GQ65724LN22RUJYVYZOXWM7XYMRY37KFYM22VRXKKQ4HXN6N4CC7EHPZIGYRMWKH4EHJFHF7K\" target=\"_blank\" rel=\"noreferrer noopener\" data-linkindex=\"140\" data-auth=\"NotApplicable\">Renuncia al cargo seremi de Agricultura Claudia Ramos. Se menciona la Universidad de Talca.<\/a>\u00a0<\/div><div>\u00a0<\/div><div class=\"x_elementToProof\"><b>MAULE HOY<\/b>\u00a0<br \/><a id=\"OWA23883978-e3ec-1165-af9d-b04868a92f5b\" class=\"x_x_Hyperlink x_x_SCXW148996804 x_x_BCX0 x_x_OWAAutoLink\" title=\"https:\/\/www.litoralpress.cl\/paginaconsultas\/Servicios_NClipWeb\/Get_Imagen_Nota.aspx?LPKey=XBDVPQEOOZP3N6X5XZHNSDLIMQVGSOU5YRRDILMILRWYKJ3PQXTZ5KCBLY2NQ4U4IRTSL2PJ32BZA\" href=\"https:\/\/www.litoralpress.cl\/paginaconsultas\/Servicios_NClipWeb\/Get_Imagen_Nota.aspx?LPKey=XBDVPQEOOZP3N6X5XZHNSDLIMQVGSOU5YRRDILMILRWYKJ3PQXTZ5KCBLY2NQ4U4IRTSL2PJ32BZA\" target=\"_blank\" rel=\"noreferrer noopener\" data-linkindex=\"141\" data-auth=\"NotApplicable\">Se efectu\u00f3 lanzamiento del nuevo libro \u00abMario Brack: im\u00e1genes de identidad\u00bb. Se menciona la Universidad de Talca.<\/a>\u00a0<\/div><div>\u00a0<\/div><div class=\"x_elementToProof\"><b>\u00a0TV5<\/b> \u00a0<br \/><a id=\"OWA1625f9c0-bebe-ad8f-42ab-f70163777b17\" class=\"x_x_Hyperlink x_x_SCXW148996804 x_x_BCX0 x_x_OWAAutoLink\" title=\"https:\/\/www.tv5.cl\/categoria\/local\/carmen-olle-gana-premio-iberoamericano-letras-jose-donoso\" href=\"https:\/\/www.tv5.cl\/categoria\/local\/carmen-olle-gana-premio-iberoamericano-letras-jose-donoso\" target=\"_blank\" rel=\"noreferrer noopener\" data-linkindex=\"142\" data-auth=\"NotApplicable\">Carmen Oll\u00e9 gana Premio Iberoamericano de Letras Jos\u00e9 Donoso. Se menciona la Universidad de Talca<\/a>\u00a0<\/div><div>\u00a0<\/div><div class=\"x_elementToProof\"><b>AP NOTICIAS<\/b>\u00a0<br \/><a id=\"OWA027f306f-7915-2b53-d41a-084b4e447710\" class=\"x_x_Hyperlink x_x_SCXW148996804 x_x_BCX0 x_x_OWAAutoLink\" title=\"https:\/\/www.apnoticias.pe\/peru\/andina\/escritora-peruana-carmen-olle-gana-el-premio-iberoamericano-de-letras-jose-donoso-1454898\" href=\"https:\/\/www.apnoticias.pe\/peru\/andina\/escritora-peruana-carmen-olle-gana-el-premio-iberoamericano-de-letras-jose-donoso-1454898\" target=\"_blank\" rel=\"noreferrer noopener\" data-linkindex=\"143\" data-auth=\"NotApplicable\">Escritora peruana Carmen Oll\u00e9 gana el Premio Iberoamericano de Letras Jos\u00e9 Donoso. Se menciona la Universidad de Talca<\/a>\u00a0<\/div><div>\u00a0<\/div><div class=\"x_elementToProof\"><b>ANDINA<\/b>\u00a0<br \/><a id=\"OWA3287ecf7-6d32-4316-a77a-b39f851ad6bc\" class=\"x_x_Hyperlink x_x_SCXW148996804 x_x_BCX0 x_x_OWAAutoLink\" title=\"https:\/\/andina.pe\/agencia\/noticia-escritora-peruana-carmen-olle-gana-premio-iberoamericano-letras-jose-donoso-1044548.aspx\" href=\"https:\/\/andina.pe\/agencia\/noticia-escritora-peruana-carmen-olle-gana-premio-iberoamericano-letras-jose-donoso-1044548.aspx\" target=\"_blank\" rel=\"noreferrer noopener\" data-linkindex=\"144\" data-auth=\"NotApplicable\">Escritora peruana Carmen Oll\u00e9 gana el Premio Iberoamericano de Letras Jos\u00e9 Donoso. Se menciona la Universidad de Talca.<\/a>\u00a0<\/div><div>\u00a0<\/div><div class=\"x_elementToProof\"><b>LA REP\u00daBLICA<\/b>\u00a0<br \/><a id=\"OWA50ba5367-9ac5-ce0a-ec40-dec028a9fc54\" class=\"x_x_Hyperlink x_x_SCXW148996804 x_x_BCX0 x_x_OWAAutoLink\" title=\"https:\/\/larepublica.pe\/cultural\/2025\/03\/16\/carmen-olle-nunca-fui-fiel-pero-siempre-he-sido-leal-la-lealtad-va-mas-alla-1454775\" href=\"https:\/\/larepublica.pe\/cultural\/2025\/03\/16\/carmen-olle-nunca-fui-fiel-pero-siempre-he-sido-leal-la-lealtad-va-mas-alla-1454775\" target=\"_blank\" rel=\"noreferrer noopener\" data-linkindex=\"145\" data-auth=\"NotApplicable\">Carmen Oll\u00e9: \u201cNunca fui fiel, pero siempre he sido leal, la lealtad va m\u00e1s all\u00e1\u201d. Se menciona la Universidad de Talca.<\/a>\u00a0<\/div><div>\u00a0<\/div><div class=\"x_elementToProof\"><b>CARETAS<\/b>\u00a0<br \/><a id=\"OWA6542a0d9-16a3-d1ab-4a43-78ba9c011087\" class=\"x_x_Hyperlink x_x_SCXW148996804 x_x_BCX0 x_x_OWAAutoLink\" title=\"https:\/\/caretas.pe\/cultura\/carmen-olle-poeta-peruana-gana-el-premio-iberoamericano-de-letras-jose-donoso-2025\/\" href=\"https:\/\/caretas.pe\/cultura\/carmen-olle-poeta-peruana-gana-el-premio-iberoamericano-de-letras-jose-donoso-2025\/\" target=\"_blank\" rel=\"noreferrer noopener\" data-linkindex=\"146\" data-auth=\"NotApplicable\">Carmen Oll\u00e9, poeta peruana, gana el Premio Iberoamericano de Letras Jos\u00e9 Donoso 2025. Se menciona la Universidad de Talca.<\/a>\u00a0<\/div><div>\u00a0<\/div><div class=\"x_elementToProof\"><b>LA TERCERA<\/b>\u00a0<br \/><a id=\"OWA859387e3-d6b7-69d8-1869-c6552855e818\" class=\"x_x_Hyperlink x_x_SCXW148996804 x_x_BCX0 x_x_OWAAutoLink\" title=\"https:\/\/www.litoralpress.cl\/paginaconsultas\/Servicios_NClipWeb\/Get_Imagen_Nota.aspx?LPKey=4GBJGRSKLGPK7QENGTODO7AMY2OX6FWDVDOIMGV55KUMR7WVXZDDHCZEEXORL6AWNYSU2RXBWG4ZS\" href=\"https:\/\/www.litoralpress.cl\/paginaconsultas\/Servicios_NClipWeb\/Get_Imagen_Nota.aspx?LPKey=4GBJGRSKLGPK7QENGTODO7AMY2OX6FWDVDOIMGV55KUMR7WVXZDDHCZEEXORL6AWNYSU2RXBWG4ZS\" target=\"_blank\" rel=\"noreferrer noopener\" data-linkindex=\"147\" data-auth=\"NotApplicable\">Agricultura: ingenieros en agricultura de precisi\u00f3n y gesti\u00f3n de datos. Se menciona la Universidad de Talca.<\/a>\u00a0<\/div><div>\u00a0<\/div><div class=\"x_elementToProof\"><b>LA PRENSA DE CURIC\u00d3<\/b>\u00a0<br \/><a id=\"OWAf18923ac-68a1-0d66-bb2a-dcba0bee4759\" class=\"x_x_Hyperlink x_x_SCXW148996804 x_x_BCX0 x_x_OWAAutoLink\" title=\"https:\/\/www.litoralpress.cl\/paginaconsultas\/Servicios_NClipWeb\/Get_Imagen_Nota.aspx?LPKey=YFKSQMHVH2TYI3KPFIC3MPV6XPOQBWVM5R2AROGBMN3MIHQXBJX4QUYZVBSILCUUY7C7K4HA4BKEK\" href=\"https:\/\/www.litoralpress.cl\/paginaconsultas\/Servicios_NClipWeb\/Get_Imagen_Nota.aspx?LPKey=YFKSQMHVH2TYI3KPFIC3MPV6XPOQBWVM5R2AROGBMN3MIHQXBJX4QUYZVBSILCUUY7C7K4HA4BKEK\" target=\"_blank\" rel=\"noreferrer noopener\" data-linkindex=\"148\" data-auth=\"NotApplicable\">&#8220;No estoy de acuerdo con el turismo electoral. Uno tiene que tener una raigambre en la regi\u00f3n para ser candidato&#8221;. Se menciona la Universidad de Talca.<\/a>\u00a0\u00a0<\/div><div>\u00a0<\/div><div class=\"x_elementToProof\"><b>LA SEGUNDA<\/b>\u00a0<\/div><div class=\"x_elementToProof\"><a id=\"OWAbc3b044f-e84a-577f-da69-516b94c630d5\" class=\"x_x_Hyperlink x_x_SCXW148996804 x_x_BCX0 x_x_OWAAutoLink\" title=\"https:\/\/www.litoralpress.cl\/paginaconsultas\/Servicios_NClipWeb\/Get_Imagen_Nota.aspx?LPKey=QXYHWMDMS2H5ZXEFCIFAUQ46RK2F7M2256H3IMHVZPY2WBHAHNFNLWYYTBQRDGIPU2S4EIWHE4NA6\" href=\"https:\/\/www.litoralpress.cl\/paginaconsultas\/Servicios_NClipWeb\/Get_Imagen_Nota.aspx?LPKey=QXYHWMDMS2H5ZXEFCIFAUQ46RK2F7M2256H3IMHVZPY2WBHAHNFNLWYYTBQRDGIPU2S4EIWHE4NA6\" target=\"_blank\" rel=\"noreferrer noopener\" data-linkindex=\"149\" data-auth=\"NotApplicable\">24 Bienal de Arte Textil en el Centro Cultural La Moneda. Se menciona la Universidad de Talca.<\/a>\u00a0<\/div><div>\u00a0<\/div><div class=\"x_elementToProof\"><b>\u00a0EL D\u00cdA<\/b>\u00a0<br \/><a id=\"OWA048e6502-f2fb-3c71-fdc7-3c98da88e6e1\" class=\"x_x_Hyperlink x_x_SCXW148996804 x_x_BCX0 x_x_OWAAutoLink\" title=\"https:\/\/www.litoralpress.cl\/paginaconsultas\/Servicios_NClipWeb\/Get_Imagen_Nota.aspx?LPKey=IKS4DVL2HQCQ5QDTM76M2EUBDQQIAWNARQ4XOH7XYZZRNR7SS6KD5XWEDPNGHZPUJPDVD6LG7O46W\" href=\"https:\/\/www.litoralpress.cl\/paginaconsultas\/Servicios_NClipWeb\/Get_Imagen_Nota.aspx?LPKey=IKS4DVL2HQCQ5QDTM76M2EUBDQQIAWNARQ4XOH7XYZZRNR7SS6KD5XWEDPNGHZPUJPDVD6LG7O46W\" target=\"_blank\" rel=\"noreferrer noopener\" data-linkindex=\"150\" data-auth=\"NotApplicable\">Alrededor de 29 mil adultos mayores viven solos en la Regi\u00f3n de Coquimbo. Se menciona la Universidad de Talca.<\/a>\u00a0<\/div><div>\u00a0<\/div><div class=\"x_elementToProof\"><b>\u00a0EL OVALLINO<\/b>\u00a0<br \/><a id=\"OWA9cbc704a-df6f-a710-07fa-1905cda4b9ea\" class=\"x_x_Hyperlink x_x_SCXW148996804 x_x_BCX0 x_x_OWAAutoLink\" title=\"https:\/\/www.elovallino.cl\/alrededor-de-29-mil-adultos-mayores-viven-solos-en-la-region-de-coquimbo\/\" href=\"https:\/\/www.elovallino.cl\/alrededor-de-29-mil-adultos-mayores-viven-solos-en-la-region-de-coquimbo\/\" target=\"_blank\" rel=\"noreferrer noopener\" data-linkindex=\"151\" data-auth=\"NotApplicable\">Alrededor de 29 mil adultos mayores viven solos en la Regi\u00f3n de Coquimbo. Se menciona la Universidad de Talca.<\/a>\u00a0<\/div><div>\u00a0<\/div><div class=\"x_elementToProof\"><b>DIARIO TALCA<\/b>\u00a0<br \/><a id=\"OWAdefce19b-f8ab-b02b-e322-913b277a9a4e\" class=\"x_x_Hyperlink x_x_SCXW148996804 x_x_BCX0 x_x_OWAAutoLink\" title=\"https:\/\/www.litoralpress.cl\/sitio\/Prensa_Detalles.cshtml?LPKey=VGQALGSY4AL7D2VHSYNEWXC5F2JOZZALA532F75PTEL7SKFOUQKA\" href=\"https:\/\/www.litoralpress.cl\/sitio\/Prensa_Detalles.cshtml?LPKey=VGQALGSY4AL7D2VHSYNEWXC5F2JOZZALA532F75PTEL7SKFOUQKA\" target=\"_blank\" rel=\"noreferrer noopener\" data-linkindex=\"152\" data-auth=\"NotApplicable\">&#8220;Nos interesa abrir un di\u00e1logo tanto con actores empresariales como sindicales&#8221;. Se menciona la Universidad de Talca.<\/a>\u00a0<\/div><div>\u00a0<\/div><div class=\"x_elementToProof\"><b>PORTAL FUTR\u00cdCOLA <\/b>\u00a0<br \/><a id=\"OWA15d68a68-1a81-5cfe-f441-f84b5ee94e8e\" class=\"x_x_Hyperlink x_x_SCXW148996804 x_x_BCX0 x_x_OWAAutoLink\" title=\"https:\/\/www.portalfruticola.com\/noticias\/2025\/09\/18\/variedades\/\" href=\"https:\/\/www.portalfruticola.com\/noticias\/2025\/09\/18\/variedades\/\" target=\"_blank\" rel=\"noreferrer noopener\" data-linkindex=\"153\" data-auth=\"NotApplicable\">Nuevas variedades de ar\u00e1ndanos, uvas y cerezas. Se menciona la Universidad de Talca.<\/a>\u00a0<\/div>\t\t\t\t\t\t<\/div>\n\t\t\t\t<\/div>\n\t\t\t\t\t<\/div>\n\t\t<\/div>\n\t\t\t\t\t\t\t<\/div>\n\t\t<\/section>\n\t\t\t\t\t\t<\/div>\n\t\t\t\t\t<\/div>\n\t\t","protected":false},"excerpt":{"rendered":"<p>EMOL\u00a0Escritora peruana Carmen Oll\u00e9 obtiene el Premio Iberoamericano de Letras Jos\u00e9 Donoso 2025. Se refiere Claire Mercier, coordinadora del premio y acad\u00e9mica de Instituto de Estudios Human\u00edsticos\u00a0\u00a0INFOBAE\u00a0Escritora peruana Carmen Oll\u00e9 gana el Premio Iberoamericano de Letras Jos\u00e9 Donoso en Chile. Se refiere, Marcela Albornoz Dachelet, directora de la Editorial y de Extensi\u00f3n Art\u00edstica-Cultural y Claire &hellip;<\/p>\n<p class=\"read-more\"> <a class=\"\" href=\"https:\/\/www.reportedeprensa.utalca.cl\/?p=12551\"> <span class=\"screen-reader-text\">22 de septiembre 2025<\/span> Read More &raquo;<\/a><\/p>\n","protected":false},"author":1,"featured_media":0,"comment_status":"closed","ping_status":"open","sticky":false,"template":"","format":"standard","meta":{"_monsterinsights_skip_tracking":false,"_monsterinsights_sitenote_active":false,"_monsterinsights_sitenote_note":"","_monsterinsights_sitenote_category":0},"categories":[63],"tags":[],"_links":{"self":[{"href":"https:\/\/www.reportedeprensa.utalca.cl\/index.php?rest_route=\/wp\/v2\/posts\/12551"}],"collection":[{"href":"https:\/\/www.reportedeprensa.utalca.cl\/index.php?rest_route=\/wp\/v2\/posts"}],"about":[{"href":"https:\/\/www.reportedeprensa.utalca.cl\/index.php?rest_route=\/wp\/v2\/types\/post"}],"author":[{"embeddable":true,"href":"https:\/\/www.reportedeprensa.utalca.cl\/index.php?rest_route=\/wp\/v2\/users\/1"}],"replies":[{"embeddable":true,"href":"https:\/\/www.reportedeprensa.utalca.cl\/index.php?rest_route=%2Fwp%2Fv2%2Fcomments&post=12551"}],"version-history":[{"count":4,"href":"https:\/\/www.reportedeprensa.utalca.cl\/index.php?rest_route=\/wp\/v2\/posts\/12551\/revisions"}],"predecessor-version":[{"id":12555,"href":"https:\/\/www.reportedeprensa.utalca.cl\/index.php?rest_route=\/wp\/v2\/posts\/12551\/revisions\/12555"}],"wp:attachment":[{"href":"https:\/\/www.reportedeprensa.utalca.cl\/index.php?rest_route=%2Fwp%2Fv2%2Fmedia&parent=12551"}],"wp:term":[{"taxonomy":"category","embeddable":true,"href":"https:\/\/www.reportedeprensa.utalca.cl\/index.php?rest_route=%2Fwp%2Fv2%2Fcategories&post=12551"},{"taxonomy":"post_tag","embeddable":true,"href":"https:\/\/www.reportedeprensa.utalca.cl\/index.php?rest_route=%2Fwp%2Fv2%2Ftags&post=12551"}],"curies":[{"name":"wp","href":"https:\/\/api.w.org\/{rel}","templated":true}]}}