{"id":12563,"date":"2025-09-23T16:32:39","date_gmt":"2025-09-23T19:32:39","guid":{"rendered":"https:\/\/www.reportedeprensa.utalca.cl\/?p=12563"},"modified":"2025-09-23T16:33:13","modified_gmt":"2025-09-23T19:33:13","slug":"23-de-septiembre-2025","status":"publish","type":"post","link":"https:\/\/www.reportedeprensa.utalca.cl\/?p=12563","title":{"rendered":"23 de septiembre 2025"},"content":{"rendered":"\t\t<div data-elementor-type=\"wp-post\" data-elementor-id=\"12563\" class=\"elementor elementor-12563\" data-elementor-settings=\"[]\">\n\t\t\t\t\t\t\t<div class=\"elementor-section-wrap\">\n\t\t\t\t\t\t\t<section class=\"elementor-section elementor-top-section elementor-element elementor-element-bcea1a8 elementor-section-boxed elementor-section-height-default elementor-section-height-default\" data-id=\"bcea1a8\" data-element_type=\"section\">\n\t\t\t\t\t\t<div class=\"elementor-container elementor-column-gap-default\">\n\t\t\t\t\t<div class=\"elementor-column elementor-col-100 elementor-top-column elementor-element elementor-element-e7183bf\" data-id=\"e7183bf\" data-element_type=\"column\">\n\t\t\t<div class=\"elementor-widget-wrap elementor-element-populated\">\n\t\t\t\t\t\t\t\t<div class=\"elementor-element elementor-element-f7e8a4b elementor-widget elementor-widget-text-editor\" data-id=\"f7e8a4b\" data-element_type=\"widget\" data-widget_type=\"text-editor.default\">\n\t\t\t\t<div class=\"elementor-widget-container\">\n\t\t\t\t\t\t\t\t<div><b data-olk-copy-source=\"MessageBody\">PORTALEDUCA<\/b>\u00a0<br \/><a id=\"OWA0e9b71cd-962b-37fd-88c8-e86ddaafa5f1\" title=\"https:\/\/portaleduca.cl\/utalca-es-la-unica-casa-de-estudios-estatal-en-chile-certificada-como-familiarmente-responsable\/\" href=\"https:\/\/portaleduca.cl\/utalca-es-la-unica-casa-de-estudios-estatal-en-chile-certificada-como-familiarmente-responsable\/\" target=\"_blank\" rel=\"noopener noreferrer\" data-auth=\"NotApplicable\" data-linkindex=\"0\">UTalca es la \u00fanica casa de estudios estatal en Chile certificada como Familiarmente Responsable. Se refiere Carlos Torres Fuchslocher, rector.<\/a>\u00a0<\/div><div>\u00a0<\/div><div><b>SOMOS MAULE<\/b>\u00a0<br \/><a id=\"OWA6f91bc5f-3bfd-923b-2921-924fcfda6123\" title=\"http:\/\/somosmaule.cl\/publico\/ficha\/ficha.aspx?i=92990\" href=\"http:\/\/somosmaule.cl\/publico\/ficha\/ficha.aspx?i=92990\" target=\"_blank\" rel=\"noopener noreferrer\" data-auth=\"NotApplicable\" data-linkindex=\"1\">UTalca es la \u00fanica casa de estudios estatal en Chile certificada como Familiarmente Responsable. Se refiere Carlos Torres Fuchslocher, rector.<\/a>\u00a0<\/div><div>\u00a0<\/div><div><b>EL MERCURIO<\/b>\u00a0<br \/><a id=\"OWA8fb94eff-822c-93e6-c73f-0c4b9f061710\" title=\"https:\/\/www.litoralpress.cl\/paginaconsultas\/Servicios_NClipWeb\/Get_Imagen_Nota.aspx?LPKey=YDZBBZRIGDXSGLLPZDJK3QWDSVOMQRAXK3QEQWRFW36PNBUQCFAFJV5IFOVJC7W7K2PR4LAV7PFUU\" href=\"https:\/\/www.litoralpress.cl\/paginaconsultas\/Servicios_NClipWeb\/Get_Imagen_Nota.aspx?LPKey=YDZBBZRIGDXSGLLPZDJK3QWDSVOMQRAXK3QEQWRFW36PNBUQCFAFJV5IFOVJC7W7K2PR4LAV7PFUU\" target=\"_blank\" rel=\"noopener noreferrer\" data-auth=\"NotApplicable\" data-linkindex=\"2\">Las personas mayores en Chile tienen un solo amigo de confianza, en promedio. Se refiere Emilio Moyano, acad\u00e9mico de la Facultad de Psicolog\u00eda.\u00a0<\/a>\u00a0\u00a0<\/div><div>\u00a0<\/div><div><b>TVN<\/b>\u00a0<br \/><a id=\"OWAf3d950ab-4f82-0a50-6750-d81b427cb789\" title=\"https:\/\/www.tvn.cl\/noticias\/tendencias\/despues-del-18-como-retomar-habitos-saludables-en-la-alimentacion\" href=\"https:\/\/www.tvn.cl\/noticias\/tendencias\/despues-del-18-como-retomar-habitos-saludables-en-la-alimentacion\" target=\"_blank\" rel=\"noopener noreferrer\" data-auth=\"NotApplicable\" data-linkindex=\"3\">Despu\u00e9s del 18: C\u00f3mo retomar h\u00e1bitos saludables en la alimentaci\u00f3n. Se refieren Valentina Parot y Paula Contreras, acad\u00e9micas de la\u202fEscuela de Nutrici\u00f3n y Diet\u00e9tica<\/a>\u00a0<\/div><div>\u00a0<\/div><div><b>G5 NOTICIA<\/b>\u00a0<br \/><a id=\"OWAcb40e610-facc-5ba1-6085-47a0b87f90a4\" title=\"https:\/\/g5noticias.cl\/2025\/09\/22\/despues-del-18-como-retomar-habitos-saludables-en-la-alimentacion\/+\" href=\"https:\/\/g5noticias.cl\/2025\/09\/22\/despues-del-18-como-retomar-habitos-saludables-en-la-alimentacion\/+\" target=\"_blank\" rel=\"noopener noreferrer\" data-auth=\"NotApplicable\" data-linkindex=\"4\">Despu\u00e9s del 18: C\u00f3mo retomar h\u00e1bitos saludables en la alimentaci\u00f3n. Se refieren Valentina Parot y Paula Contreras, acad\u00e9micas de la\u202fEscuela de Nutrici\u00f3n y Diet\u00e9tica<\/a>\u00a0\u00a0<\/div><div>\u00a0<\/div><div><b>MEDIABANCO<\/b>\u00a0<br \/><a id=\"OWAecd40373-1fd8-0261-ef35-5bffe6bef6d5\" title=\"https:\/\/www.mediabanco.com\/despues-del-18-como-retomar-habitos-saludables-en-la-alimentacion\/\" href=\"https:\/\/www.mediabanco.com\/despues-del-18-como-retomar-habitos-saludables-en-la-alimentacion\/\" target=\"_blank\" rel=\"noopener noreferrer\" data-auth=\"NotApplicable\" data-linkindex=\"5\">Despu\u00e9s del 18: C\u00f3mo retomar h\u00e1bitos saludables en la alimentaci\u00f3n. Se refieren Valentina Parot y Paula Contreras, acad\u00e9micas de la\u202fEscuela de Nutrici\u00f3n y Diet\u00e9tica<\/a>\u00a0\u00a0<\/div><div>\u00a0<\/div><div><b>AD PRENSA<\/b>\u00a0<br \/><a id=\"OWA7cb8c596-e0c4-e577-4f88-83733da5bc8b\" title=\"https:\/\/www.adprensa.cl\/cronica\/despues-del-18-como-retomar-habitos-saludables-en-la-alimentacion\/\" href=\"https:\/\/www.adprensa.cl\/cronica\/despues-del-18-como-retomar-habitos-saludables-en-la-alimentacion\/\" target=\"_blank\" rel=\"noopener noreferrer\" data-auth=\"NotApplicable\" data-linkindex=\"6\">Despu\u00e9s del 18: C\u00f3mo retomar h\u00e1bitos saludables en la alimentaci\u00f3n. Se refieren Valentina Parot y Paula Contreras, acad\u00e9micas de la\u202fEscuela de Nutrici\u00f3n y Diet\u00e9tica<\/a>\u00a0<\/div><div>\u00a0<\/div><div><b>DIARIO TALCA<\/b>\u00a0<br \/><a id=\"OWA3971a6ef-a4dd-a9a0-fb7d-5739ac50a230\" title=\"https:\/\/diariotalca.cl\/honran-legado-de-guillermo-blanco-con-placa-conmemorativa-en-la-universidad-de-talca\/\" href=\"https:\/\/diariotalca.cl\/honran-legado-de-guillermo-blanco-con-placa-conmemorativa-en-la-universidad-de-talca\/\" target=\"_blank\" rel=\"noopener noreferrer\" data-auth=\"NotApplicable\" data-linkindex=\"7\">Honran legado de Guillermo Blanco con placa conmemorativa en la Universidad de Talca. Se refiere Carlos Torres Fuchslocher, rector.<\/a>\u00a0<\/div><div>\u00a0<\/div><div><b>G5 NOTICIA<\/b>\u00a0<br \/><a id=\"OWA1f0330f4-49b9-1261-5e6b-9bde0ed7e3f6\" title=\"https:\/\/g5noticias.cl\/2025\/09\/22\/honran-legado-de-guillermo-blanco-con-placa-conmemorativa-en-la-universidad-de-talca\/\" href=\"https:\/\/g5noticias.cl\/2025\/09\/22\/honran-legado-de-guillermo-blanco-con-placa-conmemorativa-en-la-universidad-de-talca\/\" target=\"_blank\" rel=\"noopener noreferrer\" data-auth=\"NotApplicable\" data-linkindex=\"8\">Honran legado de Guillermo Blanco con placa conmemorativa en la Universidad de Talca. Se refiere Carlos Torres Fuchslocher, rector y Marcela Albornoz Dachelet, directora de Extensi\u00f3n Cultural-Art\u00edstica.<\/a>\u00a0<\/div><div>\u00a0<\/div><div><b>RADIO ANCOA<\/b>\u00a0<br \/><a id=\"OWAeec43859-0fbd-671c-b2d9-f09cd53f0645\" title=\"https:\/\/www.radioancoa.cl\/categoria\/regional\/utalca-certificada-casa-estudios-familiarmente-responsable-chile\" href=\"https:\/\/www.radioancoa.cl\/categoria\/regional\/utalca-certificada-casa-estudios-familiarmente-responsable-chile\" target=\"_blank\" rel=\"noopener noreferrer\" data-auth=\"NotApplicable\" data-linkindex=\"9\">UTalca certificada como Casa de Estudios Familiarmente Responsable en Chile. Se refiere Carlos Torres Fuchslocher, rector.<\/a>\u00a0<\/div><div>\u00a0<\/div><div><b>CANAL 2 LINARES<\/b>\u00a0<br \/><a id=\"OWA2722a13f-100d-967f-9c34-14ad91b5b787\" title=\"https:\/\/www.canal2linares.cl\/2025\/09\/honran-legado-de-guillermo-blanco-con.html\" href=\"https:\/\/www.canal2linares.cl\/2025\/09\/honran-legado-de-guillermo-blanco-con.html\" target=\"_blank\" rel=\"noopener noreferrer\" data-auth=\"NotApplicable\" data-linkindex=\"10\">Honran legado de Guillermo Blanco con placa conmemorativa en la Universidad de Talca. Se refiere Carlos Torres Fuchslocher, rector y Marcela Albornoz Dachelet, directora de Extensi\u00f3n Cultural-Art\u00edstica.<\/a>\u00a0<\/div><div>\u00a0\u00a0<\/div><div><b>DIARIO EL CENTRO<\/b>\u00a0<br \/><a id=\"OWAf4129835-b44e-b493-3920-5bb7867e3d80\" title=\"https:\/\/www.diarioelcentro.cl\/2025\/09\/22\/como-retomar-habitos-saludables-en-la-alimentacion-despues-del-18\/\" href=\"https:\/\/www.diarioelcentro.cl\/2025\/09\/22\/como-retomar-habitos-saludables-en-la-alimentacion-despues-del-18\/\" target=\"_blank\" rel=\"noopener noreferrer\" data-auth=\"NotApplicable\" data-linkindex=\"11\">C\u00f3mo retomar h\u00e1bitos saludables en la alimentaci\u00f3n despu\u00e9s del \u201c18\u201d. Se refieren Valentina Parot y Paula Contreras, acad\u00e9micas de la\u202fEscuela de Nutrici\u00f3n y Diet\u00e9tica<\/a>\u00a0\u00a0<\/div><div>\u00a0<\/div><div><b>CANAL MEGA<\/b>\u00a0<br \/>[https:\/\/xn--director%20del%20centro%20de%20anlisis%20poltico%20(cap-utalca)-ldf50f\/]Entrevista a Mauricio Morales, director del Centro de An\u00e1lisis Pol\u00edtico (CAP-UTalca)\u00a0<\/div><div>\u00a0<\/div><div><b>MEGANOTICIAS<\/b>\u00a0<br \/><a id=\"OWA7c69f259-afa6-7184-daa5-de3131619d5a\" title=\"https:\/\/www.meganoticias.cl\/nacional\/499689-analisis-encuesta-cadem-mauricio-morales-harold-mayne-nicholls-evelyn-matthei-brk-22-09-2025.html\" href=\"https:\/\/www.meganoticias.cl\/nacional\/499689-analisis-encuesta-cadem-mauricio-morales-harold-mayne-nicholls-evelyn-matthei-brk-22-09-2025.html\" target=\"_blank\" rel=\"noopener noreferrer\" data-auth=\"NotApplicable\" data-linkindex=\"12\">&#8220;Podr\u00eda ser que Mayne-Nicholls impida el avance de Matthei&#8221;: El an\u00e1lisis de Mauricio Morales de las sorpresas de la encuesta Cadem. Se refiere Mauricio Morales Quiroga, director del Centro de An\u00e1lisis Pol\u00edtico (CAP-UTalca)<\/a>\u00a0<\/div><div>\u00a0<\/div><div><b>MEGA<\/b>\u00a0<br \/><a id=\"OWA0482f615-0585-a728-dcf1-5b544dcdfece\" title=\"https:\/\/www.mega.cl\/programas\/mucho-gusto\/mejores-momentos\/203307-candidato-que-mas-subio-ultima-encuesta-cadem-presidencial-harold-mayne-nicholls-jeannette-jara-kast-matthei.html\" href=\"https:\/\/www.mega.cl\/programas\/mucho-gusto\/mejores-momentos\/203307-candidato-que-mas-subio-ultima-encuesta-cadem-presidencial-harold-mayne-nicholls-jeannette-jara-kast-matthei.html\" target=\"_blank\" rel=\"noopener noreferrer\" data-auth=\"NotApplicable\" data-linkindex=\"13\">Sorpresa en nueva Cadem: Este es el candidato que m\u00e1s subi\u00f3 en la \u00faltima encuesta presidencial. Se refiere Mauricio Morales Quiroga, director del Centro de An\u00e1lisis Pol\u00edtico (CAP-UTalca)<\/a>\u00a0<\/div><div>\u00a0<\/div><div><b>RADIO NOST\u00c1LGICA<\/b>\u00a0<br \/><a id=\"OWA80ecde7b-4805-5eaf-8dc6-8b8a094faf75\" title=\"https:\/\/www.nostalgica.cl\/podria-ser-que-mayne-nicholls-impida-el-avance-de-matthei-el-analisis-de-mauricio-morales-de-las-sorpresas-de-la-encuesta-cadem\/\" href=\"https:\/\/www.nostalgica.cl\/podria-ser-que-mayne-nicholls-impida-el-avance-de-matthei-el-analisis-de-mauricio-morales-de-las-sorpresas-de-la-encuesta-cadem\/\" target=\"_blank\" rel=\"noopener noreferrer\" data-auth=\"NotApplicable\" data-linkindex=\"14\">\u201cPodr\u00eda ser que Mayne-Nicholls impida el avance de Matthei\u201d: El an\u00e1lisis de Mauricio Morales de las sorpresas de la encuesta Cadem. Se refiere Mauricio Morales Quiroga, director del Centro de An\u00e1lisis Pol\u00edtico (CAP-UTalca)<\/a>\u00a0<\/div><div>\u00a0<\/div><div><b>EMOL<\/b>\u00a0<br \/><a id=\"OWA87dc951b-e63a-8baf-3554-09f5ae4c4a52\" title=\"https:\/\/www.emol.com\/noticias\/Nacional\/2025\/09\/22\/1178419\/boric-despliegue-onu-candidatura-bachelet.html\" href=\"https:\/\/www.emol.com\/noticias\/Nacional\/2025\/09\/22\/1178419\/boric-despliegue-onu-candidatura-bachelet.html\" target=\"_blank\" rel=\"noopener noreferrer\" data-auth=\"NotApplicable\" data-linkindex=\"15\">Despliegue de Boric en la ONU: El debate por las &#8216;se\u00f1ales&#8217; hacia Bachelet y el &#8216;tono&#8217; en su \u00faltimo discurso. Se refiere Mario Herrera Mu\u00f1oz, acad\u00e9mico del Centro de An\u00e1lisis Pol\u00edtico (CAP-UTalca)<\/a>\u00a0<\/div><div>\u00a0<\/div><div><b>RADIO CARABINEROS DE CHILE<\/b>\u00a0<br \/><a id=\"OWAbcf73745-f6c7-f815-2dfd-e80069d39839\" title=\"https:\/\/www.litoralpress.cl\/sitio\/RadioTV_Detalles.cshtml?LPKey=7DVPQVHJOTTKWUDYZMPOE6DR5TSYEEVYH6E3AR6XPJ2LBFNHCC3YYMYXSBXL7DBQIW4LD3UTZGP5K\" href=\"https:\/\/www.litoralpress.cl\/sitio\/RadioTV_Detalles.cshtml?LPKey=7DVPQVHJOTTKWUDYZMPOE6DR5TSYEEVYH6E3AR6XPJ2LBFNHCC3YYMYXSBXL7DBQIW4LD3UTZGP5K\" target=\"_blank\" rel=\"noopener noreferrer\" data-auth=\"NotApplicable\" data-linkindex=\"16\">Entrevista a Patricio Gonz\u00e1lez Colville, agroclimat\u00f3logo y acad\u00e9mico del Centro de Investigaci\u00f3n y Transferencia en Riego y Agroclimatolog\u00eda (CITRA).<\/a>\u00a0<\/div><div>\u00a0<\/div><div><b>RADIO MAULE SUR<\/b>\u00a0<br \/><a id=\"OWA70a2dc87-101f-417c-9013-1b5323db0ea3\" title=\"https:\/\/www.radiomaulesur.cl\/2025\/09\/conversar-nos-cuida-senales-de-alerta-y.html\" href=\"https:\/\/www.radiomaulesur.cl\/2025\/09\/conversar-nos-cuida-senales-de-alerta-y.html\" target=\"_blank\" rel=\"noopener noreferrer\" data-auth=\"NotApplicable\" data-linkindex=\"17\">Conversar nos cuida: se\u00f1ales de alerta y recomendaciones en la prevenci\u00f3n del suicidio. Se refiere Felipe Guti\u00e9rrez, psic\u00f3logo de la Direcci\u00f3n de Salud.<\/a>\u00a0<\/div><div>\u00a0<\/div><div><b>G5 NOTICIA<\/b>\u00a0<br \/><a id=\"OWA54f0bb77-185b-7172-5809-ab7feac743a8\" title=\"https:\/\/g5noticias.cl\/2025\/09\/22\/por-que-son-tan-importantes-los-rios-y-humedales-para-enfrentar-la-crisis-climatica\/\" href=\"https:\/\/g5noticias.cl\/2025\/09\/22\/por-que-son-tan-importantes-los-rios-y-humedales-para-enfrentar-la-crisis-climatica\/\" target=\"_blank\" rel=\"noopener noreferrer\" data-auth=\"NotApplicable\" data-linkindex=\"18\">\u00bfPor qu\u00e9 son tan importantes los r\u00edos y humedales para enfrentar la crisis clim\u00e1tica? Se refiere Mauricio Quiroz, acad\u00e9mico del Instituto de Ciencias Biol\u00f3gicas.<\/a>\u00a0<\/div><div>\u00a0<\/div><div><b>LA TERCERA ONLINE<\/b>\u00a0<br \/><a id=\"OWA606115f6-1060-1f3c-3356-b20e0f9bd279\" title=\"https:\/\/www.latercera.com\/nacional\/noticia\/ues-y-demre-reprochan-indefinicion-del-congreso-sobre-pedagogias-a-3-dias-de-publicacion-de-oferta-definitiva-de-carreras\/\" href=\"https:\/\/www.latercera.com\/nacional\/noticia\/ues-y-demre-reprochan-indefinicion-del-congreso-sobre-pedagogias-a-3-dias-de-publicacion-de-oferta-definitiva-de-carreras\/\" target=\"_blank\" rel=\"noopener noreferrer\" data-auth=\"NotApplicable\" data-linkindex=\"19\">Ues y Demre reprochan indefinici\u00f3n del Congreso sobre Pedagog\u00edas a 3 d\u00edas de publicaci\u00f3n de oferta definitiva de carreras. Se refiere Mauricio V\u00e9liz, decano de la Facultad de Ciencias de la Educaci\u00f3n.<\/a>\u202f\u00a0<\/div><div>\u00a0<\/div><div><b>DIARIO FINANCIERO<\/b>\u00a0<br \/><a id=\"OWA534f20e2-e9a2-ae99-9398-9cd7b02f2ccc\" title=\"https:\/\/www.litoralpress.cl\/paginaconsultas\/Servicios_NClipWeb\/Get_Imagen_Nota.aspx?LPKey=SLWNJP6KKUC3N5H2KWNHC6T73YFA42LU45LNVCCN32J2Z4CVVEUWOFQWFRHQ4LOBGKW4EWVITX6OE\" href=\"https:\/\/www.litoralpress.cl\/paginaconsultas\/Servicios_NClipWeb\/Get_Imagen_Nota.aspx?LPKey=SLWNJP6KKUC3N5H2KWNHC6T73YFA42LU45LNVCCN32J2Z4CVVEUWOFQWFRHQ4LOBGKW4EWVITX6OE\" target=\"_blank\" rel=\"noopener noreferrer\" data-auth=\"NotApplicable\" data-linkindex=\"20\">Candidatos definen a los asesores que los acompa\u00f1aran en su carrera a La Moneda. Se menciona la Universidad de Talca.<\/a>\u00a0<\/div><div>\u00a0<\/div><div><b>LA PRENSA DE CURIC\u00d3<\/b>\u00a0<br \/><a id=\"OWA03c05f24-8834-4efc-173c-296897528b73\" title=\"https:\/\/www.litoralpress.cl\/paginaconsultas\/Servicios_NClipWeb\/Get_Imagen_Nota.aspx?LPKey=NTV6OECFBZF62NXTVGUBPBSQ6JH6MVKUHB3MMO7DNUQNFXTQ7TL2AC3UCQCE2LZTZQQOI6HBRJSTG\" href=\"https:\/\/www.litoralpress.cl\/paginaconsultas\/Servicios_NClipWeb\/Get_Imagen_Nota.aspx?LPKey=NTV6OECFBZF62NXTVGUBPBSQ6JH6MVKUHB3MMO7DNUQNFXTQ7TL2AC3UCQCE2LZTZQQOI6HBRJSTG\" target=\"_blank\" rel=\"noopener noreferrer\" data-auth=\"NotApplicable\" data-linkindex=\"21\">Sucede. Se menciona la Universidad de Talca.<\/a>\u00a0<\/div><div>\u00a0<\/div><div><b>DIARIO FINANCIERO ONLINE<\/b>\u00a0<br \/><a id=\"OWAaaf8ad17-e3f4-d881-f26e-63781e6c2a98\" title=\"https:\/\/www.df.cl\/economia-y-politica\/pais\/el-equipo-de-jeannete-jara-que-trabaja-en-incorporar-nuevos-temas-y-afinar\" href=\"https:\/\/www.df.cl\/economia-y-politica\/pais\/el-equipo-de-jeannete-jara-que-trabaja-en-incorporar-nuevos-temas-y-afinar\" target=\"_blank\" rel=\"noopener noreferrer\" data-auth=\"NotApplicable\" data-linkindex=\"22\">El equipo de Jeannete Jara que trabaja en incorporar nuevos temas y afinar el programa de gobierno. Se menciona la Universidad de Talca.<\/a>\u00a0<\/div><div>\u00a0<\/div><div><b>PUBLIMICRO<\/b>\u00a0<br \/><a id=\"OWAc9faa9c8-6efb-5cc5-aaf3-91bab7dbbc29\" title=\"https:\/\/publimicro.cl\/honran-legado-de-guillermo-blanco-con-placa-conmemorativa-en-el-parque-de-esculturas-de-la-universidad-de-talca-donde-descansan-sus-cenizas\/\" href=\"https:\/\/publimicro.cl\/honran-legado-de-guillermo-blanco-con-placa-conmemorativa-en-el-parque-de-esculturas-de-la-universidad-de-talca-donde-descansan-sus-cenizas\/\" target=\"_blank\" rel=\"noopener noreferrer\" data-auth=\"NotApplicable\" data-linkindex=\"23\">Honran legado de Guillermo Blanco, con placa conmemorativa en el Parque de Esculturas de la Universidad de Talca, donde descansan sus cenizas. Se menciona la Universidad de Talca<\/a>\u00a0<\/div><div>\u00a0<\/div><div><b>RADIO NUEVO MUNDO<\/b>\u00a0<br \/><a id=\"OWA79da8829-17b7-774f-6c26-8bf4f39bc003\" title=\"https:\/\/radionuevomundo.cl\/2025\/09\/22\/textiles-africanos-llegan-al-centro-cultural-la-moneda-en-clave-de-resistencia-y-emancipacion-politica-y-cultural\/\" href=\"https:\/\/radionuevomundo.cl\/2025\/09\/22\/textiles-africanos-llegan-al-centro-cultural-la-moneda-en-clave-de-resistencia-y-emancipacion-politica-y-cultural\/\" target=\"_blank\" rel=\"noopener noreferrer\" data-auth=\"NotApplicable\" data-linkindex=\"24\">Textiles africanos llegan al Centro Cultural La Moneda en clave de resistencia y emancipaci\u00f3n pol\u00edtica y cultural. Se menciona la Universidad de Talca.<\/a>\u00a0<\/div><div>\u00a0<\/div><div><b>UNIVERSIDAD CAT\u00d3LICA DEL MAULE<\/b>\u00a0<br \/><a id=\"OWA69fd0342-a985-4ed4-5f0a-8927f2d9b61a\" title=\"https:\/\/portal.ucm.cl\/noticias\/especialistas-ahondan-la-necesidad-infraestructura-portuaria-maule\" href=\"https:\/\/portal.ucm.cl\/noticias\/especialistas-ahondan-la-necesidad-infraestructura-portuaria-maule\" target=\"_blank\" rel=\"noopener noreferrer\" data-auth=\"NotApplicable\" data-linkindex=\"25\">Especialistas ahondan sobre la necesidad de infraestructura portuaria para el Maule. Se menciona la Universidad de Talca.<\/a>\u00a0<\/div><div>\u00a0<\/div><div><b>EL MAULE INFORMA<\/b>\u00a0<br \/><a id=\"OWA594ef981-a16a-5127-b3a0-3db9176e30a8\" title=\"https:\/\/elmauleinforma.cl\/especialistas-abordan-la-necesidad-de-infraestructura-portuaria-para-el-maule\/\" href=\"https:\/\/elmauleinforma.cl\/especialistas-abordan-la-necesidad-de-infraestructura-portuaria-para-el-maule\/\" target=\"_blank\" rel=\"noopener noreferrer\" data-auth=\"NotApplicable\" data-linkindex=\"26\">Especialistas ahondan sobre la necesidad de infraestructura portuaria para el Maule. Se menciona la Universidad de Talca.<\/a>\u00a0<\/div><div>\u00a0<\/div><div><b>PASI\u00d3N POR LOS DEPORTES<\/b>\u00a0<br \/><a id=\"OWA99b02e11-b3c4-a149-d380-4ff972767384\" title=\"https:\/\/pasionporlosdeportes.cl\/lanzan-libro-descubriendo-talca-con-invitacion-a-toda-la-comunidad\/\" href=\"https:\/\/pasionporlosdeportes.cl\/lanzan-libro-descubriendo-talca-con-invitacion-a-toda-la-comunidad\/\" target=\"_blank\" rel=\"noopener noreferrer\" data-auth=\"NotApplicable\" data-linkindex=\"27\">Lanzan libro \u201cDescubriendo Talca\u201d con invitaci\u00f3n a toda la comunidad. Se menciona la Universidad de Talca.<\/a>\u00a0<\/div><div>\u00a0<\/div><div><b>AD PRENSA<\/b>\u00a0<br \/><a id=\"OWA5b299e98-db0e-4eef-ba02-2d6e21b3c331\" title=\"https:\/\/www.adprensa.cl\/cronica\/especialistas-ahondan-sobre-la-necesidad-de-infraestructura-portuaria-para-el-maule\/\" href=\"https:\/\/www.adprensa.cl\/cronica\/especialistas-ahondan-sobre-la-necesidad-de-infraestructura-portuaria-para-el-maule\/\" target=\"_blank\" rel=\"noopener noreferrer\" data-auth=\"NotApplicable\" data-linkindex=\"28\">Especialistas ahondan sobre la necesidad de infraestructura portuaria para el Maule. Se menciona la Universidad de Talca.<\/a>\u00a0<\/div>\t\t\t\t\t\t<\/div>\n\t\t\t\t<\/div>\n\t\t\t\t\t<\/div>\n\t\t<\/div>\n\t\t\t\t\t\t\t<\/div>\n\t\t<\/section>\n\t\t\t\t\t\t<\/div>\n\t\t\t\t\t<\/div>\n\t\t","protected":false},"excerpt":{"rendered":"<p>PORTALEDUCA\u00a0UTalca es la \u00fanica casa de estudios estatal en Chile certificada como Familiarmente Responsable. Se refiere Carlos Torres Fuchslocher, rector.\u00a0\u00a0SOMOS MAULE\u00a0UTalca es la \u00fanica casa de estudios estatal en Chile certificada como Familiarmente Responsable. Se refiere Carlos Torres Fuchslocher, rector.\u00a0\u00a0EL MERCURIO\u00a0Las personas mayores en Chile tienen un solo amigo de confianza, en promedio. Se refiere &hellip;<\/p>\n<p class=\"read-more\"> <a class=\"\" href=\"https:\/\/www.reportedeprensa.utalca.cl\/?p=12563\"> <span class=\"screen-reader-text\">23 de septiembre 2025<\/span> Read More &raquo;<\/a><\/p>\n","protected":false},"author":1,"featured_media":0,"comment_status":"closed","ping_status":"open","sticky":false,"template":"","format":"standard","meta":{"_monsterinsights_skip_tracking":false,"_monsterinsights_sitenote_active":false,"_monsterinsights_sitenote_note":"","_monsterinsights_sitenote_category":0},"categories":[63],"tags":[],"_links":{"self":[{"href":"https:\/\/www.reportedeprensa.utalca.cl\/index.php?rest_route=\/wp\/v2\/posts\/12563"}],"collection":[{"href":"https:\/\/www.reportedeprensa.utalca.cl\/index.php?rest_route=\/wp\/v2\/posts"}],"about":[{"href":"https:\/\/www.reportedeprensa.utalca.cl\/index.php?rest_route=\/wp\/v2\/types\/post"}],"author":[{"embeddable":true,"href":"https:\/\/www.reportedeprensa.utalca.cl\/index.php?rest_route=\/wp\/v2\/users\/1"}],"replies":[{"embeddable":true,"href":"https:\/\/www.reportedeprensa.utalca.cl\/index.php?rest_route=%2Fwp%2Fv2%2Fcomments&post=12563"}],"version-history":[{"count":4,"href":"https:\/\/www.reportedeprensa.utalca.cl\/index.php?rest_route=\/wp\/v2\/posts\/12563\/revisions"}],"predecessor-version":[{"id":12567,"href":"https:\/\/www.reportedeprensa.utalca.cl\/index.php?rest_route=\/wp\/v2\/posts\/12563\/revisions\/12567"}],"wp:attachment":[{"href":"https:\/\/www.reportedeprensa.utalca.cl\/index.php?rest_route=%2Fwp%2Fv2%2Fmedia&parent=12563"}],"wp:term":[{"taxonomy":"category","embeddable":true,"href":"https:\/\/www.reportedeprensa.utalca.cl\/index.php?rest_route=%2Fwp%2Fv2%2Fcategories&post=12563"},{"taxonomy":"post_tag","embeddable":true,"href":"https:\/\/www.reportedeprensa.utalca.cl\/index.php?rest_route=%2Fwp%2Fv2%2Ftags&post=12563"}],"curies":[{"name":"wp","href":"https:\/\/api.w.org\/{rel}","templated":true}]}}