{"id":12572,"date":"2025-09-25T09:08:14","date_gmt":"2025-09-25T12:08:14","guid":{"rendered":"https:\/\/www.reportedeprensa.utalca.cl\/?p=12572"},"modified":"2025-09-25T09:11:31","modified_gmt":"2025-09-25T12:11:31","slug":"24-de-septiembre-2025","status":"publish","type":"post","link":"https:\/\/www.reportedeprensa.utalca.cl\/?p=12572","title":{"rendered":"24 de septiembre 2025"},"content":{"rendered":"\t\t<div data-elementor-type=\"wp-post\" data-elementor-id=\"12572\" class=\"elementor elementor-12572\" data-elementor-settings=\"[]\">\n\t\t\t\t\t\t\t<div class=\"elementor-section-wrap\">\n\t\t\t\t\t\t\t<section class=\"elementor-section elementor-top-section elementor-element elementor-element-bcea1a8 elementor-section-boxed elementor-section-height-default elementor-section-height-default\" data-id=\"bcea1a8\" data-element_type=\"section\">\n\t\t\t\t\t\t<div class=\"elementor-container elementor-column-gap-default\">\n\t\t\t\t\t<div class=\"elementor-column elementor-col-100 elementor-top-column elementor-element elementor-element-e7183bf\" data-id=\"e7183bf\" data-element_type=\"column\">\n\t\t\t<div class=\"elementor-widget-wrap elementor-element-populated\">\n\t\t\t\t\t\t\t\t<div class=\"elementor-element elementor-element-3e1e9b5 elementor-widget elementor-widget-text-editor\" data-id=\"3e1e9b5\" data-element_type=\"widget\" data-widget_type=\"text-editor.default\">\n\t\t\t\t<div class=\"elementor-widget-container\">\n\t\t\t\t\t\t\t\t<div><b data-olk-copy-source=\"MessageBody\">LA TERCERA ONLINE<\/b>\u00a0<br \/><a id=\"OWA891b5fa6-27e4-9186-4000-1d3c98c6cf6a\" title=\"https:\/\/www.latercera.com\/educacion\/noticia\/ninguna-existia-hace-10-anos-pero-hoy-son-esenciales-donde-estudiar-carreras-que-incluyen-inteligencia-artificial\/\" href=\"https:\/\/www.latercera.com\/educacion\/noticia\/ninguna-existia-hace-10-anos-pero-hoy-son-esenciales-donde-estudiar-carreras-que-incluyen-inteligencia-artificial\/\" target=\"_blank\" rel=\"noopener noreferrer\" data-auth=\"NotApplicable\" data-linkindex=\"0\">Ninguna exist\u00eda hace 10 a\u00f1os pero hoy son esenciales: d\u00f3nde estudiar carreras que incluyen inteligencia artificial. Samuel Ortega Far\u00edas, director del Centro de Investigaci\u00f3n y Transferencia en Riego y Agroclimatolog\u00eda (CITRA).\u202f<\/a>\u00a0<\/div><div>\u00a0<\/div><div><b>INOTICIAS<\/b>\u00a0<br \/><a id=\"OWA534488bd-6c86-8961-20f6-ca824bf343e7\" title=\"https:\/\/inoticias.cl\/detalle\/ninguna-existia-hace-10-anos-pero-hoy-son-esenciales-donde-1296701\" href=\"https:\/\/inoticias.cl\/detalle\/ninguna-existia-hace-10-anos-pero-hoy-son-esenciales-donde-1296701\" target=\"_blank\" rel=\"noopener noreferrer\" data-auth=\"NotApplicable\" data-linkindex=\"1\">Ninguna exist\u00eda hace 10 a\u00f1os pero hoy son esenciales: d\u00f3nde estudiar carreras que incluyen inteligencia artificial. Samuel Ortega Far\u00edas, director del Centro de Investigaci\u00f3n y Transferencia en Riego y Agroclimatolog\u00eda (CITRA).\u202f<\/a>\u00a0<\/div><div>\u00a0<\/div><div><b>EL MOSTRADOR<\/b>\u00a0<br \/><a id=\"OWAdd9207e3-872d-eb48-a733-926bbd04624d\" title=\"https:\/\/www.elmostrador.cl\/agenda-pais\/educacion\/2025\/09\/23\/universidad-regional-abre-postulaciones-a-14-vias-de-admision-especial-para-nuevos-estudiantes\/\" href=\"https:\/\/www.elmostrador.cl\/agenda-pais\/educacion\/2025\/09\/23\/universidad-regional-abre-postulaciones-a-14-vias-de-admision-especial-para-nuevos-estudiantes\/\" target=\"_blank\" rel=\"noopener noreferrer\" data-auth=\"NotApplicable\" data-linkindex=\"2\">Universidad regional abre postulaciones a 14 v\u00edas de admisi\u00f3n especial para nuevos estudiantes. Se refiere Tania Mascar\u00f3, jefa de admisi\u00f3n.<\/a>\u00a0<\/div><div>\u00a0<\/div><div><b>PORTAL EDUCA<\/b>\u00a0<br \/><a id=\"OWA9cb3e3b9-485c-820e-ecc6-de2f8070d309\" title=\"https:\/\/portaleduca.cl\/utalca-abre-postulaciones-a-14-vias-de-admision-especial-para-nuevos-estudiantes\/\" href=\"https:\/\/portaleduca.cl\/utalca-abre-postulaciones-a-14-vias-de-admision-especial-para-nuevos-estudiantes\/\" target=\"_blank\" rel=\"noopener noreferrer\" data-auth=\"NotApplicable\" data-linkindex=\"3\">UTalca abre postulaciones a 14 v\u00edas de admisi\u00f3n especial para nuevos estudiantes. Se refiere Tania Mascar\u00f3, jefa de admisi\u00f3n.<\/a>\u00a0<\/div><div>\u00a0<\/div><div><b>RADIO MAULE SUR<\/b>\u00a0<br \/><a id=\"OWA018ef474-f70c-36e6-4faa-f3411f85a842\" title=\"https:\/\/www.radiomaulesur.cl\/2025\/09\/utalca-abre-postulaciones-14-vias-de.html\" href=\"https:\/\/www.radiomaulesur.cl\/2025\/09\/utalca-abre-postulaciones-14-vias-de.html\" target=\"_blank\" rel=\"noopener noreferrer\" data-auth=\"NotApplicable\" data-linkindex=\"4\">UTalca abre postulaciones a 14 v\u00edas de admisi\u00f3n especial para nuevos estudiantes. Se refiere Tania Mascar\u00f3, jefa de admisi\u00f3n.<\/a>\u00a0<\/div><div>\u00a0<\/div><div><b>AD PRENSA<\/b>\u00a0<br \/><a id=\"OWA74c9e578-c191-526d-d95f-0633faaf95cc\" title=\"https:\/\/www.adprensa.cl\/cronica\/utalca-abre-postulaciones-a-14-vias-de-admision-especial-para-nuevos-estudiantes\/\" href=\"https:\/\/www.adprensa.cl\/cronica\/utalca-abre-postulaciones-a-14-vias-de-admision-especial-para-nuevos-estudiantes\/\" target=\"_blank\" rel=\"noopener noreferrer\" data-auth=\"NotApplicable\" data-linkindex=\"5\">UTalca abre postulaciones a 14 v\u00edas de admisi\u00f3n especial para nuevos estudiantes. Se refiere Tania Mascar\u00f3, jefa de admisi\u00f3n.<\/a>\u00a0<\/div><div>\u00a0<\/div><div><b>EL MAULE INFORMA<\/b>\u00a0<br \/><a id=\"OWA70784b7a-3e01-769d-66e1-64bfc3c10b68\" title=\"https:\/\/elmauleinforma.cl\/utalca-abre-postulaciones-a-14-vias-de-admision-especial-para-nuevos-estudiantes\/\" href=\"https:\/\/elmauleinforma.cl\/utalca-abre-postulaciones-a-14-vias-de-admision-especial-para-nuevos-estudiantes\/\" target=\"_blank\" rel=\"noopener noreferrer\" data-auth=\"NotApplicable\" data-linkindex=\"6\">UTalca abre postulaciones a 14 v\u00edas de admisi\u00f3n especial para nuevos estudiantes. Se refiere Tania Mascar\u00f3, jefa de admisi\u00f3n.<\/a>\u00a0<\/div><div>\u00a0<\/div><div><b>LA PRENSA DE CURIC\u00d3<\/b>\u00a0<br \/><a id=\"OWAed78b1d8-110d-c010-4f17-5c038e380dfe\" title=\"https:\/\/www.litoralpress.cl\/paginaconsultas\/Servicios_NClipWeb\/Get_Imagen_Nota.aspx?LPKey=3HOUAYJPD67VWJPAGEGXHH25FKZPXQXHOBRKXXYWXXB5AUNBMYEFZFTHWS7K76LCZGJ3LNJNWITGI\" href=\"https:\/\/www.litoralpress.cl\/paginaconsultas\/Servicios_NClipWeb\/Get_Imagen_Nota.aspx?LPKey=3HOUAYJPD67VWJPAGEGXHH25FKZPXQXHOBRKXXYWXXB5AUNBMYEFZFTHWS7K76LCZGJ3LNJNWITGI\" target=\"_blank\" rel=\"noopener noreferrer\" data-auth=\"NotApplicable\" data-linkindex=\"7\">Rinden homenaje a escritor Guillermo Blanco con placa conmemorativa a 15 a\u00f1os de su fallecimiento. Se refiere Carlos Torres Fuchslocher,\u202frector y Marcela Albornoz Dachelet,\u202fdirectora de Extensi\u00f3n Cultural-Art\u00edstica.<\/a>\u00a0<\/div><div>\u00a0<\/div><div><b>RADIO LAUTARO<\/b>\u00a0<br \/><a id=\"OWAa4951d46-b715-c4a7-b4e1-c54b5c2856b1\" title=\"https:\/\/radiolautarotalca.cl\/utalca-conmemora-centenario-del-escultor-sergio-castillo\/\" href=\"https:\/\/radiolautarotalca.cl\/utalca-conmemora-centenario-del-escultor-sergio-castillo\/\" target=\"_blank\" rel=\"noopener noreferrer\" data-auth=\"NotApplicable\" data-linkindex=\"8\">UTalca conmemora centenario del escultor Sergio Castillo. Se refiere Carlos Torres Fuchslocher,\u202frector y Marcela Albornoz Dachelet,\u202fdirectora de Extensi\u00f3n Cultural-Art\u00edstica.<\/a>\u00a0<\/div><div>\u00a0<\/div><div><b>LA DISCUSI\u00d3N<\/b>\u00a0<br \/><a id=\"OWA830a824a-98b6-c1c7-9363-e3cf50f680a1\" title=\"https:\/\/www.litoralpress.cl\/paginaconsultas\/Servicios_NClipWeb\/Get_Imagen_Nota.aspx?LPKey=M4AOXM5ZCPUNVZUZPBSARQ4TIH64UO3533HH66VQ6KY3LE43NN5SB4CUIS72SZFGLQWETXHYLUTME\" href=\"https:\/\/www.litoralpress.cl\/paginaconsultas\/Servicios_NClipWeb\/Get_Imagen_Nota.aspx?LPKey=M4AOXM5ZCPUNVZUZPBSARQ4TIH64UO3533HH66VQ6KY3LE43NN5SB4CUIS72SZFGLQWETXHYLUTME\" target=\"_blank\" rel=\"noopener noreferrer\" data-auth=\"NotApplicable\" data-linkindex=\"9\">Frases de hoy. Se refiere Patricio Gonz\u00e1lez Colville, agroclimat\u00f3logo y acad\u00e9mico del Centro de Investigaci\u00f3n y Transferencia en Riego y Agroclimatolog\u00eda (CITRA).<\/a>\u00a0<\/div><div>\u00a0<\/div><div><b>LA DISCUSI\u00d3N<\/b>\u00a0<br \/><a id=\"OWA21af6d42-2d90-5c3c-6245-08c4a9e99257\" title=\"https:\/\/www.litoralpress.cl\/paginaconsultas\/Servicios_NClipWeb\/Get_Imagen_Nota.aspx?LPKey=DBBW57XYDO5Y3PCK3UID45N47PEPOCHIY44DRSJHKV2RJNC75KSUP2YOKST57PQCWEOTS5RRDI5WU\" href=\"https:\/\/www.litoralpress.cl\/paginaconsultas\/Servicios_NClipWeb\/Get_Imagen_Nota.aspx?LPKey=DBBW57XYDO5Y3PCK3UID45N47PEPOCHIY44DRSJHKV2RJNC75KSUP2YOKST57PQCWEOTS5RRDI5WU\" target=\"_blank\" rel=\"noopener noreferrer\" data-auth=\"NotApplicable\" data-linkindex=\"10\">Chill\u00e1n es la tercera ciudad del pa\u00eds con mayor d\u00e9ficit de precipitaciones. Se refiere Patricio Gonz\u00e1lez Colville, agroclimat\u00f3logo y acad\u00e9mico del Centro de Investigaci\u00f3n y Transferencia en Riego y Agroclimatolog\u00eda (CITRA).<\/a>\u00a0<\/div><div>\u00a0<\/div><div><b>LA TERCERA<\/b>\u00a0<br \/><a id=\"OWA1c438e8b-0da1-fdd9-4142-7c68d55efe39\" title=\"https:\/\/www.litoralpress.cl\/paginaconsultas\/Servicios_NClipWeb\/Get_Imagen_Nota.aspx?LPKey=RW7W5KGQW6OVV2YGVRDXYXQZPPBB2AESTPZZC63GHSTLHEQPT7KQJSLBRV4DCPHVZTFTR7S6MIZN6\" href=\"https:\/\/www.litoralpress.cl\/paginaconsultas\/Servicios_NClipWeb\/Get_Imagen_Nota.aspx?LPKey=RW7W5KGQW6OVV2YGVRDXYXQZPPBB2AESTPZZC63GHSTLHEQPT7KQJSLBRV4DCPHVZTFTR7S6MIZN6\" target=\"_blank\" rel=\"noopener noreferrer\" data-auth=\"NotApplicable\" data-linkindex=\"11\">Ues y Demre reprochan indefinici\u00f3n del Congreso sobre pedagog\u00edas a tres d\u00edas de publicaci\u00f3n de oferta definitiva de carreras. Se refiere Mauricio V\u00e9liz, decano de la Facultad de Ciencias de la Educaci\u00f3n.<\/a>\u00a0<\/div><div>\u00a0<\/div><div><b>EL LECTOR<\/b>\u00a0<br \/><a id=\"OWAf68cb6be-86f9-5da0-75a9-45b55e71e56c\" title=\"https:\/\/www.litoralpress.cl\/paginaconsultas\/Servicios_NClipWeb\/Get_Imagen_Nota.aspx?LPKey=T2LQ35IQGL7DAX3RC6SNLX74YKKC42EMGKOFBE5EFKWKRZQ6A27IGSY57UXM3L3LJXLRYYYT5UMXW\" href=\"https:\/\/www.litoralpress.cl\/paginaconsultas\/Servicios_NClipWeb\/Get_Imagen_Nota.aspx?LPKey=T2LQ35IQGL7DAX3RC6SNLX74YKKC42EMGKOFBE5EFKWKRZQ6A27IGSY57UXM3L3LJXLRYYYT5UMXW\" target=\"_blank\" rel=\"noopener noreferrer\" data-auth=\"NotApplicable\" data-linkindex=\"12\">Despu\u00e9s del 18: C\u00f3mo retomar h\u00e1bitos saludables en la alimentaci\u00f3n. Se refieren Valentina Parot y Paula Contreras, acad\u00e9micas de la\u202fEscuela de Nutrici\u00f3n y Diet\u00e9tica.<\/a>\u00a0<\/div><div>\u00a0<\/div><div><b>SEMANARIO TIEMPO<\/b>\u00a0<br \/><a id=\"OWAc4a169b6-ba6d-28ef-a461-07c79c9da053\" title=\"https:\/\/www.litoralpress.cl\/paginaconsultas\/Servicios_NClipWeb\/Get_Imagen_Nota.aspx?LPKey=E5VZ7SRZPKDGI6AAPJVC7EO6WN3UUJCWDHPG4BMYDNHVZIDY7HWIST2PTSI7JP34GLUCSN3GXZNWS\" href=\"https:\/\/www.litoralpress.cl\/paginaconsultas\/Servicios_NClipWeb\/Get_Imagen_Nota.aspx?LPKey=E5VZ7SRZPKDGI6AAPJVC7EO6WN3UUJCWDHPG4BMYDNHVZIDY7HWIST2PTSI7JP34GLUCSN3GXZNWS\" target=\"_blank\" rel=\"noopener noreferrer\" data-auth=\"NotApplicable\" data-linkindex=\"13\">Estudiantes andacollinos participaron del vi encuentro de piano en la Universidad de Talca.<\/a>\u00a0<\/div><div>\u00a0<\/div><div><b>RADIO INFINITA<\/b>\u00a0<br \/><a id=\"OWA14adad41-4bc1-7cab-23a9-451baf380886\" title=\"https:\/\/www.litoralpress.cl\/sitio\/RadioTV_Detalles.cshtml?LPKey=S3RFVKOULBSXX75CXTCVTDTS5242CV2YEG7HB5MVW5N42VZYKQOF3JDBOKTWMNIJG6IA42XG42LKO\" href=\"https:\/\/www.litoralpress.cl\/sitio\/RadioTV_Detalles.cshtml?LPKey=S3RFVKOULBSXX75CXTCVTDTS5242CV2YEG7HB5MVW5N42VZYKQOF3JDBOKTWMNIJG6IA42XG42LKO\" target=\"_blank\" rel=\"noopener noreferrer\" data-auth=\"NotApplicable\" data-linkindex=\"14\">Comentario de Pol\u00edtica de Mauricio Morales Quiroga, director del Centro de an\u00e1lisis Pol\u00edtico (CAP-UTalca)<\/a>\u00a0<\/div><div>\u00a0<\/div><div><b>PORTAL PRENSA SALUD<\/b>\u00a0<br \/><a id=\"OWA5f4a32b5-ba7b-97ad-fd3b-d27666a22ca8\" title=\"https:\/\/portalprensasalud.cl\/2025\/09\/20\/conversar-nos-cuida-senales-de-alerta-y-recomendaciones-en-la-prevencion-del-suicidio\/\" href=\"https:\/\/portalprensasalud.cl\/2025\/09\/20\/conversar-nos-cuida-senales-de-alerta-y-recomendaciones-en-la-prevencion-del-suicidio\/\" target=\"_blank\" rel=\"noopener noreferrer\" data-auth=\"NotApplicable\" data-linkindex=\"15\">Conversar nos cuida: se\u00f1ales de alerta y recomendaciones en la prevenci\u00f3n del suicidio. Se refiere Daniel Jim\u00e9nez, director de Salud del Estudiante y Felipe Guti\u00e9rrez, psic\u00f3logo de la menciona direcci\u00f3n.<\/a>\u00a0<\/div><div>\u00a0<\/div><div><b>CANAL 2 LINARES<\/b>\u00a0<br \/><a id=\"OWAf1a9ec46-9908-71e3-43dc-6490277fddc9\" title=\"https:\/\/www.canal2linares.cl\/2025\/09\/despues-del-18-como-retomar-habitos.html\" href=\"https:\/\/www.canal2linares.cl\/2025\/09\/despues-del-18-como-retomar-habitos.html\" target=\"_blank\" rel=\"noopener noreferrer\" data-auth=\"NotApplicable\" data-linkindex=\"16\">Despu\u00e9s del 18: C\u00f3mo retomar h\u00e1bitos saludables en la alimentaci\u00f3n. Se refieren Valentina Parot y Paula Contreras, acad\u00e9micas de la\u202fEscuela de Nutrici\u00f3n y Diet\u00e9tica<\/a>\u00a0<\/div><div>\u00a0<\/div><div><b>DIARIO TALCA<\/b>\u00a0<br \/><a id=\"OWA15e78bcf-4de2-c940-f654-a0cb027ada2c\" title=\"https:\/\/diariotalca.cl\/despues-del-18-sepa-como-retomar-habitos-saludables-en-la-alimentacion\/\" href=\"https:\/\/diariotalca.cl\/despues-del-18-sepa-como-retomar-habitos-saludables-en-la-alimentacion\/\" target=\"_blank\" rel=\"noopener noreferrer\" data-auth=\"NotApplicable\" data-linkindex=\"17\">Despu\u00e9s del \u00ab18\u00bb: sepa c\u00f3mo retomar h\u00e1bitos saludables en la alimentaci\u00f3n. Se refieren Valentina Parot y Paula Contreras, acad\u00e9micas de la\u202fEscuela de Nutrici\u00f3n y Diet\u00e9tica<\/a>\u00a0<\/div><div>\u00a0<\/div><div><b>RADIO CRISTALINA<\/b>\u00a0<br \/><a id=\"OWAe7ba0cc1-50b8-c54d-c46b-4b0d925df1df\" title=\"https:\/\/radiocristalina.cl\/fiestas-patrias-despues-del-18-como-retomar-habitos-saludables-en-la-alimentacion\/\" href=\"https:\/\/radiocristalina.cl\/fiestas-patrias-despues-del-18-como-retomar-habitos-saludables-en-la-alimentacion\/\" target=\"_blank\" rel=\"noopener noreferrer\" data-auth=\"NotApplicable\" data-linkindex=\"18\">FIESTAS PATRIAS: Despu\u00e9s del 18, c\u00f3mo retomar h\u00e1bitos saludables en la alimentaci\u00f3n. Se refieren Valentina Parot y Paula Contreras, acad\u00e9micas de la\u202fEscuela de Nutrici\u00f3n y Diet\u00e9tica.<\/a>\u00a0<\/div><div>\u00a0<\/div><div><b>PUBLIMICRO<\/b>\u00a0<br \/><a id=\"OWAaf8d84bd-3bb6-ea0c-58af-498856131b80\" title=\"https:\/\/publimicro.cl\/la-vida-post-18-academica-de-la-universidad-de-talca-ensena-como-retomar-habitos-saludables-en-la-alimentacion\/\" href=\"https:\/\/publimicro.cl\/la-vida-post-18-academica-de-la-universidad-de-talca-ensena-como-retomar-habitos-saludables-en-la-alimentacion\/\" target=\"_blank\" rel=\"noopener noreferrer\" data-auth=\"NotApplicable\" data-linkindex=\"19\">La vida post 18: Acad\u00e9mica de la Universidad de Talca, ense\u00f1a c\u00f3mo retomar h\u00e1bitos saludables en la alimentaci\u00f3n. Se refiere Valentina Parot, acad\u00e9mica de la\u202fEscuela de Nutrici\u00f3n y Diet\u00e9tica.<\/a>\u00a0<\/div><div aria-hidden=\"true\">\u00a0<\/div><div><b>EMOL<\/b>\u00a0<br \/><a id=\"OWAe6fc370f-b78a-eafb-935b-60c7b16d6a84\" title=\"https:\/\/www.emol.com\/noticias\/Nacional\/2025\/09\/23\/1178462\/factores-detras-alza-turbazos.html\" href=\"https:\/\/www.emol.com\/noticias\/Nacional\/2025\/09\/23\/1178462\/factores-detras-alza-turbazos.html\" target=\"_blank\" rel=\"noopener noreferrer\" data-auth=\"NotApplicable\" data-linkindex=\"20\">Zonas con bajo contingente policial y &#8216;datos&#8217;: Los factores que impulsar\u00edan alza de turbazos. Se refiere Gloria Mancilla, acad\u00e9mica de la Facultad de Ciencias Jur\u00eddicas y Sociales.<\/a>\u00a0\u00a0<\/div><div>\u00a0<\/div><div><b>EL DIARIO DE SANTIAGO<\/b>\u00a0<br \/><a id=\"OWAdd9d15df-57b6-6649-0d34-d0b893902705\" title=\"https:\/\/eldiariodesantiago.cl\/2025\/09\/23\/turbazos-al-alza-delincuentes-apuntan-a-zonas-con-bajo-control-policial-y-datos-previos\/\" href=\"https:\/\/eldiariodesantiago.cl\/2025\/09\/23\/turbazos-al-alza-delincuentes-apuntan-a-zonas-con-bajo-control-policial-y-datos-previos\/\" target=\"_blank\" rel=\"noopener noreferrer\" data-auth=\"NotApplicable\" data-linkindex=\"21\">Turbazos al alza: delincuentes apuntan a zonas con bajo control policial y datos previos. Se refiere Gloria Mancilla, acad\u00e9mica de la Facultad de Ciencias Jur\u00eddicas y Sociales.<\/a>\u00a0<br \/>\u00a0<br \/><b>EL LECTOR<\/b>\u00a0<br \/><a id=\"OWA2cbbb9af-04c6-39b8-d38c-e7f65631b90b\" title=\"https:\/\/www.litoralpress.cl\/paginaconsultas\/Servicios_NClipWeb\/Get_Imagen_Nota.aspx?LPKey=HBMGKMFOGZUTKJPJ4SMURDKFTKNDNN6JSBYDMRYSN7XF5DALVYUIRWFT6L2JJOGNNJJADF5H2CJ6A\" href=\"https:\/\/www.litoralpress.cl\/paginaconsultas\/Servicios_NClipWeb\/Get_Imagen_Nota.aspx?LPKey=HBMGKMFOGZUTKJPJ4SMURDKFTKNDNN6JSBYDMRYSN7XF5DALVYUIRWFT6L2JJOGNNJJADF5H2CJ6A\" target=\"_blank\" rel=\"noopener noreferrer\" data-auth=\"NotApplicable\" data-linkindex=\"22\">Especialistas ahondan sobre la necesidad de infraestructura portuaria para el Maule. Se menciona la Universidad de Talca.<\/a>\u00a0<\/div><div>\u00a0<\/div><div><b>LA PRENSA DE CURIC\u00d3<\/b>\u00a0<br \/><a id=\"OWA69911bd1-22fa-59c4-a8ff-ea85f8aefaab\" title=\"https:\/\/www.litoralpress.cl\/paginaconsultas\/Servicios_NClipWeb\/Get_Imagen_Nota.aspx?LPKey=3I2ML3GU7GEY2HWUMBOLCBBZFMRMFWNPRHDN2IG66AHMOJFRB5UDLXEGDE2XVC2TAPBCFXLXJLTHU\" href=\"https:\/\/www.litoralpress.cl\/paginaconsultas\/Servicios_NClipWeb\/Get_Imagen_Nota.aspx?LPKey=3I2ML3GU7GEY2HWUMBOLCBBZFMRMFWNPRHDN2IG66AHMOJFRB5UDLXEGDE2XVC2TAPBCFXLXJLTHU\" target=\"_blank\" rel=\"noopener noreferrer\" data-auth=\"NotApplicable\" data-linkindex=\"23\">Sucede. Se menciona la Universidad de Talca.<\/a>\u00a0<\/div><div>\u00a0<\/div><div><b>LA PRENSA DE CURIC\u00d3<\/b>\u00a0<br \/><a id=\"OWAcf944328-25db-0c78-fec1-02d06c0a1dde\" title=\"https:\/\/www.litoralpress.cl\/paginaconsultas\/Servicios_NClipWeb\/Get_Imagen_Nota.aspx?LPKey=65ZLYTOXZTKFRZPIVQGDYUU2VPKL4747UJQSBZACA2PPTLPPSNU2QFFM35VWHB5OHL63LNSKA3GJO\" href=\"https:\/\/www.litoralpress.cl\/paginaconsultas\/Servicios_NClipWeb\/Get_Imagen_Nota.aspx?LPKey=65ZLYTOXZTKFRZPIVQGDYUU2VPKL4747UJQSBZACA2PPTLPPSNU2QFFM35VWHB5OHL63LNSKA3GJO\" target=\"_blank\" rel=\"noopener noreferrer\" data-auth=\"NotApplicable\" data-linkindex=\"24\">Invitan a \u201cDi\u00e1logo con Bel\u00e9n Fern\u00e1ndez\u201d en la UTalca. Se menciona la Universidad de Talca.<\/a>\u00a0<\/div><div>\u00a0<\/div><div><b>LA PRENSA DE CURIC\u00d3<\/b>\u00a0<br \/><a id=\"OWA7104ac72-e601-5b97-db32-5700c280e84c\" title=\"https:\/\/www.litoralpress.cl\/paginaconsultas\/Servicios_NClipWeb\/Get_Imagen_Nota.aspx?LPKey=HSZAVFHYK465LJ4ATWCEFKSQB7QCEAECWUTWIQCHVNSKDNB6YE7NO3RR3JFI7CCOI4GKEMAIPMKSA\" href=\"https:\/\/www.litoralpress.cl\/paginaconsultas\/Servicios_NClipWeb\/Get_Imagen_Nota.aspx?LPKey=HSZAVFHYK465LJ4ATWCEFKSQB7QCEAECWUTWIQCHVNSKDNB6YE7NO3RR3JFI7CCOI4GKEMAIPMKSA\" target=\"_blank\" rel=\"noopener noreferrer\" data-auth=\"NotApplicable\" data-linkindex=\"25\">Especialistas analizan en seminario la necesidad de infraestructura portuaria para la Regi\u00f3n del Maule. Se menciona la Universidad de Talca.<\/a>\u00a0<\/div><div>\u00a0<\/div><div><b>EL MOSTRADOR<\/b>\u00a0<br \/><a id=\"OWAec29b031-9f46-e06d-a2e8-5dd33d673170\" title=\"https:\/\/www.elmostrador.cl\/agenda-pais\/agenda-innovacion\/2025\/09\/23\/especialistas-ahondan-sobre-la-necesidad-de-infraestructura-portuaria-para-el-maule\/\" href=\"https:\/\/www.elmostrador.cl\/agenda-pais\/agenda-innovacion\/2025\/09\/23\/especialistas-ahondan-sobre-la-necesidad-de-infraestructura-portuaria-para-el-maule\/\" target=\"_blank\" rel=\"noopener noreferrer\" data-auth=\"NotApplicable\" data-linkindex=\"26\">Especialistas ahondan sobre la necesidad de infraestructura portuaria para el Maule. Se menciona la Universidad de Talca.<\/a>\u00a0<\/div><div>\u00a0<\/div><div><b>DIARIO TALCA<\/b>\u00a0<br \/><a id=\"OWAc37c8226-3d6d-c1e6-7c9d-65f7e2346f8b\" title=\"https:\/\/diariotalca.cl\/especialistas-ahondan-sobre-la-necesidad-de-infraestructura-portuaria-para-el-maule\/\" href=\"https:\/\/diariotalca.cl\/especialistas-ahondan-sobre-la-necesidad-de-infraestructura-portuaria-para-el-maule\/\" target=\"_blank\" rel=\"noopener noreferrer\" data-auth=\"NotApplicable\" data-linkindex=\"27\">Especialistas ahondan sobre la necesidad de infraestructura portuaria para el Maule. Se menciona la Universidad de Talca.<\/a>\u00a0<\/div><div>\u00a0<\/div><div><b>DIARIO LA PRENSA <\/b>\u00a0<br \/><a id=\"OWA33f64ac8-603c-7fb9-9b94-2d55b2b5df2a\" title=\"https:\/\/new.diariolaprensa.cl\/index.php\/2025\/09\/23\/mas-de-cien-agrupaciones-de-talca-recibieron-certificados-de-adjudicacion-del-fondo-nacional-del-adulto-mayor\/\" href=\"https:\/\/new.diariolaprensa.cl\/index.php\/2025\/09\/23\/mas-de-cien-agrupaciones-de-talca-recibieron-certificados-de-adjudicacion-del-fondo-nacional-del-adulto-mayor\/\" target=\"_blank\" rel=\"noopener noreferrer\" data-auth=\"NotApplicable\" data-linkindex=\"28\">M\u00e1s de cien agrupaciones de Talca recibieron certificados de adjudicaci\u00f3n del fondo nacional Del adulto mayor. Se menciona la Universidad de Talca.<\/a>\u00a0<\/div><div>\u00a0<\/div><div><b>UNIVERSIDAD DE CHILE<\/b>\u00a0<br \/><a id=\"OWA087741ab-f063-5408-904a-ca17d626d765\" title=\"https:\/\/uchile.cl\/agenda\/232547\/ciclo-cosmopoliticas\" href=\"https:\/\/uchile.cl\/agenda\/232547\/ciclo-cosmopoliticas\" target=\"_blank\" rel=\"noopener noreferrer\" data-auth=\"NotApplicable\" data-linkindex=\"29\">Ciclo Cosmopol\u00edticas. Se menciona la Universidad de Talca.<\/a>\u00a0<\/div><div>\u00a0<\/div><div><b>EL CIUDADANO<\/b>\u00a0<br \/><a id=\"OWAd15185eb-8aac-ab1a-fa44-4792e340e4be\" title=\"https:\/\/www.elciudadano.com\/arte-cultura\/abolir-el-desierto-arte-textil-africano-se-exhibe-en-el-centro-cultural-la-moneda\/09\/23\/\" href=\"https:\/\/www.elciudadano.com\/arte-cultura\/abolir-el-desierto-arte-textil-africano-se-exhibe-en-el-centro-cultural-la-moneda\/09\/23\/\" target=\"_blank\" rel=\"noopener noreferrer\" data-auth=\"NotApplicable\" data-linkindex=\"30\">\u00abAbolir el desierto\u00bb: Arte textil africano se exhibe en el Centro Cultural La Moneda. Se menciona la Universidad de Talca.<\/a>\u00a0<\/div><div>\u00a0<\/div><div><b>SOMOS MAULE<\/b>\u00a0<br \/><a id=\"OWAa272e718-c952-65b1-7713-455455ebd18b\" title=\"http:\/\/somosmaule.cl\/publico\/ficha\/ficha.aspx?i=92998\" href=\"http:\/\/somosmaule.cl\/publico\/ficha\/ficha.aspx?i=92998\" target=\"_blank\" rel=\"noopener noreferrer\" data-auth=\"NotApplicable\" data-linkindex=\"31\">Especialistas abordan la necesidad de infraestructura portuaria para el Maule. Se menciona la Universidad de Talca.<\/a>\u00a0<\/div><div>\u00a0<\/div><div><b>REPORTE AGR\u00cdCOLA<\/b>\u00a0<br \/><a id=\"OWA7e061bd5-951f-98d1-c41d-7e13f5524572\" title=\"https:\/\/www.reporteagricola.cl\/noticia\/noticias\/2025\/09\/copao-el-tesoro-nutricional-del-desierto-chileno\" href=\"https:\/\/www.reporteagricola.cl\/noticia\/noticias\/2025\/09\/copao-el-tesoro-nutricional-del-desierto-chileno\" target=\"_blank\" rel=\"noopener noreferrer\" data-auth=\"NotApplicable\" data-linkindex=\"32\">Copao: el tesoro nutricional del desierto chileno. Se menciona la Universidad de Talca.<\/a>\u00a0<\/div><div>\u00a0<\/div><div><b>UBIOBIO<\/b>\u00a0<br \/><a id=\"OWA5eb8ee39-7a5f-f00d-c70b-97d8d6e741b4\" title=\"https:\/\/noticias.ubiobio.cl\/2025\/09\/23\/fonoaudiologia-ubb-contribuye-a-la-salud-comunitaria-a-traves-de-proyecto-de-extension\/\" href=\"https:\/\/noticias.ubiobio.cl\/2025\/09\/23\/fonoaudiologia-ubb-contribuye-a-la-salud-comunitaria-a-traves-de-proyecto-de-extension\/\" target=\"_blank\" rel=\"noopener noreferrer\" data-auth=\"NotApplicable\" data-linkindex=\"33\">Fonoaudiolog\u00eda UBB contribuye a la salud comunitaria a trav\u00e9s de Proyecto de Extensi\u00f3n. Se menciona la Universidad de Talca.<\/a>\u00a0<\/div><div>\u00a0<\/div><div><b>RADIO STELLAR FM<\/b>\u00a0<br \/><a id=\"OWA84475a6c-64f1-fd12-456c-eebb6166873e\" title=\"https:\/\/radiostellarfm.cl\/2025\/09\/23\/fonoaudiologia-ubb-contribuye-a-la-salud-comunitaria-a-traves-de-proyecto-de-extension\/\" href=\"https:\/\/radiostellarfm.cl\/2025\/09\/23\/fonoaudiologia-ubb-contribuye-a-la-salud-comunitaria-a-traves-de-proyecto-de-extension\/\" target=\"_blank\" rel=\"noopener noreferrer\" data-auth=\"NotApplicable\" data-linkindex=\"34\">Fonoaudiolog\u00eda UBB contribuye a la salud comunitaria a trav\u00e9s de Proyecto de Extensi\u00f3n. Se menciona la Universidad de Talca.<\/a>\u00a0<\/div><div>\u00a0<\/div><div><b>RADIO LAUTARO<\/b>\u00a0<br \/><a id=\"OWAa905ecce-f5e6-f629-1f40-e5321d887806\" title=\"https:\/\/radiolautarotalca.cl\/especialistas-ahondan-sobre-la-necesidad-de-infraestructura-portuaria-para-el-maule\/\" href=\"https:\/\/radiolautarotalca.cl\/especialistas-ahondan-sobre-la-necesidad-de-infraestructura-portuaria-para-el-maule\/\" target=\"_blank\" rel=\"noopener noreferrer\" data-auth=\"NotApplicable\" data-linkindex=\"35\">Especialistas ahondan sobre la necesidad de infraestructura portuaria para el Maule. Se menciona la Universidad de Talca.<\/a>\u00a0<\/div><div>\u00a0<\/div><div><b>ANALIZA MAULE<\/b>\u00a0<br \/><a id=\"OWA5e265c37-4e81-5c46-b0ba-fa8e54e74d52\" title=\"https:\/\/analizamaule.cl\/descubriendo-talca-un-libro-que-pone-en-valor-la-historia-y-tradiciones-de-la-ciudad\/\" href=\"https:\/\/analizamaule.cl\/descubriendo-talca-un-libro-que-pone-en-valor-la-historia-y-tradiciones-de-la-ciudad\/\" target=\"_blank\" rel=\"noopener noreferrer\" data-auth=\"NotApplicable\" data-linkindex=\"36\">Descubriendo Talca\u201d: un libro que pone en valor la historia y tradiciones de la ciudad. Se menciona la Universidad de Talca.<\/a>\u00a0<\/div><div>\u00a0<\/div><div><b>DIARIO TALCA<\/b>\u00a0<br \/><a id=\"OWAa54ebbc5-ecfa-504e-7aa1-6f79b7ed449d\" title=\"https:\/\/diariotalca.cl\/presentan-libro-descubriendo-talca-en-la-antesala-del-mundial-sub-20\/\" href=\"https:\/\/diariotalca.cl\/presentan-libro-descubriendo-talca-en-la-antesala-del-mundial-sub-20\/\" target=\"_blank\" rel=\"noopener noreferrer\" data-auth=\"NotApplicable\" data-linkindex=\"37\">Presentan libro Descubriendo Talca en la antesala del Mundial Sub 20. Se menciona la Universidad de Talca.<\/a>\u00a0<\/div><div>\u00a0<\/div><div><b>TV5<\/b>\u00a0<br \/><a id=\"OWAb91a3286-b98e-1727-38de-ec5de4b8c6d6\" title=\"https:\/\/www.tv5.cl\/categoria\/local\/presentan-libro-descubriendo-talca-antesala-mundial-sub-20\" href=\"https:\/\/www.tv5.cl\/categoria\/local\/presentan-libro-descubriendo-talca-antesala-mundial-sub-20\" target=\"_blank\" rel=\"noopener noreferrer\" data-auth=\"NotApplicable\" data-linkindex=\"38\">Presentan libro Descubriendo Talca en la antesala del Mundial Sub 20. Se menciona la Universidad de Talca.<\/a>\u00a0<\/div><div>\u00a0<\/div><div><b>EL MAULE INFORMA<\/b>\u00a0<br \/><a id=\"OWAbb9ec4c0-b024-6ede-5dd1-c7fb2b4d1e21\" title=\"https:\/\/elmauleinforma.cl\/descubriendo-talca-un-libro-que-pone-en-valor-la-historia-y-tradiciones-de-la-ciudad\/\" href=\"https:\/\/elmauleinforma.cl\/descubriendo-talca-un-libro-que-pone-en-valor-la-historia-y-tradiciones-de-la-ciudad\/\" target=\"_blank\" rel=\"noopener noreferrer\" data-auth=\"NotApplicable\" data-linkindex=\"39\">Descubriendo Talca\u201d: un libro que pone en valor la historia y tradiciones de la ciudad. Se menciona la Universidad de Talca.<\/a>\u00a0<\/div><div>\u00a0<\/div><div><b>RADIO CONDELL<\/b>\u00a0<br \/><a id=\"OWA71ef07f2-42f7-d55e-534f-d38362bc743d\" title=\"https:\/\/radiocondell.cl\/2025\/09\/23\/descubriendo-talca-un-libro-que-pone-en-valor-la-historia-y-tradiciones-de-la-ciudad\/\" href=\"https:\/\/radiocondell.cl\/2025\/09\/23\/descubriendo-talca-un-libro-que-pone-en-valor-la-historia-y-tradiciones-de-la-ciudad\/\" target=\"_blank\" rel=\"noopener noreferrer\" data-auth=\"NotApplicable\" data-linkindex=\"40\">Descubriendo Talca\u201d: un libro que pone en valor la historia y tradiciones de la ciudad. Se menciona la Universidad de Talca.<\/a>\u00a0<\/div><div>\u00a0<\/div><div><b>AM NOTICIAS<\/b>\u00a0<br \/><a id=\"OWA8ca9815e-ed0e-bc75-7a85-99269ffd2c51\" title=\"https:\/\/amnoticias.cl\/descubriendo-talca-un-libro-que-pone-en-valor-la-historia-y-tradiciones-de-la-ciudad\/\" href=\"https:\/\/amnoticias.cl\/descubriendo-talca-un-libro-que-pone-en-valor-la-historia-y-tradiciones-de-la-ciudad\/\" target=\"_blank\" rel=\"noopener noreferrer\" data-auth=\"NotApplicable\" data-linkindex=\"41\">Descubriendo Talca\u201d: un libro que pone en valor la historia y tradiciones de la ciudad. Se menciona la Universidad de Talca.<\/a>\u00a0<\/div><div>\u00a0<\/div><div><b>DIARIO LA MA\u00d1ANA<\/b>\u00a0<br \/><a id=\"OWA67c61ef5-7f79-c627-9449-60c02d883d12\" title=\"https:\/\/xn--diariolamaana-rkb.cl\/descubriendo-talca-un-libro-que-pone-en-valor-la-historia-y-tradiciones-de-la-ciudad\/\" href=\"https:\/\/xn--diariolamaana-rkb.cl\/descubriendo-talca-un-libro-que-pone-en-valor-la-historia-y-tradiciones-de-la-ciudad\/\" target=\"_blank\" rel=\"noopener noreferrer\" data-auth=\"NotApplicable\" data-linkindex=\"42\">Descubriendo Talca\u201d: un libro que pone en valor la historia y tradiciones de la ciudad. Se menciona la Universidad de Talca.<\/a>\u00a0<\/div><div aria-hidden=\"true\">\u00a0<\/div>\t\t\t\t\t\t<\/div>\n\t\t\t\t<\/div>\n\t\t\t\t\t<\/div>\n\t\t<\/div>\n\t\t\t\t\t\t\t<\/div>\n\t\t<\/section>\n\t\t\t\t\t\t<\/div>\n\t\t\t\t\t<\/div>\n\t\t","protected":false},"excerpt":{"rendered":"<p>LA TERCERA ONLINE\u00a0Ninguna exist\u00eda hace 10 a\u00f1os pero hoy son esenciales: d\u00f3nde estudiar carreras que incluyen inteligencia artificial. Samuel Ortega Far\u00edas, director del Centro de Investigaci\u00f3n y Transferencia en Riego y Agroclimatolog\u00eda (CITRA).\u202f\u00a0\u00a0INOTICIAS\u00a0Ninguna exist\u00eda hace 10 a\u00f1os pero hoy son esenciales: d\u00f3nde estudiar carreras que incluyen inteligencia artificial. Samuel Ortega Far\u00edas, director del Centro de &hellip;<\/p>\n<p class=\"read-more\"> <a class=\"\" href=\"https:\/\/www.reportedeprensa.utalca.cl\/?p=12572\"> <span class=\"screen-reader-text\">24 de septiembre 2025<\/span> Read More &raquo;<\/a><\/p>\n","protected":false},"author":1,"featured_media":0,"comment_status":"closed","ping_status":"open","sticky":false,"template":"","format":"standard","meta":{"_monsterinsights_skip_tracking":false,"_monsterinsights_sitenote_active":false,"_monsterinsights_sitenote_note":"","_monsterinsights_sitenote_category":0},"categories":[63],"tags":[],"_links":{"self":[{"href":"https:\/\/www.reportedeprensa.utalca.cl\/index.php?rest_route=\/wp\/v2\/posts\/12572"}],"collection":[{"href":"https:\/\/www.reportedeprensa.utalca.cl\/index.php?rest_route=\/wp\/v2\/posts"}],"about":[{"href":"https:\/\/www.reportedeprensa.utalca.cl\/index.php?rest_route=\/wp\/v2\/types\/post"}],"author":[{"embeddable":true,"href":"https:\/\/www.reportedeprensa.utalca.cl\/index.php?rest_route=\/wp\/v2\/users\/1"}],"replies":[{"embeddable":true,"href":"https:\/\/www.reportedeprensa.utalca.cl\/index.php?rest_route=%2Fwp%2Fv2%2Fcomments&post=12572"}],"version-history":[{"count":4,"href":"https:\/\/www.reportedeprensa.utalca.cl\/index.php?rest_route=\/wp\/v2\/posts\/12572\/revisions"}],"predecessor-version":[{"id":12576,"href":"https:\/\/www.reportedeprensa.utalca.cl\/index.php?rest_route=\/wp\/v2\/posts\/12572\/revisions\/12576"}],"wp:attachment":[{"href":"https:\/\/www.reportedeprensa.utalca.cl\/index.php?rest_route=%2Fwp%2Fv2%2Fmedia&parent=12572"}],"wp:term":[{"taxonomy":"category","embeddable":true,"href":"https:\/\/www.reportedeprensa.utalca.cl\/index.php?rest_route=%2Fwp%2Fv2%2Fcategories&post=12572"},{"taxonomy":"post_tag","embeddable":true,"href":"https:\/\/www.reportedeprensa.utalca.cl\/index.php?rest_route=%2Fwp%2Fv2%2Ftags&post=12572"}],"curies":[{"name":"wp","href":"https:\/\/api.w.org\/{rel}","templated":true}]}}