{"id":12581,"date":"2025-09-25T13:17:18","date_gmt":"2025-09-25T16:17:18","guid":{"rendered":"https:\/\/www.reportedeprensa.utalca.cl\/?p=12581"},"modified":"2025-09-25T13:17:38","modified_gmt":"2025-09-25T16:17:38","slug":"25-de-septiembre-2025","status":"publish","type":"post","link":"https:\/\/www.reportedeprensa.utalca.cl\/?p=12581","title":{"rendered":"25 de septiembre 2025"},"content":{"rendered":"\t\t<div data-elementor-type=\"wp-post\" data-elementor-id=\"12581\" class=\"elementor elementor-12581\" data-elementor-settings=\"[]\">\n\t\t\t\t\t\t\t<div class=\"elementor-section-wrap\">\n\t\t\t\t\t\t\t<section class=\"elementor-section elementor-top-section elementor-element elementor-element-bcea1a8 elementor-section-boxed elementor-section-height-default elementor-section-height-default\" data-id=\"bcea1a8\" data-element_type=\"section\">\n\t\t\t\t\t\t<div class=\"elementor-container elementor-column-gap-default\">\n\t\t\t\t\t<div class=\"elementor-column elementor-col-100 elementor-top-column elementor-element elementor-element-e7183bf\" data-id=\"e7183bf\" data-element_type=\"column\">\n\t\t\t<div class=\"elementor-widget-wrap elementor-element-populated\">\n\t\t\t\t\t\t\t\t<div class=\"elementor-element elementor-element-1cf35bf elementor-widget elementor-widget-text-editor\" data-id=\"1cf35bf\" data-element_type=\"widget\" data-widget_type=\"text-editor.default\">\n\t\t\t\t<div class=\"elementor-widget-container\">\n\t\t\t\t\t\t\t\t<div><b data-olk-copy-source=\"MessageBody\">LA SEGUNDA<\/b>\u00a0<br \/><a id=\"OWA5fcdb897-aff1-3207-7272-52ddc3b24a95\" title=\"https:\/\/www.litoralpress.cl\/paginaconsultas\/Servicios_NClipWeb\/Get_Imagen_Nota.aspx?LPKey=FVFSVNJGH4ZYABK44QHJJLH2SAGUK3NZ25DBL5SATBWCSNG5MYWX2EEAG6T3OHYQGEXGQO6VRRBLC\" href=\"https:\/\/www.litoralpress.cl\/paginaconsultas\/Servicios_NClipWeb\/Get_Imagen_Nota.aspx?LPKey=FVFSVNJGH4ZYABK44QHJJLH2SAGUK3NZ25DBL5SATBWCSNG5MYWX2EEAG6T3OHYQGEXGQO6VRRBLC\" target=\"_blank\" rel=\"noopener noreferrer\" data-auth=\"NotApplicable\" data-linkindex=\"0\">Zona oriente: Divisi\u00f3n de izquierda y derecha deja en riesgo a Hirsch y en suspenso a la UDI. Se refiere Mauricio Morales Quiroga, director del Centro de An\u00e1lisis Pol\u00edtico (CAP-UTalca).<\/a>\u00a0<\/div><div>\u00a0<\/div><div><b>EMOL<\/b>\u00a0<br \/><a id=\"OWA43acaa47-2efa-5bd0-a833-bc0fe37dd51c\" title=\"https:\/\/www.emol.com\/noticias\/Nacional\/2025\/09\/24\/1178630\/bachelet-en-la-onu-ypresidencial.html\" href=\"https:\/\/www.emol.com\/noticias\/Nacional\/2025\/09\/24\/1178630\/bachelet-en-la-onu-ypresidencial.html\" target=\"_blank\" rel=\"noopener noreferrer\" data-auth=\"NotApplicable\" data-linkindex=\"1\">Diferencias en la oposici\u00f3n y ausencia en la campa\u00f1a oficialista: El impacto en la presidencial de postulaci\u00f3n de Bachelet a la ONU. Se refiere Mauricio Morales Quiroga, director del Centro de An\u00e1lisis Pol\u00edtico (CAP-UTalca).<\/a>\u00a0<\/div><div>\u00a0<\/div><div><b>EMOL<\/b>\u00a0<br \/><a id=\"OWA07e220b3-3e0d-1bb8-2645-aa52126f4fbf\" title=\"https:\/\/www.emol.com\/noticias\/Nacional\/2025\/09\/24\/1178630\/bachelet-en-la-onu-ypresidencial.html\" href=\"https:\/\/www.emol.com\/noticias\/Nacional\/2025\/09\/24\/1178630\/bachelet-en-la-onu-ypresidencial.html\" target=\"_blank\" rel=\"noopener noreferrer\" data-auth=\"NotApplicable\" data-linkindex=\"2\">Diferencias en la oposici\u00f3n y ausencia en la campa\u00f1a oficialista: El impacto en la presidencial de postulaci\u00f3n de Bachelet. Se refiere Mauricio Morales Quiroga, director del Centro de An\u00e1lisis Pol\u00edtico (CAP-UTalca)\u00a0<\/a>\u00a0\u00a0<\/div><div>\u00a0<\/div><div><b>TECNAUTAS<\/b>\u00a0<br \/><a id=\"OWAfc2c0c1d-b6c6-559e-0133-3696962414a7\" title=\"https:\/\/tecnautas.cl\/2025\/09\/24\/chile-se-une-por-primera-vez-al-concurso-global-de-diseno-honor-talents-2025\/\" href=\"https:\/\/tecnautas.cl\/2025\/09\/24\/chile-se-une-por-primera-vez-al-concurso-global-de-diseno-honor-talents-2025\/\" target=\"_blank\" rel=\"noopener noreferrer\" data-auth=\"NotApplicable\" data-linkindex=\"3\">Chile se une por primera vez al concurso global de dise\u00f1o HONOR Talents 2025. Se refiere Honorato Merello Papa, director de la Escuela de Dise\u00f1o.<\/a>\u00a0<\/div><div>\u00a0<\/div><div><b>PORTAL EDUCA<\/b>\u00a0<br \/><a id=\"OWA5df1d97c-0e86-0f92-2598-caa72f1c780d\" title=\"https:\/\/portaleduca.cl\/chile-se-une-por-primera-vez-al-concurso-global-de-diseno-honor-talents-2025\/\" href=\"https:\/\/portaleduca.cl\/chile-se-une-por-primera-vez-al-concurso-global-de-diseno-honor-talents-2025\/\" target=\"_blank\" rel=\"noopener noreferrer\" data-auth=\"NotApplicable\" data-linkindex=\"4\">Chile se une por primera vez al concurso global de dise\u00f1o HONOR Talents 2025. Se refiere Honorato Merello Papa, director de la Escuela de Dise\u00f1o.<\/a>\u00a0<\/div><div>\u00a0<\/div><div><b>REPORTE DIARIO<\/b>\u00a0<br \/><a id=\"OWA2a4d9a16-0d97-fb5a-d498-ebf8ba7ecddd\" title=\"https:\/\/reportediario.cl\/2025\/09\/24\/talento-chileno-brilla-en-el-concurso-global-de-diseno-honor-talents-2025\/\" href=\"https:\/\/reportediario.cl\/2025\/09\/24\/talento-chileno-brilla-en-el-concurso-global-de-diseno-honor-talents-2025\/\" target=\"_blank\" rel=\"noopener noreferrer\" data-auth=\"NotApplicable\" data-linkindex=\"5\">Talento Chileno Brilla en el Concurso Global de Dise\u00f1o HONOR Talents 2025. Se refiere Honorato Merello Papa, director de la Escuela de Dise\u00f1o.<\/a>\u00a0<\/div><div>\u00a0<\/div><div><b>MEDIABANCO<\/b>\u00a0<br \/><a id=\"OWA27905a58-361c-977d-3a65-fa089a3fcdca\" title=\"https:\/\/www.mediabanco.com\/chile-se-une-por-primera-vez-al-concurso-global-de-diseno-honor-talents-2025\/\" href=\"https:\/\/www.mediabanco.com\/chile-se-une-por-primera-vez-al-concurso-global-de-diseno-honor-talents-2025\/\" target=\"_blank\" rel=\"noopener noreferrer\" data-auth=\"NotApplicable\" data-linkindex=\"6\">Chile se une por primera vez al concurso global de dise\u00f1o HONOR Talents 2025. Se refiere Honorato Merello Papa, director de la Escuela de Dise\u00f1o.<\/a>\u00a0<\/div><div>\u00a0<\/div><div><b>SEMANARIO LOCAL<\/b>\u00a0<br \/><a id=\"OWA623d740e-03d7-02aa-caa7-5a0163238753\" title=\"https:\/\/www.semanariolocal.cl\/?p=31136\" href=\"https:\/\/www.semanariolocal.cl\/?p=31136\" target=\"_blank\" rel=\"noopener noreferrer\" data-auth=\"NotApplicable\" data-linkindex=\"7\">Epidemi\u00f3loga advierte que no hay pruebas que vinculen el paracetamol con el autismo. Se refiere \u00c9rika Retamal, directora del departamento de Salud P\u00fablica.<\/a><\/div><div>\u00a0<\/div><div><b>AD PRENSA<\/b>\u00a0<br \/><a id=\"OWA2f49e2cc-5dba-a5f7-747a-184eb88d2a1b\" title=\"https:\/\/www.adprensa.cl\/cronica\/controversia-por-dichos-de-trump-epidemiologa-advierte-que-no-hay-pruebas-que-vinculen-el-paracetamol-con-el-autismo\/\" href=\"https:\/\/www.adprensa.cl\/cronica\/controversia-por-dichos-de-trump-epidemiologa-advierte-que-no-hay-pruebas-que-vinculen-el-paracetamol-con-el-autismo\/\" target=\"_blank\" rel=\"noopener noreferrer\" data-auth=\"NotApplicable\" data-linkindex=\"8\">Controversia por dichos de Trump: Epidemi\u00f3loga advierte que no hay pruebas que vinculen el paracetamol con el autismo. Se refiere \u00c9rika Retamal, directora del departamento de Salud P\u00fablica.<\/a>\u00a0<\/div><div>\u00a0<\/div><div><b>MEDIABANCO<\/b>\u00a0<br \/><a id=\"OWAfeec1a29-50e2-9cad-2f8a-67a19e4ebdec\" title=\"https:\/\/www.mediabanco.com\/controversia-por-dichos-de-trump-epidemiologa-advierte-que-no-hay-pruebas-que-vinculen-el-paracetamol-con-el-autismo\/\" href=\"https:\/\/www.mediabanco.com\/controversia-por-dichos-de-trump-epidemiologa-advierte-que-no-hay-pruebas-que-vinculen-el-paracetamol-con-el-autismo\/\" target=\"_blank\" rel=\"noopener noreferrer\" data-auth=\"NotApplicable\" data-linkindex=\"9\">Epidemi\u00f3loga desmiente a Trump sobre paracetamol y autismo. Se refiere \u00c9rika Retamal, directora del departamento de Salud P\u00fablica.<\/a>\u00a0<\/div><div>\u00a0<\/div><div><b>S\u00c9PTIMA REGI\u00d3N NOTICIAS<\/b>\u00a0<br \/><a id=\"OWAdf29bae5-da4d-c201-86ed-ae471758f199\" title=\"https:\/\/www.septimapaginanoticias.cl\/controversia-por-dichos-de-trump-epidemiologa-advierte-que-no-hay-pruebas-que-vinculen-el-paracetamol-con-el-autismo\" href=\"https:\/\/www.septimapaginanoticias.cl\/controversia-por-dichos-de-trump-epidemiologa-advierte-que-no-hay-pruebas-que-vinculen-el-paracetamol-con-el-autismo\" target=\"_blank\" rel=\"noopener noreferrer\" data-auth=\"NotApplicable\" data-linkindex=\"10\">Controversia por dichos de Trump: Epidemi\u00f3loga advierte que no hay pruebas que vinculen el paracetamol con el autismo. Se refiere \u00c9rika Retamal, directora del departamento de Salud P\u00fablica.<\/a>\u00a0<\/div><div>\u00a0<\/div><div><b>RADIO ANCOA<\/b>\u00a0<br \/><a id=\"OWA7498996c-49de-eca0-3c05-869e0d20af04\" title=\"https:\/\/www.radioancoa.cl\/categoria\/regional\/epidemiologa-desmiente-trump-paracetamol-autismo\" href=\"https:\/\/www.radioancoa.cl\/categoria\/regional\/epidemiologa-desmiente-trump-paracetamol-autismo\" target=\"_blank\" rel=\"noopener noreferrer\" data-auth=\"NotApplicable\" data-linkindex=\"11\">Epidemi\u00f3loga desmiente a Trump sobre paracetamol y autismo. Se refiere \u00c9rika Retamal, directora del departamento de Salud P\u00fablica.<\/a>\u00a0<\/div><div>\u00a0<\/div><div><b>TV5<\/b>\u00a0<br \/><a id=\"OWA3791e23d-a282-39f2-12d3-2d3e31bd5b19\" title=\"https:\/\/www.tv5.cl\/categoria\/local\/epidemiologa-desmiente-trump-paracetamol-autismo\" href=\"https:\/\/www.tv5.cl\/categoria\/local\/epidemiologa-desmiente-trump-paracetamol-autismo\" target=\"_blank\" rel=\"noopener noreferrer\" data-auth=\"NotApplicable\" data-linkindex=\"12\">Epidemi\u00f3loga desmiente a Trump sobre paracetamol y autismo. Se refiere \u00c9rika Retamal, directora del departamento de Salud P\u00fablica.<\/a>\u00a0<\/div><div>\u00a0<\/div><div><b>RADIO ALLEN<\/b>\u00a0<br \/><a id=\"OWA3609107a-ac89-1804-d72e-8798ab656d87\" title=\"https:\/\/radioallen.cl\/salud-controversia-por-dichos-de-trump-epidemiologa-advierte-que-no-hay-pruebas-que-vinculen-el-paracetamol-con-el-autismo\/\" href=\"https:\/\/radioallen.cl\/salud-controversia-por-dichos-de-trump-epidemiologa-advierte-que-no-hay-pruebas-que-vinculen-el-paracetamol-con-el-autismo\/\" target=\"_blank\" rel=\"noopener noreferrer\" data-auth=\"NotApplicable\" data-linkindex=\"13\">Salud: Controversia por dichos de Trump, Epidemi\u00f3loga advierte que no hay pruebas que vinculen el paracetamol con el autismo. Se refiere \u00c9rika Retamal, directora del departamento de Salud P\u00fablica.<\/a>\u00a0<\/div><div>\u00a0<\/div><div><b>REGIONES NOTICIAS<\/b>\u00a0<br \/><a id=\"OWAd271e931-bdd8-7040-9475-6b01b9775cc4\" title=\"https:\/\/regionesnoticias.cl\/actualidad\/2025\/09\/24\/controversia-por-dichos-de-trump-epidemiloga-advierte-que-no-hay-pruebas-que-vinculen-el-paracetamol-con-el-autismo\/66226\" href=\"https:\/\/regionesnoticias.cl\/actualidad\/2025\/09\/24\/controversia-por-dichos-de-trump-epidemiloga-advierte-que-no-hay-pruebas-que-vinculen-el-paracetamol-con-el-autismo\/66226\" target=\"_blank\" rel=\"noopener noreferrer\" data-auth=\"NotApplicable\" data-linkindex=\"14\">Controversia por dichos de Trump: Epidemi\u00f3loga advierte que no hay pruebas que vinculen el paracetamol con el autismo. Se refiere \u00c9rika Retamal, directora del departamento de Salud P\u00fablica.<\/a>\u00a0<\/div><div>\u00a0<\/div><div><b>EL MAULE INFORMA<\/b>\u00a0<br \/><a id=\"OWA659618cd-eae2-560b-8d78-cbe61893a445\" title=\"https:\/\/elmauleinforma.cl\/controversia-por-dichos-de-trump-epidemiologa-advierte-que-no-hay-pruebas-que-vinculen-el-paracetamol-con-el-autismo\/\" href=\"https:\/\/elmauleinforma.cl\/controversia-por-dichos-de-trump-epidemiologa-advierte-que-no-hay-pruebas-que-vinculen-el-paracetamol-con-el-autismo\/\" target=\"_blank\" rel=\"noopener noreferrer\" data-auth=\"NotApplicable\" data-linkindex=\"15\">Controversia por dichos de Trump: Epidemi\u00f3loga advierte que no hay pruebas que vinculen el paracetamol con el autismo. Se refiere \u00c9rika Retamal, directora del departamento de Salud P\u00fablica.<\/a>\u00a0<\/div><div>\u00a0<\/div><div><b>CAUQUENES.NET<\/b>\u00a0<br \/><a id=\"OWAf773d00d-f533-5389-4dab-24d263ee92f8\" title=\"https:\/\/cauquenesnet.cl\/2025\/09\/24\/despues-del-18-como-retomar-habitos-saludables-en-la-alimentacion\/\" href=\"https:\/\/cauquenesnet.cl\/2025\/09\/24\/despues-del-18-como-retomar-habitos-saludables-en-la-alimentacion\/\" target=\"_blank\" rel=\"noopener noreferrer\" data-auth=\"NotApplicable\" data-linkindex=\"16\">Despu\u00e9s del 18: C\u00f3mo retomar h\u00e1bitos saludables en la alimentaci\u00f3n. Se refiere Monserrat Alonso y Paula Contreras acad\u00e9micas de la Escuela de Nutrici\u00f3n y Diet\u00e9tica.<\/a>\u00a0<\/div><div>\u00a0<\/div><div><b>RADIO LAUTARO<\/b>\u00a0<br \/><a id=\"OWA691e306e-e1f4-89ab-9c59-445aeaf9e6da\" title=\"https:\/\/radiolautarotalca.cl\/expertas-entregan-recomendaciones-para-recuperarse-despues-de-fiestas-patrias\/\" href=\"https:\/\/radiolautarotalca.cl\/expertas-entregan-recomendaciones-para-recuperarse-despues-de-fiestas-patrias\/\" target=\"_blank\" rel=\"noopener noreferrer\" data-auth=\"NotApplicable\" data-linkindex=\"17\">Expertas entregan recomendaciones para recuperarse despu\u00e9s de Fiestas Patrias. Se refiere Monserrat Alonso y Paula Contreras acad\u00e9micas de la Escuela de Nutrici\u00f3n y Diet\u00e9tica.<\/a>\u00a0<\/div><div>\u00a0<\/div><div><b>LA NOTICIA<\/b>\u00a0<br \/><a id=\"OWA8f05ff3a-cbb9-2cd2-c70d-8ca245267363\" title=\"https:\/\/lanoticia.cl\/utalca-abre-postulaciones-a-14-vias-de-admision-especial-para-nuevos-estudiantes\/\" href=\"https:\/\/lanoticia.cl\/utalca-abre-postulaciones-a-14-vias-de-admision-especial-para-nuevos-estudiantes\/\" target=\"_blank\" rel=\"noopener noreferrer\" data-auth=\"NotApplicable\" data-linkindex=\"18\">UTalca abre postulaciones a 14 v\u00edas de admisi\u00f3n especial para nuevos estudiantes. Se refiere Tania Mascar\u00f3, jefa de admisi\u00f3n.<\/a>\u00a0<\/div><div>\u00a0<\/div><div><b>MSN CHILE<\/b>\u00a0<br \/><a id=\"OWAf896463b-5b8b-540d-a1d6-c2f7cb083075\" title=\"https:\/\/www.msn.com\/es-cl\/noticias\/other\/universidad-regional-abre-postulaciones-a-14-v%C3%ADas-de-admisi%C3%B3n-especial-para-nuevos-estudiantes\/ar-AA1N9MPZ\" href=\"https:\/\/www.msn.com\/es-cl\/noticias\/other\/universidad-regional-abre-postulaciones-a-14-v%C3%ADas-de-admisi%C3%B3n-especial-para-nuevos-estudiantes\/ar-AA1N9MPZ\" target=\"_blank\" rel=\"noopener noreferrer\" data-auth=\"NotApplicable\" data-linkindex=\"19\">Universidad regional abre postulaciones a 14 v\u00edas de admisi\u00f3n especial para nuevos estudiantes. Se refiere Tania Mascar\u00f3, jefa de admisi\u00f3n.<\/a>\u00a0<\/div><div>\u00a0<\/div><div><b>LA PRENSA DE CURIC\u00d3<\/b>\u00a0<br \/><a id=\"OWA417bd841-2b43-52d9-8b69-cf373abe88b9\" title=\"https:\/\/www.litoralpress.cl\/paginaconsultas\/Servicios_NClipWeb\/Get_Imagen_Nota.aspx?LPKey=JIYPRAYTHJ2SX3ITTOJIKZJOWT64UWNAFQ6GEWKGMAUTHS5N743EZUB5Z2KVCWWV725OU2EGVAUGG\" href=\"https:\/\/www.litoralpress.cl\/paginaconsultas\/Servicios_NClipWeb\/Get_Imagen_Nota.aspx?LPKey=JIYPRAYTHJ2SX3ITTOJIKZJOWT64UWNAFQ6GEWKGMAUTHS5N743EZUB5Z2KVCWWV725OU2EGVAUGG\" target=\"_blank\" rel=\"noopener noreferrer\" data-auth=\"NotApplicable\" data-linkindex=\"20\">Realizan lanzamiento del libro \u201cDescubriendo Talca\u201d. Se refiere Marcela Albornoz Dachelet, directora de Extensi\u00f3n Cultural-Art\u00edstica.<\/a>\u00a0<\/div><div>\u00a0<\/div><div><b>PORTAL FRUT\u00cdCOLA<\/b>\u00a0<br \/><a id=\"OWAa07c7a1f-31c0-3432-de01-0ff6e281f7dd\" title=\"https:\/\/www.portalfruticola.com\/noticias\/2025\/09\/24\/sistema-frontal\/\" href=\"https:\/\/www.portalfruticola.com\/noticias\/2025\/09\/24\/sistema-frontal\/\" target=\"_blank\" rel=\"noopener noreferrer\" data-auth=\"NotApplicable\" data-linkindex=\"21\">Sistema frontal con lluvia y granizo en primavera: el llamado a los productores es a la prevenci\u00f3n. Se refiere Patricio Gonz\u00e1lez Colville, acad\u00e9mico del Centro de Investigaci\u00f3n y Transferencia en Riego y Agroclimatolog\u00eda (CITRA).<\/a>\u00a0<\/div><div aria-hidden=\"true\">\u00a0<\/div><div><b>DIARIO TALCA<\/b>\u00a0<br \/><a id=\"OWA6d9d2cc9-8c33-6058-2a17-9044258e2e85\" title=\"https:\/\/diariotalca.cl\/lanzan-seminario-ciudades-2025-con-enfasis-en-la-transformacion-del-maule\/\" href=\"https:\/\/diariotalca.cl\/lanzan-seminario-ciudades-2025-con-enfasis-en-la-transformacion-del-maule\/\" target=\"_blank\" rel=\"noopener noreferrer\" data-auth=\"NotApplicable\" data-linkindex=\"22\">Lanzan Seminario Ciudades 2025 con \u00e9nfasis en la transformaci\u00f3n del Maule. Se menciona la Universidad de Talca.<\/a>\u00a0<\/div><div>\u00a0<\/div><div><b>LINARES EN L\u00cdNEA<\/b>\u00a0<br \/><a id=\"OWA551cccf6-5d50-7e12-4801-4115cdf914b6\" title=\"https:\/\/www.linaresenlinea.cl\/2025\/09\/24\/descubriendo-talca-un-homenaje-al-patrimonio-la-historia-y-las-tradiciones-de-la-ciudad\/\" href=\"https:\/\/www.linaresenlinea.cl\/2025\/09\/24\/descubriendo-talca-un-homenaje-al-patrimonio-la-historia-y-las-tradiciones-de-la-ciudad\/\" target=\"_blank\" rel=\"noopener noreferrer\" data-auth=\"NotApplicable\" data-linkindex=\"23\">\u201cDescubriendo Talca\u201d: un homenaje al patrimonio, la historia y las tradiciones de la ciudad. Se menciona la Universidad de Talca.<\/a>\u00a0<\/div><div>\u00a0<\/div><div><b>RADIO LAUTARO<\/b>\u00a0<br \/><a id=\"OWAad07b349-c165-2565-2323-812b945389bb\" title=\"https:\/\/radiolautarotalca.cl\/seminario-ciudades-2025-inteligencia-territorial-para-la-transformacion-del-maule\/\" href=\"https:\/\/radiolautarotalca.cl\/seminario-ciudades-2025-inteligencia-territorial-para-la-transformacion-del-maule\/\" target=\"_blank\" rel=\"noopener noreferrer\" data-auth=\"NotApplicable\" data-linkindex=\"24\">Seminario Ciudades 2025: Inteligencia Territorial para la Transformaci\u00f3n del Maule. Se menciona la Universidad de Talca.<\/a>\u00a0\u00a0<\/div><div>\u00a0<\/div><div><b>CANAL 2 LINARES<\/b>\u00a0<br \/><a id=\"OWA24d3bd90-2db8-5997-0397-fb918e6ed658\" title=\"https:\/\/www.canal2linares.cl\/2025\/09\/descubriendo-talca-un-libro-que-pone-en.html\" href=\"https:\/\/www.canal2linares.cl\/2025\/09\/descubriendo-talca-un-libro-que-pone-en.html\" target=\"_blank\" rel=\"noopener noreferrer\" data-auth=\"NotApplicable\" data-linkindex=\"25\">\u201cDescubriendo Talca\u201d: un libro que pone en valor la historia y tradiciones de la ciudad. Se menciona la Universidad de Talca.<\/a>\u00a0<\/div><div>\u00a0<\/div><div><b>EL LECTOR<\/b>\u00a0<br \/><a id=\"OWA2e160fcd-4325-06bf-e63b-4ac8e91b14c4\" title=\"https:\/\/www.litoralpress.cl\/paginaconsultas\/Servicios_NClipWeb\/Get_Imagen_Nota.aspx?LPKey=EUTAF7BWEJG4Z6NOIRDABA73UPAP54JISLFQCEM4UT7UXPX4QY7Z64DMYGY6GWGRZHY7BAHAM4HIY\" href=\"https:\/\/www.litoralpress.cl\/paginaconsultas\/Servicios_NClipWeb\/Get_Imagen_Nota.aspx?LPKey=EUTAF7BWEJG4Z6NOIRDABA73UPAP54JISLFQCEM4UT7UXPX4QY7Z64DMYGY6GWGRZHY7BAHAM4HIY\" target=\"_blank\" rel=\"noopener noreferrer\" data-auth=\"NotApplicable\" data-linkindex=\"26\">Seminario Ciudades 2025: Inteligencia Territorial para la Transformaci\u00f3n del Mau. Se menciona la Universidad de Talca.<\/a>\u00a0<\/div><div>\u00a0<\/div><div><b>LA PRENSA DE CURIC\u00d3<\/b>\u00a0<br \/><a id=\"OWAe0dce82e-d348-e8a5-6226-6511dce27c48\" title=\"https:\/\/www.litoralpress.cl\/paginaconsultas\/Servicios_NClipWeb\/Get_Imagen_Nota.aspx?LPKey=LIXXHULNDE7DTWQEMT7GAZSIKEP3IPNZQAQEEXG3NFS4JBRY4KMIMN2F2XMBFKWPROTNVM67BYCES\" href=\"https:\/\/www.litoralpress.cl\/paginaconsultas\/Servicios_NClipWeb\/Get_Imagen_Nota.aspx?LPKey=LIXXHULNDE7DTWQEMT7GAZSIKEP3IPNZQAQEEXG3NFS4JBRY4KMIMN2F2XMBFKWPROTNVM67BYCES\" target=\"_blank\" rel=\"noopener noreferrer\" data-auth=\"NotApplicable\" data-linkindex=\"27\">Sucede. Se menciona la Universidad de Talca.<\/a>\u00a0\u00a0<\/div><div>\u00a0<\/div><div><b>RADIO RTL<\/b>\u00a0<br \/><a id=\"OWA8520b5a8-8dbe-d446-c6fa-2b22da3aba97\" title=\"https:\/\/radiortl.cl\/descubriendo-talca-un-libro-que-pone-en-valor-la-historia-y-tradiciones-de-la-ciudad\/\" href=\"https:\/\/radiortl.cl\/descubriendo-talca-un-libro-que-pone-en-valor-la-historia-y-tradiciones-de-la-ciudad\/\" target=\"_blank\" rel=\"noopener noreferrer\" data-auth=\"NotApplicable\" data-linkindex=\"28\">\u201cDescubriendo Talca\u201d: un libro que pone en valor la historia y tradiciones de la ciudad. Se menciona la Universidad de Talca.<\/a>\u00a0<\/div><div>\u00a0<\/div><div><b>RADIO MAULE SUR<\/b>\u00a0<br \/><a id=\"OWA8b768a19-127c-ea14-dc95-657a9ea0a77c\" title=\"https:\/\/www.radiomaulesur.cl\/2025\/09\/descubriendo-talca-un-libro-que-pone-en.html\" href=\"https:\/\/www.radiomaulesur.cl\/2025\/09\/descubriendo-talca-un-libro-que-pone-en.html\" target=\"_blank\" rel=\"noopener noreferrer\" data-auth=\"NotApplicable\" data-linkindex=\"29\">\u201cDescubriendo Talca\u201d: un libro que pone en valor la historia y tradiciones de la ciudad. Se menciona la Universidad de Talca.<\/a>\u00a0<\/div><div>\u00a0<\/div><div><b>UNIVERSIDAD CAT\u00d3LICA DEL MAULE<\/b>\u00a0<br \/><a id=\"OWA60cbb837-89e3-3c60-81fa-666100cbd441\" title=\"https:\/\/portal.ucm.cl\/noticias\/especialistas-autoridades-coinciden-la-urgencia-impulsar-infraestructura-portuaria-maule\" href=\"https:\/\/portal.ucm.cl\/noticias\/especialistas-autoridades-coinciden-la-urgencia-impulsar-infraestructura-portuaria-maule\" target=\"_blank\" rel=\"noopener noreferrer\" data-auth=\"NotApplicable\" data-linkindex=\"30\">Especialistas y autoridades coinciden en la urgencia de impulsar infraestructura portuaria para el Maule. Se menciona la Universidad de Talca.<\/a>\u00a0<\/div><div>\u00a0<\/div><div><b>DIARIOS EN RED<\/b>\u00a0<br \/><a id=\"OWA21ffbe0b-da57-23d6-e335-26fa9f6720eb\" title=\"https:\/\/diariosenred.com\/regional\/talca-se-redescubre-en-el-libro-descubriendo-talca-antes-del-mundial-sub\" href=\"https:\/\/diariosenred.com\/regional\/talca-se-redescubre-en-el-libro-descubriendo-talca-antes-del-mundial-sub\" target=\"_blank\" rel=\"noopener noreferrer\" data-auth=\"NotApplicable\" data-linkindex=\"31\">Talca se redescubre en el libro \u201cDescubriendo Talca\u201d antes del Mundial Sub 20. Se menciona la Universidad de Talca.<\/a>\u00a0<\/div><div>\u00a0<\/div><div><b>RED MAULE<\/b>\u00a0<br \/><a id=\"OWA75b27000-5b42-092d-3379-2bf718598f15\" title=\"https:\/\/redmaule.com\/regional\/talca-se-redescubre-en-el-libro-descubriendo-talca-antes-del-mundial-sub\" href=\"https:\/\/redmaule.com\/regional\/talca-se-redescubre-en-el-libro-descubriendo-talca-antes-del-mundial-sub\" target=\"_blank\" rel=\"noopener noreferrer\" data-auth=\"NotApplicable\" data-linkindex=\"32\">Talca se redescubre en el libro \u201cDescubriendo Talca\u201d antes del Mundial Sub 20. Se menciona la Universidad de Talca.<\/a>\u00a0<\/div><div>\u00a0<\/div><div><b>RED ARICA<\/b>\u00a0<br \/><a id=\"OWA6718c2c4-46f9-56c9-990c-2b56e63aa2db\" title=\"https:\/\/redarica.com\/regional\/talca-se-redescubre-en-el-libro-descubriendo-talca-antes-del-mundial-sub\" href=\"https:\/\/redarica.com\/regional\/talca-se-redescubre-en-el-libro-descubriendo-talca-antes-del-mundial-sub\" target=\"_blank\" rel=\"noopener noreferrer\" data-auth=\"NotApplicable\" data-linkindex=\"33\">Talca se redescubre en el libro \u201cDescubriendo Talca\u201d antes del Mundial Sub 20. Se menciona la Universidad de Talca.<\/a>\u00a0<\/div><div>\u00a0<\/div><div><b>RED \u00d1UBLE<\/b>\u00a0<br \/><a id=\"OWA9fe9a564-42da-a6f6-f2fc-15b6423000ba\" title=\"https:\/\/rednuble.com\/regional\/talca-se-redescubre-en-el-libro-descubriendo-talca-antes-del-mundial-sub\" href=\"https:\/\/rednuble.com\/regional\/talca-se-redescubre-en-el-libro-descubriendo-talca-antes-del-mundial-sub\" target=\"_blank\" rel=\"noopener noreferrer\" data-auth=\"NotApplicable\" data-linkindex=\"34\">Talca se redescubre en el libro \u201cDescubriendo Talca\u201d antes del Mundial Sub 20. Se menciona la Universidad de Talca.<\/a>\u00a0<\/div><div>\u00a0<\/div><div><b>DIARIO LOS R\u00cdOS<\/b>\u00a0<br \/><a id=\"OWA53d3a20d-f6bd-03b7-d6f6-d9a846bb2c64\" title=\"https:\/\/redlosrios.com\/regional\/talca-se-redescubre-en-el-libro-descubriendo-talca-antes-del-mundial-sub\" href=\"https:\/\/redlosrios.com\/regional\/talca-se-redescubre-en-el-libro-descubriendo-talca-antes-del-mundial-sub\" target=\"_blank\" rel=\"noopener noreferrer\" data-auth=\"NotApplicable\" data-linkindex=\"35\">Talca se redescubre en el libro \u201cDescubriendo Talca\u201d antes del Mundial Sub 20. Se menciona la Universidad de Talca.<\/a>\u00a0<\/div><div>\u00a0<\/div><div><b>RADIO ANCOA<\/b>\u00a0<br \/><a id=\"OWAd80516ab-cc88-1269-0386-d831585de08c\" title=\"https:\/\/www.radioancoa.cl\/categoria\/local\/ceremonia-nacional-distingue-trabajadores-radio-chile\" href=\"https:\/\/www.radioancoa.cl\/categoria\/local\/ceremonia-nacional-distingue-trabajadores-radio-chile\" target=\"_blank\" rel=\"noopener noreferrer\" data-auth=\"NotApplicable\" data-linkindex=\"36\">Ceremonia nacional distingue a trabajadores de la radio en Chile. Se menciona la Universidad de Talca.<\/a>\u00a0<\/div><div>\u00a0<\/div><div><b>\u00a0MUNDO ACUICOLA<\/b>\u00a0<br \/><a id=\"OWA93f7bd43-c2a9-696d-c660-9c77cb40dd69\" title=\"https:\/\/www.mundoacuicola.cl\/new\/en-el-maule-plantean-necesidad-de-un-puerto-regional-que-potencie-la-conectividad\/\" href=\"https:\/\/www.mundoacuicola.cl\/new\/en-el-maule-plantean-necesidad-de-un-puerto-regional-que-potencie-la-conectividad\/\" target=\"_blank\" rel=\"noopener noreferrer\" data-auth=\"NotApplicable\" data-linkindex=\"37\">En el Maule plantean necesidad de un puerto regional que potencie la conectividad. Se menciona la Universidad de Talca.<\/a>\u00a0<\/div><div>\u00a0<\/div><div><b>\u00a0MAULE INFORMA<\/b>\u00a0<br \/><a id=\"OWAd4e4adee-ca6f-e833-f1b9-1f73f78681f4\" title=\"https:\/\/elmauleinforma.cl\/seminario-ciudades-2025-inteligencia-territorial-para-la-transformacion-del-maule\/\" href=\"https:\/\/elmauleinforma.cl\/seminario-ciudades-2025-inteligencia-territorial-para-la-transformacion-del-maule\/\" target=\"_blank\" rel=\"noopener noreferrer\" data-auth=\"NotApplicable\" data-linkindex=\"38\">Seminario Ciudades 2025: Inteligencia Territorial para la Transformaci\u00f3n del Maule. Se menciona la Universidad de Talca.<\/a>\u00a0<\/div><div>\u00a0<\/div><div><b>TV5<\/b>\u00a0<br \/><a id=\"OWA90ca726b-1bf1-5fd0-1f98-736cb5b3f923\" title=\"https:\/\/www.tv5.cl\/categoria\/local\/seminario-ciudades-2025-transformacion-maule-diario-talca\" href=\"https:\/\/www.tv5.cl\/categoria\/local\/seminario-ciudades-2025-transformacion-maule-diario-talca\" target=\"_blank\" rel=\"noopener noreferrer\" data-auth=\"NotApplicable\" data-linkindex=\"39\">Seminario Ciudades 2025: Transformaci\u00f3n del Maule &#8211; Diario Talca. Se menciona la Universidad de Talca.<\/a>\u00a0<\/div><div>\u00a0<\/div><div><b>ADN RADIO<\/b>\u00a0<br \/><a id=\"OWA19193db0-49f0-b889-73e2-92f2378b937e\" title=\"https:\/\/www.adnradio.cl\/2025\/09\/24\/mundial-sub-20-de-chile-que-puedes-conocer-en-cada-una-de-las-sedes\/\" href=\"https:\/\/www.adnradio.cl\/2025\/09\/24\/mundial-sub-20-de-chile-que-puedes-conocer-en-cada-una-de-las-sedes\/\" target=\"_blank\" rel=\"noopener noreferrer\" data-auth=\"NotApplicable\" data-linkindex=\"40\">Mundial Sub 20 de Chile: qu\u00e9 puedes conocer en cada una de las sedes. Se menciona la Universidad de Talca.<\/a>\u00a0<\/div><div>\u00a0<\/div><div><b>SOMOS MAULE<\/b>\u00a0<br \/><a id=\"OWAd54c2699-343b-c553-ec36-6a1c4b7711e5\" title=\"http:\/\/somosmaule.cl\/publico\/ficha\/ficha.aspx?i=93011\" href=\"http:\/\/somosmaule.cl\/publico\/ficha\/ficha.aspx?i=93011\" target=\"_blank\" rel=\"noopener noreferrer\" data-auth=\"NotApplicable\" data-linkindex=\"41\">\u201cDescubriendo Talca\u201d: un libro que pone en valor la historia y tradiciones de la ciudad. Se menciona la Universidad de Talca.<\/a>\u00a0<\/div><div>\u00a0<\/div><div><b>SOMOS MAULE<\/b>\u00a0<\/div><div><br \/><a id=\"OWA2b3ee142-3700-ed3f-6124-d41fad413900\" title=\"http:\/\/somosmaule.cl\/publico\/ficha\/ficha.aspx?i=93017\" href=\"http:\/\/somosmaule.cl\/publico\/ficha\/ficha.aspx?i=93017\" target=\"_blank\" rel=\"noopener noreferrer\" data-auth=\"NotApplicable\" data-linkindex=\"42\">Seminario Ciudades 2025: Inteligencia Territorial para la Transformaci\u00f3n del Maule. Se menciona la Universidad de Talca.<\/a>\u00a0\u00a0<\/div><div><b>\u00a0DIARIO EL CENTRO<\/b>\u00a0<\/div><div><br \/><a id=\"OWA05dc0db9-bcd8-94b2-674c-30c06c37c8b7\" title=\"https:\/\/www.diarioelcentro.cl\/2025\/09\/24\/cerrar-el-programa-mas-ama-seria-un-error-historico-para-el-envejecimiento-saludable-en-chile\/\" href=\"https:\/\/www.diarioelcentro.cl\/2025\/09\/24\/cerrar-el-programa-mas-ama-seria-un-error-historico-para-el-envejecimiento-saludable-en-chile\/\" target=\"_blank\" rel=\"noopener noreferrer\" data-auth=\"NotApplicable\" data-linkindex=\"43\">Cerrar el Programa M\u00e1s AMA ser\u00eda un error hist\u00f3rico para el envejecimiento saludable en Chile. Se menciona la Universidad de Talca.<\/a>\u00a0<\/div><div>\u00a0<\/div><div><b>PASI\u00d3N POR LOS DEPORTES<\/b>\u00a0<br \/><a id=\"OWA3647bb59-146b-9894-5b0a-8c3fe2bed182\" title=\"https:\/\/pasionporlosdeportes.cl\/en-comunidad-se-lanzo-libro-descubriendo-talca\/\" href=\"https:\/\/pasionporlosdeportes.cl\/en-comunidad-se-lanzo-libro-descubriendo-talca\/\" target=\"_blank\" rel=\"noopener noreferrer\" data-auth=\"NotApplicable\" data-linkindex=\"44\">En comunidad se lanz\u00f3 libro \u201cDescubriendo Talca\u201d. Se menciona la Universidad de Talca.<\/a>\u00a0<\/div><div>\u00a0<\/div><div><b>PORTALPORTUARIO<\/b>\u00a0<br \/><a id=\"OWAbd3e9381-be22-8b89-a193-1f64bec3dc15\" title=\"https:\/\/portalportuario.cl\/proponen-a-constitucion-como-ubicacion-para-nuevo-puerto-en-chile\/\" href=\"https:\/\/portalportuario.cl\/proponen-a-constitucion-como-ubicacion-para-nuevo-puerto-en-chile\/\" target=\"_blank\" rel=\"noopener noreferrer\" data-auth=\"NotApplicable\" data-linkindex=\"45\">Proponen a Constituci\u00f3n como ubicaci\u00f3n para nuevo puerto en Chile. Se menciona la Universidad de Talca.<\/a>\u00a0<\/div>\t\t\t\t\t\t<\/div>\n\t\t\t\t<\/div>\n\t\t\t\t\t<\/div>\n\t\t<\/div>\n\t\t\t\t\t\t\t<\/div>\n\t\t<\/section>\n\t\t\t\t\t\t<\/div>\n\t\t\t\t\t<\/div>\n\t\t","protected":false},"excerpt":{"rendered":"<p>LA SEGUNDA\u00a0Zona oriente: Divisi\u00f3n de izquierda y derecha deja en riesgo a Hirsch y en suspenso a la UDI. Se refiere Mauricio Morales Quiroga, director del Centro de An\u00e1lisis Pol\u00edtico (CAP-UTalca).\u00a0\u00a0EMOL\u00a0Diferencias en la oposici\u00f3n y ausencia en la campa\u00f1a oficialista: El impacto en la presidencial de postulaci\u00f3n de Bachelet a la ONU. Se refiere Mauricio &hellip;<\/p>\n<p class=\"read-more\"> <a class=\"\" href=\"https:\/\/www.reportedeprensa.utalca.cl\/?p=12581\"> <span class=\"screen-reader-text\">25 de septiembre 2025<\/span> Read More &raquo;<\/a><\/p>\n","protected":false},"author":1,"featured_media":0,"comment_status":"closed","ping_status":"open","sticky":false,"template":"","format":"standard","meta":{"_monsterinsights_skip_tracking":false,"_monsterinsights_sitenote_active":false,"_monsterinsights_sitenote_note":"","_monsterinsights_sitenote_category":0},"categories":[63],"tags":[],"_links":{"self":[{"href":"https:\/\/www.reportedeprensa.utalca.cl\/index.php?rest_route=\/wp\/v2\/posts\/12581"}],"collection":[{"href":"https:\/\/www.reportedeprensa.utalca.cl\/index.php?rest_route=\/wp\/v2\/posts"}],"about":[{"href":"https:\/\/www.reportedeprensa.utalca.cl\/index.php?rest_route=\/wp\/v2\/types\/post"}],"author":[{"embeddable":true,"href":"https:\/\/www.reportedeprensa.utalca.cl\/index.php?rest_route=\/wp\/v2\/users\/1"}],"replies":[{"embeddable":true,"href":"https:\/\/www.reportedeprensa.utalca.cl\/index.php?rest_route=%2Fwp%2Fv2%2Fcomments&post=12581"}],"version-history":[{"count":4,"href":"https:\/\/www.reportedeprensa.utalca.cl\/index.php?rest_route=\/wp\/v2\/posts\/12581\/revisions"}],"predecessor-version":[{"id":12585,"href":"https:\/\/www.reportedeprensa.utalca.cl\/index.php?rest_route=\/wp\/v2\/posts\/12581\/revisions\/12585"}],"wp:attachment":[{"href":"https:\/\/www.reportedeprensa.utalca.cl\/index.php?rest_route=%2Fwp%2Fv2%2Fmedia&parent=12581"}],"wp:term":[{"taxonomy":"category","embeddable":true,"href":"https:\/\/www.reportedeprensa.utalca.cl\/index.php?rest_route=%2Fwp%2Fv2%2Fcategories&post=12581"},{"taxonomy":"post_tag","embeddable":true,"href":"https:\/\/www.reportedeprensa.utalca.cl\/index.php?rest_route=%2Fwp%2Fv2%2Ftags&post=12581"}],"curies":[{"name":"wp","href":"https:\/\/api.w.org\/{rel}","templated":true}]}}