{"id":12592,"date":"2025-09-29T16:43:25","date_gmt":"2025-09-29T19:43:25","guid":{"rendered":"https:\/\/www.reportedeprensa.utalca.cl\/?p=12592"},"modified":"2025-09-29T16:43:57","modified_gmt":"2025-09-29T19:43:57","slug":"29-de-septiembre-2025","status":"publish","type":"post","link":"https:\/\/www.reportedeprensa.utalca.cl\/?p=12592","title":{"rendered":"29 de septiembre 2025"},"content":{"rendered":"\t\t<div data-elementor-type=\"wp-post\" data-elementor-id=\"12592\" class=\"elementor elementor-12592\" data-elementor-settings=\"[]\">\n\t\t\t\t\t\t\t<div class=\"elementor-section-wrap\">\n\t\t\t\t\t\t\t<section class=\"elementor-section elementor-top-section elementor-element elementor-element-bcea1a8 elementor-section-boxed elementor-section-height-default elementor-section-height-default\" data-id=\"bcea1a8\" data-element_type=\"section\">\n\t\t\t\t\t\t<div class=\"elementor-container elementor-column-gap-default\">\n\t\t\t\t\t<div class=\"elementor-column elementor-col-100 elementor-top-column elementor-element elementor-element-e7183bf\" data-id=\"e7183bf\" data-element_type=\"column\">\n\t\t\t<div class=\"elementor-widget-wrap elementor-element-populated\">\n\t\t\t\t\t\t\t\t<div class=\"elementor-element elementor-element-8c4b2a6 elementor-widget elementor-widget-text-editor\" data-id=\"8c4b2a6\" data-element_type=\"widget\" data-widget_type=\"text-editor.default\">\n\t\t\t\t<div class=\"elementor-widget-container\">\n\t\t\t\t\t\t\t\t<p>\u00a0<\/p><p><b><span data-contrast=\"auto\">EL MERCURIO<\/span><\/b>\u00a0<br \/><a href=\"https:\/\/www.litoralpress.cl\/paginaconsultas\/Servicios_NClipWeb\/Get_Imagen_Nota.aspx?LPKey=DCF2I7MIOF4UFW7PAJVWMG5WYQUF5KS5YKWM2RON4EL4KCEOVY5CG3O5HV2D6UPJVDHVTCYYPXWJ6\"><span data-contrast=\"none\">En medio de diferencias internas, rectores alistan indicaciones con \u201cm\u00ednimos necesarios\u201d al FES. Se refiere Carlos Torres Fuchslocher, rector.<\/span><\/a><span data-ccp-props=\"{}\">\u00a0<\/span><\/p><p>\u00a0<\/p><p><b><span data-contrast=\"auto\">EL LECTOR<\/span><\/b>\u00a0<br \/><a href=\"https:\/\/www.litoralpress.cl\/paginaconsultas\/Servicios_NClipWeb\/Get_Imagen_Nota.aspx?LPKey=FMJDEO5KGHJVSNEHALFSNT5RHXNATFBKMSGHJMJYLSGABNXRF6HJCVTFIRIQNENEUBZKZ4VCTEVWQ\"><span data-contrast=\"none\">Promueven el desarrollo integral de escolares con actividades extracurriculares. Se refiere Carlos Torres Fuchslocher, rector.<\/span><\/a><span data-ccp-props=\"{}\">\u00a0<\/span><\/p><p>\u00a0<\/p><p><b><span data-contrast=\"auto\">DIARIO EL HERALDO<\/span><\/b>\u00a0<br \/><a href=\"https:\/\/www.diarioelheraldo.cl\/noticia\/promueven-el-desarrollo-integral-de-escolares-con-actividades-extracurriculares\"><span data-contrast=\"none\">Promueven el desarrollo integral de escolares con actividades extracurriculares. Se refiere Carlos Torres Fuchslocher, rector.<\/span><\/a><span data-ccp-props=\"{}\">\u00a0<\/span><\/p><p>\u00a0<\/p><p><b><span data-contrast=\"auto\">RADIO ANCOA<\/span><\/b>\u00a0<br \/><a href=\"https:\/\/www.radioancoa.cl\/categoria\/regional\/actividades-extracurriculares-promueven-desarrollo-integral-escolares\"><span data-contrast=\"none\">Actividades extracurriculares promueven desarrollo integral de escolares. Se refiere Carlos Torres Fuchslocher, rector.<\/span><\/a><span data-ccp-props=\"{}\">\u00a0<\/span><\/p><p>\u00a0<\/p><p><b><span data-contrast=\"auto\">TU CASA TU RADIO<\/span><\/b>\u00a0<br \/><a href=\"https:\/\/tucasaturadio.cl\/de-la-alergia-al-resfrio-como-una-molestia-estacional-puede-convertirse-en-infeccion\/\"><span data-contrast=\"none\">De la alergia al resfr\u00edo: c\u00f3mo una molestia estacional puede convertirse en infecci\u00f3n. Se refiere <\/span><span data-contrast=\"none\">\u00c9rika Retamal, directora del Departamento de Salud P\u00fablica.<\/span><\/a><span data-ccp-props=\"{}\">\u00a0<\/span><\/p><p>\u00a0<\/p><p><b><span data-contrast=\"auto\">RADIO ANCOA<\/span><\/b>\u00a0<br \/><a href=\"https:\/\/www.radioancoa.cl\/categoria\/local\/alergia-resfrio-experta-utalca-explica-diferenciarlos\"><span data-contrast=\"none\">\u00bfAlergia o resfr\u00edo? Experta de la UTalca explica c\u00f3mo diferenciarlos. Se refiere \u00c9rika Retamal, directora del Departamento de Salud P\u00fablica.<\/span><\/a><span data-ccp-props=\"{}\">\u00a0<\/span><\/p><p>\u00a0<\/p><p><b><span data-contrast=\"auto\">RADIO MAULE SUR<\/span><\/b>\u00a0<br \/><a href=\"https:\/\/www.radiomaulesur.cl\/2025\/09\/de-la-alergia-al-resfrio-como-una.html\"><span data-contrast=\"none\">De la alergia al resfr\u00edo: c\u00f3mo una molestia estacional puede convertirse en infecci\u00f3n. Se refiere \u00c9rika Retamal, directora del Departamento de Salud P\u00fablica.<\/span><\/a><span data-ccp-props=\"{}\">\u00a0<\/span><\/p><p>\u00a0<\/p><p><b><span data-contrast=\"auto\">MAULE NEWS<\/span><\/b>\u00a0<br \/><a href=\"https:\/\/www.maulenews.com\/2025\/09\/de-la-alergia-al-resfrio-como-una.html\"><span data-contrast=\"none\">De la alergia al resfr\u00edo: c\u00f3mo una molestia estacional puede convertirse en infecci\u00f3n. Se refiere \u00c9rika Retamal, directora del Departamento de Salud P\u00fablica.<\/span><\/a><span data-ccp-props=\"{}\">\u00a0<\/span><\/p><p>\u00a0<\/p><p><b><span data-contrast=\"auto\">MEDIABANCO<\/span><\/b>\u00a0<br \/><a href=\"https:\/\/www.mediabanco.com\/de-la-alergia-al-resfrio-como-una-molestia-estacional-puede-convertirse-en-infeccion\/\"><span data-contrast=\"none\">De la alergia al resfr\u00edo: c\u00f3mo una molestia estacional puede convertirse en infecci\u00f3n. Se refiere \u00c9rika Retamal, directora del Departamento de Salud P\u00fablica.<\/span><\/a><span data-ccp-props=\"{}\">\u00a0<\/span><\/p><p>\u00a0<\/p><p><b><span data-contrast=\"auto\">EL MAULE INFORMA<\/span><\/b>\u00a0<br \/><a href=\"https:\/\/elmauleinforma.cl\/de-la-alergia-al-resfrio-como-una-molestia-estacional-puede-convertirse-en-infeccion\/\"><span data-contrast=\"none\">De la alergia al resfr\u00edo: c\u00f3mo una molestia estacional puede convertirse en infecci\u00f3n. Se refiere \u00c9rika Retamal, directora del Departamento de Salud P\u00fablica.<\/span><\/a><span data-ccp-props=\"{}\">\u00a0<\/span><\/p><p>\u00a0<\/p><p><b><span data-contrast=\"auto\">PORTAL RED SALUD<\/span><\/b>\u00a0<br \/><a href=\"https:\/\/portalredsalud.cl\/2025\/09\/26\/de-la-alergia-al-resfrio-como-una-molestia-estacional-puede-convertirse-en-infeccion\/\"><span data-contrast=\"none\">De la alergia al resfr\u00edo: c\u00f3mo una molestia estacional puede convertirse en infecci\u00f3n. Se refiere \u00c9rika Retamal, directora del Departamento de Salud P\u00fablica<\/span><\/a><span data-ccp-props=\"{}\">\u00a0<\/span><\/p><p>\u00a0<\/p><p><b><span data-contrast=\"auto\">EL HERALDO<\/span><\/b>\u00a0<br \/><a href=\"https:\/\/www.litoralpress.cl\/paginaconsultas\/Servicios_NClipWeb\/Get_Imagen_Nota.aspx?LPKey=YQRJ3T4C3W75GZVM46G4D4LTFT2YS2KK4I5Z3HSVX27JJZL242HOBMZEZLYTS25S5FLTI3JQDIBFW\"><span data-contrast=\"none\">De la alergia al resfr\u00edo: c\u00f3mo una molestia estacional puede convertirse en infecci\u00f3n. Se refiere \u00c9rika Retamal, directora del Departamento de Salud P\u00fablica.<\/span><\/a><span data-ccp-props=\"{}\">\u00a0<\/span><\/p><p>\u00a0<\/p><p><b><span data-contrast=\"auto\">MAULE HOY<\/span><\/b>\u00a0<br \/><a href=\"https:\/\/www.litoralpress.cl\/paginaconsultas\/Servicios_NClipWeb\/Get_Imagen_Nota.aspx?LPKey=VGUZISKDGUPYFFXBB3T7VSE6IB2WKDZ3F4D2GIXEDHPKENINK7U6L4PV2G4LX7KJ6KT3KR642YTCY\"><span data-contrast=\"none\">De la alergia al resfr\u00edo: c\u00f3mo una molestia estacional puede convertirse en infecci\u00f3n. Se refiere \u00c9rika Retamal, directora del Departamento de Salud P\u00fablica<\/span><\/a><span data-ccp-props=\"{}\">\u00a0<\/span><\/p><p>\u00a0<\/p><p><b><span data-contrast=\"auto\">PORTAL RED SALUD<\/span><\/b>\u00a0<br \/><a href=\"https:\/\/portalredsalud.cl\/2025\/09\/26\/de-la-alergia-al-resfrio-como-una-molestia-estacional-puede-convertirse-en-infeccion\/\"><span data-contrast=\"none\">De la alergia al resfr\u00edo: c\u00f3mo una molestia estacional puede convertirse en infecci\u00f3n. Se refiere \u00c9rika Retamal, directora del Departamento de Salud P\u00fablica<\/span><\/a><span data-ccp-props=\"{}\">\u00a0<\/span><\/p><p>\u00a0<\/p><p><b><span data-contrast=\"auto\">LA NOTICIA<\/span><\/b>\u00a0<br \/><a href=\"https:\/\/lanoticia.cl\/de-la-alergia-al-resfrio-como-una-molestia-estacional-puede-convertirse-en-infeccion\/\"><span data-contrast=\"none\">De la alergia al resfr\u00edo: una molestia estacional puede convertirse en infecci\u00f3n. Se refiere \u00c9rika Retamal, directora del Departamento de Salud P\u00fablica<\/span><\/a><span data-ccp-props=\"{}\">\u00a0<\/span><\/p><p>\u00a0<\/p><p><b><span data-contrast=\"auto\">DIARIO TALCA<\/span><\/b>\u00a0<br \/><a href=\"https:\/\/diariotalca.cl\/de-la-alergia-al-resfrio-una-molestia-estacional-puede-convertirse-en-infeccion\/\"><span data-contrast=\"none\">De la alergia al resfr\u00edo: una molestia estacional puede convertirse en infecci\u00f3n. Se refiere \u00c9rika Retamal, directora del Departamento de Salud P\u00fablica<\/span><\/a><span data-ccp-props=\"{}\">\u00a0<\/span><\/p><p>\u00a0<\/p><p><b><span data-contrast=\"auto\">TV5<\/span><\/b>\u00a0<br \/><a href=\"https:\/\/www.tv5.cl\/categoria\/local\/alergia-estacional-molestia-infeccion-respiratoria\"><span data-contrast=\"none\">Alergia estacional: de molestia a infecci\u00f3n respiratoria. Se refiere \u00c9rika Retamal, directora del Departamento de Salud P\u00fablica<\/span><\/a><span data-ccp-props=\"{}\">\u00a0<\/span><\/p><p><b><span data-contrast=\"auto\">\u00a0<\/span><\/b><\/p><p><b><span data-contrast=\"auto\">G5 NOTICIA<\/span><\/b>\u00a0<br \/><a href=\"https:\/\/g5noticias.cl\/2025\/09\/27\/de-la-alergia-al-resfrio-como-una-molestia-estacional-puede-convertirse-en-infeccion\/\"><span data-contrast=\"none\">De la alergia al resfr\u00edo: c\u00f3mo una molestia estacional puede convertirse en infecci\u00f3n. Se refiere \u00c9rika Retamal, directora del Departamento de Salud P\u00fablica<\/span><\/a><span data-ccp-props=\"{}\">\u00a0<\/span><\/p><p>\u00a0<\/p><p><b><span data-contrast=\"auto\">DIARIO EL CENTRO<\/span><\/b>\u00a0<br \/><a href=\"https:\/\/www.diarioelcentro.cl\/2025\/09\/27\/de-la-alergia-al-resfrio-como-una-molestia-estacional-puede-convertirse-en-infeccion\/\"><span data-contrast=\"none\">De la alergia al resfr\u00edo: c\u00f3mo una molestia estacional puede convertirse en infecci\u00f3n. Se refiere \u00c9rika Retamal, directora del Departamento de Salud P\u00fablica<\/span><\/a><span data-ccp-props=\"{}\">\u00a0<\/span><\/p><p>\u00a0<\/p><p><b><span data-contrast=\"auto\">PUBLIMICRO<\/span><\/b>\u00a0<br \/><a href=\"https:\/\/publimicro.cl\/de-la-alergia-al-resfrio-como-una-molestia-estacional-puede-convertirse-en-infeccion-respiratoria\/\"><span data-contrast=\"none\">De la alergia al resfr\u00edo: c\u00f3mo una molestia estacional puede convertirse en infecci\u00f3n respiratoria. Se refiere \u00c9rika Retamal, directora del Departamento de Salud P\u00fablica.<\/span><\/a><span data-ccp-props=\"{}\">\u00a0<\/span><\/p><p>\u00a0<\/p><p><b><span data-contrast=\"auto\">TV5<\/span><\/b>\u00a0<br \/><a href=\"https:\/\/www.tv5.cl\/categoria\/local\/alergia-estacional-riesgo-infeccion-respiratoria\"><span data-contrast=\"none\">Alergia estacional: riesgo de infecci\u00f3n respiratoria. Se refiere \u00c9rika Retamal, directora del Departamento de Salud P\u00fablica<\/span><\/a><span data-ccp-props=\"{}\">\u00a0<\/span><\/p><p>\u00a0<\/p><p><b><span data-contrast=\"auto\">MAULE HOY<\/span><\/b>\u00a0<br \/><a href=\"https:\/\/www.litoralpress.cl\/sitio\/Prensa_Detalles.cshtml?LPKey=EZQBMU5LKXCJWXWOLFGM57QGUH7IOTMBPV4ZHJTDGPCYMZAULHFA\"><span data-contrast=\"none\">Premian al periodista Sergio Torres P\u00e9rez, como la \u00abFigura Radial del Maule 2025\u00bb. Se menciona la Universidad de Talca.<\/span><\/a> \u00a0<br \/>\u00a0<\/p><p><br \/><b><span data-contrast=\"auto\">EL RANCAGUASO<\/span><\/b>\u00a0<br \/><a href=\"https:\/\/www.elrancahuaso.cl\/noticia\/inclusion\/turismo-para-todos-la-cata-ciegas-en-santa-cruz-que-revoluciona-la-forma-de-disfru\"><span data-contrast=\"none\">Turismo para todos? La cata a ciegas en Santa Cruz que revoluciona la forma de disfrutar el vino. Se refiere Patricio G\u00f3mez director del Campus Colchagua\u202fy Anyelina Riveros coordinadora de la carrera de T\u00e9cnico Superior en Turismo Enol\u00f3gico.<\/span><\/a> <span data-ccp-props=\"{}\">\u00a0<\/span><\/p><p>\u00a0<\/p><p><b><span data-contrast=\"auto\">MEGANOTICIAS<\/span><\/b>\u00a0<br \/><a href=\"https:\/\/www.meganoticias.cl\/nacional\/500341-analisis-mauricio-morales-caida-jose-antonio-kast-encuesta-cadem-fds01-28-09-2025.html\"><span data-contrast=\"none\">&#8220;Es para preocuparse&#8221;: El an\u00e1lisis de Mauricio Morales ante la ca\u00edda de Jos\u00e9 Antonio Kast en la encuesta Cadem. Se refiere Mauricio Morales, director del Centro de An\u00e1lisis Pol\u00edtico (CA<\/span><\/a><b><span data-contrast=\"auto\">P).<\/span><\/b>\u00a0<\/p><p><br \/>\u00a0<br \/><b><span data-contrast=\"auto\">RADIO LAUTARO<\/span><\/b>\u00a0<br \/><a href=\"https:\/\/radiolautarotalca.cl\/experta-explico-que-no-hay-evidencia-que-relacione-el-paracetamol-con-el-autismo\/\"><span data-contrast=\"none\">Experta explic\u00f3 que no hay evidencia que relacione el paracetamol con el autismo. Se refiere \u00c9rika Retamal, directora del Departamento de Salud P\u00fablica<\/span><\/a><span data-ccp-props=\"{}\">\u00a0<\/span><\/p><p>\u00a0<\/p><p><b><span data-contrast=\"auto\">MEDIABANCO<\/span><\/b>\u00a0<br \/><a href=\"https:\/\/www.mediabanco.com\/utalca-invita-a-escolares-a-vivir-la-experiencia-universitaria-en-abre-puertas-2025\/\"><span data-contrast=\"none\">UTalca invita a escolares a vivir la experiencia universitaria en \u201cAbre Puertas 2025\u201d. Se refiere <\/span><span data-contrast=\"none\">Paola Morales, directora de Ciclo de Vida Estudiantil y<\/span> <span data-contrast=\"none\">Tania Mascar\u00f3, jefa de la Unidad de Admisi\u00f3n y Acceso<\/span><\/a><span data-ccp-props=\"{}\">\u00a0<\/span><\/p><p>\u00a0<\/p><p><b><span data-contrast=\"auto\">CHILLAN ONLINE<\/span><\/b>\u00a0<br \/><a href=\"https:\/\/www.chillanonline.cl\/V7\/2025\/09\/27\/utalca-invita-a-escolares-a-vivir-la-experiencia-universitaria-en-abre-puertas-2025\/\"><span data-contrast=\"none\">UTalca invita a escolares a vivir la experiencia universitaria en \u201cAbre Puertas 2025\u201d. Se refiere <\/span><span data-contrast=\"none\">Paola Morales, directora de Ciclo de Vida Estudiantil y<\/span> <span data-contrast=\"none\">Tania Mascar\u00f3, jefa de la Unidad de Admisi\u00f3n y Acceso<\/span><\/a><span data-ccp-props=\"{}\">\u00a0<\/span><\/p><p>\u00a0<\/p><p><b><span data-contrast=\"auto\">EL MAULE INFORMA<\/span><\/b>\u00a0<br \/><a href=\"https:\/\/elmauleinforma.cl\/utalca-invita-a-escolares-a-vivir-la-experiencia-universitaria-en-abre-puertas-2025\/\"><span data-contrast=\"none\">UTalca invita a escolares a vivir la experiencia universitaria en \u201cAbre Puertas 2025\u201d. Se refiere Paola Morales, directora de Ciclo de Vida Estudiantil y Tania Mascar\u00f3, jefa de la Unidad de Admisi\u00f3n y Acceso.<\/span><\/a><span data-ccp-props=\"{}\">\u00a0<\/span><\/p><p>\u00a0<\/p><p><b><span data-contrast=\"auto\">MAULE HOY<\/span><\/b>\u00a0<br \/><a href=\"https:\/\/www.litoralpress.cl\/paginaconsultas\/Servicios_NClipWeb\/Get_Imagen_Nota.aspx?LPKey=7UNFOADN3JGSMQOJRTYXAERUNOWG5RO3ZIKBMXX7KBJI7RXI6RPCEM4KA2BHWJUIFAFEYDUW3YD46\"><span data-contrast=\"none\">Profesor de la UTalca se incorpora a la Academia Chilena de la Historia. Se refiere Pedro Emilio Zamorano, director del Centro de Estudios Human\u00edsticos.<\/span><\/a><span data-ccp-props=\"{}\">\u00a0<\/span><\/p><p>\u00a0<\/p><p><b><span data-contrast=\"auto\">EL MAULE INFORMA<\/span><\/b>\u00a0<br \/><a href=\"https:\/\/elmauleinforma.cl\/profesor-de-la-utalca-se-incorpora-como-miembro-de-la-academia-chilena-de-la-historia\/\"><span data-contrast=\"none\">Profesor de la UTalca se incorpora como miembro de la Academia Chilena de la Historia.<\/span> <span data-contrast=\"none\">Se refiere Pedro Emilio Zamorano, director del Centro de Estudios Human\u00edsticos.<\/span><\/a><span data-ccp-props=\"{}\">\u00a0<\/span><\/p><p>\u00a0<\/p><p><b><span data-contrast=\"auto\">SOMOS MAULE<\/span><\/b>\u00a0<br \/><a href=\"http:\/\/somosmaule.cl\/publico\/ficha\/ficha.aspx?i=93033\"><span data-contrast=\"none\">Profesor de la UTalca se incorpora como miembro de la Academia Chilena de la Historia.<\/span> <span data-contrast=\"none\">Se refiere Pedro Emilio Zamorano, director del Centro de Estudios Human\u00edsticos.<\/span><\/a><span data-ccp-props=\"{}\">\u00a0<\/span><\/p><p>\u00a0<\/p><p><b><span data-contrast=\"auto\">RADIO GUAYAC\u00c1N<\/span><\/b>\u00a0<br \/><a href=\"https:\/\/www.litoralpress.cl\/sitio\/RadioTV_Detalles.cshtml?LPKey=7XDR2RADMO2PT6YPG5BCW5FBRZYSW4WLN3PTPILZ75LO4WBVG7D5HGT5DUOA6VXY6ZFF6LNN4UOE2\"><span data-contrast=\"none\">Entrevista a Carolina Riveros, acad\u00e9mica de la Facultad de Ciencias Jur\u00eddicas y Sociales<\/span><\/a><span data-ccp-props=\"{}\">\u00a0<\/span><\/p><p>\u00a0<\/p><p><b><span data-contrast=\"auto\">ZETABITE<\/span><\/b>\u00a0<br \/><a href=\"https:\/\/zetabite.com\/2025\/09\/26\/chile-se-integra-por-primera-vez-al-concurso-global-honor-talents-2025\/\"><span data-contrast=\"none\">Chile se integra por primera vez al concurso global HONOR Talents 2025.<\/span> <span data-contrast=\"none\">Se refiere Honorato Merello Papa, director de la Escuela de Dise\u00f1o.<\/span><\/a><span data-ccp-props=\"{}\">\u00a0<\/span><\/p><p>\u00a0<\/p><p><b><span data-contrast=\"auto\">EL MAULE INFORMA<\/span><\/b>\u00a0<br \/><a href=\"http:\/\/somosmaule.cl\/publico\/ficha\/ficha.aspx?i=93048\"><span data-contrast=\"none\">Lucida presentaci\u00f3n de Coro Infanto-Juvenil de la Universidad de Talca en su Concierto de Primavera. Se refiere Carolina Robleros, <\/span><span data-contrast=\"none\">directora del Conservatorio<\/span><\/a><span data-ccp-props=\"{}\">\u00a0<\/span><\/p><p>\u00a0<\/p><p><b><span data-contrast=\"auto\">SOMOS MAULE<\/span><\/b>\u00a0<br \/><a href=\"http:\/\/somosmaule.cl\/publico\/ficha\/ficha.aspx?i=93048\"><span data-contrast=\"none\">Lucida presentaci\u00f3n de Coro Infanto-Juvenil de la Universidad de Talca en su Concierto de Primavera. Se refiere Carolina Robleros, <\/span><span data-contrast=\"none\">directora del Conservatorio<\/span><\/a><span data-ccp-props=\"{}\">\u00a0<\/span><\/p><p>\u00a0<\/p><p><b><span data-contrast=\"auto\">EL MERCURIO<\/span><\/b>\u00a0<br \/><a href=\"https:\/\/www.litoralpress.cl\/paginaconsultas\/Servicios_NClipWeb\/Get_Imagen_Nota.aspx?LPKey=FLRRQI67EZCFPPB5WDX7TA5JGQKTD5ANK5ILYKTNBJ2KXR55WL3K5A3GYCWZHBLVSOX7P2VGLJXPK\"><span data-contrast=\"none\">Metales con alma. Se refiere Marcela Albornoz Dachelet, directora de Extensi\u00f3n Cultural-Art\u00edstica<\/span><\/a><span data-ccp-props=\"{}\">\u00a0<\/span><\/p><p>\u00a0<\/p><p><b><span data-contrast=\"auto\">RADIO BIOB\u00cdO<\/span><\/b>\u00a0<br \/><a href=\"https:\/\/www.litoralpress.cl\/sitio\/RadioTV_Detalles.cshtml?LPKey=4VDOCMSHXP5F25JFSGCEFKANG3WGAO5ATK3RMTCVMQJQ3YYNLG5CA2BKYAJ47U6RLWENOTMCSGXSQ\"><span data-contrast=\"none\">Elecciones parlamentarias y distritos clave para el oficialismo. Se refiere Mario Herrera Mu\u00f1oz, acad\u00e9micos del Centro de An\u00e1lisis Pol\u00edtico.<\/span><\/a><span data-contrast=\"auto\">\u00a0<\/span><span data-ccp-props=\"{}\">\u00a0<\/span><\/p><p>\u00a0<\/p><p><b><span data-contrast=\"auto\">LA PRENSA DE CURIC\u00d3<\/span><\/b>\u00a0<br \/><a href=\"https:\/\/www.litoralpress.cl\/paginaconsultas\/Servicios_NClipWeb\/Get_Imagen_Nota.aspx?LPKey=CXNA5AVHRPHVRMTCYOOVXAYPJG5MYTNP6QXST6GNGQNRYYH3XGJ42Y4I3C63MCQG7RYS54JOMSPNK\"><span data-contrast=\"none\">Sucede. Se menciona la Universidad de Talca.<\/span><\/a><span data-ccp-props=\"{}\">\u00a0<\/span><\/p><p>\u00a0<\/p><p><b><span data-contrast=\"auto\">RADIO AGRICULTURA<\/span><\/b>\u00a0<br \/><a href=\"https:\/\/www.litoralpress.cl\/sitio\/RadioTV_Detalles.cshtml?LPKey=Z4TDRYLWZ62AOR4JA7XWTE2TCJGQXOWGWX6J2AD7GKD7XZBVLML3HCHPLTGC4ULKPF52T43AAZJNG\"><span data-contrast=\"none\">Tema: revisi\u00f3n de la correcta entrega de los beneficios sociales. Se menciona la Universidad de Talca.<\/span><\/a><span data-ccp-props=\"{}\">\u00a0<\/span><\/p><p>\u00a0<\/p><p><b><span data-contrast=\"auto\">DIARIO TALCA<\/span><\/b>\u00a0<br \/><a href=\"https:\/\/diariotalca.cl\/106511-2\/\"><span data-contrast=\"none\">Coinciden en la urgencia de impulsar infraestructura portuaria para el Maule. Se menciona la Universidad de Talca.<\/span><\/a><span data-ccp-props=\"{}\">\u00a0<\/span><\/p><p>\u00a0<\/p><p><b><span data-contrast=\"auto\">SAN CARLOS ONLINE<\/span><\/b>\u00a0<br \/><a href=\"https:\/\/www.sancarlosonline.cl\/2025\/09\/punilla-cordillera-mas-de-4900.html\"><span data-contrast=\"none\">Punilla Cordillera: M\u00e1s de 4.900 estudiantes participan en talleres del Mineduc. Se menciona la Universidad de Talca.<\/span><\/a><span data-ccp-props=\"{}\">\u00a0<\/span><\/p><p>\u00a0<\/p><p><b><span data-contrast=\"auto\">LA DIRECTIVA LONGAVIANA<\/span><\/b>\u00a0<br \/><a href=\"https:\/\/www.ladirectalongaviana.cl\/2025\/09\/26\/nuevas-asesoras-y-asesores-preventivos-en-violencia-contra-las-mujeres-certifica-sernameg-maule\/\"><span data-contrast=\"none\">Nuevas Asesoras y Asesores Preventivos en Violencia contra las Mujeres certifica SernamEG Maule. Se menciona la Universidad de Talca.<\/span><\/a><span data-ccp-props=\"{}\">\u00a0<\/span><\/p><p><b><span data-contrast=\"auto\">LA DISCUSI\u00d3N<\/span><\/b>\u00a0<br \/><a href=\"https:\/\/ladiscusion.cl\/slep-punilla-cordillera-lanza-talleres-de-bienestar-socioemocional-y-educacion-integral-en-beneficio-de-4-900-escolares\/\"><span data-contrast=\"none\">SLEP Punilla Cordillera lanza talleres de bienestar socioemocional y educaci\u00f3n integral en beneficio de 4.900 escolares. Se menciona la Universidad de Talca.<\/span><\/a><span data-ccp-props=\"{}\">\u00a0<\/span><\/p><p>\u00a0<\/p><p><b><span data-contrast=\"auto\">UPLA<\/span><\/b>\u00a0<br \/><a href=\"https:\/\/www.upla.cl\/noticias\/2025\/09\/26\/centenario-del-filosofo-gilles-deleuze-se-celebrara-con-actividades-en-santiago-y-valparaiso\/\"><span data-contrast=\"none\">Centenario del fil\u00f3sofo Gilles Deleuze se celebrar\u00e1 con actividades. Se menciona la Universidad de Talca.<\/span><\/a><span data-ccp-props=\"{}\">\u00a0<\/span><\/p><p>\u00a0<\/p><p><b><span data-contrast=\"auto\">DIARIO EL CENTRO<\/span><\/b>\u00a0<br \/><a href=\"https:\/\/www.diarioelcentro.cl\/2025\/09\/26\/candidatos-al-senado-se-enfrentan-a-las-demandas-del-maule-en-foro-abierto-en-talca\/\"><span data-contrast=\"none\">Candidatos al Senado se enfrentan a las demandas del Maule en foro abierto en Talca. Se menciona la Universidad de Talca.<\/span><\/a><span data-ccp-props=\"{}\">\u00a0<\/span><\/p><p>\u00a0<\/p><p><b><span data-contrast=\"auto\">RADIO UNIVERSIDAD DE CHILE<\/span><\/b>\u00a0<br \/><a href=\"https:\/\/radio.uchile.cl\/2025\/09\/26\/la-agricultura-nacional-depende-de-trabajadores-extranjeros-sector-agro-insiste-en-necesidad-de-mas-mano-de-obra\/\"><span data-contrast=\"none\">\u00bfLa agricultura nacional depende de trabajadores extranjeros? Sector agro insiste en necesidad de &#8220;m\u00e1s mano de obra&#8221;. Se menciona la Universidad de Talca.<\/span><\/a><span data-ccp-props=\"{}\">\u00a0<\/span><\/p><p>\u00a0<\/p><p><b><span data-contrast=\"auto\">WIP<\/span><\/b>\u00a0<br \/><a href=\"https:\/\/www.wip.cl\/jornada-de-reflexion-2025-ya-tiene-fecha\/\"><span data-contrast=\"none\">Jornada de reflexi\u00f3n 2025 ya tiene fecha. Se menciona la Universidad de Talca.<\/span><\/a><span data-ccp-props=\"{}\">\u00a0<\/span><\/p><p>\u00a0<\/p><p><b><span data-contrast=\"auto\">ROCK AN WRESTLING<\/span><\/b>\u00a0<br \/><a href=\"https:\/\/rockandwrestling.com\/textiles-africanos-llegan-al-centro-cultural-la-moneda-en-clave-de-resistencia-y-emancipacion-politica-y-cultural\/\"><span data-contrast=\"none\">Textiles africanos llegan al Centro Cultural La Moneda en clave de resistencia y emancipaci\u00f3n pol\u00edtica y cultural. Se menciona la Universidad de Talca.<\/span><\/a><span data-contrast=\"auto\">\u00a0<\/span><span data-ccp-props=\"{}\">\u00a0<\/span><\/p><p>\u00a0<\/p><p><b><span data-contrast=\"auto\">LA NOTICIA<\/span><\/b>\u00a0<br \/><a href=\"https:\/\/lanoticia.cl\/diputado-roberto-celedon-celebra-realizacion-del-seminario-en-la-universidad-catolica-del-maule-que-impulsa-propuesta-de-puerto-regional-como-eje-de-desarrollo-y-conectividad\/\"><span data-contrast=\"none\">Diputado Roberto Celed\u00f3n celebra realizaci\u00f3n del seminario en la Universidad Cat\u00f3lica del Maule que impulsa propuesta de puerto regional como eje de desarrollo y conectividad. Se menciona la Universidad de Talca<\/span><\/a><span data-ccp-props=\"{}\">\u00a0<\/span><\/p><p>\u00a0<\/p><p><b><span data-contrast=\"auto\">DIARIO LA MA\u00d1ANA <\/span><\/b>\u00a0<br \/><a href=\"https:\/\/xn--diariolamaana-rkb.cl\/certifica-a-nuevas-asesoras-y-asesores-preventivos-en-violencia-contra-las-mujeres\/\"><span data-contrast=\"none\">Certifica a nuevas asesoras y asesores preventivos en violencia contra las mujeres Se menciona la Universidad de Talca<\/span><\/a><span data-ccp-props=\"{}\">\u00a0<\/span><\/p><p>\u00a0<\/p><p><b><span data-contrast=\"auto\">AM NOTICIA<\/span><\/b>\u00a0<br \/><a href=\"https:\/\/amnoticias.cl\/certifica-a-nuevas-asesoras-y-asesores-preventivos-en-violencia-contra-las-mujeres\/\"><span data-contrast=\"none\">Certifica a nuevas asesoras y asesores preventivos en violencia contra las mujeres. Se menciona la Universidad de Talca<\/span><\/a><span data-ccp-props=\"{}\">\u00a0<\/span><\/p><p>\u00a0<\/p><p><b><span data-contrast=\"auto\">DIARIO CONSTITUCIONAL<\/span><\/b>\u00a0<br \/><a href=\"https:\/\/www.diarioconstitucional.cl\/contrapuntos\/la-implementacion-de-la-ley-karin-en-el-sector-privado-y-publico-experiencias-contrapuestas-y-cambio-cultural-2\/\"><span data-contrast=\"none\">La implementaci\u00f3n de la ley Karin en el sector privado y p\u00fablico: experiencias contrapuestas y cambio cultural. Se menciona la Universidad de Talca.<\/span><\/a><span data-contrast=\"auto\">\u00a0<\/span><span data-ccp-props=\"{}\">\u00a0<\/span><\/p><p><span data-ccp-props=\"{}\">\u00a0<\/span><\/p>\t\t\t\t\t\t<\/div>\n\t\t\t\t<\/div>\n\t\t\t\t\t<\/div>\n\t\t<\/div>\n\t\t\t\t\t\t\t<\/div>\n\t\t<\/section>\n\t\t\t\t\t\t<\/div>\n\t\t\t\t\t<\/div>\n\t\t","protected":false},"excerpt":{"rendered":"<p>\u00a0 EL MERCURIO\u00a0En medio de diferencias internas, rectores alistan indicaciones con \u201cm\u00ednimos necesarios\u201d al FES. Se refiere Carlos Torres Fuchslocher, rector.\u00a0 \u00a0 EL LECTOR\u00a0Promueven el desarrollo integral de escolares con actividades extracurriculares. Se refiere Carlos Torres Fuchslocher, rector.\u00a0 \u00a0 DIARIO EL HERALDO\u00a0Promueven el desarrollo integral de escolares con actividades extracurriculares. Se refiere Carlos Torres Fuchslocher, &hellip;<\/p>\n<p class=\"read-more\"> <a class=\"\" href=\"https:\/\/www.reportedeprensa.utalca.cl\/?p=12592\"> <span class=\"screen-reader-text\">29 de septiembre 2025<\/span> Read More &raquo;<\/a><\/p>\n","protected":false},"author":1,"featured_media":0,"comment_status":"closed","ping_status":"open","sticky":false,"template":"","format":"standard","meta":{"_monsterinsights_skip_tracking":false,"_monsterinsights_sitenote_active":false,"_monsterinsights_sitenote_note":"","_monsterinsights_sitenote_category":0},"categories":[63],"tags":[],"_links":{"self":[{"href":"https:\/\/www.reportedeprensa.utalca.cl\/index.php?rest_route=\/wp\/v2\/posts\/12592"}],"collection":[{"href":"https:\/\/www.reportedeprensa.utalca.cl\/index.php?rest_route=\/wp\/v2\/posts"}],"about":[{"href":"https:\/\/www.reportedeprensa.utalca.cl\/index.php?rest_route=\/wp\/v2\/types\/post"}],"author":[{"embeddable":true,"href":"https:\/\/www.reportedeprensa.utalca.cl\/index.php?rest_route=\/wp\/v2\/users\/1"}],"replies":[{"embeddable":true,"href":"https:\/\/www.reportedeprensa.utalca.cl\/index.php?rest_route=%2Fwp%2Fv2%2Fcomments&post=12592"}],"version-history":[{"count":4,"href":"https:\/\/www.reportedeprensa.utalca.cl\/index.php?rest_route=\/wp\/v2\/posts\/12592\/revisions"}],"predecessor-version":[{"id":12596,"href":"https:\/\/www.reportedeprensa.utalca.cl\/index.php?rest_route=\/wp\/v2\/posts\/12592\/revisions\/12596"}],"wp:attachment":[{"href":"https:\/\/www.reportedeprensa.utalca.cl\/index.php?rest_route=%2Fwp%2Fv2%2Fmedia&parent=12592"}],"wp:term":[{"taxonomy":"category","embeddable":true,"href":"https:\/\/www.reportedeprensa.utalca.cl\/index.php?rest_route=%2Fwp%2Fv2%2Fcategories&post=12592"},{"taxonomy":"post_tag","embeddable":true,"href":"https:\/\/www.reportedeprensa.utalca.cl\/index.php?rest_route=%2Fwp%2Fv2%2Ftags&post=12592"}],"curies":[{"name":"wp","href":"https:\/\/api.w.org\/{rel}","templated":true}]}}