{"id":12597,"date":"2025-10-03T09:49:30","date_gmt":"2025-10-03T12:49:30","guid":{"rendered":"https:\/\/www.reportedeprensa.utalca.cl\/?p=12597"},"modified":"2025-10-03T09:50:25","modified_gmt":"2025-10-03T12:50:25","slug":"30-de-septiembre-2025","status":"publish","type":"post","link":"https:\/\/www.reportedeprensa.utalca.cl\/?p=12597","title":{"rendered":"30 de septiembre 2025"},"content":{"rendered":"\t\t<div data-elementor-type=\"wp-post\" data-elementor-id=\"12597\" class=\"elementor elementor-12597\" data-elementor-settings=\"[]\">\n\t\t\t\t\t\t\t<div class=\"elementor-section-wrap\">\n\t\t\t\t\t\t\t<section class=\"elementor-section elementor-top-section elementor-element elementor-element-bcea1a8 elementor-section-boxed elementor-section-height-default elementor-section-height-default\" data-id=\"bcea1a8\" data-element_type=\"section\">\n\t\t\t\t\t\t<div class=\"elementor-container elementor-column-gap-default\">\n\t\t\t\t\t<div class=\"elementor-column elementor-col-100 elementor-top-column elementor-element elementor-element-e7183bf\" data-id=\"e7183bf\" data-element_type=\"column\">\n\t\t\t<div class=\"elementor-widget-wrap elementor-element-populated\">\n\t\t\t\t\t\t\t\t<div class=\"elementor-element elementor-element-8c4b2a6 elementor-widget elementor-widget-text-editor\" data-id=\"8c4b2a6\" data-element_type=\"widget\" data-widget_type=\"text-editor.default\">\n\t\t\t\t<div class=\"elementor-widget-container\">\n\t\t\t\t\t\t\t\t<div><b data-olk-copy-source=\"MessageBody\">DIARIO USACH<\/b>\u00a0<br \/><a id=\"OWA90d357d5-2b93-061f-9e46-1b1a8728f04b\" title=\"https:\/\/www.diariousach.cl\/rector-de-utalca-y-reconocimiento-como-empresa-familiarmente-responsable\" href=\"https:\/\/www.diariousach.cl\/rector-de-utalca-y-reconocimiento-como-empresa-familiarmente-responsable\" target=\"_blank\" rel=\"noopener noreferrer\" data-auth=\"NotApplicable\" data-linkindex=\"0\">Rector de UTalca y reconocimiento como Empresa Familiarmente Responsable: \u201cNos impulsa a proyectarnos hacia una universidad amigable con la familia\u201d. Se refiere Carlos Torres Fuchslocher, rector.<\/a>\u00a0<\/div><div>\u00a0<\/div><div><b>EL HERALDO<\/b>\u00a0<br \/><a id=\"OWA935f1373-981d-bf79-6b98-b58447d8fc78\" title=\"http:\/\/litoralpress.cl\/paginaconsultas\/Servicios_NClipWeb\/Get_Imagen_Nota.aspx?LPKey=PWCNXGUOEQN5NMBNFOXOBCHOFZM24J6QJ3KGEJZTPBWZVXE4Y7YOYDLUT2HSDWP63L7BWVZASZC2G\" href=\"http:\/\/litoralpress.cl\/paginaconsultas\/Servicios_NClipWeb\/Get_Imagen_Nota.aspx?LPKey=PWCNXGUOEQN5NMBNFOXOBCHOFZM24J6QJ3KGEJZTPBWZVXE4Y7YOYDLUT2HSDWP63L7BWVZASZC2G\" target=\"_blank\" rel=\"noopener noreferrer\" data-auth=\"NotApplicable\" data-linkindex=\"1\">Premian a profesional de Radioemisoras de la UTalca por su trayectoria. Se refiere Sergio Torres, Director Radioemisoras Universidad de Talca<\/a>\u00a0<\/div><div>\u00a0<\/div><div><b>EL LECTOR<\/b>\u00a0<br \/><a id=\"OWAc163a7a7-6ced-f310-c4ec-4ad460ca2941\" title=\"https:\/\/www.litoralpress.cl\/paginaconsultas\/Servicios_NClipWeb\/Get_Imagen_Nota.aspx?LPKey=T5OE2C23UNHSSLB3CYZIUU2B7GG7D2FW3XVZKSNC36QEVDYTG2IHOUCY4TVVSVIIKELSGDITHRHFQ\" href=\"https:\/\/www.litoralpress.cl\/paginaconsultas\/Servicios_NClipWeb\/Get_Imagen_Nota.aspx?LPKey=T5OE2C23UNHSSLB3CYZIUU2B7GG7D2FW3XVZKSNC36QEVDYTG2IHOUCY4TVVSVIIKELSGDITHRHFQ\" target=\"_blank\" rel=\"noopener noreferrer\" data-auth=\"NotApplicable\" data-linkindex=\"2\">Premian a profesional de Radioemisoras de la UTalca por su trayectoria. Se refiere Sergio Torres, Director Radioemisoras Universidad de Talca<\/a>\u00a0<\/div><div>\u00a0<\/div><div><b>LA PRENSA DE CURIC\u00d3<\/b>\u00a0<br \/><a id=\"OWAa099d626-7220-4e99-b8c4-1b7d0292dd43\" title=\"https:\/\/www.litoralpress.cl\/paginaconsultas\/Servicios_NClipWeb\/Get_Imagen_Nota.aspx?LPKey=EYYRQYROC2O7AFXA5QWTSFXFIRWS4K26CS7OQ3JCKQ2FUPNQYANIUL2TPQSCXORQT54KFIZSTBFIO\" href=\"https:\/\/www.litoralpress.cl\/paginaconsultas\/Servicios_NClipWeb\/Get_Imagen_Nota.aspx?LPKey=EYYRQYROC2O7AFXA5QWTSFXFIRWS4K26CS7OQ3JCKQ2FUPNQYANIUL2TPQSCXORQT54KFIZSTBFIO\" target=\"_blank\" rel=\"noopener noreferrer\" data-auth=\"NotApplicable\" data-linkindex=\"3\">Premian a Sergio Torres destacada voz y director de Radio Universidad de Talca. Se refiere Sergio Torres, Director Radioemisoras Universidad de Talca<\/a>\u00a0<\/div><div>\u00a0<\/div><div><b>DIARIO TALCA<\/b>\u00a0<br \/><a id=\"OWA87d3c748-f0a7-f33a-4b60-1d7178dbad5f\" title=\"https:\/\/diariotalca.cl\/utalca-convoca-a-escolares-a-la-experiencia-universitaria-en-abre-puertas-2025\/\" href=\"https:\/\/diariotalca.cl\/utalca-convoca-a-escolares-a-la-experiencia-universitaria-en-abre-puertas-2025\/\" target=\"_blank\" rel=\"noopener noreferrer\" data-auth=\"NotApplicable\" data-linkindex=\"4\">UTalca invita a escolares a vivir la experiencia universitaria en \u201cAbre Puertas 2025\u201d. Se refiere Paola Morales, directora de Ciclo de Vida Estudiantil y Tania Mascar\u00f3, jefa de la Unidad de Admisi\u00f3n y Acceso.<\/a>\u00a0<\/div><div>\u00a0<\/div><div><b>G5 NOTICIA<\/b>\u00a0<br \/><a id=\"OWAf745c4aa-86bc-2cae-76c9-2faf0720deba\" title=\"https:\/\/g5noticias.cl\/2025\/09\/30\/utalca-abre-postulaciones-a-14-vias-de-admision-especial-para-nuevos-estudiantes\/\" href=\"https:\/\/g5noticias.cl\/2025\/09\/30\/utalca-abre-postulaciones-a-14-vias-de-admision-especial-para-nuevos-estudiantes\/\" target=\"_blank\" rel=\"noopener noreferrer\" data-auth=\"NotApplicable\" data-linkindex=\"5\">UTalca abre postulaciones a 14 v\u00edas de admisi\u00f3n especial para nuevos estudiantes. Se refiere Tania Mascar\u00f3, jefa de Admisi\u00f3n y Acceso.<\/a>\u00a0<\/div><div>\u00a0<\/div><div><b>CANAL MEGA<\/b>\u00a0<br \/><a id=\"OWA6a5626fa-783b-6372-ba7d-1b629479e27f\" title=\"https:\/\/www.litoralpress.cl\/sitio\/RadioTV_Detalles.cshtml?LPKey=NFSR7VSYZMUUUCJOXD3HQIQRRH4PGBCQJCVG5GFRZYCE5U7XXQJPVCZLJCCP4HXXY4I5OTNK7353M\" href=\"https:\/\/www.litoralpress.cl\/sitio\/RadioTV_Detalles.cshtml?LPKey=NFSR7VSYZMUUUCJOXD3HQIQRRH4PGBCQJCVG5GFRZYCE5U7XXQJPVCZLJCCP4HXXY4I5OTNK7353M\" target=\"_blank\" rel=\"noopener noreferrer\" data-auth=\"NotApplicable\" data-linkindex=\"6\">Encuesta Cadem, Kaiser al alza esta semana. Se refiere Mauricio Morales Quiroga, director del Centro de An\u00e1lisis Pol\u00edtico (CAP-UTalca)<\/a>\u00a0<\/div><div>\u00a0<\/div><div><b>PURA NOTICIA<\/b>\u00a0<br \/><a id=\"OWAd3ddee52-6bc7-3151-2629-ccc3005fa5a6\" title=\"https:\/\/www.litoralpress.cl\/sitio\/RadioTV_Detalles.cshtml?LPKey=5PVQRUY2KZLS6SCVXAWLPBFALA74LHLWEUIYLB6Z7CTUNPBBM3QRW4NJZDNOSOP7N76KRRPRD43QQ\" href=\"https:\/\/www.litoralpress.cl\/sitio\/RadioTV_Detalles.cshtml?LPKey=5PVQRUY2KZLS6SCVXAWLPBFALA74LHLWEUIYLB6Z7CTUNPBBM3QRW4NJZDNOSOP7N76KRRPRD43QQ\" target=\"_blank\" rel=\"noopener noreferrer\" data-auth=\"NotApplicable\" data-linkindex=\"7\">Entrevista a Rodrigo Saenz , acad\u00e9mico de la Facultad de Econom\u00eda y Negocios.<\/a>\u00a0<\/div><div>\u00a0<\/div><div><b>CANAL 2 LINARES<\/b>\u00a0<br \/><a id=\"OWA49ede148-d36e-e695-6b35-a83217fa740b\" title=\"https:\/\/www.canal2linares.cl\/2025\/09\/educadoras-de-parvulos-aprendieron.html\" href=\"https:\/\/www.canal2linares.cl\/2025\/09\/educadoras-de-parvulos-aprendieron.html\" target=\"_blank\" rel=\"noopener noreferrer\" data-auth=\"NotApplicable\" data-linkindex=\"8\">Educadoras de p\u00e1rvulos aprendieron sobre medios de comunicaci\u00f3n y divulgaci\u00f3n cient\u00edfica. Se refiere C\u00e9sar Retamal Bravo, jefe de la Unidad de Divulgaci\u00f3n<\/a>\u00a0\u00a0<\/div><div>\u00a0<\/div><div><b>LA PRENSA DE CURIC\u00d3<\/b>\u00a0<br \/><a id=\"OWA11cb00bf-1f25-4ab8-29bd-63018ad36fe0\" title=\"https:\/\/www.litoralpress.cl\/paginaconsultas\/Servicios_NClipWeb\/Get_Imagen_Nota.aspx?LPKey=7IMC3LY3R6BFONWQZSIORQUDUA3DS32PJJ53YAIOIOTNRKAAEIP5H7DIPYAGQCAZUASJ3QZU7ZD7O\" href=\"https:\/\/www.litoralpress.cl\/paginaconsultas\/Servicios_NClipWeb\/Get_Imagen_Nota.aspx?LPKey=7IMC3LY3R6BFONWQZSIORQUDUA3DS32PJJ53YAIOIOTNRKAAEIP5H7DIPYAGQCAZUASJ3QZU7ZD7O\" target=\"_blank\" rel=\"noopener noreferrer\" data-auth=\"NotApplicable\" data-linkindex=\"9\">MIEMBROS DEL DIRECTORIO la Corporaci\u00f3n de Amigos del Teatro Regional del Maule. Se menciona la Universidad de Talca.<\/a>\u00a0<\/div><div>\u00a0<\/div><div><b>DIARIO TALCA<\/b>\u00a0<br \/><a id=\"OWAb0454625-af5a-a840-b63f-6221d6aab4f4\" title=\"https:\/\/diariotalca.cl\/destacan-festival-de-las-artes-escenicas-que-se-vivira-en-talca\/\" href=\"https:\/\/diariotalca.cl\/destacan-festival-de-las-artes-escenicas-que-se-vivira-en-talca\/\" target=\"_blank\" rel=\"noopener noreferrer\" data-auth=\"NotApplicable\" data-linkindex=\"10\">Destacan Festival de las Artes Esc\u00e9nicas que se vivir\u00e1 en Talca. Se menciona la Universidad de Talca.<\/a>\u00a0<\/div><div>\u00a0<\/div><div><b>DI\u00c1LOGO SUR<\/b>\u00a0<br \/><a id=\"OWA97b6aab0-3a9b-bafe-f337-cd3c582ed122\" title=\"https:\/\/dialogosur.cl\/2025\/09\/umag-y-utal-adjudican-proyecto-colaborativo-de-ciencia-2030-para-alimentacion-animal\/\" href=\"https:\/\/dialogosur.cl\/2025\/09\/umag-y-utal-adjudican-proyecto-colaborativo-de-ciencia-2030-para-alimentacion-animal\/\" target=\"_blank\" rel=\"noopener noreferrer\" data-auth=\"NotApplicable\" data-linkindex=\"11\">Umag y Utal adjudican proyecto colaborativo de Ciencia 2030 para alimentaci\u00f3n animal. Se menciona la Universidad de Talca.<\/a>\u00a0<\/div><div>\u00a0<\/div><div><b>UNIVERSIDAD DE CHILE<\/b>\u00a0<br \/><a id=\"OWAba576477-2cce-b86b-add9-6abdd13061d5\" title=\"https:\/\/ingcivil.uchile.cl\/noticias\/232901\/especialistas-y-autoridades-buscan-impulsar-un-puerto-para-maule\" href=\"https:\/\/ingcivil.uchile.cl\/noticias\/232901\/especialistas-y-autoridades-buscan-impulsar-un-puerto-para-maule\" target=\"_blank\" rel=\"noopener noreferrer\" data-auth=\"NotApplicable\" data-linkindex=\"12\">Especialistas y autoridades coinciden en la urgencia de impulsar infraestructura portuaria para el Maule. Se menciona la Universidad de Talca.<\/a>\u00a0<\/div><div>\u00a0<\/div><div><b>THINKAGRO<\/b>\u00a0<br \/><a id=\"OWAaf89db52-915b-79a2-21c0-1a30ef64d66b\" title=\"https:\/\/www.thinkagro.cl\/2025\/09\/30\/la-digitalizacion-no-es-un-lujo-es-la-herramienta-que-hara-mas-sostenible-rentable-y-competitivo-a-nuestro-sector\/\" href=\"https:\/\/www.thinkagro.cl\/2025\/09\/30\/la-digitalizacion-no-es-un-lujo-es-la-herramienta-que-hara-mas-sostenible-rentable-y-competitivo-a-nuestro-sector\/\" target=\"_blank\" rel=\"noopener noreferrer\" data-auth=\"NotApplicable\" data-linkindex=\"13\">\u201cLa digitalizaci\u00f3n no es un lujo, es la herramienta que har\u00e1 m\u00e1s sostenible, rentable y competitivo a nuestro sector\u201d. Se menciona la Universidad de Talca.<\/a>\u00a0<\/div><div>\u00a0<\/div><div><b>CIENCIA EN CHILE<\/b>\u00a0<br \/><a id=\"OWA8badae75-9ce3-ea39-685d-ac6a19819027\" title=\"https:\/\/www.cienciaenchile.cl\/seminario-internacional-en-ufro-analiza-la-vida-humana-no-humana-y-posthumana-en-la-literatura\/\" href=\"https:\/\/www.cienciaenchile.cl\/seminario-internacional-en-ufro-analiza-la-vida-humana-no-humana-y-posthumana-en-la-literatura\/\" target=\"_blank\" rel=\"noopener noreferrer\" data-auth=\"NotApplicable\" data-linkindex=\"14\">Seminario internacional en UFRO analiza la vida humana, no humana y posthumana en la literatura. Se menciona la Universidad de Talca<\/a>\u00a0<\/div><div>\u00a0<\/div><div><b>LA ESTRELLA DE CHILO\u00c9<\/b>\u00a0<br \/><a id=\"OWA43aa5321-cb11-47c7-2fcf-044fd959846c\" title=\"https:\/\/www.litoralpress.cl\/paginaconsultas\/Servicios_NClipWeb\/Get_Imagen_Nota.aspx?LPKey=IRT6YFMBVQPIHIPHBEX346Q66JVGHRY3NXPERPKLLGJYSYXACG5CWGYZNTLHZDGL77V3CC6M6ZWN4\" href=\"https:\/\/www.litoralpress.cl\/paginaconsultas\/Servicios_NClipWeb\/Get_Imagen_Nota.aspx?LPKey=IRT6YFMBVQPIHIPHBEX346Q66JVGHRY3NXPERPKLLGJYSYXACG5CWGYZNTLHZDGL77V3CC6M6ZWN4\" target=\"_blank\" rel=\"noopener noreferrer\" data-auth=\"NotApplicable\" data-linkindex=\"15\">Filarm\u00f3nica de Chonchi brill\u00f3 en Constituci\u00f3n con bandas sonoras. Se menciona la Universidad de Talca.<\/a>\u00a0<\/div><div aria-hidden=\"true\">\u00a0<\/div>\t\t\t\t\t\t<\/div>\n\t\t\t\t<\/div>\n\t\t\t\t\t<\/div>\n\t\t<\/div>\n\t\t\t\t\t\t\t<\/div>\n\t\t<\/section>\n\t\t\t\t\t\t<\/div>\n\t\t\t\t\t<\/div>\n\t\t","protected":false},"excerpt":{"rendered":"<p>DIARIO USACH\u00a0Rector de UTalca y reconocimiento como Empresa Familiarmente Responsable: \u201cNos impulsa a proyectarnos hacia una universidad amigable con la familia\u201d. Se refiere Carlos Torres Fuchslocher, rector.\u00a0\u00a0EL HERALDO\u00a0Premian a profesional de Radioemisoras de la UTalca por su trayectoria. Se refiere Sergio Torres, Director Radioemisoras Universidad de Talca\u00a0\u00a0EL LECTOR\u00a0Premian a profesional de Radioemisoras de la UTalca &hellip;<\/p>\n<p class=\"read-more\"> <a class=\"\" href=\"https:\/\/www.reportedeprensa.utalca.cl\/?p=12597\"> <span class=\"screen-reader-text\">30 de septiembre 2025<\/span> Read More &raquo;<\/a><\/p>\n","protected":false},"author":1,"featured_media":0,"comment_status":"closed","ping_status":"open","sticky":false,"template":"","format":"standard","meta":{"_monsterinsights_skip_tracking":false,"_monsterinsights_sitenote_active":false,"_monsterinsights_sitenote_note":"","_monsterinsights_sitenote_category":0},"categories":[63],"tags":[],"_links":{"self":[{"href":"https:\/\/www.reportedeprensa.utalca.cl\/index.php?rest_route=\/wp\/v2\/posts\/12597"}],"collection":[{"href":"https:\/\/www.reportedeprensa.utalca.cl\/index.php?rest_route=\/wp\/v2\/posts"}],"about":[{"href":"https:\/\/www.reportedeprensa.utalca.cl\/index.php?rest_route=\/wp\/v2\/types\/post"}],"author":[{"embeddable":true,"href":"https:\/\/www.reportedeprensa.utalca.cl\/index.php?rest_route=\/wp\/v2\/users\/1"}],"replies":[{"embeddable":true,"href":"https:\/\/www.reportedeprensa.utalca.cl\/index.php?rest_route=%2Fwp%2Fv2%2Fcomments&post=12597"}],"version-history":[{"count":4,"href":"https:\/\/www.reportedeprensa.utalca.cl\/index.php?rest_route=\/wp\/v2\/posts\/12597\/revisions"}],"predecessor-version":[{"id":12601,"href":"https:\/\/www.reportedeprensa.utalca.cl\/index.php?rest_route=\/wp\/v2\/posts\/12597\/revisions\/12601"}],"wp:attachment":[{"href":"https:\/\/www.reportedeprensa.utalca.cl\/index.php?rest_route=%2Fwp%2Fv2%2Fmedia&parent=12597"}],"wp:term":[{"taxonomy":"category","embeddable":true,"href":"https:\/\/www.reportedeprensa.utalca.cl\/index.php?rest_route=%2Fwp%2Fv2%2Fcategories&post=12597"},{"taxonomy":"post_tag","embeddable":true,"href":"https:\/\/www.reportedeprensa.utalca.cl\/index.php?rest_route=%2Fwp%2Fv2%2Ftags&post=12597"}],"curies":[{"name":"wp","href":"https:\/\/api.w.org\/{rel}","templated":true}]}}