{"id":12608,"date":"2025-10-03T10:06:08","date_gmt":"2025-10-03T13:06:08","guid":{"rendered":"https:\/\/www.reportedeprensa.utalca.cl\/?p=12608"},"modified":"2025-10-03T10:09:00","modified_gmt":"2025-10-03T13:09:00","slug":"03-de-octubre-2025","status":"publish","type":"post","link":"https:\/\/www.reportedeprensa.utalca.cl\/?p=12608","title":{"rendered":"03 de octubre 2025"},"content":{"rendered":"\t\t<div data-elementor-type=\"wp-post\" data-elementor-id=\"12608\" class=\"elementor elementor-12608\" data-elementor-settings=\"[]\">\n\t\t\t\t\t\t\t<div class=\"elementor-section-wrap\">\n\t\t\t\t\t\t\t<section class=\"elementor-section elementor-top-section elementor-element elementor-element-bcea1a8 elementor-section-boxed elementor-section-height-default elementor-section-height-default\" data-id=\"bcea1a8\" data-element_type=\"section\">\n\t\t\t\t\t\t<div class=\"elementor-container elementor-column-gap-default\">\n\t\t\t\t\t<div class=\"elementor-column elementor-col-100 elementor-top-column elementor-element elementor-element-e7183bf\" data-id=\"e7183bf\" data-element_type=\"column\">\n\t\t\t<div class=\"elementor-widget-wrap elementor-element-populated\">\n\t\t\t\t\t\t\t\t<div class=\"elementor-element elementor-element-8c4b2a6 elementor-widget elementor-widget-text-editor\" data-id=\"8c4b2a6\" data-element_type=\"widget\" data-widget_type=\"text-editor.default\">\n\t\t\t\t<div class=\"elementor-widget-container\">\n\t\t\t\t\t\t\t\t<div><b data-olk-copy-source=\"MessageBody\">EL HERALDO<\/b>\u00a0<br \/><a id=\"OWA1440052a-50c4-3ced-aa17-464bbbaa0a41\" title=\"https:\/\/56tw3ndc4jqebce7t2gcnhngdzcvwk7w6r4p57yog5tldwhz37zdlr5fwid4adjv4x3b364trmar4\/\" href=\"https:\/\/56tw3ndc4jqebce7t2gcnhngdzcvwk7w6r4p57yog5tldwhz37zdlr5fwid4adjv4x3b364trmar4\/\" target=\"_blank\" rel=\"noopener noreferrer\" data-auth=\"NotApplicable\" data-linkindex=\"0\">Educadoras de p\u00e1rvulos aprendieron sobre medios de comunicaci\u00f3n y divulgaci\u00f3n cient\u00edfica. Se refiere C\u00e9sar Retamal Bravo, jefe\u202fde\u202fla Unidad\u202fde\u202fDivulgaci\u00f3n.<\/a>\u00a0<\/div><div>\u00a0<\/div><div><b>EL LECTOR<\/b>\u00a0<br \/><a id=\"OWA47a62827-32c0-57b3-79a9-005f96d48e6f\" title=\"https:\/\/www.litoralpress.cl\/paginaconsultas\/Servicios_NClipWeb\/Get_Imagen_Nota.aspx?LPKey=CVVHYFVHFRPDGT2FWP4OBV6TNNXXNRZNTVUGPRCNHODPIG6QKQYZEVUD5BTFYZBOEWWFPT2UV6COQ\" href=\"https:\/\/www.litoralpress.cl\/paginaconsultas\/Servicios_NClipWeb\/Get_Imagen_Nota.aspx?LPKey=CVVHYFVHFRPDGT2FWP4OBV6TNNXXNRZNTVUGPRCNHODPIG6QKQYZEVUD5BTFYZBOEWWFPT2UV6COQ\" target=\"_blank\" rel=\"noopener noreferrer\" data-auth=\"NotApplicable\" data-linkindex=\"1\">Educadoras de p\u00e1rvulos aprendieron sobre medios de comunicaci\u00f3n y divulgaci\u00f3n cient\u00edfica. Se refiere C\u00e9sar Retamal Bravo, jefe\u202fde\u202fla Unidad\u202fde\u202fDivulgaci\u00f3n.<\/a>\u00a0<\/div><div>\u00a0<\/div><div><b>MAULE HOY<\/b>\u00a0<br \/><a id=\"OWA075c3a2d-0ca2-68a0-4117-7bdae803a53d\" title=\"https:\/\/www.litoralpress.cl\/paginaconsultas\/Servicios_NClipWeb\/Get_Imagen_Nota.aspx?LPKey=HXDOWRKKW4Y2U6GFXTSEL4LRK2Y7F4WISA6Z5VURF4623URKPHSJNY2VAGN6ZHFYAIEOCJ3EKP6JY\" href=\"https:\/\/www.litoralpress.cl\/paginaconsultas\/Servicios_NClipWeb\/Get_Imagen_Nota.aspx?LPKey=HXDOWRKKW4Y2U6GFXTSEL4LRK2Y7F4WISA6Z5VURF4623URKPHSJNY2VAGN6ZHFYAIEOCJ3EKP6JY\" target=\"_blank\" rel=\"noopener noreferrer\" data-auth=\"NotApplicable\" data-linkindex=\"2\">Educadoras de p\u00e1rvulos aprendieron sobre medios de comunicaci\u00f3n y divulgaci\u00f3n cient\u00edfica. Se refiere C\u00e9sar Retamal Bravo, jefe\u202fde\u202fla Unidad\u202fde\u202fDivulgaci\u00f3n.<\/a>\u00a0<\/div><div>\u00a0<\/div><div><b>DIARIO EL HERALDO<\/b>\u00a0<br \/><a id=\"OWAfc146f76-89aa-0e5f-c27f-e44a4fbed06d\" title=\"https:\/\/www.diarioelheraldo.cl\/noticia\/educadoras-de-parvulos-aprendieron-sobre-medios-de-comunicacion-y-divulgacion-cientifica\" href=\"https:\/\/www.diarioelheraldo.cl\/noticia\/educadoras-de-parvulos-aprendieron-sobre-medios-de-comunicacion-y-divulgacion-cientifica\" target=\"_blank\" rel=\"noopener noreferrer\" data-auth=\"NotApplicable\" data-linkindex=\"3\">Educadoras de p\u00e1rvulos aprendieron sobre medios de comunicaci\u00f3n y divulgaci\u00f3n cient\u00edfica. Se refiere C\u00e9sar Retamal Bravo, jefe\u202fde\u202fla Unidad\u202fde\u202fDivulgaci\u00f3n.<\/a>\u00a0<\/div><div>\u00a0<\/div><div><b>RADIO ANCOA<\/b>\u00a0<br \/><a id=\"OWAc216c74d-f123-9c4b-2a05-b18d26f25f16\" title=\"https:\/\/www.radioancoa.cl\/categoria\/regional\/educadoras-parvulos-capacitan-medios-divulgacion-cientifica\" href=\"https:\/\/www.radioancoa.cl\/categoria\/regional\/educadoras-parvulos-capacitan-medios-divulgacion-cientifica\" target=\"_blank\" rel=\"noopener noreferrer\" data-auth=\"NotApplicable\" data-linkindex=\"4\">Educadoras de p\u00e1rvulos se capacitan en medios y divulgaci\u00f3n cient\u00edfica. Se refiere C\u00e9sar Retamal Bravo, jefe\u202fde\u202fla Unidad\u202fde\u202fDivulgaci\u00f3n.<\/a>\u00a0<\/div><div>\u00a0<\/div><div><b>MEDIABANCO<\/b>\u00a0<br \/><a id=\"OWA160abfd0-e803-362e-5a63-391012e84740\" title=\"https:\/\/www.mediabanco.com\/candidatos-a-senadores-del-maule-debatieron-sobre-demandas-locales-en-la-utalca\/\" href=\"https:\/\/www.mediabanco.com\/candidatos-a-senadores-del-maule-debatieron-sobre-demandas-locales-en-la-utalca\/\" target=\"_blank\" rel=\"noopener noreferrer\" data-auth=\"NotApplicable\" data-linkindex=\"5\">Candidatos a senadores del Maule debatieron sobre demandas locales en la UTalca. Se refiere Arcadio Cerda, decano de la Facultad de Econom\u00eda y Negocios.<\/a>\u00a0<\/div><div>\u00a0<\/div><div><b>PRIMERA FUENTE NOTICIAS<\/b>\u00a0<br \/><a id=\"OWAd6596f91-9839-6c89-f0d4-4792aa727c13\" title=\"https:\/\/primerafuente.cl\/regional\/2025\/10\/01\/candidatos-a-senadores-del-maule-debatieron-sobre-demandas-locales-en-la-utalca\/\" href=\"https:\/\/primerafuente.cl\/regional\/2025\/10\/01\/candidatos-a-senadores-del-maule-debatieron-sobre-demandas-locales-en-la-utalca\/\" target=\"_blank\" rel=\"noopener noreferrer\" data-auth=\"NotApplicable\" data-linkindex=\"6\">Candidatos a senadores del Maule debatieron sobre demandas locales en la UTalca. Se refiere Arcadio Cerda, decano de la Facultad de Econom\u00eda y Negocios.<\/a>\u00a0\u00a0<\/div><div>\u00a0<\/div><div><b>LA PRENSA DE CURIC\u00d3<\/b>\u00a0<br \/><a id=\"OWAb4130d46-7049-b172-f092-e4d194893db1\" title=\"https:\/\/www.litoralpress.cl\/paginaconsultas\/Servicios_NClipWeb\/Get_Imagen_Nota.aspx?LPKey=UBBC7ZM4HVZJYCECDJA4EWZVMPWTCPQSK44HQ52KIETSIDJSMXAANI76W6BBFG5ZK5FGVNFLK44X6\" href=\"https:\/\/www.litoralpress.cl\/paginaconsultas\/Servicios_NClipWeb\/Get_Imagen_Nota.aspx?LPKey=UBBC7ZM4HVZJYCECDJA4EWZVMPWTCPQSK44HQ52KIETSIDJSMXAANI76W6BBFG5ZK5FGVNFLK44X6\" target=\"_blank\" rel=\"noopener noreferrer\" data-auth=\"NotApplicable\" data-linkindex=\"7\">Este jueves presentan el libro \u201cMaucha\u201d de Gabriela Albornoz Salas. Se menciona la Universidad de Talca.<\/a>\u00a0<\/div><div>\u00a0<\/div><div><b>MEDIABANCO<\/b>\u00a0<br \/><a id=\"OWA59b588e8-9ceb-e2ca-eb06-a29b1cf36f35\" title=\"https:\/\/www.mediabanco.com\/inicio-de-campana-presidencial-que-implicaciones-tiene\/\" href=\"https:\/\/www.mediabanco.com\/inicio-de-campana-presidencial-que-implicaciones-tiene\/\" target=\"_blank\" rel=\"noopener noreferrer\" data-auth=\"NotApplicable\" data-linkindex=\"8\">Inicio de campa\u00f1a presidencial: \u00bfQu\u00e9 implicaciones tiene? Se refiere Mario Herrera Mu\u00f1oz, acad\u00e9mico del Centro de An\u00e1lisis Pol\u00edtico (CAP-UTalca)<\/a>\u00a0<\/div><div>\u00a0<\/div><div><b>PUNTO LONTU\u00c9<\/b>\u00a0<br \/><a id=\"OWA0de4c4f6-28c0-c391-9173-31dd5375e84b\" title=\"https:\/\/puntolontue.cl\/?p=19060\" href=\"https:\/\/puntolontue.cl\/?p=19060\" target=\"_blank\" rel=\"noopener noreferrer\" data-auth=\"NotApplicable\" data-linkindex=\"9\">De la alergia al resfr\u00edo: c\u00f3mo una molestia estacional puede convertirse en infecci\u00f3n. Se refiere \u00c9rika Retamal Contreras, directora del Departamento de Salud P\u00fablica<\/a>.<\/div><div>\u00a0<\/div><div><b>EL MAULE INFORMA<\/b>\u00a0<br \/><a id=\"OWAc414749d-a6c6-668b-c41a-72c76dc261ce\" title=\"https:\/\/elmauleinforma.cl\/inicio-de-campana-presidencial-que-implicaciones-tiene\/\" href=\"https:\/\/elmauleinforma.cl\/inicio-de-campana-presidencial-que-implicaciones-tiene\/\" target=\"_blank\" rel=\"noopener noreferrer\" data-auth=\"NotApplicable\" data-linkindex=\"10\">Inicio de campa\u00f1a presidencial: \u00bfQu\u00e9 implicaciones tiene? Se refiere Mario Herrera Mu\u00f1oz, acad\u00e9mico del Centro de An\u00e1lisis Pol\u00edtico (CAP-UTalca)<\/a>\u00a0<\/div><div aria-hidden=\"true\">\u00a0<\/div><div><b>LA PRENSA DE CURIC\u00d3<\/b>\u00a0<br \/><a id=\"OWAf9841197-9ecc-fb79-e949-eccd5f285aa7\" title=\"https:\/\/www.litoralpress.cl\/paginaconsultas\/Servicios_NClipWeb\/Get_Imagen_Nota.aspx?LPKey=2C3PBDKHUMVTU25D54HXOYX2RKLTMRDDNNYZML5D3P22YK6Z2MYZ2NNU5ECSX6MNPZU3EO6LDQNWY\" href=\"https:\/\/www.litoralpress.cl\/paginaconsultas\/Servicios_NClipWeb\/Get_Imagen_Nota.aspx?LPKey=2C3PBDKHUMVTU25D54HXOYX2RKLTMRDDNNYZML5D3P22YK6Z2MYZ2NNU5ECSX6MNPZU3EO6LDQNWY\" target=\"_blank\" rel=\"noopener noreferrer\" data-auth=\"NotApplicable\" data-linkindex=\"11\">Sucede. Se menciona la Universidad de Talca.<\/a>\u00a0<\/div><div>\u00a0<\/div><div><b>LA PRENSA DE CURIC\u00d3<\/b>\u00a0<br \/><a id=\"OWA30de28f1-c1d4-524d-b759-cafdf3d0c9b7\" title=\"https:\/\/www.litoralpress.cl\/paginaconsultas\/Servicios_NClipWeb\/Get_Imagen_Nota.aspx?LPKey=ZQN5FGV7JI3WOPJTHX5NF6QPY3PKWFDAO6U3FYSWIWFAEIH63RSIQAPOCPYQK4IIDU6HF2OLPMUU2\" href=\"https:\/\/www.litoralpress.cl\/paginaconsultas\/Servicios_NClipWeb\/Get_Imagen_Nota.aspx?LPKey=ZQN5FGV7JI3WOPJTHX5NF6QPY3PKWFDAO6U3FYSWIWFAEIH63RSIQAPOCPYQK4IIDU6HF2OLPMUU2\" target=\"_blank\" rel=\"noopener noreferrer\" data-auth=\"NotApplicable\" data-linkindex=\"12\">Grabadores del Maule inauguran exposici\u00f3n \u201cEl Banquete de Plat\u00f3n\u201d. Se menciona la Universidad de Talca.<\/a>\u00a0<\/div><div>\u00a0<\/div><div><b>RADIO DUNA<\/b>\u00a0<br \/><a id=\"OWA0f30de27-e358-3d6e-9772-45379eab6e0b\" title=\"https:\/\/www.litoralpress.cl\/sitio\/RadioTV_Detalles.cshtml?LPKey=6PKRLBYQVPYRRUD6ZFZ52T3NTTI3ITNP5EK5LZ6TEEPZ3ZTH4UDNJTGVT35JWFETU67BMYQ5HBD2Q\" href=\"https:\/\/www.litoralpress.cl\/sitio\/RadioTV_Detalles.cshtml?LPKey=6PKRLBYQVPYRRUD6ZFZ52T3NTTI3ITNP5EK5LZ6TEEPZ3ZTH4UDNJTGVT35JWFETU67BMYQ5HBD2Q\" target=\"_blank\" rel=\"noopener noreferrer\" data-auth=\"NotApplicable\" data-linkindex=\"13\">Entrevista a Marco Antonio de la Parra, Dramaturgo. Se menciona la Universidad de Talca.<\/a>\u00a0<\/div><div>\u00a0<\/div><div><b>CIENCIA EN CHILE<\/b>\u00a0<br \/><a id=\"OWAa393eb10-367c-d98b-7cec-5e0052f59bae\" title=\"https:\/\/www.cienciaenchile.cl\/seminario-internacional-en-ufro-analiza-la-vida-humana-no-humana-y-posthumana-en-la-literatura\/\" href=\"https:\/\/www.cienciaenchile.cl\/seminario-internacional-en-ufro-analiza-la-vida-humana-no-humana-y-posthumana-en-la-literatura\/\" target=\"_blank\" rel=\"noopener noreferrer\" data-auth=\"NotApplicable\" data-linkindex=\"14\">Seminario internacional en UFRO analiza la vida humana, no humana y posthumana en la literatura. Se menciona la Universidad de Talca.<\/a>\u00a0<\/div><div>\u00a0<\/div><div><b>RADIO BIOB\u00cdO<\/b>\u00a0<br \/><a id=\"OWA27a245d8-94c4-1107-6503-eefb45fa47d3\" title=\"https:\/\/www.biobiochile.cl\/noticias\/servicios\/toma-nota\/2025\/10\/01\/chile-recupera-el-primer-lugar-este-el-nuevo-ranking-anual-qs-de-universidades-en-america-latina.shtml\" href=\"https:\/\/www.biobiochile.cl\/noticias\/servicios\/toma-nota\/2025\/10\/01\/chile-recupera-el-primer-lugar-este-el-nuevo-ranking-anual-qs-de-universidades-en-america-latina.shtml\" target=\"_blank\" rel=\"noopener noreferrer\" data-auth=\"NotApplicable\" data-linkindex=\"15\">Chile recupera el primer lugar: este el nuevo Ranking Anual QS de universidades en Am\u00e9rica Latina. Se menciona la Universidad de Talca.<\/a>\u00a0<\/div><div>\u00a0<\/div><div><b>EST\u00c1 PASANDO<\/b>\u00a0<br \/><a id=\"OWAa3c7af74-0ac7-aaef-37fb-aa7b5c963b1b\" title=\"https:\/\/estapasando.cl\/nacional\/chile-vuelve-a-liderar-el-ranking-qs-de-universidades-en-latinoamerica\/\" href=\"https:\/\/estapasando.cl\/nacional\/chile-vuelve-a-liderar-el-ranking-qs-de-universidades-en-latinoamerica\/\" target=\"_blank\" rel=\"noopener noreferrer\" data-auth=\"NotApplicable\" data-linkindex=\"16\">Chile vuelve a liderar el Ranking QS de universidades en Latinoam\u00e9rica. Se menciona la Universidad de Talca.<\/a>\u00a0<\/div><div>\u00a0<\/div><div><b>DUPLOS<\/b>\u00a0<br \/><a id=\"OWAbfe01ff1-981f-63ab-cfe7-662534a469bf\" title=\"https:\/\/duplos.cl\/actualidad\/ranking-qs-2026-universidad-chilena-recupera-el-primer-lugar-en-america-latina\/227319\/2025\/10\/01\/\" href=\"https:\/\/duplos.cl\/actualidad\/ranking-qs-2026-universidad-chilena-recupera-el-primer-lugar-en-america-latina\/227319\/2025\/10\/01\/\" target=\"_blank\" rel=\"noopener noreferrer\" data-auth=\"NotApplicable\" data-linkindex=\"17\">Ranking QS 2026: universidad chilena recupera el primer lugar en am\u00e9rica latina. Se menciona la Universidad de Talca.<\/a>\u00a0<\/div><div aria-hidden=\"true\">\u00a0<\/div>\t\t\t\t\t\t<\/div>\n\t\t\t\t<\/div>\n\t\t\t\t\t<\/div>\n\t\t<\/div>\n\t\t\t\t\t\t\t<\/div>\n\t\t<\/section>\n\t\t\t\t\t\t<\/div>\n\t\t\t\t\t<\/div>\n\t\t","protected":false},"excerpt":{"rendered":"<p>EL HERALDO\u00a0Educadoras de p\u00e1rvulos aprendieron sobre medios de comunicaci\u00f3n y divulgaci\u00f3n cient\u00edfica. Se refiere C\u00e9sar Retamal Bravo, jefe\u202fde\u202fla Unidad\u202fde\u202fDivulgaci\u00f3n.\u00a0\u00a0EL LECTOR\u00a0Educadoras de p\u00e1rvulos aprendieron sobre medios de comunicaci\u00f3n y divulgaci\u00f3n cient\u00edfica. Se refiere C\u00e9sar Retamal Bravo, jefe\u202fde\u202fla Unidad\u202fde\u202fDivulgaci\u00f3n.\u00a0\u00a0MAULE HOY\u00a0Educadoras de p\u00e1rvulos aprendieron sobre medios de comunicaci\u00f3n y divulgaci\u00f3n cient\u00edfica. Se refiere C\u00e9sar Retamal Bravo, jefe\u202fde\u202fla Unidad\u202fde\u202fDivulgaci\u00f3n.\u00a0\u00a0DIARIO &hellip;<\/p>\n<p class=\"read-more\"> <a class=\"\" href=\"https:\/\/www.reportedeprensa.utalca.cl\/?p=12608\"> <span class=\"screen-reader-text\">03 de octubre 2025<\/span> Read More &raquo;<\/a><\/p>\n","protected":false},"author":1,"featured_media":0,"comment_status":"closed","ping_status":"open","sticky":false,"template":"","format":"standard","meta":{"_monsterinsights_skip_tracking":false,"_monsterinsights_sitenote_active":false,"_monsterinsights_sitenote_note":"","_monsterinsights_sitenote_category":0},"categories":[64],"tags":[],"_links":{"self":[{"href":"https:\/\/www.reportedeprensa.utalca.cl\/index.php?rest_route=\/wp\/v2\/posts\/12608"}],"collection":[{"href":"https:\/\/www.reportedeprensa.utalca.cl\/index.php?rest_route=\/wp\/v2\/posts"}],"about":[{"href":"https:\/\/www.reportedeprensa.utalca.cl\/index.php?rest_route=\/wp\/v2\/types\/post"}],"author":[{"embeddable":true,"href":"https:\/\/www.reportedeprensa.utalca.cl\/index.php?rest_route=\/wp\/v2\/users\/1"}],"replies":[{"embeddable":true,"href":"https:\/\/www.reportedeprensa.utalca.cl\/index.php?rest_route=%2Fwp%2Fv2%2Fcomments&post=12608"}],"version-history":[{"count":4,"href":"https:\/\/www.reportedeprensa.utalca.cl\/index.php?rest_route=\/wp\/v2\/posts\/12608\/revisions"}],"predecessor-version":[{"id":12612,"href":"https:\/\/www.reportedeprensa.utalca.cl\/index.php?rest_route=\/wp\/v2\/posts\/12608\/revisions\/12612"}],"wp:attachment":[{"href":"https:\/\/www.reportedeprensa.utalca.cl\/index.php?rest_route=%2Fwp%2Fv2%2Fmedia&parent=12608"}],"wp:term":[{"taxonomy":"category","embeddable":true,"href":"https:\/\/www.reportedeprensa.utalca.cl\/index.php?rest_route=%2Fwp%2Fv2%2Fcategories&post=12608"},{"taxonomy":"post_tag","embeddable":true,"href":"https:\/\/www.reportedeprensa.utalca.cl\/index.php?rest_route=%2Fwp%2Fv2%2Ftags&post=12608"}],"curies":[{"name":"wp","href":"https:\/\/api.w.org\/{rel}","templated":true}]}}