{"id":1266,"date":"2021-06-18T09:32:43","date_gmt":"2021-06-18T12:32:43","guid":{"rendered":"https:\/\/www.reportedeprensa.utalca.cl\/?p=1266"},"modified":"2021-06-18T09:53:01","modified_gmt":"2021-06-18T12:53:01","slug":"18-de-junio-de-2021","status":"publish","type":"post","link":"https:\/\/www.reportedeprensa.utalca.cl\/?p=1266","title":{"rendered":"18 de junio de 2021"},"content":{"rendered":"\t\t<div data-elementor-type=\"wp-post\" data-elementor-id=\"1266\" class=\"elementor elementor-1266\" data-elementor-settings=\"[]\">\n\t\t\t\t\t\t\t<div class=\"elementor-section-wrap\">\n\t\t\t\t\t\t\t<section class=\"elementor-section elementor-top-section elementor-element elementor-element-a06ca45 elementor-section-boxed elementor-section-height-default elementor-section-height-default\" data-id=\"a06ca45\" data-element_type=\"section\">\n\t\t\t\t\t\t<div class=\"elementor-container elementor-column-gap-default\">\n\t\t\t\t\t<div class=\"elementor-column elementor-col-100 elementor-top-column elementor-element elementor-element-1486c35\" data-id=\"1486c35\" data-element_type=\"column\">\n\t\t\t<div class=\"elementor-widget-wrap elementor-element-populated\">\n\t\t\t\t\t\t\t\t<div class=\"elementor-element elementor-element-42b145e elementor-widget elementor-widget-text-editor\" data-id=\"42b145e\" data-element_type=\"widget\" data-widget_type=\"text-editor.default\">\n\t\t\t\t<div class=\"elementor-widget-container\">\n\t\t\t\t\t\t\t\t<p><b>RADIO AMIGA<\/b><\/p><p><a style=\"font-style: inherit; font-weight: inherit; background-color: #ffffff; font-family: -apple-system, BlinkMacSystemFont,;\" href=\"https:\/\/www.litoralpress.cl\/sitio\/RadioTV_Detalles.cshtml?LPKey=LQB3J4U3EDXXAKVWJ6T7JYO6J2IJNW6D356DRWQXJPGEEIZZT76A\" target=\"_blank\" rel=\"noopener\">Universidad de Talca incentiva a los estudiantes a vacunarse contra el COVID.<\/a><\/p><p>\u00a0<\/p><p><b>RADIO ADN<\/b><\/p><p><a style=\"font-style: inherit; font-weight: inherit; background-color: #ffffff; font-family: -apple-system, BlinkMacSystemFont,;\" href=\"https:\/\/www.litoralpress.cl\/sitio\/RadioTV_Detalles.cshtml?LPKey=TD3LO54S3NTGDRLTV45RENENF3J5Z2DPUORXQQISCQRIZYUMMYBA\" target=\"_blank\" rel=\"noopener\">Entrevista a Patricio Gonz\u00e1lez, agroclimat\u00f3logo de la Universidad de Talca.<\/a><\/p><p>\u00a0<\/p><p><b>CANAL TVN RED MAULE<\/b><\/p><p><a style=\"font-style: inherit; font-weight: inherit; background-color: #ffffff; font-family: -apple-system, BlinkMacSystemFont,;\" href=\"https:\/\/www.litoralpress.cl\/sitio\/RadioTV_Detalles.cshtml?LPKey=A3ZGEIVSDN2JZEJ6RZQO7SBGJK626RJKT7CASBFQMY5HF35ZTCDA\" target=\"_blank\" rel=\"noopener\">Isapre a\u00fan no acata fallo judicial para costear medicamento de ni\u00f1a de 5 a\u00f1os. Se refiere Diego Palomo, acad\u00e9mico de la Facultad de Ciencias Jur\u00eddicas y Sociales de la UTalca.<\/a><\/p><p>\u00a0<\/p><p><b>RADIO NUEVO MUNDO<\/b><\/p><p><a style=\"font-style: inherit; font-weight: inherit; background-color: #ffffff; font-family: -apple-system, BlinkMacSystemFont,;\" href=\"https:\/\/www.litoralpress.cl\/sitio\/RadioTV_Detalles.cshtml?LPKey=EMXRO6WYN5S3QNPCKXMJALHNFVYGU56KPQE6A3NSC5N75PLZG3NA\" target=\"_blank\" rel=\"noopener\">Entrevista a Olga Lobos, directora del Departamento de Microbiolog\u00eda de la UTalca.<\/a><\/p><p>\u00a0<\/p><p><b>LAS \u00daLTIMAS NOTICIAS<\/b><\/p><p><a style=\"font-style: inherit; font-weight: inherit; background-color: #ffffff; font-family: -apple-system, BlinkMacSystemFont,;\" href=\"https:\/\/www.litoralpress.cl\/paginaconsultas\/Servicios_NClip\/Get_Imagen_Nota.aspx?LPKey=AFP6ED2RRPY2KCQFDZIXHJNZ2HGBWOCEYIGU6CH4BGGBMZ7HZOJ4VLNMHHW4RVO7LSXNXM4F3AZ6Q\" target=\"_blank\" rel=\"noopener\">Bravos maulinos. Se menciona a H\u00e9ctor Labarca, acad\u00e9mico de la Escuela de Arquitectura de la UTalca.<\/a><\/p><p>\u00a0<\/p><p><b>EL MERCURIO<\/b><\/p><p><a style=\"font-style: inherit; font-weight: inherit; background-color: #ffffff; font-family: -apple-system, BlinkMacSystemFont,;\" href=\"https:\/\/www.litoralpress.cl\/paginaconsultas\/Servicios_NClip\/Get_Imagen_Nota.aspx?LPKey=SV5TCCZMWXPJPRERRMODGLHZAAGFDIFUHVH2U2EIFKYBJQLBLO43LUTQRGGGS2T7U25JJG46HRZZM\" target=\"_blank\" rel=\"noopener\">Juicio por jurados, carta al director de Diego Palomo, acad\u00e9mico de la Facultad de Ciencias Jur\u00eddicas y Sociales de la UTalca.<\/a><\/p><p>\u00a0<\/p><p><b>PORTALEDUCACION.CL<\/b><\/p><p><a style=\"font-style: inherit; font-weight: inherit; background-color: #ffffff; font-family: -apple-system, BlinkMacSystemFont,;\" href=\"https:\/\/portaleducacion.cl\/index.php\/2021\/06\/17\/claves-para-enfrentar-las-clases-online\/\" target=\"_blank\" rel=\"noopener\">Claves para enfrentar las clases online. Se refiere Marianella Flores, jefa de carrera de Pedagog\u00eda en Educaci\u00f3n B\u00e1sica con menci\u00f3n en Ingl\u00e9s de la UTalca.<\/a><\/p><p>\u00a0<\/p><p><b>ELMAULEINFORMA.CL<\/b><\/p><p><a style=\"font-style: inherit; font-weight: inherit; background-color: #ffffff; font-family: -apple-system, BlinkMacSystemFont,;\" href=\"https:\/\/elmauleinforma.cl\/experta-entrega-claves-para-enfrentar-las-clases-online\/\" target=\"_blank\" rel=\"noopener\">Experta entrega claves para enfrentar las clases online. Se refiere Marianella Flores, jefa de carrera de Pedagog\u00eda en Educaci\u00f3n B\u00e1sica con menci\u00f3n en Ingl\u00e9s de la UTalca.<\/a><\/p><p>\u00a0<\/p><p><b>LINARESENLINEA.CL<\/b><\/p><p><a style=\"font-style: inherit; font-weight: inherit; background-color: #ffffff; font-family: -apple-system, BlinkMacSystemFont,;\" href=\"https:\/\/www.linaresenlinea.cl\/2021\/06\/17\/experta-utalca-las-claves-de-como-enfrentar-las-clases-online\/\" target=\"_blank\" rel=\"noopener\">Experta U Talca: Las claves de c\u00f3mo enfrentar las clases online.<\/a><\/p><p>\u00a0<\/p><p><b>G5NOTICIAS.CL<\/b><\/p><p><a style=\"font-style: inherit; font-weight: inherit; background-color: #ffffff; font-family: -apple-system, BlinkMacSystemFont,;\" href=\"https:\/\/g5noticias.cl\/2021\/06\/17\/experta-u-talca-las-claves-de-como-enfrentar-las-clases-online\/\" target=\"_blank\" rel=\"noopener\">Experta U Talca: Las claves de c\u00f3mo enfrentar las clases online.<\/a><\/p><p>\u00a0<\/p><p><b>LINARESENLINEA.CL<\/b><\/p><p><a style=\"font-style: inherit; font-weight: inherit; background-color: #ffffff; font-family: -apple-system, BlinkMacSystemFont,;\" href=\"https:\/\/www.linaresenlinea.cl\/2021\/06\/17\/marejadas-y-construcciones-en-zonas-costeras-donde-se-debe-edificar\/\" target=\"_blank\" rel=\"noopener\">Marejadas y construcciones en zonas costeras: \u00bfD\u00f3nde se debe edificar? Se refiere Jorge Bravo, acad\u00e9mico del Departamento de Ingenier\u00eda y Gesti\u00f3n de la Construcci\u00f3n de la UTalca.<\/a><\/p><p>\u00a0<\/p><p><b>CAUQUENESNET.CL<\/b><\/p><p><a style=\"font-style: inherit; font-weight: inherit; background-color: #ffffff; font-family: -apple-system, BlinkMacSystemFont,;\" href=\"https:\/\/cauquenesnet.cl\/2021\/06\/16\/utalca-invita-a-escolares-a-realizar-investigaciones-junto-cientificas\/comment-page-1\/\" target=\"_blank\" rel=\"noopener\">UTalca invita a escolares a realizar investigaciones junto a cient\u00edficas.<\/a><\/p><p>\u00a0<\/p><p><b>ADPRENSA.CL<\/b><\/p><p><a style=\"font-style: inherit; font-weight: inherit; background-color: #ffffff; font-family: -apple-system, BlinkMacSystemFont,;\" href=\"https:\/\/www.adprensa.cl\/cronica\/voto-obligatorio-asegura-participacion-pero-puede-generar-la-aparicion-de-candidatos-populistas\/\" target=\"_blank\" rel=\"noopener\">Voto obligatorio: asegura participaci\u00f3n, pero puede generar la aparici\u00f3n de candidatos populistas. Se refiere Mario Herrera, acad\u00e9mico del Centro de An\u00e1lisis Pol\u00edtico (CAP) de la UTalca.<\/a><\/p><p>\u00a0<\/p><p><b>UNIVERSIDADESESTATALES.CL<\/b><\/p><p><a style=\"font-style: inherit; font-weight: inherit; background-color: #ffffff; font-family: -apple-system, BlinkMacSystemFont,;\" href=\"http:\/\/www.universidadesestatales.cl\/cue\/?q=node\/8907\" target=\"_blank\" rel=\"noopener\">Voto obligatorio: asegura participaci\u00f3n, pero puede generar la aparici\u00f3n de candidatos populistas. Se refiere Mario Herrera, acad\u00e9mico del Centro de An\u00e1lisis Pol\u00edtico (CAP) de la UTalca.<\/a><\/p><p>\u00a0<\/p><p><b>DIARIOELHERALDO.CL<\/b><\/p><p><a style=\"font-style: inherit; font-weight: inherit; background-color: #ffffff; font-family: -apple-system, BlinkMacSystemFont,;\" href=\"http:\/\/www.diarioelheraldo.cl\/noticia\/voto-obligatorio-asegura-participacion-pero-puede-generar-la-aparicion-de-candidatos-populistas\" target=\"_blank\" rel=\"noopener\">Voto obligatorio: asegura participaci\u00f3n, pero puede generar la aparici\u00f3n de candidatos populistas. Se refiere Mario Herrera, acad\u00e9mico del Centro de An\u00e1lisis Pol\u00edtico (CAP) de la UTalca.<\/a><\/p><p>\u00a0<\/p><p><b>TVMAULE.CL<\/b><\/p><p><a style=\"font-style: inherit; font-weight: inherit; background-color: #ffffff; font-family: -apple-system, BlinkMacSystemFont,;\" href=\"https:\/\/www.tvmaule.cl\/experto-afirma-que-voto-obligatorio-asegura-participacion-pero-puede-generar-la-aparicion-de-candidatos-populistas\/\" target=\"_blank\" rel=\"noopener\">Experto afirma que voto obligatorio asegura participaci\u00f3n, pero puede generar la aparici\u00f3n de candidatos populistas. Se refiere Mario Herrera, acad\u00e9mico del Centro de An\u00e1lisis Pol\u00edtico (CAP) de la UTalca.<\/a><\/p><p>\u00a0<\/p><p><b>TALCACAPITAL.CL<\/b><\/p><p><a style=\"font-style: inherit; font-weight: inherit; background-color: #ffffff; font-family: -apple-system, BlinkMacSystemFont,;\" href=\"https:\/\/talcacapital.cl\/academico-afirma-que-voto-obligatorio-puede-provocar-que-aparezcan-candidatos-populistas\/\" target=\"_blank\" rel=\"noopener\">Acad\u00e9mico afirma que voto obligatorio puede provocar que aparezcan candidatos populistas. Se refiere Mario Herrera, acad\u00e9mico del Centro de An\u00e1lisis Pol\u00edtico (CAP) de la UTalca.<\/a><\/p><p>\u00a0<\/p><p><b>ELALFA.CL<\/b><\/p><p><a style=\"font-style: inherit; font-weight: inherit; background-color: #ffffff; font-family: -apple-system, BlinkMacSystemFont,;\" href=\"https:\/\/elalfa.cl\/index.php\/2021\/06\/17\/academico-afirma-que-voto-obligatorio-puede-provocar-que-aparezcan-candidatos-populistas\/\" target=\"_blank\" rel=\"noopener\">Acad\u00e9mico afirma que voto obligatorio puede provocar que aparezcan candidatos populistas. Se refiere Mario Herrera, acad\u00e9mico del Centro de An\u00e1lisis Pol\u00edtico (CAP) de la UTalca.<\/a><\/p><p>\u00a0<\/p><p><b>ELDIARIOSANTIAGO.CL<\/b><\/p><p><a style=\"font-style: inherit; font-weight: inherit; background-color: #ffffff; font-family: -apple-system, BlinkMacSystemFont,;\" href=\"https:\/\/eldiariosantiago.cl\/2021\/06\/17\/destacan-compromiso-y-entusiasmo-de-musicos-participantes-del-festival-vivo-iber-2021\/\" target=\"_blank\" rel=\"noopener\">Destacan compromiso y entusiasmo de m\u00fasicos participantes del Festival VIVO IBER 2021. Se refiere Roberto Morales, profesor en la Escuela de M\u00fasica de la UTalca.<\/a><\/p><p>\u00a0<\/p><p><b>DIARIODELAARAUCANIA.CL<\/b><\/p><p><a style=\"font-style: inherit; font-weight: inherit; background-color: #ffffff; font-family: -apple-system, BlinkMacSystemFont,;\" href=\"https:\/\/eldiariodelaaraucania.cl\/2021\/06\/17\/destacan-compromiso-y-entusiasmo-de-musicos-participantes-del-festival-vivo-iber-2021\/\" target=\"_blank\" rel=\"noopener\">Destacan compromiso y entusiasmo de m\u00fasicos participantes del Festival VIVO IBER 2021. Se refiere Roberto Morales, profesor en la Escuela de M\u00fasica de la UTalca.<\/a><\/p>\t\t\t\t\t\t<\/div>\n\t\t\t\t<\/div>\n\t\t\t\t\t<\/div>\n\t\t<\/div>\n\t\t\t\t\t\t\t<\/div>\n\t\t<\/section>\n\t\t\t\t\t\t<\/div>\n\t\t\t\t\t<\/div>\n\t\t","protected":false},"excerpt":{"rendered":"<p>RADIO AMIGA Universidad de Talca incentiva a los estudiantes a vacunarse contra el COVID. \u00a0 RADIO ADN Entrevista a Patricio Gonz\u00e1lez, agroclimat\u00f3logo de la Universidad de Talca. \u00a0 CANAL TVN RED MAULE Isapre a\u00fan no acata fallo judicial para costear medicamento de ni\u00f1a de 5 a\u00f1os. Se refiere Diego Palomo, acad\u00e9mico de la Facultad de &hellip;<\/p>\n<p class=\"read-more\"> <a class=\"\" href=\"https:\/\/www.reportedeprensa.utalca.cl\/?p=1266\"> <span class=\"screen-reader-text\">18 de junio de 2021<\/span> Read More &raquo;<\/a><\/p>\n","protected":false},"author":1,"featured_media":0,"comment_status":"closed","ping_status":"open","sticky":false,"template":"elementor_theme","format":"standard","meta":{"_monsterinsights_skip_tracking":false,"_monsterinsights_sitenote_active":false,"_monsterinsights_sitenote_note":"","_monsterinsights_sitenote_category":0},"categories":[9],"tags":[],"_links":{"self":[{"href":"https:\/\/www.reportedeprensa.utalca.cl\/index.php?rest_route=\/wp\/v2\/posts\/1266"}],"collection":[{"href":"https:\/\/www.reportedeprensa.utalca.cl\/index.php?rest_route=\/wp\/v2\/posts"}],"about":[{"href":"https:\/\/www.reportedeprensa.utalca.cl\/index.php?rest_route=\/wp\/v2\/types\/post"}],"author":[{"embeddable":true,"href":"https:\/\/www.reportedeprensa.utalca.cl\/index.php?rest_route=\/wp\/v2\/users\/1"}],"replies":[{"embeddable":true,"href":"https:\/\/www.reportedeprensa.utalca.cl\/index.php?rest_route=%2Fwp%2Fv2%2Fcomments&post=1266"}],"version-history":[{"count":4,"href":"https:\/\/www.reportedeprensa.utalca.cl\/index.php?rest_route=\/wp\/v2\/posts\/1266\/revisions"}],"predecessor-version":[{"id":1270,"href":"https:\/\/www.reportedeprensa.utalca.cl\/index.php?rest_route=\/wp\/v2\/posts\/1266\/revisions\/1270"}],"wp:attachment":[{"href":"https:\/\/www.reportedeprensa.utalca.cl\/index.php?rest_route=%2Fwp%2Fv2%2Fmedia&parent=1266"}],"wp:term":[{"taxonomy":"category","embeddable":true,"href":"https:\/\/www.reportedeprensa.utalca.cl\/index.php?rest_route=%2Fwp%2Fv2%2Fcategories&post=1266"},{"taxonomy":"post_tag","embeddable":true,"href":"https:\/\/www.reportedeprensa.utalca.cl\/index.php?rest_route=%2Fwp%2Fv2%2Ftags&post=1266"}],"curies":[{"name":"wp","href":"https:\/\/api.w.org\/{rel}","templated":true}]}}