{"id":1279,"date":"2021-06-22T09:44:28","date_gmt":"2021-06-22T12:44:28","guid":{"rendered":"https:\/\/www.reportedeprensa.utalca.cl\/?p=1279"},"modified":"2021-06-22T10:03:57","modified_gmt":"2021-06-22T13:03:57","slug":"22-de-junio-de-2021","status":"publish","type":"post","link":"https:\/\/www.reportedeprensa.utalca.cl\/?p=1279","title":{"rendered":"22 de junio de  2021"},"content":{"rendered":"\t\t<div data-elementor-type=\"wp-post\" data-elementor-id=\"1279\" class=\"elementor elementor-1279\" data-elementor-settings=\"[]\">\n\t\t\t\t\t\t\t<div class=\"elementor-section-wrap\">\n\t\t\t\t\t\t\t<section class=\"elementor-section elementor-top-section elementor-element elementor-element-a06ca45 elementor-section-boxed elementor-section-height-default elementor-section-height-default\" data-id=\"a06ca45\" data-element_type=\"section\">\n\t\t\t\t\t\t<div class=\"elementor-container elementor-column-gap-default\">\n\t\t\t\t\t<div class=\"elementor-column elementor-col-100 elementor-top-column elementor-element elementor-element-1486c35\" data-id=\"1486c35\" data-element_type=\"column\">\n\t\t\t<div class=\"elementor-widget-wrap elementor-element-populated\">\n\t\t\t\t\t\t\t\t<div class=\"elementor-element elementor-element-42b145e elementor-widget elementor-widget-text-editor\" data-id=\"42b145e\" data-element_type=\"widget\" data-widget_type=\"text-editor.default\">\n\t\t\t\t<div class=\"elementor-widget-container\">\n\t\t\t\t\t\t\t\t<p><b>DIARIOTALCA.CL<\/b><\/p><p><a style=\"font-style: inherit; font-weight: inherit; background-color: #ffffff; font-family: -apple-system, BlinkMacSystemFont,;\" href=\"https:\/\/www.diariotalca.cl\/utalca-lanza-campana-para-el-autocuidado-de-los-jovenes\/\" target=\"_blank\" rel=\"noopener\">UTalca lanza campa\u00f1a para el autocuidado de los j\u00f3venes.<\/a><\/p><p>\u00a0<\/p><p><b>ADPRENSA.CL<\/b><\/p><p><a style=\"font-style: inherit; font-weight: inherit; background-color: #ffffff; font-family: -apple-system, BlinkMacSystemFont,;\" href=\"https:\/\/www.adprensa.cl\/cronica\/utalca-muestra-su-oferta-academica-en-una-feria-virtual\/\" target=\"_blank\" rel=\"noopener\">UTalca muestra su oferta acad\u00e9mica en una feria virtual.<\/a><\/p><p>\u00a0<\/p><p><b>LA TERCERA<\/b><\/p><p><a style=\"font-style: inherit; font-weight: inherit; background-color: #ffffff; font-family: -apple-system, BlinkMacSystemFont,;\" href=\"https:\/\/www.litoralpress.cl\/sitio\/Prensa_PaginaCompleta.cshtml?LPKey=LJQ6ENEAERPK7BG6GR2ZZF3OF4R553OWFCT2SOTWVF5JECFEOTJQ\" target=\"_blank\" rel=\"noopener\">\u00bfC\u00f3mo lograr un mejor ambiente laboral? Se refiere Soledad Schott, directora del Centro de Psicolog\u00eda Aplicada (CEPA) de la UTalca.<\/a><\/p><p>\u00a0<\/p><p><b>RADIO COOPERATIVA<\/b><\/p><p><a style=\"font-style: inherit; font-weight: inherit; background-color: #ffffff; font-family: -apple-system, BlinkMacSystemFont,;\" href=\"https:\/\/www.litoralpress.cl\/sitio\/RadioTV_Detalles.cshtml?LPKey=MLLVMJ52WIXHZ3XXYLUFFP5NSXJWMCOTUN3N4HHV7LUMRUCMCFRQ\" target=\"_blank\" rel=\"noopener\">Entrevista a Patricio Gonz\u00e1lez, agroclimat\u00f3logo de la UTalca.<\/a><\/p><p>\u00a0<\/p><p><b>COOPERATIVA.CL<\/b><\/p><p><a style=\"font-style: inherit; font-weight: inherit; background-color: #ffffff; font-family: -apple-system, BlinkMacSystemFont,;\" href=\"https:\/\/www.cooperativa.cl\/noticias\/pais\/medioambiente\/experto-advierte-para-2025-podemos-tener-un-problema-general-de-agua\/2021-06-18\/131225.html\" target=\"_blank\" rel=\"noopener\">Experto advierte: Para 2025 podemos tener un problema general de agua por la mega sequ\u00eda. Se refiere Patricio Gonz\u00e1lez, agroclimat\u00f3logo de la UTalca.<\/a><\/p><p>\u00a0<\/p><p><b>RADIO BIOB\u00cdO<\/b><\/p><p><a style=\"font-style: inherit; font-weight: inherit; background-color: #ffffff; font-family: -apple-system, BlinkMacSystemFont,;\" href=\"https:\/\/www.litoralpress.cl\/sitio\/RadioTV_Detalles.cshtml?LPKey=GVQGY4KOJE2D62ELJHQC3C65I7X44WJ6Y5U3TZ2J5MWVMLVLVECQ\" target=\"_blank\" rel=\"noopener\">Alerta ambiental decretan en la cuenca de Santiago por mala calidad del aire. Se refiere Patricio Gonz\u00e1lez, agroclimat\u00f3logo de la UTalca.<\/a><\/p><p>\u00a0<\/p><p><b>RADIO BIOB\u00cdO<\/b><\/p><p><a style=\"font-style: inherit; font-weight: inherit; background-color: #ffffff; font-family: -apple-system, BlinkMacSystemFont,;\" href=\"https:\/\/www.litoralpress.cl\/sitio\/RadioTV_Detalles.cshtml?LPKey=UBT2YMCZUHWYFFYJ2QU2VTMV3XREBXU345ZQ5J4EE7W6PEFDFA2Q\" target=\"_blank\" rel=\"noopener\">Seremi de Salud realiz\u00f3 fiscalizaciones en zonas residenciales por el uso de calefactores a le\u00f1a. Se refiere Patricio Gonz\u00e1lez, agroclimat\u00f3logo de la UTalca.<\/a><\/p><p>\u00a0<\/p><p><b>RADIO BIOB\u00cdO<\/b><\/p><p><a style=\"font-style: inherit; font-weight: inherit; background-color: #ffffff; font-family: -apple-system, BlinkMacSystemFont,;\" href=\"https:\/\/www.litoralpress.cl\/sitio\/RadioTV_Detalles.cshtml?LPKey=BTZKCYMI5FNO5SYMQZMZ2Y6CK5TSXFPWYSR66IO2ZCLPOWBLH6HQ\" target=\"_blank\" rel=\"noopener\">Radiograma: Intendencia Metropolitana decret\u00f3 preemergencia ambiental preventiva. Se refiere Patricio Gonz\u00e1lez, agroclimat\u00f3logo de la UTalca.<\/a><\/p><p>\u00a0<\/p><p><b>CANAL TVN RED MAULE<\/b><\/p><p><a style=\"font-style: inherit; font-weight: inherit; background-color: #ffffff; font-family: -apple-system, BlinkMacSystemFont,;\" href=\"https:\/\/www.litoralpress.cl\/sitio\/RadioTV_Detalles.cshtml?LPKey=PNRA4MW4OJNSLYZVJYJGOFLGOF62UQV4EKFLMF7YF4K4RDWMB7EA\" target=\"_blank\" rel=\"noopener\">El da\u00f1o de las heladas en la agricultura. Se refiere Patricio Gonz\u00e1lez, agroclimat\u00f3logo de la UTalca.<\/a><\/p><p>\u00a0<\/p><p><b>FUTURO.CL<\/b><\/p><p><a style=\"font-style: inherit; font-weight: inherit; background-color: #ffffff; font-family: -apple-system, BlinkMacSystemFont,;\" href=\"https:\/\/www.futuro.cl\/2021\/06\/experto-en-clima-y-sequia-la-gente-tiene-la-sensacion-de-que-esto-termino-pero-se-ha-profundizado\/\" target=\"_blank\" rel=\"noopener\">Experto en clima y sequ\u00eda: La gente cree que termin\u00f3 y se ha profundizado. Se refiere Patricio Gonz\u00e1lez, agroclimat\u00f3logo de la UTalca.<\/a><\/p><p>\u00a0<\/p><p><b>CANAL CHILEVISI\u00d3N<\/b><\/p><p><a style=\"font-style: inherit; font-weight: inherit; background-color: #ffffff; font-family: -apple-system, BlinkMacSystemFont,;\" href=\"https:\/\/www.litoralpress.cl\/sitio\/RadioTV_Detalles.cshtml?LPKey=NCNNPUASHFXHGUJNTZIR3WBJ4SJFHJ7XK6OMUZNZATI3GFND7YHA\" target=\"_blank\" rel=\"noopener\">Pol\u00e9mica por vuelta a clases presenciales. Se menciona a la UTalca.<\/a><\/p><p>\u00a0<\/p><p><b>LA PRENSA<\/b><\/p><p><a style=\"font-style: inherit; font-weight: inherit; background-color: #ffffff; font-family: -apple-system, BlinkMacSystemFont,;\" href=\"https:\/\/www.litoralpress.cl\/paginaconsultas\/Servicios_NClip\/Get_Imagen_Nota.aspx?LPKey=7QDEOEWYZXNPO7UN2U6ZXU6KWDHYQ67UI2Y2FVF4GFRKOGY6LUGW3XUX4S5XUBRXXHKV36AIG7XFG\" target=\"_blank\" rel=\"noopener\">Fatiga pand\u00e9mica podr\u00eda contribuir al aumento de casos de COVID-19. Se refiere Erika Retamal, directora de Salud P\u00fablica de la UTalca.<\/a><\/p><p>\u00a0<\/p><p><b>DIARIOLAPRENSA.CL<\/b><\/p><p><a style=\"font-style: inherit; font-weight: inherit; background-color: #ffffff; font-family: -apple-system, BlinkMacSystemFont,;\" href=\"https:\/\/new.diariolaprensa.cl\/index.php\/2021\/06\/21\/fatiga-pandemica-podria-contribuir-al-aumento-de-casos-de-covid-19\/\" target=\"_blank\" rel=\"noopener\">Fatiga pand\u00e9mica podr\u00eda contribuir al aumento de casos de COVID-19. Se refiere Erika Retamal, directora de Salud P\u00fablica de la UTalca.<\/a><\/p><p>\u00a0<\/p><p><b>EL HERALDO<\/b><\/p><p><a style=\"font-style: inherit; font-weight: inherit; background-color: #ffffff; font-family: -apple-system, BlinkMacSystemFont,;\" href=\"https:\/\/www.litoralpress.cl\/paginaconsultas\/Servicios_NClip\/Get_Imagen_Nota.aspx?LPKey=XZBJFE7I3XJZTSB4MTWKAF44SMWTDRWQIWKOWZO4Y4ZRCK76T5NZUZ6LARZWTOX2AARLWG7HHJDB4\" target=\"_blank\" rel=\"noopener\">Fatiga pand\u00e9mica podr\u00eda contribuir al aumento de casos de COVID-19. Se refiere Erika Retamal, directora de Salud P\u00fablica de la UTalca.<\/a><\/p><p>\u00a0<\/p><p><b>DIARIOELHERALDO.CL<\/b><\/p><p><a style=\"font-style: inherit; font-weight: inherit; background-color: #ffffff; font-family: -apple-system, BlinkMacSystemFont,;\" href=\"http:\/\/www.diarioelheraldo.cl\/noticia\/fatiga-pandemica-podria-contribuir-al-aumento-de-casos-de-covid-19-\" target=\"_blank\" rel=\"noopener\">Fatiga pand\u00e9mica podr\u00eda contribuir al aumento de casos de COVID-19. Se refiere Erika Retamal, directora de Salud P\u00fablica de la UTalca.<\/a><\/p><p>\u00a0<\/p><p><b>LINARESENLINEA.CL<\/b><\/p><p><a style=\"font-style: inherit; font-weight: inherit; background-color: #ffffff; font-family: -apple-system, BlinkMacSystemFont,;\" href=\"https:\/\/www.linaresenlinea.cl\/2021\/06\/19\/fatiga-pandemica-podria-contribuir-al-aumento-de-casos-de-covid-19\/\" target=\"_blank\" rel=\"noopener\">Fatiga pand\u00e9mica podr\u00eda contribuir al aumento de casos de COVID-19. Se refiere Erika Retamal, directora de Salud P\u00fablica de la UTalca.<\/a><\/p><p>\u00a0<\/p><p><b>G5NOTICIAS.CL<\/b><\/p><p><a style=\"font-style: inherit; font-weight: inherit; background-color: #ffffff; font-family: -apple-system, BlinkMacSystemFont,;\" href=\"https:\/\/g5noticias.cl\/2021\/06\/19\/fatiga-pandemica-podria-contribuir-al-aumento-de-casos-de-covid-19\/\" target=\"_blank\" rel=\"noopener\">Fatiga pand\u00e9mica podr\u00eda contribuir al aumento de casos de COVID-19. Se refiere Erika Retamal, directora de Salud P\u00fablica de la UTalca.<\/a><\/p><p>\u00a0<\/p><p><b>LATERCERA.COM<\/b><\/p><p><a style=\"font-style: inherit; font-weight: inherit; background-color: #ffffff; font-family: -apple-system, BlinkMacSystemFont,;\" href=\"https:\/\/www.latercera.com\/opinion\/noticia\/pensiones-de-las-ffaa-y-de-orden-y-seguridad-un-siglo-sin-reformas\/LBBAKYVP7RDSPGOMHZTGJ5ISBU\/\" target=\"_blank\" rel=\"noopener\">Pensiones de las FFAA y de Orden y Seguridad: un siglo sin reformas. Columna de opini\u00f3n, una de cuyas autoras es Andrea Bentancor, acad\u00e9mica de la Facultad de Econom\u00eda y Negocios (FEN) de la UTalca.<\/a><\/p><p>\u00a0<\/p><p><b>ELMOSTRADOR.CL<\/b><\/p><p><a style=\"font-style: inherit; font-weight: inherit; background-color: #ffffff; font-family: -apple-system, BlinkMacSystemFont,;\" href=\"https:\/\/www.elmostrador.cl\/destacado\/2021\/06\/19\/juicio-por-jurados\/\" target=\"_blank\" rel=\"noopener\">Juicio por jurados. Columna de Diego Palomo, acad\u00e9mico de la Facultad de Ciencias Jur\u00eddicas y Sociales de la UTalca.<\/a><\/p><p>\u00a0<\/p><p><b>BIOBIOCHILE.CL<\/b><\/p><p><a style=\"font-style: inherit; font-weight: inherit; background-color: #ffffff; font-family: -apple-system, BlinkMacSystemFont,;\" href=\"https:\/\/www.biobiochile.cl\/especial\/una-constitucion-para-chile\/noticias\/2021\/06\/18\/las-plumas-de-la-constitucion-quienes-y-como-se-va-a-escribir-la-nueva-carta-magna.shtml\" target=\"_blank\" rel=\"noopener\">Las plumas de la Constituci\u00f3n: qui\u00e9nes y c\u00f3mo se va a escribir la nueva Carta Magna. Se refiere Humberto Nogueira, director del Centro de Estudios Constitucionales de Chile (CECOCH) de la Universidad de Talca.<\/a><\/p><p>\u00a0<\/p><p><b>LA DISCUSI\u00d3N<\/b><\/p><p><a style=\"font-style: inherit; font-weight: inherit; background-color: #ffffff; font-family: -apple-system, BlinkMacSystemFont,;\" href=\"https:\/\/www.litoralpress.cl\/paginaconsultas\/Servicios_NClip\/Get_Imagen_Nota.aspx?LPKey=AXX2Z2HOVTZC6IDWSCEHU3FWQH5FEYE7PKIWWG7O3NS7UGNQTWASXRCUZCK5F4ANVMKVZMS4K7PNM\" target=\"_blank\" rel=\"noopener\">\u00bfQu\u00e9 tan cerca o lejos est\u00e1 \u00d1uble de normalidad en pandemia? Se refiere Daniel Jim\u00e9nez, director de Salud del Estudiante de la UTalca.<\/a><\/p><p>\u00a0<\/p><p><b>LADISCUSION.CL<\/b><\/p><p><a style=\"font-style: inherit; font-weight: inherit; background-color: #ffffff; font-family: -apple-system, BlinkMacSystemFont,;\" href=\"http:\/\/www.ladiscusion.cl\/que-tan-cerca-o-lejos-esta-nuble-de-entrar-a-una-normalidad-en-pandemia\/\" target=\"_blank\" rel=\"noopener\">\u00bfQu\u00e9 tan cerca o lejos est\u00e1 \u00d1uble de normalidad en pandemia? Se refiere Daniel Jim\u00e9nez, director de Salud del Estudiante de la UTalca.<\/a><\/p><p>\u00a0<\/p><p><b>RADIO AMIGA<\/b><\/p><p><a style=\"font-style: inherit; font-weight: inherit; background-color: #ffffff; font-family: -apple-system, BlinkMacSystemFont,;\" href=\"https:\/\/www.litoralpress.cl\/sitio\/RadioTV_Detalles.cshtml?LPKey=RMCBF44JFIAHHCVIF2OSXCOWGBGGENXMBKD5J3V57PMOF47JWK2A\" target=\"_blank\" rel=\"noopener\">Panel de actualidad: Entrevista a Erika Retamal, directora de Salud P\u00fablica de la UTalca.<\/a><\/p><p>\u00a0<\/p><p><b>IMPACTOREGIONAL.CL<\/b><\/p><p><a style=\"font-style: inherit; font-weight: inherit; background-color: #ffffff; font-family: -apple-system, BlinkMacSystemFont,;\" href=\"http:\/\/www.impactoregional.cl\/?p=3840\" target=\"_blank\" rel=\"noopener\">Panel de actualidad: Entrevista a Erika Retamal, directora de Salud P\u00fablica de la UTalca.<\/a><\/p><p>\u00a0<\/p><p><b>TVMAULE.CL<\/b><\/p><p><a style=\"font-style: inherit; font-weight: inherit; background-color: #ffffff; font-family: -apple-system, BlinkMacSystemFont,;\" href=\"https:\/\/www.tvmaule.cl\/invitan-a-escolares-a-realizar-investigaciones-cientificas\/\" target=\"_blank\" rel=\"noopener\">Invitan a escolares a realizar investigaciones junto cient\u00edficas. Se refiere Iv\u00e1n Coydan, director de Vinculaci\u00f3n con el Medio de la UTalca.<\/a><\/p><p>\u00a0<\/p><p><b>TALCACAPITAL.CL<\/b><\/p><p><a style=\"font-style: inherit; font-weight: inherit; background-color: #ffffff; font-family: -apple-system, BlinkMacSystemFont,;\" href=\"https:\/\/talcacapital.cl\/invitan-a-escolares-a-realizar-investigaciones-cientificas\/\" target=\"_blank\" rel=\"noopener\">Invitan a escolares a realizar investigaciones junto cient\u00edficas. Se refiere Iv\u00e1n Coydan, director de Vinculaci\u00f3n con el Medio de la UTalca.<\/a><\/p><p>\u00a0<\/p><p><b>ELALFA.CL<\/b><\/p><p><a style=\"font-style: inherit; font-weight: inherit; background-color: #ffffff; font-family: -apple-system, BlinkMacSystemFont,;\" href=\"https:\/\/elalfa.cl\/index.php\/2021\/06\/19\/utalca-invita-a-escolares-a-realizar-investigaciones-cientificas\/\" target=\"_blank\" rel=\"noopener\">UTalca invita a escolares a realizar investigaciones junto cient\u00edficas.<\/a><\/p><p>\u00a0<\/p><p><b>LA PRENSA<\/b><\/p><p><a style=\"font-style: inherit; font-weight: inherit; background-color: #ffffff; font-family: -apple-system, BlinkMacSystemFont,;\" href=\"https:\/\/www.litoralpress.cl\/paginaconsultas\/Servicios_NClip\/Get_Imagen_Nota.aspx?LPKey=YONURNW6ZG3MMZ4DLI2ZBAZ6WVIY6V4M6VMEYNAFLJGARTF5LX4JHHY5J6TG2BFVJKI54XURV5ZVI\" target=\"_blank\" rel=\"noopener\">Teletrabajo; estableciendo l\u00edmites. Se menciona estudio de la UTalca.<\/a><\/p><p>\u00a0<\/p><p><b>EL DIARIO DE ATACAMA<\/b><\/p><p><a style=\"font-style: inherit; font-weight: inherit; background-color: #ffffff; font-family: -apple-system, BlinkMacSystemFont,;\" href=\"https:\/\/www.litoralpress.cl\/paginaconsultas\/Servicios_NClip\/Get_Imagen_Nota.aspx?LPKey=YQ24EBE4DPOD34URKQPWU4GGDMFADTBK37E3FM2TAQHVUGO5Y57SR7WZOUI7K6FKTO7F5EYSCOTJI\" target=\"_blank\" rel=\"noopener\">Teletrabajo; estableciendo l\u00edmites. Se menciona estudio de la UTalca.<\/a><\/p><p>\u00a0<\/p><p><b>LA TRIBUNA<\/b><\/p><p><a style=\"font-style: inherit; font-weight: inherit; background-color: #ffffff; font-family: -apple-system, BlinkMacSystemFont,;\" href=\"https:\/\/www.litoralpress.cl\/paginaconsultas\/Servicios_NClip\/Get_Imagen_Nota.aspx?LPKey=35RUXEL52RL22XVXFPGKTR3NTHBBWAW4S73D7ATSSP7M4TPMNVLBSNYJVBI3J5C7JMTJ3DRRAWDWA\" target=\"_blank\" rel=\"noopener\">Teletrabajo: estableciendo los l\u00edmites. Se menciona estudio de la UTalca.<\/a><\/p><p>\u00a0<\/p><p><b>LAVENTANACIUDADANA.CL<\/b><\/p><p><a style=\"font-style: inherit; font-weight: inherit; background-color: #ffffff; font-family: -apple-system, BlinkMacSystemFont,;\" href=\"https:\/\/laventanaciudadana.cl\/teletrabajo-estableciendo-limites\/\" target=\"_blank\" rel=\"noopener\">Teletrabajo; estableciendo l\u00edmites. Se menciona estudio de la UTalca.<\/a><\/p><p>\u00a0<\/p><p><b>DIARIO TALCA<\/b><\/p><p><a style=\"font-style: inherit; font-weight: inherit; background-color: #ffffff; font-family: -apple-system, BlinkMacSystemFont,;\" href=\"https:\/\/www.diariotalca.cl\/municipio-de-talca-pide-el-traspaso-de-los-terrenos-de-la-actual-carcel\/\" target=\"_blank\" rel=\"noopener\">Municipio de Talca pide el traspaso de los terrenos de la actual c\u00e1rcel. Se menciona a la UTalca.<\/a><\/p><p>\u00a0<\/p><p><b>LA TERCERA<\/b><\/p><p><a style=\"font-style: inherit; font-weight: inherit; background-color: #ffffff; font-family: -apple-system, BlinkMacSystemFont,;\" href=\"https:\/\/www.litoralpress.cl\/paginaconsultas\/Servicios_NClip\/Get_Imagen_Nota.aspx?LPKey=M2RGERQEKQRV2GIJUMPI4ZLJ6BCNQCWKMDYS3AZT2XJEQHQ5P4S4HU5IVJAOWNTYDXKXPPRBBSB36\" target=\"_blank\" rel=\"noopener\">Voto obligatorio: ventajas y advertencias. Columna de opini\u00f3n de Mauricio Morales, director del Centro de An\u00e1lisis Pol\u00edtico (CAP) de la UTalca.<\/a><\/p><p>\u00a0<\/p><p><b>LATERCERA.COM<\/b><\/p><p><a style=\"font-style: inherit; font-weight: inherit; background-color: #ffffff; font-family: -apple-system, BlinkMacSystemFont,;\" href=\"https:\/\/www.latercera.com\/la-tercera-sabado\/noticia\/columna-de-mauricio-morales-voto-obligatorio-ventajas-y-advertencias\/UL3ZEIOFABDYLCM6TKYCDDIZ7M\/\" target=\"_blank\" rel=\"noopener\">Voto obligatorio: ventajas y advertencias. Columna de opini\u00f3n de Mauricio Morales, director del Centro de An\u00e1lisis Pol\u00edtico (CAP) de la UTalca.<\/a><\/p><p>\u00a0<\/p><p><b>EL MERCURIO<\/b><\/p><p><a style=\"font-style: inherit; font-weight: inherit; background-color: #ffffff; font-family: -apple-system, BlinkMacSystemFont,;\" href=\"https:\/\/www.litoralpress.cl\/paginaconsultas\/Servicios_NClip\/Get_Imagen_Nota.aspx?LPKey=BZAYZL5G2XBFMN3E7E2RZSR5763UVBG3EYIU7CT4FBYNHXW3RERKOWRQMWCYFI4FY6HI5SCGAMNR4\" target=\"_blank\" rel=\"noopener\">El Pol\u00edgrafo. Se refiere Mauricio Morales, director del Centro de An\u00e1lisis Pol\u00edtico (CAP) de la UTalca.<\/a><\/p><p>\u00a0<\/p><p><b>CANAL TVN<\/b><\/p><p><a style=\"font-style: inherit; font-weight: inherit; background-color: #ffffff; font-family: -apple-system, BlinkMacSystemFont,;\" href=\"https:\/\/www.litoralpress.cl\/sitio\/RadioTV_Detalles.cshtml?LPKey=TUW6F5XUAMRHONBAYLZQLCVHFFYAPXUUQRH2RLTXAGK6PQ2RQSQA\" target=\"_blank\" rel=\"noopener\">Unidad Constituyente: Presi\u00f3n por primarias convencionales. Se refiere Mauricio Morales, director del Centro de An\u00e1lisis Pol\u00edtico (CAP) de la UTalca.<\/a><\/p><p>\u00a0<\/p><p><b>CANAL 24 HORAS<\/b><\/p><p><a style=\"font-style: inherit; font-weight: inherit; background-color: #ffffff; font-family: -apple-system, BlinkMacSystemFont,;\" href=\"https:\/\/www.litoralpress.cl\/sitio\/RadioTV_Detalles.cshtml?LPKey=JZ57OBMPIUIQBADQ4CFSB2RMLZCAL7TFUAVWWKHLLBPTSH4NRWYQ\" target=\"_blank\" rel=\"noopener\">Unidad Constituyente: Presi\u00f3n por primarias convencionales. Se refiere Mauricio Morales, director del Centro de An\u00e1lisis Pol\u00edtico (CAP) de la UTalca.<\/a><\/p><p>\u00a0<\/p><p><b>CANAL 13<\/b><\/p><p><a style=\"font-style: inherit; font-weight: inherit; background-color: #ffffff; font-family: -apple-system, BlinkMacSystemFont,;\" href=\"https:\/\/www.litoralpress.cl\/sitio\/RadioTV_Detalles.cshtml?LPKey=6HSJ6WG4AOTUISNWOEPXFHVVVFJCGYMBS5V4XCRHSM7TFV224WPQ\" target=\"_blank\" rel=\"noopener\">La Lista del Pueblo logr\u00f3 27 esca\u00f1os en la convenci\u00f3n constituyente. Se refiere Mauricio Morales, director del Centro de An\u00e1lisis Pol\u00edtico (CAP) de la UTalca.<\/a><\/p><p>\u00a0<\/p><p><b>LA TERCERA<\/b><\/p><p><a style=\"font-style: inherit; font-weight: inherit; background-color: #ffffff; font-family: -apple-system, BlinkMacSystemFont,;\" href=\"https:\/\/www.litoralpress.cl\/paginaconsultas\/Servicios_NClip\/Get_Imagen_Nota.aspx?LPKey=X7D57G3EOPMNLCM2TY6RUZ2OLOC6X52ZHYFRCSFFW6Z2H32Q5GWHN4LSZJS44T3QTKLVMKNV2XHR4\" target=\"_blank\" rel=\"noopener\">El p\u00f3ker de Narv\u00e1ez y Provoste. Se refiere Mauricio Morales, director del Centro de An\u00e1lisis Pol\u00edtico (CAP) de la UTalca.<\/a><\/p><p>\u00a0<\/p><p><b>LATERCERA.COM<\/b><\/p><p><a style=\"font-style: inherit; font-weight: inherit; background-color: #ffffff; font-family: -apple-system, BlinkMacSystemFont,;\" href=\"https:\/\/www.latercera.com\/la-tercera-domingo\/noticia\/el-poker-de-paula-narvaez-y-yasna-provoste\/WFU3MZARTRDOVPMKF7SUJKLMCQ\/\" target=\"_blank\" rel=\"noopener\">El p\u00f3ker de Narv\u00e1ez y Provoste. Se refiere Mauricio Morales, director del Centro de An\u00e1lisis Pol\u00edtico (CAP) de la UTalca.<\/a><\/p><p>\u00a0<\/p><p><b>EMOL.COM<\/b><\/p><p><a style=\"font-style: inherit; font-weight: inherit; background-color: #ffffff; font-family: -apple-system, BlinkMacSystemFont,;\" href=\"https:\/\/www.emol.com\/noticias\/Economia\/2021\/06\/21\/1024363\/asesores-economicos-candidatos-presidenciales-2021.html\" target=\"_blank\" rel=\"noopener\">Tienen postgrados y se consolida presencia de mujeres: \u00bfQui\u00e9nes est\u00e1n detr\u00e1s de los programas econ\u00f3micos de los presidenciables? Se menciona a Andrea Bentancor, acad\u00e9mica de la Facultad de Econom\u00eda y Negocios (FEN) de la UTalca.<\/a><\/p><p>\u00a0<\/p><p><b>THECLINIC.CL<\/b><\/p><p><a style=\"font-style: inherit; font-weight: inherit; background-color: #ffffff; font-family: -apple-system, BlinkMacSystemFont,;\" href=\"https:\/\/www.theclinic.cl\/2021\/06\/18\/programa-previsional-de-jadue-cuales-son-los-detalles-y-viabilidad-de-su-propuesta\/\" target=\"_blank\" rel=\"noopener\">Programa previsional de Jadue: \u00bfCu\u00e1les son los detalles y viabilidad de su propuesta? Se refiere Bernardo Lara, acad\u00e9mico de la Facultad de Econom\u00eda y Negocios (FEN) de la UTalca.<\/a><\/p><p>\u00a0<\/p><p><b>LA PRENSA<\/b><\/p><p><a style=\"font-style: inherit; font-weight: inherit; background-color: #ffffff; font-family: -apple-system, BlinkMacSystemFont,;\" href=\"https:\/\/www.litoralpress.cl\/paginaconsultas\/Servicios_NClip\/Get_Imagen_Nota.aspx?LPKey=3OPIBGFNASAFWVW6U2YXKZ3LVFUBMCCNAK2MC3FPI3SMG74BR6HO4FDJV4QHZP33RVH5HUDRRZFSA\" target=\"_blank\" rel=\"noopener\">Voto obligatorio: Asegura la participaci\u00f3n, pero puede generar aparici\u00f3n de candidatos populistas. Se refiere Mario Herrera, acad\u00e9mico del Centro de An\u00e1lisis Pol\u00edtico (CAP) de la UTalca.<\/a><\/p><p>\u00a0<\/p><p><b>DIARIOPRENSA.CL<\/b><\/p><p><a style=\"font-style: inherit; font-weight: inherit; background-color: #ffffff; font-family: -apple-system, BlinkMacSystemFont,;\" href=\"https:\/\/new.diariolaprensa.cl\/index.php\/2021\/06\/20\/voto-obligatorio-asegura-la-participacion-pero-puede-generar-aparicion-de-candidatos-populistas\/\" target=\"_blank\" rel=\"noopener\">Voto obligatorio: Asegura la participaci\u00f3n, pero puede generar aparici\u00f3n de candidatos populistas. Se refiere Mario Herrera, acad\u00e9mico del Centro de An\u00e1lisis Pol\u00edtico (CAP) de la UTalca.<\/a><\/p><p>\u00a0<\/p><p><b>CANAL TVN RED MAULE<\/b><\/p><p><a style=\"font-style: inherit; font-weight: inherit; background-color: #ffffff; font-family: -apple-system, BlinkMacSystemFont,;\" href=\"https:\/\/www.litoralpress.cl\/sitio\/RadioTV_Detalles.cshtml?LPKey=ZPPVQ3EPCDXS3CKULPBJPBNIKC3HP4OL4EIK5RECQ7IVZU2AWQKQ\" target=\"_blank\" rel=\"noopener\">Alternativas culturales para este fin de semana. Se menciona a la UTalca.<\/a><\/p><p>\u00a0<\/p><p><b>TOURINNOVACION.CL<\/b><\/p><p><a style=\"font-style: inherit; font-weight: inherit; background-color: #ffffff; font-family: -apple-system, BlinkMacSystemFont,;\" href=\"https:\/\/www.tourinnovacion.cl\/economia-naranja\/festival-vivo-iber-2021\/\" target=\"_blank\" rel=\"noopener\">Destacan compromiso y entusiasmo de m\u00fasicos participantes del festival Vivo Iber 2021. Se menciona a Roberto Morales, acad\u00e9mico de la escuela de M\u00fasica de la UTalca.<\/a><\/p><p>\u00a0<\/p><p><b>DIARIO AUSTRAL<\/b><\/p><p><a style=\"font-style: inherit; font-weight: inherit; background-color: #ffffff; font-family: -apple-system, BlinkMacSystemFont,;\" href=\"https:\/\/www.litoralpress.cl\/paginaconsultas\/Servicios_NClip\/Get_Imagen_Nota.aspx?LPKey=GAR24XCOZBLLHZDRNWG4P2VYJBEQFW7KU44FMUB5PXUINGV6JUVMU5YYYAYXTLC4HNUMMHLFDOEGI\" target=\"_blank\" rel=\"noopener\">Nelson Schwenke Porflit: Un canto que vive en la memoria. Se menciona a la UTalca.<\/a><\/p>\t\t\t\t\t\t<\/div>\n\t\t\t\t<\/div>\n\t\t\t\t\t<\/div>\n\t\t<\/div>\n\t\t\t\t\t\t\t<\/div>\n\t\t<\/section>\n\t\t\t\t\t\t<\/div>\n\t\t\t\t\t<\/div>\n\t\t","protected":false},"excerpt":{"rendered":"<p>DIARIOTALCA.CL UTalca lanza campa\u00f1a para el autocuidado de los j\u00f3venes. \u00a0 ADPRENSA.CL UTalca muestra su oferta acad\u00e9mica en una feria virtual. \u00a0 LA TERCERA \u00bfC\u00f3mo lograr un mejor ambiente laboral? Se refiere Soledad Schott, directora del Centro de Psicolog\u00eda Aplicada (CEPA) de la UTalca. \u00a0 RADIO COOPERATIVA Entrevista a Patricio Gonz\u00e1lez, agroclimat\u00f3logo de la UTalca. &hellip;<\/p>\n<p class=\"read-more\"> <a class=\"\" href=\"https:\/\/www.reportedeprensa.utalca.cl\/?p=1279\"> <span class=\"screen-reader-text\">22 de junio de  2021<\/span> Read More &raquo;<\/a><\/p>\n","protected":false},"author":1,"featured_media":0,"comment_status":"closed","ping_status":"open","sticky":false,"template":"elementor_theme","format":"standard","meta":{"_monsterinsights_skip_tracking":false,"_monsterinsights_sitenote_active":false,"_monsterinsights_sitenote_note":"","_monsterinsights_sitenote_category":0},"categories":[9],"tags":[],"_links":{"self":[{"href":"https:\/\/www.reportedeprensa.utalca.cl\/index.php?rest_route=\/wp\/v2\/posts\/1279"}],"collection":[{"href":"https:\/\/www.reportedeprensa.utalca.cl\/index.php?rest_route=\/wp\/v2\/posts"}],"about":[{"href":"https:\/\/www.reportedeprensa.utalca.cl\/index.php?rest_route=\/wp\/v2\/types\/post"}],"author":[{"embeddable":true,"href":"https:\/\/www.reportedeprensa.utalca.cl\/index.php?rest_route=\/wp\/v2\/users\/1"}],"replies":[{"embeddable":true,"href":"https:\/\/www.reportedeprensa.utalca.cl\/index.php?rest_route=%2Fwp%2Fv2%2Fcomments&post=1279"}],"version-history":[{"count":7,"href":"https:\/\/www.reportedeprensa.utalca.cl\/index.php?rest_route=\/wp\/v2\/posts\/1279\/revisions"}],"predecessor-version":[{"id":1286,"href":"https:\/\/www.reportedeprensa.utalca.cl\/index.php?rest_route=\/wp\/v2\/posts\/1279\/revisions\/1286"}],"wp:attachment":[{"href":"https:\/\/www.reportedeprensa.utalca.cl\/index.php?rest_route=%2Fwp%2Fv2%2Fmedia&parent=1279"}],"wp:term":[{"taxonomy":"category","embeddable":true,"href":"https:\/\/www.reportedeprensa.utalca.cl\/index.php?rest_route=%2Fwp%2Fv2%2Fcategories&post=1279"},{"taxonomy":"post_tag","embeddable":true,"href":"https:\/\/www.reportedeprensa.utalca.cl\/index.php?rest_route=%2Fwp%2Fv2%2Ftags&post=1279"}],"curies":[{"name":"wp","href":"https:\/\/api.w.org\/{rel}","templated":true}]}}