{"id":12815,"date":"2025-11-04T10:58:22","date_gmt":"2025-11-04T13:58:22","guid":{"rendered":"https:\/\/www.reportedeprensa.utalca.cl\/?p=12815"},"modified":"2025-11-04T11:00:42","modified_gmt":"2025-11-04T14:00:42","slug":"04-de-noviembre-2025","status":"publish","type":"post","link":"https:\/\/www.reportedeprensa.utalca.cl\/?p=12815","title":{"rendered":"04 de noviembre 2025"},"content":{"rendered":"\t\t<div data-elementor-type=\"wp-post\" data-elementor-id=\"12815\" class=\"elementor elementor-12815\" data-elementor-settings=\"[]\">\n\t\t\t\t\t\t\t<div class=\"elementor-section-wrap\">\n\t\t\t\t\t\t\t<section class=\"elementor-section elementor-top-section elementor-element elementor-element-bcea1a8 elementor-section-boxed elementor-section-height-default elementor-section-height-default\" data-id=\"bcea1a8\" data-element_type=\"section\">\n\t\t\t\t\t\t<div class=\"elementor-container elementor-column-gap-default\">\n\t\t\t\t\t<div class=\"elementor-column elementor-col-100 elementor-top-column elementor-element elementor-element-e7183bf\" data-id=\"e7183bf\" data-element_type=\"column\">\n\t\t\t<div class=\"elementor-widget-wrap elementor-element-populated\">\n\t\t\t\t\t\t\t\t<div class=\"elementor-element elementor-element-c00a827 elementor-widget elementor-widget-text-editor\" data-id=\"c00a827\" data-element_type=\"widget\" data-widget_type=\"text-editor.default\">\n\t\t\t\t<div class=\"elementor-widget-container\">\n\t\t\t\t\t\t\t\t<p><b><span data-contrast=\"auto\">PORTAL AGRO CHILE<\/span><\/b>\u00a0<br \/><a href=\"https:\/\/www.portalagrochile.cl\/2025\/11\/03\/universidad-de-talca-se-adjudico-dos-proyectos-anillo-de-investigacion\/\"><span data-contrast=\"none\">Universidad de Talca se adjudic\u00f3 dos proyectos Anillo de Investigaci\u00f3n. Se refiere\u00a0<\/span><span data-contrast=\"none\">Rodrigo Palomo V\u00e9lez, vicerrector Acad\u00e9mico<\/span><\/a><span data-ccp-props=\"{}\">\u00a0<\/span><\/p><p>\u00a0<\/p><p><b><span data-contrast=\"auto\">CAUQUENES.NET<\/span><\/b>\u00a0<br \/><a href=\"https:\/\/cauquenesnet.cl\/2025\/11\/02\/universidad-de-talca-se-adjudico-dos-proyectos-anillo-de-investigacion\/\"><span data-contrast=\"none\">Universidad de Talca se adjudic\u00f3 dos proyectos Anillo de Investigaci\u00f3n. Se refiere\u00a0<\/span><span data-contrast=\"none\">Rodrigo Palomo V\u00e9lez, vicerrector acad\u00e9mico.<\/span><\/a><span data-ccp-props=\"{}\">\u00a0<\/span><\/p><p>\u00a0<\/p><p><b><span data-contrast=\"auto\">HOY X HOY<\/span><\/b>\u00a0<br \/><a href=\"https:\/\/www.litoralpress.cl\/paginaconsultas\/Servicios_NClipWeb\/Get_Imagen_Nota.aspx?LPKey=DKEFQG7KME54MUKMHTHB4KKQCL4HKRT7BNVXZPL5FHZVHBET3EXCLOYZO6QEIXPLTWIEV62EXE7JW\"><span data-contrast=\"none\">Acad\u00e9mico destaca h\u00e1bitos que cuidan el col\u00e1geno y errores que lo destruyen. Se refiere Mauricio Orellana, acad\u00e9mico de la Escuela de Nutrici\u00f3n y Diet\u00e9tica.<\/span><\/a><span data-contrast=\"auto\">\u00a0<\/span><span data-ccp-props=\"{}\">\u00a0<\/span><\/p><p>\u00a0<\/p><p><b><span data-contrast=\"auto\">EL L\u00cdDER<\/span><\/b>\u00a0<br \/><a href=\"https:\/\/www.litoralpress.cl\/paginaconsultas\/Servicios_NClipWeb\/Get_Imagen_Nota.aspx?LPKey=7BKDIEYKTZTV24M4NCI6YQ335YLQDDDJZFZUTBVEQGIFFA6HOXDQXQTTEEOM264ZYWLETCAVRBZCW\"><span data-contrast=\"none\">H\u00e1bitos que cuidan el col\u00e1geno y errores que lo destruyen. Se refiere Mauricio Orellana, acad\u00e9mico de la Escuela de Nutrici\u00f3n y Diet\u00e9tica.<\/span><\/a><span data-ccp-props=\"{}\">\u00a0<\/span><\/p><p>\u00a0<\/p><p><b><span data-contrast=\"auto\">HOY X HOY ANTOFAGASTA<\/span><\/b>\u00a0<br \/><a href=\"https:\/\/www.litoralpress.cl\/paginaconsultas\/Servicios_NClipWeb\/Get_Imagen_Nota.aspx?LPKey=TKZKFW4NHAES4ARIIF274MTGPZTWCDZGMXMZCTFQKJKB3QHTWF2MYNAXUQBAHMD3VHKXZVLSBDHGY\"><span data-contrast=\"none\">Acad\u00e9mico destaca h\u00e1bitos que cuidan el col\u00e1geno y errores que lo destruyen. Se refiere Mauricio Orellana, acad\u00e9mico de la Escuela de Nutrici\u00f3n y Diet\u00e9tica.<\/span><\/a><span data-ccp-props=\"{}\">\u00a0<\/span><\/p><p>\u00a0<\/p><p><b><span data-contrast=\"auto\">HOY X HOY ANTOFAGASTA<\/span><\/b>\u00a0<br \/><a href=\"https:\/\/www.litoralpress.cl\/paginaconsultas\/Servicios_NClipWeb\/Get_Imagen_Nota.aspx?LPKey=GZDE22X2U25UWHE2UCRCTSTKH4C7GLM2RNCVYRM36TLTWN65N4GWNHM3LGRXWGBSNISPFQQJWLXII\"><span data-contrast=\"none\">Acad\u00e9mico destaca h\u00e1bitos que cuidan el col\u00e1geno y errores que lo destruyen. Se refiere Mauricio Orellana, acad\u00e9mico de la Escuela de Nutrici\u00f3n y Diet\u00e9tica.<\/span><\/a><span data-ccp-props=\"{}\">\u00a0<\/span><\/p><p>\u00a0<\/p><p><b><span data-contrast=\"auto\">HOY X HOY CONCEPCI\u00d3N<\/span><\/b>\u00a0<br \/><a href=\"https:\/\/www.litoralpress.cl\/paginaconsultas\/Servicios_NClipWeb\/Get_Imagen_Nota.aspx?LPKey=YGT5TWBQZ3M7PKIGR5PKNXHRV4VDEZIWAQI2VPSQYDINTZ6PUIH5G6SSIRP77VWEFBUFIESQHGQLO\"><span data-contrast=\"none\">Acad\u00e9mico destaca h\u00e1bitos que cuidan el col\u00e1geno y errores que lo destruyen. Se refiere Mauricio Orellana, acad\u00e9mico de la Escuela de Nutrici\u00f3n y Diet\u00e9tica.<\/span><\/a><\/p><p><span data-ccp-props=\"{}\">\u00a0<\/span><\/p><p><b><span data-contrast=\"auto\">LA ESTRELLA DE ANTOFAGASTA<\/span><\/b>\u00a0<br \/><a href=\"https:\/\/www.litoralpress.cl\/paginaconsultas\/Servicios_NClipWeb\/Get_Imagen_Nota.aspx?LPKey=GAIMQDTTO2S6JBFMJK6E2YNNVYRKQXUNCQQZ2HKUN6F67FB3TG76NW5KVMJGYRYMD7Z5YUONULFR6\"><span data-contrast=\"none\">H\u00e1bitos que cuidan el col\u00e1geno y errores que lo destruyen. Se refiere Mauricio Orellana, acad\u00e9mico de la Escuela de Nutrici\u00f3n y Diet\u00e9tica.<\/span><\/a><span data-ccp-props=\"{}\">\u00a0<\/span><\/p><p>\u00a0<\/p><p><b><span data-contrast=\"auto\">LA ESTRELLA DE IQUIQUE<\/span><\/b>\u00a0<br \/><a href=\"https:\/\/www.litoralpress.cl\/paginaconsultas\/Servicios_NClipWeb\/Get_Imagen_Nota.aspx?LPKey=C5QMUP4YY3IAQNY42DMFLMCL4TDC3BEIABLETYLWFD7AG4CU6E2EAR7AUOQLOFP47J4OHQJSUPDAO\"><span data-contrast=\"none\">H\u00e1bitos que cuidan el col\u00e1geno y errores que lo destruyen. Se refiere Mauricio Orellana, acad\u00e9mico de la Escuela de Nutrici\u00f3n y Diet\u00e9tica.<\/span><\/a><span data-ccp-props=\"{}\">\u00a0<\/span><\/p><p>\u00a0<\/p><p><b><span data-contrast=\"auto\">HOY X HOY<\/span><\/b>\u00a0<br \/><a href=\"https:\/\/www.litoralpress.cl\/paginaconsultas\/Servicios_NClipWeb\/Get_Imagen_Nota.aspx?LPKey=JPPA22OMQPKNBRVC7FHNAIPYVUCJC7QDL53BZZSYQUWWT2XPBYC2Z2VSE4OKLQ46JVMGMAIURE66S\"><span data-contrast=\"none\">Alertan contracci\u00f3n en permisos para construir viviendas. Se refiere Armando Dur\u00e1n Bustamante, acad\u00e9mico de la Facultad de Ingenier\u00eda.<\/span><\/a><span data-ccp-props=\"{}\">\u00a0<\/span><\/p><p>\u00a0<\/p><p><b><span data-contrast=\"auto\">HOY X HOY CONCEPCI\u00d3N<\/span><\/b>\u00a0<br \/><a href=\"https:\/\/www.litoralpress.cl\/paginaconsultas\/Servicios_NClipWeb\/Get_Imagen_Nota.aspx?LPKey=VG44E4FZK3SV3CQP27MLFLK34VHECQ77XLCE6LME2B2TQEYCA5CNQ6IO6HOG265AHFB3EK422J5AM\"><span data-contrast=\"none\">Alertan contracci\u00f3n en permisos para construir viviendas. Se refiere Armando Dur\u00e1n Bustamante, acad\u00e9mico de la Facultad de Ingenier\u00eda.<\/span><\/a><span data-ccp-props=\"{}\">\u00a0<\/span><\/p><p>\u00a0<\/p><p><b><span data-contrast=\"auto\">LA ESTRELLA DE ARICA<\/span><\/b>\u00a0<br \/><a href=\"https:\/\/www.litoralpress.cl\/paginaconsultas\/Servicios_NClipWeb\/Get_Imagen_Nota.aspx?LPKey=7GQWTQZJEQOYIJIIEXBJ4ACQ5E3PMXOXB4B3ZK6EVAVPWPPI5MSGX754E2SC5QLGUEY3CFXYZKJW6\"><span data-contrast=\"none\">La contracci\u00f3n en permisos de edificaci\u00f3n contin\u00faa. Se refiere Armando Dur\u00e1n Bustamante, acad\u00e9mico de la Facultad de Ingenier\u00eda.<\/span><\/a><span data-ccp-props=\"{}\">\u00a0<\/span><\/p><p>\u00a0<\/p><p><b><span data-contrast=\"auto\">LA ESTRELLA DE IQUIQUE<\/span><\/b>\u00a0<br \/><a href=\"https:\/\/www.litoralpress.cl\/paginaconsultas\/Servicios_NClipWeb\/Get_Imagen_Nota.aspx?LPKey=KCLR33CWNPUXDQACGFW7BWGMWVJOVMLMH7LZQXDBJP7KKBZBE57Y7A2IPJ3GLTYEKFCYCRVISO6FU\"><span data-contrast=\"none\">La contracci\u00f3n en permisos de edificaci\u00f3n contin\u00faa. Se refiere Armando Dur\u00e1n Bustamante, acad\u00e9mico de la Facultad de Ingenier\u00eda.<\/span><\/a><span data-ccp-props=\"{}\">\u00a0<\/span><\/p><p>\u00a0<\/p><p><b><span data-contrast=\"auto\">RADIO MAULE SUR<\/span><\/b>\u00a0<br \/><a href=\"https:\/\/www.radiomaulesur.cl\/2025\/11\/investigacion-alerta-sobre-la-baja.html\"><span data-contrast=\"none\">Investigaci\u00f3n alerta sobre la baja sostenida de permisos de edificaci\u00f3n desde 2019.\u00a0Se refiere Armando Dur\u00e1n Bustamante, acad\u00e9mico de la\u00a0Facultad de ingenier\u00eda.<\/span><\/a><span data-ccp-props=\"{}\">\u00a0<\/span><\/p><p>\u00a0<\/p><p><b><span data-contrast=\"auto\">HORA 12<\/span><\/b>\u00a0<br \/><a href=\"https:\/\/hora12.cl\/2025\/11\/03\/investigacion-alerta-sobre-la-baja-sostenida-de-permisos-de-edificacion-desde-2019\/\"><span data-contrast=\"none\">Investigaci\u00f3n alerta sobre la baja sostenida de permisos de edificaci\u00f3n desde 2019.<\/span><span data-contrast=\"none\">\u00a0<\/span><span data-contrast=\"none\">Se refiere Armando Dur\u00e1n Bustamante, acad\u00e9mico de la\u00a0Facultad de ingenier\u00eda.<\/span><\/a><span data-ccp-props=\"{}\">\u00a0<\/span><\/p><p>\u00a0<\/p><p><b><span data-contrast=\"auto\">SOMOS PUENTE ALTO<\/span><\/b>\u00a0<br \/><a href=\"https:\/\/www.somospuentealto.cl\/2025\/11\/03\/investigacion-alerta-sobre-la-baja-sostenida-de-permisos-de-edificacion-desde-2019\/\"><span data-contrast=\"none\">Investigaci\u00f3n alerta sobre la baja sostenida de permisos de edificaci\u00f3n desde 2019.<\/span><span data-contrast=\"none\">\u00a0<\/span><span data-contrast=\"none\">Se refiere Armando Dur\u00e1n Bustamante, acad\u00e9mico de la\u00a0Facultad de ingenier\u00eda.<\/span><\/a><span data-ccp-props=\"{}\">\u00a0<\/span><\/p><p>\u00a0<\/p><p><b><span data-contrast=\"auto\">LA PRENSA DE CURIC\u00d3<\/span><\/b>\u00a0<br \/><a href=\"https:\/\/www.litoralpress.cl\/paginaconsultas\/Servicios_NClipWeb\/Get_Imagen_Nota.aspx?LPKey=GZJD7K2FN7ZGOUY2ANBNUABDWBKYWTTCZBETWTY3V4T4FO7DJKCEFXEFW4NKSC7EGL3LCHHNYJ2EO\"><span data-contrast=\"none\">Campa\u00f1a presidencial: Analizan nuevas estrategias y tendencias. Se refiere Mario Herrera Mu\u00f1oz, acad\u00e9mico del Centro de An\u00e1lisis Pol\u00edtico (CAP-UTalca)<\/span><\/a><span data-ccp-props=\"{}\">\u00a0<\/span><\/p><p>\u00a0<\/p><p><b><span data-contrast=\"auto\">RADIO BIOB\u00cdO<\/span><\/b>\u00a0<br \/><a href=\"https:\/\/www.litoralpress.cl\/sitio\/RadioTV_Detalles.cshtml?LPKey=7EUTUGNL6HJG33K2YMPTCBP2C5UFBQAXOUY53DH2KOHJGC7RZUGB5NQOFU4R7S6YQIJYZEEUVDM3O\"><span data-contrast=\"none\">La disputa por el voto femenino se ha tomado la recta final de la campa\u00f1a\u00a0presidencial.\u00a0Se refiere Mario Herrera Mu\u00f1oz, acad\u00e9mico del Centro de An\u00e1lisis Pol\u00edtico (CAP-UTalca)<\/span><\/a><span data-ccp-props=\"{}\">\u00a0<\/span><\/p><p>\u00a0<\/p><p><b><span data-contrast=\"auto\">RADIO INFINITA<\/span><\/b>\u00a0<br \/><a href=\"https:\/\/www.litoralpress.cl\/sitio\/RadioTV_Detalles.cshtml?LPKey=77GI2P7SIBY24OG23CAHM2DFVY7FN4RJXG42V2PV2ZKKQDSH6NOZG465KWMUFCQA6PU22DYZQ3V5E\"><span data-contrast=\"none\">Comentario de Pol\u00edtica de Mauricio Morales\u00a0Quiroga, director\u00a0del Centro de An\u00e1lisis Pol\u00edtico (CAP-UTalca)<\/span><\/a><span data-ccp-props=\"{}\">\u00a0<\/span><\/p><p>\u00a0<\/p><p><b><span data-contrast=\"auto\">CANAL MEGA<\/span><\/b>\u00a0<br \/><a href=\"https:\/\/www.litoralpress.cl\/sitio\/RadioTV_Detalles.cshtml?LPKey=WTSYPC5GDNXFBRZ3VC3G4WY6BFT42FD2FHUXY733NN4YRTKEQXTRR6KLAYNGIN2X53INMNHRXCQ42\"><span data-contrast=\"none\">An\u00e1lisis pol\u00edtico de Mauricio Morales\u00a0Quiroga, director del Centro de An\u00e1lisis Pol\u00edtico (CAP-UTalca)<\/span><\/a><span data-ccp-props=\"{}\">\u00a0<\/span><\/p><p>\u00a0<\/p><p><b><span data-contrast=\"auto\">CANAL MUCHO GUSTO<\/span><\/b>\u00a0<br \/><a href=\"https:\/\/www.litoralpress.cl\/sitio\/RadioTV_Detalles.cshtml?LPKey=PIWAAQMDFVCOYAZU3GTR4NEP6VUOUIRXDLR3VYPLZEBSPE2NVWREFL6YI2QGKZSJ3SQTV4JXLKTCC\"><span data-contrast=\"none\">Debate cierra con duros cruces entre oficialismo y oposici\u00f3n a dos semanas de la primera vuelta presidencial en Chile Habla en vivo. Se refiere\u00a0Mauricio Morales Quiroga, director del Centro de An\u00e1lisis Pol\u00edtico (CAP-UTalca)<\/span><\/a><span data-ccp-props=\"{}\">\u00a0<\/span><\/p><p>\u00a0<\/p><p><b><span data-contrast=\"auto\">CAUQUENES.NET<\/span><\/b>\u00a0<br \/><a href=\"https:\/\/cauquenesnet.cl\/2025\/11\/01\/campana-presidencial-analizan-nuevas-estrategias-y-tendencias\/\"><span data-contrast=\"none\">Campa\u00f1a presidencial: analizan nuevas estrategias y tendencias.\u00a0Se refiere Mario Herrera Mu\u00f1oz, acad\u00e9mico del Centro de An\u00e1lisis Pol\u00edtico (CAP-UTalca)<\/span><\/a><span data-ccp-props=\"{}\">\u00a0<\/span><\/p><p>\u00a0<\/p><p><b><span data-contrast=\"auto\">G5 NOTICIA<\/span><\/b>\u00a0<br \/><a href=\"https:\/\/g5noticias.cl\/2025\/11\/03\/campana-presidencial-analizan-nuevas-estrategias-y-tendencias\/\"><span data-contrast=\"none\">Campa\u00f1a presidencial: analizan nuevas estrategias y tendencias.\u00a0Se refiere Mario Herrera Mu\u00f1oz, acad\u00e9mico del Centro de An\u00e1lisis Pol\u00edtico (CAP-UTalca)<\/span><\/a><span data-ccp-props=\"{}\">\u00a0<\/span><\/p><p>\u00a0<\/p><p><b><span data-contrast=\"auto\">RADIO INFINITA<\/span><\/b>\u00a0<br \/><a href=\"https:\/\/www.infinita.cl\/entrevistas\/2025\/11\/03\/kast-kaiser-matthei-elecciones-derecha.html\"><span data-contrast=\"none\">An\u00e1lisis Pol\u00edtico: Kast, K\u00e1iser o\u00a0Matthei\u00a0\u00bfQu\u00e9 candidato conquista el voto de la derecha? Se refiere Mauricio Morales Quiroga, director del Centro de An\u00e1lisis Pol\u00edtico (CAP-UTalca)<\/span><\/a><span data-ccp-props=\"{}\">\u00a0<\/span><\/p><p>\u00a0<\/p><p><b><span data-contrast=\"auto\">PORTAL EDUCA<\/span><\/b>\u00a0<br \/><a href=\"https:\/\/portaleduca.cl\/ministro-de-ciencia-destaca-labor-de-divulgacion-cientifica-de-la-universidad-de-talca\/\"><span data-contrast=\"none\">Ministro\u00a0de Ciencia destaca labor de divulgaci\u00f3n cient\u00edfica de la Universidad de Talca. Se refiere Karin Saavedra, directora general de Vinculaci\u00f3n con el Medio y C\u00e9sar Retamal, director de la Unidad de Divulgaci\u00f3n.\u202f<\/span><\/a><span data-ccp-props=\"{}\">\u00a0<\/span><\/p><p>\u00a0<\/p><p><b><span data-contrast=\"auto\">CANAL 2 LINARES<\/span><\/b>\u00a0<br \/><a href=\"https:\/\/www.canal2linares.cl\/2025\/11\/ministro-de-ciencia-destaca-labor-de.html\"><span data-contrast=\"none\">Ministro\u00a0de Ciencia destaca labor de divulgaci\u00f3n cient\u00edfica de la Universidad de Talca. Se refiere Karin Saavedra, directora general de Vinculaci\u00f3n con el Medio y C\u00e9sar Retamal, director de la Unidad de Divulgaci\u00f3n.\u202f<\/span><\/a><span data-ccp-props=\"{}\">\u00a0<\/span><\/p><p>\u00a0<\/p><p><b><span data-contrast=\"auto\">G5 NOTICIA<\/span><\/b>\u00a0<br \/><a href=\"https:\/\/g5noticias.cl\/2025\/11\/03\/epidemiologa-analizo-la-exitosa-campana-de-vacunacion-contra-el-virus-sincicial\/\"><span data-contrast=\"none\">Epidemi\u00f3loga analiz\u00f3 la exitosa campa\u00f1a de vacunaci\u00f3n contra el virus sincicial. Se refiere \u00c9rika Retamal Contreras, director del departamento de salud P\u00fablica.<\/span><\/a><span data-ccp-props=\"{}\">\u00a0<\/span><\/p><p>\u00a0<\/p><p><b><span data-contrast=\"auto\">RADIO LAUTARO<\/span><\/b>\u00a0<br \/><a href=\"https:\/\/radiolautarotalca.cl\/ministro-de-ciencia-destaca-labor-de-divulgacion-cientifica-de-la-utalca\/\"><span data-contrast=\"none\">Ministro\u00a0de Ciencia destaca labor de divulgaci\u00f3n cient\u00edfica de la\u00a0UTalca. Se refiere\u00a0<\/span><span data-contrast=\"none\">Karin Saavedra,\u00a0directora general de Vinculaci\u00f3n con el Medio\u00a0y\u00a0C\u00e9sar Retamal,<\/span><span data-contrast=\"none\">\u00a0<\/span><span data-contrast=\"none\">director de la Unidad de Divulgaci\u00f3n.\u202f<\/span><\/a><span data-ccp-props=\"{}\">\u00a0<\/span><\/p><p>\u00a0<\/p><p><b><span data-contrast=\"auto\">CR\u00d3NICA DIGITAL<\/span><\/b>\u00a0<br \/><a href=\"https:\/\/cronicadigital.cl\/epidemiologa-analizo-la-exitosa-campana-de-vacunacion-contra-el-virus-sincicial\/\"><span data-contrast=\"none\">Epidemi\u00f3loga analiz\u00f3 la exitosa campa\u00f1a de vacunaci\u00f3n contra el virus sincicial. Se refiere \u00c9rika retamal Contreras, directora del\u00a0Departamento de\u00a0Salud P\u00fablica.<\/span><\/a><span data-ccp-props=\"{}\">\u00a0<\/span><\/p><p>\u00a0<\/p><p><b><span data-contrast=\"auto\">PORTAL RED SALUD<\/span><\/b>\u00a0<br \/><a href=\"https:\/\/portalredsalud.cl\/2025\/11\/03\/epidemiologa-analizo-la-exitosa-campana-de-vacunacion-contra-el-virus-sincicial\/\"><span data-contrast=\"none\">Epidemi\u00f3loga analiz\u00f3 la exitosa campa\u00f1a de vacunaci\u00f3n contra el virus sincicial.\u00a0Se refiere \u00c9rika retamal Contreras, directora del\u00a0Departamento de\u00a0Salud P\u00fablica.<\/span><\/a><span data-ccp-props=\"{}\">\u00a0<\/span><\/p><p>\u00a0<\/p><p><b><span data-contrast=\"auto\">EL MAULE INFORMA<\/span><\/b>\u00a0<br \/><a href=\"https:\/\/elmauleinforma.cl\/epidemiologa-analizo-la-exitosa-campana-de-vacunacion-contra-el-virus-sincicial\/\"><span data-contrast=\"none\">Epidemi\u00f3loga analiz\u00f3 la exitosa campa\u00f1a de vacunaci\u00f3n contra el virus sincicial.\u00a0Se refiere \u00c9rika retamal Contreras, directora del\u00a0Departamento de\u00a0Salud P\u00fablica.<\/span><\/a><span data-ccp-props=\"{}\">\u00a0<\/span><\/p><p>\u00a0<\/p><p><b><span data-contrast=\"auto\">DIARIO EL CENTRO<\/span><\/b>\u00a0<br \/><a href=\"https:\/\/www.diarioelcentro.cl\/2025\/11\/03\/otro-canon-de-belleza-es-posible-en-el-maule-con-canas-arrugas-y-diversidad-de-cuerpos\/\"><span data-contrast=\"none\">Otro canon de belleza es posible en el Maule: con canas, arrugas y diversidad de cuerpos. Se refiere\u00a0<\/span><span data-contrast=\"none\">Mar\u00eda\u202fEster\u202fMu\u00f1oz, acad\u00e9mica escuela de Enfermer\u00eda y Centro Longevidad Vitalis.<\/span><\/a><span data-ccp-props=\"{}\">\u00a0<\/span><\/p><p><span data-ccp-props=\"{}\">\u00a0<\/span><\/p><p><b><span data-contrast=\"auto\">LA PRENSA DE CURIC\u00d3<\/span><\/b>\u00a0<br \/><a href=\"https:\/\/www.litoralpress.cl\/paginaconsultas\/Servicios_NClipWeb\/Get_Imagen_Nota.aspx?LPKey=ED5JISNVW5QPUE5OQDX7MTCLFKNSOTKYWL576CE4VPH4NLFOQMHOBMFM75CLFWGIF7RUBPFYKL5UC\"><span data-contrast=\"none\">Sucede. Se menciona la Universidad de Talca.<\/span><\/a><span data-ccp-props=\"{}\">\u00a0<\/span><\/p><p>\u00a0<\/p><p><b><span data-contrast=\"auto\">LA PRENSA DE CURIC\u00d3<\/span><\/b>\u00a0<br \/><a href=\"https:\/\/www.litoralpress.cl\/paginaconsultas\/Servicios_NClipWeb\/Get_Imagen_Nota.aspx?LPKey=GN46SOZXAHV6765NKVUQM4SV4HSXHZ7QEUJLPKOFVDLEQZLTKTJR7AND2MLF5GHB3ZWUEUGQAPTBU\"><span data-contrast=\"none\">Con exposici\u00f3n de pinturas Taller de Gaby Landeros celebra 34 a\u00f1os de vida. Se menciona la Universidad De Talca.<\/span><\/a><span data-ccp-props=\"{}\">\u00a0<\/span><\/p><p>\u00a0<\/p><p><b><span data-contrast=\"auto\">DIARIO TALCA<\/span><\/b>\u00a0<br \/><a href=\"https:\/\/diariotalca.cl\/comision-de-seguridad-publica-del-senado-sesionara-hoy-en-talca-por\/\"><span data-contrast=\"none\">Comisi\u00f3n de Seguridad P\u00fablica del Senado sesionar\u00e1 hoy en Talca. Se menciona la Universidad de Talca.<\/span><\/a><span data-ccp-props=\"{}\">\u00a0<\/span><\/p><p>\u00a0<\/p><p><b><span data-contrast=\"auto\">TIRO AL BLANCO<\/span><\/b>\u00a0<br \/><a href=\"https:\/\/tiroalblanco.cl\/muestraf.php?not=95592&amp;do=muestra\"><span data-contrast=\"none\">\u00a1Deportistas se tiran de las mechas por rumor! Se menciona la Universidad de Talca.<\/span><\/a><span data-ccp-props=\"{}\">\u00a0<\/span><\/p><p>\u00a0<\/p><p><b><span data-contrast=\"auto\">DERECHO UC<\/span><\/b>\u00a0<br \/><a href=\"https:\/\/www.litoralpress.cl\/sitio\/MediosOnline_Detalles.cshtml?LPKey=QJNN2AMM2IRXODUGP335G2DDBISIRXDX233SE2C5TNJWUNKZAORBTZOK2HFNT6YQEDC7BNL7KO7MO\"><span data-contrast=\"none\">Contralora e ingeniero ex\u00a0OpenAI: primeras Jornadas Cal\u00edmaco de Derecho y Tecnolog\u00eda en la UC abordaron la innovaci\u00f3n, datos y futuro de la profesi\u00f3n legal. Se menciona la Universidad de Talca.<\/span><\/a><span data-ccp-props=\"{}\">\u00a0<\/span><\/p><p>\u00a0<\/p><p><b><span data-contrast=\"auto\">SENADO<\/span><\/b>\u00a0<br \/><a href=\"https:\/\/www.senado.cl\/comunicaciones\/noticias\/desde-talca-comision-de-seguridad-concluye-analisis-de-modernizacion-del\"><span data-contrast=\"none\">Desde Talca: Comisi\u00f3n de Seguridad concluye an\u00e1lisis de modernizaci\u00f3n del sistema de incentivos y extensi\u00f3n de la carrera funcionaria de Carabineros. Se menciona la Universidad de Talca.<\/span><\/a><span data-ccp-props=\"{}\">\u00a0<\/span><\/p><p>\u00a0<\/p><p><b><span data-contrast=\"auto\">UNIVERSIDAD DE TARAPAC\u00c1<\/span><\/b>\u00a0<br \/><a href=\"https:\/\/www.uta.cl\/index.php\/2025\/11\/03\/concurso-anillo-anid-utarapaca-lidera-proyecto-de-660-millones-para-impulsar-la-adaptacion-de-la-agricultura-en-zonas-hiper-aridas\/\"><span data-contrast=\"none\">Concurso Anillo ANID:\u00a0UTarapac\u00e1\u00a0lidera proyecto de $660 millones para impulsar la adaptaci\u00f3n de la agricultura en zonas h\u00edper-\u00e1ridas. Se menciona la Universidad de Talca.<\/span><\/a><span data-ccp-props=\"{}\">\u00a0<\/span><\/p><p>\u00a0<\/p><p><b><span data-contrast=\"auto\">G5 NOTICIA<\/span><\/b>\u00a0<br \/><a href=\"https:\/\/g5noticias.cl\/2025\/11\/03\/desde-talca-comision-de-seguridad-concluye-analisis-de-modernizacion-del-sistema-de-incentivos-y-extension-de-la-carrera-funcionaria-de-carabineros\/\"><span data-contrast=\"none\">Desde Talca: Comisi\u00f3n de Seguridad concluye an\u00e1lisis de modernizaci\u00f3n del sistema de incentivos y extensi\u00f3n de la carrera funcionaria de Carabineros. Se menciona la Universidad de Talca.<\/span><\/a><span data-ccp-props=\"{}\">\u00a0<\/span><\/p><p><span data-ccp-props=\"{}\">\u00a0<\/span><\/p>\t\t\t\t\t\t<\/div>\n\t\t\t\t<\/div>\n\t\t\t\t\t<\/div>\n\t\t<\/div>\n\t\t\t\t\t\t\t<\/div>\n\t\t<\/section>\n\t\t\t\t\t\t<\/div>\n\t\t\t\t\t<\/div>\n\t\t","protected":false},"excerpt":{"rendered":"<p>PORTAL AGRO CHILE\u00a0Universidad de Talca se adjudic\u00f3 dos proyectos Anillo de Investigaci\u00f3n. Se refiere\u00a0Rodrigo Palomo V\u00e9lez, vicerrector Acad\u00e9mico\u00a0 \u00a0 CAUQUENES.NET\u00a0Universidad de Talca se adjudic\u00f3 dos proyectos Anillo de Investigaci\u00f3n. Se refiere\u00a0Rodrigo Palomo V\u00e9lez, vicerrector acad\u00e9mico.\u00a0 \u00a0 HOY X HOY\u00a0Acad\u00e9mico destaca h\u00e1bitos que cuidan el col\u00e1geno y errores que lo destruyen. Se refiere Mauricio Orellana, acad\u00e9mico &hellip;<\/p>\n<p class=\"read-more\"> <a class=\"\" href=\"https:\/\/www.reportedeprensa.utalca.cl\/?p=12815\"> <span class=\"screen-reader-text\">04 de noviembre 2025<\/span> Read More &raquo;<\/a><\/p>\n","protected":false},"author":1,"featured_media":0,"comment_status":"closed","ping_status":"open","sticky":false,"template":"","format":"standard","meta":{"_monsterinsights_skip_tracking":false,"_monsterinsights_sitenote_active":false,"_monsterinsights_sitenote_note":"","_monsterinsights_sitenote_category":0},"categories":[65],"tags":[],"_links":{"self":[{"href":"https:\/\/www.reportedeprensa.utalca.cl\/index.php?rest_route=\/wp\/v2\/posts\/12815"}],"collection":[{"href":"https:\/\/www.reportedeprensa.utalca.cl\/index.php?rest_route=\/wp\/v2\/posts"}],"about":[{"href":"https:\/\/www.reportedeprensa.utalca.cl\/index.php?rest_route=\/wp\/v2\/types\/post"}],"author":[{"embeddable":true,"href":"https:\/\/www.reportedeprensa.utalca.cl\/index.php?rest_route=\/wp\/v2\/users\/1"}],"replies":[{"embeddable":true,"href":"https:\/\/www.reportedeprensa.utalca.cl\/index.php?rest_route=%2Fwp%2Fv2%2Fcomments&post=12815"}],"version-history":[{"count":4,"href":"https:\/\/www.reportedeprensa.utalca.cl\/index.php?rest_route=\/wp\/v2\/posts\/12815\/revisions"}],"predecessor-version":[{"id":12819,"href":"https:\/\/www.reportedeprensa.utalca.cl\/index.php?rest_route=\/wp\/v2\/posts\/12815\/revisions\/12819"}],"wp:attachment":[{"href":"https:\/\/www.reportedeprensa.utalca.cl\/index.php?rest_route=%2Fwp%2Fv2%2Fmedia&parent=12815"}],"wp:term":[{"taxonomy":"category","embeddable":true,"href":"https:\/\/www.reportedeprensa.utalca.cl\/index.php?rest_route=%2Fwp%2Fv2%2Fcategories&post=12815"},{"taxonomy":"post_tag","embeddable":true,"href":"https:\/\/www.reportedeprensa.utalca.cl\/index.php?rest_route=%2Fwp%2Fv2%2Ftags&post=12815"}],"curies":[{"name":"wp","href":"https:\/\/api.w.org\/{rel}","templated":true}]}}