{"id":12824,"date":"2025-11-05T10:08:36","date_gmt":"2025-11-05T13:08:36","guid":{"rendered":"https:\/\/www.reportedeprensa.utalca.cl\/?p=12824"},"modified":"2025-11-05T10:10:17","modified_gmt":"2025-11-05T13:10:17","slug":"05-de-noviembre-2025","status":"publish","type":"post","link":"https:\/\/www.reportedeprensa.utalca.cl\/?p=12824","title":{"rendered":"05 de noviembre 2025"},"content":{"rendered":"\t\t<div data-elementor-type=\"wp-post\" data-elementor-id=\"12824\" class=\"elementor elementor-12824\" data-elementor-settings=\"[]\">\n\t\t\t\t\t\t\t<div class=\"elementor-section-wrap\">\n\t\t\t\t\t\t\t<section class=\"elementor-section elementor-top-section elementor-element elementor-element-bcea1a8 elementor-section-boxed elementor-section-height-default elementor-section-height-default\" data-id=\"bcea1a8\" data-element_type=\"section\">\n\t\t\t\t\t\t<div class=\"elementor-container elementor-column-gap-default\">\n\t\t\t\t\t<div class=\"elementor-column elementor-col-100 elementor-top-column elementor-element elementor-element-e7183bf\" data-id=\"e7183bf\" data-element_type=\"column\">\n\t\t\t<div class=\"elementor-widget-wrap elementor-element-populated\">\n\t\t\t\t\t\t\t\t<div class=\"elementor-element elementor-element-c00a827 elementor-widget elementor-widget-text-editor\" data-id=\"c00a827\" data-element_type=\"widget\" data-widget_type=\"text-editor.default\">\n\t\t\t\t<div class=\"elementor-widget-container\">\n\t\t\t\t\t\t\t\t<div><b data-olk-copy-source=\"MessageBody\">RADIO LAUTARO<\/b>\u00a0<br \/><a id=\"OWAa3c72829-fc09-f4b4-c755-3e5ecc7e5753\" title=\"https:\/\/radiolautarotalca.cl\/inedita-alianza-entre-la-ucm-y-utalca-tendra-el-foco-en-fortalecer-la-investigacion-la-innovacion-y-la-transferencia-tecnologica-en-el-maule\/\" href=\"https:\/\/radiolautarotalca.cl\/inedita-alianza-entre-la-ucm-y-utalca-tendra-el-foco-en-fortalecer-la-investigacion-la-innovacion-y-la-transferencia-tecnologica-en-el-maule\/\" target=\"_blank\" rel=\"noopener noreferrer\" data-auth=\"NotApplicable\" data-linkindex=\"0\">In\u00e9dita alianza entre la UCM y UTalca tendr\u00e1 el foco en fortalecer la investigaci\u00f3n, la innovaci\u00f3n y la transferencia tecnol\u00f3gica en el Maule. Se menciona la Universidad de Talca.<\/a>\u00a0<\/div><div>\u00a0<\/div><div><b>RADIO MAULE SU<\/b><b>R<\/b>\u00a0<br \/><a id=\"OWAe9f1109b-91b4-b585-6b90-6927925892e1\" title=\"https:\/\/www.radiomaulesur.cl\/2025\/11\/orquesta-sinfonica-de-la-utalca-realizo.html\" href=\"https:\/\/www.radiomaulesur.cl\/2025\/11\/orquesta-sinfonica-de-la-utalca-realizo.html\" target=\"_blank\" rel=\"noopener noreferrer\" data-auth=\"NotApplicable\" data-linkindex=\"1\">Orquesta Sinf\u00f3nica de la UTalca realiz\u00f3 presentaci\u00f3n hist\u00f3rica en Santiago. Se refiere Carlos Torres Fuchslocher, rector y V\u00edctor Hugo Toro, director de la Orquesta Sinf\u00f3nica.<\/a>\u00a0<\/div><div>\u00a0<\/div><div><b>PRENSA EVENTOS<\/b>\u00a0<br \/><a id=\"OWAd664ffb0-d9a7-0cfc-4f9e-c56c01c15b7a\" title=\"https:\/\/prensaeventos.cl\/orquesta-sinfonica-de-la-utalca-realizo-presentacion-historica-en-santiago\/\" href=\"https:\/\/prensaeventos.cl\/orquesta-sinfonica-de-la-utalca-realizo-presentacion-historica-en-santiago\/\" target=\"_blank\" rel=\"noopener noreferrer\" data-auth=\"NotApplicable\" data-linkindex=\"2\">Orquesta Sinf\u00f3nica de la UTalca realiz\u00f3 presentaci\u00f3n hist\u00f3rica en Santiago. Se refiere Carlos Torres Fuchslocher, rector y V\u00edctor Hugo Toro, director de la Orquesta Sinf\u00f3nica.<\/a>\u00a0<\/div><div>\u00a0<\/div><div><b>G5 NOTICIA<\/b>\u00a0<br \/><a id=\"OWA42c6f2ce-b81d-cd5f-cf85-bcf858585f07\" title=\"https:\/\/g5noticias.cl\/2025\/11\/04\/orquesta-sinfonica-de-la-utalca-realizo-presentacion-historica-en-santiago\/\" href=\"https:\/\/g5noticias.cl\/2025\/11\/04\/orquesta-sinfonica-de-la-utalca-realizo-presentacion-historica-en-santiago\/\" target=\"_blank\" rel=\"noopener noreferrer\" data-auth=\"NotApplicable\" data-linkindex=\"3\">Orquesta Sinf\u00f3nica de la UTalca realiz\u00f3 presentaci\u00f3n hist\u00f3rica en Santiago. Se refiere Carlos Torres Fuchslocher, rector y V\u00edctor Hugo Toro, director de la Orquesta Sinf\u00f3nica.<\/a>\u00a0<\/div><div>\u00a0<\/div><div><b>EL HERALDO<\/b>\u00a0<br \/><a id=\"OWA3b4df8d8-a273-32c0-89d7-b4b384764f6f\" title=\"https:\/\/www.litoralpress.cl\/paginaconsultas\/Servicios_NClipWeb\/Get_Imagen_Nota.aspx?LPKey=OB7QRGIRAPENZOCGSSJN7YR7HPAOJLJXQOYCCDHD7W55A4OL3XBAP6SQX7EV2V3DJSPLKMPNCKUNI\" href=\"https:\/\/www.litoralpress.cl\/paginaconsultas\/Servicios_NClipWeb\/Get_Imagen_Nota.aspx?LPKey=OB7QRGIRAPENZOCGSSJN7YR7HPAOJLJXQOYCCDHD7W55A4OL3XBAP6SQX7EV2V3DJSPLKMPNCKUNI\" target=\"_blank\" rel=\"noopener noreferrer\" data-auth=\"NotApplicable\" data-linkindex=\"4\">Epidemi\u00f3loga analiz\u00f3 la exitosa campa\u00f1a de vacunaci\u00f3n contra el virus sincicial. Se refiere \u00c9rika Retamal Contreras, directora del Departamento de Salud P\u00fablica.<\/a>\u00a0\u00a0<\/div><div>\u00a0<\/div><div><b>LA PRENSA DE CURIC\u00d3<\/b>\u00a0<br \/><a id=\"OWA258ffab9-bfd1-98ee-71b3-f4bd733f560a\" title=\"https:\/\/www.litoralpress.cl\/paginaconsultas\/Servicios_NClipWeb\/Get_Imagen_Nota.aspx?LPKey=OOEKHSJ4Y5Z3UDGVHIDJZG5ARE4JKJ3SCTLUAUDTHIGN3KRAKCWDD47JIXKSXMX77K2J7XA2VEEKI\" href=\"https:\/\/www.litoralpress.cl\/paginaconsultas\/Servicios_NClipWeb\/Get_Imagen_Nota.aspx?LPKey=OOEKHSJ4Y5Z3UDGVHIDJZG5ARE4JKJ3SCTLUAUDTHIGN3KRAKCWDD47JIXKSXMX77K2J7XA2VEEKI\" target=\"_blank\" rel=\"noopener noreferrer\" data-auth=\"NotApplicable\" data-linkindex=\"5\">Epidemi\u00f3loga de UTalca analiz\u00f3 exitosa campa\u00f1a de vacunaci\u00f3n contra el virus sincicial. Se refiere \u00c9rika Retamal Contreras, directora del Departamento de Salud P\u00fablica<\/a>\u00a0<\/div><div>\u00a0<\/div><div><b>PORTAL PRENSA SALUD<\/b>\u00a0<br \/><a id=\"OWAebd176a5-f831-b99c-f912-57a21641ebf9\" title=\"https:\/\/portalprensasalud.cl\/2025\/11\/03\/epidemiologa-analizo-la-exitosa-campana-de-vacunacion-contra-el-virus-sincicial\/\" href=\"https:\/\/portalprensasalud.cl\/2025\/11\/03\/epidemiologa-analizo-la-exitosa-campana-de-vacunacion-contra-el-virus-sincicial\/\" target=\"_blank\" rel=\"noopener noreferrer\" data-auth=\"NotApplicable\" data-linkindex=\"6\">Epidemi\u00f3loga analiz\u00f3 la exitosa campa\u00f1a de vacunaci\u00f3n contra el virus sincicial. Se refiere \u00c9rika Retamal Contreras, directora del Departamento de Salud P\u00fablica.<\/a>\u00a0<\/div><div>\u00a0<\/div><div><b>RADIO CRISTALINA<\/b>\u00a0<br \/><a id=\"OWA2d28e882-cf31-eecd-04ca-5368a1882cf3\" title=\"https:\/\/radiocristalina.cl\/salud-epidemiologa-analizo-la-exitosa-campana-de-vacunacion-contra-el-virus-sincicial\/\" href=\"https:\/\/radiocristalina.cl\/salud-epidemiologa-analizo-la-exitosa-campana-de-vacunacion-contra-el-virus-sincicial\/\" target=\"_blank\" rel=\"noopener noreferrer\" data-auth=\"NotApplicable\" data-linkindex=\"7\">SALUD: Epidemi\u00f3loga analiz\u00f3 la exitosa campa\u00f1a de vacunaci\u00f3n contra el virus sincicial. Se refiere \u00c9rika Retamal Contreras, directora del Departamento de Salud P\u00fablica.<\/a>\u00a0<\/div><div>\u00a0<\/div><div><b>EL LECTOR<\/b>\u00a0<br \/><a id=\"OWAcb637b24-4f9a-4023-8e08-c5b4fd37f6ab\" title=\"https:\/\/www.litoralpress.cl\/paginaconsultas\/Servicios_NClipWeb\/Get_Imagen_Nota.aspx?LPKey=L5NZVDTOCHBA2724UZFNWT7UTYQPAFGI4ZYXJKRORYEGZYIIIMLTS7B65DBIKK3HQHGTAZVBWHRH4\" href=\"https:\/\/www.litoralpress.cl\/paginaconsultas\/Servicios_NClipWeb\/Get_Imagen_Nota.aspx?LPKey=L5NZVDTOCHBA2724UZFNWT7UTYQPAFGI4ZYXJKRORYEGZYIIIMLTS7B65DBIKK3HQHGTAZVBWHRH4\" target=\"_blank\" rel=\"noopener noreferrer\" data-auth=\"NotApplicable\" data-linkindex=\"8\">Ministro de Ciencia destaca labor de divulgaci\u00f3n cient\u00edfica de la Universidad de Talca.\u00a0Se refiere Karin Saavedra, directora general de Vinculaci\u00f3n con el Medio y C\u00e9sar Retamal, director de la Unidad de Divulgaci\u00f3n.\u202f<\/a>\u00a0<\/div><div>\u00a0<br \/><b>RADIO INFINITA<\/b>\u00a0<br \/><a id=\"OWA4ec92058-6609-5ba2-17fa-db0e9fe2ddae\" title=\"https:\/\/www.litoralpress.cl\/sitio\/RadioTV_Detalles.cshtml?LPKey=77GI2P7SIBY24OG23CAHM2DFVY7FN4RJXG42V2PV2ZKKQDSH6NOZG465KWMUFCQA6PU22DYZQ3V5E\" href=\"https:\/\/www.litoralpress.cl\/sitio\/RadioTV_Detalles.cshtml?LPKey=77GI2P7SIBY24OG23CAHM2DFVY7FN4RJXG42V2PV2ZKKQDSH6NOZG465KWMUFCQA6PU22DYZQ3V5E\" target=\"_blank\" rel=\"noopener noreferrer\" data-auth=\"NotApplicable\" data-linkindex=\"9\">Comentario de Pol\u00edtica de Mauricio Morales\u00a0Quiroga, director del Centro de An\u00e1lisis Pol\u00edtico\u00a0(CAP-UTalca).<\/a>\u00a0<\/div><div>\u00a0<\/div><div><b>CANAL MEGA<\/b>\u00a0<br \/><a id=\"OWA397f5b59-376f-dc72-9588-c7c939b47f9c\" title=\"https:\/\/www.litoralpress.cl\/sitio\/RadioTV_Detalles.cshtml?LPKey=ORJUS22KN23IE3XPFPBC5JIQXGHYF6TUIT5BS2XJ4YUNYNT77J7FQD2UT3UEHSEYEIFI666QTL6QC\" href=\"https:\/\/www.litoralpress.cl\/sitio\/RadioTV_Detalles.cshtml?LPKey=ORJUS22KN23IE3XPFPBC5JIQXGHYF6TUIT5BS2XJ4YUNYNT77J7FQD2UT3UEHSEYEIFI666QTL6QC\" target=\"_blank\" rel=\"noopener noreferrer\" data-auth=\"NotApplicable\" data-linkindex=\"10\">Hoy los candidatos presidenciales participan en el debate de la ARCHI. Se refiere\u00a0Mauricio Morales Quiroga, director del Centro de An\u00e1lisis Pol\u00edtico (CAP-UTalca).<\/a>\u00a0<\/div><div>\u00a0<\/div><div><b>CGTN NOTICIAS<\/b>\u00a0<br \/><a id=\"OWA636c43b7-4c1d-f8f8-6ce0-f99ea16087e8\" title=\"https:\/\/www.litoralpress.cl\/sitio\/RadioTV_Detalles.cshtml?LPKey=JZG65PY7PFW6XCNSF4KV2CIMWEQI7DK5MT4B4C3UIKV7JSJC62S36PRSVKGOE5PJDUH2RLUIJNXB4\" href=\"https:\/\/www.litoralpress.cl\/sitio\/RadioTV_Detalles.cshtml?LPKey=JZG65PY7PFW6XCNSF4KV2CIMWEQI7DK5MT4B4C3UIKV7JSJC62S36PRSVKGOE5PJDUH2RLUIJNXB4\" target=\"_blank\" rel=\"noopener noreferrer\" data-auth=\"NotApplicable\" data-linkindex=\"11\">Chile se consolida como el pa\u00eds con la red 5G m\u00e1s r\u00e1pida de Am\u00e9rica Latina. Se refiere\u00a0Camila Aliaga, directora de la Escuela de Ingenier\u00eda Civil en Sistemas Inteligentes,<\/a>\u202f\u00a0<\/div><div>\u00a0<\/div><div><b>CANAL 30 LINARES<\/b>\u00a0<br \/><a id=\"OWA795d9e70-a205-01ae-c223-7c666f4a04bc\" title=\"https:\/\/www.litoralpress.cl\/sitio\/RadioTV_Detalles.cshtml?LPKey=PADIM7MBEVKZXJ73OG6MA36QI6ATFZ3TIIUNYG7HM7IAXYBZAPZKYLOCXZ2ZVS4AGUVZRGRFZSUTU\" href=\"https:\/\/www.litoralpress.cl\/sitio\/RadioTV_Detalles.cshtml?LPKey=PADIM7MBEVKZXJ73OG6MA36QI6ATFZ3TIIUNYG7HM7IAXYBZAPZKYLOCXZ2ZVS4AGUVZRGRFZSUTU\" target=\"_blank\" rel=\"noopener noreferrer\" data-auth=\"NotApplicable\" data-linkindex=\"12\">Investigadores abordan desaf\u00edos e innovaciones en el agro.\u00a0Se refiere Alejandro del Pozo Lira, director del Centro de Mejoramiento Gen\u00e9tico y Fen\u00f3mica Vegetal<\/a>\u00a0<\/div><div>\u00a0<\/div><div><b>DIARIO FRUT\u00cdCOLA<\/b>\u00a0<br \/><a id=\"OWAfe9dfa4c-c6e3-8295-69c1-3c3f17fecbad\" title=\"https:\/\/www.diariofruticola.cl\/noticia\/imagen-del-dia\/2025\/11\/nutricion-a-tiempo-en-fruta-de-exportacion-cerezos-y-manzanos\" href=\"https:\/\/www.diariofruticola.cl\/noticia\/imagen-del-dia\/2025\/11\/nutricion-a-tiempo-en-fruta-de-exportacion-cerezos-y-manzanos\" target=\"_blank\" rel=\"noopener noreferrer\" data-auth=\"NotApplicable\" data-linkindex=\"13\">Nutrici\u00f3n a tiempo, en fruta de exportaci\u00f3n: cerezos y manzanos. Se refiere Daniela Simeone, investigadora del Centro de Pom\u00e1ceas.<\/a>\u00a0<\/div><div>\u00a0<\/div><div><b>DIARIO TALCA<\/b>\u00a0<br \/><a id=\"OWAf866547a-0705-51e5-447c-783d47b54554\" title=\"https:\/\/diariotalca.cl\/mop-constituye-mesa-estrategica-de-recursos-hidricos-de-la-cuenca-del-rio-maule\/\" href=\"https:\/\/diariotalca.cl\/mop-constituye-mesa-estrategica-de-recursos-hidricos-de-la-cuenca-del-rio-maule\/\" target=\"_blank\" rel=\"noopener noreferrer\" data-auth=\"NotApplicable\" data-linkindex=\"14\">MOP constituye Mesa Estrat\u00e9gica de Recursos H\u00eddricos de la cuenca del r\u00edo Maule.\u00a0Se refiere Claudia Sang\u00fcesa, investigadora del Centro Tecnol\u00f3gico de Hidrolog\u00eda Ambiental<\/a>\u00a0<\/div><div>\u00a0<\/div><div><b>VIVIMOS LA NOTICIA<\/b>\u00a0<br \/><a id=\"OWAd43fd06b-c450-9e53-ead6-3a14b154ea94\" title=\"https:\/\/www.vlnradio.cl\/noticias\/nacional\/2025\/11\/04\/permisos-de-edificacion-en-chile-caen-al-menor-nivel-en-anos-la-crisis-de-la-construccion-profundiza-el-problema-de-la-vivienda-y-el-empleo\/\" href=\"https:\/\/www.vlnradio.cl\/noticias\/nacional\/2025\/11\/04\/permisos-de-edificacion-en-chile-caen-al-menor-nivel-en-anos-la-crisis-de-la-construccion-profundiza-el-problema-de-la-vivienda-y-el-empleo\/\" target=\"_blank\" rel=\"noopener noreferrer\" data-auth=\"NotApplicable\" data-linkindex=\"15\">Permisos de edificaci\u00f3n en Chile caen al menor nivel en a\u00f1os: La crisis de la construcci\u00f3n profundiza el problema de la vivienda y el empleo. Se refiere armando Dur\u00e1n Bustamante, acad\u00e9mico de la Facultad de Ingenier\u00eda.<\/a>\u00a0\u00a0<\/div><div>\u00a0<\/div><div><b>LA PRENSA DE CURIC\u00d3<\/b>\u00a0<br \/><a id=\"OWA3333722e-a4d5-aa2f-971b-5ae0103bc22a\" title=\"https:\/\/www.litoralpress.cl\/paginaconsultas\/Servicios_NClipWeb\/Get_Imagen_Nota.aspx?LPKey=4N2Q7BSMBAHGX2YTQGW3HBBYSN5EN2HIAHPTD2RXGJ2333VLD5C2XH3TF2TF5HFDLY32RDNUSG4LO\" href=\"https:\/\/www.litoralpress.cl\/paginaconsultas\/Servicios_NClipWeb\/Get_Imagen_Nota.aspx?LPKey=4N2Q7BSMBAHGX2YTQGW3HBBYSN5EN2HIAHPTD2RXGJ2333VLD5C2XH3TF2TF5HFDLY32RDNUSG4LO\" target=\"_blank\" rel=\"noopener noreferrer\" data-auth=\"NotApplicable\" data-linkindex=\"16\">Sucede. Se menciona la Universidad de Talca.<\/a>\u00a0<\/div><div>\u00a0<\/div><div><b>LA PRENSA DE CURIC\u00d3<\/b>\u00a0<br \/><a id=\"OWA74a09f29-be62-28af-3764-912215364b9f\" title=\"https:\/\/www.litoralpress.cl\/paginaconsultas\/Servicios_NClipWeb\/Get_Imagen_Nota.aspx?LPKey=53JVEOAJNMSZK34T6XMVXTP5WTSW6FPTSWGBDDLHJMSOW7HK37TBYD77YYVA4VYGVZ3PLN6XKAWZ2\" href=\"https:\/\/www.litoralpress.cl\/paginaconsultas\/Servicios_NClipWeb\/Get_Imagen_Nota.aspx?LPKey=53JVEOAJNMSZK34T6XMVXTP5WTSW6FPTSWGBDDLHJMSOW7HK37TBYD77YYVA4VYGVZ3PLN6XKAWZ2\" target=\"_blank\" rel=\"noopener noreferrer\" data-auth=\"NotApplicable\" data-linkindex=\"17\">Concejala: &#8220;Yo digo que todo empieza en esa casa y ah\u00ed tienen que empezar a investigar nuevamente&#8221;. Se menciona la Universidad de Talca.<\/a>\u00a0<\/div><div>\u00a0<\/div><div><b>LA PRENSA DE CURIC\u00d3<\/b>\u00a0<br \/><a id=\"OWA8addb69d-ce39-b785-a99e-92a37449ec6f\" title=\"https:\/\/www.litoralpress.cl\/paginaconsultas\/Servicios_NClipWeb\/Get_Imagen_Nota.aspx?LPKey=V2IRIX3SPZ7X5V6TP6UAMHRCH26BZXSJSPMO6RZLAA4GYLLUL76VIU2756PCAISRQ62IX4TRT6TNK\" href=\"https:\/\/www.litoralpress.cl\/paginaconsultas\/Servicios_NClipWeb\/Get_Imagen_Nota.aspx?LPKey=V2IRIX3SPZ7X5V6TP6UAMHRCH26BZXSJSPMO6RZLAA4GYLLUL76VIU2756PCAISRQ62IX4TRT6TNK\" target=\"_blank\" rel=\"noopener noreferrer\" data-auth=\"NotApplicable\" data-linkindex=\"18\">Obra de teatro &#8220;La Aventura de Leer&#8221; se presenta este jueves. Se menciona la Universidad de Talca.<\/a>\u00a0<\/div><div>\u00a0<\/div><div><b>LAS NOTICIAS<\/b>\u00a0<br \/><a id=\"OWAa2368acc-e720-d059-51ce-2165efde30c2\" title=\"https:\/\/www.litoralpress.cl\/paginaconsultas\/Servicios_NClipWeb\/Get_Imagen_Nota.aspx?LPKey=6HUV6ZPQJD25WTRLPDHATASFFTRFH5JXYNP3NQQFNC6GILHFXHHPCJVQST7JV3HNO223E5VZ5IIRI\" href=\"https:\/\/www.litoralpress.cl\/paginaconsultas\/Servicios_NClipWeb\/Get_Imagen_Nota.aspx?LPKey=6HUV6ZPQJD25WTRLPDHATASFFTRFH5JXYNP3NQQFNC6GILHFXHHPCJVQST7JV3HNO223E5VZ5IIRI\" target=\"_blank\" rel=\"noopener noreferrer\" data-auth=\"NotApplicable\" data-linkindex=\"19\">Columnas de Opini\u00f3n: Las debilidades del hombre chileno. Se menciona la Universidad de Talca.<\/a>\u00a0<\/div><div>\u00a0<\/div><div><b>PUBLIMICRO<\/b>\u00a0<br \/><a id=\"OWA630540de-13cc-a080-76f4-63d3a43345ae\" title=\"https:\/\/publimicro.cl\/comision-de-seguridad-aprueba-modernizacion-de-incentivos-y-extension-de-carrera-en-carabineros-de-chile\/\" href=\"https:\/\/publimicro.cl\/comision-de-seguridad-aprueba-modernizacion-de-incentivos-y-extension-de-carrera-en-carabineros-de-chile\/\" target=\"_blank\" rel=\"noopener noreferrer\" data-auth=\"NotApplicable\" data-linkindex=\"20\">Comisi\u00f3n de Seguridad aprueba modernizaci\u00f3n de incentivos y extensi\u00f3n de carrera en Carabineros de Chile. Se menciona la Universidad de Talca.<\/a>\u00a0<\/div><div>\u00a0<\/div><div><b>DIARIO TALCA<\/b>\u00a0<br \/><a id=\"OWA08d38360-bf81-7ce5-5338-e385f84396ce\" title=\"https:\/\/diariotalca.cl\/video-en-talca-aprueban-importante-proyecto-de-ley-en-beneficio-de-carabineros\/\" href=\"https:\/\/diariotalca.cl\/video-en-talca-aprueban-importante-proyecto-de-ley-en-beneficio-de-carabineros\/\" target=\"_blank\" rel=\"noopener noreferrer\" data-auth=\"NotApplicable\" data-linkindex=\"21\">VIDEO En Talca aprueban importante proyecto de ley en beneficio de Carabineros. Se menciona la Universidad de Talca.<\/a>\u00a0<\/div><div>\u00a0<\/div><div><b>DIARIO AL PRENSA<\/b>\u00a0<br \/><a id=\"OWAdc99f1f3-7193-12fb-0839-ff5588a7f2a1\" title=\"https:\/\/new.diariolaprensa.cl\/index.php\/2025\/11\/04\/prima-de-concejala-yo-digo-que-todo-empieza-en-esa-casa-y-ahi-tienen-que-empezar-a-investigar-nuevamente\/\" href=\"https:\/\/new.diariolaprensa.cl\/index.php\/2025\/11\/04\/prima-de-concejala-yo-digo-que-todo-empieza-en-esa-casa-y-ahi-tienen-que-empezar-a-investigar-nuevamente\/\" target=\"_blank\" rel=\"noopener noreferrer\" data-auth=\"NotApplicable\" data-linkindex=\"22\">Prima de concejala: \u201cYo digo que todo empieza en esa casa y ah\u00ed tienen que empezar a investigar nuevamente\u201d. Se menciona la Universidad de Talca.<\/a>\u00a0<\/div><div>\u00a0<\/div><div><b>G5 NOTICIA<\/b>\u00a0<br \/><a id=\"OWA24b55678-1dd4-063b-a161-4f5ad6ba0ac0\" title=\"https:\/\/g5noticias.cl\/2025\/11\/04\/aprender-ciencia-jugando-marble-challenge-el-concurso-que-desafia-la-creatividad-y-la-gravedad\/\" href=\"https:\/\/g5noticias.cl\/2025\/11\/04\/aprender-ciencia-jugando-marble-challenge-el-concurso-que-desafia-la-creatividad-y-la-gravedad\/\" target=\"_blank\" rel=\"noopener noreferrer\" data-auth=\"NotApplicable\" data-linkindex=\"23\">Aprender ciencia jugando: Marble Challenge, el concurso que desaf\u00eda la creatividad y la gravedad. Se menciona la Universidad de Talca.<\/a>\u00a0<\/div><div>\u00a0<\/div><div><b>UNIVERSIDAD CAT\u00d3LICA DEL MAULE<\/b>\u00a0<br \/><a id=\"OWA63dc21be-8c30-7902-26a0-719b520cb1f8\" title=\"https:\/\/portal.ucm.cl\/noticias\/ucm-firma-alianza-inedita-utalca-fortalecer-la-investigacion-la-innovacion-la-transferencia-tecnologica-maule\" href=\"https:\/\/portal.ucm.cl\/noticias\/ucm-firma-alianza-inedita-utalca-fortalecer-la-investigacion-la-innovacion-la-transferencia-tecnologica-maule\" target=\"_blank\" rel=\"noopener noreferrer\" data-auth=\"NotApplicable\" data-linkindex=\"24\">UCM firma alianza in\u00e9dita con UTALCA para fortalecer la investigaci\u00f3n, la innovaci\u00f3n y la transferencia tecnol\u00f3gica en el Maule. Se menciona la Universidad de Talca.<\/a>\u00a0<\/div><div>\u00a0<\/div><div><b>RADIO MAULE SUR<\/b>\u00a0<br \/><a id=\"OWA78861f8a-c167-4aaa-dd2c-f0a4dde819f5\" title=\"https:\/\/www.radiomaulesur.cl\/2025\/11\/ucm-firma-alianza-inedita-con-utalca.html\" href=\"https:\/\/www.radiomaulesur.cl\/2025\/11\/ucm-firma-alianza-inedita-con-utalca.html\" target=\"_blank\" rel=\"noopener noreferrer\" data-auth=\"NotApplicable\" data-linkindex=\"25\">In\u00e9dita alianza entre la UCM y UTalca tendr\u00e1 el foco en fortalecer la investigaci\u00f3n, la innovaci\u00f3n y la transferencia tecnol\u00f3gica en el Maule. Se menciona la Universidad de Talca.<\/a>\u00a0<\/div><div>\u00a0<\/div><div><b>DIARIOS EN RED<\/b>\u00a0<br \/><a id=\"OWA5dd5d629-50b4-9a80-f2e3-0082270f55e7\" title=\"https:\/\/www.diariosenred.com\/comision-de-seguridad-despacha-en-talca-clave-proyecto-para-modernizar\" href=\"https:\/\/www.diariosenred.com\/comision-de-seguridad-despacha-en-talca-clave-proyecto-para-modernizar\" target=\"_blank\" rel=\"noopener noreferrer\" data-auth=\"NotApplicable\" data-linkindex=\"26\">Comisi\u00f3n de seguridad despacha en Talca clave proyecto para modernizar carrera e incentivos de carabineros. Se menciona la Universidad de Talca.<\/a>\u00a0<\/div><div>\u00a0<\/div><div><b>RED MAULE<\/b>\u00a0<br \/><a id=\"OWA3284b11d-666d-e06b-405c-f97c13278d06\" title=\"https:\/\/www.redmaule.com\/comision-de-seguridad-despacha-en-talca-clave-proyecto-para-modernizar\" href=\"https:\/\/www.redmaule.com\/comision-de-seguridad-despacha-en-talca-clave-proyecto-para-modernizar\" target=\"_blank\" rel=\"noopener noreferrer\" data-auth=\"NotApplicable\" data-linkindex=\"27\">Comisi\u00f3n de seguridad despacha en Talca clave proyecto para modernizar carrera e incentivos de carabineros. Se menciona la Universidad de Talca.<\/a>\u00a0<\/div><div>\u00a0<\/div><div><b>RED ARICA<\/b>\u00a0<br \/><a id=\"OWA6d70944a-253e-edca-a0fc-4311f042fc96\" title=\"https:\/\/www.redarica.com\/comision-de-seguridad-despacha-en-talca-clave-proyecto-para-modernizar\" href=\"https:\/\/www.redarica.com\/comision-de-seguridad-despacha-en-talca-clave-proyecto-para-modernizar\" target=\"_blank\" rel=\"noopener noreferrer\" data-auth=\"NotApplicable\" data-linkindex=\"28\">Comisi\u00f3n de seguridad despacha en Talca clave proyecto para modernizar carrera e incentivos de carabineros. Se menciona la Universidad de Talca.<\/a>\u00a0<\/div><div>\u00a0<\/div><div><b>RED LOS R\u00cdOS<\/b>\u00a0<br \/><a id=\"OWA9e4a192e-4bd0-70a5-1ab4-3820413d34be\" title=\"https:\/\/www.redlosrios.com\/comision-de-seguridad-despacha-en-talca-clave-proyecto-para-modernizar\" href=\"https:\/\/www.redlosrios.com\/comision-de-seguridad-despacha-en-talca-clave-proyecto-para-modernizar\" target=\"_blank\" rel=\"noopener noreferrer\" data-auth=\"NotApplicable\" data-linkindex=\"29\">Comisi\u00f3n de seguridad despacha en Talca clave proyecto para modernizar carrera e incentivos de carabineros. Se menciona la Universidad de Talca.<\/a>\u00a0<\/div><div>\u00a0<\/div><div><b>RED OHIGGINS<\/b>\u00a0<br \/><a id=\"OWA01fd7d57-462e-fb68-50d5-043ffd9e17ee\" title=\"https:\/\/www.redohiggins.com\/comision-de-seguridad-despacha-en-talca-clave-proyecto-para-modernizar\" href=\"https:\/\/www.redohiggins.com\/comision-de-seguridad-despacha-en-talca-clave-proyecto-para-modernizar\" target=\"_blank\" rel=\"noopener noreferrer\" data-auth=\"NotApplicable\" data-linkindex=\"30\">Comisi\u00f3n de seguridad despacha en Talca clave proyecto para modernizar carrera e incentivos de carabineros. Se menciona la Universidad de Talca.<\/a>\u00a0<\/div><div>\u00a0<\/div><div><b>UNIVERSIDAD DE VALPARA\u00cdSO<\/b>\u00a0<br \/><a id=\"OWA22f2de24-2f38-045b-ce2a-3372da189ba5\" title=\"https:\/\/www.uv.cl\/archivo-noticias-uv\/28519-especialistas-dialogaron-en-seminario-organizado-en-conjunto-por-facultades-de-derecho-uv-y-pucv\" href=\"https:\/\/www.uv.cl\/archivo-noticias-uv\/28519-especialistas-dialogaron-en-seminario-organizado-en-conjunto-por-facultades-de-derecho-uv-y-pucv\" target=\"_blank\" rel=\"noopener noreferrer\" data-auth=\"NotApplicable\" data-linkindex=\"31\">Especialistas dialogaron en seminario organizado en conjunto por Facultades de Derecho UV y PUCV. Se menciona la Universidad de Talca.<\/a>\u00a0<\/div><div>\u00a0<\/div><div><b>UNIVERSIDAD DE CHILE<\/b>\u00a0<br \/><a id=\"OWA0d144fdf-8097-2793-b361-b1a3b1912ea6\" title=\"https:\/\/ciencias.uchile.cl\/noticias\/234295\/klaus-von-storch-y-el-desarrollo-del-programa-espacial-chileno\" href=\"https:\/\/ciencias.uchile.cl\/noticias\/234295\/klaus-von-storch-y-el-desarrollo-del-programa-espacial-chileno\" target=\"_blank\" rel=\"noopener noreferrer\" data-auth=\"NotApplicable\" data-linkindex=\"32\">Klaus von Storch y el desarrollo del programa espacial chileno en Con Ciencias y Educaci\u00f3n. Se menciona la Universidad de Talca.<\/a>\u00a0<\/div><div>\u00a0<\/div><div><b>EL MAULE INFORMA<\/b>\u00a0<br \/><a id=\"OWA328a666b-e647-620a-f8da-2ff6421409c6\" title=\"https:\/\/elmauleinforma.cl\/ucm-firma-alianza-inedita-con-utalca-para-fortalecer-la-investigacion-la-innovacion-y-la-transferencia-tecnologica-en-el-maule\/\" href=\"https:\/\/elmauleinforma.cl\/ucm-firma-alianza-inedita-con-utalca-para-fortalecer-la-investigacion-la-innovacion-y-la-transferencia-tecnologica-en-el-maule\/\" target=\"_blank\" rel=\"noopener noreferrer\" data-auth=\"NotApplicable\" data-linkindex=\"33\">UCM firma alianza in\u00e9dita con UTALCA para fortalecer la investigaci\u00f3n, la innovaci\u00f3n y la transferencia tecnol\u00f3gica en el Maule. Se menciona la Universidad de Talca.<\/a>\u00a0<\/div><div>\u00a0\u00a0<\/div><div aria-hidden=\"true\">\u00a0<\/div>\t\t\t\t\t\t<\/div>\n\t\t\t\t<\/div>\n\t\t\t\t\t<\/div>\n\t\t<\/div>\n\t\t\t\t\t\t\t<\/div>\n\t\t<\/section>\n\t\t\t\t\t\t<\/div>\n\t\t\t\t\t<\/div>\n\t\t","protected":false},"excerpt":{"rendered":"<p>RADIO LAUTARO\u00a0In\u00e9dita alianza entre la UCM y UTalca tendr\u00e1 el foco en fortalecer la investigaci\u00f3n, la innovaci\u00f3n y la transferencia tecnol\u00f3gica en el Maule. Se menciona la Universidad de Talca.\u00a0\u00a0RADIO MAULE SUR\u00a0Orquesta Sinf\u00f3nica de la UTalca realiz\u00f3 presentaci\u00f3n hist\u00f3rica en Santiago. Se refiere Carlos Torres Fuchslocher, rector y V\u00edctor Hugo Toro, director de la Orquesta &hellip;<\/p>\n<p class=\"read-more\"> <a class=\"\" href=\"https:\/\/www.reportedeprensa.utalca.cl\/?p=12824\"> <span class=\"screen-reader-text\">05 de noviembre 2025<\/span> Read More &raquo;<\/a><\/p>\n","protected":false},"author":1,"featured_media":0,"comment_status":"closed","ping_status":"open","sticky":false,"template":"","format":"standard","meta":{"_monsterinsights_skip_tracking":false,"_monsterinsights_sitenote_active":false,"_monsterinsights_sitenote_note":"","_monsterinsights_sitenote_category":0},"categories":[65],"tags":[],"_links":{"self":[{"href":"https:\/\/www.reportedeprensa.utalca.cl\/index.php?rest_route=\/wp\/v2\/posts\/12824"}],"collection":[{"href":"https:\/\/www.reportedeprensa.utalca.cl\/index.php?rest_route=\/wp\/v2\/posts"}],"about":[{"href":"https:\/\/www.reportedeprensa.utalca.cl\/index.php?rest_route=\/wp\/v2\/types\/post"}],"author":[{"embeddable":true,"href":"https:\/\/www.reportedeprensa.utalca.cl\/index.php?rest_route=\/wp\/v2\/users\/1"}],"replies":[{"embeddable":true,"href":"https:\/\/www.reportedeprensa.utalca.cl\/index.php?rest_route=%2Fwp%2Fv2%2Fcomments&post=12824"}],"version-history":[{"count":4,"href":"https:\/\/www.reportedeprensa.utalca.cl\/index.php?rest_route=\/wp\/v2\/posts\/12824\/revisions"}],"predecessor-version":[{"id":12828,"href":"https:\/\/www.reportedeprensa.utalca.cl\/index.php?rest_route=\/wp\/v2\/posts\/12824\/revisions\/12828"}],"wp:attachment":[{"href":"https:\/\/www.reportedeprensa.utalca.cl\/index.php?rest_route=%2Fwp%2Fv2%2Fmedia&parent=12824"}],"wp:term":[{"taxonomy":"category","embeddable":true,"href":"https:\/\/www.reportedeprensa.utalca.cl\/index.php?rest_route=%2Fwp%2Fv2%2Fcategories&post=12824"},{"taxonomy":"post_tag","embeddable":true,"href":"https:\/\/www.reportedeprensa.utalca.cl\/index.php?rest_route=%2Fwp%2Fv2%2Ftags&post=12824"}],"curies":[{"name":"wp","href":"https:\/\/api.w.org\/{rel}","templated":true}]}}