{"id":12835,"date":"2025-11-06T10:17:11","date_gmt":"2025-11-06T13:17:11","guid":{"rendered":"https:\/\/www.reportedeprensa.utalca.cl\/?p=12835"},"modified":"2025-11-07T10:29:15","modified_gmt":"2025-11-07T13:29:15","slug":"05-de-noviembre-2025-2","status":"publish","type":"post","link":"https:\/\/www.reportedeprensa.utalca.cl\/?p=12835","title":{"rendered":"06 de noviembre 2025"},"content":{"rendered":"\t\t<div data-elementor-type=\"wp-post\" data-elementor-id=\"12835\" class=\"elementor elementor-12835\" data-elementor-settings=\"[]\">\n\t\t\t\t\t\t\t<div class=\"elementor-section-wrap\">\n\t\t\t\t\t\t\t<section class=\"elementor-section elementor-top-section elementor-element elementor-element-bcea1a8 elementor-section-boxed elementor-section-height-default elementor-section-height-default\" data-id=\"bcea1a8\" data-element_type=\"section\">\n\t\t\t\t\t\t<div class=\"elementor-container elementor-column-gap-default\">\n\t\t\t\t\t<div class=\"elementor-column elementor-col-100 elementor-top-column elementor-element elementor-element-e7183bf\" data-id=\"e7183bf\" data-element_type=\"column\">\n\t\t\t<div class=\"elementor-widget-wrap elementor-element-populated\">\n\t\t\t\t\t\t\t\t<div class=\"elementor-element elementor-element-c00a827 elementor-widget elementor-widget-text-editor\" data-id=\"c00a827\" data-element_type=\"widget\" data-widget_type=\"text-editor.default\">\n\t\t\t\t<div class=\"elementor-widget-container\">\n\t\t\t\t\t\t\t\t<div><b data-olk-copy-source=\"MessageBody\">CANAL NTV<\/b>\u00a0<br \/><a id=\"OWA4a9e7481-8658-3222-f31e-4f52d550338d\" title=\"https:\/\/www.litoralpress.cl\/sitio\/RadioTV_Detalles.cshtml?LPKey=Y3FR444VGROMAU6SM4HRLCWG6YULRO4O472X4BNPAOGXNPSYZYV4KT7SBZ5UF7THXNQVNXEPHXVCG\" href=\"https:\/\/www.litoralpress.cl\/sitio\/RadioTV_Detalles.cshtml?LPKey=Y3FR444VGROMAU6SM4HRLCWG6YULRO4O472X4BNPAOGXNPSYZYV4KT7SBZ5UF7THXNQVNXEPHXVCG\" target=\"_blank\" rel=\"noopener noreferrer\" data-auth=\"NotApplicable\" data-linkindex=\"0\">Entrevista a Camila Aliaga, directora de la Escuela en Sistemas Inteligentes y Videojuegos.<\/a>\u00a0<\/div><div>\u00a0<\/div><div><b>DIARIO EL HERALDO<\/b>\u00a0<br \/><a id=\"OWAabbde9d0-5f29-8a50-ae0e-3768ad85c1db\" title=\"https:\/\/www.diarioelheraldo.cl\/noticia\/orquesta-sinfonica-de-la-utalca-realizo-presentacion-historica-en-santiago\" href=\"https:\/\/www.diarioelheraldo.cl\/noticia\/orquesta-sinfonica-de-la-utalca-realizo-presentacion-historica-en-santiago\" target=\"_blank\" rel=\"noopener noreferrer\" data-auth=\"NotApplicable\" data-linkindex=\"1\">Orquesta Sinf\u00f3nica de la\u00a0UTalca\u00a0realiz\u00f3 presentaci\u00f3n hist\u00f3rica en Santiago.\u00a0Se refiere Carlos Torres\u00a0Fuchslocher, rector y V\u00edctor Hugo Toro, director de la Orquesta Sinf\u00f3nica.<\/a>\u00a0<\/div><div>\u00a0<\/div><div><b>TIERRA AMARILLANO<\/b>\u00a0<br \/><a id=\"OWA285326e3-6942-2b09-0cc0-b4743820da54\" title=\"https:\/\/tierramarillano.cl\/2025\/11\/05\/orquesta-sinfonica-de-la-utalca-realizo-presentacion-historica-en-santiago\/\" href=\"https:\/\/tierramarillano.cl\/2025\/11\/05\/orquesta-sinfonica-de-la-utalca-realizo-presentacion-historica-en-santiago\/\" target=\"_blank\" rel=\"noopener noreferrer\" data-auth=\"NotApplicable\" data-linkindex=\"2\">Orquesta Sinf\u00f3nica de la\u00a0UTalca\u00a0realiz\u00f3 presentaci\u00f3n hist\u00f3rica en Santiago.\u00a0Se refiere Carlos Torres\u00a0Fuchslocher, rector y V\u00edctor Hugo Toro, director de la Orquesta Sinf\u00f3nica.<\/a>\u00a0<\/div><div>\u00a0<\/div><div><b>EL MAULE INFORMA<\/b>\u00a0<br \/><a id=\"OWAfcbb9096-c0ba-1709-ab3e-e7ac4fc089cf\" title=\"https:\/\/elmauleinforma.cl\/orquesta-sinfonica-de-la-utalca-realizo-presentacion-historica-en-santiago\/\" href=\"https:\/\/elmauleinforma.cl\/orquesta-sinfonica-de-la-utalca-realizo-presentacion-historica-en-santiago\/\" target=\"_blank\" rel=\"noopener noreferrer\" data-auth=\"NotApplicable\" data-linkindex=\"3\">Orquesta Sinf\u00f3nica de la\u00a0UTalca\u00a0realiz\u00f3 presentaci\u00f3n hist\u00f3rica en Santiago.\u00a0Se refiere Carlos Torres\u00a0Fuchslocher, rector y V\u00edctor Hugo Toro, director de la Orquesta Sinf\u00f3nica.<\/a>\u00a0<\/div><div>\u00a0<\/div><div><b>EL HERALDO<\/b>\u00a0<br \/><a id=\"OWA6067dd4d-d0d0-639f-adca-4d05e6e29da6\" title=\"https:\/\/www.litoralpress.cl\/paginaconsultas\/Servicios_NClipWeb\/Get_Imagen_Nota.aspx?LPKey=DU35TH3HKTTX36SV6TEBPIU5PWAZOZULS7EQ6NP2UKX4PZSXC6M7QY23FYKW44WKPGXBKZ2R6QLIK\" href=\"https:\/\/www.litoralpress.cl\/paginaconsultas\/Servicios_NClipWeb\/Get_Imagen_Nota.aspx?LPKey=DU35TH3HKTTX36SV6TEBPIU5PWAZOZULS7EQ6NP2UKX4PZSXC6M7QY23FYKW44WKPGXBKZ2R6QLIK\" target=\"_blank\" rel=\"noopener noreferrer\" data-auth=\"NotApplicable\" data-linkindex=\"4\">Orquesta Sinf\u00f3nica de la\u00a0UTalca\u00a0realiz\u00f3 una importante e hist\u00f3rica presentaci\u00f3n en Santiago.\u00a0Se refiere Carlos Torres\u00a0Fuchslocher, rector y V\u00edctor Hugo Toro, director de la Orquesta Sinf\u00f3nica.<\/a>\u00a0<\/div><div>\u00a0<\/div><div><b>MAULE HOY<\/b>\u00a0<br \/><a id=\"OWA7fce3bc3-a0e4-4586-84c1-bbe58b39aa8f\" title=\"https:\/\/www.litoralpress.cl\/paginaconsultas\/Servicios_NClipWeb\/Get_Imagen_Nota.aspx?LPKey=HHDGUGU35I6APPCHBZ5ZIB27OY5S7BHIBTVH4WBYDIQPDM3S5B3HX6KZKLM634QEIQKWBM5XWP23I\" href=\"https:\/\/www.litoralpress.cl\/paginaconsultas\/Servicios_NClipWeb\/Get_Imagen_Nota.aspx?LPKey=HHDGUGU35I6APPCHBZ5ZIB27OY5S7BHIBTVH4WBYDIQPDM3S5B3HX6KZKLM634QEIQKWBM5XWP23I\" target=\"_blank\" rel=\"noopener noreferrer\" data-auth=\"NotApplicable\" data-linkindex=\"5\">Orquesta Sinf\u00f3nica de la\u00a0UTalca\u00a0realiz\u00f3 una importante e hist\u00f3rica presentaci\u00f3n en Santiago.\u00a0Se refiere Carlos Torres\u00a0Fuchslocher, rector y V\u00edctor Hugo Toro, director de la Orquesta Sinf\u00f3nica.<\/a>\u00a0<\/div><div>\u00a0<\/div><div><b>TVN RED MAULE<\/b>\u00a0<br \/><a id=\"OWA233ca9e9-29a8-ed8e-2945-7e1a556f2f3a\" title=\"https:\/\/www.litoralpress.cl\/sitio\/RadioTV_Detalles.cshtml?LPKey=BD3WK6BV3GPMSNM6APBPJDOYISSJUCEISMJKG5OQ64FQD3GX4YTIPFFBMTQNSNVLBNOMZJTFYSQFQ\" href=\"https:\/\/www.litoralpress.cl\/sitio\/RadioTV_Detalles.cshtml?LPKey=BD3WK6BV3GPMSNM6APBPJDOYISSJUCEISMJKG5OQ64FQD3GX4YTIPFFBMTQNSNVLBNOMZJTFYSQFQ\" target=\"_blank\" rel=\"noopener noreferrer\" data-auth=\"NotApplicable\" data-linkindex=\"6\">Tres fallecidos deja siniestro vial en Molina. Se refiere Jessica Z\u00fa\u00f1iga, acad\u00e9mica Departamento de Ciencias Biom\u00e9dicas\u00a0UTalca<\/a>\u00a0\u00a0<\/div><div>\u00a0<\/div><div><b>NOTICIA CLAVE<\/b>\u00a0<br \/><a id=\"OWA5ccbb6c4-62b3-3186-0bdf-f1a325899377\" title=\"https:\/\/noticiaclave.cl\/alerta-por-riesgo-de-salmonella-en-huevos-sin-control-sanitario-importados-y-sin-trazabilidad\/\" href=\"https:\/\/noticiaclave.cl\/alerta-por-riesgo-de-salmonella-en-huevos-sin-control-sanitario-importados-y-sin-trazabilidad\/\" target=\"_blank\" rel=\"noopener noreferrer\" data-auth=\"NotApplicable\" data-linkindex=\"7\">Alerta por riesgo de Salmonella en huevos sin control sanitario importados y sin trazabilidad. Se refiere Cecilia Valenzuela, acad\u00e9mica de la Escuela de Nutrici\u00f3n y Diet\u00e9tica.<\/a>\u00a0<\/div><div>\u00a0<\/div><div><b>DIARIO EL CENTRO<\/b>\u00a0<br \/><a id=\"OWAa2e8bcf8-b2b3-c23f-9de4-66b9ff01b17d\" title=\"https:\/\/www.diarioelcentro.cl\/2025\/11\/05\/alerta-por-venta-de-huevos-sin-control-sanitario-y-posible-contagio-de-salmonella-sag-decomisa-mas-de-un-millon-de-huevos-ilegales\/\" href=\"https:\/\/www.diarioelcentro.cl\/2025\/11\/05\/alerta-por-venta-de-huevos-sin-control-sanitario-y-posible-contagio-de-salmonella-sag-decomisa-mas-de-un-millon-de-huevos-ilegales\/\" target=\"_blank\" rel=\"noopener noreferrer\" data-auth=\"NotApplicable\" data-linkindex=\"8\">Alerta por venta de huevos sin control sanitario y posible contagio de salmonella: SAG decomisa m\u00e1s de un mill\u00f3n de huevos ilegales. Se refiere Cecilia Valenzuela, acad\u00e9mica de la Escuela de Nutrici\u00f3n y Diet\u00e9tica.<\/a>\u00a0<\/div><div>\u00a0<\/div><div><b>EL MAULE INFORMA<\/b>\u00a0<br \/><a id=\"OWA039ae0df-db03-1a8d-c250-6faf72159091\" title=\"https:\/\/elmauleinforma.cl\/advierten-riesgo-de-salmonella-en-huevos-sin-control-sanitario\/\" href=\"https:\/\/elmauleinforma.cl\/advierten-riesgo-de-salmonella-en-huevos-sin-control-sanitario\/\" target=\"_blank\" rel=\"noopener noreferrer\" data-auth=\"NotApplicable\" data-linkindex=\"9\">Advierten riesgo de salmonella en huevos sin control sanitario. Se refiere Cecilia Valenzuela, acad\u00e9mica de la Escuela de Nutrici\u00f3n y Diet\u00e9tica.<\/a>\u00a0<\/div><div>\u00a0<\/div><div><b>MEDIABANCO<\/b>\u00a0<br \/><a id=\"OWA50bc2dad-08a2-3a2b-7dc1-96d90dfa428b\" title=\"https:\/\/www.mediabanco.com\/advierten-riesgo-de-salmonella-en-huevos-sin-control-sanitario\/\" href=\"https:\/\/www.mediabanco.com\/advierten-riesgo-de-salmonella-en-huevos-sin-control-sanitario\/\" target=\"_blank\" rel=\"noopener noreferrer\" data-auth=\"NotApplicable\" data-linkindex=\"10\">Advierten riesgo de salmonella en huevos sin control sanitario. Se refiere Cecilia Valenzuela, acad\u00e9mica de la Escuela de Nutrici\u00f3n y Diet\u00e9tica.<\/a>\u00a0<\/div><div>\u00a0<\/div><div><b>EMOL<\/b>\u00a0<br \/><a id=\"OWA4215f114-4433-e583-56f2-9055bcef9d2c\" title=\"https:\/\/www.emol.com\/noticias\/Nacional\/2025\/11\/04\/1182307\/jara-refuerza-desmarque-gobierno.html\" href=\"https:\/\/www.emol.com\/noticias\/Nacional\/2025\/11\/04\/1182307\/jara-refuerza-desmarque-gobierno.html\" target=\"_blank\" rel=\"noopener noreferrer\" data-auth=\"NotApplicable\" data-linkindex=\"11\">Jara entra en modo segunda vuelta: Endurece cr\u00edticas contra el Gobierno ante riesgo de estancarse en el 30%. Se refiere Mario Herrera Mu\u00f1oz, acad\u00e9mico del Centro de An\u00e1lisis Pol\u00edtico (CAP-UTalca).<\/a>\u00a0<\/div><div>\u00a0<\/div><div><b>EL DIARIO DE SANTIAGO<\/b>\u00a0<br \/><a id=\"OWAd29ce39d-3c5c-dc0a-02bc-ccb9b523fe2d\" title=\"https:\/\/eldiariodesantiago.cl\/2025\/11\/05\/lo-que-dejo-el-debate-archi-kaiser-gana-puntos-en-la-lucha-de-la-derecha-y-jara-se-sabe-en-segunda-vuelta\/\" href=\"https:\/\/eldiariodesantiago.cl\/2025\/11\/05\/lo-que-dejo-el-debate-archi-kaiser-gana-puntos-en-la-lucha-de-la-derecha-y-jara-se-sabe-en-segunda-vuelta\/\" target=\"_blank\" rel=\"noopener noreferrer\" data-auth=\"NotApplicable\" data-linkindex=\"12\">Lo que dej\u00f3 el debate ARCHI: Kaiser gana puntos en la lucha de la derecha y Jara se sabe en segunda vuelta. Se refiere Mario Herrera Mu\u00f1oz, acad\u00e9mico del Centro de An\u00e1lisis Pol\u00edtico (CAP-UTalca).<\/a>\u00a0<\/div><div>\u00a0<\/div><div><b>RADIO BIOB\u00cdO<\/b>\u00a0<br \/><a id=\"OWA4b6396b1-1007-a5ba-0e92-f530c462efb2\" title=\"https:\/\/www.litoralpress.cl\/sitio\/RadioTV_Detalles.cshtml?LPKey=CNGICWP77EY73M6SRP7Z4OU63FDRQSRCTSAPWMTFQ2SF3MNBGMWE2PAQR2QYYHEK46EY3OCF723KE\" href=\"https:\/\/www.litoralpress.cl\/sitio\/RadioTV_Detalles.cshtml?LPKey=CNGICWP77EY73M6SRP7Z4OU63FDRQSRCTSAPWMTFQ2SF3MNBGMWE2PAQR2QYYHEK46EY3OCF723KE\" target=\"_blank\" rel=\"noopener noreferrer\" data-auth=\"NotApplicable\" data-linkindex=\"13\">Los partidos de la alianza de Gobierno est\u00e1n prepar\u00e1ndose para enfrentar la elecci\u00f3n parlamentaria. Se refiere Mario Herrera Mu\u00f1oz, acad\u00e9mico del Centro de An\u00e1lisis Pol\u00edtico (CAP-UTalca).<\/a>\u00a0<\/div><div aria-hidden=\"true\">\u00a0<\/div><div><b>RADIO LAUTARO<\/b>\u00a0<br \/><a id=\"OWA1f8a21f6-bed8-41a5-1203-612b7a01039c\" title=\"https:\/\/radiolautarotalca.cl\/epidemiologa-analizo-la-exitosa-campana-de-vacunacion-contra-el-virus-sincicial\/\" href=\"https:\/\/radiolautarotalca.cl\/epidemiologa-analizo-la-exitosa-campana-de-vacunacion-contra-el-virus-sincicial\/\" target=\"_blank\" rel=\"noopener noreferrer\" data-auth=\"NotApplicable\" data-linkindex=\"14\">Epidemi\u00f3loga analiz\u00f3 la exitosa campa\u00f1a de vacunaci\u00f3n contra el virus sincicial. Se refiere \u00c9rika Retamal, directora del Departamento de Salud P\u00fablica.<\/a>\u00a0<\/div><div>\u00a0<\/div><div>\u00a0<b>LA PRENSA DE CURIC\u00d3<\/b>\u00a0<br \/><a id=\"OWA330fd75e-0d57-3ee6-928b-2c4e2f4e1243\" title=\"https:\/\/www.litoralpress.cl\/paginaconsultas\/Servicios_NClipWeb\/Get_Imagen_Nota.aspx?LPKey=BWXOSR4DRSZQPLF2ZP6RVMLGE4LFC3PYCUN642MMGBOFWXTAFTLT6A7IOO64IHBFPRDDLFJMAA33I\" href=\"https:\/\/www.litoralpress.cl\/paginaconsultas\/Servicios_NClipWeb\/Get_Imagen_Nota.aspx?LPKey=BWXOSR4DRSZQPLF2ZP6RVMLGE4LFC3PYCUN642MMGBOFWXTAFTLT6A7IOO64IHBFPRDDLFJMAA33I\" target=\"_blank\" rel=\"noopener noreferrer\" data-auth=\"NotApplicable\" data-linkindex=\"15\">Sucede. Se menciona la Universidad de Talca.<\/a>\u00a0<\/div><div>\u00a0<\/div><div><b>LA PRENSA DE CURIC\u00d3<\/b>\u00a0<br \/><a id=\"OWA061a83ae-d471-2a4a-5cd2-b5ac334dfb2d\" title=\"https:\/\/www.litoralpress.cl\/sitio\/Prensa_Cortes.cshtml?LPKey=XXDHX4TUSIENUI4G3Z7UUBKU6ZWSSVMVXVLFRAYZ3ZPWVA7V4QCA\" href=\"https:\/\/www.litoralpress.cl\/sitio\/Prensa_Cortes.cshtml?LPKey=XXDHX4TUSIENUI4G3Z7UUBKU6ZWSSVMVXVLFRAYZ3ZPWVA7V4QCA\" target=\"_blank\" rel=\"noopener noreferrer\" data-auth=\"NotApplicable\" data-linkindex=\"16\">Invitan a nueva versi\u00f3n de Festival Latinoamericano de Poes\u00eda. Se menciona la Universidad de Talca.<\/a>\u00a0<\/div><div>\u00a0<\/div><div><b>DIARIO TALCA<\/b>\u00a0<br \/><a id=\"OWA8d3fa269-ef1b-789b-759d-23a9208c4e12\" title=\"https:\/\/diariotalca.cl\/ucm-firma-alianza-inedita-con-utalca-para-fortalecer-la-investigacion-en-el-maule\/\" href=\"https:\/\/diariotalca.cl\/ucm-firma-alianza-inedita-con-utalca-para-fortalecer-la-investigacion-en-el-maule\/\" target=\"_blank\" rel=\"noopener noreferrer\" data-auth=\"NotApplicable\" data-linkindex=\"17\">UCM firma alianza in\u00e9dita con\u00a0UTalca\u00a0para fortalecer la investigaci\u00f3n en el Maule. Se menciona la Universidad de Talca.<\/a>\u00a0<\/div><div>\u00a0<\/div><div><b>EL INSULAR<\/b>\u00a0<br \/><a id=\"OWA6dd57dc5-6c80-bd9b-7e91-813d67c35d38\" title=\"https:\/\/elinsular.cl\/fogon-cultural\/2025\/11\/05\/explorar-en-los-interiores\/\" href=\"https:\/\/elinsular.cl\/fogon-cultural\/2025\/11\/05\/explorar-en-los-interiores\/\" target=\"_blank\" rel=\"noopener noreferrer\" data-auth=\"NotApplicable\" data-linkindex=\"18\">Explorar en los interiores. Se menciona la Universidad de Talca.<\/a>\u00a0<\/div><div>\u00a0<\/div><div><b>CAUQUENES.NET<\/b>\u00a0<br \/><a id=\"OWA79abc8c0-7fd8-33a5-c533-f02ecaee0a78\" title=\"https:\/\/cauquenesnet.cl\/2025\/11\/05\/ucm-y-utalca-firman-alianza-inedita-para-fortalecer-la-investigacion-la-innovacion-y-la-transferencia-tecnologica-en-el-maule\/+\" href=\"https:\/\/cauquenesnet.cl\/2025\/11\/05\/ucm-y-utalca-firman-alianza-inedita-para-fortalecer-la-investigacion-la-innovacion-y-la-transferencia-tecnologica-en-el-maule\/+\" target=\"_blank\" rel=\"noopener noreferrer\" data-auth=\"NotApplicable\" data-linkindex=\"19\">UCM y UTALCA firman alianza in\u00e9dita para fortalecer la investigaci\u00f3n, la innovaci\u00f3n y la transferencia tecnol\u00f3gica en el Maule. Se menciona la Universidad de Talca.<\/a>\u00a0<\/div><div>\u00a0<\/div><div><b>REVISTA ECOCIENCIAS<\/b>\u00a0<br \/><a id=\"OWA4fc84e45-59d6-f87d-713f-2b0a21fa9a01\" title=\"https:\/\/revistaecociencias.cl\/2025\/11\/05\/transformar-el-desecho-en-oportunidad-proyecto-en-antofagasta-convierte-salmuera-de-plantas-desaladoras-en-biotecnologia-de-vanguardia\/\" href=\"https:\/\/revistaecociencias.cl\/2025\/11\/05\/transformar-el-desecho-en-oportunidad-proyecto-en-antofagasta-convierte-salmuera-de-plantas-desaladoras-en-biotecnologia-de-vanguardia\/\" target=\"_blank\" rel=\"noopener noreferrer\" data-auth=\"NotApplicable\" data-linkindex=\"20\">Transformar el desecho en oportunidad: proyecto en Antofagasta convierte salmuera de plantas desaladoras en biotecnolog\u00eda de vanguardia. Se menciona la Universidad de Talca.<\/a>\u00a0<\/div><div>\u00a0<\/div><div><b>DIARIO EL AM\u00c9RICA<\/b>\u00a0<br \/><a id=\"OWA17239906-a812-3f3b-3572-689783c956d4\" title=\"https:\/\/elamerica.cl\/chile-certifica-50-campus-sustentables-y-consolida-su-liderazgo-en-educacion-superior-comprometida-con-la-accion-climatica\/\" href=\"https:\/\/elamerica.cl\/chile-certifica-50-campus-sustentables-y-consolida-su-liderazgo-en-educacion-superior-comprometida-con-la-accion-climatica\/\" target=\"_blank\" rel=\"noopener noreferrer\" data-auth=\"NotApplicable\" data-linkindex=\"21\">Chile certifica 50 campus sustentables y consolida su liderazgo en educaci\u00f3n superior comprometida con la acci\u00f3n clim\u00e1tica. Se menciona la Universidad de Talca.<\/a>\u00a0<\/div><div>\u00a0<\/div><div><b>LA TERCERA ONLINE<\/b>\u00a0<br \/><a id=\"OWAa0300f87-23b5-d5bb-c15a-27c0484681fd\" title=\"https:\/\/www.latercera.com\/nacional\/noticia\/quienes-son-mario-vargas-y-eduardo-lagos-la-dupla-de-abogados-investigados-por-soborno-que-cayeron-por-la-trama-bielorrusa\/\" href=\"https:\/\/www.latercera.com\/nacional\/noticia\/quienes-son-mario-vargas-y-eduardo-lagos-la-dupla-de-abogados-investigados-por-soborno-que-cayeron-por-la-trama-bielorrusa\/\" target=\"_blank\" rel=\"noopener noreferrer\" data-auth=\"NotApplicable\" data-linkindex=\"22\">Qui\u00e9nes son Mario Vargas y Eduardo Lagos, la dupla de abogados investigados por soborno que cayeron por la trama bielorrusa. Se menciona la Universidad de Talca.<\/a>\u00a0<\/div><div>\u00a0<\/div><div><b>EL DESCONCIERTO<\/b>\u00a0<br \/><a id=\"OWAa7c23f10-2e8b-40ca-e375-0d3a895a328c\" title=\"https:\/\/eldesconcierto.cl\/2025\/11\/05\/compromiso-con-la-accion-climatica-chile-certifica-50-campus-sustentables-y-consolida-su-liderazgo-en-educacion-superior\" href=\"https:\/\/eldesconcierto.cl\/2025\/11\/05\/compromiso-con-la-accion-climatica-chile-certifica-50-campus-sustentables-y-consolida-su-liderazgo-en-educacion-superior\" target=\"_blank\" rel=\"noopener noreferrer\" data-auth=\"NotApplicable\" data-linkindex=\"23\">Compromiso con la acci\u00f3n clim\u00e1tica: Chile certifica 50 campus sustentables y consolida su liderazgo en educaci\u00f3n superior. Se menciona la Universidad de Talca<\/a>\u00a0<\/div><div>\u00a0<\/div><div><b>ANTOFAGASTA NOTICIAS<\/b>\u00a0<br \/><a id=\"OWA6e83831f-0191-2e59-c128-a89d57e43dab\" title=\"https:\/\/www.antofagastanoticias.cl\/2025\/11\/05\/chile-certifica-50-campus-sustentables-y-consolida-su-liderazgo-en-educacin-superior-comprometida-con-la-accin-climtica\/44005\" href=\"https:\/\/www.antofagastanoticias.cl\/2025\/11\/05\/chile-certifica-50-campus-sustentables-y-consolida-su-liderazgo-en-educacin-superior-comprometida-con-la-accin-climtica\/44005\" target=\"_blank\" rel=\"noopener noreferrer\" data-auth=\"NotApplicable\" data-linkindex=\"24\">Chile certifica 50 campus sustentables y consolida su liderazgo en educaci\u00f3n superior comprometida con la acci\u00f3n clim\u00e1tica. Se menciona la Universidad de Talca<\/a>\u00a0<\/div><div>\u00a0<\/div><div><b>VALPARA\u00cdSO NOTICIAS<\/b>\u00a0<br \/><a id=\"OWAeca1f985-85cc-484f-83d8-b6b7e489d19f\" title=\"https:\/\/www.valparaisonoticias.cl\/2025\/11\/05\/chile-certifica-50-campus-sustentables-y-consolida-su-liderazgo-en-educacin-superior-comprometida-con-la-accin-climtica\/44005\" href=\"https:\/\/www.valparaisonoticias.cl\/2025\/11\/05\/chile-certifica-50-campus-sustentables-y-consolida-su-liderazgo-en-educacin-superior-comprometida-con-la-accin-climtica\/44005\" target=\"_blank\" rel=\"noopener noreferrer\" data-auth=\"NotApplicable\" data-linkindex=\"25\">Chile certifica 50 campus sustentables y consolida su liderazgo en educaci\u00f3n superior comprometida con la acci\u00f3n clim\u00e1tica. Se menciona la Universidad de Talca<\/a>\u00a0<\/div><div>\u00a0<\/div><div><b>NOTICIA BIOB\u00cdO<\/b>\u00a0<br \/><a id=\"OWA2b904d57-fb91-3f53-7051-52568b95240d\" title=\"https:\/\/noticiasbiobio.cl\/2025\/11\/05\/chile-certifica-50-campus-sustentables-y-consolida-su-liderazgo-en-educacin-superior-comprometida-con-la-accin-climtica\/31792\" href=\"https:\/\/noticiasbiobio.cl\/2025\/11\/05\/chile-certifica-50-campus-sustentables-y-consolida-su-liderazgo-en-educacin-superior-comprometida-con-la-accin-climtica\/31792\" target=\"_blank\" rel=\"noopener noreferrer\" data-auth=\"NotApplicable\" data-linkindex=\"26\">Chile certifica 50 campus sustentables y consolida su liderazgo en educaci\u00f3n superior comprometida con la acci\u00f3n clim\u00e1tica. Se menciona la Universidad de Talca<\/a>\u00a0<\/div><div>\u00a0<\/div><div><b>ARAUCAN\u00cdA NOTICIAS<\/b>\u00a0<br \/>Chile certifica 50 campus sustentables y consolida su liderazgo en educaci\u00f3n superior comprometida con la acci\u00f3n clim\u00e1tica. Se menciona la Universidad de Talca\u00a0<\/div><div>\u00a0<\/div><div><b>LOS LAGOS NOTICIAS<\/b>\u00a0<br \/><a id=\"OWA3eb0da5c-e7a3-2bff-cc5b-18ba479d53cc\" title=\"https:\/\/loslagosnoticias.cl\/2025\/11\/05\/chile-certifica-50-campus-sustentables-y-consolida-su-liderazgo-en-educacin-superior-comprometida-con-la-accin-climtica\/30293\" href=\"https:\/\/loslagosnoticias.cl\/2025\/11\/05\/chile-certifica-50-campus-sustentables-y-consolida-su-liderazgo-en-educacin-superior-comprometida-con-la-accin-climtica\/30293\" target=\"_blank\" rel=\"noopener noreferrer\" data-auth=\"NotApplicable\" data-linkindex=\"27\">Chile certifica 50 campus sustentables y consolida su liderazgo en educaci\u00f3n superior comprometida con la acci\u00f3n clim\u00e1tica. Se menciona la Universidad de Talca<\/a>\u00a0<\/div><div>\u00a0<\/div><div><b>REGIONES NOTICIAS<\/b>\u00a0<br \/><a id=\"OWAadf91672-ba08-11ff-6f01-f146880738a7\" title=\"https:\/\/regionesnoticias.cl\/la-araucania\/2025\/11\/05\/chile-certifica-50-campus-sustentables-y-consolida-su-liderazgo-en-educacion-superior-comprometida-con-la-accion-climatica\/69191\" href=\"https:\/\/regionesnoticias.cl\/la-araucania\/2025\/11\/05\/chile-certifica-50-campus-sustentables-y-consolida-su-liderazgo-en-educacion-superior-comprometida-con-la-accion-climatica\/69191\" target=\"_blank\" rel=\"noopener noreferrer\" data-auth=\"NotApplicable\" data-linkindex=\"28\">Chile certifica 50 campus sustentables y consolida su liderazgo en educaci\u00f3n superior comprometida con la acci\u00f3n clim\u00e1tica. Se menciona la Universidad de Talca<\/a>\u00a0<\/div><div>\u00a0<\/div><div><b>UNIVERSIDAD DE CHILE<\/b>\u00a0<br \/><a id=\"OWA1c4e1c94-1b01-d3fd-c4a7-f0b2f23a8f6b\" title=\"https:\/\/uchile.cl\/noticias\/234338\/senama-adjudica-al-inta-proyecto-sobreatencion-en-eleam-en-chile\" href=\"https:\/\/uchile.cl\/noticias\/234338\/senama-adjudica-al-inta-proyecto-sobreatencion-en-eleam-en-chile\" target=\"_blank\" rel=\"noopener noreferrer\" data-auth=\"NotApplicable\" data-linkindex=\"29\">SENAMA adjudica al INTA proyecto para desarrollar un estudio nacional sobre condiciones de vida y est\u00e1ndares de atenci\u00f3n en ELEAM en Chile. Se menciona la Universidad de Talca.<\/a>\u00a0<\/div><div>\u00a0<\/div><div><b>UNIVERSIDAD DE CHILE\u00a0<\/b>\u00a0<br \/><a id=\"OWAf014abc2-61f7-6467-f730-c43bcb98ded6\" title=\"https:\/\/uchile.cl\/noticias\/234339\/segunda-escuela-de-geometria-primavera-en-las-palmeras-2025\" href=\"https:\/\/uchile.cl\/noticias\/234339\/segunda-escuela-de-geometria-primavera-en-las-palmeras-2025\" target=\"_blank\" rel=\"noopener noreferrer\" data-auth=\"NotApplicable\" data-linkindex=\"30\">Concluye con \u00e9xito la Segunda Escuela de Geometr\u00eda \u201cPrimavera en Las Palmeras\u201d 2025. Se menciona la Universidad de Talca.<\/a>\u00a0<\/div><div>\u00a0<\/div><div><b>TVN<\/b>\u00a0<br \/><a id=\"OWA0026dfa8-0b77-8be9-1180-d3396763b3eb\" title=\"https:\/\/www.tvn.cl\/ntv\/que-sucede\/capitulos\/en-que-sucede-videojuegos-los-cuentos-de-dupu-y-cheerleaders\" href=\"https:\/\/www.tvn.cl\/ntv\/que-sucede\/capitulos\/en-que-sucede-videojuegos-los-cuentos-de-dupu-y-cheerleaders\" target=\"_blank\" rel=\"noopener noreferrer\" data-auth=\"NotApplicable\" data-linkindex=\"31\">En \u00bfQu\u00e9 Sucede?: Videojuegos, los Cuentos de\u00a0Dupu\u00a0y\u00a0cheerleaders\u00a0rumbo a Brasil. Se menciona la Universidad de Talca.<\/a>\u00a0<\/div><div>\u00a0<\/div><div><b>EL MERCURIO<\/b>\u00a0<br \/><a id=\"OWAd91b2e76-d0da-f28b-6cd8-40fdd781b512\" title=\"https:\/\/www.litoralpress.cl\/paginaconsultas\/Servicios_NClipWeb\/Get_Imagen_Nota.aspx?LPKey=Z4BJYILQCSD4MPSCLLA7Z5PMVG3SP74B3MYL7MCV3F2PX6IMANONGK7AC7KD4EZ7SARLGDOP2GT5O\" href=\"https:\/\/www.litoralpress.cl\/paginaconsultas\/Servicios_NClipWeb\/Get_Imagen_Nota.aspx?LPKey=Z4BJYILQCSD4MPSCLLA7Z5PMVG3SP74B3MYL7MCV3F2PX6IMANONGK7AC7KD4EZ7SARLGDOP2GT5O\" target=\"_blank\" rel=\"noopener noreferrer\" data-auth=\"NotApplicable\" data-linkindex=\"32\">Edith Fischer: \u201cEl 2025 ha sido un a\u00f1o lind\u00edsimo\u201d. Se menciona la Universidad de Talca.<\/a>\u00a0<\/div>\t\t\t\t\t\t<\/div>\n\t\t\t\t<\/div>\n\t\t\t\t\t<\/div>\n\t\t<\/div>\n\t\t\t\t\t\t\t<\/div>\n\t\t<\/section>\n\t\t\t\t\t\t<\/div>\n\t\t\t\t\t<\/div>\n\t\t","protected":false},"excerpt":{"rendered":"<p>CANAL NTV\u00a0Entrevista a Camila Aliaga, directora de la Escuela en Sistemas Inteligentes y Videojuegos.\u00a0\u00a0DIARIO EL HERALDO\u00a0Orquesta Sinf\u00f3nica de la\u00a0UTalca\u00a0realiz\u00f3 presentaci\u00f3n hist\u00f3rica en Santiago.\u00a0Se refiere Carlos Torres\u00a0Fuchslocher, rector y V\u00edctor Hugo Toro, director de la Orquesta Sinf\u00f3nica.\u00a0\u00a0TIERRA AMARILLANO\u00a0Orquesta Sinf\u00f3nica de la\u00a0UTalca\u00a0realiz\u00f3 presentaci\u00f3n hist\u00f3rica en Santiago.\u00a0Se refiere Carlos Torres\u00a0Fuchslocher, rector y V\u00edctor Hugo Toro, director de la &hellip;<\/p>\n<p class=\"read-more\"> <a class=\"\" href=\"https:\/\/www.reportedeprensa.utalca.cl\/?p=12835\"> <span class=\"screen-reader-text\">06 de noviembre 2025<\/span> Read More &raquo;<\/a><\/p>\n","protected":false},"author":1,"featured_media":0,"comment_status":"closed","ping_status":"open","sticky":false,"template":"","format":"standard","meta":{"_monsterinsights_skip_tracking":false,"_monsterinsights_sitenote_active":false,"_monsterinsights_sitenote_note":"","_monsterinsights_sitenote_category":0},"categories":[65],"tags":[],"_links":{"self":[{"href":"https:\/\/www.reportedeprensa.utalca.cl\/index.php?rest_route=\/wp\/v2\/posts\/12835"}],"collection":[{"href":"https:\/\/www.reportedeprensa.utalca.cl\/index.php?rest_route=\/wp\/v2\/posts"}],"about":[{"href":"https:\/\/www.reportedeprensa.utalca.cl\/index.php?rest_route=\/wp\/v2\/types\/post"}],"author":[{"embeddable":true,"href":"https:\/\/www.reportedeprensa.utalca.cl\/index.php?rest_route=\/wp\/v2\/users\/1"}],"replies":[{"embeddable":true,"href":"https:\/\/www.reportedeprensa.utalca.cl\/index.php?rest_route=%2Fwp%2Fv2%2Fcomments&post=12835"}],"version-history":[{"count":4,"href":"https:\/\/www.reportedeprensa.utalca.cl\/index.php?rest_route=\/wp\/v2\/posts\/12835\/revisions"}],"predecessor-version":[{"id":12843,"href":"https:\/\/www.reportedeprensa.utalca.cl\/index.php?rest_route=\/wp\/v2\/posts\/12835\/revisions\/12843"}],"wp:attachment":[{"href":"https:\/\/www.reportedeprensa.utalca.cl\/index.php?rest_route=%2Fwp%2Fv2%2Fmedia&parent=12835"}],"wp:term":[{"taxonomy":"category","embeddable":true,"href":"https:\/\/www.reportedeprensa.utalca.cl\/index.php?rest_route=%2Fwp%2Fv2%2Fcategories&post=12835"},{"taxonomy":"post_tag","embeddable":true,"href":"https:\/\/www.reportedeprensa.utalca.cl\/index.php?rest_route=%2Fwp%2Fv2%2Ftags&post=12835"}],"curies":[{"name":"wp","href":"https:\/\/api.w.org\/{rel}","templated":true}]}}