{"id":12844,"date":"2025-11-07T10:29:17","date_gmt":"2025-11-07T13:29:17","guid":{"rendered":"https:\/\/www.reportedeprensa.utalca.cl\/?p=12844"},"modified":"2025-11-07T10:30:34","modified_gmt":"2025-11-07T13:30:34","slug":"07-de-noviembre-2025","status":"publish","type":"post","link":"https:\/\/www.reportedeprensa.utalca.cl\/?p=12844","title":{"rendered":"07 de noviembre 2025"},"content":{"rendered":"\t\t<div data-elementor-type=\"wp-post\" data-elementor-id=\"12844\" class=\"elementor elementor-12844\" data-elementor-settings=\"[]\">\n\t\t\t\t\t\t\t<div class=\"elementor-section-wrap\">\n\t\t\t\t\t\t\t<section class=\"elementor-section elementor-top-section elementor-element elementor-element-bcea1a8 elementor-section-boxed elementor-section-height-default elementor-section-height-default\" data-id=\"bcea1a8\" data-element_type=\"section\">\n\t\t\t\t\t\t<div class=\"elementor-container elementor-column-gap-default\">\n\t\t\t\t\t<div class=\"elementor-column elementor-col-100 elementor-top-column elementor-element elementor-element-e7183bf\" data-id=\"e7183bf\" data-element_type=\"column\">\n\t\t\t<div class=\"elementor-widget-wrap elementor-element-populated\">\n\t\t\t\t\t\t\t\t<div class=\"elementor-element elementor-element-c00a827 elementor-widget elementor-widget-text-editor\" data-id=\"c00a827\" data-element_type=\"widget\" data-widget_type=\"text-editor.default\">\n\t\t\t\t<div class=\"elementor-widget-container\">\n\t\t\t\t\t\t\t\t<div><b data-olk-copy-source=\"MessageBody\">LA PRENSA DE CURIC\u00d3<\/b>\u00a0<br \/><a id=\"OWAe961ee14-5915-2553-0717-cadea80e1fa3\" title=\"https:\/\/www.litoralpress.cl\/paginaconsultas\/Servicios_NClipWeb\/Get_Imagen_Nota.aspx?LPKey=2SL5IJ3HRYRHVB6EES7IXAWCZHB44F3UWPLMLOAGUB5HTQDEUHNTFVQ6NHGOSZ5662CNYWQE24VA4\" href=\"https:\/\/www.litoralpress.cl\/paginaconsultas\/Servicios_NClipWeb\/Get_Imagen_Nota.aspx?LPKey=2SL5IJ3HRYRHVB6EES7IXAWCZHB44F3UWPLMLOAGUB5HTQDEUHNTFVQ6NHGOSZ5662CNYWQE24VA4\" target=\"_blank\" rel=\"noopener noreferrer\" data-auth=\"NotApplicable\" data-linkindex=\"0\">Orquesta Sinf\u00f3nica de la UTalca realiz\u00f3 presentaci\u00f3n hist\u00f3rica en Santiago.\u00a0Se refiere Carlos Torres Fuchslocher, rector y V\u00edctor Hugo Toro, director de la Orquesta Sinf\u00f3nica.<\/a>\u00a0<\/div><div>\u00a0<\/div><div><b>REPORTE AGR\u00cdCOLA<\/b>\u00a0<br \/><a id=\"OWAefae61cf-2b84-c482-5217-8145aa9d9e7f\" title=\"https:\/\/www.reporteagricola.cl\/noticia\/noticias\/2025\/11\/manzanas-chilenas-resistentes-al-calor-buscan-conquistar-mercados-internacionales-ante-desafios-del-cambio-climatico\" href=\"https:\/\/www.reporteagricola.cl\/noticia\/noticias\/2025\/11\/manzanas-chilenas-resistentes-al-calor-buscan-conquistar-mercados-internacionales-ante-desafios-del-cambio-climatico\" target=\"_blank\" rel=\"noopener noreferrer\" data-auth=\"NotApplicable\" data-linkindex=\"1\">Manzanas chilenas resistentes al calor buscan conquistar mercados internacionales ante desaf\u00edos del cambio clim\u00e1tico. Se refiere Daniela Simeone, investigadora del Centro de Pom\u00e1ceas.<\/a>\u00a0<\/div><div>\u00a0<\/div><div><b>PORTAL AGRO CHILE<\/b>\u00a0<br \/><a id=\"OWA8f8200c7-ba5e-0eac-b080-9353581dd0e4\" title=\"https:\/\/www.portalagrochile.cl\/2025\/11\/06\/utalca-y-fia-se-unen-para-buscar-comercializacion-de-nuevos-hibridos-de-manzanos\/\" href=\"https:\/\/www.portalagrochile.cl\/2025\/11\/06\/utalca-y-fia-se-unen-para-buscar-comercializacion-de-nuevos-hibridos-de-manzanos\/\" target=\"_blank\" rel=\"noopener noreferrer\" data-auth=\"NotApplicable\" data-linkindex=\"2\">UTalca y FIA se unen para buscar comercializaci\u00f3n de nuevos h\u00edbridos de manzanos. Se refiere Daniela Simeone, investigadora del Centro de Pom\u00e1ceas.<\/a>\u00a0<\/div><div>\u00a0<\/div><div><b>PORTAL FRUT\u00cdCULA<\/b>\u00a0<br \/><a id=\"OWA84fc8fa3-d0ab-7071-f9ea-48badb2d7e3f\" title=\"https:\/\/www.portalfruticola.com\/noticias\/2025\/11\/06\/manzanos-chile-estudio\/\" href=\"https:\/\/www.portalfruticola.com\/noticias\/2025\/11\/06\/manzanos-chile-estudio\/\" target=\"_blank\" rel=\"noopener noreferrer\" data-auth=\"NotApplicable\" data-linkindex=\"3\">Proyecto en Chile busca introducir al mercado nuevos manzanos que se adapten al estr\u00e9s clim\u00e1tico. Se refiere Daniela Simeone, investigadora del Centro de Pom\u00e1ceas.<\/a><\/div><div>\u00a0<\/div><div><b>MEDIABANCO<\/b>\u00a0<br \/><a id=\"OWA8cedd220-7ad3-c601-2805-a6db21729f46\" title=\"https:\/\/www.mediabanco.com\/utalca-y-fia-se-unen-para-buscar-comercializacion-de-nuevos-hibridos-de-manzanos\/\" href=\"https:\/\/www.mediabanco.com\/utalca-y-fia-se-unen-para-buscar-comercializacion-de-nuevos-hibridos-de-manzanos\/\" target=\"_blank\" rel=\"noopener noreferrer\" data-auth=\"NotApplicable\" data-linkindex=\"4\">UTalca y FIA se unen para buscar comercializaci\u00f3n de nuevos h\u00edbridos de manzanos. Se refiere Daniela Simeone, investigadora del Centro de Pom\u00e1ceas.<\/a><\/div><div>\u00a0<\/div><div><b>EL MAULE INFORMA<\/b>\u00a0<br \/><a id=\"OWAdfcc631c-0bd8-0803-e4b0-98ec49e71e74\" title=\"https:\/\/elmauleinforma.cl\/utalca-y-fia-se-unen-para-buscar-comercializacion-de-nuevos-hibridos-de-manzanos\/\" href=\"https:\/\/elmauleinforma.cl\/utalca-y-fia-se-unen-para-buscar-comercializacion-de-nuevos-hibridos-de-manzanos\/\" target=\"_blank\" rel=\"noopener noreferrer\" data-auth=\"NotApplicable\" data-linkindex=\"5\">UTalca y FIA se unen para buscar comercializaci\u00f3n de nuevos h\u00edbridos de manzanos. Se refiere Daniela Simeone, investigadora del Centro de Pom\u00e1ceas.<\/a>\u00a0\u00a0<\/div><div>\u00a0<\/div><div><b>DIARIO EL CENTRO<\/b>\u00a0<br \/><a id=\"OWA84aea08a-246d-a9b2-c2e3-f3b1423fd0e0\" title=\"https:\/\/www.diarioelcentro.cl\/2025\/11\/06\/desde-el-maule-al-mundo-impulsan-hibridos-de-manzano-para-climas-calidos-y-exportacion-global\/\" href=\"https:\/\/www.diarioelcentro.cl\/2025\/11\/06\/desde-el-maule-al-mundo-impulsan-hibridos-de-manzano-para-climas-calidos-y-exportacion-global\/\" target=\"_blank\" rel=\"noopener noreferrer\" data-auth=\"NotApplicable\" data-linkindex=\"6\">Desde el Maule al mundo: impulsan h\u00edbridos de manzano para climas c\u00e1lidos y exportaci\u00f3n global. Se refiere Daniela Simeone, investigadora del Centro de Pom\u00e1ceas.<\/a>\u00a0<\/div><div>\u00a0<\/div><div><b>EL LECTOR<\/b>\u00a0<br \/><a id=\"OWA51a85b2f-7df3-992f-5da3-e65e765fadb4\" title=\"https:\/\/www.litoralpress.cl\/paginaconsultas\/Servicios_NClipWeb\/Get_Imagen_Nota.aspx?LPKey=CF7NFI62BC73TFTFBPMOX6RQ75QGZQFEHOCZTJNDVIHYMFCVHSIAJEYGEDXWI76BRTZOUJ3KTS3JI\" href=\"https:\/\/www.litoralpress.cl\/paginaconsultas\/Servicios_NClipWeb\/Get_Imagen_Nota.aspx?LPKey=CF7NFI62BC73TFTFBPMOX6RQ75QGZQFEHOCZTJNDVIHYMFCVHSIAJEYGEDXWI76BRTZOUJ3KTS3JI\" target=\"_blank\" rel=\"noopener noreferrer\" data-auth=\"NotApplicable\" data-linkindex=\"7\">Advierten riesgo de salmonella en huevos sin control sanitario. Se refiere Cecilia Valenzuela, acad\u00e9mica de la Escuela de Nutrici\u00f3n y Diet\u00e9tica.<\/a>\u00a0<\/div><div>\u00a0<\/div><div><b>PORTAL RED SALUD<\/b>\u00a0<br \/><a id=\"OWA7a4ba235-aab2-cf6c-87e2-6c1637c84ae7\" title=\"https:\/\/portalredsalud.cl\/2025\/11\/06\/advierten-riesgo-de-salmonella-en-huevos-sin-control-sanitario\/\" href=\"https:\/\/portalredsalud.cl\/2025\/11\/06\/advierten-riesgo-de-salmonella-en-huevos-sin-control-sanitario\/\" target=\"_blank\" rel=\"noopener noreferrer\" data-auth=\"NotApplicable\" data-linkindex=\"8\">Advierten riesgo de salmonella en huevos sin control sanitario. Se refiere Cecilia Valenzuela, acad\u00e9mica de la Escuela de Nutrici\u00f3n y Diet\u00e9tica.<\/a>\u00a0<\/div><div>\u00a0<\/div><div><b>PORTAL AGRO CHILE<\/b>\u00a0<br \/><a id=\"OWAa80e0f69-ec5c-c3dc-86cb-4ab06ac20fec\" title=\"https:\/\/www.portalagrochile.cl\/2025\/11\/06\/advierten-riesgo-de-salmonella-en-huevos-sin-control-sanitario\/\" href=\"https:\/\/www.portalagrochile.cl\/2025\/11\/06\/advierten-riesgo-de-salmonella-en-huevos-sin-control-sanitario\/\" target=\"_blank\" rel=\"noopener noreferrer\" data-auth=\"NotApplicable\" data-linkindex=\"9\">Advierten riesgo de salmonella en huevos sin control sanitario. Se refiere Cecilia Valenzuela, acad\u00e9mica de la Escuela de Nutrici\u00f3n y Diet\u00e9tica.<\/a>\u00a0\u00a0<\/div><div>\u00a0<\/div><div><b>RADIO CRISTALINA<\/b>\u00a0<br \/><a id=\"OWA1efac179-06d0-c8b3-d487-ad1c40beb4e4\" title=\"https:\/\/radiocristalina.cl\/advierten-riesgo-de-salmonella-en-huevos-para-consumo-humano-sin-control-sanitario\/\" href=\"https:\/\/radiocristalina.cl\/advierten-riesgo-de-salmonella-en-huevos-para-consumo-humano-sin-control-sanitario\/\" target=\"_blank\" rel=\"noopener noreferrer\" data-auth=\"NotApplicable\" data-linkindex=\"10\">Advierten riesgo de salmonella en huevos sin control sanitario. Se refiere Cecilia Valenzuela, acad\u00e9mica de la Escuela de Nutrici\u00f3n y Diet\u00e9tica.<\/a>\u00a0<\/div><div>\u00a0<\/div><div><b>S\u00c9PTIMA REGI\u00d3N NOTICIAS<\/b>\u00a0<br \/><a id=\"OWAd3cf4ae6-4c95-a0f8-02b5-088f571c52d5\" title=\"https:\/\/www.septimapaginanoticias.cl\/advierten-riesgo-de-salmonella-en-huevos-sin-control-sanitario\" href=\"https:\/\/www.septimapaginanoticias.cl\/advierten-riesgo-de-salmonella-en-huevos-sin-control-sanitario\" target=\"_blank\" rel=\"noopener noreferrer\" data-auth=\"NotApplicable\" data-linkindex=\"11\">Advierten riesgo de salmonella en huevos sin control sanitario. Se refiere Cecilia Valenzuela, acad\u00e9mica de la Escuela de Nutrici\u00f3n y Diet\u00e9tica.<\/a>\u00a0<\/div><div>\u00a0<\/div><div><b>DIARIO EL CENTRO<\/b>\u00a0<br \/><a id=\"OWA76fe0d34-d765-f61c-b4de-07ca957bea61\" title=\"https:\/\/www.diarioelcentro.cl\/2025\/11\/06\/la-importancia-de-una-buena-alimentacion-en-la-vejez-retos-y-beneficios\/\" href=\"https:\/\/www.diarioelcentro.cl\/2025\/11\/06\/la-importancia-de-una-buena-alimentacion-en-la-vejez-retos-y-beneficios\/\" target=\"_blank\" rel=\"noopener noreferrer\" data-auth=\"NotApplicable\" data-linkindex=\"12\">La importancia de una nutrici\u00f3n adecuada en la tercera edad: retos y beneficios. Se refiere\u00a0Andrea Torres Geldres, acad\u00e9mica de la escuela de Nutrici\u00f3n y Diet\u00e9tica.<\/a>\u00a0<\/div><div>\u00a0<\/div><div><b>EL CONTENIDO<\/b>\u00a0<br \/><a id=\"OWAfb42afdf-be78-7e08-ba42-c176e16df0b0\" title=\"https:\/\/elcontenido.news\/2025\/nacional\/la-importancia-de-una-nutricion-adecuada-en-la-tercera-edad-retos-y-beneficios\/\" href=\"https:\/\/elcontenido.news\/2025\/nacional\/la-importancia-de-una-nutricion-adecuada-en-la-tercera-edad-retos-y-beneficios\/\" target=\"_blank\" rel=\"noopener noreferrer\" data-auth=\"NotApplicable\" data-linkindex=\"13\">La importancia de una nutrici\u00f3n adecuada en la tercera edad: retos y beneficios. Se refiere Andrea Torres Geldres, acad\u00e9mica de la escuela de Nutrici\u00f3n y Diet\u00e9tica.<\/a>\u00a0<\/div><div>\u00a0<\/div><div><b>DIARIO EL CENTRO<\/b>\u00a0<br \/><a id=\"OWAe0f6e3e0-f2db-b723-11eb-fb71df62196b\" title=\"https:\/\/www.diarioelcentro.cl\/2025\/11\/05\/candidatos-a-la-presidencia-y-abordaje-de-propuestas-en-materia-de-inteligencia-artificial\/\" href=\"https:\/\/www.diarioelcentro.cl\/2025\/11\/05\/candidatos-a-la-presidencia-y-abordaje-de-propuestas-en-materia-de-inteligencia-artificial\/\" target=\"_blank\" rel=\"noopener noreferrer\" data-auth=\"NotApplicable\" data-linkindex=\"14\">Candidatos a la presidencia y abordaje de propuestas en materia de Inteligencia artificial. Se refiere Diego Palomo, acad\u00e9mico de la facultad de Ciencias Jur\u00eddicas y Sociales.<\/a>\u00a0\u00a0<\/div><div>\u00a0<\/div><div><b>DIARIO EL CENTRO<\/b>\u00a0<br \/><a id=\"OWA771628a1-e2f4-dd24-9426-f5e942374980\" title=\"https:\/\/www.diarioelcentro.cl\/2025\/11\/06\/para-ser-viejo-hay-que-ser-valiente\/\" href=\"https:\/\/www.diarioelcentro.cl\/2025\/11\/06\/para-ser-viejo-hay-que-ser-valiente\/\" target=\"_blank\" rel=\"noopener noreferrer\" data-auth=\"NotApplicable\" data-linkindex=\"15\">\u201cPara ser viejo hay que ser valiente\u201d\u00a0Se refiere Alex Soto Poblete, acad\u00e9mico del Instituto de Matem\u00e1ticas<\/a>\u00a0<\/div><div>\u00a0<\/div><div><b>LA ESTRELLA DE\u00a0ARICA<\/b>\u00a0<br \/><a id=\"OWAd53cbf7d-b759-cc0e-25c6-e1577cf26fc8\" title=\"https:\/\/www.litoralpress.cl\/paginaconsultas\/Servicios_NClipWeb\/Get_Imagen_Nota.aspx?LPKey=Z4U5RTQQVG4ETT5ZTM4SFNQTMA6ULQMOXHKF5HBA3XSBY377ZZDJYYYTZJ4RZ3YVKDD5JFNPN34ZI\" href=\"https:\/\/www.litoralpress.cl\/paginaconsultas\/Servicios_NClipWeb\/Get_Imagen_Nota.aspx?LPKey=Z4U5RTQQVG4ETT5ZTM4SFNQTMA6ULQMOXHKF5HBA3XSBY377ZZDJYYYTZJ4RZ3YVKDD5JFNPN34ZI\" target=\"_blank\" rel=\"noopener noreferrer\" data-auth=\"NotApplicable\" data-linkindex=\"16\">H\u00e1bitos que cuidan el col\u00e1geno y errores que lo destruyen. Se refiere Mauricio Orellana, acad\u00e9mico de la escuela de Nutrici\u00f3n y Diet\u00e9tica.<\/a>\u00a0<\/div><div>\u00a0<\/div><div><b>LA TERCERA<\/b>\u00a0<br \/><a id=\"OWA239e4ba3-ebaf-61cb-1783-84b234d3ff07\" title=\"https:\/\/www.litoralpress.cl\/paginaconsultas\/Servicios_NClipWeb\/Get_Imagen_Nota.aspx?LPKey=TFFVHCXUUIYGTSBEYHXEKTC43HC4G6BUE73GJFVAELYAX44NDATUEGS25OVSUVJNQZME4MMV7GZGU\" href=\"https:\/\/www.litoralpress.cl\/paginaconsultas\/Servicios_NClipWeb\/Get_Imagen_Nota.aspx?LPKey=TFFVHCXUUIYGTSBEYHXEKTC43HC4G6BUE73GJFVAELYAX44NDATUEGS25OVSUVJNQZME4MMV7GZGU\" target=\"_blank\" rel=\"noopener noreferrer\" data-auth=\"NotApplicable\" data-linkindex=\"17\">Qui\u00e9nes son Mario Vargas y Eduardo Lagos, la dupla de abogados investigados por soborno que cayeron por la trama bielorrusa. Se menciona la Universidad de Talca.<\/a>\u00a0<\/div><div>\u00a0<\/div><div><b>LA PRENSA DE CURIC\u00d3<\/b>\u00a0<br \/><a id=\"OWAc25d053d-f46b-b2a1-0e1e-6c4be43f7611\" title=\"https:\/\/www.litoralpress.cl\/paginaconsultas\/Servicios_NClipWeb\/Get_Imagen_Nota.aspx?LPKey=323EOIXVW53WOB7Q7FODTKIHZQ4A2BEEAWMEABPYKC2WWH6KJAQU5QIGVFMT4QXJOW7VEO6WPXVNK\" href=\"https:\/\/www.litoralpress.cl\/paginaconsultas\/Servicios_NClipWeb\/Get_Imagen_Nota.aspx?LPKey=323EOIXVW53WOB7Q7FODTKIHZQ4A2BEEAWMEABPYKC2WWH6KJAQU5QIGVFMT4QXJOW7VEO6WPXVNK\" target=\"_blank\" rel=\"noopener noreferrer\" data-auth=\"NotApplicable\" data-linkindex=\"18\">Sucede. Se menciona la Universidad de Talca.<\/a>\u00a0<\/div><div>\u00a0<\/div><div><b>LA PRENSA DE CURIC\u00d3<\/b>\u00a0<br \/><a id=\"OWAcf5366e0-5868-911b-9fd7-230fe520d47d\" title=\"https:\/\/www.litoralpress.cl\/paginaconsultas\/Servicios_NClipWeb\/Get_Imagen_Nota.aspx?LPKey=X4L4U6YQ3R2YSZGITLKRQDS5Y5BFMVCWXAGDEETOUNEF32OTIIOMFBBTNEBPKK2TJ5XDGRA2H4J3K\" href=\"https:\/\/www.litoralpress.cl\/paginaconsultas\/Servicios_NClipWeb\/Get_Imagen_Nota.aspx?LPKey=X4L4U6YQ3R2YSZGITLKRQDS5Y5BFMVCWXAGDEETOUNEF32OTIIOMFBBTNEBPKK2TJ5XDGRA2H4J3K\" target=\"_blank\" rel=\"noopener noreferrer\" data-auth=\"NotApplicable\" data-linkindex=\"19\">Ma\u00f1ana se presentar\u00e1 en concierto el D\u00fao Fischer-Druminski. Se menciona la Universidad de Talca.<\/a>\u00a0<\/div><div>\u00a0<\/div><div><b>RADIO VLN<\/b>\u00a0<br \/><a id=\"OWA4d296bbe-090e-4bde-2633-9f3e520aa348\" title=\"https:\/\/www.litoralpress.cl\/sitio\/RadioTV_Detalles.cshtml?LPKey=FC7DHE3ZKGPAWHH27ELZQY3RLUYNVDXIZ7OCGUX4PTU5PRTYWZ47GZID7FBRHWKGBMQXOE6HLNA7Q\" href=\"https:\/\/www.litoralpress.cl\/sitio\/RadioTV_Detalles.cshtml?LPKey=FC7DHE3ZKGPAWHH27ELZQY3RLUYNVDXIZ7OCGUX4PTU5PRTYWZ47GZID7FBRHWKGBMQXOE6HLNA7Q\" target=\"_blank\" rel=\"noopener noreferrer\" data-auth=\"NotApplicable\" data-linkindex=\"20\">Entrevista a Armando Dur\u00e1n, acad\u00e9mico de la Universidad de Talca.<\/a>\u00a0<\/div><div>\u00a0<\/div><div><b>CU\u00c1L ES TU HUELLA<\/b>\u00a0<br \/>Chile certifica 50 campus sustentables. Se menciona la Universidad de Talca.\u00a0<\/div><div>\u00a0<\/div><div><b>PORTAL EDUCA<\/b>\u00a0<br \/><a id=\"OWA4806f5a9-f42c-01be-c17c-f20720f50dae\" title=\"https:\/\/portaleduca.cl\/chile-certifica-50-campus-sustentables-y-consolida-su-liderazgo-en-educacion-superior-comprometida-con-la-accion-climatica\/\" href=\"https:\/\/portaleduca.cl\/chile-certifica-50-campus-sustentables-y-consolida-su-liderazgo-en-educacion-superior-comprometida-con-la-accion-climatica\/\" target=\"_blank\" rel=\"noopener noreferrer\" data-auth=\"NotApplicable\" data-linkindex=\"21\">Chile certifica 50 campus sustentables y consolida su liderazgo en educaci\u00f3n superior comprometida con la acci\u00f3n clim\u00e1tica. Se menciona la Universidad de Talca.<\/a>\u00a0<\/div><div>\u00a0<\/div><div><b>CODEX VERDE<\/b>\u00a0<br \/><a id=\"OWA715d689b-3751-6a25-32c9-8345c645341a\" title=\"https:\/\/codexverde.cl\/chile-certifica-50-campus-sustentables\/\" href=\"https:\/\/codexverde.cl\/chile-certifica-50-campus-sustentables\/\" target=\"_blank\" rel=\"noopener noreferrer\" data-auth=\"NotApplicable\" data-linkindex=\"22\">Chile certifica 50 campus sustentables y consolida su liderazgo en educaci\u00f3n superior comprometida con la acci\u00f3n clim\u00e1tica. Se menciona la Universidad de Talca.<\/a>\u00a0<\/div><div>\u00a0<\/div><div><b>PUBLIMICRO<\/b>\u00a0<br \/><a id=\"OWA1e74f3fb-58e1-42bd-76eb-1eae98ebba9f\" title=\"https:\/\/publimicro.cl\/alianza-estrategica-entre-ucm-y-utalca-impulsa-la-investigacion-e-innovacion-en-la-region-del-maule\/\" href=\"https:\/\/publimicro.cl\/alianza-estrategica-entre-ucm-y-utalca-impulsa-la-investigacion-e-innovacion-en-la-region-del-maule\/\" target=\"_blank\" rel=\"noopener noreferrer\" data-auth=\"NotApplicable\" data-linkindex=\"23\">Alianza estrat\u00e9gica entre UCM y UTALCA impulsa la investigaci\u00f3n e innovaci\u00f3n en la Regi\u00f3n del Maule. Se menciona la Universidad de Talca.<\/a>\u00a0<\/div><div>\u00a0<\/div><div><b>TRADE NEWS<\/b>\u00a0<br \/><a id=\"OWAcb1f5041-4984-5cc8-aee1-77d8bf7ef0ae\" title=\"https:\/\/trade-news.cl\/chile-certifica-50-campus-sustentables-y-consolida-su-liderazgo-en-educacion-superior-comprometida-con-la-accion-climatica\/\" href=\"https:\/\/trade-news.cl\/chile-certifica-50-campus-sustentables-y-consolida-su-liderazgo-en-educacion-superior-comprometida-con-la-accion-climatica\/\" target=\"_blank\" rel=\"noopener noreferrer\" data-auth=\"NotApplicable\" data-linkindex=\"24\">Chile certifica 50 campus y consolida su liderazgo en educaci\u00f3n superior sustentable. Se menciona la Universidad de Talca.<\/a>\u00a0<\/div><div>\u00a0<\/div><div><b>ICSO<\/b>\u00a0<br \/><a id=\"OWAf7b22d5c-0d95-87f0-4e36-9a55a40992d5\" title=\"https:\/\/www.udp.cl\/cedenna-centro-liderado-por-dora-altbir-renueva-financiamiento-anid\/\" href=\"https:\/\/www.udp.cl\/cedenna-centro-liderado-por-dora-altbir-renueva-financiamiento-anid\/\" target=\"_blank\" rel=\"noopener noreferrer\" data-auth=\"NotApplicable\" data-linkindex=\"25\">CEDENNA, Centro liderado por Dora Altbir, renueva financiamiento ANID. Se menciona la Universidad de Talca.<\/a>\u00a0<\/div><div>\u00a0<\/div><div><b>REPORTE SOSTENIBLE<\/b>\u00a0<br \/><a id=\"OWAf83bc4e4-9ba2-a675-8bce-1653e108aa48\" title=\"https:\/\/reportesostenible.cl\/blog\/chile-certifica-50-campus-sustentables-y-consolida-su-liderazgo-en-educacion-superior-comprometida-con-la-accion-climatica\/\" href=\"https:\/\/reportesostenible.cl\/blog\/chile-certifica-50-campus-sustentables-y-consolida-su-liderazgo-en-educacion-superior-comprometida-con-la-accion-climatica\/\" target=\"_blank\" rel=\"noopener noreferrer\" data-auth=\"NotApplicable\" data-linkindex=\"26\">Chile certifica 50 campus sustentables y consolida su liderazgo en educaci\u00f3n superior comprometida con la acci\u00f3n clim\u00e1tica. Se menciona la Universidad de Talca.<\/a>\u00a0<\/div><div>\u00a0<\/div><div><b>EL MAULE INFORMA<\/b>\u00a0<br \/><a id=\"OWA183a567d-a04c-fe43-4081-9714ebd28cdc\" title=\"https:\/\/elmauleinforma.cl\/mujeres-buscan-formulas-para-dar-sustantibilidad-a-espacio-cultural-casafactoria-de-talca\/\" href=\"https:\/\/elmauleinforma.cl\/mujeres-buscan-formulas-para-dar-sustantibilidad-a-espacio-cultural-casafactoria-de-talca\/\" target=\"_blank\" rel=\"noopener noreferrer\" data-auth=\"NotApplicable\" data-linkindex=\"27\">Mujeres buscan f\u00f3rmulas para dar sustantibilidad a espacio cultural CasaFactoria de Talca. Se menciona la Universidad de Talca.<\/a>\u00a0<\/div><div>\u00a0<\/div><div><b>PORTAL RED SALUD<\/b>\u00a0<br \/><a id=\"OWAaa8b9cd0-d8a5-1022-3100-238ed36fac42\" title=\"https:\/\/portalredsalud.cl\/2025\/11\/06\/universidad-del-desarrollo-inaugura-laboratorio-de-farmacos-que-posiciona-a-la-academia-chilena-a-la-vanguardia-en-latinoamerica\/\" href=\"https:\/\/portalredsalud.cl\/2025\/11\/06\/universidad-del-desarrollo-inaugura-laboratorio-de-farmacos-que-posiciona-a-la-academia-chilena-a-la-vanguardia-en-latinoamerica\/\" target=\"_blank\" rel=\"noopener noreferrer\" data-auth=\"NotApplicable\" data-linkindex=\"28\">Universidad del Desarrollo inaugura laboratorio de f\u00e1rmacos que posiciona a la academia chilena a la vanguardia en Latinoam\u00e9rica. Se menciona la Universidad de Talca.<\/a>\u00a0<\/div>\t\t\t\t\t\t<\/div>\n\t\t\t\t<\/div>\n\t\t\t\t\t<\/div>\n\t\t<\/div>\n\t\t\t\t\t\t\t<\/div>\n\t\t<\/section>\n\t\t\t\t\t\t<\/div>\n\t\t\t\t\t<\/div>\n\t\t","protected":false},"excerpt":{"rendered":"<p>LA PRENSA DE CURIC\u00d3\u00a0Orquesta Sinf\u00f3nica de la UTalca realiz\u00f3 presentaci\u00f3n hist\u00f3rica en Santiago.\u00a0Se refiere Carlos Torres Fuchslocher, rector y V\u00edctor Hugo Toro, director de la Orquesta Sinf\u00f3nica.\u00a0\u00a0REPORTE AGR\u00cdCOLA\u00a0Manzanas chilenas resistentes al calor buscan conquistar mercados internacionales ante desaf\u00edos del cambio clim\u00e1tico. Se refiere Daniela Simeone, investigadora del Centro de Pom\u00e1ceas.\u00a0\u00a0PORTAL AGRO CHILE\u00a0UTalca y FIA se &hellip;<\/p>\n<p class=\"read-more\"> <a class=\"\" href=\"https:\/\/www.reportedeprensa.utalca.cl\/?p=12844\"> <span class=\"screen-reader-text\">07 de noviembre 2025<\/span> Read More &raquo;<\/a><\/p>\n","protected":false},"author":1,"featured_media":0,"comment_status":"closed","ping_status":"open","sticky":false,"template":"","format":"standard","meta":{"_monsterinsights_skip_tracking":false,"_monsterinsights_sitenote_active":false,"_monsterinsights_sitenote_note":"","_monsterinsights_sitenote_category":0},"categories":[65],"tags":[],"_links":{"self":[{"href":"https:\/\/www.reportedeprensa.utalca.cl\/index.php?rest_route=\/wp\/v2\/posts\/12844"}],"collection":[{"href":"https:\/\/www.reportedeprensa.utalca.cl\/index.php?rest_route=\/wp\/v2\/posts"}],"about":[{"href":"https:\/\/www.reportedeprensa.utalca.cl\/index.php?rest_route=\/wp\/v2\/types\/post"}],"author":[{"embeddable":true,"href":"https:\/\/www.reportedeprensa.utalca.cl\/index.php?rest_route=\/wp\/v2\/users\/1"}],"replies":[{"embeddable":true,"href":"https:\/\/www.reportedeprensa.utalca.cl\/index.php?rest_route=%2Fwp%2Fv2%2Fcomments&post=12844"}],"version-history":[{"count":4,"href":"https:\/\/www.reportedeprensa.utalca.cl\/index.php?rest_route=\/wp\/v2\/posts\/12844\/revisions"}],"predecessor-version":[{"id":12848,"href":"https:\/\/www.reportedeprensa.utalca.cl\/index.php?rest_route=\/wp\/v2\/posts\/12844\/revisions\/12848"}],"wp:attachment":[{"href":"https:\/\/www.reportedeprensa.utalca.cl\/index.php?rest_route=%2Fwp%2Fv2%2Fmedia&parent=12844"}],"wp:term":[{"taxonomy":"category","embeddable":true,"href":"https:\/\/www.reportedeprensa.utalca.cl\/index.php?rest_route=%2Fwp%2Fv2%2Fcategories&post=12844"},{"taxonomy":"post_tag","embeddable":true,"href":"https:\/\/www.reportedeprensa.utalca.cl\/index.php?rest_route=%2Fwp%2Fv2%2Ftags&post=12844"}],"curies":[{"name":"wp","href":"https:\/\/api.w.org\/{rel}","templated":true}]}}