{"id":12862,"date":"2025-11-11T15:19:42","date_gmt":"2025-11-11T18:19:42","guid":{"rendered":"https:\/\/www.reportedeprensa.utalca.cl\/?p=12862"},"modified":"2025-11-11T15:20:41","modified_gmt":"2025-11-11T18:20:41","slug":"11-de-noviembre-2025","status":"publish","type":"post","link":"https:\/\/www.reportedeprensa.utalca.cl\/?p=12862","title":{"rendered":"11 de noviembre 2025"},"content":{"rendered":"\t\t<div data-elementor-type=\"wp-post\" data-elementor-id=\"12862\" class=\"elementor elementor-12862\" data-elementor-settings=\"[]\">\n\t\t\t\t\t\t\t<div class=\"elementor-section-wrap\">\n\t\t\t\t\t\t\t<section class=\"elementor-section elementor-top-section elementor-element elementor-element-bcea1a8 elementor-section-boxed elementor-section-height-default elementor-section-height-default\" data-id=\"bcea1a8\" data-element_type=\"section\">\n\t\t\t\t\t\t<div class=\"elementor-container elementor-column-gap-default\">\n\t\t\t\t\t<div class=\"elementor-column elementor-col-100 elementor-top-column elementor-element elementor-element-e7183bf\" data-id=\"e7183bf\" data-element_type=\"column\">\n\t\t\t<div class=\"elementor-widget-wrap elementor-element-populated\">\n\t\t\t\t\t\t\t\t<div class=\"elementor-element elementor-element-8ed7cbe elementor-widget elementor-widget-text-editor\" data-id=\"8ed7cbe\" data-element_type=\"widget\" data-widget_type=\"text-editor.default\">\n\t\t\t\t<div class=\"elementor-widget-container\">\n\t\t\t\t\t\t\t\t<div><b>DIARIO FINANCIERO<\/b>\u00a0<br \/><a id=\"OWA5cbf762f-fe17-e393-5084-05d0268b3cad\" title=\"https:\/\/www.litoralpress.cl\/paginaconsultas\/Servicios_NClipWeb\/Get_Imagen_Nota.aspx?LPKey=JPHRUT6FAOS26KPOQ3AY4ZI3Y3YVUBXW7FNWUMX2BFKS42OM2O5CNGZCSV6A3BRMRLSY64V3KJQ5M\" href=\"https:\/\/www.litoralpress.cl\/paginaconsultas\/Servicios_NClipWeb\/Get_Imagen_Nota.aspx?LPKey=JPHRUT6FAOS26KPOQ3AY4ZI3Y3YVUBXW7FNWUMX2BFKS42OM2O5CNGZCSV6A3BRMRLSY64V3KJQ5M\" target=\"_blank\" rel=\"noopener noreferrer\" data-auth=\"NotApplicable\" data-linkindex=\"21\">\u00bfCu\u00e1nto invierten las universidades de regiones en I+D*. Se refiere Se refiere Ariela Vergara, directora de Innovaci\u00f3n y Transferencia.\u00a0<\/a>\u00a0\u00a0<\/div><div>\u00a0<\/div><div><b data-olk-copy-source=\"MessageBody\">HOY X HOY<\/b>\u00a0<br \/><a id=\"OWA773ba93c-9326-950d-8f0f-33bd0539fca6\" title=\"https:\/\/www.litoralpress.cl\/paginaconsultas\/Servicios_NClipWeb\/Get_Imagen_Nota.aspx?LPKey=ZJYTMCX4KZ6DHGWE6S2J7QWL4UXBBE6D5HLOI5Y4AZYQYCEMVSKEFFXIRO7EN5E4VMOEO3RT3OVB2\" href=\"https:\/\/www.litoralpress.cl\/paginaconsultas\/Servicios_NClipWeb\/Get_Imagen_Nota.aspx?LPKey=ZJYTMCX4KZ6DHGWE6S2J7QWL4UXBBE6D5HLOI5Y4AZYQYCEMVSKEFFXIRO7EN5E4VMOEO3RT3OVB2\" target=\"_blank\" rel=\"noopener noreferrer\" data-auth=\"NotApplicable\" data-linkindex=\"0\">Estudian los 500 a\u00f1os de invasi\u00f3n de insectos en Chile y su impacto agr\u00edcola y forestal. Se refiere Eduardo Fuentes Contreras, acad\u00e9mico de la Facultad de Ciencias Agrarias.<\/a>\u00a0\u00a0<\/div><div>\u00a0<\/div><div><b>EL L\u00cdDER<\/b>\u00a0<br \/><a id=\"OWAbe9e50bc-150f-8872-d4db-5c4a695635df\" title=\"https:\/\/www.litoralpress.cl\/paginaconsultas\/Servicios_NClipWeb\/Get_Imagen_Nota.aspx?LPKey=AQN4VJO24KCZKAYF4GWECJJ4LB56JQWCGVR4DT36WFNXRDXMNFAWUEYXDYOBZJP2Z4IQITD53WXB2\" href=\"https:\/\/www.litoralpress.cl\/paginaconsultas\/Servicios_NClipWeb\/Get_Imagen_Nota.aspx?LPKey=AQN4VJO24KCZKAYF4GWECJJ4LB56JQWCGVR4DT36WFNXRDXMNFAWUEYXDYOBZJP2Z4IQITD53WXB2\" target=\"_blank\" rel=\"noopener noreferrer\" data-auth=\"NotApplicable\" data-linkindex=\"1\">Estudian los 500 a\u00f1os de invasi\u00f3n de insectos en Chile y su impacto agr\u00edcola y forestal. Se refiere Eduardo Fuentes Contreras, acad\u00e9mico de la Facultad de Ciencias Agrarias.<\/a>\u00a0<\/div><div>\u00a0<\/div><div><b>HOY X HOY ANTOFAGASTA<\/b>\u00a0<br \/><a id=\"OWAcca3db01-1cec-df95-53d3-e4789eba5620\" title=\"https:\/\/www.litoralpress.cl\/paginaconsultas\/Servicios_NClipWeb\/Get_Imagen_Nota.aspx?LPKey=URO3UPKHRSJ4V6JWGGMWX6PM575JMFF5UFWRU7YSL3SFDHN6FCFLQWZLHSLJW44AT3KJDMFNMQIPS\" href=\"https:\/\/www.litoralpress.cl\/paginaconsultas\/Servicios_NClipWeb\/Get_Imagen_Nota.aspx?LPKey=URO3UPKHRSJ4V6JWGGMWX6PM575JMFF5UFWRU7YSL3SFDHN6FCFLQWZLHSLJW44AT3KJDMFNMQIPS\" target=\"_blank\" rel=\"noopener noreferrer\" data-auth=\"NotApplicable\" data-linkindex=\"2\">Estudian los 500 a\u00f1os de invasi\u00f3n de insectos en Chile y su impacto agr\u00edcola y forestal. Se refiere Eduardo Fuentes Contreras, acad\u00e9mico de la Facultad de Ciencias Agrarias.<\/a>\u00a0<\/div><div>\u00a0<\/div><div><b>HOY X HOY CONCEPCI\u00d3N<\/b>\u00a0<br \/><a id=\"OWAe87d2b4d-9bfc-0de9-3aed-4abcd0ca6fef\" title=\"https:\/\/www.litoralpress.cl\/paginaconsultas\/Servicios_NClipWeb\/Get_Imagen_Nota.aspx?LPKey=BHQ7P3NGCMF4AAKQ5RHQPAG6GODYHCTCRUHHWWQHAYFLNBWMPRWNWR7RR3WSUNSIRGW4KXWLJWJTA\" href=\"https:\/\/www.litoralpress.cl\/paginaconsultas\/Servicios_NClipWeb\/Get_Imagen_Nota.aspx?LPKey=BHQ7P3NGCMF4AAKQ5RHQPAG6GODYHCTCRUHHWWQHAYFLNBWMPRWNWR7RR3WSUNSIRGW4KXWLJWJTA\" target=\"_blank\" rel=\"noopener noreferrer\" data-auth=\"NotApplicable\" data-linkindex=\"3\">Estudian los 500 a\u00f1os de invasi\u00f3n de insectos en Chile y su impacto agr\u00edcola y forestal. Se refiere Eduardo Fuentes Contreras, acad\u00e9mico de la Facultad de Ciencias Agrarias.<\/a>\u00a0<\/div><div>\u00a0<\/div><div><b>LA NOTICIA<\/b>\u00a0<br \/><a id=\"OWA4e2d417c-62ac-90f5-1210-303020afe985\" title=\"https:\/\/lanoticia.cl\/utalca-obtiene-certificacion-por-su-compromiso-con-la-sustentabilidad\/\" href=\"https:\/\/lanoticia.cl\/utalca-obtiene-certificacion-por-su-compromiso-con-la-sustentabilidad\/\" target=\"_blank\" rel=\"noopener noreferrer\" data-auth=\"NotApplicable\" data-linkindex=\"4\">UTalca obtiene certificaci\u00f3n por su compromiso con la sustentabilidad. Se refiere Karin Saavedra Redlich, directora general de Vinculaci\u00f3n y \u202fKarin L\u00f3pez Sep\u00falveda, jefa del Departamento de Sustentabilidad.<\/a>\u00a0<\/div><div>\u00a0<\/div><div><b>RADIO MAULE SUR<\/b>\u00a0<br \/><a id=\"OWA2c6c59b7-8943-b85c-1dbb-4f7ddb50b5c2\" title=\"https:\/\/www.radiomaulesur.cl\/2025\/11\/utalca-obtiene-certificacion-por-su.html\" href=\"https:\/\/www.radiomaulesur.cl\/2025\/11\/utalca-obtiene-certificacion-por-su.html\" target=\"_blank\" rel=\"noopener noreferrer\" data-auth=\"NotApplicable\" data-linkindex=\"5\">UTalca obtiene certificaci\u00f3n por su compromiso con la sustentabilidad. Se refiere Karin Saavedra Redlich, directora general de Vinculaci\u00f3n y \u202fKarin L\u00f3pez Sep\u00falveda, jefa del Departamento de Sustentabilidad.<\/a>\u00a0<\/div><div>\u00a0<\/div><div><b>PORTAL EDUCA<\/b>\u00a0<br \/><a id=\"OWAc6ffba57-e509-708b-239c-b18f6d5c03a4\" title=\"https:\/\/portaleduca.cl\/utalca-obtiene-certificacion-por-su-compromiso-con-la-sustentabilidad\/\" href=\"https:\/\/portaleduca.cl\/utalca-obtiene-certificacion-por-su-compromiso-con-la-sustentabilidad\/\" target=\"_blank\" rel=\"noopener noreferrer\" data-auth=\"NotApplicable\" data-linkindex=\"6\">UTalca obtiene certificaci\u00f3n por su compromiso con la sustentabilidad. Se refiere Karin Saavedra Redlich, directora general de Vinculaci\u00f3n y \u202fKarin L\u00f3pez Sep\u00falveda, jefa del Departamento de Sustentabilidad.<\/a>\u00a0<\/div><div>\u00a0<\/div><div><b>LA PRENSA DE CURIC\u00d3<\/b>\u00a0<br \/><a id=\"OWA5454cff6-426a-52cc-a6c0-020f67231fa1\" title=\"https:\/\/www.litoralpress.cl\/paginaconsultas\/Servicios_NClipWeb\/Get_Imagen_Nota.aspx?LPKey=AYMS67V5ULYHBM353SUGQNGZHR34A4W7TW3V4JYNLKPMGXMR342KQNIEWX654V2O7A2TJVFJXW4V4\" href=\"https:\/\/www.litoralpress.cl\/paginaconsultas\/Servicios_NClipWeb\/Get_Imagen_Nota.aspx?LPKey=AYMS67V5ULYHBM353SUGQNGZHR34A4W7TW3V4JYNLKPMGXMR342KQNIEWX654V2O7A2TJVFJXW4V4\" target=\"_blank\" rel=\"noopener noreferrer\" data-auth=\"NotApplicable\" data-linkindex=\"7\">Se estren\u00f3 documental con historias de mujeres maulinas. Se refiere Mar\u00eda Elisa Quinteros, directora\u202fde\u202fRelaciones Internacionales.\u202f<\/a>\u00a0<\/div><div>\u00a0<\/div><div><b>DIARIO TALCA<\/b>\u00a0<br \/><a id=\"OWA1fbee6c3-7ad0-849d-cb88-90775105eb3e\" title=\"https:\/\/diariotalca.cl\/video-estrenan-documental-con-historias-de-tres-destacadas-mujeres-maulinas\/\" href=\"https:\/\/diariotalca.cl\/video-estrenan-documental-con-historias-de-tres-destacadas-mujeres-maulinas\/\" target=\"_blank\" rel=\"noopener noreferrer\" data-auth=\"NotApplicable\" data-linkindex=\"8\">VIDEO Estrenan documental con historias de tres destacadas mujeres maulinas. Se refiere Mar\u00eda Elisa Quinteros, directora\u202fde\u202fRelaciones Internacionales.\u202f<\/a>\u00a0<\/div><div>\u00a0<\/div><div><b>RADIO CRISTALINA<\/b>\u00a0<br \/><a id=\"OWA2732e7ba-a3c2-5b73-ce3d-78e0bca21b77\" title=\"https:\/\/radiocristalina.cl\/memoria-historica-estrenan-documental-con-historias-de-destacadas-mujeres-maulinas\/\" href=\"https:\/\/radiocristalina.cl\/memoria-historica-estrenan-documental-con-historias-de-destacadas-mujeres-maulinas\/\" target=\"_blank\" rel=\"noopener noreferrer\" data-auth=\"NotApplicable\" data-linkindex=\"9\">Memoria Hist\u00f3rica: Estrenan documental con historias de destacadas mujeres maulinas. Se refiere Mar\u00eda Elisa Quinteros, directora\u202fde\u202fRelaciones Internacionales.\u202f<\/a><\/div><div>\u00a0<\/div><div><b>EL MAULE INFORMA<\/b>\u00a0<br \/><a id=\"OWA580c8d53-52b7-d288-dbc9-e4ab0acfbdac\" title=\"https:\/\/elmauleinforma.cl\/estrenan-documental-con-historias-de-destacadas-mujeres-maulinas\/\" href=\"https:\/\/elmauleinforma.cl\/estrenan-documental-con-historias-de-destacadas-mujeres-maulinas\/\" target=\"_blank\" rel=\"noopener noreferrer\" data-auth=\"NotApplicable\" data-linkindex=\"10\">Estrenan documental con historias de destacadas mujeres maulinas. Se refiere Mar\u00eda Elisa Quinteros, directora\u202fde\u202fRelaciones Internacionales.\u202f<\/a>\u00a0<\/div><div>\u00a0<\/div><div><b>CANAL 2 LINARES<\/b>\u00a0<br \/><a id=\"OWA85da8f8c-b280-8475-82c0-2c20a843cc57\" title=\"https:\/\/elmauleinforma.cl\/estrenan-documental-con-historias-de-destacadas-mujeres-maulinas\/\" href=\"https:\/\/elmauleinforma.cl\/estrenan-documental-con-historias-de-destacadas-mujeres-maulinas\/\" target=\"_blank\" rel=\"noopener noreferrer\" data-auth=\"NotApplicable\" data-linkindex=\"11\">Estrenan documental con historias de destacadas mujeres maulina. Se refiere Mar\u00eda Elisa Quinteros, directora\u202fde\u202fRelaciones Internacionales.\u202f<\/a>\u00a0<\/div><div>\u00a0<\/div><div><b>MEDIABANCO<\/b>\u00a0<br \/><a id=\"OWA5fa5b3ee-f881-20da-a0c3-989d7fed2d46\" title=\"https:\/\/www.mediabanco.com\/el-poder-de-la-creatividad-como-transformar-la-ensenanza-desde-la-curiosidad-y-el-movimiento\/\" href=\"https:\/\/www.mediabanco.com\/el-poder-de-la-creatividad-como-transformar-la-ensenanza-desde-la-curiosidad-y-el-movimiento\/\" target=\"_blank\" rel=\"noopener noreferrer\" data-auth=\"NotApplicable\" data-linkindex=\"12\">El poder de la creatividad: C\u00f3mo transformar la ense\u00f1anza desde la curiosidad y el movimiento. Se refiere Mauricio V\u00e9liz, decano de la Facultad de Ciencias de la Educaci\u00f3n\u202f<\/a>\u00a0<\/div><div>\u00a0<\/div><div><b>PORTAL EDUCA<\/b>\u00a0<br \/><a id=\"OWA5e99aecf-46ce-f5c6-626a-491889746cea\" title=\"https:\/\/portaleduca.cl\/el-poder-de-la-creatividad-como-transformar-la-ensenanza-desde-la-curiosidad-y-el-movimiento\/\" href=\"https:\/\/portaleduca.cl\/el-poder-de-la-creatividad-como-transformar-la-ensenanza-desde-la-curiosidad-y-el-movimiento\/\" target=\"_blank\" rel=\"noopener noreferrer\" data-auth=\"NotApplicable\" data-linkindex=\"13\">El poder de la creatividad: C\u00f3mo transformar la ense\u00f1anza desde la curiosidad y el movimiento. Se refiere Mauricio V\u00e9liz, decano de la Facultad de Ciencias de la Educaci\u00f3n\u202f<\/a>\u00a0<\/div><div>\u00a0<\/div><div><b>LA SEGUNDA<\/b>\u00a0<br \/><a id=\"OWA503a82d7-a49f-fddc-8d07-ef1e24ebdd82\" title=\"https:\/\/www.litoralpress.cl\/paginaconsultas\/Servicios_NClipWeb\/Get_Imagen_Nota.aspx?LPKey=2ZUNZCXD7SLTM4JEJJFYY35LRYJO724YJY7L3CUIFFD76EVKW3EMZDV4RAK4X2PHYKNTDXKKDPTEM\" href=\"https:\/\/www.litoralpress.cl\/paginaconsultas\/Servicios_NClipWeb\/Get_Imagen_Nota.aspx?LPKey=2ZUNZCXD7SLTM4JEJJFYY35LRYJO724YJY7L3CUIFFD76EVKW3EMZDV4RAK4X2PHYKNTDXKKDPTEM\" target=\"_blank\" rel=\"noopener noreferrer\" data-auth=\"NotApplicable\" data-linkindex=\"14\">Insulza, el \u00edcono de los 20 a\u00f1os de Concertaci\u00f3n que arriesga perder en Valpara\u00edso. Se refiere Mauricio Morales Quiroga, director del Centro de An\u00e1lisis Pol\u00edtico (CAP-UTalca)<\/a>\u00a0<\/div><div>\u00a0<\/div><div><b>CANAL MEGA<\/b>\u00a0<br \/><a id=\"OWAd5f35bbe-c7fe-efd9-c007-44ff6cf482c4\" title=\"https:\/\/www.litoralpress.cl\/sitio\/RadioTV_Detalles.cshtml?LPKey=FQAVZFT2A2LAB5O24T2TUU35S6SGAIQXJW6SPVGRRJJNHQ3TBZROIP3MT4NS75HXQ55FPOEUFGS2E\" href=\"https:\/\/www.litoralpress.cl\/sitio\/RadioTV_Detalles.cshtml?LPKey=FQAVZFT2A2LAB5O24T2TUU35S6SGAIQXJW6SPVGRRJJNHQ3TBZROIP3MT4NS75HXQ55FPOEUFGS2E\" target=\"_blank\" rel=\"noopener noreferrer\" data-auth=\"NotApplicable\" data-linkindex=\"15\">Expectativa presidencial de cara a la elecci\u00f3n de este domingo. Se refiere Mauricio Morales Quiroga, director del Centro de An\u00e1lisis Pol\u00edtico (CAP-UTalca).<\/a>\u00a0\u00a0<\/div><div>\u00a0<\/div><div><b>CANAL MEGA<\/b>\u00a0<br \/><a id=\"OWA1cd8db9b-5e8d-1d92-5838-dd1f1dbd0de4\" title=\"https:\/\/www.litoralpress.cl\/sitio\/RadioTV_Detalles.cshtml?LPKey=OBNIII2YVPU52TW4DGQP7SNUDK7UT5AD4HBW5WYVRA56LL2GOBYEBWYRTMUMZXZPNCFSVUSOY5MQE\" href=\"https:\/\/www.litoralpress.cl\/sitio\/RadioTV_Detalles.cshtml?LPKey=OBNIII2YVPU52TW4DGQP7SNUDK7UT5AD4HBW5WYVRA56LL2GOBYEBWYRTMUMZXZPNCFSVUSOY5MQE\" target=\"_blank\" rel=\"noopener noreferrer\" data-auth=\"NotApplicable\" data-linkindex=\"16\">Entrevista a Mario Herrera Mu\u00f1oz, acad\u00e9mico del Centro de An\u00e1lisis Pol\u00edtico (CAP-UTalca).<\/a>\u00a0<\/div><div>\u00a0<\/div><div><b>CANAL MEGA<\/b>\u00a0<br \/><a id=\"OWA4b6f1ded-3e79-aea7-1c23-258b3c9968de\" title=\"https:\/\/www.litoralpress.cl\/sitio\/RadioTV_Detalles.cshtml?LPKey=PDNCUR7JSNUEY3WI4LOCIMLJB344NZ6FONWFBOQDBMFBOKMMY242X6KPOESGNDJUCWHZ57XC4IDDI\" href=\"https:\/\/www.litoralpress.cl\/sitio\/RadioTV_Detalles.cshtml?LPKey=PDNCUR7JSNUEY3WI4LOCIMLJB344NZ6FONWFBOQDBMFBOKMMY242X6KPOESGNDJUCWHZ57XC4IDDI\" target=\"_blank\" rel=\"noopener noreferrer\" data-auth=\"NotApplicable\" data-linkindex=\"17\">Hoy debate presidencial de Anatel. Se refiere Mauricio Morales Quiroga, director del Centro de An\u00e1lisis Pol\u00edtico (CAP-UTalca).<\/a>\u00a0<\/div><div>\u00a0<\/div><div><b>NUEVO PODER<\/b>\u00a0<br \/><a id=\"OWAeb7c9c15-b7ef-f81c-289a-f0ab0871a1ff\" title=\"https:\/\/www.nuevopoder.cl\/anatel-lucha-por-el-segundo-lugar-y-riesgo-de-errores-a-dias-de-la-eleccion\/\" href=\"https:\/\/www.nuevopoder.cl\/anatel-lucha-por-el-segundo-lugar-y-riesgo-de-errores-a-dias-de-la-eleccion\/\" target=\"_blank\" rel=\"noopener noreferrer\" data-auth=\"NotApplicable\" data-linkindex=\"18\">Anatel: lucha por el segundo lugar y riesgo de errores a d\u00edas de la elecci\u00f3n. Se refiere Mario Herrera Mu\u00f1oz, acad\u00e9mico del Centro de An\u00e1lisis Pol\u00edtico (CAP-UTalca)<\/a>\u00a0<\/div><div aria-hidden=\"true\">\u00a0<\/div><div><b>DIARIO FINANCIERO<\/b>\u00a0<br \/><a id=\"OWA3a937568-9298-2151-ab97-9043b7ea549b\" title=\"https:\/\/www.litoralpress.cl\/paginaconsultas\/Servicios_NClipWeb\/Get_Imagen_Nota.aspx?LPKey=A4E4RF7HEZEIMWXE3HZDLP47KYUTUFP2CYV5NI4WTWB4UCS5MB5SEDXBXAUNMXJZQC5OQGQIYUMSW\" href=\"https:\/\/www.litoralpress.cl\/paginaconsultas\/Servicios_NClipWeb\/Get_Imagen_Nota.aspx?LPKey=A4E4RF7HEZEIMWXE3HZDLP47KYUTUFP2CYV5NI4WTWB4UCS5MB5SEDXBXAUNMXJZQC5OQGQIYUMSW\" target=\"_blank\" rel=\"noopener noreferrer\" data-auth=\"NotApplicable\" data-linkindex=\"19\">\u00bfQui\u00e9nes son los cinco mayores exportadores de cerezas?\u00a0 Se refiere Pablo Villalobos Mateluna, acad\u00e9mico del Departamento de Econom\u00eda Agraria.<\/a>\u00a0<\/div><div>\u00a0<\/div><div><b>DIARIO FINANCIERO<\/b>\u00a0<br \/><a id=\"OWA7bc9a75c-3bdc-821a-b4c0-4d189009ed53\" title=\"https:\/\/www.df.cl\/regiones\/o-higgins\/quienes-son-los-cinco-mayores-exportadores-de-cerezas\" href=\"https:\/\/www.df.cl\/regiones\/o-higgins\/quienes-son-los-cinco-mayores-exportadores-de-cerezas\" target=\"_blank\" rel=\"noopener noreferrer\" data-auth=\"NotApplicable\" data-linkindex=\"20\">\u00bfQui\u00e9nes son los cinco mayores exportadores de cerezas? Se refiere Pablo Villalobos Mateluna, acad\u00e9mico del Departamento de Econom\u00eda Agraria.<\/a>\u00a0<\/div><div>\u00a0<\/div><div><b>DIARIO EL CENTRO<\/b>\u00a0<br \/><a id=\"OWA49ee6f89-4085-4e89-cafe-f4887cc1ca69\" title=\"https:\/\/www.diarioelcentro.cl\/2025\/11\/10\/no-lo-vimos-venir-institucionalidad-justicia-y-corrupcion\/\" href=\"https:\/\/www.diarioelcentro.cl\/2025\/11\/10\/no-lo-vimos-venir-institucionalidad-justicia-y-corrupcion\/\" target=\"_blank\" rel=\"noopener noreferrer\" data-auth=\"NotApplicable\" data-linkindex=\"22\">No lo vimos venir: institucionalidad, justicia y corrupci\u00f3n. Se refiere Diego Palomo V\u00e9lez, acad\u00e9mico de la Facultad de Ciencias Jur\u00eddicas y Sociales.\u00a0<\/a>\u00a0\u00a0<\/div><div>\u00a0<\/div><div><b>DIARIO FINANCIERO<\/b>\u00a0<br \/><a id=\"OWAe0204c07-2d14-3d63-724f-6b7ad84fb63c\" title=\"https:\/\/www.litoralpress.cl\/paginaconsultas\/Servicios_NClipWeb\/Get_Imagen_Nota.aspx?LPKey=7RLYC2XQWE6FFZZMXXTUX4BZ65NAHAAF6E6WXOCCIQT2QIV2K2IRQ3XK4RNTUFUN6ZCMZEXTOQCZQ\" href=\"https:\/\/www.litoralpress.cl\/paginaconsultas\/Servicios_NClipWeb\/Get_Imagen_Nota.aspx?LPKey=7RLYC2XQWE6FFZZMXXTUX4BZ65NAHAAF6E6WXOCCIQT2QIV2K2IRQ3XK4RNTUFUN6ZCMZEXTOQCZQ\" target=\"_blank\" rel=\"noopener noreferrer\" data-auth=\"NotApplicable\" data-linkindex=\"23\">Desde la spirulina de Tarapac\u00e1 al vodka de Ays\u00e9n: las otras exportaciones chilenas. Se menciona la Universidad de Talca.<\/a>\u00a0<\/div><div>\u00a0<\/div><div><b>DIARIO TALCA<\/b>\u00a0<br \/><a id=\"OWA23348081-7420-db07-db78-dc18ec20ac5b\" title=\"https:\/\/diariotalca.cl\/el-maule-mira-a-china-gobernador-impulsa-alianza-estrategica-junto-a-la-provincia-de-hebei\/\" href=\"https:\/\/diariotalca.cl\/el-maule-mira-a-china-gobernador-impulsa-alianza-estrategica-junto-a-la-provincia-de-hebei\/\" target=\"_blank\" rel=\"noopener noreferrer\" data-auth=\"NotApplicable\" data-linkindex=\"24\">El Maule mira a China: Gobernador \u00c1lvarez-Salamanca impulsa alianza estrat\u00e9gica junto a la Provincia de Hebei. Se menciona la Universidad de Talca.<\/a>\u00a0<\/div><div>\u00a0<\/div><div><b>RADIO RTL<\/b>\u00a0<br \/><a id=\"OWA437d7a5e-5d8d-9e86-ebef-b3ae7f6971dc\" title=\"https:\/\/radiortl.cl\/el-maule-mira-a-china-gobernador-alvarez-salamanca-impulsa-alianza-estrategica-junto-a-la-provincia-de-hebei\/\" href=\"https:\/\/radiortl.cl\/el-maule-mira-a-china-gobernador-alvarez-salamanca-impulsa-alianza-estrategica-junto-a-la-provincia-de-hebei\/\" target=\"_blank\" rel=\"noopener noreferrer\" data-auth=\"NotApplicable\" data-linkindex=\"25\">El Maule mira a China: Gobernador \u00c1lvarez-Salamanca impulsa alianza estrat\u00e9gica junto a la Provincia de Hebei. Se menciona la Universidad de Talca.<\/a>\u00a0<\/div><div>\u00a0<\/div><div><b>DIARIO RANCAGUA<\/b>\u00a0<br \/><a id=\"OWA1c7d25e3-61c4-e1f0-e56d-d1f817e626a9\" title=\"https:\/\/diariorancagua.cl\/chile-certifica-50-campus-sustentables-y-consolida-su-liderazgo-en-educacion-superior-comprometida-con-la-accion-climatica\/\" href=\"https:\/\/diariorancagua.cl\/chile-certifica-50-campus-sustentables-y-consolida-su-liderazgo-en-educacion-superior-comprometida-con-la-accion-climatica\/\" target=\"_blank\" rel=\"noopener noreferrer\" data-auth=\"NotApplicable\" data-linkindex=\"26\">Chile certifica 50 campus sustentables y consolida su liderazgo en educaci\u00f3n superior comprometida con la acci\u00f3n clim\u00e1tica. Se menciona la Universidad de Talca.<\/a>\u00a0<\/div><div>\u00a0<\/div><div><b>EL MAULE INFORMA<\/b>\u00a0<br \/><a id=\"OWAd31a2125-e3db-2913-b8d6-1ce4f83847f6\" title=\"https:\/\/elmauleinforma.cl\/el-maule-mira-a-china-gobernador-alvarez-salamanca-impulsa-alianza-estrategica-junto-a-la-provincia-de-hebei\/\" href=\"https:\/\/elmauleinforma.cl\/el-maule-mira-a-china-gobernador-alvarez-salamanca-impulsa-alianza-estrategica-junto-a-la-provincia-de-hebei\/\" target=\"_blank\" rel=\"noopener noreferrer\" data-auth=\"NotApplicable\" data-linkindex=\"27\">El Maule mira a China: Gobernador \u00c1lvarez-Salamanca impulsa alianza estrat\u00e9gica junto a la Provincia de Hebei. Se menciona la Universidad de Talca.<\/a>\u00a0<\/div><div>\u00a0<\/div><div><b>LA DISCUSI\u00d3N<\/b>\u00a0<br \/><a id=\"OWA559bf299-798b-c2e8-e441-b6594cdb094f\" title=\"https:\/\/ladiscusion.cl\/pese-a-efectividad-tribunales-ha-ordenado-uso-de-tobilleras-en-apenas-el-12-de-casos-de-vif-en-nuble\/\" href=\"https:\/\/ladiscusion.cl\/pese-a-efectividad-tribunales-ha-ordenado-uso-de-tobilleras-en-apenas-el-12-de-casos-de-vif-en-nuble\/\" target=\"_blank\" rel=\"noopener noreferrer\" data-auth=\"NotApplicable\" data-linkindex=\"28\">Pese a efectividad tribunales ha ordenado uso de tobilleras en apenas el 1,2% de casos de VIF en \u00d1uble. Se menciona la Universidad de Talca.<\/a>\u00a0<\/div><div aria-hidden=\"true\">\u00a0<\/div>\t\t\t\t\t\t<\/div>\n\t\t\t\t<\/div>\n\t\t\t\t\t<\/div>\n\t\t<\/div>\n\t\t\t\t\t\t\t<\/div>\n\t\t<\/section>\n\t\t\t\t\t\t<\/div>\n\t\t\t\t\t<\/div>\n\t\t","protected":false},"excerpt":{"rendered":"<p>DIARIO FINANCIERO\u00a0\u00bfCu\u00e1nto invierten las universidades de regiones en I+D*. Se refiere Se refiere Ariela Vergara, directora de Innovaci\u00f3n y Transferencia.\u00a0\u00a0\u00a0\u00a0HOY X HOY\u00a0Estudian los 500 a\u00f1os de invasi\u00f3n de insectos en Chile y su impacto agr\u00edcola y forestal. Se refiere Eduardo Fuentes Contreras, acad\u00e9mico de la Facultad de Ciencias Agrarias.\u00a0\u00a0\u00a0EL L\u00cdDER\u00a0Estudian los 500 a\u00f1os de invasi\u00f3n &hellip;<\/p>\n<p class=\"read-more\"> <a class=\"\" href=\"https:\/\/www.reportedeprensa.utalca.cl\/?p=12862\"> <span class=\"screen-reader-text\">11 de noviembre 2025<\/span> Read More &raquo;<\/a><\/p>\n","protected":false},"author":1,"featured_media":0,"comment_status":"closed","ping_status":"open","sticky":false,"template":"","format":"standard","meta":{"_monsterinsights_skip_tracking":false,"_monsterinsights_sitenote_active":false,"_monsterinsights_sitenote_note":"","_monsterinsights_sitenote_category":0},"categories":[65],"tags":[],"_links":{"self":[{"href":"https:\/\/www.reportedeprensa.utalca.cl\/index.php?rest_route=\/wp\/v2\/posts\/12862"}],"collection":[{"href":"https:\/\/www.reportedeprensa.utalca.cl\/index.php?rest_route=\/wp\/v2\/posts"}],"about":[{"href":"https:\/\/www.reportedeprensa.utalca.cl\/index.php?rest_route=\/wp\/v2\/types\/post"}],"author":[{"embeddable":true,"href":"https:\/\/www.reportedeprensa.utalca.cl\/index.php?rest_route=\/wp\/v2\/users\/1"}],"replies":[{"embeddable":true,"href":"https:\/\/www.reportedeprensa.utalca.cl\/index.php?rest_route=%2Fwp%2Fv2%2Fcomments&post=12862"}],"version-history":[{"count":4,"href":"https:\/\/www.reportedeprensa.utalca.cl\/index.php?rest_route=\/wp\/v2\/posts\/12862\/revisions"}],"predecessor-version":[{"id":12866,"href":"https:\/\/www.reportedeprensa.utalca.cl\/index.php?rest_route=\/wp\/v2\/posts\/12862\/revisions\/12866"}],"wp:attachment":[{"href":"https:\/\/www.reportedeprensa.utalca.cl\/index.php?rest_route=%2Fwp%2Fv2%2Fmedia&parent=12862"}],"wp:term":[{"taxonomy":"category","embeddable":true,"href":"https:\/\/www.reportedeprensa.utalca.cl\/index.php?rest_route=%2Fwp%2Fv2%2Fcategories&post=12862"},{"taxonomy":"post_tag","embeddable":true,"href":"https:\/\/www.reportedeprensa.utalca.cl\/index.php?rest_route=%2Fwp%2Fv2%2Ftags&post=12862"}],"curies":[{"name":"wp","href":"https:\/\/api.w.org\/{rel}","templated":true}]}}