{"id":12875,"date":"2025-11-13T12:45:08","date_gmt":"2025-11-13T15:45:08","guid":{"rendered":"https:\/\/www.reportedeprensa.utalca.cl\/?p=12875"},"modified":"2025-11-13T12:47:08","modified_gmt":"2025-11-13T15:47:08","slug":"13-de-noviembre-2025","status":"publish","type":"post","link":"https:\/\/www.reportedeprensa.utalca.cl\/?p=12875","title":{"rendered":"13 de noviembre 2025"},"content":{"rendered":"\t\t<div data-elementor-type=\"wp-post\" data-elementor-id=\"12875\" class=\"elementor elementor-12875\" data-elementor-settings=\"[]\">\n\t\t\t\t\t\t\t<div class=\"elementor-section-wrap\">\n\t\t\t\t\t\t\t<section class=\"elementor-section elementor-top-section elementor-element elementor-element-bcea1a8 elementor-section-boxed elementor-section-height-default elementor-section-height-default\" data-id=\"bcea1a8\" data-element_type=\"section\">\n\t\t\t\t\t\t<div class=\"elementor-container elementor-column-gap-default\">\n\t\t\t\t\t<div class=\"elementor-column elementor-col-100 elementor-top-column elementor-element elementor-element-e7183bf\" data-id=\"e7183bf\" data-element_type=\"column\">\n\t\t\t<div class=\"elementor-widget-wrap elementor-element-populated\">\n\t\t\t\t\t\t\t\t<div class=\"elementor-element elementor-element-8ed7cbe elementor-widget elementor-widget-text-editor\" data-id=\"8ed7cbe\" data-element_type=\"widget\" data-widget_type=\"text-editor.default\">\n\t\t\t\t<div class=\"elementor-widget-container\">\n\t\t\t\t\t\t\t\t<div><b data-olk-copy-source=\"MessageBody\">LA ESTRELLA DE \u00c1RICA<\/b>\u00a0<br \/><a id=\"OWA9bc3e46c-5a74-a68a-559d-6662962cce57\" title=\"https:\/\/www.litoralpress.cl\/paginaconsultas\/Servicios_NClipWeb\/Get_Imagen_Nota.aspx?LPKey=WMJ6P32N3NOHQTPYRNNL3UFQEWEEDJ56TBMMZXXZEZQKRQWRI76Q3HOJ4QG3O33YG4SSJWNYCY23K\" href=\"https:\/\/www.litoralpress.cl\/paginaconsultas\/Servicios_NClipWeb\/Get_Imagen_Nota.aspx?LPKey=WMJ6P32N3NOHQTPYRNNL3UFQEWEEDJ56TBMMZXXZEZQKRQWRI76Q3HOJ4QG3O33YG4SSJWNYCY23K\" target=\"_blank\" rel=\"noopener noreferrer\" data-auth=\"NotApplicable\" data-linkindex=\"0\">Estudian los 500 a\u00f1os de invasi\u00f3n de insectos en Chile y su impacto. Se refiere Eduardo Fuentes Contreras, acad\u00e9mico de la Facultad de Ciencias Agrarias.\u00a0<\/a><\/div><div>\u00a0\u00a0<\/div><div><b>LA ESTRELLA DE CHILO\u00c9<\/b>\u00a0<br \/><a id=\"OWA5b8a9139-9ef3-e11d-0b12-ee7341de1ceb\" title=\"https:\/\/www.litoralpress.cl\/paginaconsultas\/Servicios_NClipWeb\/Get_Imagen_Nota.aspx?LPKey=GMDLHNF7WUSWD5ZLETOW4TQWATFTRUNUYZNGEOU6TSX67J4KYK6EXOHHXXQFX6X6GUJ7QYZ4MYTNM\" href=\"https:\/\/www.litoralpress.cl\/paginaconsultas\/Servicios_NClipWeb\/Get_Imagen_Nota.aspx?LPKey=GMDLHNF7WUSWD5ZLETOW4TQWATFTRUNUYZNGEOU6TSX67J4KYK6EXOHHXXQFX6X6GUJ7QYZ4MYTNM\" target=\"_blank\" rel=\"noopener noreferrer\" data-auth=\"NotApplicable\" data-linkindex=\"1\">Estudian los 500 a\u00f1os de invasi\u00f3n de insectos en Chile y su impacto. Se refiere Eduardo Fuentes Contreras, acad\u00e9mico de la Facultad de Ciencias Agrarias.<\/a>\u00a0<\/div><div>\u00a0<\/div><div><b>ANALIZA MAULE<\/b>\u00a0<br \/><a id=\"OWA3f4d6b96-b6a0-da46-be62-5765d89a89b0\" title=\"https:\/\/analizamaule.cl\/estafas-por-internet-evolucion-de-los-delitos-y-desafios-de-la-ciberseguridad-fue-tema-de-seminario-realizado-en-el-maule\/\" href=\"https:\/\/analizamaule.cl\/estafas-por-internet-evolucion-de-los-delitos-y-desafios-de-la-ciberseguridad-fue-tema-de-seminario-realizado-en-el-maule\/\" target=\"_blank\" rel=\"noopener noreferrer\" data-auth=\"NotApplicable\" data-linkindex=\"2\">Estafas por internet, evoluci\u00f3n de los delitos y desaf\u00edos de la ciberseguridad fue tema de seminario realizado en el Maule. Se refiere Arcadio Cerda, decano de la Facultad de Econom\u00eda y Negocios.<\/a>\u00a0<\/div><div>\u00a0<\/div><div><b>VIVIMOS LA NOTICIA<\/b>\u00a0<br \/><a id=\"OWAb0d1d597-b539-a972-565e-ebc23dd6a7af\" title=\"https:\/\/analizamaule.cl\/estafas-por-internet-evolucion-de-los-delitos-y-desafios-de-la-ciberseguridad-fue-tema-de-seminario-realizado-en-el-maule\/\" href=\"https:\/\/analizamaule.cl\/estafas-por-internet-evolucion-de-los-delitos-y-desafios-de-la-ciberseguridad-fue-tema-de-seminario-realizado-en-el-maule\/\" target=\"_blank\" rel=\"noopener noreferrer\" data-auth=\"NotApplicable\" data-linkindex=\"3\">Ciberdelincuencia en evoluci\u00f3n: PDI alerta que edad de ciberdelincuentes baja y demanda fortalecimiento legal. Se refiere Arcadio Cerda, decano de la Facultad de Econom\u00eda y Negocios.<\/a>\u00a0<\/div><div>\u00a0<\/div><div><b>MEDIABANCO<\/b>\u00a0<br \/><a id=\"OWA9fe0fd16-ecb0-6b01-01d4-cbce136252f2\" title=\"https:\/\/www.mediabanco.com\/elecciones-guia-practica-para-votar-de-forma-expedita-este-domingo\/\" href=\"https:\/\/www.mediabanco.com\/elecciones-guia-practica-para-votar-de-forma-expedita-este-domingo\/\" target=\"_blank\" rel=\"noopener noreferrer\" data-auth=\"NotApplicable\" data-linkindex=\"4\">Elecciones: gu\u00eda pr\u00e1ctica para votar de forma expedita este domingo. Se refiere Mario Herrera Mu\u00f1oz, acad\u00e9mico del centro de An\u00e1lisis Pol\u00edtico (CAP-UTalca)<\/a>\u00a0<\/div><div>\u00a0<\/div><div><b>EL MARTUTINO<\/b>\u00a0<br \/><a id=\"OWA4fd31580-30d7-1154-1146-f8063a5d4aca\" title=\"https:\/\/www.elmartutino.cl\/noticia\/sociedad\/elecciones-2025-todo-lo-que-debes-saber-antes-de-votar-este-16-de-noviembre-en-chil\" href=\"https:\/\/www.elmartutino.cl\/noticia\/sociedad\/elecciones-2025-todo-lo-que-debes-saber-antes-de-votar-este-16-de-noviembre-en-chil\" target=\"_blank\" rel=\"noopener noreferrer\" data-auth=\"NotApplicable\" data-linkindex=\"5\">Elecciones 2025: todo lo que debes saber antes de votar este 16 de noviembre en Chile. Se refiere Mario Herrera Mu\u00f1oz, acad\u00e9mico del centro de An\u00e1lisis Pol\u00edtico (CAP-UTalca)<\/a>\u00a0<\/div><div>\u00a0<\/div><div><b>EL MAULE INFORMA<\/b>\u00a0<br \/><a id=\"OWA29a85314-4ee7-1905-c121-9a21207a0afb\" title=\"https:\/\/elmauleinforma.cl\/elecciones-guia-practica-para-votar-de-forma-expedita-este-domingo\/\" href=\"https:\/\/elmauleinforma.cl\/elecciones-guia-practica-para-votar-de-forma-expedita-este-domingo\/\" target=\"_blank\" rel=\"noopener noreferrer\" data-auth=\"NotApplicable\" data-linkindex=\"6\">Elecciones: gu\u00eda pr\u00e1ctica para votar de forma expedita este domingo. Se refiere Mario Herrera Mu\u00f1oz, acad\u00e9mico del centro de An\u00e1lisis Pol\u00edtico (CAP-UTalca)<\/a>\u00a0<\/div><div>\u00a0<\/div><div><b>S\u00c9PTIMA REGI\u00d3N NOTICIAS<\/b>\u00a0<br \/><a id=\"OWAe98d1cf7-ecc0-8c51-2668-69dfe34cb75b\" title=\"https:\/\/www.septimapaginanoticias.cl\/elecciones-guia-practica-para-votar-de-forma-expedita-este-domingo\" href=\"https:\/\/www.septimapaginanoticias.cl\/elecciones-guia-practica-para-votar-de-forma-expedita-este-domingo\" target=\"_blank\" rel=\"noopener noreferrer\" data-auth=\"NotApplicable\" data-linkindex=\"7\">Elecciones: gu\u00eda pr\u00e1ctica para votar de forma expedita este domingo. Se refiere Mario Herrera Mu\u00f1oz, acad\u00e9mico del centro de An\u00e1lisis Pol\u00edtico (CAP-UTalca)<\/a>\u00a0<\/div><div>\u00a0<\/div><div><b>EMOL <\/b>\u00a0<br \/><a id=\"OWA71d7b9f0-748f-f27d-e624-998b1c80edff\" title=\"https:\/\/www.emol.com\/noticias\/Nacional\/2025\/11\/12\/1183040\/analistas-impacto-canticos-jara.html\" href=\"https:\/\/www.emol.com\/noticias\/Nacional\/2025\/11\/12\/1183040\/analistas-impacto-canticos-jara.html\" target=\"_blank\" rel=\"noopener noreferrer\" data-auth=\"NotApplicable\" data-linkindex=\"8\">&#8216;Desordenan su relato&#8217;, pero &#8216;no es un punto de quiebre&#8217;: El impacto de c\u00e1nticos en el elector moderado de Jara. Se refiere Mario Herrera Mu\u00f1oz, acad\u00e9mico del centro de An\u00e1lisis Pol\u00edtico (CAP-UTalca)<\/a>\u00a0<\/div><div>\u00a0<\/div><div><b>RADIO COOPERATIVA<\/b>\u00a0<br \/><a id=\"OWAeeeae1d5-8f6b-dc06-174e-8fdff428924b\" title=\"https:\/\/www.litoralpress.cl\/sitio\/RadioTV_Detalles.cshtml?LPKey=LJWT45ZXLWMCEKIBZ3MSNVXGS3MVKQH5GOC2F6QY5UZHH4NEYG7INPUNHNFLYBYHXOHPEVOMUBDMS\" href=\"https:\/\/www.litoralpress.cl\/sitio\/RadioTV_Detalles.cshtml?LPKey=LJWT45ZXLWMCEKIBZ3MSNVXGS3MVKQH5GOC2F6QY5UZHH4NEYG7INPUNHNFLYBYHXOHPEVOMUBDMS\" target=\"_blank\" rel=\"noopener noreferrer\" data-auth=\"NotApplicable\" data-linkindex=\"9\">Pol\u00e9mica generan los dichos contra Carabineros en el cierre de campa\u00f1a de Jeannette Jara. Se refiere Mario Herrera Mu\u00f1oz, acad\u00e9mico del Centro de An\u00e1lisis Pol\u00edtico (CAP-UTalca)<\/a>\u00a0<\/div><div>\u00a0<\/div><div><b>RADIO FM M\u00c1S<\/b>\u00a0<br \/><a id=\"OWA892ac782-1e75-26e6-ab87-04194bf3c085\" title=\"https:\/\/radiofmmas.cl\/limpieza-dental-a-bajo-costo-odontologia-utalca-se-suma-a-la-cruzada-solidaria-de-teleton\/\" href=\"https:\/\/radiofmmas.cl\/limpieza-dental-a-bajo-costo-odontologia-utalca-se-suma-a-la-cruzada-solidaria-de-teleton\/\" target=\"_blank\" rel=\"noopener noreferrer\" data-auth=\"NotApplicable\" data-linkindex=\"10\">Limpieza dental a bajo costo: Odontolog\u00eda UTalca se suma a la cruzada solidaria de Telet\u00f3n. Se refiere Eduardo Canales Aravena, director de las Cl\u00ednicas Odontol\u00f3gicas y Paula Morales Sierralta, acad\u00e9mica de la Facultad de Odontolog\u00eda<\/a>\u00a0<\/div><div>\u00a0<\/div><div><b>PRENSA EVENTO<\/b>\u00a0<br \/><a id=\"OWAdc2714f0-663a-676f-9f8e-e94dba552e94\" title=\"https:\/\/prensaeventos.cl\/limpieza-dental-a-bajo-costo-odontologia-utalca-se-suma-a-la-cruzada-solidaria-de-teleton\/\" href=\"https:\/\/prensaeventos.cl\/limpieza-dental-a-bajo-costo-odontologia-utalca-se-suma-a-la-cruzada-solidaria-de-teleton\/\" target=\"_blank\" rel=\"noopener noreferrer\" data-auth=\"NotApplicable\" data-linkindex=\"11\">Limpieza dental a bajo costo: Odontolog\u00eda UTalca se suma a la cruzada solidaria de Telet\u00f3n. Se refiere Eduardo Canales Aravena, director de las Cl\u00ednicas Odontol\u00f3gicas y Paula Morales Sierralta, acad\u00e9mica de la Facultad de Odontolog\u00eda<\/a>\u00a0<\/div><div>\u00a0<\/div><div><b>PORTAL PRENSA SALUD<\/b>\u00a0<br \/><a id=\"OWA2d2d14f6-b0aa-62e9-c0f6-05ca318ef21e\" title=\"https:\/\/portalprensasalud.cl\/2025\/11\/11\/limpieza-dental-a-bajo-costo-odontologia-utalca-se-suma-a-la-cruzada-solidaria-de-teleton\/\" href=\"https:\/\/portalprensasalud.cl\/2025\/11\/11\/limpieza-dental-a-bajo-costo-odontologia-utalca-se-suma-a-la-cruzada-solidaria-de-teleton\/\" target=\"_blank\" rel=\"noopener noreferrer\" data-auth=\"NotApplicable\" data-linkindex=\"12\">Limpieza dental a bajo costo: Odontolog\u00eda UTalca se suma a la cruzada solidaria de Telet\u00f3n. Se refiere Eduardo Canales Aravena, director de las Cl\u00ednicas Odontol\u00f3gicas y Paula Morales Sierralta, acad\u00e9mica de la Facultad de Odontolog\u00eda<\/a>\u00a0<\/div><div>\u00a0<\/div><div><b>EL LECTOR<\/b>\u00a0<br \/><a id=\"OWAb00310e3-c8cd-e358-b578-dc432306e999\" title=\"https:\/\/www.litoralpress.cl\/paginaconsultas\/Servicios_NClipWeb\/Get_Imagen_Nota.aspx?LPKey=I5H34B3QOXLPK3ACDHC7SD7QQQMVPSKZI5M6UDVFURJUOZA7VXMKDPXQCH52ICCD4UUT6FGAGNXXQ\" href=\"https:\/\/www.litoralpress.cl\/paginaconsultas\/Servicios_NClipWeb\/Get_Imagen_Nota.aspx?LPKey=I5H34B3QOXLPK3ACDHC7SD7QQQMVPSKZI5M6UDVFURJUOZA7VXMKDPXQCH52ICCD4UUT6FGAGNXXQ\" target=\"_blank\" rel=\"noopener noreferrer\" data-auth=\"NotApplicable\" data-linkindex=\"13\">Limpieza dental a bajo costo: Odontolog\u00eda UTalca se suma a la cruzada solidaria de Telet\u00f3n. Se refiere Eduardo Canales Aravena, director de las Cl\u00ednicas Odontol\u00f3gicas y Paula Morales Sierralta, acad\u00e9mica de la Facultad de Odontolog\u00eda<\/a>\u00a0<\/div><div>\u00a0<\/div><div><b>MAULE HOY<\/b>\u00a0<br \/><a id=\"OWA2c48a4c3-1795-14e6-9870-0ca4b0189559\" title=\"https:\/\/www.litoralpress.cl\/paginaconsultas\/Servicios_NClipWeb\/Get_Imagen_Nota.aspx?LPKey=Y6FQSKTAWRRALVFTC7OWVYYRNCMK2YAKTPMGA3RRXBE3T6YY24Z6G264UVIIJYQCPC777H3NV43AO\" href=\"https:\/\/www.litoralpress.cl\/paginaconsultas\/Servicios_NClipWeb\/Get_Imagen_Nota.aspx?LPKey=Y6FQSKTAWRRALVFTC7OWVYYRNCMK2YAKTPMGA3RRXBE3T6YY24Z6G264UVIIJYQCPC777H3NV43AO\" target=\"_blank\" rel=\"noopener noreferrer\" data-auth=\"NotApplicable\" data-linkindex=\"14\">UTalca obtiene certificaci\u00f3n por su compromiso con la sustentabilidad. Se refiere Karin Saavedra Redlich, directora general de Vinculaci\u00f3n y \u202fKarin L\u00f3pez Sep\u00falveda, jefa del Departamento de Sustentabilidad.<\/a>\u00a0<\/div><div>\u00a0<\/div><div><b>PORTAL FRUT\u00cdCOLA<\/b>\u00a0<br \/><a id=\"OWAefefe53d-cc07-3f69-cb87-08539a0d8529\" title=\"https:\/\/www.portalfruticola.com\/noticias\/2025\/11\/12\/chile-variedad-local-manzana\/\" href=\"https:\/\/www.portalfruticola.com\/noticias\/2025\/11\/12\/chile-variedad-local-manzana\/\" target=\"_blank\" rel=\"noopener noreferrer\" data-auth=\"NotApplicable\" data-linkindex=\"15\">Chile avanza en la creaci\u00f3n de una variedad nacional de manzana adaptada al cambio clim\u00e1tico. Se refiere Daniela Simeone, investigadora del Centro de Pom\u00e1ceas<\/a>\u00a0<\/div><div>\u00a0<\/div><div><b>G5 NOTICIA<\/b>\u00a0<br \/><a id=\"OWA5a2c3f80-2ba9-6b06-6c5d-c52a33b091a5\" title=\"https:\/\/g5noticias.cl\/2025\/11\/12\/el-poder-de-la-creatividad-como-transformar-la-ensenanza-desde-la-curiosidad-y-el-movimiento\/\" href=\"https:\/\/g5noticias.cl\/2025\/11\/12\/el-poder-de-la-creatividad-como-transformar-la-ensenanza-desde-la-curiosidad-y-el-movimiento\/\" target=\"_blank\" rel=\"noopener noreferrer\" data-auth=\"NotApplicable\" data-linkindex=\"16\">El poder de la creatividad: C\u00f3mo transformar la ense\u00f1anza desde la curiosidad y el movimiento. Se refiere Mauricio V\u00e9liz, decano de la Facultad de Ciencias de la Educaci\u00f3n.<\/a>\u00a0<\/div><div>\u00a0<\/div><div><b>EL LECTOR<\/b>\u00a0<br \/><a id=\"OWAe2d6fe3e-5c06-ea40-890e-46577c046d53\" title=\"https:\/\/www.litoralpress.cl\/paginaconsultas\/Servicios_NClipWeb\/Get_Imagen_Nota.aspx?LPKey=NKN32KWPM7GLKJB5AD7T7H62KQ2Y57T3733HMKVLGZSZLQLECHFE453IUEV2HXKYXUP532Z6DNERG\" href=\"https:\/\/www.litoralpress.cl\/paginaconsultas\/Servicios_NClipWeb\/Get_Imagen_Nota.aspx?LPKey=NKN32KWPM7GLKJB5AD7T7H62KQ2Y57T3733HMKVLGZSZLQLECHFE453IUEV2HXKYXUP532Z6DNERG\" target=\"_blank\" rel=\"noopener noreferrer\" data-auth=\"NotApplicable\" data-linkindex=\"17\">Portada. Se menciona la Universidad de Talca.<\/a>\u00a0<\/div><div>\u00a0<\/div><div><b>CANAL 13<\/b>\u00a0<br \/><a id=\"OWAcaee728c-0370-ea63-a176-7623265657df\" title=\"https:\/\/www.litoralpress.cl\/sitio\/RadioTV_Detalles.cshtml?LPKey=GR6WAJ4JNUG2XUTIHSSJRGS3LGBUPGW3PEALKISB57J5H6I4ZZZGNNXPC5HQMY7CBTX53VNB3ZDX6\" href=\"https:\/\/www.litoralpress.cl\/sitio\/RadioTV_Detalles.cshtml?LPKey=GR6WAJ4JNUG2XUTIHSSJRGS3LGBUPGW3PEALKISB57J5H6I4ZZZGNNXPC5HQMY7CBTX53VNB3ZDX6\" target=\"_blank\" rel=\"noopener noreferrer\" data-auth=\"NotApplicable\" data-linkindex=\"18\">La Actualidad Cient\u00edfica en Teletrece Noche. Se menciona la Universidad de Talca.<\/a>\u00a0<\/div><div>\u00a0<\/div><div><b>MAULE HOY<\/b>\u00a0<br \/><a id=\"OWA48efa948-7420-a2cb-9742-1d6a55bed473\" title=\"https:\/\/maulehoy.cl\/2025\/11\/12\/se-estreno-el-documental-pachorra-tres-maulinas-que-dejaron-huella\/\" href=\"https:\/\/maulehoy.cl\/2025\/11\/12\/se-estreno-el-documental-pachorra-tres-maulinas-que-dejaron-huella\/\" target=\"_blank\" rel=\"noopener noreferrer\" data-auth=\"NotApplicable\" data-linkindex=\"19\">Se estren\u00f3 el documental \u00abPachorra\u00bb: tres maulinas que dejaron huella. Se menciona la Universidad de Talca.<\/a>\u00a0<\/div><div>\u00a0<\/div><div><b>GUIA MINERA<\/b>\u00a0<br \/><a id=\"OWA68589932-e455-3874-9b18-b8abe8fbe20f\" title=\"https:\/\/www.guiaminera.cl\/efecto-domino-que-pasa-cuando-se-construye-menos-se-vende-menos-y-se-arrienda-mas-caro\/\" href=\"https:\/\/www.guiaminera.cl\/efecto-domino-que-pasa-cuando-se-construye-menos-se-vende-menos-y-se-arrienda-mas-caro\/\" target=\"_blank\" rel=\"noopener noreferrer\" data-auth=\"NotApplicable\" data-linkindex=\"20\">Efecto domin\u00f3: \u00bfQu\u00e9 pasa cuando se construye menos, se vende menos y se arrienda m\u00e1s caro? Se menciona la Universidad de Talca.<\/a>\u00a0<\/div><div>\u00a0<\/div><div><b>GU\u00cdA CHILE ENERG\u00cdA<\/b>\u00a0<br \/><a id=\"OWA1bc3a6aa-24b3-5bc0-3cc0-0abc90a55708\" title=\"https:\/\/www.guiachileenergia.cl\/efecto-domino-que-pasa-cuando-se-construye-menos-se-vende-menos-y-se-arrienda-mas-caro\/\" href=\"https:\/\/www.guiachileenergia.cl\/efecto-domino-que-pasa-cuando-se-construye-menos-se-vende-menos-y-se-arrienda-mas-caro\/\" target=\"_blank\" rel=\"noopener noreferrer\" data-auth=\"NotApplicable\" data-linkindex=\"21\">Efecto domin\u00f3: \u00bfQu\u00e9 pasa cuando se construye menos, se vende menos y se arrienda m\u00e1s caro? Se menciona la Universidad de Talca.<\/a>\u00a0<\/div><div>\u00a0<\/div><div><b>PRESS LATAM<\/b>\u00a0<br \/><a id=\"OWAbf33375e-d4f6-13e2-c892-497b85632788\" title=\"https:\/\/presslatam.cl\/2025\/11\/efecto-domino-que-pasa-cuando-se-construye-menos-se-vende-menos-y-se-arrienda-mas-caro\/\" href=\"https:\/\/presslatam.cl\/2025\/11\/efecto-domino-que-pasa-cuando-se-construye-menos-se-vende-menos-y-se-arrienda-mas-caro\/\" target=\"_blank\" rel=\"noopener noreferrer\" data-auth=\"NotApplicable\" data-linkindex=\"22\">Efecto domin\u00f3: \u00bfQu\u00e9 pasa cuando se construye menos, se vende menos y se arrienda m\u00e1s caro? Se menciona la Universidad de Talca. Se menciona la Universidad de Talca.<\/a>\u00a0<\/div><div>\u00a0<\/div><div><b>DIARIO EL CENTRO<\/b>\u00a0<br \/><a id=\"OWA299d6f1d-b9b7-b7b7-e039-b9d14feba9d6\" title=\"https:\/\/www.diarioelcentro.cl\/2025\/11\/12\/fumando-esperan-humor-y-amistad-llegan-al-centro-de-extension-utalca\/\" href=\"https:\/\/www.diarioelcentro.cl\/2025\/11\/12\/fumando-esperan-humor-y-amistad-llegan-al-centro-de-extension-utalca\/\" target=\"_blank\" rel=\"noopener noreferrer\" data-auth=\"NotApplicable\" data-linkindex=\"23\">\u201cFumando Esperan\u201d: humor y amistad llegan al Centro de Extensi\u00f3n UTalca. Se menciona la Universidad de Talca.<\/a>\u00a0<\/div>\t\t\t\t\t\t<\/div>\n\t\t\t\t<\/div>\n\t\t\t\t\t<\/div>\n\t\t<\/div>\n\t\t\t\t\t\t\t<\/div>\n\t\t<\/section>\n\t\t\t\t\t\t<\/div>\n\t\t\t\t\t<\/div>\n\t\t","protected":false},"excerpt":{"rendered":"<p>LA ESTRELLA DE \u00c1RICA\u00a0Estudian los 500 a\u00f1os de invasi\u00f3n de insectos en Chile y su impacto. Se refiere Eduardo Fuentes Contreras, acad\u00e9mico de la Facultad de Ciencias Agrarias.\u00a0\u00a0\u00a0LA ESTRELLA DE CHILO\u00c9\u00a0Estudian los 500 a\u00f1os de invasi\u00f3n de insectos en Chile y su impacto. Se refiere Eduardo Fuentes Contreras, acad\u00e9mico de la Facultad de Ciencias Agrarias.\u00a0\u00a0ANALIZA &hellip;<\/p>\n<p class=\"read-more\"> <a class=\"\" href=\"https:\/\/www.reportedeprensa.utalca.cl\/?p=12875\"> <span class=\"screen-reader-text\">13 de noviembre 2025<\/span> Read More &raquo;<\/a><\/p>\n","protected":false},"author":1,"featured_media":0,"comment_status":"closed","ping_status":"open","sticky":false,"template":"","format":"standard","meta":{"_monsterinsights_skip_tracking":false,"_monsterinsights_sitenote_active":false,"_monsterinsights_sitenote_note":"","_monsterinsights_sitenote_category":0},"categories":[65],"tags":[],"_links":{"self":[{"href":"https:\/\/www.reportedeprensa.utalca.cl\/index.php?rest_route=\/wp\/v2\/posts\/12875"}],"collection":[{"href":"https:\/\/www.reportedeprensa.utalca.cl\/index.php?rest_route=\/wp\/v2\/posts"}],"about":[{"href":"https:\/\/www.reportedeprensa.utalca.cl\/index.php?rest_route=\/wp\/v2\/types\/post"}],"author":[{"embeddable":true,"href":"https:\/\/www.reportedeprensa.utalca.cl\/index.php?rest_route=\/wp\/v2\/users\/1"}],"replies":[{"embeddable":true,"href":"https:\/\/www.reportedeprensa.utalca.cl\/index.php?rest_route=%2Fwp%2Fv2%2Fcomments&post=12875"}],"version-history":[{"count":4,"href":"https:\/\/www.reportedeprensa.utalca.cl\/index.php?rest_route=\/wp\/v2\/posts\/12875\/revisions"}],"predecessor-version":[{"id":12879,"href":"https:\/\/www.reportedeprensa.utalca.cl\/index.php?rest_route=\/wp\/v2\/posts\/12875\/revisions\/12879"}],"wp:attachment":[{"href":"https:\/\/www.reportedeprensa.utalca.cl\/index.php?rest_route=%2Fwp%2Fv2%2Fmedia&parent=12875"}],"wp:term":[{"taxonomy":"category","embeddable":true,"href":"https:\/\/www.reportedeprensa.utalca.cl\/index.php?rest_route=%2Fwp%2Fv2%2Fcategories&post=12875"},{"taxonomy":"post_tag","embeddable":true,"href":"https:\/\/www.reportedeprensa.utalca.cl\/index.php?rest_route=%2Fwp%2Fv2%2Ftags&post=12875"}],"curies":[{"name":"wp","href":"https:\/\/api.w.org\/{rel}","templated":true}]}}