{"id":12881,"date":"2025-11-12T12:50:51","date_gmt":"2025-11-12T15:50:51","guid":{"rendered":"https:\/\/www.reportedeprensa.utalca.cl\/?p=12881"},"modified":"2025-11-13T12:52:26","modified_gmt":"2025-11-13T15:52:26","slug":"12-de-noviembre-2025","status":"publish","type":"post","link":"https:\/\/www.reportedeprensa.utalca.cl\/?p=12881","title":{"rendered":"12 de noviembre 2025"},"content":{"rendered":"\t\t<div data-elementor-type=\"wp-post\" data-elementor-id=\"12881\" class=\"elementor elementor-12881\" data-elementor-settings=\"[]\">\n\t\t\t\t\t\t\t<div class=\"elementor-section-wrap\">\n\t\t\t\t\t\t\t<section class=\"elementor-section elementor-top-section elementor-element elementor-element-bcea1a8 elementor-section-boxed elementor-section-height-default elementor-section-height-default\" data-id=\"bcea1a8\" data-element_type=\"section\">\n\t\t\t\t\t\t<div class=\"elementor-container elementor-column-gap-default\">\n\t\t\t\t\t<div class=\"elementor-column elementor-col-100 elementor-top-column elementor-element elementor-element-e7183bf\" data-id=\"e7183bf\" data-element_type=\"column\">\n\t\t\t<div class=\"elementor-widget-wrap elementor-element-populated\">\n\t\t\t\t\t\t\t\t<div class=\"elementor-element elementor-element-8ed7cbe elementor-widget elementor-widget-text-editor\" data-id=\"8ed7cbe\" data-element_type=\"widget\" data-widget_type=\"text-editor.default\">\n\t\t\t\t<div class=\"elementor-widget-container\">\n\t\t\t\t\t\t\t\t<div><b data-olk-copy-source=\"MessageBody\">PORTAL RED SALUD<\/b>\u00a0<br \/><a id=\"OWAdcacf2e5-c4f3-2e54-34d3-168a39ed873b\" title=\"https:\/\/portalredsalud.cl\/2025\/11\/11\/limpieza-dental-a-bajo-costo-odontologia-utalca-se-suma-a-la-cruzada-solidaria-de-teleton\/\" href=\"https:\/\/portalredsalud.cl\/2025\/11\/11\/limpieza-dental-a-bajo-costo-odontologia-utalca-se-suma-a-la-cruzada-solidaria-de-teleton\/\" target=\"_blank\" rel=\"noopener noreferrer\" data-auth=\"NotApplicable\" data-linkindex=\"0\">Limpieza dental a bajo costo: Odontolog\u00eda UTalca se suma a la cruzada solidaria de Telet\u00f3n. Se refiere Eduardo Canales Aravena, director de las Cl\u00ednicas Odontol\u00f3gicas y Paula Morales Sierralta, acad\u00e9mica de la Facultad de Odontolog\u00eda<\/a>\u00a0<\/div><div>\u00a0<\/div><div><b>MEDIABANCO<\/b>\u00a0<br \/><a id=\"OWAa7bc0865-9f67-eaeb-296c-802db76b510b\" title=\"https:\/\/www.mediabanco.com\/limpieza-dental-a-bajo-costo-odontologia-utalca-se-suma-a-la-cruzada-solidaria-de-teleton\/\" href=\"https:\/\/www.mediabanco.com\/limpieza-dental-a-bajo-costo-odontologia-utalca-se-suma-a-la-cruzada-solidaria-de-teleton\/\" target=\"_blank\" rel=\"noopener noreferrer\" data-auth=\"NotApplicable\" data-linkindex=\"1\">Limpieza dental a bajo costo: Odontolog\u00eda UTalca se suma a la cruzada solidaria de Telet\u00f3n. Se refiere Eduardo Canales Aravena, director de las Cl\u00ednicas Odontol\u00f3gicas y Paula Morales Sierralta, acad\u00e9mica de la Facultad de Odontolog\u00eda<\/a>\u00a0<\/div><div>\u00a0<\/div><div><b>DIARIOS EN RED <\/b>\u00a0<br \/><a id=\"OWA4437d7b6-490d-8877-1512-73d38927c8d8\" title=\"https:\/\/www.diariosenred.com\/limpieza-dental-a-bajo-costo-odontologia-utalca-se-suma-a-la-cruzada\" href=\"https:\/\/www.diariosenred.com\/limpieza-dental-a-bajo-costo-odontologia-utalca-se-suma-a-la-cruzada\" target=\"_blank\" rel=\"noopener noreferrer\" data-auth=\"NotApplicable\" data-linkindex=\"2\">Limpieza dental a bajo costo: Odontolog\u00eda UTalca se suma a la cruzada solidaria de Telet\u00f3n. Se refiere Eduardo Canales Aravena, director de las Cl\u00ednicas Odontol\u00f3gicas y Paula Morales Sierralta, acad\u00e9mica de la Facultad de Odontolog\u00eda<\/a>\u00a0<\/div><div>\u00a0<\/div><div><b>RED MAULE<\/b>\u00a0<br \/><a id=\"OWAd27b42c2-bc10-5cfc-41ba-7bb848f3039d\" title=\"https:\/\/www.redmaule.com\/limpieza-dental-a-bajo-costo-odontologia-utalca-se-suma-a-la-cruzada\" href=\"https:\/\/www.redmaule.com\/limpieza-dental-a-bajo-costo-odontologia-utalca-se-suma-a-la-cruzada\" target=\"_blank\" rel=\"noopener noreferrer\" data-auth=\"NotApplicable\" data-linkindex=\"3\">Limpieza dental a bajo costo: Odontolog\u00eda UTalca se suma a la cruzada solidaria de Telet\u00f3n. Se refiere Eduardo Canales Aravena, director de las Cl\u00ednicas Odontol\u00f3gicas y Paula Morales Sierralta, acad\u00e9mica de la Facultad de Odontolog\u00eda<\/a>\u00a0<\/div><div>\u00a0<\/div><div><b>RED ARICA<\/b>\u00a0<br \/><a id=\"OWA8e9e15dc-4201-3d81-6f3f-fd7685f3e0d5\" title=\"https:\/\/www.redarica.com\/limpieza-dental-a-bajo-costo-odontologia-utalca-se-suma-a-la-cruzada\" href=\"https:\/\/www.redarica.com\/limpieza-dental-a-bajo-costo-odontologia-utalca-se-suma-a-la-cruzada\" target=\"_blank\" rel=\"noopener noreferrer\" data-auth=\"NotApplicable\" data-linkindex=\"4\">Limpieza dental a bajo costo: Odontolog\u00eda UTalca se suma a la cruzada solidaria de Telet\u00f3n. Se refiere Eduardo Canales Aravena, director de las Cl\u00ednicas Odontol\u00f3gicas y Paula Morales Sierralta, acad\u00e9mica de la Facultad de Odontolog\u00eda<\/a>\u00a0<\/div><div>\u00a0<\/div><div><b>RED OHIGGINS<\/b>\u00a0<br \/><a id=\"OWA6af87304-106d-7056-708f-f193b0c52113\" title=\"https:\/\/www.reohiggins.com\/limpieza-dental-a-bajo-costo-odontologia-utalca-se-suma-a-la-cruzada\" href=\"https:\/\/www.reohiggins.com\/limpieza-dental-a-bajo-costo-odontologia-utalca-se-suma-a-la-cruzada\" target=\"_blank\" rel=\"noopener noreferrer\" data-auth=\"NotApplicable\" data-linkindex=\"5\">Limpieza dental a bajo costo: Odontolog\u00eda UTalca se suma a la cruzada solidaria de Telet\u00f3n. Se refiere Eduardo Canales Aravena, director de las Cl\u00ednicas Odontol\u00f3gicas y Paula Morales Sierralta, acad\u00e9mica de la Facultad de Odontolog\u00eda<\/a>\u00a0<\/div><div>\u00a0<\/div><div><b>RED LOS LAGOS<\/b>\u00a0<br \/><a id=\"OWA9f942e01-69cb-9d68-7b03-01378b834e14\" title=\"https:\/\/www.redloslagos.com\/limpieza-dental-a-bajo-costo-odontologia-utalca-se-suma-a-la-cruzada\" href=\"https:\/\/www.redloslagos.com\/limpieza-dental-a-bajo-costo-odontologia-utalca-se-suma-a-la-cruzada\" target=\"_blank\" rel=\"noopener noreferrer\" data-auth=\"NotApplicable\" data-linkindex=\"6\">Limpieza dental a bajo costo: Odontolog\u00eda UTalca se suma a la cruzada solidaria de Telet\u00f3n. Se refiere Eduardo Canales Aravena, director de las Cl\u00ednicas Odontol\u00f3gicas y Paula Morales Sierralta, acad\u00e9mica de la Facultad de Odontolog\u00eda<\/a>\u00a0<\/div><div>\u00a0<\/div><div><b>EL MAULE INFORMA<\/b>\u00a0<br \/><a id=\"OWA9dd1abe7-afaa-d567-c73a-baf9558755dd\" title=\"https:\/\/elmauleinforma.cl\/limpieza-dental-a-bajo-costo-odontologia-utalca-se-suma-a-la-cruzada-solidaria-de-teleton\/\" href=\"https:\/\/elmauleinforma.cl\/limpieza-dental-a-bajo-costo-odontologia-utalca-se-suma-a-la-cruzada-solidaria-de-teleton\/\" target=\"_blank\" rel=\"noopener noreferrer\" data-auth=\"NotApplicable\" data-linkindex=\"7\">Limpieza dental a bajo costo: Odontolog\u00eda UTalca se suma a la cruzada solidaria de Telet\u00f3n. Se refiere Eduardo Canales Aravena, director de las Cl\u00ednicas Odontol\u00f3gicas y Paula Morales Sierralta, acad\u00e9mica de la Facultad de Odontolog\u00eda<\/a>\u00a0<\/div><div>\u00a0<\/div><div><b>DIARIO EN RED<\/b>\u00a0<br \/><a id=\"OWA5b5234b3-0deb-15b8-12bf-b9ff0d47668d\" title=\"https:\/\/www.diariosenred.com\/senapred-maule-impulsa-proyectos-que-investigan-socavacion-de-puentes-y\" href=\"https:\/\/www.diariosenred.com\/senapred-maule-impulsa-proyectos-que-investigan-socavacion-de-puentes-y\" target=\"_blank\" rel=\"noopener noreferrer\" data-auth=\"NotApplicable\" data-linkindex=\"8\">Senapred Maule impulsa proyectos que investigan socavaci\u00f3n de puentes y erosi\u00f3n costera. Se refiere Mar\u00eda Luisa del Campo, directora del Centro Tecnol\u00f3gico Kipus,<\/a><\/div><div>\u00a0<\/div><div><b>RED MAULE<\/b>\u00a0<br \/><a id=\"OWAfc164369-cc4d-08f5-60fd-b60917890aa4\" title=\"https:\/\/www.redmaule.com\/senapred-maule-impulsa-proyectos-que-investigan-socavacion-de-puentes-y\" href=\"https:\/\/www.redmaule.com\/senapred-maule-impulsa-proyectos-que-investigan-socavacion-de-puentes-y\" target=\"_blank\" rel=\"noopener noreferrer\" data-auth=\"NotApplicable\" data-linkindex=\"9\">Senapred Maule impulsa proyectos que investigan socavaci\u00f3n de puentes y erosi\u00f3n costera. Se refiere Mar\u00eda Luisa del Campo, directora del Centro Tecnol\u00f3gico Kipus,<\/a>\u00a0\u00a0<\/div><div>\u00a0<\/div><div><b>RED ARICA<\/b>\u00a0<br \/><a id=\"OWA5b36d73d-2cca-040c-e296-e8f3f066faae\" title=\"https:\/\/www.redarica.com\/senapred-maule-impulsa-proyectos-que-investigan-socavacion-de-puentes-y\" href=\"https:\/\/www.redarica.com\/senapred-maule-impulsa-proyectos-que-investigan-socavacion-de-puentes-y\" target=\"_blank\" rel=\"noopener noreferrer\" data-auth=\"NotApplicable\" data-linkindex=\"10\">Senapred Maule impulsa proyectos que investigan socavaci\u00f3n de puentes y erosi\u00f3n costera. Se refiere Mar\u00eda Luisa del Campo, directora del Centro Tecnol\u00f3gico Kipus,<\/a>\u00a0\u00a0<\/div><div>\u00a0<\/div><div><b>RED OHIGGINS<\/b>\u00a0<br \/><a id=\"OWA23672e98-c1b6-0dbf-64fe-435af7e13832\" title=\"https:\/\/www.redohiggins.com\/senapred-maule-impulsa-proyectos-que-investigan-socavacion-de-puentes-y\" href=\"https:\/\/www.redohiggins.com\/senapred-maule-impulsa-proyectos-que-investigan-socavacion-de-puentes-y\" target=\"_blank\" rel=\"noopener noreferrer\" data-auth=\"NotApplicable\" data-linkindex=\"11\">Senapred Maule impulsa proyectos que investigan socavaci\u00f3n de puentes y erosi\u00f3n costera. Se refiere Mar\u00eda Luisa del Campo, directora del Centro Tecnol\u00f3gico Kipus,<\/a>\u00a0<\/div><div>\u00a0<\/div><div><b>RED LOS R\u00cdOS<\/b>\u00a0<br \/><a id=\"OWA861a48b3-02a1-0fd4-62af-5dde2fc1042d\" title=\"https:\/\/www.redlosrios.com\/senapred-maule-impulsa-proyectos-que-investigan-socavacion-de-puentes-y\" href=\"https:\/\/www.redlosrios.com\/senapred-maule-impulsa-proyectos-que-investigan-socavacion-de-puentes-y\" target=\"_blank\" rel=\"noopener noreferrer\" data-auth=\"NotApplicable\" data-linkindex=\"12\">Senapred Maule impulsa proyectos que investigan socavaci\u00f3n de puentes y erosi\u00f3n costera. Se refiere Mar\u00eda Luisa del Campo, directora del Centro Tecnol\u00f3gico Kipus,<\/a>\u00a0<\/div><div>\u00a0<\/div><div><b>CANAL MEGA<\/b>\u00a0<br \/><a id=\"OWAfd7ffa3c-a5a2-e0b0-9341-63846c54aa82\" title=\"https:\/\/www.litoralpress.cl\/sitio\/RadioTV_Detalles.cshtml?LPKey=WVHH5KKOJB3H2DXGI44642Z36DHYWYX3VOH6C67FIYUQJUYFPIMEFBA4CPP53D56NHEAJUVQR2V66\" href=\"https:\/\/www.litoralpress.cl\/sitio\/RadioTV_Detalles.cshtml?LPKey=WVHH5KKOJB3H2DXGI44642Z36DHYWYX3VOH6C67FIYUQJUYFPIMEFBA4CPP53D56NHEAJUVQR2V66\" target=\"_blank\" rel=\"noopener noreferrer\" data-auth=\"NotApplicable\" data-linkindex=\"13\">\u00bfQui\u00e9n gan\u00f3 el debate ANATEL? Se refiere Mauricio Morales Quiroga, director del Centro de An\u00e1lisis Pol\u00edtico (CAP-UTalca)<\/a>\u00a0<\/div><div>\u00a0<\/div><div><b>MEGANOTICIAS<\/b>\u00a0<br \/><a id=\"OWAf30fe803-f112-fa3f-d02b-dbdf008cd48f\" title=\"https:\/\/www.litoralpress.cl\/sitio\/RadioTV_Detalles.cshtml?LPKey=AEHHX5WSEN43AVCX5I5WJ4WF3GI7HIEQQDF7KMG7OL5XAFFO7PVXIYBPFCE7VSWAHNHJZNUS3OJUY\" href=\"https:\/\/www.litoralpress.cl\/sitio\/RadioTV_Detalles.cshtml?LPKey=AEHHX5WSEN43AVCX5I5WJ4WF3GI7HIEQQDF7KMG7OL5XAFFO7PVXIYBPFCE7VSWAHNHJZNUS3OJUY\" target=\"_blank\" rel=\"noopener noreferrer\" data-auth=\"NotApplicable\" data-linkindex=\"14\">As\u00ed fue el \u00faltimo debate entre los candidatos. Se refiere Mauricio Morales Quiroga, director del Centro de An\u00e1lisis Pol\u00edtico (CAP-UTalca)<\/a>\u00a0<\/div><div>\u00a0<\/div><div><b>MEGANOTICIAS ALERTA<\/b>\u00a0<br \/><a id=\"OWA797c2c0b-0be9-db4d-9a84-3dce9f8d494f\" title=\"https:\/\/www.litoralpress.cl\/sitio\/RadioTV_Detalles.cshtml?LPKey=CXW63K6Z7STHMH5DNEONHCKLOBMHKPDOIYZRHHWP7UIYD67ENBXXKX36L7ODRSS6C4UQG3F74TNOW\" href=\"https:\/\/www.litoralpress.cl\/sitio\/RadioTV_Detalles.cshtml?LPKey=CXW63K6Z7STHMH5DNEONHCKLOBMHKPDOIYZRHHWP7UIYD67ENBXXKX36L7ODRSS6C4UQG3F74TNOW\" target=\"_blank\" rel=\"noopener noreferrer\" data-auth=\"NotApplicable\" data-linkindex=\"15\">Comienzan los cierres de campa\u00f1a de los candidatos presidenciales. Se refiere Mauricio Morales Quiroga, director del Centro de An\u00e1lisis Pol\u00edtico (CAP-UTalca)<\/a>\u00a0<\/div><div>\u00a0<\/div><div><b>LA SEGUNDA<\/b>\u00a0<br \/><a id=\"OWA8a0b2a24-0f00-1108-cb6c-f65bc4f2ff85\" title=\"https:\/\/www.lasegunda.com\/Noticias\/Politica\/2025\/11\/1109600\/insulza-candidato-valparaiso-riesgo-perder\" href=\"https:\/\/www.lasegunda.com\/Noticias\/Politica\/2025\/11\/1109600\/insulza-candidato-valparaiso-riesgo-perder\" target=\"_blank\" rel=\"noopener noreferrer\" data-auth=\"NotApplicable\" data-linkindex=\"16\">Insulza, el \u00edcono de la Concertaci\u00f3n que podr\u00eda perder en Valpara\u00edso. Se refiere Mauricio Morales Quiroga, director del Centro de An\u00e1lisis Pol\u00edtico (CAP-UTalca)<\/a>\u00a0<\/div><div>\u00a0<\/div><div><b>EMOL<\/b>\u00a0<br \/><a id=\"OWA19c3247f-0040-be70-b98f-82d821bf600d\" title=\"https:\/\/www.emol.com\/noticias\/Nacional\/2025\/11\/10\/1182730\/expertos-proyectan-ultimo-debate-presidencial.html\" href=\"https:\/\/www.emol.com\/noticias\/Nacional\/2025\/11\/10\/1182730\/expertos-proyectan-ultimo-debate-presidencial.html\" target=\"_blank\" rel=\"noopener noreferrer\" data-auth=\"NotApplicable\" data-linkindex=\"17\">&#8216;Consolidar electorado&#8217; y &#8216;llegar a los indecisos&#8217;: Lo que est\u00e1 en juego para los candidatos en el debate de este lunes. Se refiere Mario Herrera Mu\u00f1oz, acad\u00e9mico del Centro de An\u00e1lisis Pol\u00edtico (CAP-UTalca)<\/a>\u00a0<\/div><div>\u00a0<\/div><div><b>EMOL<\/b>\u00a0<br \/><a id=\"OWAb5f157ed-f9ff-8ee2-3b9b-b816285c3c30\" title=\"https:\/\/www.emol.com\/noticias\/Nacional\/2025\/11\/09\/1182716\/claves-presidencial-parlamentaria-recta-final.html\" href=\"https:\/\/www.emol.com\/noticias\/Nacional\/2025\/11\/09\/1182716\/claves-presidencial-parlamentaria-recta-final.html\" target=\"_blank\" rel=\"noopener noreferrer\" data-auth=\"NotApplicable\" data-linkindex=\"18\">&#8216;Posicionamiento&#8217; y &#8216;arrastrar al compa\u00f1ero de lista&#8217;: C\u00f3mo se perfila la recta final de la contienda parlamentaria. Se refiere Mario Herrera Mu\u00f1oz, acad\u00e9mico del Centro de An\u00e1lisis Pol\u00edtico (CAP-UTalca)<\/a>\u00a0<\/div><div>\u00a0<\/div><div><b>LA PRENSA DE CURIC\u00d3<\/b>\u00a0<br \/><a id=\"OWA8b55087e-9bc9-6291-b328-fc1a3b2d9c36\" title=\"https:\/\/nma2tpb6jaybune4s2yh5l33unpybutl24kr5lq35no3l5z3zkecv7kjjrcqgx4orkhjbtuqhcnqo\/\" href=\"https:\/\/nma2tpb6jaybune4s2yh5l33unpybutl24kr5lq35no3l5z3zkecv7kjjrcqgx4orkhjbtuqhcnqo\/\" target=\"_blank\" rel=\"noopener noreferrer\" data-auth=\"NotApplicable\" data-linkindex=\"19\">Llaman a cuidarse este fin de semana por altas temperaturas. Se refiere Patricio Gonz\u00e1lez Colville, agroclimat\u00f3logo y acad\u00e9mico del Centro de Investigaci\u00f3n y Transferencia en Riego y Agroclimatolog\u00eda (CITRA).<\/a>\u00a0<\/div><div>\u00a0<\/div><div><b>DIARIO LA PRENSA<\/b>\u00a0<br \/><a id=\"OWAeaea95b2-8821-ba99-18c3-2c55438a6e84\" title=\"https:\/\/new.diariolaprensa.cl\/index.php\/2025\/11\/11\/llaman-a-cuidarse-este-fin-de-semana-por-altas-temperaturas\/\" href=\"https:\/\/new.diariolaprensa.cl\/index.php\/2025\/11\/11\/llaman-a-cuidarse-este-fin-de-semana-por-altas-temperaturas\/\" target=\"_blank\" rel=\"noopener noreferrer\" data-auth=\"NotApplicable\" data-linkindex=\"20\">Llaman a cuidarse este fin de semana por altas temperaturas. Se refiere Patricio Gonz\u00e1lez Colville, agroclimat\u00f3logo y acad\u00e9mico del Centro de Investigaci\u00f3n y Transferencia en Riego y Agroclimatolog\u00eda (CITRA)<\/a>\u00a0<\/div><div>\u00a0<\/div><div><b>EL LECTOR<\/b>\u00a0<br \/><a id=\"OWA898ee51a-3122-ba56-685f-e917564f5684\" title=\"https:\/\/www.litoralpress.cl\/paginaconsultas\/Servicios_NClipWeb\/Get_Imagen_Nota.aspx?LPKey=3NDRUSIYQOVRNA2BJNQLFEC3DCS6HKB3VGNYT44U4DWXCKB3AK7SYHPS44CR4ZY3XSWMDOO6C3GVA\" href=\"https:\/\/www.litoralpress.cl\/paginaconsultas\/Servicios_NClipWeb\/Get_Imagen_Nota.aspx?LPKey=3NDRUSIYQOVRNA2BJNQLFEC3DCS6HKB3VGNYT44U4DWXCKB3AK7SYHPS44CR4ZY3XSWMDOO6C3GVA\" target=\"_blank\" rel=\"noopener noreferrer\" data-auth=\"NotApplicable\" data-linkindex=\"21\">El poder de la creatividad: Como transformar la ense\u00f1anza desde la curiosidad y el movimiento. Se refiere Mauricio V\u00e9liz, decano de la Facultad de Ciencias de la Educaci\u00f3n\u202f<\/a>\u00a0<\/div><div>\u00a0<\/div><div><b>RADIO FM M\u00c1S<\/b>\u00a0<br \/><a id=\"OWA90e25891-fcac-83b6-2a8f-b7487e1a4e10\" title=\"https:\/\/radiofmmas.cl\/el-poder-de-la-creatividad-como-transformar-la-ensenanza-desde-la-curiosidad-y-el-movimiento\/\" href=\"https:\/\/radiofmmas.cl\/el-poder-de-la-creatividad-como-transformar-la-ensenanza-desde-la-curiosidad-y-el-movimiento\/\" target=\"_blank\" rel=\"noopener noreferrer\" data-auth=\"NotApplicable\" data-linkindex=\"22\">El poder de la creatividad: C\u00f3mo transformar la ense\u00f1anza desde la curiosidad y el movimiento. Se refiere Mauricio V\u00e9liz, decano de la Facultad de Ciencias de la Educaci\u00f3n\u202f<\/a>\u00a0<\/div><div>\u00a0<\/div><div><b>RADIO CRISTALINA<\/b>\u00a0<br \/><a id=\"OWAd0af9e7f-7115-e644-a3de-7ee007c32c15\" title=\"https:\/\/radiocristalina.cl\/el-poder-de-la-creatividad-como-transformar-la-ensenanza-desde-la-curiosidad-y-el-movimiento\/\" href=\"https:\/\/radiocristalina.cl\/el-poder-de-la-creatividad-como-transformar-la-ensenanza-desde-la-curiosidad-y-el-movimiento\/\" target=\"_blank\" rel=\"noopener noreferrer\" data-auth=\"NotApplicable\" data-linkindex=\"23\">El poder de la creatividad: C\u00f3mo transformar la ense\u00f1anza desde la curiosidad y el movimiento. Se refiere Mauricio V\u00e9liz, decano de la Facultad de Ciencias de la Educaci\u00f3n\u202f<\/a>\u00a0<\/div><div>\u00a0<\/div><div><b>PORTAL AGRO CHILE<\/b>\u00a0<br \/><a id=\"OWA8a6172ea-0344-e0e5-60df-c56531c055d7\" title=\"https:\/\/www.portalagrochile.cl\/2025\/11\/11\/lideres-del-riego-y-la-agricultura-coinciden-el-futuro-del-agro-chileno-es-sostenible\/\" href=\"https:\/\/www.portalagrochile.cl\/2025\/11\/11\/lideres-del-riego-y-la-agricultura-coinciden-el-futuro-del-agro-chileno-es-sostenible\/\" target=\"_blank\" rel=\"noopener noreferrer\" data-auth=\"NotApplicable\" data-linkindex=\"24\">L\u00edderes del riego y la agricultura coinciden: el futuro del agro chileno es sostenible. Se refiere Samuel Ortega, director del Centro de Investigaci\u00f3n y Transferencia en Riego y Agroclimatolog\u00eda (CITRA).<\/a>\u00a0<\/div><div>\u00a0<\/div><div><b>RADIO LAUTARO<\/b>\u00a0<br \/><a id=\"OWAa42287b7-36a8-6d9e-6da1-f9cbb0978609\" title=\"https:\/\/radiolautarotalca.cl\/estrenan-documental-con-historias-de-destacadas-mujeres-maulinas\/\" href=\"https:\/\/radiolautarotalca.cl\/estrenan-documental-con-historias-de-destacadas-mujeres-maulinas\/\" target=\"_blank\" rel=\"noopener noreferrer\" data-auth=\"NotApplicable\" data-linkindex=\"25\">Estrenan documental con historias de destacadas mujeres maulinas. Se refiere Mar\u00eda Elisa Quinteros, directora\u202fde\u202fRelaciones Internacionales.\u202f<\/a>\u00a0<\/div><div>\u00a0<\/div><div><b>G5 NOTICIA<\/b>\u00a0<br \/><a id=\"OWAf2b0e996-f610-d3ee-981f-6e520a16128e\" title=\"https:\/\/g5noticias.cl\/2025\/11\/11\/utalca-y-fia-se-unen-para-buscar-comercializacion-de-nuevos-hibridos-de-manzanos\/\" href=\"https:\/\/g5noticias.cl\/2025\/11\/11\/utalca-y-fia-se-unen-para-buscar-comercializacion-de-nuevos-hibridos-de-manzanos\/\" target=\"_blank\" rel=\"noopener noreferrer\" data-auth=\"NotApplicable\" data-linkindex=\"26\">UTalca y FIA se unen para buscar comercializaci\u00f3n de nuevos h\u00edbridos de manzanos. Se refiere Daniela Simeone, investigadora del Centro de Pom\u00e1ceas.<\/a>\u00a0<\/div><div>\u00a0<\/div><div><b>EL LECTOR<\/b>\u00a0<br \/><a id=\"OWA4f7d705d-2408-e4a2-abc8-f5ecea0ee8b8\" title=\"https:\/\/www.litoralpress.cl\/paginaconsultas\/Servicios_NClipWeb\/Get_Imagen_Nota.aspx?LPKey=7DQZLQJZOZV4CZDJFJPBIHWU6DQ6HMJODBDEJ7PHZZYG2X5N7HOBYAV2MZH5ZLOGXQZ4ZD52LQWXA\" href=\"https:\/\/www.litoralpress.cl\/paginaconsultas\/Servicios_NClipWeb\/Get_Imagen_Nota.aspx?LPKey=7DQZLQJZOZV4CZDJFJPBIHWU6DQ6HMJODBDEJ7PHZZYG2X5N7HOBYAV2MZH5ZLOGXQZ4ZD52LQWXA\" target=\"_blank\" rel=\"noopener noreferrer\" data-auth=\"NotApplicable\" data-linkindex=\"27\">Los Patapela inician gira de celebraci\u00f3n De 10 a\u00f1os de vida. Se menciona la Universidad de Talca.<\/a>\u00a0<\/div><div>\u00a0<\/div><div><b>LA DISCUSI\u00d3N<\/b>\u00a0<br \/><a id=\"OWAda84aeb7-7cd1-7ac3-2cbf-2be4c5e43746\" title=\"https:\/\/www.litoralpress.cl\/paginaconsultas\/Servicios_NClipWeb\/Get_Imagen_Nota.aspx?LPKey=WCLKUCXW64W2SLAFMSH6XQ54UWDQYUJLUALX6LOEIPEQWPUXYEVWWOZUAZCZ53X6SEHJWFFSRFDAO\" href=\"https:\/\/www.litoralpress.cl\/paginaconsultas\/Servicios_NClipWeb\/Get_Imagen_Nota.aspx?LPKey=WCLKUCXW64W2SLAFMSH6XQ54UWDQYUJLUALX6LOEIPEQWPUXYEVWWOZUAZCZ53X6SEHJWFFSRFDAO\" target=\"_blank\" rel=\"noopener noreferrer\" data-auth=\"NotApplicable\" data-linkindex=\"28\">Pese a efectividad tribunales ha ordenado uso de tobilleras en apenas el 1,2% de casos de VIF en Nuble. Se menciona la Universidad de Talca.<\/a>\u00a0<\/div><div>\u00a0<\/div><div><b>CANAL 24 HORAS<\/b>\u00a0<br \/><a id=\"OWAca6c23be-01bb-bbfb-74f2-f91d375a2427\" title=\"https:\/\/www.litoralpress.cl\/sitio\/RadioTV_Detalles.cshtml?LPKey=WEMGH5M2FIXIEALJPYCFMLPRFBWNSX3C3W5TWH7V4TLK4GASYDWK6KYTGEEN2A44NTDQGCQ6SNLW4\" href=\"https:\/\/www.litoralpress.cl\/sitio\/RadioTV_Detalles.cshtml?LPKey=WEMGH5M2FIXIEALJPYCFMLPRFBWNSX3C3W5TWH7V4TLK4GASYDWK6KYTGEEN2A44NTDQGCQ6SNLW4\" target=\"_blank\" rel=\"noopener noreferrer\" data-auth=\"NotApplicable\" data-linkindex=\"29\">Debate elecciones. Se menciona la Universidad de Talca<\/a>\u00a0<\/div><div>\u00a0<\/div><div><b>\u00a0RADIO CRISTALINA<\/b>\u00a0<br \/><a id=\"OWA5293f4b1-37ac-8cbf-745f-72d5a4fb9548\" title=\"https:\/\/radiocristalina.cl\/el-maule-mira-a-china-gobernador-alvarez-salamanca-impulsa-alianza-estrategica-con-la-provincia-de-hebei\/\" href=\"https:\/\/radiocristalina.cl\/el-maule-mira-a-china-gobernador-alvarez-salamanca-impulsa-alianza-estrategica-con-la-provincia-de-hebei\/\" target=\"_blank\" rel=\"noopener noreferrer\" data-auth=\"NotApplicable\" data-linkindex=\"30\">El Maule mira a China: Gobernador \u00c1lvarez-Salamanca impulsa alianza estrat\u00e9gica con la Provincia de Hebei. Se menciona la Universidad de Talca.<\/a>\u00a0<\/div><div>\u00a0<\/div><div><b>PICHILEMU MEWS<\/b>\u00a0<br \/><a id=\"OWAc31c65ed-8d9a-2fc6-a771-1b3fe2771560\" title=\"https:\/\/www.pichilemunews.cl\/musicos\/pichilemu-no-solo-sal-produce-cahuil-sino-proyectos-musicales-de-manos-de-la-cahuil-rock-band\/\" href=\"https:\/\/www.pichilemunews.cl\/musicos\/pichilemu-no-solo-sal-produce-cahuil-sino-proyectos-musicales-de-manos-de-la-cahuil-rock-band\/\" target=\"_blank\" rel=\"noopener noreferrer\" data-auth=\"NotApplicable\" data-linkindex=\"31\">Pichilemu: No solo sal produce C\u00e1huil, sino proyectos musicales de manos de la \u201cC\u00e1huil Rock Band\u201d. Se menciona la Universidad de Talca.<\/a>\u00a0<\/div><div>\u00a0<\/div><div><b>DIARIO TALCA<\/b>\u00a0<br \/><a id=\"OWA9871ae35-f048-68b6-b06f-7f1136bedb56\" title=\"https:\/\/diariotalca.cl\/los-patapela-inician-gira-en-talca-de-celebracion-de-10-anos-de-vida\/\" href=\"https:\/\/diariotalca.cl\/los-patapela-inician-gira-en-talca-de-celebracion-de-10-anos-de-vida\/\" target=\"_blank\" rel=\"noopener noreferrer\" data-auth=\"NotApplicable\" data-linkindex=\"32\">\u00abLos Patapel\u00e1\u00bb inician gira en Talca de celebraci\u00f3n de 10 a\u00f1os de vida. Se menciona la Universidad de Talca.<\/a>\u00a0<\/div><div>\u00a0<\/div><div><b>AM NOTICIAS<\/b>\u00a0<br \/><a id=\"OWA6f378b3f-af40-2930-4d28-38ba5a204c24\" title=\"https:\/\/amnoticias.cl\/maule-y-hebei-fortalecen-lazos-para-impulsar-cooperacion-economica-y-cultural\/\" href=\"https:\/\/amnoticias.cl\/maule-y-hebei-fortalecen-lazos-para-impulsar-cooperacion-economica-y-cultural\/\" target=\"_blank\" rel=\"noopener noreferrer\" data-auth=\"NotApplicable\" data-linkindex=\"33\">Maule y Hebei fortalecen lazos para impulsar cooperaci\u00f3n econ\u00f3mica y cultural. Se menciona la Universidad de Talca.<\/a>\u00a0<\/div><div>\u00a0<\/div><div><b>DIARIO LA MA\u00d1ANA<\/b>\u00a0<br \/><a id=\"OWAbe1fae44-3649-06ba-3bbe-efc5f5eb938c\" title=\"https:\/\/xn--diariolamaana-rkb.cl\/maule-y-hebei-fortalecen-lazos-para-impulsar-cooperacion-economica-y-cultural\/\" href=\"https:\/\/xn--diariolamaana-rkb.cl\/maule-y-hebei-fortalecen-lazos-para-impulsar-cooperacion-economica-y-cultural\/\" target=\"_blank\" rel=\"noopener noreferrer\" data-auth=\"NotApplicable\" data-linkindex=\"34\">Maule y Hebei fortalecen lazos para impulsar cooperaci\u00f3n econ\u00f3mica y cultural. Se menciona la Universidad de Talca.<\/a>\u00a0<\/div><div>\u00a0<\/div><div><b>USACH<\/b>\u00a0<br \/><a id=\"OWAf95b0657-4d7a-2a46-d7c8-a49fe2c1602e\" title=\"https:\/\/usach.cl\/news\/plantel-destaca-cierre-proyecto-la-red-vcm-cuech-aportando-liderazgo-colaborativo-y-programas\" href=\"https:\/\/usach.cl\/news\/plantel-destaca-cierre-proyecto-la-red-vcm-cuech-aportando-liderazgo-colaborativo-y-programas\" target=\"_blank\" rel=\"noopener noreferrer\" data-auth=\"NotApplicable\" data-linkindex=\"35\">Plantel destaca en cierre de proyecto de la Red VCM-Cuech, aportando liderazgo colaborativo y programas de innovaci\u00f3n para el desarrollo de los territorios. Se menciona la Universidad de Talca.<\/a>\u00a0<\/div><div>\u00a0<\/div><div><b>DIARIO UACH<\/b>\u00a0<br \/><a id=\"OWA742ee3af-9341-5749-4dba-d0ee1120e40d\" title=\"https:\/\/diario.uach.cl\/analizan-impacto-de-innovacion-social-en-universidades\/\" href=\"https:\/\/diario.uach.cl\/analizan-impacto-de-innovacion-social-en-universidades\/\" target=\"_blank\" rel=\"noopener noreferrer\" data-auth=\"NotApplicable\" data-linkindex=\"36\">Analizan impacto de innovaci\u00f3n social en universidades. Se menciona la Universidad de Talca.<\/a>\u00a0<\/div><div>\u00a0<\/div><div><b>CANAL 2 LINARES<\/b>\u00a0<br \/><a id=\"OWAe765f4c6-950e-72bf-9a1f-f192c163e5f9\" title=\"https:\/\/www.canal2linares.cl\/2025\/11\/el-maule-mira-china-gobernador-alvarez.html\" href=\"https:\/\/www.canal2linares.cl\/2025\/11\/el-maule-mira-china-gobernador-alvarez.html\" target=\"_blank\" rel=\"noopener noreferrer\" data-auth=\"NotApplicable\" data-linkindex=\"37\">El Maule mira a China: Gobernador \u00c1lvarez-Salamanca impulsa alianza estrat\u00e9gica junto a la Provincia de Hebei. Se menciona la Universidad de Talca.<\/a>\u00a0<\/div><div>\u00a0<\/div><div><b>EL MALON ARTE<\/b>\u00a0<br \/><a id=\"OWA70f9189f-f140-a5b8-37aa-87798971369d\" title=\"https:\/\/elmalondelarte.cl\/jovenes-pianistas-ofrecen-recital-en-san-javier\/\" href=\"https:\/\/elmalondelarte.cl\/jovenes-pianistas-ofrecen-recital-en-san-javier\/\" target=\"_blank\" rel=\"noopener noreferrer\" data-auth=\"NotApplicable\" data-linkindex=\"38\">J\u00f3venes pianistas ofrecen recital en San Javier. Se menciona la Universidad de Talca.<\/a>\u00a0<\/div><div>\u00a0<\/div><div><b>ACTUALIDAD JUR\u00cdDICA<\/b>\u00a0<br \/><a id=\"OWA381d8e33-16a2-0a73-98b0-d1d1717a89d0\" title=\"https:\/\/actualidadjuridica.doe.cl\/xv-jornadas-nacionales-de-derecho-del-consumo\/\" href=\"https:\/\/actualidadjuridica.doe.cl\/xv-jornadas-nacionales-de-derecho-del-consumo\/\" target=\"_blank\" rel=\"noopener noreferrer\" data-auth=\"NotApplicable\" data-linkindex=\"39\">XV Jornadas Nacionales de Derecho del Consumo. Se menciona la Universidad de Talca.<\/a>\u00a0<\/div><div>\u00a0<\/div><div><b>EL MAULE INFORMA<\/b>\u00a0<br \/><a id=\"OWAcc2e0203-066e-2c09-4e86-6654d63c8dde\" title=\"https:\/\/elmauleinforma.cl\/conjunto-de-teatro-y-musica-familiar-los-patapela-inician-gira\/\" href=\"https:\/\/elmauleinforma.cl\/conjunto-de-teatro-y-musica-familiar-los-patapela-inician-gira\/\" target=\"_blank\" rel=\"noopener noreferrer\" data-auth=\"NotApplicable\" data-linkindex=\"40\">Conjunto de teatro y m\u00fasica familiar Los Patapel\u00e1 inician gira. Se menciona la Universidad de Talca.<\/a>\u00a0<\/div><div>\u00a0<\/div><div><b>UNIVERSIDAD DE CHILE<\/b>\u00a0<br \/><a id=\"OWA4c33ed6a-d4ec-0292-890b-a834f2fed1a1\" title=\"https:\/\/uchile.cl\/noticias\/234560\/senama-adjudica-al-inta-proyecto-sobreatencion-en-eleam-en-chile0\" href=\"https:\/\/uchile.cl\/noticias\/234560\/senama-adjudica-al-inta-proyecto-sobreatencion-en-eleam-en-chile0\" target=\"_blank\" rel=\"noopener noreferrer\" data-auth=\"NotApplicable\" data-linkindex=\"41\">U. de Chile realizar\u00e1 estudio nacional sobre calidad de vida en residencias de larga estad\u00eda. Se menciona la Universidad de Talca.<\/a>\u00a0<\/div><div>\u00a0<\/div><div><b>LOS ANDES ONLINE<\/b>\u00a0<br \/><a id=\"OWA9217be39-d725-c6b2-1060-2348df9106dd\" title=\"http:\/\/www.losandesonline.cl\/noticias\/60218\/efecto-domino-que-pasa-cuando-se-construye-menos-se-vende-menos-y-se-arrienda-mas-caro.html\" href=\"http:\/\/www.losandesonline.cl\/noticias\/60218\/efecto-domino-que-pasa-cuando-se-construye-menos-se-vende-menos-y-se-arrienda-mas-caro.html\" target=\"_blank\" rel=\"noopener noreferrer\" data-auth=\"NotApplicable\" data-linkindex=\"42\">Efecto domin\u00f3: \u00bfQu\u00e9 pasa cuando se construye menos, se vende menos y se arrienda m\u00e1s caro? Se menciona la Universidad de Talca.<\/a>\u00a0<\/div><div aria-hidden=\"true\">\u00a0<\/div>\t\t\t\t\t\t<\/div>\n\t\t\t\t<\/div>\n\t\t\t\t\t<\/div>\n\t\t<\/div>\n\t\t\t\t\t\t\t<\/div>\n\t\t<\/section>\n\t\t\t\t\t\t<\/div>\n\t\t\t\t\t<\/div>\n\t\t","protected":false},"excerpt":{"rendered":"<p>PORTAL RED SALUD\u00a0Limpieza dental a bajo costo: Odontolog\u00eda UTalca se suma a la cruzada solidaria de Telet\u00f3n. Se refiere Eduardo Canales Aravena, director de las Cl\u00ednicas Odontol\u00f3gicas y Paula Morales Sierralta, acad\u00e9mica de la Facultad de Odontolog\u00eda\u00a0\u00a0MEDIABANCO\u00a0Limpieza dental a bajo costo: Odontolog\u00eda UTalca se suma a la cruzada solidaria de Telet\u00f3n. Se refiere Eduardo Canales &hellip;<\/p>\n<p class=\"read-more\"> <a class=\"\" href=\"https:\/\/www.reportedeprensa.utalca.cl\/?p=12881\"> <span class=\"screen-reader-text\">12 de noviembre 2025<\/span> Read More &raquo;<\/a><\/p>\n","protected":false},"author":1,"featured_media":0,"comment_status":"closed","ping_status":"open","sticky":false,"template":"","format":"standard","meta":{"_monsterinsights_skip_tracking":false,"_monsterinsights_sitenote_active":false,"_monsterinsights_sitenote_note":"","_monsterinsights_sitenote_category":0},"categories":[65],"tags":[],"_links":{"self":[{"href":"https:\/\/www.reportedeprensa.utalca.cl\/index.php?rest_route=\/wp\/v2\/posts\/12881"}],"collection":[{"href":"https:\/\/www.reportedeprensa.utalca.cl\/index.php?rest_route=\/wp\/v2\/posts"}],"about":[{"href":"https:\/\/www.reportedeprensa.utalca.cl\/index.php?rest_route=\/wp\/v2\/types\/post"}],"author":[{"embeddable":true,"href":"https:\/\/www.reportedeprensa.utalca.cl\/index.php?rest_route=\/wp\/v2\/users\/1"}],"replies":[{"embeddable":true,"href":"https:\/\/www.reportedeprensa.utalca.cl\/index.php?rest_route=%2Fwp%2Fv2%2Fcomments&post=12881"}],"version-history":[{"count":4,"href":"https:\/\/www.reportedeprensa.utalca.cl\/index.php?rest_route=\/wp\/v2\/posts\/12881\/revisions"}],"predecessor-version":[{"id":12885,"href":"https:\/\/www.reportedeprensa.utalca.cl\/index.php?rest_route=\/wp\/v2\/posts\/12881\/revisions\/12885"}],"wp:attachment":[{"href":"https:\/\/www.reportedeprensa.utalca.cl\/index.php?rest_route=%2Fwp%2Fv2%2Fmedia&parent=12881"}],"wp:term":[{"taxonomy":"category","embeddable":true,"href":"https:\/\/www.reportedeprensa.utalca.cl\/index.php?rest_route=%2Fwp%2Fv2%2Fcategories&post=12881"},{"taxonomy":"post_tag","embeddable":true,"href":"https:\/\/www.reportedeprensa.utalca.cl\/index.php?rest_route=%2Fwp%2Fv2%2Ftags&post=12881"}],"curies":[{"name":"wp","href":"https:\/\/api.w.org\/{rel}","templated":true}]}}