{"id":12893,"date":"2025-11-14T15:09:43","date_gmt":"2025-11-14T18:09:43","guid":{"rendered":"https:\/\/www.reportedeprensa.utalca.cl\/?p=12893"},"modified":"2025-11-14T15:10:38","modified_gmt":"2025-11-14T18:10:38","slug":"14-de-noviembre-2025","status":"publish","type":"post","link":"https:\/\/www.reportedeprensa.utalca.cl\/?p=12893","title":{"rendered":"14 de noviembre 2025"},"content":{"rendered":"\t\t<div data-elementor-type=\"wp-post\" data-elementor-id=\"12893\" class=\"elementor elementor-12893\" data-elementor-settings=\"[]\">\n\t\t\t\t\t\t\t<div class=\"elementor-section-wrap\">\n\t\t\t\t\t\t\t<section class=\"elementor-section elementor-top-section elementor-element elementor-element-bcea1a8 elementor-section-boxed elementor-section-height-default elementor-section-height-default\" data-id=\"bcea1a8\" data-element_type=\"section\">\n\t\t\t\t\t\t<div class=\"elementor-container elementor-column-gap-default\">\n\t\t\t\t\t<div class=\"elementor-column elementor-col-100 elementor-top-column elementor-element elementor-element-e7183bf\" data-id=\"e7183bf\" data-element_type=\"column\">\n\t\t\t<div class=\"elementor-widget-wrap elementor-element-populated\">\n\t\t\t\t\t\t\t\t<div class=\"elementor-element elementor-element-6c691a8 elementor-widget elementor-widget-text-editor\" data-id=\"6c691a8\" data-element_type=\"widget\" data-widget_type=\"text-editor.default\">\n\t\t\t\t<div class=\"elementor-widget-container\">\n\t\t\t\t\t\t\t\t<div><strong>COOPERATIVA CIENCIA<\/strong><br \/><a href=\"https:\/\/www.litoralpress.cl\/sitio\/RadioTV_Detalles.cshtml?LPKey=H4LTVDCRJEPLOBE5LNRGQBEE5U76PGJFEDZDFL7RWPCG23H5P3XBXQHN5VVUEHTY75UWEKNJRTYYW\">Investigaci\u00f3n chilena llega a la COP30 con su apuesta por regenerar suelos da\u00f1ados. Se refiere Andrea Barrera, acad\u00e9mica Facultad de Ciencias de la Salud.<\/a><br \/><br \/><\/div><div><b data-olk-copy-source=\"MessageBody\">EL CONQUISTADOR CONCEPCI\u00d3N<\/b>\u00a0<br \/><a id=\"OWA93313dfa-accb-bd22-20e7-878a1b38d52e\" title=\"https:\/\/www.elconquistadorconcepcion.cl\/2025\/11\/13\/que-es-el-sim-swapping-y-como-evitar-ser-victima-de-esta-estafa\/\" href=\"https:\/\/www.elconquistadorconcepcion.cl\/2025\/11\/13\/que-es-el-sim-swapping-y-como-evitar-ser-victima-de-esta-estafa\/\" target=\"_blank\" rel=\"noopener noreferrer\" data-auth=\"NotApplicable\" data-linkindex=\"0\">SIM swapping: \u00bfC\u00f3mo evitar ser v\u00edctima de estafa? Se refiere arcadio Cerda, decano de la Facultad de econom\u00eda y Negocios.<\/a>\u00a0<\/div><div>\u00a0<\/div><div><b>EL LECTOR<\/b>\u00a0<br \/><a id=\"OWAa5ef9f42-0e93-3e77-1daf-88ca50a9678d\" title=\"https:\/\/www.litoralpress.cl\/paginaconsultas\/Servicios_NClipWeb\/Get_Imagen_Nota.aspx?LPKey=5UVW4WP6PR37SNKBKRIHPPMCABNEOYNZ2SRTCEHCKX2DOULIBHIZ3LAAKR44CIVVYBPGHFNVQ6I32\" href=\"https:\/\/www.litoralpress.cl\/paginaconsultas\/Servicios_NClipWeb\/Get_Imagen_Nota.aspx?LPKey=5UVW4WP6PR37SNKBKRIHPPMCABNEOYNZ2SRTCEHCKX2DOULIBHIZ3LAAKR44CIVVYBPGHFNVQ6I32\" target=\"_blank\" rel=\"noopener noreferrer\" data-auth=\"NotApplicable\" data-linkindex=\"1\">Estafas por internet, evoluci\u00f3n de los delitos y desaf\u00edos de la ciberseguridad fue tema de seminario realizado en el Maule. Se refiere arcadio Cerda, decano de la Facultad de econom\u00eda y Negocios.<\/a>\u00a0\u00a0<\/div><div>\u00a0<\/div><div><b>LA PRENSA DE CURIC\u00d3<\/b>\u00a0<br \/><a id=\"OWA815d9eaa-cfb1-7897-9ad1-2bf1bd1a497e\" title=\"https:\/\/www.litoralpress.cl\/paginaconsultas\/Servicios_NClipWeb\/Get_Imagen_Nota.aspx?LPKey=GDSBNU5ZKV3JEI5FAYGBU6DX3HEM7GWGGIECKXDO6FJPCOCPE6275X4UNQWA6NZROAVMXMCTWM3ZI\" href=\"https:\/\/www.litoralpress.cl\/paginaconsultas\/Servicios_NClipWeb\/Get_Imagen_Nota.aspx?LPKey=GDSBNU5ZKV3JEI5FAYGBU6DX3HEM7GWGGIECKXDO6FJPCOCPE6275X4UNQWA6NZROAVMXMCTWM3ZI\" target=\"_blank\" rel=\"noopener noreferrer\" data-auth=\"NotApplicable\" data-linkindex=\"2\">Estafas por internet, evoluci\u00f3n de los delitos y desaf\u00edos de ciberseguridad fue tema de seminario realizado en el Maule. Se refiere arcadio Cerda, decano de la Facultad de econom\u00eda y Negocios.<\/a>\u00a0<\/div><div>\u00a0<\/div><div><b>MAULE HOY<\/b>\u00a0<br \/><a id=\"OWA95d828cd-44b7-c5d1-fa45-34fbaee14419\" title=\"https:\/\/www.litoralpress.cl\/paginaconsultas\/Servicios_NClipWeb\/Get_Imagen_Nota.aspx?LPKey=PIBOXHLTNNJWCBFHRDCEOCWNI36B7ECOSGJMPCQT23IIYWWSOJWHTRAIH5ENZA7S3UJ4R2JLUOCEC\" href=\"https:\/\/www.litoralpress.cl\/paginaconsultas\/Servicios_NClipWeb\/Get_Imagen_Nota.aspx?LPKey=PIBOXHLTNNJWCBFHRDCEOCWNI36B7ECOSGJMPCQT23IIYWWSOJWHTRAIH5ENZA7S3UJ4R2JLUOCEC\" target=\"_blank\" rel=\"noopener noreferrer\" data-auth=\"NotApplicable\" data-linkindex=\"3\">Estafas por internet, evoluci\u00f3n de los delitos y desaf\u00edos de la ciberseguridad fue tema de seminario realizado en el Maule. Se refiere arcadio Cerda, decano de la Facultad de econom\u00eda y Negocios<\/a>\u00a0<\/div><div>\u00a0<\/div><div><b>EL MAULE INFORMA<\/b>\u00a0<br \/><a id=\"OWA1cf6dafd-d633-03d4-db42-0531b31199a3\" title=\"https:\/\/elmauleinforma.cl\/desafios-de-la-ciberseguridad-fue-tema-de-seminario-realizado-en-talca\/\" href=\"https:\/\/elmauleinforma.cl\/desafios-de-la-ciberseguridad-fue-tema-de-seminario-realizado-en-talca\/\" target=\"_blank\" rel=\"noopener noreferrer\" data-auth=\"NotApplicable\" data-linkindex=\"4\">Desaf\u00edos de la ciberseguridad fue tema de seminario realizado en Talca. Se refiere arcadio Cerda, decano de la Facultad de econom\u00eda y Negocios.<\/a>\u00a0<\/div><div>\u00a0<\/div><div><b>RADIO MAULE SUR<\/b>\u00a0<br \/><a id=\"OWAc93414d3-c58f-5644-0809-6431e1fd974f\" title=\"https:\/\/www.radiomaulesur.cl\/2025\/11\/que-es-el-sim-swapping-y-como-evitar.html\" href=\"https:\/\/www.radiomaulesur.cl\/2025\/11\/que-es-el-sim-swapping-y-como-evitar.html\" target=\"_blank\" rel=\"noopener noreferrer\" data-auth=\"NotApplicable\" data-linkindex=\"5\">\u00bfQu\u00e9 es el SIM swapping y c\u00f3mo evitar ser v\u00edctima de esta estafa? Se refiere arcadio Cerda, decano de la Facultad de econom\u00eda y Negocios<\/a>\u00a0<\/div><div>\u00a0<\/div><div><b>S\u00c9PTIMA REGI\u00d3N NOTICIAS<\/b>\u00a0<br \/><a id=\"OWA71874124-00e6-df0d-03a7-52e74c98d3f8\" title=\"https:\/\/www.septimapaginanoticias.cl\/que-es-el-sim-swapping-y-como-evitar-ser-victima-de-esta-estafa\" href=\"https:\/\/www.septimapaginanoticias.cl\/que-es-el-sim-swapping-y-como-evitar-ser-victima-de-esta-estafa\" target=\"_blank\" rel=\"noopener noreferrer\" data-auth=\"NotApplicable\" data-linkindex=\"6\">\u00bfQu\u00e9 es el SIM swapping y c\u00f3mo evitar ser v\u00edctima de esta estafa? Se refiere arcadio Cerda, decano de la Facultad de econom\u00eda y Negocios.<\/a>\u00a0<\/div><div>\u00a0<\/div><div><b>MEDIABANCO<\/b>\u00a0<br \/><a id=\"OWA01416a59-3418-9504-8994-8a4dd9f47f5c\" title=\"https:\/\/www.mediabanco.com\/que-es-el-sim-swapping-y-como-evitar-ser-victima-de-esta-estafa\/\" href=\"https:\/\/www.mediabanco.com\/que-es-el-sim-swapping-y-como-evitar-ser-victima-de-esta-estafa\/\" target=\"_blank\" rel=\"noopener noreferrer\" data-auth=\"NotApplicable\" data-linkindex=\"7\">\u00bfQu\u00e9 es el SIM swapping y c\u00f3mo evitar ser v\u00edctima de esta estafa? Se refiere arcadio Cerda, decano de la Facultad de econom\u00eda y Negocios.<\/a>\u00a0<\/div><div>\u00a0<\/div><div><b>MEGANOTICIAS PRIME<\/b>\u00a0<br \/><a id=\"OWA4b93a833-1226-cb71-c183-ec2a925c7a1d\" title=\"https:\/\/www.litoralpress.cl\/sitio\/RadioTV_Detalles.cshtml?LPKey=JHA2HWMOPDA5YPRZH3SXAN6ITA634BUB43KPKAPPSO73DISAJPOFVP5OH2C4HHJDPAVJTJI7X7X2G\" href=\"https:\/\/www.litoralpress.cl\/sitio\/RadioTV_Detalles.cshtml?LPKey=JHA2HWMOPDA5YPRZH3SXAN6ITA634BUB43KPKAPPSO73DISAJPOFVP5OH2C4HHJDPAVJTJI7X7X2G\" target=\"_blank\" rel=\"noopener noreferrer\" data-auth=\"NotApplicable\" data-linkindex=\"8\">Cierres de las campa\u00f1as presidenciales. Se refiere Mauricio Morales Quiroga, director del Centro de An\u00e1lisis Pol\u00edtico (CAP-UTalca)<\/a>\u00a0<\/div><div>\u00a0<\/div><div><b>CANAL MEGA<\/b>\u00a0<br \/><a id=\"OWAc0e7f4f6-bbfd-6a48-d89e-d6ea703d1760\" title=\"https:\/\/www.litoralpress.cl\/sitio\/RadioTV_Detalles.cshtml?LPKey=FKI5IMUJCXH4Z5ESOLH6FYESKI653ECPKMKILOAY5ZL5SWNP5LK24C7WEUN6IQPW2NUQVM2QSEVYW\" href=\"https:\/\/www.litoralpress.cl\/sitio\/RadioTV_Detalles.cshtml?LPKey=FKI5IMUJCXH4Z5ESOLH6FYESKI653ECPKMKILOAY5ZL5SWNP5LK24C7WEUN6IQPW2NUQVM2QSEVYW\" target=\"_blank\" rel=\"noopener noreferrer\" data-auth=\"NotApplicable\" data-linkindex=\"9\">Candidatos presidenciales cierran sus campa\u00f1as. Se refiere Mauricio Morales Quiroga, director del Centro de An\u00e1lisis Pol\u00edtico (CAP-UTalca)<\/a>\u00a0<\/div><div>\u00a0<\/div><div><b>RADIO CRISTALINA<\/b>\u00a0<br \/><a id=\"OWA1e73dcf2-db49-4a26-556f-bfa1610823b2\" title=\"https:\/\/radiocristalina.cl\/elecciones-16-de-noviembre-guia-practica-para-votar-de-forma-expedita-este-domingo\/\" href=\"https:\/\/radiocristalina.cl\/elecciones-16-de-noviembre-guia-practica-para-votar-de-forma-expedita-este-domingo\/\" target=\"_blank\" rel=\"noopener noreferrer\" data-auth=\"NotApplicable\" data-linkindex=\"10\">Elecciones 16 de noviembre: gu\u00eda pr\u00e1ctica para votar de forma expedita este domingo. Se refiere Mario Herrera Mu\u00f1oz, acad\u00e9mico del Centro de An\u00e1lisis Pol\u00edtico (CAP-UTalca)<\/a>\u00a0<\/div><div>\u00a0<\/div><div><b>DIARIOS EN RED<\/b>\u00a0<br \/><a id=\"OWAf438ac72-8c4f-54d7-f24a-0a7238b1f7d7\" title=\"https:\/\/www.diariosenred.com\/elecciones-guia-practica-para-votar-de-forma-expedita-este-domingo\" href=\"https:\/\/www.diariosenred.com\/elecciones-guia-practica-para-votar-de-forma-expedita-este-domingo\" target=\"_blank\" rel=\"noopener noreferrer\" data-auth=\"NotApplicable\" data-linkindex=\"11\">Elecciones: gu\u00eda pr\u00e1ctica para votar de forma expedita este domingo. Se refiere Mario Herrera Mu\u00f1oz, acad\u00e9mico del Centro de An\u00e1lisis Pol\u00edtico (CAP-UTalca)<\/a>\u00a0<\/div><div>\u00a0<\/div><div><b>RED \u00d1UBLE<\/b>\u00a0<br \/><a id=\"OWAd524f420-1cf9-a6b6-7288-5a2bd10da893\" title=\"https:\/\/www.rednuble.com\/elecciones-guia-practica-para-votar-de-forma-expedita-este-domingo\" href=\"https:\/\/www.rednuble.com\/elecciones-guia-practica-para-votar-de-forma-expedita-este-domingo\" target=\"_blank\" rel=\"noopener noreferrer\" data-auth=\"NotApplicable\" data-linkindex=\"12\">Elecciones: gu\u00eda pr\u00e1ctica para votar de forma expedita este domingo. Se refiere Mario Herrera Mu\u00f1oz, acad\u00e9mico del Centro de An\u00e1lisis Pol\u00edtico (CAP-UTalca)<\/a>\u00a0<\/div><div>\u00a0<\/div><div><b>RED ARICA<\/b>\u00a0<br \/><a id=\"OWA06537767-6f0a-47f3-afff-8fb2f2645ea2\" title=\"https:\/\/www.redarica.com\/elecciones-guia-practica-para-votar-de-forma-expedita-este-domingo\" href=\"https:\/\/www.redarica.com\/elecciones-guia-practica-para-votar-de-forma-expedita-este-domingo\" target=\"_blank\" rel=\"noopener noreferrer\" data-auth=\"NotApplicable\" data-linkindex=\"13\">Elecciones: gu\u00eda pr\u00e1ctica para votar de forma expedita este domingo. Se refiere Mario Herrera Mu\u00f1oz, acad\u00e9mico del Centro de An\u00e1lisis Pol\u00edtico (CAP-UTalca)<\/a>\u00a0<\/div><div>\u00a0<\/div><div><b>RED LOS LAGOS <\/b>\u00a0<br \/><a id=\"OWA6e762d55-0e7c-16cb-384d-4379cae25e30\" title=\"https:\/\/www.redloslagos.com\/elecciones-guia-practica-para-votar-de-forma-expedita-este-domingo\" href=\"https:\/\/www.redloslagos.com\/elecciones-guia-practica-para-votar-de-forma-expedita-este-domingo\" target=\"_blank\" rel=\"noopener noreferrer\" data-auth=\"NotApplicable\" data-linkindex=\"14\">Elecciones: gu\u00eda pr\u00e1ctica para votar de forma expedita este domingo. Se refiere Mario Herrera Mu\u00f1oz, acad\u00e9mico del Centro de An\u00e1lisis Pol\u00edtico (CAP-UTalca)<\/a>\u00a0<\/div><div>\u00a0<\/div><div><b>RED MAULE<\/b>\u00a0<br \/><a id=\"OWA17677af2-1195-725a-1356-528e9abd6683\" title=\"https:\/\/www.redmaule.com\/elecciones-guia-practica-para-votar-de-forma-expedita-este-domingo\" href=\"https:\/\/www.redmaule.com\/elecciones-guia-practica-para-votar-de-forma-expedita-este-domingo\" target=\"_blank\" rel=\"noopener noreferrer\" data-auth=\"NotApplicable\" data-linkindex=\"15\">Elecciones: gu\u00eda pr\u00e1ctica para votar de forma expedita este domingo. Se refiere Mario Herrera Mu\u00f1oz, acad\u00e9mico del Centro de An\u00e1lisis Pol\u00edtico (CAP-UTalca)<\/a>\u00a0<\/div><div>\u00a0<\/div><div><b>EL MORROCOTUDO<\/b>\u00a0<br \/><a id=\"OWA62a8fb5f-77ed-4f6f-7ad3-1550d4b5f4d9\" title=\"https:\/\/www.elmorrocotudo.cl\/noticia\/politica\/elecciones-2025-guia-practica-para-votar-de-forma-expedita-este-domingo\" href=\"https:\/\/www.elmorrocotudo.cl\/noticia\/politica\/elecciones-2025-guia-practica-para-votar-de-forma-expedita-este-domingo\" target=\"_blank\" rel=\"noopener noreferrer\" data-auth=\"NotApplicable\" data-linkindex=\"16\">Elecciones 2025: Gu\u00eda pr\u00e1ctica para votar de forma expedita este domingo. Se refiere Mario Herrera Mu\u00f1oz, acad\u00e9mico del Centro de An\u00e1lisis Pol\u00edtico (CAP-UTalca)<\/a>\u00a0<\/div><div>\u00a0<\/div><div><b>EL CONCECUENTE<\/b>\u00a0<br \/><a id=\"OWAda961324-3614-5731-47e3-45ea27627075\" title=\"https:\/\/www.elconcecuente.cl\/noticia\/politica\/elecciones-2025-guia-practica-para-votar-de-forma-expedita-este-domingo\" href=\"https:\/\/www.elconcecuente.cl\/noticia\/politica\/elecciones-2025-guia-practica-para-votar-de-forma-expedita-este-domingo\" target=\"_blank\" rel=\"noopener noreferrer\" data-auth=\"NotApplicable\" data-linkindex=\"17\">Elecciones 2025: Gu\u00eda pr\u00e1ctica para votar de forma expedita este domingo. Se refiere Mario Herrera Mu\u00f1oz, acad\u00e9mico del Centro de An\u00e1lisis Pol\u00edtico (CAP-UTalca)<\/a>\u00a0<\/div><div>\u00a0<\/div><div><b>EL REPORTERO<\/b>\u00a0<br \/><a id=\"OWAa326169f-cf84-068e-7253-6c58a5accec4\" title=\"https:\/\/www.elrepuertero.cl\/noticia\/politica\/elecciones-2025-guia-practica-para-votar-de-forma-expedita-este-domingo\" href=\"https:\/\/www.elrepuertero.cl\/noticia\/politica\/elecciones-2025-guia-practica-para-votar-de-forma-expedita-este-domingo\" target=\"_blank\" rel=\"noopener noreferrer\" data-auth=\"NotApplicable\" data-linkindex=\"18\">Elecciones 2025: Gu\u00eda pr\u00e1ctica para votar de forma expedita este domingo. Se refiere Mario Herrera Mu\u00f1oz, acad\u00e9mico del Centro de An\u00e1lisis Pol\u00edtico (CAP-UTalca)<\/a>\u00a0<\/div><div>\u00a0<\/div><div><b>EL VACANUDO<\/b>\u00a0<br \/><a id=\"OWAf7303e9d-0cd9-38bb-068f-2eca9acfce5d\" title=\"https:\/\/www.elvacanudo.cl\/noticia\/politica\/elecciones-2025-guia-practica-para-votar-de-forma-expedita-este-domingo\" href=\"https:\/\/www.elvacanudo.cl\/noticia\/politica\/elecciones-2025-guia-practica-para-votar-de-forma-expedita-este-domingo\" target=\"_blank\" rel=\"noopener noreferrer\" data-auth=\"NotApplicable\" data-linkindex=\"19\">Elecciones 2025: Gu\u00eda pr\u00e1ctica para votar de forma expedita este domingo. Se refiere Mario Herrera Mu\u00f1oz, acad\u00e9mico del Centro de An\u00e1lisis Pol\u00edtico (CAP-UTalca)<\/a>\u00a0<\/div><div>\u00a0<\/div><div><b>EL NAVEGHABLE<\/b>\u00a0<br \/><a id=\"OWA8b4fb81b-7405-00aa-5d88-4f87f631376e\" title=\"https:\/\/www.elnaveghable.cl\/noticia\/politica\/elecciones-2025-guia-practica-para-votar-de-forma-expedita-este-domingo\" href=\"https:\/\/www.elnaveghable.cl\/noticia\/politica\/elecciones-2025-guia-practica-para-votar-de-forma-expedita-este-domingo\" target=\"_blank\" rel=\"noopener noreferrer\" data-auth=\"NotApplicable\" data-linkindex=\"20\">Elecciones 2025: Gu\u00eda pr\u00e1ctica para votar de forma expedita este domingo. Se refiere Mario Herrera Mu\u00f1oz, acad\u00e9mico del Centro de An\u00e1lisis Pol\u00edtico (CAP-UTalca)<\/a>\u00a0<\/div><div>\u00a0<\/div><div><b>LA OPI\u00d1\u00d3N<\/b>\u00a0<br \/><a id=\"OWA27cce506-8a42-13cd-5a34-eac0e5e25e80\" title=\"https:\/\/www.laopinon.cl\/noticia\/politica\/elecciones-2025-guia-practica-para-votar-de-forma-expedita-este-domingo\" href=\"https:\/\/www.laopinon.cl\/noticia\/politica\/elecciones-2025-guia-practica-para-votar-de-forma-expedita-este-domingo\" target=\"_blank\" rel=\"noopener noreferrer\" data-auth=\"NotApplicable\" data-linkindex=\"21\">Elecciones 2025: Gu\u00eda pr\u00e1ctica para votar de forma expedita este domingo. Se refiere Mario Herrera Mu\u00f1oz, acad\u00e9mico del Centro de An\u00e1lisis Pol\u00edtico (CAP-UTalca)<\/a>\u00a0<\/div><div>\u00a0<\/div><div><b>RADIO LAUTARO<\/b>\u00a0<br \/><a id=\"OWA1063ee01-bc96-3f07-03d7-af246a15f903\" title=\"https:\/\/radiolautarotalca.cl\/utalca-realiza-odontoton-ofrece-limpieza-dental-a-bajo-costo-para-apoyar-a-la-teleton\/\" href=\"https:\/\/radiolautarotalca.cl\/utalca-realiza-odontoton-ofrece-limpieza-dental-a-bajo-costo-para-apoyar-a-la-teleton\/\" target=\"_blank\" rel=\"noopener noreferrer\" data-auth=\"NotApplicable\" data-linkindex=\"22\">Elecciones 2025: Gu\u00eda pr\u00e1ctica para votar de forma expedita este domingo. Se refiere Mario Herrera Mu\u00f1oz, acad\u00e9mico del Centro de An\u00e1lisis Pol\u00edtico (CAP-UTalca)<\/a>\u00a0<\/div><div>\u00a0<\/div><div><b>DIARIO EL CENTRO<\/b>\u00a0<br \/><a id=\"OWAb57a5640-d3f5-ea6a-cf69-7ab7a777df0e\" title=\"https:\/\/www.diarioelcentro.cl\/2025\/11\/13\/odontoton-utalca-realiza-limpiezas-dentales-a-bajo-costo-para-apoyar-la-teleton\/\" href=\"https:\/\/www.diarioelcentro.cl\/2025\/11\/13\/odontoton-utalca-realiza-limpiezas-dentales-a-bajo-costo-para-apoyar-la-teleton\/\" target=\"_blank\" rel=\"noopener noreferrer\" data-auth=\"NotApplicable\" data-linkindex=\"23\">\u201cOdontot\u00f3n\u201d: UTalca realiza limpiezas dentales a bajo costo para apoyar la Telet\u00f3n. Se refiere Eduardo Canales Aravena, director de las Cl\u00ednicas Odontol\u00f3gicas y Paula Morales Sierralta, acad\u00e9mica de la Facultad de Odontolog\u00eda<\/a>\u00a0<\/div><div>\u00a0<\/div><div><b>RADIO LAUTARO<\/b>\u00a0<br \/><a id=\"OWAb0db8938-dcc3-ca05-c032-80a92764fefd\" title=\"https:\/\/radiolautarotalca.cl\/utalca-realiza-odontoton-ofrece-limpieza-dental-a-bajo-costo-para-apoyar-a-la-teleton\/\" href=\"https:\/\/radiolautarotalca.cl\/utalca-realiza-odontoton-ofrece-limpieza-dental-a-bajo-costo-para-apoyar-a-la-teleton\/\" target=\"_blank\" rel=\"noopener noreferrer\" data-auth=\"NotApplicable\" data-linkindex=\"24\">UTalca realiza \u201codontot\u00f3n\u201d: ofrece limpieza dental a bajo costo para apoyar a la Telet\u00f3n. Se refiere Eduardo Canales Aravena, director de las Cl\u00ednicas Odontol\u00f3gicas y Paula Morales Sierralta, acad\u00e9mica de la Facultad de Odontolog\u00eda<\/a>\u00a0\u00a0<\/div><div>\u00a0<\/div><div><b>EL LECTOR<\/b>\u00a0<br \/><a id=\"OWA696e3d9b-d46b-db46-3a7c-a0d28adbb9b1\" title=\"https:\/\/www.litoralpress.cl\/paginaconsultas\/Servicios_NClipWeb\/Get_Imagen_Nota.aspx?LPKey=XCONDHUOIXZZKM4HYVAPAJ3MDI5BC2I72HMY4MP5TV3AHXIHFAZRPJ4KNQK3KU4GXFY2QJE5I2TT4\" href=\"https:\/\/www.litoralpress.cl\/paginaconsultas\/Servicios_NClipWeb\/Get_Imagen_Nota.aspx?LPKey=XCONDHUOIXZZKM4HYVAPAJ3MDI5BC2I72HMY4MP5TV3AHXIHFAZRPJ4KNQK3KU4GXFY2QJE5I2TT4\" target=\"_blank\" rel=\"noopener noreferrer\" data-auth=\"NotApplicable\" data-linkindex=\"25\">UTalca obtiene certificaci\u00f3n por su compromiso con la sustentabilidad. Se refiere Karin Saavedra Redlich, directora general de Vinculaci\u00f3n y\u202fKarin L\u00f3pez Sep\u00falveda, jefa del Departamento de Sustentabilidad.<\/a>\u00a0<\/div><div>\u00a0<\/div><div><b>RADIO NUEVO MUNDO<\/b>\u00a0<br \/><a id=\"OWA514f36d5-6b46-f12b-467b-339864e4f18c\" title=\"https:\/\/radionuevomundo.cl\/2025\/11\/13\/investigacion-estudia-como-el-cerebro-adquiere-experticia-visual-al-procesar-imagenes\/\" href=\"https:\/\/radionuevomundo.cl\/2025\/11\/13\/investigacion-estudia-como-el-cerebro-adquiere-experticia-visual-al-procesar-imagenes\/\" target=\"_blank\" rel=\"noopener noreferrer\" data-auth=\"NotApplicable\" data-linkindex=\"26\">Investigaci\u00f3n estudia c\u00f3mo el cerebro adquiere experticia visual al procesar im\u00e1genes. Se refiere Mar\u00eda Aylwin Ostal\u00e9, acad\u00e9mica de la Facultad de Medicina<\/a>\u00a0<\/div><div>\u00a0<\/div><div><b>PORTAL FRUT\u00cdCOLA<\/b>\u00a0<br \/><a id=\"OWAf5759670-59b7-28b1-c11e-2478abf580dd\" title=\"https:\/\/www.portalfruticola.com\/noticias\/2025\/11\/13\/agricultura-expoagryd\/\" href=\"https:\/\/www.portalfruticola.com\/noticias\/2025\/11\/13\/agricultura-expoagryd\/\" target=\"_blank\" rel=\"noopener noreferrer\" data-auth=\"NotApplicable\" data-linkindex=\"27\">L\u00edderes del riego y la agricultura coinciden: el futuro del agro chileno es sostenible. Se refiere \u202fSamuel Ortega, director del Centro de Investigaci\u00f3n y Transferencia en Riego y Agroclimatolog\u00eda (CITRA)\u202f<\/a>\u00a0<\/div><div>\u00a0<\/div><div><b>MAULE HOY<\/b>\u00a0<br \/><a id=\"OWA14f8e5d2-e3c4-632c-de2b-ec4cccd8f754\" title=\"https:\/\/www.litoralpress.cl\/paginaconsultas\/Servicios_NClipWeb\/Get_Imagen_Nota.aspx?LPKey=TSFHDT3VJZD4LZOWMQIQG3WYRJV6M4NDXOVYQTBDZNPWHBVYVEPQVFVZFG4AX3OLZOEMABZIRCGDQ\" href=\"https:\/\/www.litoralpress.cl\/paginaconsultas\/Servicios_NClipWeb\/Get_Imagen_Nota.aspx?LPKey=TSFHDT3VJZD4LZOWMQIQG3WYRJV6M4NDXOVYQTBDZNPWHBVYVEPQVFVZFG4AX3OLZOEMABZIRCGDQ\" target=\"_blank\" rel=\"noopener noreferrer\" data-auth=\"NotApplicable\" data-linkindex=\"28\">Gobernador Alvarez-Salamanca impulsa alianza estrat\u00e9gica junto a la provincia de Hebei. Se menciona la Universidad de Talca.<\/a>\u00a0<\/div><div>\u00a0<\/div><div><b>DIARIO UACH<\/b>\u00a0<br \/><a id=\"OWA8a2f73c1-0fed-2504-f1c7-63b7b4d95eaa\" title=\"https:\/\/diario.uach.cl\/profesor-jordi-delgado-publica-capitulo-en-libro-colectivo-sobre-derecho-procesal\/\" href=\"https:\/\/diario.uach.cl\/profesor-jordi-delgado-publica-capitulo-en-libro-colectivo-sobre-derecho-procesal\/\" target=\"_blank\" rel=\"noopener noreferrer\" data-auth=\"NotApplicable\" data-linkindex=\"29\">Profesor Jordi Delgado publica cap\u00edtulo en libro colectivo sobre Derecho Procesal. Se menciona la Universidad de Talca.<\/a>\u00a0<\/div><div>\u00a0<\/div><div><b>TIERRA AMARILLANO<\/b>\u00a0<br \/><a id=\"OWAf4ff0208-c32b-e6a1-fdba-2554f6821b8f\" title=\"https:\/\/tierramarillano.cl\/2025\/11\/13\/efecto-domino-que-pasa-cuando-se-construye-menos-se-vende-menos-y-se-arrienda-mas-caro\/\" href=\"https:\/\/tierramarillano.cl\/2025\/11\/13\/efecto-domino-que-pasa-cuando-se-construye-menos-se-vende-menos-y-se-arrienda-mas-caro\/\" target=\"_blank\" rel=\"noopener noreferrer\" data-auth=\"NotApplicable\" data-linkindex=\"30\">Efecto domin\u00f3: \u00bfQu\u00e9 pasa cuando se construye menos, se vende menos y se arrienda m\u00e1s caro? Se menciona la Universidad de Talca.<\/a>\u00a0<\/div><div>\u00a0<\/div><div><b>CANAL 3 PICHILEMU<\/b>\u00a0<br \/><a id=\"OWA762299c2-5d7b-ebc1-6dd3-3485b426cf65\" title=\"https:\/\/pichilemutv.org\/2025\/11\/exitosa-feria-educativa-del-hospital-de-pichilemu-fortalece-la-interaccion-comunitaria\/\" href=\"https:\/\/pichilemutv.org\/2025\/11\/exitosa-feria-educativa-del-hospital-de-pichilemu-fortalece-la-interaccion-comunitaria\/\" target=\"_blank\" rel=\"noopener noreferrer\" data-auth=\"NotApplicable\" data-linkindex=\"31\">Exitosa Feria Educativa del Hospital de Pichilemu fortalece la interacci\u00f3n comunitaria. Se menciona la Universidad de Talca.<\/a>\u00a0<\/div><div>\u00a0<\/div><div><b>INFOSALMON<\/b>\u00a0<br \/><a id=\"OWAcb325cec-004f-5ab1-2d1a-37cea6626aac\" title=\"https:\/\/infosalmon.cl\/incar2-centro-investigacion-aplicada-acuicultura-chile\/\" href=\"https:\/\/infosalmon.cl\/incar2-centro-investigacion-aplicada-acuicultura-chile\/\" target=\"_blank\" rel=\"noopener noreferrer\" data-auth=\"NotApplicable\" data-linkindex=\"32\">Centro INCAR marca un hito para la acuicultura chilena: nuevo Centro ANID liderar\u00e1 investigaci\u00f3n aplicada para un sector m\u00e1s sustentable. Se menciona la Universidad de Talca.<\/a>\u00a0<\/div><div>\u00a0<\/div><div><b>PORTAL INNOVA<\/b>\u00a0<br \/><a id=\"OWAfe8affba-1333-f21b-f401-582a7fa92a65\" title=\"https:\/\/portalinnova.cl\/efecto-domino-que-pasa-cuando-se-construye-menos-se-vende-menos-y-se-arrienda-mas-caro\/\" href=\"https:\/\/portalinnova.cl\/efecto-domino-que-pasa-cuando-se-construye-menos-se-vende-menos-y-se-arrienda-mas-caro\/\" target=\"_blank\" rel=\"noopener noreferrer\" data-auth=\"NotApplicable\" data-linkindex=\"33\">Efecto domin\u00f3: \u00bfQu\u00e9 pasa cuando se construye menos, se vende menos y se arrienda m\u00e1s caro? Se menciona la Universidad de Talca.<\/a>\u00a0<\/div><div>\u00a0<\/div><div><b>MUNDO ACUICOLA<\/b>\u00a0<br \/><a id=\"OWAe195fc5e-c299-052d-e6a9-390dc4bac709\" title=\"https:\/\/www.mundoacuicola.cl\/new\/incar%c2%b2-nuevo-centro-de-investigacion-aplicada-para-la-acuicultura-sustentable\/\" href=\"https:\/\/www.mundoacuicola.cl\/new\/incar%c2%b2-nuevo-centro-de-investigacion-aplicada-para-la-acuicultura-sustentable\/\" target=\"_blank\" rel=\"noopener noreferrer\" data-auth=\"NotApplicable\" data-linkindex=\"34\">INCAR\u00b2: Nuevo Centro de Investigaci\u00f3n Aplicada para la acuicultura sustentable. Se menciona la Universidad de Talca.<\/a>\u00a0<\/div><div>\u00a0<\/div><div><b>EL CACHAPOAL<\/b>\u00a0<br \/><a id=\"OWAd8822d0f-2670-a046-0a62-050da2d191ad\" title=\"https:\/\/elcachapoal.cl\/2025\/11\/13\/exitosa-feria-educativa-del-hospital-de-pichilemu-fortalece-la-interaccion-comunitaria\/\" href=\"https:\/\/elcachapoal.cl\/2025\/11\/13\/exitosa-feria-educativa-del-hospital-de-pichilemu-fortalece-la-interaccion-comunitaria\/\" target=\"_blank\" rel=\"noopener noreferrer\" data-auth=\"NotApplicable\" data-linkindex=\"35\">Exitosa Feria Educativa del Hospital de Pichilemu fortalece la interacci\u00f3n comunitaria. Se menciona la Universidad de Talca.<\/a>\u00a0<\/div><div>\u00a0<\/div><div><b>PORTAL EDUCA<\/b>\u00a0<br \/><a id=\"OWAdf130d5b-137b-b9ad-4788-30cc7d5fdeb4\" title=\"https:\/\/portaleduca.cl\/concurso-de-innovacion-con-el-mejor-diseno-de-videojuego-para-el-transporte-publico-de-santiago\/\" href=\"https:\/\/portaleduca.cl\/concurso-de-innovacion-con-el-mejor-diseno-de-videojuego-para-el-transporte-publico-de-santiago\/\" target=\"_blank\" rel=\"noopener noreferrer\" data-auth=\"NotApplicable\" data-linkindex=\"36\">Mastercard y el Ministerio de Transportes premian al equipo ganador del concurso de innovaci\u00f3n con el mejor dise\u00f1o de videojuego para el transporte p\u00fablico de Santiago. Se menciona la Universidad de Talca.<\/a>\u00a0<\/div>\t\t\t\t\t\t<\/div>\n\t\t\t\t<\/div>\n\t\t\t\t\t<\/div>\n\t\t<\/div>\n\t\t\t\t\t\t\t<\/div>\n\t\t<\/section>\n\t\t\t\t\t\t<\/div>\n\t\t\t\t\t<\/div>\n\t\t","protected":false},"excerpt":{"rendered":"<p>COOPERATIVA CIENCIAInvestigaci\u00f3n chilena llega a la COP30 con su apuesta por regenerar suelos da\u00f1ados. Se refiere Andrea Barrera, acad\u00e9mica Facultad de Ciencias de la Salud. EL CONQUISTADOR CONCEPCI\u00d3N\u00a0SIM swapping: \u00bfC\u00f3mo evitar ser v\u00edctima de estafa? Se refiere arcadio Cerda, decano de la Facultad de econom\u00eda y Negocios.\u00a0\u00a0EL LECTOR\u00a0Estafas por internet, evoluci\u00f3n de los delitos y &hellip;<\/p>\n<p class=\"read-more\"> <a class=\"\" href=\"https:\/\/www.reportedeprensa.utalca.cl\/?p=12893\"> <span class=\"screen-reader-text\">14 de noviembre 2025<\/span> Read More &raquo;<\/a><\/p>\n","protected":false},"author":1,"featured_media":0,"comment_status":"closed","ping_status":"open","sticky":false,"template":"","format":"standard","meta":{"_monsterinsights_skip_tracking":false,"_monsterinsights_sitenote_active":false,"_monsterinsights_sitenote_note":"","_monsterinsights_sitenote_category":0},"categories":[65],"tags":[],"_links":{"self":[{"href":"https:\/\/www.reportedeprensa.utalca.cl\/index.php?rest_route=\/wp\/v2\/posts\/12893"}],"collection":[{"href":"https:\/\/www.reportedeprensa.utalca.cl\/index.php?rest_route=\/wp\/v2\/posts"}],"about":[{"href":"https:\/\/www.reportedeprensa.utalca.cl\/index.php?rest_route=\/wp\/v2\/types\/post"}],"author":[{"embeddable":true,"href":"https:\/\/www.reportedeprensa.utalca.cl\/index.php?rest_route=\/wp\/v2\/users\/1"}],"replies":[{"embeddable":true,"href":"https:\/\/www.reportedeprensa.utalca.cl\/index.php?rest_route=%2Fwp%2Fv2%2Fcomments&post=12893"}],"version-history":[{"count":4,"href":"https:\/\/www.reportedeprensa.utalca.cl\/index.php?rest_route=\/wp\/v2\/posts\/12893\/revisions"}],"predecessor-version":[{"id":12897,"href":"https:\/\/www.reportedeprensa.utalca.cl\/index.php?rest_route=\/wp\/v2\/posts\/12893\/revisions\/12897"}],"wp:attachment":[{"href":"https:\/\/www.reportedeprensa.utalca.cl\/index.php?rest_route=%2Fwp%2Fv2%2Fmedia&parent=12893"}],"wp:term":[{"taxonomy":"category","embeddable":true,"href":"https:\/\/www.reportedeprensa.utalca.cl\/index.php?rest_route=%2Fwp%2Fv2%2Fcategories&post=12893"},{"taxonomy":"post_tag","embeddable":true,"href":"https:\/\/www.reportedeprensa.utalca.cl\/index.php?rest_route=%2Fwp%2Fv2%2Ftags&post=12893"}],"curies":[{"name":"wp","href":"https:\/\/api.w.org\/{rel}","templated":true}]}}