{"id":12910,"date":"2025-11-19T09:37:53","date_gmt":"2025-11-19T12:37:53","guid":{"rendered":"https:\/\/www.reportedeprensa.utalca.cl\/?p=12910"},"modified":"2025-11-19T11:13:26","modified_gmt":"2025-11-19T14:13:26","slug":"19-de-noviembre-2025","status":"publish","type":"post","link":"https:\/\/www.reportedeprensa.utalca.cl\/?p=12910","title":{"rendered":"19 de noviembre 2025"},"content":{"rendered":"\t\t<div data-elementor-type=\"wp-post\" data-elementor-id=\"12910\" class=\"elementor elementor-12910\" data-elementor-settings=\"[]\">\n\t\t\t\t\t\t\t<div class=\"elementor-section-wrap\">\n\t\t\t\t\t\t\t<section class=\"elementor-section elementor-top-section elementor-element elementor-element-bcea1a8 elementor-section-boxed elementor-section-height-default elementor-section-height-default\" data-id=\"bcea1a8\" data-element_type=\"section\">\n\t\t\t\t\t\t<div class=\"elementor-container elementor-column-gap-default\">\n\t\t\t\t\t<div class=\"elementor-column elementor-col-100 elementor-top-column elementor-element elementor-element-e7183bf\" data-id=\"e7183bf\" data-element_type=\"column\">\n\t\t\t<div class=\"elementor-widget-wrap elementor-element-populated\">\n\t\t\t\t\t\t\t\t<div class=\"elementor-element elementor-element-bec1aeb elementor-widget elementor-widget-text-editor\" data-id=\"bec1aeb\" data-element_type=\"widget\" data-widget_type=\"text-editor.default\">\n\t\t\t\t<div class=\"elementor-widget-container\">\n\t\t\t\t\t\t\t\t<div><b data-olk-copy-source=\"MailCompose\">RADIO DUNA<\/b><\/div><div><a title=\"https:\/\/www.litoralpress.cl\/sitio\/RadioTV_Detalles.cshtml?LPKey=IYZROBH7OKTFE25FAEKE7IK5D2MMSQKWJOAVTEAGKAW5545PUQUBIUTZXOTZMRL24LZ6YG34Q63P4\" href=\"https:\/\/www.litoralpress.cl\/sitio\/RadioTV_Detalles.cshtml?LPKey=IYZROBH7OKTFE25FAEKE7IK5D2MMSQKWJOAVTEAGKAW5545PUQUBIUTZXOTZMRL24LZ6YG34Q63P4\">Entrevista: Participaci\u00f3n de\u00a0la UTalca en la COP30. Se refiere Andrea Barrera, acad\u00e9mica Facultad Ciencias de la Salud.<\/a><a title=\"https:\/\/www.litoralpress.cl\/sitio\/RadioTV_Detalles.cshtml?LPKey=IYZROBH7OKTFE25FAEKE7IK5D2MMSQKWJOAVTEAGKAW5545PUQUBIUTZXOTZMRL24LZ6YG34Q63P4\" href=\"https:\/\/www.litoralpress.cl\/sitio\/RadioTV_Detalles.cshtml?LPKey=IYZROBH7OKTFE25FAEKE7IK5D2MMSQKWJOAVTEAGKAW5545PUQUBIUTZXOTZMRL24LZ6YG34Q63P4\">\u00a0<\/a><\/div><p>\u00a0<\/p><p><b><span data-contrast=\"auto\">P\u00c1GINA V<\/span><\/b>\u00a0<br \/><a href=\"https:\/\/paginav.cl\/2025\/11\/19\/derrumbar-neuromitos-y-fortalecer-formacion-de-docentes-reflexiones-de-expertos-en-ciencia-del-aprendizaje\/\"><span data-contrast=\"none\">Derrumbar neuromitos y fortalecer formaci\u00f3n de docentes: Reflexiones de expertos en ciencia del aprendizaje. Se refiere Carlos Torres Fuchslocher, rector y Roberto Ferreira, acad\u00e9mico de la Facultad de Ciencias de la Educaci\u00f3n.<\/span><\/a><span data-ccp-props=\"{}\">\u00a0<\/span><\/p><p>\u00a0<\/p><p><b><span data-contrast=\"auto\">MEDIABANCO<\/span><\/b>\u00a0<br \/><a href=\"https:\/\/www.mediabanco.com\/derrumbar-neuromitos-y-fortalecer-formacion-de-docentes-reflexiones-de-expertos-en-ciencia-del-aprendizaje\/\"><span data-contrast=\"none\">Derrumbar neuromitos y fortalecer formaci\u00f3n de docentes: Reflexiones de expertos en ciencia del aprendizaje. Se refiere Carlos Torres Fuchslocher, rector y <\/span><span data-contrast=\"none\">Roberto Ferreira, acad\u00e9mico de la Facultad de Ciencias de la Educaci\u00f3n.<\/span><\/a><span data-ccp-props=\"{}\">\u00a0<\/span><\/p><p>\u00a0<\/p><p><b><span data-contrast=\"auto\">EL HERALDO<\/span><\/b>\u00a0<br \/><a href=\"https:\/\/www.litoralpress.cl\/paginaconsultas\/Servicios_NClipWeb\/Get_Imagen_Nota.aspx?LPKey=UHEOXWL263EXSK2YCW3CA7IA2AWBLWKA4QVZLKJCUPTCSO3VFCWEMJVKDSFA4JBTBMH5DOCS52CYS\"><span data-contrast=\"none\">UTalca reafirm\u00f3 compromiso cultural con jornadas sobre artes visuales y <\/span><span data-contrast=\"none\">coleccionismo. Se refiere Rodrigo Palomo V\u00e9lez, vicerrector Acad\u00e9mico, Marcela Albornoz Dachelet, directora de Extensi\u00f3n Cultural-Art\u00edstica y Pedro Emilio Zamorano, acad\u00e9mico del Instituto Abate Molina.<\/span><\/a><span data-ccp-props=\"{}\">\u00a0<\/span><\/p><p>\u00a0<\/p><p><b><span data-contrast=\"auto\">DIARIO EL HERALDO<\/span><\/b>\u00a0<br \/><a href=\"https:\/\/www.diarioelheraldo.cl\/noticia\/utalca-reafirmo-compromiso-cultural-con-jornadas-sobre-artes-visuales-y-coleccionismo\"><span data-contrast=\"none\">UTalca reafirm\u00f3 compromiso cultural con jornadas sobre artes visuales y coleccionismo.<\/span> <span data-contrast=\"none\">Se refiere Rodrigo Palomo V\u00e9lez, vicerrector Acad\u00e9mico, Marcela Albornoz Dachelet, directora de Extensi\u00f3n Cultural-Art\u00edstica y Pedro Emilio Zamorano, acad\u00e9mico del Instituto Abate Molina.<\/span><\/a><span data-ccp-props=\"{}\">\u00a0<\/span><\/p><p>\u00a0<\/p><p><b><span data-contrast=\"auto\">PORTAL EDUCA<\/span><\/b>\u00a0<br \/><a href=\"https:\/\/portaleduca.cl\/utalca-reafirmo-compromiso-cultural-con-jornadas-sobre-artes-visuales-y-coleccionismo\/\"><span data-contrast=\"none\">UTalca reafirm\u00f3 compromiso cultural con jornadas sobre artes visuales y coleccionismo. Se refiere Rodrigo Palomo V\u00e9lez, vicerrector Acad\u00e9mico, Marcela Albornoz Dachelet, directora de Extensi\u00f3n Cultural-Art\u00edstica y Pedro Emilio Zamorano, acad\u00e9mico del Instituto Abate Molina.<\/span><\/a><span data-ccp-props=\"{}\">\u00a0<\/span><\/p><p>\u00a0<\/p><p><b><span data-contrast=\"auto\">HOY X HOY<\/span><\/b>\u00a0<br \/><a href=\"https:\/\/www.litoralpress.cl\/paginaconsultas\/Servicios_NClipWeb\/Get_Imagen_Nota.aspx?LPKey=MAJLCQWDLMJ77M2RVA6SM5V25T5AAC3KZMM76K67ZVTZSMIYRFKR2APA2SMZMNMIRYAMNY7LALX74\"><span data-contrast=\"none\">Encuentran y cultivan organismos en suelos degradados que trabajan para su recuperaci\u00f3n. Se refiere Andrea Barrera Valenzuela, acad\u00e9mica de la Facultad de Ciencias de la Salud.<\/span><\/a><span data-ccp-props=\"{}\">\u00a0<\/span><\/p><p>\u00a0<\/p><p><b><span data-contrast=\"auto\">EL LECTOR<\/span><\/b>\u00a0<br \/><a href=\"https:\/\/www.litoralpress.cl\/paginaconsultas\/Servicios_NClipWeb\/Get_Imagen_Nota.aspx?LPKey=Z6RHDVVACCS5AMATAPOQ6UXQ6WEWIWDERMDBEKWMLYK36762JUT6ELOCDNCZBIYUKPDKE5UEYA65Q\"><span data-contrast=\"none\">Investigadores chilenos en COP30 presentan proyecto para recuperar suelos degradados. Se refiere Elisa Quinteros, directora de Relaciones Internacionales y Andrea Barrera Valenzuela, acad\u00e9mica de la Facultad de Ciencias de la Salud.<\/span><\/a><span data-ccp-props=\"{}\">\u00a0<\/span><\/p><p>\u00a0<\/p><p><b><span data-contrast=\"auto\">HOY X HOY ANTOFAGASTA<\/span><\/b>\u00a0<br \/><a href=\"https:\/\/www.litoralpress.cl\/paginaconsultas\/Servicios_NClipWeb\/Get_Imagen_Nota.aspx?LPKey=TJLGAOWBRZIP5XPZCUONBCP4N2WR3ZX6BCYSLYVFEQMAX3KDKFU2SNE5JURQV3J3UZA7MJU45RJXA\"><span data-contrast=\"none\">Encuentran y cultivan organismos en suelos degradados que trabajan para su recuperaci\u00f3n. Se refiere Andrea Barrera Valenzuela, acad\u00e9mica de la Facultad de Ciencias de la Salud.<\/span><\/a><span data-ccp-props=\"{}\">\u00a0<\/span><\/p><p>\u00a0<\/p><p><b><span data-contrast=\"auto\">HOY X HOY CONCEPCI\u00d3N<\/span><\/b>\u00a0<br \/><a href=\"https:\/\/www.litoralpress.cl\/sitio\/Prensa_Cortes.cshtml?LPKey=FLXL7RHPCY2BMMBXF4E6IWBUIPBTL6FQYAJAWMRFGQR3NEDNHGZQ\"><span data-contrast=\"none\">Encuentran y cultivan organismos en suelos degradados que trabajan para su recuperaci\u00f3n. Se refiere Andrea Barrera Valenzuela, acad\u00e9mica de la Facultad de Ciencias de la Salud.<\/span><\/a><span data-ccp-props=\"{}\">\u00a0<\/span><\/p><p>\u00a0<\/p><p><b><span data-contrast=\"auto\">LA ESTRELA DE IQUIQUE<\/span><\/b>\u00a0<br \/><a href=\"https:\/\/www.litoralpress.cl\/paginaconsultas\/Servicios_NClipWeb\/Get_Imagen_Nota.aspx?LPKey=5EDFEW6QXCNF6GRT3KIMBLX5C4CJHWF2WD6EB2JGKVN4VRNHUDOJO2S7SC3EYV4N27AE4H3RYBPUA\"><span data-contrast=\"none\">Hallan y cultivan organismos que recuperan los suelos degradados. Se refiere Andrea Barrera Valenzuela, acad\u00e9mica de la Facultad de Ciencias de la Salud.<\/span><\/a><span data-ccp-props=\"{}\">\u00a0<\/span><\/p><p>\u00a0<\/p><p><b><span data-contrast=\"auto\">SOY CHILE<\/span><\/b>\u00a0<br \/><a href=\"https:\/\/www.soychile.cl\/santiago\/tendencias\/2025\/11\/18\/929471\/organismos-duelos-degradados-recuperacion.html\"><span data-contrast=\"none\">Encuentran y cultivan organismos en suelos degradados que trabajan para su recuperaci\u00f3n. Se refiere Andrea Barrera Valenzuela, acad\u00e9mica de la Facultad de Ciencias de la Salud.<\/span><\/a><span data-ccp-props=\"{}\">\u00a0<\/span><\/p><p>\u00a0<\/p><p><b><span data-contrast=\"auto\">DUNA RADIO<\/span><\/b>\u00a0<br \/><a href=\"https:\/\/www.litoralpress.cl\/sitio\/RadioTV_Detalles.cshtml?LPKey=IYZROBH7OKTFE25FAEKE7IK5D2MMSQKWJOAVTEAGKAW5545PUQUBIUTZXOTZMRL24LZ6YG34Q63P4\"><span data-contrast=\"none\">Entrevista a Andrea Barrera Valenzuela, acad\u00e9mica de la Facultad de Ciencias de la Salud.<\/span><\/a><span data-ccp-props=\"{}\">\u00a0<\/span><\/p><p>\u00a0<\/p><p><b><span data-contrast=\"auto\">RADIO FM M\u00c1S<\/span><\/b>\u00a0<br \/><a href=\"https:\/\/radiofmmas.cl\/congreso-utalca-mostrara-innovaciones-y-tecnologias-exclusivas-para-adultos-mayores\/\"><span data-contrast=\"none\">Congreso UTALCA mostrar\u00e1 innovaciones y tecnolog\u00edas exclusivas para adultos mayores. Se refiere <\/span><span data-contrast=\"none\">Valeska Gatica, directora del Laboratorio de Control Motor Humano.<\/span><\/a><span data-ccp-props=\"{}\">\u00a0<\/span><\/p><p>\u00a0<\/p><p><b><span data-contrast=\"auto\">PORTAL RED SALUD<\/span><\/b>\u00a0<br \/><a href=\"https:\/\/portalredsalud.cl\/2025\/11\/18\/congreso-mostrara-innovaciones-y-tecnologias-exclusivas-para-adultos-mayores\/\"><span data-contrast=\"none\">Congreso mostrar\u00e1 innovaciones y tecnolog\u00edas exclusivas para adultos mayores. Se refiere Valeska Gatica, directora del Laboratorio de Control Motor Humano.<\/span><\/a><span data-ccp-props=\"{}\">\u00a0<\/span><\/p><p>\u00a0<\/p><p><b><span data-contrast=\"auto\">PORTAL PRENSA SALUD<\/span><\/b>\u00a0<br \/><a href=\"https:\/\/portalprensasalud.cl\/2025\/11\/18\/congreso-mostrara-innovaciones-y-tecnologias-exclusivas-para-adultos-mayores\/\"><span data-contrast=\"none\">Congreso mostrar\u00e1 innovaciones y tecnolog\u00edas exclusivas para adultos mayores. Se refiere Valeska Gatica, directora del Laboratorio de Control Motor Humano.<\/span><\/a><span data-ccp-props=\"{}\">\u00a0<\/span><\/p><p>\u00a0<\/p><p><b><span data-contrast=\"auto\">EL LECTOR<\/span><\/b>\u00a0<br \/><a href=\"https:\/\/www.litoralpress.cl\/paginaconsultas\/Servicios_NClipWeb\/Get_Imagen_Nota.aspx?LPKey=NVBT5NEPPXIOIR4EGM56OH56XMYJKN4LIGCMYHBPUWD6GYB2CCBJ4JSPK4VP342BG35NH4CPHFZ2Q\"><span data-contrast=\"none\">Congreso mostrar\u00e1 innovaciones y tecnolog\u00edas exclusivas para adultos mayores. Se refiere <\/span><span data-contrast=\"none\">Valeska Gatica, directora del Laboratorio de Control Motor Humano.<\/span><\/a><span data-ccp-props=\"{}\">\u00a0<\/span><\/p><p>\u00a0<\/p><p><b><span data-contrast=\"auto\">RADIO AMIGA<\/span><\/b>\u00a0<br \/><a href=\"https:\/\/www.litoralpress.cl\/sitio\/RadioTV_Detalles.cshtml?LPKey=4DCNIK6KJE3QCP4JWX2IRMX7IQMZJFEVRLKCN2DSJJA4E772F4QOCINXUKPXVYF4WBX455YEN4MCM\"><span data-contrast=\"none\">Alerta sanitaria: expertos advierten sobre riesgo de salmonella en huevos de contrabando y recomiendan consumo seguro Habla:\u00a0 Cecilia Valenzuela, acad\u00e9mica de la escuela de Nutrici\u00f3n y Diet\u00e9tica.<\/span><\/a><span data-ccp-props=\"{}\">\u00a0<\/span><\/p><p>\u00a0<\/p><p><b><span data-contrast=\"auto\">RADIO INFINITA<\/span><\/b>\u00a0<br \/><a href=\"https:\/\/www.litoralpress.cl\/sitio\/RadioTV_Detalles.cshtml?LPKey=XOG2TC4HEPO6GGU6Z7ZVARRRBVASRKOBBHGKUUNBNKNYOHA6FAJQ3CEGELXWEP4DOUP2IVP5BVSJW\"><span data-contrast=\"none\">En Infinita, lo que faltaba, el an\u00e1lisis pol\u00edtico del d\u00eda. Se refiere Mauricio Morales Quiroga, director del Centro de An\u00e1lisis Pol\u00edtico (CAP-UTalca)<\/span><\/a><span data-ccp-props=\"{}\">\u00a0<\/span><\/p><p>\u00a0<\/p><p><b><span data-contrast=\"auto\">MEGANOTICIAS<\/span><\/b>\u00a0<br \/><a href=\"https:\/\/www.litoralpress.cl\/sitio\/RadioTV_Detalles.cshtml?LPKey=OG63AIEA3DG4H4HXCKF2LWNHREYBCSF43J7LENWI4ID7T3YAO7R4HFOHL7YN5SMXHGCZZILIRWV7K\"><span data-contrast=\"none\">Los partidos pol\u00edticos que podr\u00edan desaparecer despu\u00e9s de la elecci\u00f3n. Se refiere Mauricio Morales Quiroga, director del Centro de An\u00e1lisis Pol\u00edtico (CAP-UTalca)<\/span><\/a><span data-ccp-props=\"{}\">\u00a0<\/span><\/p><p>\u00a0<\/p><p><b><span data-contrast=\"auto\">MEGA<\/span><\/b>\u00a0<br \/><a href=\"https:\/\/www.litoralpress.cl\/sitio\/RadioTV_Detalles.cshtml?LPKey=4V36ISAD43CQRYTRLSCZW65WBEERC6VMP3NKUNY265WLYYDNP6FKRKL3PX7W7SJQGQ6BKZHFHZHMG\"><span data-contrast=\"none\">Candidatos: El dinero que reciben por cada voto. Se refiere Mauricio Morales Quiroga, director del Centro de An\u00e1lisis Pol\u00edtico (CAP-UTalca)<\/span><\/a><span data-ccp-props=\"{}\">\u00a0<\/span><\/p><p>\u00a0<\/p><p><b><span data-contrast=\"auto\">EMOL<\/span><\/b>\u00a0<br \/><a href=\"https:\/\/www.emol.com\/noticias\/Nacional\/2025\/11\/17\/1183385\/expertos-impacto-resultados-elecciones-boric.html\"><span data-contrast=\"none\">&#8216;Un respaldo m\u00e1s acotado de lo esperado&#8217;: C\u00f3mo impactan en Boric y el Gobierno los resultados de ayer. Se refiere Mario Herrera Mu\u00f1oz, acad\u00e9mico del Centro de An\u00e1lisis Pol\u00edtico (CAP-UTalca)<\/span><\/a><span data-ccp-props=\"{}\">\u00a0<\/span><\/p><p>\u00a0<\/p><p><b><span data-contrast=\"auto\">EL CONTENIDO<\/span><\/b>\u00a0<br \/><a href=\"https:\/\/elcontenido.news\/2025\/nacional\/resultados-de-la-primera-vuelta-presidencial-respaldan-la-teoria-de-la-anomia\/\"><span data-contrast=\"none\">Resultados de la primera vuelta presidencial respaldan la teor\u00eda de la anomia. Se refiere<\/span><span data-contrast=\"none\">\u202fEmilio Moyano D\u00edaz, acad\u00e9mico de la Facultad de Psicolog\u00eda.<\/span><\/a><span data-contrast=\"auto\">\u00a0<\/span><span data-ccp-props=\"{}\">\u00a0<\/span><\/p><p>\u00a0<\/p><p><b><span data-contrast=\"auto\">MEDIABANCO<\/span><\/b>\u00a0<br \/><a href=\"https:\/\/www.mediabanco.com\/tecnologia-y-oficios-destacado-estudio-chileno-gt2p-compartio-su-experiencia-creativa-en-la-utalca\/\"><span data-contrast=\"none\">Tecnolog\u00eda y oficios: destacado estudio chileno GT2P comparti\u00f3 su experiencia creativa en la UTalca. Se refiere <\/span><span data-contrast=\"none\">Luis Uribe, director de Creaci\u00f3n.<\/span><\/a><span data-contrast=\"auto\">\u00a0<\/span><span data-ccp-props=\"{}\">\u00a0<\/span><\/p><p>\u00a0<\/p><p><b><span data-contrast=\"auto\">EL MAULE INFORMA<\/span><\/b>\u00a0<br \/><a href=\"https:\/\/elmauleinforma.cl\/ciencia-y-la-tecnologia-en-la-region-estrategia-ctci-maule-realiza-consulta-ciudadana\/\"><span data-contrast=\"none\">Ciencia y la tecnolog\u00eda en la regi\u00f3n: Estrategia CTCi Maule realiza consulta ciudadana.<\/span> <span data-contrast=\"none\">Se refiere Iv\u00e1n Coyd\u00e1n, acad\u00e9mico de la Facultad de Econom\u00eda y Negocios\u202f<\/span><\/a><span data-ccp-props=\"{}\">\u00a0<\/span><\/p><p>\u00a0<\/p><p><b><span data-contrast=\"auto\">LA PRENSA DE CURIC\u00d3<\/span><\/b>\u00a0<br \/><a href=\"https:\/\/www.litoralpress.cl\/paginaconsultas\/Servicios_NClipWeb\/Get_Imagen_Nota.aspx?LPKey=XBMRE2Z2DLWLU7UMCITP75GV4BN7MMSAD7MJNA3ABGIQMZWYD7EZAPPFN5H4IOUATKEFYR4FALYU2\"><span data-contrast=\"none\">Sucede. Se menciona la Universidad de Ta<\/span><b><span data-contrast=\"none\">lca.<\/span><\/b><\/a><span data-ccp-props=\"{}\">\u00a0<\/span><\/p><p>\u00a0<\/p><p><b><span data-contrast=\"auto\">LA PRENSA DE CURIC\u00d3<\/span><\/b>\u00a0<br \/><a href=\"https:\/\/www.litoralpress.cl\/paginaconsultas\/Servicios_NClipWeb\/Get_Imagen_Nota.aspx?LPKey=QHWFXZ6AIG5YQWMLRULKI7G3WG2JY4YDTK4Z7BT2DMXCHRFY4OZD3MCEGFM7HK5FQZRPEPS66F7VA\"><span data-contrast=\"none\">Artista Gaby Landeros inaugur\u00f3 exposici\u00f3n de pinturas en Centro Cultural de UTalca sede Curic\u00f3. Se menciona la Universidad de Talca.<\/span><\/a><span data-ccp-props=\"{}\">\u00a0<\/span><\/p><p>\u00a0<\/p><p><b><span data-contrast=\"auto\">LA PRENSA DE CURIC\u00d3<\/span><\/b>\u00a0<br \/><a href=\"https:\/\/www.litoralpress.cl\/paginaconsultas\/Servicios_NClipWeb\/Get_Imagen_Nota.aspx?LPKey=XKGBOETCGVCWVVBAM35HZIAYCLY5VLV2W2GXESUOCU2ESFYVTXPPX5SP4RGB2HZ7CMDUITQTLXEFC\"><span data-contrast=\"none\">Concierto de alto nivel desarroll\u00f3 el D\u00fao Fischer-Druminski en el sal\u00f3n Abate Molina de Centro de Extensi\u00f3n de Utalca. Se menciona la Universidad de Talca.<\/span><\/a><span data-ccp-props=\"{}\">\u00a0<\/span><\/p><p>\u00a0<\/p><p><b><span data-contrast=\"auto\">CIPER CHILE<\/span><\/b>\u00a0<br \/><a href=\"https:\/\/www.ciperchile.cl\/2025\/11\/18\/la-otra-causa-en-que-vivanco-y-simpertigue-fallaron-a-favor-de-clientes-de-lagos-y-vargas-para-destrabar-millonario-proyecto-inmobiliario\/\"><span data-contrast=\"none\">La otra causa en que Vivanco y Simpertigue fallaron a favor de clientes de Lagos y Vargas para destrabar millonario proyecto inmobiliario. Se menciona la Universidad de Talca.<\/span><\/a><span data-ccp-props=\"{}\">\u00a0<\/span><\/p><p>\u00a0<\/p><p><b><span data-contrast=\"auto\">DIARIO PUERTO VARAS<\/span><\/b>\u00a0<br \/><a href=\"https:\/\/diariopuertovaras.cl\/final-nacional-robotica\/\"><span data-contrast=\"none\">Ni\u00f1os y j\u00f3venes participar\u00e1n en Final Nacional de Rob\u00f3tica Educativa. Se menciona la Universidad de Talca.<\/span><\/a><span data-ccp-props=\"{}\">\u00a0<\/span><\/p><p>\u00a0<\/p><p><b><span data-contrast=\"auto\">DIARIO TALCA<\/span><\/b>\u00a0<br \/><a href=\"https:\/\/diariotalca.cl\/que-es-el-sim-swapping-y-como-evitar-ser-victima-de-esta-estafa\/\"><span data-contrast=\"none\">\u00bfQu\u00e9 es el SIM swapping y c\u00f3mo evitar ser v\u00edctima de esta estafa? Se menciona la Universidad de Talca.<\/span><\/a><span data-ccp-props=\"{}\">\u00a0<\/span><\/p><p>\u00a0<\/p><p><b><span data-contrast=\"auto\">PORTAL METROPOLITANO<\/span><\/b>\u00a0<br \/><a href=\"https:\/\/portalmetropolitano.cl\/final-nacional-de-robotica-y-videojuegos-reunira-a-ninos-y-jovenes-de-todo-chile-en-valparaiso\/\"><span data-contrast=\"none\">Final Nacional de Rob\u00f3tica y Videojuegos reunir\u00e1 a ni\u00f1os y j\u00f3venes de todo Chile en Valpara\u00edso. Se menciona la Universidad de Talca.<\/span><\/a><span data-ccp-props=\"{}\">\u00a0<\/span><\/p><p>\u00a0<\/p><p><b><span data-contrast=\"auto\">EL CONTENIDO<\/span><\/b>\u00a0<br \/><a href=\"https:\/\/elcontenido.news\/2025\/nacional\/la-final-nacional-de-robotica-y-videojuegos-reunira-a-jovenes-de-todo-chile-en-valparaiso\/\"><span data-contrast=\"none\">La Final Nacional de Rob\u00f3tica y Videojuegos reunir\u00e1 a j\u00f3venes de todo Chile en Valpara\u00edso. Se menciona la Universidad de Talca.<\/span><\/a><span data-ccp-props=\"{}\">\u00a0<\/span><\/p><p>\u00a0<\/p><p><b><span data-contrast=\"auto\">EL CIUDADANO<\/span><\/b>\u00a0<br \/><a href=\"https:\/\/www.elciudadano.com\/justicia\/textos-de-exministro-munoz-salpican-a-vivanco-simpertigue-lagos-y-vargas-en-fallo-clave-que-destrabo-proyecto-eco-egana\/11\/18\/\"><span data-contrast=\"none\">Textos de exministro Mu\u00f1oz salpican a Vivanco, Simpertigue, Lagos y Vargas en fallo clave que destrab\u00f3 proyecto Eco Ega\u00f1a. Se menciona la Universidad de Talca.<\/span><\/a><span data-ccp-props=\"{}\">\u00a0<\/span><\/p><p>\u00a0<\/p><p><b><span data-contrast=\"auto\">INOTICIAS<\/span><\/b>\u00a0<br \/><a href=\"https:\/\/inoticias.cl\/detalle\/textos-de-exministro-munoz-salpican-a-vivanco-simpertigue\"><span data-contrast=\"none\">Textos de exministro Mu\u00f1oz salpican a Vivanco, Simpertigue, Lagos y Vargas en fallo clave que destrab\u00f3 proyecto Eco Ega\u00f1a. Se menciona la Universidad de Talca.<\/span><\/a><span data-ccp-props=\"{}\">\u00a0<\/span><\/p><p>\u00a0<\/p><p><b><span data-contrast=\"auto\">CUTURIZARTE<\/span><\/b>\u00a0<br \/><a href=\"https:\/\/culturizarte.cl\/festival-de-cine-felina-anuncia-su-programacion-2025-con-funciones-gratuitas-en-el-maule\/\"><span data-contrast=\"none\">Festival de Cine Felina anuncia su programaci\u00f3n 2025 con funciones gratuitas en el Maule. Se menciona la Universidad de Talca.<\/span><\/a><span data-ccp-props=\"{}\">\u00a0<\/span><\/p><p>\u00a0<\/p><p><b><span data-contrast=\"auto\">S\u00c9PTIMA P\u00c1GINA NOTICIAS<\/span><\/b>\u00a0<br \/><a href=\"https:\/\/www.septimapaginanoticias.cl\/festival-de-cine-felina-anuncia-su-programacion-2025-con-funciones-gratuitas-en-el-maule\"><span data-contrast=\"none\">Festival de Cine Felina anuncia su programaci\u00f3n 2025 con funciones gratuitas en el Maule. Se menciona la Universidad de Talca.<\/span><\/a><span data-ccp-props=\"{}\">\u00a0<\/span><\/p><p>\u00a0<\/p><p><b><span data-contrast=\"auto\">UNIVERSIDAD DE CHILE<\/span><\/b>\u00a0<br \/><a href=\"https:\/\/uchile.cl\/noticias\/234863\/curso-gratis-sobre-inteligencia-artificial0\"><span data-contrast=\"none\">Universidad de Chile ofrecer\u00e1 curso gratuito de iniciaci\u00f3n en Inteligencia Artificial para la ciudadana. Se menciona la Universidad de Talca.<\/span><\/a><span data-ccp-props=\"{}\">\u00a0<\/span><\/p><p>\u00a0<\/p><p><b><span data-contrast=\"auto\">EL MAULE INFORMA<\/span><\/b>\u00a0<br \/><a href=\"https:\/\/elmauleinforma.cl\/festival-de-cine-felina-anuncia-su-programacion-2025-con-funciones-gratuitas-en-el-maule\/\"><span data-contrast=\"none\">Festival de Cine Felina anuncia su programaci\u00f3n 2025 con funciones gratuitas en el Maule. Se menciona la Universidad de Talca.<\/span><\/a><span data-ccp-props=\"{}\">\u00a0<\/span><\/p><p>\u00a0<\/p><p><b><span data-contrast=\"auto\">NUEVO PODER<\/span><\/b>\u00a0<br \/><a href=\"http:\/\/www.nuevopoder.cl\/gbno-pide-renuncia-del-director-de-la-comision-chilena-de-energia-nuclear\/\"><span data-contrast=\"none\">Gbno. pide renuncia del director de la Comisi\u00f3n Chilena de Energ\u00eda Nuclear. Se menciona la Universidad de Talca.<\/span><\/a><span data-ccp-props=\"{}\">\u00a0<\/span><\/p><p>\u00a0<\/p><p><b><span data-contrast=\"auto\">CANDILEJAS<\/span><\/b>\u00a0<br \/><a href=\"https:\/\/candilejas.cl\/wp\/2025\/11\/18\/jovenes-pianistas-ofrecen-recital-en-san-javier\/\"><span data-contrast=\"none\">J\u00f3venes pianistas ofrecen recital en San Javier. Se menciona la Universidad de Talca.<\/span><\/a><span data-ccp-props=\"{}\">\u00a0<\/span><\/p><p><span data-ccp-props=\"{}\">\u00a0<\/span><\/p><p><span data-ccp-props=\"{}\">\u00a0<\/span><\/p>\t\t\t\t\t\t<\/div>\n\t\t\t\t<\/div>\n\t\t\t\t\t<\/div>\n\t\t<\/div>\n\t\t\t\t\t\t\t<\/div>\n\t\t<\/section>\n\t\t\t\t\t\t<\/div>\n\t\t\t\t\t<\/div>\n\t\t","protected":false},"excerpt":{"rendered":"<p>RADIO DUNAEntrevista: Participaci\u00f3n de\u00a0la UTalca en la COP30. Se refiere Andrea Barrera, acad\u00e9mica Facultad Ciencias de la Salud.\u00a0 \u00a0 P\u00c1GINA V\u00a0Derrumbar neuromitos y fortalecer formaci\u00f3n de docentes: Reflexiones de expertos en ciencia del aprendizaje. Se refiere Carlos Torres Fuchslocher, rector y Roberto Ferreira, acad\u00e9mico de la Facultad de Ciencias de la Educaci\u00f3n.\u00a0 \u00a0 MEDIABANCO\u00a0Derrumbar neuromitos &hellip;<\/p>\n<p class=\"read-more\"> <a class=\"\" href=\"https:\/\/www.reportedeprensa.utalca.cl\/?p=12910\"> <span class=\"screen-reader-text\">19 de noviembre 2025<\/span> Read More &raquo;<\/a><\/p>\n","protected":false},"author":1,"featured_media":0,"comment_status":"closed","ping_status":"open","sticky":false,"template":"","format":"standard","meta":{"_monsterinsights_skip_tracking":false,"_monsterinsights_sitenote_active":false,"_monsterinsights_sitenote_note":"","_monsterinsights_sitenote_category":0},"categories":[65],"tags":[],"_links":{"self":[{"href":"https:\/\/www.reportedeprensa.utalca.cl\/index.php?rest_route=\/wp\/v2\/posts\/12910"}],"collection":[{"href":"https:\/\/www.reportedeprensa.utalca.cl\/index.php?rest_route=\/wp\/v2\/posts"}],"about":[{"href":"https:\/\/www.reportedeprensa.utalca.cl\/index.php?rest_route=\/wp\/v2\/types\/post"}],"author":[{"embeddable":true,"href":"https:\/\/www.reportedeprensa.utalca.cl\/index.php?rest_route=\/wp\/v2\/users\/1"}],"replies":[{"embeddable":true,"href":"https:\/\/www.reportedeprensa.utalca.cl\/index.php?rest_route=%2Fwp%2Fv2%2Fcomments&post=12910"}],"version-history":[{"count":7,"href":"https:\/\/www.reportedeprensa.utalca.cl\/index.php?rest_route=\/wp\/v2\/posts\/12910\/revisions"}],"predecessor-version":[{"id":12924,"href":"https:\/\/www.reportedeprensa.utalca.cl\/index.php?rest_route=\/wp\/v2\/posts\/12910\/revisions\/12924"}],"wp:attachment":[{"href":"https:\/\/www.reportedeprensa.utalca.cl\/index.php?rest_route=%2Fwp%2Fv2%2Fmedia&parent=12910"}],"wp:term":[{"taxonomy":"category","embeddable":true,"href":"https:\/\/www.reportedeprensa.utalca.cl\/index.php?rest_route=%2Fwp%2Fv2%2Fcategories&post=12910"},{"taxonomy":"post_tag","embeddable":true,"href":"https:\/\/www.reportedeprensa.utalca.cl\/index.php?rest_route=%2Fwp%2Fv2%2Ftags&post=12910"}],"curies":[{"name":"wp","href":"https:\/\/api.w.org\/{rel}","templated":true}]}}