{"id":12925,"date":"2025-11-20T15:42:50","date_gmt":"2025-11-20T18:42:50","guid":{"rendered":"https:\/\/www.reportedeprensa.utalca.cl\/?p=12925"},"modified":"2025-11-20T15:46:27","modified_gmt":"2025-11-20T18:46:27","slug":"20-de-noviembre-2025","status":"publish","type":"post","link":"https:\/\/www.reportedeprensa.utalca.cl\/?p=12925","title":{"rendered":"20 de noviembre 2025"},"content":{"rendered":"\t\t<div data-elementor-type=\"wp-post\" data-elementor-id=\"12925\" class=\"elementor elementor-12925\" data-elementor-settings=\"[]\">\n\t\t\t\t\t\t\t<div class=\"elementor-section-wrap\">\n\t\t\t\t\t\t\t<section class=\"elementor-section elementor-top-section elementor-element elementor-element-bcea1a8 elementor-section-boxed elementor-section-height-default elementor-section-height-default\" data-id=\"bcea1a8\" data-element_type=\"section\">\n\t\t\t\t\t\t<div class=\"elementor-container elementor-column-gap-default\">\n\t\t\t\t\t<div class=\"elementor-column elementor-col-100 elementor-top-column elementor-element elementor-element-e7183bf\" data-id=\"e7183bf\" data-element_type=\"column\">\n\t\t\t<div class=\"elementor-widget-wrap elementor-element-populated\">\n\t\t\t\t\t\t\t\t<div class=\"elementor-element elementor-element-bec1aeb elementor-widget elementor-widget-text-editor\" data-id=\"bec1aeb\" data-element_type=\"widget\" data-widget_type=\"text-editor.default\">\n\t\t\t\t<div class=\"elementor-widget-container\">\n\t\t\t\t\t\t\t\t<div><b data-olk-copy-source=\"MessageBody\">LA NOTICIA<\/b>\u00a0<br \/><a id=\"OWA22a152cf-08a8-864e-000b-6dd9d3ea9222\" title=\"https:\/\/lanoticia.cl\/congreso-mostrara-innovaciones-y-tecnologias-exclusivas-para-adultos-mayores\/\" href=\"https:\/\/lanoticia.cl\/congreso-mostrara-innovaciones-y-tecnologias-exclusivas-para-adultos-mayores\/\" target=\"_blank\" rel=\"noopener noreferrer\" data-auth=\"NotApplicable\" data-linkindex=\"0\">Congreso mostrar\u00e1 innovaciones y tecnolog\u00edas exclusivas para adultos mayores. Se refiere Valeska Gatica, directora del Laboratorio de Control Motor Humano<\/a>\u00a0<\/div><div>\u00a0<\/div><div><b>MAULE HOY<\/b>\u00a0<\/div><div><a id=\"OWA26fa02bc-8456-d94f-0639-407ac1e3b916\" title=\"https:\/\/www.litoralpress.cl\/paginaconsultas\/Servicios_NClipWeb\/Get_Imagen_Nota.aspx?LPKey=2ADES3AF2JDMK2LYIMKOF422P3RGKECJZZV35K2RUQFMTTH7Z27S3QKKGXMM6RMMONFNR2CWX3SJM\" href=\"https:\/\/www.litoralpress.cl\/paginaconsultas\/Servicios_NClipWeb\/Get_Imagen_Nota.aspx?LPKey=2ADES3AF2JDMK2LYIMKOF422P3RGKECJZZV35K2RUQFMTTH7Z27S3QKKGXMM6RMMONFNR2CWX3SJM\" target=\"_blank\" rel=\"noopener noreferrer\" data-auth=\"NotApplicable\" data-linkindex=\"1\">Congreso mostrar\u00e1 innovaciones y tecnolog\u00edas exclusivas para adultos mayores. Se refiere Valeska Gatica, directora del Laboratorio de Control Motor Humano.<\/a>\u00a0<\/div><div>\u00a0<\/div><div><b>MEDIABANCO<\/b>\u00a0<br \/><a id=\"OWA803b3ab3-7496-6314-38a7-bfdd7b3828a3\" title=\"https:\/\/www.mediabanco.com\/congreso-mostrara-innovaciones-y-tecnologias-exclusivas-para-adultos-mayores\/\" href=\"https:\/\/www.mediabanco.com\/congreso-mostrara-innovaciones-y-tecnologias-exclusivas-para-adultos-mayores\/\" target=\"_blank\" rel=\"noopener noreferrer\" data-auth=\"NotApplicable\" data-linkindex=\"2\">Congreso mostrar\u00e1 innovaciones y tecnolog\u00edas exclusivas para adultos mayores. Se refiere Valeska Gatica, directora del Laboratorio de Control Motor Humano<\/a>\u00a0<\/div><div>\u00a0<\/div><div><b>RADIO ANCOA<\/b>\u00a0<\/div><div><a id=\"OWAf7be71d7-fdcf-eb8e-ee28-a7938781f377\" title=\"https:\/\/www.litoralpress.cl\/sitio\/RadioTV_Detalles.cshtml?LPKey=7U6BJPDF3RSZ27TCDZ2XLGRJSKDJM6OYNPIESZTTTW5IJKHB3UX5D43JQCQXP36YTQ46MP6NOJMDI\" href=\"https:\/\/www.litoralpress.cl\/sitio\/RadioTV_Detalles.cshtml?LPKey=7U6BJPDF3RSZ27TCDZ2XLGRJSKDJM6OYNPIESZTTTW5IJKHB3UX5D43JQCQXP36YTQ46MP6NOJMDI\" target=\"_blank\" rel=\"noopener noreferrer\" data-auth=\"NotApplicable\" data-linkindex=\"3\">Entrevista a Carlos Contreras, responsable del \u00c1rea de Admisi\u00f3n.<\/a>\u00a0<\/div><div>\u00a0<\/div><div><b>RADIO NUESTRA<\/b>\u00a0<br \/><a id=\"OWAd7d7e601-4a04-7d06-65ee-4349630513a7\" title=\"https:\/\/www.litoralpress.cl\/sitio\/RadioTV_Detalles.cshtml?LPKey=EOTXDUKTGRJZX5VTWXJLUC54VNMNVMXJM23QPUZEYTQI3KMCYPP2JWQU2ZUS6UTV6HFSSATQ2D5VY\" href=\"https:\/\/www.litoralpress.cl\/sitio\/RadioTV_Detalles.cshtml?LPKey=EOTXDUKTGRJZX5VTWXJLUC54VNMNVMXJM23QPUZEYTQI3KMCYPP2JWQU2ZUS6UTV6HFSSATQ2D5VY\" target=\"_blank\" rel=\"noopener noreferrer\" data-auth=\"NotApplicable\" data-linkindex=\"4\">Conversamos con Carlos Contreras, responsable del \u00c1rea de Admisi\u00f3n.<\/a>\u00a0<\/div><div>\u00a0<\/div><div><b>ANCOA RADIO<\/b>\u00a0<br \/><a id=\"OWA34d2975a-b79f-c549-a939-db112aae4728\" title=\"https:\/\/www.litoralpress.cl\/sitio\/RadioTV_Detalles.cshtml?LPKey=2K5JCY4INH756VQ6XCDT2XPLXGJ5MPM75FHCV6S26EYDLSJ6PFMMAQCUA7ORRTK7IMLJDAQ7WYQNW\" href=\"https:\/\/www.litoralpress.cl\/sitio\/RadioTV_Detalles.cshtml?LPKey=2K5JCY4INH756VQ6XCDT2XPLXGJ5MPM75FHCV6S26EYDLSJ6PFMMAQCUA7ORRTK7IMLJDAQ7WYQNW\" target=\"_blank\" rel=\"noopener noreferrer\" data-auth=\"NotApplicable\" data-linkindex=\"5\">V\u00eda telem\u00e1tica con Carlos Contreras, Responsable \u00c1rea Adminisi\u00f3n<\/a>\u00a0<\/div><div>\u00a0<\/div><div><b>EL LECTOR<\/b>\u00a0<br \/><a id=\"OWAdbf1bd57-6bc5-154c-dc1a-8c8fa0cc50f0\" title=\"https:\/\/www.litoralpress.cl\/paginaconsultas\/Servicios_NClipWeb\/Get_Imagen_Nota.aspx?LPKey=WHEDRX7FDXXHQZENJIZXVLX3RXM3XILOT2HY3BWIEJ3OVLJ4LMZ2I53VEWEAIEAFXIP54IXEVN7HY\" href=\"https:\/\/www.litoralpress.cl\/paginaconsultas\/Servicios_NClipWeb\/Get_Imagen_Nota.aspx?LPKey=WHEDRX7FDXXHQZENJIZXVLX3RXM3XILOT2HY3BWIEJ3OVLJ4LMZ2I53VEWEAIEAFXIP54IXEVN7HY\" target=\"_blank\" rel=\"noopener noreferrer\" data-auth=\"NotApplicable\" data-linkindex=\"6\">Tecnolog\u00eda y oficios: Destacado estudio chileno GT2P comparti\u00f3 su experiencia creativa en la UTalca. Se refiere Jos\u00e9 Luis Uribe, director de Creaci\u00f3n.<\/a>\u00a0<\/div><div>\u00a0<\/div><div><b>MEDIABANCO<\/b>\u00a0<br \/><a id=\"OWA499bb5ce-8b83-a7a8-ec27-0acf6870aed8\" title=\"https:\/\/www.mediabanco.com\/lanzan-app-que-invita-a-redescubrir-el-patrimonio-urbano-de-curico\/\" href=\"https:\/\/www.mediabanco.com\/lanzan-app-que-invita-a-redescubrir-el-patrimonio-urbano-de-curico\/\" target=\"_blank\" rel=\"noopener noreferrer\" data-auth=\"NotApplicable\" data-linkindex=\"7\">Lanzan app que invita a redescubrir el patrimonio urbano de Curic\u00f3. Se refiere V\u00edctor Letelier, director de la Escuela de Arquitectura\u202fy Jos\u00e9 Luis Uribe, director de Creaci\u00f3n.<\/a>\u00a0\u00a0<\/div><div>\u00a0<\/div><div><b>PRENSA EVENTOS<\/b>\u00a0<br \/><a id=\"OWAdcdad932-79e8-e926-1418-f23d7824fb55\" title=\"https:\/\/prensaeventos.cl\/lanzan-app-que-invita-a-redescubrir-el-patrimonio-urbano-de-curico\/\" href=\"https:\/\/prensaeventos.cl\/lanzan-app-que-invita-a-redescubrir-el-patrimonio-urbano-de-curico\/\" target=\"_blank\" rel=\"noopener noreferrer\" data-auth=\"NotApplicable\" data-linkindex=\"8\">Lanzan app que invita a redescubrir el patrimonio urbano de Curic\u00f3. Se refiere V\u00edctor Letelier, director de la Escuela de Arquitectura\u202fy Jos\u00e9 Luis Uribe, director de Creaci\u00f3n<\/a>\u00a0<\/div><div>\u00a0<\/div><div><b>RADIO LAUTARO<\/b>\u00a0<br \/><a id=\"OWA9abc588d-1dfc-4fee-164f-41884ae54a2f\" title=\"https:\/\/radiolautarotalca.cl\/que-es-el-sim-swapping-y-como-evitar-ser-victima-de-esta-estafa\/\" href=\"https:\/\/radiolautarotalca.cl\/que-es-el-sim-swapping-y-como-evitar-ser-victima-de-esta-estafa\/\" target=\"_blank\" rel=\"noopener noreferrer\" data-auth=\"NotApplicable\" data-linkindex=\"9\">\u00bfQu\u00e9 es el SIM swapping y c\u00f3mo evitar ser v\u00edctima de esta estafa? Se refiere Arcadio Cerda Urrutia, decano de la Facultad de Econom\u00eda y Negocios.<\/a>\u00a0\u00a0<\/div><div>\u00a0<\/div><div><b>EN L\u00cdNEA MAULE<\/b>\u00a0<br \/><a id=\"OWAec41d4da-bff7-5d69-c04e-65d99fc67dc7\" title=\"https:\/\/enlineamaule.cl\/archivo\/59748\" href=\"https:\/\/enlineamaule.cl\/archivo\/59748\" target=\"_blank\" rel=\"noopener noreferrer\" data-auth=\"NotApplicable\" data-linkindex=\"10\">Funcionarios de la PDI explicaron que es el SIM swapping y c\u00f3mo evitar caer en esa estafa. Se refiere Arcadio Cerda Urrutia, decano de la Facultad de Econom\u00eda y Negocios.<\/a>\u00a0<\/div><div aria-hidden=\"true\">\u00a0<\/div><div><b>CR\u00d3NICA DIGITAL<\/b>\u00a0<br \/><a id=\"OWAc325fddc-b370-54cd-d32e-d9a49d0bd560\" title=\"https:\/\/cronicadigital.cl\/izquierda-y-ultraderecha-salen-a-conquistar-votos-de-cara-al-balotaje-presidencial-en-chile\/\" href=\"https:\/\/cronicadigital.cl\/izquierda-y-ultraderecha-salen-a-conquistar-votos-de-cara-al-balotaje-presidencial-en-chile\/\" target=\"_blank\" rel=\"noopener noreferrer\" data-auth=\"NotApplicable\" data-linkindex=\"11\">Izquierda y ultraderecha salen a conquistar votos de cara al balotaje presidencial en Chile. Se refiere Mario Herrera Mu\u00f1oz, acad\u00e9mico del Centro de An\u00e1lisis Pol\u00edtico (CAP-UTalca)<\/a>\u00a0<\/div><div>\u00a0<\/div><div><b>LA PRENSA DE CURIC\u00d3<\/b>\u00a0<br \/><a id=\"OWA5f51a4c6-6b9c-6355-a553-8f6da92ed13c\" title=\"https:\/\/www.litoralpress.cl\/paginaconsultas\/Servicios_NClipWeb\/Get_Imagen_Nota.aspx?LPKey=AB2TGTRZYK5D54GWTO5MA3ZD65IRTLLV7R2ZPVPN5K3JVAUK7KFK5AHQK3264ODXQF2U7VOBDCW32\" href=\"https:\/\/www.litoralpress.cl\/paginaconsultas\/Servicios_NClipWeb\/Get_Imagen_Nota.aspx?LPKey=AB2TGTRZYK5D54GWTO5MA3ZD65IRTLLV7R2ZPVPN5K3JVAUK7KFK5AHQK3264ODXQF2U7VOBDCW32\" target=\"_blank\" rel=\"noopener noreferrer\" data-auth=\"NotApplicable\" data-linkindex=\"12\">&#8220;En la segunda vuelta entre Jara y Kast, no hay nada decidido&#8221;. Se refiere Mario Herrera Mu\u00f1oz, acad\u00e9mico del Centro de An\u00e1lisis Pol\u00edtico (CAP-UTalca)<\/a>\u00a0<\/div><div>\u00a0<\/div><div><b>RADIO BIOB\u00cdO<\/b>\u00a0<br \/><a id=\"OWAffddbea5-d2ab-75e0-69aa-bd4bff7dc81b\" title=\"https:\/\/www.litoralpress.cl\/sitio\/RadioTV_Detalles.cshtml?LPKey=OVDFEXOBA3CVKMKVKFEHTN6D2JG2LV2T5XXGLB6MY7IODNQME54HNNJ4XWSYHGIYOOK3AG4O3SNY2\" href=\"https:\/\/www.litoralpress.cl\/sitio\/RadioTV_Detalles.cshtml?LPKey=OVDFEXOBA3CVKMKVKFEHTN6D2JG2LV2T5XXGLB6MY7IODNQME54HNNJ4XWSYHGIYOOK3AG4O3SNY2\" target=\"_blank\" rel=\"noopener noreferrer\" data-auth=\"NotApplicable\" data-linkindex=\"13\">Jeannette Jara anunci\u00f3 el plan &#8220;Sumando Cambia Chile&#8221;, el que incorpor\u00f3 propuestas de otros ex candidatos presidenciales. Se refiere Mario Herrera Mu\u00f1oz, acad\u00e9mico del Centro de An\u00e1lisis Pol\u00edtico (CAP-UTalca)<\/a>\u00a0<\/div><div>\u00a0<\/div><div><b>EMOL<\/b>\u00a0<br \/><a id=\"OWA51695536-bda8-2ac7-254b-61fd8c9a717e\" title=\"https:\/\/www.emol.com\/noticias\/Nacional\/2025\/11\/19\/1183597\/cazadores-votos-parisi-kast-jara.html\" href=\"https:\/\/www.emol.com\/noticias\/Nacional\/2025\/11\/19\/1183597\/cazadores-votos-parisi-kast-jara.html\" target=\"_blank\" rel=\"noopener noreferrer\" data-auth=\"NotApplicable\" data-linkindex=\"14\">Cazadores de votantes: Las figuras de Kast y Jara que podr\u00edan ser clave para atraer el apetecido electorado de Parisi. Se refiere Mario Herrera Mu\u00f1oz, acad\u00e9mico del Centro de An\u00e1lisis Pol\u00edtico (CAP-UTalca)<\/a>\u00a0<\/div><div>\u00a0<\/div><div><b>RADIO NOST\u00c1LGICA<\/b>\u00a0<br \/><a id=\"OWA2fa4b3c5-8095-8239-3f34-a37448ff1c7a\" title=\"https:\/\/www.nostalgica.cl\/cazadores-de-votantes-las-figuras-de-kast-y-jara-que-podrian-ser-clave-para-atraer-el-apetecido-electorado-de-parisi\/\" href=\"https:\/\/www.nostalgica.cl\/cazadores-de-votantes-las-figuras-de-kast-y-jara-que-podrian-ser-clave-para-atraer-el-apetecido-electorado-de-parisi\/\" target=\"_blank\" rel=\"noopener noreferrer\" data-auth=\"NotApplicable\" data-linkindex=\"15\">Cazadores de votantes: Las figuras de Kast y Jara que podr\u00edan ser clave para atraer el apetecido electorado de Parisi. Se refiere Mario Herrera Mu\u00f1oz, acad\u00e9mico del Centro de An\u00e1lisis Pol\u00edtico (CAP-UTalca)<\/a>\u00a0<\/div><div>\u00a0<\/div><div><b>NUEVO PODER<\/b>\u00a0<br \/><a id=\"OWAa0de7def-6b5c-a1d0-cb11-56ab9d4dc065\" title=\"http:\/\/www.nuevopoder.cl\/pamela-jiles-busca-liderar-la-reconfigurada-bancada-pdg-en-el-congreso\/\" href=\"http:\/\/www.nuevopoder.cl\/pamela-jiles-busca-liderar-la-reconfigurada-bancada-pdg-en-el-congreso\/\" target=\"_blank\" rel=\"noopener noreferrer\" data-auth=\"NotApplicable\" data-linkindex=\"16\">Pamela Jiles busca liderar la reconfigurada bancada PDG en el Congreso. Se refiere Mauricio morales Quiroga, director del Centro de An\u00e1lisis Pol\u00edtico (CAP-UTalca)<\/a>\u00a0<\/div><div>\u00a0<\/div><div><b>EMOL<\/b>\u00a0<br \/><a id=\"OWAf1ad47b7-af24-ad97-f75f-4ff446a0821e\" title=\"https:\/\/www.emol.com\/noticias\/Nacional\/2025\/11\/19\/1183638\/rol-pamela-jiles-bancada-pdg.html\" href=\"https:\/\/www.emol.com\/noticias\/Nacional\/2025\/11\/19\/1183638\/rol-pamela-jiles-bancada-pdg.html\" target=\"_blank\" rel=\"noopener noreferrer\" data-auth=\"NotApplicable\" data-linkindex=\"17\">Con papel de &#8216;l\u00edder&#8217; y llamado al orden: El rol de Pamela Jiles en la nueva bancada del PDG. Se refiere Mauricio morales Quiroga, director del Centro de An\u00e1lisis Pol\u00edtico (CAP-UTalca)<\/a>\u00a0<\/div><div>\u00a0<\/div><div><b>EL HERALDO<\/b>\u00a0<br \/><a id=\"OWA9a5856e8-5284-38b0-a008-48e58a13b5f4\" title=\"https:\/\/www.litoralpress.cl\/paginaconsultas\/Servicios_NClipWeb\/Get_Imagen_Nota.aspx?LPKey=KV5G4DODR46DMKEGP2FDN3EJNIVI6DTHUBT6EBN3IXYPJXM5DN5J4CWW2DVK3YCIDWCPWYWFKUBHS\" href=\"https:\/\/www.litoralpress.cl\/paginaconsultas\/Servicios_NClipWeb\/Get_Imagen_Nota.aspx?LPKey=KV5G4DODR46DMKEGP2FDN3EJNIVI6DTHUBT6EBN3IXYPJXM5DN5J4CWW2DVK3YCIDWCPWYWFKUBHS\" target=\"_blank\" rel=\"noopener noreferrer\" data-auth=\"NotApplicable\" data-linkindex=\"18\">Festival de Cine Felina anuncia su programaci\u00f3n 2025 con funciones gratuitas en el Maule. Se menciona la Universidad de Talca.<\/a>\u00a0\u00a0<\/div><div>\u00a0<\/div><div><b>EL LECTOR<\/b>\u00a0<br \/><a id=\"OWA02984791-343e-6765-be44-d4ddac7cf921\" title=\"https:\/\/www.litoralpress.cl\/paginaconsultas\/Servicios_NClipWeb\/Get_Imagen_Nota.aspx?LPKey=HZN3JWVRLAFGNYMDMKAWDAKGENVKQG7A6HS2XLV5F5PT2XH7JXBBSFTIXSAKDXBXQVJ6GK45UR24S\" href=\"https:\/\/www.litoralpress.cl\/paginaconsultas\/Servicios_NClipWeb\/Get_Imagen_Nota.aspx?LPKey=HZN3JWVRLAFGNYMDMKAWDAKGENVKQG7A6HS2XLV5F5PT2XH7JXBBSFTIXSAKDXBXQVJ6GK45UR24S\" target=\"_blank\" rel=\"noopener noreferrer\" data-auth=\"NotApplicable\" data-linkindex=\"19\">Festival de Cine Felina anuncia su programaci\u00f3n 2025 con funciones gratuitas en el Maule. Se menciona la Universidad de Talca.<\/a>\u00a0<\/div><div>\u00a0<\/div><div><b>EL OBSERVADOR<\/b>\u00a0<br \/><a id=\"OWA01819795-f1c5-49b0-df23-f050b3cc9532\" title=\"https:\/\/www.litoralpress.cl\/paginaconsultas\/Servicios_NClipWeb\/Get_Imagen_Nota.aspx?LPKey=ZGJQQMBAH4DI46JX2NBJPBMXYVNFSISC4VVO2LGSOKVVM2E7OCKDV6VFSSG7UGH5OELNDN6Y7NKAK\" href=\"https:\/\/www.litoralpress.cl\/paginaconsultas\/Servicios_NClipWeb\/Get_Imagen_Nota.aspx?LPKey=ZGJQQMBAH4DI46JX2NBJPBMXYVNFSISC4VVO2LGSOKVVM2E7OCKDV6VFSSG7UGH5OELNDN6Y7NKAK\" target=\"_blank\" rel=\"noopener noreferrer\" data-auth=\"NotApplicable\" data-linkindex=\"20\">\u00bfQu\u00e9 pasa cuando se construye menos, se vende menos y se arrienda m\u00e1s caro? Se menciona la Universidad de Talca.<\/a>\u00a0<\/div><div>\u00a0<\/div><div><b>MSN CHILE<\/b>\u00a0<br \/><a id=\"OWAbb05796a-31d4-ce3b-2fbe-80fa20417423\" title=\"https:\/\/www.msn.com\/es-cl\/noticias\/other\/gobierno-solicita-renuncia-del-director-de-la-comisi%C3%B3n-chilena-de-energ%C3%ADa-nuclear\/ar-AA1QHqe6\" href=\"https:\/\/www.msn.com\/es-cl\/noticias\/other\/gobierno-solicita-renuncia-del-director-de-la-comisi%C3%B3n-chilena-de-energ%C3%ADa-nuclear\/ar-AA1QHqe6\" target=\"_blank\" rel=\"noopener noreferrer\" data-auth=\"NotApplicable\" data-linkindex=\"21\">Gobierno le pide la renuncia al director de la Comisi\u00f3n Chilena de Energ\u00eda Nuclear. Se menciona la Universidad de Talca.<\/a>\u00a0<\/div><div>\u00a0<\/div><div><b>DIARIO EL HERALDO<\/b>\u00a0<br \/><a id=\"OWAca4a8732-ecf6-ce95-357e-b06502507b95\" title=\"https:\/\/www.diarioelheraldo.cl\/noticia\/festival-de-cine-felina-anuncia-su-programacion-2025-con-funciones-gratuitas-en-el-maule\" href=\"https:\/\/www.diarioelheraldo.cl\/noticia\/festival-de-cine-felina-anuncia-su-programacion-2025-con-funciones-gratuitas-en-el-maule\" target=\"_blank\" rel=\"noopener noreferrer\" data-auth=\"NotApplicable\" data-linkindex=\"22\">Festival de Cine Felina anuncia su programaci\u00f3n 2025 con funciones gratuitas en el Maule. Se menciona la Universidad de Talca.<\/a>\u00a0<\/div><div>\u00a0<\/div><div><b>CAMBIO 21<\/b>\u00a0<br \/><a id=\"OWA29d46fe3-bc87-cca6-4c83-5469334fbef8\" title=\"https:\/\/cambio21.cl\/tendencias\/gobierno-le-pide-la-renuncia-al-director-de-la-comision-chilena-de-energia-nuclear-691d35f03eda1d4397059b93\" href=\"https:\/\/cambio21.cl\/tendencias\/gobierno-le-pide-la-renuncia-al-director-de-la-comision-chilena-de-energia-nuclear-691d35f03eda1d4397059b93\" target=\"_blank\" rel=\"noopener noreferrer\" data-auth=\"NotApplicable\" data-linkindex=\"23\">Gobierno le pide la renuncia al director de la Comisi\u00f3n Chilena de Energ\u00eda Nuclear. Se menciona la Universidad de Talca.<\/a>\u00a0<\/div><div>\u00a0<\/div><div><b>MAULE HOY<\/b>\u00a0<br \/><a id=\"OWAf9124648-7a1f-093f-4dee-e1637184b9a5\" title=\"https:\/\/maulehoy.cl\/2025\/11\/19\/festival-de-cine-felina-anuncia-su-programacion-2025-con-funciones-gratuitas-en-el-maule\/\" href=\"https:\/\/maulehoy.cl\/2025\/11\/19\/festival-de-cine-felina-anuncia-su-programacion-2025-con-funciones-gratuitas-en-el-maule\/\" target=\"_blank\" rel=\"noopener noreferrer\" data-auth=\"NotApplicable\" data-linkindex=\"24\">Festival de Cine Felina anuncia su programaci\u00f3n 2025 con funciones gratuitas en el Maule. Se menciona la Universidad de Talca.<\/a>\u00a0<\/div><div>\u00a0<\/div><div><b>CAMBIO 21<\/b>\u00a0<br \/><a id=\"OWAf38d5568-7562-3be3-0697-ac022d89dc60\" title=\"https:\/\/cambio21.cl\/tendencias\/gobierno-le-pide-la-renuncia-al-director-de-la-comision-chilena-de-energia-nuclear-691d35f03eda1d4397059b93\" href=\"https:\/\/cambio21.cl\/tendencias\/gobierno-le-pide-la-renuncia-al-director-de-la-comision-chilena-de-energia-nuclear-691d35f03eda1d4397059b93\" target=\"_blank\" rel=\"noopener noreferrer\" data-auth=\"NotApplicable\" data-linkindex=\"25\">Gobierno le pide la renuncia al director de la Comisi\u00f3n Chilena de Energ\u00eda Nuclear. Se menciona la Universidad de Talca.<\/a>\u00a0<\/div><div>\u00a0<\/div><div><b>TIERRA AMARILLANO<\/b>\u00a0<br \/><a id=\"OWA83ac2867-4c67-6be3-ee54-d1194d36f681\" title=\"https:\/\/tierramarillano.cl\/2025\/11\/19\/ninos-y-jovenes-de-todo-el-pais-participaran-en-final-nacional-de-robotica-educativa-y-videojuegos-de-fundacion-mustakis\/\" href=\"https:\/\/tierramarillano.cl\/2025\/11\/19\/ninos-y-jovenes-de-todo-el-pais-participaran-en-final-nacional-de-robotica-educativa-y-videojuegos-de-fundacion-mustakis\/\" target=\"_blank\" rel=\"noopener noreferrer\" data-auth=\"NotApplicable\" data-linkindex=\"26\">Ni\u00f1os y j\u00f3venes de todo el pa\u00eds participar\u00e1n en Final Nacional de Rob\u00f3tica Educativa y Videojuegos de Fundaci\u00f3n Mustakis. Se menciona la Universidad de Talca.<\/a>\u00a0<\/div><div>\u00a0<\/div><div><b>RADIO CRISTALINA<\/b>\u00a0<br \/><a id=\"OWA833bb2cd-073c-d20d-fee6-207ee2dadd93\" title=\"https:\/\/radiocristalina.cl\/festival-de-cine-felina-anuncia-su-programacion-2025-con-funciones-gratuitas-en-el-maule\/\" href=\"https:\/\/radiocristalina.cl\/festival-de-cine-felina-anuncia-su-programacion-2025-con-funciones-gratuitas-en-el-maule\/\" target=\"_blank\" rel=\"noopener noreferrer\" data-auth=\"NotApplicable\" data-linkindex=\"27\">Festival de Cine Felina anuncia su programaci\u00f3n 2025 con funciones gratuitas en el Maule. Se menciona la Universidad de Talca.<\/a>\u00a0<\/div><div>\u00a0<\/div><div><b>G5 NOTICIA<\/b>\u00a0<br \/><a id=\"OWA5a9f46b0-6be9-b682-ec24-000840b31e47\" title=\"https:\/\/g5noticias.cl\/2025\/11\/19\/ninos-y-jovenes-de-todo-el-pais-participaran-en-final-nacional-de-robotica-educativa-y-videojuegos-de-fundacion-mustakis\/\" href=\"https:\/\/g5noticias.cl\/2025\/11\/19\/ninos-y-jovenes-de-todo-el-pais-participaran-en-final-nacional-de-robotica-educativa-y-videojuegos-de-fundacion-mustakis\/\" target=\"_blank\" rel=\"noopener noreferrer\" data-auth=\"NotApplicable\" data-linkindex=\"28\">Ni\u00f1os y j\u00f3venes de todo el pa\u00eds participar\u00e1n en Final Nacional de Rob\u00f3tica Educativa y Videojuegos de Fundaci\u00f3n Mustakis. Se menciona la Universidad de Talca<\/a>\u00a0<\/div><div>\u00a0<\/div><div><b>EL MOSTRADOR<\/b>\u00a0<br \/><a id=\"OWA8a0cf978-c72c-9253-ea55-0729a1f7584b\" title=\"https:\/\/www.elmostrador.cl\/cultura\/agenda\/2025\/11\/19\/festival-de-cine-felina-en-maule\/\" href=\"https:\/\/www.elmostrador.cl\/cultura\/agenda\/2025\/11\/19\/festival-de-cine-felina-en-maule\/\" target=\"_blank\" rel=\"noopener noreferrer\" data-auth=\"NotApplicable\" data-linkindex=\"29\">Festival de Cine Felina en Maule. Se menciona la Universidad de Talca.<\/a>\u00a0<\/div><div>\u00a0<\/div><div><b>DIARIO TALCA\u00a0<\/b><\/div><div><a id=\"OWAb11cf133-d61a-648d-bafc-861b628c5d45\" title=\"https:\/\/diariotalca.cl\/festival-de-cine-felina-anuncia-su-programacion-2025-con-funciones-gratuitas-en-el-maule\/\" href=\"https:\/\/diariotalca.cl\/festival-de-cine-felina-anuncia-su-programacion-2025-con-funciones-gratuitas-en-el-maule\/\" target=\"_blank\" rel=\"noopener noreferrer\" data-auth=\"NotApplicable\" data-linkindex=\"30\">Festival de Cine Felina anuncia su programaci\u00f3n 2025 con funciones gratuitas en el Maule. Se menciona la Universidad de Talca<\/a>\u00a0<\/div><div>\u00a0<\/div><div><b>MAULE HOY<\/b>\u00a0<br \/><a id=\"OWAb20d77d5-1c09-e44d-346e-ebaa7f514d4b\" title=\"https:\/\/www.litoralpress.cl\/paginaconsultas\/Servicios_NClipWeb\/Get_Imagen_Nota.aspx?LPKey=GWZBJ5THEXHIMJHJW72CULZWRJQDDDN4BONGM624JV3FPJHJPXPHYDZVFNRZZ7O3GOA62B2NLC54S\" href=\"https:\/\/www.litoralpress.cl\/paginaconsultas\/Servicios_NClipWeb\/Get_Imagen_Nota.aspx?LPKey=GWZBJ5THEXHIMJHJW72CULZWRJQDDDN4BONGM624JV3FPJHJPXPHYDZVFNRZZ7O3GOA62B2NLC54S\" target=\"_blank\" rel=\"noopener noreferrer\" data-auth=\"NotApplicable\" data-linkindex=\"31\">Festival de Cine Felina anuncia su programaci\u00f3n 2025 con funciones gratuitas en el Maule. Se menciona la Universidad de Talca.<\/a>\u00a0<\/div><div>\u00a0<\/div><div><b>DIARIOS EN RED\u00a0<\/b><\/div><div><a id=\"OWAb9656988-7fb1-04de-274f-50d7cf6d04e2\" title=\"https:\/\/www.diariosenred.com\/festival-de-cine-felina-anuncia-su-programacion-2025-con-funciones\" href=\"https:\/\/www.diariosenred.com\/festival-de-cine-felina-anuncia-su-programacion-2025-con-funciones\" target=\"_blank\" rel=\"noopener noreferrer\" data-auth=\"NotApplicable\" data-linkindex=\"32\">Festival de Cine Felina anuncia su programaci\u00f3n 2025 con funciones gratuitas en el Maule. Se menciona la Universidad de Talca<\/a>\u00a0<\/div><div>\u00a0<\/div><div><b>RED MAULE<\/b>\u00a0<br \/><a id=\"OWAdc0fc2a3-ac37-0150-3c18-ad338cac40bc\" title=\"https:\/\/www.redmaule.com\/festival-de-cine-felina-anuncia-su-programacion-2025-con-funciones\" href=\"https:\/\/www.redmaule.com\/festival-de-cine-felina-anuncia-su-programacion-2025-con-funciones\" target=\"_blank\" rel=\"noopener noreferrer\" data-auth=\"NotApplicable\" data-linkindex=\"33\">Festival de Cine Felina anuncia su programaci\u00f3n 2025 con funciones gratuitas en el Maule. Se menciona la Universidad de Talca<\/a>\u00a0<\/div><div>\u00a0<\/div><div><b>RED ARICA <\/b>\u00a0<br \/><a id=\"OWAa59b82b3-630b-2a87-8e88-d25993912fad\" title=\"https:\/\/www.redarica.com\/festival-de-cine-felina-anuncia-su-programacion-2025-con-funciones\" href=\"https:\/\/www.redarica.com\/festival-de-cine-felina-anuncia-su-programacion-2025-con-funciones\" target=\"_blank\" rel=\"noopener noreferrer\" data-auth=\"NotApplicable\" data-linkindex=\"34\">Festival de Cine Felina anuncia su programaci\u00f3n 2025 con funciones gratuitas en el Maule. Se menciona la Universidad de Talca<\/a>\u00a0<\/div><div>\u00a0<\/div><div><b>RED VALPARA\u00cdSO<\/b>\u00a0<br \/><a id=\"OWA44b3dcd6-7dc5-a0e5-a1af-94e89ffaabce\" title=\"https:\/\/www.redvalparaiso.com\/festival-de-cine-felina-anuncia-su-programacion-2025-con-funciones\" href=\"https:\/\/www.redvalparaiso.com\/festival-de-cine-felina-anuncia-su-programacion-2025-con-funciones\" target=\"_blank\" rel=\"noopener noreferrer\" data-auth=\"NotApplicable\" data-linkindex=\"35\">Festival de Cine Felina anuncia su programaci\u00f3n 2025 con funciones gratuitas en el Maule. Se menciona la Universidad de Talca<\/a>\u00a0<\/div><div>\u00a0<\/div><div><b>RED BIOB\u00cdO<\/b>\u00a0<\/div><div><a id=\"OWAdd168325-fb18-40bf-ec8f-ad8a691b8889\" title=\"https:\/\/www.redbiobio.com\/festival-de-cine-felina-anuncia-su-programacion-2025-con-funciones\" href=\"https:\/\/www.redbiobio.com\/festival-de-cine-felina-anuncia-su-programacion-2025-con-funciones\" target=\"_blank\" rel=\"noopener noreferrer\" data-auth=\"NotApplicable\" data-linkindex=\"36\">Festival de Cine Felina anuncia su programaci\u00f3n 2025 con funciones gratuitas en el Maule. Se menciona la Universidad de Talca<\/a>\u00a0<\/div><div>\u00a0<\/div><div><b>ACTUALIDAD JUR\u00cdDICA<\/b>\u00a0<br \/><a id=\"OWA14169e2f-ee3a-990d-fe12-01a85ea44b28\" title=\"https:\/\/actualidadjuridica.doe.cl\/seminario-inteligencia-artificial-en-el-derecho-impacto-limites-y-oportunidades\/\" href=\"https:\/\/actualidadjuridica.doe.cl\/seminario-inteligencia-artificial-en-el-derecho-impacto-limites-y-oportunidades\/\" target=\"_blank\" rel=\"noopener noreferrer\" data-auth=\"NotApplicable\" data-linkindex=\"37\">Seminario \u201cInteligencia artificial en el Derecho: impacto, l\u00edmites y oportunidades\u201d. Se menciona la Universidad de Talca<\/a>\u00a0<\/div><div>\u00a0<\/div><div><b>RED<\/b>\u00a0<br \/><a id=\"OWA2b684618-0ee9-fca5-a44e-754060e8e98a\" title=\"https:\/\/www.red.cl\/red-comunica\/jovenes-innovadores-mtt-y-mastercard-premian-a-estudiantes-secundarios-que-disenaron-videojuego-para-red-movilidad\/\" href=\"https:\/\/www.red.cl\/red-comunica\/jovenes-innovadores-mtt-y-mastercard-premian-a-estudiantes-secundarios-que-disenaron-videojuego-para-red-movilidad\/\" target=\"_blank\" rel=\"noopener noreferrer\" data-auth=\"NotApplicable\" data-linkindex=\"38\">\u201cJ\u00f3venes Innovadores\u201d: MTT y Mastercard premian a estudiantes secundarios que dise\u00f1aron videojuego para Red Movilidad. Se menciona la Universidad de Talca<\/a>\u00a0<\/div><div>\u00a0<\/div><div><b>DIARIO EL CENTRO<\/b>\u00a0<br \/><a id=\"OWAc6a6e2d8-a8ce-f3c3-34f7-d2f680596287\" title=\"https:\/\/www.diarioelcentro.cl\/2025\/11\/19\/talca-recibe-montaje-existencialista-que-mezcla-ironia-crudeza-y-critica-social-con-funcion-gratuita\/\" href=\"https:\/\/www.diarioelcentro.cl\/2025\/11\/19\/talca-recibe-montaje-existencialista-que-mezcla-ironia-crudeza-y-critica-social-con-funcion-gratuita\/\" target=\"_blank\" rel=\"noopener noreferrer\" data-auth=\"NotApplicable\" data-linkindex=\"39\">Talca recibe montaje existencialista que mezcla iron\u00eda, crudeza y cr\u00edtica social con funci\u00f3n gratuita. Se menciona la Universidad de Talca.<\/a>\u00a0<\/div><div aria-hidden=\"true\">\u00a0<\/div><div>\u00a0<\/div><div id=\"x_Signature\">\u00a0<\/div>\t\t\t\t\t\t<\/div>\n\t\t\t\t<\/div>\n\t\t\t\t\t<\/div>\n\t\t<\/div>\n\t\t\t\t\t\t\t<\/div>\n\t\t<\/section>\n\t\t\t\t\t\t<\/div>\n\t\t\t\t\t<\/div>\n\t\t","protected":false},"excerpt":{"rendered":"<p>LA NOTICIA\u00a0Congreso mostrar\u00e1 innovaciones y tecnolog\u00edas exclusivas para adultos mayores. Se refiere Valeska Gatica, directora del Laboratorio de Control Motor Humano\u00a0\u00a0MAULE HOY\u00a0Congreso mostrar\u00e1 innovaciones y tecnolog\u00edas exclusivas para adultos mayores. Se refiere Valeska Gatica, directora del Laboratorio de Control Motor Humano.\u00a0\u00a0MEDIABANCO\u00a0Congreso mostrar\u00e1 innovaciones y tecnolog\u00edas exclusivas para adultos mayores. Se refiere Valeska Gatica, directora del &hellip;<\/p>\n<p class=\"read-more\"> <a class=\"\" href=\"https:\/\/www.reportedeprensa.utalca.cl\/?p=12925\"> <span class=\"screen-reader-text\">20 de noviembre 2025<\/span> Read More &raquo;<\/a><\/p>\n","protected":false},"author":1,"featured_media":0,"comment_status":"closed","ping_status":"open","sticky":false,"template":"","format":"standard","meta":{"_monsterinsights_skip_tracking":false,"_monsterinsights_sitenote_active":false,"_monsterinsights_sitenote_note":"","_monsterinsights_sitenote_category":0},"categories":[65],"tags":[],"_links":{"self":[{"href":"https:\/\/www.reportedeprensa.utalca.cl\/index.php?rest_route=\/wp\/v2\/posts\/12925"}],"collection":[{"href":"https:\/\/www.reportedeprensa.utalca.cl\/index.php?rest_route=\/wp\/v2\/posts"}],"about":[{"href":"https:\/\/www.reportedeprensa.utalca.cl\/index.php?rest_route=\/wp\/v2\/types\/post"}],"author":[{"embeddable":true,"href":"https:\/\/www.reportedeprensa.utalca.cl\/index.php?rest_route=\/wp\/v2\/users\/1"}],"replies":[{"embeddable":true,"href":"https:\/\/www.reportedeprensa.utalca.cl\/index.php?rest_route=%2Fwp%2Fv2%2Fcomments&post=12925"}],"version-history":[{"count":4,"href":"https:\/\/www.reportedeprensa.utalca.cl\/index.php?rest_route=\/wp\/v2\/posts\/12925\/revisions"}],"predecessor-version":[{"id":12929,"href":"https:\/\/www.reportedeprensa.utalca.cl\/index.php?rest_route=\/wp\/v2\/posts\/12925\/revisions\/12929"}],"wp:attachment":[{"href":"https:\/\/www.reportedeprensa.utalca.cl\/index.php?rest_route=%2Fwp%2Fv2%2Fmedia&parent=12925"}],"wp:term":[{"taxonomy":"category","embeddable":true,"href":"https:\/\/www.reportedeprensa.utalca.cl\/index.php?rest_route=%2Fwp%2Fv2%2Fcategories&post=12925"},{"taxonomy":"post_tag","embeddable":true,"href":"https:\/\/www.reportedeprensa.utalca.cl\/index.php?rest_route=%2Fwp%2Fv2%2Ftags&post=12925"}],"curies":[{"name":"wp","href":"https:\/\/api.w.org\/{rel}","templated":true}]}}