{"id":12936,"date":"2025-11-24T10:31:06","date_gmt":"2025-11-24T13:31:06","guid":{"rendered":"https:\/\/www.reportedeprensa.utalca.cl\/?p=12936"},"modified":"2025-11-24T10:31:32","modified_gmt":"2025-11-24T13:31:32","slug":"21-de-noviembre-2025","status":"publish","type":"post","link":"https:\/\/www.reportedeprensa.utalca.cl\/?p=12936","title":{"rendered":"21 de noviembre 2025"},"content":{"rendered":"\t\t<div data-elementor-type=\"wp-post\" data-elementor-id=\"12936\" class=\"elementor elementor-12936\" data-elementor-settings=\"[]\">\n\t\t\t\t\t\t\t<div class=\"elementor-section-wrap\">\n\t\t\t\t\t\t\t<section class=\"elementor-section elementor-top-section elementor-element elementor-element-bcea1a8 elementor-section-boxed elementor-section-height-default elementor-section-height-default\" data-id=\"bcea1a8\" data-element_type=\"section\">\n\t\t\t\t\t\t<div class=\"elementor-container elementor-column-gap-default\">\n\t\t\t\t\t<div class=\"elementor-column elementor-col-100 elementor-top-column elementor-element elementor-element-e7183bf\" data-id=\"e7183bf\" data-element_type=\"column\">\n\t\t\t<div class=\"elementor-widget-wrap elementor-element-populated\">\n\t\t\t\t\t\t\t\t<div class=\"elementor-element elementor-element-52ae646 elementor-widget elementor-widget-text-editor\" data-id=\"52ae646\" data-element_type=\"widget\" data-widget_type=\"text-editor.default\">\n\t\t\t\t<div class=\"elementor-widget-container\">\n\t\t\t\t\t\t\t\t<div><b data-olk-copy-source=\"MessageBody\">COOPERATIVA CIENCIA<\/b>\u00a0<br \/><a id=\"OWA175ec1a4-c541-a38d-1264-d5a9f4d6d0a4\" title=\"https:\/\/www.cooperativaciencia.cl\/tecnologia\/2025\/11\/20\/curico-la-ciudad-como-un-museo-la-nueva-app-que-digitaliza-el-patrimonio-urbano-del-maule\/\" href=\"https:\/\/www.cooperativaciencia.cl\/tecnologia\/2025\/11\/20\/curico-la-ciudad-como-un-museo-la-nueva-app-que-digitaliza-el-patrimonio-urbano-del-maule\/\" target=\"_blank\" rel=\"noopener noreferrer\" data-auth=\"NotApplicable\" data-linkindex=\"0\">\u00abCuric\u00f3: La ciudad como un museo\u00bb: La nueva app que digitaliza el patrimonio urbano del Maule. Se refiere V\u00edctor Letelier, director de la Escuela de Arquitectura y Jos\u00e9 Luis Uribe, director de Creaci\u00f3n.<\/a>\u00a0<\/div><div>\u00a0<\/div><div><b>EL LECTOR<\/b>\u00a0<br \/><a id=\"OWA0e7cfed4-93c0-c90c-d5ea-5507b731fdc5\" title=\"https:\/\/www.litoralpress.cl\/paginaconsultas\/Servicios_NClipWeb\/Get_Imagen_Nota.aspx?LPKey=H5Y5XG5HOENGUIKMZQU4GJTP6AAOQEYPPETFPJE2UXKKHL3T4TVD5TEMCE3ARX3BOP77E4VI5XENO\" href=\"https:\/\/www.litoralpress.cl\/paginaconsultas\/Servicios_NClipWeb\/Get_Imagen_Nota.aspx?LPKey=H5Y5XG5HOENGUIKMZQU4GJTP6AAOQEYPPETFPJE2UXKKHL3T4TVD5TEMCE3ARX3BOP77E4VI5XENO\" target=\"_blank\" rel=\"noopener noreferrer\" data-auth=\"NotApplicable\" data-linkindex=\"1\">Lanzan aplicaci\u00f3n digital para redescubrir el patrimonio urbano de Curic\u00f3. Se refiere V\u00edctor Letelier, director de la Escuela de Arquitectura y Jos\u00e9 Luis Uribe, director de Creaci\u00f3n.<\/a>\u00a0<\/div><div>\u00a0<\/div><div><b>EL MAULE INFORMA<\/b>\u00a0<br \/><a id=\"OWAf1fb7b61-517a-f285-a7b1-0446af6b885d\" title=\"https:\/\/elmauleinforma.cl\/lanzan-app-que-invita-a-redescubrir-el-patrimonio-urbano-de-curico\/\" href=\"https:\/\/elmauleinforma.cl\/lanzan-app-que-invita-a-redescubrir-el-patrimonio-urbano-de-curico\/\" target=\"_blank\" rel=\"noopener noreferrer\" data-auth=\"NotApplicable\" data-linkindex=\"2\">Lanzan app que invita a redescubrir el patrimonio urbano de Curic\u00f3. Se refiere V\u00edctor Letelier, director de la Escuela de Arquitectura y Jos\u00e9 Luis Uribe, director de Creaci\u00f3n.<\/a>\u00a0<\/div><div>\u00a0<\/div><div><b>RADIO FM M\u00c1S<\/b>\u00a0<br \/><a id=\"OWA0a34f40b-4218-483f-0982-7678942c266c\" title=\"https:\/\/radiofmmas.cl\/lanzan-app-que-invita-a-redescubrir-el-patrimonio-urbano-de-curico\/\" href=\"https:\/\/radiofmmas.cl\/lanzan-app-que-invita-a-redescubrir-el-patrimonio-urbano-de-curico\/\" target=\"_blank\" rel=\"noopener noreferrer\" data-auth=\"NotApplicable\" data-linkindex=\"3\">Lanzan app que invita a redescubrir el patrimonio urbano de Curic\u00f3. Se refiere V\u00edctor Letelier, director de la Escuela de Arquitectura y Jos\u00e9 Luis Uribe, director de Creaci\u00f3n.<\/a>\u00a0<\/div><div>\u00a0<\/div><div><b>DIARIO CURIC\u00d3<\/b>\u00a0<br \/><a id=\"OWA0d54d1b1-d03e-eef9-0909-7f39f4c173e0\" title=\"https:\/\/diariocurico.cl\/lanzan-aplicacion-digital-para-redescubrir-el-patrimonio-urbano-de-curico\/\" href=\"https:\/\/diariocurico.cl\/lanzan-aplicacion-digital-para-redescubrir-el-patrimonio-urbano-de-curico\/\" target=\"_blank\" rel=\"noopener noreferrer\" data-auth=\"NotApplicable\" data-linkindex=\"4\">Lanzan aplicaci\u00f3n digital para redescubrir el patrimonio urbano de Curic\u00f3. Se refiere V\u00edctor Letelier, director de la Escuela de Arquitectura y Jos\u00e9 Luis Uribe, director de Creaci\u00f3n.<\/a>\u00a0<\/div><div>\u00a0<\/div><div><b>PORTAL EDUCA<\/b>\u00a0<br \/><a id=\"OWA1a39036b-7f31-b4d0-e32f-1b73011b5190\" title=\"https:\/\/portaleduca.cl\/derrumbar-neuromitos-y-fortalecer-formacion-de-docentes-reflexiones-de-expertos-en-ciencia-del-aprendizaje\/\" href=\"https:\/\/portaleduca.cl\/derrumbar-neuromitos-y-fortalecer-formacion-de-docentes-reflexiones-de-expertos-en-ciencia-del-aprendizaje\/\" target=\"_blank\" rel=\"noopener noreferrer\" data-auth=\"NotApplicable\" data-linkindex=\"5\">Derrumbar neuromitos y fortalecer formaci\u00f3n de docentes: Reflexiones de expertos en ciencia del aprendizaje. Se refiere Carlos Torres Fuchslocher, rector y Roberto Ferreira, acad\u00e9mico de la Facultad de Ciencias.<\/a>\u00a0\u00a0<\/div><div>\u00a0<\/div><div><b>MEDIABANCO<\/b>\u00a0<br \/><a id=\"OWAbb5921aa-9054-dee0-d4f3-d39ed2ad5580\" title=\"https:\/\/www.mediabanco.com\/analizan-los-desafios-de-la-banca-publica-en-chile\/\" href=\"https:\/\/www.mediabanco.com\/analizan-los-desafios-de-la-banca-publica-en-chile\/\" target=\"_blank\" rel=\"noopener noreferrer\" data-auth=\"NotApplicable\" data-linkindex=\"6\">Analizan los desaf\u00edos de la banca p\u00fablica en Chile. Se refiere Arcadio Cerda, decano de la Facultad de Econom\u00eda y Negocios.<\/a>\u00a0<\/div><div>\u00a0<\/div><div><b>RADIO ALLEN<\/b>\u00a0<br \/><a id=\"OWA11711b96-2904-3410-c880-b7fb833289d0\" title=\"https:\/\/radioallen.cl\/economia-analizan-los-desafios-de-la-banca-publica-en-chile\/\" href=\"https:\/\/radioallen.cl\/economia-analizan-los-desafios-de-la-banca-publica-en-chile\/\" target=\"_blank\" rel=\"noopener noreferrer\" data-auth=\"NotApplicable\" data-linkindex=\"7\">Econom\u00eda: Analizan los desaf\u00edos de la banca p\u00fablica en Chile. Se refiere Arcadio Cerda, decano de la Facultad de Econom\u00eda y Negocios.<\/a>\u00a0<\/div><div>\u00a0<\/div><div><b>RADIO FM M\u00c1S<\/b>\u00a0<br \/><a id=\"OWA2d5e16ec-f9ab-19cb-4246-34e8df1282fc\" title=\"https:\/\/radiofmmas.cl\/analizan-los-desafios-de-la-banca-publica-en-chile\/\" href=\"https:\/\/radiofmmas.cl\/analizan-los-desafios-de-la-banca-publica-en-chile\/\" target=\"_blank\" rel=\"noopener noreferrer\" data-auth=\"NotApplicable\" data-linkindex=\"8\">En la UTALCA analizan los desaf\u00edos de la banca p\u00fablica en Chile. Se refiere Arcadio Cerda, decano de la Facultad de Econom\u00eda y Negocios<\/a>\u00a0\u00a0<\/div><div>\u00a0<\/div><div><b>EL PAIS<\/b>\u00a0<br \/><a id=\"OWA0b6811cf-b60e-9007-8018-e536666d418d\" title=\"https:\/\/elpais.com\/chile\/2025-11-20\/los-resultados-de-la-eleccion-parlamentaria-dejan-a-13-partidos-fuera-del-ecosistema-politico-chileno.html\" href=\"https:\/\/elpais.com\/chile\/2025-11-20\/los-resultados-de-la-eleccion-parlamentaria-dejan-a-13-partidos-fuera-del-ecosistema-politico-chileno.html\" target=\"_blank\" rel=\"noopener noreferrer\" data-auth=\"NotApplicable\" data-linkindex=\"9\">Los resultados de la elecci\u00f3n parlamentaria dejan a 13 partidos fuera del ecosistema pol\u00edtico chileno. Se refiere Mauricio Morales Quiroga, director del Centro de An\u00e1lisis Pol\u00edtico (CAP).\u202f<\/a>\u00a0<\/div><div>\u00a0<\/div><div><b>RADIO BIOB\u00cdO<\/b>\u00a0<br \/><a id=\"OWAcb3efc9e-1f67-7257-d142-b64b1a242722\" title=\"https:\/\/www.litoralpress.cl\/sitio\/RadioTV_Detalles.cshtml?LPKey=5KELN2V4ZGMVVMXES65GEAL7F4EJE4667KESH7CSWXJ7RWO6BGXFCU4E76C3B2LSLWZXKGFTAXNEQ\" href=\"https:\/\/www.litoralpress.cl\/sitio\/RadioTV_Detalles.cshtml?LPKey=5KELN2V4ZGMVVMXES65GEAL7F4EJE4667KESH7CSWXJ7RWO6BGXFCU4E76C3B2LSLWZXKGFTAXNEQ\" target=\"_blank\" rel=\"noopener noreferrer\" data-auth=\"NotApplicable\" data-linkindex=\"10\">Jeannette Jara suma al comando a Carlos Ominami y adopta propuestas de excandidatos. Se refiere Mario Herrera Mu\u00f1oz, acad\u00e9mico del Centro de An\u00e1lisis Pol\u00edtico (CAP-UTalca)<\/a>\u00a0<\/div><div>\u00a0<\/div><div><b>RADIO BIOB\u00cdO<\/b>\u00a0<br \/><a id=\"OWAccfa3496-7214-cd10-244c-5a745737bc5d\" title=\"https:\/\/www.biobiochile.cl\/noticias\/nacional\/chile\/2025\/11\/20\/jeannette-jara-suma-al-comando-a-carlos-ominami-y-adopta-propuestas-de-excandidatos.shtml\" href=\"https:\/\/www.biobiochile.cl\/noticias\/nacional\/chile\/2025\/11\/20\/jeannette-jara-suma-al-comando-a-carlos-ominami-y-adopta-propuestas-de-excandidatos.shtml\" target=\"_blank\" rel=\"noopener noreferrer\" data-auth=\"NotApplicable\" data-linkindex=\"11\">Jeannette Jara suma al comando a Carlos Ominami y adopta propuestas de excandidatos. Se refiere Mario Herrera Mu\u00f1oz, acad\u00e9mico del Centro de An\u00e1lisis Pol\u00edtico (CAP-UTalca)<\/a>\u00a0<\/div><div>\u00a0<\/div><div><b>MSN CHILE<\/b>\u00a0<br \/><a id=\"OWA3db7c853-8b89-ef04-03ed-a5c6e2d4d3f3\" title=\"https:\/\/www.msn.com\/es-cl\/noticias\/other\/los-resultados-de-la-elecci%C3%B3n-parlamentaria-dejan-a-13-partidos-fuera-del-ecosistema-pol%C3%ADtico-chileno\/ar-AA1QN0n3\" href=\"https:\/\/www.msn.com\/es-cl\/noticias\/other\/los-resultados-de-la-elecci%C3%B3n-parlamentaria-dejan-a-13-partidos-fuera-del-ecosistema-pol%C3%ADtico-chileno\/ar-AA1QN0n3\" target=\"_blank\" rel=\"noopener noreferrer\" data-auth=\"NotApplicable\" data-linkindex=\"12\">Jeannette Jara suma al comando a Carlos Ominami y adopta propuestas de excandidato. Se refiere Mario Herrera Mu\u00f1oz, acad\u00e9mico del Centro de An\u00e1lisis Pol\u00edtico (CAP-UTalca)<\/a>\u00a0<\/div><div>\u00a0<\/div><div><b>MSN CHILE<\/b>\u00a0<br \/><a id=\"OWA10126aab-74a2-50b4-e5f0-9d3af49225a9\" title=\"https:\/\/www.msn.com\/es-cl\/noticias\/other\/los-resultados-de-la-elecci%C3%B3n-parlamentaria-dejan-a-13-partidos-fuera-del-ecosistema-pol%C3%ADtico-chileno\/ar-AA1QN0n3\" href=\"https:\/\/www.msn.com\/es-cl\/noticias\/other\/los-resultados-de-la-elecci%C3%B3n-parlamentaria-dejan-a-13-partidos-fuera-del-ecosistema-pol%C3%ADtico-chileno\/ar-AA1QN0n3\" target=\"_blank\" rel=\"noopener noreferrer\" data-auth=\"NotApplicable\" data-linkindex=\"13\">Los resultados de la elecci\u00f3n parlamentaria dejan a 13 partidos fuera del ecosistema pol\u00edtico chileno. Se refiere Mauricio Morales Quiroga, director del Centro de An\u00e1lisis Pol\u00edtico (CAP).\u202f<\/a>\u00a0<\/div><div>\u00a0<\/div><div><b>RADIO BIOB\u00cdO<\/b>\u00a0<br \/><a id=\"OWAeba51bf9-dc74-2421-1eec-2ea4e1854934\" title=\"https:\/\/www.biobiochile.cl\/biobiotv\/programas\/radiograma-biobiotv\/2025\/11\/20\/avanza-tactica-trazada-por-jara-de-cara-al-balotaje-suma-fichajes-y-medidas-de-otros-candidatos.shtml\" href=\"https:\/\/www.biobiochile.cl\/biobiotv\/programas\/radiograma-biobiotv\/2025\/11\/20\/avanza-tactica-trazada-por-jara-de-cara-al-balotaje-suma-fichajes-y-medidas-de-otros-candidatos.shtml\" target=\"_blank\" rel=\"noopener noreferrer\" data-auth=\"NotApplicable\" data-linkindex=\"14\">Avanza t\u00e1ctica trazada por Jara de cara al balotaje: suma fichajes y medidas de otros candidatos. Se refiere Mario Herrera Mu\u00f1oz, acad\u00e9mico del Centro de An\u00e1lisis Pol\u00edtico (CAP-UTalca)<\/a>\u00a0<\/div><div>\u00a0<\/div><div><b>EL DIARIO DE SANTIAGO<\/b>\u00a0<br \/><a id=\"OWAeb791960-988b-3b4d-f595-2bd15b7d602e\" title=\"https:\/\/eldiariodesantiago.cl\/2025\/11\/20\/segunda-vuelta-tensa-y-competitiva-expertos-anticipan-mas-votos-nulos-y-blancos-en-el-balotaje\/\" href=\"https:\/\/eldiariodesantiago.cl\/2025\/11\/20\/segunda-vuelta-tensa-y-competitiva-expertos-anticipan-mas-votos-nulos-y-blancos-en-el-balotaje\/\" target=\"_blank\" rel=\"noopener noreferrer\" data-auth=\"NotApplicable\" data-linkindex=\"15\">&#8216;Tensa&#8217;, &#8216;competitiva&#8217; y con &#8216;m\u00e1s nulos o blancos&#8217;: C\u00f3mo se proyecta la campa\u00f1a y votaci\u00f3n de cara a la segunda vuelta. Se refiere Mario Herrera Mu\u00f1oz, acad\u00e9mico del Centro de An\u00e1lisis Pol\u00edtico (CAP-UTalca)<\/a>\u00a0<\/div><div>\u00a0<\/div><div><b>EMOL<\/b>\u00a0<br \/><a id=\"OWAaddaba0f-e77a-beac-4c54-a52e03d97986\" title=\"https:\/\/www.emol.com\/noticias\/Nacional\/2025\/11\/20\/1183574\/campana-segunda-vuelta-jara-kast.html\" href=\"https:\/\/www.emol.com\/noticias\/Nacional\/2025\/11\/20\/1183574\/campana-segunda-vuelta-jara-kast.html\" target=\"_blank\" rel=\"noopener noreferrer\" data-auth=\"NotApplicable\" data-linkindex=\"16\">&#8216;Tensa&#8217;, &#8216;competitiva&#8217; y con &#8216;m\u00e1s nulos o blancos&#8217;: C\u00f3mo se proyecta la campa\u00f1a y votaci\u00f3n de cara a la segunda vuelta. Se refiere Mario Herrera Mu\u00f1oz, acad\u00e9mico del Centro de An\u00e1lisis Pol\u00edtico (CAP-UTalca).<\/a>\u00a0\u00a0<\/div><div>\u00a0<\/div><div><b>LINARES EN L\u00cdNEA<\/b>\u00a0<br \/><a id=\"OWAbe9474d0-222f-3642-ba6d-91574f4156da\" title=\"https:\/\/www.linaresenlinea.cl\/2025\/11\/19\/linares-vibrara-con-mas-de-cien-jovenes-musicos-en-el-gran-encuentro-de-viento-y-percusion-margot-loyola-palacio\/\" href=\"https:\/\/www.linaresenlinea.cl\/2025\/11\/19\/linares-vibrara-con-mas-de-cien-jovenes-musicos-en-el-gran-encuentro-de-viento-y-percusion-margot-loyola-palacio\/\" target=\"_blank\" rel=\"noopener noreferrer\" data-auth=\"NotApplicable\" data-linkindex=\"17\">Linares vibrar\u00e1 con m\u00e1s de cien j\u00f3venes m\u00fasicos en el gran Encuentro de Viento y Percusi\u00f3n Margot Loyola Palacio. Se menciona la Universidad de Talca.<\/a>\u00a0<\/div><div>\u00a0<\/div><div><b>MAULE HOY\u00a0<\/b><br \/><a id=\"OWA7ba04899-a3eb-755e-1c80-bfbe61834804\" title=\"https:\/\/www.litoralpress.cl\/paginaconsultas\/Servicios_NClipWeb\/Get_Imagen_Nota.aspx?LPKey=MQUQDGBAKXUYDH67IDTP4FAU6PFMYDUY3I3CHBNJYXX27VKW5UXNRUJ2TFFCMHJ5GFJ6GRX5KMD4I\" href=\"https:\/\/www.litoralpress.cl\/paginaconsultas\/Servicios_NClipWeb\/Get_Imagen_Nota.aspx?LPKey=MQUQDGBAKXUYDH67IDTP4FAU6PFMYDUY3I3CHBNJYXX27VKW5UXNRUJ2TFFCMHJ5GFJ6GRX5KMD4I\" target=\"_blank\" rel=\"noopener noreferrer\" data-auth=\"NotApplicable\" data-linkindex=\"18\">Destacado estudio chileno GT2P comparti\u00f3 su experiencia creativa en la UTalca. Se refiere Jos\u00e9 Luis Uribe, director de Creaci\u00f3n.<\/a>\u00a0<\/div><div aria-hidden=\"true\">\u00a0<\/div><div><b>LA PRENSA DE CURIC\u00d3<\/b>\u00a0<br \/><a id=\"OWA7c0fef32-c5a0-4891-3516-b6b411fea7c9\" title=\"https:\/\/www.litoralpress.cl\/paginaconsultas\/Servicios_NClipWeb\/Get_Imagen_Nota.aspx?LPKey=MLTO26GWUFYQWWP4GMJXMFGNTM5UAPELE3XY5YRHRHIWXHIO5BE7OXBZXKDUIINQM24YTK6DBBUKK\" href=\"https:\/\/www.litoralpress.cl\/paginaconsultas\/Servicios_NClipWeb\/Get_Imagen_Nota.aspx?LPKey=MLTO26GWUFYQWWP4GMJXMFGNTM5UAPELE3XY5YRHRHIWXHIO5BE7OXBZXKDUIINQM24YTK6DBBUKK\" target=\"_blank\" rel=\"noopener noreferrer\" data-auth=\"NotApplicable\" data-linkindex=\"19\">Sucede. Se menciona la Universidad de Talca.<\/a>\u00a0<\/div><div>\u00a0<\/div><div><b>PUBLIMICRO<\/b>\u00a0<br \/><a id=\"OWAd83245a5-f755-b84d-cc8b-20652e523f78\" title=\"https:\/\/publimicro.cl\/festival-de-cine-felina-2025-una-celebracion-del-cine-chileno-en-el-maule\/\" href=\"https:\/\/publimicro.cl\/festival-de-cine-felina-2025-una-celebracion-del-cine-chileno-en-el-maule\/\" target=\"_blank\" rel=\"noopener noreferrer\" data-auth=\"NotApplicable\" data-linkindex=\"20\">Festival de Cine Felina 2025: Una celebraci\u00f3n del Cine chileno en el Maule. Se menciona la Universidad de Talca.<\/a>\u00a0\u00a0<\/div><div>\u00a0<\/div><div><b>GU\u00cdA CHILE ENERG\u00cdA<\/b>\u00a0<br \/><a id=\"OWA85b456b3-2434-d0cd-8eab-a84afa51efec\" title=\"https:\/\/www.guiachileenergia.cl\/gobierno-solicito-renuncia-del-director-de-la-comision-chilena-de-energia-nuclear\/\" href=\"https:\/\/www.guiachileenergia.cl\/gobierno-solicito-renuncia-del-director-de-la-comision-chilena-de-energia-nuclear\/\" target=\"_blank\" rel=\"noopener noreferrer\" data-auth=\"NotApplicable\" data-linkindex=\"21\">Gobierno solicit\u00f3 renuncia del director de la Comisi\u00f3n Chilena de Energ\u00eda Nuclear. Se menciona la Universidad de Talca.<\/a>\u00a0<\/div><div>\u00a0<\/div><div><b>EL CONTENIDO<\/b>\u00a0<br \/><a id=\"OWA949e51ea-3213-d842-6844-823377c639c9\" title=\"https:\/\/elcontenido.news\/2025\/nacional\/el-curriculum-oculto-una-perspectiva-sobre-la-construccion-a-traves-de-la-negacion\/\" href=\"https:\/\/elcontenido.news\/2025\/nacional\/el-curriculum-oculto-una-perspectiva-sobre-la-construccion-a-traves-de-la-negacion\/\" target=\"_blank\" rel=\"noopener noreferrer\" data-auth=\"NotApplicable\" data-linkindex=\"22\">El curr\u00edculum oculto: una perspectiva sobre la construcci\u00f3n a trav\u00e9s de la negaci\u00f3n. Se menciona la Universidad de Talca.<\/a>\u00a0<\/div><div>\u00a0<\/div><div><b>PONTIFICIA UNIVERSIDAD CAT\u00d3LICA<\/b>\u00a0<br \/><a id=\"OWAa2f0e6bc-4f5f-3123-f592-f28c1723261e\" title=\"https:\/\/www.uc.cl\/noticias\/desde-innovacion-vitivinicola-a-computacion-cuantica-uc-se-adjudica-18-fondos-anid\/\" href=\"https:\/\/www.uc.cl\/noticias\/desde-innovacion-vitivinicola-a-computacion-cuantica-uc-se-adjudica-18-fondos-anid\/\" target=\"_blank\" rel=\"noopener noreferrer\" data-auth=\"NotApplicable\" data-linkindex=\"23\">Desde innovaci\u00f3n vitivin\u00edcola a computaci\u00f3n cu\u00e1ntica: UC se adjudica 18 fondos ANID. Se menciona la Universidad de Talca.<\/a>\u00a0<\/div><div>\u00a0<\/div><div><b>PUENTA ALTO AL D\u00cdA<\/b>\u00a0<br \/><a id=\"OWA78d80743-878a-9ba9-6565-3ea498b78e27\" title=\"https:\/\/puentealtoaldia.com\/liceo-chiloe-realizo-sus-primeras-olimpiadas-en-el-estadio-municipal-de-puente-alto\/\" href=\"https:\/\/puentealtoaldia.com\/liceo-chiloe-realizo-sus-primeras-olimpiadas-en-el-estadio-municipal-de-puente-alto\/\" target=\"_blank\" rel=\"noopener noreferrer\" data-auth=\"NotApplicable\" data-linkindex=\"24\">Liceo Chilo\u00e9 realiz\u00f3 sus primeras Olimpiadas en el Estadio Municipal de Puente Alto. Se menciona la Universidad de Talca.<\/a>\u00a0<\/div><div>\u00a0<\/div><div><b>RADIO FM M\u00c1S<\/b>\u00a0<br \/><a id=\"OWA7497dc56-f73c-340a-b612-6a64a2e04e90\" title=\"https:\/\/radiofmmas.cl\/hallan-urna-electoral-del-servel-abandonada-en-canal-de-avenida-san-miguel-en-talca-a-cuatro-dias-de-las-elecciones\/\" href=\"https:\/\/radiofmmas.cl\/hallan-urna-electoral-del-servel-abandonada-en-canal-de-avenida-san-miguel-en-talca-a-cuatro-dias-de-las-elecciones\/\" target=\"_blank\" rel=\"noopener noreferrer\" data-auth=\"NotApplicable\" data-linkindex=\"25\">Hallan urna electoral del SERVEL abandonada en canal de avenida San Miguel en Talca a cuatro d\u00edas de las elecciones. Se menciona la Universidad de Talca.<\/a>\u00a0<\/div><div>\u00a0<\/div><div><b>SANTO TOM\u00c1S EN L\u00cdNEA<\/b>\u00a0<br \/><a id=\"OWA920484d8-baef-679e-4269-0748f89ff4aa\" title=\"https:\/\/enlinea.santotomas.cl\/actualidad-institucional\/mundo-academico\/encuentro-en-ust-talca-convoco-a-expertos-de-utalca-ucm-y-la-universidad-autonoma-para-analizar-el-impacto-juridico-de-la-inteligencia-artificial\/330511\/\" href=\"https:\/\/enlinea.santotomas.cl\/actualidad-institucional\/mundo-academico\/encuentro-en-ust-talca-convoco-a-expertos-de-utalca-ucm-y-la-universidad-autonoma-para-analizar-el-impacto-juridico-de-la-inteligencia-artificial\/330511\/\" target=\"_blank\" rel=\"noopener noreferrer\" data-auth=\"NotApplicable\" data-linkindex=\"26\">Encuentro en UST Talca convoc\u00f3 a expertos de UTalca, UCM y la Universidad Aut\u00f3noma para analizar el impacto jur\u00eddico de la Inteligencia Artificial<\/a>\u00a0<\/div>\t\t\t\t\t\t<\/div>\n\t\t\t\t<\/div>\n\t\t\t\t\t<\/div>\n\t\t<\/div>\n\t\t\t\t\t\t\t<\/div>\n\t\t<\/section>\n\t\t\t\t\t\t<\/div>\n\t\t\t\t\t<\/div>\n\t\t","protected":false},"excerpt":{"rendered":"<p>COOPERATIVA CIENCIA\u00a0\u00abCuric\u00f3: La ciudad como un museo\u00bb: La nueva app que digitaliza el patrimonio urbano del Maule. Se refiere V\u00edctor Letelier, director de la Escuela de Arquitectura y Jos\u00e9 Luis Uribe, director de Creaci\u00f3n.\u00a0\u00a0EL LECTOR\u00a0Lanzan aplicaci\u00f3n digital para redescubrir el patrimonio urbano de Curic\u00f3. Se refiere V\u00edctor Letelier, director de la Escuela de Arquitectura y &hellip;<\/p>\n<p class=\"read-more\"> <a class=\"\" href=\"https:\/\/www.reportedeprensa.utalca.cl\/?p=12936\"> <span class=\"screen-reader-text\">21 de noviembre 2025<\/span> Read More &raquo;<\/a><\/p>\n","protected":false},"author":1,"featured_media":0,"comment_status":"closed","ping_status":"open","sticky":false,"template":"","format":"standard","meta":{"_monsterinsights_skip_tracking":false,"_monsterinsights_sitenote_active":false,"_monsterinsights_sitenote_note":"","_monsterinsights_sitenote_category":0},"categories":[65],"tags":[],"_links":{"self":[{"href":"https:\/\/www.reportedeprensa.utalca.cl\/index.php?rest_route=\/wp\/v2\/posts\/12936"}],"collection":[{"href":"https:\/\/www.reportedeprensa.utalca.cl\/index.php?rest_route=\/wp\/v2\/posts"}],"about":[{"href":"https:\/\/www.reportedeprensa.utalca.cl\/index.php?rest_route=\/wp\/v2\/types\/post"}],"author":[{"embeddable":true,"href":"https:\/\/www.reportedeprensa.utalca.cl\/index.php?rest_route=\/wp\/v2\/users\/1"}],"replies":[{"embeddable":true,"href":"https:\/\/www.reportedeprensa.utalca.cl\/index.php?rest_route=%2Fwp%2Fv2%2Fcomments&post=12936"}],"version-history":[{"count":4,"href":"https:\/\/www.reportedeprensa.utalca.cl\/index.php?rest_route=\/wp\/v2\/posts\/12936\/revisions"}],"predecessor-version":[{"id":12940,"href":"https:\/\/www.reportedeprensa.utalca.cl\/index.php?rest_route=\/wp\/v2\/posts\/12936\/revisions\/12940"}],"wp:attachment":[{"href":"https:\/\/www.reportedeprensa.utalca.cl\/index.php?rest_route=%2Fwp%2Fv2%2Fmedia&parent=12936"}],"wp:term":[{"taxonomy":"category","embeddable":true,"href":"https:\/\/www.reportedeprensa.utalca.cl\/index.php?rest_route=%2Fwp%2Fv2%2Fcategories&post=12936"},{"taxonomy":"post_tag","embeddable":true,"href":"https:\/\/www.reportedeprensa.utalca.cl\/index.php?rest_route=%2Fwp%2Fv2%2Ftags&post=12936"}],"curies":[{"name":"wp","href":"https:\/\/api.w.org\/{rel}","templated":true}]}}