{"id":12941,"date":"2025-11-25T15:09:03","date_gmt":"2025-11-25T18:09:03","guid":{"rendered":"https:\/\/www.reportedeprensa.utalca.cl\/?p=12941"},"modified":"2025-11-25T15:10:37","modified_gmt":"2025-11-25T18:10:37","slug":"25-de-noviembre-2025","status":"publish","type":"post","link":"https:\/\/www.reportedeprensa.utalca.cl\/?p=12941","title":{"rendered":"25 de noviembre 2025"},"content":{"rendered":"\t\t<div data-elementor-type=\"wp-post\" data-elementor-id=\"12941\" class=\"elementor elementor-12941\" data-elementor-settings=\"[]\">\n\t\t\t\t\t\t\t<div class=\"elementor-section-wrap\">\n\t\t\t\t\t\t\t<section class=\"elementor-section elementor-top-section elementor-element elementor-element-bcea1a8 elementor-section-boxed elementor-section-height-default elementor-section-height-default\" data-id=\"bcea1a8\" data-element_type=\"section\">\n\t\t\t\t\t\t<div class=\"elementor-container elementor-column-gap-default\">\n\t\t\t\t\t<div class=\"elementor-column elementor-col-100 elementor-top-column elementor-element elementor-element-e7183bf\" data-id=\"e7183bf\" data-element_type=\"column\">\n\t\t\t<div class=\"elementor-widget-wrap elementor-element-populated\">\n\t\t\t\t\t\t\t\t<div class=\"elementor-element elementor-element-52ae646 elementor-widget elementor-widget-text-editor\" data-id=\"52ae646\" data-element_type=\"widget\" data-widget_type=\"text-editor.default\">\n\t\t\t\t<div class=\"elementor-widget-container\">\n\t\t\t\t\t\t\t\t<div><b data-olk-copy-source=\"MessageBody\">G5 NOTICIA<\/b>\u00a0<br \/><a id=\"OWAc9c66d22-9756-d5d9-a08d-cb362a2a53a5\" title=\"https:\/\/g5noticias.cl\/2025\/11\/24\/derrumbar-neuromitos-y-fortalecer-formacion-de-docentes-reflexiones-de-expertos-en-ciencia-del-aprendizaje\/\" href=\"https:\/\/g5noticias.cl\/2025\/11\/24\/derrumbar-neuromitos-y-fortalecer-formacion-de-docentes-reflexiones-de-expertos-en-ciencia-del-aprendizaje\/\" target=\"_blank\" rel=\"noopener noreferrer\" data-auth=\"NotApplicable\" data-linkindex=\"0\">Derrumbar neuromitos y fortalecer formaci\u00f3n de docentes: Reflexiones de expertos en ciencia del aprendizaje. Se refiere Carlos Torres Fuchslocher y Roberto Ferreira, acad\u00e9mico de la Facultad de Ciencias de la Educaci\u00f3n<\/a>\u00a0<\/div><div>\u00a0<\/div><div><b>EL MOSTRADOR<\/b>\u00a0<br \/><a id=\"OWA21e4710b-86f0-3f93-1cd5-a2fcc4c664b8\" title=\"https:\/\/www.elmostrador.cl\/agenda-pais\/agenda-sustentable\/2025\/11\/24\/investigadores-chilenos-en-cop30-presentan-proyecto-para-recuperar-suelos-degradados\/\" href=\"https:\/\/www.elmostrador.cl\/agenda-pais\/agenda-sustentable\/2025\/11\/24\/investigadores-chilenos-en-cop30-presentan-proyecto-para-recuperar-suelos-degradados\/\" target=\"_blank\" rel=\"noopener noreferrer\" data-auth=\"NotApplicable\" data-linkindex=\"1\">Investigadores chilenos en COP30 presentan proyecto para recuperar suelos degradados. Se refiere Mar\u00eda Elisa quinteros, directora de Relaciones Internacionales y Andrea Barrera Valenzuela, acad\u00e9mica de la Facultad de Ciencias de la Salud.<\/a>\u00a0<\/div><div>\u00a0<\/div><div><b>LA ESTRELLA DE ARICA<\/b>\u00a0<br \/><a id=\"OWA33b91193-4870-e391-5522-546d6a94c6d5\" title=\"https:\/\/www.litoralpress.cl\/paginaconsultas\/Servicios_NClipWeb\/Get_Imagen_Nota.aspx?LPKey=OS6X4C6D7Z7GBOMBNSDSCJURH4HCO4JLXAGHXK3MUMLOOKSCH6UJOGZWDAPGKP3AMTHYDMFLYKXAM\" href=\"https:\/\/www.litoralpress.cl\/paginaconsultas\/Servicios_NClipWeb\/Get_Imagen_Nota.aspx?LPKey=OS6X4C6D7Z7GBOMBNSDSCJURH4HCO4JLXAGHXK3MUMLOOKSCH6UJOGZWDAPGKP3AMTHYDMFLYKXAM\" target=\"_blank\" rel=\"noopener noreferrer\" data-auth=\"NotApplicable\" data-linkindex=\"2\">Hallan y cultivan organismos que recuperan los suelos degradados. Se refiere Andrea Barrera Valenzuela, acad\u00e9mica de la Facultad de Ciencias de la Salud.<\/a>\u00a0<\/div><div>\u00a0<\/div><div><b>SUSTENTABLE<\/b>\u00a0<br \/><a id=\"OWA31d2d92c-5e3d-3e25-5c8e-070d9f819771\" title=\"https:\/\/sustentable.cl\/2025\/11\/24\/investigadores-chilenos-presentaron-en-cop30-proyecto-para-recuperar-suelos-degradados\/\" href=\"https:\/\/sustentable.cl\/2025\/11\/24\/investigadores-chilenos-presentaron-en-cop30-proyecto-para-recuperar-suelos-degradados\/\" target=\"_blank\" rel=\"noopener noreferrer\" data-auth=\"NotApplicable\" data-linkindex=\"3\">Investigadores chilenos en COP30 presentan proyecto para recuperar suelos degradados. Se refiere Mar\u00eda Elisa quinteros, directora de Relaciones Internacionales y Andrea Barrera Valenzuela, acad\u00e9mica de la Facultad de Ciencias de la Salud.<\/a>\u00a0<\/div><div>\u00a0<\/div><div><b>DIARIO TALCA<\/b>\u00a0<br \/><a id=\"OWA4d54ce58-d54f-b13e-09d7-5cae97590fd6\" title=\"https:\/\/diariotalca.cl\/un-paseo-por-la-musica-concierto-sinfonico-gratuito-reunira-a-miles-de-personas-en-talca\/\" href=\"https:\/\/diariotalca.cl\/un-paseo-por-la-musica-concierto-sinfonico-gratuito-reunira-a-miles-de-personas-en-talca\/\" target=\"_blank\" rel=\"noopener noreferrer\" data-auth=\"NotApplicable\" data-linkindex=\"4\">\u00abUn Paseo por la M\u00fasica\u00bb: concierto sinf\u00f3nico gratuito reunir\u00e1 a miles de personas en Talca. Se refiere V\u00edctor Hugo Toro, director de la Orquesta Sinf\u00f3nica y el Coro<\/a>\u00a0<\/div><div>\u00a0<\/div><div><b>EL MAULE INFORMA<\/b>\u00a0<br \/><a id=\"OWA74ed6103-b043-0e23-e0ba-50eaaf7f5b0d\" title=\"https:\/\/elmauleinforma.cl\/un-paseo-por-la-musica-concierto-sinfonico-gratuito-reunira-a-miles-de-personas-en-talca\/\" href=\"https:\/\/elmauleinforma.cl\/un-paseo-por-la-musica-concierto-sinfonico-gratuito-reunira-a-miles-de-personas-en-talca\/\" target=\"_blank\" rel=\"noopener noreferrer\" data-auth=\"NotApplicable\" data-linkindex=\"5\">\u201cUn Paseo por la M\u00fasica\u201d: concierto sinf\u00f3nico gratuito reunir\u00e1 a miles de personas en Talca. Se refiere V\u00edctor Hugo Toro, director de la Orquesta Sinf\u00f3nica y el Coro<\/a>\u00a0<\/div><div>\u00a0<\/div><div><b>RADIO MAULE SUR<\/b>\u00a0<br \/><a id=\"OWA876711df-becb-d2f0-9798-8a083e0bacb3\" title=\"https:\/\/www.radiomaulesur.cl\/2025\/11\/utalca-obtuvo-dos-premios-por.html\" href=\"https:\/\/www.radiomaulesur.cl\/2025\/11\/utalca-obtuvo-dos-premios-por.html\" target=\"_blank\" rel=\"noopener noreferrer\" data-auth=\"NotApplicable\" data-linkindex=\"6\">UTalca obtuvo dos premios por implementaci\u00f3n de aplicaci\u00f3n para su comunidad universitaria. Se refiere Felipe Besoain Pino director de Tecnolog\u00edas Educativas<\/a>\u00a0<\/div><div>\u00a0<\/div><div><b>PORTAL EDUCA<\/b>\u00a0<br \/><a id=\"OWA63398509-95ff-6ed9-6387-661c0fe6a78a\" title=\"https:\/\/portaleduca.cl\/utalca-obtuvo-dos-premios-por-implementacion-de-aplicacion-para-su-comunidad-universitaria\/\" href=\"https:\/\/portaleduca.cl\/utalca-obtuvo-dos-premios-por-implementacion-de-aplicacion-para-su-comunidad-universitaria\/\" target=\"_blank\" rel=\"noopener noreferrer\" data-auth=\"NotApplicable\" data-linkindex=\"7\">UTalca obtuvo dos premios por implementaci\u00f3n de aplicaci\u00f3n para su comunidad universitaria. Se refiere Felipe Besoain Pino director de Tecnolog\u00edas Educativas<\/a>\u00a0<\/div><div>\u00a0<\/div><div><b>CANAL MEGA<\/b>\u00a0<br \/><a id=\"OWAa5cc0e9f-063f-1aa7-af39-5102e3386689\" title=\"https:\/\/www.litoralpress.cl\/sitio\/RadioTV_Detalles.cshtml?LPKey=UAI7X7EOO4ABY3A4BBDMAL2LLORCXAVSFRHKUXTXI7OEZPKOWEOQIMTB3NLFKT643QM7UWYJYDHSO\" href=\"https:\/\/www.litoralpress.cl\/sitio\/RadioTV_Detalles.cshtml?LPKey=UAI7X7EOO4ABY3A4BBDMAL2LLORCXAVSFRHKUXTXI7OEZPKOWEOQIMTB3NLFKT643QM7UWYJYDHSO\" target=\"_blank\" rel=\"noopener noreferrer\" data-auth=\"NotApplicable\" data-linkindex=\"8\">Segunda vuelta presidencial: \u00bfD\u00f3nde ir\u00e1n los votos de Parisi, Matthei y Kaiser? &#8211; Irac\u00ed Hassler hace gui\u00f1o a votantes de Matthei, Se refiere Mauricio Morales Quiroga, director del Centro de An\u00e1lisis Pol\u00edtico (CAP-UTalca)<\/a>\u00a0<\/div><div>\u00a0<\/div><div><b>MEGA<\/b>\u00a0<br \/><a id=\"OWA8aafbaa8-0ef6-2fd3-7e0a-9533768f238b\" title=\"https:\/\/www.mega.cl\/programas\/mucho-gusto\/mejores-momentos\/206806-distribucion-votos-segunda-vuelta-jose-antonio-kast-franco-parisi.html\" href=\"https:\/\/www.mega.cl\/programas\/mucho-gusto\/mejores-momentos\/206806-distribucion-votos-segunda-vuelta-jose-antonio-kast-franco-parisi.html\" target=\"_blank\" rel=\"noopener noreferrer\" data-auth=\"NotApplicable\" data-linkindex=\"9\">\u00bfPor qui\u00e9n ir\u00e1n los votantes de Parisi? As\u00ed se distribuir\u00edan los votos para segunda vuelta entre Kast y Jara. Se refiere Mauricio Morales Quiroga, director del Centro de An\u00e1lisis Pol\u00edtico (CAP-UTalca)<\/a>\u00a0<\/div><div aria-hidden=\"true\">\u00a0<\/div><div><b>DIARIO DE TALCA<\/b>\u00a0<br \/><a id=\"OWAa6e82506-0605-e4e6-0ff6-7562fd2fe0f6\" title=\"https:\/\/www.litoralpress.cl\/paginaconsultas\/Servicios_NClipWeb\/Get_Imagen_Nota.aspx?LPKey=47RFWGNY7HB62TCXR7V2EX3BM7HIXTOIUASLQC6QHNPY6M6UGUWAXDDZK5VBE7MT4AO7ZSDD3CONE\" href=\"https:\/\/www.litoralpress.cl\/paginaconsultas\/Servicios_NClipWeb\/Get_Imagen_Nota.aspx?LPKey=47RFWGNY7HB62TCXR7V2EX3BM7HIXTOIUASLQC6QHNPY6M6UGUWAXDDZK5VBE7MT4AO7ZSDD3CONE\" target=\"_blank\" rel=\"noopener noreferrer\" data-auth=\"NotApplicable\" data-linkindex=\"10\">Lanzan aplicaci\u00f3n digital que invita a redescubrir el patrimonio urbano de Curic\u00f3. Se refiere V\u00edctor Letelier, director de la Escuela de Arquitectura y Jos\u00e9 Luis Uribe, director de Creaci\u00f3n.<\/a>\u00a0<\/div><div>\u00a0<\/div><div><b>DIARIO EL CENTRO<\/b>\u00a0<br \/><a id=\"OWAe232c1fe-d255-78be-939c-b2a14f793592\" title=\"https:\/\/www.diarioelcentro.cl\/2025\/11\/24\/primeros-auxilios-para-la-comunidad-una-iniciativa-que-crece-y-fortalece-a-nuestra-comunidad\/\" href=\"https:\/\/www.diarioelcentro.cl\/2025\/11\/24\/primeros-auxilios-para-la-comunidad-una-iniciativa-que-crece-y-fortalece-a-nuestra-comunidad\/\" target=\"_blank\" rel=\"noopener noreferrer\" data-auth=\"NotApplicable\" data-linkindex=\"11\">Primeros auxilios para la comunidad: una iniciativa que crece y fortalece a nuestra comunidad. Se refiere Claudia Amigo, acad\u00e9mica de la Facultad de ciencias de la Salud.<\/a>\u00a0<\/div><div>\u00a0<\/div><div><b>PORTAL EDUCA<\/b>\u00a0<br \/><a id=\"OWAd266aec5-feb2-b0e8-6b31-de60f6f2152b\" title=\"https:\/\/portaleduca.cl\/estudiantes-pace-viven-experiencia-de-exploracion-pedagogica-en-la-utalca\/\" href=\"https:\/\/portaleduca.cl\/estudiantes-pace-viven-experiencia-de-exploracion-pedagogica-en-la-utalca\/\" target=\"_blank\" rel=\"noopener noreferrer\" data-auth=\"NotApplicable\" data-linkindex=\"12\">Estudiantes PACE viven experiencia de exploraci\u00f3n pedag\u00f3gica en la UTalca. Se refiere Iv\u00e1n Baeza Barra, coordinador ejecutivo del PACE\u202f<\/a>\u00a0<\/div><div>\u00a0<\/div><div><b>LA PRENSA DE CURIC\u00d3<\/b>\u00a0<br \/><a id=\"OWA3d824c43-fdf1-09af-8751-ac5a0596b8f9\" title=\"https:\/\/www.litoralpress.cl\/paginaconsultas\/Servicios_NClipWeb\/Get_Imagen_Nota.aspx?LPKey=6BIT2K5KSXZBE3YYVMD6P3GNBZTZEJG4IX67K74FTUFLWUFF345YUVZNRWDDFQHDXZHK2S4ZSK3NQ\" href=\"https:\/\/www.litoralpress.cl\/paginaconsultas\/Servicios_NClipWeb\/Get_Imagen_Nota.aspx?LPKey=6BIT2K5KSXZBE3YYVMD6P3GNBZTZEJG4IX67K74FTUFLWUFF345YUVZNRWDDFQHDXZHK2S4ZSK3NQ\" target=\"_blank\" rel=\"noopener noreferrer\" data-auth=\"NotApplicable\" data-linkindex=\"13\">Sucede. Se menciona la Universidad de Talca.<\/a><\/div><div>\u00a0<\/div><div><b>\u00a0RH MANAGEMENT<\/b>\u00a0<br \/><a id=\"OWA5e2c5fb7-6f3a-5f15-1326-3d3bb1f40195\" title=\"https:\/\/rhmanagement.cl\/trabajo-de-plataformas-seminario-abordara-automatizacion-regulacion-y-nuevas-dinamicas\/\" href=\"https:\/\/rhmanagement.cl\/trabajo-de-plataformas-seminario-abordara-automatizacion-regulacion-y-nuevas-dinamicas\/\" target=\"_blank\" rel=\"noopener noreferrer\" data-auth=\"NotApplicable\" data-linkindex=\"14\">Trabajo de plataformas: seminario abordar\u00e1 automatizaci\u00f3n, regulaci\u00f3n y nuevas din\u00e1micas. Se menciona la Universidad de Talca.<\/a>\u00a0<\/div><div>\u00a0<\/div><div><b>UNIVERSIDAD DE VALPARA\u00cdSO<\/b>\u00a0<br \/><a id=\"OWAf2bf7abf-afe1-603d-4e7d-422dbc27af0d\" title=\"https:\/\/www.uv.cl\/archivo-noticias-uv\/28639-especialistas-dialogaron-sobre-las-estructuras-juridicas-tras-el-modelo-de-entrevistas-videograbadas-a-ninos-ninas-y-adolescentes-en-chile\" href=\"https:\/\/www.uv.cl\/archivo-noticias-uv\/28639-especialistas-dialogaron-sobre-las-estructuras-juridicas-tras-el-modelo-de-entrevistas-videograbadas-a-ninos-ninas-y-adolescentes-en-chile\" target=\"_blank\" rel=\"noopener noreferrer\" data-auth=\"NotApplicable\" data-linkindex=\"15\">Especialistas dialogaron sobre las estructuras jur\u00eddicas tras el modelo de entrevistas videograbadas a ni\u00f1os, ni\u00f1as y adolescentes en Chile. Se menciona la Universidad de Talca.<\/a>\u00a0<\/div><div>\u00a0<\/div><div><b>REPORTE AGR\u00cdCOLA<\/b>\u00a0<br \/><a id=\"OWA97b026ab-2744-ec83-8a72-5cf010283b35\" title=\"https:\/\/www.reporteagricola.cl\/noticia\/noticias\/2025\/11\/junta-de-vigilancia-del-rio-maule-advierte-incertidumbre-juridica-que-enfrentan-regantes-por-plazos-de-regularizacion-de-aguas\" href=\"https:\/\/www.reporteagricola.cl\/noticia\/noticias\/2025\/11\/junta-de-vigilancia-del-rio-maule-advierte-incertidumbre-juridica-que-enfrentan-regantes-por-plazos-de-regularizacion-de-aguas\" target=\"_blank\" rel=\"noopener noreferrer\" data-auth=\"NotApplicable\" data-linkindex=\"16\">Junta de Vigilancia del R\u00edo Maule advierte incertidumbre jur\u00eddica que enfrentan regantes por plazos de regularizaci\u00f3n de aguas. Se menciona la Universidad de Talca.<\/a>\u00a0<\/div><div>\u00a0<\/div><div><b>UPLA<\/b>\u00a0<br \/><a id=\"OWA2bf4794b-d7bd-dc42-f6a4-a199da77984f\" title=\"https:\/\/www.upla.cl\/noticias\/2025\/11\/24\/decanos-as-y-autoridades-de-facultades-de-arte-del-pais-se-reunieron-en-la-universidad-catolica-de-temuco\/\" href=\"https:\/\/www.upla.cl\/noticias\/2025\/11\/24\/decanos-as-y-autoridades-de-facultades-de-arte-del-pais-se-reunieron-en-la-universidad-catolica-de-temuco\/\" target=\"_blank\" rel=\"noopener noreferrer\" data-auth=\"NotApplicable\" data-linkindex=\"17\">Decanos\/as y autoridades de Facultades de Arte del pa\u00eds se reunieron. Se menciona la Universidad de Talca. Se menciona la Universidad de Talca.<\/a>\u00a0<\/div><div>\u00a0<\/div><div><b>CULTURA ACOMPA\u00d1ADA<\/b>\u00a0<br \/><a id=\"OWA5b426738-36be-2595-9c4d-4d17d5dcc1bc\" title=\"https:\/\/culturaacompanada.blogspot.com\/2025\/11\/10-anos-de-vida-celebra-el-grupo-los.html\" href=\"https:\/\/culturaacompanada.blogspot.com\/2025\/11\/10-anos-de-vida-celebra-el-grupo-los.html\" target=\"_blank\" rel=\"noopener noreferrer\" data-auth=\"NotApplicable\" data-linkindex=\"18\">10 a\u00f1os de vida celebra el grupo \u201cLos Patapel\u00e1\u201d. Se menciona la Universidad de Talca.<\/a>\u00a0<\/div><div>\u00a0<\/div><div><b>G5 NOTICIAS<\/b>\u00a0<br \/><a id=\"OWA70ebc3e9-858a-d008-87f2-cbc0f669b4dc\" title=\"https:\/\/g5noticias.cl\/2025\/11\/24\/junaeb-y-utalca-entregaron-ayudas-tecnicas-auditivas-a-estudiantes\/\" href=\"https:\/\/g5noticias.cl\/2025\/11\/24\/junaeb-y-utalca-entregaron-ayudas-tecnicas-auditivas-a-estudiantes\/\" target=\"_blank\" rel=\"noopener noreferrer\" data-auth=\"NotApplicable\" data-linkindex=\"19\">JUNAEB y UTalca entregaron ayudas t\u00e9cnicas auditivas a estudiantes. Se menciona la Universidad de Talca.<\/a>\u00a0<\/div><div>\u00a0<\/div><div><b>RADIO FM M\u00c1S<\/b>\u00a0<br \/><a id=\"OWA1f0623f5-f488-6d08-e899-ca82d4fb7027\" title=\"https:\/\/radiofmmas.cl\/junta-de-vigilancia-del-rio-maule-alerta-por-creciente-incertidumbre-juridica-que-afecta-a-regantes-y-advierte-riesgos-en-plazos-de-regularizacion-de-aguas\/\" href=\"https:\/\/radiofmmas.cl\/junta-de-vigilancia-del-rio-maule-alerta-por-creciente-incertidumbre-juridica-que-afecta-a-regantes-y-advierte-riesgos-en-plazos-de-regularizacion-de-aguas\/\" target=\"_blank\" rel=\"noopener noreferrer\" data-auth=\"NotApplicable\" data-linkindex=\"20\">Junta de Vigilancia del R\u00edo Maule advierte incertidumbre jur\u00eddica que enfrentan regantes por plazos de regularizaci\u00f3n de aguas. Se menciona la Universidad de Talca.<\/a>\u00a0<\/div>\t\t\t\t\t\t<\/div>\n\t\t\t\t<\/div>\n\t\t\t\t\t<\/div>\n\t\t<\/div>\n\t\t\t\t\t\t\t<\/div>\n\t\t<\/section>\n\t\t\t\t\t\t<\/div>\n\t\t\t\t\t<\/div>\n\t\t","protected":false},"excerpt":{"rendered":"<p>G5 NOTICIA\u00a0Derrumbar neuromitos y fortalecer formaci\u00f3n de docentes: Reflexiones de expertos en ciencia del aprendizaje. Se refiere Carlos Torres Fuchslocher y Roberto Ferreira, acad\u00e9mico de la Facultad de Ciencias de la Educaci\u00f3n\u00a0\u00a0EL MOSTRADOR\u00a0Investigadores chilenos en COP30 presentan proyecto para recuperar suelos degradados. Se refiere Mar\u00eda Elisa quinteros, directora de Relaciones Internacionales y Andrea Barrera Valenzuela, &hellip;<\/p>\n<p class=\"read-more\"> <a class=\"\" href=\"https:\/\/www.reportedeprensa.utalca.cl\/?p=12941\"> <span class=\"screen-reader-text\">25 de noviembre 2025<\/span> Read More &raquo;<\/a><\/p>\n","protected":false},"author":1,"featured_media":0,"comment_status":"closed","ping_status":"open","sticky":false,"template":"","format":"standard","meta":{"_monsterinsights_skip_tracking":false,"_monsterinsights_sitenote_active":false,"_monsterinsights_sitenote_note":"","_monsterinsights_sitenote_category":0},"categories":[65],"tags":[],"_links":{"self":[{"href":"https:\/\/www.reportedeprensa.utalca.cl\/index.php?rest_route=\/wp\/v2\/posts\/12941"}],"collection":[{"href":"https:\/\/www.reportedeprensa.utalca.cl\/index.php?rest_route=\/wp\/v2\/posts"}],"about":[{"href":"https:\/\/www.reportedeprensa.utalca.cl\/index.php?rest_route=\/wp\/v2\/types\/post"}],"author":[{"embeddable":true,"href":"https:\/\/www.reportedeprensa.utalca.cl\/index.php?rest_route=\/wp\/v2\/users\/1"}],"replies":[{"embeddable":true,"href":"https:\/\/www.reportedeprensa.utalca.cl\/index.php?rest_route=%2Fwp%2Fv2%2Fcomments&post=12941"}],"version-history":[{"count":4,"href":"https:\/\/www.reportedeprensa.utalca.cl\/index.php?rest_route=\/wp\/v2\/posts\/12941\/revisions"}],"predecessor-version":[{"id":12945,"href":"https:\/\/www.reportedeprensa.utalca.cl\/index.php?rest_route=\/wp\/v2\/posts\/12941\/revisions\/12945"}],"wp:attachment":[{"href":"https:\/\/www.reportedeprensa.utalca.cl\/index.php?rest_route=%2Fwp%2Fv2%2Fmedia&parent=12941"}],"wp:term":[{"taxonomy":"category","embeddable":true,"href":"https:\/\/www.reportedeprensa.utalca.cl\/index.php?rest_route=%2Fwp%2Fv2%2Fcategories&post=12941"},{"taxonomy":"post_tag","embeddable":true,"href":"https:\/\/www.reportedeprensa.utalca.cl\/index.php?rest_route=%2Fwp%2Fv2%2Ftags&post=12941"}],"curies":[{"name":"wp","href":"https:\/\/api.w.org\/{rel}","templated":true}]}}