{"id":12949,"date":"2025-11-28T09:19:27","date_gmt":"2025-11-28T12:19:27","guid":{"rendered":"https:\/\/www.reportedeprensa.utalca.cl\/?p=12949"},"modified":"2025-11-28T09:22:37","modified_gmt":"2025-11-28T12:22:37","slug":"27-de-noviembre-2025","status":"publish","type":"post","link":"https:\/\/www.reportedeprensa.utalca.cl\/?p=12949","title":{"rendered":"27 de noviembre 2025"},"content":{"rendered":"\t\t<div data-elementor-type=\"wp-post\" data-elementor-id=\"12949\" class=\"elementor elementor-12949\" data-elementor-settings=\"[]\">\n\t\t\t\t\t\t\t<div class=\"elementor-section-wrap\">\n\t\t\t\t\t\t\t<section class=\"elementor-section elementor-top-section elementor-element elementor-element-bcea1a8 elementor-section-boxed elementor-section-height-default elementor-section-height-default\" data-id=\"bcea1a8\" data-element_type=\"section\">\n\t\t\t\t\t\t<div class=\"elementor-container elementor-column-gap-default\">\n\t\t\t\t\t<div class=\"elementor-column elementor-col-100 elementor-top-column elementor-element elementor-element-e7183bf\" data-id=\"e7183bf\" data-element_type=\"column\">\n\t\t\t<div class=\"elementor-widget-wrap elementor-element-populated\">\n\t\t\t\t\t\t\t\t<div class=\"elementor-element elementor-element-52ae646 elementor-widget elementor-widget-text-editor\" data-id=\"52ae646\" data-element_type=\"widget\" data-widget_type=\"text-editor.default\">\n\t\t\t\t<div class=\"elementor-widget-container\">\n\t\t\t\t\t\t\t\t<div><b data-olk-copy-source=\"MessageBody\">DIARIO FINANCIERO<\/b>\u00a0<br \/><a id=\"OWAbd45254f-16a9-76d2-dcf7-d3c87a34cabd\" title=\"https:\/\/www.litoralpress.cl\/paginaconsultas\/Servicios_NClipWeb\/Get_Imagen_Nota.aspx?LPKey=CY7VJHVY2TRSJJJYCBWFUIXHFAUXLE3CL2B2JU6RRR24Y24UDRDTPF2STERXSY66O5WVDY7YI5CJS\" href=\"https:\/\/www.litoralpress.cl\/paginaconsultas\/Servicios_NClipWeb\/Get_Imagen_Nota.aspx?LPKey=CY7VJHVY2TRSJJJYCBWFUIXHFAUXLE3CL2B2JU6RRR24Y24UDRDTPF2STERXSY66O5WVDY7YI5CJS\" target=\"_blank\" rel=\"noopener noreferrer\" data-auth=\"NotApplicable\" data-linkindex=\"0\">Postgrado UTalca: excelencia acad\u00e9mica, becas y foco en internacionalizaci\u00f3n. Se refiere Carlos Torres Fuchslocher, rector y Sergio Wehinger, directo de Postgrado.<\/a>\u00a0<\/div><div>\u00a0<\/div><div><b>M\u00daSICA Y NOTICIAS<\/b>\u00a0<br \/><a id=\"OWAb1332f43-1b90-a3a0-4599-5ac9914613dd\" title=\"https:\/\/www.musicaynoticias.cl\/ciencia-y-tecnologia\/entrega-de-ayudas-tecnicas-auditivas-beneficia-a-estudiantes-de-distintas-comunas-del-maule\/\" href=\"https:\/\/www.musicaynoticias.cl\/ciencia-y-tecnologia\/entrega-de-ayudas-tecnicas-auditivas-beneficia-a-estudiantes-de-distintas-comunas-del-maule\/\" target=\"_blank\" rel=\"noopener noreferrer\" data-auth=\"NotApplicable\" data-linkindex=\"1\">Entrega de ayudas t\u00e9cnicas auditivas beneficia a estudiantes de distintas comunas del Maule. Se refiere Carlos Torres Fuchslocher, rector.<\/a>\u00a0<\/div><div>\u00a0<\/div><div><b>MEDIABANCO<\/b>\u00a0<br \/><a id=\"OWA1c81ccc7-08a4-67b1-6ff9-7e5ca4ef303a\" title=\"https:\/\/www.mediabanco.com\/universidades-del-estado-comparten-experiencias-sobre-vinculacion-con-el-medio\/\" href=\"https:\/\/www.mediabanco.com\/universidades-del-estado-comparten-experiencias-sobre-vinculacion-con-el-medio\/\" target=\"_blank\" rel=\"noopener noreferrer\" data-auth=\"NotApplicable\" data-linkindex=\"2\">Universidades del Estado comparten experiencias sobre vinculaci\u00f3n con el medio. Se refiere Carlos Torres Fuchslocher, rector y Karin Saavedra Redlich, directora General de Vinculaci\u00f3n con el Medio.<\/a>\u00a0<\/div><div>\u00a0<\/div><div><b>RADIO FM M\u00c1S<\/b>\u00a0<br \/><a id=\"OWA32fca263-4f78-aefd-2452-ca13e528f353\" title=\"https:\/\/radiofmmas.cl\/universidades-del-estado-comparten-experiencias-sobre-vinculacion-con-el-medio\/\" href=\"https:\/\/radiofmmas.cl\/universidades-del-estado-comparten-experiencias-sobre-vinculacion-con-el-medio\/\" target=\"_blank\" rel=\"noopener noreferrer\" data-auth=\"NotApplicable\" data-linkindex=\"3\">Universidades del Estado comparten experiencias sobre vinculaci\u00f3n con el medio. Se refiere Carlos Torres Fuchslocher, rector y Karin Saavedra Redlich, directora General de Vinculaci\u00f3n con el Medio.<\/a>\u00a0<\/div><div>\u00a0<\/div><div><b>PORTAL EDUCA<\/b>\u00a0<br \/><a id=\"OWA1a552931-b34c-4b8a-c843-ab663ea8fe01\" title=\"https:\/\/portaleduca.cl\/universidades-del-estado-comparten-experiencias-sobre-vinculacion-con-el-medio\/\" href=\"https:\/\/portaleduca.cl\/universidades-del-estado-comparten-experiencias-sobre-vinculacion-con-el-medio\/\" target=\"_blank\" rel=\"noopener noreferrer\" data-auth=\"NotApplicable\" data-linkindex=\"4\">Universidades del Estado comparten experiencias sobre vinculaci\u00f3n con el medio. Se refiere Carlos Torres Fuchslocher, rector y Karin Saavedra Redlich, directora General de Vinculaci\u00f3n con el Medio.<\/a>\u00a0<\/div><div>\u00a0<\/div><div><b>RADIO CRISTALINA<\/b>\u00a0<br \/><a id=\"OWA64939451-af17-c583-5d08-70e53d9c6e2a\" title=\"https:\/\/radiocristalina.cl\/junaeb-y-utalca-entregaron-ayudas-tecnicas-auditivas-a-estudiantes-de-la-region-del-maule\/\" href=\"https:\/\/radiocristalina.cl\/junaeb-y-utalca-entregaron-ayudas-tecnicas-auditivas-a-estudiantes-de-la-region-del-maule\/\" target=\"_blank\" rel=\"noopener noreferrer\" data-auth=\"NotApplicable\" data-linkindex=\"5\">JUNAEB y UTalca entregaron ayudas t\u00e9cnicas auditivas a estudiantes de la Regi\u00f3n del Maule. Se refiere Carlos Torres Fuchslocher, rector.<\/a>\u00a0<\/div><div>\u00a0<\/div><div><b>PRENSA EVENTOS<\/b>\u00a0<br \/><a id=\"OWA64df9d44-4f81-6843-a6d7-77f5d250a78c\" title=\"https:\/\/prensaeventos.cl\/humanos-exposicion-gratuita-de-cuerpos-reales-llega-a-talca\/\" href=\"https:\/\/prensaeventos.cl\/humanos-exposicion-gratuita-de-cuerpos-reales-llega-a-talca\/\" target=\"_blank\" rel=\"noopener noreferrer\" data-auth=\"NotApplicable\" data-linkindex=\"6\">Humanos: Exposici\u00f3n gratuita de cuerpos reales llega a Talca. Se refiere Elisa Marinkovic, acad\u00e9mica del Departamento de Ciencias B\u00e1sicas Biom\u00e9dicas.<\/a>\u00a0<\/div><div>\u00a0<\/div><div><b>RADIO CRISTALINA<\/b>\u00a0<br \/><a id=\"OWAa11e7a46-f74a-ae57-4fd4-d4db59453ff7\" title=\"https:\/\/radiocristalina.cl\/humanos-exposicion-gratuita-de-cuerpos-reales-llega-a-talca-entre-el-26-de-noviembre-y-el-19-de-diciembre\/\" href=\"https:\/\/radiocristalina.cl\/humanos-exposicion-gratuita-de-cuerpos-reales-llega-a-talca-entre-el-26-de-noviembre-y-el-19-de-diciembre\/\" target=\"_blank\" rel=\"noopener noreferrer\" data-auth=\"NotApplicable\" data-linkindex=\"7\">Humanos: Exposici\u00f3n gratuita de cuerpos reales llega a Talca entre el 26 de noviembre y el 19 de diciembre. Se refiere Elisa Marinkovic, acad\u00e9mica del Departamento de Ciencias B\u00e1sicas Biom\u00e9dicas.<\/a>\u00a0<\/div><div>\u00a0<\/div><div><b>DIARIO EL CENTRO<\/b>\u00a0<br \/><a id=\"OWAe2b8d7ab-f1d1-3ad1-3efb-ca67f105018c\" title=\"https:\/\/www.diarioelcentro.cl\/2025\/11\/26\/conoce-a-detalle-la-anatomia-humana-exposicion-con-cuerpos-reales-llega-a-talca-con-entrada-gratuita\/\" href=\"https:\/\/www.diarioelcentro.cl\/2025\/11\/26\/conoce-a-detalle-la-anatomia-humana-exposicion-con-cuerpos-reales-llega-a-talca-con-entrada-gratuita\/\" target=\"_blank\" rel=\"noopener noreferrer\" data-auth=\"NotApplicable\" data-linkindex=\"8\">Conoce a detalle la anatom\u00eda humana: exposici\u00f3n con cuerpos reales llega a Talca con entrada gratuita. Se refiere Elisa Marinkovic, acad\u00e9mica del Departamento de Ciencias B\u00e1sicas Biom\u00e9dicas.<\/a>\u00a0<\/div><div>\u00a0<\/div><div><b>EL MAULE INFORMA<\/b>\u00a0<br \/><a id=\"OWAf1351c4d-cc1e-f8df-84a6-2ba9be360f06\" title=\"https:\/\/elmauleinforma.cl\/exposicion-gratuita-de-cuerpos-reales-llega-a-talca\/\" href=\"https:\/\/elmauleinforma.cl\/exposicion-gratuita-de-cuerpos-reales-llega-a-talca\/\" target=\"_blank\" rel=\"noopener noreferrer\" data-auth=\"NotApplicable\" data-linkindex=\"9\">Exposici\u00f3n gratuita de cuerpos reales llega a Talca. Se refiere Elisa Marinkovic, acad\u00e9mica del Departamento de Ciencias B\u00e1sicas Biom\u00e9dicas.<\/a>\u00a0<\/div><div>\u00a0<\/div><div><b>DIARIO FINANCIERO<\/b>\u00a0<br \/><a id=\"OWAcd91f902-00f5-2622-c3c9-67f58b17c4fa\" title=\"https:\/\/www.litoralpress.cl\/paginaconsultas\/Servicios_NClipWeb\/Get_Imagen_Nota.aspx?LPKey=JWG3MOMSHCXKTIN5EM3UYSHER2ZBOEZIFEQCNYL2D7NQKR6D6UPKAN7KCLZM6JDO7LJQG26PPLXSQ\" href=\"https:\/\/www.litoralpress.cl\/paginaconsultas\/Servicios_NClipWeb\/Get_Imagen_Nota.aspx?LPKey=JWG3MOMSHCXKTIN5EM3UYSHER2ZBOEZIFEQCNYL2D7NQKR6D6UPKAN7KCLZM6JDO7LJQG26PPLXSQ\" target=\"_blank\" rel=\"noopener noreferrer\" data-auth=\"NotApplicable\" data-linkindex=\"10\">Las lecturas detr\u00e1s del gesto de apoyo de Frei a Kast: nuevo conflicto en la DC y presi\u00f3n para Jara. Se refiere Mauricio Morales Quiroga, director del Centro de An\u00e1lisis Pol\u00edtico (CAP-UTalca).<\/a>\u00a0<\/div><div>\u00a0<\/div><div><b>CANAL MEGA<\/b>\u00a0<br \/><a id=\"OWA595f9253-95e5-a0d0-3f82-a4c41e98d1dd\" title=\"https:\/\/www.litoralpress.cl\/sitio\/RadioTV_Detalles.cshtml?LPKey=IGF6IZRHE4R5R7S4HBDZDFDP2IYR3D6HQX3WPYLLVE5TG6C535VE5HVGS6SDV5TLTLJ7WO6QMFWJO\" href=\"https:\/\/www.litoralpress.cl\/sitio\/RadioTV_Detalles.cshtml?LPKey=IGF6IZRHE4R5R7S4HBDZDFDP2IYR3D6HQX3WPYLLVE5TG6C535VE5HVGS6SDV5TLTLJ7WO6QMFWJO\" target=\"_blank\" rel=\"noopener noreferrer\" data-auth=\"NotApplicable\" data-linkindex=\"11\">Comentario de Mauricio Morales Quiroga, director del Centro de An\u00e1lisis Pol\u00edtico (CAP-UTalca).<\/a>\u00a0<br \/>\u00a0<br \/><b>RADIO SANTA CRUZ<\/b>\u00a0<br \/><a id=\"OWA3adbceff-94da-64ff-dd6e-bb3da4b07c5c\" title=\"https:\/\/www.litoralpress.cl\/sitio\/RadioTV_Detalles.cshtml?LPKey=MY6A7YOWYTLK445UV5T65VFZAFKUBZ7SVZUG5IEI2HHK3ONUOF7F5TL7V6JHTVTAMQ5FYW7FVR36O\" href=\"https:\/\/www.litoralpress.cl\/sitio\/RadioTV_Detalles.cshtml?LPKey=MY6A7YOWYTLK445UV5T65VFZAFKUBZ7SVZUG5IEI2HHK3ONUOF7F5TL7V6JHTVTAMQ5FYW7FVR36O\" target=\"_blank\" rel=\"noopener noreferrer\" data-auth=\"NotApplicable\" data-linkindex=\"12\">Conversaremos con Anyelina Riveros L\u00f3pez, coordinadora de T\u00e9cnico Superior en Turismo Enol\u00f3gico<\/a>\u00a0<\/div><div>\u00a0<\/div><div><b>ZETA RADIO<\/b>\u00a0<br \/><a id=\"OWA9e49e46f-912f-df48-e33e-4232fdad7f97\" title=\"https:\/\/www.litoralpress.cl\/sitio\/RadioTV_Detalles.cshtml?LPKey=PTDKCVBNFWZR2QEOYACQYMVJESNOREJJ2GF6OZYZHUMN34CHDUKUQQ2QOCRJRKI2KPONFLEV3N2MW\" href=\"https:\/\/www.litoralpress.cl\/sitio\/RadioTV_Detalles.cshtml?LPKey=PTDKCVBNFWZR2QEOYACQYMVJESNOREJJ2GF6OZYZHUMN34CHDUKUQQ2QOCRJRKI2KPONFLEV3N2MW\" target=\"_blank\" rel=\"noopener noreferrer\" data-auth=\"NotApplicable\" data-linkindex=\"13\">Conversaremos con Anyelina Riveros L\u00f3pez, coordinadora de T\u00e9cnico Superior en Turismo Enol\u00f3gico<\/a>\u00a0<\/div><div>\u00a0<\/div><div><b>RADIO CRISTALINA<\/b>\u00a0<br \/><a id=\"OWA8bc976df-b31c-2f43-141f-14136b2b0bf4\" title=\"https:\/\/radiocristalina.cl\/un-paseo-por-la-musica-concierto-sinfonico-gratuito-reunira-a-miles-de-personas-en-talca\/\" href=\"https:\/\/radiocristalina.cl\/un-paseo-por-la-musica-concierto-sinfonico-gratuito-reunira-a-miles-de-personas-en-talca\/\" target=\"_blank\" rel=\"noopener noreferrer\" data-auth=\"NotApplicable\" data-linkindex=\"14\">\u201cUn Paseo por la M\u00fasica\u201d: concierto sinf\u00f3nico gratuito reunir\u00e1 a miles de personas en Talca. Se refiere V\u00edctor Hugo Toro, director de la Orquesta Sinf\u00f3nica y el Coro.<\/a>\u00a0<\/div><div>\u00a0<\/div><div><b>CANAL 2 LINARES<\/b>\u00a0<br \/><a id=\"OWA88d69a8e-a0cf-45fc-8f43-e0197cae170c\" title=\"https:\/\/www.canal2linares.cl\/2025\/11\/un-paseo-por-la-musica-concierto.html\" href=\"https:\/\/www.canal2linares.cl\/2025\/11\/un-paseo-por-la-musica-concierto.html\" target=\"_blank\" rel=\"noopener noreferrer\" data-auth=\"NotApplicable\" data-linkindex=\"15\">\u201cUn Paseo por la M\u00fasica\u201d: concierto sinf\u00f3nico gratuito reunir\u00e1 a miles de personas en Talca. Se refiere V\u00edctor Hugo Toro, director de la Orquesta Sinf\u00f3nica y el Coro.<\/a>\u00a0<\/div><div>\u00a0<\/div><div><b>RADIO ALBORADA<\/b>\u00a0<br \/><a id=\"OWAed27ecc4-e6e8-6752-7daf-b53196ba6269\" title=\"https:\/\/www.litoralpress.cl\/sitio\/RadioTV_Detalles.cshtml?LPKey=4ZC43V2UQEJ3NAIILFDALPNOVW2KHGWDB2F5JVRZ652E6XKMFZRH46MUNYS3HUVEGUEEYKX27LY7A\" href=\"https:\/\/www.litoralpress.cl\/sitio\/RadioTV_Detalles.cshtml?LPKey=4ZC43V2UQEJ3NAIILFDALPNOVW2KHGWDB2F5JVRZ652E6XKMFZRH46MUNYS3HUVEGUEEYKX27LY7A\" target=\"_blank\" rel=\"noopener noreferrer\" data-auth=\"NotApplicable\" data-linkindex=\"16\">Entrevistada a Mar\u00eda Eliana Albornoz, secretaria acad\u00e9mica de la Facultad de Ciencias de la Salud<\/a>\u00a0<\/div><div>\u00a0<\/div><div><b>DIARIO EL CENTRO<\/b>\u00a0<br \/><a id=\"OWAf314b164-74c8-2726-3d4b-2f24a5685a1a\" title=\"https:\/\/www.diarioelcentro.cl\/2025\/11\/26\/descodificando-las-recientes-elecciones\/\" href=\"https:\/\/www.diarioelcentro.cl\/2025\/11\/26\/descodificando-las-recientes-elecciones\/\" target=\"_blank\" rel=\"noopener noreferrer\" data-auth=\"NotApplicable\" data-linkindex=\"17\">Descodificando las recientes elecciones. Se refiere Jorge Navarrete Bustamante, acad\u00e9mico de la Facultad de Econom\u00eda y Negocios.<\/a>\u00a0\u00a0<\/div><div>\u00a0<\/div><div><b>EL MAULE INFORMA<\/b>\u00a0<br \/><a id=\"OWA36ee3650-cb13-b78b-a94a-9238d09bf8de\" title=\"https:\/\/elmauleinforma.cl\/universidad-autonoma-presento-principales-hallazgos-del-seminario-socioeconomico-del-maule-retos-y-perspectivas\/\" href=\"https:\/\/elmauleinforma.cl\/universidad-autonoma-presento-principales-hallazgos-del-seminario-socioeconomico-del-maule-retos-y-perspectivas\/\" target=\"_blank\" rel=\"noopener noreferrer\" data-auth=\"NotApplicable\" data-linkindex=\"18\">Universidad Aut\u00f3noma present\u00f3 principales hallazgos del Seminario Socioecon\u00f3mico del Maule: Retos y Perspectivas.\u00a0 Se refiere Mar\u00eda Ester Mu\u00f1oz, acad\u00e9mica de la Escuela de Enfermer\u00eda.<\/a>\u00a0<\/div><div>\u00a0<\/div><div><b>S\u00c9PTIMA P\u00c1GINA NOTICIAS<\/b>\u00a0<br \/><a id=\"OWA20a6656f-2fe3-9f6b-533a-21c6bb7d8e61\" title=\"https:\/\/elmauleinforma.cl\/universidad-autonoma-presento-principales-hallazgos-del-seminario-socioeconomico-del-maule-retos-y-perspectivas\/\" href=\"https:\/\/elmauleinforma.cl\/universidad-autonoma-presento-principales-hallazgos-del-seminario-socioeconomico-del-maule-retos-y-perspectivas\/\" target=\"_blank\" rel=\"noopener noreferrer\" data-auth=\"NotApplicable\" data-linkindex=\"19\">Universidad de Talca inaugura exposici\u00f3n de Leonardo Sep\u00falveda en el Teatro Municipal de San Javier. Se refiere Emilia Murgas, encargada de Colecciones y Exposiciones de la Direcci\u00f3n de Extensi\u00f3n Cultural-Art\u00edstica<\/a>\u00a0<\/div><div aria-hidden=\"true\">\u00a0<\/div><div><b>EL L\u00cdDER<\/b>\u00a0<br \/><a id=\"OWA2657c6d0-97f8-3b91-ece1-da857a86c461\" title=\"https:\/\/www.litoralpress.cl\/paginaconsultas\/Servicios_NClipWeb\/Get_Imagen_Nota.aspx?LPKey=FHGNSTHCE4QZN7WGGEEQEMSFECDDKS4BH3TQIBUOHJRVEMEN44CZVLE4SKRAFDAJOPZ4EKVMG2JEG\" href=\"https:\/\/www.litoralpress.cl\/paginaconsultas\/Servicios_NClipWeb\/Get_Imagen_Nota.aspx?LPKey=FHGNSTHCE4QZN7WGGEEQEMSFECDDKS4BH3TQIBUOHJRVEMEN44CZVLE4SKRAFDAJOPZ4EKVMG2JEG\" target=\"_blank\" rel=\"noopener noreferrer\" data-auth=\"NotApplicable\" data-linkindex=\"20\">Investigaci\u00f3n asocia las &#8220;mareas verdes&#8221; de Algarrobo a condiciones naturales y degradaci\u00f3n. Se menciona la Universidad de Talca.<\/a>\u00a0<\/div><div>\u00a0<\/div><div><b>LA PRENSA DE CURIC\u00d3<\/b>\u00a0<br \/><a id=\"OWAe182b488-6794-5a81-733f-6c63e00b06f5\" title=\"https:\/\/www.litoralpress.cl\/paginaconsultas\/Servicios_NClipWeb\/Get_Imagen_Nota.aspx?LPKey=G5GE4PNTOKAHOHM6IDXWCSLSW3YIHRIMQY47OG6ZHQODNJOOBGXKAK45LJUODKUZQKPQ3352FM2WO\" href=\"https:\/\/www.litoralpress.cl\/paginaconsultas\/Servicios_NClipWeb\/Get_Imagen_Nota.aspx?LPKey=G5GE4PNTOKAHOHM6IDXWCSLSW3YIHRIMQY47OG6ZHQODNJOOBGXKAK45LJUODKUZQKPQ3352FM2WO\" target=\"_blank\" rel=\"noopener noreferrer\" data-auth=\"NotApplicable\" data-linkindex=\"21\">Pel\u00edcula denominaci\u00f3n de origen se presenta en el Campus Linares de la UTalca. Se menciona la Universidad de Talca.<\/a>\u00a0<\/div><div>\u00a0<\/div><div><b>OVEJERO NOTICIAS<\/b>\u00a0<br \/><a id=\"OWAcb8bdf25-14a4-2720-ed39-2e00ba2f338f\" title=\"https:\/\/www.ovejeronoticias.cl\/2025\/11\/presidente-gabriel-boric-visita-el-centro-subantartico-cabo-de-hornos-de-la-universidad-de-magallanes\/\" href=\"https:\/\/www.ovejeronoticias.cl\/2025\/11\/presidente-gabriel-boric-visita-el-centro-subantartico-cabo-de-hornos-de-la-universidad-de-magallanes\/\" target=\"_blank\" rel=\"noopener noreferrer\" data-auth=\"NotApplicable\" data-linkindex=\"22\">Presidente Gabriel Boric visita el Centro Subant\u00e1rtico Cabo de Hornos de la Universidad de Magallanes. Se menciona la Universidad de Talca.<\/a>\u00a0<\/div><div>\u00a0<\/div><div><b>LINARES EN LINEA<\/b>\u00a0<br \/><a id=\"OWA3d33a5ac-e809-fae0-93c2-8867501433be\" title=\"https:\/\/www.linaresenlinea.cl\/2025\/11\/25\/jawar-estrena-videoclip-de-su-single-romper-el-corazon\/\" href=\"https:\/\/www.linaresenlinea.cl\/2025\/11\/25\/jawar-estrena-videoclip-de-su-single-romper-el-corazon\/\" target=\"_blank\" rel=\"noopener noreferrer\" data-auth=\"NotApplicable\" data-linkindex=\"23\">Jawar estrena videoclip de su single \u201cRomper el Coraz\u00f3n\u201d. Se menciona la Universidad de Talca.<\/a>\u00a0<\/div><div>\u00a0<\/div><div><b>LINARES EN LINEA<\/b>\u00a0<br \/><a id=\"OWAd0877640-f998-f7fa-f974-41176997d217\" title=\"https:\/\/www.linaresenlinea.cl\/2025\/11\/25\/estrenos-nacionales-gratis-en-la-utalca-pelicula-denominacion-de-origen-lidera-el-festival-felina-2025\/\" href=\"https:\/\/www.linaresenlinea.cl\/2025\/11\/25\/estrenos-nacionales-gratis-en-la-utalca-pelicula-denominacion-de-origen-lidera-el-festival-felina-2025\/\" target=\"_blank\" rel=\"noopener noreferrer\" data-auth=\"NotApplicable\" data-linkindex=\"24\">Estrenos nacionales gratis en la UTalca: Pel\u00edcula \u201cDenominaci\u00f3n de Origen\u201d lidera el Festival Felina 2025. Se menciona la Universidad de Talca.<\/a>\u00a0<\/div><div>\u00a0<\/div><div><b>LA TERCERA ONLINE<\/b>\u00a0<br \/><a id=\"OWA69f013e1-7aee-7459-09e3-0d32d5443ea2\" title=\"https:\/\/www.latercera.com\/educacion\/noticia\/rankings-internacionales-revelan-cuales-son-las-universidades-chilenas-mas-destacadas\/\" href=\"https:\/\/www.latercera.com\/educacion\/noticia\/rankings-internacionales-revelan-cuales-son-las-universidades-chilenas-mas-destacadas\/\" target=\"_blank\" rel=\"noopener noreferrer\" data-auth=\"NotApplicable\" data-linkindex=\"25\">Rankings internacionales revelan cu\u00e1les son las universidades chilenas m\u00e1s destacadas. Se menciona la Universidad de Talca.<\/a>\u00a0<\/div><div>\u00a0<\/div><div><b>RADIO POLAR<\/b>\u00a0<br \/><a id=\"OWA6ef6161a-3aec-350c-8903-fb014cc870ba\" title=\"https:\/\/www.radiopolar.com\/presidente-gabriel-boric-visita-centro-subantartico-cabo-hornos-universidad-magallanes\" href=\"https:\/\/www.radiopolar.com\/presidente-gabriel-boric-visita-centro-subantartico-cabo-hornos-universidad-magallanes\" target=\"_blank\" rel=\"noopener noreferrer\" data-auth=\"NotApplicable\" data-linkindex=\"26\">Presidente Gabriel Boric visita el centro subant\u00e1rtico Cabo de Hornos de la Universidad de Magallanes. Se menciona la Universidad de Talca.<\/a>\u00a0<\/div><div>\u00a0<\/div><div><b>MSN CHILE<\/b>\u00a0<br \/><a id=\"OWA64529078-bafe-f9de-3382-3a32ca36685e\" title=\"https:\/\/www.msn.com\/es-cl\/noticias\/other\/rankings-internacionales-revelan-cu%C3%A1les-son-las-universidades-chilenas-m%C3%A1s-destacadas\/ar-AA1Rcn5Y\" href=\"https:\/\/www.msn.com\/es-cl\/noticias\/other\/rankings-internacionales-revelan-cu%C3%A1les-son-las-universidades-chilenas-m%C3%A1s-destacadas\/ar-AA1Rcn5Y\" target=\"_blank\" rel=\"noopener noreferrer\" data-auth=\"NotApplicable\" data-linkindex=\"27\">Rankings internacionales revelan cu\u00e1les son las universidades chilenas m\u00e1s destacadas. Se menciona la Universidad de Talca.<\/a>\u00a0<\/div><div>\u00a0<\/div><div><b>UNIVERSIDAD ANDR\u00c9S BELLO<\/b>\u00a0<br \/><a id=\"OWA5095403c-b481-c11d-4413-0c5998fa3f5b\" title=\"https:\/\/noticias.unab.cl\/clinica-juridica-unab-comparte-experiencias-innovadoras-en-las-v-jornadas-nacionales-de-ensenanza-clinica-del-derecho\/\" href=\"https:\/\/noticias.unab.cl\/clinica-juridica-unab-comparte-experiencias-innovadoras-en-las-v-jornadas-nacionales-de-ensenanza-clinica-del-derecho\/\" target=\"_blank\" rel=\"noopener noreferrer\" data-auth=\"NotApplicable\" data-linkindex=\"28\">Cl\u00ednica Jur\u00eddica UNAB comparte experiencias innovadoras en las V Jornadas Nacionales de Ense\u00f1anza Cl\u00ednica del Derecho. Se menciona la Universidad de Talca.<\/a>\u00a0<\/div><div>\u00a0<\/div><div><b>UNIVERSIDAD DE MAGALLANES<\/b>\u00a0<br \/><a id=\"OWA03247b37-81ad-d798-a84e-f08544000132\" title=\"http:\/\/umag.cl\/2025\/11\/26\/presidente-gabriel-boric-visita-el-centro-subantartico-cabo-de-hornos-de-la-universidad-de-magallanes\/\" href=\"http:\/\/umag.cl\/2025\/11\/26\/presidente-gabriel-boric-visita-el-centro-subantartico-cabo-de-hornos-de-la-universidad-de-magallanes\/\" target=\"_blank\" rel=\"noopener noreferrer\" data-auth=\"NotApplicable\" data-linkindex=\"29\">Presidente Gabriel Boric visita el Centro Subant\u00e1rtico Cabo de Hornos de la Universidad de Magallanes. Se menciona la Universidad de Talca.<\/a>\u00a0<\/div><div>\u00a0<\/div><div><b>EL AMAULE<\/b>\u00a0<br \/><a id=\"OWA4286c344-cf13-3691-cf54-0f06a7414a2b\" title=\"https:\/\/www.elamaule.cl\/noticia\/sociedad\/muestra-de-cortometrajes-maulinos-2025-gratis-en-talca-programacion-y-horarios\" href=\"https:\/\/www.elamaule.cl\/noticia\/sociedad\/muestra-de-cortometrajes-maulinos-2025-gratis-en-talca-programacion-y-horarios\" target=\"_blank\" rel=\"noopener noreferrer\" data-auth=\"NotApplicable\" data-linkindex=\"30\">Muestra de Cortometrajes Maulinos 2025 gratis en Talca: Programaci\u00f3n y horarios. Se menciona la Universidad de Talca.<\/a>\u00a0<\/div><div>\u00a0<\/div><div><b>MEDIABANCO<\/b>\u00a0<br \/><a id=\"OWA49f7f2be-7a90-2f76-6a7b-9b99f7e4fd60\" title=\"https:\/\/www.mediabanco.com\/cinespacio-presenta-la-primera-muestra-de-cortometrajes-maulinos-en-la-utalca\/\" href=\"https:\/\/www.mediabanco.com\/cinespacio-presenta-la-primera-muestra-de-cortometrajes-maulinos-en-la-utalca\/\" target=\"_blank\" rel=\"noopener noreferrer\" data-auth=\"NotApplicable\" data-linkindex=\"31\">Cinespacio presenta la primera Muestra de Cortometrajes Maulinos en la UTalca. Se menciona la Universidad de Talca.<\/a>\u00a0<\/div><div aria-hidden=\"true\">\u00a0<\/div>\t\t\t\t\t\t<\/div>\n\t\t\t\t<\/div>\n\t\t\t\t\t<\/div>\n\t\t<\/div>\n\t\t\t\t\t\t\t<\/div>\n\t\t<\/section>\n\t\t\t\t\t\t<\/div>\n\t\t\t\t\t<\/div>\n\t\t","protected":false},"excerpt":{"rendered":"<p>DIARIO FINANCIERO\u00a0Postgrado UTalca: excelencia acad\u00e9mica, becas y foco en internacionalizaci\u00f3n. Se refiere Carlos Torres Fuchslocher, rector y Sergio Wehinger, directo de Postgrado.\u00a0\u00a0M\u00daSICA Y NOTICIAS\u00a0Entrega de ayudas t\u00e9cnicas auditivas beneficia a estudiantes de distintas comunas del Maule. Se refiere Carlos Torres Fuchslocher, rector.\u00a0\u00a0MEDIABANCO\u00a0Universidades del Estado comparten experiencias sobre vinculaci\u00f3n con el medio. Se refiere Carlos Torres &hellip;<\/p>\n<p class=\"read-more\"> <a class=\"\" href=\"https:\/\/www.reportedeprensa.utalca.cl\/?p=12949\"> <span class=\"screen-reader-text\">27 de noviembre 2025<\/span> Read More &raquo;<\/a><\/p>\n","protected":false},"author":1,"featured_media":0,"comment_status":"closed","ping_status":"open","sticky":false,"template":"","format":"standard","meta":{"_monsterinsights_skip_tracking":false,"_monsterinsights_sitenote_active":false,"_monsterinsights_sitenote_note":"","_monsterinsights_sitenote_category":0},"categories":[65],"tags":[],"_links":{"self":[{"href":"https:\/\/www.reportedeprensa.utalca.cl\/index.php?rest_route=\/wp\/v2\/posts\/12949"}],"collection":[{"href":"https:\/\/www.reportedeprensa.utalca.cl\/index.php?rest_route=\/wp\/v2\/posts"}],"about":[{"href":"https:\/\/www.reportedeprensa.utalca.cl\/index.php?rest_route=\/wp\/v2\/types\/post"}],"author":[{"embeddable":true,"href":"https:\/\/www.reportedeprensa.utalca.cl\/index.php?rest_route=\/wp\/v2\/users\/1"}],"replies":[{"embeddable":true,"href":"https:\/\/www.reportedeprensa.utalca.cl\/index.php?rest_route=%2Fwp%2Fv2%2Fcomments&post=12949"}],"version-history":[{"count":4,"href":"https:\/\/www.reportedeprensa.utalca.cl\/index.php?rest_route=\/wp\/v2\/posts\/12949\/revisions"}],"predecessor-version":[{"id":12953,"href":"https:\/\/www.reportedeprensa.utalca.cl\/index.php?rest_route=\/wp\/v2\/posts\/12949\/revisions\/12953"}],"wp:attachment":[{"href":"https:\/\/www.reportedeprensa.utalca.cl\/index.php?rest_route=%2Fwp%2Fv2%2Fmedia&parent=12949"}],"wp:term":[{"taxonomy":"category","embeddable":true,"href":"https:\/\/www.reportedeprensa.utalca.cl\/index.php?rest_route=%2Fwp%2Fv2%2Fcategories&post=12949"},{"taxonomy":"post_tag","embeddable":true,"href":"https:\/\/www.reportedeprensa.utalca.cl\/index.php?rest_route=%2Fwp%2Fv2%2Ftags&post=12949"}],"curies":[{"name":"wp","href":"https:\/\/api.w.org\/{rel}","templated":true}]}}