{"id":12957,"date":"2025-11-26T09:25:20","date_gmt":"2025-11-26T12:25:20","guid":{"rendered":"https:\/\/www.reportedeprensa.utalca.cl\/?p=12957"},"modified":"2025-11-28T09:31:39","modified_gmt":"2025-11-28T12:31:39","slug":"26-de-noviembre-2025","status":"publish","type":"post","link":"https:\/\/www.reportedeprensa.utalca.cl\/?p=12957","title":{"rendered":"26 de noviembre 2025"},"content":{"rendered":"\t\t<div data-elementor-type=\"wp-post\" data-elementor-id=\"12957\" class=\"elementor elementor-12957\" data-elementor-settings=\"[]\">\n\t\t\t\t\t\t\t<div class=\"elementor-section-wrap\">\n\t\t\t\t\t\t\t<section class=\"elementor-section elementor-top-section elementor-element elementor-element-bcea1a8 elementor-section-boxed elementor-section-height-default elementor-section-height-default\" data-id=\"bcea1a8\" data-element_type=\"section\">\n\t\t\t\t\t\t<div class=\"elementor-container elementor-column-gap-default\">\n\t\t\t\t\t<div class=\"elementor-column elementor-col-100 elementor-top-column elementor-element elementor-element-e7183bf\" data-id=\"e7183bf\" data-element_type=\"column\">\n\t\t\t<div class=\"elementor-widget-wrap elementor-element-populated\">\n\t\t\t\t\t\t\t\t<div class=\"elementor-element elementor-element-52ae646 elementor-widget elementor-widget-text-editor\" data-id=\"52ae646\" data-element_type=\"widget\" data-widget_type=\"text-editor.default\">\n\t\t\t\t<div class=\"elementor-widget-container\">\n\t\t\t\t\t\t\t\t<div><b data-olk-copy-source=\"MessageBody\">DIARIO TALCA<\/b>\u00a0<br \/><a id=\"OWAa7f54966-dc4a-9152-3367-4742f7cb5dc3\" title=\"https:\/\/diariotalca.cl\/presentan-publicacion-clave-para-la-gestion-territorial-con-descarga-gratuita\/+\" href=\"https:\/\/diariotalca.cl\/presentan-publicacion-clave-para-la-gestion-territorial-con-descarga-gratuita\/+\" target=\"_blank\" rel=\"noopener noreferrer\" data-auth=\"NotApplicable\" data-linkindex=\"0\">Presentan publicaci\u00f3n clave para la gesti\u00f3n territorial con descarga gratuita. Se refiere Carlos Torres Fuchslocher, rector.<\/a>\u00a0<\/div><div>\u00a0<\/div><div><b>CU\u00c1L ES TU HUELLA<\/b>\u00a0<br \/><a id=\"OWA1bcd330d-425d-5b13-f3ee-be850686a171\" title=\"https:\/\/www.cualestuhuella.cl\/noticia\/eventos\/2025\/11\/humanos-exposicion-gratuita-de-cuerpos-reales-llega-a-talca\" href=\"https:\/\/www.cualestuhuella.cl\/noticia\/eventos\/2025\/11\/humanos-exposicion-gratuita-de-cuerpos-reales-llega-a-talca\" target=\"_blank\" rel=\"noopener noreferrer\" data-auth=\"NotApplicable\" data-linkindex=\"1\">Humanos: Exposici\u00f3n gratuita de cuerpos reales llega a Talca. Se refiere Elisa Marinkovic, acad\u00e9mica del Departamento de Ciencias B\u00e1sicas Biom\u00e9dicas<\/a>\u00a0<\/div><div>\u00a0<\/div><div><b>MEDIABANCO<\/b>\u00a0<br \/><a id=\"OWA98d4a725-68fa-5427-68d7-dc2ae0cbb1ed\" title=\"https:\/\/www.mediabanco.com\/humanos-exposicion-gratuita-de-cuerpos-reales-llega-a-talca\/\" href=\"https:\/\/www.mediabanco.com\/humanos-exposicion-gratuita-de-cuerpos-reales-llega-a-talca\/\" target=\"_blank\" rel=\"noopener noreferrer\" data-auth=\"NotApplicable\" data-linkindex=\"2\">Humanos: Exposici\u00f3n gratuita de cuerpos reales llega a Talca. Se refiere Elisa Marinkovic, acad\u00e9mica del Departamento de Ciencias B\u00e1sicas Biom\u00e9dicas<\/a><\/div><div>\u00a0<\/div><div><b>RADIO FM M\u00c1S<\/b>\u00a0<br \/><a id=\"OWA55ef6405-4462-bc02-2e74-d73d1ddc4fb2\" title=\"https:\/\/radiofmmas.cl\/humanos-exposicion-gratuita-de-cuerpos-reales-llega-a-talca\/\" href=\"https:\/\/radiofmmas.cl\/humanos-exposicion-gratuita-de-cuerpos-reales-llega-a-talca\/\" target=\"_blank\" rel=\"noopener noreferrer\" data-auth=\"NotApplicable\" data-linkindex=\"3\">Humanos: Exposici\u00f3n gratuita de cuerpos reales llega a Talca. Se refiere Elisa Marinkovic, acad\u00e9mica del Departamento de Ciencias B\u00e1sicas Biom\u00e9dicas<\/a>\u00a0\u00a0\u00a0<\/div><div>\u00a0<\/div><div><b>EL LECTOR<\/b>\u00a0<br \/><a id=\"OWAf34a6147-454e-a797-99c1-ca30b7afe4f4\" title=\"https:\/\/www.litoralpress.cl\/paginaconsultas\/Servicios_NClipWeb\/Get_Imagen_Nota.aspx?LPKey=7IG2PNADEAX6VLYMNAQOROWCBNWVMKVYCX3WEODIAWJFFUNFXAA3BXIVGUSK2WUK53OIGIKRMA4XQ\" href=\"https:\/\/www.litoralpress.cl\/paginaconsultas\/Servicios_NClipWeb\/Get_Imagen_Nota.aspx?LPKey=7IG2PNADEAX6VLYMNAQOROWCBNWVMKVYCX3WEODIAWJFFUNFXAA3BXIVGUSK2WUK53OIGIKRMA4XQ\" target=\"_blank\" rel=\"noopener noreferrer\" data-auth=\"NotApplicable\" data-linkindex=\"4\">JUNAEB y UTalca entregaron ayudas t\u00e9cnicas auditivas a estudiantes. Se refiere Carlos Torres Fuchslocher, rector<\/a>\u00a0<\/div><div>\u00a0<\/div><div><b>LA PRENSA DE CURIC\u00d3<\/b>\u00a0<br \/><a id=\"OWA6f95bdec-5bfd-a967-19f1-08a4203c3b4a\" title=\"https:\/\/www.litoralpress.cl\/paginaconsultas\/Servicios_NClipWeb\/Get_Imagen_Nota.aspx?LPKey=3PPNTKDPOHUW2LE2NJWLJDG2KINLE6A2AVSB2JGWYTYXAFN4WRSDI77UBSENJXFVFFVRHKRRO3NZC\" href=\"https:\/\/www.litoralpress.cl\/paginaconsultas\/Servicios_NClipWeb\/Get_Imagen_Nota.aspx?LPKey=3PPNTKDPOHUW2LE2NJWLJDG2KINLE6A2AVSB2JGWYTYXAFN4WRSDI77UBSENJXFVFFVRHKRRO3NZC\" target=\"_blank\" rel=\"noopener noreferrer\" data-auth=\"NotApplicable\" data-linkindex=\"5\">Junaeb entreg\u00f3 ayudas t\u00e9cnicas auditivas a estudiantes de diversas comunas del Maule. Se refiere Carlos Torres Fuchslocher, rector<\/a>\u00a0<\/div><div>\u00a0<\/div><div><b>DIARIO LA PRENSA<\/b>\u00a0<br \/><a id=\"OWA3bde59a6-15dc-86b7-60e3-91191d7cad04\" title=\"https:\/\/new.diariolaprensa.cl\/index.php\/2025\/11\/25\/junaeb-entrego-ayudas-tecnicas-auditivas-a-estudiantes-de-diversas-comunas-del-maule\/\" href=\"https:\/\/new.diariolaprensa.cl\/index.php\/2025\/11\/25\/junaeb-entrego-ayudas-tecnicas-auditivas-a-estudiantes-de-diversas-comunas-del-maule\/\" target=\"_blank\" rel=\"noopener noreferrer\" data-auth=\"NotApplicable\" data-linkindex=\"6\">Junaeb entreg\u00f3 ayudas t\u00e9cnicas auditivas a estudiantes de diversas comunas del Maule. Se refiere Carlos Torres Fuchslocher, rector.<\/a>\u00a0<\/div><div>\u00a0<\/div><div><b>EL HERALDO<\/b>\u00a0<br \/><a id=\"OWAe15961df-f9c4-ca87-f422-7b0ddd188784\" title=\"https:\/\/www.litoralpress.cl\/paginaconsultas\/Servicios_NClipWeb\/Get_Imagen_Nota.aspx?LPKey=IKXKTI4LQILVM7URKTDDCQFBJIBBOXXQTQFB3MREVZ6BERTCNVGXIWAGDCP365LWWIJM3VPECMJQO\" href=\"https:\/\/www.litoralpress.cl\/paginaconsultas\/Servicios_NClipWeb\/Get_Imagen_Nota.aspx?LPKey=IKXKTI4LQILVM7URKTDDCQFBJIBBOXXQTQFB3MREVZ6BERTCNVGXIWAGDCP365LWWIJM3VPECMJQO\" target=\"_blank\" rel=\"noopener noreferrer\" data-auth=\"NotApplicable\" data-linkindex=\"7\">UTalca obtuvo dos premios por implementaci\u00f3n de aplicaci\u00f3n para su comunidad universitaria. <\/a><a id=\"OWAbe3e2002-0083-0d47-d51b-c4fe0f84a6d8\" title=\"https:\/\/www.radiomaulesur.cl\/2025\/11\/utalca-obtuvo-dos-premios-por.html\" href=\"https:\/\/www.radiomaulesur.cl\/2025\/11\/utalca-obtuvo-dos-premios-por.html\" target=\"_blank\" rel=\"noopener noreferrer\" data-auth=\"NotApplicable\" data-linkindex=\"8\">Se refiere Felipe Besoain Pino director de Tecnolog\u00edas Educativas\u202f\u00a0<\/a>\u00a0<\/div><div>\u00a0<\/div><div><b>\u00a0MAULE HOY<\/b>\u00a0<br \/><a id=\"OWAd6b0b6a5-e02b-1308-26a8-c3d42a5e063d\" title=\"https:\/\/www.litoralpress.cl\/paginaconsultas\/Servicios_NClipWeb\/Get_Imagen_Nota.aspx?LPKey=32FS4474HRTZWDXGCIEGTW2337XBZSCGCOQKQ7EXHUG6PE2KLCCEPZCQICODGTSJYM2OVMZUKGUSG\" href=\"https:\/\/www.litoralpress.cl\/paginaconsultas\/Servicios_NClipWeb\/Get_Imagen_Nota.aspx?LPKey=32FS4474HRTZWDXGCIEGTW2337XBZSCGCOQKQ7EXHUG6PE2KLCCEPZCQICODGTSJYM2OVMZUKGUSG\" target=\"_blank\" rel=\"noopener noreferrer\" data-auth=\"NotApplicable\" data-linkindex=\"9\">UTalca obtuvo dos premios por implementaci\u00f3n de aplicaci\u00f3n para su comunidad universitaria. Se refiere Felipe Besoain Pino director de Tecnolog\u00edas Educativas<\/a>\u00a0<\/div><div>\u00a0<\/div><div><b>RADIO FM M\u00c1S<\/b>\u00a0<br \/><a id=\"OWA30e070b4-9f94-b5ee-8569-15f385547b89\" title=\"https:\/\/radiofmmas.cl\/utalca-obtuvo-dos-premios-por-implementacion-de-aplicacion-para-su-comunidad-universitaria\/%22%20\/o%20%22https:\/\/www.radiomaulesur.cl\/2025\/11\/utalca-obtuvo-dos-premios-por.html\" href=\"https:\/\/radiofmmas.cl\/utalca-obtuvo-dos-premios-por-implementacion-de-aplicacion-para-su-comunidad-universitaria\/%22%20\/o%20%22https:\/\/www.radiomaulesur.cl\/2025\/11\/utalca-obtuvo-dos-premios-por.html\" target=\"_blank\" rel=\"noopener noreferrer\" data-auth=\"NotApplicable\" data-linkindex=\"10\">UTalca obtuvo dos premios por implementaci\u00f3n de aplicaci\u00f3n para su comunidad universitaria. Se refiere Felipe Besoain Pino director de Tecnolog\u00edas Educativas<\/a><\/div><div><a id=\"OWA30e070b4-9f94-b5ee-8569-15f385547b89\" title=\"https:\/\/radiofmmas.cl\/utalca-obtuvo-dos-premios-por-implementacion-de-aplicacion-para-su-comunidad-universitaria\/%22%20\/o%20%22https:\/\/www.radiomaulesur.cl\/2025\/11\/utalca-obtuvo-dos-premios-por.html\" href=\"https:\/\/radiofmmas.cl\/utalca-obtuvo-dos-premios-por-implementacion-de-aplicacion-para-su-comunidad-universitaria\/%22%20\/o%20%22https:\/\/www.radiomaulesur.cl\/2025\/11\/utalca-obtuvo-dos-premios-por.html\" target=\"_blank\" rel=\"noopener noreferrer\" data-auth=\"NotApplicable\" data-linkindex=\"10\">\u202f<\/a>\u00a0<\/div><div><b>PRENSA EVENTOS<\/b>\u00a0<br \/>\u201cUn Paseo por la M\u00fasica\u201d: concierto sinf\u00f3nico gratuito reunir\u00e1 a miles de personas en Talca. V\u00edctor Hugo Toro, director de la Orquesta Sinf\u00f3nica.\u00a0<\/div><div>\u00a0<\/div><div><b>MUSICA Y NOTICIAS<\/b>\u00a0<br \/><a id=\"OWA487bd0a0-042b-abfa-c4c3-8cb35f144163\" title=\"https:\/\/www.musicaynoticias.cl\/cultura-y-espectaculos\/talca-vivira-un-concierto-sinfonico-gratuito-con-espiritu-navideno-en-el-sector-oriente\/\" href=\"https:\/\/www.musicaynoticias.cl\/cultura-y-espectaculos\/talca-vivira-un-concierto-sinfonico-gratuito-con-espiritu-navideno-en-el-sector-oriente\/\" target=\"_blank\" rel=\"noopener noreferrer\" data-auth=\"NotApplicable\" data-linkindex=\"11\">Talca vivir\u00e1 un concierto sinf\u00f3nico gratuito con esp\u00edritu navide\u00f1o en el sector oriente. V\u00edctor Hugo Toro, director de la Orquesta Sinf\u00f3nica.<\/a>\u00a0<\/div><div>\u00a0<\/div><div><b>DIARIO LA MA\u00d1ANA<\/b>\u00a0<br \/><a id=\"OWA5c3deacc-042f-970e-a531-2d74141e77ef\" title=\"https:\/\/xn--diariolamaana-rkb.cl\/talca-vive-la-musica-bajo-las-estrellas\/\" href=\"https:\/\/xn--diariolamaana-rkb.cl\/talca-vive-la-musica-bajo-las-estrellas\/\" target=\"_blank\" rel=\"noopener noreferrer\" data-auth=\"NotApplicable\" data-linkindex=\"12\">Talca vive la m\u00fasica bajo las estrellas. Se refiere V\u00edctor Hugo Toro, director de la Orquesta Sinf\u00f3nica.<\/a>\u00a0<\/div><div>\u00a0<\/div><div><b>AM NOTICIAS<\/b>\u00a0<br \/><a id=\"OWAd14c6953-58b4-e330-fada-7363e3cdb3ad\" title=\"https:\/\/xn--diariolamaana-rkb.cl\/talca-vive-la-musica-bajo-las-estrellas\/\" href=\"https:\/\/xn--diariolamaana-rkb.cl\/talca-vive-la-musica-bajo-las-estrellas\/\" target=\"_blank\" rel=\"noopener noreferrer\" data-auth=\"NotApplicable\" data-linkindex=\"13\">Talca vive la m\u00fasica bajo las estrellas.\u00a0 Se refiere V\u00edctor Hugo Toro, director de la Orquesta Sinf\u00f3nica.<\/a>\u00a0<\/div><div>\u00a0<\/div><div><b>PUBLIMICRO<\/b>\u00a0<br \/><a id=\"OWA6c453e6f-7be7-956b-bb2d-47ea83a4e339\" title=\"https:\/\/publimicro.cl\/talca-concierto-gratuito-un-paseo-por-la-musica-reunira-orquestas-de-la-utalca-y-el-trm-este-6-de-diciembre\/\" href=\"https:\/\/publimicro.cl\/talca-concierto-gratuito-un-paseo-por-la-musica-reunira-orquestas-de-la-utalca-y-el-trm-este-6-de-diciembre\/\" target=\"_blank\" rel=\"noopener noreferrer\" data-auth=\"NotApplicable\" data-linkindex=\"14\">Talca: Concierto gratuito \u201cUn Paseo por la M\u00fasica\u201d reunir\u00e1 orquestas de la UTalca y el TRM este 6 de diciembre. Se refiere V\u00edctor Hugo Toro, director de la Orquesta Sinf\u00f3nica.<\/a>\u00a0<\/div><div>\u00a0<\/div><div><b>MAULE NEWS<\/b>\u00a0<br \/><a id=\"OWA4a30846b-c2c6-e717-c6e6-ee9814765199\" title=\"https:\/\/www.maulenews.com\/2025\/11\/un-paseo-por-la-musica-concierto.html\" href=\"https:\/\/www.maulenews.com\/2025\/11\/un-paseo-por-la-musica-concierto.html\" target=\"_blank\" rel=\"noopener noreferrer\" data-auth=\"NotApplicable\" data-linkindex=\"15\">\u201cUn Paseo por la M\u00fasica\u201d: concierto sinf\u00f3nico gratuito reunir\u00e1 a miles de personas en Talca. Se refiere V\u00edctor Hugo Toro, director de la Orquesta Sinf\u00f3nica.<\/a>\u00a0<\/div><div>\u00a0<\/div><div><b>MAULE HOY<\/b>\u00a0<br \/><a id=\"OWA236d66e7-8033-d9d9-bd27-0c88e7b08de7\" title=\"https:\/\/www.litoralpress.cl\/paginaconsultas\/Servicios_NClipWeb\/Get_Imagen_Nota.aspx?LPKey=35E2EPE5FI3D3IGRBSWNATOH7I47IYIB5FKIIC6WPZCKJ5EFJDVSKLRXE4C5CZ6OWU2B3Y4BUDXF4\" href=\"https:\/\/www.litoralpress.cl\/paginaconsultas\/Servicios_NClipWeb\/Get_Imagen_Nota.aspx?LPKey=35E2EPE5FI3D3IGRBSWNATOH7I47IYIB5FKIIC6WPZCKJ5EFJDVSKLRXE4C5CZ6OWU2B3Y4BUDXF4\" target=\"_blank\" rel=\"noopener noreferrer\" data-auth=\"NotApplicable\" data-linkindex=\"16\">Estudiantes PACE viven experiencia de exploraci\u00f3n pedag\u00f3gica en la UTalca. Se refiere Iv\u00e1n Baeza Barra, coordinador ejecutivo del PACE\u202f<\/a>\u00a0<\/div><div>\u00a0<\/div><div><b>RADIO CRISTALINA<\/b>\u00a0<br \/><a id=\"OWAa502bd8c-252b-b6ab-3fc0-1dc0f034f74b\" title=\"https:\/\/radiocristalina.cl\/estudiantes-pace-viven-experiencia-de-exploracion-pedagogica-en-la-utalca\/\" href=\"https:\/\/radiocristalina.cl\/estudiantes-pace-viven-experiencia-de-exploracion-pedagogica-en-la-utalca\/\" target=\"_blank\" rel=\"noopener noreferrer\" data-auth=\"NotApplicable\" data-linkindex=\"17\">Estudiantes PACE viven experiencia de exploraci\u00f3n pedag\u00f3gica en la UTalca. Se refiere Iv\u00e1n Baeza Barra, coordinador ejecutivo del PACE\u202f<\/a>\u00a0<\/div><div>\u00a0<\/div><div><b>RADIO FM M\u00c1S<\/b>\u00a0<br \/><a id=\"OWA3f15997a-b8cb-f9f0-310a-2ce0bec0dc73\" title=\"https:\/\/radiofmmas.cl\/estudiantes-pace-viven-experiencia-de-exploracion-pedagogica-en-la-utalca\/\" href=\"https:\/\/radiofmmas.cl\/estudiantes-pace-viven-experiencia-de-exploracion-pedagogica-en-la-utalca\/\" target=\"_blank\" rel=\"noopener noreferrer\" data-auth=\"NotApplicable\" data-linkindex=\"18\">Estudiantes PACE viven experiencia de exploraci\u00f3n pedag\u00f3gica en la UTalca. Se refiere Iv\u00e1n Baeza Barra, coordinador ejecutivo del PACE<\/a>\u00a0<\/div><div>\u00a0<\/div><div><b>RADIO SANTA CRUZ<\/b>\u00a0<br \/><a id=\"OWAc7152d21-4da9-398f-9453-42cfccc13168\" title=\"https:\/\/www.litoralpress.cl\/sitio\/RadioTV_Detalles.cshtml?LPKey=ERGNMHIU5LGALRF3H4ODNX6UQAOFTUD5CAQKVEE2ZYXDFLFTYKHGOUQLGNCAOWYRZPURIECJ6NFL6\" href=\"https:\/\/www.litoralpress.cl\/sitio\/RadioTV_Detalles.cshtml?LPKey=ERGNMHIU5LGALRF3H4ODNX6UQAOFTUD5CAQKVEE2ZYXDFLFTYKHGOUQLGNCAOWYRZPURIECJ6NFL6\" target=\"_blank\" rel=\"noopener noreferrer\" data-auth=\"NotApplicable\" data-linkindex=\"19\">Entrevista a Anyelina Riveros L\u00f3pez, coordinadora de la carrera T\u00e9cnico Superior en Turismo Enol\u00f3gico<\/a>\u00a0<\/div><div>\u00a0<\/div><div><b>LAS \u00daLTIMAS NOTICIAS<\/b>\u00a0<br \/><a id=\"OWAb305322b-cd43-d50e-22b4-7f7da8043887\" title=\"https:\/\/www.litoralpress.cl\/paginaconsultas\/Servicios_NClipWeb\/Get_Imagen_Nota.aspx?LPKey=OFP4NE6ETX2DMIPB3PNA3O4ELZYCOTWWTKR4ACWEMKSUBDUXL5EJ2RX2ZEUQOVAICZNLTE5A6HKO2\" href=\"https:\/\/www.litoralpress.cl\/paginaconsultas\/Servicios_NClipWeb\/Get_Imagen_Nota.aspx?LPKey=OFP4NE6ETX2DMIPB3PNA3O4ELZYCOTWWTKR4ACWEMKSUBDUXL5EJ2RX2ZEUQOVAICZNLTE5A6HKO2\" target=\"_blank\" rel=\"noopener noreferrer\" data-auth=\"NotApplicable\" data-linkindex=\"20\">Admisi\u00f3n 2026: hay m\u00e1s de 2.100 cupos para entrar a estudiar Medicina.\u00a0 Se menciona la Universidad Talca.<\/a>\u00a0<\/div><div>\u00a0<\/div><div><b>EL HERALDO<\/b>\u00a0<br \/><a id=\"OWAaf7db76d-a04d-2b41-5726-2593c2f7b4b5\" title=\"https:\/\/www.litoralpress.cl\/paginaconsultas\/Servicios_NClipWeb\/Get_Imagen_Nota.aspx?LPKey=VDMON75NYHL4P53YCI7AKE3OFQOFBYZCSC5WBL53PMYBAO6GZZJZDBO55TSLVW3WSDCIY2T25JMDC\" href=\"https:\/\/www.litoralpress.cl\/paginaconsultas\/Servicios_NClipWeb\/Get_Imagen_Nota.aspx?LPKey=VDMON75NYHL4P53YCI7AKE3OFQOFBYZCSC5WBL53PMYBAO6GZZJZDBO55TSLVW3WSDCIY2T25JMDC\" target=\"_blank\" rel=\"noopener noreferrer\" data-auth=\"NotApplicable\" data-linkindex=\"21\">Pel\u00edcula Denominaci\u00f3n de Origen se presentar\u00e1 gratis en el Campus Linares de la UTalca. Se menciona la Universidad de Talca.<\/a>\u00a0<\/div><div>\u00a0<\/div><div><b>EL LECTOR<\/b>\u00a0<br \/><a id=\"OWA16c0a930-8415-4792-d43f-45e571a839f5\" title=\"https:\/\/www.litoralpress.cl\/paginaconsultas\/Servicios_NClipWeb\/Get_Imagen_Nota.aspx?LPKey=VDH2IM3PYVRV3DG7O2LD7C3JVV4IKNHQIUWKXYRGFKSBGW7BDU3VOGBA55KJNEL2CHCZPNRMYOU7U\" href=\"https:\/\/www.litoralpress.cl\/paginaconsultas\/Servicios_NClipWeb\/Get_Imagen_Nota.aspx?LPKey=VDH2IM3PYVRV3DG7O2LD7C3JVV4IKNHQIUWKXYRGFKSBGW7BDU3VOGBA55KJNEL2CHCZPNRMYOU7U\" target=\"_blank\" rel=\"noopener noreferrer\" data-auth=\"NotApplicable\" data-linkindex=\"22\">Pel\u00edcula Denominaci\u00f3n de Origen se presentar\u00e1 gratis en el Campus Linares de la UTalca. Se menciona la Universidad de Talca.<\/a>\u00a0<\/div><div>\u00a0<\/div><div><b>LA PRENSA DE CURIC\u00d3<\/b>\u00a0<br \/><a id=\"OWA270f702a-21e2-3b90-11d4-aa92f62c6827\" title=\"https:\/\/www.litoralpress.cl\/paginaconsultas\/Servicios_NClipWeb\/Get_Imagen_Nota.aspx?LPKey=NHOHBAR6LIOCYPZMYR5UDJUUXLFZ6A526GBHBXWEYXTMRRSAWF4FYGITY3O23LWFUVWSXN7QJ5H5G\" href=\"https:\/\/www.litoralpress.cl\/paginaconsultas\/Servicios_NClipWeb\/Get_Imagen_Nota.aspx?LPKey=NHOHBAR6LIOCYPZMYR5UDJUUXLFZ6A526GBHBXWEYXTMRRSAWF4FYGITY3O23LWFUVWSXN7QJ5H5G\" target=\"_blank\" rel=\"noopener noreferrer\" data-auth=\"NotApplicable\" data-linkindex=\"23\">Sucede. Se menciona la Universidad de Talca.<\/a>\u00a0\u00a0<\/div><div>\u00a0<\/div><div><b>LA PRENSA DE CURIC\u00d3<\/b>\u00a0<br \/><a id=\"OWA8435166c-0f54-0f7d-42e1-9703907b65f6\" title=\"https:\/\/www.litoralpress.cl\/paginaconsultas\/Servicios_NClipWeb\/Get_Imagen_Nota.aspx?LPKey=N2RZFCNFTESSC4Y3F3RCV6K2F4CS46BYMDNDG5DJLUBLZPR67LOA4COX7IKP2VZS4LF2JQKS26GVI\" href=\"https:\/\/www.litoralpress.cl\/paginaconsultas\/Servicios_NClipWeb\/Get_Imagen_Nota.aspx?LPKey=N2RZFCNFTESSC4Y3F3RCV6K2F4CS46BYMDNDG5DJLUBLZPR67LOA4COX7IKP2VZS4LF2JQKS26GVI\" target=\"_blank\" rel=\"noopener noreferrer\" data-auth=\"NotApplicable\" data-linkindex=\"24\">Los Patapela llegan al Maule celebrando sus 10 a\u00f1os de vida. Semenciona la Universidad de Talca.<\/a>\u00a0<\/div><div>\u00a0<\/div><div><b>MAULE HOY<\/b>\u00a0<br \/><a id=\"OWAc0b81d8b-3880-8822-cb6e-6fb975b82590\" title=\"http:\/\/litoralpress.cl\/paginaconsultas\/Servicios_NClipWeb\/Get_Imagen_Nota.aspx?LPKey=KSWGUSUB5YVZS3AFXRJLHHFUQWSGFFGU6URP2UR2JVSDKWMXFPQCTNLNDJ6F63RLTGHF7NBUT56EG\" href=\"http:\/\/litoralpress.cl\/paginaconsultas\/Servicios_NClipWeb\/Get_Imagen_Nota.aspx?LPKey=KSWGUSUB5YVZS3AFXRJLHHFUQWSGFFGU6URP2UR2JVSDKWMXFPQCTNLNDJ6F63RLTGHF7NBUT56EG\" target=\"_blank\" rel=\"noopener noreferrer\" data-auth=\"NotApplicable\" data-linkindex=\"25\">Pel\u00edcula Denominaci\u00f3n de Origen se presentar\u00e1 gratis en el Campus Linares de la UTalca. Se menciona la Universidad de Talca.<\/a>\u00a0<\/div><div>\u00a0<\/div><div><b>RADIO TELE13<\/b>\u00a0<br \/><a id=\"OWAb37ed904-7a4d-3cbc-a919-d2a35ddc8329\" title=\"https:\/\/www.litoralpress.cl\/sitio\/RadioTV_Detalles.cshtml?LPKey=STMM3TG3ETESS32JEFV5SG3NYF2Y6UCMHHUI3OOVQVK2EV5XYMMCUCLMI7JX7GQHZ2AABJB2EKPSQ\" href=\"https:\/\/www.litoralpress.cl\/sitio\/RadioTV_Detalles.cshtml?LPKey=STMM3TG3ETESS32JEFV5SG3NYF2Y6UCMHHUI3OOVQVK2EV5XYMMCUCLMI7JX7GQHZ2AABJB2EKPSQ\" target=\"_blank\" rel=\"noopener noreferrer\" data-auth=\"NotApplicable\" data-linkindex=\"26\">Los problemas del poder judicial. Se menciona la Universidad de Talca.<\/a>\u00a0<\/div><div>\u00a0<\/div><div><b>DIARIO EL HERALDO<\/b>\u00a0<br \/><a id=\"OWA723fa9f8-8a76-ed5d-2edb-aaf6d4cfc3fb\" title=\"https:\/\/www.diarioelheraldo.cl\/noticia\/pelicula-denominacion-de-origen-se-presentara-gratis-en-el-campus-linares-de-la-utalca-\" href=\"https:\/\/www.diarioelheraldo.cl\/noticia\/pelicula-denominacion-de-origen-se-presentara-gratis-en-el-campus-linares-de-la-utalca-\" target=\"_blank\" rel=\"noopener noreferrer\" data-auth=\"NotApplicable\" data-linkindex=\"27\">Pel\u00edcula Denominaci\u00f3n de Origen se presentar\u00e1 gratis en el Campus Linares de la UTalca. Se menciona la Universidad de Talca.<\/a>\u00a0<\/div><div>\u00a0<\/div><div><b>RADIO FM MAS<\/b>\u00a0<br \/><a id=\"OWAb098bac3-5e35-ab77-7629-25fefdbb4be7\" title=\"https:\/\/radiofmmas.cl\/felina-2025-pelicula-denominacion-de-origen-se-presentara-gratis-en-el-campus-linares-de-la-utalca\/\" href=\"https:\/\/radiofmmas.cl\/felina-2025-pelicula-denominacion-de-origen-se-presentara-gratis-en-el-campus-linares-de-la-utalca\/\" target=\"_blank\" rel=\"noopener noreferrer\" data-auth=\"NotApplicable\" data-linkindex=\"28\">Felina 2025: Pel\u00edcula Denominaci\u00f3n de Origen se presentar\u00e1 gratis en el Campus Linares de la UTalca. Se menciona la universidad de Talca.<\/a>\u00a0<\/div><div>\u00a0<\/div><div><b>DIARIO EL CENTRO<\/b>\u00a0<br \/><a id=\"OWA9d25b56c-b1c1-1585-a148-7c9e49afb813\" title=\"https:\/\/www.diarioelcentro.cl\/2025\/11\/25\/festival-felina-revela-programacion-2025-con-estrenos-gratuitos-en-gran-parte-del-maule\/\" href=\"https:\/\/www.diarioelcentro.cl\/2025\/11\/25\/festival-felina-revela-programacion-2025-con-estrenos-gratuitos-en-gran-parte-del-maule\/\" target=\"_blank\" rel=\"noopener noreferrer\" data-auth=\"NotApplicable\" data-linkindex=\"29\">Festival Felina revela programaci\u00f3n 2025 con estrenos gratuitos en gran parte del Maule. Se menciona la Universidad de Talca.<\/a>\u00a0<\/div><div>\u00a0<\/div><div><b>DIARIO EL CENTRO<\/b>\u00a0<br \/><a id=\"OWA8526e480-89f2-3d33-39b2-f0988a317fd6\" title=\"https:\/\/www.diarioelcentro.cl\/2025\/11\/25\/ingenieros-de-la-universidad-de-talca-crean-nueva-plataforma-tecnologica-que-moderniza-la-tributacion-agricola\/\" href=\"https:\/\/www.diarioelcentro.cl\/2025\/11\/25\/ingenieros-de-la-universidad-de-talca-crean-nueva-plataforma-tecnologica-que-moderniza-la-tributacion-agricola\/\" target=\"_blank\" rel=\"noopener noreferrer\" data-auth=\"NotApplicable\" data-linkindex=\"30\">Ingenieros de la Universidad de Talca crean nueva plataforma tecnol\u00f3gica que moderniza la tributaci\u00f3n agr\u00edcola<\/a>\u00a0<\/div><div>\u00a0<\/div><div><b>CANDILEJAS<\/b>\u00a0<br \/><a id=\"OWAfaa2ef7b-d69e-3158-087b-2c5d6e6a9b11\" title=\"https:\/\/candilejas.cl\/wp\/2025\/11\/25\/diez-anos-de-vida-celebra-el-grupo-los-patapela\/\" href=\"https:\/\/candilejas.cl\/wp\/2025\/11\/25\/diez-anos-de-vida-celebra-el-grupo-los-patapela\/\" target=\"_blank\" rel=\"noopener noreferrer\" data-auth=\"NotApplicable\" data-linkindex=\"31\">Diez a\u00f1os de vida celebra el grupo \u201cLos Patapel\u00e1\u201d. Universidad de Talca.<\/a>\u00a0<\/div><div>\u00a0<\/div><div><b>EL MAULE INFORMA<\/b>\u00a0<br \/><a id=\"OWA1e41b71e-00df-846f-6710-a003f8dcb4c9\" title=\"https:\/\/elmauleinforma.cl\/escritor-y-poeta-jordi-lloret-presenta-en-talca-su-libro-los-morenos\/\" href=\"https:\/\/elmauleinforma.cl\/escritor-y-poeta-jordi-lloret-presenta-en-talca-su-libro-los-morenos\/\" target=\"_blank\" rel=\"noopener noreferrer\" data-auth=\"NotApplicable\" data-linkindex=\"32\">Escritor y poeta Jordi Lloret presenta en Talca su libro \u201cLos Morenos\u201d. Semenciona la Universidad de Talca.<\/a>\u00a0<\/div><div>\u00a0<\/div><div><b>PRENSA PRESIDENCIA<\/b>\u00a0<br \/><a id=\"OWA890020cb-e66c-73f2-6718-24d58dcda2bf\" title=\"https:\/\/prensa.presidencia.cl\/comunicado.aspx?id=306848\" href=\"https:\/\/prensa.presidencia.cl\/comunicado.aspx?id=306848\" target=\"_blank\" rel=\"noopener noreferrer\" data-auth=\"NotApplicable\" data-linkindex=\"33\">Presidente Gabriel Boric visita el Centro Subant\u00e1rtico Cabo de Hornos de la Universidad de Magallanes. Se menciona la Universidad de Talca.<\/a>\u00a0<\/div>\t\t\t\t\t\t<\/div>\n\t\t\t\t<\/div>\n\t\t\t\t\t<\/div>\n\t\t<\/div>\n\t\t\t\t\t\t\t<\/div>\n\t\t<\/section>\n\t\t\t\t\t\t<\/div>\n\t\t\t\t\t<\/div>\n\t\t","protected":false},"excerpt":{"rendered":"<p>DIARIO TALCA\u00a0Presentan publicaci\u00f3n clave para la gesti\u00f3n territorial con descarga gratuita. Se refiere Carlos Torres Fuchslocher, rector.\u00a0\u00a0CU\u00c1L ES TU HUELLA\u00a0Humanos: Exposici\u00f3n gratuita de cuerpos reales llega a Talca. Se refiere Elisa Marinkovic, acad\u00e9mica del Departamento de Ciencias B\u00e1sicas Biom\u00e9dicas\u00a0\u00a0MEDIABANCO\u00a0Humanos: Exposici\u00f3n gratuita de cuerpos reales llega a Talca. Se refiere Elisa Marinkovic, acad\u00e9mica del Departamento de &hellip;<\/p>\n<p class=\"read-more\"> <a class=\"\" href=\"https:\/\/www.reportedeprensa.utalca.cl\/?p=12957\"> <span class=\"screen-reader-text\">26 de noviembre 2025<\/span> Read More &raquo;<\/a><\/p>\n","protected":false},"author":1,"featured_media":0,"comment_status":"closed","ping_status":"open","sticky":false,"template":"","format":"standard","meta":{"_monsterinsights_skip_tracking":false,"_monsterinsights_sitenote_active":false,"_monsterinsights_sitenote_note":"","_monsterinsights_sitenote_category":0},"categories":[65],"tags":[],"_links":{"self":[{"href":"https:\/\/www.reportedeprensa.utalca.cl\/index.php?rest_route=\/wp\/v2\/posts\/12957"}],"collection":[{"href":"https:\/\/www.reportedeprensa.utalca.cl\/index.php?rest_route=\/wp\/v2\/posts"}],"about":[{"href":"https:\/\/www.reportedeprensa.utalca.cl\/index.php?rest_route=\/wp\/v2\/types\/post"}],"author":[{"embeddable":true,"href":"https:\/\/www.reportedeprensa.utalca.cl\/index.php?rest_route=\/wp\/v2\/users\/1"}],"replies":[{"embeddable":true,"href":"https:\/\/www.reportedeprensa.utalca.cl\/index.php?rest_route=%2Fwp%2Fv2%2Fcomments&post=12957"}],"version-history":[{"count":4,"href":"https:\/\/www.reportedeprensa.utalca.cl\/index.php?rest_route=\/wp\/v2\/posts\/12957\/revisions"}],"predecessor-version":[{"id":12961,"href":"https:\/\/www.reportedeprensa.utalca.cl\/index.php?rest_route=\/wp\/v2\/posts\/12957\/revisions\/12961"}],"wp:attachment":[{"href":"https:\/\/www.reportedeprensa.utalca.cl\/index.php?rest_route=%2Fwp%2Fv2%2Fmedia&parent=12957"}],"wp:term":[{"taxonomy":"category","embeddable":true,"href":"https:\/\/www.reportedeprensa.utalca.cl\/index.php?rest_route=%2Fwp%2Fv2%2Fcategories&post=12957"},{"taxonomy":"post_tag","embeddable":true,"href":"https:\/\/www.reportedeprensa.utalca.cl\/index.php?rest_route=%2Fwp%2Fv2%2Ftags&post=12957"}],"curies":[{"name":"wp","href":"https:\/\/api.w.org\/{rel}","templated":true}]}}