{"id":12963,"date":"2025-11-28T12:13:30","date_gmt":"2025-11-28T15:13:30","guid":{"rendered":"https:\/\/www.reportedeprensa.utalca.cl\/?p=12963"},"modified":"2025-11-28T12:14:43","modified_gmt":"2025-11-28T15:14:43","slug":"28-de-noviembre-2025","status":"publish","type":"post","link":"https:\/\/www.reportedeprensa.utalca.cl\/?p=12963","title":{"rendered":"28 de noviembre 2025"},"content":{"rendered":"\t\t<div data-elementor-type=\"wp-post\" data-elementor-id=\"12963\" class=\"elementor elementor-12963\" data-elementor-settings=\"[]\">\n\t\t\t\t\t\t\t<div class=\"elementor-section-wrap\">\n\t\t\t\t\t\t\t<section class=\"elementor-section elementor-top-section elementor-element elementor-element-bcea1a8 elementor-section-boxed elementor-section-height-default elementor-section-height-default\" data-id=\"bcea1a8\" data-element_type=\"section\">\n\t\t\t\t\t\t<div class=\"elementor-container elementor-column-gap-default\">\n\t\t\t\t\t<div class=\"elementor-column elementor-col-100 elementor-top-column elementor-element elementor-element-e7183bf\" data-id=\"e7183bf\" data-element_type=\"column\">\n\t\t\t<div class=\"elementor-widget-wrap elementor-element-populated\">\n\t\t\t\t\t\t\t\t<div class=\"elementor-element elementor-element-52ae646 elementor-widget elementor-widget-text-editor\" data-id=\"52ae646\" data-element_type=\"widget\" data-widget_type=\"text-editor.default\">\n\t\t\t\t<div class=\"elementor-widget-container\">\n\t\t\t\t\t\t\t\t<p><b><span data-contrast=\"auto\">LA PRENSA DE CURIC\u00d3<\/span><\/b>\u00a0<br \/><a href=\"https:\/\/www.litoralpress.cl\/paginaconsultas\/Servicios_NClipWeb\/Get_Imagen_Nota.aspx?LPKey=TIK6RJ42QGK7NHKGLB32FSYM3YAWNGSIPA3ALMXQXFWGVRHTWZQYOAKNAUUBHIUTJOBENEEOU564O\"><span data-contrast=\"none\">Junaeb y UTalca entregaron ayudas t\u00e9cnicas auditivas a estudiantes. Se refiere Carlos Torres Fuchslocher, rector.<\/span><\/a><span data-contrast=\"auto\">\u00a0<\/span><span data-ccp-props=\"{}\">\u00a0<\/span><\/p><p>\u00a0<\/p><p><b><span data-contrast=\"auto\">MEDIABANCO<\/span><\/b>\u00a0<br \/><a href=\"https:\/\/www.mediabanco.com\/con-beca-de-movilidad-internacional-utalca-potencia-pedagogias\/\"><span data-contrast=\"none\">Con beca de movilidad internacional UTalca potencia pedagog\u00edas. Se refiere <\/span><span data-contrast=\"none\">Mauricio V\u00e9liz Campos, decano de la Facultad de Ciencias de la Educaci\u00f3n.<\/span><\/a><span data-ccp-props=\"{}\">\u00a0<\/span><\/p><p>\u00a0<\/p><p><b><span data-contrast=\"auto\">EL MERCURIO<\/span><\/b>\u00a0<br \/><a href=\"https:\/\/www.litoralpress.cl\/paginaconsultas\/Servicios_NClipWeb\/Get_Imagen_Nota.aspx?LPKey=ZF5WGPW52BKJHEADGU6H454HF2WZLO2Z5P4VM6E2RX6XAZBLZI6QT3GSSM2UL5SYPYP6EXMIN2YJY\"><span data-contrast=\"none\">En Madrid: Dos miradas sobre Zurita. Se menciona la Universidad de Talca<\/span><\/a><span data-ccp-props=\"{}\">\u00a0<\/span><\/p><p>\u00a0<\/p><p><b><span data-contrast=\"auto\">LA TERCERA ONLINE<\/span><\/b>\u00a0<br \/><a href=\"https:\/\/www.latercera.com\/nacional\/noticia\/con-la-disidencia-de-la-uc-y-la-udp-consejo-de-rectores-acuerda-seguir-trabajando-indicaciones-al-fes-junto-al-mineduc\/\"><span data-contrast=\"none\">Con la disidencia de la UC y la UDP, Consejo de Rectores acuerda seguir trabajando indicaciones al FES junto al Mineduc. Se menciona la Universidad de Talca.<\/span><\/a><span data-ccp-props=\"{}\">\u00a0<\/span><\/p><p>\u00a0<\/p><p><b><span data-contrast=\"auto\">LA PRENSA DE CURIC\u00d3<\/span><\/b>\u00a0<br \/><a href=\"https:\/\/www.litoralpress.cl\/sitio\/Prensa_Cortes.cshtml?LPKey=RSK55PWGJGFJHSMUKWNEANEE53I4DI2UV2XADSK2L7EC2D5MCNMA\"><span data-contrast=\"none\">Concierto sinf\u00f3nico gratuito \u201cUn Paseo por la M\u00fasica\u201d busca reunir a miles de personas en la capital regional. Se refiere V\u00edctor Hugo Toro, director de la Orquesta Sinf\u00f3nica y del Coro.<\/span><\/a><span data-contrast=\"auto\">\u00a0<\/span><span data-ccp-props=\"{}\">\u00a0<\/span><\/p><p>\u00a0<\/p><p><b><span data-contrast=\"auto\">RADIO INFINITA<\/span><\/b>\u00a0<br \/><a href=\"https:\/\/www.infinita.cl\/columnas\/2025\/11\/27\/analisis-politico-el-tenso-foro-social-de-los-aspirantes-a-la-moneda.html\"><span data-contrast=\"none\">El tenso foro social de los aspirantes a La Moneda. Se refiere Mauricio Morales Quiroga, director del Centro de An\u00e1lisis Pol\u00edtico (CAP-UTalca).<\/span><\/a><span data-ccp-props=\"{}\">\u00a0<\/span><\/p><p>\u00a0<\/p><p><b><span data-contrast=\"auto\">EMOL<\/span><\/b>\u00a0<br \/><a href=\"https:\/\/www.emol.com\/noticias\/Nacional\/2025\/11\/27\/1184381\/analisis-foro-kast-y-jara.html\"><span data-contrast=\"none\">\u00bfCambiar\u00e1 algo?: An\u00e1lisis al desempe\u00f1o de Kast y Jara en su primer cara a cara y la alerta para la carta oficialista. Se refiere Mario Herrera Mu\u00f1oz, acad\u00e9mico del Centro de An\u00e1lisis Pol\u00edtico (CAP-UTalca).<\/span><\/a><span data-ccp-props=\"{}\">\u00a0<\/span><\/p><p>\u00a0<\/p><p><b><span data-contrast=\"auto\">EL DIARIO DE SANTIAGO<\/span><\/b>\u00a0<br \/><a href=\"https:\/\/eldiariodesantiago.cl\/2025\/11\/27\/expertos-analizan-el-primer-cara-a-cara-entre-los-presidenciables-a-jara-no-le-alcanza-con-su-agresividad-para-ganar-el-balotaje\/\"><span data-contrast=\"none\">Expertos analizan el primer cara a cara entre los presidenciables: a Jara no le alcanza con su agresividad para ganar el balotaje. Se refiere Mario Herrera Mu\u00f1oz, acad\u00e9mico del Centro de An\u00e1lisis Pol\u00edtico (CAP-UTalca).<\/span><\/a><span data-ccp-props=\"{}\">\u00a0<\/span><\/p><p>\u00a0<\/p><p><b><span data-contrast=\"auto\">DIARIO EL CENTRO<\/span><\/b>\u00a0<br \/><a href=\"https:\/\/www.diarioelcentro.cl\/2025\/11\/27\/congreso-internacional-de-patologia-bucomaxilofacial-reunio-a-mas-de-120-especialistas-en-la-universidad-de-talca\/\"><span data-contrast=\"none\">Congreso Internacional de Patolog\u00eda Bucomaxilofacial reuni\u00f3 a m\u00e1s de 120 especialistas en la Universidad de Talca. Se refiere Daniel Droguett Ossa, <\/span><span data-contrast=\"none\">Facultad de Odontolog\u00eda.<\/span><\/a><span data-ccp-props=\"{}\">\u00a0<\/span><\/p><p>\u00a0<\/p><p><b><span data-contrast=\"auto\">DIARIO EL CENTRO<\/span><\/b>\u00a0<br \/><a href=\"https:\/\/www.diarioelcentro.cl\/2025\/11\/27\/constitucion-del-cluster-maule-montana-marca-hito-del-turismo-regional\/\"><span data-contrast=\"none\">Constituci\u00f3n del Cl\u00faster Maule Monta\u00f1a marca hito del turismo regional. Se refiere Jorge Navarrete, director del <\/span><span data-contrast=\"none\">Centro de Competitividad del Maule.<\/span><\/a><span data-ccp-props=\"{}\">\u00a0<\/span><\/p><p>\u00a0<\/p><p><b><span data-contrast=\"auto\">DIARIO TALC<\/span><\/b><span data-contrast=\"auto\">A<\/span>\u00a0<br \/><a href=\"https:\/\/diariotalca.cl\/cinespacio-presenta-la-primera-muestra-de-cortometrajes-maulinos-en-la-utalca\/\"><span data-contrast=\"none\">Cinespacio presenta la primera muestra gratuita de Cortometrajes Maulinos en la UTalca. Se refiere Marcela Albornoz Dachelet, directora de Extensi\u00f3n Cultural-Art\u00edstica.<\/span><\/a><span data-ccp-props=\"{}\">\u00a0<\/span><\/p><p>\u00a0<\/p><p><b><span data-contrast=\"auto\">EL LECTOR<\/span><\/b>\u00a0<br \/><a href=\"https:\/\/www.litoralpress.cl\/paginaconsultas\/Servicios_NClipWeb\/Get_Imagen_Nota.aspx?LPKey=QV7CXCIWDIHTSAIGRQZ6UJNW3GF6ZOLIECZVPWGXLX7DI2LUZPDOXW7NMIU3HGAICOWAE72BDFAQ4\"><span data-contrast=\"none\">Cinespacio presenta la primera Muestra de Cortometrajes Maulinos en la UTalca. Se refiere Marcela Albornoz Dachelet, directora de Extensi\u00f3n Cultural-Art\u00edstica.<\/span><\/a><\/p><p><span data-ccp-props=\"{}\">\u00a0<\/span><\/p><p><b><span data-contrast=\"auto\">RADIO FM M\u00c1S<\/span><\/b>\u00a0<br \/><a href=\"https:\/\/radiofmmas.cl\/cinespacio-presenta-la-primera-muestra-de-cortometrajes-maulinos-en-la-utalca\/\"><span data-contrast=\"none\">Cinespacio presenta la primera muestra gratuita de Cortometrajes Maulinos en la UTalca. Se refiere Marcela Albornoz Dachelet, directora de Extensi\u00f3n Cultural-Art\u00edstica.<\/span><\/a><span data-ccp-props=\"{}\">\u00a0<\/span><\/p><p>\u00a0<\/p><p><b><span data-contrast=\"auto\">EL MAULE INFORMA<\/span><\/b>\u00a0<br \/><a href=\"https:\/\/elmauleinforma.cl\/cinespacio-presenta-la-primera-muestra-gratuita-de-cortometrajes-maulinos-en-la-utalca\/\"><span data-contrast=\"none\">Cinespacio presenta la primera muestra gratuita de Cortometrajes Maulinos en la UTalca. Se refiere Marcela Albornoz Dachelet, directora de Extensi\u00f3n Cultural-Art\u00edstica.<\/span><\/a><span data-ccp-props=\"{}\">\u00a0<\/span><\/p><p>\u00a0<\/p><p><b><span data-contrast=\"auto\">CANAL 2 LINARES<\/span><\/b>\u00a0<br \/><a href=\"https:\/\/www.canal2linares.cl\/2025\/11\/cinespacio-presenta-la-primera-muestra.html\"><span data-contrast=\"none\">Cinespacio presenta la primera Muestra de Cortometrajes Maulinos en la UTalca. Se refiere Marcela Albornoz Dachelet, directora de Extensi\u00f3n Cultural-Art\u00edstica.<\/span><\/a><span data-ccp-props=\"{}\">\u00a0<\/span><\/p><p>\u00a0<\/p><p><b><span data-contrast=\"auto\">DIARIO EL HERALDO <\/span><\/b>\u00a0<br \/><a href=\"https:\/\/www.diarioelheraldo.cl\/noticia\/universidad-autonoma-presento-principales-hallazgos-del-seminario-socioeconomico-del-maule-retos-y-perspectivas-10\"><span data-contrast=\"none\">Universidad Aut\u00f3noma present\u00f3 principales hallazgos del Seminario Socioecon\u00f3mico del Maule: Retos y Perspectivas.<\/span> <span data-contrast=\"none\">Se refiere Mar\u00eda Ester Mu\u00f1oz, acad\u00e9mica de la Escuela de Enfermer\u00eda.<\/span><\/a><span data-ccp-props=\"{}\">\u00a0<\/span><\/p><p>\u00a0<\/p><p><b><span data-contrast=\"auto\">DIARIO TALCA<\/span><\/b>\u00a0<br \/><a href=\"https:\/\/diariotalca.cl\/universidad-autonoma-presento-principales-hallazgos-del-seminario-socioeconomico-del-maule\/\"><span data-contrast=\"none\">Universidad Aut\u00f3noma present\u00f3 principales hallazgos del Seminario Socioecon\u00f3mico del Maule. Se refiere Mar\u00eda Ester Mu\u00f1oz, acad\u00e9mica de la Escuela de Enfermer\u00eda.<\/span><\/a><span data-ccp-props=\"{}\">\u00a0<\/span><\/p><p>\u00a0<\/p><p><b><span data-contrast=\"auto\">LA PRENSA DE CURIC\u00d3<\/span><\/b>\u00a0<br \/><a href=\"https:\/\/www.litoralpress.cl\/paginaconsultas\/Servicios_NClipWeb\/Get_Imagen_Nota.aspx?LPKey=E623NJBU6LGPASZHAKOWPMQ4QKAMVCWFJBKGLDVMREOGMXRCBF5EW2Q7V2QFFWTTUICDGW6EO5LQ6\"><span data-contrast=\"none\">Junta de Vigilancia del R\u00edo Maule expuso en Il Jornada Nacional de derechos de agua. Se menciona la Universidad de Talca.<\/span><\/a><span data-ccp-props=\"{}\">\u00a0<\/span><\/p><p>\u00a0<\/p><p><b><span data-contrast=\"auto\">MAULE HOY<\/span><\/b>\u00a0<br \/><a href=\"https:\/\/www.litoralpress.cl\/paginaconsultas\/Servicios_NClipWeb\/Get_Imagen_Nota.aspx?LPKey=SMW54TYT5PNKHTZOOZALN746YPKE2JNMIDZAMRKK657HQRUC7QXWD3QVLISDIC56UQZSAOAR5Q6TK\"><span data-contrast=\"none\">El m\u00fasico talquino Jawar acaba de lanzar el videoclip de su single \u201cRomper el Coraz\u00f3n\u201d. Se menciona la Universidad de Talca.<\/span><\/a><span data-ccp-props=\"{}\">\u00a0<\/span><\/p><p>\u00a0<\/p><p><b><span data-contrast=\"auto\">DISCOS LIBRES<\/span><\/b>\u00a0<br \/><a href=\"https:\/\/www.discoslibres.cl\/2025\/11\/musica-chilena-jawar-videoclip-romper-el-corazon.html\"><span data-contrast=\"none\">Jawar estrena videoclip del sencillo Romper el Coraz\u00f3n. Se menciona la Universidad de Talca. Se menciona la Universidad de Talca.<\/span><\/a><span data-ccp-props=\"{}\">\u00a0<\/span><\/p><p>\u00a0<\/p><p><b><span data-contrast=\"auto\">UNIVERSIDAD DE CHILE<\/span><\/b>\u00a0<br \/><a href=\"https:\/\/uchile.cl\/noticias\/235213\/fca-integra-proyecto-para-innovar-en-cabecera-del-desierto-de-atacama\"><span data-contrast=\"none\">Facultad de Cs. Agron\u00f3micas integra proyecto ANILLO para innovar en cabecera del Desierto de Atacama. Se menciona la Universidad de Talca.<\/span><\/a><span data-ccp-props=\"{}\">\u00a0<\/span><\/p><p>\u00a0<\/p><p><b><span data-contrast=\"auto\">G5 NOTICIA<\/span><\/b>\u00a0<br \/><a href=\"https:\/\/g5noticias.cl\/2025\/11\/27\/chile-celebra-a-los-mejores-del-enoturismo-2025-vina-montes-y-bodegas-re-se-coronan-como-ganadores-nacionales\/\"><span data-contrast=\"none\">Chile celebra a los mejores del enoturismo 2025: Vi\u00f1a Montes y Bodegas RE se coronan como ganadores nacionales. Se menciona la Universidad de Talca.<\/span><\/a><span data-ccp-props=\"{}\">\u00a0<\/span><\/p><p>\u00a0<\/p><p><b><span data-contrast=\"auto\">PJUD<\/span><\/b>\u00a0<br \/><a href=\"https:\/\/www.pjud.cl\/prensa-y-comunicaciones\/noticias-del-poder-judicial\/136968\"><span data-contrast=\"none\">Asociaci\u00f3n Regional de Magistradas y Magistrados Los Lagos invita a XIII Jornadas de Derecho del Trabajo de Puerto Montt. Se menciona la Universidad de Talca.<\/span><\/a><span data-ccp-props=\"{}\">\u00a0<\/span><\/p><p>\u00a0<\/p><p><b><span data-contrast=\"auto\">DATOS MUJER<\/span><\/b>\u00a0<br \/><a href=\"https:\/\/datosmujer.cl\/2025\/11\/27\/melatonina-bajo-la-lupa-la-ciencia-apunta-a-formulaciones-sinergicas-para-dormir-profundamente\/\"><span data-contrast=\"none\">Melatonina bajo la lupa: La ciencia apunta a formulaciones sin\u00e9rgicas para dormir profundamente. Se menciona la Universidad de Talca.<\/span><\/a><span data-ccp-props=\"{}\">\u00a0<\/span><\/p><p>\u00a0<\/p><p><b><span data-contrast=\"auto\">SANTO TOM\u00c1S EN L\u00cdNEA<\/span><\/b>\u00a0<br \/><a href=\"https:\/\/enlinea.santotomas.cl\/actualidad-institucional\/mundo-academico\/ust-talca-presente-en-el-congreso-de-produccion-animal-sochipa-2025\/331446\/\"><span data-contrast=\"none\">UST Talca presente en el Congreso de Producci\u00f3n Animal SOCHIPA 2025. Se menciona la Universidad de Talca.<\/span><\/a><span data-ccp-props=\"{}\">\u00a0<\/span><\/p><p>\u00a0<\/p><p><b><span data-contrast=\"auto\">MSN CHILE<\/span><\/b>\u00a0<br \/><a href=\"https:\/\/www.msn.com\/es-cl\/noticias\/other\/con-la-disidencia-de-la-uc-y-la-udp-consejo-de-rectores-acuerda-seguir-trabajando-indicaciones-al-fes-junto-al-mineduc\/ar-AA1RioIm\"><span data-contrast=\"none\">Con la disidencia de la UC y la UDP, Consejo de Rectores acuerda seguir trabajando indicaciones al FES junto al Mineduc. Se menciona la Universidad de Talca.<\/span><\/a><span data-ccp-props=\"{}\">\u00a0<\/span><\/p><p>\u00a0<\/p><p><b><span data-contrast=\"auto\">PORTAL AGRO CHILE<\/span><\/b>\u00a0<br \/><a href=\"https:\/\/www.portalagrochile.cl\/2025\/11\/27\/chile-celebra-a-los-mejores-del-enoturismo-2025-vina-montes-y-bodegas-re-se-coronan-como-ganadores-nacionales\/\"><span data-contrast=\"none\">Chile celebra a los mejores del enoturismo 2025: Vi\u00f1a Montes y Bodegas RE se coronan como ganadores nacionales. Se menciona la Universidad de Talca.<\/span><\/a><span data-ccp-props=\"{}\">\u00a0<\/span><\/p><p>\u00a0<\/p><p><b><span data-contrast=\"auto\">PORTAL RED SALUD<\/span><\/b>\u00a0<br \/><a href=\"https:\/\/portalredsalud.cl\/2025\/11\/27\/melatonina-bajo-la-lupa-la-ciencia-apunta-a-formulaciones-sinergicas-para-dormir-profundamente\/\"><span data-contrast=\"none\">Melatonina bajo la lupa: La ciencia apunta a formulaciones sin\u00e9rgicas para dormir profundamente. Se menciona la Universidad de Talca.<\/span><\/a><span data-ccp-props=\"{}\">\u00a0<\/span><\/p>\t\t\t\t\t\t<\/div>\n\t\t\t\t<\/div>\n\t\t\t\t\t<\/div>\n\t\t<\/div>\n\t\t\t\t\t\t\t<\/div>\n\t\t<\/section>\n\t\t\t\t\t\t<\/div>\n\t\t\t\t\t<\/div>\n\t\t","protected":false},"excerpt":{"rendered":"<p>LA PRENSA DE CURIC\u00d3\u00a0Junaeb y UTalca entregaron ayudas t\u00e9cnicas auditivas a estudiantes. Se refiere Carlos Torres Fuchslocher, rector.\u00a0\u00a0 \u00a0 MEDIABANCO\u00a0Con beca de movilidad internacional UTalca potencia pedagog\u00edas. Se refiere Mauricio V\u00e9liz Campos, decano de la Facultad de Ciencias de la Educaci\u00f3n.\u00a0 \u00a0 EL MERCURIO\u00a0En Madrid: Dos miradas sobre Zurita. Se menciona la Universidad de Talca\u00a0 &hellip;<\/p>\n<p class=\"read-more\"> <a class=\"\" href=\"https:\/\/www.reportedeprensa.utalca.cl\/?p=12963\"> <span class=\"screen-reader-text\">28 de noviembre 2025<\/span> Read More &raquo;<\/a><\/p>\n","protected":false},"author":1,"featured_media":0,"comment_status":"closed","ping_status":"open","sticky":false,"template":"","format":"standard","meta":{"_monsterinsights_skip_tracking":false,"_monsterinsights_sitenote_active":false,"_monsterinsights_sitenote_note":"","_monsterinsights_sitenote_category":0},"categories":[65],"tags":[],"_links":{"self":[{"href":"https:\/\/www.reportedeprensa.utalca.cl\/index.php?rest_route=\/wp\/v2\/posts\/12963"}],"collection":[{"href":"https:\/\/www.reportedeprensa.utalca.cl\/index.php?rest_route=\/wp\/v2\/posts"}],"about":[{"href":"https:\/\/www.reportedeprensa.utalca.cl\/index.php?rest_route=\/wp\/v2\/types\/post"}],"author":[{"embeddable":true,"href":"https:\/\/www.reportedeprensa.utalca.cl\/index.php?rest_route=\/wp\/v2\/users\/1"}],"replies":[{"embeddable":true,"href":"https:\/\/www.reportedeprensa.utalca.cl\/index.php?rest_route=%2Fwp%2Fv2%2Fcomments&post=12963"}],"version-history":[{"count":4,"href":"https:\/\/www.reportedeprensa.utalca.cl\/index.php?rest_route=\/wp\/v2\/posts\/12963\/revisions"}],"predecessor-version":[{"id":12967,"href":"https:\/\/www.reportedeprensa.utalca.cl\/index.php?rest_route=\/wp\/v2\/posts\/12963\/revisions\/12967"}],"wp:attachment":[{"href":"https:\/\/www.reportedeprensa.utalca.cl\/index.php?rest_route=%2Fwp%2Fv2%2Fmedia&parent=12963"}],"wp:term":[{"taxonomy":"category","embeddable":true,"href":"https:\/\/www.reportedeprensa.utalca.cl\/index.php?rest_route=%2Fwp%2Fv2%2Fcategories&post=12963"},{"taxonomy":"post_tag","embeddable":true,"href":"https:\/\/www.reportedeprensa.utalca.cl\/index.php?rest_route=%2Fwp%2Fv2%2Ftags&post=12963"}],"curies":[{"name":"wp","href":"https:\/\/api.w.org\/{rel}","templated":true}]}}