{"id":12977,"date":"2025-12-01T15:15:36","date_gmt":"2025-12-01T18:15:36","guid":{"rendered":"https:\/\/www.reportedeprensa.utalca.cl\/?p=12977"},"modified":"2025-12-01T15:17:52","modified_gmt":"2025-12-01T18:17:52","slug":"01-de-diciembre-2025","status":"publish","type":"post","link":"https:\/\/www.reportedeprensa.utalca.cl\/?p=12977","title":{"rendered":"01 de diciembre 2025"},"content":{"rendered":"\t\t<div data-elementor-type=\"wp-post\" data-elementor-id=\"12977\" class=\"elementor elementor-12977\" data-elementor-settings=\"[]\">\n\t\t\t\t\t\t\t<div class=\"elementor-section-wrap\">\n\t\t\t\t\t\t\t<section class=\"elementor-section elementor-top-section elementor-element elementor-element-bcea1a8 elementor-section-boxed elementor-section-height-default elementor-section-height-default\" data-id=\"bcea1a8\" data-element_type=\"section\">\n\t\t\t\t\t\t<div class=\"elementor-container elementor-column-gap-default\">\n\t\t\t\t\t<div class=\"elementor-column elementor-col-100 elementor-top-column elementor-element elementor-element-e7183bf\" data-id=\"e7183bf\" data-element_type=\"column\">\n\t\t\t<div class=\"elementor-widget-wrap elementor-element-populated\">\n\t\t\t\t\t\t\t\t<div class=\"elementor-element elementor-element-8f5242e elementor-widget elementor-widget-text-editor\" data-id=\"8f5242e\" data-element_type=\"widget\" data-widget_type=\"text-editor.default\">\n\t\t\t\t<div class=\"elementor-widget-container\">\n\t\t\t\t\t\t\t\t<div class=\"x_elementToProof\"><b data-olk-copy-source=\"MessageBody\">EL MERCURIO<\/b>\u00a0<br \/><a id=\"OWA3183ad7f-a08d-4919-3792-39b91cb275e2\" class=\"x_Hyperlink x_SCXW178603857 x_BCX0 x_OWAAutoLink\" title=\"https:\/\/www.litoralpress.cl\/sitio\/Prensa_Detalles.cshtml?LPKey=SYSNNB3G446GAN6JPWYVBMYXDZLHJTTXLZMY76AYEYJTW5EPNY2A\" href=\"https:\/\/www.litoralpress.cl\/sitio\/Prensa_Detalles.cshtml?LPKey=SYSNNB3G446GAN6JPWYVBMYXDZLHJTTXLZMY76AYEYJTW5EPNY2A\" target=\"_blank\" rel=\"noreferrer noopener\" data-auth=\"NotApplicable\" data-linkindex=\"0\">Rectores advierten que no hay \u201ccheque en blanco\u201d para el FES e insisten en ampliar aporte de familias. Se refiere Carlos Torres Fuchslocher, rector <\/a>\u00a0<\/div><div>\u00a0<\/div><div class=\"x_elementToProof\"><b>LA TERCERA<\/b>\u00a0<br \/><a id=\"OWAea765029-d520-6bb1-5eb3-6ed7ac9669ce\" class=\"x_Hyperlink x_SCXW178603857 x_BCX0 x_OWAAutoLink\" title=\"https:\/\/www.litoralpress.cl\/sitio\/Prensa_Detalles.cshtml?LPKey=BT3S6X5VYLYL672TS3HTZZRMRFTFPSLWDR2Y2CHRBL46HNL2LTXA\" href=\"https:\/\/www.litoralpress.cl\/sitio\/Prensa_Detalles.cshtml?LPKey=BT3S6X5VYLYL672TS3HTZZRMRFTFPSLWDR2Y2CHRBL46HNL2LTXA\" target=\"_blank\" rel=\"noreferrer noopener\" data-auth=\"NotApplicable\" data-linkindex=\"1\">Con la disidencia de la UC y la UDP, Consejo de Rectores acuerda seguir trabajando indicaciones al FES junto al Mineduc. Se refiere Carlos Torres Fuchslocher, rector<\/a>\u00a0<\/div><div>\u00a0<\/div><div class=\"x_elementToProof\"><b>LA TERCERA ONLINE<\/b>\u00a0<br \/><a id=\"OWA9a4a5f33-c649-0365-4107-14ad748251ee\" class=\"x_Hyperlink x_SCXW178603857 x_BCX0 x_OWAAutoLink\" title=\"https:\/\/www.latercera.com\/nacional\/noticia\/con-la-disidencia-de-la-uc-y-la-udp-consejo-de-rectores-acuerda-seguir-trabajando-indicaciones-al-fes-junto-al-mineduc\/\" href=\"https:\/\/www.latercera.com\/nacional\/noticia\/con-la-disidencia-de-la-uc-y-la-udp-consejo-de-rectores-acuerda-seguir-trabajando-indicaciones-al-fes-junto-al-mineduc\/\" target=\"_blank\" rel=\"noreferrer noopener\" data-auth=\"NotApplicable\" data-linkindex=\"2\">Con la disidencia de la UC y la UDP, Consejo de Rectores acuerda seguir trabajando indicaciones al FES junto al Mineduc. Se refiere Carlos Torres Fuchslocher, rector<\/a>\u00a0<\/div><div>\u00a0<\/div><div class=\"x_elementToProof\"><b>MSN CHILE<\/b>\u00a0<br \/><a id=\"OWAa6f48fe6-9502-3ac7-58c8-e831c1f095ee\" class=\"x_Hyperlink x_SCXW178603857 x_BCX0 x_OWAAutoLink\" title=\"https:\/\/www.msn.com\/es-cl\/noticias\/other\/con-la-disidencia-de-la-uc-y-la-udp-consejo-de-rectores-acuerda-seguir-trabajando-indicaciones-al-fes-junto-al-mineduc\/ar-AA1RioIm\" href=\"https:\/\/www.msn.com\/es-cl\/noticias\/other\/con-la-disidencia-de-la-uc-y-la-udp-consejo-de-rectores-acuerda-seguir-trabajando-indicaciones-al-fes-junto-al-mineduc\/ar-AA1RioIm\" target=\"_blank\" rel=\"noreferrer noopener\" data-auth=\"NotApplicable\" data-linkindex=\"3\">Con la disidencia de la UC y la UDP, Consejo de Rectores acuerda seguir trabajando indicaciones al FES junto al Mineduc. Se refiere Carlos Torres Fuchslocher, rector<\/a>\u00a0<\/div><div>\u00a0<\/div><div class=\"x_elementToProof\"><b>EL MOSTRADOR<\/b>\u00a0<br \/><a id=\"OWA1f5e6ea8-bbaa-f4b1-72c4-ec1dfd5ca490\" class=\"x_Hyperlink x_SCXW178603857 x_BCX0 x_OWAAutoLink\" title=\"https:\/\/www.elmostrador.cl\/agenda-pais\/educacion\/2025\/11\/29\/con-beca-de-movilidad-internacional-universidad-regional-potencia-pedagogias\/\" href=\"https:\/\/www.elmostrador.cl\/agenda-pais\/educacion\/2025\/11\/29\/con-beca-de-movilidad-internacional-universidad-regional-potencia-pedagogias\/\" target=\"_blank\" rel=\"noreferrer noopener\" data-auth=\"NotApplicable\" data-linkindex=\"4\">Con beca de movilidad internacional universidad regional potencia pedagog\u00edas. Se refiere Mauricio V\u00e9liz, decano Facultad de Ciencias de la Educaci\u00f3n y Mar\u00eda Elisa Quinteros, directora Relaciones Internacionales.<\/a>\u00a0<\/div><div>\u00a0<\/div><div class=\"x_elementToProof\"><b>MAULE HOY<\/b>\u00a0<br \/><a id=\"OWA634a80a6-ba33-8c72-c301-db3cfe8b8126\" class=\"x_Hyperlink x_SCXW178603857 x_BCX0 x_OWAAutoLink\" title=\"https:\/\/www.litoralpress.cl\/sitio\/Prensa_Detalles.cshtml?LPKey=RAJC3O37TTEYTSRK3RUJ65Z2GUA4C56W5XT5QDBULMQYWSIVL2RQ\" href=\"https:\/\/www.litoralpress.cl\/sitio\/Prensa_Detalles.cshtml?LPKey=RAJC3O37TTEYTSRK3RUJ65Z2GUA4C56W5XT5QDBULMQYWSIVL2RQ\" target=\"_blank\" rel=\"noreferrer noopener\" data-auth=\"NotApplicable\" data-linkindex=\"5\">Con beca de movilidad internacional potencia pedagog\u00edas. Se refiere Mauricio V\u00e9liz, decano Facultad de Ciencias de la Educaci\u00f3n y Mar\u00eda Elisa Quinteros, directora Relaciones Internacionales.<\/a>\u00a0<\/div><div>\u00a0<\/div><div class=\"x_elementToProof\"><b>EL MOSTRADOR<\/b>\u00a0<br \/><a id=\"OWAd0f5d644-62cc-8441-7da2-cbe70b21c097\" class=\"x_Hyperlink x_SCXW178603857 x_BCX0 x_OWAAutoLink\" title=\"https:\/\/www.elmostrador.cl\/revista-jengibre\/gastronomia\/2025\/11\/28\/premios-enoturismo-chile-2025-quienes-fueron-los-grandes-ganadores-del-ano\/\" href=\"https:\/\/www.elmostrador.cl\/revista-jengibre\/gastronomia\/2025\/11\/28\/premios-enoturismo-chile-2025-quienes-fueron-los-grandes-ganadores-del-ano\/\" target=\"_blank\" rel=\"noreferrer noopener\" data-auth=\"NotApplicable\" data-linkindex=\"6\">Premios Enoturismo Chile 2025: qui\u00e9nes fueron los grandes ganadores del a\u00f1o. Se menciona la Universidad de Talca.<\/a>\u00a0<\/div><div>\u00a0<\/div><div class=\"x_elementToProof\"><b>DIARIO LA PRENSA (PORTADA)<\/b>\u00a0<br \/><a id=\"OWA74408c54-f5d4-a632-132b-301c3f1e8f8f\" class=\"x_Hyperlink x_SCXW178603857 x_BCX0 x_OWAAutoLink\" title=\"https:\/\/www.litoralpress.cl\/sitio\/Prensa_Detalles.cshtml?LPKey=K3GLL7MOYHROQVDRQ4KNITQ6PXU64CCL7XKKPD2DDEC6WE2QXH4A\" href=\"https:\/\/www.litoralpress.cl\/sitio\/Prensa_Detalles.cshtml?LPKey=K3GLL7MOYHROQVDRQ4KNITQ6PXU64CCL7XKKPD2DDEC6WE2QXH4A\" target=\"_blank\" rel=\"noreferrer noopener\" data-auth=\"NotApplicable\" data-linkindex=\"7\">UTalca: un ambiente estudiantil rodeado de naturaleza y patrimonio. Se menciona la Universidad de Talca.<\/a>\u00a0<\/div><div>\u00a0<\/div><div class=\"x_elementToProof\"><b>DIARIO LA PRENSA.CL<\/b>\u00a0<br \/><a id=\"OWA808c7bc6-a2c4-17bd-b8e8-4f9bcbedfd02\" class=\"x_Hyperlink x_SCXW178603857 x_BCX0 x_OWAAutoLink\" title=\"https:\/\/new.diariolaprensa.cl\/index.php\/2025\/11\/29\/utalca-un-ambiente-estudiantil-rodeado-de-naturaleza-y-patrimonio\/\" href=\"https:\/\/new.diariolaprensa.cl\/index.php\/2025\/11\/29\/utalca-un-ambiente-estudiantil-rodeado-de-naturaleza-y-patrimonio\/\" target=\"_blank\" rel=\"noreferrer noopener\" data-auth=\"NotApplicable\" data-linkindex=\"8\">UTalca: un ambiente estudiantil rodeado de naturaleza y patrimonio. Se menciona la Universidad de Talca.<\/a>\u00a0<\/div><div>\u00a0<\/div><div class=\"x_elementToProof\"><b>PORTAL EDUCA<\/b>\u00a0<br \/><a id=\"OWAdaee2f4b-054c-c03f-6a13-7a464245454a\" class=\"x_Hyperlink x_SCXW178603857 x_BCX0 x_OWAAutoLink\" title=\"https:\/\/portaleduca.cl\/paes-recomendaciones-para-rendir-con-tranquilidad\/\" href=\"https:\/\/portaleduca.cl\/paes-recomendaciones-para-rendir-con-tranquilidad\/\" target=\"_blank\" rel=\"noreferrer noopener\" data-auth=\"NotApplicable\" data-linkindex=\"9\">PAES: Recomendaciones para rendir con tranquilidad. Se refiere Felipe Figueroa y Clara Lorca, profesionales Unidad de Vinculaci\u00f3n con el Sistema Escolar y el PACE<\/a>\u00a0<\/div><div>\u00a0<\/div><div class=\"x_elementToProof\"><b>NOTICIAS CLAVE<\/b>\u00a0<br \/><a id=\"OWA2176e26d-d62b-d8b6-c32d-12af3cb27220\" class=\"x_Hyperlink x_SCXW178603857 x_BCX0 x_OWAAutoLink\" title=\"https:\/\/noticiaclave.cl\/como-rendir-la-paes-con-tranquilidad-consejos-clave-para-estudiantes\/\" href=\"https:\/\/noticiaclave.cl\/como-rendir-la-paes-con-tranquilidad-consejos-clave-para-estudiantes\/\" target=\"_blank\" rel=\"noreferrer noopener\" data-auth=\"NotApplicable\" data-linkindex=\"10\">C\u00f3mo rendir la PAES con tranquilidad: consejos clave para estudiantes. Se menciona la Universidad de Talca.<\/a>\u00a0<\/div><div>\u00a0<\/div><div class=\"x_elementToProof\"><b>EL LECTOR<\/b>\u00a0<br \/><a id=\"OWA98ba57de-aec4-c12f-8c84-dea2856b02f3\" class=\"x_Hyperlink x_SCXW178603857 x_BCX0 x_OWAAutoLink\" title=\"https:\/\/www.litoralpress.cl\/sitio\/Prensa_Detalles.cshtml?LPKey=ZLMDFH6N5INMOMMFWMNCLO7VZKFDDCL6PALFHWSM7FTAKXBB5O2Q\" href=\"https:\/\/www.litoralpress.cl\/sitio\/Prensa_Detalles.cshtml?LPKey=ZLMDFH6N5INMOMMFWMNCLO7VZKFDDCL6PALFHWSM7FTAKXBB5O2Q\" target=\"_blank\" rel=\"noreferrer noopener\" data-auth=\"NotApplicable\" data-linkindex=\"11\">Universidades del Estado comparten experiencias sobre vinculaci\u00f3n con el medio. Se refiere Carlos Torres Fuchslocher, rector y Karin Saavedra Redlich, directora General de Vinculaci\u00f3n con el Medio.<\/a>\u00a0<\/div><div>\u00a0<\/div><div class=\"x_elementToProof\"><b>EL LECTOR<\/b>\u00a0<br \/><a id=\"OWA641c3811-5cd3-4d78-2f5f-d445e42e1255\" class=\"x_Hyperlink x_SCXW178603857 x_BCX0 x_OWAAutoLink\" title=\"https:\/\/www.litoralpress.cl\/sitio\/Prensa_Detalles.cshtml?LPKey=IH3XHRQ6KZ4DGTMTERXKW36CAFMDJWYBX2ZWBN7TNUKIQ74FGQPQ\" href=\"https:\/\/www.litoralpress.cl\/sitio\/Prensa_Detalles.cshtml?LPKey=IH3XHRQ6KZ4DGTMTERXKW36CAFMDJWYBX2ZWBN7TNUKIQ74FGQPQ\" target=\"_blank\" rel=\"noreferrer noopener\" data-auth=\"NotApplicable\" data-linkindex=\"12\">Acad\u00e9mico UTalca fue distinguido por su producci\u00f3n sobre gesti\u00f3n h\u00eddrica. Se refiere Samuel Ortega, director Centro de Investigaci\u00f3n y Transferencia en Riego y Agroclimatolog\u00eda (CITRA).<\/a>\u00a0<\/div><div>\u00a0<\/div><div class=\"x_elementToProof\"><b>RADIO STUDIO FM<\/b>\u00a0<br \/><a id=\"OWAb5df9fed-2cb4-f80c-704b-8040861507d3\" class=\"x_Hyperlink x_SCXW178603857 x_BCX0 x_OWAAutoLink\" title=\"https:\/\/www.litoralpress.cl\/sitio\/RadioTV_Detalles.cshtml?LPKey=4OPD2XDMKW3KBNHJVUGIRDNBPMSKHTJGKJXTZAVYQTKA2JG7RDDKTVX2ME56DKFFZ6VDOZA2CRWNM\" href=\"https:\/\/www.litoralpress.cl\/sitio\/RadioTV_Detalles.cshtml?LPKey=4OPD2XDMKW3KBNHJVUGIRDNBPMSKHTJGKJXTZAVYQTKA2JG7RDDKTVX2ME56DKFFZ6VDOZA2CRWNM\" target=\"_blank\" rel=\"noreferrer noopener\" data-auth=\"NotApplicable\" data-linkindex=\"13\">Entrevista a Gustavo Carre\u00f1o, director de la Escuela de Ciencias Naturales Exactas<\/a>\u00a0<\/div><div>\u00a0<\/div><div class=\"x_elementToProof\"><b>DIARIO CURIC\u00d3<\/b>\u00a0<br \/><a id=\"OWA25a63e86-d426-3533-f61b-e5204cd46d95\" class=\"x_Hyperlink x_SCXW178603857 x_BCX0 x_OWAAutoLink\" title=\"https:\/\/www.litoralpress.cl\/sitio\/Prensa_Detalles.cshtml?LPKey=WICWYLHGX4UNP6BXKC2ZWYIV6XMM7CMFOV6XL4Q3CB5TFGOWBK2A\" href=\"https:\/\/www.litoralpress.cl\/sitio\/Prensa_Detalles.cshtml?LPKey=WICWYLHGX4UNP6BXKC2ZWYIV6XMM7CMFOV6XL4Q3CB5TFGOWBK2A\" target=\"_blank\" rel=\"noreferrer noopener\" data-auth=\"NotApplicable\" data-linkindex=\"14\">Disponible de manera gratuita en Play Store y App Store Lanzan aplicaci\u00f3n digital que invita a redescubrir el patrimonio urbano de Curic\u00f3. Se refiere V\u00edctor Letelier, director de la Escuela de Arquitectura y Jos\u00e9 Luis Uribe, director de Creaci\u00f3n.<\/a>\u00a0<\/div><div>\u00a0<\/div><div class=\"x_elementToProof\"><b>MEGANOTICIAS.CL<\/b>\u00a0<br \/><a id=\"OWA85f54550-fa2e-c985-bdec-1c545c3017fe\" class=\"x_Hyperlink x_SCXW178603857 x_BCX0 x_OWAAutoLink\" title=\"https:\/\/www.meganoticias.cl\/nacional\/507386-columna-mauricio-morales-nulos-blancos-eleccion-presidencial-jose-antonio-kast-jeaannette-jara-30-11-2025.html\" href=\"https:\/\/www.meganoticias.cl\/nacional\/507386-columna-mauricio-morales-nulos-blancos-eleccion-presidencial-jose-antonio-kast-jeaannette-jara-30-11-2025.html\" target=\"_blank\" rel=\"noreferrer noopener\" data-auth=\"NotApplicable\" data-linkindex=\"15\">Columna de Mauricio Morales: &#8220;Nulos y blancos&#8221;, director Centro de An\u00e1lisis Pol\u00edtico.<\/a>\u00a0<\/div><div>\u00a0<\/div><div class=\"x_elementToProof\"><b>DIARIO EL CENTRO<\/b>\u00a0<br \/><a id=\"OWA04373788-4c39-3cb8-f5b0-a5eb7b445240\" class=\"x_Hyperlink x_SCXW178603857 x_BCX0 x_OWAAutoLink\" title=\"https:\/\/www.diarioelcentro.cl\/2025\/11\/28\/talca-sera-sede-de-la-primera-muestra-de-cortometrajes-maulinos-con-dos-jornadas-gratuitas\/\" href=\"https:\/\/www.diarioelcentro.cl\/2025\/11\/28\/talca-sera-sede-de-la-primera-muestra-de-cortometrajes-maulinos-con-dos-jornadas-gratuitas\/\" target=\"_blank\" rel=\"noreferrer noopener\" data-auth=\"NotApplicable\" data-linkindex=\"16\">Talca ser\u00e1 sede de la primera Muestra de Cortometrajes Maulinos con dos jornadas gratuitas. Se refiere Marcela Albornoz, directora de Extensi\u00f3n Cultural-Art\u00edstica.<\/a>\u00a0<\/div><div>\u00a0<\/div><div class=\"x_elementToProof\"><b>EL MAULE INFORMA<\/b>\u00a0<br \/><a id=\"OWAfd54a93f-fc89-fe8c-b802-6e76d21f9f27\" class=\"x_Hyperlink x_SCXW178603857 x_BCX0 x_OWAAutoLink\" title=\"https:\/\/elmauleinforma.cl\/utalca-lanza-nuevo-juego-de-mesa-guardianes-del-petroglifo-29-noviembre-2025\/\" href=\"https:\/\/elmauleinforma.cl\/utalca-lanza-nuevo-juego-de-mesa-guardianes-del-petroglifo-29-noviembre-2025\/\" target=\"_blank\" rel=\"noreferrer noopener\" data-auth=\"NotApplicable\" data-linkindex=\"17\">UTalca lanza nuevo juego de mesa \u201cGuardianes del Petroglifo\u201d. Se refiere Felipe Besoa\u00edn Pino, acad\u00e9mico Facultad de Ingenier\u00eda.<\/a>\u00a0<\/div><div>\u00a0<\/div><div class=\"x_elementToProof\"><b>PRIMERA FUENTE NOTICIAS<\/b>\u00a0<br \/><a id=\"OWA476ba338-2ffb-1821-5dde-3fe0588e03f8\" class=\"x_Hyperlink x_SCXW178603857 x_BCX0 x_OWAAutoLink\" title=\"https:\/\/primerafuente.cl\/regional\/2025\/11\/30\/inspira-maule-promovio-liderazgo-femenino-en-ingenieria\/\" href=\"https:\/\/primerafuente.cl\/regional\/2025\/11\/30\/inspira-maule-promovio-liderazgo-femenino-en-ingenieria\/\" target=\"_blank\" rel=\"noreferrer noopener\" data-auth=\"NotApplicable\" data-linkindex=\"18\">Inspira Maule promovi\u00f3 liderazgo femenino en ingenier\u00eda. Se refiere Marcela Gonz\u00e1lez, decana Facultad de Ingenier\u00eda.<\/a>\u00a0<\/div><div>\u00a0<\/div><div class=\"x_elementToProof\"><b>PORTAL AGRO CHILE<\/b>\u00a0<br \/><a id=\"OWAfdf9f9d4-6286-aa66-34a5-3c937d6bb4bf\" class=\"x_Hyperlink x_SCXW178603857 x_BCX0 x_OWAAutoLink\" title=\"https:\/\/www.portalagrochile.cl\/2025\/11\/27\/chile-celebra-a-los-mejores-del-enoturismo-2025-vina-montes-y-bodegas-re-se-coronan-como-ganadores-nacionales\/\" href=\"https:\/\/www.portalagrochile.cl\/2025\/11\/27\/chile-celebra-a-los-mejores-del-enoturismo-2025-vina-montes-y-bodegas-re-se-coronan-como-ganadores-nacionales\/\" target=\"_blank\" rel=\"noreferrer noopener\" data-auth=\"NotApplicable\" data-linkindex=\"19\">Chile celebra a los mejores del enoturismo 2025: Vi\u00f1a Montes y Bodegas RE se coronan como ganadores nacionales. Se menciona la Universidad de Talca<\/a>\u00a0<\/div><div class=\"x_elementToProof\" aria-hidden=\"true\">\u00a0<\/div>\t\t\t\t\t\t<\/div>\n\t\t\t\t<\/div>\n\t\t\t\t\t<\/div>\n\t\t<\/div>\n\t\t\t\t\t\t\t<\/div>\n\t\t<\/section>\n\t\t\t\t\t\t<\/div>\n\t\t\t\t\t<\/div>\n\t\t","protected":false},"excerpt":{"rendered":"<p>EL MERCURIO\u00a0Rectores advierten que no hay \u201ccheque en blanco\u201d para el FES e insisten en ampliar aporte de familias. Se refiere Carlos Torres Fuchslocher, rector \u00a0\u00a0LA TERCERA\u00a0Con la disidencia de la UC y la UDP, Consejo de Rectores acuerda seguir trabajando indicaciones al FES junto al Mineduc. Se refiere Carlos Torres Fuchslocher, rector\u00a0\u00a0LA TERCERA ONLINE\u00a0Con &hellip;<\/p>\n<p class=\"read-more\"> <a class=\"\" href=\"https:\/\/www.reportedeprensa.utalca.cl\/?p=12977\"> <span class=\"screen-reader-text\">01 de diciembre 2025<\/span> Read More &raquo;<\/a><\/p>\n","protected":false},"author":1,"featured_media":0,"comment_status":"closed","ping_status":"open","sticky":false,"template":"","format":"standard","meta":{"_monsterinsights_skip_tracking":false,"_monsterinsights_sitenote_active":false,"_monsterinsights_sitenote_note":"","_monsterinsights_sitenote_category":0},"categories":[66],"tags":[],"_links":{"self":[{"href":"https:\/\/www.reportedeprensa.utalca.cl\/index.php?rest_route=\/wp\/v2\/posts\/12977"}],"collection":[{"href":"https:\/\/www.reportedeprensa.utalca.cl\/index.php?rest_route=\/wp\/v2\/posts"}],"about":[{"href":"https:\/\/www.reportedeprensa.utalca.cl\/index.php?rest_route=\/wp\/v2\/types\/post"}],"author":[{"embeddable":true,"href":"https:\/\/www.reportedeprensa.utalca.cl\/index.php?rest_route=\/wp\/v2\/users\/1"}],"replies":[{"embeddable":true,"href":"https:\/\/www.reportedeprensa.utalca.cl\/index.php?rest_route=%2Fwp%2Fv2%2Fcomments&post=12977"}],"version-history":[{"count":4,"href":"https:\/\/www.reportedeprensa.utalca.cl\/index.php?rest_route=\/wp\/v2\/posts\/12977\/revisions"}],"predecessor-version":[{"id":12981,"href":"https:\/\/www.reportedeprensa.utalca.cl\/index.php?rest_route=\/wp\/v2\/posts\/12977\/revisions\/12981"}],"wp:attachment":[{"href":"https:\/\/www.reportedeprensa.utalca.cl\/index.php?rest_route=%2Fwp%2Fv2%2Fmedia&parent=12977"}],"wp:term":[{"taxonomy":"category","embeddable":true,"href":"https:\/\/www.reportedeprensa.utalca.cl\/index.php?rest_route=%2Fwp%2Fv2%2Fcategories&post=12977"},{"taxonomy":"post_tag","embeddable":true,"href":"https:\/\/www.reportedeprensa.utalca.cl\/index.php?rest_route=%2Fwp%2Fv2%2Ftags&post=12977"}],"curies":[{"name":"wp","href":"https:\/\/api.w.org\/{rel}","templated":true}]}}