{"id":12982,"date":"2025-12-02T10:41:14","date_gmt":"2025-12-02T13:41:14","guid":{"rendered":"https:\/\/www.reportedeprensa.utalca.cl\/?p=12982"},"modified":"2025-12-02T10:47:14","modified_gmt":"2025-12-02T13:47:14","slug":"01-de-diciembre-2025-2","status":"publish","type":"post","link":"https:\/\/www.reportedeprensa.utalca.cl\/?p=12982","title":{"rendered":"02 de diciembre 2025"},"content":{"rendered":"\t\t<div data-elementor-type=\"wp-post\" data-elementor-id=\"12982\" class=\"elementor elementor-12982\" data-elementor-settings=\"[]\">\n\t\t\t\t\t\t\t<div class=\"elementor-section-wrap\">\n\t\t\t\t\t\t\t<section class=\"elementor-section elementor-top-section elementor-element elementor-element-bcea1a8 elementor-section-boxed elementor-section-height-default elementor-section-height-default\" data-id=\"bcea1a8\" data-element_type=\"section\">\n\t\t\t\t\t\t<div class=\"elementor-container elementor-column-gap-default\">\n\t\t\t\t\t<div class=\"elementor-column elementor-col-100 elementor-top-column elementor-element elementor-element-e7183bf\" data-id=\"e7183bf\" data-element_type=\"column\">\n\t\t\t<div class=\"elementor-widget-wrap elementor-element-populated\">\n\t\t\t\t\t\t\t\t<div class=\"elementor-element elementor-element-8f5242e elementor-widget elementor-widget-text-editor\" data-id=\"8f5242e\" data-element_type=\"widget\" data-widget_type=\"text-editor.default\">\n\t\t\t\t<div class=\"elementor-widget-container\">\n\t\t\t\t\t\t\t\t<div><b data-olk-copy-source=\"MessageBody\">LA \u00daLTIMAS NOTICIAS<\/b>\u00a0<br \/><a id=\"OWAa1ec4188-cab3-b1b8-2a9b-5529265dff36\" title=\"https:\/\/www.litoralpress.cl\/paginaconsultas\/Servicios_NClipWeb\/Get_Imagen_Nota.aspx?LPKey=WQI7GPBMC6YFSCA6K2TACPAEJTW2KBGYFIE2WASLEKMRZJYDM4ZDT54SRORWHUSBEERHJVZYDWD2Q\" href=\"https:\/\/www.litoralpress.cl\/paginaconsultas\/Servicios_NClipWeb\/Get_Imagen_Nota.aspx?LPKey=WQI7GPBMC6YFSCA6K2TACPAEJTW2KBGYFIE2WASLEKMRZJYDM4ZDT54SRORWHUSBEERHJVZYDWD2Q\" target=\"_blank\" rel=\"noopener noreferrer\" data-auth=\"NotApplicable\" data-linkindex=\"0\">Un sue\u00f1o cumplido: nuevos programas combinan estudios en Chile y el extranjero. Se refiere Paula Manr\u00edquez, vicerrectora de Formaci\u00f3n.<\/a>\u00a0<\/div><div>\u00a0<\/div><div><b>PORTALEDUCA<\/b>\u00a0<br \/><a id=\"OWAb54ce4d5-fda1-fb19-78d0-b752cb4cd5e1\" title=\"https:\/\/portaleduca.cl\/utalca-amplia-oferta-de-minors-para-sus-estudiantes\/\" href=\"https:\/\/portaleduca.cl\/utalca-amplia-oferta-de-minors-para-sus-estudiantes\/\" target=\"_blank\" rel=\"noopener noreferrer\" data-auth=\"NotApplicable\" data-linkindex=\"1\">UTalca ampl\u00eda oferta de minors para sus estudiantes. Se refiere Paula Manr\u00edquez, vicerrectora de Formaci\u00f3n.<\/a>\u00a0<\/div><div>\u00a0<\/div><div><b>DIARIO TALCA<\/b>\u00a0<br \/><a id=\"OWAb085dd4a-98bf-a4d7-af6c-7600cc31378f\" title=\"https:\/\/diariotalca.cl\/paes-2025-recomendaciones-para-rendir-las-pruebas-con-tranquilidad\/\" href=\"https:\/\/diariotalca.cl\/paes-2025-recomendaciones-para-rendir-las-pruebas-con-tranquilidad\/\" target=\"_blank\" rel=\"noopener noreferrer\" data-auth=\"NotApplicable\" data-linkindex=\"2\">PAES 2025: Recomendaciones para rendir las pruebas con tranquilidad. Se refiere Felipe Figueroa Mart\u00ednez y Clara Lorca, psic\u00f3logos de la Unidad de Vinculaci\u00f3n con el Sistema Escolar (UVSE).\u202f<\/a>\u00a0<\/div><div>\u00a0<\/div><div><b>CAUQUENES.NET<\/b>\u00a0<br \/><a id=\"OWA0c0cf274-843f-8bf7-bc2d-638f25a27e9e\" title=\"https:\/\/cauquenesnet.cl\/2025\/12\/01\/paes-recomendaciones-para-rendir-con-tranquilidad\/\" href=\"https:\/\/cauquenesnet.cl\/2025\/12\/01\/paes-recomendaciones-para-rendir-con-tranquilidad\/\" target=\"_blank\" rel=\"noopener noreferrer\" data-auth=\"NotApplicable\" data-linkindex=\"3\">PAES: Recomendaciones para rendir con tranquilidad. Se refiere Felipe Figueroa Mart\u00ednez y Clara Lorca, psic\u00f3logos de la Unidad de Vinculaci\u00f3n con el Sistema Escolar (UVSE).<\/a><\/div><div><a id=\"OWA0c0cf274-843f-8bf7-bc2d-638f25a27e9e\" title=\"https:\/\/cauquenesnet.cl\/2025\/12\/01\/paes-recomendaciones-para-rendir-con-tranquilidad\/\" href=\"https:\/\/cauquenesnet.cl\/2025\/12\/01\/paes-recomendaciones-para-rendir-con-tranquilidad\/\" target=\"_blank\" rel=\"noopener noreferrer\" data-auth=\"NotApplicable\" data-linkindex=\"3\">\u202f<\/a>\u00a0<\/div><div><b>DIARIO EL CENTRO<\/b>\u00a0<br \/><a id=\"OWA2882f91b-ad96-5abb-d9e9-e2264003fadd\" title=\"https:\/\/www.diarioelcentro.cl\/2025\/12\/01\/paes-2025-lo-que-debes-saber-antes-de-ingresar-a-rendir-la-prueba\/\" href=\"https:\/\/www.diarioelcentro.cl\/2025\/12\/01\/paes-2025-lo-que-debes-saber-antes-de-ingresar-a-rendir-la-prueba\/\" target=\"_blank\" rel=\"noopener noreferrer\" data-auth=\"NotApplicable\" data-linkindex=\"4\">PAES 2025: Lo que debes saber antes de ingresar a rendir la prueba. Se refiere Felipe Figueroa Mart\u00ednez y Clara Lorca, psic\u00f3logos de la Unidad de Vinculaci\u00f3n con el Sistema Escolar (UVSE).\u202f<\/a>\u00a0<\/div><div>\u00a0<\/div><div><b>RADIO RTL<\/b>\u00a0<br \/><a id=\"OWA7b3ef196-de22-3333-799d-aed92586aad6\" title=\"https:\/\/radiortl.cl\/paes-2025-todo-lo-que-necesitas-saber-antes-de-ingresar-a-rendir-la-prueba\/\" href=\"https:\/\/radiortl.cl\/paes-2025-todo-lo-que-necesitas-saber-antes-de-ingresar-a-rendir-la-prueba\/\" target=\"_blank\" rel=\"noopener noreferrer\" data-auth=\"NotApplicable\" data-linkindex=\"5\">PAES 2025: Todo lo que necesitas saber antes de ingresar a rendir la prueba. Se refiere Felipe Figueroa Mart\u00ednez y Clara Lorca, psic\u00f3logos de la Unidad de Vinculaci\u00f3n con el Sistema Escolar (UVSE).\u202f<\/a>\u00a0<\/div><div>\u00a0<\/div><div><b>RADIO BIOB\u00cdO<\/b>\u00a0<br \/><a id=\"OWA9cfe0cc7-beb2-e8e2-5e05-5b0d4f635eda\" title=\"https:\/\/www.litoralpress.cl\/sitio\/RadioTV_Detalles.cshtml?LPKey=USV3P6XWGKHNLQ3OWR64J4SQKTOSXBTACOJNSAUL7WRGMEJ2CUA2UEYHOVFX5QTSHWLEWTJLVGV76\" href=\"https:\/\/www.litoralpress.cl\/sitio\/RadioTV_Detalles.cshtml?LPKey=USV3P6XWGKHNLQ3OWR64J4SQKTOSXBTACOJNSAUL7WRGMEJ2CUA2UEYHOVFX5QTSHWLEWTJLVGV76\" target=\"_blank\" rel=\"noopener noreferrer\" data-auth=\"NotApplicable\" data-linkindex=\"6\">Jeannette Jara defendi\u00f3 el tono confrontacional que utiliz\u00f3 en su franja televisiva en contra de Jos\u00e9 Antonio Kast. Se refiere Mario Herrera Mu\u00f1oz, acad\u00e9mico del Centro de An\u00e1lisis Pol\u00edtico (CAP-UTalca)<\/a>\u00a0<\/div><div>\u00a0<\/div><div><b>MEGANOTICIAS<\/b>\u00a0<br \/><a id=\"OWA72ff8b66-34ac-1ede-59e8-0ce9122722ee\" title=\"https:\/\/www.litoralpress.cl\/sitio\/RadioTV_Detalles.cshtml?LPKey=VZLWGD3BS3MYGCCHLSBZJXJY2LAU33ACJPL4OJDLACAGHNXA5G27DLKLCBUDMKXFYVRKNXV4I3CIY\" href=\"https:\/\/www.litoralpress.cl\/sitio\/RadioTV_Detalles.cshtml?LPKey=VZLWGD3BS3MYGCCHLSBZJXJY2LAU33ACJPL4OJDLACAGHNXA5G27DLKLCBUDMKXFYVRKNXV4I3CIY\" target=\"_blank\" rel=\"noopener noreferrer\" data-auth=\"NotApplicable\" data-linkindex=\"7\">Comentario de Mauricio Morales Quiroga, director del Centro de An\u00e1lisis Pol\u00edtico (CAP-UTalca)<\/a>\u00a0<\/div><div>\u00a0<\/div><div><b>CANAL MEGA<\/b>\u00a0<br \/><a id=\"OWA67cfb3c8-89ca-7d1b-c55a-3e7f94ee37da\" title=\"https:\/\/www.litoralpress.cl\/sitio\/RadioTV_Detalles.cshtml?LPKey=DK33ZDGFDTD6CEY5JIOQGLBGJHMA4BDXH6KTKQBPPZU5B3EIQJX6R7TKKVTIIXU6QVATSCTRVYFBW\" href=\"https:\/\/www.litoralpress.cl\/sitio\/RadioTV_Detalles.cshtml?LPKey=DK33ZDGFDTD6CEY5JIOQGLBGJHMA4BDXH6KTKQBPPZU5B3EIQJX6R7TKKVTIIXU6QVATSCTRVYFBW\" target=\"_blank\" rel=\"noopener noreferrer\" data-auth=\"NotApplicable\" data-linkindex=\"8\">Ni Kast ni Jara, PDG llama a votar nulo en elecciones. Se refiere Mauricio Morales Quiroga, director del Centro de An\u00e1lisis Pol\u00edtico (CAP-UTalca)<\/a>\u00a0<\/div><div aria-hidden=\"true\">\u00a0<\/div><div><b>G5 NOTICIA<\/b>\u00a0<br \/><a id=\"OWA6d30e6c9-aa7d-f6ec-d8cc-4a2b5f182279\" title=\"https:\/\/g5noticias.cl\/2025\/12\/01\/utalca-lanza-nuevo-juego-de-mesa-guardianes-del-petroglifo\/\" href=\"https:\/\/g5noticias.cl\/2025\/12\/01\/utalca-lanza-nuevo-juego-de-mesa-guardianes-del-petroglifo\/\" target=\"_blank\" rel=\"noopener noreferrer\" data-auth=\"NotApplicable\" data-linkindex=\"9\">UTalca lanza nuevo juego de mesa \u201cGuardianes del Petroglifo\u201d. Se refiere Felipe Besoain Pino director de Tecnolog\u00edas Educativas\u202fy Jos\u00e9 Luis Uribe. director de Creaci\u00f3n UTalca.<\/a>\u00a0<\/div><div>\u00a0<\/div><div><b>PORTAL EDUCA<\/b>\u00a0<br \/><a id=\"OWA32d51fcd-d95a-4358-d539-825c61a25319\" title=\"https:\/\/portaleduca.cl\/utalca-lanza-nuevo-juego-de-mesa-guardianes-del-petroglifo\/\" href=\"https:\/\/portaleduca.cl\/utalca-lanza-nuevo-juego-de-mesa-guardianes-del-petroglifo\/\" target=\"_blank\" rel=\"noopener noreferrer\" data-auth=\"NotApplicable\" data-linkindex=\"10\">UTalca lanza nuevo juego de mesa \u201cGuardianes del Petroglifo\u201d. Se refiere Felipe Besoain Pino director de Tecnolog\u00edas Educativas\u202fy Jos\u00e9 Luis Uribe. director de Creaci\u00f3n UTalca.<\/a>\u00a0<\/div><div>\u00a0<\/div><div><b>EL MAULE INFORMA<\/b>\u00a0<br \/><a id=\"OWA258d552c-40fd-f50a-8fce-ce912102cad1\" title=\"https:\/\/elmauleinforma.cl\/inspira-maule-promovio-liderazgo-femenino-en-ingenieria\/\" href=\"https:\/\/elmauleinforma.cl\/inspira-maule-promovio-liderazgo-femenino-en-ingenieria\/\" target=\"_blank\" rel=\"noopener noreferrer\" data-auth=\"NotApplicable\" data-linkindex=\"11\">Inspira Maule promovi\u00f3 liderazgo femenino en ingenier\u00eda. Se refiere Ariela Vergara Jaque, directora de Innovaci\u00f3n y Transferencia.<\/a>\u00a0<\/div><div>\u00a0<\/div><div><b>\u00a0CANAL 2 LINARES<\/b>\u00a0<br \/><a id=\"OWA3ad51338-1d1f-7d28-9827-8b674b11eb42\" title=\"https:\/\/www.canal2linares.cl\/2025\/12\/inspira-maule-promovio-liderazgo.html\" href=\"https:\/\/www.canal2linares.cl\/2025\/12\/inspira-maule-promovio-liderazgo.html\" target=\"_blank\" rel=\"noopener noreferrer\" data-auth=\"NotApplicable\" data-linkindex=\"12\">Inspira Maule promovi\u00f3 liderazgo femenino en ingenier\u00eda. Se refiere Ariela Vergara Jaque, directora de Innovaci\u00f3n y Transferencia.<\/a>\u00a0<\/div><div>\u00a0<\/div><div><b>PORTALEDUCA<\/b>\u00a0<br \/><a id=\"OWA641b7da9-a4cf-2b81-c1f6-b32d2848c736\" title=\"https:\/\/portaleduca.cl\/inspira-maule-promovio-liderazgo-femenino-en-ingenieria\/\" href=\"https:\/\/portaleduca.cl\/inspira-maule-promovio-liderazgo-femenino-en-ingenieria\/\" target=\"_blank\" rel=\"noopener noreferrer\" data-auth=\"NotApplicable\" data-linkindex=\"13\">Inspira Maule promovi\u00f3 liderazgo femenino en ingenier\u00eda. Se refiere Ariela Vergara Jaque, directora de Innovaci\u00f3n y Transferencia<\/a>\u00a0<\/div><div>\u00a0<\/div><div><b>PORTALEDUCA<\/b>\u00a0<br \/><a id=\"OWA48001f3b-0433-f88b-be2e-42c55cc84329\" title=\"https:\/\/portaleduca.cl\/con-beca-de-movilidad-internacional-utalca-potencia-pedagogias\/\" href=\"https:\/\/portaleduca.cl\/con-beca-de-movilidad-internacional-utalca-potencia-pedagogias\/\" target=\"_blank\" rel=\"noopener noreferrer\" data-auth=\"NotApplicable\" data-linkindex=\"14\">Con beca de movilidad internacional UTalca potencia pedagog\u00edas. Se refiere Mauricio V\u00e9liz Campos, decano de la Facultad de Ciencias de la Educaci\u00f3n.<\/a>\u00a0<\/div><div>\u00a0<\/div><div><b>DIARIO TALCA<\/b>\u00a0<br \/><a id=\"OWA38b92ec2-fec9-b63a-e256-b0ed07703dd2\" title=\"https:\/\/www.litoralpress.cl\/paginaconsultas\/Servicios_NClipWeb\/Get_Imagen_Nota.aspx?LPKey=6FGZBONN6LQCOBEWJQZ4IO2KZY2V6BG2BHNLJK64TZWL5B325WTM6OJ2NB2PBOBSU22KIAXV5LODU\" href=\"https:\/\/www.litoralpress.cl\/paginaconsultas\/Servicios_NClipWeb\/Get_Imagen_Nota.aspx?LPKey=6FGZBONN6LQCOBEWJQZ4IO2KZY2V6BG2BHNLJK64TZWL5B325WTM6OJ2NB2PBOBSU22KIAXV5LODU\" target=\"_blank\" rel=\"noopener noreferrer\" data-auth=\"NotApplicable\" data-linkindex=\"15\">&#8220;Recargar pozos con aguas lluvias acumuladas durante el invierno, es una opci\u00f3n para restablecer los equilibrios hidrogeol\u00f3gicos&#8221;. Se refiere Roberto Pizarro, director de la C\u00e1tedra Unesco en Hidrolog\u00eda de Superficie.\u202f<\/a>\u00a0<\/div><div>\u00a0<\/div><div><b>DIARIO TALCA<\/b>\u00a0<br \/><a id=\"OWA22522155-906c-986a-271b-4600d1368da2\" title=\"https:\/\/www.litoralpress.cl\/paginaconsultas\/Servicios_NClipWeb\/Get_Imagen_Nota.aspx?LPKey=DA6XBLXYHD3U4GDOU3HIURJJY2KZMU6H2AYMGP66CQ6YK4RSEJHS2Z5ISF43MDOG76L2ENFLI4RVE\" href=\"https:\/\/www.litoralpress.cl\/paginaconsultas\/Servicios_NClipWeb\/Get_Imagen_Nota.aspx?LPKey=DA6XBLXYHD3U4GDOU3HIURJJY2KZMU6H2AYMGP66CQ6YK4RSEJHS2Z5ISF43MDOG76L2ENFLI4RVE\" target=\"_blank\" rel=\"noopener noreferrer\" data-auth=\"NotApplicable\" data-linkindex=\"16\">Cambio clim\u00e1tico en la Regi\u00f3n del Maule: \u00bffuturo incierto? Se refiere Patricio Gonz\u00e1lez Colville, acad\u00e9mico del Centro de Investigaci\u00f3n y Transferencia en Riego y Agroclimatolog\u00eda. (CITRA).<\/a>\u00a0<\/div><div>\u00a0<\/div><div><b>RADIO LAUTARO<\/b>\u00a0<br \/><a id=\"OWA2cab15c1-9063-0439-6237-a874e5c959cc\" title=\"https:\/\/radiolautarotalca.cl\/humanos-exposicion-gratuita-de-cuerpos-reales-llega-a-talca\/\" href=\"https:\/\/radiolautarotalca.cl\/humanos-exposicion-gratuita-de-cuerpos-reales-llega-a-talca\/\" target=\"_blank\" rel=\"noopener noreferrer\" data-auth=\"NotApplicable\" data-linkindex=\"17\">Humanos: Exposici\u00f3n gratuita de cuerpos reales llega a Talca. Se refiere Elisa Marinkovic, acad\u00e9mica del Departamento de Ciencias B\u00e1sicas Biom\u00e9dicas.<\/a>\u00a0<\/div><div aria-hidden=\"true\">\u00a0<\/div><div><b>EL MERCURIO<\/b>\u00a0<br \/><a id=\"OWA3415ce89-4963-d85c-9bb5-1e5f48940740\" title=\"https:\/\/www.litoralpress.cl\/paginaconsultas\/Servicios_NClipWeb\/Get_Imagen_Nota.aspx?LPKey=4SBEBACIOR4AGJGLGHFPZEKE6GYCVRIBWPCNXFOXC6B5XQNT5DR4GASB5S4ZPKYADLDHUL3MVFR2S\" href=\"https:\/\/www.litoralpress.cl\/paginaconsultas\/Servicios_NClipWeb\/Get_Imagen_Nota.aspx?LPKey=4SBEBACIOR4AGJGLGHFPZEKE6GYCVRIBWPCNXFOXC6B5XQNT5DR4GASB5S4ZPKYADLDHUL3MVFR2S\" target=\"_blank\" rel=\"noopener noreferrer\" data-auth=\"NotApplicable\" data-linkindex=\"18\">Ingenier\u00eda Industrial de la Universidad de Chile presenta su c\u00edrculo de honor alumni. Se menciona la Universidad de Talca.<\/a>\u00a0<\/div><div>\u00a0<\/div><div><b>RADIO COOPERATIVA<\/b>\u00a0<br \/><a id=\"OWA39245aa9-d2be-d96d-3fb8-5ca6e85476ae\" title=\"https:\/\/www.litoralpress.cl\/sitio\/RadioTV_Detalles.cshtml?LPKey=4TJ76RSQGL5KXUPOQBYBEEWCBX7SJWJMV534NLA2X6V5YURBQO4IHSIR4SLKVJAIOD2SEF2AADC4C\" href=\"https:\/\/www.litoralpress.cl\/sitio\/RadioTV_Detalles.cshtml?LPKey=4TJ76RSQGL5KXUPOQBYBEEWCBX7SJWJMV534NLA2X6V5YURBQO4IHSIR4SLKVJAIOD2SEF2AADC4C\" target=\"_blank\" rel=\"noopener noreferrer\" data-auth=\"NotApplicable\" data-linkindex=\"19\">U de Chile lanz\u00f3 curso gratuito de iniciaci\u00f3n en inteligencia artificial. Se menciona la Universidad de Talca.<\/a>\u00a0<\/div><div>\u00a0<\/div><div><b>COMO ME GUSTA<\/b>\u00a0<br \/><a id=\"OWA7e411caa-f68a-0c12-2bd2-02daf7279382\" title=\"https:\/\/comomegusta.cl\/premios-enoturismo-2025-vina-montes-y-bodegas-re-se-coronan-como-ganadores-nacionales\/\" href=\"https:\/\/comomegusta.cl\/premios-enoturismo-2025-vina-montes-y-bodegas-re-se-coronan-como-ganadores-nacionales\/\" target=\"_blank\" rel=\"noopener noreferrer\" data-auth=\"NotApplicable\" data-linkindex=\"20\">Premios Enoturismo 2025: Vi\u00f1a Montes y Bodegas RE se coronan como ganadores nacionales. Se menciona la Universidad de Talca.<\/a>\u00a0<\/div><div>\u00a0<\/div><div><b>USACH<\/b>\u00a0<br \/><a id=\"OWA44ce5f37-660f-a4b6-e383-113fcd29918f\" title=\"https:\/\/usach.cl\/news\/estudiantes-quimica-y-farmacia-llevan-educacion-preventiva-colegios-y-destacan-encuentro\" href=\"https:\/\/usach.cl\/news\/estudiantes-quimica-y-farmacia-llevan-educacion-preventiva-colegios-y-destacan-encuentro\" target=\"_blank\" rel=\"noopener noreferrer\" data-auth=\"NotApplicable\" data-linkindex=\"21\">Estudiantes de Qu\u00edmica y Farmacia llevan educaci\u00f3n preventiva a colegios y destacan en Encuentro Nacional del Cuech. Se menciona la Universidad Talca.<\/a>\u00a0<\/div><div>\u00a0<\/div><div><b>WIP<\/b>\u00a0<br \/><a id=\"OWAaa10cc18-ebfc-f62c-5b46-e57aba89c33d\" title=\"https:\/\/www.wip.cl\/vina-vik-premio-tercera-edicion-de-winelab-2025\/\" href=\"https:\/\/www.wip.cl\/vina-vik-premio-tercera-edicion-de-winelab-2025\/\" target=\"_blank\" rel=\"noopener noreferrer\" data-auth=\"NotApplicable\" data-linkindex=\"22\">Vi\u00f1a VIK celebra la ceremonia de premiaci\u00f3n de la tercera edici\u00f3n de WineLab 2025. Se menciona la Universidad de Talca.<\/a>\u00a0<\/div><div>\u00a0<\/div><div><b>CITYMAGAZINE<\/b>\u00a0<br \/><a id=\"OWA8eab829a-f628-1e3d-e1b6-ecf0b25674eb\" title=\"https:\/\/citymagazine.cl\/melatonina-bajo-la-lupa-la-ciencia-apunta-a-formulaciones-sinergicas-para-dormir-profundamente\/\" href=\"https:\/\/citymagazine.cl\/melatonina-bajo-la-lupa-la-ciencia-apunta-a-formulaciones-sinergicas-para-dormir-profundamente\/\" target=\"_blank\" rel=\"noopener noreferrer\" data-auth=\"NotApplicable\" data-linkindex=\"23\">Melatonina bajo la lupa: La ciencia apunta a formulaciones sin\u00e9rgicas para dormir profundamente. Se menciona la Universidad de Talca.<\/a>\u00a0<\/div><div>\u00a0<\/div><div><b>G5 NOTICIA<\/b>\u00a0<br \/><a id=\"OWA0bcd9f75-57e0-46b5-75f4-0af7f21c8ff1\" title=\"https:\/\/g5noticias.cl\/2025\/12\/01\/vina-vik-celebra-la-ceremonia-de-premiacion-de-la-tercera-edicion-de-winelab-2025\/\" href=\"https:\/\/g5noticias.cl\/2025\/12\/01\/vina-vik-celebra-la-ceremonia-de-premiacion-de-la-tercera-edicion-de-winelab-2025\/\" target=\"_blank\" rel=\"noopener noreferrer\" data-auth=\"NotApplicable\" data-linkindex=\"24\">Vi\u00f1a VIK celebra la ceremonia de premiaci\u00f3n de la tercera edici\u00f3n de WineLab 2025. Se menciona la Universidad de Talca.<\/a>\u00a0<\/div><div>\u00a0<\/div><div><b>PORTAL AGRO CHILE<\/b>\u00a0<br \/><a id=\"OWA18e7780a-d4f4-dfc1-f64f-688bb2eb5086\" title=\"https:\/\/www.portalagrochile.cl\/2025\/12\/01\/vina-vik-celebra-la-ceremonia-de-premiacion-de-la-tercera-edicion-de-winelab-2025\/\" href=\"https:\/\/www.portalagrochile.cl\/2025\/12\/01\/vina-vik-celebra-la-ceremonia-de-premiacion-de-la-tercera-edicion-de-winelab-2025\/\" target=\"_blank\" rel=\"noopener noreferrer\" data-auth=\"NotApplicable\" data-linkindex=\"25\">Vi\u00f1a VIK celebra la ceremonia de premiaci\u00f3n de la tercera edici\u00f3n de WineLab 2025. Se menciona la Universidad Talca.<\/a>\u00a0<\/div>\t\t\t\t\t\t<\/div>\n\t\t\t\t<\/div>\n\t\t\t\t\t<\/div>\n\t\t<\/div>\n\t\t\t\t\t\t\t<\/div>\n\t\t<\/section>\n\t\t\t\t\t\t<\/div>\n\t\t\t\t\t<\/div>\n\t\t","protected":false},"excerpt":{"rendered":"<p>LA \u00daLTIMAS NOTICIAS\u00a0Un sue\u00f1o cumplido: nuevos programas combinan estudios en Chile y el extranjero. Se refiere Paula Manr\u00edquez, vicerrectora de Formaci\u00f3n.\u00a0\u00a0PORTALEDUCA\u00a0UTalca ampl\u00eda oferta de minors para sus estudiantes. Se refiere Paula Manr\u00edquez, vicerrectora de Formaci\u00f3n.\u00a0\u00a0DIARIO TALCA\u00a0PAES 2025: Recomendaciones para rendir las pruebas con tranquilidad. Se refiere Felipe Figueroa Mart\u00ednez y Clara Lorca, psic\u00f3logos de la &hellip;<\/p>\n<p class=\"read-more\"> <a class=\"\" href=\"https:\/\/www.reportedeprensa.utalca.cl\/?p=12982\"> <span class=\"screen-reader-text\">02 de diciembre 2025<\/span> Read More &raquo;<\/a><\/p>\n","protected":false},"author":1,"featured_media":0,"comment_status":"closed","ping_status":"open","sticky":false,"template":"","format":"standard","meta":{"_monsterinsights_skip_tracking":false,"_monsterinsights_sitenote_active":false,"_monsterinsights_sitenote_note":"","_monsterinsights_sitenote_category":0},"categories":[66],"tags":[],"_links":{"self":[{"href":"https:\/\/www.reportedeprensa.utalca.cl\/index.php?rest_route=\/wp\/v2\/posts\/12982"}],"collection":[{"href":"https:\/\/www.reportedeprensa.utalca.cl\/index.php?rest_route=\/wp\/v2\/posts"}],"about":[{"href":"https:\/\/www.reportedeprensa.utalca.cl\/index.php?rest_route=\/wp\/v2\/types\/post"}],"author":[{"embeddable":true,"href":"https:\/\/www.reportedeprensa.utalca.cl\/index.php?rest_route=\/wp\/v2\/users\/1"}],"replies":[{"embeddable":true,"href":"https:\/\/www.reportedeprensa.utalca.cl\/index.php?rest_route=%2Fwp%2Fv2%2Fcomments&post=12982"}],"version-history":[{"count":4,"href":"https:\/\/www.reportedeprensa.utalca.cl\/index.php?rest_route=\/wp\/v2\/posts\/12982\/revisions"}],"predecessor-version":[{"id":12986,"href":"https:\/\/www.reportedeprensa.utalca.cl\/index.php?rest_route=\/wp\/v2\/posts\/12982\/revisions\/12986"}],"wp:attachment":[{"href":"https:\/\/www.reportedeprensa.utalca.cl\/index.php?rest_route=%2Fwp%2Fv2%2Fmedia&parent=12982"}],"wp:term":[{"taxonomy":"category","embeddable":true,"href":"https:\/\/www.reportedeprensa.utalca.cl\/index.php?rest_route=%2Fwp%2Fv2%2Fcategories&post=12982"},{"taxonomy":"post_tag","embeddable":true,"href":"https:\/\/www.reportedeprensa.utalca.cl\/index.php?rest_route=%2Fwp%2Fv2%2Ftags&post=12982"}],"curies":[{"name":"wp","href":"https:\/\/api.w.org\/{rel}","templated":true}]}}