{"id":12997,"date":"2025-12-03T14:18:52","date_gmt":"2025-12-03T17:18:52","guid":{"rendered":"https:\/\/www.reportedeprensa.utalca.cl\/?p=12997"},"modified":"2025-12-03T14:20:44","modified_gmt":"2025-12-03T17:20:44","slug":"03-de-diciembre-2025","status":"publish","type":"post","link":"https:\/\/www.reportedeprensa.utalca.cl\/?p=12997","title":{"rendered":"03 de diciembre 2025"},"content":{"rendered":"\t\t<div data-elementor-type=\"wp-post\" data-elementor-id=\"12997\" class=\"elementor elementor-12997\" data-elementor-settings=\"[]\">\n\t\t\t\t\t\t\t<div class=\"elementor-section-wrap\">\n\t\t\t\t\t\t\t<section class=\"elementor-section elementor-top-section elementor-element elementor-element-bcea1a8 elementor-section-boxed elementor-section-height-default elementor-section-height-default\" data-id=\"bcea1a8\" data-element_type=\"section\">\n\t\t\t\t\t\t<div class=\"elementor-container elementor-column-gap-default\">\n\t\t\t\t\t<div class=\"elementor-column elementor-col-100 elementor-top-column elementor-element elementor-element-e7183bf\" data-id=\"e7183bf\" data-element_type=\"column\">\n\t\t\t<div class=\"elementor-widget-wrap elementor-element-populated\">\n\t\t\t\t\t\t\t\t<div class=\"elementor-element elementor-element-8f5242e elementor-widget elementor-widget-text-editor\" data-id=\"8f5242e\" data-element_type=\"widget\" data-widget_type=\"text-editor.default\">\n\t\t\t\t<div class=\"elementor-widget-container\">\n\t\t\t\t\t\t\t\t<div><b data-olk-copy-source=\"MessageBody\">COOPERATIVA CIENCIA<\/b>\u00a0<br \/><a id=\"OWA1cd92440-04ff-bd94-1049-54a5ff442392\" title=\"https:\/\/www.cooperativaciencia.cl\/tendencias\/2025\/12\/02\/guardianes-del-petroglifo-el-juego-creado-para-cuidar-el-patrimonio-arqueologico-del-maule\/\" href=\"https:\/\/www.cooperativaciencia.cl\/tendencias\/2025\/12\/02\/guardianes-del-petroglifo-el-juego-creado-para-cuidar-el-patrimonio-arqueologico-del-maule\/\" target=\"_blank\" rel=\"noopener noreferrer\" data-auth=\"NotApplicable\" data-linkindex=\"0\">\u00abGuardianes del Petroglifo\u00bb: El juego creado para cuidar el patrimonio arqueol\u00f3gico del Maule. Se refiere Felipe Besoa\u00edn Pino, director de MauleTec.<\/a>\u00a0<\/div><div>\u00a0<\/div><div><b>EMOL<\/b>\u00a0<br \/><a id=\"OWA53d54f2a-2cd2-5496-b8b7-092ad998dad1\" title=\"https:\/\/www.emol.com\/noticias\/Nacional\/2025\/12\/01\/1184720\/estallido-social-demandas-al-fisco.html\" href=\"https:\/\/www.emol.com\/noticias\/Nacional\/2025\/12\/01\/1184720\/estallido-social-demandas-al-fisco.html\" target=\"_blank\" rel=\"noopener noreferrer\" data-auth=\"NotApplicable\" data-linkindex=\"1\">El impacto de la demanda ganada por los due\u00f1os de la ex Fuente Alemana contra el Estado. Se refiere Gabriel Celis, acad\u00e9mico de la Facultad de Ciencias Jur\u00eddicas y Sociales.<\/a>\u00a0<\/div><div>\u00a0<\/div><div><b>PORTAL EDUCA<\/b>\u00a0<br \/><a id=\"OWA52606dc5-d82e-05f1-5ecb-1f7a0c60cdfc\" title=\"https:\/\/portaleduca.cl\/es-posible-implementar-en-chile-el-juicio-por-jurado\/\" href=\"https:\/\/portaleduca.cl\/es-posible-implementar-en-chile-el-juicio-por-jurado\/\" target=\"_blank\" rel=\"noopener noreferrer\" data-auth=\"NotApplicable\" data-linkindex=\"2\">\u00bfEs posible implementar en Chile el juicio por jurado? Se refiere Diego Palomo V\u00e9lez, acad\u00e9mico de la Facultad de Ciencias Jur\u00eddicas y Sociales y Ra\u00fal Carnevali, director del Centro de Derecho Penal\u00a0 (CEDEP-UTalca)<\/a>\u00a0<\/div><div>\u00a0<\/div><div><b>MEDIABANCO<\/b>\u00a0<br \/><a id=\"OWA629971ac-6b56-8785-58fb-1d37ced28b8a\" title=\"https:\/\/www.mediabanco.com\/es-posible-implementar-en-chile-el-juicio-por-jurado\/\" href=\"https:\/\/www.mediabanco.com\/es-posible-implementar-en-chile-el-juicio-por-jurado\/\" target=\"_blank\" rel=\"noopener noreferrer\" data-auth=\"NotApplicable\" data-linkindex=\"3\">\u00bfEs posible implementar en Chile el juicio por jurado? Se refiere Diego Palomo V\u00e9lez, acad\u00e9mico de la Facultad de Ciencias Jur\u00eddicas y Sociales y Ra\u00fal Carnevali, director del Centro de Derecho Penal\u00a0 (CEDEP-UTalca)<\/a>\u00a0<\/div><div>\u00a0<\/div><div><b>AD PRENSA<\/b>\u00a0<br \/><a id=\"OWA22a17d3c-859e-d854-0d48-e3e78413df9f\" title=\"https:\/\/www.adprensa.cl\/cronica\/es-posible-implementar-en-chile-el-juicio-por-jurado\/\" href=\"https:\/\/www.adprensa.cl\/cronica\/es-posible-implementar-en-chile-el-juicio-por-jurado\/\" target=\"_blank\" rel=\"noopener noreferrer\" data-auth=\"NotApplicable\" data-linkindex=\"4\">\u00bfEs posible implementar en Chile el juicio por jurado? Se refiere Diego Palomo V\u00e9lez, acad\u00e9mico de la Facultad de Ciencias Jur\u00eddicas y Sociales y Ra\u00fal Carnevali, director del Centro de Derecho Penal\u00a0 (CEDEP-UTalca)<\/a>\u00a0<\/div><div>\u00a0<\/div><div><b>EL HERALDO<\/b>\u00a0<br \/><a id=\"OWAbda1c972-8050-df6e-f11d-a44e53641d48\" title=\"https:\/\/www.litoralpress.cl\/paginaconsultas\/Servicios_NClipWeb\/Get_Imagen_Nota.aspx?LPKey=NBHZEPQGZJPF433O7BACUN5UB6J3VHTPAEPRW53BO3X7JF7HNLKYUO7XN44MFLITIZ2DPN2FKGYAK\" href=\"https:\/\/www.litoralpress.cl\/paginaconsultas\/Servicios_NClipWeb\/Get_Imagen_Nota.aspx?LPKey=NBHZEPQGZJPF433O7BACUN5UB6J3VHTPAEPRW53BO3X7JF7HNLKYUO7XN44MFLITIZ2DPN2FKGYAK\" target=\"_blank\" rel=\"noopener noreferrer\" data-auth=\"NotApplicable\" data-linkindex=\"5\">Inspira Maule promovi\u00f3 liderazgo femenino en ingenier\u00eda. Se refiere Marcela Araya Gonz\u00e1lez, decana de la Facultad de Ingenier\u00eda.<\/a>\u00a0<\/div><div>\u00a0<\/div><div><b>EL LECTOR<\/b>\u00a0<br \/><a id=\"OWA0a1b3998-cdb5-054c-67e5-d65939a387f3\" title=\"https:\/\/www.litoralpress.cl\/paginaconsultas\/Servicios_NClipWeb\/Get_Imagen_Nota.aspx?LPKey=IWTWOZHPGMW4SCYJLROWYVR4CXNC5MSCSKPTCBBJ3PSCNHTCZBXP5BLWYW3KZQJRZ2Q3ZWR4Z6JJS\" href=\"https:\/\/www.litoralpress.cl\/paginaconsultas\/Servicios_NClipWeb\/Get_Imagen_Nota.aspx?LPKey=IWTWOZHPGMW4SCYJLROWYVR4CXNC5MSCSKPTCBBJ3PSCNHTCZBXP5BLWYW3KZQJRZ2Q3ZWR4Z6JJS\" target=\"_blank\" rel=\"noopener noreferrer\" data-auth=\"NotApplicable\" data-linkindex=\"6\">Inspira Maule promovi\u00f3 liderazgo femenino en ingenier\u00eda. Se refiere Marcela Araya Gonz\u00e1lez, decana de la Facultad de Ingenier\u00eda.<\/a><\/div><div>\u00a0<\/div><div><b>DIARIO EL HERALDO<\/b>\u00a0<br \/><a id=\"OWA28f08b0d-58d4-0046-99a1-b141f9acaf84\" title=\"https:\/\/www.diarioelheraldo.cl\/noticia\/inspira-maule-promovio-liderazgo-femenino-en-ingenieria\" href=\"https:\/\/www.diarioelheraldo.cl\/noticia\/inspira-maule-promovio-liderazgo-femenino-en-ingenieria\" target=\"_blank\" rel=\"noopener noreferrer\" data-auth=\"NotApplicable\" data-linkindex=\"7\">Inspira Maule promovi\u00f3 liderazgo femenino en ingenier\u00eda. Se refiere Marcela Araya Gonz\u00e1lez, decana de la Facultad de Ingenier\u00eda.<\/a>\u00a0<\/div><div>\u00a0<\/div><div><b>RADIO BIOB\u00cdO<\/b>\u00a0<br \/><a id=\"OWAd2aff974-cf4c-aa10-3c44-aa99e0f74760\" title=\"https:\/\/www.litoralpress.cl\/sitio\/RadioTV_Detalles.cshtml?LPKey=YRBHT66MIIHYCIC2VZFPMAISMAAII6NVAG477Y343CSNJWF3763BESCY4AQEZR6LS7XDEXP5ZUKGS\" href=\"https:\/\/www.litoralpress.cl\/sitio\/RadioTV_Detalles.cshtml?LPKey=YRBHT66MIIHYCIC2VZFPMAISMAAII6NVAG477Y343CSNJWF3763BESCY4AQEZR6LS7XDEXP5ZUKGS\" target=\"_blank\" rel=\"noopener noreferrer\" data-auth=\"NotApplicable\" data-linkindex=\"8\">Tras el estreno de la franja televisiva, la candidata oficialista Jeannette Jara defendi\u00f3 este tono confrontacional. Se refiere Mario herrera Mu\u00f1oz, acad\u00e9mico del Centro de an\u00e1lisis Pol\u00edtico (CAP-UTalca).<\/a>\u00a0<\/div><div>\u00a0<\/div><div><b>EMOL<\/b>\u00a0<br \/><a id=\"OWAcfc4cd5c-13b1-17c6-fba9-0a3bdbd351f2\" title=\"https:\/\/www.emol.com\/noticias\/Nacional\/2025\/12\/02\/1184733\/jara-problemas-marcar-pauta-agenda.html\" href=\"https:\/\/www.emol.com\/noticias\/Nacional\/2025\/12\/02\/1184733\/jara-problemas-marcar-pauta-agenda.html\" target=\"_blank\" rel=\"noopener noreferrer\" data-auth=\"NotApplicable\" data-linkindex=\"9\">&#8216;Problema casi insalvable&#8217;: La dificultad que ha tenido la candidatura de Jara para marcar la agenda p\u00fablica. Se refiere Mario herrera Mu\u00f1oz, acad\u00e9mico del Centro de an\u00e1lisis Pol\u00edtico (CAP-UTalca).<\/a>\u00a0<\/div><div>\u00a0<\/div><div><b>NUEVO PODER<\/b>\u00a0<br \/><a id=\"OWA6576d3d7-b308-c721-5fa1-4fe36d82ce08\" title=\"https:\/\/www.nuevopoder.cl\/campana-de-jara-atrapada-en-coyuntura-noticiosa-no-controla-agenda\/\" href=\"https:\/\/www.nuevopoder.cl\/campana-de-jara-atrapada-en-coyuntura-noticiosa-no-controla-agenda\/\" target=\"_blank\" rel=\"noopener noreferrer\" data-auth=\"NotApplicable\" data-linkindex=\"10\">Campa\u00f1a de Jara: atrapada en coyuntura noticiosa, no controla agenda. Se refiere Mario herrera Mu\u00f1oz, acad\u00e9mico del Centro de an\u00e1lisis Pol\u00edtico (CAP-UTalca).<\/a>\u00a0<\/div><div aria-hidden=\"true\">\u00a0<\/div><div><b>EL MERCURIO<\/b>\u00a0<br \/><a id=\"OWA217c3056-e1a9-7d28-fcc9-893d0c1cb0fa\" title=\"https:\/\/www.litoralpress.cl\/paginaconsultas\/Servicios_NClipWeb\/Get_Imagen_Nota.aspx?LPKey=R5LJLJOA5RBNIF65NWCVQBN2UAQ35YYISQ6EGJI5NQBVA32QW3RQRK4YS2UOOVSH7LNNUF6YLECHU\" href=\"https:\/\/www.litoralpress.cl\/paginaconsultas\/Servicios_NClipWeb\/Get_Imagen_Nota.aspx?LPKey=R5LJLJOA5RBNIF65NWCVQBN2UAQ35YYISQ6EGJI5NQBVA32QW3RQRK4YS2UOOVSH7LNNUF6YLECHU\" target=\"_blank\" rel=\"noopener noreferrer\" data-auth=\"NotApplicable\" data-linkindex=\"11\">Autoridad sanitaria y organismos t\u00e9cnicos comienzan an\u00e1lisis por impacto ambiental en lago Vichuqu\u00e9n. Se refiere Roberto Pizarro, director de la C\u00e1tedra Unesco en Hidrolog\u00eda de Superficie.\u202f<\/a>\u00a0<\/div><div>\u00a0<\/div><div><b>DIARIO TALCA<\/b>\u00a0<br \/><a id=\"OWAc0095998-ca22-d1bc-919d-b075b5b28687\" title=\"https:\/\/diariotalca.cl\/dr-roberto-pizarro-academico-u-de-talca-recargar-pozos-con-aguas-lluvias-es-una-opcion\/\" href=\"https:\/\/diariotalca.cl\/dr-roberto-pizarro-academico-u-de-talca-recargar-pozos-con-aguas-lluvias-es-una-opcion\/\" target=\"_blank\" rel=\"noopener noreferrer\" data-auth=\"NotApplicable\" data-linkindex=\"12\">Dr. Roberto Pizarro acad\u00e9mico U. de Talca: \u201cRecargar pozos con aguas lluvias es una opci\u00f3n\u201d. Se refiere Roberto Pizarro, director de la C\u00e1tedra Unesco en Hidrolog\u00eda de Superficie y Claudia Sang\u00fcesa, investigadora del Centro Tecnol\u00f3gico de Hidrolog\u00eda Ambiental<\/a>\u00a0<\/div><div>\u00a0<\/div><div><b>UNIVERSIDAD DE CHILE<\/b>\u00a0<br \/><a id=\"OWA402db947-fae0-d350-29dd-eb23786953e2\" title=\"https:\/\/uchile.cl\/noticias\/235361\/universidades-estatales-lanzan-el-primer-doctorado-en-envejecimiento-0\" href=\"https:\/\/uchile.cl\/noticias\/235361\/universidades-estatales-lanzan-el-primer-doctorado-en-envejecimiento-0\" target=\"_blank\" rel=\"noopener noreferrer\" data-auth=\"NotApplicable\" data-linkindex=\"13\">Universidades estatales lanzan el primer Doctorado en Envejecimiento de Latinoam\u00e9rica. Se refiere Sergio Wehinger, director de Postgrado y Iv\u00e1n Palomo, director del Centro de Longevidad Vitalis.<\/a>\u00a0\u00a0<\/div><div>\u00a0<\/div><div><b>EL MAULE INFORMA<\/b>\u00a0<br \/><a id=\"OWAf5569b62-34ae-5a63-087a-089edb9ea8a9\" title=\"https:\/\/elmauleinforma.cl\/utalca-amplia-oferta-de-minors-para-sus-estudiantes\/\" href=\"https:\/\/elmauleinforma.cl\/utalca-amplia-oferta-de-minors-para-sus-estudiantes\/\" target=\"_blank\" rel=\"noopener noreferrer\" data-auth=\"NotApplicable\" data-linkindex=\"14\">UTalca ampl\u00eda oferta de minors para sus estudiantes. Se refiere Paula Mar\u00edquez Novoa, vicerrectora de Formaci\u00f3n.<\/a>\u00a0<\/div><div>\u00a0<\/div><div><b>UNIVERSIDAD DE TARAPAC\u00c1<\/b>\u00a0<br \/><a id=\"OWA17d4bbbc-a0cc-2505-9b1d-ba076c1a99e1\" title=\"https:\/\/www.uta.cl\/index.php\/2025\/12\/02\/una-ciencia-enfocada-en-los-territorios-utarapaca-fue-sede-del-encuentro-anual-de-la-sociedad-chilena-de-estudios-regionales\/\" href=\"https:\/\/www.uta.cl\/index.php\/2025\/12\/02\/una-ciencia-enfocada-en-los-territorios-utarapaca-fue-sede-del-encuentro-anual-de-la-sociedad-chilena-de-estudios-regionales\/\" target=\"_blank\" rel=\"noopener noreferrer\" data-auth=\"NotApplicable\" data-linkindex=\"15\">Una ciencia enfocada en los territorios: UTarapac\u00e1 fue sede del encuentro anual de la Sociedad Chilena de Estudios Regionales. Se refiere Mauricio Sarrias, acad\u00e9mico de la Facultad de Econom\u00eda y Negocios.<\/a>\u00a0<\/div><div>\u00a0<\/div><div><b>PUBLIMICRO<\/b>\u00a0<br \/><a id=\"OWA72f600fb-214f-6021-3dcf-318f815e44bc\" title=\"https:\/\/publimicro.cl\/utalca-fortalece-su-oferta-academica-con-seis-nuevos-minors-transversales-a-partir-de-2026\/\" href=\"https:\/\/publimicro.cl\/utalca-fortalece-su-oferta-academica-con-seis-nuevos-minors-transversales-a-partir-de-2026\/\" target=\"_blank\" rel=\"noopener noreferrer\" data-auth=\"NotApplicable\" data-linkindex=\"16\">UTalca fortalece su oferta acad\u00e9mica con seis nuevos minors transversales a partir de 2026. Se refiere Paula Manr\u00edquez, vicerrectora de Formaci\u00f3n.<\/a>\u00a0\u00a0<\/div><div>\u00a0<\/div><div><b>CULTURA ACOMPA\u00d1ADA<\/b>\u00a0<br \/><a id=\"OWAb5c22a66-5974-c429-ae6d-25694dd2e2f8\" title=\"https:\/\/culturaacompanada.blogspot.com\/2025\/12\/ritmo-brasilero-y-clasico-en-cierre-de.html\" href=\"https:\/\/culturaacompanada.blogspot.com\/2025\/12\/ritmo-brasilero-y-clasico-en-cierre-de.html\" target=\"_blank\" rel=\"noopener noreferrer\" data-auth=\"NotApplicable\" data-linkindex=\"17\">Ritmo brasilero y cl\u00e1sico en cierre de la temporada de San Javier. Se refiere Felipe Gonz\u00e1lez, acad\u00e9mico de la Escuela de M\u00fasica.<\/a>\u00a0<\/div><div aria-hidden=\"true\">\u00a0<\/div><div><b>RADIO COOPERATIVA<\/b>\u00a0<br \/><a id=\"OWAf9465e45-b55f-6916-2a04-1d594e6ce761\" title=\"https:\/\/www.litoralpress.cl\/sitio\/RadioTV_Detalles.cshtml?LPKey=RVI3AARM6RAI3A7PQQZHGNHBERIFN5JVNCEYBPTIYFXI3HENCEATCHK4IY6YZGDF5CT5DN3FPSOMY\" href=\"https:\/\/www.litoralpress.cl\/sitio\/RadioTV_Detalles.cshtml?LPKey=RVI3AARM6RAI3A7PQQZHGNHBERIFN5JVNCEYBPTIYFXI3HENCEATCHK4IY6YZGDF5CT5DN3FPSOMY\" target=\"_blank\" rel=\"noopener noreferrer\" data-auth=\"NotApplicable\" data-linkindex=\"18\">Comentario sobre puntajes solicitados para el ingreso a la universidad. Se menciona la Universidad de Talca.<\/a>\u00a0<\/div><div>\u00a0<\/div><div><b>DIARIO CURIC\u00d3<\/b>\u00a0<br \/><a id=\"OWA41ffabd4-37bf-cf23-992a-396187f00b9e\" title=\"https:\/\/diariocurico.cl\/actualizacion-del-pladeco-en-curico-entra-a-su-utima-semana-de-trabajo-con-la-comunidad\/\" href=\"https:\/\/diariocurico.cl\/actualizacion-del-pladeco-en-curico-entra-a-su-utima-semana-de-trabajo-con-la-comunidad\/\" target=\"_blank\" rel=\"noopener noreferrer\" data-auth=\"NotApplicable\" data-linkindex=\"19\">Actualizaci\u00f3n del PLADECO en Curic\u00f3 entra a su \u00faltima semana de trabajo con la comunidad. Se menciona la Universidad de Talca.<\/a>\u00a0<\/div><div>\u00a0<\/div><div><b>G5 NOTICIAS<\/b>\u00a0<br \/><a id=\"OWA32143220-2a64-19c4-c733-51d6fe99c5d0\" title=\"https:\/\/g5noticias.cl\/2025\/12\/02\/melatonina-bajo-la-lupa-la-ciencia-apunta-a-formulaciones-sinergicas-para-dormir-profundamente\/\" href=\"https:\/\/g5noticias.cl\/2025\/12\/02\/melatonina-bajo-la-lupa-la-ciencia-apunta-a-formulaciones-sinergicas-para-dormir-profundamente\/\" target=\"_blank\" rel=\"noopener noreferrer\" data-auth=\"NotApplicable\" data-linkindex=\"20\">Melatonina bajo la lupa: La ciencia apunta a formulaciones sin\u00e9rgicas para dormir profundamente. Se menciona la Universidad de Talca.<\/a>\u00a0<\/div><div>\u00a0<\/div><div><b>MEGANOTICIAS<\/b>\u00a0<br \/><a id=\"OWA16191c34-7eea-93a7-dde1-384ed50955a6\" title=\"https:\/\/www.meganoticias.cl\/dato-util\/507535-puntaje-corte-medicina-u-de-chile-u-catolica-usach-paes-02-12-2025.html\" href=\"https:\/\/www.meganoticias.cl\/dato-util\/507535-puntaje-corte-medicina-u-de-chile-u-catolica-usach-paes-02-12-2025.html\" target=\"_blank\" rel=\"noopener noreferrer\" data-auth=\"NotApplicable\" data-linkindex=\"21\">\u00bfPiensas estudiar Medicina?: Estos los puntajes de corte en las principales universidades del pa\u00eds. Se menciona la Universidad de Talca.<\/a>\u00a0<\/div><div>\u00a0<\/div><div><b>LUNMAS<\/b>\u00a0<br \/><a id=\"OWAf050899c-545e-e48a-6abc-e02854591b6d\" title=\"https:\/\/lunmas.cl\/un-sueno-cumplido-nuevos-programas-combinan-estudios-en-chile-y-el-extranjero\/\" href=\"https:\/\/lunmas.cl\/un-sueno-cumplido-nuevos-programas-combinan-estudios-en-chile-y-el-extranjero\/\" target=\"_blank\" rel=\"noopener noreferrer\" data-auth=\"NotApplicable\" data-linkindex=\"22\">Un sue\u00f1o cumplido: nuevos programas combinan estudios en Chile y el extranjero. Se menciona la Universidad de Talca.<\/a>\u00a0<\/div><div>\u00a0<\/div><div><b>CULTURIZARTE<\/b>\u00a0<br \/><a id=\"OWAfae37ac5-b980-2fa6-e77c-e0feedfbf8ee\" title=\"https:\/\/culturizarte.cl\/jurado-elige-a-los-ganadores-del-iii-concurso-de-grabado-viento-mistral-gabriela-y-su-legado-organizado-por-centro-cultural-bosque-nativo\/\" href=\"https:\/\/culturizarte.cl\/jurado-elige-a-los-ganadores-del-iii-concurso-de-grabado-viento-mistral-gabriela-y-su-legado-organizado-por-centro-cultural-bosque-nativo\/\" target=\"_blank\" rel=\"noopener noreferrer\" data-auth=\"NotApplicable\" data-linkindex=\"23\">Jurado elige a los ganadores del III Concurso de Grabado \u201cViento Mistral: Gabriela y su Legado\u201d organizado por Centro Cultural Bosque Nativo. Se menciona la Universidad de Talca.<\/a>\u00a0<\/div><div>\u00a0<\/div><div><b>UNIVERSIDAD DE CHILE<\/b>\u00a0<br \/><a id=\"OWA32cf5426-f7f2-15e6-3b48-9284b15c040d\" title=\"https:\/\/uchile.cl\/noticias\/235392\/homenaje-al-dr-manuel-pinto-reunio-a-la-comunidad-en-la-facultad\" href=\"https:\/\/uchile.cl\/noticias\/235392\/homenaje-al-dr-manuel-pinto-reunio-a-la-comunidad-en-la-facultad\" target=\"_blank\" rel=\"noopener noreferrer\" data-auth=\"NotApplicable\" data-linkindex=\"24\">Conferencia en homenaje al Dr. Manuel Pinto reuni\u00f3 a la comunidad matem\u00e1tica en la Facultad de Ciencias. Se menciona la Universidad de Talca.<\/a>\u00a0<\/div><div>\u00a0<\/div><div><b>VIVIMOS LA NOTICIA<\/b>\u00a0<br \/><a id=\"OWAa38e13c3-513b-64d6-c972-cc534e0c61a5\" title=\"https:\/\/www.vlnradio.cl\/noticias\/nacional\/region-del-maule\/curico\/2025\/12\/02\/departamento-de-salud-de-curico-realizo-jornada-de-testeo-rapido-de-vih-sida\/\" href=\"https:\/\/www.vlnradio.cl\/noticias\/nacional\/region-del-maule\/curico\/2025\/12\/02\/departamento-de-salud-de-curico-realizo-jornada-de-testeo-rapido-de-vih-sida\/\" target=\"_blank\" rel=\"noopener noreferrer\" data-auth=\"NotApplicable\" data-linkindex=\"25\">Departamento de Salud de Curic\u00f3 realiz\u00f3 jornada de testeo r\u00e1pido de VIH \u2013 SIDA. Se menciona la Universidad de Talca.<\/a>\u00a0<\/div><div>\u00a0<\/div><div><b>UNIVERSIDAD DE CHILE<\/b>\u00a0<br \/><a id=\"OWAb1ea60a1-fcba-fc1e-7fed-119d3946c03e\" title=\"https:\/\/uchile.cl\/noticias\/235401\/xv-jornadas-nacionales-de-derecho-del-consumo-reunieron-a-especialistas-de-\" href=\"https:\/\/uchile.cl\/noticias\/235401\/xv-jornadas-nacionales-de-derecho-del-consumo-reunieron-a-especialistas-de-\" target=\"_blank\" rel=\"noopener noreferrer\" data-auth=\"NotApplicable\" data-linkindex=\"26\">XV Jornadas Nacionales de Derecho del Consumo reunieron a especialistas de Chile y el extranjero en la Facultad de Derecho. Se menciona la Universidad de Talca.<\/a>\u00a0<\/div><div>\u00a0<\/div><div><b>DIARIO UACH<\/b>\u00a0<br \/><a id=\"OWA7e76181e-915d-d288-7d89-0c90e0669ba5\" title=\"https:\/\/diario.uach.cl\/expertos-internacionales-abordaron-desafios-de-la-sequia-en-la-agricultura\/\" href=\"https:\/\/diario.uach.cl\/expertos-internacionales-abordaron-desafios-de-la-sequia-en-la-agricultura\/\" target=\"_blank\" rel=\"noopener noreferrer\" data-auth=\"NotApplicable\" data-linkindex=\"27\">Expertos internacionales abordaron desaf\u00edos de la sequ\u00eda en la agricultura. Se menciona la Universidad de Talca.<\/a>\u00a0\u00a0<\/div><div>\u00a0<\/div><div><b>CIENCIA CHILE<\/b>\u00a0<br \/><a id=\"OWAbf632eec-cf75-76d0-631d-0002f1e212f2\" title=\"https:\/\/www.cienciaenchile.cl\/chile-celebra-a-los-mejores-del-enoturismo-2025-vina-montes-y-bodegas-re-se-coronan-como-ganadores-nacionales\/\" href=\"https:\/\/www.cienciaenchile.cl\/chile-celebra-a-los-mejores-del-enoturismo-2025-vina-montes-y-bodegas-re-se-coronan-como-ganadores-nacionales\/\" target=\"_blank\" rel=\"noopener noreferrer\" data-auth=\"NotApplicable\" data-linkindex=\"28\">Chile celebra a los mejores del enoturismo 2025: Vi\u00f1a Montes y Bodegas RE se coronan como ganadores nacionales. Se menciona la Universidad de Talca.<\/a>\u00a0<\/div><div>\u00a0<\/div><div><b>LAS \u00daLTIMAS NOTICIAS<\/b>\u00a0<br \/><a id=\"OWAf1ec1c19-f115-783e-922a-b7aa33501709\" title=\"https:\/\/www.litoralpress.cl\/paginaconsultas\/Servicios_NClipWeb\/Get_Imagen_Nota.aspx?LPKey=5AUACPIUUQESODEMSPY3OZZBA4XMB5LYDG2JISCSJUPZFXKBIYD6M5VV7VUUBSPPXHK7W4FGWBJEW\" href=\"https:\/\/www.litoralpress.cl\/paginaconsultas\/Servicios_NClipWeb\/Get_Imagen_Nota.aspx?LPKey=5AUACPIUUQESODEMSPY3OZZBA4XMB5LYDG2JISCSJUPZFXKBIYD6M5VV7VUUBSPPXHK7W4FGWBJEW\" target=\"_blank\" rel=\"noopener noreferrer\" data-auth=\"NotApplicable\" data-linkindex=\"29\">Cu\u00e1ntos puntos se necesitan para entrar a las carreras con mayor sueldo al primer a\u00f1o. Se menciona la Universidad de Talca.<\/a>\u00a0<\/div><div>\u00a0<\/div><div><b>RADIO BIOB\u00cdO<\/b>\u00a0<br \/><a id=\"OWA47d4f160-c416-c97c-53ff-e4386abb2a7d\" title=\"https:\/\/www.litoralpress.cl\/sitio\/RadioTV_Detalles.cshtml?LPKey=JSHKWQF3DPJUKHTKKQK4RCTFZPK67HDHXAIHL7GO52VI2MUFXSYGGD3ITDO4UJNAHV26TJVVOE4J2\" href=\"https:\/\/www.litoralpress.cl\/sitio\/RadioTV_Detalles.cshtml?LPKey=JSHKWQF3DPJUKHTKKQK4RCTFZPK67HDHXAIHL7GO52VI2MUFXSYGGD3ITDO4UJNAHV26TJVVOE4J2\" target=\"_blank\" rel=\"noopener noreferrer\" data-auth=\"NotApplicable\" data-linkindex=\"30\">Fiscal\u00eda de Tarapac\u00e1 pedir\u00e1 prisi\u00f3n preventiva para ex sargento del Ej\u00e9rcito que lideraba una red de narcomilitares. Se menciona la Universidad de Talca.<\/a>\u00a0<\/div>\t\t\t\t\t\t<\/div>\n\t\t\t\t<\/div>\n\t\t\t\t\t<\/div>\n\t\t<\/div>\n\t\t\t\t\t\t\t<\/div>\n\t\t<\/section>\n\t\t\t\t\t\t<\/div>\n\t\t\t\t\t<\/div>\n\t\t","protected":false},"excerpt":{"rendered":"<p>COOPERATIVA CIENCIA\u00a0\u00abGuardianes del Petroglifo\u00bb: El juego creado para cuidar el patrimonio arqueol\u00f3gico del Maule. Se refiere Felipe Besoa\u00edn Pino, director de MauleTec.\u00a0\u00a0EMOL\u00a0El impacto de la demanda ganada por los due\u00f1os de la ex Fuente Alemana contra el Estado. Se refiere Gabriel Celis, acad\u00e9mico de la Facultad de Ciencias Jur\u00eddicas y Sociales.\u00a0\u00a0PORTAL EDUCA\u00a0\u00bfEs posible implementar en &hellip;<\/p>\n<p class=\"read-more\"> <a class=\"\" href=\"https:\/\/www.reportedeprensa.utalca.cl\/?p=12997\"> <span class=\"screen-reader-text\">03 de diciembre 2025<\/span> Read More &raquo;<\/a><\/p>\n","protected":false},"author":1,"featured_media":0,"comment_status":"closed","ping_status":"open","sticky":false,"template":"","format":"standard","meta":{"_monsterinsights_skip_tracking":false,"_monsterinsights_sitenote_active":false,"_monsterinsights_sitenote_note":"","_monsterinsights_sitenote_category":0},"categories":[66],"tags":[],"_links":{"self":[{"href":"https:\/\/www.reportedeprensa.utalca.cl\/index.php?rest_route=\/wp\/v2\/posts\/12997"}],"collection":[{"href":"https:\/\/www.reportedeprensa.utalca.cl\/index.php?rest_route=\/wp\/v2\/posts"}],"about":[{"href":"https:\/\/www.reportedeprensa.utalca.cl\/index.php?rest_route=\/wp\/v2\/types\/post"}],"author":[{"embeddable":true,"href":"https:\/\/www.reportedeprensa.utalca.cl\/index.php?rest_route=\/wp\/v2\/users\/1"}],"replies":[{"embeddable":true,"href":"https:\/\/www.reportedeprensa.utalca.cl\/index.php?rest_route=%2Fwp%2Fv2%2Fcomments&post=12997"}],"version-history":[{"count":4,"href":"https:\/\/www.reportedeprensa.utalca.cl\/index.php?rest_route=\/wp\/v2\/posts\/12997\/revisions"}],"predecessor-version":[{"id":13001,"href":"https:\/\/www.reportedeprensa.utalca.cl\/index.php?rest_route=\/wp\/v2\/posts\/12997\/revisions\/13001"}],"wp:attachment":[{"href":"https:\/\/www.reportedeprensa.utalca.cl\/index.php?rest_route=%2Fwp%2Fv2%2Fmedia&parent=12997"}],"wp:term":[{"taxonomy":"category","embeddable":true,"href":"https:\/\/www.reportedeprensa.utalca.cl\/index.php?rest_route=%2Fwp%2Fv2%2Fcategories&post=12997"},{"taxonomy":"post_tag","embeddable":true,"href":"https:\/\/www.reportedeprensa.utalca.cl\/index.php?rest_route=%2Fwp%2Fv2%2Ftags&post=12997"}],"curies":[{"name":"wp","href":"https:\/\/api.w.org\/{rel}","templated":true}]}}