{"id":13002,"date":"2025-12-04T09:54:00","date_gmt":"2025-12-04T12:54:00","guid":{"rendered":"https:\/\/www.reportedeprensa.utalca.cl\/?p=13002"},"modified":"2025-12-04T16:03:18","modified_gmt":"2025-12-04T19:03:18","slug":"04-de-diciembre-2025","status":"publish","type":"post","link":"https:\/\/www.reportedeprensa.utalca.cl\/?p=13002","title":{"rendered":"04 de diciembre 2025"},"content":{"rendered":"\t\t<div data-elementor-type=\"wp-post\" data-elementor-id=\"13002\" class=\"elementor elementor-13002\" data-elementor-settings=\"[]\">\n\t\t\t\t\t\t\t<div class=\"elementor-section-wrap\">\n\t\t\t\t\t\t\t<section class=\"elementor-section elementor-top-section elementor-element elementor-element-bcea1a8 elementor-section-boxed elementor-section-height-default elementor-section-height-default\" data-id=\"bcea1a8\" data-element_type=\"section\">\n\t\t\t\t\t\t<div class=\"elementor-container elementor-column-gap-default\">\n\t\t\t\t\t<div class=\"elementor-column elementor-col-100 elementor-top-column elementor-element elementor-element-e7183bf\" data-id=\"e7183bf\" data-element_type=\"column\">\n\t\t\t<div class=\"elementor-widget-wrap elementor-element-populated\">\n\t\t\t\t\t\t\t\t<div class=\"elementor-element elementor-element-8f5242e elementor-widget elementor-widget-text-editor\" data-id=\"8f5242e\" data-element_type=\"widget\" data-widget_type=\"text-editor.default\">\n\t\t\t\t<div class=\"elementor-widget-container\">\n\t\t\t\t\t\t\t\t<div><b data-olk-copy-source=\"MessageBody\">LA TERCERA ONLINE<\/b>\u00a0<br \/><a id=\"OWAf0253e16-25c5-1b6c-93f4-92e7ed9afba2\" title=\"https:\/\/www.latercera.com\/lt-board\/noticia\/ozempic-el-lado-mas-oscuro-de-la-nueva-panacea-para-bajar-de-peso\/\" href=\"https:\/\/www.latercera.com\/lt-board\/noticia\/ozempic-el-lado-mas-oscuro-de-la-nueva-panacea-para-bajar-de-peso\/\" target=\"_blank\" rel=\"noopener noreferrer\" data-auth=\"NotApplicable\" data-linkindex=\"0\">Ozempic: El lado m\u00e1s oscuro de la nueva panacea para bajar de peso. Se refiere\u00a0 J\u00e9ssica Z\u00fa\u00f1iga, toxic\u00f3loga y jefa del Laboratorio de Farmacolog\u00eda.<\/a>\u00a0<\/div><div>\u00a0<\/div><div><b>PORTAL AGRO CHILE<\/b>\u00a0<br \/><a id=\"OWAc0a2eee2-6a77-db33-134f-be07d46c3908\" title=\"https:\/\/www.portalagrochile.cl\/2025\/12\/03\/impulsan-mesa-estrategica-de-recursos-hidricos-del-rio-maule\/\" href=\"https:\/\/www.portalagrochile.cl\/2025\/12\/03\/impulsan-mesa-estrategica-de-recursos-hidricos-del-rio-maule\/\" target=\"_blank\" rel=\"noopener noreferrer\" data-auth=\"NotApplicable\" data-linkindex=\"1\">Impulsan Mesa Estrat\u00e9gica de Recursos H\u00eddricos del R\u00edo Maule. Se refiere \u202fSamuel Ortega Far\u00edas, director del Centro de Investigaci\u00f3n y Transferencia en Riego y Agroclimatolog\u00eda (CITRA) y Nadia Rojas Villacura, jefa de la unidad de Gesti\u00f3n de Proyectos Transversales.<\/a>\u00a0<\/div><div>\u00a0<\/div><div><b>MEDIABANCO<\/b>\u00a0<br \/><a id=\"OWA56fdcfee-daa5-46ae-0e83-14787a6a328a\" title=\"https:\/\/www.mediabanco.com\/impulsan-mesa-estrategica-de-recursos-hidricos-del-rio-maule\/\" href=\"https:\/\/www.mediabanco.com\/impulsan-mesa-estrategica-de-recursos-hidricos-del-rio-maule\/\" target=\"_blank\" rel=\"noopener noreferrer\" data-auth=\"NotApplicable\" data-linkindex=\"2\">Impulsan Mesa Estrat\u00e9gica de Recursos H\u00eddricos del R\u00edo Maule. Se refiere \u202fSamuel Ortega Far\u00edas, director del Centro de Investigaci\u00f3n y Transferencia en Riego y Agroclimatolog\u00eda (CITRA) y Nadia Rojas Villacura, jefa de la unidad de Gesti\u00f3n de Proyectos Transversales.<\/a>\u00a0<\/div><div>\u00a0<\/div><div><b>RADIO MAULE SUR<\/b>\u00a0<br \/><a id=\"OWAc0a52298-20ef-3314-fb0f-6b503f62de43\" title=\"https:\/\/www.radiomaulesur.cl\/2025\/12\/impulsan-mesa-estrategica-de-recursos.html\" href=\"https:\/\/www.radiomaulesur.cl\/2025\/12\/impulsan-mesa-estrategica-de-recursos.html\" target=\"_blank\" rel=\"noopener noreferrer\" data-auth=\"NotApplicable\" data-linkindex=\"3\">Impulsan Mesa Estrat\u00e9gica de Recursos H\u00eddricos del R\u00edo Maule. Se refiere\u00a0 Samuel Ortega Far\u00edas, director del Centro de Investigaci\u00f3n y Transferencia en Riego y Agroclimatolog\u00eda (CITRA) y Nadia Rojas Villacura, jefa de la unidad de Gesti\u00f3n de Proyectos Transversales.<\/a>\u00a0<\/div><div>\u00a0<\/div><div><b>DIARIO TALCA<\/b>\u00a0<br \/><a id=\"OWA62012922-31dd-1e21-8009-354ca9630e7d\" title=\"https:\/\/diariotalca.cl\/es-posible-implementar-en-chile-el-juicio-por-jurado\/\" href=\"https:\/\/diariotalca.cl\/es-posible-implementar-en-chile-el-juicio-por-jurado\/\" target=\"_blank\" rel=\"noopener noreferrer\" data-auth=\"NotApplicable\" data-linkindex=\"4\">\u00bfEs posible implementar en Chile el juicio por jurado? Se refiere Diego Palomo V\u00e9lez, acad\u00e9mico de la Facultad de Ciencias Jur\u00eddicas y Sociales y Ra\u00fal Carnevali, director del Centro de Derecho Penal\u00a0 (CEDEP-UTalca)<\/a>\u00a0<\/div><div>\u00a0<\/div><div><b>EL LECTOR<\/b>\u00a0<br \/><a id=\"OWA4b3e58ad-7b5e-088e-5a75-ac1802d5557a\" title=\"https:\/\/www.litoralpress.cl\/paginaconsultas\/Servicios_NClipWeb\/Get_Imagen_Nota.aspx?LPKey=AH7D4ONMIMHGBRETFXDTP6SKENTAE3SSQSEZX7ORXY6ABNOVIUSMLL3EYBBMUUJL4X44J5KPHJ7MY\" href=\"https:\/\/www.litoralpress.cl\/paginaconsultas\/Servicios_NClipWeb\/Get_Imagen_Nota.aspx?LPKey=AH7D4ONMIMHGBRETFXDTP6SKENTAE3SSQSEZX7ORXY6ABNOVIUSMLL3EYBBMUUJL4X44J5KPHJ7MY\" target=\"_blank\" rel=\"noopener noreferrer\" data-auth=\"NotApplicable\" data-linkindex=\"5\">\u00bfEs posible implementar en Chile el juicio por jurado? Se refiere Diego Palomo V\u00e9lez, acad\u00e9mico de la Facultad de Ciencias Jur\u00eddicas y Sociales y Ra\u00fal Carnevali, director del Centro de Derecho Penal\u00a0 (CEDEP-UTalca)<\/a>\u00a0<\/div><div>\u00a0<\/div><div><b>LA PRENSA DE CURIC\u00d3<\/b>\u00a0<br \/><a id=\"OWA7993b53a-85f5-63dc-cda3-9d6860b0b30a\" title=\"https:\/\/www.litoralpress.cl\/paginaconsultas\/Servicios_NClipWeb\/Get_Imagen_Nota.aspx?LPKey=D2J6YM53JBSXSU6Q5LRKY6M2IF3RYM2G456BBXUOKFONJOLROHXXTLHV6HKWGUFDTSQWROBUKXVBO\" href=\"https:\/\/www.litoralpress.cl\/paginaconsultas\/Servicios_NClipWeb\/Get_Imagen_Nota.aspx?LPKey=D2J6YM53JBSXSU6Q5LRKY6M2IF3RYM2G456BBXUOKFONJOLROHXXTLHV6HKWGUFDTSQWROBUKXVBO\" target=\"_blank\" rel=\"noopener noreferrer\" data-auth=\"NotApplicable\" data-linkindex=\"6\">UTalca ampliar\u00e1 oferta de minors para que estudiantes profundicen nuevas \u00e1reas de conocimiento. Se refiere Paula Manr\u00edquez Novoa, vicerrectora de Formaci\u00f3n.\u00a0<\/a>\u00a0\u00a0<\/div><div>\u00a0<\/div><div><b>RADIO FM+<\/b>\u00a0<br \/><a id=\"OWA57977be2-75b4-7837-ae5f-2c5d351b1d4d\" title=\"https:\/\/www.litoralpress.cl\/sitio\/RadioTV_Detalles.cshtml?LPKey=XRCPHLCLXARTZDYXU5SLV5U4I2E32TMEJODX2625AB2OGS7V5M5KL7KTGTOIJCZGMNZ465SPIO6IS\" href=\"https:\/\/www.litoralpress.cl\/sitio\/RadioTV_Detalles.cshtml?LPKey=XRCPHLCLXARTZDYXU5SLV5U4I2E32TMEJODX2625AB2OGS7V5M5KL7KTGTOIJCZGMNZ465SPIO6IS\" target=\"_blank\" rel=\"noopener noreferrer\" data-auth=\"NotApplicable\" data-linkindex=\"7\">Entrevista a Adolfo Maric\u00e1n, director subrogante de la Escuela de Qu\u00edmica y Farmacia.<\/a>\u00a0\u00a0<\/div><div>\u00a0<\/div><div><b>DIARIO EL CENTRO<\/b>\u00a0<br \/><a id=\"OWA712e09ad-8b03-5900-4fb7-48f5a2bf582c\" title=\"https:\/\/www.diarioelcentro.cl\/2025\/12\/03\/guardianes-del-petroglifo-el-nuevo-juego-de-mesa-que-rescata-el-patrimonio-del-maule\/\" href=\"https:\/\/www.diarioelcentro.cl\/2025\/12\/03\/guardianes-del-petroglifo-el-nuevo-juego-de-mesa-que-rescata-el-patrimonio-del-maule\/\" target=\"_blank\" rel=\"noopener noreferrer\" data-auth=\"NotApplicable\" data-linkindex=\"8\">\u201cGuardianes del Petroglifo\u201d: el nuevo juego de mesa que rescata el patrimonio del Maule. Se refiere Felipe Besoa\u00edn Pino, director de MauleTec y Jos\u00e9 Luis Uribe, director de Creaci\u00f3n.<\/a>\u00a0<\/div><div>\u00a0<\/div><div><b>AD PRENSA<\/b>\u00a0<br \/><a id=\"OWA73b168cc-8ec7-5695-debf-cc3a3bf897c0\" title=\"https:\/\/www.adprensa.cl\/cronica\/ministro-de-ciencia-destaca-labor-de-divulgacion-cientifica-de-la-universidad-de-talca\/\" href=\"https:\/\/www.adprensa.cl\/cronica\/ministro-de-ciencia-destaca-labor-de-divulgacion-cientifica-de-la-universidad-de-talca\/\" target=\"_blank\" rel=\"noopener noreferrer\" data-auth=\"NotApplicable\" data-linkindex=\"9\">Ministro de Ciencia destaca labor de divulgaci\u00f3n cient\u00edfica de la Universidad de Talca. Se refiere Karin Saavedra, directora general de Vinculaci\u00f3n con el Medio y C\u00e9sar Retamal, director de la Unidad de Divulgaci\u00f3n y de Explora Maule.<\/a>\u00a0<\/div><div>\u00a0<\/div><div><b>CANDILEJAS<\/b>\u00a0<br \/><a id=\"OWA505267e3-846e-d4ce-b5fe-12ac29a8753f\" title=\"https:\/\/candilejas.cl\/wp\/2025\/12\/03\/ritmo-brasilero-y-clasico-en-concierto-final-de-san-javier\/\" href=\"https:\/\/candilejas.cl\/wp\/2025\/12\/03\/ritmo-brasilero-y-clasico-en-concierto-final-de-san-javier\/\" target=\"_blank\" rel=\"noopener noreferrer\" data-auth=\"NotApplicable\" data-linkindex=\"10\">Ritmo brasilero y cl\u00e1sico en cierre de la temporada de San Javier. Se refiere Felipe Gonz\u00e1lez, acad\u00e9mico de la Escuela de M\u00fasica.<\/a>\u00a0\u00a0<\/div><div>\u00a0<\/div><div><b>DIARIO EL CENTRO<\/b>\u00a0<br \/><a id=\"OWA825e2d01-850a-8b8d-d223-144f5d1d8ae7\" title=\"https:\/\/www.diarioelcentro.cl\/2025\/12\/03\/envejecer-en-el-maule-cuando-la-discapacidad-nos-recuerda-la-urgencia-de-cuidar-mejor\/\" href=\"https:\/\/www.diarioelcentro.cl\/2025\/12\/03\/envejecer-en-el-maule-cuando-la-discapacidad-nos-recuerda-la-urgencia-de-cuidar-mejor\/\" target=\"_blank\" rel=\"noopener noreferrer\" data-auth=\"NotApplicable\" data-linkindex=\"11\">\u201cEnvejecer en el Maule: cuando la discapacidad nos recuerda la urgencia de cuidar mejor\u201d Se refiere Mar\u00eda Ester Mu\u00f1oz, coordinadora de \u00c1rea Salud del Centro de Longevidad Vitalis.<\/a>\u00a0\u00a0<\/div><div>\u00a0<\/div><div><b>RADIO UNIVERSIDAD DE CHILE<\/b>\u00a0<br \/><a id=\"OWA2e9e4f2a-7231-3786-93bc-cf45b4fe85dc\" title=\"https:\/\/radio.uchile.cl\/2025\/12\/03\/mario-herrera-por-debate-presidencial-archi-hubo-mas-debilidad-en-el-caso-de-kast\/\" href=\"https:\/\/radio.uchile.cl\/2025\/12\/03\/mario-herrera-por-debate-presidencial-archi-hubo-mas-debilidad-en-el-caso-de-kast\/\" target=\"_blank\" rel=\"noopener noreferrer\" data-auth=\"NotApplicable\" data-linkindex=\"12\">Debate presidencial ARCHI: &#8220;Hubo m\u00e1s debilidad en el caso de Kast&#8221;. Se refiere Mario Herrera Mu\u00f1oz, acad\u00e9mico del Centro de An\u00e1lisis Pol\u00edtico (CAP-UTalca)<\/a>\u00a0\u00a0<\/div><div>\u00a0<\/div><div><b>CULTURIZARTE<\/b>\u00a0<br \/><a id=\"OWA83b827a1-130d-9cb7-0800-685a13c4f08b\" title=\"https:\/\/culturizarte.cl\/autorretrato-ciego-exhibicion-multisensorial-e-inclusiva-en-matucana-100\/\" href=\"https:\/\/culturizarte.cl\/autorretrato-ciego-exhibicion-multisensorial-e-inclusiva-en-matucana-100\/\" target=\"_blank\" rel=\"noopener noreferrer\" data-auth=\"NotApplicable\" data-linkindex=\"13\">Autorretrato ciego: exhibici\u00f3n multisensorial e inclusiva en Matucana 100. Se menciona la Universidad de Talca.<\/a>\u00a0<\/div><div>\u00a0<\/div><div><b>LA PRENSA DE CURIC\u00d3<\/b>\u00a0<br \/><a id=\"OWA6a8ff046-959c-0b20-0ec7-c1106e90bcea\" title=\"https:\/\/www.litoralpress.cl\/paginaconsultas\/Servicios_NClipWeb\/Get_Imagen_Nota.aspx?LPKey=GD4QEQI2JFBWX4CTH6BOSIWABIJPJ7FFGR2MK2DV4VNAGKPHNTGRINUWAGHMX4NU3WHZR6NSJQ7SY\" href=\"https:\/\/www.litoralpress.cl\/paginaconsultas\/Servicios_NClipWeb\/Get_Imagen_Nota.aspx?LPKey=GD4QEQI2JFBWX4CTH6BOSIWABIJPJ7FFGR2MK2DV4VNAGKPHNTGRINUWAGHMX4NU3WHZR6NSJQ7SY\" target=\"_blank\" rel=\"noopener noreferrer\" data-auth=\"NotApplicable\" data-linkindex=\"14\">Realizaron testeo r\u00e1pido de VIH-Sida para prevenir nuevos contagios. Se menciona la Universidad de Talca.<\/a>\u00a0<\/div><div>\u00a0<\/div><div><b>MAULE HOY<\/b>\u00a0<br \/><a id=\"OWAe80d591b-0f01-744d-1ee6-8d63d39d6b44\" title=\"https:\/\/www.litoralpress.cl\/paginaconsultas\/Servicios_NClipWeb\/Get_Imagen_Nota.aspx?LPKey=5NZ7KMVNKSUGZPTZSTMBE7SY4ED7O275EMETOG3B3ZNFXGZXADHXHJ5UTIA4GOOFFQTX52I43AHU6\" href=\"https:\/\/www.litoralpress.cl\/paginaconsultas\/Servicios_NClipWeb\/Get_Imagen_Nota.aspx?LPKey=5NZ7KMVNKSUGZPTZSTMBE7SY4ED7O275EMETOG3B3ZNFXGZXADHXHJ5UTIA4GOOFFQTX52I43AHU6\" target=\"_blank\" rel=\"noopener noreferrer\" data-auth=\"NotApplicable\" data-linkindex=\"15\">Departamento de Salud de la Municipalidad de Curic\u00f3 realiz\u00f3 testeo r\u00e1pido de VIH -SIDA. Se menciona la Universidad de Talca.<\/a>\u00a0<\/div><div>\u00a0<\/div><div><b>ENTREPRENERD<\/b>\u00a0<br \/><a id=\"OWAf5b02dcf-0775-f64a-aada-2fb018bd67b5\" title=\"https:\/\/www.entnerd.com\/melatonina-bajo-la-lupa-la-ciencia-apunta-a-formulaciones-sinergicas-para-dormir-profundamente\/\" href=\"https:\/\/www.entnerd.com\/melatonina-bajo-la-lupa-la-ciencia-apunta-a-formulaciones-sinergicas-para-dormir-profundamente\/\" target=\"_blank\" rel=\"noopener noreferrer\" data-auth=\"NotApplicable\" data-linkindex=\"16\">Melatonina bajo la lupa: La ciencia apunta a formulaciones sin\u00e9rgicas para dormir profundamente. Se menciona la Universidad de Talca.<\/a>\u00a0<\/div><div>\u00a0<\/div><div><b>EL MOSTRADOR<\/b>\u00a0<br \/><a id=\"OWAa43f2818-5193-bd1f-0c09-93004e2b9e9f\" title=\"https:\/\/www.elmostrador.cl\/cultura\/agenda\/2025\/12\/03\/obra-sobre-oscar-castro-fundador-del-teatro-aleph-en-valparaiso-maule-santiago-y-bio-bio\/\" href=\"https:\/\/www.elmostrador.cl\/cultura\/agenda\/2025\/12\/03\/obra-sobre-oscar-castro-fundador-del-teatro-aleph-en-valparaiso-maule-santiago-y-bio-bio\/\" target=\"_blank\" rel=\"noopener noreferrer\" data-auth=\"NotApplicable\" data-linkindex=\"17\">Obra sobre \u00d3scar Castro, fundador del Teatro Aleph, en Valpara\u00edso, Maule, Santiago y B\u00edo Bio. Se menciona la Universidad de Talca.<\/a>\u00a0<\/div><div>\u00a0<\/div><div><b>MEGANOTCIAS<\/b>\u00a0<br \/><a id=\"OWA94c4f8ca-7c56-b023-a17d-5c9d23891fc2\" title=\"https:\/\/www.meganoticias.cl\/dato-util\/507663-ingenieria-civil-minas-puntaje-corte-2025-sueldo-empleabilidad-03-12-2025.html\" href=\"https:\/\/www.meganoticias.cl\/dato-util\/507663-ingenieria-civil-minas-puntaje-corte-2025-sueldo-empleabilidad-03-12-2025.html\" target=\"_blank\" rel=\"noopener noreferrer\" data-auth=\"NotApplicable\" data-linkindex=\"18\">\u00bfEstudiar\u00e1s Ingenier\u00eda Civil en Minas?: Revisa el puntaje de corte en universidades chilenas. Se menciona la Universidad de Talca.<\/a>\u00a0<\/div><div>\u00a0<\/div><div><b>UNIVERSIDAD DE MAGALLANES<\/b>\u00a0<br \/><a id=\"OWAa7ecc571-71fa-1549-b242-b2878812bb2e\" title=\"http:\/\/umag.cl\/2025\/12\/03\/umag-alcanza-maximo-nivel-de-certificacion-en-el-acuerdo-de-produccion-limpia-de-educacion-superior-sustentable\/\" href=\"http:\/\/umag.cl\/2025\/12\/03\/umag-alcanza-maximo-nivel-de-certificacion-en-el-acuerdo-de-produccion-limpia-de-educacion-superior-sustentable\/\" target=\"_blank\" rel=\"noopener noreferrer\" data-auth=\"NotApplicable\" data-linkindex=\"19\">UMAG alcanza m\u00e1ximo nivel de certificaci\u00f3n en el Acuerdo de Producci\u00f3n Limpia de Educaci\u00f3n Superior Sustentable. Se menciona la Universidad de Talca.<\/a>\u00a0<\/div><div>\u00a0<\/div><div><b>CANAL 2 LINARES<\/b>\u00a0<br \/><a id=\"OWA7dd5eab0-bc78-3ea7-224e-fc44b343a1e4\" title=\"https:\/\/www.canal2linares.cl\/2025\/12\/talca-iii-encuentro-familiar-de-rugby.html\" href=\"https:\/\/www.canal2linares.cl\/2025\/12\/talca-iii-encuentro-familiar-de-rugby.html\" target=\"_blank\" rel=\"noopener noreferrer\" data-auth=\"NotApplicable\" data-linkindex=\"20\">Talca, III Encuentro Familiar de Rugby &#8220;Camino a los 50 a\u00f1os&#8221;. Se menciona la Universidad de Talca.<\/a>\u00a0<\/div><div>\u00a0<\/div><div><b>ACTUALIDAD JUR\u00cdDICA<\/b>\u00a0<br \/><a id=\"OWA7c374085-7b9a-8b3c-275a-57fe950c8425\" title=\"https:\/\/actualidadjuridica.doe.cl\/seminario-sistema-nacional-de-control-y-prevencion-de-delitos-contra-la-probidad-administrativa\/\" href=\"https:\/\/actualidadjuridica.doe.cl\/seminario-sistema-nacional-de-control-y-prevencion-de-delitos-contra-la-probidad-administrativa\/\" target=\"_blank\" rel=\"noopener noreferrer\" data-auth=\"NotApplicable\" data-linkindex=\"21\">Seminario \u201cSistema Nacional de Control y prevenci\u00f3n de delitos contra la probidad administrativa\u201d. Se menciona la Universidad de Talca.<\/a>\u00a0<\/div><div>\u00a0<\/div><div><b>EMOL<\/b>\u00a0<br \/><a id=\"OWA33ea0fb1-f1e8-d152-6004-6c34a088d880\" title=\"https:\/\/www.emol.com\/noticias\/Nacional\/2025\/12\/03\/1184919\/ranking-universidades-america-latina-2026.html\" href=\"https:\/\/www.emol.com\/noticias\/Nacional\/2025\/12\/03\/1184919\/ranking-universidades-america-latina-2026.html\" target=\"_blank\" rel=\"noopener noreferrer\" data-auth=\"NotApplicable\" data-linkindex=\"22\">Con la PUC en el top 10 y la dura ca\u00edda de U. Chile: Ranking de las mejores universidades de Am\u00e9rica Latina. Se menciona la Universidad de Talca.<\/a>\u00a0<\/div>\t\t\t\t\t\t<\/div>\n\t\t\t\t<\/div>\n\t\t\t\t\t<\/div>\n\t\t<\/div>\n\t\t\t\t\t\t\t<\/div>\n\t\t<\/section>\n\t\t\t\t\t\t<\/div>\n\t\t\t\t\t<\/div>\n\t\t","protected":false},"excerpt":{"rendered":"<p>LA TERCERA ONLINE\u00a0Ozempic: El lado m\u00e1s oscuro de la nueva panacea para bajar de peso. Se refiere\u00a0 J\u00e9ssica Z\u00fa\u00f1iga, toxic\u00f3loga y jefa del Laboratorio de Farmacolog\u00eda.\u00a0\u00a0PORTAL AGRO CHILE\u00a0Impulsan Mesa Estrat\u00e9gica de Recursos H\u00eddricos del R\u00edo Maule. Se refiere \u202fSamuel Ortega Far\u00edas, director del Centro de Investigaci\u00f3n y Transferencia en Riego y Agroclimatolog\u00eda (CITRA) y Nadia &hellip;<\/p>\n<p class=\"read-more\"> <a class=\"\" href=\"https:\/\/www.reportedeprensa.utalca.cl\/?p=13002\"> <span class=\"screen-reader-text\">04 de diciembre 2025<\/span> Read More &raquo;<\/a><\/p>\n","protected":false},"author":1,"featured_media":0,"comment_status":"closed","ping_status":"open","sticky":false,"template":"","format":"standard","meta":{"_monsterinsights_skip_tracking":false,"_monsterinsights_sitenote_active":false,"_monsterinsights_sitenote_note":"","_monsterinsights_sitenote_category":0},"categories":[66],"tags":[],"_links":{"self":[{"href":"https:\/\/www.reportedeprensa.utalca.cl\/index.php?rest_route=\/wp\/v2\/posts\/13002"}],"collection":[{"href":"https:\/\/www.reportedeprensa.utalca.cl\/index.php?rest_route=\/wp\/v2\/posts"}],"about":[{"href":"https:\/\/www.reportedeprensa.utalca.cl\/index.php?rest_route=\/wp\/v2\/types\/post"}],"author":[{"embeddable":true,"href":"https:\/\/www.reportedeprensa.utalca.cl\/index.php?rest_route=\/wp\/v2\/users\/1"}],"replies":[{"embeddable":true,"href":"https:\/\/www.reportedeprensa.utalca.cl\/index.php?rest_route=%2Fwp%2Fv2%2Fcomments&post=13002"}],"version-history":[{"count":4,"href":"https:\/\/www.reportedeprensa.utalca.cl\/index.php?rest_route=\/wp\/v2\/posts\/13002\/revisions"}],"predecessor-version":[{"id":13006,"href":"https:\/\/www.reportedeprensa.utalca.cl\/index.php?rest_route=\/wp\/v2\/posts\/13002\/revisions\/13006"}],"wp:attachment":[{"href":"https:\/\/www.reportedeprensa.utalca.cl\/index.php?rest_route=%2Fwp%2Fv2%2Fmedia&parent=13002"}],"wp:term":[{"taxonomy":"category","embeddable":true,"href":"https:\/\/www.reportedeprensa.utalca.cl\/index.php?rest_route=%2Fwp%2Fv2%2Fcategories&post=13002"},{"taxonomy":"post_tag","embeddable":true,"href":"https:\/\/www.reportedeprensa.utalca.cl\/index.php?rest_route=%2Fwp%2Fv2%2Ftags&post=13002"}],"curies":[{"name":"wp","href":"https:\/\/api.w.org\/{rel}","templated":true}]}}