{"id":13020,"date":"2025-12-10T11:11:24","date_gmt":"2025-12-10T14:11:24","guid":{"rendered":"https:\/\/www.reportedeprensa.utalca.cl\/?p=13020"},"modified":"2025-12-10T11:14:30","modified_gmt":"2025-12-10T14:14:30","slug":"09-de-diciembre-2025","status":"publish","type":"post","link":"https:\/\/www.reportedeprensa.utalca.cl\/?p=13020","title":{"rendered":"09 de diciembre 2025"},"content":{"rendered":"\t\t<div data-elementor-type=\"wp-post\" data-elementor-id=\"13020\" class=\"elementor elementor-13020\" data-elementor-settings=\"[]\">\n\t\t\t\t\t\t\t<div class=\"elementor-section-wrap\">\n\t\t\t\t\t\t\t<section class=\"elementor-section elementor-top-section elementor-element elementor-element-bcea1a8 elementor-section-boxed elementor-section-height-default elementor-section-height-default\" data-id=\"bcea1a8\" data-element_type=\"section\">\n\t\t\t\t\t\t<div class=\"elementor-container elementor-column-gap-default\">\n\t\t\t\t\t<div class=\"elementor-column elementor-col-100 elementor-top-column elementor-element elementor-element-e7183bf\" data-id=\"e7183bf\" data-element_type=\"column\">\n\t\t\t<div class=\"elementor-widget-wrap elementor-element-populated\">\n\t\t\t\t\t\t\t\t<div class=\"elementor-element elementor-element-8f5242e elementor-widget elementor-widget-text-editor\" data-id=\"8f5242e\" data-element_type=\"widget\" data-widget_type=\"text-editor.default\">\n\t\t\t\t<div class=\"elementor-widget-container\">\n\t\t\t\t\t\t\t\t<div><b data-olk-copy-source=\"MessageBody\">PUBLIMICRO<\/b>\u00a0<br \/><a id=\"OWA9b17907a-fc94-c6ba-9c4d-606361e5f756\" title=\"https:\/\/publimicro.cl\/la-utalca-reconoce-el-alto-rendimiento-deportivo-y-academico-de-sus-estudiantes-en-2025\/\" href=\"https:\/\/publimicro.cl\/la-utalca-reconoce-el-alto-rendimiento-deportivo-y-academico-de-sus-estudiantes-en-2025\/\" target=\"_blank\" rel=\"noopener noreferrer\" data-auth=\"NotApplicable\" data-linkindex=\"0\">La UTalca reconoce el alto rendimiento deportivo y acad\u00e9mico de sus estudiantes en 2025. Se refiere Carlos Torres Fuchslocher, rector y Cristi\u00e1n Santos, director del Programa de Deportes<\/a>\u00a0<\/div><div>\u00a0<\/div><div><b>EL LECTOR<\/b>\u00a0<br \/><a id=\"OWA426375f7-f5a8-4ddb-5c90-c725f929a6e9\" title=\"https:\/\/www.litoralpress.cl\/paginaconsultas\/Servicios_NClipWeb\/Get_Imagen_Nota.aspx?LPKey=B4ZK5XA4SX7Y2SFA66EC3Y2ESML6LJDP7LIC2TPSFZPEWE6P6MXAR54A4HMZBWLTUXFBRYB7ZI53I\" href=\"https:\/\/www.litoralpress.cl\/paginaconsultas\/Servicios_NClipWeb\/Get_Imagen_Nota.aspx?LPKey=B4ZK5XA4SX7Y2SFA66EC3Y2ESML6LJDP7LIC2TPSFZPEWE6P6MXAR54A4HMZBWLTUXFBRYB7ZI53I\" target=\"_blank\" rel=\"noopener noreferrer\" data-auth=\"NotApplicable\" data-linkindex=\"1\">Deportistas de la UTalca reciben reconocimiento por su destacado desempe\u00f1o 2025. Se refiere Carlos Torres Fuchslocher, rector y Cristi\u00e1n Santos, director del Programa de Deportes.\u00a0<\/a>\u00a0<\/div><div>\u00a0<\/div><div><b>TIERRA AMARILLANO<\/b>\u00a0<br \/><a id=\"OWAe29ddeb8-0cd6-2220-3c7a-274ace42c050\" title=\"https:\/\/tierramarillano.cl\/2025\/12\/05\/deportistas-de-la-utalca-reciben-reconocimiento-por-su-destacado-desempeno-2025\/\" href=\"https:\/\/tierramarillano.cl\/2025\/12\/05\/deportistas-de-la-utalca-reciben-reconocimiento-por-su-destacado-desempeno-2025\/\" target=\"_blank\" rel=\"noopener noreferrer\" data-auth=\"NotApplicable\" data-linkindex=\"2\">Deportistas de la UTalca reciben reconocimiento por su destacado desempe\u00f1o 2025. Se refiere Carlos Torres Fuchslocher, rector y Cristi\u00e1n Santos, director del Programa de Deportes.<\/a>\u00a0<\/div><div>\u00a0<\/div><div><b>CANAL 2 LINARES<\/b>\u00a0<br \/><a id=\"OWAa7217172-373a-6ae5-d112-3d34c0daf532\" title=\"https:\/\/www.canal2linares.cl\/2025\/12\/deportistas-de-la-utalca-reciben.html\" href=\"https:\/\/www.canal2linares.cl\/2025\/12\/deportistas-de-la-utalca-reciben.html\" target=\"_blank\" rel=\"noopener noreferrer\" data-auth=\"NotApplicable\" data-linkindex=\"3\">Deportistas de la UTalca reciben reconocimiento por su destacado desempe\u00f1o 2025. Se refiere Carlos Torres Fuchslocher, rector y Cristi\u00e1n Santos, director del Programa de Deportes.<\/a>\u00a0<\/div><div>\u00a0<\/div><div><b>MAULE HOY<\/b>\u00a0<br \/><a id=\"OWA30251f32-2bd1-0f0a-a161-5f3f07f833f0\" title=\"https:\/\/www.litoralpress.cl\/paginaconsultas\/Servicios_NClipWeb\/Get_Imagen_Nota.aspx?LPKey=P6A3AD6QCRHQUA75HJZWK2V3HUTTALXTSNUOD227YMHM6LJH3RCKSYN2RDPY3GVB2W7E3I23DQZYC\" href=\"https:\/\/www.litoralpress.cl\/paginaconsultas\/Servicios_NClipWeb\/Get_Imagen_Nota.aspx?LPKey=P6A3AD6QCRHQUA75HJZWK2V3HUTTALXTSNUOD227YMHM6LJH3RCKSYN2RDPY3GVB2W7E3I23DQZYC\" target=\"_blank\" rel=\"noopener noreferrer\" data-auth=\"NotApplicable\" data-linkindex=\"4\">Deportistas de la UTalca reciben reconocimiento por su destacado desempe\u00f1o 2025. Se refiere Carlos Torres Fuchslocher, rector y Cristi\u00e1n Santos, director del Programa de Deportes.<\/a>\u00a0<\/div><div>\u00a0<\/div><div><b>EL HERALDO <\/b>\u00a0<br \/><a id=\"OWA5fc2c5c9-9411-f54a-3daf-9b73890c18a2\" title=\"https:\/\/www.litoralpress.cl\/paginaconsultas\/Servicios_NClipWeb\/Get_Imagen_Nota.aspx?LPKey=4TKPB24OXEYG7LHQUQPTUA2AH727Z6X3B4O7UQDWWJHDLERJFYS3ORMAZTKHIRS3VBIGPKESMS22S\" href=\"https:\/\/www.litoralpress.cl\/paginaconsultas\/Servicios_NClipWeb\/Get_Imagen_Nota.aspx?LPKey=4TKPB24OXEYG7LHQUQPTUA2AH727Z6X3B4O7UQDWWJHDLERJFYS3ORMAZTKHIRS3VBIGPKESMS22S\" target=\"_blank\" rel=\"noopener noreferrer\" data-auth=\"NotApplicable\" data-linkindex=\"5\">Deportistas de la UTalca reciben reconocimiento por su destacado desempe\u00f1o 2025. Se refiere Carlos Torres Fuchslocher, rector y Cristi\u00e1n Santos, director del Programa de Deportes.<\/a>\u00a0<\/div><div>\u00a0<\/div><div><b>MAULE HOY<\/b>\u00a0<br \/><a id=\"OWA8706b570-2bfb-151e-0957-8e673b0b1677\" title=\"https:\/\/www.litoralpress.cl\/paginaconsultas\/Servicios_NClipWeb\/Get_Imagen_Nota.aspx?LPKey=P6A3AD6QCRHQUA75HJZWK2V3HUTTALXTSNUOD227YMHM6LJH3RCKSYN2RDPY3GVB2W7E3I23DQZYC\" href=\"https:\/\/www.litoralpress.cl\/paginaconsultas\/Servicios_NClipWeb\/Get_Imagen_Nota.aspx?LPKey=P6A3AD6QCRHQUA75HJZWK2V3HUTTALXTSNUOD227YMHM6LJH3RCKSYN2RDPY3GVB2W7E3I23DQZYC\" target=\"_blank\" rel=\"noopener noreferrer\" data-auth=\"NotApplicable\" data-linkindex=\"6\">Deportistas de la UTalca reciben reconocimiento por su destacado desempe\u00f1o 2025. Se refiere Carlos Torres Fuchslocher, rector y Cristi\u00e1n Santos, director del Programa de Deportes.<\/a>\u00a0<\/div><div>\u00a0<\/div><div><b>MAULE HOY <\/b>\u00a0<br \/><a id=\"OWA1c444205-fd1a-6613-8031-16c22ffc25d4\" title=\"https:\/\/maulehoy.cl\/2025\/12\/06\/deportistas-de-la-utalca-reciben-reconocimiento-por-su-destacado-desempeno-2025\/\" href=\"https:\/\/maulehoy.cl\/2025\/12\/06\/deportistas-de-la-utalca-reciben-reconocimiento-por-su-destacado-desempeno-2025\/\" target=\"_blank\" rel=\"noopener noreferrer\" data-auth=\"NotApplicable\" data-linkindex=\"7\">Deportistas de la UTalca reciben reconocimiento por su destacado desempe\u00f1o 2025. Se refiere Carlos Torres Fuchslocher, rector y Cristi\u00e1n Santos, director del Programa de Deportes<\/a>\u00a0<\/div><div>\u00a0<\/div><div><b>MEDIABANCO<\/b>\u00a0<br \/><a id=\"OWAa2f8fa39-c706-38e3-957d-ba2d22159e8e\" title=\"https:\/\/www.mediabanco.com\/envejecimiento-de-la-poblacion-universidades-impulsan-programa-de-doctorado-pionero-en-latinoamerica\/\" href=\"https:\/\/www.mediabanco.com\/envejecimiento-de-la-poblacion-universidades-impulsan-programa-de-doctorado-pionero-en-latinoamerica\/\" target=\"_blank\" rel=\"noopener noreferrer\" data-auth=\"NotApplicable\" data-linkindex=\"8\">Envejecimiento de la poblaci\u00f3n: Universidades impulsan programa de doctorado pionero en Latinoam\u00e9rica- Se refiere Sergio Wehinger director de Postgrado e Iv\u00e1n Palomo, director del Centro de Longevidad Vitalis.\u00a0<\/a>\u00a0<\/div><div>\u00a0<\/div><div><b>CHILL\u00c1N ONLINE<\/b>\u00a0<br \/><a id=\"OWA39e78aa9-4501-cdee-8885-f8643578b939\" title=\"https:\/\/www.chillanonline.cl\/V7\/2025\/12\/06\/envejecimiento-de-la-poblacion-universidades-impulsan-programa-de-doctorado-pionero-en-latinoamerica\/\" href=\"https:\/\/www.chillanonline.cl\/V7\/2025\/12\/06\/envejecimiento-de-la-poblacion-universidades-impulsan-programa-de-doctorado-pionero-en-latinoamerica\/\" target=\"_blank\" rel=\"noopener noreferrer\" data-auth=\"NotApplicable\" data-linkindex=\"9\">Envejecimiento de la poblaci\u00f3n: Universidades impulsan programa de doctorado pionero en Latinoam\u00e9rica. Se refiere Sergio Wehinger director de Postgrado e Iv\u00e1n Palomo, director del Centro de Longevidad Vitalis<\/a>\u00a0<\/div><div>\u00a0<\/div><div><b>EL LECTOR<\/b>\u00a0<br \/><a id=\"OWA348fc2e0-762a-7b25-8455-ff70f726ae62\" title=\"https:\/\/www.litoralpress.cl\/paginaconsultas\/Servicios_NClipWeb\/Get_Imagen_Nota.aspx?LPKey=XM7QYOKOTTVZVITWSKEVR2CI5YDPPBVL5OT2WQHWC4SGWH5AN5EYRI57GDX3MTOJY3PCWYUYIGVPI\" href=\"https:\/\/www.litoralpress.cl\/paginaconsultas\/Servicios_NClipWeb\/Get_Imagen_Nota.aspx?LPKey=XM7QYOKOTTVZVITWSKEVR2CI5YDPPBVL5OT2WQHWC4SGWH5AN5EYRI57GDX3MTOJY3PCWYUYIGVPI\" target=\"_blank\" rel=\"noopener noreferrer\" data-auth=\"NotApplicable\" data-linkindex=\"10\">Envejecimiento de la poblaci\u00f3n: Universidades impulsan programa de doctorado pionero en Latinoam\u00e9rica. Se refiere Sergio Wehinger director de Postgrado e Iv\u00e1n Palomo, director del Centro de Longevidad Vitalis<\/a>\u00a0<\/div><div>\u00a0<\/div><div><b>TIERRA AMARILLANO<\/b>\u00a0<br \/><a id=\"OWA8b0ab628-944f-c01f-444b-9a7fb910cec9\" title=\"https:\/\/tierramarillano.cl\/2025\/12\/07\/envejecimiento-de-la-poblacion-universidades-impulsan-programa-de-doctorado-pionero-en-latinoamerica\/\" href=\"https:\/\/tierramarillano.cl\/2025\/12\/07\/envejecimiento-de-la-poblacion-universidades-impulsan-programa-de-doctorado-pionero-en-latinoamerica\/\" target=\"_blank\" rel=\"noopener noreferrer\" data-auth=\"NotApplicable\" data-linkindex=\"11\">Envejecimiento de la poblaci\u00f3n: Universidades impulsan programa de doctorado pionero en Latinoam\u00e9rica. Se refiere Sergio Wehinger director de Postgrado e Iv\u00e1n Palomo, director del Centro de Longevidad Vitalis<\/a>\u00a0<\/div><div>\u00a0<\/div><div><b>G5 NOTICIA<\/b>\u00a0<br \/><a id=\"OWA66aab991-5a67-64ce-9744-1000835572ff\" title=\"https:\/\/g5noticias.cl\/2025\/12\/07\/envejecimiento-de-la-poblacion-universidades-impulsan-programa-de-doctorado-pionero-en-latinoamerica\/\" href=\"https:\/\/g5noticias.cl\/2025\/12\/07\/envejecimiento-de-la-poblacion-universidades-impulsan-programa-de-doctorado-pionero-en-latinoamerica\/\" target=\"_blank\" rel=\"noopener noreferrer\" data-auth=\"NotApplicable\" data-linkindex=\"12\">Envejecimiento de la poblaci\u00f3n: Universidades impulsan programa de doctorado pionero en Latinoam\u00e9rica. Se refiere Sergio Wehinger director de Postgrado e Iv\u00e1n Palomo, director del Centro de Longevidad Vitalis<\/a>\u00a0<\/div><div>\u00a0<\/div><div><b>RADIO POLAR<\/b>\u00a0<br \/><a id=\"OWAa924846e-bc2a-c375-d284-bfd0650f7ecd\" title=\"https:\/\/www.radiopolar.com\/envejecimiento-poblacion-universidades-impulsan-programa-doctorado-pionero-latinoamerica\" href=\"https:\/\/www.radiopolar.com\/envejecimiento-poblacion-universidades-impulsan-programa-doctorado-pionero-latinoamerica\" target=\"_blank\" rel=\"noopener noreferrer\" data-auth=\"NotApplicable\" data-linkindex=\"13\">Envejecimiento de la poblaci\u00f3n: universidades impulsan programa de doctorado pionero en Latinoam\u00e9rica. Se refiere Sergio Wehinger director de Postgrado e Iv\u00e1n Palomo, director del Centro de Longevidad Vitalis<\/a>\u00a0<\/div><div>\u00a0<\/div><div><b>PORTAL RED SALUD<\/b>\u00a0<br \/><a id=\"OWA0da3b0e5-8032-a302-dc78-8e391f2f4ab6\" title=\"https:\/\/portalredsalud.cl\/2025\/12\/08\/envejecimiento-de-la-poblacion-universidades-impulsan-programa-de-doctorado-pionero-en-latinoamerica\/\" href=\"https:\/\/portalredsalud.cl\/2025\/12\/08\/envejecimiento-de-la-poblacion-universidades-impulsan-programa-de-doctorado-pionero-en-latinoamerica\/\" target=\"_blank\" rel=\"noopener noreferrer\" data-auth=\"NotApplicable\" data-linkindex=\"14\">Envejecimiento de la poblaci\u00f3n: Universidades impulsan programa de doctorado pionero en Latinoam\u00e9rica. Se refiere Sergio Wehinger director de Postgrado e Iv\u00e1n Palomo, director del Centro de Longevidad Vitalis<\/a>\u00a0<\/div><div>\u00a0<\/div><div><b>PORTAL METROPOLITANO<\/b>\u00a0<br \/><a id=\"OWAeb5c7f3e-7847-54c9-b0d5-4913685593fd\" title=\"https:\/\/portalmetropolitano.cl\/envejecimiento-poblacional-en-chile-tres-universidades-estatales-lanzan-primer-doctorado-en-envejecimiento-de-latinoamerica\/\" href=\"https:\/\/portalmetropolitano.cl\/envejecimiento-poblacional-en-chile-tres-universidades-estatales-lanzan-primer-doctorado-en-envejecimiento-de-latinoamerica\/\" target=\"_blank\" rel=\"noopener noreferrer\" data-auth=\"NotApplicable\" data-linkindex=\"15\">Envejecimiento poblacional en Chile: tres universidades estatales lanzan primer doctorado en envejecimiento de Latinoam\u00e9rica. Se refiere Sergio Wehinger director de Postgrado e Iv\u00e1n Palomo, director del Centro de Longevidad Vitalis<\/a>\u00a0<\/div><div aria-hidden=\"true\">\u00a0<\/div><div><b>EL CONTENIDO<\/b>\u00a0<br \/><a id=\"OWA6da94040-1a34-e835-2fea-af35e2a5e012\" title=\"https:\/\/elcontenido.news\/2025\/nacional\/tres-universidades-estatales-inician-el-primer-programa-de-doctorado-en-envejecimiento-de-latinoamerica\/\" href=\"https:\/\/elcontenido.news\/2025\/nacional\/tres-universidades-estatales-inician-el-primer-programa-de-doctorado-en-envejecimiento-de-latinoamerica\/\" target=\"_blank\" rel=\"noopener noreferrer\" data-auth=\"NotApplicable\" data-linkindex=\"16\">Tres universidades estatales inician el primer programa de doctorado en envejecimiento de Latinoam\u00e9rica. Se refiere Sergio Wehinger director de Postgrado e Iv\u00e1n Palomo, director del Centro de Longevidad Vitalis<\/a>\u00a0<\/div><div>\u00a0<\/div><div><b>PORTAL RED SALUD<\/b>\u00a0<br \/><a id=\"OWA889d1702-5c4f-a81e-6b60-aa6869c00850\" title=\"https:\/\/portalredsalud.cl\/2025\/12\/05\/utalca-y-hospital-regional-de-talca-implementan-modelo-pionero-de-atencion-odontogeriatrica\/\" href=\"https:\/\/portalredsalud.cl\/2025\/12\/05\/utalca-y-hospital-regional-de-talca-implementan-modelo-pionero-de-atencion-odontogeriatrica\/\" target=\"_blank\" rel=\"noopener noreferrer\" data-auth=\"NotApplicable\" data-linkindex=\"17\">UTalca y Hospital Regional de Talca implementan modelo pionero de atenci\u00f3n odontogeri\u00e1trica. Se refiere Soraya Le\u00f3n Araya, directora de la Especialidad en Odontogeriatr\u00eda.<\/a>\u00a0<\/div><div aria-hidden=\"true\">\u00a0<\/div><div><b>RADIO ALLEN<\/b>\u00a0<br \/><a id=\"OWAd3a6a303-39b7-dfd8-7ca9-6c709e090808\" title=\"https:\/\/radioallen.cl\/maule-utalca-y-hospital-regional-de-talca-implementan-modelo-pionero-de-atencion-odontogeriatrica\/\" href=\"https:\/\/radioallen.cl\/maule-utalca-y-hospital-regional-de-talca-implementan-modelo-pionero-de-atencion-odontogeriatrica\/\" target=\"_blank\" rel=\"noopener noreferrer\" data-auth=\"NotApplicable\" data-linkindex=\"18\">Maule: UTalca y Hospital Regional de Talca implementan modelo pionero de atenci\u00f3n odontogeri\u00e1trica. Se refiere Soraya Le\u00f3n Araya, directora de la Especialidad en Odontogeriatr\u00eda.<\/a>\u00a0<\/div><div>\u00a0<\/div><div><b>RADIO MAULE SUR<\/b>\u00a0<br \/><a id=\"OWAfe7fe3c5-eddc-3bd4-7340-90f7420d6559\" title=\"https:\/\/www.radiomaulesur.cl\/2025\/12\/utalca-y-hospital-regional-de-talca.html\" href=\"https:\/\/www.radiomaulesur.cl\/2025\/12\/utalca-y-hospital-regional-de-talca.html\" target=\"_blank\" rel=\"noopener noreferrer\" data-auth=\"NotApplicable\" data-linkindex=\"19\">UTalca y Hospital Regional de Talca implementan modelo pionero de atenci\u00f3n odontogeri\u00e1trica. Se refiere Soraya Le\u00f3n Araya, directora de la Especialidad en Odontogeriatr\u00eda.<\/a>\u00a0<\/div><div>\u00a0<\/div><div><b>MEDIABANCO<\/b>\u00a0<br \/><a id=\"OWA02f04a4a-3d78-052e-0881-837a8de543df\" title=\"https:\/\/www.mediabanco.com\/utalca-y-hospital-regional-de-talca-implementan-modelo-pionero-de-atencion-odontogeriatrica\/\" href=\"https:\/\/www.mediabanco.com\/utalca-y-hospital-regional-de-talca-implementan-modelo-pionero-de-atencion-odontogeriatrica\/\" target=\"_blank\" rel=\"noopener noreferrer\" data-auth=\"NotApplicable\" data-linkindex=\"20\">UTalca y Hospital Regional de Talca implementan modelo pionero de atenci\u00f3n odontogeri\u00e1trica. Se refiere Soraya Le\u00f3n Araya, directora de la Especialidad en Odontogeriatr\u00eda.<\/a>\u00a0<\/div><div>\u00a0<\/div><div><b>S\u00c9PTIMA P\u00c1GINA NOTICIAS<\/b>\u00a0<br \/><a id=\"OWAedea543a-f7ca-8413-4ad5-456d998a4cc6\" title=\"https:\/\/www.septimapaginanoticias.cl\/utalca-y-hospital-regional-de-talca-implementan-modelo-pionero-de-atencion-odontogeriatrica\" href=\"https:\/\/www.septimapaginanoticias.cl\/utalca-y-hospital-regional-de-talca-implementan-modelo-pionero-de-atencion-odontogeriatrica\" target=\"_blank\" rel=\"noopener noreferrer\" data-auth=\"NotApplicable\" data-linkindex=\"21\">UTalca y Hospital Regional de Talca implementan modelo pionero de atenci\u00f3n odontogeri\u00e1trica. Se refiere Soraya Le\u00f3n Araya, directora de la Especialidad en Odontogeriatr\u00eda.<\/a>\u00a0<\/div><div>\u00a0<\/div><div><b>PORTAL PRENSA SALUD<\/b>\u00a0<br \/><a id=\"OWA1bb7a818-560c-45f5-251b-06e50b4127e2\" title=\"https:\/\/portalprensasalud.cl\/2025\/12\/05\/utalca-y-hospital-regional-de-talca-implementan-modelo-pionero-de-atencion-odontogeriatrica\/\" href=\"https:\/\/portalprensasalud.cl\/2025\/12\/05\/utalca-y-hospital-regional-de-talca-implementan-modelo-pionero-de-atencion-odontogeriatrica\/\" target=\"_blank\" rel=\"noopener noreferrer\" data-auth=\"NotApplicable\" data-linkindex=\"22\">UTalca y Hospital Regional de Talca implementan modelo pionero de atenci\u00f3n odontogeri\u00e1trica. Se refiere Soraya Le\u00f3n Araya, directora de la Especialidad en Odontogeriatr\u00eda.<\/a>\u00a0<\/div><div>\u00a0<\/div><div><b>MAULE HOY<\/b>\u00a0<br \/><a id=\"OWA92c80fec-78ea-2648-33ee-ae700f5be390\" title=\"https:\/\/www.litoralpress.cl\/paginaconsultas\/Servicios_NClipWeb\/Get_Imagen_Nota.aspx?LPKey=2W2U52HPTOZ22ZYBI4HWZTFPN657EOCHGXCWFTORU7BEYFQBNTGI2WF7J2O366KDFYMHB5YTB5QHK\" href=\"https:\/\/www.litoralpress.cl\/paginaconsultas\/Servicios_NClipWeb\/Get_Imagen_Nota.aspx?LPKey=2W2U52HPTOZ22ZYBI4HWZTFPN657EOCHGXCWFTORU7BEYFQBNTGI2WF7J2O366KDFYMHB5YTB5QHK\" target=\"_blank\" rel=\"noopener noreferrer\" data-auth=\"NotApplicable\" data-linkindex=\"23\">UTalca y Hospital Regional de Talca implementan modelo pionero de atenci\u00f3n odontogeri\u00e1trica. Se refiere Soraya Le\u00f3n Araya, directora de la Especialidad en Odontogeriatr\u00eda.<\/a>\u00a0<\/div><div>\u00a0<\/div><div><b>EL LECTOR<\/b>\u00a0<br \/><a id=\"OWA90e71ef5-bb53-d1d6-756e-f2e361faa278\" title=\"https:\/\/www.litoralpress.cl\/paginaconsultas\/Servicios_NClipWeb\/Get_Imagen_Nota.aspx?LPKey=2W2U52HPTOZ22ZYBI4HWZTFPN657EOCHGXCWFTORU7BEYFQBNTGI2WF7J2O366KDFYMHB5YTB5QHK\" href=\"https:\/\/www.litoralpress.cl\/paginaconsultas\/Servicios_NClipWeb\/Get_Imagen_Nota.aspx?LPKey=2W2U52HPTOZ22ZYBI4HWZTFPN657EOCHGXCWFTORU7BEYFQBNTGI2WF7J2O366KDFYMHB5YTB5QHK\" target=\"_blank\" rel=\"noopener noreferrer\" data-auth=\"NotApplicable\" data-linkindex=\"24\">UTalca y Hospital Regional de Talca implementan modelo pionero de atenci\u00f3n odontogeri\u00e1trica. Se refiere Soraya Le\u00f3n Araya, directora de la Especialidad en Odontogeriatr\u00eda.<\/a>\u00a0<\/div><div>\u00a0<\/div><div><b>PUBLIMICRO <\/b>\u00a0<br \/><a id=\"OWAa9e6a304-3f79-a0ac-3487-1f5da2e60731\" title=\"https:\/\/publimicro.cl\/utalca-y-hospital-regional-de-talca-lideran-innovacion-en-atencion-odontogeriatrica\/\" href=\"https:\/\/publimicro.cl\/utalca-y-hospital-regional-de-talca-lideran-innovacion-en-atencion-odontogeriatrica\/\" target=\"_blank\" rel=\"noopener noreferrer\" data-auth=\"NotApplicable\" data-linkindex=\"25\">UTalca y Hospital Regional de Talca lideran innovaci\u00f3n en atenci\u00f3n odontogeri\u00e1trica. Se refiere Soraya Le\u00f3n Araya, directora de la Especialidad en Odontogeriatr\u00eda.<\/a>\u00a0<\/div><div>\u00a0<\/div><div><b>DIARIO TALCA <\/b>\u00a0<br \/><a id=\"OWA89e95a78-a109-09cd-5ac9-bb39c2f2d368\" title=\"https:\/\/diariotalca.cl\/utalca-y-hospital-de-talca-implementan-modelo-pionero-de-atencion-odontogeriatrica\/\" href=\"https:\/\/diariotalca.cl\/utalca-y-hospital-de-talca-implementan-modelo-pionero-de-atencion-odontogeriatrica\/\" target=\"_blank\" rel=\"noopener noreferrer\" data-auth=\"NotApplicable\" data-linkindex=\"26\">UTalca y Hospital de Talca implementan modelo pionero de atenci\u00f3n odontogeri\u00e1trica. Se refiere Soraya Le\u00f3n Araya, directora de la Especialidad en Odontogeriatr\u00eda.<\/a>\u00a0<\/div><div>\u00a0<\/div><div><b>\u00a0G5 NOTICIAS<\/b>\u00a0<br \/><a id=\"OWA91ace260-8fcb-6bd9-ee0a-0d0f6a506024\" title=\"https:\/\/g5noticias.cl\/2025\/12\/06\/utalca-y-hospital-regional-de-talca-implementan-modelo-pionero-de-atencion-odontogeriatrica\/\" href=\"https:\/\/g5noticias.cl\/2025\/12\/06\/utalca-y-hospital-regional-de-talca-implementan-modelo-pionero-de-atencion-odontogeriatrica\/\" target=\"_blank\" rel=\"noopener noreferrer\" data-auth=\"NotApplicable\" data-linkindex=\"27\">UTalca y Hospital Regional de Talca implementan modelo pionero de atenci\u00f3n odontogeri\u00e1trica. Se refiere Soraya Le\u00f3n Araya, directora de la Especialidad en Odontogeriatr\u00eda.<\/a>\u00a0<\/div><div>\u00a0<\/div><div><b>EL HERALDO <\/b>\u00a0<br \/><a id=\"OWAc879f938-09a7-f96f-88e0-d1143fe0f70f\" title=\"https:\/\/www.litoralpress.cl\/paginaconsultas\/Servicios_NClipWeb\/Get_Imagen_Nota.aspx?LPKey=Z5S24VZWZWJBYIMM7WJDJ256AXGKLKC7U7SMTN6QSY6HPG4MSNBXA6KYQ5A66X43ZTDWEQVV2WJTM\" href=\"https:\/\/www.litoralpress.cl\/paginaconsultas\/Servicios_NClipWeb\/Get_Imagen_Nota.aspx?LPKey=Z5S24VZWZWJBYIMM7WJDJ256AXGKLKC7U7SMTN6QSY6HPG4MSNBXA6KYQ5A66X43ZTDWEQVV2WJTM\" target=\"_blank\" rel=\"noopener noreferrer\" data-auth=\"NotApplicable\" data-linkindex=\"28\">UTalca y Hospital Regional de Talca implementan modelo pionero de atenci\u00f3n odontogeri\u00e1trica. Se refiere Soraya Le\u00f3n Araya, directora de la Especialidad en Odontogeriatr\u00eda.<\/a>\u00a0<\/div><div>\u00a0<\/div><div><b>MAULE HOY<\/b>\u00a0<br \/><a id=\"OWAf99bf5fa-cc48-1c0a-e14b-dbd9f68bf5df\" title=\"https:\/\/www.litoralpress.cl\/paginaconsultas\/Servicios_NClipWeb\/Get_Imagen_Nota.aspx?LPKey=BXZRN2OKWLURPP4Z7EFVK7GAXJ64DT3SIP2A5MMTIIU3NNP2HNP6XDAJMXWZNSCSCLRFEWMDNMRG2\" href=\"https:\/\/www.litoralpress.cl\/paginaconsultas\/Servicios_NClipWeb\/Get_Imagen_Nota.aspx?LPKey=BXZRN2OKWLURPP4Z7EFVK7GAXJ64DT3SIP2A5MMTIIU3NNP2HNP6XDAJMXWZNSCSCLRFEWMDNMRG2\" target=\"_blank\" rel=\"noopener noreferrer\" data-auth=\"NotApplicable\" data-linkindex=\"29\">Implementan modelo pionero de atenci\u00f3n odontogeri\u00e1trica. Se refiere Soraya Le\u00f3n Araya, directora de la Especialidad en Odontogeriatr\u00eda. Se refiere Soraya Le\u00f3n Araya, directora de la Especialidad en Odontogeriatr\u00eda.<\/a>\u00a0<\/div><div>\u00a0<\/div><div><b>DIARIO EL HERALDO<\/b>\u00a0<br \/><a id=\"OWA9e64ff72-86a8-43d2-ca6a-7a32eb8d1ddb\" title=\"https:\/\/www.diarioelheraldo.cl\/noticia\/utalca-y-hospital-regional-de-talca-implementan-modelo-pionero-de-atencion-odontogeriatrica\" href=\"https:\/\/www.diarioelheraldo.cl\/noticia\/utalca-y-hospital-regional-de-talca-implementan-modelo-pionero-de-atencion-odontogeriatrica\" target=\"_blank\" rel=\"noopener noreferrer\" data-auth=\"NotApplicable\" data-linkindex=\"30\">UTalca y Hospital Regional de Talca implementan modelo pionero de atenci\u00f3n odontogeri\u00e1trica. Se refiere Soraya Le\u00f3n Araya, directora de la Especialidad en Odontogeriatr\u00eda.<\/a>\u00a0<\/div><div>\u00a0<\/div><div><b>RADIO FM M\u00c1S<\/b>\u00a0<br \/><a id=\"OWA655da3ef-7296-60ff-80e9-a7ca8034f565\" title=\"https:\/\/radiofmmas.cl\/utalca-y-hospital-regional-de-talca-implementan-modelo-pionero-de-atencion-odontogeriatrica\/\" href=\"https:\/\/radiofmmas.cl\/utalca-y-hospital-regional-de-talca-implementan-modelo-pionero-de-atencion-odontogeriatrica\/\" target=\"_blank\" rel=\"noopener noreferrer\" data-auth=\"NotApplicable\" data-linkindex=\"31\">UTalca y Hospital Regional de Talca implementan modelo pionero de atenci\u00f3n odontogeri\u00e1trica. Se refiere Soraya Le\u00f3n Araya, directora de la Especialidad en Odontogeriatr\u00eda.<\/a>\u00a0<\/div><div>\u00a0<\/div><div><b>TIERRA AMARILLANO<\/b>\u00a0<br \/><a id=\"OWA39431335-f8b8-fa46-42f8-effce1d17c58\" title=\"https:\/\/tierramarillano.cl\/2025\/12\/07\/utalca-y-hospital-regional-de-talca-implementan-modelo-pionero-de-atencion-odontogeriatrica\/\" href=\"https:\/\/tierramarillano.cl\/2025\/12\/07\/utalca-y-hospital-regional-de-talca-implementan-modelo-pionero-de-atencion-odontogeriatrica\/\" target=\"_blank\" rel=\"noopener noreferrer\" data-auth=\"NotApplicable\" data-linkindex=\"32\">UTalca y Hospital Regional de Talca implementan modelo pionero de atenci\u00f3n odontogeri\u00e1trica. Se refiere Soraya Le\u00f3n Araya, directora de la Especialidad en Odontogeriatr\u00eda.<\/a>\u00a0<\/div><div>\u00a0<\/div><div><b>INOTICIAS<\/b>\u00a0<br \/><a id=\"OWA66071bf7-362a-5372-cfdc-71a3eb171eba\" title=\"https:\/\/inoticias.cl\/detalle\/ha-sido-su-mejor-debate-analista-destaca-a-jeannette-jara\" href=\"https:\/\/inoticias.cl\/detalle\/ha-sido-su-mejor-debate-analista-destaca-a-jeannette-jara\" target=\"_blank\" rel=\"noopener noreferrer\" data-auth=\"NotApplicable\" data-linkindex=\"33\">\u201cHa sido su mejor debate\u201d: Analista destaca a Jeannette Jara sobre Jos\u00e9 Antonio Kast de cara a la segunda vuelta. Se refiere Mauricio Morales Quiroz, director del Centro de An\u00e1lisis Pol\u00edtico (CAP-UTalca)<\/a>\u00a0<\/div><div>\u00a0<\/div><div><b>\u00a0EL CIUDADANO<\/b>\u00a0<br \/><a id=\"OWAeaff1650-ae14-04ae-2a04-1a5fb92c2d84\" title=\"https:\/\/www.elciudadano.com\/politica\/ha-sido-su-mejor-debate-analista-destaca-a-jeannette-jara-sobre-jose-antonio-kast-de-cara-a-la-segunda-vuelta\/12\/05\/\" href=\"https:\/\/www.elciudadano.com\/politica\/ha-sido-su-mejor-debate-analista-destaca-a-jeannette-jara-sobre-jose-antonio-kast-de-cara-a-la-segunda-vuelta\/12\/05\/\" target=\"_blank\" rel=\"noopener noreferrer\" data-auth=\"NotApplicable\" data-linkindex=\"34\">\u201cHa sido su mejor debate\u201d: Analista destaca a Jeannette Jara sobre Jos\u00e9 Antonio Kast de cara a la segunda vuelta. Se refiere Mauricio Morales Quiroz, director del Centro de An\u00e1lisis Pol\u00edtico (CAP-UTalca)<\/a>\u00a0<\/div><div>\u00a0<\/div><div><b>EMOL<\/b>\u00a0<br \/><a id=\"OWA5374d207-ecf3-92a5-2d60-cbd5f5e7ae53\" title=\"https:\/\/www.emol.com\/noticias\/Nacional\/2025\/12\/05\/1185124\/debate-eutanasia-impacto-electoral-gobierno.html\" href=\"https:\/\/www.emol.com\/noticias\/Nacional\/2025\/12\/05\/1185124\/debate-eutanasia-impacto-electoral-gobierno.html\" target=\"_blank\" rel=\"noopener noreferrer\" data-auth=\"NotApplicable\" data-linkindex=\"35\">\u00bfPerjudicar a Kast?: La discusi\u00f3n sobre el impacto electoral que tiene la agenda que empuja el Gobierno. Se refiere Mario Herrera Mu\u00f1oz, acad\u00e9mico del Centro de An\u00e1lisis pol\u00edtico (CAP-UTalca)<\/a>\u00a0<\/div><div>\u00a0<\/div><div><b>RADIO LAUTARO<\/b>\u00a0<br \/><a id=\"OWAc5aafbab-5205-5452-87dd-95028a098a31\" title=\"https:\/\/radiolautarotalca.cl\/impulsan-mesa-estrategica-de-recursos-hidricos-del-rio-maule\/\" href=\"https:\/\/radiolautarotalca.cl\/impulsan-mesa-estrategica-de-recursos-hidricos-del-rio-maule\/\" target=\"_blank\" rel=\"noopener noreferrer\" data-auth=\"NotApplicable\" data-linkindex=\"36\">Impulsan Mesa Estrat\u00e9gica de Recursos H\u00eddricos del R\u00edo Maule. Se refiere Samuel Ortega Far\u00edas, director del Centro de Investigaci\u00f3n y Transferencia en Riego y Agroclimatolog\u00eda (CITRA) y \u202fNadia Rojas Villacura, jefa de la unidad de Gesti\u00f3n de Proyectos Transversales de la UTalca.<\/a>\u00a0<\/div><div>\u00a0<\/div><div><b>EL CIUDADANO<\/b>\u00a0<br \/><a id=\"OWA806bf026-7ab8-fe27-071a-33466a91e7e8\" title=\"https:\/\/www.elciudadano.com\/actualidad\/insolito-cuentas-trolls-por-kast-culpan-a-periodistas-por-debacle-de-su-candidato-en-debates-con-jeannette-jara\/12\/06\/\" href=\"https:\/\/www.elciudadano.com\/actualidad\/insolito-cuentas-trolls-por-kast-culpan-a-periodistas-por-debacle-de-su-candidato-en-debates-con-jeannette-jara\/12\/06\/\" target=\"_blank\" rel=\"noopener noreferrer\" data-auth=\"NotApplicable\" data-linkindex=\"37\">Ins\u00f3lito: Cuentas trolls por Kast culpan a periodistas por debacle de su candidato en debates con Jeannette Jara. Se refiere Mauricio Morales Quiroz, director del Centro de An\u00e1lisis Pol\u00edtico (CAP-UTalca)<\/a>\u00a0<\/div><div>\u00a0<\/div><div><b>\u00a0INOTICIAS<\/b>\u00a0<br \/><a id=\"OWA5e952a23-c0eb-0dff-c427-f566bef4221b\" title=\"https:\/\/inoticias.cl\/detalle\/insolito-cuentas-trolls-por-kast-culpan-a-periodistas-por\" href=\"https:\/\/inoticias.cl\/detalle\/insolito-cuentas-trolls-por-kast-culpan-a-periodistas-por\" target=\"_blank\" rel=\"noopener noreferrer\" data-auth=\"NotApplicable\" data-linkindex=\"38\">Ins\u00f3lito: Cuentas trolls por Kast culpan a periodistas por debacle de su candidato en debates con Jeannette Jara. Se refiere Mauricio Morales Quiroz, director del Centro de An\u00e1lisis Pol\u00edtico (CAP-UTalca)<\/a>\u00a0<\/div><div>\u00a0<\/div><div><b>LA VOZ DE LOS QUE SOBRAN<\/b>\u00a0<br \/><a id=\"OWAfc392451-bd0b-6432-c95f-b5cdced18f79\" title=\"https:\/\/lavozdelosquesobran.cl\/hoy\/analisis-de-cientista-politico-favorece-a-jara-en-debate-archi-versus-desempeno-de-kast\/06122025\" href=\"https:\/\/lavozdelosquesobran.cl\/hoy\/analisis-de-cientista-politico-favorece-a-jara-en-debate-archi-versus-desempeno-de-kast\/06122025\" target=\"_blank\" rel=\"noopener noreferrer\" data-auth=\"NotApplicable\" data-linkindex=\"39\">An\u00e1lisis de cientista pol\u00edtico favorece a Jara en debate ARCHI versus desempe\u00f1o de Kast. Se refiere Mauricio Morales Quiroz, director del Centro de An\u00e1lisis Pol\u00edtico (CAP-UTalca)<\/a>\u00a0<\/div><div aria-hidden=\"true\">\u00a0<\/div><div><b>MAULE HOY<\/b>\u00a0<br \/><a id=\"OWA15e9d5c9-04f1-4f0e-9e04-b0f8b55250ac\" title=\"https:\/\/www.litoralpress.cl\/paginaconsultas\/Servicios_NClipWeb\/Get_Imagen_Nota.aspx?LPKey=M2CWZ7PQWOIWTOEILTBIG7RFPSJXH223AEDMFJBX2BMLFPYYV7RVT56RN4YZWAB3SDH3AP3EX745Y\" href=\"https:\/\/www.litoralpress.cl\/paginaconsultas\/Servicios_NClipWeb\/Get_Imagen_Nota.aspx?LPKey=M2CWZ7PQWOIWTOEILTBIG7RFPSJXH223AEDMFJBX2BMLFPYYV7RVT56RN4YZWAB3SDH3AP3EX745Y\" target=\"_blank\" rel=\"noopener noreferrer\" data-auth=\"NotApplicable\" data-linkindex=\"40\">UTalca lanza nuevo juego de mesa \u201cGuardianes del Petroglifo\u201d. Se refiere Felipe Besoa\u00edn, director de MauleTec<\/a>\u00a0<\/div><div>\u00a0<\/div><div><b>MAULE HOY<\/b>\u00a0<br \/><a id=\"OWAa424ad47-c3e0-0546-c634-ea35057eb65c\" title=\"https:\/\/maulehoy.cl\/2025\/12\/05\/utalca-lanza-nuevo-juego-de-mesa-guardianes-del-petroglifo\/\" href=\"https:\/\/maulehoy.cl\/2025\/12\/05\/utalca-lanza-nuevo-juego-de-mesa-guardianes-del-petroglifo\/\" target=\"_blank\" rel=\"noopener noreferrer\" data-auth=\"NotApplicable\" data-linkindex=\"41\">UTalca lanza nuevo juego de mesa \u201cGuardianes del Petroglifo\u201d. Se refiere Felipe Besoa\u00edn, director de MauleTec<\/a>.\u00a0<\/div><div>\u00a0<\/div><div><b>MAULE HOY<\/b>\u00a0<br \/><a id=\"OWA614ccd91-6a1e-e8ac-c832-0242808eff0d\" title=\"https:\/\/maulehoy.cl\/2025\/12\/05\/utalca-lanza-nuevo-juego-de-mesa-guardianes-del-petroglifo\/\" href=\"https:\/\/maulehoy.cl\/2025\/12\/05\/utalca-lanza-nuevo-juego-de-mesa-guardianes-del-petroglifo\/\" target=\"_blank\" rel=\"noopener noreferrer\" data-auth=\"NotApplicable\" data-linkindex=\"42\">UTalca lanza nuevo juego de mesa \u201cGuardianes del Petroglifo\u201d. Se refiere Felipe Besoa\u00edn, director de MauleTec<\/a>\u00a0<\/div><div aria-hidden=\"true\">\u00a0<\/div><div><b>DIARIO TALCA<\/b>\u00a0<br \/><a id=\"OWAb760306a-e1fc-99c1-0e0c-e4701d911160\" title=\"https:\/\/diariotalca.cl\/informe-exclusivo-cambio-climatico-en-el-maule-futuro-incierto-por-patricio-gonzalez-colville\/\" href=\"https:\/\/diariotalca.cl\/informe-exclusivo-cambio-climatico-en-el-maule-futuro-incierto-por-patricio-gonzalez-colville\/\" target=\"_blank\" rel=\"noopener noreferrer\" data-auth=\"NotApplicable\" data-linkindex=\"43\">INFORME EXCLUSIVO: \u00abCambio clim\u00e1tico en el Maule: \u00bffuturo incierto?\u00bb por Patricio Gonz\u00e1lez Colville, acad\u00e9mico del Centro de Investigaci\u00f3n y Transferencia en Riego y Agroclimatolog\u00eda (CITRA).<\/a>\u00a0<\/div><div>\u00a0<\/div><div><b>RADIO CRISTALINA<\/b>\u00a0<br \/><a id=\"OWAfc8effb3-0397-dd1a-3ac3-b199abee0202\" title=\"https:\/\/radiocristalina.cl\/region-del-maule-impulsan-mesa-estrategica-de-recursos-hidricos-del-rio-maule\/\" href=\"https:\/\/radiocristalina.cl\/region-del-maule-impulsan-mesa-estrategica-de-recursos-hidricos-del-rio-maule\/\" target=\"_blank\" rel=\"noopener noreferrer\" data-auth=\"NotApplicable\" data-linkindex=\"44\">Impulsan Mesa Estrat\u00e9gica de Recursos H\u00eddricos del R\u00edo Maule. Se refiere Samuel Ortega Far\u00edas, director del Centro de Investigaci\u00f3n y Transferencia en Riego y Agroclimatolog\u00eda (CITRA) y Nadia Rojas Villacura, jefa de la unidad de Gesti\u00f3n de Proyectos Transversales de la UTalca.<\/a>\u00a0<\/div><div>\u00a0<\/div><div><b>MAULE HOY<\/b>\u00a0<br \/><a id=\"OWAda7dbc15-b038-8ec3-5378-5c52fe4eb343\" title=\"https:\/\/maulehoy.cl\/2025\/12\/05\/impulsan-mesa-estrategica-de-recursos-hidricos-del-rio-maule\/\" href=\"https:\/\/maulehoy.cl\/2025\/12\/05\/impulsan-mesa-estrategica-de-recursos-hidricos-del-rio-maule\/\" target=\"_blank\" rel=\"noopener noreferrer\" data-auth=\"NotApplicable\" data-linkindex=\"45\">Impulsan Mesa Estrat\u00e9gica de Recursos H\u00eddricos del R\u00edo Maule. Se refiere Samuel Ortega Far\u00edas, director del Centro de Investigaci\u00f3n y Transferencia en Riego y Agroclimatolog\u00eda (CITRA) y Nadia Rojas Villacura, jefa de la unidad de Gesti\u00f3n de Proyectos Transversales de la UTalca.<\/a>\u00a0<\/div><div aria-hidden=\"true\">\u00a0<\/div><div><b>DIARIO FINANCIERO<\/b>\u00a0<br \/><a id=\"OWA340a2d28-d2d4-1f8d-9235-99af178a5f50\" title=\"https:\/\/www.litoralpress.cl\/paginaconsultas\/Servicios_NClipWeb\/Get_Imagen_Nota.aspx?LPKey=VDUJ53SRM56TKJA3S4Q5Z7IWWPGN75ZKPE7XSPL2IH4GJT6U4TQDANDDP4HYBR2F3JT3CZ5UJ6HYU\" href=\"https:\/\/www.litoralpress.cl\/paginaconsultas\/Servicios_NClipWeb\/Get_Imagen_Nota.aspx?LPKey=VDUJ53SRM56TKJA3S4Q5Z7IWWPGN75ZKPE7XSPL2IH4GJT6U4TQDANDDP4HYBR2F3JT3CZ5UJ6HYU\" target=\"_blank\" rel=\"noopener noreferrer\" data-auth=\"NotApplicable\" data-linkindex=\"46\">Estudiantes universitarios desarrollan proyectos para beneficio de sus comunidades locales. Se refiere Karin Saavedra Redlich, directora General de Vinculaci\u00f3n con el Medio<\/a>\u00a0<\/div><div>\u00a0<\/div><div><b>RADIO CONDEL <\/b>\u00a0<br \/><a id=\"OWAfd14e40d-abfe-7733-56b6-57a2ac0b6c8f\" title=\"https:\/\/www.litoralpress.cl\/sitio\/RadioTV_Detalles.cshtml?LPKey=7V2AWAT64IQ2WOJAXOP6GN3XYPGREUSNCLYNGL6CYJVETESB224ULNCPGSTQMB3262I34TFBTSKLA\" href=\"https:\/\/www.litoralpress.cl\/sitio\/RadioTV_Detalles.cshtml?LPKey=7V2AWAT64IQ2WOJAXOP6GN3XYPGREUSNCLYNGL6CYJVETESB224ULNCPGSTQMB3262I34TFBTSKLA\" target=\"_blank\" rel=\"noopener noreferrer\" data-auth=\"NotApplicable\" data-linkindex=\"47\">Entrevista a Paula Jorquera, Vicerrectora de Desarrollo Estudiantil<\/a>\u00a0\u00a0<\/div><div>\u00a0<\/div><div><b>G5 NOTICIAS<\/b>\u00a0<br \/><a id=\"OWA05605860-31c3-19f8-f4ff-734b22096dbc\" title=\"https:\/\/g5noticias.cl\/2025\/12\/06\/es-posible-implementar-en-chile-el-juicio-por-jurado\/\" href=\"https:\/\/g5noticias.cl\/2025\/12\/06\/es-posible-implementar-en-chile-el-juicio-por-jurado\/\" target=\"_blank\" rel=\"noopener noreferrer\" data-auth=\"NotApplicable\" data-linkindex=\"48\">\u00bfEs posible implementar en Chile el juicio por jurado? Se refiere Diego Palomo V\u00e9lez, acad\u00e9mico de la Facultad de Ciencias Jur\u00eddicas y Sociales y Ra\u00fal Carnevali, director del Centro de Derecho Penal (CEDEP-UTalca)<\/a>\u00a0<\/div><div>\u00a0<\/div><div><b>MAULE HOY<\/b>\u00a0<br \/><a id=\"OWAe84c21ab-3668-2a37-802c-6000ed856aa3\" title=\"https:\/\/maulehoy.cl\/2025\/12\/05\/inspira-maule-promovio-liderazgo-femenino-en-ingenieria\/\" href=\"https:\/\/maulehoy.cl\/2025\/12\/05\/inspira-maule-promovio-liderazgo-femenino-en-ingenieria\/\" target=\"_blank\" rel=\"noopener noreferrer\" data-auth=\"NotApplicable\" data-linkindex=\"49\">Inspira Maule promovi\u00f3 liderazgo femenino en ingenier\u00eda. Se refiere Marcela Gonz\u00e1lez Araya, decana de la Facultad de Ingenier\u00eda y Ariela Vergara Jaque, directora de Innovaci\u00f3n.<\/a>\u00a0\u00a0<\/div><div>\u00a0<\/div><div><b>EL MERCURIO<\/b>\u00a0<br \/><a id=\"OWAc3144f23-7f55-e379-2fe4-e47d9d1d32bf\" title=\"https:\/\/www.litoralpress.cl\/paginaconsultas\/Servicios_NClipWeb\/Get_Imagen_Nota.aspx?LPKey=MR67NUE5NG3F3ANARFUAYCLJGHDREN3IGVBGQSFDKKJ2QR2CPUFZS3J6BBFX2C63WBAOSFP34HQMW%7d\" href=\"https:\/\/www.litoralpress.cl\/paginaconsultas\/Servicios_NClipWeb\/Get_Imagen_Nota.aspx?LPKey=MR67NUE5NG3F3ANARFUAYCLJGHDREN3IGVBGQSFDKKJ2QR2CPUFZS3J6BBFX2C63WBAOSFP34HQMW%7d\" target=\"_blank\" rel=\"noopener noreferrer\" data-auth=\"NotApplicable\" data-linkindex=\"50\">Lago Vichuqu\u00e9n es zona de riesgo sanitario por alta concentraci\u00f3n de bacterias y llaman a evitar contacto con el agua. Iris Pereira, acad\u00e9mica del Instituto de Ciencias Biol\u00f3gicas.<\/a>\u00a0\u00a0<\/div><div>\u00a0<\/div><div><b>RADIO FUTURA<\/b>\u00a0<br \/><a id=\"OWAf8fab560-8863-15bb-4741-dbce6fe17931\" title=\"https:\/\/www.litoralpress.cl\/sitio\/RadioTV_Detalles.cshtml?LPKey=HIVYXSOJA7AKAT3VBFJZ6YWZU5GBHF55OTARF3HHUKRX7ONZMNZT6OMTFT5B54YO3PKDIHDF3QNSE\" href=\"https:\/\/www.litoralpress.cl\/sitio\/RadioTV_Detalles.cshtml?LPKey=HIVYXSOJA7AKAT3VBFJZ6YWZU5GBHF55OTARF3HHUKRX7ONZMNZT6OMTFT5B54YO3PKDIHDF3QNSE\" target=\"_blank\" rel=\"noopener noreferrer\" data-auth=\"NotApplicable\" data-linkindex=\"51\">Entrevista a Adolfo Maric\u00e1n, director subrogante de la carrera de Qu\u00edmica y Farmacia.<\/a>\u00a0\u00a0<\/div><div>\u00a0<\/div><div><b>DIARIO EL CENTRO<\/b>\u00a0<br \/><a id=\"OWAbeba64be-88fb-b295-9584-8f303df0ed84\" title=\"https:\/\/www.diarioelcentro.cl\/2025\/12\/05\/dia-latinoamericano-de-lucha-contra-el-cancer-oral-y-de-labio\/\" href=\"https:\/\/www.diarioelcentro.cl\/2025\/12\/05\/dia-latinoamericano-de-lucha-contra-el-cancer-oral-y-de-labio\/\" target=\"_blank\" rel=\"noopener noreferrer\" data-auth=\"NotApplicable\" data-linkindex=\"52\">D\u00eda Latinoamericano de Lucha Contra el C\u00e1ncer Oral y de Labio. Se refiere Daniel Droguett Ossa, acad\u00e9mico de la Facultad de Odontolog\u00eda.<\/a>\u00a0\u00a0<\/div><div>\u00a0<\/div><div><b>EL MERCURIO<\/b>\u00a0<br \/><a id=\"OWA1d4c2d67-05a8-b1fb-57f2-6960684ad5f1\" title=\"https:\/\/www.litoralpress.cl\/paginaconsultas\/Servicios_NClipWeb\/Get_Imagen_Nota.aspx?LPKey=RECZTZ6J2YDJLSMYXJFF5QHLMBYH3RZCJXSIVWRYYZUQHCWQUMJR6SHDKMZCKFXXOHMUBKAZWWYIG\" href=\"https:\/\/www.litoralpress.cl\/paginaconsultas\/Servicios_NClipWeb\/Get_Imagen_Nota.aspx?LPKey=RECZTZ6J2YDJLSMYXJFF5QHLMBYH3RZCJXSIVWRYYZUQHCWQUMJR6SHDKMZCKFXXOHMUBKAZWWYIG\" target=\"_blank\" rel=\"noopener noreferrer\" data-auth=\"NotApplicable\" data-linkindex=\"53\">LOS ANDES como nadie los hab\u00eda visto. Se refiere Paulo Cox Puga, acad\u00e9mico de la Facultad de Econom\u00eda y Negocios.<\/a>\u00a0\u00a0<\/div><div>\u00a0<\/div><div><b>CANAL TVN<\/b>\u00a0<br \/><a id=\"OWA3ea0ff2b-7394-27ff-e43b-d3e2fd283ca6\" title=\"https:\/\/www.litoralpress.cl\/sitio\/RadioTV_Detalles.cshtml?LPKey=LPASDKYKUG7TFXJBYSURVBBIQXBY37ETRE4EHT7ODWXJ52PWEHU75CKPZHD2KB3PEFL3ND4I2PNW6\" href=\"https:\/\/www.litoralpress.cl\/sitio\/RadioTV_Detalles.cshtml?LPKey=LPASDKYKUG7TFXJBYSURVBBIQXBY37ETRE4EHT7ODWXJ52PWEHU75CKPZHD2KB3PEFL3ND4I2PNW6\" target=\"_blank\" rel=\"noopener noreferrer\" data-auth=\"NotApplicable\" data-linkindex=\"54\">Alertan sobre el consumo de drogas durante la jornada laboral de los micreros y la baja fiscalizaci\u00f3n a sus funciones. Se refiere Jessica Z\u00fa\u00f1iga Hern\u00e1ndez, acad\u00e9mica de la Escuela de Medicina.<\/a>\u00a0<\/div><div>\u00a0\u00a0<\/div><div><b>EL DESCONCIERTO<\/b>\u00a0<br \/><a id=\"OWA703593ab-0d06-87a8-26d1-0f242edfd8a6\" title=\"https:\/\/eldesconcierto.cl\/2025\/12\/07\/para-enfrentar-crisis-climatica-y-energetica-maule-impulsa-la-educacion-y-liderazgo-femenino-en-ciencia-y-tecnologia\" href=\"https:\/\/eldesconcierto.cl\/2025\/12\/07\/para-enfrentar-crisis-climatica-y-energetica-maule-impulsa-la-educacion-y-liderazgo-femenino-en-ciencia-y-tecnologia\" target=\"_blank\" rel=\"noopener noreferrer\" data-auth=\"NotApplicable\" data-linkindex=\"55\">Para enfrentar crisis clim\u00e1tica y energ\u00e9tica: Maule impulsa la educaci\u00f3n y liderazgo femenino en ciencia y tecnolog\u00eda. Se menciona la Universidad de Talca.<\/a>\u00a0\u00a0<\/div><div>\u00a0<\/div><div><b>MAULE HOY<\/b>\u00a0<br \/><a id=\"OWA6f4e98dc-22fc-9d34-12a6-d49d67c1391d\" title=\"https:\/\/www.litoralpress.cl\/paginaconsultas\/Servicios_NClipWeb\/Get_Imagen_Nota.aspx?LPKey=UM66TUNA72IZIGRVROTHN7HTOJG4FLBOV4UFXTW76QIOR4KQLPOGXVPFDUSHDWOLZU2RWQZA2QWQW\" href=\"https:\/\/www.litoralpress.cl\/paginaconsultas\/Servicios_NClipWeb\/Get_Imagen_Nota.aspx?LPKey=UM66TUNA72IZIGRVROTHN7HTOJG4FLBOV4UFXTW76QIOR4KQLPOGXVPFDUSHDWOLZU2RWQZA2QWQW\" target=\"_blank\" rel=\"noopener noreferrer\" data-auth=\"NotApplicable\" data-linkindex=\"56\">Instituto Andr\u00e9s Bello de Talca realiz\u00f3 emotiva ceremonia de licenciatura de sus estudiantes de cuartos medio Generaci\u00f3n 2025. Se menciona la Universidad de Talca.<\/a>\u00a0\u00a0<\/div><div>\u00a0<\/div><div><b>MEGANOTICIAS<\/b>\u00a0<br \/><a id=\"OWAddda6821-4754-a7c2-cadb-4a00fb8ea904\" title=\"https:\/\/www.meganoticias.cl\/nacional\/508080-columna-mauricio-morales-jose-antonio-kast-debates-elecciones-chile-jara-07-12-2025.html\" href=\"https:\/\/www.meganoticias.cl\/nacional\/508080-columna-mauricio-morales-jose-antonio-kast-debates-elecciones-chile-jara-07-12-2025.html\" target=\"_blank\" rel=\"noopener noreferrer\" data-auth=\"NotApplicable\" data-linkindex=\"57\">\u201cKast y los debates&#8221;. Columna de Mauricio Morales Quiroga, director del Centro de An\u00e1lisis Pol\u00edtico (CAP_UTalca)<\/a>\u00a0<\/div><div>\u00a0<\/div><div><b>EL MERCURIO<\/b>\u00a0<br \/><a id=\"OWAe3a11d54-09c2-87a8-3ba8-3a0fd5a50f40\" title=\"https:\/\/www.litoralpress.cl\/paginaconsultas\/Servicios_NClipWeb\/Get_Imagen_Nota.aspx?LPKey=FBFPRJDBL4YJ4YWW2XFUXWF35XDFFG4LU7LLDQ3RMQCGL5MQUX3XQAF33P7YUWWBVQV6MB7ZXWWZO\" href=\"https:\/\/www.litoralpress.cl\/paginaconsultas\/Servicios_NClipWeb\/Get_Imagen_Nota.aspx?LPKey=FBFPRJDBL4YJ4YWW2XFUXWF35XDFFG4LU7LLDQ3RMQCGL5MQUX3XQAF33P7YUWWBVQV6MB7ZXWWZO\" target=\"_blank\" rel=\"noopener noreferrer\" data-auth=\"NotApplicable\" data-linkindex=\"58\">Uso de IA y de nuevas tecnolog\u00eda Nuevos focos de las carreras del agro. Se refiere Gabriela Cofre, directora de la Escuela de Agronom\u00eda<\/a>\u00a0<\/div><div>\u00a0<\/div><div><b>LA PRENSA DE CURIC\u00d3<\/b>\u00a0<br \/><a id=\"OWAfcaa1867-88dc-ecbc-0b34-e1839de835a4\" title=\"https:\/\/www.litoralpress.cl\/paginaconsultas\/Servicios_NClipWeb\/Get_Imagen_Nota.aspx?LPKey=G2OR3CTKQB6QCZRHO7TPIODMX2FYRZ3WNF6PZ6FPSKRM7EWF7HQIDUJPDEJKNRXTM5P4EAD5RCUIK\" href=\"https:\/\/www.litoralpress.cl\/paginaconsultas\/Servicios_NClipWeb\/Get_Imagen_Nota.aspx?LPKey=G2OR3CTKQB6QCZRHO7TPIODMX2FYRZ3WNF6PZ6FPSKRM7EWF7HQIDUJPDEJKNRXTM5P4EAD5RCUIK\" target=\"_blank\" rel=\"noopener noreferrer\" data-auth=\"NotApplicable\" data-linkindex=\"59\">&#8220;Durante m\u00e1s de una d\u00e9cada no se ha construido un edificio en altura en el centro de Curic\u00f3&#8221;. Se menciona la Universidad de Talca.<\/a>\u00a0<\/div><div>\u00a0<\/div><div><b>MEDIABANCO<\/b>\u00a0<br \/><a id=\"OWA1291a498-caea-be47-18f7-b6a6ddf3b3d5\" title=\"https:\/\/www.mediabanco.com\/analizan-los-principales-desafios-del-feminismo-latinoamericano\/\" href=\"https:\/\/www.mediabanco.com\/analizan-los-principales-desafios-del-feminismo-latinoamericano\/\" target=\"_blank\" rel=\"noopener noreferrer\" data-auth=\"NotApplicable\" data-linkindex=\"60\">Analizan los principales desaf\u00edos del feminismo latinoamericano. Se refiere Camila Mosquera, directora de la Escuela de Terapia Ocupacional.<\/a>\u00a0<\/div><div aria-hidden=\"true\">\u00a0<\/div><div><b>LAS \u00daLTIMAS NOTICIAS<\/b>\u00a0<br \/><a id=\"OWA6c5eccf4-78a1-8f0f-b67b-8f2dd7330fa4\" title=\"https:\/\/www.litoralpress.cl\/paginaconsultas\/Servicios_NClipWeb\/Get_Imagen_Nota.aspx?LPKey=MZPMZLHXYENYYKJJPJTDKAYMY2LVBO2IORZZUQX5QB37FR3D4CN5QKWKMZIGNHBALXIEOFHTCNXRK\" href=\"https:\/\/www.litoralpress.cl\/paginaconsultas\/Servicios_NClipWeb\/Get_Imagen_Nota.aspx?LPKey=MZPMZLHXYENYYKJJPJTDKAYMY2LVBO2IORZZUQX5QB37FR3D4CN5QKWKMZIGNHBALXIEOFHTCNXRK\" target=\"_blank\" rel=\"noopener noreferrer\" data-auth=\"NotApplicable\" data-linkindex=\"61\">Cu\u00e1ntos cupos se abrir\u00e1n para las carreras m\u00e1s buscadas por los chilenos. Se menciona la Universidad de Talca.<\/a>\u00a0<\/div><div>\u00a0<\/div><div><b>MAULE HOY<\/b>\u00a0<br \/><a id=\"OWA7d4d8887-75b3-baa7-b933-352fd6850ce5\" title=\"https:\/\/www.litoralpress.cl\/paginaconsultas\/Servicios_NClipWeb\/Get_Imagen_Nota.aspx?LPKey=2VOI2UVQKAWCDBFAKYW64JZYWIAVU3C4DMVGXEORDCDLKAAFOB3FDLFDVHZL5NA3Z2MTCV2KKK3YC\" href=\"https:\/\/www.litoralpress.cl\/paginaconsultas\/Servicios_NClipWeb\/Get_Imagen_Nota.aspx?LPKey=2VOI2UVQKAWCDBFAKYW64JZYWIAVU3C4DMVGXEORDCDLKAAFOB3FDLFDVHZL5NA3Z2MTCV2KKK3YC\" target=\"_blank\" rel=\"noopener noreferrer\" data-auth=\"NotApplicable\" data-linkindex=\"62\">El impacto transformador de FOJI en la vida de j\u00f3venes m\u00fasicos del Maule. Se menciona la Universidad de Talca.<\/a>\u00a0<\/div><div>\u00a0<\/div><div><b>EL HERALDO AUSTRAL<\/b>\u00a0<br \/><a id=\"OWA380f0de1-6044-ac88-77c4-3343e5de6829\" title=\"https:\/\/eha.cl\/noticia\/local\/jurado-elige-a-los-ganadores-del-iii-concurso-de-grabado-viento-mistral-gabriela-y-su-legado-organizado-por-centro-cultural-bosque-nativo\" href=\"https:\/\/eha.cl\/noticia\/local\/jurado-elige-a-los-ganadores-del-iii-concurso-de-grabado-viento-mistral-gabriela-y-su-legado-organizado-por-centro-cultural-bosque-nativo\" target=\"_blank\" rel=\"noopener noreferrer\" data-auth=\"NotApplicable\" data-linkindex=\"63\">Jurado elige a los ganadores del III Concurso de Grabado \u201cViento Mistral: Gabriela y su Legado\u201d organizado por Centro Cultural Bosque Nativo. Se menciona la Universidad de Talca.<\/a>\u00a0<\/div><div>\u00a0<\/div><div><b>NOTICIAS UTEM<\/b>\u00a0<br \/><a id=\"OWAe0b11ce5-1342-8ece-c179-c88756d7a98f\" title=\"https:\/\/noticias.utem.cl\/2025\/12\/04\/autorretrato-ciego-exhibicion-multisensorial-e-inclusiva-se-inaugura-en-matucana-100\/\" href=\"https:\/\/noticias.utem.cl\/2025\/12\/04\/autorretrato-ciego-exhibicion-multisensorial-e-inclusiva-se-inaugura-en-matucana-100\/\" target=\"_blank\" rel=\"noopener noreferrer\" data-auth=\"NotApplicable\" data-linkindex=\"64\">\u201cAutorretrato Ciego\u201d: exhibici\u00f3n multisensorial e inclusiva se inaugura en Matucana 100. Se menciona la Universidad de Talca.<\/a>\u00a0\u00a0<\/div><div>\u00a0<\/div><div><b>EL MAULE INFORMA<\/b>\u00a0<br \/><a id=\"OWA9c369e80-cff8-f674-0ce9-27b94735c595\" title=\"https:\/\/elmauleinforma.cl\/the-chosen-asiste-a-la-proyeccion-del-episodio-noche-de-paz-en-la-universidad-catolica-del-maule\/\" href=\"https:\/\/elmauleinforma.cl\/the-chosen-asiste-a-la-proyeccion-del-episodio-noche-de-paz-en-la-universidad-catolica-del-maule\/\" target=\"_blank\" rel=\"noopener noreferrer\" data-auth=\"NotApplicable\" data-linkindex=\"65\">The Chosen: Asiste a la proyecci\u00f3n del episodio Noche de Paz en la Universidad Cat\u00f3lica del Maule. Se menciona la Universidad de talca.<\/a>\u00a0<\/div><div>\u00a0<\/div><div><b>NOTICIAS UDEC<\/b>\u00a0<br \/><a id=\"OWA5d969554-ed96-2f0d-d5ae-b04cec123b36\" title=\"https:\/\/noticias.udec.cl\/seminario-abordo-el-diagnostico-integrado-de-vinculacion-con-el-medio-en-universidades-cruch\/\" href=\"https:\/\/noticias.udec.cl\/seminario-abordo-el-diagnostico-integrado-de-vinculacion-con-el-medio-en-universidades-cruch\/\" target=\"_blank\" rel=\"noopener noreferrer\" data-auth=\"NotApplicable\" data-linkindex=\"66\">Seminario abord\u00f3 el Diagn\u00f3stico Integrado de Vinculaci\u00f3n con el Medio en Universidades Cruch. Se menciona la Universidad de Talca.<\/a>\u00a0<\/div><div>\u00a0<\/div><div><b>PORTAL AGRO CHILE<\/b>\u00a0<br \/><a id=\"OWA11cecf4b-7f2c-9fa3-c3bb-495a17e90f35\" title=\"https:\/\/www.portalagrochile.cl\/2025\/12\/05\/fenotipado-digital-como-una-herramienta-clave-para-seleccionar-plantas\/\" href=\"https:\/\/www.portalagrochile.cl\/2025\/12\/05\/fenotipado-digital-como-una-herramienta-clave-para-seleccionar-plantas\/\" target=\"_blank\" rel=\"noopener noreferrer\" data-auth=\"NotApplicable\" data-linkindex=\"67\">Fenotipado digital como una herramienta clave para seleccionar plantas. Se menciona la Universidad de Talca.<\/a>\u00a0<\/div><div>\u00a0<\/div><div><b>REPORTE MINERO<\/b>\u00a0<br \/><a id=\"OWAb6d7811f-02f8-6135-2fb6-73d12601fe55\" title=\"https:\/\/www.reporteminero.cl\/noticia\/noticias\/2025\/12\/maule-educacion-energetica-liderazgo-femenino-steam\" href=\"https:\/\/www.reporteminero.cl\/noticia\/noticias\/2025\/12\/maule-educacion-energetica-liderazgo-femenino-steam\" target=\"_blank\" rel=\"noopener noreferrer\" data-auth=\"NotApplicable\" data-linkindex=\"68\">Maule fortalece educaci\u00f3n energ\u00e9tica y liderazgo femenino en \u00e1reas STEAM. Se menciona la Universidad de Talca.<\/a>\u00a0<\/div><div>\u00a0<\/div><div><b>MAULE HOY<\/b>\u00a0<br \/><a id=\"OWA53645d5e-3a84-669a-318e-6ef50ec12918\" title=\"https:\/\/maulehoy.cl\/2025\/12\/05\/el-impacto-transformador-de-foji-en-la-vida-de-jovenes-musicos-del-maule\/\" href=\"https:\/\/maulehoy.cl\/2025\/12\/05\/el-impacto-transformador-de-foji-en-la-vida-de-jovenes-musicos-del-maule\/\" target=\"_blank\" rel=\"noopener noreferrer\" data-auth=\"NotApplicable\" data-linkindex=\"69\">El impacto transformador de FOJI en la vida de j\u00f3venes m\u00fasicos del Maule. Se menciona la Universidad de Talca.<\/a>\u00a0<\/div><div>\u00a0<\/div><div><b>EL MAULE INFORMA<\/b>\u00a0<br \/><a id=\"OWA0d887fb0-1fe6-a040-1915-143ebf1fa10c\" title=\"https:\/\/elmauleinforma.cl\/el-impacto-transformador-de-foji-en-la-vida-de-jovenes-musicos-del-maule\/\" href=\"https:\/\/elmauleinforma.cl\/el-impacto-transformador-de-foji-en-la-vida-de-jovenes-musicos-del-maule\/\" target=\"_blank\" rel=\"noopener noreferrer\" data-auth=\"NotApplicable\" data-linkindex=\"70\">El impacto transformador de FOJI en la vida de j\u00f3venes m\u00fasicos del Maule. Se menciona la Universidad de Talca.<\/a>\u00a0<\/div><div>\u00a0<\/div><div><b>EL MOSTRADOR<\/b>\u00a0<br \/><a id=\"OWA5ff11dd6-caca-ab02-13ad-0b0755c57d9e\" title=\"https:\/\/www.elmostrador.cl\/cultura\/cultivate\/2025\/12\/06\/terremoto-en-teatro-biobio\/\" href=\"https:\/\/www.elmostrador.cl\/cultura\/cultivate\/2025\/12\/06\/terremoto-en-teatro-biobio\/\" target=\"_blank\" rel=\"noopener noreferrer\" data-auth=\"NotApplicable\" data-linkindex=\"71\">Teatro Aleph en Maule. Se menciona la Universidad de Talca.<\/a>\u00a0<\/div><div>\u00a0<\/div><div><b>FUTURA FM<\/b>\u00a0<br \/><a id=\"OWAcd08464c-9df3-369a-194f-c62506b9df9d\" title=\"https:\/\/www.futurafm.cl\/maule-impulsa-educacion-energetica-liderazgo-femenino\" href=\"https:\/\/www.futurafm.cl\/maule-impulsa-educacion-energetica-liderazgo-femenino\" target=\"_blank\" rel=\"noopener noreferrer\" data-auth=\"NotApplicable\" data-linkindex=\"72\">Maule impulsa educaci\u00f3n energ\u00e9tica con liderazgo femenino. Se menciona la Universidad de Talca.<\/a>\u00a0<\/div><div>\u00a0<\/div><div><b>CHILL\u00c1N ONLINE<\/b>\u00a0<br \/><a id=\"OWA0410f802-be87-bcc0-69e1-19659b02def3\" title=\"https:\/\/www.chillanonline.cl\/V7\/2025\/12\/06\/fenotipado-digital-como-una-herramienta-clave-para-seleccionar-plantas\/\" href=\"https:\/\/www.chillanonline.cl\/V7\/2025\/12\/06\/fenotipado-digital-como-una-herramienta-clave-para-seleccionar-plantas\/\" target=\"_blank\" rel=\"noopener noreferrer\" data-auth=\"NotApplicable\" data-linkindex=\"73\">Fenotipado digital como una herramienta clave para seleccionar plantas. Se menciona la Universidad de Talca.<\/a>\u00a0<\/div><div>\u00a0<\/div><div><b>DIARIO AUSTRAL REGI\u00d3N DE LOS R\u00cdOS<\/b>\u00a0<br \/><a id=\"OWA6ffcc58e-1992-c966-84d4-30689cdc3254\" title=\"https:\/\/www.litoralpress.cl\/paginaconsultas\/Servicios_NClipWeb\/Get_Imagen_Nota.aspx?LPKey=KO7QMIEE7NLYLHGDFFK5B6275YOHVBYXC3WW45QLTGO2FPXREHJLBVJBQECZYUNCZBOQEUY4GWDAI\" href=\"https:\/\/www.litoralpress.cl\/paginaconsultas\/Servicios_NClipWeb\/Get_Imagen_Nota.aspx?LPKey=KO7QMIEE7NLYLHGDFFK5B6275YOHVBYXC3WW45QLTGO2FPXREHJLBVJBQECZYUNCZBOQEUY4GWDAI\" target=\"_blank\" rel=\"noopener noreferrer\" data-auth=\"NotApplicable\" data-linkindex=\"74\">Universidades chilenas entre las mejores. Se menciona la Universidad de Talca<\/a>\u00a0<\/div><div><b>EL AUSTRAL DE OSORNO<\/b>\u00a0<\/div><div><br \/><a id=\"OWAc9deb0de-dd20-3dd7-bcbe-65793862bab7\" title=\"https:\/\/www.litoralpress.cl\/paginaconsultas\/Servicios_NClipWeb\/Get_Imagen_Nota.aspx?LPKey=PBB7QOCJI5YFK6FTI7GO3K7DALEMEVGG7XGMSP4OLMNOD76J7KX4FHFB4E4OJSU3GHFRCVK4DIAXM\" href=\"https:\/\/www.litoralpress.cl\/paginaconsultas\/Servicios_NClipWeb\/Get_Imagen_Nota.aspx?LPKey=PBB7QOCJI5YFK6FTI7GO3K7DALEMEVGG7XGMSP4OLMNOD76J7KX4FHFB4E4OJSU3GHFRCVK4DIAXM\" target=\"_blank\" rel=\"noopener noreferrer\" data-auth=\"NotApplicable\" data-linkindex=\"75\">Universidades chilenas entre las mejores. Se menciona la Universidad de Talca<\/a>\u00a0<\/div><div>\u00a0<\/div><div><b>SEMANARIO LOCAL<\/b>\u00a0<br \/><a id=\"OWA7f637684-9bd7-98e7-4aa8-f2c6b3ce01e4\" title=\"https:\/\/www.semanariolocal.cl\/?p=32441\" href=\"https:\/\/www.semanariolocal.cl\/?p=32441\" target=\"_blank\" rel=\"noopener noreferrer\" data-auth=\"NotApplicable\" data-linkindex=\"76\">Fenotipado digital como una herramienta clave para seleccionar plantas. Se menciona la Universidad de Talca.<\/a>\u00a0<\/div><div>\u00a0<\/div><div><b>MEDIABANCO<\/b>\u00a0<br \/><a id=\"OWA3bdacf87-ba45-f4a8-7f63-7f1d0cba9ca1\" title=\"https:\/\/www.mediabanco.com\/extension-utalca-cierra-el-ano-con-cartelera-teatral-que-incluye-homenaje-a-gabriela-mistral\/\" href=\"https:\/\/www.mediabanco.com\/extension-utalca-cierra-el-ano-con-cartelera-teatral-que-incluye-homenaje-a-gabriela-mistral\/\" target=\"_blank\" rel=\"noopener noreferrer\" data-auth=\"NotApplicable\" data-linkindex=\"77\">Extensi\u00f3n UTalca cierra el a\u00f1o con cartelera teatral que incluye homenaje a Gabriela Mistral. Se menciona la Universidad de Talca.<\/a>\u00a0<\/div><div>\u00a0<\/div><div><b>G5 NOTICIAS<\/b>\u00a0<br \/><a id=\"OWAd676bbf8-9c37-68a3-8672-d40a1da52209\" title=\"https:\/\/g5noticias.cl\/2025\/12\/08\/fenotipado-digital-como-una-herramienta-clave-para-seleccionar-plantas\/\" href=\"https:\/\/g5noticias.cl\/2025\/12\/08\/fenotipado-digital-como-una-herramienta-clave-para-seleccionar-plantas\/\" target=\"_blank\" rel=\"noopener noreferrer\" data-auth=\"NotApplicable\" data-linkindex=\"78\">Fenotipado digital como una herramienta clave para seleccionar plantas. Se menciona la Universidad de Talca.<\/a>\u00a0<\/div><div>\u00a0<\/div><div><b>EL MOSTRADOR<\/b>\u00a0<br \/><a id=\"OWA5b362601-381a-7427-bad8-5762895b9410\" title=\"https:\/\/www.elmostrador.cl\/braga\/2025\/12\/08\/educacion-steam-con-perspectiva-de-genero-la-iniciativa-que-avanza-en-el-maule\/\" href=\"https:\/\/www.elmostrador.cl\/braga\/2025\/12\/08\/educacion-steam-con-perspectiva-de-genero-la-iniciativa-que-avanza-en-el-maule\/\" target=\"_blank\" rel=\"noopener noreferrer\" data-auth=\"NotApplicable\" data-linkindex=\"79\">Educaci\u00f3n STEAM con perspectiva de g\u00e9nero: la iniciativa que avanza en el Maule. Se menciona la Universidad de Talca.<\/a>\u00a0<\/div><div>\u00a0<\/div><div><b>RADIO ALLEN<\/b>\u00a0<br \/><a id=\"OWAd905e958-cd98-0b29-90c2-e97c5dcc89b2\" title=\"https:\/\/radioallen.cl\/economia-destacadas-charlas-magistrales-daran-inicio-al-74-congreso-agronomico-de-chile-en-la-uoh\/\" href=\"https:\/\/radioallen.cl\/economia-destacadas-charlas-magistrales-daran-inicio-al-74-congreso-agronomico-de-chile-en-la-uoh\/\" target=\"_blank\" rel=\"noopener noreferrer\" data-auth=\"NotApplicable\" data-linkindex=\"80\">Econom\u00eda: Destacadas charlas magistrales dar\u00e1n inicio al 74\u00b0 Congreso Agron\u00f3mico de Chile en la UOH. Se menciona la Universidad de Talca.<\/a>\u00a0<\/div><div>\u00a0<\/div><div><b>EL RANCAG\u00dcINO<\/b>\u00a0<br \/><a id=\"OWA29f130d4-979b-0dee-b4d0-cb21d15d0a24\" title=\"https:\/\/www.elrancaguino.cl\/2025\/12\/08\/destacadas-charlas-magistrales-daran-inicio-al-74-congreso-agronomico-de-chile\/\" href=\"https:\/\/www.elrancaguino.cl\/2025\/12\/08\/destacadas-charlas-magistrales-daran-inicio-al-74-congreso-agronomico-de-chile\/\" target=\"_blank\" rel=\"noopener noreferrer\" data-auth=\"NotApplicable\" data-linkindex=\"81\">Destacadas charlas magistrales dar\u00e1n inicio al 74\u00b0 Congreso Agron\u00f3mico de Chile. Se menciona la Universidad de Talca.<\/a>\u00a0<\/div>\t\t\t\t\t\t<\/div>\n\t\t\t\t<\/div>\n\t\t\t\t\t<\/div>\n\t\t<\/div>\n\t\t\t\t\t\t\t<\/div>\n\t\t<\/section>\n\t\t\t\t\t\t<\/div>\n\t\t\t\t\t<\/div>\n\t\t","protected":false},"excerpt":{"rendered":"<p>PUBLIMICRO\u00a0La UTalca reconoce el alto rendimiento deportivo y acad\u00e9mico de sus estudiantes en 2025. Se refiere Carlos Torres Fuchslocher, rector y Cristi\u00e1n Santos, director del Programa de Deportes\u00a0\u00a0EL LECTOR\u00a0Deportistas de la UTalca reciben reconocimiento por su destacado desempe\u00f1o 2025. Se refiere Carlos Torres Fuchslocher, rector y Cristi\u00e1n Santos, director del Programa de Deportes.\u00a0\u00a0\u00a0TIERRA AMARILLANO\u00a0Deportistas de &hellip;<\/p>\n<p class=\"read-more\"> <a class=\"\" href=\"https:\/\/www.reportedeprensa.utalca.cl\/?p=13020\"> <span class=\"screen-reader-text\">09 de diciembre 2025<\/span> Read More &raquo;<\/a><\/p>\n","protected":false},"author":1,"featured_media":0,"comment_status":"closed","ping_status":"open","sticky":false,"template":"","format":"standard","meta":{"_monsterinsights_skip_tracking":false,"_monsterinsights_sitenote_active":false,"_monsterinsights_sitenote_note":"","_monsterinsights_sitenote_category":0},"categories":[66],"tags":[],"_links":{"self":[{"href":"https:\/\/www.reportedeprensa.utalca.cl\/index.php?rest_route=\/wp\/v2\/posts\/13020"}],"collection":[{"href":"https:\/\/www.reportedeprensa.utalca.cl\/index.php?rest_route=\/wp\/v2\/posts"}],"about":[{"href":"https:\/\/www.reportedeprensa.utalca.cl\/index.php?rest_route=\/wp\/v2\/types\/post"}],"author":[{"embeddable":true,"href":"https:\/\/www.reportedeprensa.utalca.cl\/index.php?rest_route=\/wp\/v2\/users\/1"}],"replies":[{"embeddable":true,"href":"https:\/\/www.reportedeprensa.utalca.cl\/index.php?rest_route=%2Fwp%2Fv2%2Fcomments&post=13020"}],"version-history":[{"count":4,"href":"https:\/\/www.reportedeprensa.utalca.cl\/index.php?rest_route=\/wp\/v2\/posts\/13020\/revisions"}],"predecessor-version":[{"id":13024,"href":"https:\/\/www.reportedeprensa.utalca.cl\/index.php?rest_route=\/wp\/v2\/posts\/13020\/revisions\/13024"}],"wp:attachment":[{"href":"https:\/\/www.reportedeprensa.utalca.cl\/index.php?rest_route=%2Fwp%2Fv2%2Fmedia&parent=13020"}],"wp:term":[{"taxonomy":"category","embeddable":true,"href":"https:\/\/www.reportedeprensa.utalca.cl\/index.php?rest_route=%2Fwp%2Fv2%2Fcategories&post=13020"},{"taxonomy":"post_tag","embeddable":true,"href":"https:\/\/www.reportedeprensa.utalca.cl\/index.php?rest_route=%2Fwp%2Fv2%2Ftags&post=13020"}],"curies":[{"name":"wp","href":"https:\/\/api.w.org\/{rel}","templated":true}]}}