{"id":13030,"date":"2025-12-12T10:06:38","date_gmt":"2025-12-12T13:06:38","guid":{"rendered":"https:\/\/www.reportedeprensa.utalca.cl\/?p=13030"},"modified":"2025-12-12T10:09:08","modified_gmt":"2025-12-12T13:09:08","slug":"11-de-diciembre-2025","status":"publish","type":"post","link":"https:\/\/www.reportedeprensa.utalca.cl\/?p=13030","title":{"rendered":"11 de diciembre 2025"},"content":{"rendered":"\t\t<div data-elementor-type=\"wp-post\" data-elementor-id=\"13030\" class=\"elementor elementor-13030\" data-elementor-settings=\"[]\">\n\t\t\t\t\t\t\t<div class=\"elementor-section-wrap\">\n\t\t\t\t\t\t\t<section class=\"elementor-section elementor-top-section elementor-element elementor-element-bcea1a8 elementor-section-boxed elementor-section-height-default elementor-section-height-default\" data-id=\"bcea1a8\" data-element_type=\"section\">\n\t\t\t\t\t\t<div class=\"elementor-container elementor-column-gap-default\">\n\t\t\t\t\t<div class=\"elementor-column elementor-col-100 elementor-top-column elementor-element elementor-element-e7183bf\" data-id=\"e7183bf\" data-element_type=\"column\">\n\t\t\t<div class=\"elementor-widget-wrap elementor-element-populated\">\n\t\t\t\t\t\t\t\t<div class=\"elementor-element elementor-element-8f5242e elementor-widget elementor-widget-text-editor\" data-id=\"8f5242e\" data-element_type=\"widget\" data-widget_type=\"text-editor.default\">\n\t\t\t\t<div class=\"elementor-widget-container\">\n\t\t\t\t\t\t\t\t<div class=\"x_elementToProof\"><div class=\"x_elementToProof\"><b data-olk-copy-source=\"MessageBody\">EL MERCURIO\u00a0<br \/><a id=\"OWA518892c4-78c4-94b7-986b-dd52d60d8b1b\" class=\"x_Hyperlink x_SCXW205056453 x_BCX0 x_OWAAutoLink\" title=\"https:\/\/www.elmercurio.com\/campo\/Registro\/Login.aspx?urlBack=\/Campo\/Noticias\/Noticias\/2025\/12\/10\/ia-nuevas-tecnologias-carreras-agro.aspx\" href=\"https:\/\/www.elmercurio.com\/campo\/Registro\/Login.aspx?urlBack=\/Campo\/Noticias\/Noticias\/2025\/12\/10\/ia-nuevas-tecnologias-carreras-agro.aspx\" target=\"_blank\" rel=\"noreferrer noopener\" data-auth=\"NotApplicable\" data-linkindex=\"0\">Uso de IA y de nuevas tecnolog\u00edas: Nuevos focos de las carreras del agro. Se menciona la Universidad de Talca.<\/a> \u00a0<\/b><\/div><div>\u00a0<\/div><\/div><div class=\"x_elementToProof\"><div class=\"x_elementToProof\"><b>EL CONTENIDO.NEWS\u00a0<br \/><a id=\"OWAa3454d15-24e5-25c1-1216-918cd1a62e62\" class=\"x_Hyperlink x_SCXW205056453 x_BCX0 x_OWAAutoLink\" title=\"https:\/\/elcontenido.news\/2025\/nacional\/el-concierto-un-paseo-por-la-musica-en-el-maule-logro-un-notable-impacto-en-la-audiencia\/\" href=\"https:\/\/elcontenido.news\/2025\/nacional\/el-concierto-un-paseo-por-la-musica-en-el-maule-logro-un-notable-impacto-en-la-audiencia\/\" target=\"_blank\" rel=\"noreferrer noopener\" data-auth=\"NotApplicable\" data-linkindex=\"1\">El concierto \u201cUn Paseo por la M\u00fasica\u201d en el Maule logr\u00f3 un notable impacto en la audiencia. Se menciona la Universidad de Talca.<\/a>\u00a0<\/b><\/div><div>\u00a0<\/div><\/div><div class=\"x_elementToProof\"><div class=\"x_elementToProof\"><b>MEDIABANCO\u00a0<br \/><a id=\"OWA6e783f58-a25d-a4ab-aaa2-af34d48c5183\" class=\"x_Hyperlink x_SCXW205056453 x_BCX0 x_OWAAutoLink\" title=\"https:\/\/www.mediabanco.com\/concierto-sinfonico-de-fin-de-ano-reunio-a-miles-de-familias-en-talca\/\" href=\"https:\/\/www.mediabanco.com\/concierto-sinfonico-de-fin-de-ano-reunio-a-miles-de-familias-en-talca\/\" target=\"_blank\" rel=\"noreferrer noopener\" data-auth=\"NotApplicable\" data-linkindex=\"2\">Concierto sinf\u00f3nico de fin de a\u00f1o reuni\u00f3 a miles de familias en Talca. Se refiere Paula Manr\u00edquez, vicerrectora de Formaci\u00f3n.<\/a> \u00a0<\/b><\/div><div>\u00a0<\/div><\/div><div class=\"x_elementToProof\"><div class=\"x_elementToProof\"><b>PAUTA COMUNAL\u00a0<br \/><a id=\"OWAe7bc192d-945b-bcaf-8798-acb7184d90e9\" class=\"x_Hyperlink x_SCXW205056453 x_BCX0 x_OWAAutoLink\" title=\"https:\/\/pautacomunal.cl\/nacional\/exito-rotundo-en-el-maule-el-concierto-un-paseo-por-la-musica-encanto-a-la-audiencia\/\" href=\"https:\/\/pautacomunal.cl\/nacional\/exito-rotundo-en-el-maule-el-concierto-un-paseo-por-la-musica-encanto-a-la-audiencia\/\" target=\"_blank\" rel=\"noreferrer noopener\" data-auth=\"NotApplicable\" data-linkindex=\"3\">\u00c9xito rotundo en el Maule: el concierto \u201cUn Paseo por la M\u00fasica\u201d encant\u00f3 a la audiencia. Se menciona la Universidad de Talca.<\/a>\u00a0<\/b><\/div><div>\u00a0<\/div><\/div><div class=\"x_elementToProof\"><div class=\"x_elementToProof\"><b>PORTAL PRENSA SALUD\u00a0<br \/><a id=\"OWA9d146204-86af-6002-33a0-e1e90732300e\" class=\"x_Hyperlink x_SCXW205056453 x_BCX0 x_OWAAutoLink\" title=\"https:\/\/portalprensasalud.cl\/2025\/12\/08\/envejecimiento-de-la-poblacion-universidades-impulsan-programa-de-doctorado-pionero-en-latinoamerica\/\" href=\"https:\/\/portalprensasalud.cl\/2025\/12\/08\/envejecimiento-de-la-poblacion-universidades-impulsan-programa-de-doctorado-pionero-en-latinoamerica\/\" target=\"_blank\" rel=\"noreferrer noopener\" data-auth=\"NotApplicable\" data-linkindex=\"4\">Envejecimiento de la poblaci\u00f3n: Universidades impulsan programa de doctorado pionero en Latinoam\u00e9rica. Se refiere Iv\u00e1n Palomo, Centro Interuniversitario de Envejecimiento Saludable (CIES) y Sergio Wehinger, director de Postgrado.<\/a> \u00a0<\/b><\/div><div>\u00a0<\/div><\/div><div class=\"x_elementToProof\"><div class=\"x_elementToProof\"><b>TOUR INNOVACI\u00d3N\u00a0<br \/><a id=\"OWA32a6506b-a902-c08c-8e46-10998944e05b\" class=\"x_Hyperlink x_SCXW205056453 x_BCX0 x_OWAAutoLink\" title=\"https:\/\/www.tourinnovacion.cl\/actualidad\/envejecimiento-de-la-poblacion-universidades-impulsan-programa-de-doctorado-pionero-en-latinoamerica\/\" href=\"https:\/\/www.tourinnovacion.cl\/actualidad\/envejecimiento-de-la-poblacion-universidades-impulsan-programa-de-doctorado-pionero-en-latinoamerica\/\" target=\"_blank\" rel=\"noreferrer noopener\" data-auth=\"NotApplicable\" data-linkindex=\"5\">Envejecimiento de la poblaci\u00f3n: Universidades impulsan programa de doctorado pionero en Latinoam\u00e9rica. Se refiere Iv\u00e1n Palomo, Centro Interuniversitario de Envejecimiento Saludable (CIES) y Sergio Wehinger, director de Postgrado.<\/a>\u00a0<\/b><\/div><div>\u00a0<\/div><\/div><div class=\"x_elementToProof\"><div class=\"x_elementToProof\"><b>EL HERALDO\u00a0<br \/><a id=\"OWA6d5b6ad9-85f4-e23d-0336-4feb861b1c40\" class=\"x_Hyperlink x_SCXW205056453 x_BCX0 x_OWAAutoLink\" title=\"https:\/\/www.litoralpress.cl\/sitio\/Prensa_Detalles.cshtml?LPKey=5NAHAP76HUGWKXGCC4ZYODCVTGT3QDYFAH2M2S7DMW2JX64PBXFQ\" href=\"https:\/\/www.litoralpress.cl\/sitio\/Prensa_Detalles.cshtml?LPKey=5NAHAP76HUGWKXGCC4ZYODCVTGT3QDYFAH2M2S7DMW2JX64PBXFQ\" target=\"_blank\" rel=\"noreferrer noopener\" data-auth=\"NotApplicable\" data-linkindex=\"6\">Maule tiene su ciencia: Diversos sectores dialogan sobre desarrollo regional. Se refiere Rodrigo Palomo, vicerrector acad\u00e9mico<\/a>\u00a0<\/b><\/div><div>\u00a0<\/div><\/div><div class=\"x_elementToProof\"><div class=\"x_elementToProof\"><b>EL LECTOR\u00a0<br \/><a id=\"OWAc5437de8-3178-76e3-596d-53009396b35f\" class=\"x_Hyperlink x_SCXW205056453 x_BCX0 x_OWAAutoLink\" title=\"https:\/\/www.litoralpress.cl\/sitio\/Prensa_Detalles.cshtml?LPKey=FLX2U72GQRN7ZUYHD5NM6MLBJV7ZQ2Y2Q5L42KXVQHKM7EA5V6JQ\" href=\"https:\/\/www.litoralpress.cl\/sitio\/Prensa_Detalles.cshtml?LPKey=FLX2U72GQRN7ZUYHD5NM6MLBJV7ZQ2Y2Q5L42KXVQHKM7EA5V6JQ\" target=\"_blank\" rel=\"noreferrer noopener\" data-auth=\"NotApplicable\" data-linkindex=\"7\">Maule tiene su ciencia: Diversos sectores dialogan sobre desarrollo regional. Se refiere Rodrigo Palomo, vicerrector acad\u00e9mico<\/a>\u00a0<\/b><\/div><div>\u00a0<\/div><\/div><div class=\"x_elementToProof\"><div class=\"x_elementToProof\"><b>PORTAL EDUCA\u00a0<br \/><a id=\"OWA276290b6-2fbc-9414-65f7-eb048d994815\" class=\"x_Hyperlink x_SCXW205056453 x_BCX0 x_OWAAutoLink\" title=\"https:\/\/portaleduca.cl\/analizan-los-principales-desafios-del-feminismo-latinoamericano\/\" href=\"https:\/\/portaleduca.cl\/analizan-los-principales-desafios-del-feminismo-latinoamericano\/\" target=\"_blank\" rel=\"noreferrer noopener\" data-auth=\"NotApplicable\" data-linkindex=\"8\">Analizan los principales desaf\u00edos del feminismo latinoamericano. Se refiere Camila Mosquera, directora Escuela de Terapia Ocupacional.<\/a>\u00a0<\/b><\/div><div>\u00a0<\/div><\/div><div class=\"x_elementToProof\"><div class=\"x_elementToProof\"><b>MAULE HOY\u00a0<br \/><a id=\"OWA75641980-34dc-2da1-4d02-3a9bd47719c1\" class=\"x_Hyperlink x_SCXW205056453 x_BCX0 x_OWAAutoLink\" title=\"https:\/\/www.litoralpress.cl\/sitio\/Prensa_Detalles.cshtml?LPKey=2M2MQSHPSSTGVGWGZJDXQAL4PTTCBJQXNSIO45HPRA3LJ\" href=\"https:\/\/www.litoralpress.cl\/sitio\/Prensa_Detalles.cshtml?LPKey=2M2MQSHPSSTGVGWGZJDXQAL4PTTCBJQXNSIO45HPRA3LJ\" target=\"_blank\" rel=\"noreferrer noopener\" data-auth=\"NotApplicable\" data-linkindex=\"9\">Analizan los principales desaf\u00edos del feminismo latinoamericano. Se refiere Camila Mosquera, directora Escuela de Terapia Ocupacional.<\/a> <\/b><\/div><div class=\"x_elementToProof\"><b>\u00a0<\/b><\/div><\/div><div class=\"x_elementToProof\"><div class=\"x_elementToProof\"><b>EMOL\u00a0<br \/><a id=\"OWAd4d47669-936d-52d9-f929-6784c60b901f\" class=\"x_Hyperlink x_SCXW205056453 x_BCX0 x_OWAAutoLink\" title=\"https:\/\/www.emol.com\/noticias\/Nacional\/2025\/12\/10\/1185459\/analisis-debate-anatel.html\" href=\"https:\/\/www.emol.com\/noticias\/Nacional\/2025\/12\/10\/1185459\/analisis-debate-anatel.html\" target=\"_blank\" rel=\"noreferrer noopener\" data-auth=\"NotApplicable\" data-linkindex=\"10\">\u00bfQui\u00e9n gan\u00f3?: Expertos coinciden que performance de Kast mejor\u00f3 respecto al anterior debate lo que &#8216;descoloc\u00f3&#8217; a Jara.Se refiere Mauricio Morales, director Centro de An\u00e1lisis Pol\u00edtico (CAP)<\/a>\u00a0<\/b><\/div><div>\u00a0<\/div><\/div><div class=\"x_elementToProof\"><div class=\"x_elementToProof\"><b>CHV NOTICIAS\u00a0<br \/><a id=\"OWAf46ce13e-9ca5-be08-ce18-e7c7834363f1\" class=\"x_Hyperlink x_SCXW205056453 x_BCX0 x_OWAAutoLink\" title=\"https:\/\/www.litoralpress.cl\/sitio\/RadioTV_Detalles.cshtml?LPKey=6IYSYUTEPFZ4JDQGKAAB32LGVE5FEUBIRWLGJXU4KDXPR4XLMUVT52NXMWNJCWVLMAALJUZ5MUUFM\" href=\"https:\/\/www.litoralpress.cl\/sitio\/RadioTV_Detalles.cshtml?LPKey=6IYSYUTEPFZ4JDQGKAAB32LGVE5FEUBIRWLGJXU4KDXPR4XLMUVT52NXMWNJCWVLMAALJUZ5MUUFM\" target=\"_blank\" rel=\"noreferrer noopener\" data-auth=\"NotApplicable\" data-linkindex=\"11\">Auditores comentan sobre el \u00faltimo debate presidencial y su efecto. Se refiere Mauricio Morales, director Centro de An\u00e1lisis Pol\u00edtico (CAP)<\/a>\u00a0<\/b><\/div><div>\u00a0<\/div><\/div><div class=\"x_elementToProof\"><div class=\"x_elementToProof\"><b>MEGANOTICIAS\u00a0<br \/><a id=\"OWAdb584f7f-4c63-3d9c-09c9-0481ca77346e\" class=\"x_Hyperlink x_SCXW205056453 x_BCX0 x_OWAAutoLink\" title=\"https:\/\/www.litoralpress.cl\/sitio\/RadioTV_Detalles.cshtml?LPKey=S2LMTG2PAKQ4JPCQOZCZDI2XTGM3Q7JVWCGHOZV3XC4XSJJ5CN6FGAK222CLR2CXX3A4C2I74AQH2\" href=\"https:\/\/www.litoralpress.cl\/sitio\/RadioTV_Detalles.cshtml?LPKey=S2LMTG2PAKQ4JPCQOZCZDI2XTGM3Q7JVWCGHOZV3XC4XSJJ5CN6FGAK222CLR2CXX3A4C2I74AQH2\" target=\"_blank\" rel=\"noreferrer noopener\" data-auth=\"NotApplicable\" data-linkindex=\"12\">Comentario de Mauricio Morales, director Centro de An\u00e1lisis Pol\u00edtico (CAP).<\/a>\u00a0<\/b><\/div><div>\u00a0<\/div><\/div><div class=\"x_elementToProof\"><div class=\"x_elementToProof\"><b>RADIO INFINITA\u00a0<br \/><a id=\"OWAf5cf77d8-0e68-2c30-217a-e7c505dcee7f\" class=\"x_Hyperlink x_SCXW205056453 x_BCX0 x_OWAAutoLink\" title=\"https:\/\/www.litoralpress.cl\/sitio\/RadioTV_Detalles.cshtml?LPKey=FF6LCUIGAHMKVBO4BFCKNX3VVFUECR2OLM6PSSXZAABDDDLCRSQA6P2OB4Z4SCTD4XEKWGFC7\" href=\"https:\/\/www.litoralpress.cl\/sitio\/RadioTV_Detalles.cshtml?LPKey=FF6LCUIGAHMKVBO4BFCKNX3VVFUECR2OLM6PSSXZAABDDDLCRSQA6P2OB4Z4SCTD4XEKWGFC7\" target=\"_blank\" rel=\"noreferrer noopener\" data-auth=\"NotApplicable\" data-linkindex=\"13\">Entrevista a Mauricio Morales, director Centro de An\u00e1lisis Pol\u00edtico (CAP).<\/a>\u00a0<\/b><\/div><div>\u00a0<\/div><\/div><div class=\"x_elementToProof\"><div class=\"x_elementToProof\"><b>EL CIUDADANO\u00a0<br \/><a id=\"OWAa5856be6-6970-ceec-7daa-d27887aea0a8\" class=\"x_Hyperlink x_SCXW205056453 x_BCX0 x_OWAAutoLink\" title=\"https:\/\/www.elciudadano.com\/arte-cultura\/autorretrato-ciego-invitan-a-exhibicion-multisensorial-e-inclusiva-en-matucana-100\/12\/10\/\" href=\"https:\/\/www.elciudadano.com\/arte-cultura\/autorretrato-ciego-invitan-a-exhibicion-multisensorial-e-inclusiva-en-matucana-100\/12\/10\/\" target=\"_blank\" rel=\"noreferrer noopener\" data-auth=\"NotApplicable\" data-linkindex=\"14\">Autorretrato Ciego: Invitan a exhibici\u00f3n multisensorial e inclusiva en Matucana 100. Se menciona la Universidad de Talca.<\/a>\u00a0<\/b><\/div><div>\u00a0<\/div><\/div><div class=\"x_elementToProof\"><div class=\"x_elementToProof\"><b>EL MAULE INFORMA\u00a0<br \/><a id=\"OWAb32ded98-f250-8b7b-e23f-d99271f59064\" class=\"x_Hyperlink x_SCXW205056453 x_BCX0 x_OWAAutoLink\" title=\"https:\/\/elmauleinforma.cl\/maule-impulsa-la-educacion-energetica-y-el-liderazgo-femenino-en-ciencia-y-tecnologia\/\" href=\"https:\/\/elmauleinforma.cl\/maule-impulsa-la-educacion-energetica-y-el-liderazgo-femenino-en-ciencia-y-tecnologia\/\" target=\"_blank\" rel=\"noreferrer noopener\" data-auth=\"NotApplicable\" data-linkindex=\"15\">Maule impulsa la educaci\u00f3n energ\u00e9tica y el liderazgo femenino en ciencia y tecnolog\u00eda. Se menciona la Universidad de Talca.<\/a>\u00a0<\/b><\/div><div>\u00a0<\/div><\/div><div class=\"x_elementToProof\"><div class=\"x_elementToProof\"><b>RED AGR\u00cdCOLA \u00a0<br \/><a id=\"OWA82242caa-c23d-c274-2c04-9f97bfd4d70c\" class=\"x_Hyperlink x_SCXW205056453 x_BCX0 x_OWAAutoLink\" title=\"https:\/\/redagricola.com\/tendencias-en-30-anos-de-fitopatologia-chilena\/\" href=\"https:\/\/redagricola.com\/tendencias-en-30-anos-de-fitopatologia-chilena\/\" target=\"_blank\" rel=\"noreferrer noopener\" data-auth=\"NotApplicable\" data-linkindex=\"16\">Tendencias en 30 a\u00f1os de fitopatolog\u00eda chilena. Se menciona la Universidad de Talca.<\/a>\u00a0<\/b><\/div><\/div>\t\t\t\t\t\t<\/div>\n\t\t\t\t<\/div>\n\t\t\t\t\t<\/div>\n\t\t<\/div>\n\t\t\t\t\t\t\t<\/div>\n\t\t<\/section>\n\t\t\t\t\t\t<\/div>\n\t\t\t\t\t<\/div>\n\t\t","protected":false},"excerpt":{"rendered":"<p>EL MERCURIO\u00a0Uso de IA y de nuevas tecnolog\u00edas: Nuevos focos de las carreras del agro. Se menciona la Universidad de Talca. \u00a0\u00a0EL CONTENIDO.NEWS\u00a0El concierto \u201cUn Paseo por la M\u00fasica\u201d en el Maule logr\u00f3 un notable impacto en la audiencia. Se menciona la Universidad de Talca.\u00a0\u00a0MEDIABANCO\u00a0Concierto sinf\u00f3nico de fin de a\u00f1o reuni\u00f3 a miles de familias &hellip;<\/p>\n<p class=\"read-more\"> <a class=\"\" href=\"https:\/\/www.reportedeprensa.utalca.cl\/?p=13030\"> <span class=\"screen-reader-text\">11 de diciembre 2025<\/span> Read More &raquo;<\/a><\/p>\n","protected":false},"author":1,"featured_media":0,"comment_status":"closed","ping_status":"open","sticky":false,"template":"","format":"standard","meta":{"_monsterinsights_skip_tracking":false,"_monsterinsights_sitenote_active":false,"_monsterinsights_sitenote_note":"","_monsterinsights_sitenote_category":0},"categories":[66],"tags":[],"_links":{"self":[{"href":"https:\/\/www.reportedeprensa.utalca.cl\/index.php?rest_route=\/wp\/v2\/posts\/13030"}],"collection":[{"href":"https:\/\/www.reportedeprensa.utalca.cl\/index.php?rest_route=\/wp\/v2\/posts"}],"about":[{"href":"https:\/\/www.reportedeprensa.utalca.cl\/index.php?rest_route=\/wp\/v2\/types\/post"}],"author":[{"embeddable":true,"href":"https:\/\/www.reportedeprensa.utalca.cl\/index.php?rest_route=\/wp\/v2\/users\/1"}],"replies":[{"embeddable":true,"href":"https:\/\/www.reportedeprensa.utalca.cl\/index.php?rest_route=%2Fwp%2Fv2%2Fcomments&post=13030"}],"version-history":[{"count":4,"href":"https:\/\/www.reportedeprensa.utalca.cl\/index.php?rest_route=\/wp\/v2\/posts\/13030\/revisions"}],"predecessor-version":[{"id":13034,"href":"https:\/\/www.reportedeprensa.utalca.cl\/index.php?rest_route=\/wp\/v2\/posts\/13030\/revisions\/13034"}],"wp:attachment":[{"href":"https:\/\/www.reportedeprensa.utalca.cl\/index.php?rest_route=%2Fwp%2Fv2%2Fmedia&parent=13030"}],"wp:term":[{"taxonomy":"category","embeddable":true,"href":"https:\/\/www.reportedeprensa.utalca.cl\/index.php?rest_route=%2Fwp%2Fv2%2Fcategories&post=13030"},{"taxonomy":"post_tag","embeddable":true,"href":"https:\/\/www.reportedeprensa.utalca.cl\/index.php?rest_route=%2Fwp%2Fv2%2Ftags&post=13030"}],"curies":[{"name":"wp","href":"https:\/\/api.w.org\/{rel}","templated":true}]}}