{"id":13035,"date":"2025-12-12T10:09:25","date_gmt":"2025-12-12T13:09:25","guid":{"rendered":"https:\/\/www.reportedeprensa.utalca.cl\/?p=13035"},"modified":"2025-12-12T10:11:28","modified_gmt":"2025-12-12T13:11:28","slug":"12-de-diciembre-2025","status":"publish","type":"post","link":"https:\/\/www.reportedeprensa.utalca.cl\/?p=13035","title":{"rendered":"12 de diciembre 2025"},"content":{"rendered":"\t\t<div data-elementor-type=\"wp-post\" data-elementor-id=\"13035\" class=\"elementor elementor-13035\" data-elementor-settings=\"[]\">\n\t\t\t\t\t\t\t<div class=\"elementor-section-wrap\">\n\t\t\t\t\t\t\t<section class=\"elementor-section elementor-top-section elementor-element elementor-element-bcea1a8 elementor-section-boxed elementor-section-height-default elementor-section-height-default\" data-id=\"bcea1a8\" data-element_type=\"section\">\n\t\t\t\t\t\t<div class=\"elementor-container elementor-column-gap-default\">\n\t\t\t\t\t<div class=\"elementor-column elementor-col-100 elementor-top-column elementor-element elementor-element-e7183bf\" data-id=\"e7183bf\" data-element_type=\"column\">\n\t\t\t<div class=\"elementor-widget-wrap elementor-element-populated\">\n\t\t\t\t\t\t\t\t<div class=\"elementor-element elementor-element-8f5242e elementor-widget elementor-widget-text-editor\" data-id=\"8f5242e\" data-element_type=\"widget\" data-widget_type=\"text-editor.default\">\n\t\t\t\t<div class=\"elementor-widget-container\">\n\t\t\t\t\t\t\t\t<div><b data-olk-copy-source=\"MessageBody\">EMOL<\/b>\u00a0<br \/><a id=\"OWAf2d80ab9-3340-5151-c3e5-44d7a65b204d\" title=\"https:\/\/www.emol.com\/noticias\/Tendencias\/2025\/12\/11\/1185534\/lago-vichuquen-riesgo-salud-cianobacterias.html\" href=\"https:\/\/www.emol.com\/noticias\/Tendencias\/2025\/12\/11\/1185534\/lago-vichuquen-riesgo-salud-cianobacterias.html\" target=\"_blank\" rel=\"noopener noreferrer\" data-auth=\"NotApplicable\" data-linkindex=\"0\">Problemas hep\u00e1ticos y gastrointestinales o dermatitis: Los riesgos para la salud que tiene el agua del lago Vichuqu\u00e9n. Se refiere Mauricio Quiroz, acad\u00e9mico del Instituto de Ciencias Biol\u00f3gicas.<\/a>\u00a0<\/div><div>\u00a0<\/div><div><b>DIARIOS EN RED<\/b>\u00a0<br \/><a id=\"OWAa36b7833-27eb-b5e2-eae4-56fca25fd763\" title=\"https:\/\/www.diariosenred.com\/lago-vichuquen-alcanza-nivel-de-alerta-sanitaria-maximo-los-riesgos-para\" href=\"https:\/\/www.diariosenred.com\/lago-vichuquen-alcanza-nivel-de-alerta-sanitaria-maximo-los-riesgos-para\" target=\"_blank\" rel=\"noopener noreferrer\" data-auth=\"NotApplicable\" data-linkindex=\"1\">Lago Vichuqu\u00e9n alcanza nivel de alerta sanitaria m\u00e1ximo: los riesgos para la salud por contaminaci\u00f3n con cianobacterias. Se refiere Mauricio Quiroz, acad\u00e9mico del Instituto de Ciencias Biol\u00f3gicas.<\/a>\u00a0<\/div><div>\u00a0<\/div><div><b>RED MAULE <\/b>\u00a0<br \/><a id=\"OWAe64813cb-534d-9076-e73b-c8a8151614db\" title=\"https:\/\/www.redmaule.com\/lago-vichuquen-alcanza-nivel-de-alerta-sanitaria-maximo-los-riesgos-para\" href=\"https:\/\/www.redmaule.com\/lago-vichuquen-alcanza-nivel-de-alerta-sanitaria-maximo-los-riesgos-para\" target=\"_blank\" rel=\"noopener noreferrer\" data-auth=\"NotApplicable\" data-linkindex=\"2\">Lago Vichuqu\u00e9n alcanza nivel de alerta sanitaria m\u00e1ximo: los riesgos para la salud por contaminaci\u00f3n con cianobacterias. Se refiere Mauricio Quiroz, acad\u00e9mico del Instituto de Ciencias Biol\u00f3gicas.<\/a>\u00a0<\/div><div>\u00a0<\/div><div><b>RED \u00c1RICA<\/b>\u00a0<br \/><a id=\"OWA6062faf0-5ae3-ecbd-14b9-f94e1d74059d\" title=\"https:\/\/www.redarica.com\/lago-vichuquen-alcanza-nivel-de-alerta-sanitaria-maximo-los-riesgos-para\" href=\"https:\/\/www.redarica.com\/lago-vichuquen-alcanza-nivel-de-alerta-sanitaria-maximo-los-riesgos-para\" target=\"_blank\" rel=\"noopener noreferrer\" data-auth=\"NotApplicable\" data-linkindex=\"3\">Lago Vichuqu\u00e9n alcanza nivel de alerta sanitaria m\u00e1ximo: los riesgos para la salud por contaminaci\u00f3n con cianobacterias. Se refiere Mauricio Quiroz, acad\u00e9mico del Instituto de Ciencias Biol\u00f3gicas.<\/a>\u00a0<\/div><div>\u00a0<\/div><div><b>RED LOS RIOS<\/b>\u00a0<br \/><a id=\"OWA19a4622c-173a-31d1-d50b-beb9416891da\" title=\"https:\/\/www.redlosrios.com\/lago-vichuquen-alcanza-nivel-de-alerta-sanitaria-maximo-los-riesgos-para\" href=\"https:\/\/www.redlosrios.com\/lago-vichuquen-alcanza-nivel-de-alerta-sanitaria-maximo-los-riesgos-para\" target=\"_blank\" rel=\"noopener noreferrer\" data-auth=\"NotApplicable\" data-linkindex=\"4\">Lago Vichuqu\u00e9n alcanza nivel de alerta sanitaria m\u00e1ximo: los riesgos para la salud por contaminaci\u00f3n con cianobacterias. Se refiere Mauricio Quiroz, acad\u00e9mico del Instituto de Ciencias Biol\u00f3gicas.<\/a>\u00a0<\/div><div>\u00a0<\/div><div><b>RED ARAUCAN\u00cdA<\/b>\u00a0<br \/><a id=\"OWAc8c88d13-a85b-df35-f56a-d8c9d9edcb8c\" title=\"https:\/\/www.redaraucania.com\/lago-vichuquen-alcanza-nivel-de-alerta-sanitaria-maximo-los-riesgos-para\" href=\"https:\/\/www.redaraucania.com\/lago-vichuquen-alcanza-nivel-de-alerta-sanitaria-maximo-los-riesgos-para\" target=\"_blank\" rel=\"noopener noreferrer\" data-auth=\"NotApplicable\" data-linkindex=\"5\">Lago Vichuqu\u00e9n alcanza nivel de alerta sanitaria m\u00e1ximo: los riesgos para la salud por contaminaci\u00f3n con cianobacterias. Se refiere Mauricio Quiroz, acad\u00e9mico del Instituto de Ciencias Biol\u00f3gicas.<\/a>\u00a0<\/div><div>\u00a0<\/div><div><b>EL D\u00cdNAMO<\/b>\u00a0<br \/><a id=\"OWAc97fce45-fdff-5ae7-d7e0-2c5657015381\" title=\"https:\/\/www.eldinamo.cl\/pais\/2025\/12\/11\/problemas-hepaticos-dermatitis-y-animales-muertos-hasta-cuando-estara-cerrado-el-lago-vichuquen-por-toxicidad\/\" href=\"https:\/\/www.eldinamo.cl\/pais\/2025\/12\/11\/problemas-hepaticos-dermatitis-y-animales-muertos-hasta-cuando-estara-cerrado-el-lago-vichuquen-por-toxicidad\/\" target=\"_blank\" rel=\"noopener noreferrer\" data-auth=\"NotApplicable\" data-linkindex=\"6\">Problemas hep\u00e1ticos, dermatitis y animales muertos: hasta cu\u00e1ndo estar\u00e1 cerrado el lago Vichuqu\u00e9n por toxicidad. Se refiere Mauricio Quiroz, acad\u00e9mico del Instituto de Ciencias Biol\u00f3gicas.<\/a>\u00a0<\/div><div>\u00a0<\/div><div><b>P\u00c1GINA 7<\/b>\u00a0<br \/><a id=\"OWA6ef0d8b4-91f2-ca5a-2f3d-203b7f776e50\" title=\"https:\/\/www.pagina7.cl\/noticias\/actualidad\/2025\/12\/11\/riesgo-sanitario-en-lago-vichuquen-advierten-de-graves-sintomas-al-contacto-con-su-agua\" href=\"https:\/\/www.pagina7.cl\/noticias\/actualidad\/2025\/12\/11\/riesgo-sanitario-en-lago-vichuquen-advierten-de-graves-sintomas-al-contacto-con-su-agua\" target=\"_blank\" rel=\"noopener noreferrer\" data-auth=\"NotApplicable\" data-linkindex=\"7\">Riesgo sanitario en Lago Vichuqu\u00e9n: advierten de graves s\u00edntomas al contacto con su agua. Se refiere Mauricio Quiroz, acad\u00e9mico del Instituto de Ciencias Biol\u00f3gicas.<\/a>\u00a0<\/div><div>\u00a0<\/div><div><b>RADIO LAUTARO<\/b>\u00a0<br \/><a id=\"OWAfd66cc10-e43f-bddf-87ff-c3d4aab052a5\" title=\"https:\/\/radiolautarotalca.cl\/concierto-sinfonico-de-fin-de-ano-reunio-a-miles-de-familias-en-talca\/\" href=\"https:\/\/radiolautarotalca.cl\/concierto-sinfonico-de-fin-de-ano-reunio-a-miles-de-familias-en-talca\/\" target=\"_blank\" rel=\"noopener noreferrer\" data-auth=\"NotApplicable\" data-linkindex=\"8\">Concierto sinf\u00f3nico de fin de a\u00f1o reuni\u00f3 a miles de familias en Talca. Se refiere Paula Manr\u00edquez, vicerrectora de Formaci\u00f3n de la casa de estudios y V\u00edctor Hugo Toro, director de la Orquesta Sinf\u00f3nica.<\/a>\u00a0<\/div><div>\u00a0<\/div><div><b>EL LECTOR<\/b>\u00a0<br \/><a id=\"OWAfe57199e-d54f-e4b3-b46c-2b5898131f96\" title=\"https:\/\/www.litoralpress.cl\/paginaconsultas\/Servicios_NClipWeb\/Get_Imagen_Nota.aspx?LPKey=4VCMA2SDYXMTQ3SC2MYC36QTQBNPHF5NZXVLXUUDY7ZT7A5T6MGQSBLSMYVHYUO45DLOJQ7DGQPWC\" href=\"https:\/\/www.litoralpress.cl\/paginaconsultas\/Servicios_NClipWeb\/Get_Imagen_Nota.aspx?LPKey=4VCMA2SDYXMTQ3SC2MYC36QTQBNPHF5NZXVLXUUDY7ZT7A5T6MGQSBLSMYVHYUO45DLOJQ7DGQPWC\" target=\"_blank\" rel=\"noopener noreferrer\" data-auth=\"NotApplicable\" data-linkindex=\"9\">Concierto sinf\u00f3nico de fin de a\u00f1o reuni\u00f3 a miles de familias en Talca. Se refiere Paula Manr\u00edquez, vicerrectora de Formaci\u00f3n de la casa de estudios y V\u00edctor Hugo Toro, director de la Orquesta Sinf\u00f3nica.<\/a>\u00a0<\/div><div>\u00a0<\/div><div><b>CANAL 2 LINARES<\/b>\u00a0<br \/><a id=\"OWAae3bc8a3-ac0c-6446-8471-ed4c31fcd6d0\" title=\"https:\/\/www.canal2linares.cl\/2025\/12\/concierto-sinfonico-de-fin-de-ano.html\" href=\"https:\/\/www.canal2linares.cl\/2025\/12\/concierto-sinfonico-de-fin-de-ano.html\" target=\"_blank\" rel=\"noopener noreferrer\" data-auth=\"NotApplicable\" data-linkindex=\"10\">Concierto sinf\u00f3nico de fin de a\u00f1o reuni\u00f3 a miles de familias en Talca. Se refiere Paula Manr\u00edquez, vicerrectora de Formaci\u00f3n de la casa de estudios y V\u00edctor Hugo Toro, director de la Orquesta Sinf\u00f3nica.<\/a>\u00a0<\/div><div>\u00a0<\/div><div><b>RADIO BIOB\u00cdO<\/b>\u00a0<br \/><a id=\"OWA2859e0cc-8246-824e-d04b-f405f25ddacf\" title=\"https:\/\/www.litoralpress.cl\/sitio\/RadioTV_Detalles.cshtml?LPKey=AH675FDOD6JBIHY5WYXTOKU5N53G7MWITTX54D6VFCDQJOELHWW6LI4UAIT5YTM5SIIQG76JAZZSA\" href=\"https:\/\/www.litoralpress.cl\/sitio\/RadioTV_Detalles.cshtml?LPKey=AH675FDOD6JBIHY5WYXTOKU5N53G7MWITTX54D6VFCDQJOELHWW6LI4UAIT5YTM5SIIQG76JAZZSA\" target=\"_blank\" rel=\"noopener noreferrer\" data-auth=\"NotApplicable\" data-linkindex=\"11\">Divisiones al interior del comando de Jeannette Jara. Se refiere Mario Herrera Mu\u00f1oz, acad\u00e9mico del Centro de An\u00e1lisis Pol\u00edtico (CAP-UTalca)<\/a>\u00a0<\/div><div>\u00a0<\/div><div><b>PORTAL EDUCA<\/b>\u00a0<br \/><a id=\"OWA72d89901-90c5-66ca-d124-2813771d7780\" title=\"https:\/\/portaleduca.cl\/segunda-vuelta-presidencial-claves-del-proceso-electoral\/\" href=\"https:\/\/portaleduca.cl\/segunda-vuelta-presidencial-claves-del-proceso-electoral\/\" target=\"_blank\" rel=\"noopener noreferrer\" data-auth=\"NotApplicable\" data-linkindex=\"12\">Segunda vuelta presidencial: Claves del proceso electoral. Se refiere Mario Herrera Mu\u00f1oz, acad\u00e9mico del Centro de An\u00e1lisis Pol\u00edtico (CAP-UTalca)<\/a>\u00a0<\/div><div>\u00a0<\/div><div><b>CR\u00d3NICA DIGITAL<\/b>\u00a0<br \/><a id=\"OWAe32b44ce-3162-e85d-9790-987454c1ea3d\" title=\"https:\/\/cronicadigital.cl\/segunda-vuelta-presidencial-claves-del-proceso-electoral\/\" href=\"https:\/\/cronicadigital.cl\/segunda-vuelta-presidencial-claves-del-proceso-electoral\/\" target=\"_blank\" rel=\"noopener noreferrer\" data-auth=\"NotApplicable\" data-linkindex=\"13\">Segunda vuelta presidencial: Claves del proceso electoral. Se refiere Mario Herrera Mu\u00f1oz, acad\u00e9mico del Centro de An\u00e1lisis Pol\u00edtico (CAP-UTalca)<\/a>\u00a0<\/div><div>\u00a0<\/div><div><b>RADIO MAULE SUR<\/b>\u00a0<br \/><a id=\"OWA15f5b224-33ac-bd29-67ec-6dfe5c6f6ca4\" title=\"https:\/\/www.radiomaulesur.cl\/2025\/12\/segunda-vuelta-presidencial-claves-del.html\" href=\"https:\/\/www.radiomaulesur.cl\/2025\/12\/segunda-vuelta-presidencial-claves-del.html\" target=\"_blank\" rel=\"noopener noreferrer\" data-auth=\"NotApplicable\" data-linkindex=\"14\">Segunda vuelta presidencial: Claves del proceso electoral. Se refiere Mario Herrera Mu\u00f1oz, acad\u00e9mico del Centro de An\u00e1lisis Pol\u00edtico (CAP-UTalca)<\/a>\u00a0<\/div><div>\u00a0<\/div><div><b>S\u00c9PTIMA REGI\u00d3N NOTICIAS<\/b>\u00a0<br \/><a id=\"OWA393ef788-6b04-5aff-55c5-0adc50ed0913\" title=\"https:\/\/www.septimapaginanoticias.cl\/segunda-vuelta-presidencial-claves-del-proceso-electoral\" href=\"https:\/\/www.septimapaginanoticias.cl\/segunda-vuelta-presidencial-claves-del-proceso-electoral\" target=\"_blank\" rel=\"noopener noreferrer\" data-auth=\"NotApplicable\" data-linkindex=\"15\">Segunda vuelta presidencial: Claves del proceso electoral. Se refiere Mario Herrera Mu\u00f1oz, acad\u00e9mico del Centro de An\u00e1lisis Pol\u00edtico (CAP-UTalca)<\/a>\u00a0<\/div><div>\u00a0<\/div><div><b>MSN CHILE<\/b>\u00a0<br \/><a id=\"OWA50a258a8-c3c6-fcd5-e1c5-71a0b719a5ff\" title=\"https:\/\/www.msn.com\/es-cl\/noticias\/other\/el-resultado-m%C3%A1s-improbable-que-se-puede-dar-en-la-segunda-vuelta-de-las-elecciones-2025-en-chile\/ar-AA1S9sbo\" href=\"https:\/\/www.msn.com\/es-cl\/noticias\/other\/el-resultado-m%C3%A1s-improbable-que-se-puede-dar-en-la-segunda-vuelta-de-las-elecciones-2025-en-chile\/ar-AA1S9sbo\" target=\"_blank\" rel=\"noopener noreferrer\" data-auth=\"NotApplicable\" data-linkindex=\"16\">El resultado m\u00e1s improbable que se puede dar en la segunda vuelta de las elecciones 2025 en Chile. Se refiere Mario Herrera Mu\u00f1oz, acad\u00e9mico del Centro de An\u00e1lisis Pol\u00edtico (CAP-UTalca)<\/a>\u00a0<\/div><div>\u00a0<\/div><div><b>MEDIABANCO<\/b>\u00a0<br \/><a id=\"OWA0fe1b3ec-ef59-f92e-1d0d-78cfb482a51c\" title=\"https:\/\/www.mediabanco.com\/segunda-vuelta-presidencial-claves-del-proceso-electoral\/\" href=\"https:\/\/www.mediabanco.com\/segunda-vuelta-presidencial-claves-del-proceso-electoral\/\" target=\"_blank\" rel=\"noopener noreferrer\" data-auth=\"NotApplicable\" data-linkindex=\"17\">Segunda vuelta presidencial: Claves del proceso electoral. Se refiere Mario Herrera Mu\u00f1oz, acad\u00e9mico del Centro de An\u00e1lisis Pol\u00edtico (CAP-UTalca)<\/a>\u00a0<\/div><div>\u00a0<\/div><div><b>EL MARTUTINO<\/b>\u00a0<br \/><a id=\"OWA8f7f5d28-8e60-95f1-6db0-184d21f37f2b\" title=\"https:\/\/www.elmartutino.cl\/noticia\/politica\/elecciones-2025-experto-aclara-mitos-sobre-votos-nulos-rol-del-servel-y-el-impacto-\" href=\"https:\/\/www.elmartutino.cl\/noticia\/politica\/elecciones-2025-experto-aclara-mitos-sobre-votos-nulos-rol-del-servel-y-el-impacto-\" target=\"_blank\" rel=\"noopener noreferrer\" data-auth=\"NotApplicable\" data-linkindex=\"18\">Elecciones 2025: experto aclara mitos sobre votos nulos, rol del Servel y el impacto del voto obligatorio. Se refiere Mario Herrera Mu\u00f1oz, acad\u00e9mico del Centro de An\u00e1lisis Pol\u00edtico (CAP-UTalca)<\/a>\u00a0<\/div><div>\u00a0<\/div><div><b>EMOL<\/b>\u00a0<br \/><a id=\"OWA065569ef-e238-950b-fa25-72c86cf9ab4a\" title=\"https:\/\/www.emol.com\/noticias\/Nacional\/2025\/12\/11\/1185518\/regiones-y-zonas-eleccion-presidencial.html\" href=\"https:\/\/www.emol.com\/noticias\/Nacional\/2025\/12\/11\/1185518\/regiones-y-zonas-eleccion-presidencial.html\" target=\"_blank\" rel=\"noopener noreferrer\" data-auth=\"NotApplicable\" data-linkindex=\"19\">Las zonas claves de la elecci\u00f3n y la relevancia de los lugares donde Kast y Jara cierran su campa\u00f1a. Se refiere Mauricio Morales Quiroga, director del Centro de An\u00e1lisis Pol\u00edtico (CAP-UTalca)<\/a>\u00a0<\/div><div>\u00a0<\/div><div><b>RADIO NOST\u00c1LGICA<\/b>\u00a0<br \/><a id=\"OWAec2e682a-ebee-a187-bcf2-8c188010d1c2\" title=\"https:\/\/www.nostalgica.cl\/las-zonas-claves-de-la-eleccion-y-la-relevancia-de-los-lugares-donde-kast-y-jara-cierran-su-campana\/\" href=\"https:\/\/www.nostalgica.cl\/las-zonas-claves-de-la-eleccion-y-la-relevancia-de-los-lugares-donde-kast-y-jara-cierran-su-campana\/\" target=\"_blank\" rel=\"noopener noreferrer\" data-auth=\"NotApplicable\" data-linkindex=\"20\">Las zonas claves de la elecci\u00f3n y la relevancia de los lugares donde Kast y Jara cierran su campa\u00f1a. Se refiere Mauricio Morales Quiroga, director del Centro de An\u00e1lisis Pol\u00edtico (CAP-UTalca)<\/a>\u00a0<\/div><div>\u00a0<\/div><div><b>EL MAULE INFORMA<\/b>\u00a0<br \/><a id=\"OWA1f681155-05d6-021e-d752-8ef419c4989f\" title=\"https:\/\/elmauleinforma.cl\/segunda-vuelta-presidencial-claves-del-proceso-electoral\/\" href=\"https:\/\/elmauleinforma.cl\/segunda-vuelta-presidencial-claves-del-proceso-electoral\/\" target=\"_blank\" rel=\"noopener noreferrer\" data-auth=\"NotApplicable\" data-linkindex=\"21\">Segunda vuelta presidencial: Claves del proceso electoral. Se refiere Mario Herrera Mu\u00f1oz, acad\u00e9mico del Centro de An\u00e1lisis Pol\u00edtico (CAP-UTalca)<\/a>\u00a0<\/div><div>\u00a0<\/div><div><b>OSORNO EN LA RED<\/b>\u00a0<br \/><a id=\"OWA2289175c-3ba8-b781-2a69-7e42f6e7541d\" title=\"http:\/\/osornoenlared.cl\/2025\/12\/11\/segunda-vuelta-presidencial-claves-del-proceso-electoral\/\" href=\"http:\/\/osornoenlared.cl\/2025\/12\/11\/segunda-vuelta-presidencial-claves-del-proceso-electoral\/\" target=\"_blank\" rel=\"noopener noreferrer\" data-auth=\"NotApplicable\" data-linkindex=\"22\">Segunda vuelta presidencial: Claves del proceso electoral. Se refiere Mario Herrera Mu\u00f1oz, acad\u00e9mico del Centro de An\u00e1lisis Pol\u00edtico (CAP-UTalca)<\/a>\u00a0<\/div><div>\u00a0<\/div><div><b>PAUTA COMUNAL<\/b>\u00a0<br \/><a id=\"OWA4d34d7b5-36ac-be65-0a8a-0ad1e118f641\" title=\"https:\/\/pautacomunal.cl\/nacional\/una-vejez-digna-parte-4-los-adultos-mayores-como-pilar-fundamental-de-la-democracia-en-chile\/\" href=\"https:\/\/pautacomunal.cl\/nacional\/una-vejez-digna-parte-4-los-adultos-mayores-como-pilar-fundamental-de-la-democracia-en-chile\/\" target=\"_blank\" rel=\"noopener noreferrer\" data-auth=\"NotApplicable\" data-linkindex=\"23\">La importancia de los adultos mayores como base esencial de la democracia en Chile: Parte 4. Se refiere Iv\u00e1n Palomo, director del Centro de Longevidad VITALIS.<\/a>\u00a0<\/div><div>\u00a0<\/div><div><b>EL CONTENIDO<\/b>\u00a0<br \/><a id=\"OWAf03766d4-d3b9-8a73-45ef-1d1b01404a94\" title=\"https:\/\/elcontenido.news\/2025\/nacional\/la-importancia-de-los-adultos-mayores-como-base-esencial-de-la-democracia-en-chile-parte-4\/\" href=\"https:\/\/elcontenido.news\/2025\/nacional\/la-importancia-de-los-adultos-mayores-como-base-esencial-de-la-democracia-en-chile-parte-4\/\" target=\"_blank\" rel=\"noopener noreferrer\" data-auth=\"NotApplicable\" data-linkindex=\"24\">La importancia de los adultos mayores como base esencial de la democracia en Chile: Parte 4. Se refiere Iv\u00e1n Palomo, director del Centro de Longevidad VITALIS.<\/a><\/div><div>\u00a0<\/div><div><b>DIARIO EL CENTRO<\/b>\u00a0<br \/><a id=\"OWAc834f34a-7384-0720-dae3-37fc2dfcdc46\" title=\"https:\/\/www.diarioelcentro.cl\/2025\/12\/11\/una-vejez-digna-parte-3-ocio-cultura-y-recreacion\/\" href=\"https:\/\/www.diarioelcentro.cl\/2025\/12\/11\/una-vejez-digna-parte-3-ocio-cultura-y-recreacion\/\" target=\"_blank\" rel=\"noopener noreferrer\" data-auth=\"NotApplicable\" data-linkindex=\"25\">Una vejez digna Parte: Ocio, cultura y recreaci\u00f3n. Se refiere Iv\u00e1n Palomo, director del Centro de Longevidad VITALIS.<\/a>\u00a0<\/div><div>\u00a0<\/div><div><b>DIARIO EL CENTRO<\/b>\u00a0<br \/><a id=\"OWA3498eebe-4b27-c94d-583f-74b4171e32e5\" title=\"https:\/\/www.diarioelcentro.cl\/2025\/12\/11\/envejecer-con-derechos-otra-mirada-en-el-dia-internacional-de-los-derechos-humanos\/\" href=\"https:\/\/www.diarioelcentro.cl\/2025\/12\/11\/envejecer-con-derechos-otra-mirada-en-el-dia-internacional-de-los-derechos-humanos\/\" target=\"_blank\" rel=\"noopener noreferrer\" data-auth=\"NotApplicable\" data-linkindex=\"26\">Envejecer con Derechos: otra mirada en el D\u00eda Internacional de los Derechos Humanos. Se refiere Mar\u00eda Ester Mu\u00f1oz, coordinadora \u00c1rea Salud integral de VITALIS Centro de Longevidad<\/a>\u00a0<\/div><div>\u00a0<\/div><div><b>EL HERALDO<\/b>\u00a0<br \/><a id=\"OWA6471e0cd-f844-6967-1bf3-ce1c06d47a38\" title=\"https:\/\/www.litoralpress.cl\/paginaconsultas\/Servicios_NClipWeb\/Get_Imagen_Nota.aspx?LPKey=EYIVL2TGCTUYAN7GURQXMIK3HBJXQLAX7GO4TUPS7DH6423MJYBHC7IUQMUZE7X6VZJR32H7ZLE6G\" href=\"https:\/\/www.litoralpress.cl\/paginaconsultas\/Servicios_NClipWeb\/Get_Imagen_Nota.aspx?LPKey=EYIVL2TGCTUYAN7GURQXMIK3HBJXQLAX7GO4TUPS7DH6423MJYBHC7IUQMUZE7X6VZJR32H7ZLE6G\" target=\"_blank\" rel=\"noopener noreferrer\" data-auth=\"NotApplicable\" data-linkindex=\"27\">El impacto transformador de FOJI en la vida de j\u00f3venes m\u00fasicos del Maule. Se menciona la Universidad de Talca.<\/a>\u00a0<\/div><div>\u00a0<\/div><div><b>LA PRENSA DE CURIC\u00d3<\/b>\u00a0<br \/><a id=\"OWAdf027f0a-6cd3-a1fc-32c1-5a25ef70a438\" title=\"http:\/\/litoralpress.cl\/paginaconsultas\/Servicios_NClipWeb\/Get_Imagen_Nota.aspx?LPKey=SFJEN7PWXOKDG6ZCKHTJMAVYGV5OEVMRFNVHIU7QMUXAXXS3DOIMABYDTQHLGCOXVQ3VPKIFHNB4I\" href=\"http:\/\/litoralpress.cl\/paginaconsultas\/Servicios_NClipWeb\/Get_Imagen_Nota.aspx?LPKey=SFJEN7PWXOKDG6ZCKHTJMAVYGV5OEVMRFNVHIU7QMUXAXXS3DOIMABYDTQHLGCOXVQ3VPKIFHNB4I\" target=\"_blank\" rel=\"noopener noreferrer\" data-auth=\"NotApplicable\" data-linkindex=\"28\">Agrupaci\u00f3n teatral curicana invita a disfrutar de sus montajes. Se menciona la Universidad de Talca.<\/a>\u00a0<\/div><div>\u00a0<\/div><div><b>LA PRENSA DE CURIC\u00d3<\/b>\u00a0<br \/><a id=\"OWA1674db52-2128-ccf6-f6f1-4a0e2a721019\" title=\"https:\/\/www.litoralpress.cl\/paginaconsultas\/Servicios_NClipWeb\/Get_Imagen_Nota.aspx?LPKey=7UWUVM4TJJB5VBIJ2NO3JUDP7T2UZKDU3RKPWFINWYDG6XAJCXTFCWMVSQ2VURQUGPKIWIK3FYDCS\" href=\"https:\/\/www.litoralpress.cl\/paginaconsultas\/Servicios_NClipWeb\/Get_Imagen_Nota.aspx?LPKey=7UWUVM4TJJB5VBIJ2NO3JUDP7T2UZKDU3RKPWFINWYDG6XAJCXTFCWMVSQ2VURQUGPKIWIK3FYDCS\" target=\"_blank\" rel=\"noopener noreferrer\" data-auth=\"NotApplicable\" data-linkindex=\"29\">Escuela Espa\u00f1a premi\u00f3 a estudiantes destacados de sus talleres deportivos. Se menciona la Universidad de Talca.<\/a>\u00a0<\/div><div>\u00a0<\/div><div><b>AM NOTICIAS<\/b>\u00a0<br \/><a id=\"OWA698dda14-f6a5-bf21-c2ca-42cfec4c5ede\" title=\"https:\/\/amnoticias.cl\/maule-impulsa-liderazgo-juvenil-y-femenino-en-ciencia-y-energia\/\" href=\"https:\/\/amnoticias.cl\/maule-impulsa-liderazgo-juvenil-y-femenino-en-ciencia-y-energia\/\" target=\"_blank\" rel=\"noopener noreferrer\" data-auth=\"NotApplicable\" data-linkindex=\"30\">Maule impulsa liderazgo juvenil y femenino en ciencia y energ\u00eda. Se menciona la Universidad de Talca.<\/a>\u00a0<\/div><div>\u00a0<\/div><div><b>DIARIO LA MA\u00d1ANA<\/b>\u00a0<br \/><a id=\"OWAc6b46393-b53e-c04b-20b6-9d627a8544c3\" title=\"https:\/\/xn--diariolamaana-rkb.cl\/maule-impulsa-liderazgo-juvenil-y-femenino-en-ciencia-y-energia\/\" href=\"https:\/\/xn--diariolamaana-rkb.cl\/maule-impulsa-liderazgo-juvenil-y-femenino-en-ciencia-y-energia\/\" target=\"_blank\" rel=\"noopener noreferrer\" data-auth=\"NotApplicable\" data-linkindex=\"31\">Maule impulsa liderazgo juvenil y femenino en ciencia y energ\u00eda. Se menciona la Universidad de Talca.<\/a>\u00a0<\/div><div>\u00a0<\/div><div><b>DE MAR A CORDILLERA<\/b>\u00a0<br \/><a id=\"OWA0cb7b7cf-7676-dfe6-eb3e-c0e39d0b1e1b\" title=\"https:\/\/demaracordilleratv.cl\/2025\/12\/11\/destacadas-charlas-magistrales-daran-inicio-al-74-congreso-agronomico-de-chile-en-la-uoh\/\" href=\"https:\/\/demaracordilleratv.cl\/2025\/12\/11\/destacadas-charlas-magistrales-daran-inicio-al-74-congreso-agronomico-de-chile-en-la-uoh\/\" target=\"_blank\" rel=\"noopener noreferrer\" data-auth=\"NotApplicable\" data-linkindex=\"32\">Destacadas charlas magistrales dar\u00e1n inicio al 74\u00b0 Congreso Agron\u00f3mico de Chile en la UOH. Se menciona la Universidad de Talca.<\/a>\u00a0<\/div><div>\u00a0<\/div><div><b>UNIVERSIDAD DE CHILE<\/b>\u00a0<br \/><a id=\"OWA90658b25-797b-1035-f706-1182b106f88c\" title=\"https:\/\/uchile.cl\/noticias\/235690\/congreso-de-quimica-desafios-y-oportunidades-para-cientificos-2030-\" href=\"https:\/\/uchile.cl\/noticias\/235690\/congreso-de-quimica-desafios-y-oportunidades-para-cientificos-2030-\" target=\"_blank\" rel=\"noopener noreferrer\" data-auth=\"NotApplicable\" data-linkindex=\"33\">Congreso \u201cDesaf\u00edos y Oportunidades para Cient\u00edficos 2030\u201d se realiz\u00f3 en el marco de los 60 a\u00f1os de la Facultad de Ciencias. Se menciona la Universidad de Talca.<\/a>\u00a0<\/div><div>\u00a0<\/div><div><b>PAUTA COMUNAL<\/b>\u00a0<br \/><a id=\"OWA8683d4e4-fe7f-9a37-53c8-f1fc788db913\" title=\"https:\/\/pautacomunal.cl\/nacional\/importantes-charlas-magistrales-comenzaran-el-74-congreso-agronomico-de-chile-en-la-uoh\/\" href=\"https:\/\/pautacomunal.cl\/nacional\/importantes-charlas-magistrales-comenzaran-el-74-congreso-agronomico-de-chile-en-la-uoh\/\" target=\"_blank\" rel=\"noopener noreferrer\" data-auth=\"NotApplicable\" data-linkindex=\"34\">Importantes charlas magistrales comenzar\u00e1n el 74\u00b0 Congreso Agron\u00f3mico de Chile en la UOH. Se menciona la Universidad de Talca.<\/a>\u00a0<\/div><div>\u00a0<\/div><div><b>CULTURIZARTE<\/b>\u00a0<br \/><a id=\"OWAaef0da93-0f37-bd2b-499d-b90d74a23fa4\" title=\"https:\/\/culturizarte.cl\/autorretrato-ciego-exhibicion-multisensorial-e-inclusiva-muestra-multisensorial-de-personas-ciegas-gratis-en-m100\/\" href=\"https:\/\/culturizarte.cl\/autorretrato-ciego-exhibicion-multisensorial-e-inclusiva-muestra-multisensorial-de-personas-ciegas-gratis-en-m100\/\" target=\"_blank\" rel=\"noopener noreferrer\" data-auth=\"NotApplicable\" data-linkindex=\"35\">Autorretrato ciego, exhibici\u00f3n multisensorial e inclusiva: Muestra multisensorial de personas ciegas gratis en M100. Se menciona la Universidad de Talca.<\/a>\u00a0<\/div><div>\u00a0<\/div><div><b>AQU\u00cd TE DATEAMOS <\/b>\u00a0<br \/><a id=\"OWA638de643-5d63-bd99-f814-27be4cf0a2e8\" title=\"https:\/\/aquitedateamos.cl\/muestra-multisensorial-de-personas-ciegas-gratis-en-m100\/\" href=\"https:\/\/aquitedateamos.cl\/muestra-multisensorial-de-personas-ciegas-gratis-en-m100\/\" target=\"_blank\" rel=\"noopener noreferrer\" data-auth=\"NotApplicable\" data-linkindex=\"36\">Muestra multisensorial de personas ciegas Gratis en M100. Se menciona la Universidad de Talca<\/a>\u00a0<\/div>\t\t\t\t\t\t<\/div>\n\t\t\t\t<\/div>\n\t\t\t\t\t<\/div>\n\t\t<\/div>\n\t\t\t\t\t\t\t<\/div>\n\t\t<\/section>\n\t\t\t\t\t\t<\/div>\n\t\t\t\t\t<\/div>\n\t\t","protected":false},"excerpt":{"rendered":"<p>EMOL\u00a0Problemas hep\u00e1ticos y gastrointestinales o dermatitis: Los riesgos para la salud que tiene el agua del lago Vichuqu\u00e9n. Se refiere Mauricio Quiroz, acad\u00e9mico del Instituto de Ciencias Biol\u00f3gicas.\u00a0\u00a0DIARIOS EN RED\u00a0Lago Vichuqu\u00e9n alcanza nivel de alerta sanitaria m\u00e1ximo: los riesgos para la salud por contaminaci\u00f3n con cianobacterias. Se refiere Mauricio Quiroz, acad\u00e9mico del Instituto de Ciencias &hellip;<\/p>\n<p class=\"read-more\"> <a class=\"\" href=\"https:\/\/www.reportedeprensa.utalca.cl\/?p=13035\"> <span class=\"screen-reader-text\">12 de diciembre 2025<\/span> Read More &raquo;<\/a><\/p>\n","protected":false},"author":1,"featured_media":0,"comment_status":"closed","ping_status":"open","sticky":false,"template":"","format":"standard","meta":{"_monsterinsights_skip_tracking":false,"_monsterinsights_sitenote_active":false,"_monsterinsights_sitenote_note":"","_monsterinsights_sitenote_category":0},"categories":[66],"tags":[],"_links":{"self":[{"href":"https:\/\/www.reportedeprensa.utalca.cl\/index.php?rest_route=\/wp\/v2\/posts\/13035"}],"collection":[{"href":"https:\/\/www.reportedeprensa.utalca.cl\/index.php?rest_route=\/wp\/v2\/posts"}],"about":[{"href":"https:\/\/www.reportedeprensa.utalca.cl\/index.php?rest_route=\/wp\/v2\/types\/post"}],"author":[{"embeddable":true,"href":"https:\/\/www.reportedeprensa.utalca.cl\/index.php?rest_route=\/wp\/v2\/users\/1"}],"replies":[{"embeddable":true,"href":"https:\/\/www.reportedeprensa.utalca.cl\/index.php?rest_route=%2Fwp%2Fv2%2Fcomments&post=13035"}],"version-history":[{"count":4,"href":"https:\/\/www.reportedeprensa.utalca.cl\/index.php?rest_route=\/wp\/v2\/posts\/13035\/revisions"}],"predecessor-version":[{"id":13039,"href":"https:\/\/www.reportedeprensa.utalca.cl\/index.php?rest_route=\/wp\/v2\/posts\/13035\/revisions\/13039"}],"wp:attachment":[{"href":"https:\/\/www.reportedeprensa.utalca.cl\/index.php?rest_route=%2Fwp%2Fv2%2Fmedia&parent=13035"}],"wp:term":[{"taxonomy":"category","embeddable":true,"href":"https:\/\/www.reportedeprensa.utalca.cl\/index.php?rest_route=%2Fwp%2Fv2%2Fcategories&post=13035"},{"taxonomy":"post_tag","embeddable":true,"href":"https:\/\/www.reportedeprensa.utalca.cl\/index.php?rest_route=%2Fwp%2Fv2%2Ftags&post=13035"}],"curies":[{"name":"wp","href":"https:\/\/api.w.org\/{rel}","templated":true}]}}