{"id":13043,"date":"2025-12-15T17:21:58","date_gmt":"2025-12-15T20:21:58","guid":{"rendered":"https:\/\/www.reportedeprensa.utalca.cl\/?p=13043"},"modified":"2025-12-15T17:24:41","modified_gmt":"2025-12-15T20:24:41","slug":"15-de-diciembre-2025","status":"publish","type":"post","link":"https:\/\/www.reportedeprensa.utalca.cl\/?p=13043","title":{"rendered":"15 de diciembre 2025"},"content":{"rendered":"\t\t<div data-elementor-type=\"wp-post\" data-elementor-id=\"13043\" class=\"elementor elementor-13043\" data-elementor-settings=\"[]\">\n\t\t\t\t\t\t\t<div class=\"elementor-section-wrap\">\n\t\t\t\t\t\t\t<section class=\"elementor-section elementor-top-section elementor-element elementor-element-bcea1a8 elementor-section-boxed elementor-section-height-default elementor-section-height-default\" data-id=\"bcea1a8\" data-element_type=\"section\">\n\t\t\t\t\t\t<div class=\"elementor-container elementor-column-gap-default\">\n\t\t\t\t\t<div class=\"elementor-column elementor-col-100 elementor-top-column elementor-element elementor-element-e7183bf\" data-id=\"e7183bf\" data-element_type=\"column\">\n\t\t\t<div class=\"elementor-widget-wrap elementor-element-populated\">\n\t\t\t\t\t\t\t\t<div class=\"elementor-element elementor-element-8f5242e elementor-widget elementor-widget-text-editor\" data-id=\"8f5242e\" data-element_type=\"widget\" data-widget_type=\"text-editor.default\">\n\t\t\t\t<div class=\"elementor-widget-container\">\n\t\t\t\t\t\t\t\t<div><b data-olk-copy-source=\"MessageBody\">EL LECTOR<\/b><\/div><div><a id=\"OWA2293e76e-400f-c3e7-68ef-958621224572\" title=\"https:\/\/www.litoralpress.cl\/paginaconsultas\/Servicios_NClipWeb\/Get_Imagen_Nota.aspx?LPKey=C3GXD6MSQ554GIT2L25WPLFIUTERCLWG5KSTNYEL4SMOG27MKUI2ETV2R5SXMVSRZ22XJGRDYFTR4\" href=\"https:\/\/www.litoralpress.cl\/paginaconsultas\/Servicios_NClipWeb\/Get_Imagen_Nota.aspx?LPKey=C3GXD6MSQ554GIT2L25WPLFIUTERCLWG5KSTNYEL4SMOG27MKUI2ETV2R5SXMVSRZ22XJGRDYFTR4\" target=\"_blank\" rel=\"noopener noreferrer\" data-auth=\"NotApplicable\" data-linkindex=\"0\">Seremi de Energ\u00eda otorga &#8220;Sello Las Mujeres Suman&#8221; a equipo del Espacio DTC+ de la Facultad de Ingenier\u00eda de la Universidad de Talca. Se refiere Karin Saavedra Redlich, directora General de Vinculaci\u00f3n con el Medio.<\/a><\/div><div>\u00a0<\/div><div><b>EL LECTOR<\/b><br \/><a id=\"OWAf2c35274-e494-8403-24ff-b9dd3710adde\" title=\"https:\/\/www.litoralpress.cl\/paginaconsultas\/Servicios_NClipWeb\/Get_Imagen_Nota.aspx?LPKey=GYJ4EO2RZA2DULSZ73AWH5Q7L5FVYH5XW4L4JCROKWYBH6GBCQDGRYMOL5FRT56BOVD3VDNHX7QVI\" href=\"https:\/\/www.litoralpress.cl\/paginaconsultas\/Servicios_NClipWeb\/Get_Imagen_Nota.aspx?LPKey=GYJ4EO2RZA2DULSZ73AWH5Q7L5FVYH5XW4L4JCROKWYBH6GBCQDGRYMOL5FRT56BOVD3VDNHX7QVI\" target=\"_blank\" rel=\"noopener noreferrer\" data-auth=\"NotApplicable\" data-linkindex=\"1\">Maule impulsa la educaci\u00f3n energ\u00e9tica y el liderazgo femenino en ciencia y tecnolog\u00eda. Se refiere Karin Saavedra Redlich, directora General de Vinculaci\u00f3n con el Medio y Susana Lara, coordinadora del Espacio DTC+.<\/a><\/div><div>\u00a0<\/div><div><b>TRNOTICIAS<\/b><br \/><a id=\"OWAf2d490a7-3d89-68b5-4446-140fefde6553\" title=\"https:\/\/trnoticias.cl\/2025\/12\/11\/seremi-de-energia-otorga-sello-las-mujeres-suman-a-equipo-del-espacio-dtc-de-la-facultad-de-ingenieria-de-la-universidad-de-talca\/\" href=\"https:\/\/trnoticias.cl\/2025\/12\/11\/seremi-de-energia-otorga-sello-las-mujeres-suman-a-equipo-del-espacio-dtc-de-la-facultad-de-ingenieria-de-la-universidad-de-talca\/\" target=\"_blank\" rel=\"noopener noreferrer\" data-auth=\"NotApplicable\" data-linkindex=\"2\">Seremi de Energ\u00eda otorga \u201cSello Las Mujeres Suman\u201d a equipo del Espacio DTC+ de la Facultad de Ingenier\u00eda de la Universidad de Talca. Se refiere Karin Saavedra Redlich, directora General de Vinculaci\u00f3n con el Medio y Susana Lara, coordinadora del Espacio DTC+.<\/a><\/div><div>\u00a0<\/div><div><b>MEDIABANCO<\/b><br \/><a id=\"OWA3458a994-d55e-969e-2ed4-55e1887ceff4\" title=\"https:\/\/www.mediabanco.com\/programa-jovenes-profesionales-celebra-20-anos-de-aporte-al-desarrollo-del-maule\/\" href=\"https:\/\/www.mediabanco.com\/programa-jovenes-profesionales-celebra-20-anos-de-aporte-al-desarrollo-del-maule\/\" target=\"_blank\" rel=\"noopener noreferrer\" data-auth=\"NotApplicable\" data-linkindex=\"3\">Programa j\u00f3venes profesionales celebra 20 a\u00f1os de aporte al desarrollo del Maule. Se refiere Karin Saavedra Redlich, directora General de Vinculaci\u00f3n con el Medio.<\/a><\/div><div>\u00a0<\/div><div><b>CHILL\u00c1N ONLINE<\/b><br \/><a id=\"OWA8d7a7459-59fa-b6d0-b3a1-6bb51b0e20f7\" title=\"https:\/\/www.chillanonline.cl\/V7\/2025\/12\/13\/programa-jovenes-profesionales-celebra-20-anos-de-aporte-al-desarrollo-del-maule\/\" href=\"https:\/\/www.chillanonline.cl\/V7\/2025\/12\/13\/programa-jovenes-profesionales-celebra-20-anos-de-aporte-al-desarrollo-del-maule\/\" target=\"_blank\" rel=\"noopener noreferrer\" data-auth=\"NotApplicable\" data-linkindex=\"4\">Programa J\u00f3venes Profesionales celebra 20 a\u00f1os de aporte al desarrollo del Maule. Se refiere Karin Saavedra Redlich, directora General de Vinculaci\u00f3n con el Medio.<\/a><\/div><div>\u00a0<\/div><div><b>RADIO MAULE SUR<\/b><br \/><a id=\"OWAa49c8e60-5d82-a6ff-f5ba-5c9a12b06541\" title=\"https:\/\/www.radiomaulesur.cl\/2025\/12\/programa-jovenes-profesionales-celebra.html\" href=\"https:\/\/www.radiomaulesur.cl\/2025\/12\/programa-jovenes-profesionales-celebra.html\" target=\"_blank\" rel=\"noopener noreferrer\" data-auth=\"NotApplicable\" data-linkindex=\"5\">Programa j\u00f3venes profesionales celebra 20 a\u00f1os de aporte al desarrollo del Maule. Se refiere Karin Saavedra Redlich, directora General de Vinculaci\u00f3n con el Medio.<\/a><\/div><div>\u00a0<\/div><div><b>EL HERALDO<br \/><\/b><a id=\"OWA54cc2f35-4a2c-97cf-8459-9e5cbc023a43\" title=\"https:\/\/www.diarioelheraldo.cl\/noticia\/programa-jovenes-profesionales-celebra-20-anos-de-aporte-al-desarrollo-del-maule\" href=\"https:\/\/www.diarioelheraldo.cl\/noticia\/programa-jovenes-profesionales-celebra-20-anos-de-aporte-al-desarrollo-del-maule\" target=\"_blank\" rel=\"noopener noreferrer\" data-auth=\"NotApplicable\" data-linkindex=\"6\">Programa j\u00f3venes profesionales celebra 20 a\u00f1os de aporte al desarrollo del Maule. Se refiere Karin Saavedra Redlich, directora General de Vinculaci\u00f3n con el Medio.<\/a><\/div><div>\u00a0<\/div><div><b>DIARIO FINANCIERO<\/b><br \/><a id=\"OWA101668d0-2086-70f6-7036-18d52a23eec4\" title=\"https:\/\/www.litoralpress.cl\/paginaconsultas\/Servicios_NClipWeb\/Get_Imagen_Nota.aspx?LPKey=KZN25QADQFVJEFQJXQKLICRNCRIHZRNICS4MRVRCCFIRETB4FNW4MNFPTDN6FDEJLFUF4B7LESSES\" href=\"https:\/\/www.litoralpress.cl\/paginaconsultas\/Servicios_NClipWeb\/Get_Imagen_Nota.aspx?LPKey=KZN25QADQFVJEFQJXQKLICRNCRIHZRNICS4MRVRCCFIRETB4FNW4MNFPTDN6FDEJLFUF4B7LESSES\" target=\"_blank\" rel=\"noopener noreferrer\" data-auth=\"NotApplicable\" data-linkindex=\"7\">El primer mes de Jara o Kast en La Moneda: \u00bfhabr\u00e1 luna de miel para el futuro Gobierno. Se refiere Mauricio Morales Quiroga, director del Centro de An\u00e1lisis Pol\u00edtico (CAP-UTalca).<\/a><\/div><div>\u00a0<\/div><div><b>DIARIO EL C\u00d3NDOR<\/b><br \/><a id=\"OWAa7ab0700-4f35-b99f-f98c-6426b8fc4a3f\" title=\"https:\/\/www.litoralpress.cl\/paginaconsultas\/Servicios_NClipWeb\/Get_Imagen_Nota.aspx?LPKey=GKF6BYSLAM76KT3K2SX3D7T2MMCTZ5MGXKOOWNZAYOSKT4JQCX5T4YS436VXQDUD3ZUZ7BUXV6YBC\" href=\"https:\/\/www.litoralpress.cl\/paginaconsultas\/Servicios_NClipWeb\/Get_Imagen_Nota.aspx?LPKey=GKF6BYSLAM76KT3K2SX3D7T2MMCTZ5MGXKOOWNZAYOSKT4JQCX5T4YS436VXQDUD3ZUZ7BUXV6YBC\" target=\"_blank\" rel=\"noopener noreferrer\" data-auth=\"NotApplicable\" data-linkindex=\"8\">Segunda vuelta presidencial: Claves del proceso electoral. Se refiere Mario Herrera Mu\u00f1oz, acad\u00e9mico del Centro de An\u00e1lisis Pol\u00edtico (CAP-UTalca)<\/a><\/div><div>\u00a0<\/div><div><b>EL HERALDO<\/b><br \/><a id=\"OWA7832b93b-5d20-0532-cbbc-35b6151fab07\" title=\"https:\/\/www.litoralpress.cl\/paginaconsultas\/Servicios_NClipWeb\/Get_Imagen_Nota.aspx?LPKey=PON53HSO3UGN7KC5GCB53BST6EYU4QUYBAXTSWTWL5ZLWVDNAFIC5GRGRYIG47NAM7WWCV2OUFTHM\" href=\"https:\/\/www.litoralpress.cl\/paginaconsultas\/Servicios_NClipWeb\/Get_Imagen_Nota.aspx?LPKey=PON53HSO3UGN7KC5GCB53BST6EYU4QUYBAXTSWTWL5ZLWVDNAFIC5GRGRYIG47NAM7WWCV2OUFTHM\" target=\"_blank\" rel=\"noopener noreferrer\" data-auth=\"NotApplicable\" data-linkindex=\"9\">Segunda vuelta presidencial: Claves del proceso electoral. Se refiere Mario Herrera Mu\u00f1oz, acad\u00e9mico del Centro de An\u00e1lisis Pol\u00edtico (CAP-UTalca)<\/a><\/div><div>\u00a0<\/div><div><b>RADIO BIOB\u00cdO<\/b><br \/><a id=\"OWA31f3675c-73c7-29fd-fc0c-ad59669f9d7a\" title=\"https:\/\/www.litoralpress.cl\/sitio\/RadioTV_Detalles.cshtml?LPKey=FE5ZGEEDS3FR3ZKPESCG3CPYX7Z5GOMV4LJJZSIT4Y6G7ZRNTSINRHQKESMN5RCYCGRUYCDGZRD54\" href=\"https:\/\/www.litoralpress.cl\/sitio\/RadioTV_Detalles.cshtml?LPKey=FE5ZGEEDS3FR3ZKPESCG3CPYX7Z5GOMV4LJJZSIT4Y6G7ZRNTSINRHQKESMN5RCYCGRUYCDGZRD54\" target=\"_blank\" rel=\"noopener noreferrer\" data-auth=\"NotApplicable\" data-linkindex=\"10\">Dichos de Jara sobre Mar\u00eda Corina Machado tensionan al oficialismo. Se refiere Mario Herrera Mu\u00f1oz, acad\u00e9mico del Centro de An\u00e1lisis Pol\u00edtico (CAP-UTalca)<\/a><\/div><div>\u00a0<\/div><div><b>RADIO BIOB\u00cdO<\/b><br \/><a id=\"OWA16829c64-16f1-6eeb-7614-4027f82a93d8\" title=\"https:\/\/www.litoralpress.cl\/sitio\/RadioTV_Detalles.cshtml?LPKey=FG7RKS3MRXJZS3XQDXC5HZQ4ZEMCNIDPLVFBFPTJMMIVFETQR5KFAUG5YO4QB7KYGRDRYEC54K6DW\" href=\"https:\/\/www.litoralpress.cl\/sitio\/RadioTV_Detalles.cshtml?LPKey=FG7RKS3MRXJZS3XQDXC5HZQ4ZEMCNIDPLVFBFPTJMMIVFETQR5KFAUG5YO4QB7KYGRDRYEC54K6DW\" target=\"_blank\" rel=\"noopener noreferrer\" data-auth=\"NotApplicable\" data-linkindex=\"11\">Cierre de campa\u00f1a de Jeannette Jara. Se refiere Mario Herrera Mu\u00f1oz, acad\u00e9mico del Centro de An\u00e1lisis Pol\u00edtico (CAP-UTalca)<\/a><\/div><div>\u00a0<\/div><div><b>\u00a0RADIO UNIVERSIDAD DE CHILE<\/b><br \/><a id=\"OWA5fa80645-c998-f557-0a2e-081ac3bdc67c\" title=\"https:\/\/www.litoralpress.cl\/sitio\/RadioTV_Detalles.cshtml?LPKey=RJ42BQEV7UIAV3RGIBHO4TQG6EQT2PIEYQEEDLOMXEFOQT5VTOQFMEDWDZ6NEHOH2KPV3FIUVCNUC\" href=\"https:\/\/www.litoralpress.cl\/sitio\/RadioTV_Detalles.cshtml?LPKey=RJ42BQEV7UIAV3RGIBHO4TQG6EQT2PIEYQEEDLOMXEFOQT5VTOQFMEDWDZ6NEHOH2KPV3FIUVCNUC\" target=\"_blank\" rel=\"noopener noreferrer\" data-auth=\"NotApplicable\" data-linkindex=\"12\">Panel Pol\u00edtica en Vivo. Se refiere Mario Herrera Mu\u00f1oz, acad\u00e9mico del Centro de An\u00e1lisis Pol\u00edtico (CAP-UTalca)<\/a><\/div><div>\u00a0<\/div><div><b>MEGANOTICIAS<br \/><\/b><a id=\"OWA0b813228-15dc-763a-d61d-83d9d4336de0\" title=\"https:\/\/www.litoralpress.cl\/sitio\/RadioTV_Detalles.cshtml?LPKey=BI2A3RTVF2CACLZFQPM3CRKDSS77ZJKDKOHE2KG3ITO6O5Z4LACJA3N334LLIMS5TDHG4U263UINQ\" href=\"https:\/\/www.litoralpress.cl\/sitio\/RadioTV_Detalles.cshtml?LPKey=BI2A3RTVF2CACLZFQPM3CRKDSS77ZJKDKOHE2KG3ITO6O5Z4LACJA3N334LLIMS5TDHG4U263UINQ\" target=\"_blank\" rel=\"noopener noreferrer\" data-auth=\"NotApplicable\" data-linkindex=\"13\">An\u00e1lisis de los resultados oficiales de la segunda vuelta presidencial. Se refiere Mauricio Morales Quiroga, director del Centro de An\u00e1lisis Pol\u00edtico (CAP-UTalca).<\/a><\/div><div>\u00a0<\/div><div><b>MEGANOTICIAS<\/b><br \/><a id=\"OWAf3725d5c-c82d-52b7-0cb3-55c054ce0497\" title=\"https:\/\/www.litoralpress.cl\/sitio\/RadioTV_Detalles.cshtml?LPKey=YBZ3JEXN6BRHP3VCF622LCKO3VVYIQSFG5YQYN4S57CUR2GRGYFK4D66UYLXCLVD2CEVGDDXGEROM\" href=\"https:\/\/www.litoralpress.cl\/sitio\/RadioTV_Detalles.cshtml?LPKey=YBZ3JEXN6BRHP3VCF622LCKO3VVYIQSFG5YQYN4S57CUR2GRGYFK4D66UYLXCLVD2CEVGDDXGEROM\" target=\"_blank\" rel=\"noopener noreferrer\" data-auth=\"NotApplicable\" data-linkindex=\"14\">Finaliza la campa\u00f1a y quedan dos d\u00edas para la segunda vuelta presidencial. Se refiere Mauricio Morales Quiroga, director del Centro de An\u00e1lisis Pol\u00edtico (CAP-UTalca).<\/a><\/div><div>\u00a0<\/div><div><b>CANAL MEGA<\/b><br \/><a id=\"OWA52594aa2-5557-736f-7a58-34ade38538d6\" title=\"https:\/\/www.litoralpress.cl\/sitio\/RadioTV_Detalles.cshtml?LPKey=VZRK36553DSOHWQITDLFAPZDJVTELW5N6Q2ZWBTOXEZ3BEI63NV44XSZYSO7QUHPGZVYV6WV4ONBE\" href=\"https:\/\/www.litoralpress.cl\/sitio\/RadioTV_Detalles.cshtml?LPKey=VZRK36553DSOHWQITDLFAPZDJVTELW5N6Q2ZWBTOXEZ3BEI63NV44XSZYSO7QUHPGZVYV6WV4ONBE\" target=\"_blank\" rel=\"noopener noreferrer\" data-auth=\"NotApplicable\" data-linkindex=\"15\">Kast insisti\u00f3 en al cuenta regresiva a migrantes. Se refiere Mauricio Morales Quiroga, director del Centro de An\u00e1lisis Pol\u00edtico (CAP-UTalca).<\/a><\/div><div>\u00a0<\/div><div><b>DIARIO EL HERALDO<\/b><br \/><a id=\"OWA37f86af4-e605-cf14-75c4-7f2ed721afec\" title=\"https:\/\/www.meganoticias.cl\/nacional\/508537-segunda-vuelta-voto-nulo-blanco-ganar-elecciones-presidenciales-kast-jara-dcv-12-12-2025.html\" href=\"https:\/\/www.meganoticias.cl\/nacional\/508537-segunda-vuelta-voto-nulo-blanco-ganar-elecciones-presidenciales-kast-jara-dcv-12-12-2025.html\" target=\"_blank\" rel=\"noopener noreferrer\" data-auth=\"NotApplicable\" data-linkindex=\"16\">Segunda vuelta presidencial: Claves del proceso electoral. Se refiere Mauricio Morales Quiroga, director del Centro de An\u00e1lisis Pol\u00edtico (CAP-UTalca).<\/a><\/div><div>\u00a0<\/div><div><b>MEGANOTICIAS<\/b><br \/><a id=\"OWAf6073319-45fc-e497-3960-f4e1e4e34598\" title=\"https:\/\/www.meganoticias.cl\/nacional\/508537-segunda-vuelta-voto-nulo-blanco-ganar-elecciones-presidenciales-kast-jara-dcv-12-12-2025.html\" href=\"https:\/\/www.meganoticias.cl\/nacional\/508537-segunda-vuelta-voto-nulo-blanco-ganar-elecciones-presidenciales-kast-jara-dcv-12-12-2025.html\" target=\"_blank\" rel=\"noopener noreferrer\" data-auth=\"NotApplicable\" data-linkindex=\"17\">Segunda vuelta: \u00bfQu\u00e9 pasa si hay muchos votos nulos o blancos en una elecci\u00f3n? Se refiere Mauricio Morales Quiroga, director del Centro de An\u00e1lisis Pol\u00edtico (CAP-UTalca).<\/a><\/div><div>\u00a0<\/div><div><b>DIARIO FINANCIERO ONLINE<\/b><br \/><a id=\"OWA2482d67f-f291-d20c-6d92-55d271e0db49\" title=\"https:\/\/www.df.cl\/economia-y-politica\/macro\/el-primer-mes-de-jara-o-kast-en-la-moneda-habra-luna-de-miel-para-el\" href=\"https:\/\/www.df.cl\/economia-y-politica\/macro\/el-primer-mes-de-jara-o-kast-en-la-moneda-habra-luna-de-miel-para-el\" target=\"_blank\" rel=\"noopener noreferrer\" data-auth=\"NotApplicable\" data-linkindex=\"18\">El primer mes de Jara o Kast en La Moneda: \u00bfhabr\u00e1 luna de miel para el futuro Gobierno? Se refiere Mauricio Morales Quiroga, director del Centro de An\u00e1lisis Pol\u00edtico (CAP-UTalca).<\/a><\/div><div>\u00a0<\/div><div><b>PAUTA COMUNAL<\/b><br \/><a id=\"OWAaa1bf684-9c76-7ede-fe16-ebb7e70c7318\" title=\"https:\/\/pautacomunal.cl\/nacional\/segunda-vuelta-presidencial-aspectos-esenciales-del-proceso-electoral\/\" href=\"https:\/\/pautacomunal.cl\/nacional\/segunda-vuelta-presidencial-aspectos-esenciales-del-proceso-electoral\/\" target=\"_blank\" rel=\"noopener noreferrer\" data-auth=\"NotApplicable\" data-linkindex=\"19\">Segunda vuelta presidencial: Aspectos esenciales del proceso electoral. Se refiere Mario Herrera Mu\u00f1oz, acad\u00e9mico del Centro de An\u00e1lisis Pol\u00edtico (CAP-UTalca)<\/a><\/div><div>\u00a0<\/div><div><b>CAUQUENES.NET<\/b><br \/><a id=\"OWAe5a00aa4-9f80-0c1b-0c61-32c69704da5e\" title=\"https:\/\/cauquenesnet.cl\/2025\/12\/12\/segunda-vuelta-presidencial-claves-del-proceso-electoral\/\" href=\"https:\/\/cauquenesnet.cl\/2025\/12\/12\/segunda-vuelta-presidencial-claves-del-proceso-electoral\/\" target=\"_blank\" rel=\"noopener noreferrer\" data-auth=\"NotApplicable\" data-linkindex=\"20\">Segunda vuelta presidencial: Claves del proceso electoral. Se refiere Mario Herrera Mu\u00f1oz, acad\u00e9mico del Centro de An\u00e1lisis Pol\u00edtico (CAP-UTalca)<\/a><\/div><div>\u00a0<\/div><div><b>RADIO MAULE SUR<\/b><br \/><a id=\"OWAb241c594-ca50-efc9-824e-2678292e21d3\" title=\"https:\/\/www.radiomaulesur.cl\/2025\/12\/elecciones-presidenciales-resultados.html\" href=\"https:\/\/www.radiomaulesur.cl\/2025\/12\/elecciones-presidenciales-resultados.html\" target=\"_blank\" rel=\"noopener noreferrer\" data-auth=\"NotApplicable\" data-linkindex=\"21\">Elecciones presidenciales: Resultados estar\u00edan antes de las 21 horas. Se refiere Rodrigo Palomo V\u00e9lez, vicerrector acad\u00e9mico y Mario Herrera Mu\u00f1oz, acad\u00e9mico del Centro de An\u00e1lisis Pol\u00edtico (CAP-UTalca)<\/a><\/div><div>\u00a0<\/div><div><b>MEDIABANCO<\/b><br \/><a id=\"OWA9438e7bd-a9bb-9440-c3c8-21aace63075c\" title=\"https:\/\/www.mediabanco.com\/elecciones-presidenciales-resultados-estarian-antes-de-las-21-horas\/\" href=\"https:\/\/www.mediabanco.com\/elecciones-presidenciales-resultados-estarian-antes-de-las-21-horas\/\" target=\"_blank\" rel=\"noopener noreferrer\" data-auth=\"NotApplicable\" data-linkindex=\"22\">Elecciones presidenciales: Resultados estar\u00edan antes de las 21 horas. Se refiere Rodrigo Palomo V\u00e9lez, vicerrector acad\u00e9mico y Mario Herrera Mu\u00f1oz, acad\u00e9mico del Centro de An\u00e1lisis Pol\u00edtico (CAP-UTalca)<\/a><\/div><div>\u00a0<\/div><div><b>LA TRIBUNA<\/b><br \/><a id=\"OWAbf632831-8a14-1dee-9dca-cd5395107cc1\" title=\"https:\/\/www.latribuna.cl\/politica\/2025\/12\/12\/elecciones-presidenciales-2025-que-pasa-si-los-votos-nulos-y-blancos-se-disparan-en-el-balotaje.html\" href=\"https:\/\/www.latribuna.cl\/politica\/2025\/12\/12\/elecciones-presidenciales-2025-que-pasa-si-los-votos-nulos-y-blancos-se-disparan-en-el-balotaje.html\" target=\"_blank\" rel=\"noopener noreferrer\" data-auth=\"NotApplicable\" data-linkindex=\"23\">Elecciones presidenciales 2025: \u00bfQu\u00e9 pasa si los votos nulos y blancos se disparan en el balotaje? Se refiere Mauricio Morales Quiroga, director del Centro de An\u00e1lisis Pol\u00edtico (CAP-UTalca).<\/a><\/div><div>\u00a0<\/div><div><b>MEGANOTICIAS<\/b><br \/><a id=\"OWAf54bcf7b-31a4-6d48-cffe-c6a5f1e65f9e\" title=\"https:\/\/www.meganoticias.cl\/nacional\/508587-mauricio-morales-explica-votos-nulos-blancos-se-suman-segunda-vuelta-jeannette-jara-jose-antonio-kast-12-12-2025.html\" href=\"https:\/\/www.meganoticias.cl\/nacional\/508587-mauricio-morales-explica-votos-nulos-blancos-se-suman-segunda-vuelta-jeannette-jara-jose-antonio-kast-12-12-2025.html\" target=\"_blank\" rel=\"noopener noreferrer\" data-auth=\"NotApplicable\" data-linkindex=\"24\">\u00bfSe suman o no a la mayor\u00eda?: Mauricio Morales explica qu\u00e9 pasa con los votos nulos y blancos en la segunda vuelta presidencial. Se refiere Mauricio Morales Quiroga, director del Centro de An\u00e1lisis Pol\u00edtico (CAP-UTalca).<\/a><\/div><div>\u00a0<\/div><div><b>\u00a0CHICUREO HOY<\/b><br \/><a id=\"OWA5390f554-8f57-871e-9f59-15671d346bb9\" title=\"https:\/\/www.chicureohoy.cl\/actualidad\/que-pasa-con-los-votos-nulos-o-blancos-en-la-segunda-vuelta-presidencial\/\" href=\"https:\/\/www.chicureohoy.cl\/actualidad\/que-pasa-con-los-votos-nulos-o-blancos-en-la-segunda-vuelta-presidencial\/\" target=\"_blank\" rel=\"noopener noreferrer\" data-auth=\"NotApplicable\" data-linkindex=\"25\">\u00bfQu\u00e9 pasa con los votos nulos o blancos en la segunda vuelta presidencial? Se refiere Mauricio Morales Quiroga, director del Centro de An\u00e1lisis Pol\u00edtico (CAP-UTalca).<\/a><\/div><div>\u00a0<\/div><div><b>S\u00c9PTIMA REGI\u00d3N NOTICIAS<\/b><br \/><a id=\"OWA165a355a-d713-c31d-3eff-8283fafb97fe\" title=\"https:\/\/www.septimapaginanoticias.cl\/elecciones-presidenciales-resultados-estarian-antes-de-las-21-horas\" href=\"https:\/\/www.septimapaginanoticias.cl\/elecciones-presidenciales-resultados-estarian-antes-de-las-21-horas\" target=\"_blank\" rel=\"noopener noreferrer\" data-auth=\"NotApplicable\" data-linkindex=\"26\">Elecciones presidenciales: Resultados estar\u00edan antes de las 21 horas. Se refiere Rodrigo Palomo V\u00e9lez, vicerrector acad\u00e9mico y Mario Herrera Mu\u00f1oz, acad\u00e9mico del Centro de An\u00e1lisis Pol\u00edtico (CAP-UTalca)<\/a><\/div><div>\u00a0<\/div><div><b>DUPLOS<\/b><br \/><a id=\"OWA26d7803a-7347-a388-e6f8-bd9d86fc7802\" title=\"https:\/\/duplos.cl\/actualidad\/mauricio-morales-jeannette-jara-jose-antonio-kast-chile-76\/236767\/2025\/12\/12\/\" href=\"https:\/\/duplos.cl\/actualidad\/mauricio-morales-jeannette-jara-jose-antonio-kast-chile-76\/236767\/2025\/12\/12\/\" target=\"_blank\" rel=\"noopener noreferrer\" data-auth=\"NotApplicable\" data-linkindex=\"27\">Mauricio Morales anticipa un aumento de votos nulos y blancos en la segunda vuelta presidencial de Chile este 14 de diciembre. Se refiere Mauricio Morales Quiroga, director del Centro de An\u00e1lisis Pol\u00edtico (CAP-UTalca).<\/a><\/div><div>\u00a0<\/div><div><b>EL HERALDO<\/b><br \/><a id=\"OWAdb9fbaac-dba9-b8a8-a021-2763e888d2da\" title=\"https:\/\/www.litoralpress.cl\/paginaconsultas\/Servicios_NClipWeb\/Get_Imagen_Nota.aspx?LPKey=GM5QWYQMHJBU7Y4EPMA7P23IQNSRMIGYMV6ADVDRH67K3XYJN4I7O2664UR2L5F7N4OIKUWTRRV4Y\" href=\"https:\/\/www.litoralpress.cl\/paginaconsultas\/Servicios_NClipWeb\/Get_Imagen_Nota.aspx?LPKey=GM5QWYQMHJBU7Y4EPMA7P23IQNSRMIGYMV6ADVDRH67K3XYJN4I7O2664UR2L5F7N4OIKUWTRRV4Y\" target=\"_blank\" rel=\"noopener noreferrer\" data-auth=\"NotApplicable\" data-linkindex=\"28\">Elecciones presidenciales: Resultados estar\u00edan a las 20 horas. Se refiere Rodrigo Palomo V\u00e9lez, vicerrector acad\u00e9mico y Mario Herrera Mu\u00f1oz, acad\u00e9mico del Centro de An\u00e1lisis Pol\u00edtico (CAP-UTalca)<\/a><\/div><div>\u00a0<\/div><div><b>EL LECTOR<\/b><br \/><a id=\"OWA42a35d40-0a58-b51e-f70e-7e16ececeb34\" title=\"https:\/\/www.litoralpress.cl\/paginaconsultas\/Servicios_NClipWeb\/Get_Imagen_Nota.aspx?LPKey=GJSV5UGWJPWPMVRJUOHG6GVNDZJT4FPNVNCBCQZCQIHSY6PLUXPDQAQ2JPQ66QBQQZOXEMFOMU634\" href=\"https:\/\/www.litoralpress.cl\/paginaconsultas\/Servicios_NClipWeb\/Get_Imagen_Nota.aspx?LPKey=GJSV5UGWJPWPMVRJUOHG6GVNDZJT4FPNVNCBCQZCQIHSY6PLUXPDQAQ2JPQ66QBQQZOXEMFOMU634\" target=\"_blank\" rel=\"noopener noreferrer\" data-auth=\"NotApplicable\" data-linkindex=\"29\">Elecciones presidenciales: Resultados estar\u00edan antes de las 21 horas. Se refiere Rodrigo Palomo V\u00e9lez, vicerrector acad\u00e9mico y Mario Herrera Mu\u00f1oz, acad\u00e9mico del Centro de An\u00e1lisis Pol\u00edtico (CAP-UTalca)<\/a><\/div><div>\u00a0<\/div><div><b>MAULE HOY<\/b><br \/><a id=\"OWAb0d8516c-7da1-809c-e03f-911195493391\" title=\"https:\/\/www.litoralpress.cl\/paginaconsultas\/Servicios_NClipWeb\/Get_Imagen_Nota.aspx?LPKey=CJGD5JJKCWY73FH2CNSF5PFEHKDYLW4SF53Q4KDM7CU6ZH3MP3CMU4SQJEFVGLXJZ4CVX4FGMQ5FO\" href=\"https:\/\/www.litoralpress.cl\/paginaconsultas\/Servicios_NClipWeb\/Get_Imagen_Nota.aspx?LPKey=CJGD5JJKCWY73FH2CNSF5PFEHKDYLW4SF53Q4KDM7CU6ZH3MP3CMU4SQJEFVGLXJZ4CVX4FGMQ5FO\" target=\"_blank\" rel=\"noopener noreferrer\" data-auth=\"NotApplicable\" data-linkindex=\"30\">Elecciones presidenciales: Resultados estar\u00edan antes de las 21 horas. Se refiere Rodrigo Palomo V\u00e9lez, vicerrector acad\u00e9mico y Mario Herrera Mu\u00f1oz, acad\u00e9mico del Centro de An\u00e1lisis Pol\u00edtico (CAP-UTalca)<\/a><\/div><div>\u00a0<\/div><div><b>MEGANOTICIAS ALERTA<\/b><br \/><a id=\"OWA838f8f49-151b-b3b4-15e6-d0e5bb1524fc\" title=\"https:\/\/www.litoralpress.cl\/sitio\/RadioTV_Detalles.cshtml?LPKey=KKLDBQRMZAPJG2BRL6MIMN4XHFASODUYL745RLNL3NIEC552D3QYFQJDK2K4ISQIRAWSJ7B4Y67WW\" href=\"https:\/\/www.litoralpress.cl\/sitio\/RadioTV_Detalles.cshtml?LPKey=KKLDBQRMZAPJG2BRL6MIMN4XHFASODUYL745RLNL3NIEC552D3QYFQJDK2K4ISQIRAWSJ7B4Y67WW\" target=\"_blank\" rel=\"noopener noreferrer\" data-auth=\"NotApplicable\" data-linkindex=\"31\">Resultados r\u00e1pidos y elecci\u00f3n menos polarizada marcan la segunda vuelta presidencial en Chile. Se refiere Mauricio Morales Quiroga, director del Centro de An\u00e1lisis Pol\u00edtico (CAP-UTalca).<\/a><\/div><div>\u00a0<\/div><div><b>DIARIO EL HERALDO<\/b><br \/><a id=\"OWA079b78c1-b1bc-0fb7-4023-b3d0e098876a\" title=\"https:\/\/www.diarioelheraldo.cl\/noticia\/elecciones-presidenciales-resultados-estarian-a-las-20-horas-\" href=\"https:\/\/www.diarioelheraldo.cl\/noticia\/elecciones-presidenciales-resultados-estarian-a-las-20-horas-\" target=\"_blank\" rel=\"noopener noreferrer\" data-auth=\"NotApplicable\" data-linkindex=\"32\">Elecciones presidenciales: Resultados estar\u00edan a las 20 horas. Se refiere Rodrigo Palomo V\u00e9lez, vicerrector acad\u00e9mico y Mario Herrera Mu\u00f1oz, acad\u00e9mico del Centro de An\u00e1lisis Pol\u00edtico (CAP-UTalca)<\/a><\/div><div>\u00a0<\/div><div><b>PAUTA COMUNAL<\/b><br \/><a id=\"OWA9cadc075-3fcd-2816-dd89-073902515562\" title=\"https:\/\/pautacomunal.cl\/nacional\/que-onda-con-los-votos-nulos-o-blancos-en-la-segunda-vuelta-presidencial\/\" href=\"https:\/\/pautacomunal.cl\/nacional\/que-onda-con-los-votos-nulos-o-blancos-en-la-segunda-vuelta-presidencial\/\" target=\"_blank\" rel=\"noopener noreferrer\" data-auth=\"NotApplicable\" data-linkindex=\"33\">\u00bfQu\u00e9 onda con los votos nulos o blancos en la segunda vuelta presidencial? Se refiere Mauricio Morales Quiroga, director del Centro de An\u00e1lisis Pol\u00edtico (CAP-UTalca).<\/a><\/div><div>\u00a0<\/div><div><b>EL RANCAGUINO<\/b><br \/><a id=\"OWAdbd47e25-3628-a494-25c9-280832426311\" title=\"https:\/\/www.elrancaguino.cl\/2025\/12\/13\/elecciones-presidenciales-resultados-estarian-antes-de-las-21-horas\/\" href=\"https:\/\/www.elrancaguino.cl\/2025\/12\/13\/elecciones-presidenciales-resultados-estarian-antes-de-las-21-horas\/\" target=\"_blank\" rel=\"noopener noreferrer\" data-auth=\"NotApplicable\" data-linkindex=\"34\">Elecciones presidenciales: Resultados estar\u00edan antes de las 21 horas. Se refiere Rodrigo Palomo V\u00e9lez, vicerrector acad\u00e9mico y Mario Herrera Mu\u00f1oz, acad\u00e9mico del Centro de An\u00e1lisis Pol\u00edtico (CAP-UTalca)<\/a><\/div><div>\u00a0<\/div><div><b>G5 NOTICIA<\/b><br \/><a id=\"OWA56024d2f-9375-62e6-789a-5658fdfa94f3\" title=\"https:\/\/g5noticias.cl\/2025\/12\/13\/elecciones-presidenciales-resultados-estarian-antes-de-las-21-horas\/\" href=\"https:\/\/g5noticias.cl\/2025\/12\/13\/elecciones-presidenciales-resultados-estarian-antes-de-las-21-horas\/\" target=\"_blank\" rel=\"noopener noreferrer\" data-auth=\"NotApplicable\" data-linkindex=\"35\">Elecciones presidenciales: Resultados estar\u00edan antes de las 21 horas. Se refiere Se refiere Rodrigo Palomo V\u00e9lez, vicerrector acad\u00e9mico y Mario Herrera Mu\u00f1oz, acad\u00e9mico del Centro de An\u00e1lisis Pol\u00edtico (CAP-UTalca)<\/a><\/div><div>\u00a0<\/div><div><b>RADIO BIOB\u00cdO<\/b><br \/><a id=\"OWAae5fb10e-b9d8-30a1-5d61-e6074a726f55\" title=\"https:\/\/www.litoralpress.cl\/sitio\/RadioTV_Detalles.cshtml?LPKey=MDMVMJT7XFH4ESP62NXB6VQGKKR6LEVVQ4EFEIX7QOYZR5RJZWJOWI3VFMJSCKKRZMYYSNLVZ2AHU\" href=\"https:\/\/www.litoralpress.cl\/sitio\/RadioTV_Detalles.cshtml?LPKey=MDMVMJT7XFH4ESP62NXB6VQGKKR6LEVVQ4EFEIX7QOYZR5RJZWJOWI3VFMJSCKKRZMYYSNLVZ2AHU\" target=\"_blank\" rel=\"noopener noreferrer\" data-auth=\"NotApplicable\" data-linkindex=\"36\">Jara vincula a Mar\u00eda Corina Machado con &#8220;intentona golpista&#8221; en medio de debate con Kast. Se refiere Mario Herrera Mu\u00f1oz, acad\u00e9mico del Centro de An\u00e1lisis Pol\u00edtico (CAP-UTalca)<\/a><\/div><div>\u00a0<\/div><div><b>MEGANOTICIAS<\/b><br \/><a id=\"OWAa524ad48-00da-0509-5af5-6c38fbe1643f\" title=\"https:\/\/www.meganoticias.cl\/nacional\/509063-mauricio-morales-analiza-escenarios-segunda-vuelta-lo-que-pase-manana-va-a-ser-historico-13-12-2025.html\" href=\"https:\/\/www.meganoticias.cl\/nacional\/509063-mauricio-morales-analiza-escenarios-segunda-vuelta-lo-que-pase-manana-va-a-ser-historico-13-12-2025.html\" target=\"_blank\" rel=\"noopener noreferrer\" data-auth=\"NotApplicable\" data-linkindex=\"37\">&#8220;Lo que pase ma\u00f1ana va a ser hist\u00f3rico&#8221;. Se refiere Mauricio Morales Quiroga, director del Centro de An\u00e1lisis Pol\u00edtico (CAP-UTalca).<\/a><\/div><div aria-hidden=\"true\">\u00a0<\/div><div aria-hidden=\"true\">\u00a0<\/div><div><b>MAULE HOY<\/b><br \/><a id=\"OWA0520b036-6b65-f977-fe18-d874d5f1e0f8\" title=\"https:\/\/www.litoralpress.cl\/paginaconsultas\/Servicios_NClipWeb\/Get_Imagen_Nota.aspx?LPKey=ZEON5A7S7VSJPAAQZO2F433WA4DPQVWCQVL73AQI3M7HMXIAB7KEULGR2FBDHUSXG7C7NKQQ2TSAS\" href=\"https:\/\/www.litoralpress.cl\/paginaconsultas\/Servicios_NClipWeb\/Get_Imagen_Nota.aspx?LPKey=ZEON5A7S7VSJPAAQZO2F433WA4DPQVWCQVL73AQI3M7HMXIAB7KEULGR2FBDHUSXG7C7NKQQ2TSAS\" target=\"_blank\" rel=\"noopener noreferrer\" data-auth=\"NotApplicable\" data-linkindex=\"38\">Universidades impulsan programa de doctorado pionero en Latinoam\u00e9rica. Se refiere Sergio Wehinger, director de Postgrado e Iv\u00e1n Palomo, director del Centro de Longevidad Vitalis.<\/a><\/div><div>\u00a0<\/div><div><b>RADIO LAUTARO<\/b><br \/><a id=\"OWA38137834-eb1f-96b8-5b53-474efd97aef8\" title=\"https:\/\/radiolautarotalca.cl\/envejecimiento-de-la-poblacion-universidades-impulsan-programa-de-doctorado-pionero-en-latinoamerica\/\" href=\"https:\/\/radiolautarotalca.cl\/envejecimiento-de-la-poblacion-universidades-impulsan-programa-de-doctorado-pionero-en-latinoamerica\/\" target=\"_blank\" rel=\"noopener noreferrer\" data-auth=\"NotApplicable\" data-linkindex=\"39\">Envejecimiento de la poblaci\u00f3n: Universidades impulsan programa de doctorado pionero en Latinoam\u00e9rica. Se refiere Sergio Wehinger, director de Postgrado e Iv\u00e1n Palomo, director del Centro de Longevidad Vitalis.<\/a><\/div><div>\u00a0<\/div><div><b>MAULE HOY<\/b><br \/><a id=\"OWAba19cb30-9372-a44c-d369-70c7e54d671b\" title=\"https:\/\/www.litoralpress.cl\/paginaconsultas\/Servicios_NClipWeb\/Get_Imagen_Nota.aspx?LPKey=C6KITWAPLRPBWKH4N6J5FCU63X2Y4GAJUYHHPWQ4E3AZHRLVRFVUWSCQGAGFR4KB3U2FE4GL7PXLE\" href=\"https:\/\/www.litoralpress.cl\/paginaconsultas\/Servicios_NClipWeb\/Get_Imagen_Nota.aspx?LPKey=C6KITWAPLRPBWKH4N6J5FCU63X2Y4GAJUYHHPWQ4E3AZHRLVRFVUWSCQGAGFR4KB3U2FE4GL7PXLE\" target=\"_blank\" rel=\"noopener noreferrer\" data-auth=\"NotApplicable\" data-linkindex=\"40\">Concierto sinf\u00f3nico de fin de a\u00f1o reuni\u00f3 a familias en Talca. Se refiere Paula Manr\u00edquez, vicerrectora de Formaci\u00f3n y V\u00edctor Hugo Toro, director de la Orquesta Sinf\u00f3nica.<\/a><\/div><div>\u00a0<\/div><div><b>RADIO BUEN ANUEVA<\/b><br \/><a id=\"OWAbb6ce424-e543-1447-b42d-a46bead09f1e\" title=\"https:\/\/www.litoralpress.cl\/sitio\/RadioTV_Detalles.cshtml?LPKey=QCP6KL5TXR2JWGUD7ESGS7TKALC7WNXDBPUEWZ7P56UY7AZ6IONBR2J4Q4JKMHMJP75I6QMVL2TCM\" href=\"https:\/\/www.litoralpress.cl\/sitio\/RadioTV_Detalles.cshtml?LPKey=QCP6KL5TXR2JWGUD7ESGS7TKALC7WNXDBPUEWZ7P56UY7AZ6IONBR2J4Q4JKMHMJP75I6QMVL2TCM\" target=\"_blank\" rel=\"noopener noreferrer\" data-auth=\"NotApplicable\" data-linkindex=\"41\">Entrevista a Gabriel Pairican, jefe de la carrera de Pedagog\u00eda en Educaci\u00f3n Media en Ingl\u00e9s de la Facultad de Ciencias de la Educaci\u00f3n.<\/a><\/div><div>\u00a0<\/div><div><b>RADIO NUESTRA<\/b><br \/><a id=\"OWA17c1fc10-29ce-7665-f0cc-05dd4e922561\" title=\"https:\/\/www.litoralpress.cl\/sitio\/RadioTV_Detalles.cshtml?LPKey=OO73OOKI67MSXZOXZAFFHKHWHPFHPALDCVRCMU4EKUADLCSONOY7RR7D7O2OXKE4J2QGCXVQEOH5Y\" href=\"https:\/\/www.litoralpress.cl\/sitio\/RadioTV_Detalles.cshtml?LPKey=OO73OOKI67MSXZOXZAFFHKHWHPFHPALDCVRCMU4EKUADLCSONOY7RR7D7O2OXKE4J2QGCXVQEOH5Y\" target=\"_blank\" rel=\"noopener noreferrer\" data-auth=\"NotApplicable\" data-linkindex=\"42\">Entrevista a Diego Lagos, director de la Escuela de Ingenier\u00eda Civil e Industrial de la Facultad de Ingenier\u00eda.<\/a><\/div><div>\u00a0<\/div><div><b>PAUTA COMUNAL<\/b><br \/><a id=\"OWA41b0128d-c9ce-5a3d-0305-bbb43e0e35ce\" title=\"https:\/\/pautacomunal.cl\/nacional\/envejecer-con-derechos-una-nueva-perspectiva-en-el-dia-internacional-de-los-derechos-humanos\/\" href=\"https:\/\/pautacomunal.cl\/nacional\/envejecer-con-derechos-una-nueva-perspectiva-en-el-dia-internacional-de-los-derechos-humanos\/\" target=\"_blank\" rel=\"noopener noreferrer\" data-auth=\"NotApplicable\" data-linkindex=\"43\">Envejecer con derechos: una nueva perspectiva en el D\u00eda Internacional de los Derechos Humanos. Se refiere Maria Ester Mu\u00f1oz, Coordinadora del \u00c1rea de Salud Integral en el Centro de Longevidad Vitalis.<\/a><\/div><div>\u00a0<\/div><div><b>RED AGR\u00cdCOLA<\/b><br \/><a id=\"OWAb822db7a-a97d-23a4-fb6c-1fb3d17612c8\" title=\"https:\/\/redagricola.com\/aumenta-volumen-de-variedades-tempranas-de-cereza-pero-envios-totales-bajaran\/\" href=\"https:\/\/redagricola.com\/aumenta-volumen-de-variedades-tempranas-de-cereza-pero-envios-totales-bajaran\/\" target=\"_blank\" rel=\"noopener noreferrer\" data-auth=\"NotApplicable\" data-linkindex=\"44\">Aumenta volumen de variedades tempranas de cereza, pero env\u00edos totales bajar\u00e1n. Se refiere, \u00c1lvaro Sep\u00falveda investigador del Centro de Pom\u00e1ceas.<\/a><\/div><div>\u00a0<\/div><div><b>EMOL<\/b><br \/><a id=\"OWAc49a8c40-b7aa-8f8d-a992-f52c565da13a\" title=\"https:\/\/www.emol.com\/noticias\/Nacional\/2025\/12\/12\/1185617\/fiesta-fin-ano-drogas.html\" href=\"https:\/\/www.emol.com\/noticias\/Nacional\/2025\/12\/12\/1185617\/fiesta-fin-ano-drogas.html\" target=\"_blank\" rel=\"noopener noreferrer\" data-auth=\"NotApplicable\" data-linkindex=\"45\">Antesala de fiestas de fin de a\u00f1o: Aumentan delitos asociados a drogas y armas. Se refiere Gloria Mancilla, acad\u00e9mica de la Facultad de Ciencias Jur\u00eddicas y Sociales.<\/a><\/div><div>\u00a0<\/div><div><b>LA PRENSA DE CURIC\u00d3<\/b><br \/><a id=\"OWA54c60d15-0714-3905-1441-8b4e8d57654a\" title=\"https:\/\/www.litoralpress.cl\/paginaconsultas\/Servicios_NClipWeb\/Get_Imagen_Nota.aspx?LPKey=CAJIFYHBPQENDIANZ5IBHG335C2VYPUTRYNDA6ZRG272ZLAILNSQEVXYLSINVQ4H5RCUZ5EJORUM6\" href=\"https:\/\/www.litoralpress.cl\/paginaconsultas\/Servicios_NClipWeb\/Get_Imagen_Nota.aspx?LPKey=CAJIFYHBPQENDIANZ5IBHG335C2VYPUTRYNDA6ZRG272ZLAILNSQEVXYLSINVQ4H5RCUZ5EJORUM6\" target=\"_blank\" rel=\"noopener noreferrer\" data-auth=\"NotApplicable\" data-linkindex=\"46\">Estudiantes de Odontolog\u00eda UTalca fortalecer\u00e1n su formaci\u00f3n con 10 simuladores h\u00e1pticos. Se refiere Teresa Az\u00f3car, acad\u00e9mica de la Facultad de Odontolog\u00eda.<\/a><\/div><div>\u00a0<\/div><div><b>HOY NOTICIAS<\/b><br \/><a id=\"OWA2a156c89-77a6-f9e7-c6b5-2da889bad288\" title=\"https:\/\/hoynoticias.cl\/actualidad\/patricio-rivera-minsal-vichuquen-cianobacterias-44\/62196\/2025\/12\/11\/\" href=\"https:\/\/hoynoticias.cl\/actualidad\/patricio-rivera-minsal-vichuquen-cianobacterias-44\/62196\/2025\/12\/11\/\" target=\"_blank\" rel=\"noopener noreferrer\" data-auth=\"NotApplicable\" data-linkindex=\"47\">Crisis ecol\u00f3gica en el lago Vichuqu\u00e9n: cianobacterias amenazan salud y turismo, cierre prolongado hasta 2026. Se refiere Mauricio Quiroz, acad\u00e9mico del Instituto de Ciencias Biol\u00f3gicas.<\/a><\/div><div>\u00a0<\/div><div><b>RADIO MAULE SUR<\/b><br \/><a id=\"OWAa5734407-3f41-2744-b1e7-4d3cfdbc3735\" title=\"https:\/\/www.radiomaulesur.cl\/2025\/12\/certifican-participantes-de-la-escuela.html\" href=\"https:\/\/www.radiomaulesur.cl\/2025\/12\/certifican-participantes-de-la-escuela.html\" target=\"_blank\" rel=\"noopener noreferrer\" data-auth=\"NotApplicable\" data-linkindex=\"48\">Certifican a participantes de la escuela de liderazgo del programa mujer participaci\u00f3n pol\u00edtica y social en la regi\u00f3n del Maule. Se refiere Natalia Veliz Olivos, directora de la Direcci\u00f3n de G\u00e9nero.<\/a><\/div><div aria-hidden=\"true\">\u00a0<\/div><div><b>CNN CHILE<\/b><br \/><a id=\"OWA673e8b7e-bcb2-ef36-7cb0-38d9031bd4be\" title=\"https:\/\/www.cnnchile.com\/cultura\/matucana-100-muestra-multisensorial-autorretratos-personas-ciegas_20251212\/\" href=\"https:\/\/www.cnnchile.com\/cultura\/matucana-100-muestra-multisensorial-autorretratos-personas-ciegas_20251212\/\" target=\"_blank\" rel=\"noopener noreferrer\" data-auth=\"NotApplicable\" data-linkindex=\"49\">Matucana 100 anuncia muestra multisensorial con autorretratos de personas ciegas: \u00bfCu\u00e1ndo se podr\u00e1 visitar? Se menciona la Universidad de Talca.<\/a><\/div><div>\u00a0<\/div><div><b>UNIVERSIDAD CAT\u00d3LICA DEL MAULE<\/b><br \/><a id=\"OWA2a64ecf5-6d7f-9a68-a04b-408a463899b4\" title=\"https:\/\/www.ucm.cl\/noticias\/estudiantes-del-magister-en-organizaciones-de-la-ucm-impulsan-mejoras-reales-en-empresas\/\" href=\"https:\/\/www.ucm.cl\/noticias\/estudiantes-del-magister-en-organizaciones-de-la-ucm-impulsan-mejoras-reales-en-empresas\/\" target=\"_blank\" rel=\"noopener noreferrer\" data-auth=\"NotApplicable\" data-linkindex=\"50\">Estudiantes del Mag\u00edster en Organizaciones de la UCM impulsan mejoras reales en empresas. Se menciona la Universidad de Talca.<\/a><\/div><div>\u00a0<\/div><div><b>WIP<\/b><br \/><a id=\"OWA48efe15a-88d1-1224-09dc-3f36f933a04a\" title=\"https:\/\/www.wip.cl\/chile-lanza-calendario-de-vendimias-2026\/\" href=\"https:\/\/www.wip.cl\/chile-lanza-calendario-de-vendimias-2026\/\" target=\"_blank\" rel=\"noopener noreferrer\" data-auth=\"NotApplicable\" data-linkindex=\"51\">Lanzan Calendario de Vendimias 2026 y presenta innovador Mapa Interactivo que moderniza la experiencia enotur\u00edstica. Se menciona la Universidad de Talca.<\/a><\/div><div>\u00a0<\/div><div><b>CHILE GASTRONOM\u00cdA<\/b><br \/><a id=\"OWAb38d3a01-b068-f2c6-86dd-1aeb60ed9047\" title=\"https:\/\/chilegastronomia.cl\/noticias\/chile-calendario-vendimias-2026-mapa-interactivo-experiencia-enoturistica\" href=\"https:\/\/chilegastronomia.cl\/noticias\/chile-calendario-vendimias-2026-mapa-interactivo-experiencia-enoturistica\" target=\"_blank\" rel=\"noopener noreferrer\" data-auth=\"NotApplicable\" data-linkindex=\"52\">Lanzan Calendario de Vendimias 2026 y presenta innovador Mapa Interactivo que moderniza la experiencia enotur\u00edstica. Se menciona la Universidad de Talca.<\/a><\/div><div>\u00a0<\/div><div><b>CHILE MULTIPLES SABORES Y COLORES<\/b><br \/><a id=\"OWA20940813-540c-116d-ba1d-29153c9799e0\" title=\"https:\/\/chilemultiplessaboresycolores.blogspot.com\/2025\/12\/lanzan-calendario-de-vendimias-2026-y.html\" href=\"https:\/\/chilemultiplessaboresycolores.blogspot.com\/2025\/12\/lanzan-calendario-de-vendimias-2026-y.html\" target=\"_blank\" rel=\"noopener noreferrer\" data-auth=\"NotApplicable\" data-linkindex=\"53\">Lanzan Calendario de Vendimias 2026 y presenta innovador Mapa Interactivo que moderniza la experiencia enotur\u00edstica. Se menciona la Universidad de Talca.<\/a><\/div><div>\u00a0<\/div><div><b>MINISTERIO DE CIENCIA<\/b><br \/><a id=\"OWAec8a3aa7-5039-c2d9-afa3-97be0341e3fa\" title=\"https:\/\/minciencia.gob.cl\/noticias\/encuentro-sobre-escasez-hidrica-permite-la-articulacion-de-la-ciencia-la-agricultura-y-el-territorio-en-arica-y-parinacota\/\" href=\"https:\/\/minciencia.gob.cl\/noticias\/encuentro-sobre-escasez-hidrica-permite-la-articulacion-de-la-ciencia-la-agricultura-y-el-territorio-en-arica-y-parinacota\/\" target=\"_blank\" rel=\"noopener noreferrer\" data-auth=\"NotApplicable\" data-linkindex=\"54\">Encuentro sobre escasez h\u00eddrica permite la articulaci\u00f3n de la ciencia, la agricultura y el territorio en Arica y Parinacota. Se menciona la Universidad de Talca.<\/a><\/div><div><br \/><br \/><b>DIARIO RANCAGUA<\/b><br \/><a id=\"OWA60831d11-2a38-f7e0-fc8b-6373b9de816f\" title=\"https:\/\/diariorancagua.cl\/chile-lanza-calendario-de-vendimias-2026-y-presenta-innovador-mapa-interactivo-que-moderniza-la-experiencia-enoturistica\/\" href=\"https:\/\/diariorancagua.cl\/chile-lanza-calendario-de-vendimias-2026-y-presenta-innovador-mapa-interactivo-que-moderniza-la-experiencia-enoturistica\/\" target=\"_blank\" rel=\"noopener noreferrer\" data-auth=\"NotApplicable\" data-linkindex=\"55\">Chile lanza Calendario de Vendimias 2026 y presenta innovador Mapa Interactivo que moderniza la experiencia enotur\u00edstica. Se menciona la Universidad de Talca.<\/a><\/div><div>\u00a0<\/div><div><b>DIARIO EL PULSO<\/b><br \/><a id=\"OWA44f5b47e-be47-0235-d48e-df82989fd8f0\" title=\"https:\/\/www.diarioelpulso.cl\/2025\/12\/12\/chile-lanza-calendario-de-vendimias-2026-y-presenta-innovador-mapa-interactivo-que-moderniza-la-experiencia-enoturistica\/\" href=\"https:\/\/www.diarioelpulso.cl\/2025\/12\/12\/chile-lanza-calendario-de-vendimias-2026-y-presenta-innovador-mapa-interactivo-que-moderniza-la-experiencia-enoturistica\/\" target=\"_blank\" rel=\"noopener noreferrer\" data-auth=\"NotApplicable\" data-linkindex=\"56\">Chile lanza Calendario de Vendimias 2026 y presenta innovador Mapa Interactivo que moderniza la experiencia enotur\u00edstica. Se menciona la Universidad de Talca.<\/a><\/div><div>\u00a0<\/div><div><b>EL CACHAPOAL<\/b><br \/><a id=\"OWAa62c9938-6ad9-6fb4-9853-70aab7c79cd6\" title=\"https:\/\/elcachapoal.cl\/2025\/12\/12\/chile-lanza-calendario-de-vendimias-2026-y-presenta-innovador-mapa-interactivo-que-moderniza-la-experiencia-enoturistica\/\" href=\"https:\/\/elcachapoal.cl\/2025\/12\/12\/chile-lanza-calendario-de-vendimias-2026-y-presenta-innovador-mapa-interactivo-que-moderniza-la-experiencia-enoturistica\/\" target=\"_blank\" rel=\"noopener noreferrer\" data-auth=\"NotApplicable\" data-linkindex=\"57\">Chile lanza Calendario de Vendimias 2026 y presenta innovador Mapa Interactivo que moderniza la experiencia enotur\u00edstica. Se menciona la Universidad de Talca.<\/a><\/div><div>\u00a0<\/div><div><b>PAUTA COMUNAL<\/b><br \/><a id=\"OWA34fad8b5-9684-aa2b-d867-6ecf764ff3bd\" title=\"https:\/\/pautacomunal.cl\/nacional\/chile-presenta-el-calendario-de-vendimias-2026-junto-a-un-innovador-mapa-interactivo-que-transforma-la-experiencia-enoturistica\/\" href=\"https:\/\/pautacomunal.cl\/nacional\/chile-presenta-el-calendario-de-vendimias-2026-junto-a-un-innovador-mapa-interactivo-que-transforma-la-experiencia-enoturistica\/\" target=\"_blank\" rel=\"noopener noreferrer\" data-auth=\"NotApplicable\" data-linkindex=\"58\">Chile presenta el Calendario de Vendimias 2026 junto a un innovador Mapa Interactivo que transforma la experiencia enotur\u00edstica. Se menciona la Universidad de Talca.<\/a><\/div><div>\u00a0<\/div><div><b>LA DISCUSI\u00d3N<\/b><br \/><a id=\"OWAbc0f955c-a3f8-15aa-8ba0-f06a27bc49b9\" title=\"https:\/\/www.litoralpress.cl\/paginaconsultas\/Servicios_NClipWeb\/Get_Imagen_Nota.aspx?LPKey=CEWGPSGOSKIGGVWCESWBXHOTIS4TXNSIIREVLNGP55EYWBXQIMQ7ZV3NODN6DEUAGMNGGKJU5LN4A\" href=\"https:\/\/www.litoralpress.cl\/paginaconsultas\/Servicios_NClipWeb\/Get_Imagen_Nota.aspx?LPKey=CEWGPSGOSKIGGVWCESWBXHOTIS4TXNSIIREVLNGP55EYWBXQIMQ7ZV3NODN6DEUAGMNGGKJU5LN4A\" target=\"_blank\" rel=\"noopener noreferrer\" data-auth=\"NotApplicable\" data-linkindex=\"59\">Pianista radicada en Estados Unidos realizar\u00e1 concierto en Chill\u00e1n. Se menciona la Universidad de Talca.<\/a><\/div><div>\u00a0<\/div><div><b>LA PRENSA DE CURIC\u00d3<\/b><br \/><a id=\"OWA952c306b-385a-c39d-3b76-c45d579d1aa9\" title=\"https:\/\/www.litoralpress.cl\/paginaconsultas\/Servicios_NClipWeb\/Get_Imagen_Nota.aspx?LPKey=5OEQRCCEEOTWS7WBJ7C32YUOY5A234UF6U4QDHHCJVIZFCZHCJBKQZ5IT47FJMGQAU4ZI47X2TVG6\" href=\"https:\/\/www.litoralpress.cl\/paginaconsultas\/Servicios_NClipWeb\/Get_Imagen_Nota.aspx?LPKey=5OEQRCCEEOTWS7WBJ7C32YUOY5A234UF6U4QDHHCJVIZFCZHCJBKQZ5IT47FJMGQAU4ZI47X2TVG6\" target=\"_blank\" rel=\"noopener noreferrer\" data-auth=\"NotApplicable\" data-linkindex=\"60\">Senama celebr\u00f3 premiaci\u00f3n de concurso literario autobiogr\u00e1fico de personas mayores 2025. Se menciona la Universidad de Talca.<\/a><\/div><div>\u00a0<\/div><div><b>MAULE HOY<\/b><br \/><a id=\"OWA8759b384-0a1a-4ea9-bcc2-fc73f388d27d\" title=\"https:\/\/www.litoralpress.cl\/paginaconsultas\/Servicios_NClipWeb\/Get_Imagen_Nota.aspx?LPKey=PTYWSONTKEB2L2PIOFEM5W7QPK5OOLEHJNK35N3365PVVW34U4ZTMQRNIL3YFW3XGKBAJSZSFUCC4\" href=\"https:\/\/www.litoralpress.cl\/paginaconsultas\/Servicios_NClipWeb\/Get_Imagen_Nota.aspx?LPKey=PTYWSONTKEB2L2PIOFEM5W7QPK5OOLEHJNK35N3365PVVW34U4ZTMQRNIL3YFW3XGKBAJSZSFUCC4\" target=\"_blank\" rel=\"noopener noreferrer\" data-auth=\"NotApplicable\" data-linkindex=\"61\">Convocatoria 2026 para integrar la Orquesta Sinf\u00f3nica Juvenil Regional: El impacto transformador de FOJI en la vida de j\u00f3venes. Se menciona la Universidad de Talca.<\/a><\/div><div>\u00a0<\/div><div><b>EL REPORTERO DE IQUIQUE<\/b><br \/><a id=\"OWA8a7226e2-8052-ef83-0691-0c549f813e6c\" title=\"https:\/\/elreporterodeiquique.com\/encuentro-sobre-escasez-hidrica-permite-la-articulacion-de-la-ciencia-la-agricultura-y-el-territorio-en-arica-y-parinacota\/\" href=\"https:\/\/elreporterodeiquique.com\/encuentro-sobre-escasez-hidrica-permite-la-articulacion-de-la-ciencia-la-agricultura-y-el-territorio-en-arica-y-parinacota\/\" target=\"_blank\" rel=\"noopener noreferrer\" data-auth=\"NotApplicable\" data-linkindex=\"62\">Encuentro sobre escasez h\u00eddrica permite la articulaci\u00f3n de la ciencia, la agricultura y el territorio en Arica y Parinacota. Se menciona la Universidad de Talca.<\/a><\/div><div aria-hidden=\"true\">\u00a0<\/div><div>\u00a0<\/div><div id=\"x_Signature\">\u00a0<\/div>\t\t\t\t\t\t<\/div>\n\t\t\t\t<\/div>\n\t\t\t\t\t<\/div>\n\t\t<\/div>\n\t\t\t\t\t\t\t<\/div>\n\t\t<\/section>\n\t\t\t\t\t\t<\/div>\n\t\t\t\t\t<\/div>\n\t\t","protected":false},"excerpt":{"rendered":"<p>EL LECTORSeremi de Energ\u00eda otorga &#8220;Sello Las Mujeres Suman&#8221; a equipo del Espacio DTC+ de la Facultad de Ingenier\u00eda de la Universidad de Talca. Se refiere Karin Saavedra Redlich, directora General de Vinculaci\u00f3n con el Medio.\u00a0EL LECTORMaule impulsa la educaci\u00f3n energ\u00e9tica y el liderazgo femenino en ciencia y tecnolog\u00eda. Se refiere Karin Saavedra Redlich, directora &hellip;<\/p>\n<p class=\"read-more\"> <a class=\"\" href=\"https:\/\/www.reportedeprensa.utalca.cl\/?p=13043\"> <span class=\"screen-reader-text\">15 de diciembre 2025<\/span> Read More &raquo;<\/a><\/p>\n","protected":false},"author":1,"featured_media":0,"comment_status":"closed","ping_status":"open","sticky":false,"template":"","format":"standard","meta":{"_monsterinsights_skip_tracking":false,"_monsterinsights_sitenote_active":false,"_monsterinsights_sitenote_note":"","_monsterinsights_sitenote_category":0},"categories":[66],"tags":[],"_links":{"self":[{"href":"https:\/\/www.reportedeprensa.utalca.cl\/index.php?rest_route=\/wp\/v2\/posts\/13043"}],"collection":[{"href":"https:\/\/www.reportedeprensa.utalca.cl\/index.php?rest_route=\/wp\/v2\/posts"}],"about":[{"href":"https:\/\/www.reportedeprensa.utalca.cl\/index.php?rest_route=\/wp\/v2\/types\/post"}],"author":[{"embeddable":true,"href":"https:\/\/www.reportedeprensa.utalca.cl\/index.php?rest_route=\/wp\/v2\/users\/1"}],"replies":[{"embeddable":true,"href":"https:\/\/www.reportedeprensa.utalca.cl\/index.php?rest_route=%2Fwp%2Fv2%2Fcomments&post=13043"}],"version-history":[{"count":4,"href":"https:\/\/www.reportedeprensa.utalca.cl\/index.php?rest_route=\/wp\/v2\/posts\/13043\/revisions"}],"predecessor-version":[{"id":13047,"href":"https:\/\/www.reportedeprensa.utalca.cl\/index.php?rest_route=\/wp\/v2\/posts\/13043\/revisions\/13047"}],"wp:attachment":[{"href":"https:\/\/www.reportedeprensa.utalca.cl\/index.php?rest_route=%2Fwp%2Fv2%2Fmedia&parent=13043"}],"wp:term":[{"taxonomy":"category","embeddable":true,"href":"https:\/\/www.reportedeprensa.utalca.cl\/index.php?rest_route=%2Fwp%2Fv2%2Fcategories&post=13043"},{"taxonomy":"post_tag","embeddable":true,"href":"https:\/\/www.reportedeprensa.utalca.cl\/index.php?rest_route=%2Fwp%2Fv2%2Ftags&post=13043"}],"curies":[{"name":"wp","href":"https:\/\/api.w.org\/{rel}","templated":true}]}}