{"id":13052,"date":"2025-12-17T09:55:06","date_gmt":"2025-12-17T12:55:06","guid":{"rendered":"https:\/\/www.reportedeprensa.utalca.cl\/?p=13052"},"modified":"2025-12-17T09:56:21","modified_gmt":"2025-12-17T12:56:21","slug":"16-de-diciembre-2025","status":"publish","type":"post","link":"https:\/\/www.reportedeprensa.utalca.cl\/?p=13052","title":{"rendered":"16 de diciembre 2025"},"content":{"rendered":"\t\t<div data-elementor-type=\"wp-post\" data-elementor-id=\"13052\" class=\"elementor elementor-13052\" data-elementor-settings=\"[]\">\n\t\t\t\t\t\t\t<div class=\"elementor-section-wrap\">\n\t\t\t\t\t\t\t<section class=\"elementor-section elementor-top-section elementor-element elementor-element-bcea1a8 elementor-section-boxed elementor-section-height-default elementor-section-height-default\" data-id=\"bcea1a8\" data-element_type=\"section\">\n\t\t\t\t\t\t<div class=\"elementor-container elementor-column-gap-default\">\n\t\t\t\t\t<div class=\"elementor-column elementor-col-100 elementor-top-column elementor-element elementor-element-e7183bf\" data-id=\"e7183bf\" data-element_type=\"column\">\n\t\t\t<div class=\"elementor-widget-wrap elementor-element-populated\">\n\t\t\t\t\t\t\t\t<div class=\"elementor-element elementor-element-8f5242e elementor-widget elementor-widget-text-editor\" data-id=\"8f5242e\" data-element_type=\"widget\" data-widget_type=\"text-editor.default\">\n\t\t\t\t<div class=\"elementor-widget-container\">\n\t\t\t\t\t\t\t\t<div><b data-olk-copy-source=\"MessageBody\">DIARIO LA MA\u00d1ANA<\/b>\u00a0<\/div><div><a id=\"OWA3d598ae8-aafe-64cc-2ed8-bfa617f11bfd\" title=\"https:\/\/xn--diariolamaana-rkb.cl\/mas-de-60-mujeres-egresan-de-escuela-de-liderazgo-en-el-maule\/\" href=\"https:\/\/xn--diariolamaana-rkb.cl\/mas-de-60-mujeres-egresan-de-escuela-de-liderazgo-en-el-maule\/\" target=\"_blank\" rel=\"noopener noreferrer\" data-auth=\"NotApplicable\" data-linkindex=\"0\">M\u00e1s de 60 mujeres egresan de Escuela de Liderazgo en el Maule. Se refiere\u00a0Natalia Veliz Olivos, directora de la Direcci\u00f3n de G\u00e9nero.<\/a>\u00a0<\/div><div>\u00a0<\/div><div><b>AM NOTICIAS<\/b>\u00a0<br \/><a id=\"OWA0fa1ff90-3a95-501f-6088-1b51f401f9f0\" title=\"https:\/\/amnoticias.cl\/mas-de-60-mujeres-egresan-de-escuela-de-liderazgo-en-el-maule\/\" href=\"https:\/\/amnoticias.cl\/mas-de-60-mujeres-egresan-de-escuela-de-liderazgo-en-el-maule\/\" target=\"_blank\" rel=\"noopener noreferrer\" data-auth=\"NotApplicable\" data-linkindex=\"1\">M\u00e1s de 60 mujeres egresan de Escuela de Liderazgo en el Maule. Se refiere Natalia Veliz Olivos, directora de la Direcci\u00f3n de G\u00e9nero.<\/a>\u00a0<\/div><div>\u00a0<\/div><div><b>EL MAULE INFORMA<\/b>\u00a0<br \/><a id=\"OWAd1527a4b-ddc3-2635-cb9c-3e782eddc021\" title=\"https:\/\/elmauleinforma.cl\/kipus-utalca-se-certifica-como-primera-entidad-de-fiscalizacion-ambiental-en-el-maule\/\" href=\"https:\/\/elmauleinforma.cl\/kipus-utalca-se-certifica-como-primera-entidad-de-fiscalizacion-ambiental-en-el-maule\/\" target=\"_blank\" rel=\"noopener noreferrer\" data-auth=\"NotApplicable\" data-linkindex=\"2\">Kipus\u00a0UTalca\u00a0se certifica como primera entidad de fiscalizaci\u00f3n ambiental en el Maule. Se refiere Felipe Varas Concha,\u00a0acad\u00e9mico de la Facultad de Ingenier\u00eda y encargado del Laboratorio Ambiental\u00a0Kipus<\/a>\u00a0<\/div><div>\u00a0<\/div><div><b>PRENSA EVENTOS<\/b>\u00a0<br \/><a id=\"OWAea4d7cff-efcd-c024-0c38-e96e379fe8d8\" title=\"https:\/\/prensaeventos.cl\/kipus-utalca-se-certifica-como-primera-entidad-de-fiscalizacion-ambiental-en-el-maule\/\" href=\"https:\/\/prensaeventos.cl\/kipus-utalca-se-certifica-como-primera-entidad-de-fiscalizacion-ambiental-en-el-maule\/\" target=\"_blank\" rel=\"noopener noreferrer\" data-auth=\"NotApplicable\" data-linkindex=\"3\">Kipus\u00a0UTalca\u00a0se certifica como primera entidad de fiscalizaci\u00f3n ambiental en el Maule. Se refiere Felipe Varas Concha, acad\u00e9mico de la Facultad de Ingenier\u00eda y encargado del Laboratorio Ambiental\u00a0Kipus<\/a>\u00a0<\/div><div>\u00a0<\/div><div><b>LA SEGUNDA<\/b>\u00a0<br \/><a id=\"OWA5cc7183d-dd74-c091-fbdf-e56a75808d30\" title=\"https:\/\/www.litoralpress.cl\/paginaconsultas\/Servicios_NClipWeb\/Get_Imagen_Nota.aspx?LPKey=DCI5NUJH6BM2SERKF5RVWRE2P2ROG7FIOA6VETIJMW6ZMNKVBTMRKULSIGI67KEO5LRYB662VDM3Q\" href=\"https:\/\/www.litoralpress.cl\/paginaconsultas\/Servicios_NClipWeb\/Get_Imagen_Nota.aspx?LPKey=DCI5NUJH6BM2SERKF5RVWRE2P2ROG7FIOA6VETIJMW6ZMNKVBTMRKULSIGI67KEO5LRYB662VDM3Q\" target=\"_blank\" rel=\"noopener noreferrer\" data-auth=\"NotApplicable\" data-linkindex=\"4\">&#8220;C\u00f3mo est\u00e1, compa\u00f1ero\u201d: El resiliente liderazgo de Jara y sus proyecciones. Se refiere Mauricio Morales Quiroga, director del Centro de an\u00e1lisis Pol\u00edtico (CAP-UTalca).<\/a>\u00a0<\/div><div>\u00a0<\/div><div><b>RADIO INFINITA<\/b>\u00a0<br \/><a id=\"OWA5d6e989a-6d81-f8c1-73ef-3dbba7a488d9\" title=\"https:\/\/www.litoralpress.cl\/sitio\/RadioTV_Detalles.cshtml?LPKey=BAXWU3PTCMBP54TJVRRSDLUIWLEH4JF2SN3QEWSQ556AXFCGHAJCHGTPDXALEOKIIKQAZ6L5Z5OKS\" href=\"https:\/\/www.litoralpress.cl\/sitio\/RadioTV_Detalles.cshtml?LPKey=BAXWU3PTCMBP54TJVRRSDLUIWLEH4JF2SN3QEWSQ556AXFCGHAJCHGTPDXALEOKIIKQAZ6L5Z5OKS\" target=\"_blank\" rel=\"noopener noreferrer\" data-auth=\"NotApplicable\" data-linkindex=\"5\">Comentario de Pol\u00edtica de Mauricio Morales. Se refiere Mauricio Morales Quiroga, director del Centro de an\u00e1lisis Pol\u00edtico (CAP-UTalca).<\/a>\u00a0<\/div><div>\u00a0<\/div><div><b>MEGANOTICIAS PRIME<\/b>\u00a0<br \/><a id=\"OWAf8addf1b-6c1f-4445-3438-f2a5566677ff\" title=\"https:\/\/www.litoralpress.cl\/sitio\/RadioTV_Detalles.cshtml?LPKey=TSRTTDIIFRAPS4AMV35S45GEITFRKFWYM4YVOS4ATAHZTJPY7BZTYITHHBM63BXY63MJT3MRPIDIK\" href=\"https:\/\/www.litoralpress.cl\/sitio\/RadioTV_Detalles.cshtml?LPKey=TSRTTDIIFRAPS4AMV35S45GEITFRKFWYM4YVOS4ATAHZTJPY7BZTYITHHBM63BXY63MJT3MRPIDIK\" target=\"_blank\" rel=\"noopener noreferrer\" data-auth=\"NotApplicable\" data-linkindex=\"6\">Jos\u00e9 Antonio Kast arras\u00f3 en la elecci\u00f3n presidencial. Se refiere Mauricio Morales Quiroga, director del Centro de an\u00e1lisis Pol\u00edtico (CAP-UTalca)<\/a>\u00a0<\/div><div>\u00a0<\/div><div><b>MEGANOTICIAS AMANECE<\/b>\u00a0<br \/><a id=\"OWAe2bd3d57-4526-9881-ffda-63854fb534ce\" title=\"https:\/\/www.litoralpress.cl\/sitio\/RadioTV_Detalles.cshtml?LPKey=ORVUQKCER75D76W7QTJ7O57QJGSNDHIGMEPLF754RKUKXAFSHVETDXG65H4MUFKMAURVTUEF4GIN6\" href=\"https:\/\/www.litoralpress.cl\/sitio\/RadioTV_Detalles.cshtml?LPKey=ORVUQKCER75D76W7QTJ7O57QJGSNDHIGMEPLF754RKUKXAFSHVETDXG65H4MUFKMAURVTUEF4GIN6\" target=\"_blank\" rel=\"noopener noreferrer\" data-auth=\"NotApplicable\" data-linkindex=\"7\">An\u00e1lisis del triunfo de Jos\u00e9 Antonio Kast. Se refiere Mauricio Morales Quiroga, director del Centro de an\u00e1lisis Pol\u00edtico (CAP-UTalca)<\/a>\u00a0<\/div><div>\u00a0<\/div><div><b>EMOL<\/b>\u00a0<br \/><a id=\"OWA11512af5-977f-74ce-9a84-4ec4c99a7a33\" title=\"https:\/\/www.emol.com\/noticias\/Nacional\/2025\/12\/15\/1185836\/desafios-gobierno-jose-antonio-kast.html\" href=\"https:\/\/www.emol.com\/noticias\/Nacional\/2025\/12\/15\/1185836\/desafios-gobierno-jose-antonio-kast.html\" target=\"_blank\" rel=\"noopener noreferrer\" data-auth=\"NotApplicable\" data-linkindex=\"8\">Los dos desaf\u00edos claros que tendr\u00e1 el presidente electo y c\u00f3mo influye el holgado\u00a0triunfo en el panorama. Se refiere Mario Herrera Mu\u00f1oz, acad\u00e9mico del Centro de an\u00e1lisis Pol\u00edtico (CAP-UTalca)<\/a>\u00a0<\/div><div>\u00a0<\/div><div><b>NUEVO PODER\u00a0<\/b>\u00a0<br \/><a id=\"OWA3b7d4261-15ea-3883-3518-7eb9d7b7291c\" title=\"http:\/\/www.nuevopoder.cl\/desafios-de-kast-gobernar-sin-mayoria-y-controlar-expectativas\/\" href=\"http:\/\/www.nuevopoder.cl\/desafios-de-kast-gobernar-sin-mayoria-y-controlar-expectativas\/\" target=\"_blank\" rel=\"noopener noreferrer\" data-auth=\"NotApplicable\" data-linkindex=\"9\">Desaf\u00edos de Kast: gobernar sin mayor\u00eda y controlar expectativas. Se refiere Mario Herrera Mu\u00f1oz, acad\u00e9mico del Centro de an\u00e1lisis Pol\u00edtico (CAP-UTalca)<\/a>\u00a0<\/div><div>\u00a0<\/div><div><b>MEGANOTICIAS<\/b>\u00a0<br \/><a id=\"OWA0285fff6-b548-730d-f87c-b941eaf212c7\" title=\"https:\/\/www.meganoticias.cl\/nacional\/509295-jose-antonio-kast-ministros-gabinete-analisis-mauricio-morales-15-12-2025.html\" href=\"https:\/\/www.meganoticias.cl\/nacional\/509295-jose-antonio-kast-ministros-gabinete-analisis-mauricio-morales-15-12-2025.html\" target=\"_blank\" rel=\"noopener noreferrer\" data-auth=\"NotApplicable\" data-linkindex=\"10\">\u00bfQui\u00e9nes ser\u00e1n los ministros de Kast? Mauricio Morales analiza el posible gabinete el presidente Electo. Se refiere Mauricio Morales Quiroga, director del Centro de an\u00e1lisis Pol\u00edtico (CAP-UTalca).<\/a>\u00a0<\/div><div>\u00a0<\/div><div><b>MEGANOTICIAS<\/b>\u00a0<br \/><a id=\"OWA8b3bf51a-184e-65e0-04b1-14907537886b\" title=\"https:\/\/www.meganoticias.cl\/nacional\/509300-jose-antonio-kast-gobierno-de-emergencia-que-significa-15-12-2025.html\" href=\"https:\/\/www.meganoticias.cl\/nacional\/509300-jose-antonio-kast-gobierno-de-emergencia-que-significa-15-12-2025.html\" target=\"_blank\" rel=\"noopener noreferrer\" data-auth=\"NotApplicable\" data-linkindex=\"11\">\u00bfPor qu\u00e9 Kast habla de &#8220;gobierno de emergencia&#8221;? Se refiere Mauricio Morales Quiroga, director del Centro de an\u00e1lisis Pol\u00edtico (CAP-UTalca).<\/a>\u00a0<\/div><div>\u00a0<\/div><div><b>LA TERCERA ONLINE<\/b>\u00a0<br \/><a id=\"OWAefad20c9-f561-39bd-ac81-b2e48bc15799\" title=\"https:\/\/www.latercera.com\/nacional\/noticia\/por-que-el-sur-es-de-kast-desde-ohiggins-hasta-magallanes-triunfo-todas-y-cada-una-de-las-mas-de-200-comunas\/\" href=\"https:\/\/www.latercera.com\/nacional\/noticia\/por-que-el-sur-es-de-kast-desde-ohiggins-hasta-magallanes-triunfo-todas-y-cada-una-de-las-mas-de-200-comunas\/\" target=\"_blank\" rel=\"noopener noreferrer\" data-auth=\"NotApplicable\" data-linkindex=\"12\">Desde\u00a0OHiggins\u00a0hasta Magallanes el Presidente electo triunf\u00f3 en todas las comunas: \u00bfPor qu\u00e9 el sur es de Kast? Se refiere Mario Herrera Mu\u00f1oz, acad\u00e9mico del Centro de an\u00e1lisis Pol\u00edtico (CAP-UTalca)<\/a>\u00a0<\/div><div>\u00a0<\/div><div><b>RADIO ALBORADA<\/b>\u00a0<br \/><a id=\"OWA5968751d-81d1-c010-5d04-db7e0b241a4a\" title=\"https:\/\/www.litoralpress.cl\/sitio\/RadioTV_Detalles.cshtml?LPKey=MAAGYYOM4KXB3FY2QGAQQMJ2A3Z7SEYSPIZVJWBYAXLKKIQUV3LMQLLQF2J2F5AX7V22BQE6BCWKS\" href=\"https:\/\/www.litoralpress.cl\/sitio\/RadioTV_Detalles.cshtml?LPKey=MAAGYYOM4KXB3FY2QGAQQMJ2A3Z7SEYSPIZVJWBYAXLKKIQUV3LMQLLQF2J2F5AX7V22BQE6BCWKS\" target=\"_blank\" rel=\"noopener noreferrer\" data-auth=\"NotApplicable\" data-linkindex=\"13\">Entrevista a Miguel V\u00e1squez, director de la Escuela de Fonoaudiolog\u00eda.<\/a>\u00a0\u00a0<\/div><div>\u00a0<\/div><div><b>PORTALEDUCA<\/b>\u00a0<br \/><a id=\"OWAbf656a09-05e8-9844-e33a-92cf754d1bc6\" title=\"https:\/\/portaleduca.cl\/programa-jovenes-profesionales-celebra-20-anos-de-aporte-al-desarrollo-del-maule\/\" href=\"https:\/\/portaleduca.cl\/programa-jovenes-profesionales-celebra-20-anos-de-aporte-al-desarrollo-del-maule\/\" target=\"_blank\" rel=\"noopener noreferrer\" data-auth=\"NotApplicable\" data-linkindex=\"14\">Programa J\u00f3venes Profesionales celebra 20 a\u00f1os de aporte al desarrollo del Maule. Se refiere\u00a0Karin Saavedra\u00a0Redlich,\u00a0directora General de Vinculaci\u00f3n con el Medio.<\/a>\u00a0<\/div><div>\u00a0<\/div><div><b>RADIO LAUTARO<\/b>\u00a0<br \/><a id=\"OWA7193e93e-97fb-65dc-3d02-e0c9a62f9593\" title=\"https:\/\/radiolautarotalca.cl\/festiciencia-2025-celebro-la-curiosidad-y-el-conocimiento\/\" href=\"https:\/\/radiolautarotalca.cl\/festiciencia-2025-celebro-la-curiosidad-y-el-conocimiento\/\" target=\"_blank\" rel=\"noopener noreferrer\" data-auth=\"NotApplicable\" data-linkindex=\"15\">FestiCiencia\u00a02025 celebr\u00f3 la curiosidad y el conocimiento. Se refiere\u00a0C\u00e9sar Retamal Bravo, jefe de la Unidad de Divulgaci\u00f3n de la\u00a0Direcci\u00f3n General de Vinculaci\u00f3n con el Medio y director de Explora Maule.<\/a>\u00a0<\/div><div>\u00a0<\/div><div><b>DIARIO EL CENTRO<\/b>\u00a0<br \/><a id=\"OWA85286cf6-89f5-58e3-62c9-08dc2031cddd\" title=\"https:\/\/www.diarioelcentro.cl\/2025\/12\/15\/en-chile-gano-un-presidente-de-extrema-derecha-como-previsto\/\" href=\"https:\/\/www.diarioelcentro.cl\/2025\/12\/15\/en-chile-gano-un-presidente-de-extrema-derecha-como-previsto\/\" target=\"_blank\" rel=\"noopener noreferrer\" data-auth=\"NotApplicable\" data-linkindex=\"16\">En\u00a0Chile\u00a0gan\u00f3 un presidente de extrema derecha como previsto. Se refiere Emilio Moyano D\u00edaz, acad\u00e9mico de la Facultad de Psicolog\u00eda.<\/a>\u00a0<\/div><div>\u00a0<\/div><div><b>RENGO LA NOTICIA<\/b>\u00a0<br \/><a id=\"OWAb7ebedc9-e98b-7774-b0ec-219d95229454\" title=\"https:\/\/www.rengoenlanoticia.cl\/prensa\/2025\/12\/15\/chile-lanza-calendario-de-vendimias-2026-y-presenta-innovador-mapa-interactivo-que-moderniza-la-experiencia-enoturistica\/\" href=\"https:\/\/www.rengoenlanoticia.cl\/prensa\/2025\/12\/15\/chile-lanza-calendario-de-vendimias-2026-y-presenta-innovador-mapa-interactivo-que-moderniza-la-experiencia-enoturistica\/\" target=\"_blank\" rel=\"noopener noreferrer\" data-auth=\"NotApplicable\" data-linkindex=\"17\">Chile lanza Calendario de Vendimias 2026 y presenta innovador Mapa Interactivo que moderniza la experiencia\u00a0enotur\u00edstica. Se menciona la Universidad de Talca.<\/a><\/div><div>\u00a0<\/div><div><b>PODER Y LIDERAZGO<\/b>\u00a0<br \/><a id=\"OWA6cfc97b7-5a6f-d6f9-b5b0-cb270d6732e3\" title=\"https:\/\/www.poderyliderazgo.cl\/calendario-de-vendimias-2026-impulsa-nueva-etapa-del-enoturismo-con-mapa-interactivo\/\" href=\"https:\/\/www.poderyliderazgo.cl\/calendario-de-vendimias-2026-impulsa-nueva-etapa-del-enoturismo-con-mapa-interactivo\/\" target=\"_blank\" rel=\"noopener noreferrer\" data-auth=\"NotApplicable\" data-linkindex=\"18\">Calendario de Vendimias 2026 impulsa nueva etapa del enoturismo con mapa interactivo. Se menciona la Universidad de Talca.<\/a>\u00a0<\/div><div>\u00a0<\/div><div><b>DE MAR A CORDILLERA<\/b>\u00a0<br \/><a id=\"OWAa08541ee-f950-98bc-45b3-bc08d54393fe\" title=\"https:\/\/demaracordilleratv.cl\/2025\/12\/15\/lanzan-calendario-de-vendimias-2026-e-innovador-mapa-interactivo-que-moderniza-la-experiencia-enoturistica-en-chile\/\" href=\"https:\/\/demaracordilleratv.cl\/2025\/12\/15\/lanzan-calendario-de-vendimias-2026-e-innovador-mapa-interactivo-que-moderniza-la-experiencia-enoturistica-en-chile\/\" target=\"_blank\" rel=\"noopener noreferrer\" data-auth=\"NotApplicable\" data-linkindex=\"19\">Lanzan Calendario de Vendimias 2026 e innovador Mapa Interactivo que moderniza la experiencia\u00a0enotur\u00edstica\u00a0en Chile. Se menciona la Universidad de Talca.<\/a>\u00a0<\/div><div>\u00a0<\/div><div><b>ESTOY.CL<\/b>\u00a0<br \/><a id=\"OWAea8edaf9-3eb1-af95-ea6a-49796ad1b9bf\" title=\"https:\/\/www.estoy.cl\/artes-visuales\/autorretrato-ciego-exhibicion-multisensorial-e-inclusiva-llega-a-m100\/\" href=\"https:\/\/www.estoy.cl\/artes-visuales\/autorretrato-ciego-exhibicion-multisensorial-e-inclusiva-llega-a-m100\/\" target=\"_blank\" rel=\"noopener noreferrer\" data-auth=\"NotApplicable\" data-linkindex=\"20\">\u201cAutorretrato ciego\u201d, exhibici\u00f3n multisensorial e inclusiva llega a M100. Se menciona la Universidad de Talca.<\/a>\u00a0<\/div><div>\u00a0<\/div><div><b>TODO VINOS<\/b>\u00a0<br \/><a id=\"OWA4d947f60-3e7a-4022-af45-0de4e593913b\" title=\"https:\/\/www.todovinos.cl\/wp2\/2025\/12\/15\/lanzan-calendario-de-vendimias-2026-y-mapa-interactivo\/\" href=\"https:\/\/www.todovinos.cl\/wp2\/2025\/12\/15\/lanzan-calendario-de-vendimias-2026-y-mapa-interactivo\/\" target=\"_blank\" rel=\"noopener noreferrer\" data-auth=\"NotApplicable\" data-linkindex=\"21\">Lanzan Calendario de Vendimias 2026 y Mapa Interactivo. Se menciona la Universidad de Talca.<\/a>\u00a0<\/div><div>\u00a0<\/div><div><b>MEDIABANCO<\/b>\u00a0<br \/><a id=\"OWA4a966b1e-2e68-905f-1188-d5be65bbc754\" title=\"https:\/\/www.mediabanco.com\/presentan-sigamos-construyendo-ia-para-chile-iniciativa-que-articula-investigacion-formacion-y-productividad-para-acelerar-adopcion-de-ia\/\" href=\"https:\/\/www.mediabanco.com\/presentan-sigamos-construyendo-ia-para-chile-iniciativa-que-articula-investigacion-formacion-y-productividad-para-acelerar-adopcion-de-ia\/\" target=\"_blank\" rel=\"noopener noreferrer\" data-auth=\"NotApplicable\" data-linkindex=\"22\">Presentan \u201cSigamos Construyendo IA para Chile\u201d, iniciativa que articula investigaci\u00f3n, formaci\u00f3n y productividad para acelerar adopci\u00f3n de IA. Se menciona la Universidad de Talca.<\/a>\u00a0<\/div><div>\u00a0<\/div><div><b>PORTAL INNOVA<\/b>\u00a0<br \/><a id=\"OWA8705a941-0801-bd6b-5345-2caa68243575\" title=\"https:\/\/portalinnova.cl\/sigamos-construyendo-ia-para-chile\/\" href=\"https:\/\/portalinnova.cl\/sigamos-construyendo-ia-para-chile\/\" target=\"_blank\" rel=\"noopener noreferrer\" data-auth=\"NotApplicable\" data-linkindex=\"23\">Sigamos Construyendo IA para Chile. Se menciona la Universidad de Talca.<\/a>\u00a0<\/div><div>\u00a0<\/div><div><b>EL URBANO RURAL<\/b>\u00a0<br \/><a id=\"OWA7c973a0c-9746-1a25-40aa-88cd3fb32c0d\" title=\"http:\/\/elurbanorural.cl\/chile-lanza-calendario-de-vendimias-2026-y-presenta-innovador-mapa-interactivo-que-moderniza-la-experiencia-enoturistica\/\" href=\"http:\/\/elurbanorural.cl\/chile-lanza-calendario-de-vendimias-2026-y-presenta-innovador-mapa-interactivo-que-moderniza-la-experiencia-enoturistica\/\" target=\"_blank\" rel=\"noopener noreferrer\" data-auth=\"NotApplicable\" data-linkindex=\"24\">Chile lanza Calendario de Vendimias 2026 y presenta innovador Mapa Interactivo que moderniza la experiencia\u00a0enotur\u00edstica. Se\u00a0 menciona la Universidad de Talca.<\/a>\u00a0<\/div>\t\t\t\t\t\t<\/div>\n\t\t\t\t<\/div>\n\t\t\t\t\t<\/div>\n\t\t<\/div>\n\t\t\t\t\t\t\t<\/div>\n\t\t<\/section>\n\t\t\t\t\t\t<\/div>\n\t\t\t\t\t<\/div>\n\t\t","protected":false},"excerpt":{"rendered":"<p>DIARIO LA MA\u00d1ANA\u00a0M\u00e1s de 60 mujeres egresan de Escuela de Liderazgo en el Maule. Se refiere\u00a0Natalia Veliz Olivos, directora de la Direcci\u00f3n de G\u00e9nero.\u00a0\u00a0AM NOTICIAS\u00a0M\u00e1s de 60 mujeres egresan de Escuela de Liderazgo en el Maule. Se refiere Natalia Veliz Olivos, directora de la Direcci\u00f3n de G\u00e9nero.\u00a0\u00a0EL MAULE INFORMA\u00a0Kipus\u00a0UTalca\u00a0se certifica como primera entidad de fiscalizaci\u00f3n &hellip;<\/p>\n<p class=\"read-more\"> <a class=\"\" href=\"https:\/\/www.reportedeprensa.utalca.cl\/?p=13052\"> <span class=\"screen-reader-text\">16 de diciembre 2025<\/span> Read More &raquo;<\/a><\/p>\n","protected":false},"author":1,"featured_media":0,"comment_status":"closed","ping_status":"open","sticky":false,"template":"","format":"standard","meta":{"_monsterinsights_skip_tracking":false,"_monsterinsights_sitenote_active":false,"_monsterinsights_sitenote_note":"","_monsterinsights_sitenote_category":0},"categories":[66],"tags":[],"_links":{"self":[{"href":"https:\/\/www.reportedeprensa.utalca.cl\/index.php?rest_route=\/wp\/v2\/posts\/13052"}],"collection":[{"href":"https:\/\/www.reportedeprensa.utalca.cl\/index.php?rest_route=\/wp\/v2\/posts"}],"about":[{"href":"https:\/\/www.reportedeprensa.utalca.cl\/index.php?rest_route=\/wp\/v2\/types\/post"}],"author":[{"embeddable":true,"href":"https:\/\/www.reportedeprensa.utalca.cl\/index.php?rest_route=\/wp\/v2\/users\/1"}],"replies":[{"embeddable":true,"href":"https:\/\/www.reportedeprensa.utalca.cl\/index.php?rest_route=%2Fwp%2Fv2%2Fcomments&post=13052"}],"version-history":[{"count":4,"href":"https:\/\/www.reportedeprensa.utalca.cl\/index.php?rest_route=\/wp\/v2\/posts\/13052\/revisions"}],"predecessor-version":[{"id":13056,"href":"https:\/\/www.reportedeprensa.utalca.cl\/index.php?rest_route=\/wp\/v2\/posts\/13052\/revisions\/13056"}],"wp:attachment":[{"href":"https:\/\/www.reportedeprensa.utalca.cl\/index.php?rest_route=%2Fwp%2Fv2%2Fmedia&parent=13052"}],"wp:term":[{"taxonomy":"category","embeddable":true,"href":"https:\/\/www.reportedeprensa.utalca.cl\/index.php?rest_route=%2Fwp%2Fv2%2Fcategories&post=13052"},{"taxonomy":"post_tag","embeddable":true,"href":"https:\/\/www.reportedeprensa.utalca.cl\/index.php?rest_route=%2Fwp%2Fv2%2Ftags&post=13052"}],"curies":[{"name":"wp","href":"https:\/\/api.w.org\/{rel}","templated":true}]}}