{"id":13065,"date":"2025-12-17T17:01:34","date_gmt":"2025-12-17T20:01:34","guid":{"rendered":"https:\/\/www.reportedeprensa.utalca.cl\/?p=13065"},"modified":"2025-12-17T17:02:30","modified_gmt":"2025-12-17T20:02:30","slug":"17-de-diciembre-2025","status":"publish","type":"post","link":"https:\/\/www.reportedeprensa.utalca.cl\/?p=13065","title":{"rendered":"17 de diciembre 2025"},"content":{"rendered":"\t\t<div data-elementor-type=\"wp-post\" data-elementor-id=\"13065\" class=\"elementor elementor-13065\" data-elementor-settings=\"[]\">\n\t\t\t\t\t\t\t<div class=\"elementor-section-wrap\">\n\t\t\t\t\t\t\t<section class=\"elementor-section elementor-top-section elementor-element elementor-element-bcea1a8 elementor-section-boxed elementor-section-height-default elementor-section-height-default\" data-id=\"bcea1a8\" data-element_type=\"section\">\n\t\t\t\t\t\t<div class=\"elementor-container elementor-column-gap-default\">\n\t\t\t\t\t<div class=\"elementor-column elementor-col-100 elementor-top-column elementor-element elementor-element-e7183bf\" data-id=\"e7183bf\" data-element_type=\"column\">\n\t\t\t<div class=\"elementor-widget-wrap elementor-element-populated\">\n\t\t\t\t\t\t\t\t<div class=\"elementor-element elementor-element-73316fd elementor-widget elementor-widget-text-editor\" data-id=\"73316fd\" data-element_type=\"widget\" data-widget_type=\"text-editor.default\">\n\t\t\t\t<div class=\"elementor-widget-container\">\n\t\t\t\t\t\t\t\t<div><b data-olk-copy-source=\"MessageBody\">PORTAL FRUT\u00cdCOLA<\/b>\u00a0<br \/><a id=\"OWAd150ac7d-f5ab-cf17-4fe0-bca8073fb1a7\" title=\"https:\/\/www.portalfruticola.com\/noticias\/2025\/12\/16\/cerezas-chile-clima\/\" href=\"https:\/\/www.portalfruticola.com\/noticias\/2025\/12\/16\/cerezas-chile-clima\/\" target=\"_blank\" rel=\"noopener noreferrer\" data-auth=\"NotApplicable\" data-linkindex=\"0\">Cambio clim\u00e1tico obliga a replantear estrategias en la producci\u00f3n de cerezas. Se refiere \u00c1lvaro Sep\u00falveda Le\u00f3n, investigador del Centro de Pom\u00e1ceas.<\/a>\u00a0\u00a0<\/div><div>\u00a0<\/div><div><b>EL CIUDADANO<\/b>\u00a0<br \/><a id=\"OWA73969e5d-397a-cab7-d44f-05db4eca78fd\" title=\"https:\/\/www.elciudadano.com\/chile\/chile-cambio-climatico-obliga-a-replantear-estrategias-en-produccion-de-cerezas\/12\/16\/\" href=\"https:\/\/www.elciudadano.com\/chile\/chile-cambio-climatico-obliga-a-replantear-estrategias-en-produccion-de-cerezas\/12\/16\/\" target=\"_blank\" rel=\"noopener noreferrer\" data-auth=\"NotApplicable\" data-linkindex=\"1\">Chile: Cambio clim\u00e1tico obliga a replantear estrategias en producci\u00f3n de cerezas. Se refiere \u00c1lvaro Sep\u00falveda Le\u00f3n, investigador del Centro de Pom\u00e1ceas.<\/a>\u00a0<\/div><div>\u00a0<\/div><div><b>RADIO MAULE SUR<\/b>\u00a0<br \/><a id=\"OWA5f647142-1d8e-41a8-4234-6a78d1fd82d7\" title=\"https:\/\/www.radiomaulesur.cl\/2025\/12\/cerezas-cambio-climatico-obliga.html\" href=\"https:\/\/www.radiomaulesur.cl\/2025\/12\/cerezas-cambio-climatico-obliga.html\" target=\"_blank\" rel=\"noopener noreferrer\" data-auth=\"NotApplicable\" data-linkindex=\"2\">Cambio clim\u00e1tico obliga a replantear estrategias en la producci\u00f3n de cerezas. Se refiere \u00c1lvaro Sep\u00falveda Le\u00f3n, investigador del Centro de Pom\u00e1ceas.<\/a>\u00a0<\/div><div>\u00a0<\/div><div><b>REPORTE AGR\u00cdCOLA<\/b>\u00a0<br \/><a id=\"OWAa4baaba1-cf41-67b7-4e8b-5469da6e1c20\" title=\"https:\/\/www.reporteagricola.cl\/noticia\/noticias\/2025\/12\/cambio-climatico-produccion-cerezas\" href=\"https:\/\/www.reporteagricola.cl\/noticia\/noticias\/2025\/12\/cambio-climatico-produccion-cerezas\" target=\"_blank\" rel=\"noopener noreferrer\" data-auth=\"NotApplicable\" data-linkindex=\"3\">Cambio clim\u00e1tico obliga a replantear estrategias en la producci\u00f3n de cerezas. Se refiere \u00c1lvaro Sep\u00falveda Le\u00f3n, investigador del Centro de Pom\u00e1ceas.<\/a>\u00a0<\/div><div>\u00a0<\/div><div><b>MEDIABANCO<\/b>\u00a0<br \/><a id=\"OWAe9d8b388-a33f-6cc9-9475-e4024a8cb24d\" title=\"https:\/\/www.mediabanco.com\/cerezas-cambio-climatico-obliga-a-replantear-estrategias-en-su-produccion\/\" href=\"https:\/\/www.mediabanco.com\/cerezas-cambio-climatico-obliga-a-replantear-estrategias-en-su-produccion\/\" target=\"_blank\" rel=\"noopener noreferrer\" data-auth=\"NotApplicable\" data-linkindex=\"4\">Cerezas: Cambio clim\u00e1tico obliga a replantear estrategias en su producci\u00f3n. Se refiere \u00c1lvaro Sep\u00falveda Le\u00f3n, investigador del Centro de Pom\u00e1ceas.<\/a>\u00a0<\/div><div>\u00a0<\/div><div><b>INOTICIAS<\/b>\u00a0<br \/><a id=\"OWAfe28eed4-145d-f9c9-4944-641c20481b31\" title=\"https:\/\/inoticias.cl\/detalle\/chile-cambio-climatico-obliga-a-replantear-estrategias-en\" href=\"https:\/\/inoticias.cl\/detalle\/chile-cambio-climatico-obliga-a-replantear-estrategias-en\" target=\"_blank\" rel=\"noopener noreferrer\" data-auth=\"NotApplicable\" data-linkindex=\"5\">Chile: Cambio clim\u00e1tico obliga a replantear estrategias en producci\u00f3n de cerezas. Se refiere \u00c1lvaro Sep\u00falveda Le\u00f3n, investigador del Centro de Pom\u00e1ceas.<\/a>\u00a0<\/div><div>\u00a0<\/div><div><b>S\u00c9PTIMA P\u00c1GINANOTICIAS<\/b>\u00a0<br \/><a id=\"OWA1ae2c354-4333-53e2-2f70-ba6207c5c4ed\" title=\"https:\/\/www.septimapaginanoticias.cl\/cerezas-cambio-climatico-obliga-a-replantear-estrategias-en-su-produccion\" href=\"https:\/\/www.septimapaginanoticias.cl\/cerezas-cambio-climatico-obliga-a-replantear-estrategias-en-su-produccion\" target=\"_blank\" rel=\"noopener noreferrer\" data-auth=\"NotApplicable\" data-linkindex=\"6\">Cambio clim\u00e1tico obliga a replantear estrategias en su producci\u00f3n. Se refiere \u00c1lvaro Sep\u00falveda Le\u00f3n, investigador del Centro de Pom\u00e1ceas.<\/a>\u00a0<\/div><div>\u00a0<\/div><div><b>RADIO ALLEN<\/b>\u00a0<br \/><a id=\"OWAaf6e51b9-bcee-b8ec-a2db-578499b21760\" title=\"https:\/\/radioallen.cl\/cerezas-cambio-climatico-obliga-a-replantear-estrategias-en-su-produccion\/\" href=\"https:\/\/radioallen.cl\/cerezas-cambio-climatico-obliga-a-replantear-estrategias-en-su-produccion\/\" target=\"_blank\" rel=\"noopener noreferrer\" data-auth=\"NotApplicable\" data-linkindex=\"7\">Cerezas: Cambio clim\u00e1tico obliga a replantear estrategias en su producci\u00f3n. Se refiere \u00c1lvaro Sep\u00falveda Le\u00f3n, investigador del Centro de Pom\u00e1ceas.<\/a>\u00a0<\/div><div>\u00a0<\/div><div><b>MEDIABANCO<\/b>\u00a0<br \/><a id=\"OWA94b0d085-6654-de9a-5fc6-665b7062c3e2\" title=\"https:\/\/www.mediabanco.com\/tren-de-navidad-utalca-llevo-alegria-y-tradicion-a-familias-del-ramal\/\" href=\"https:\/\/www.mediabanco.com\/tren-de-navidad-utalca-llevo-alegria-y-tradicion-a-familias-del-ramal\/\" target=\"_blank\" rel=\"noopener noreferrer\" data-auth=\"NotApplicable\" data-linkindex=\"8\">Tren de Navidad UTalca llev\u00f3 alegr\u00eda y tradici\u00f3n a familias del Ramal. Se refiere\u00a0Carlos Torres Fuchslocher\u202f, rector, Lysette Henr\u00edquez Amestoy, presidenta del Consejo Superior de la UTalca y Mar\u00eda Cecilia Sep\u00falveda, directora del Coro Juvenil.<\/a>\u00a0<\/div><div>\u00a0<\/div><div><b>PORTAL EDUCA<\/b>\u00a0<br \/><a id=\"OWAa61dd010-5d26-8c9e-a619-eb65e155d38b\" title=\"https:\/\/portaleduca.cl\/festiciencia-2025-celebro-la-curiosidad-y-el-conocimiento\/\" href=\"https:\/\/portaleduca.cl\/festiciencia-2025-celebro-la-curiosidad-y-el-conocimiento\/\" target=\"_blank\" rel=\"noopener noreferrer\" data-auth=\"NotApplicable\" data-linkindex=\"9\">FestiCiencia 2025 celebr\u00f3 la curiosidad y el conocimiento. Se refiere C\u00e9sar Retamal Bravo, jefe de la Unidad de Divulgaci\u00f3n de la Direcci\u00f3n General de Vinculaci\u00f3n con el Medio y director de Explora Maule. Y Claudia Mora Pareja, acad\u00e9mica de la Facultad de Ciencias de la Salud.<\/a>\u00a0<\/div><div aria-hidden=\"true\">\u00a0<\/div><div><b>EL LECTOR<\/b>\u00a0<br \/><a id=\"OWA6cccb348-3e96-82bb-869d-7be445062cd9\" title=\"https:\/\/www.litoralpress.cl\/paginaconsultas\/Servicios_NClipWeb\/Get_Imagen_Nota.aspx?LPKey=KOB3TMDUCDERUVMBFLQMNB24TTKLME5PMITCPPZDYOLFVSA5MGJTSFIBYGJ7773T5O532EJXRKC2C\" href=\"https:\/\/www.litoralpress.cl\/paginaconsultas\/Servicios_NClipWeb\/Get_Imagen_Nota.aspx?LPKey=KOB3TMDUCDERUVMBFLQMNB24TTKLME5PMITCPPZDYOLFVSA5MGJTSFIBYGJ7773T5O532EJXRKC2C\" target=\"_blank\" rel=\"noopener noreferrer\" data-auth=\"NotApplicable\" data-linkindex=\"10\">FestiCiencia\u00a02025 celebr\u00f3 la curiosidad y el conocimiento.\u00a0Se refiere C\u00e9sar Retamal Bravo, jefe de la Unidad de Divulgaci\u00f3n de la Direcci\u00f3n General de Vinculaci\u00f3n con el Medio y director de Explora Maule. Y Claudia Mora Pareja, acad\u00e9mica de la Facultad de Ciencias de la Salud.<\/a>\u00a0<\/div><div>\u00a0<\/div><div><b>AD PRENSA<\/b>\u00a0<br \/><a id=\"OWAf26d4c7f-5f64-dcd8-1b75-bcc1bad4fb23\" title=\"https:\/\/www.adprensa.cl\/cronica\/festiciencia-2025-celebro-la-curiosidad-y-el-conocimiento\/\" href=\"https:\/\/www.adprensa.cl\/cronica\/festiciencia-2025-celebro-la-curiosidad-y-el-conocimiento\/\" target=\"_blank\" rel=\"noopener noreferrer\" data-auth=\"NotApplicable\" data-linkindex=\"11\">FestiCiencia\u00a02025 celebr\u00f3 la curiosidad y el conocimiento. Se refiere C\u00e9sar Retamal Bravo, jefe de la Unidad de Divulgaci\u00f3n de la Direcci\u00f3n General de Vinculaci\u00f3n con el Medio y director de Explora Maule. Y Claudia Mora Pareja,\u00a0acad\u00e8mica\u00a0de la Facultad de Ciencias de la Salud.<\/a>\u00a0<\/div><div>\u00a0<\/div><div><b>ANALIZA MAULE<\/b>\u00a0<br \/><a id=\"OWA28da4866-5fd0-2234-9ac4-052510c797e5\" title=\"https:\/\/analizamaule.cl\/maule-impulsa-su-crecimiento-gobierno-regional-lanza-fondo-para-proyectos-que-transformaran-la-economia-local\/\" href=\"https:\/\/analizamaule.cl\/maule-impulsa-su-crecimiento-gobierno-regional-lanza-fondo-para-proyectos-que-transformaran-la-economia-local\/\" target=\"_blank\" rel=\"noopener noreferrer\" data-auth=\"NotApplicable\" data-linkindex=\"12\">Maule\u00a0impulsa su crecimiento: Gobierno Regional lanza fondo para proyectos que transformar\u00e1n la econom\u00eda local. Se refiere\u00a0Ariela Vergara, directora de Innovaci\u00f3n y Transferencia Tecnol\u00f3gica\u202f<\/a>\u00a0<\/div><div>\u00a0<\/div><div><b>EL MAULE INFORMA<\/b>\u00a0<br \/><a id=\"OWAd8231704-bee0-e33d-52d6-2194012c1027\" title=\"https:\/\/elmauleinforma.cl\/el-maule-impulsa-su-crecimiento-gobierno-regional-lanza-fondo-para-proyectos-que-transformaran-la-economia-local\/\" href=\"https:\/\/elmauleinforma.cl\/el-maule-impulsa-su-crecimiento-gobierno-regional-lanza-fondo-para-proyectos-que-transformaran-la-economia-local\/\" target=\"_blank\" rel=\"noopener noreferrer\" data-auth=\"NotApplicable\" data-linkindex=\"13\">El Maule impulsa su crecimiento: Gobierno Regional lanza fondo para proyectos que transformar\u00e1n la econom\u00eda local. Se refiere\u00a0Ariela Vergara, directora de Innovaci\u00f3n y Transferencia Tecnol\u00f3gica\u202f<\/a>\u00a0<\/div><div>\u00a0<\/div><div><b>RADIO BIOB\u00cdO<\/b>\u00a0<br \/><a id=\"OWAff115206-dda5-7cf1-713e-9f70bc33b2f2\" title=\"https:\/\/www.litoralpress.cl\/sitio\/RadioTV_Detalles.cshtml?LPKey=FVBJMADVK6H2MRD7ZQZIGAV6QGIW4IUU5WK6WTG2BEZ4H7ZJQ67FUZCCCVG37B3JJQJOE5RFYDVAK\" href=\"https:\/\/www.litoralpress.cl\/sitio\/RadioTV_Detalles.cshtml?LPKey=FVBJMADVK6H2MRD7ZQZIGAV6QGIW4IUU5WK6WTG2BEZ4H7ZJQ67FUZCCCVG37B3JJQJOE5RFYDVAK\" target=\"_blank\" rel=\"noopener noreferrer\" data-auth=\"NotApplicable\" data-linkindex=\"14\">La derrota del oficialismo desat\u00f3 un debate interno en torno a los liderazgos de la coalici\u00f3n que respald\u00f3 al gobierno de\u00a0Boric. Se refiere Mario Herrera Mu\u00f1oz, acad\u00e9mico del Centro de an\u00e1lisis Pol\u00edtico (CAP-UTalca)<\/a>\u00a0<\/div><div>\u00a0<\/div><div><b>RADIO INFINITA<\/b>\u00a0<br \/><a id=\"OWA050c386d-70c1-9c90-7b70-04a590a272be\" title=\"https:\/\/www.litoralpress.cl\/sitio\/RadioTV_Detalles.cshtml?LPKey=4HZ2CA3RQ6ATSRR7GCSABT5JIZTDGARBTUOZSWN7X4TMVAKKNT3XK3PIY3MVNV2T2IAE67NQPBEVY\" href=\"https:\/\/www.litoralpress.cl\/sitio\/RadioTV_Detalles.cshtml?LPKey=4HZ2CA3RQ6ATSRR7GCSABT5JIZTDGARBTUOZSWN7X4TMVAKKNT3XK3PIY3MVNV2T2IAE67NQPBEVY\" target=\"_blank\" rel=\"noopener noreferrer\" data-auth=\"NotApplicable\" data-linkindex=\"15\">Comentario de Pol\u00edtica de Mauricio Morales Quiroga, director del Centro de An\u00e1lisis Pol\u00edtico (CAP-UTalca)<\/a>\u00a0<\/div><div>\u00a0<\/div><div><b>MEGA<\/b>\u00a0<br \/><a id=\"OWA481786d2-4e81-56e0-5baf-a3ed488488da\" title=\"https:\/\/www.mega.cl\/programas\/mucho-gusto\/mejores-momentos\/207814-jose-antonio-kast-apoyo-michelle-bachelet-onu.html\" href=\"https:\/\/www.mega.cl\/programas\/mucho-gusto\/mejores-momentos\/207814-jose-antonio-kast-apoyo-michelle-bachelet-onu.html\" target=\"_blank\" rel=\"noopener noreferrer\" data-auth=\"NotApplicable\" data-linkindex=\"16\">\u00bfApoyar\u00e1 Kast a Michelle Bachelet en la ONU? El debate que se reabre tras elecci\u00f3n\u00a0presidencial. Se refiere Mauricio Morales Quiroga, director del Centro de An\u00e1lisis Pol\u00edtico (CAP-UTalca)<\/a>\u00a0<\/div><div>\u00a0<\/div><div><b>AGENCIA XINHUA<\/b>\u00a0<br \/><a id=\"OWA1a86e9cb-0e3e-32f1-d6ea-e2cd2cf9fbc7\" title=\"http:\/\/spanish.xinhuanet.com\/20251216\/1df5e4bbdd884c76b80b91f52a5010c5\/c.html\" href=\"http:\/\/spanish.xinhuanet.com\/20251216\/1df5e4bbdd884c76b80b91f52a5010c5\/c.html\" target=\"_blank\" rel=\"noopener noreferrer\" data-auth=\"NotApplicable\" data-linkindex=\"17\">Kast logra presidencia de Chile tras apuntar directo a seguridad y econom\u00eda, afirman expertos. Se refiere Mario Herrera mu\u00f1oz, acad\u00e9mico del Centro de An\u00e1lisis Pol\u00edtico (CAP-UTalca)<\/a>\u00a0<\/div><div>\u00a0<\/div><div><b>LA TERCERA<\/b>\u00a0<br \/><a id=\"OWA5705722c-7c2e-658a-41a2-d85ded5d6849\" title=\"https:\/\/www.litoralpress.cl\/paginaconsultas\/Servicios_NClipWeb\/Get_Imagen_Nota.aspx?LPKey=7OSSPNQ4UZZC6HK72NSJIJIOBAML73SHPQFY656UE276KHK7L7KJL3IW652AXCGSEVZ24C267QADW\" href=\"https:\/\/www.litoralpress.cl\/paginaconsultas\/Servicios_NClipWeb\/Get_Imagen_Nota.aspx?LPKey=7OSSPNQ4UZZC6HK72NSJIJIOBAML73SHPQFY656UE276KHK7L7KJL3IW652AXCGSEVZ24C267QADW\" target=\"_blank\" rel=\"noopener noreferrer\" data-auth=\"NotApplicable\" data-linkindex=\"18\">Desde O&#8217;Higgins hasta Magallanes el presidente electo triunf\u00f3 en todas las comunas: \u00bfPor qu\u00e9 el sur es de Kast? Se refiere Mario herrera Mu\u00f1oz, acad\u00e9mico\u00a0del\u00a0centro de An\u00e1lisis\u00a0Pol\u00edtco\u00a0(CAP-UTalca).<\/a>\u00a0\u00a0<\/div><div>\u00a0<\/div><div><b>EL LECTOR<\/b>\u00a0<br \/><a id=\"OWAc00349bc-0b43-1209-c75c-a39407bc124f\" title=\"https:\/\/www.litoralpress.cl\/paginaconsultas\/Servicios_NClipWeb\/Get_Imagen_Nota.aspx?LPKey=5XXEYIGOQHSCSZCOXHUQMNWISQBKMRVIBEVHYHNCVXLUUOXCHZNXP4UBJAIAMK3QBXEUXGATSSC4O\" href=\"https:\/\/www.litoralpress.cl\/paginaconsultas\/Servicios_NClipWeb\/Get_Imagen_Nota.aspx?LPKey=5XXEYIGOQHSCSZCOXHUQMNWISQBKMRVIBEVHYHNCVXLUUOXCHZNXP4UBJAIAMK3QBXEUXGATSSC4O\" target=\"_blank\" rel=\"noopener noreferrer\" data-auth=\"NotApplicable\" data-linkindex=\"19\">Certifican a participantes de la Escuela de Liderazgo del Programa Mujer Participaci\u00f3n Pol\u00edtica y Social en la regi\u00f3n del Maule. Se\u00a0refiere\u00a0Natalia V\u00e9liz Olivos, directora de la direcci\u00f3n de G\u00e9nero<\/a>\u00a0<\/div><div>\u00a0<\/div><div><b>LA PRENSA DE CURIC\u00d3<\/b>\u00a0<br \/><a id=\"OWA275fedf0-ae23-69ea-8952-7d8292737114\" title=\"https:\/\/www.litoralpress.cl\/paginaconsultas\/Servicios_NClipWeb\/Get_Imagen_Nota.aspx?LPKey=RWB5DXBRZUKWFOJIMHXLZNUHK4CGM23WVCFQKA4VRTXXKPHKZDYXTZGCZHRYEZ3INQB5ZBZGTKTOE\" href=\"https:\/\/www.litoralpress.cl\/paginaconsultas\/Servicios_NClipWeb\/Get_Imagen_Nota.aspx?LPKey=RWB5DXBRZUKWFOJIMHXLZNUHK4CGM23WVCFQKA4VRTXXKPHKZDYXTZGCZHRYEZ3INQB5ZBZGTKTOE\" target=\"_blank\" rel=\"noopener noreferrer\" data-auth=\"NotApplicable\" data-linkindex=\"20\">Universidad de Talca celebra titulaci\u00f3n de alumnos ingresados a trav\u00e9s del programa PACE. Se refiere Paola Morales Norambuena, directora del Ciclo de Vida Estudiantil.<\/a>\u00a0\u00a0<\/div><div>\u00a0<\/div><div><b>DIARIO LA PRENSA<\/b>\u00a0<br \/><a id=\"OWA5324999c-30b6-80c0-3a30-3e8534d4d50c\" title=\"https:\/\/new.diariolaprensa.cl\/index.php\/2025\/12\/16\/universidad-de-talca-celebra-titulacion-de-alumnos-ingresados-a-traves-del-programa-pace\/\" href=\"https:\/\/new.diariolaprensa.cl\/index.php\/2025\/12\/16\/universidad-de-talca-celebra-titulacion-de-alumnos-ingresados-a-traves-del-programa-pace\/\" target=\"_blank\" rel=\"noopener noreferrer\" data-auth=\"NotApplicable\" data-linkindex=\"21\">Universidad de Talca celebra titulaci\u00f3n de alumnos ingresados a trav\u00e9s del programa PACE. Se refiere Paola Morales Norambuena, directora del Ciclo de Vida Estudiantil<\/a>\u00a0<\/div><div>\u00a0<\/div><div><b>LA PRENSA DE CURIC\u00d3<\/b>\u00a0<br \/><a id=\"OWA5076fcf2-2e17-947e-f0f9-ee758c6cfc4b\" title=\"https:\/\/www.litoralpress.cl\/paginaconsultas\/Servicios_NClipWeb\/Get_Imagen_Nota.aspx?LPKey=KZCI5IL7TEDFYB22YLWSMRG4V6QU777K7TVZFWK2KXTMDYUZNMF3C536YKN5WHKWPMABSSGT64I4W\" href=\"https:\/\/www.litoralpress.cl\/paginaconsultas\/Servicios_NClipWeb\/Get_Imagen_Nota.aspx?LPKey=KZCI5IL7TEDFYB22YLWSMRG4V6QU777K7TVZFWK2KXTMDYUZNMF3C536YKN5WHKWPMABSSGT64I4W\" target=\"_blank\" rel=\"noopener noreferrer\" data-auth=\"NotApplicable\" data-linkindex=\"22\">Concierto sinf\u00f3nico de fin de a\u00f1o reuni\u00f3 a miles de personas en Talca. Se refiere Paula Manr\u00edquez, vicerrectora de Formaci\u00f3n.<\/a>\u00a0\u00a0<\/div><div>\u00a0<\/div><div><b>CANAL 2 LINARES<\/b>\u00a0<br \/><a id=\"OWAb0a08348-d496-a9ea-dcd2-e05259c4126b\" title=\"https:\/\/www.canal2linares.cl\/2025\/12\/programa-jovenes-profesionales-celebra.html\" href=\"https:\/\/www.canal2linares.cl\/2025\/12\/programa-jovenes-profesionales-celebra.html\" target=\"_blank\" rel=\"noopener noreferrer\" data-auth=\"NotApplicable\" data-linkindex=\"23\">Programa J\u00f3venes Profesionales celebra 20 a\u00f1os de aporte al desarrollo del Maule. Se refiere Karin Saavedra\u00a0Redlich, directora General de Vinculaci\u00f3n con el Medio.<\/a>\u00a0<\/div><div>\u00a0<\/div><div><b>EL MERCURIO<\/b>\u00a0<br \/><a id=\"OWA6bb57131-9202-8e41-57ef-e839b3355577\" title=\"https:\/\/www.litoralpress.cl\/paginaconsultas\/Servicios_NClipWeb\/Get_Imagen_Nota.aspx?LPKey=5NUO3VAZAOWDVRLJSCHUO7QP4CX5DQ37QVPXWVY6AEBMSHHPI7KEXH4RXTYYHNEA6C2C22BJ7IOXE\" href=\"https:\/\/www.litoralpress.cl\/paginaconsultas\/Servicios_NClipWeb\/Get_Imagen_Nota.aspx?LPKey=5NUO3VAZAOWDVRLJSCHUO7QP4CX5DQ37QVPXWVY6AEBMSHHPI7KEXH4RXTYYHNEA6C2C22BJ7IOXE\" target=\"_blank\" rel=\"noopener noreferrer\" data-auth=\"NotApplicable\" data-linkindex=\"24\">La ciberseguridad avanza hacia sistemas nerviosos digitales de defensa. Se refiere H\u00e9ctor Mu\u00f1oz,\u00a0jefe\u00a0de Seguridad Digital<\/a>\u00a0<\/div><div>\u00a0<\/div><div><b>LA PRENSA DE CURIC\u00d3<\/b>\u00a0<br \/><a id=\"OWAc37d154c-2a50-ccd5-48c4-7eb7e487c47d\" title=\"https:\/\/www.litoralpress.cl\/paginaconsultas\/Servicios_NClipWeb\/Get_Imagen_Nota.aspx?LPKey=G4SVE3CB34Y4673GJQYXPFMFJWNBDR42HGMX6WGAO55QNAZ6BITJOZSTLF4UCCVBYGOU5RTDMMBW6\" href=\"https:\/\/www.litoralpress.cl\/paginaconsultas\/Servicios_NClipWeb\/Get_Imagen_Nota.aspx?LPKey=G4SVE3CB34Y4673GJQYXPFMFJWNBDR42HGMX6WGAO55QNAZ6BITJOZSTLF4UCCVBYGOU5RTDMMBW6\" target=\"_blank\" rel=\"noopener noreferrer\" data-auth=\"NotApplicable\" data-linkindex=\"25\">Portada. Se menciona la Universidad de Talca.<\/a>\u00a0<\/div><div>\u00a0<\/div><div><b>DIARIO VI REGI\u00d3N<\/b>\u00a0<br \/><a id=\"OWAe54a29a8-3e84-9f1a-2acd-ddcbcbd101c4\" title=\"https:\/\/www.diarioviregion.cl\/noticias\/35360-chile-lanza-calendario-de-vendimias-y-presenta-innovador-mapa-interactivo-que-moderniza-la-experiencia-enoturistica\" href=\"https:\/\/www.diarioviregion.cl\/noticias\/35360-chile-lanza-calendario-de-vendimias-y-presenta-innovador-mapa-interactivo-que-moderniza-la-experiencia-enoturistica\" target=\"_blank\" rel=\"noopener noreferrer\" data-auth=\"NotApplicable\" data-linkindex=\"26\">Chile lanza calendario de vendimias y presenta innovador Mapa Interactivo que moderniza la experiencia\u00a0enotur\u00edstica. Se menciona la Universidad de Talca.<\/a>\u00a0<\/div><div>\u00a0<\/div><div><b>RADIO CRISTALINA<\/b>\u00a0<br \/><a id=\"OWA6bbd32be-4294-48f1-c223-d4ef4a276750\" title=\"https:\/\/radiocristalina.cl\/convocatoria-2026-para-integrar-la-orquesta-sinfonica-juvenil-regional-maule\/\" href=\"https:\/\/radiocristalina.cl\/convocatoria-2026-para-integrar-la-orquesta-sinfonica-juvenil-regional-maule\/\" target=\"_blank\" rel=\"noopener noreferrer\" data-auth=\"NotApplicable\" data-linkindex=\"27\">Convocatoria 2026 para integrar la Orquesta Sinf\u00f3nica Juvenil Regional Maule. Se menciona la Universidad de Talca.<\/a>\u00a0<\/div><div>\u00a0<\/div><div><b>TABULADO<\/b>\u00a0<br \/><a id=\"OWA3aa71013-66cf-b220-6aea-0e7643b26f6e\" title=\"https:\/\/www.tabulado.net\/cenia-y-futuro-del-trabajo-sofofa-capital-humano-fortale-repasaron-su-trabajo-conjunto-de-los-ultimos-anos-para-potenciar-la-adopcion-de-la-ia-en-el-mundo-del-trabajo-y-adelantan-proyec\/\" href=\"https:\/\/www.tabulado.net\/cenia-y-futuro-del-trabajo-sofofa-capital-humano-fortale-repasaron-su-trabajo-conjunto-de-los-ultimos-anos-para-potenciar-la-adopcion-de-la-ia-en-el-mundo-del-trabajo-y-adelantan-proyec\/\" target=\"_blank\" rel=\"noopener noreferrer\" data-auth=\"NotApplicable\" data-linkindex=\"28\">CENIA y Futuro del Trabajo SOFOFA Capital Humano fortalecen si trabajo en conjunto para 2026. Se menciona la Universidad de Talca.<\/a>\u00a0<\/div><div>\u00a0<\/div><div><b>COMO ME GUSTA<\/b>\u00a0<br \/><a id=\"OWAab25d0fe-e03c-2aa9-95d8-8f4df208586e\" title=\"https:\/\/comomegusta.cl\/chile-lanza-calendario-de-vendimias-2026-e-innovador-mapa-interactivo-de-la-experiencia-enoturistica\/\" href=\"https:\/\/comomegusta.cl\/chile-lanza-calendario-de-vendimias-2026-e-innovador-mapa-interactivo-de-la-experiencia-enoturistica\/\" target=\"_blank\" rel=\"noopener noreferrer\" data-auth=\"NotApplicable\" data-linkindex=\"29\">Chile lanza Calendario de Vendimias 2026 e innovador Mapa Interactivo de la experiencia\u00a0enotur\u00edstica. Se menciona la Universidad de Talca.<\/a>\u00a0<\/div><div>\u00a0<\/div><div><b>UNIVERSIDAD DE CHILE<\/b>\u00a0<br \/><a id=\"OWAf11cff74-651d-d548-b0cc-dc4fd50cee03\" title=\"https:\/\/uchile.cl\/noticias\/235872\/iei-recibe-premios-en-el-xv-congreso-chileno-de-ciencia-politica\" href=\"https:\/\/uchile.cl\/noticias\/235872\/iei-recibe-premios-en-el-xv-congreso-chileno-de-ciencia-politica\" target=\"_blank\" rel=\"noopener noreferrer\" data-auth=\"NotApplicable\" data-linkindex=\"30\">IEI recibe premios en el XV Congreso Chileno de Ciencia Pol\u00edtica. Se menciona la Universidad de Talca.<\/a>\u00a0<\/div><div>\u00a0<\/div><div><b>DIARIO UACH<\/b>\u00a0<br \/><a id=\"OWA0b5055f3-0fc1-161a-fc3c-ddd63d6cb29d\" title=\"https:\/\/diario.uach.cl\/debate-nacional-sobre-consumo-sostenible-en-nueva-publicacion-de-tirant-lo-blanch\/\" href=\"https:\/\/diario.uach.cl\/debate-nacional-sobre-consumo-sostenible-en-nueva-publicacion-de-tirant-lo-blanch\/\" target=\"_blank\" rel=\"noopener noreferrer\" data-auth=\"NotApplicable\" data-linkindex=\"31\">Debate nacional sobre consumo sostenible en nueva publicaci\u00f3n de Tirant lo Blanch. Se menciona la Universidad de Talca.<\/a>\u00a0<\/div>\t\t\t\t\t\t<\/div>\n\t\t\t\t<\/div>\n\t\t\t\t\t<\/div>\n\t\t<\/div>\n\t\t\t\t\t\t\t<\/div>\n\t\t<\/section>\n\t\t\t\t\t\t<\/div>\n\t\t\t\t\t<\/div>\n\t\t","protected":false},"excerpt":{"rendered":"<p>PORTAL FRUT\u00cdCOLA\u00a0Cambio clim\u00e1tico obliga a replantear estrategias en la producci\u00f3n de cerezas. Se refiere \u00c1lvaro Sep\u00falveda Le\u00f3n, investigador del Centro de Pom\u00e1ceas.\u00a0\u00a0\u00a0EL CIUDADANO\u00a0Chile: Cambio clim\u00e1tico obliga a replantear estrategias en producci\u00f3n de cerezas. Se refiere \u00c1lvaro Sep\u00falveda Le\u00f3n, investigador del Centro de Pom\u00e1ceas.\u00a0\u00a0RADIO MAULE SUR\u00a0Cambio clim\u00e1tico obliga a replantear estrategias en la producci\u00f3n de cerezas. &hellip;<\/p>\n<p class=\"read-more\"> <a class=\"\" href=\"https:\/\/www.reportedeprensa.utalca.cl\/?p=13065\"> <span class=\"screen-reader-text\">17 de diciembre 2025<\/span> Read More &raquo;<\/a><\/p>\n","protected":false},"author":1,"featured_media":0,"comment_status":"closed","ping_status":"open","sticky":false,"template":"","format":"standard","meta":{"_monsterinsights_skip_tracking":false,"_monsterinsights_sitenote_active":false,"_monsterinsights_sitenote_note":"","_monsterinsights_sitenote_category":0},"categories":[66],"tags":[],"_links":{"self":[{"href":"https:\/\/www.reportedeprensa.utalca.cl\/index.php?rest_route=\/wp\/v2\/posts\/13065"}],"collection":[{"href":"https:\/\/www.reportedeprensa.utalca.cl\/index.php?rest_route=\/wp\/v2\/posts"}],"about":[{"href":"https:\/\/www.reportedeprensa.utalca.cl\/index.php?rest_route=\/wp\/v2\/types\/post"}],"author":[{"embeddable":true,"href":"https:\/\/www.reportedeprensa.utalca.cl\/index.php?rest_route=\/wp\/v2\/users\/1"}],"replies":[{"embeddable":true,"href":"https:\/\/www.reportedeprensa.utalca.cl\/index.php?rest_route=%2Fwp%2Fv2%2Fcomments&post=13065"}],"version-history":[{"count":4,"href":"https:\/\/www.reportedeprensa.utalca.cl\/index.php?rest_route=\/wp\/v2\/posts\/13065\/revisions"}],"predecessor-version":[{"id":13069,"href":"https:\/\/www.reportedeprensa.utalca.cl\/index.php?rest_route=\/wp\/v2\/posts\/13065\/revisions\/13069"}],"wp:attachment":[{"href":"https:\/\/www.reportedeprensa.utalca.cl\/index.php?rest_route=%2Fwp%2Fv2%2Fmedia&parent=13065"}],"wp:term":[{"taxonomy":"category","embeddable":true,"href":"https:\/\/www.reportedeprensa.utalca.cl\/index.php?rest_route=%2Fwp%2Fv2%2Fcategories&post=13065"},{"taxonomy":"post_tag","embeddable":true,"href":"https:\/\/www.reportedeprensa.utalca.cl\/index.php?rest_route=%2Fwp%2Fv2%2Ftags&post=13065"}],"curies":[{"name":"wp","href":"https:\/\/api.w.org\/{rel}","templated":true}]}}