{"id":13076,"date":"2025-12-18T13:34:15","date_gmt":"2025-12-18T16:34:15","guid":{"rendered":"https:\/\/www.reportedeprensa.utalca.cl\/?p=13076"},"modified":"2025-12-18T13:36:01","modified_gmt":"2025-12-18T16:36:01","slug":"18-de-diciembre-2025","status":"publish","type":"post","link":"https:\/\/www.reportedeprensa.utalca.cl\/?p=13076","title":{"rendered":"18 de diciembre 2025"},"content":{"rendered":"\t\t<div data-elementor-type=\"wp-post\" data-elementor-id=\"13076\" class=\"elementor elementor-13076\" data-elementor-settings=\"[]\">\n\t\t\t\t\t\t\t<div class=\"elementor-section-wrap\">\n\t\t\t\t\t\t\t<section class=\"elementor-section elementor-top-section elementor-element elementor-element-bcea1a8 elementor-section-boxed elementor-section-height-default elementor-section-height-default\" data-id=\"bcea1a8\" data-element_type=\"section\">\n\t\t\t\t\t\t<div class=\"elementor-container elementor-column-gap-default\">\n\t\t\t\t\t<div class=\"elementor-column elementor-col-100 elementor-top-column elementor-element elementor-element-e7183bf\" data-id=\"e7183bf\" data-element_type=\"column\">\n\t\t\t<div class=\"elementor-widget-wrap elementor-element-populated\">\n\t\t\t\t\t\t\t\t<div class=\"elementor-element elementor-element-2246ecd elementor-widget elementor-widget-text-editor\" data-id=\"2246ecd\" data-element_type=\"widget\" data-widget_type=\"text-editor.default\">\n\t\t\t\t<div class=\"elementor-widget-container\">\n\t\t\t\t\t\t\t\t<div><b data-olk-copy-source=\"MessageBody\">DIARIO TALCA<\/b>\u00a0<br \/><a id=\"OWA93f74e3e-ec47-4d9d-d24c-973dc6cc5ba9\" title=\"https:\/\/diariotalca.cl\/tren-de-navidad-utalca-llevo-alegria-y-tradicion-a-familias-del-ramal\/\" href=\"https:\/\/diariotalca.cl\/tren-de-navidad-utalca-llevo-alegria-y-tradicion-a-familias-del-ramal\/\" target=\"_blank\" rel=\"noopener noreferrer\" data-auth=\"NotApplicable\" data-linkindex=\"0\">Tren de Navidad UTalca llev\u00f3 alegr\u00eda y tradici\u00f3n a familias del Ramal. Se refiere Carlos Torres Fuchslocher\u202f, rector.<\/a>\u00a0<\/div><div>\u00a0<\/div><div><b>EL LECTOR<\/b>\u00a0<br \/><a id=\"OWA2aee1093-b1bb-0159-a135-6aa7cbc5b215\" title=\"https:\/\/www.litoralpress.cl\/paginaconsultas\/Servicios_NClipWeb\/Get_Imagen_Nota.aspx?LPKey=52CQLYKSN7EUYTB6S76KSEG3IJO7WYRJJMAYFKXXW7CEUN3HOPNXXW337CS4SCSNNRT6IJYKHO6GY\" href=\"https:\/\/www.litoralpress.cl\/paginaconsultas\/Servicios_NClipWeb\/Get_Imagen_Nota.aspx?LPKey=52CQLYKSN7EUYTB6S76KSEG3IJO7WYRJJMAYFKXXW7CEUN3HOPNXXW337CS4SCSNNRT6IJYKHO6GY\" target=\"_blank\" rel=\"noopener noreferrer\" data-auth=\"NotApplicable\" data-linkindex=\"1\">Tren de Navidad\u00a0UTalca\u00a0llevo alegr\u00eda y tradici\u00f3n a familias del Ramal.\u00a0Se refiere Carlos Torres\u00a0Fuchslocher\u202f,\u00a0rector, Lysette Henr\u00edquez Amestoy, presidenta del Consejo Superior de la\u00a0UTalca\u00a0y Mar\u00eda Cecilia Sep\u00falveda, directora del Coro Juvenil<\/a>\u00a0<\/div><div>\u00a0<\/div><div><b>AD PRENSA<\/b>\u00a0<br \/><a id=\"OWA11dce4f7-6098-49cb-e9d5-ad58e52b5412\" title=\"https:\/\/www.adprensa.cl\/cronica\/tren-de-navidad-utalca-llevo-alegria-y-tradicion-a-familias-del-ramal\/\" href=\"https:\/\/www.adprensa.cl\/cronica\/tren-de-navidad-utalca-llevo-alegria-y-tradicion-a-familias-del-ramal\/\" target=\"_blank\" rel=\"noopener noreferrer\" data-auth=\"NotApplicable\" data-linkindex=\"2\">Tren de Navidad\u00a0UTalca\u00a0llev\u00f3 alegr\u00eda y tradici\u00f3n a familias del Ramal. Se refiere Carlos Torres\u00a0Fuchslocher\u202f,\u00a0rector, Lysette Henr\u00edquez Amestoy, presidenta del Consejo Superior de la\u00a0UTalca\u00a0y Mar\u00eda Cecilia Sep\u00falveda, directora del Coro Juvenil.<\/a>\u00a0<\/div><div>\u00a0<\/div><div><b>EL MAULE INFORMA<\/b>\u00a0<br \/><a id=\"OWA24073173-efe3-f075-fd17-93528b1693e7\" title=\"https:\/\/elmauleinforma.cl\/tren-de-navidad-utalca-llevo-alegria-y-tradicion-a-familias-del-ramal\/\" href=\"https:\/\/elmauleinforma.cl\/tren-de-navidad-utalca-llevo-alegria-y-tradicion-a-familias-del-ramal\/\" target=\"_blank\" rel=\"noopener noreferrer\" data-auth=\"NotApplicable\" data-linkindex=\"3\">Tren de Navidad\u00a0UTalca\u00a0llev\u00f3 alegr\u00eda y tradici\u00f3n a familias del Ramal. Se refiere Carlos Torres\u00a0Fuchslocher\u202f,\u00a0rector, Lysette Henr\u00edquez Amestoy, presidenta del Consejo Superior de la\u00a0UTalca\u00a0y Mar\u00eda Cecilia Sep\u00falveda, directora del Coro Juvenil<\/a>\u00a0<\/div><div>\u00a0<\/div><div><b>RADIO LAUTARO<\/b>\u00a0<br \/><a id=\"OWA0bc72425-1511-a5a6-a2e4-f35acc778c4e\" title=\"https:\/\/radiolautarotalca.cl\/tren-de-navidad-utalca-llevo-alegria-y-tradicion-a-familias-del-ramal\/\" href=\"https:\/\/radiolautarotalca.cl\/tren-de-navidad-utalca-llevo-alegria-y-tradicion-a-familias-del-ramal\/\" target=\"_blank\" rel=\"noopener noreferrer\" data-auth=\"NotApplicable\" data-linkindex=\"4\">Tren de Navidad\u00a0UTalca\u00a0llev\u00f3 alegr\u00eda y tradici\u00f3n a familias del Ramal. Se refiere Carlos Torres\u00a0Fuchslocher\u202f,\u00a0rector, Lysette Henr\u00edquez Amestoy, presidenta del Consejo Superior de la\u00a0UTalca\u00a0y Mar\u00eda Cecilia Sep\u00falveda, directora del Coro Juvenil<\/a>\u00a0<\/div><div>\u00a0<\/div><div><b>RADIO MAULE SUR<\/b>\u00a0<br \/><a id=\"OWA7afec760-4549-bf4b-245f-da6c3f0334ef\" title=\"https:\/\/www.radiomaulesur.cl\/2025\/12\/tren-de-navidad-utalca-llevo-alegria-y.html\" href=\"https:\/\/www.radiomaulesur.cl\/2025\/12\/tren-de-navidad-utalca-llevo-alegria-y.html\" target=\"_blank\" rel=\"noopener noreferrer\" data-auth=\"NotApplicable\" data-linkindex=\"5\">Tren de Navidad\u00a0UTalca\u00a0llev\u00f3 alegr\u00eda y tradici\u00f3n a familias del Ramal. Se refiere Carlos Torres\u00a0Fuchslocher\u00a0,\u00a0rector, Lysette Henr\u00edquez Amestoy, presidenta del Consejo Superior de la\u00a0UTalca\u00a0y Mar\u00eda Cecilia Sep\u00falveda, directora del Coro Juvenil.<\/a>\u00a0<\/div><div>\u00a0<\/div><div><b>LA PRENSA DE CURIC\u00d3<\/b>\u00a0<br \/><a id=\"OWA3141b36c-ba06-3ce4-8b81-512cd45097da\" title=\"https:\/\/www.litoralpress.cl\/paginaconsultas\/Servicios_NClipWeb\/Get_Imagen_Nota.aspx?LPKey=W42HEPZ2354EDJIURPNVKHKLGPBKCNFAYRTZ6NE6EWDNPOKVAOBKW5FZSTKKTPSVYMSH62VGPBOHG\" href=\"https:\/\/www.litoralpress.cl\/paginaconsultas\/Servicios_NClipWeb\/Get_Imagen_Nota.aspx?LPKey=W42HEPZ2354EDJIURPNVKHKLGPBKCNFAYRTZ6NE6EWDNPOKVAOBKW5FZSTKKTPSVYMSH62VGPBOHG\" target=\"_blank\" rel=\"noopener noreferrer\" data-auth=\"NotApplicable\" data-linkindex=\"6\">Gobierno del Maule lanz\u00f3 Fondo Regional para la Productividad y el Desarrollo.\u00a0Se refiere Ariela Vergara, directora de Innovaci\u00f3n y Transferencia Tecnol\u00f3gica\u202f<\/a><a id=\"OWA3141b36c-ba06-3ce4-8b81-512cd45097da\" title=\"https:\/\/www.litoralpress.cl\/paginaconsultas\/Servicios_NClipWeb\/Get_Imagen_Nota.aspx?LPKey=W42HEPZ2354EDJIURPNVKHKLGPBKCNFAYRTZ6NE6EWDNPOKVAOBKW5FZSTKKTPSVYMSH62VGPBOHG\" href=\"https:\/\/www.litoralpress.cl\/paginaconsultas\/Servicios_NClipWeb\/Get_Imagen_Nota.aspx?LPKey=W42HEPZ2354EDJIURPNVKHKLGPBKCNFAYRTZ6NE6EWDNPOKVAOBKW5FZSTKKTPSVYMSH62VGPBOHG\" target=\"_blank\" rel=\"noopener noreferrer\" data-auth=\"NotApplicable\" data-linkindex=\"7\">\u00a0<\/a>\u00a0<\/div><div>\u00a0<\/div><div><b>RADIO CRISTALINA<\/b>\u00a0<br \/><a id=\"OWAd3f20e4f-0be9-0697-385f-767570030fbd\" title=\"https:\/\/radiocristalina.cl\/maule-impulsa-crecimiento-gobierno-regional-lanza-fondo-para-proyectos-que-transformaran-economia-local\/\" href=\"https:\/\/radiocristalina.cl\/maule-impulsa-crecimiento-gobierno-regional-lanza-fondo-para-proyectos-que-transformaran-economia-local\/\" target=\"_blank\" rel=\"noopener noreferrer\" data-auth=\"NotApplicable\" data-linkindex=\"8\">Maule impulsa crecimiento: Gobierno Regional lanza fondo para proyectos que transformar\u00e1n econom\u00eda local. Se refiere\u00a0Ariela Vergara, directora de Innovaci\u00f3n y Transferencia Tecnol\u00f3gica.<\/a>\u00a0<\/div><div><b>CANAL 2 LINARES<\/b>\u00a0<br \/><a id=\"OWAed0a330f-1223-8ac8-8763-3df70a4046a4\" title=\"https:\/\/www.canal2linares.cl\/2025\/12\/maule-impulsa-su-crecimiento-gobierno.html\" href=\"https:\/\/www.canal2linares.cl\/2025\/12\/maule-impulsa-su-crecimiento-gobierno.html\" target=\"_blank\" rel=\"noopener noreferrer\" data-auth=\"NotApplicable\" data-linkindex=\"9\">Maule impulsa su crecimiento: Gobierno Regional lanza fondo para proyectos que transformar\u00e1n la econom\u00eda local. Se refiere\u00a0Ariela Vergara, directora de Innovaci\u00f3n y Transferencia Tecnol\u00f3gica.<\/a>\u00a0<\/div><div aria-hidden=\"true\">\u00a0<\/div><div><b>EL HERALDO<\/b>\u00a0<br \/><a id=\"OWA972e65d0-3d67-2047-2fb5-b38334418a82\" title=\"https:\/\/www.litoralpress.cl\/paginaconsultas\/Servicios_NClipWeb\/Get_Imagen_Nota.aspx?LPKey=3YO2QRM3DFV4PKIF2L5CPVGC3CIASKNX7A5UNYP2QPU6ZZRVATEJ23BE2GE5S4IPCFU3J7YQLS3EA\" href=\"https:\/\/www.litoralpress.cl\/paginaconsultas\/Servicios_NClipWeb\/Get_Imagen_Nota.aspx?LPKey=3YO2QRM3DFV4PKIF2L5CPVGC3CIASKNX7A5UNYP2QPU6ZZRVATEJ23BE2GE5S4IPCFU3J7YQLS3EA\" target=\"_blank\" rel=\"noopener noreferrer\" data-auth=\"NotApplicable\" data-linkindex=\"10\">Cerezas: Cambio clim\u00e1tico obliga a replantear estrategias en su producci\u00f3n. Se refiere \u00c1lvaro Sep\u00falveda Le\u00f3n, investigador del Centro de Pom\u00e1ceas.<\/a>\u00a0<\/div><div>\u00a0<\/div><div><b>DIARIO EL HERALDO<\/b>\u00a0<br \/><a id=\"OWA0ec66043-a879-822c-d109-495cd8de23ec\" title=\"https:\/\/www.diarioelheraldo.cl\/noticia\/cambio-climatico-obliga-a-replantear-estrategias-en-su-produccion\" href=\"https:\/\/www.diarioelheraldo.cl\/noticia\/cambio-climatico-obliga-a-replantear-estrategias-en-su-produccion\" target=\"_blank\" rel=\"noopener noreferrer\" data-auth=\"NotApplicable\" data-linkindex=\"11\">Cerezas: Cambio clim\u00e1tico obliga a replantear estrategias en su producci\u00f3n. Se refiere \u00c1lvaro Sep\u00falveda Le\u00f3n, investigador del Centro de Pom\u00e1ceas.<\/a>\u00a0<\/div><div>\u00a0<\/div><div><b>TIERRA AMARILLANO<\/b>\u00a0<br \/><a id=\"OWAd1fe3c0f-7566-8be6-77ed-29e77e8402fc\" title=\"https:\/\/tierramarillano.cl\/2025\/12\/17\/cerezas-cambio-climatico-obliga-a-replantear-estrategias-en-su-produccion\/\" href=\"https:\/\/tierramarillano.cl\/2025\/12\/17\/cerezas-cambio-climatico-obliga-a-replantear-estrategias-en-su-produccion\/\" target=\"_blank\" rel=\"noopener noreferrer\" data-auth=\"NotApplicable\" data-linkindex=\"12\">Cerezas: Cambio clim\u00e1tico obliga a replantear estrategias en su producci\u00f3n. Se refiere \u00c1lvaro Sep\u00falveda Le\u00f3n, investigador del Centro de Pom\u00e1ceas.<\/a>\u00a0<\/div><div>\u00a0<\/div><div><b>PORTAL AGRO CHILE<\/b>\u00a0<br \/><a id=\"OWA11db08f0-0bb3-82aa-d739-4d7dbb9b7472\" title=\"https:\/\/www.portalagrochile.cl\/2025\/12\/17\/cerezas-cambio-climatico-obliga-a-replantear-estrategias-en-su-produccion\/\" href=\"https:\/\/www.portalagrochile.cl\/2025\/12\/17\/cerezas-cambio-climatico-obliga-a-replantear-estrategias-en-su-produccion\/\" target=\"_blank\" rel=\"noopener noreferrer\" data-auth=\"NotApplicable\" data-linkindex=\"13\">Cerezas: Cambio clim\u00e1tico obliga a replantear estrategias en su producci\u00f3n. Se refiere \u00c1lvaro Sep\u00falveda Le\u00f3n, investigador del Centro de Pom\u00e1ceas.<\/a>\u00a0<\/div><div>\u00a0<\/div><div><b>DIARIO TALCA<\/b>\u00a0<br \/><a id=\"OWAca152122-9d55-53a5-245b-62a369891697\" title=\"https:\/\/diariotalca.cl\/cerezas-cambio-climatico-obliga-a-replantear-estrategias-en-su-produccion\/\" href=\"https:\/\/diariotalca.cl\/cerezas-cambio-climatico-obliga-a-replantear-estrategias-en-su-produccion\/\" target=\"_blank\" rel=\"noopener noreferrer\" data-auth=\"NotApplicable\" data-linkindex=\"14\">Cerezas: cambio clim\u00e1tico obliga a replantear estrategias en su producci\u00f3n. Se refiere \u00c1lvaro Sep\u00falveda Le\u00f3n, investigador del Centro de Pom\u00e1ceas.<\/a>\u00a0<\/div><div>\u00a0<\/div><div><b>CANAL 2 LINARES<\/b>\u00a0<br \/><a id=\"OWAc5adfea1-dbef-aee1-f63c-dbc67072a844\" title=\"https:\/\/www.canal2linares.cl\/2025\/12\/cerezas-cambio-climatico-obliga.html\" href=\"https:\/\/www.canal2linares.cl\/2025\/12\/cerezas-cambio-climatico-obliga.html\" target=\"_blank\" rel=\"noopener noreferrer\" data-auth=\"NotApplicable\" data-linkindex=\"15\">Cerezas: Cambio clim\u00e1tico obliga a replantear estrategias en su producci\u00f3n. Se refiere \u00c1lvaro Sep\u00falveda Le\u00f3n, investigador del Centro de Pom\u00e1ceas.<\/a>\u00a0<\/div><div>\u00a0<\/div><div><b>MEDIABANCO<\/b>\u00a0<br \/><a id=\"OWAab3da30b-5757-6581-7e5f-b2e879b87539\" title=\"https:\/\/www.mediabanco.com\/estudio-revela-impacto-positivo-de-centros-diurnos-en-la-salud-y-autonomia-de-personas-mayores\/\" href=\"https:\/\/www.mediabanco.com\/estudio-revela-impacto-positivo-de-centros-diurnos-en-la-salud-y-autonomia-de-personas-mayores\/\" target=\"_blank\" rel=\"noopener noreferrer\" data-auth=\"NotApplicable\" data-linkindex=\"16\">Estudio revela impacto positivo de Centros Diurnos en la salud y autonom\u00eda de personas mayores. Se refiere\u202fIv\u00e1n Palomo, director del Centro de Longevidad Vitalis y Luis Guzm\u00e1n, decano de la Facultad de Ciencias de la Salud.<\/a>\u00a0<\/div><div>\u00a0<\/div><div><b>RADIO MAULE SUR<\/b>\u00a0<br \/><a id=\"OWA0ca94255-afcf-3c24-e81e-949f7c342c65\" title=\"https:\/\/www.radiomaulesur.cl\/2025\/12\/estudio-revela-impacto-positivo-de.html\" href=\"https:\/\/www.radiomaulesur.cl\/2025\/12\/estudio-revela-impacto-positivo-de.html\" target=\"_blank\" rel=\"noopener noreferrer\" data-auth=\"NotApplicable\" data-linkindex=\"17\">Estudio revela impacto positivo de centros diurnos en la salud y autonom\u00eda de personas mayores. Se refiere\u202fIv\u00e1n Palomo, director del Centro de Longevidad Vitalis y Luis Guzm\u00e1n, decano de la Facultad de Ciencias de la Salud.<\/a>\u00a0<\/div><div>\u00a0<\/div><div><b>RADIO ALLEN<\/b>\u00a0<br \/><a id=\"OWAb64b2d59-1af0-4349-3415-951096a35961\" title=\"https:\/\/radioallen.cl\/estimulacion-cognitiva-estudio-revela-impacto-positivo-de-centros-diurnos-en-la-salud-y-autonomia-de-personas-mayores\/\" href=\"https:\/\/radioallen.cl\/estimulacion-cognitiva-estudio-revela-impacto-positivo-de-centros-diurnos-en-la-salud-y-autonomia-de-personas-mayores\/\" target=\"_blank\" rel=\"noopener noreferrer\" data-auth=\"NotApplicable\" data-linkindex=\"18\">Estimulaci\u00f3n Cognitiva: Estudio revela impacto positivo de Centros Diurnos en la salud y autonom\u00eda de personas mayores. Se refiere\u202fIv\u00e1n Palomo, director del Centro de Longevidad Vitalis y Luis Guzm\u00e1n, decano de la Facultad de Ciencias de la Salud.<\/a>\u00a0<\/div><div>\u00a0<\/div><div><b>MAULE HOY<\/b>\u00a0<br \/><a id=\"OWAda490e3e-38a7-9e39-aee7-4be200476be7\" title=\"https:\/\/www.litoralpress.cl\/paginaconsultas\/Servicios_NClipWeb\/Get_Imagen_Nota.aspx?LPKey=TTDI2M2MWGCQEPV37C27PI2HSNHR32RICJATZUZICYVAZKY5EBXWVGILPAXWQDEYWT4WYOBJQWZJC\" href=\"https:\/\/www.litoralpress.cl\/paginaconsultas\/Servicios_NClipWeb\/Get_Imagen_Nota.aspx?LPKey=TTDI2M2MWGCQEPV37C27PI2HSNHR32RICJATZUZICYVAZKY5EBXWVGILPAXWQDEYWT4WYOBJQWZJC\" target=\"_blank\" rel=\"noopener noreferrer\" data-auth=\"NotApplicable\" data-linkindex=\"19\">Certifican a participantes de la Escuela de Liderazgo del Programa Mujer Participaci\u00f3n Pol\u00edtica y Social en la regi\u00f3n. Se refiere Natalia V\u00e9liz Olivos, directora de la direcci\u00f3n de G\u00e9nero<\/a>\u00a0<\/div><div>\u00a0<\/div><div id=\"x_Signature\">\u00a0<\/div>\t\t\t\t\t\t<\/div>\n\t\t\t\t<\/div>\n\t\t\t\t\t<\/div>\n\t\t<\/div>\n\t\t\t\t\t\t\t<\/div>\n\t\t<\/section>\n\t\t\t\t\t\t<\/div>\n\t\t\t\t\t<\/div>\n\t\t","protected":false},"excerpt":{"rendered":"<p>DIARIO TALCA\u00a0Tren de Navidad UTalca llev\u00f3 alegr\u00eda y tradici\u00f3n a familias del Ramal. Se refiere Carlos Torres Fuchslocher\u202f, rector.\u00a0\u00a0EL LECTOR\u00a0Tren de Navidad\u00a0UTalca\u00a0llevo alegr\u00eda y tradici\u00f3n a familias del Ramal.\u00a0Se refiere Carlos Torres\u00a0Fuchslocher\u202f,\u00a0rector, Lysette Henr\u00edquez Amestoy, presidenta del Consejo Superior de la\u00a0UTalca\u00a0y Mar\u00eda Cecilia Sep\u00falveda, directora del Coro Juvenil\u00a0\u00a0AD PRENSA\u00a0Tren de Navidad\u00a0UTalca\u00a0llev\u00f3 alegr\u00eda y tradici\u00f3n a &hellip;<\/p>\n<p class=\"read-more\"> <a class=\"\" href=\"https:\/\/www.reportedeprensa.utalca.cl\/?p=13076\"> <span class=\"screen-reader-text\">18 de diciembre 2025<\/span> Read More &raquo;<\/a><\/p>\n","protected":false},"author":1,"featured_media":0,"comment_status":"closed","ping_status":"open","sticky":false,"template":"","format":"standard","meta":{"_monsterinsights_skip_tracking":false,"_monsterinsights_sitenote_active":false,"_monsterinsights_sitenote_note":"","_monsterinsights_sitenote_category":0},"categories":[66],"tags":[],"_links":{"self":[{"href":"https:\/\/www.reportedeprensa.utalca.cl\/index.php?rest_route=\/wp\/v2\/posts\/13076"}],"collection":[{"href":"https:\/\/www.reportedeprensa.utalca.cl\/index.php?rest_route=\/wp\/v2\/posts"}],"about":[{"href":"https:\/\/www.reportedeprensa.utalca.cl\/index.php?rest_route=\/wp\/v2\/types\/post"}],"author":[{"embeddable":true,"href":"https:\/\/www.reportedeprensa.utalca.cl\/index.php?rest_route=\/wp\/v2\/users\/1"}],"replies":[{"embeddable":true,"href":"https:\/\/www.reportedeprensa.utalca.cl\/index.php?rest_route=%2Fwp%2Fv2%2Fcomments&post=13076"}],"version-history":[{"count":4,"href":"https:\/\/www.reportedeprensa.utalca.cl\/index.php?rest_route=\/wp\/v2\/posts\/13076\/revisions"}],"predecessor-version":[{"id":13080,"href":"https:\/\/www.reportedeprensa.utalca.cl\/index.php?rest_route=\/wp\/v2\/posts\/13076\/revisions\/13080"}],"wp:attachment":[{"href":"https:\/\/www.reportedeprensa.utalca.cl\/index.php?rest_route=%2Fwp%2Fv2%2Fmedia&parent=13076"}],"wp:term":[{"taxonomy":"category","embeddable":true,"href":"https:\/\/www.reportedeprensa.utalca.cl\/index.php?rest_route=%2Fwp%2Fv2%2Fcategories&post=13076"},{"taxonomy":"post_tag","embeddable":true,"href":"https:\/\/www.reportedeprensa.utalca.cl\/index.php?rest_route=%2Fwp%2Fv2%2Ftags&post=13076"}],"curies":[{"name":"wp","href":"https:\/\/api.w.org\/{rel}","templated":true}]}}