{"id":13081,"date":"2025-12-19T10:13:38","date_gmt":"2025-12-19T13:13:38","guid":{"rendered":"https:\/\/www.reportedeprensa.utalca.cl\/?p=13081"},"modified":"2025-12-22T10:17:42","modified_gmt":"2025-12-22T13:17:42","slug":"19-de-diciembre-2025","status":"publish","type":"post","link":"https:\/\/www.reportedeprensa.utalca.cl\/?p=13081","title":{"rendered":"19 de diciembre 2025"},"content":{"rendered":"\t\t<div data-elementor-type=\"wp-post\" data-elementor-id=\"13081\" class=\"elementor elementor-13081\" data-elementor-settings=\"[]\">\n\t\t\t\t\t\t\t<div class=\"elementor-section-wrap\">\n\t\t\t\t\t\t\t<section class=\"elementor-section elementor-top-section elementor-element elementor-element-bcea1a8 elementor-section-boxed elementor-section-height-default elementor-section-height-default\" data-id=\"bcea1a8\" data-element_type=\"section\">\n\t\t\t\t\t\t<div class=\"elementor-container elementor-column-gap-default\">\n\t\t\t\t\t<div class=\"elementor-column elementor-col-100 elementor-top-column elementor-element elementor-element-e7183bf\" data-id=\"e7183bf\" data-element_type=\"column\">\n\t\t\t<div class=\"elementor-widget-wrap elementor-element-populated\">\n\t\t\t\t\t\t\t\t<div class=\"elementor-element elementor-element-2246ecd elementor-widget elementor-widget-text-editor\" data-id=\"2246ecd\" data-element_type=\"widget\" data-widget_type=\"text-editor.default\">\n\t\t\t\t<div class=\"elementor-widget-container\">\n\t\t\t\t\t\t\t\t<p><b><span data-contrast=\"auto\">LA TERCERA<\/span><\/b>\u00a0<br \/><a href=\"https:\/\/www.litoralpress.cl\/paginaconsultas\/Servicios_NClipWeb\/Get_Imagen_Nota.aspx?LPKey=LDGHNJ7IALHRSEMT2WR5MP73M2TE77BVGCKWN422QDDC7UQ6OKUZ2FOKZP3GUV3SEKZ6IZ3L7WH64\"><span data-contrast=\"none\">Universidad de Talca genera I+D+i de frontera contribuyendo a la sostenibilidad del pa\u00eds. Se refiere Carlos Torres\u00a0Fuchslocher, rector.<\/span><\/a><span data-ccp-props=\"{}\">\u00a0<\/span><\/p><p>\u00a0<\/p><p><b><span data-contrast=\"auto\">LA PRENSA DE CURIC\u00d3<\/span><\/b>\u00a0<br \/><a href=\"https:\/\/www.litoralpress.cl\/paginaconsultas\/Servicios_NClipWeb\/Get_Imagen_Nota.aspx?LPKey=LUUOPYR7XXXKEF474BSCNFPNIHM3IRRGCJXFIGLS5TI5CXFVU2S2IQGWB62OUHN33XK5D5E5UWOBG\"><span data-contrast=\"none\">Con emoci\u00f3n y alegr\u00eda los ni\u00f1os del ramal recibieron al tren de Navidad. Se refiere Carlos Torres\u00a0Fuchslocher, rector y Marcela Albornoz\u00a0Dachelet, directora de Extensi\u00f3n Cultural Art\u00edstica.<\/span><\/a><span data-ccp-props=\"{}\">\u00a0<\/span><\/p><p><span data-ccp-props=\"{}\">\u00a0<\/span><\/p><p><b><span data-contrast=\"auto\">EL MERCURIO<\/span><\/b>\u00a0<br \/><a href=\"https:\/\/www.litoralpress.cl\/paginaconsultas\/Servicios_NClipWeb\/Get_Imagen_Nota.aspx?LPKey=QYURODALNGJ42XN54I3K2BP257V3M2Y4RZ2GNUP72CRQ36C36DR2H2QF4VBOHSPCCROWET6EDLBY6\"><span data-contrast=\"none\">Detienen a hombre que en faenas agr\u00edcolas origin\u00f3 incendio en Santo Domingo. Se refiere\u00a0<\/span><span data-contrast=\"none\">Patricio Gonz\u00e1lez\u00a0Colville, acad\u00e9mico del Centro de Investigaci\u00f3n en Transferencia en Riego y\u00a0Agroclimatolog\u00eda\u00a0(CITRA)\u202f<\/span><\/a><span data-ccp-props=\"{}\">\u00a0<\/span><\/p><p>\u00a0<\/p><p><strong>EL HERALDO\u00a0<\/strong><br \/><a href=\"https:\/\/www.litoralpress.cl\/paginaconsultas\/Servicios_NClipWeb\/Get_Imagen_Nota.aspx?LPKey=HN2FYB3ZVCFXGBLJVIVI4Q2BXIN6ESER6AQHICDEGXKJRR26DKUOKYTKVMXXERQ3YXHJFYLRJ42SG\"><span data-contrast=\"none\">Red de salud del Maule se prepara ante un verano con olas de calor m\u00e1s intensas.<\/span><span data-contrast=\"none\">\u00a0<\/span><span data-contrast=\"none\">Se refiere\u00a0<\/span><span data-contrast=\"none\">Patricio Gonz\u00e1lez\u00a0Colville, acad\u00e9mico del Centro de Investigaci\u00f3n en Transferencia en Riego y\u00a0Agroclimatolog\u00eda\u00a0(CITRA)\u202f<\/span><\/a><\/p><p><span data-ccp-props=\"{}\">\u00a0<\/span><\/p><p><strong>LA PRENSA DE CURIC\u00d3\u00a0<\/strong><br \/><a href=\"https:\/\/www.litoralpress.cl\/paginaconsultas\/Servicios_NClipWeb\/Get_Imagen_Nota.aspx?LPKey=IR6ZSGCMXJM5F6CUE3GXBPECKVIW3KFK4RSDCB4UZUOREVWX4LN2HZ2ZA3K4CIZXRR7WS3ZUKFJQI\"><span data-contrast=\"none\">Experto de\u00a0UTalca\u00a0recalc\u00f3 que es clave adaptarse al cambio clim\u00e1tico y que cada comuna deber\u00eda tener un plan. Se refiere Patricio Gonz\u00e1lez\u00a0Colville, acad\u00e9mico del Centro de Investigaci\u00f3n en Transferencia en Riego y\u00a0Agroclimatolog\u00eda\u00a0(CITRA)\u202f<\/span><\/a><span data-ccp-props=\"{}\">\u00a0<\/span><\/p><p>\u00a0<\/p><p><strong>M\u00daSICA Y NOTICIAS\u00a0<\/strong><br \/><a href=\"https:\/\/www.musicaynoticias.cl\/region-del-maule\/provincia-talca\/talca\/servicio-de-salud-maule-refuerza-preparacion-sanitaria-ante-un-verano-marcado-por-calor-extremo\/\"><span data-contrast=\"none\">Servicio de Salud Maule refuerza preparaci\u00f3n sanitaria ante un verano marcado por calor extremo. Se refiere Patricio Gonz\u00e1lez\u00a0Colville, acad\u00e9mico del Centro de Investigaci\u00f3n en Transferencia en Riego y\u00a0Agroclimatolog\u00eda\u00a0(CITRA)\u202f<\/span><\/a><span data-ccp-props=\"{}\">\u00a0<\/span><\/p><p>\u00a0<\/p><p><strong>DIARIO LA PRENSA\u00a0<\/strong><br \/><a href=\"https:\/\/new.diariolaprensa.cl\/index.php\/2025\/12\/18\/con-emocion-y-alegria-los-ninos-del-ramal-recibieron-al-tren-de-navidad\/\"><span data-contrast=\"none\">Con emoci\u00f3n y alegr\u00eda los ni\u00f1os del ramal recibieron al tren de Navidad. Se refiere Carlos Torres\u00a0Fuchslocher, rector y Marcela Albornoz\u00a0Dachelet, directora de Extensi\u00f3n Cultural Art\u00edstica<\/span><\/a><span data-ccp-props=\"{}\">\u00a0<\/span><\/p><p>\u00a0<\/p><p><strong>DIARIO LA PRENSA\u00a0<\/strong><br \/><a href=\"https:\/\/new.diariolaprensa.cl\/index.php\/2025\/12\/18\/experto-de-utalca-recalco-que-es-clave-adaptarse-al-cambio-climatico-y-que-cada-comuna-deberia-tener-un-plan\/\"><span data-contrast=\"none\">Experto de\u00a0UTalca\u00a0recalc\u00f3 que es clave adaptarse al cambio clim\u00e1tico y que cada comuna deber\u00eda tener un plan. Se refiere Patricio Gonz\u00e1lez\u00a0Colville, acad\u00e9mico del Centro de Investigaci\u00f3n en Transferencia en Riego y\u00a0Agroclimatolog\u00eda\u00a0(CITRA)\u202f<\/span><\/a><span data-ccp-props=\"{}\">\u00a0<\/span><\/p><p>\u00a0<\/p><p><strong>DIARIOS EN RED\u00a0<\/strong><br \/><a href=\"https:\/\/diariosenred.com\/red-de-salud-del-maule-se-prepara-ante-un-verano-con-olas-de-calor-mas\"><span data-contrast=\"none\">Red\u00a0de salud del Maule se prepara ante un verano con olas de calor m\u00e1s intensas. Se refiere Patricio Gonz\u00e1lez\u00a0Colville, acad\u00e9mico del Centro de Investigaci\u00f3n en Transferencia en Riego y\u00a0Agroclimatolog\u00eda\u00a0(CITRA)<\/span><\/a><span data-ccp-props=\"{}\">\u00a0<\/span><\/p><p>\u00a0<\/p><p><strong>RED MAULE\u00a0<\/strong><br \/><a href=\"https:\/\/redmaule.com\/red-de-salud-del-maule-se-prepara-ante-un-verano-con-olas-de-calor-mas\"><span data-contrast=\"none\">Red de salud del Maule se prepara ante un verano con olas de calor m\u00e1s intensas. Se refiere Patricio Gonz\u00e1lez\u00a0Colville, acad\u00e9mico del Centro de Investigaci\u00f3n en Transferencia en Riego y\u00a0Agroclimatolog\u00eda\u00a0(CITRA)<\/span><\/a><span data-ccp-props=\"{}\">\u00a0<\/span><\/p><p>\u00a0<\/p><p><strong>RED LOS LAGOS\u00a0<\/strong><br \/><a href=\"https:\/\/redloslagos.com\/red-de-salud-del-maule-se-prepara-ante-un-verano-con-olas-de-calor-mas\"><span data-contrast=\"none\">Red de salud del Maule se prepara ante un verano con olas de calor m\u00e1s intensas. Se refiere Patricio Gonz\u00e1lez\u00a0Colville, acad\u00e9mico del Centro de Investigaci\u00f3n en Transferencia en Riego y\u00a0Agroclimatolog\u00eda\u00a0(CITRA)<\/span><\/a><span data-ccp-props=\"{}\">\u00a0<\/span><\/p><p>\u00a0<\/p><p><strong>RED ARAUCAN\u00cdA\u00a0\u00a0<\/strong><br \/><a href=\"https:\/\/redaraucania.com\/red-de-salud-del-maule-se-prepara-ante-un-verano-con-olas-de-calor-mas\"><span data-contrast=\"none\">Red de salud del Maule se prepara ante un verano con olas de calor m\u00e1s intensas.<\/span><span data-contrast=\"none\">\u00a0<\/span><span data-contrast=\"none\">Se refiere\u00a0<\/span><span data-contrast=\"none\">Patricio Gonz\u00e1lez\u00a0Colville, acad\u00e9mico del Centro de Investigaci\u00f3n en Transferencia en Riego y\u00a0Agroclimatolog\u00eda\u00a0(CITRA)\u202f<\/span><\/a><span data-ccp-props=\"{}\">\u00a0<\/span><\/p><p>\u00a0<\/p><p><strong>RED ARICA\u00a0<\/strong><br \/><a href=\"https:\/\/redarica.com\/red-de-salud-del-maule-se-prepara-ante-un-verano-con-olas-de-calor-mas\"><span data-contrast=\"none\">Red de salud del Maule se prepara ante un verano con olas de calor m\u00e1s intensas.<\/span><span data-contrast=\"none\">\u00a0<\/span><span data-contrast=\"none\">Se refiere\u00a0<\/span><span data-contrast=\"none\">Patricio Gonz\u00e1lez\u00a0Colville, acad\u00e9mico del Centro de Investigaci\u00f3n en Transferencia en Riego y\u00a0Agroclimatolog\u00eda\u00a0(CITRA)\u202f<\/span><\/a><span data-ccp-props=\"{}\">\u00a0<\/span><\/p><p>\u00a0<\/p><p><strong>EL MAULE INFORMA\u00a0<\/strong><br \/><a href=\"https:\/\/elmauleinforma.cl\/red-de-salud-del-maule-se-prepara-ante-un-verano-con-olas-de-calor-mas-intensas\/\"><span data-contrast=\"none\">Red de salud del Maule se prepara ante un verano con olas de calor m\u00e1s intensas.<\/span><span data-contrast=\"none\">\u00a0<\/span><span data-contrast=\"none\">Se refiere\u00a0<\/span><span data-contrast=\"none\">Patricio Gonz\u00e1lez\u00a0Colville, acad\u00e9mico del Centro de Investigaci\u00f3n en Transferencia en Riego y\u00a0Agroclimatolog\u00eda\u00a0(CITRA)\u202f<\/span><\/a><span data-ccp-props=\"{}\">\u00a0<\/span><\/p><p>\u00a0<\/p><p><strong>RADIO LAUTARO\u00a0<\/strong><br \/><a href=\"https:\/\/radiolautarotalca.cl\/el-maule-se-prepara-ante-un-verano-con-olas-de-calor-mas-intensas\/\"><span data-contrast=\"none\">El Maule se prepara ante un verano con olas de calor m\u00e1s intensas. Se refiere Patricio Gonz\u00e1lez\u00a0Colville, acad\u00e9mico del Centro de Investigaci\u00f3n en Transferencia en Riego y\u00a0Agroclimatolog\u00eda\u00a0(CITRA)\u202f<\/span><\/a><span data-ccp-props=\"{}\">\u00a0<\/span><\/p><p><span data-ccp-props=\"{}\">\u00a0<\/span><\/p><p><strong>S\u00c9PTIMA P\u00c1GINA NOTICIAS\u00a0<\/strong><br \/><a href=\"https:\/\/www.septimapaginanoticias.cl\/nueva-cepa-h3n2-que-significa-para-chile-y-como-nos-afecta\"><span data-contrast=\"none\">Nueva cepa H3N2: \u00bfQu\u00e9 significa para Chile y c\u00f3mo nos afecta? Se refiere\u00a0<\/span><span data-contrast=\"none\">Pamela Cuevas, epidemi\u00f3loga y acad\u00e9mica del Departamento de Salud P\u00fablica\u202f<\/span><\/a><span data-ccp-props=\"{}\">\u00a0<\/span><\/p><p>\u00a0<\/p><p><strong>TU CASA TU RADIO\u00a0<\/strong><br \/><a href=\"https:\/\/tucasaturadio.cl\/nueva-cepa-h3n2-que-significa-para-chile-y-como-nos-afecta\/\"><span data-contrast=\"none\">Nueva cepa H3N2: \u00bfQu\u00e9 significa para Chile y c\u00f3mo nos afecta? Se refiere\u00a0<\/span><span data-contrast=\"none\">Pamela Cuevas, epidemi\u00f3loga y acad\u00e9mica del Departamento de Salud P\u00fablica\u202f<\/span><\/a><span data-ccp-props=\"{}\">\u00a0<\/span><\/p><p>\u00a0<\/p><p><strong>EL MAULE INFORMA\u00a0<\/strong><br \/><a href=\"https:\/\/elmauleinforma.cl\/nueva-cepa-h3n2-que-significa-para-chile-y-como-nos-afecta\/\"><span data-contrast=\"none\">Nueva cepa H3N2: \u00bfQu\u00e9 significa para Chile y c\u00f3mo nos afecta? Se refiere\u00a0<\/span><span data-contrast=\"none\">Pamela Cuevas, epidemi\u00f3loga y acad\u00e9mica del Departamento de Salud P\u00fablica\u202f<\/span><\/a><span data-ccp-props=\"{}\">\u00a0<\/span><\/p><p>\u00a0<\/p><p><strong>DIARIO EL PULSO\u00a0<\/strong><br \/><a href=\"https:\/\/www.diarioelpulso.cl\/2025\/12\/18\/nueva-cepa-h3n2-que-significa-para-chile-y-como-nos-afecta\/\"><span data-contrast=\"none\">Nueva cepa H3N2: \u00bfQu\u00e9 significa para Chile y c\u00f3mo nos afecta? Se refiere\u00a0<\/span><span data-contrast=\"none\">Pamela Cuevas, epidemi\u00f3loga y acad\u00e9mica del Departamento de Salud P\u00fablica\u202f<\/span><\/a><span data-ccp-props=\"{}\">\u00a0<\/span><\/p><p>\u00a0<\/p><p><strong>COOPERATIVA CIENCIA\u00a0<\/strong><br \/><a href=\"https:\/\/www.cooperativaciencia.cl\/salud\/2025\/12\/18\/ministerio-de-salud-confirma-variante-de-influenza-h3n2-en-chile\/\"><span data-contrast=\"none\">Ministerio de Salud confirma variante de influenza H3N2 en Chile Se refiere\u00a0<\/span><span data-contrast=\"none\">Pamela Cuevas, epidemi\u00f3loga y acad\u00e9mica del Departamento de Salud P\u00fablica\u202f<\/span><\/a><span data-ccp-props=\"{}\">\u00a0<\/span><\/p><p>\u00a0<\/p><p><strong>EL MOSTRADOR\u00a0<\/strong><br \/><a href=\"https:\/\/www.elmostrador.cl\/agenda-pais\/vida-en-linea\/2025\/12\/18\/nueva-cepa-de-influenza-h3n2-llega-a-chile-que-implica-su-expansion-y-como-podria-afectarnos\/\"><span data-contrast=\"none\">Nueva cepa de influenza H3N2 llega a Chile: qu\u00e9 implica su expansi\u00f3n y c\u00f3mo podr\u00eda afectarnos. Se refiere\u00a0<\/span><span data-contrast=\"none\">Pamela Cuevas, epidemi\u00f3loga y acad\u00e9mica del Departamento de Salud P\u00fablica\u202f<\/span><\/a><span data-ccp-props=\"{}\">\u00a0<\/span><\/p><p><span data-ccp-props=\"{}\">\u00a0<\/span><\/p><p><strong>EL LECTOR\u00a0<\/strong><br \/><a href=\"https:\/\/www.litoralpress.cl\/paginaconsultas\/Servicios_NClipWeb\/Get_Imagen_Nota.aspx?LPKey=3RVPQB3CWVI4AUGXITRAW75GKWMDHUDMT7QUXWA6DXKZOEX3AQLSRIXRWNGEGKRHLP5EYYOV7MF7O\"><span data-contrast=\"none\">Cerezas: Cambio clim\u00e1tico obliga a replantear estrategias en su producci\u00f3n. Se refiere \u00c1lvaro Sep\u00falveda Le\u00f3n, investigador del Centro de Pom\u00e1ceas.<\/span><\/a><span data-ccp-props=\"{}\">\u00a0<\/span><\/p><p>\u00a0<\/p><p><strong>RADIO CRISTALINA\u00a0<\/strong><br \/><a href=\"https:\/\/radiocristalina.cl\/cerezas-cambio-climatico-obliga-a-replantear-estrategias-en-su-produccion-exportaciones-han-bajado-un-20\/\"><span data-contrast=\"none\">Cerezas: Cambio clim\u00e1tico obliga a replantear estrategias de producci\u00f3n. Exportaciones han bajado un 20%. Se refiere \u00c1lvaro Sep\u00falveda Le\u00f3n, investigador del Centro de Pom\u00e1ceas.<\/span><\/a><span data-ccp-props=\"{}\">\u00a0<\/span><\/p><p>\u00a0<\/p><p><strong>REPORTE AGR\u00cdCOLA\u00a0<\/strong><br \/><a href=\"https:\/\/www.reporteagricola.cl\/noticia\/noticias\/2025\/12\/proyecto-proteger-cerezas-manzanas-pardeamiento-interno\"><span data-contrast=\"none\">Proyecto busca proteger manzanas y cerezas de pardeamiento interno. Se refiere \u00c1lvaro Sep\u00falveda Le\u00f3n, investigador del Centro de Pom\u00e1ceas.<\/span><\/a><span data-ccp-props=\"{}\">\u00a0<\/span><\/p><p>\u00a0<\/p><p><strong>SAN CARLOS ONLINE\u00a0<\/strong><br \/><a href=\"https:\/\/www.sancarlosonline.cl\/2025\/12\/cambio-climatico-obliga-replantear.html\"><span data-contrast=\"none\">Cambio clim\u00e1tico obliga a replantear estrategias para la producci\u00f3n de cerezas. Se refiere \u00c1lvaro Sep\u00falveda Le\u00f3n, investigador del Centro de Pom\u00e1ceas.<\/span><\/a><span data-ccp-props=\"{}\">\u00a0<\/span><\/p><p><span data-ccp-props=\"{}\">\u00a0<\/span><\/p><p><strong>LA PRENSA DE CURIC\u00d3\u00a0<\/strong><br \/><a href=\"https:\/\/www.litoralpress.cl\/paginaconsultas\/Servicios_NClipWeb\/Get_Imagen_Nota.aspx?LPKey=5UFE6W2PNF4XGK53EW43LCSVQUCA66VA3Y7WY5HPA2JTZOJI7EWFWL6AWPGPCHM22O7L7C24G57X6\"><span data-contrast=\"none\">Estudio de UTAL confirm\u00f3 efectividad de Centros Diurnos para mejorar salud mental\u00a0de adultos mayores.<\/span><span data-contrast=\"none\">\u00a0<\/span><span data-contrast=\"none\">Se refiere\u202fIv\u00e1n Palomo, director del Centro de Longevidad Vitalis y Luis Guzm\u00e1n, decano de la Facultad de Ciencias de la Salud.<\/span><\/a><span data-ccp-props=\"{}\">\u00a0<\/span><\/p><p>\u00a0<\/p><p><strong>PAUTA COMUNAL\u00a0<\/strong><br \/><a href=\"https:\/\/pautacomunal.cl\/nacional\/promotores-del-envejecimiento-saludable-un-vinculo-entre-generaciones\/\"><span data-contrast=\"none\">Promotores del envejecimiento saludable: un v\u00ednculo entre generaciones. Se refiere\u202fIv\u00e1n Palomo, director del Centro de Longevidad Vitalis y Luis Guzm\u00e1n, decano de la Facultad de Ciencias de la Salud.<\/span><\/a><span data-ccp-props=\"{}\">\u00a0<\/span><\/p><p>\u00a0<\/p><p><strong>PORTAL RED SALUD\u00a0<\/strong><br \/><a href=\"https:\/\/portalredsalud.cl\/2025\/12\/18\/estudio-revela-impacto-positivo-de-centros-diurnos-en-la-salud-y-autonomia-de-personas-mayores\/\"><span data-contrast=\"none\">Estudio revela impacto positivo de Centros Diurnos en la salud y autonom\u00eda de personas mayores. Se refiere\u202fIv\u00e1n Palomo, director del Centro de Longevidad Vitalis y Luis Guzm\u00e1n, decano de la Facultad de Ciencias de la Salud.<\/span><\/a><span data-ccp-props=\"{}\">\u00a0<\/span><\/p><p><span data-ccp-props=\"{}\">\u00a0<\/span><\/p><p><span data-contrast=\"auto\">\u00a0<\/span><span data-ccp-props=\"{}\">\u00a0<\/span><\/p><p><strong>UNIVERSIDAD DE CHILE\u00a0<\/strong><br \/><a href=\"https:\/\/uchile.cl\/noticias\/235949\/clases-practicas-de-ia\"><span data-contrast=\"none\">Universidades estatales ofrecer\u00e1n clases pr\u00e1cticas de iniciaci\u00f3n en inteligencia artificial para la ciudadan\u00eda. Se refiere\u00a0<\/span><span data-contrast=\"none\">Ariela Vergara Jaque, directora de Innovaci\u00f3n y Transferencia.\u202f<\/span><\/a><span data-ccp-props=\"{}\">\u00a0<\/span><\/p><p>\u00a0<\/p><p><strong>DIARIO EL CENTRO\u00a0<\/strong><br \/><a href=\"https:\/\/www.diarioelcentro.cl\/2025\/12\/18\/fen-de-la-universidad-de-talca-conmemora-38-anos-con-charla-magistral-sobre-banca-publica\/\"><span data-contrast=\"none\">FEN de la Universidad de Talca conmemora 38 a\u00f1os con charla magistral sobre Banca P\u00fablica. Se refiere Arcadio Cerda, decano de la\u00a0<\/span><span data-contrast=\"none\">Facultad de Econom\u00eda y Negocios<\/span><\/a><span data-ccp-props=\"{}\">\u00a0<\/span><\/p><p>\u00a0<\/p><p><strong>REVISTA DE MINER\u00cdA\u00a0<\/strong><br \/><a href=\"https:\/\/www.litoralpress.cl\/paginaconsultas\/Servicios_NClipWeb\/Get_Imagen_Nota.aspx?LPKey=UWZY5GB3ARB5X6SUYQN5UBTGWMSO7ZUWCVQ3E45T744AQLZEOYMUUQSESIVTNDJSS5YN4IZUT7BTK\"><span data-contrast=\"none\">Santiago no es Chile. Se refiere Cecilia Flores Daza, director a de la Escuela de Ingenier\u00eda Civil en Minas.<\/span><\/a><span data-contrast=\"auto\">\u00a0<\/span><span data-ccp-props=\"{}\">\u00a0<\/span><\/p><p>\u00a0<\/p><p><strong>UNIVERSIDAD CAT\u00d3LICA DEL MAULE\u00a0<\/strong><br \/><a href=\"https:\/\/www.ucm.cl\/noticias\/uoh-utalca-y-uls-participaron-de-encuentro-interinstitucional-de-vinculacion-pace-en-la-ucm\/\"><span data-contrast=\"none\">UOH,\u00a0UTalca\u00a0y ULS participaron de Encuentro Interinstitucional de Vinculaci\u00f3n PACE en la UCM. Se refiere Iv\u00e1n Baeza Barra,\u00a0<\/span><span data-contrast=\"none\">coordinador ejecutivo del PACE\u202f<\/span><\/a><span data-ccp-props=\"{}\">\u00a0<\/span><\/p><p>\u00a0<\/p><p><strong>LUN MAS\u00a0<\/strong><br \/><a href=\"https:\/\/lunmas.cl\/diciembre-define-el-calibre-del-kiwi-riego-luz-y-calcio-en-el-huerto\/\"><span data-contrast=\"none\">Diciembre define el calibre del kiwi: riego, luz y calcio en el huerto.<\/span><span data-contrast=\"none\">\u00a0<\/span><span data-contrast=\"none\">Se refiere Mat\u00edas\u00a0Kulczewski\u00a0Bustos, investigador del Centro de Pom\u00e1ceas.<\/span><\/a><span data-ccp-props=\"{}\">\u00a0<\/span><\/p><p><span data-ccp-props=\"{}\">\u00a0<\/span><\/p><p><strong>EL LECTOR\u00a0<\/strong><br \/><a href=\"https:\/\/www.litoralpress.cl\/paginaconsultas\/Servicios_NClipWeb\/Get_Imagen_Nota.aspx?LPKey=RS6SS43LTCOMA7JOM6OSVF5C2CSGS45WSXNJALJ3ZR5SZIKKF3MNVZCLWSBHBYXETBHFOZOU7S33I\"><span data-contrast=\"none\">Gobierno Regional del Maule lanza Concurso Fondo Regional para la Productividad y el Desarrollo 2025. Se menciona la Universidad Talca.<\/span><\/a><span data-ccp-props=\"{}\">\u00a0<\/span><\/p><p>\u00a0<\/p><p><strong>DIARIO EL CENTRO\u00a0<\/strong><br \/><a href=\"https:\/\/www.diarioelcentro.cl\/2025\/12\/17\/estudiantes-de-la-fen-utalca-fortalecen-su-formacion-en-gira-academica-a-buenos-aires\/\"><span data-contrast=\"none\">Estudiantes de la FEN\u00a0UTalca\u00a0fortalecen su formaci\u00f3n en gira acad\u00e9mica a Buenos Aires. Se menciona la Universidad de Talca.<\/span><\/a><span data-ccp-props=\"{}\">\u00a0<\/span><\/p><p>\u00a0<\/p><p><strong>DIARIO TALCA\u00a0<\/strong><br \/><a href=\"https:\/\/diariotalca.cl\/un-dialogo-necesario-sobre-el-traje-presidencial-por-rodrigo-poblete\/\"><span data-contrast=\"none\">Un di\u00e1logo necesario sobre el traje presidencial. Sed menciona la Universidad de Talca.<\/span><\/a><span data-ccp-props=\"{}\">\u00a0<\/span><\/p><p>\u00a0<\/p><p><strong>CAUQUENES.NET\u00a0<\/strong><br \/><a href=\"https:\/\/cauquenesnet.cl\/2025\/12\/18\/muere-estudiante-de-medicina-de-la-universidad-de-talca-durante-su-internado-en-cauquenes\/\"><span data-contrast=\"none\">Muere estudiante de Medicina de la Universidad de Talca durante su internado en Cauquenes. Se menciona la Universidad de Talca<\/span><\/a><span data-ccp-props=\"{}\">\u00a0<\/span><\/p><p>\u00a0<\/p><p><strong>PUBLIMICRO\u00a0<\/strong><br \/><a href=\"https:\/\/publimicro.cl\/la-universidad-de-talca-y-el-hospital-de-curico-fortalecen-su-alianza-en-la-formacion-medica-durante-la-conmemoracion-del-dia-del-medico\/\"><span data-contrast=\"none\">La Universidad de Talca y el Hospital de Curic\u00f3 fortalecen su alianza en la formaci\u00f3n m\u00e9dica durante la conmemoraci\u00f3n del D\u00eda del M\u00e9dico. Se menciona la Universidad de Talca.<\/span><\/a><span data-ccp-props=\"{}\">\u00a0<\/span><\/p><p>\u00a0<\/p><p><strong>SERVEL<\/strong>\u00a0<br \/><a href=\"https:\/\/www.servel.cl\/2025\/12\/18\/presidenta-y-consejera-de-servel-participaron-en-xv-congreso-chileno-de-ciencia-politica\/\"><span data-contrast=\"none\">Presidenta\u00a0y\u00a0Consejera\u00a0de\u00a0Servel\u00a0participaron en XV Congreso Chileno de Ciencia Pol\u00edtica. Se menciona la Universidad de Talca.<\/span><\/a><span data-ccp-props=\"{}\">\u00a0<\/span><\/p><p>\u00a0<\/p><p><strong>CR\u00d3NICA DIGITAL\u00a0<\/strong><br \/><a href=\"https:\/\/cronicadigital.cl\/autorretrato-ciego-exhibicion-multisensorial-en-matucana-100\/\"><span data-contrast=\"none\">Autorretrato ciego, exhibici\u00f3n multisensorial: En Matucana 100. Se menciona la Universidad de Talca.<\/span><\/a><span data-ccp-props=\"{}\">\u00a0<\/span><\/p><p>\u00a0<\/p><p><strong>DIARIO UACH\u00a0<\/strong><br \/><a href=\"https:\/\/diario.uach.cl\/workshop-y-conferencia-sobre-adaptacion-local-al-cambio-climatico-e-inteligencia-artificial\/\"><span data-contrast=\"none\">Workshop y Conferencia sobre adaptaci\u00f3n local al cambio clim\u00e1tico e inteligencia artificial. Se menciona la Universidad de Talca.<\/span><\/a><span data-ccp-props=\"{}\">\u00a0<\/span><\/p><p>\u00a0<\/p><p><strong>RADIO REVELACI\u00d3N FM\u00a0<\/strong><br \/><a href=\"https:\/\/radiorevelacionfm.cl\/?p=62618\"><span data-contrast=\"none\">Cisnes celebra veladas navide\u00f1as con un brillante Concierto Coral. Se menciona la Universidad de Talca.<\/span><\/a><span data-ccp-props=\"{}\">\u00a0<\/span><\/p><p>\u00a0<\/p><p><strong>APOCALIPSIS FM\u00a0<\/strong><br \/><a href=\"https:\/\/www.apocalipsisfm.cl\/2025\/12\/18\/cisnes-celebra-veladas-navidenas-con-un-brillante-concierto-coral\/\"><span data-contrast=\"none\">Cisnes celebra Veladas Navide\u00f1as con un Brillante Concierto Coral. Se menciona la Universidad de Talca.<\/span><\/a><span data-ccp-props=\"{}\">\u00a0<\/span><\/p><p><span data-ccp-props=\"{}\">\u00a0<\/span><\/p>\t\t\t\t\t\t<\/div>\n\t\t\t\t<\/div>\n\t\t\t\t\t<\/div>\n\t\t<\/div>\n\t\t\t\t\t\t\t<\/div>\n\t\t<\/section>\n\t\t\t\t\t\t<\/div>\n\t\t\t\t\t<\/div>\n\t\t","protected":false},"excerpt":{"rendered":"<p>LA TERCERA\u00a0Universidad de Talca genera I+D+i de frontera contribuyendo a la sostenibilidad del pa\u00eds. Se refiere Carlos Torres\u00a0Fuchslocher, rector.\u00a0 \u00a0 LA PRENSA DE CURIC\u00d3\u00a0Con emoci\u00f3n y alegr\u00eda los ni\u00f1os del ramal recibieron al tren de Navidad. Se refiere Carlos Torres\u00a0Fuchslocher, rector y Marcela Albornoz\u00a0Dachelet, directora de Extensi\u00f3n Cultural Art\u00edstica.\u00a0 \u00a0 EL MERCURIO\u00a0Detienen a hombre que &hellip;<\/p>\n<p class=\"read-more\"> <a class=\"\" href=\"https:\/\/www.reportedeprensa.utalca.cl\/?p=13081\"> <span class=\"screen-reader-text\">19 de diciembre 2025<\/span> Read More &raquo;<\/a><\/p>\n","protected":false},"author":1,"featured_media":0,"comment_status":"closed","ping_status":"open","sticky":false,"template":"","format":"standard","meta":{"_monsterinsights_skip_tracking":false,"_monsterinsights_sitenote_active":false,"_monsterinsights_sitenote_note":"","_monsterinsights_sitenote_category":0},"categories":[66],"tags":[],"_links":{"self":[{"href":"https:\/\/www.reportedeprensa.utalca.cl\/index.php?rest_route=\/wp\/v2\/posts\/13081"}],"collection":[{"href":"https:\/\/www.reportedeprensa.utalca.cl\/index.php?rest_route=\/wp\/v2\/posts"}],"about":[{"href":"https:\/\/www.reportedeprensa.utalca.cl\/index.php?rest_route=\/wp\/v2\/types\/post"}],"author":[{"embeddable":true,"href":"https:\/\/www.reportedeprensa.utalca.cl\/index.php?rest_route=\/wp\/v2\/users\/1"}],"replies":[{"embeddable":true,"href":"https:\/\/www.reportedeprensa.utalca.cl\/index.php?rest_route=%2Fwp%2Fv2%2Fcomments&post=13081"}],"version-history":[{"count":4,"href":"https:\/\/www.reportedeprensa.utalca.cl\/index.php?rest_route=\/wp\/v2\/posts\/13081\/revisions"}],"predecessor-version":[{"id":13085,"href":"https:\/\/www.reportedeprensa.utalca.cl\/index.php?rest_route=\/wp\/v2\/posts\/13081\/revisions\/13085"}],"wp:attachment":[{"href":"https:\/\/www.reportedeprensa.utalca.cl\/index.php?rest_route=%2Fwp%2Fv2%2Fmedia&parent=13081"}],"wp:term":[{"taxonomy":"category","embeddable":true,"href":"https:\/\/www.reportedeprensa.utalca.cl\/index.php?rest_route=%2Fwp%2Fv2%2Fcategories&post=13081"},{"taxonomy":"post_tag","embeddable":true,"href":"https:\/\/www.reportedeprensa.utalca.cl\/index.php?rest_route=%2Fwp%2Fv2%2Ftags&post=13081"}],"curies":[{"name":"wp","href":"https:\/\/api.w.org\/{rel}","templated":true}]}}