{"id":13086,"date":"2025-12-22T15:31:23","date_gmt":"2025-12-22T18:31:23","guid":{"rendered":"https:\/\/www.reportedeprensa.utalca.cl\/?p=13086"},"modified":"2025-12-22T15:36:38","modified_gmt":"2025-12-22T18:36:38","slug":"22-de-diciembre-2025","status":"publish","type":"post","link":"https:\/\/www.reportedeprensa.utalca.cl\/?p=13086","title":{"rendered":"22 de diciembre 2025"},"content":{"rendered":"\t\t<div data-elementor-type=\"wp-post\" data-elementor-id=\"13086\" class=\"elementor elementor-13086\" data-elementor-settings=\"[]\">\n\t\t\t\t\t\t\t<div class=\"elementor-section-wrap\">\n\t\t\t\t\t\t\t<section class=\"elementor-section elementor-top-section elementor-element elementor-element-bcea1a8 elementor-section-boxed elementor-section-height-default elementor-section-height-default\" data-id=\"bcea1a8\" data-element_type=\"section\">\n\t\t\t\t\t\t<div class=\"elementor-container elementor-column-gap-default\">\n\t\t\t\t\t<div class=\"elementor-column elementor-col-100 elementor-top-column elementor-element elementor-element-e7183bf\" data-id=\"e7183bf\" data-element_type=\"column\">\n\t\t\t<div class=\"elementor-widget-wrap elementor-element-populated\">\n\t\t\t\t\t\t\t\t<div class=\"elementor-element elementor-element-2246ecd elementor-widget elementor-widget-text-editor\" data-id=\"2246ecd\" data-element_type=\"widget\" data-widget_type=\"text-editor.default\">\n\t\t\t\t<div class=\"elementor-widget-container\">\n\t\t\t\t\t\t\t\t<div><b>DIARIO FINANCIERO<\/b>\u00a0<br \/><a id=\"OWA80835231-8872-da16-5b7f-12f27b1791b1\" title=\"https:\/\/www.litoralpress.cl\/paginaconsultas\/Servicios_NClipWeb\/Get_Imagen_Nota.aspx?LPKey=MGMJCUUMQJSTER2J7G6CJARGF2XVV3IZPJYEBOQRZ2YPYKE5GD35LBUWFTJDIJDEVS6CUHI3BZXXO\" href=\"https:\/\/www.litoralpress.cl\/paginaconsultas\/Servicios_NClipWeb\/Get_Imagen_Nota.aspx?LPKey=MGMJCUUMQJSTER2J7G6CJARGF2XVV3IZPJYEBOQRZ2YPYKE5GD35LBUWFTJDIJDEVS6CUHI3BZXXO\" target=\"_blank\" rel=\"noopener noreferrer\" data-auth=\"NotApplicable\" data-linkindex=\"1\">Universidad de Talca genera I+D+i de frontera contribuyendo a la sostenibilidad del pa\u00eds. Se refiere Carlos Torres Fuchslocher, rector.<\/a>\u00a0<\/div><div>\u00a0<\/div><div><b data-olk-copy-source=\"MessageBody\">CANAL 24 HORAS<\/b>\u00a0<br \/><a id=\"OWA0a2a7bf6-9607-e2a5-a869-4fdb0fa6afda\" title=\"https:\/\/www.litoralpress.cl\/sitio\/RadioTV_Detalles.cshtml?LPKey=T34GRRFOUTDX4ML7U5OPBCBGRPHZ5PNYR74PD6CXMEUH55WYL574ONCKHZDYNSBFTSWXUS7KEVWWO\" href=\"https:\/\/www.litoralpress.cl\/sitio\/RadioTV_Detalles.cshtml?LPKey=T34GRRFOUTDX4ML7U5OPBCBGRPHZ5PNYR74PD6CXMEUH55WYL574ONCKHZDYNSBFTSWXUS7KEVWWO\" target=\"_blank\" rel=\"noopener noreferrer\" data-auth=\"NotApplicable\" data-linkindex=\"0\">Agroforester\u00eda: un modelo resiliente ante climas extremos. Se refiere Yerko Moreno, director del Centro Tecnol\u00f3gico de la Vid y el Vino.<\/a>\u00a0<\/div><div>\u00a0<\/div><div><b>MAULE HOY<\/b>\u00a0<br \/><a id=\"OWA0f82947e-0856-7239-6722-fb23bbf354d3\" title=\"https:\/\/maulehoy.cl\/2025\/12\/19\/tren-de-navidad-utalca-llevo-alegria-y-tradicion-a-familias-del-ramal\/\" href=\"https:\/\/maulehoy.cl\/2025\/12\/19\/tren-de-navidad-utalca-llevo-alegria-y-tradicion-a-familias-del-ramal\/\" target=\"_blank\" rel=\"noopener noreferrer\" data-auth=\"NotApplicable\" data-linkindex=\"2\">Tren de Navidad UTalca llev\u00f3 alegr\u00eda y tradici\u00f3n a familias del Ramal. Se reifere4 Carlos Torres Fuchslocher, rector, Lysette Henr\u00edquez Amestoy, presidenta del Consejo Superior.<\/a>\u00a0<\/div><div>\u00a0<\/div><div><b>MSN CHILE<\/b>\u00a0<br \/><a id=\"OWA97427cb3-ebe6-b8db-f743-82eed9bbe3aa\" title=\"https:\/\/www.msn.com\/es-cl\/noticias\/other\/nueva-cepa-h3n2-qu%C3%A9-significa-para-chile-y-c%C3%B3mo-nos-afecta\/ar-AA1SCeJx\" href=\"https:\/\/www.msn.com\/es-cl\/noticias\/other\/nueva-cepa-h3n2-qu%C3%A9-significa-para-chile-y-c%C3%B3mo-nos-afecta\/ar-AA1SCeJx\" target=\"_blank\" rel=\"noopener noreferrer\" data-auth=\"NotApplicable\" data-linkindex=\"3\">Nueva cepa H3N2: \u00bfQu\u00e9 significa para Chile y c\u00f3mo nos afecta? Pamela Cuevas, acad\u00e9mica del Departamento de Salud P\u00fablica.<\/a>\u00a0<\/div><div>\u00a0<\/div><div><b>EL LECTOR<\/b>\u00a0<br \/><a id=\"OWA1119f189-e51e-9e65-7410-f966cd5ff0cb\" title=\"https:\/\/www.litoralpress.cl\/paginaconsultas\/Servicios_NClipWeb\/Get_Imagen_Nota.aspx?LPKey=S62RL3YYTM6YZPCGHPU3IA3RF5PIH65UH3256KHPBYO4L6XD3O3AYZZ2HQPUVIO4A6BEB5O5P2AKE\" href=\"https:\/\/www.litoralpress.cl\/paginaconsultas\/Servicios_NClipWeb\/Get_Imagen_Nota.aspx?LPKey=S62RL3YYTM6YZPCGHPU3IA3RF5PIH65UH3256KHPBYO4L6XD3O3AYZZ2HQPUVIO4A6BEB5O5P2AKE\" target=\"_blank\" rel=\"noopener noreferrer\" data-auth=\"NotApplicable\" data-linkindex=\"4\">Nueva cepa H3N2: \u00bfQu\u00e9 significa para Chile y c\u00f3mo nos afecta? Pamela Cuevas, acad\u00e9mica del Departamento de Salud P\u00fablica.<\/a>\u00a0<\/div><div>\u00a0<\/div><div><b>MAULE HOY<\/b>\u00a0<br \/><a id=\"OWAfd97934e-c7b2-db22-65ea-0f6d5a5d7435\" title=\"https:\/\/www.litoralpress.cl\/paginaconsultas\/Servicios_NClipWeb\/Get_Imagen_Nota.aspx?LPKey=2MO3VXMWYXSCLWGRSBR2MVLZDCGMPWS7OXX6IM5KB3XDWWT3TOJIPSBVBFARW4ACBT2HGD7K7OMUE\" href=\"https:\/\/www.litoralpress.cl\/paginaconsultas\/Servicios_NClipWeb\/Get_Imagen_Nota.aspx?LPKey=2MO3VXMWYXSCLWGRSBR2MVLZDCGMPWS7OXX6IM5KB3XDWWT3TOJIPSBVBFARW4ACBT2HGD7K7OMUE\" target=\"_blank\" rel=\"noopener noreferrer\" data-auth=\"NotApplicable\" data-linkindex=\"5\">Nueva cepa H3N2: \u00bfQu\u00e9 significa para Chile y c\u00f3mo nos afecta? Pamela Cuevas, acad\u00e9mica del Departamento de Salud P\u00fablica.<\/a>\u00a0<\/div><div>\u00a0<\/div><div><b>DIARIO TALCA<\/b>\u00a0<br \/><a id=\"OWA44d0d448-8c5a-fdf8-056c-90f3621308a9\" title=\"https:\/\/diariotalca.cl\/nueva-cepa-h3n2-que-significa-para-chile-y-como-nos-afecta\/\" href=\"https:\/\/diariotalca.cl\/nueva-cepa-h3n2-que-significa-para-chile-y-como-nos-afecta\/\" target=\"_blank\" rel=\"noopener noreferrer\" data-auth=\"NotApplicable\" data-linkindex=\"6\">Nueva cepa H3N2: \u00bfQu\u00e9 significa para Chile y c\u00f3mo nos afecta? Pamela Cuevas, acad\u00e9mica del Departamento de Salud P\u00fablica.<\/a>\u00a0<\/div><div>\u00a0<\/div><div><b>RADIO CRISTALINA<\/b>\u00a0<br \/><a id=\"OWA67aa1f92-7196-68dd-e790-5fb1886ad410\" title=\"https:\/\/radiocristalina.cl\/alerta-internacional-nueva-cepa-h3n2-que-significa-para-chile-y-como-nos-afecta\/\" href=\"https:\/\/radiocristalina.cl\/alerta-internacional-nueva-cepa-h3n2-que-significa-para-chile-y-como-nos-afecta\/\" target=\"_blank\" rel=\"noopener noreferrer\" data-auth=\"NotApplicable\" data-linkindex=\"7\">Nueva cepa H3N2: \u00bfQu\u00e9 significa para Chile y c\u00f3mo nos afecta? Pamela Cuevas, acad\u00e9mica del Departamento de Salud P\u00fablica.<\/a>\u00a0<\/div><div>\u00a0<\/div><div><b>RADIO NUEVO MUNDO<\/b>\u00a0<br \/><a id=\"OWAbe84a241-65db-6b69-c2b5-7d4652d35158\" title=\"https:\/\/radionuevomundo.cl\/2025\/12\/19\/nueva-cepa-h3n2-que-significa-para-chile-y-como-nos-afecta\/\" href=\"https:\/\/radionuevomundo.cl\/2025\/12\/19\/nueva-cepa-h3n2-que-significa-para-chile-y-como-nos-afecta\/\" target=\"_blank\" rel=\"noopener noreferrer\" data-auth=\"NotApplicable\" data-linkindex=\"8\">Nueva cepa H3N2: \u00bfQu\u00e9 significa para Chile y c\u00f3mo nos afecta? Pamela Cuevas, acad\u00e9mica del Departamento de Salud P\u00fablica.<\/a>\u00a0<\/div><div>\u00a0<\/div><div><b>DIARIOS EN RED<\/b>\u00a0<br \/><a id=\"OWA3980a2c8-dfd2-5d62-fa1d-a4fa57538f45\" title=\"https:\/\/diariosenred.com\/gripe-h3n2-en-chile-como-nos-afecta-esta-nueva-cepa-de-influenza\" href=\"https:\/\/diariosenred.com\/gripe-h3n2-en-chile-como-nos-afecta-esta-nueva-cepa-de-influenza\" target=\"_blank\" rel=\"noopener noreferrer\" data-auth=\"NotApplicable\" data-linkindex=\"9\">Gripe H3N2 en Chile: C\u00f3mo nos afecta esta nueva cepa de influenza. Pamela Cuevas, acad\u00e9mica del Departamento de Salud P\u00fablica.<\/a>\u00a0<\/div><div>\u00a0<\/div><div><b>RED MAULE<\/b>\u00a0<br \/><a id=\"OWA6ef71dba-0625-8ffb-bc9e-4b931b9107e0\" title=\"https:\/\/redmaule.com\/gripe-h3n2-en-chile-como-nos-afecta-esta-nueva-cepa-de-influenza\" href=\"https:\/\/redmaule.com\/gripe-h3n2-en-chile-como-nos-afecta-esta-nueva-cepa-de-influenza\" target=\"_blank\" rel=\"noopener noreferrer\" data-auth=\"NotApplicable\" data-linkindex=\"10\">Gripe H3N2 en Chile: C\u00f3mo nos afecta esta nueva cepa de influenza. Pamela Cuevas, acad\u00e9mica del Departamento de Salud P\u00fablica.<\/a>\u00a0<\/div><div>\u00a0<\/div><div><b>RED ARICA<\/b>\u00a0<br \/><a id=\"OWAaf58fae1-245a-a9bf-544f-55110d5cbdf2\" title=\"https:\/\/redarica.com\/gripe-h3n2-en-chile-como-nos-afecta-esta-nueva-cepa-de-influenza\" href=\"https:\/\/redarica.com\/gripe-h3n2-en-chile-como-nos-afecta-esta-nueva-cepa-de-influenza\" target=\"_blank\" rel=\"noopener noreferrer\" data-auth=\"NotApplicable\" data-linkindex=\"11\">Gripe H3N2 en Chile: C\u00f3mo nos afecta esta nueva cepa de influenza. Pamela Cuevas, acad\u00e9mica del Departamento de Salud P\u00fablica.<\/a>\u00a0<\/div><div>\u00a0<\/div><div><b>RED LOS LAGOS<\/b>\u00a0<br \/><a id=\"OWAe91ef81a-cb97-584a-0d91-43dbd146f2df\" title=\"https:\/\/redloslagos.com\/gripe-h3n2-en-chile-como-nos-afecta-esta-nueva-cepa-de-influenza\" href=\"https:\/\/redloslagos.com\/gripe-h3n2-en-chile-como-nos-afecta-esta-nueva-cepa-de-influenza\" target=\"_blank\" rel=\"noopener noreferrer\" data-auth=\"NotApplicable\" data-linkindex=\"12\">Gripe H3N2 en Chile: C\u00f3mo nos afecta esta nueva cepa de influenza. Pamela Cuevas, acad\u00e9mica del Departamento de Salud P\u00fablica.<\/a>\u00a0<\/div><div>\u00a0<\/div><div><b>RED OHIGGINS<\/b>\u00a0<br \/><a id=\"OWAe6a55fc2-eaae-09dd-e194-e0292e112b0b\" title=\"https:\/\/redohiggins.com\/gripe-h3n2-en-chile-como-nos-afecta-esta-nueva-cepa-de-influenza\" href=\"https:\/\/redohiggins.com\/gripe-h3n2-en-chile-como-nos-afecta-esta-nueva-cepa-de-influenza\" target=\"_blank\" rel=\"noopener noreferrer\" data-auth=\"NotApplicable\" data-linkindex=\"13\">Gripe H3N2 en Chile: C\u00f3mo nos afecta esta nueva cepa de influenza. Pamela Cuevas, acad\u00e9mica del Departamento de Salud P\u00fablica.<\/a>\u00a0<\/div><div>\u00a0<\/div><div><b>BIO NOTICIAS<\/b>\u00a0<br \/><a id=\"OWA7d38ac6f-1c62-9b62-e336-52b79b0ec056\" title=\"https:\/\/bionoticias.cl\/alerta-por-influenza-h3n2-especialista-explica-su-posible-llegada-a-chile-y-nivel-de-riesgo\/\" href=\"https:\/\/bionoticias.cl\/alerta-por-influenza-h3n2-especialista-explica-su-posible-llegada-a-chile-y-nivel-de-riesgo\/\" target=\"_blank\" rel=\"noopener noreferrer\" data-auth=\"NotApplicable\" data-linkindex=\"14\">Gripe H3N2 en Chile: C\u00f3mo nos afecta esta nueva cepa de influenza. Pamela Cuevas, acad\u00e9mica del Departamento de Salud P\u00fablica.<\/a>\u00a0<\/div><div>\u00a0<\/div><div><b>RADIO LAUTARO<\/b>\u00a0<br \/><a id=\"OWA1a451672-ed07-efa5-3888-bf1ca3ad6094\" title=\"https:\/\/radiolautarotalca.cl\/nueva-cepa-h3n2-que-significa-para-chile-y-como-nos-afecta\/\" href=\"https:\/\/radiolautarotalca.cl\/nueva-cepa-h3n2-que-significa-para-chile-y-como-nos-afecta\/\" target=\"_blank\" rel=\"noopener noreferrer\" data-auth=\"NotApplicable\" data-linkindex=\"15\">Nueva cepa H3N2: \u00bfQu\u00e9 significa para Chile y c\u00f3mo nos afecta? Pamela Cuevas, acad\u00e9mica del Departamento de Salud P\u00fablica.<\/a>\u00a0<\/div><div>\u00a0<\/div><div><b>PORTAL RED SALUD<\/b>\u00a0<br \/><a id=\"OWA66a4ccef-bc7c-3678-ad66-92b96bba55c0\" title=\"https:\/\/portalredsalud.cl\/2025\/12\/19\/nueva-cepa-h3n2-que-significa-para-chile-y-como-nos-afecta\/\" href=\"https:\/\/portalredsalud.cl\/2025\/12\/19\/nueva-cepa-h3n2-que-significa-para-chile-y-como-nos-afecta\/\" target=\"_blank\" rel=\"noopener noreferrer\" data-auth=\"NotApplicable\" data-linkindex=\"16\">Nueva cepa H3N2: \u00bfQu\u00e9 significa para Chile y c\u00f3mo nos afecta? Pamela Cuevas, acad\u00e9mica del Departamento de Salud P\u00fablica.<\/a><\/div><div>\u00a0<\/div><div><b>EL SIGLO<\/b>\u00a0<br \/><a id=\"OWAe2b5d33b-e0c0-21be-a1e3-c8353dced4ef\" title=\"https:\/\/elsiglo.cl\/nueva-cepa-h3n2-que-significa-para-chile-y-como-nos-afecta\/\" href=\"https:\/\/elsiglo.cl\/nueva-cepa-h3n2-que-significa-para-chile-y-como-nos-afecta\/\" target=\"_blank\" rel=\"noopener noreferrer\" data-auth=\"NotApplicable\" data-linkindex=\"17\">Nueva cepa H3N2: \u00bfQu\u00e9 significa para Chile y c\u00f3mo nos afecta? Pamela Cuevas, acad\u00e9mica del Departamento de Salud P\u00fablica.<\/a>\u00a0<\/div><div>\u00a0<\/div><div><b>INOTICIAS<\/b>\u00a0<br \/><a id=\"OWAd5c25214-6795-9e87-b2fb-ad8798a93fb0\" title=\"https:\/\/inoticias.cl\/detalle\/nueva-cepa-h3n2-que-significa-para-chile-y-como-nos-afecta\" href=\"https:\/\/inoticias.cl\/detalle\/nueva-cepa-h3n2-que-significa-para-chile-y-como-nos-afecta\" target=\"_blank\" rel=\"noopener noreferrer\" data-auth=\"NotApplicable\" data-linkindex=\"18\">Nueva cepa H3N2: \u00bfQu\u00e9 significa para Chile y c\u00f3mo nos afecta? Pamela Cuevas, acad\u00e9mica del Departamento de Salud P\u00fablica.<\/a>\u00a0<\/div><div>\u00a0<\/div><div><b>EL HERALDO\u00a0<\/b>\u00a0<br \/><a id=\"OWA851da902-1fff-6650-8bd4-b5f0f0bf747b\" title=\"https:\/\/www.litoralpress.cl\/paginaconsultas\/Servicios_NClipWeb\/Get_Imagen_Nota.aspx?LPKey=BA7OHDH6P6ZXITP4GO6N3X3CMC323QNXX5UU6IWR3ABBNHFVOPPYNHWHMBO476ZVGJXURGJ6QNS3M\" href=\"https:\/\/www.litoralpress.cl\/paginaconsultas\/Servicios_NClipWeb\/Get_Imagen_Nota.aspx?LPKey=BA7OHDH6P6ZXITP4GO6N3X3CMC323QNXX5UU6IWR3ABBNHFVOPPYNHWHMBO476ZVGJXURGJ6QNS3M\" target=\"_blank\" rel=\"noopener noreferrer\" data-auth=\"NotApplicable\" data-linkindex=\"19\">Nueva cepa H3N2: \u00bfQu\u00e9 significa para Chile y c\u00f3mo nos afecta? Pamela Cuevas, acad\u00e9mica del Departamento de Salud P\u00fablica.<\/a>\u00a0<\/div><div>\u00a0<\/div><div><b>LA PRENSA DE CURIC\u00d3<\/b>\u00a0<br \/><a id=\"OWA75376fe3-3b27-d3a7-4d54-6dde2352a830\" title=\"https:\/\/www.litoralpress.cl\/paginaconsultas\/Servicios_NClipWeb\/Get_Imagen_Nota.aspx?LPKey=XU3ZXOV5ZVSJMBYTJU2HK3VMTY7CCJ4YB6GSI2IXTIYPU6YGGAFUNYGNKNXZ3J2E4VIGT2YKYVJJA\" href=\"https:\/\/www.litoralpress.cl\/paginaconsultas\/Servicios_NClipWeb\/Get_Imagen_Nota.aspx?LPKey=XU3ZXOV5ZVSJMBYTJU2HK3VMTY7CCJ4YB6GSI2IXTIYPU6YGGAFUNYGNKNXZ3J2E4VIGT2YKYVJJA\" target=\"_blank\" rel=\"noopener noreferrer\" data-auth=\"NotApplicable\" data-linkindex=\"20\">Nueva cepa H3N2: \u00bfQu\u00e9 significa para Chile y c\u00f3mo nos afecta? Pamela Cuevas, acad\u00e9mica del Departamento de Salud P\u00fablica.<\/a>\u00a0<\/div><div>\u00a0<\/div><div><b>DIARIO EL HERALDO<\/b>\u00a0<br \/><a id=\"OWAa61c2716-5aa0-a509-30f2-3cb349876085\" title=\"https:\/\/www.diarioelheraldo.cl\/noticia\/nueva-cepa-h3n2-que-significa-para-chile-y-como-nos-afecta-\" href=\"https:\/\/www.diarioelheraldo.cl\/noticia\/nueva-cepa-h3n2-que-significa-para-chile-y-como-nos-afecta-\" target=\"_blank\" rel=\"noopener noreferrer\" data-auth=\"NotApplicable\" data-linkindex=\"21\">Nueva cepa H3N2: \u00bfQu\u00e9 significa para Chile y c\u00f3mo nos afecta? Pamela Cuevas, acad\u00e9mica del Departamento de Salud P\u00fablica.<\/a>\u00a0<\/div><div>\u00a0<\/div><div><b>MAULE HOY<\/b>\u00a0<br \/><a id=\"OWAe7f4385a-fa02-1569-d9e0-7ab37a5447e2\" title=\"https:\/\/maulehoy.cl\/2025\/12\/20\/nueva-cepa-h3n2-que-significa-para-chile-y-como-nos-afecta\/\" href=\"https:\/\/maulehoy.cl\/2025\/12\/20\/nueva-cepa-h3n2-que-significa-para-chile-y-como-nos-afecta\/\" target=\"_blank\" rel=\"noopener noreferrer\" data-auth=\"NotApplicable\" data-linkindex=\"22\">Nueva cepa H3N2: \u00bfQu\u00e9 significa para Chile y c\u00f3mo nos afecta? Pamela Cuevas, acad\u00e9mica del Departamento de Salud P\u00fablica<\/a>\u00a0<\/div><div>\u00a0<\/div><div><b>G5 NOTICIAS<\/b>\u00a0<br \/><a id=\"OWAae762572-2b93-c565-f68a-94d8fd36edee\" title=\"https:\/\/g5noticias.cl\/2025\/12\/20\/nueva-cepa-h3n2-que-significa-para-chile-y-como-nos-afecta\/\" href=\"https:\/\/g5noticias.cl\/2025\/12\/20\/nueva-cepa-h3n2-que-significa-para-chile-y-como-nos-afecta\/\" target=\"_blank\" rel=\"noopener noreferrer\" data-auth=\"NotApplicable\" data-linkindex=\"23\">Nueva cepa H3N2: \u00bfQu\u00e9 significa para Chile y c\u00f3mo nos afecta? Pamela Cuevas, acad\u00e9mica del Departamento de Salud P\u00fablica.\u00a0<\/a>\u00a0<\/div><div>\u00a0<\/div><div><b>\u00a0LA TERCERA<\/b>\u00a0<br \/><a id=\"OWAfa50635e-3c9a-a69d-353f-5805283278e6\" title=\"https:\/\/www.litoralpress.cl\/paginaconsultas\/Servicios_NClipWeb\/Get_Imagen_Nota.aspx?LPKey=YLLEXFSQMBZPF66PHXTCW7G3ERB7R4SMHBZQTAKQZTHFOWWDAOTNCKKWG2NRIOUJHBOX5J24KXORA\" href=\"https:\/\/www.litoralpress.cl\/paginaconsultas\/Servicios_NClipWeb\/Get_Imagen_Nota.aspx?LPKey=YLLEXFSQMBZPF66PHXTCW7G3ERB7R4SMHBZQTAKQZTHFOWWDAOTNCKKWG2NRIOUJHBOX5J24KXORA\" target=\"_blank\" rel=\"noopener noreferrer\" data-auth=\"NotApplicable\" data-linkindex=\"24\">\u00bfQu\u00e9 deben hacer la centroizquierda e izquierda para reposicionarse? Se refiere Mauricio Morales Quiroga, director del Centro de An\u00e1lisis Pol\u00edtico (CAP-UTalca)<\/a>\u00a0<\/div><div>\u00a0<\/div><div><b>\u00a0RADIO BIOB\u00cdO<\/b>\u00a0<br \/><a id=\"OWAbed1eb18-f31e-8e59-b47c-7eec7a60c95a\" title=\"https:\/\/www.litoralpress.cl\/sitio\/RadioTV_Detalles.cshtml?LPKey=56U7XHVD56YCMGNPKC5DF3XUNV4VHE5YKGNIWP2ON5IEIA2OAIBDGTFFLFY2O6NG34S4ZR6BZ4RJI\" href=\"https:\/\/www.litoralpress.cl\/sitio\/RadioTV_Detalles.cshtml?LPKey=56U7XHVD56YCMGNPKC5DF3XUNV4VHE5YKGNIWP2ON5IEIA2OAIBDGTFFLFY2O6NG34S4ZR6BZ4RJI\" target=\"_blank\" rel=\"noopener noreferrer\" data-auth=\"NotApplicable\" data-linkindex=\"25\">Primera reuni\u00f3n del FA tras las elecciones. Se refiere Mario Herrera Mu\u00f1oz, acad\u00e9mico del Centro de An\u00e1lsisis Pol\u00edtico (CAP-UTalca)<\/a>\u00a0<\/div><div>\u00a0<\/div><div><b>\u00a0LA TERCERA ONLINE<\/b>\u00a0<br \/><a id=\"OWA82a8c549-cac9-c97c-0447-96eabeedf80a\" title=\"https:\/\/www.latercera.com\/opinion\/noticia\/ideologizados-elitistas-y-metropolitanizados\/\" href=\"https:\/\/www.latercera.com\/opinion\/noticia\/ideologizados-elitistas-y-metropolitanizados\/\" target=\"_blank\" rel=\"noopener noreferrer\" data-auth=\"NotApplicable\" data-linkindex=\"26\">Ideologizados, elitistas y metropolitanizados. Se refiere Mauricio Morales Quiroga, director del Centro de An\u00e1lsisis Pol\u00edtico (CAP-UTalca).<\/a>\u00a0<\/div><div>\u00a0<\/div><div><b>INOTICIAS<\/b>\u00a0<br \/><a id=\"OWAb5828e20-71fc-a5ad-7998-1828ec0e81cc\" title=\"https:\/\/inoticias.cl\/detalle\/ideologizados-elitistas-y-metropolitanizados\" href=\"https:\/\/inoticias.cl\/detalle\/ideologizados-elitistas-y-metropolitanizados\" target=\"_blank\" rel=\"noopener noreferrer\" data-auth=\"NotApplicable\" data-linkindex=\"27\">Ideologizados, elitistas y metropolitanizados. Se refiere Mauricio Morales Quiroga, director del Centro de An\u00e1lsisis Pol\u00edtico (CAP-UTalca).<\/a>\u00a0<\/div><div>\u00a0<\/div><div><b>MSN CHILE<\/b>\u00a0<br \/><a id=\"OWA81a838e0-f4fd-d3a8-c55d-e9a4f301505e\" title=\"https:\/\/www.msn.com\/es-cl\/noticias\/other\/ideologizados-elitistas-y-metropolitanizados\/ar-AA1SH8sQ\" href=\"https:\/\/www.msn.com\/es-cl\/noticias\/other\/ideologizados-elitistas-y-metropolitanizados\/ar-AA1SH8sQ\" target=\"_blank\" rel=\"noopener noreferrer\" data-auth=\"NotApplicable\" data-linkindex=\"28\">Ideologizados, elitistas y metropolitanizados. Se refiere Mauricio Morales Quiroga, director del Centro de An\u00e1lsisis Pol\u00edtico (CAP-UTalca).<\/a>\u00a0<\/div><div>\u00a0<\/div><div><b>LA TERCERA<\/b>\u00a0<br \/><a id=\"OWAcc06ec30-5ff1-6994-9d5e-ddd16dc4562b\" title=\"https:\/\/www.litoralpress.cl\/paginaconsultas\/Servicios_NClipWeb\/Get_Imagen_Nota.aspx?LPKey=YLLEXFSQMBZPF66PHXTCW7G3ERB7R4SMHBZQTAKQZTHFOWWDAOTNCKKWG2NRIOUJHBOX5J24KXORA\" href=\"https:\/\/www.litoralpress.cl\/paginaconsultas\/Servicios_NClipWeb\/Get_Imagen_Nota.aspx?LPKey=YLLEXFSQMBZPF66PHXTCW7G3ERB7R4SMHBZQTAKQZTHFOWWDAOTNCKKWG2NRIOUJHBOX5J24KXORA\" target=\"_blank\" rel=\"noopener noreferrer\" data-auth=\"NotApplicable\" data-linkindex=\"29\">\u00bfQu\u00e9 deben hacer la centroizquierda e izquierda para reposicionarse? Se refiere Mauricio Morales Quiroga, director del Centro de An\u00e1lsisis Pol\u00edtico (CAP-UTalca).<\/a><\/div><div>\u00a0<\/div><div><b>RADIO BIOB\u00cdO<\/b>\u00a0<br \/><a id=\"OWA14c479af-11b5-706f-74dd-4dc9fa219ef2\" title=\"https:\/\/www.litoralpress.cl\/sitio\/RadioTV_Detalles.cshtml?LPKey=4BPXOP7SPJUB5YYXUXWSOCWQ37PBZCH3AZCYBHZRREVNFM26AGSPLIG55EL45F2JK6W6B37XDFPH6\" href=\"https:\/\/www.litoralpress.cl\/sitio\/RadioTV_Detalles.cshtml?LPKey=4BPXOP7SPJUB5YYXUXWSOCWQ37PBZCH3AZCYBHZRREVNFM26AGSPLIG55EL45F2JK6W6B37XDFPH6\" target=\"_blank\" rel=\"noopener noreferrer\" data-auth=\"NotApplicable\" data-linkindex=\"30\">Frente Amplio tuvo primer comit\u00e9 pol\u00edtico tras derrota en segunda vuelta. Se refiere Mario Herrera Mu\u00f1oz, acad\u00e9mico del Centro de An\u00e1lisis Pol\u00edtico (CAP-UTalca).<\/a>\u00a0<\/div><div>\u00a0<\/div><div>\u00a0<b>EL MAULE INFORMA<\/b>\u00a0<br \/><a id=\"OWA7d666286-103a-71ce-1ba8-54b6be90cd17\" title=\"https:\/\/elmauleinforma.cl\/estudio-revela-impacto-positivo-de-centros-diurnos-en-la-salud-y-autonomia-de-personas-mayores\/\" href=\"https:\/\/elmauleinforma.cl\/estudio-revela-impacto-positivo-de-centros-diurnos-en-la-salud-y-autonomia-de-personas-mayores\/\" target=\"_blank\" rel=\"noopener noreferrer\" data-auth=\"NotApplicable\" data-linkindex=\"31\">Estudio revela impacto positivo de Centros Diurnos en la salud y autonom\u00eda de personas mayores. Se refiere\u00a0Iv\u00e1n Palomo, director del Centro de Longevidad Vitalis y Luis Guzm\u00e1n, decano de la Facultad de Ciencias de la Salud.<\/a>\u00a0<\/div><div>\u00a0<\/div><div><b>EL LECTOR<\/b>\u00a0<br \/><a id=\"OWA46401a9f-7a94-93ab-1e02-ca6891d593e5\" title=\"https:\/\/www.litoralpress.cl\/paginaconsultas\/Servicios_NClipWeb\/Get_Imagen_Nota.aspx?LPKey=EYGRWQJZYBEFI4A4WLHEOFEE2AUSGQIAWPXCXNGLFEYRPLIQ2S37MJLDB7SHQ6IWX4IZOGDPQ5GPK\" href=\"https:\/\/www.litoralpress.cl\/paginaconsultas\/Servicios_NClipWeb\/Get_Imagen_Nota.aspx?LPKey=EYGRWQJZYBEFI4A4WLHEOFEE2AUSGQIAWPXCXNGLFEYRPLIQ2S37MJLDB7SHQ6IWX4IZOGDPQ5GPK\" target=\"_blank\" rel=\"noopener noreferrer\" data-auth=\"NotApplicable\" data-linkindex=\"32\">Estudio revela impacto positivo de Centros Diurnos en la salud y autonom\u00eda de personas mayores. Se refiere\u00a0Iv\u00e1n Palomo, director del Centro de Longevidad Vitalis y Luis Guzm\u00e1n, decano de la Facultad de Ciencias de la Salud.<\/a>\u00a0<\/div><div>\u00a0<\/div><div><b>RADIO LAUTARO<\/b>\u00a0<br \/><a id=\"OWA69fe8bed-8924-0f15-c30c-5f6137401a45\" title=\"https:\/\/radiolautarotalca.cl\/estudio-revela-impacto-positivo-de-centros-diurnos-en-la-salud-y-autonomia-de-personas-mayores\/\" href=\"https:\/\/radiolautarotalca.cl\/estudio-revela-impacto-positivo-de-centros-diurnos-en-la-salud-y-autonomia-de-personas-mayores\/\" target=\"_blank\" rel=\"noopener noreferrer\" data-auth=\"NotApplicable\" data-linkindex=\"33\">Estudio revela impacto positivo de Centros Diurnos en la salud y autonom\u00eda de personas mayores. Se refiere\u00a0Iv\u00e1n Palomo, director del Centro de Longevidad Vitalis y Luis Guzm\u00e1n, decano de la Facultad de Ciencias de la Salud.<\/a>\u00a0<\/div><div>\u00a0<\/div><div><b>DIARIO EL CENTRO<\/b>\u00a0<br \/><a id=\"OWA4ce573cb-7a3a-97f7-2dde-f51bcfb11f8c\" title=\"https:\/\/www.diarioelcentro.cl\/2025\/12\/20\/una-vejez-digna-parte-5-economia-empleo-y-pensiones\/\" href=\"https:\/\/www.diarioelcentro.cl\/2025\/12\/20\/una-vejez-digna-parte-5-economia-empleo-y-pensiones\/\" target=\"_blank\" rel=\"noopener noreferrer\" data-auth=\"NotApplicable\" data-linkindex=\"34\">\u201cUna vejez digna Parte 5\u201d: Econom\u00eda, empleo y pensiones. Se refiere\u00a0Iv\u00e1n Palomo, director del Centro de Longevidad Vitalis<\/a>\u00a0<\/div><div>\u00a0<\/div><div><b>G5 NOTICIAS<\/b>\u00a0<br \/><a id=\"OWAa101c038-7f91-2014-6ef1-098969b4820a\" title=\"https:\/\/g5noticias.cl\/2025\/12\/20\/estudio-revela-impacto-positivo-de-centros-diurnos-en-la-salud-y-autonomia-de-personas-mayores\/\" href=\"https:\/\/g5noticias.cl\/2025\/12\/20\/estudio-revela-impacto-positivo-de-centros-diurnos-en-la-salud-y-autonomia-de-personas-mayores\/\" target=\"_blank\" rel=\"noopener noreferrer\" data-auth=\"NotApplicable\" data-linkindex=\"35\">Estudio revela impacto positivo de Centros Diurnos en la salud y autonom\u00eda de personas mayores. Se refiere\u00a0Iv\u00e1n Palomo, director del Centro de Longevidad Vitalis y Luis Guzm\u00e1n, decano de la Facultad de Ciencias de la Salud.<\/a>\u00a0<\/div><div>\u00a0\u00a0<\/div><div><b>MAULE HOY<\/b>\u00a0<br \/><a id=\"OWA2dadf31c-1211-9408-f01c-82205d506cb9\" title=\"https:\/\/maulehoy.cl\/2025\/12\/19\/maule-impulsa-su-crecimiento-gobierno-regional-lanza-fondo-para-proyectos-que-transformaran-la-economia-local\/\" href=\"https:\/\/maulehoy.cl\/2025\/12\/19\/maule-impulsa-su-crecimiento-gobierno-regional-lanza-fondo-para-proyectos-que-transformaran-la-economia-local\/\" target=\"_blank\" rel=\"noopener noreferrer\" data-auth=\"NotApplicable\" data-linkindex=\"36\">Maule impulsa su crecimiento: Gobierno Regional lanza fondo para proyectos que transformar\u00e1n la econom\u00eda local. Se refiere Ariela Vergara, directora de Innovaci\u00f3n y Transferencia Tecnol\u00f3gica\u00a0<\/a>\u00a0<\/div><div>\u00a0<\/div><div><b>EL HERALDO\u00a0<\/b>\u00a0<br \/><a id=\"OWA14972076-c14a-67b9-7062-90c44caf8793\" title=\"https:\/\/www.litoralpress.cl\/paginaconsultas\/Servicios_NClipWeb\/Get_Imagen_Nota.aspx?LPKey=72MPNTQLNT6Q4SYVFETCS4QBL5FW4WO6X6WIT2Q5E4HCRWK2U74T2FG4CAR7SZYJ62KQLSYBYYH6Y\" href=\"https:\/\/www.litoralpress.cl\/paginaconsultas\/Servicios_NClipWeb\/Get_Imagen_Nota.aspx?LPKey=72MPNTQLNT6Q4SYVFETCS4QBL5FW4WO6X6WIT2Q5E4HCRWK2U74T2FG4CAR7SZYJ62KQLSYBYYH6Y\" target=\"_blank\" rel=\"noopener noreferrer\" data-auth=\"NotApplicable\" data-linkindex=\"37\">Maule impulsa su crecimiento: Gobierno Regional lanza fondo para proyectos que transformar\u00e1n la econom\u00eda local. Se refiere Ariela Vergara, directora de Innovaci\u00f3n y Transferencia Tecnol\u00f3gica\u00a0<\/a>\u00a0<\/div><div>\u00a0<\/div><div><b>DIARIO EL HERALDO<\/b>\u00a0<br \/><a id=\"OWA05a137ef-247d-9297-9dee-eeda57de41d5\" title=\"https:\/\/www.diarioelheraldo.cl\/noticia\/se-trata-del-concurso-fondo-regional-para-la-productividad-y-el-desarrollo-frpd-maule-impulsa-su-crecimiento-gobierno-regional-lanza-fondo-para-proyectos-que-transformaran-la-economia-local\" href=\"https:\/\/www.diarioelheraldo.cl\/noticia\/se-trata-del-concurso-fondo-regional-para-la-productividad-y-el-desarrollo-frpd-maule-impulsa-su-crecimiento-gobierno-regional-lanza-fondo-para-proyectos-que-transformaran-la-economia-local\" target=\"_blank\" rel=\"noopener noreferrer\" data-auth=\"NotApplicable\" data-linkindex=\"38\">Se trata del Concurso Fondo Regional para la Productividad y el Desarrollo (FRPD) Maule impulsa su crecimiento: Gobierno Regional lanza fondo para proyectos que transformar\u00e1n la econom\u00eda local. Se refiere Ariela Vergara, directora de Innovaci\u00f3n y Transferencia Tecnol\u00f3gica\u00a0<\/a>\u00a0<\/div><div>\u00a0\u00a0<\/div><div><b>EL RANCAGUINO<\/b>\u00a0<br \/><a id=\"OWA4d61bedb-321d-face-f4a0-a112e30268eb\" title=\"https:\/\/www.elrancaguino.cl\/2025\/12\/19\/cerezas-cambio-climatico-obliga-a-replantear-estrategias-en-su-produccion\/\" href=\"https:\/\/www.elrancaguino.cl\/2025\/12\/19\/cerezas-cambio-climatico-obliga-a-replantear-estrategias-en-su-produccion\/\" target=\"_blank\" rel=\"noopener noreferrer\" data-auth=\"NotApplicable\" data-linkindex=\"39\">Cerezas: Cambio clim\u00e1tico obliga a replantear estrategias en su producci\u00f3n. Se refiere \u00c1lvaro Sep\u00falveda Le\u00f3n, investigador del Centro de Pom\u00e1ceas.<\/a>\u00a0<\/div><div>\u00a0<\/div><div><b>LA PRENSA DE CURIC\u00d3<\/b>\u00a0<br \/><a id=\"OWAd3c92788-54f1-3e90-74f1-4f986633c244\" title=\"https:\/\/www.litoralpress.cl\/paginaconsultas\/Servicios_NClipWeb\/Get_Imagen_Nota.aspx?LPKey=DTPAN5HTSIH52MTAMVXCXWKK6YT5ZIOC2HTYJXWXSKUMTPTQ64SVF5CCD2OUTM5CYIW4ZLAC23UZM\" href=\"https:\/\/www.litoralpress.cl\/paginaconsultas\/Servicios_NClipWeb\/Get_Imagen_Nota.aspx?LPKey=DTPAN5HTSIH52MTAMVXCXWKK6YT5ZIOC2HTYJXWXSKUMTPTQ64SVF5CCD2OUTM5CYIW4ZLAC23UZM\" target=\"_blank\" rel=\"noopener noreferrer\" data-auth=\"NotApplicable\" data-linkindex=\"40\">Producci\u00f3n nacional de cerezas sufre ca\u00edda del 20% en exportaciones producto del cambio clim\u00e1tico. Se refiere \u00c1lvaro Sep\u00falveda Le\u00f3n, investigador del Centro de Pom\u00e1ceas.<\/a>\u00a0<\/div><div>\u00a0\u00a0<\/div><div><b>EL LECTOR<\/b>\u00a0<br \/><a id=\"OWAccdc8cce-3303-7378-70fe-e9d49b3a6b39\" title=\"https:\/\/www.litoralpress.cl\/paginaconsultas\/Servicios_NClipWeb\/Get_Imagen_Nota.aspx?LPKey=54PBYMQ7LJNLK6T4SHE5DHIGF3SPOEPKHTXAMZVD5TCXPQRW2KZ4GGQYQXHR3SJCPHWAMGMNHKOPQ\" href=\"https:\/\/www.litoralpress.cl\/paginaconsultas\/Servicios_NClipWeb\/Get_Imagen_Nota.aspx?LPKey=54PBYMQ7LJNLK6T4SHE5DHIGF3SPOEPKHTXAMZVD5TCXPQRW2KZ4GGQYQXHR3SJCPHWAMGMNHKOPQ\" target=\"_blank\" rel=\"noopener noreferrer\" data-auth=\"NotApplicable\" data-linkindex=\"41\">Red de salud del Maule se prepara ante un verano con olas de calor m\u00e1s intensas. Se refiere Patricio Gonz\u00e1lez Colville, acad\u00e9mico del Centro de Investigaci\u00f3n en Transferencia en Riego y Agroclimatolog\u00eda (CITRA)\u00a0<\/a>\u00a0<\/div><div>\u00a0<\/div><div><b>RADIO AMIGA<\/b>\u00a0<br \/><a id=\"OWAa585696f-4086-f946-b444-1883fd8ad2e1\" title=\"https:\/\/www.litoralpress.cl\/sitio\/RadioTV_Detalles.cshtml?LPKey=A6R24FDYFOTC7EQS5D5PMGOGJW2SWM64BYSSZGO67PY5OOWOFDCQYBJWIMHV4PVQWEL6EFWQP52SS\" href=\"https:\/\/www.litoralpress.cl\/sitio\/RadioTV_Detalles.cshtml?LPKey=A6R24FDYFOTC7EQS5D5PMGOGJW2SWM64BYSSZGO67PY5OOWOFDCQYBJWIMHV4PVQWEL6EFWQP52SS\" target=\"_blank\" rel=\"noopener noreferrer\" data-auth=\"NotApplicable\" data-linkindex=\"42\">La primera jornada fue la de la Secretar\u00eda de Desastres, cuyo foco fue fortalecer la preparaci\u00f3n sanitaria frente a los riesgos del calor extremo. Se refiere Patricio Gonz\u00e1lez Colville, acad\u00e9mico del Centro de Investigaci\u00f3n en Transferencia en Riego y Agroclimatolog\u00eda (CITRA)\u00a0<\/a>\u00a0<\/div><div>\u00a0\u00a0<\/div><div><b>RADIO MAULE SUR<\/b>\u00a0<br \/><a id=\"OWA96db7f37-f668-40e5-630b-6ef84eca708d\" title=\"https:\/\/www.radiomaulesur.cl\/2025\/12\/odontologia-utalca-incorpora-modernos.html\" href=\"https:\/\/www.radiomaulesur.cl\/2025\/12\/odontologia-utalca-incorpora-modernos.html\" target=\"_blank\" rel=\"noopener noreferrer\" data-auth=\"NotApplicable\" data-linkindex=\"43\">Odontolog\u00eda UTalca incorpora modernos simuladores para la formaci\u00f3n de sus estudiantes. Se refiere Teresa Az\u00f3car Cabello, directora de Simulaci\u00f3n y Digitalizaci\u00f3n Avanzada.<\/a>\u00a0<\/div><div>\u00a0<\/div><div><b>MEDIABANCO<\/b>\u00a0<br \/><a id=\"OWAb106e0fe-fb03-e381-285a-861863ee82fb\" title=\"https:\/\/www.mediabanco.com\/odontologia-utalca-incorpora-modernos-simuladores-para-la-formacion-de-sus-estudiantes\/\" href=\"https:\/\/www.mediabanco.com\/odontologia-utalca-incorpora-modernos-simuladores-para-la-formacion-de-sus-estudiantes\/\" target=\"_blank\" rel=\"noopener noreferrer\" data-auth=\"NotApplicable\" data-linkindex=\"44\">Odontolog\u00eda UTalca incorpora modernos simuladores para la formaci\u00f3n de sus estudiantes. Se refiere Teresa Az\u00f3car Cabello, directora de Simulaci\u00f3n y Digitalizaci\u00f3n Avanzada.<\/a>\u00a0<\/div><div>\u00a0\u00a0<\/div><div><b>RADIO AMIGA<\/b>\u00a0<br \/><a id=\"OWAb9f82ef5-2005-9921-7d52-b454d13a6162\" title=\"https:\/\/www.litoralpress.cl\/sitio\/RadioTV_Detalles.cshtml?LPKey=PGREGLJK4WWRPMC3PTAJ2EHI2KXRMRLLSR4ZHRLGMQOOQ4IFXDO6MIFTH6SF6LC3GX7P6TBEKIZKE\" href=\"https:\/\/www.litoralpress.cl\/sitio\/RadioTV_Detalles.cshtml?LPKey=PGREGLJK4WWRPMC3PTAJ2EHI2KXRMRLLSR4ZHRLGMQOOQ4IFXDO6MIFTH6SF6LC3GX7P6TBEKIZKE\" target=\"_blank\" rel=\"noopener noreferrer\" data-auth=\"NotApplicable\" data-linkindex=\"45\">Cientos de ni\u00f1os recibieron un obsequio de mano del Viejito Pascuero. Se refiere Marcela Albornoz Dachelet, directora de Extensi\u00f3n Cultural-Art\u00edstica.<\/a>\u00a0\u00a0<\/div><div>\u00a0<\/div><div><b>INFRESTRUCTURA P\u00daBLICA<\/b>\u00a0<br \/><a id=\"OWA27f11bd9-690f-ac53-e78a-81af694f57ea\" title=\"https:\/\/www.infraestructurapublica.cl\/universidad-de-talca-impulso-debate-nacional-sobre-gestion-del-agua\/\" href=\"https:\/\/www.infraestructurapublica.cl\/universidad-de-talca-impulso-debate-nacional-sobre-gestion-del-agua\/\" target=\"_blank\" rel=\"noopener noreferrer\" data-auth=\"NotApplicable\" data-linkindex=\"46\">Universidad de Talca impuls\u00f3 debate nacional sobre gesti\u00f3n del agua. Se refiere Iv\u00e1n Obando Camino, decano de la Facultad de Ciencias Jur\u00eddicas y Sociales.<\/a>\u00a0\u00a0<\/div><div>\u00a0<\/div><div><b>MAULE HOY<\/b>\u00a0<br \/><a id=\"OWA9e2fd031-663f-2ea8-4547-3547f64b1727\" title=\"https:\/\/maulehoy.cl\/2025\/12\/19\/seremi-de-energia-otorga-sello-las-mujeres-suman-a-equipo-del-espacio-dtc-de-la-facultad-de-ingenieria-de-la-u-de-talca\/\" href=\"https:\/\/maulehoy.cl\/2025\/12\/19\/seremi-de-energia-otorga-sello-las-mujeres-suman-a-equipo-del-espacio-dtc-de-la-facultad-de-ingenieria-de-la-u-de-talca\/\" target=\"_blank\" rel=\"noopener noreferrer\" data-auth=\"NotApplicable\" data-linkindex=\"47\">Seremi de Energ\u00eda otorga \u00abSello Las Mujeres Suman\u00bb a equipo del Espacio DTC+ de la Facultad de Ingenier\u00eda de la U. de Talca. Se refiere\u00a0Karin Saavedra, directora de Vinculaci\u00f3n con el Medio y Susana Lara, coordinadora del Espacio DTC+.<\/a>\u00a0<\/div><div>\u00a0<\/div><div><b>MAULE HOY<\/b>\u00a0<br \/><a id=\"OWA1eb2a34c-9cda-053c-0fe1-17c79f2a0f28\" title=\"https:\/\/maulehoy.cl\/2025\/12\/19\/certifican-a-participantes-de-la-escuela-de-liderazgo-del-programa-mujer-participacion-politica-y-social-en-la-region\/\" href=\"https:\/\/maulehoy.cl\/2025\/12\/19\/certifican-a-participantes-de-la-escuela-de-liderazgo-del-programa-mujer-participacion-politica-y-social-en-la-region\/\" target=\"_blank\" rel=\"noopener noreferrer\" data-auth=\"NotApplicable\" data-linkindex=\"48\">Certifican a participantes de la Escuela de Liderazgo del Programa Mujer Participaci\u00f3n Pol\u00edtica y Social en la regi\u00f3n. Se refiere Natalia Veliz Olivos, Direcci\u00f3n de G\u00e9nero.<\/a>\u00a0<\/div><div>\u00a0<\/div><div><b>MEDIABANCO<\/b>\u00a0<br \/><a id=\"OWAfd7992f5-38c4-d391-768a-fb48d6508032\" title=\"https:\/\/www.mediabanco.com\/agora-de-las-ciencias-4-mil-escolares-disfrutaron-de-juegos-y-experimentacion\/\" href=\"https:\/\/www.mediabanco.com\/agora-de-las-ciencias-4-mil-escolares-disfrutaron-de-juegos-y-experimentacion\/\" target=\"_blank\" rel=\"noopener noreferrer\" data-auth=\"NotApplicable\" data-linkindex=\"49\">\u00c1gora de las Ciencias: 4 mil escolares disfrutaron de juegos y experimentaci\u00f3n. Se refiere C\u00e9sar Retamal Bravo, jefe de la Unidad de Divulgaci\u00f3n y director de Explora Maule.<\/a>\u00a0<\/div><div>\u00a0<\/div><div><b>EL MAULE INFORMA<\/b>\u00a0<br \/><a id=\"OWAd31639aa-6d52-b276-b231-4b5de2ebb58f\" title=\"https:\/\/elmauleinforma.cl\/odontologia-utalca-incorpora-modernos-simuladores-para-la-formacion-de-sus-estudiantes\/\" href=\"https:\/\/elmauleinforma.cl\/odontologia-utalca-incorpora-modernos-simuladores-para-la-formacion-de-sus-estudiantes\/\" target=\"_blank\" rel=\"noopener noreferrer\" data-auth=\"NotApplicable\" data-linkindex=\"50\">Odontolog\u00eda UTalca incorpora modernos simuladores para la formaci\u00f3n de sus estudiantes. Se refiere Teresa Az\u00f3car Cabello, directora de Simulaci\u00f3n y Digitalizaci\u00f3n Avanzada.<\/a>\u00a0<\/div><div>\u00a0\u00a0<\/div><div><b>EL DIVISADERO<\/b>\u00a0<br \/><a id=\"OWAa49c9fe2-a563-1562-c155-009bc15ea2b4\" title=\"https:\/\/www.litoralpress.cl\/paginaconsultas\/Servicios_NClipWeb\/Get_Imagen_Nota.aspx?LPKey=IIL6XNZ5ZZYK5OWDJOOMKHEIIVQRHKQJ3MQ5QKPXJZYM4MJ2W2K3CJ2KDOC24LSYJFYB7MEGBMVPM\" href=\"https:\/\/www.litoralpress.cl\/paginaconsultas\/Servicios_NClipWeb\/Get_Imagen_Nota.aspx?LPKey=IIL6XNZ5ZZYK5OWDJOOMKHEIIVQRHKQJ3MQ5QKPXJZYM4MJ2W2K3CJ2KDOC24LSYJFYB7MEGBMVPM\" target=\"_blank\" rel=\"noopener noreferrer\" data-auth=\"NotApplicable\" data-linkindex=\"51\">Cisnes celebra Veladas Navide\u00f1as con un Brillante Concierto Coral. Se menciona la Universidad de Talca<\/a>\u00a0<\/div><div>\u00a0<\/div><div><b>MAULE HOY\u00a0<\/b>\u00a0<br \/><a id=\"OWA05f29f46-afe6-9207-cbcf-11f8a015ae2c\" title=\"https:\/\/www.litoralpress.cl\/paginaconsultas\/Servicios_NClipWeb\/Get_Imagen_Nota.aspx?LPKey=HX54XRAISL3O3EBGCZHLTWINMUCTR724WQLBXN3HOSPJVEINLM2TL6AWDI3KEFSWSD4S6OF6L7FBM\" href=\"https:\/\/www.litoralpress.cl\/paginaconsultas\/Servicios_NClipWeb\/Get_Imagen_Nota.aspx?LPKey=HX54XRAISL3O3EBGCZHLTWINMUCTR724WQLBXN3HOSPJVEINLM2TL6AWDI3KEFSWSD4S6OF6L7FBM\" target=\"_blank\" rel=\"noopener noreferrer\" data-auth=\"NotApplicable\" data-linkindex=\"52\">Cuando era trasladado a Talca joven practicante de medicina falleci\u00f3 en ambulancia. Se menciona la Universidad de Talca.<\/a>\u00a0<\/div><div>\u00a0<\/div><div><b>PORTAL AGRO CHILE<\/b>\u00a0<br \/><a id=\"OWAaece8b31-92cc-81c1-7db8-fe74ca28dcc0\" title=\"https:\/\/www.portalagrochile.cl\/2025\/12\/18\/chile-lanza-calendario-de-vendimias-2026-y-presenta-innovador-mapa-interactivo-que-moderniza-la-experiencia-enoturistica\/\" href=\"https:\/\/www.portalagrochile.cl\/2025\/12\/18\/chile-lanza-calendario-de-vendimias-2026-y-presenta-innovador-mapa-interactivo-que-moderniza-la-experiencia-enoturistica\/\" target=\"_blank\" rel=\"noopener noreferrer\" data-auth=\"NotApplicable\" data-linkindex=\"53\">Chile lanza Calendario de Vendimias 2026 y presenta innovador Mapa Interactivo que moderniza la experiencia enotur\u00edstica. Se menciona la Universidad de Talca.<\/a>\u00a0\u00a0<\/div><div>\u00a0<\/div><div><b>ANALIZA MAULE<\/b>\u00a0<br \/><a id=\"OWAd479dd26-1cd7-63a5-7421-2ba99348e956\" title=\"https:\/\/analizamaule.cl\/abiertas-las-inscripciones-para-vuelta-ciclista-maule-centro-2026\/\" href=\"https:\/\/analizamaule.cl\/abiertas-las-inscripciones-para-vuelta-ciclista-maule-centro-2026\/\" target=\"_blank\" rel=\"noopener noreferrer\" data-auth=\"NotApplicable\" data-linkindex=\"54\">Abiertas las inscripciones para Vuelta Ciclista Maule Centro 2026. Se menciona la Universidad de Talca<\/a>\u00a0<\/div><div>\u00a0<\/div><div><b>UNIVERSIDAD LA FRONTERA<\/b>\u00a0<br \/><a id=\"OWA1fb5bf9e-8886-aad6-59c0-0eda3f364400\" title=\"https:\/\/vrip.ufro.cl\/postgrado\/encuentro-del-doctorado-en-ingenieria-fortalece-su-compromiso-con-la-ciencia-aplicada-y-transferencia-tecnologica\/\" href=\"https:\/\/vrip.ufro.cl\/postgrado\/encuentro-del-doctorado-en-ingenieria-fortalece-su-compromiso-con-la-ciencia-aplicada-y-transferencia-tecnologica\/\" target=\"_blank\" rel=\"noopener noreferrer\" data-auth=\"NotApplicable\" data-linkindex=\"55\">Encuentro del Doctorado en Ingenier\u00eda fortalece su compromiso con la ciencia aplicada y transferencia tecnol\u00f3gica. Se menciona la Universidad de Talca<\/a>\u00a0<\/div><div>\u00a0<br \/><b>UNIVERSIDAD DE CHILE<\/b>\u00a0<br \/><a id=\"OWA2d7821f8-b9e4-ac1f-49f0-cb5095040432\" title=\"https:\/\/uchile.cl\/noticias\/236016\/74-congreso-agronomico-reunio-a-destacados-expertos-en-agricultura\" href=\"https:\/\/uchile.cl\/noticias\/236016\/74-congreso-agronomico-reunio-a-destacados-expertos-en-agricultura\" target=\"_blank\" rel=\"noopener noreferrer\" data-auth=\"NotApplicable\" data-linkindex=\"56\">74\u00b0 Congreso Agron\u00f3mico reuni\u00f3 en San Fernando a destacados expertos en agricultura. Se menciona la Universidad de Talca<\/a>\u00a0<\/div><div>\u00a0<\/div><div><b>EL MAULE INFOMRA<\/b>\u00a0<br \/><a id=\"OWAfc5c4b28-9ccd-4d98-ac00-810b8a31b230\" title=\"https:\/\/elmauleinforma.cl\/region-del-maule-se-posiciona-como-referente-nacional-en-innovacion-en-salud-tras-exitoso-congreso-internacional\/\" href=\"https:\/\/elmauleinforma.cl\/region-del-maule-se-posiciona-como-referente-nacional-en-innovacion-en-salud-tras-exitoso-congreso-internacional\/\" target=\"_blank\" rel=\"noopener noreferrer\" data-auth=\"NotApplicable\" data-linkindex=\"57\">Regi\u00f3n del Maule se posiciona como referente nacional en innovaci\u00f3n en salud tras exitoso congreso internacional<\/a>\u00a0<\/div><div>\u00a0<\/div><div><b>EL CACHAPOAL<\/b>\u00a0<br \/><a id=\"OWA40cab08b-9bd5-ba9d-2021-6b31fd4b5ca4\" title=\"https:\/\/elcachapoal.cl\/2025\/12\/19\/abiertas-las-inscripciones-para-vuelta-ciclista-maule-centro-2026\/\" href=\"https:\/\/elcachapoal.cl\/2025\/12\/19\/abiertas-las-inscripciones-para-vuelta-ciclista-maule-centro-2026\/\" target=\"_blank\" rel=\"noopener noreferrer\" data-auth=\"NotApplicable\" data-linkindex=\"58\">Abiertas las inscripciones para Vuelta Ciclista Maule Centro 2026. Se menciona la Universidad de Talca.<\/a>\u00a0\u00a0<\/div><div>\u00a0<\/div><div><b>MAULE HOY<\/b>\u00a0<br \/><a id=\"OWA21295e9c-686c-5daa-cd0d-a886b1311af3\" title=\"https:\/\/maulehoy.cl\/2025\/12\/19\/nuevas-proyecciones-para-el-2026-en-insuco\/\" href=\"https:\/\/maulehoy.cl\/2025\/12\/19\/nuevas-proyecciones-para-el-2026-en-insuco\/\" target=\"_blank\" rel=\"noopener noreferrer\" data-auth=\"NotApplicable\" data-linkindex=\"59\">Nuevas proyecciones para el 2026 en INSUCO. Se menciona la Universidad de Talca.<\/a>\u00a0\u00a0<\/div><div>\u00a0<\/div><div><b>EL LECTOR<\/b>\u00a0<br \/><a id=\"OWA11be20b6-5125-c229-d9e3-29d5b14a44d6\" title=\"https:\/\/www.litoralpress.cl\/paginaconsultas\/Servicios_NClipWeb\/Get_Imagen_Nota.aspx?LPKey=7COXTNGZ46W7WSAZJRXAUA4BE5BVYBI6DUY6FE4CQZV4ZMC6PZ6IPD745TYGM3742GYPLYN6QF6UU\" href=\"https:\/\/www.litoralpress.cl\/paginaconsultas\/Servicios_NClipWeb\/Get_Imagen_Nota.aspx?LPKey=7COXTNGZ46W7WSAZJRXAUA4BE5BVYBI6DUY6FE4CQZV4ZMC6PZ6IPD745TYGM3742GYPLYN6QF6UU\" target=\"_blank\" rel=\"noopener noreferrer\" data-auth=\"NotApplicable\" data-linkindex=\"60\">Convocatoria 2026 para integrar la Orquesta Sinf\u00f3nica Juvenil Regional Maule: El impacto transformador de FOJI en la vida de j\u00f3venes m\u00fasicos. Se menciona la Universidad de Talca<\/a>\u00a0<\/div><div>\u00a0<\/div><div><b>EL LECTOR<\/b>\u00a0<br \/><a id=\"OWA7b5a227b-b453-d533-89df-6cc0dcb9f9f1\" title=\"https:\/\/www.litoralpress.cl\/paginaconsultas\/Servicios_NClipWeb\/Get_Imagen_Nota.aspx?LPKey=R6A6JSY56HAJFL7LJADFWPLNZ6EV2WUBOE7TX5BJ7X2ARPR3RYNL5JF3CB327YKUAJQLQRSVQDWYS\" href=\"https:\/\/www.litoralpress.cl\/paginaconsultas\/Servicios_NClipWeb\/Get_Imagen_Nota.aspx?LPKey=R6A6JSY56HAJFL7LJADFWPLNZ6EV2WUBOE7TX5BJ7X2ARPR3RYNL5JF3CB327YKUAJQLQRSVQDWYS\" target=\"_blank\" rel=\"noopener noreferrer\" data-auth=\"NotApplicable\" data-linkindex=\"61\">Abiertas las inscripciones para vuelta ciclista maule centro 2026. Se menciona la Universidad de Talca.<\/a>\u00a0<\/div><div>\u00a0<\/div><div><b>LA PRENSA DE CURIC\u00d3<\/b>\u00a0<br \/><a id=\"OWA131e1fbb-2392-0b18-a30c-9e90aaf1d74f\" title=\"https:\/\/www.litoralpress.cl\/paginaconsultas\/Servicios_NClipWeb\/Get_Imagen_Nota.aspx?LPKey=AWTUPSYWJD2GD4FBAUHIQY4DY27M7TJFMPDK3SNO5SJGDHQWJARZXLZEZXKIQWGT2K73WLNT6MX3Q\" href=\"https:\/\/www.litoralpress.cl\/paginaconsultas\/Servicios_NClipWeb\/Get_Imagen_Nota.aspx?LPKey=AWTUPSYWJD2GD4FBAUHIQY4DY27M7TJFMPDK3SNO5SJGDHQWJARZXLZEZXKIQWGT2K73WLNT6MX3Q\" target=\"_blank\" rel=\"noopener noreferrer\" data-auth=\"NotApplicable\" data-linkindex=\"62\">Abiertas las inscripciones para Vuelta Ciclista Maule Centro 2026. Se menciona la Universidad de Talca.<\/a>\u00a0<\/div><div>\u00a0<\/div><div><b>MAULE HOY<\/b>\u00a0<br \/><a id=\"OWA14440db1-b257-684f-193c-9fc070ffad1b\" title=\"https:\/\/maulehoy.cl\/2025\/12\/20\/cuando-era-trasladado-a-talca-joven-practicante-de-medicina-fallecio-en-ambulancia\/\" href=\"https:\/\/maulehoy.cl\/2025\/12\/20\/cuando-era-trasladado-a-talca-joven-practicante-de-medicina-fallecio-en-ambulancia\/\" target=\"_blank\" rel=\"noopener noreferrer\" data-auth=\"NotApplicable\" data-linkindex=\"63\">Cuando era trasladado a Talca joven practicante de medicina falleci\u00f3 en ambulancia. Se menciona la Universidad de Talca.<\/a>\u00a0\u00a0<\/div><div>\u00a0<\/div><div><b>PAUTA COMUNAL<\/b>\u00a0<br \/><a id=\"OWAab9d5c6a-693e-ed9b-d3b2-5f183a00651a\" title=\"https:\/\/pautacomunal.cl\/nacional\/llamado-a-jovenes-musicos-foji-lanza-la-convocatoria-2026-para-la-orquesta-juvenil-del-maule\/\" href=\"https:\/\/pautacomunal.cl\/nacional\/llamado-a-jovenes-musicos-foji-lanza-la-convocatoria-2026-para-la-orquesta-juvenil-del-maule\/\" target=\"_blank\" rel=\"noopener noreferrer\" data-auth=\"NotApplicable\" data-linkindex=\"64\">\u00a1Llamado a j\u00f3venes m\u00fasicos! FOJI lanza la convocatoria 2026 para la Orquesta Juvenil del Maule. Se menciona la Universidad de Talca.<\/a>\u00a0<\/div><div>\u00a0<\/div><div><b>DIARIO EL CENTRO<\/b>\u00a0<br \/><a id=\"OWA12520a71-e4e8-ec3a-f41e-0415c603f984\" title=\"https:\/\/www.diarioelcentro.cl\/2025\/12\/20\/foji-inicio-el-proceso-de-postulacion-2026-para-la-orquesta-sinfonica-juvenil-regional-del-maule\/\" href=\"https:\/\/www.diarioelcentro.cl\/2025\/12\/20\/foji-inicio-el-proceso-de-postulacion-2026-para-la-orquesta-sinfonica-juvenil-regional-del-maule\/\" target=\"_blank\" rel=\"noopener noreferrer\" data-auth=\"NotApplicable\" data-linkindex=\"65\">FOJI inici\u00f3 el proceso de postulaci\u00f3n 2026 para la Orquesta Sinf\u00f3nica Juvenil Regional del Maule. Se menciona la Universidad de Talca.<\/a>\u00a0\u00a0<\/div><div>\u00a0<\/div><div><b>DIARIO TALCA<\/b>\u00a0<br \/><a id=\"OWAd9e76924-e536-c998-8df3-ffe9598777ea\" title=\"https:\/\/www.litoralpress.cl\/sitio\/Prensa_PaginaCompleta.cshtml?LPKey=U7EBPRMQAXVHETTSISZWFRLWSEGEBYTJFJWIP5M7GCNE2SQEE4KA\" href=\"https:\/\/www.litoralpress.cl\/sitio\/Prensa_PaginaCompleta.cshtml?LPKey=U7EBPRMQAXVHETTSISZWFRLWSEGEBYTJFJWIP5M7GCNE2SQEE4KA\" target=\"_blank\" rel=\"noopener noreferrer\" data-auth=\"NotApplicable\" data-linkindex=\"66\">A 40 a\u00f1os del casete definitivo &#8220;La voz de los &#8217;80&#8221;. Se menciona la Universidad de Talca.<\/a>\u00a0<\/div>\t\t\t\t\t\t<\/div>\n\t\t\t\t<\/div>\n\t\t\t\t\t<\/div>\n\t\t<\/div>\n\t\t\t\t\t\t\t<\/div>\n\t\t<\/section>\n\t\t\t\t\t\t<\/div>\n\t\t\t\t\t<\/div>\n\t\t","protected":false},"excerpt":{"rendered":"<p>DIARIO FINANCIERO\u00a0Universidad de Talca genera I+D+i de frontera contribuyendo a la sostenibilidad del pa\u00eds. Se refiere Carlos Torres Fuchslocher, rector.\u00a0\u00a0CANAL 24 HORAS\u00a0Agroforester\u00eda: un modelo resiliente ante climas extremos. Se refiere Yerko Moreno, director del Centro Tecnol\u00f3gico de la Vid y el Vino.\u00a0\u00a0MAULE HOY\u00a0Tren de Navidad UTalca llev\u00f3 alegr\u00eda y tradici\u00f3n a familias del Ramal. Se &hellip;<\/p>\n<p class=\"read-more\"> <a class=\"\" href=\"https:\/\/www.reportedeprensa.utalca.cl\/?p=13086\"> <span class=\"screen-reader-text\">22 de diciembre 2025<\/span> Read More &raquo;<\/a><\/p>\n","protected":false},"author":1,"featured_media":0,"comment_status":"closed","ping_status":"open","sticky":false,"template":"","format":"standard","meta":{"_monsterinsights_skip_tracking":false,"_monsterinsights_sitenote_active":false,"_monsterinsights_sitenote_note":"","_monsterinsights_sitenote_category":0},"categories":[66],"tags":[],"_links":{"self":[{"href":"https:\/\/www.reportedeprensa.utalca.cl\/index.php?rest_route=\/wp\/v2\/posts\/13086"}],"collection":[{"href":"https:\/\/www.reportedeprensa.utalca.cl\/index.php?rest_route=\/wp\/v2\/posts"}],"about":[{"href":"https:\/\/www.reportedeprensa.utalca.cl\/index.php?rest_route=\/wp\/v2\/types\/post"}],"author":[{"embeddable":true,"href":"https:\/\/www.reportedeprensa.utalca.cl\/index.php?rest_route=\/wp\/v2\/users\/1"}],"replies":[{"embeddable":true,"href":"https:\/\/www.reportedeprensa.utalca.cl\/index.php?rest_route=%2Fwp%2Fv2%2Fcomments&post=13086"}],"version-history":[{"count":8,"href":"https:\/\/www.reportedeprensa.utalca.cl\/index.php?rest_route=\/wp\/v2\/posts\/13086\/revisions"}],"predecessor-version":[{"id":13094,"href":"https:\/\/www.reportedeprensa.utalca.cl\/index.php?rest_route=\/wp\/v2\/posts\/13086\/revisions\/13094"}],"wp:attachment":[{"href":"https:\/\/www.reportedeprensa.utalca.cl\/index.php?rest_route=%2Fwp%2Fv2%2Fmedia&parent=13086"}],"wp:term":[{"taxonomy":"category","embeddable":true,"href":"https:\/\/www.reportedeprensa.utalca.cl\/index.php?rest_route=%2Fwp%2Fv2%2Fcategories&post=13086"},{"taxonomy":"post_tag","embeddable":true,"href":"https:\/\/www.reportedeprensa.utalca.cl\/index.php?rest_route=%2Fwp%2Fv2%2Ftags&post=13086"}],"curies":[{"name":"wp","href":"https:\/\/api.w.org\/{rel}","templated":true}]}}