{"id":13106,"date":"2025-12-23T11:18:13","date_gmt":"2025-12-23T14:18:13","guid":{"rendered":"https:\/\/www.reportedeprensa.utalca.cl\/?p=13106"},"modified":"2025-12-23T11:20:16","modified_gmt":"2025-12-23T14:20:16","slug":"23-de-diciembre-2025","status":"publish","type":"post","link":"https:\/\/www.reportedeprensa.utalca.cl\/?p=13106","title":{"rendered":"23 de diciembre 2025"},"content":{"rendered":"\t\t<div data-elementor-type=\"wp-post\" data-elementor-id=\"13106\" class=\"elementor elementor-13106\" data-elementor-settings=\"[]\">\n\t\t\t\t\t\t\t<div class=\"elementor-section-wrap\">\n\t\t\t\t\t\t\t<section class=\"elementor-section elementor-top-section elementor-element elementor-element-bcea1a8 elementor-section-boxed elementor-section-height-default elementor-section-height-default\" data-id=\"bcea1a8\" data-element_type=\"section\">\n\t\t\t\t\t\t<div class=\"elementor-container elementor-column-gap-default\">\n\t\t\t\t\t<div class=\"elementor-column elementor-col-100 elementor-top-column elementor-element elementor-element-e7183bf\" data-id=\"e7183bf\" data-element_type=\"column\">\n\t\t\t<div class=\"elementor-widget-wrap elementor-element-populated\">\n\t\t\t\t\t\t\t\t<div class=\"elementor-element elementor-element-6e24f37 elementor-widget elementor-widget-text-editor\" data-id=\"6e24f37\" data-element_type=\"widget\" data-widget_type=\"text-editor.default\">\n\t\t\t\t<div class=\"elementor-widget-container\">\n\t\t\t\t\t\t\t\t<div><b data-olk-copy-source=\"MessageBody\">LA PRENSA DE CURIC\u00d3<\/b>\u00a0<br \/><a id=\"OWA179fe4e7-ebaa-10ed-bc85-7fd366ce32d3\" title=\"https:\/\/www.litoralpress.cl\/paginaconsultas\/Servicios_NClipWeb\/Get_Imagen_Nota.aspx?LPKey=U7SNGVR5AAJLZCYDGWJFFUYHMKX3SX4KLTYHV7XWW6KEISDRBNYVJRI7VOUUIJEENI45P22SO6C7Q\" href=\"https:\/\/www.litoralpress.cl\/paginaconsultas\/Servicios_NClipWeb\/Get_Imagen_Nota.aspx?LPKey=U7SNGVR5AAJLZCYDGWJFFUYHMKX3SX4KLTYHV7XWW6KEISDRBNYVJRI7VOUUIJEENI45P22SO6C7Q\" target=\"_blank\" rel=\"noopener noreferrer\" data-auth=\"NotApplicable\" data-linkindex=\"0\">Laboratorio de Control Motor Humano expandi\u00f3 sus alianzas.\u00a0Se refiere\u00a0Valeska Gatica, acad\u00e9mica de la Facultad de Ciencias\u00a0de la Salud.<\/a>\u00a0\u00a0<\/div><div>\u00a0<\/div><div><b>CAUQUENES.NET<\/b>\u00a0<br \/><a id=\"OWAfc62274f-d179-317b-e414-05f26fddf181\" title=\"https:\/\/cauquenesnet.cl\/2025\/12\/22\/laboratorio-de-control-motor-humano-utalca-expande-sus-alianzas\/\" href=\"https:\/\/cauquenesnet.cl\/2025\/12\/22\/laboratorio-de-control-motor-humano-utalca-expande-sus-alianzas\/\" target=\"_blank\" rel=\"noopener noreferrer\" data-auth=\"NotApplicable\" data-linkindex=\"1\">Laboratorio de Control Motor Humano expandi\u00f3 sus alianzas. Se refiere Valeska Gatica, acad\u00e9mica de la Facultad de Ciencias de la Salud.<\/a>\u00a0<\/div><div>\u00a0<\/div><div><b>LA NOTICIA<\/b>\u00a0<br \/><a id=\"OWA935eec77-6588-2df5-8a2e-200c1ef9b952\" title=\"https:\/\/lanoticia.cl\/laboratorio-de-control-motor-humano-utalca-expande-sus-alianzas\/\" href=\"https:\/\/lanoticia.cl\/laboratorio-de-control-motor-humano-utalca-expande-sus-alianzas\/\" target=\"_blank\" rel=\"noopener noreferrer\" data-auth=\"NotApplicable\" data-linkindex=\"2\">Laboratorio de Control Motor Humano expandi\u00f3 sus alianzas. Se refiere Valeska Gatica, acad\u00e9mica de la Facultad de Ciencias de la Salud.<\/a>\u00a0<\/div><div>\u00a0<\/div><div><b>PORTAL RED SALUD<\/b>\u00a0<br \/><a id=\"OWA605d4bed-ea20-fcbb-0805-57324f8c1091\" title=\"https:\/\/portalredsalud.cl\/2025\/12\/22\/laboratorio-de-control-motor-humano-utalca-expande-sus-alianzas\/\" href=\"https:\/\/portalredsalud.cl\/2025\/12\/22\/laboratorio-de-control-motor-humano-utalca-expande-sus-alianzas\/\" target=\"_blank\" rel=\"noopener noreferrer\" data-auth=\"NotApplicable\" data-linkindex=\"3\">Laboratorio de Control Motor Humano expandi\u00f3 sus alianzas. Se refiere Valeska Gatica, acad\u00e9mica de la Facultad de Ciencias de la Salud.<\/a>\u00a0<\/div><div>\u00a0<\/div><div><b>CANAL MEGA<\/b>\u00a0<br \/><a id=\"OWA64455e75-2789-ef7e-0a0c-2cebcde9f266\" title=\"https:\/\/www.litoralpress.cl\/sitio\/RadioTV_Detalles.cshtml?LPKey=3Z3X2XSVGIMVAZTBS3LK6ZASF37ZDJJ5OOIH3YZBOOUMYZULC4XCMYPG24DQ7I6ZQBBKO5J44LTFW\" href=\"https:\/\/www.litoralpress.cl\/sitio\/RadioTV_Detalles.cshtml?LPKey=3Z3X2XSVGIMVAZTBS3LK6ZASF37ZDJJ5OOIH3YZBOOUMYZULC4XCMYPG24DQ7I6ZQBBKO5J44LTFW\" target=\"_blank\" rel=\"noopener noreferrer\" data-auth=\"NotApplicable\" data-linkindex=\"4\">\u00bfPresidente\u00a0electo se bajar\u00e1 el sueldo?\u00a0Se refiere\u00a0Mauricio Morales\u00a0Quiroga,\u00a0director del Centro de An\u00e1lisis Pol\u00edtico (CAP-UTalca).<\/a>\u00a0<\/div><div>\u00a0<\/div><div><b>\u00a0MEGA<\/b>\u00a0<br \/><a id=\"OWA5c8de9f5-d887-021b-25de-a9c054bfd637\" title=\"https:\/\/www.mega.cl\/programas\/mucho-gusto\/mejores-momentos\/208136-las-tres-grandes-promesas-de-kast-debe-cumplir-encuesta-cadem.html\" href=\"https:\/\/www.mega.cl\/programas\/mucho-gusto\/mejores-momentos\/208136-las-tres-grandes-promesas-de-kast-debe-cumplir-encuesta-cadem.html\" target=\"_blank\" rel=\"noopener noreferrer\" data-auth=\"NotApplicable\" data-linkindex=\"5\">Desde inmigraci\u00f3n al crecimiento econ\u00f3mico: Las tres grandes promesas que Kast debe cumplir, seg\u00fan\u00a0Cadem. Se refiere Mauricio Morales Quiroga, director del Centro de An\u00e1lisis Pol\u00edtico (CAP-UTalca).<\/a>\u00a0<\/div><div>\u00a0<\/div><div><b>S\u00c9PTIMA P\u00c1GINA NOTICIAS<\/b>\u00a0<br \/><a id=\"OWA3fae89e4-b376-22a8-ddfb-97e4ab5f6111\" title=\"https:\/\/www.septimapaginanoticias.cl\/estudio-revela-impacto-positivo-de-centros-diurnos-en-la-salud-y-autonomia-de-personas-mayores\" href=\"https:\/\/www.septimapaginanoticias.cl\/estudio-revela-impacto-positivo-de-centros-diurnos-en-la-salud-y-autonomia-de-personas-mayores\" target=\"_blank\" rel=\"noopener noreferrer\" data-auth=\"NotApplicable\" data-linkindex=\"6\">Estudio revela impacto positivo de Centros Diurnos en la salud y autonom\u00eda de personas mayores.\u00a0Se refiere\u202fIv\u00e1n Palomo, director del Centro de Longevidad Vitalis y Luis Guzm\u00e1n, decano de la Facultad de Ciencias de la Salud.<\/a>\u00a0<\/div><div>\u00a0<\/div><div><b>LA NOTICIA<\/b>\u00a0<br \/><a id=\"OWA2a1840b7-7a8e-604d-1ab3-38face56b890\" title=\"https:\/\/lanoticia.cl\/agora-de-las-ciencias-4-mil-escolares-disfrutaron-de-juegos-y-experimentacion\/\" href=\"https:\/\/lanoticia.cl\/agora-de-las-ciencias-4-mil-escolares-disfrutaron-de-juegos-y-experimentacion\/\" target=\"_blank\" rel=\"noopener noreferrer\" data-auth=\"NotApplicable\" data-linkindex=\"7\">\u00c1gora de las ciencias: 4 mil escolares disfrutaron de juegos y experimentaci\u00f3n. Se refiere\u00a0C\u00e9sar Retamal Bravo, jefe de la Unidad de Divulgaci\u00f3n y director de Explora Maule\u00a0y\u00a0Elisa\u00a0Marinkovic\u00a0Gonz\u00e1lez,\u00a0acad\u00e9mica del Departamento de Ciencias B\u00e1sicas Biom\u00e9dicas.<\/a>\u00a0<\/div><div>\u00a0<\/div><div><b>RADIO LAUTARO<\/b>\u00a0<\/div><div><br \/><a id=\"OWAd482440d-881f-a754-d5e9-c0651997a376\" title=\"https:\/\/radiolautarotalca.cl\/cambio-climatico-obliga-a-replantear-estrategias-en-su-produccion-de-la-cereza\/\" href=\"https:\/\/radiolautarotalca.cl\/cambio-climatico-obliga-a-replantear-estrategias-en-su-produccion-de-la-cereza\/\" target=\"_blank\" rel=\"noopener noreferrer\" data-auth=\"NotApplicable\" data-linkindex=\"8\">Cambio clim\u00e1tico obliga a replantear estrategias en su producci\u00f3n de la cereza.\u00a0Se refiere \u00c1lvaro Sep\u00falveda Le\u00f3n, investigador del Centro de Pom\u00e1ceas.<\/a>\u00a0<\/div><div>\u00a0<\/div><div><b>REDG9<\/b>\u00a0<br \/><a id=\"OWA0d224726-487e-17bc-5b0f-1253fb99d2aa\" title=\"https:\/\/redg9.cl\/2025\/12\/22\/uoh-utalca-y-uls-participaron-de-encuentro-interinstitucional-de-vinculacion-pace-en-la-ucm\/\" href=\"https:\/\/redg9.cl\/2025\/12\/22\/uoh-utalca-y-uls-participaron-de-encuentro-interinstitucional-de-vinculacion-pace-en-la-ucm\/\" target=\"_blank\" rel=\"noopener noreferrer\" data-auth=\"NotApplicable\" data-linkindex=\"9\">UOH,\u00a0UTalca\u00a0y ULS participaron de Encuentro Interinstitucional de Vinculaci\u00f3n PACE en la UCM. Se refiere\u00a0Iv\u00e1n Baeza Barra,\u00a0coordinador ejecutivo del PACE\u00a0UTalca.<\/a>\u00a0\u00a0<\/div><div>\u00a0<\/div><div><b>RADIO FM M\u00c1S<\/b>\u00a0<br \/><a id=\"OWAfcf71dae-1fa1-2959-d783-7a1305191c8a\" title=\"https:\/\/radiofmmas.cl\/estudiantes-de-la-utalca-desarrollaron-mas-de-300-proyectos-comunitarios\/\" href=\"https:\/\/radiofmmas.cl\/estudiantes-de-la-utalca-desarrollaron-mas-de-300-proyectos-comunitarios\/\" target=\"_blank\" rel=\"noopener noreferrer\" data-auth=\"NotApplicable\" data-linkindex=\"10\">Estudiantes de la\u00a0UTalca\u00a0desarrollaron m\u00e1s de 300 proyectos comunitarios. Se refiere\u00a0Marlenne\u00a0Guti\u00e9rrez, directora del Programa de Formaci\u00f3n Fundamental (PFF).<\/a>\u00a0<\/div><div aria-hidden=\"true\">\u00a0<\/div><div><b>DIARIO UACH<\/b>\u00a0<br \/><a id=\"OWAa2819bf3-d1c9-2a48-653e-00a499e69afe\" title=\"https:\/\/diario.uach.cl\/academico-de-la-uach-participa-en-libro-sobre-geomatica-para-la-gestion-y-ordenacion-del-territorio\/\" href=\"https:\/\/diario.uach.cl\/academico-de-la-uach-participa-en-libro-sobre-geomatica-para-la-gestion-y-ordenacion-del-territorio\/\" target=\"_blank\" rel=\"noopener noreferrer\" data-auth=\"NotApplicable\" data-linkindex=\"11\">Acad\u00e9mico de la UACh participa en libro sobre geom\u00e1tica para la gesti\u00f3n y ordenaci\u00f3n del territorio. Se menciona la Universidad de Talca.<\/a>\u00a0<\/div><div>\u00a0<\/div><div><b>MAULE NEWS<\/b>\u00a0<br \/><a id=\"OWAd70fed3a-6c54-cc98-eb69-8cdbfc47b731\" title=\"https:\/\/www.maulenews.com\/2025\/12\/abiertas-las-inscripciones-para-vuelta.html\" href=\"https:\/\/www.maulenews.com\/2025\/12\/abiertas-las-inscripciones-para-vuelta.html\" target=\"_blank\" rel=\"noopener noreferrer\" data-auth=\"NotApplicable\" data-linkindex=\"12\">Abiertas las inscripciones para Vuelta Ciclista Maule Centro 2026. Se menciona la Universidad de Talca.<\/a>\u00a0<\/div>\t\t\t\t\t\t<\/div>\n\t\t\t\t<\/div>\n\t\t\t\t\t<\/div>\n\t\t<\/div>\n\t\t\t\t\t\t\t<\/div>\n\t\t<\/section>\n\t\t\t\t\t\t<\/div>\n\t\t\t\t\t<\/div>\n\t\t","protected":false},"excerpt":{"rendered":"<p>LA PRENSA DE CURIC\u00d3\u00a0Laboratorio de Control Motor Humano expandi\u00f3 sus alianzas.\u00a0Se refiere\u00a0Valeska Gatica, acad\u00e9mica de la Facultad de Ciencias\u00a0de la Salud.\u00a0\u00a0\u00a0CAUQUENES.NET\u00a0Laboratorio de Control Motor Humano expandi\u00f3 sus alianzas. Se refiere Valeska Gatica, acad\u00e9mica de la Facultad de Ciencias de la Salud.\u00a0\u00a0LA NOTICIA\u00a0Laboratorio de Control Motor Humano expandi\u00f3 sus alianzas. Se refiere Valeska Gatica, acad\u00e9mica de &hellip;<\/p>\n<p class=\"read-more\"> <a class=\"\" href=\"https:\/\/www.reportedeprensa.utalca.cl\/?p=13106\"> <span class=\"screen-reader-text\">23 de diciembre 2025<\/span> Read More &raquo;<\/a><\/p>\n","protected":false},"author":1,"featured_media":0,"comment_status":"closed","ping_status":"open","sticky":false,"template":"","format":"standard","meta":{"_monsterinsights_skip_tracking":false,"_monsterinsights_sitenote_active":false,"_monsterinsights_sitenote_note":"","_monsterinsights_sitenote_category":0},"categories":[66],"tags":[],"_links":{"self":[{"href":"https:\/\/www.reportedeprensa.utalca.cl\/index.php?rest_route=\/wp\/v2\/posts\/13106"}],"collection":[{"href":"https:\/\/www.reportedeprensa.utalca.cl\/index.php?rest_route=\/wp\/v2\/posts"}],"about":[{"href":"https:\/\/www.reportedeprensa.utalca.cl\/index.php?rest_route=\/wp\/v2\/types\/post"}],"author":[{"embeddable":true,"href":"https:\/\/www.reportedeprensa.utalca.cl\/index.php?rest_route=\/wp\/v2\/users\/1"}],"replies":[{"embeddable":true,"href":"https:\/\/www.reportedeprensa.utalca.cl\/index.php?rest_route=%2Fwp%2Fv2%2Fcomments&post=13106"}],"version-history":[{"count":4,"href":"https:\/\/www.reportedeprensa.utalca.cl\/index.php?rest_route=\/wp\/v2\/posts\/13106\/revisions"}],"predecessor-version":[{"id":13110,"href":"https:\/\/www.reportedeprensa.utalca.cl\/index.php?rest_route=\/wp\/v2\/posts\/13106\/revisions\/13110"}],"wp:attachment":[{"href":"https:\/\/www.reportedeprensa.utalca.cl\/index.php?rest_route=%2Fwp%2Fv2%2Fmedia&parent=13106"}],"wp:term":[{"taxonomy":"category","embeddable":true,"href":"https:\/\/www.reportedeprensa.utalca.cl\/index.php?rest_route=%2Fwp%2Fv2%2Fcategories&post=13106"},{"taxonomy":"post_tag","embeddable":true,"href":"https:\/\/www.reportedeprensa.utalca.cl\/index.php?rest_route=%2Fwp%2Fv2%2Ftags&post=13106"}],"curies":[{"name":"wp","href":"https:\/\/api.w.org\/{rel}","templated":true}]}}