{"id":13111,"date":"2025-12-29T10:30:16","date_gmt":"2025-12-29T13:30:16","guid":{"rendered":"https:\/\/www.reportedeprensa.utalca.cl\/?p=13111"},"modified":"2025-12-29T11:01:03","modified_gmt":"2025-12-29T14:01:03","slug":"29-de-diciembre-2025","status":"publish","type":"post","link":"https:\/\/www.reportedeprensa.utalca.cl\/?p=13111","title":{"rendered":"29 de diciembre 2025"},"content":{"rendered":"\t\t<div data-elementor-type=\"wp-post\" data-elementor-id=\"13111\" class=\"elementor elementor-13111\" data-elementor-settings=\"[]\">\n\t\t\t\t\t\t\t<div class=\"elementor-section-wrap\">\n\t\t\t\t\t\t\t<section class=\"elementor-section elementor-top-section elementor-element elementor-element-bcea1a8 elementor-section-boxed elementor-section-height-default elementor-section-height-default\" data-id=\"bcea1a8\" data-element_type=\"section\">\n\t\t\t\t\t\t<div class=\"elementor-container elementor-column-gap-default\">\n\t\t\t\t\t<div class=\"elementor-column elementor-col-100 elementor-top-column elementor-element elementor-element-e7183bf\" data-id=\"e7183bf\" data-element_type=\"column\">\n\t\t\t<div class=\"elementor-widget-wrap elementor-element-populated\">\n\t\t\t\t\t\t\t\t<div class=\"elementor-element elementor-element-6e24f37 elementor-widget elementor-widget-text-editor\" data-id=\"6e24f37\" data-element_type=\"widget\" data-widget_type=\"text-editor.default\">\n\t\t\t\t<div class=\"elementor-widget-container\">\n\t\t\t\t\t\t\t\t<p><strong>EL MAULE INFORMA<\/strong><br \/><a href=\"https:\/\/elmauleinforma.cl\/utalca-se-adjudica-fondo-estructural-de-investigacion-para-desarrollo-de-ciencias\/\">UTalca adjudica fondo estructural de investigaci\u00f3n para desarrollo de ciencias. Se refiere Carlos Torres Fuchslocher, rector<\/a><\/p><p>\u00a0<\/p><p><strong>MEDIA BANCO<\/strong><br \/><a href=\"https:\/\/www.mediabanco.com\/utalca-adjudica-fondo-estructural-deinvestigacion-para-desarrollo-de-ciencias\/\">UTalca adjudica fondo estructural de investigaci\u00f3n para desarrollo de ciencias. Se refiere Carlos Torres Fuchslocher, rector<\/a><\/p><p>\u00a0<\/p><p><strong>EL HERALDO<\/strong><br \/><a href=\"https:\/\/www.litoralpress.cl\/paginaconsultas\/Servicios_NClipWeb\/Get_Imagen_Nota.aspx?LPKey=H6UATLWITRY5ZLWXZPSTW4XH4AZKVFECGNQJF3TJ4LNSI5LJBPKTXJSJSCO6KCIVSV74HJMEGEUKU\">UTalca adjudica fondo estructural de investigaci\u00f3n para desarrollo de ciencias. Se refiere Carlos Torres Fuchslocher, rector<\/a><\/p><p>\u00a0<\/p><p><strong>DIARIO HERALDO<\/strong><br \/><a href=\"https:\/\/www.diarioelheraldo.cl\/noticia\/utalca-adjudica-fondo-estructural-de-investigacion-para-desarrollo-de-ciencias\">UTalca adjudica fondo estructural de investigaci\u00f3n para desarrollo de ciencias. Se refiere Carlos Torres Fuchslocher, rector<\/a><\/p><p>\u00a0<\/p><p><strong>TRN NOTICIAS<\/strong><br \/><a href=\"https:\/\/trnoticias.cl\/2025\/12\/27\/utalca-adjudica-fondo-estructural-de-investigacion-para-desarrollo-de-ciencias\/\">UTalca adjudica fondo estructural de investigaci\u00f3n para desarrollo de ciencias. Se refiere Carlos Torres Fuchslocher, rector<\/a><\/p><p>\u00a0<\/p><p><strong>CANAL 2 LINARES<\/strong><br \/><a href=\"https:\/\/www.canal2linares.cl\/2025\/12\/utalca-adjudica-fondo-estructural-de.html\">UTalca adjudica fondo estructural de investigaci\u00f3n para desarrollo de ciencias. Se refiere Carlos Torres Fuchslocher, rector<\/a><\/p><p>\u00a0<\/p><p><strong>EL LECTOR<\/strong><br \/><a href=\"https:\/\/www.litoralpress.cl\/paginaconsultas\/Servicios_NClipWeb\/Get_Imagen_Nota.aspx?LPKey=EZM2EQI3YY4WHS5XMWVTLJFSEGJUYPR6CJWADOXKONAHAKT2DFX7424FH6ZBJWRHHZ6XBFR5K4CWQ\">Analizan desaf\u00edos sobre el maltrato de personas mayores. Se refiere Iv\u00e1n Palomo Gonz\u00e1lez, director del Centro de Longevidad VITALIS y Germ\u00e1n Lobos, acad\u00e9mico de la Facultad de econom\u00eda y Negocios.<\/a><\/p><p>\u00a0<\/p><p><strong>LA NOTICIA<\/strong><br \/><a href=\"https:\/\/lanoticia.cl\/analizan-desafios-sobre-el-maltrato-de-personas-mayores\/\">Analizan desaf\u00edos sobre el maltrato de personas mayores. Se refiere Iv\u00e1n Palomo Gonz\u00e1lez, director del Centro de Longevidad VITALIS y Germ\u00e1n Lobos, acad\u00e9mico de la Facultad de econom\u00eda y Negocios.<\/a><\/p><p>\u00a0<\/p><p><strong>PORTAL RED SALUD<\/strong><br \/><a href=\"https:\/\/portalredsalud.cl\/2025\/12\/24\/analizan-desafios-sobre-el-maltrato-de-personas-mayores\/\">Analizan desaf\u00edos sobre el maltrato de personas mayores. Se refiere Iv\u00e1n Palomo Gonz\u00e1lez, director del Centro de Longevidad VITALIS y Germ\u00e1n Lobos, acad\u00e9mico de la Facultad de econom\u00eda y Negocios.<\/a><\/p><p>\u00a0<\/p><p><strong>MAULE HOY<\/strong><br \/><a href=\"Se%20refiere%20Iv\u00e1n%20Palomo%20Gonz\u00e1lez,%20director%20del%20Centro%20de%20Longevidad%20VITALIS%20y%20Germ\u00e1n%20Lobos,%20acad\u00e9mico%20de%20la%20Facultad%20de%20econom\u00eda%20y%20Negocios.\">Analizan desaf\u00edos sobre el maltrato de personas mayores. Se refiere Iv\u00e1n Palomo Gonz\u00e1lez, director del Centro de Longevidad VITALIS y Germ\u00e1n Lobos, acad\u00e9mico de la Facultad de econom\u00eda y Negocios.<\/a><\/p><p>\u00a0<\/p><p><strong>MAULE HOY<\/strong><br \/><a href=\"https:\/\/maulehoy.cl\/2025\/12\/26\/analizan-desafios-sobre-el-maltrato-de-personas-mayores\/\">Analizan desaf\u00edos sobre el maltrato de personas mayores. Se refiere Iv\u00e1n Palomo Gonz\u00e1lez, director del Centro de Longevidad VITALIS y Germ\u00e1n Lobos, acad\u00e9mico de la Facultad de econom\u00eda y Negocios.<\/a><\/p><p>\u00a0<\/p><p><strong>RADIO LAUTARO<\/strong><br \/><a href=\"https:\/\/radiolautarotalca.cl\/analizan-desafios-sobre-el-maltrato-de-personas-mayores\/\">Analizan desaf\u00edos sobre el maltrato de personas mayores. Se refiere Iv\u00e1n Palomo Gonz\u00e1lez, director del Centro de Longevidad VITALIS y Germ\u00e1n Lobos, acad\u00e9mico de la Facultad de econom\u00eda y Negocios.<\/a><\/p><p>\u00a0<\/p><p><strong>CR\u00d3NICA DIGITAL<\/strong><br \/><a href=\"https:\/\/cronicadigital.cl\/academicas-indagaran-efecto-renal-por-helicobacter-pylori\/\">Acad\u00e9micas indagar\u00e1n efecto renal por helicobacter pylori. Se refieren Wendy Donoso Torres y Carmen Zambrano Bravo, acad\u00e9micas de la Escuela de Tecnolog\u00eda M\u00e9dica.<\/a><\/p><p>\u00a0<\/p><p><strong>RADIO MAULE SUR<\/strong><br \/><a href=\"https:\/\/www.radiomaulesur.cl\/2025\/12\/academicas-indagaran-efecto-renal-por.html\u00e7\">Acad\u00e9micas indagar\u00e1n efecto renal por helicobacter pylori. Se refieren Wendy Donoso Torres y Carmen Zambrano Bravo, acad\u00e9micas de la Escuela de Tecnolog\u00eda M\u00e9dica.<\/a><\/p><p>\u00a0<\/p><p><strong>EL MAULE INFORMA<\/strong><br \/><a href=\"https:\/\/elmauleinforma.cl\/academicas-indagaran-efecto-renal-por-helicobacter-pylori\/\">Acad\u00e9micas indagar\u00e1n efecto renal por helicobacter pylori. Se refieren Wendy Donoso Torres y Carmen Zambrano Bravo, acad\u00e9micas de la Escuela de Tecnolog\u00eda M\u00e9dica.<\/a><\/p><p>\u00a0<\/p><p><strong>REGIONES NOTICIAS<\/strong><br \/><a href=\"https:\/\/regionesnoticias.cl\/actualidad\/2025\/12\/26\/acadmicas-indagarn-efecto-renal-por-helicobacter-pylori\/72664\">Acad\u00e9micas indagar\u00e1n efecto renal por helicobacter pylori. Se refieren Wendy Donoso Torres y Carmen Zambrano Bravo, acad\u00e9micas de la Escuela de Tecnolog\u00eda M\u00e9dica.<\/a><\/p><p>\u00a0<\/p><p><strong>PORTAL RED SALUD<\/strong><br \/><a href=\"https:\/\/portalredsalud.cl\/2025\/12\/26\/academicas-indagaran-efecto-renal-por-helicobacter-pylori\/\">Acad\u00e9micas indagar\u00e1n efecto renal por helicobacter pylori. Se refieren Wendy Donoso Torres y Carmen Zambrano Bravo, acad\u00e9micas de la Escuela de Tecnolog\u00eda M\u00e9dica.<\/a><\/p><p>\u00a0<\/p><p><strong>LA PRENSA DE CURIC\u00d3<\/strong><br \/><a href=\"https:\/\/www.litoralpress.cl\/paginaconsultas\/Servicios_NClipWeb\/Get_Imagen_Nota.aspx?LPKey=MXMN5WNSCOOEJGSQB2MPJHMK3Q7REEJSCCDDSI3YAKYUACMBLSIHHVXIYJTLLTBRPI34QPCY4TRZG\">Acad\u00e9micas indagar\u00e1n efecto renal por helicobacter pylori. Se refieren Wendy Donoso Torres y Carmen Zambrano Bravo, acad\u00e9micas de la Escuela de Tecnolog\u00eda M\u00e9dica.<\/a><\/p><p>\u00a0<\/p><p><strong>G5 NOTICIAS<\/strong><br \/><a href=\"https:\/\/g5noticias.cl\/2025\/12\/27\/academicas-indagaran-efecto-renal-por-helicobacter-pylori\/\">Acad\u00e9micas indagar\u00e1n efecto renal por helicobacter pylori. Se refieren Wendy Donoso Torres y Carmen Zambrano Bravo, acad\u00e9micas de la Escuela de Tecnolog\u00eda M\u00e9dica.<\/a><\/p><p>\u00a0<\/p><p><strong>CANAL 2 LINARES<\/strong><br \/><a href=\"https:\/\/www.canal2linares.cl\/2025\/12\/academicas-indagaran-efecto-renal-por.html\">Acad\u00e9micas indagar\u00e1n efecto renal por helicobacter pylori. Se refieren Wendy Donoso Torres y Carmen Zambrano Bravo, acad\u00e9micas de la Escuela de Tecnolog\u00eda M\u00e9dica.<\/a><\/p><p>\u00a0<\/p><p><strong>RADIO LAUTARO<\/strong><br \/><a href=\"https:\/\/radiolautarotalca.cl\/fiestas-de-fin-de-ano-hacen-llamado-al-autocuidado-frente-al-consumo-de-alcohol\/\">Fiestas de fin de a\u00f1o: Hacen llamado al autocuidado frente al consumo de alcohol. Se refiere Mar\u00eda Ester Mu\u00f1oz, acad\u00e9mica del Departamento de Ciencias del Cuidado en Enfermer\u00eda<\/a><\/p><p>\u00a0<\/p><p><strong>G5 NOTICIA<\/strong><br \/><a href=\"https:\/\/g5noticias.cl\/2025\/12\/24\/fiestas-de-fin-de-ano-hacen-llamado-al-autocuidado-frente-al-consumo-de-alcohol\/\">Fiestas de fin de a\u00f1o: Hacen llamado al autocuidado frente al consumo de alcohol. Se refiere Mar\u00eda Ester Mu\u00f1oz, acad\u00e9mica del Departamento de Ciencias del Cuidado en Enfermer\u00eda<\/a><\/p><p>\u00a0<\/p><p><strong>MEDIA BANCO<\/strong><br \/><a href=\"https:\/\/www.mediabanco.com\/fiestas-de-fin-de-ano-hacen-llamado-al-autocuidado-frente-al-consumo-de-alcohol\/\">Fiestas de fin de a\u00f1o: Hacen llamado al autocuidado frente al consumo de alcohol. Se refiere Mar\u00eda Ester Mu\u00f1oz, acad\u00e9mica del Departamento de Ciencias del Cuidado en Enfermer\u00eda<\/a><\/p><p>\u00a0<\/p><p><strong>S\u00c9PTIMA P\u00c1GINA NOTICIAS<\/strong><br \/><a href=\"https:\/\/www.septimapaginanoticias.cl\/fiestas-de-fin-de-ano-hacen-llamado-al-autocuidado-frente-al-consumo-de-alcohol\">Fiestas de fin de a\u00f1o: Hacen llamado al autocuidado frente al consumo de alcohol. Se refiere Mar\u00eda Ester Mu\u00f1oz, acad\u00e9mica del Departamento de Ciencias del Cuidado en Enfermer\u00eda<\/a><\/p><p>\u00a0<\/p><p><strong>CANAL 2 LINARES<\/strong><br \/><a href=\"https:\/\/www.canal2linares.cl\/2025\/12\/fiestas-de-fin-de-ano-hacen-llamado-al.html\">Fiestas de fin de a\u00f1o: Hacen llamado al autocuidado frente al consumo de alcohol. Se refiere Mar\u00eda Ester Mu\u00f1oz, acad\u00e9mica del Departamento de Ciencias del Cuidado en Enfermer\u00eda<\/a><\/p><p>\u00a0<\/p><p><strong>EL LECTOR<\/strong><br \/><a href=\"https:\/\/www.litoralpress.cl\/paginaconsultas\/Servicios_NClipWeb\/Get_Imagen_Nota.aspx?LPKey=MATRAQ7PFQKFTLJQRIWDLL34FLATYDBF7XP7ELZ4445UA2IQ365CTAK6J5Q4WVDIJAXMNHRKPJV5O\">Fiestas de fin de a\u00f1o: Hacen llamado al autocuidado frente al consumo de alcohol. Se refiere Mar\u00eda Ester Mu\u00f1oz, acad\u00e9mica del Departamento de Ciencias del Cuidado en Enfermer\u00eda<\/a><\/p><p>\u00a0<\/p><p><strong>LA PRENSA DE CURIC\u00d3<\/strong><br \/><a href=\"https:\/\/www.litoralpress.cl\/paginaconsultas\/Servicios_NClipWeb\/Get_Imagen_Nota.aspx?LPKey=4AEZOKY65XT6PMOEEINDMA2SB5W3J434GDRABRCIXFU3XXQ5KIGRVY6P73JY6U73LXD7GU7AKDYJI\">Acad\u00e9mica de UTalca explica el autocuidado frente al consumo de alcohol en fiestas de fin de a\u00f1o. Se refiere Mar\u00eda Ester Mu\u00f1oz, acad\u00e9mica del Departamento de Ciencias del Cuidado en Enfermer\u00eda<\/a><\/p><p>\u00a0<\/p><p><strong>BIO NOTICIAS<\/strong><br \/><a href=\"https:\/\/bionoticias.cl\/fin-de-ano-especialistas-refuerzan-llamado-al-autocuidado-ante-el-consumo-de-alcohol\/\">Fin de a\u00f1o: especialistas refuerzan llamado al autocuidado ante el consumo de alcohol. Se refiere Mar\u00eda Ester Mu\u00f1oz, acad\u00e9mica del Departamento de Ciencias del Cuidado en Enfermer\u00eda<\/a><\/p><p>\u00a0<\/p><p><strong>EMOL<\/strong><br \/><a href=\"https:\/\/www.emol.com\/noticias\/Nacional\/2025\/12\/27\/1186875\/como-proyectan-futuro-jara-derrota.html\">\u00bfVoz en el &#8216;reordenamiento&#8217; o con &#8216;poca relevancia&#8217;? C\u00f3mo se proyecta el rol de Jara tras la derrota electoral. Se refiere Mario Herrera mu\u00f1oz, acad\u00e9mico del Centro de An\u00e1lisis Pol\u00edtico (CAP-UTalca)<\/a><\/p><p>\u00a0<\/p><p><strong>NUEVO PODER<\/strong><br \/><a href=\"https:\/\/www.nuevopoder.cl\/incertidumbre-y-pugnas-internas-marcan-futuro-politico-de-j-jara\/\">Incertidumbre y conflictos internos definen el futuro pol\u00edtico de J. Jara. Se refiere Mario Herrera mu\u00f1oz, acad\u00e9mico del Centro de An\u00e1lisis Pol\u00edtico (CAP-UTalca)<\/a><\/p><p>\u00a0<\/p><p><strong>EL CONTENIDO<\/strong><br \/><a href=\"https:\/\/www.nuevopoder.cl\/incertidumbre-y-pugnas-internas-marcan-futuro-politico-de-j-jara\/\">Incertidumbre y conflictos internos definen el futuro pol\u00edtico de J. Jara. Se refiere Mario Herrera mu\u00f1oz, acad\u00e9mico del Centro de An\u00e1lisis Pol\u00edtico (CAP-UTalca)<\/a><\/p><p>\u00a0<\/p><p><strong>LA PRENSA DE CURIC\u00d3<\/strong><br \/><a href=\"https:\/\/www.litoralpress.cl\/paginaconsultas\/Servicios_NClipWeb\/Get_Imagen_Nota.aspx?LPKey=NFG4QDE4MGKFHOS5L7V3UXN6IIHHR6IDAFIQMFKQASCDP5VMX5ODQQTPZ6HNCW44W7G3KZTIIAQSY\">Pronostican temperaturas de hasta 38\u00ba Celsius para la Regi\u00f3n del Maule en v\u00edsperas de A\u00f1o Nuevo. Se refiere Patricio Gonz\u00e1lez Colville, agroclimat\u00f3logo y acad\u00e9mico del Centro de Investigaci\u00f3n y Transferencia en Riego y Agroclimatolog\u00eda (CITRA).<\/a><\/p><p>\u00a0<\/p><p><strong>DIARIO LA PRENSA<\/strong><br \/><a href=\"https:\/\/new.diariolaprensa.cl\/index.php\/2025\/12\/24\/pronostican-temperaturas-de-hasta-38o-celsius-para-la-region-del-maule-en-visperas-de-ano-nuevo\/\">Pronostican temperaturas de hasta 38\u00ba Celsius para la Regi\u00f3n del Maule en v\u00edsperas de A\u00f1o Nuevo. Se refiere Patricio Gonz\u00e1lez Colville, agroclimat\u00f3logo y acad\u00e9mico del Centro de Investigaci\u00f3n y Transferencia en Riego y Agroclimatolog\u00eda (CITRA).<\/a><\/p><p>\u00a0<\/p><p><strong>RADIO ADN<\/strong><br \/><a href=\"https:\/\/www.litoralpress.cl\/sitio\/RadioTV_Detalles.cshtml?LPKey=MBVIZUQIOAIRXZJKJSQ3OOWSBHDWA5XTH5FXWNVIMYYSF2B7IBBZKXM4YR3PODWZWUC47BO5BDSFE\">Una intensa ola de calor marca a jornada. Se refiere Patricio Gonz\u00e1lez Colville, agroclimat\u00f3logo y acad\u00e9mico del Centro de Investigaci\u00f3n y Transferencia en Riego y Agroclimatolog\u00eda (CITRA).<\/a><\/p><p>\u00a0<\/p><p><strong>RADIO ADN<\/strong><br \/><a href=\"https:\/\/www.litoralpress.cl\/sitio\/RadioTV_Detalles.cshtml?LPKey=AG4XRPCI7XENHCKMJKCFN2YDZS2JW3TJMRBZ6ZXW66BTIQIQCGDLCDZV35PRSGBIXKUINOGPTN336\">Nuevas emergencias por incendios forestales vivieron la regi\u00f3n del Maule. Se refiere Patricio Gonz\u00e1lez Colville, agroclimat\u00f3logo y acad\u00e9mico del Centro de Investigaci\u00f3n y Transferencia en Riego y Agroclimatolog\u00eda (CITRA).<\/a><\/p><p>\u00a0<\/p><p><strong>LA ESTRELLA DE ANTOFAGASTA<\/strong><br \/><a href=\"https:\/\/www.litoralpress.cl\/paginaconsultas\/Servicios_NClipWeb\/Get_Imagen_Nota.aspx?LPKey=KLLC2W4Y5Z2KNXUYVGIUPK6BJ4MVLGTK6EHIVUGBKSDHBOUN3DAFACHQJOPRGLSD7H3W4JKHI7PSK\">Un libro de 12 metros de largo ilustra y cuenta la historia del pa\u00eds. Se refiere Paulo Cox Puga, acad\u00e9mico de la Facultad de Econom\u00eda y Negocios.<\/a><\/p><p>\u00a0<\/p><p><strong>LA ESTRELLA DE ARICA<\/strong><br \/><a href=\"https:\/\/www.litoralpress.cl\/paginaconsultas\/Servicios_NClipWeb\/Get_Imagen_Nota.aspx?LPKey=OU2W4OJXKMSV4HW72KE7OH7Y72JPZBKUQDBK6LZIEPRBLV3XRPYOO5IE34UZ7HWLLKHJ65RNFUA2A\">Un libro de 12 metros de largo ilustra y cuenta la historia del pa\u00eds. Se refiere Paulo Cox Puga, acad\u00e9mico de la Facultad de Econom\u00eda y Negocios<\/a><\/p><p>\u00a0<\/p><p><strong>LA ESTRELLA DE ARICA<\/strong><br \/><a href=\"https:\/\/www.litoralpress.cl\/paginaconsultas\/Servicios_NClipWeb\/Get_Imagen_Nota.aspx?LPKey=IF3RP5YFFD4INQ72FWLVLWAY2ERN7W5FXKIBN66SW7QNETRE624QCUTJBEE5AQIR5I7QU4GKHUYLU\">Un libro de 12 metros de largo ilustra y cuenta la historia del pa\u00eds. Se refiere Paulo Cox Puga, acad\u00e9mico de la Facultad de Econom\u00eda y Negocios<\/a><\/p><p>\u00a0<\/p><p><strong>LA ESTRELLA DE CHILO\u00c9<\/strong><br \/><a href=\"https:\/\/www.litoralpress.cl\/paginaconsultas\/Servicios_NClipWeb\/Get_Imagen_Nota.aspx?LPKey=OM3IXFZ7BZ2CDKYZHIX5ZCUY4NNKQZNN2UWNRCC2HNOADTTOQDDOEMRYH4IDGVK56LTWGOSWNCWXY\">Un texto de 12 metros de longitud ilustra y cuenta la historia del pa\u00eds. Se refiere Paulo Cox Puga, acad\u00e9mico de la Facultad de Econom\u00eda y Negocios<\/a><\/p><p>\u00a0<\/p><p><strong>EL HERALDO<\/strong><br \/><a href=\"https:\/\/www.litoralpress.cl\/paginaconsultas\/Servicios_NClipWeb\/Get_Imagen_Nota.aspx?LPKey=MU5D7UC2Z4IC3Q5Y7XHRZLMJJUTAEFKN65Y2RQOLC7ASMYVQ4CXQZZGBXK6T3QJ3QTRUMPG5U5DX2\">Estudiantes de la UTalca desarrollaron m\u00e1s de 300 proyectos comunitarios. Se refiere Marlenne Guti\u00e9rrez, directora del Programa de Formaci\u00f3n Fundamental (PFF).<\/a><\/p><p>\u00a0<\/p><p><strong>LA PRENSA DE CURIC\u00d3<\/strong><br \/><a href=\"https:\/\/www.litoralpress.cl\/paginaconsultas\/Servicios_NClipWeb\/Get_Imagen_Nota.aspx?LPKey=VGAQKSVL4LXZSBX425KNLVPG3SQ6YHKMKUCJ62SVUJPAO7GFRVQCNCQCBI3HAR64263VWS5PKXI42\">M\u00e1s de 300 proyectos comunitarios realizaron estudiantes de la UTalca. Se refiere Marlenne Guti\u00e9rrez, directora del Programa de Formaci\u00f3n Fundamental (PFF).<\/a><\/p><p>\u00a0<\/p><p><strong>DIARIO EL CENTRO<\/strong><br \/><a href=\"https:\/\/www.diarioelcentro.cl\/2025\/12\/26\/una-vejez-digna-parte-6-familia-y-redes-de-apoyo\/\">\u201cUna vejez digna Parte 6\u201d: Familia y redes de apoyo. Se refiere Iv\u00e1n Palomo Gonz\u00e1lez, director del Centro de Longevidad VITALIS.<\/a><\/p><p>\u00a0<\/p><p><strong>RADIO LAUTARO<\/strong><br \/><a href=\"https:\/\/radiolautarotalca.cl\/agora-de-las-ciencias-4-mil-escolares-disfrutaron-de-juegos-y-experimentacion\/\">\u00c1gora de las Ciencias: 4 mil escolares disfrutaron de juegos y experimentaci\u00f3n. Se refiere C\u00e9sar Retamal Bravo, jefe de la Unidad de Divulgaci\u00f3n y director de Explora Maule y Elisa Marinkovic Gonz\u00e1lez, acad\u00e9mica del Departamento de Ciencias B\u00e1sicas Biom\u00e9dicas.<\/a> <br \/><br \/><strong>RADIO LAUTARO<\/strong><br \/><a href=\"https:\/\/radiolautarotalca.cl\/es-posible-implementar-en-chile-el-juicio-por-jurado\/\">\u00bfEs posible implementar en Chile el juicio por jurado? Se refieren Diego Palomo y Ra\u00fal Carnevali, acad\u00e9micos de la Facultad de Ciencias Jur\u00eddicas y Sociales.<\/a><\/p><p>\u00a0<\/p><p><strong>REPORTE AGR\u00cdCOLA<\/strong><br \/><a href=\"https:\/\/www.reporteagricola.cl\/noticia\/capitulos-completos\/2025\/12\/produccion-semillas-chile\">T02 C37: Producci\u00f3n de semillas en chile. Se refiere Yerko Moreno director del Centro Tecnol\u00f3gico\u00a0 del Vid y el Vino.<\/a><\/p><p>\u00a0<\/p><p><strong>DIARIO EL CENTRO<\/strong><br \/><a href=\"https:\/\/www.diarioelcentro.cl\/2025\/12\/26\/comunas-amigables-en-la-region-del-maule-un-desafio-impostergable-para-el-envejecimiento-saludable\/\">Comunas amigables en la Regi\u00f3n del Maule: un desaf\u00edo impostergable para el envejecimiento saludable. Se refiere Boris Vera, acad\u00e9mico de la Escuela de Enfermer\u00eda<\/a><\/p><p>\u00a0<\/p><p><strong>MEDIA BANCO<\/strong><br \/><a href=\"https:\/\/www.mediabanco.com\/disenan-estrategia-regional-para-fortalecer-el-turismo-de-montana-en-el-maule\/\">Dise\u00f1an estrategia regional para fortalecer el turismo de monta\u00f1a en el Maule. Se refiere Jorge Navarrete Bustamante, director del Centro de Competitividad del Maule<\/a><\/p><p>\u00a0<\/p><p><strong>EL DIARIO DE LA ARAUCAN\u00cdA<\/strong><br \/><a href=\"https:\/\/www.eldiariodelaaraucania.cl\/2025\/12\/25\/servel-xv-congreso-chileno-ciencia-politica\/\">Servel particip\u00f3 en el XV Congreso Chileno de Ciencia Pol\u00edtica. Se menciona la Universidad de Talca.<\/a><\/p><p>\u00a0<\/p><p><strong>LA \u00daLTIMAS NOTICIAS<\/strong><br \/><a href=\"https:\/\/www.litoralpress.cl\/paginaconsultas\/Servicios_NClipWeb\/Get_Imagen_Nota.aspx?LPKey=2TXYYFDTSBQ6PKCJA4K2F67LTCPIF23DJGCEM3JT5J2PRRMVFFWPVQBAYIPM7K5A2NTLAHRQHJSU2\">Si queda en lista de espera, entra: hay 3.358 cupos para mujeres en carreras STEM. Se menciona la Universidad de Talca.<\/a><\/p><p>\u00a0<\/p><p><strong>RADIO AMIGA<\/strong><br \/><a href=\"https:\/\/www.litoralpress.cl\/sitio\/RadioTV_Detalles.cshtml?LPKey=25ARPYU7SOSNWNP7VTVHWWKARA4SHXCS6Q6TLTCDQGGYYNKOSPEXE3VVYJFXHEI3LOL3JR63E2XC6\">Las autoridades regionales se encuentran recomendando evitar exceso de alcohol en estas festividades. Se menciona la Universidad de Talca.<\/a><\/p><p>\u00a0<\/p><p><strong>ACTUALIDAD JUR\u00cdDICA<\/strong><br \/><a href=\"https:\/\/actualidadjuridica.doe.cl\/cuarta-sesion-ciclo-de-juristas-de-derecho-privado\/\">Ciclo de Juristas de Derecho Privado. Se menciona la Universidad de Talca.<\/a><\/p><p>\u00a0<\/p><p><strong>ALERTA NOTICIAS TEMUCO<\/strong><br \/><a href=\"https:\/\/alertanoticiastemuco.cl\/2025\/12\/25\/servel-xv-congreso-chileno-ciencia-politica\/\">Servel particip\u00f3 en el XV Congreso Chileno de Ciencia Pol\u00edtica en la Universidad de Talca. Se menciona la Universidad de Talca.<\/a><\/p><p>\u00a0<\/p><p><strong>RADIO LAUTARO<\/strong><br \/><a href=\"https:\/\/radiolautarotalca.cl\/disponibles-estan-las-inscripciones-para-vuelta-ciclista-maule-centro-2026\/\">Disponibles est\u00e1n las inscripciones para Vuelta Ciclista Maule Centro 2026. Se menciona la Universidad de Talca.<\/a><\/p><p>\u00a0<\/p><p><strong>MAULE HOY<\/strong><br \/><a href=\"https:\/\/www.litoralpress.cl\/paginaconsultas\/Servicios_NClipWeb\/Get_Imagen_Nota.aspx?LPKey=TSHXYB3DHEZ7HO4NPPF3VX4DFXHR5ELRZBSUCDJKVNMMXERK26OWDD4ZQPRZY5CO7264HK7MNKBDW\">Comit\u00e9 de Navidad del hospital Regional de Talca: Tradici\u00f3n que humaniza la atenci\u00f3n de salud. Se menciona la Universidad de Talca.<\/a><\/p><p>\u00a0<\/p><p><strong>LA PRENSA DE CURIC\u00d3<\/strong><br \/><a href=\"https:\/\/www.litoralpress.cl\/paginaconsultas\/Servicios_NClipWeb\/Get_Imagen_Nota.aspx?LPKey=DVXCYXSCDSFI4TZLVHCU4RQUEJJNNA44ACC3FTR6HT4BE2M6IUQCKPRPOJ3FRKI5DRVJEO5BCDI36\">\u00daltimo taller de patchwork del a\u00f1o se celebr\u00f3 en la Nueva Galer\u00eda de Arte de la Universidad de Talca. Se menciona la Universidad de Talca.<\/a><\/p><p>\u00a0<\/p><p><strong>DIARIO EL CENTRO<\/strong><br \/><a href=\"https:\/\/www.diarioelcentro.cl\/2025\/12\/26\/entregan-diseno-del-cluster-maule-montana-para-potenciar-el-turismo-de-la-region\/\">Entregan dise\u00f1o del Cl\u00faster Maule Monta\u00f1a para potenciar el turismo de la regi\u00f3n. Se menciona la Universidad de Talca.<\/a><\/p><p>\u00a0<\/p><p><strong>MAULE HOY<\/strong><br \/><a href=\"https:\/\/maulehoy.cl\/2025\/12\/26\/comite-de-navidad-del-hospital-regional-de-talca-tradicion-que-humaniza-la-atencion-de-salud\/\">Comit\u00e9 de Navidad del hospital Regional de Talca: Tradici\u00f3n que humaniza la atenci\u00f3n de salud. Se menciona la Universidad de Talca.<\/a><\/p><p>\u00a0<\/p><p><strong>EL DIARIO DE SANTIAGO<\/strong><br \/><a href=\"https:\/\/www.eldiariosantiago.cl\/2025\/12\/25\/servel-xv-congreso-chileno-ciencia-politica\/\">Servel particip\u00f3 en el XV Congreso Chileno de Ciencia Pol\u00edtica. Se menciona la Universidad de Talca.<\/a><\/p><p>\u00a0<\/p><p><strong>AM NOTICIAS<\/strong><br \/><a href=\"https:\/\/amnoticias.cl\/utalca-lidera-adjudicacion-de-fondo-estructural-para-investigacion-cientifica\/\">UTalca lidera adjudicaci\u00f3n de fondo estructural para investigaci\u00f3n cient\u00edfica. Se menciona la Universidad de Talca.<\/a><\/p><p>\u00a0<\/p><p><strong>DIARIO LA MA\u00d1ANA<\/strong><br \/><a href=\"https:\/\/diariolama\u00f1ana.cl\/utalca-lidera-adjudicacion-de-fondo-estructural-para-investigacion-cientifica\/\">UTalca lidera adjudicaci\u00f3n de fondo estructural para investigaci\u00f3n cient\u00edfica. Se menciona la Universidad de Talca.<\/a><\/p><p>\u00a0<\/p>\t\t\t\t\t\t<\/div>\n\t\t\t\t<\/div>\n\t\t\t\t\t<\/div>\n\t\t<\/div>\n\t\t\t\t\t\t\t<\/div>\n\t\t<\/section>\n\t\t\t\t\t\t<\/div>\n\t\t\t\t\t<\/div>\n\t\t","protected":false},"excerpt":{"rendered":"<p>EL MAULE INFORMAUTalca adjudica fondo estructural de investigaci\u00f3n para desarrollo de ciencias. Se refiere Carlos Torres Fuchslocher, rector \u00a0 MEDIA BANCOUTalca adjudica fondo estructural de investigaci\u00f3n para desarrollo de ciencias. Se refiere Carlos Torres Fuchslocher, rector \u00a0 EL HERALDOUTalca adjudica fondo estructural de investigaci\u00f3n para desarrollo de ciencias. Se refiere Carlos Torres Fuchslocher, rector \u00a0 &hellip;<\/p>\n<p class=\"read-more\"> <a class=\"\" href=\"https:\/\/www.reportedeprensa.utalca.cl\/?p=13111\"> <span class=\"screen-reader-text\">29 de diciembre 2025<\/span> Read More &raquo;<\/a><\/p>\n","protected":false},"author":1,"featured_media":0,"comment_status":"closed","ping_status":"open","sticky":false,"template":"","format":"standard","meta":{"_monsterinsights_skip_tracking":false,"_monsterinsights_sitenote_active":false,"_monsterinsights_sitenote_note":"","_monsterinsights_sitenote_category":0},"categories":[66],"tags":[],"_links":{"self":[{"href":"https:\/\/www.reportedeprensa.utalca.cl\/index.php?rest_route=\/wp\/v2\/posts\/13111"}],"collection":[{"href":"https:\/\/www.reportedeprensa.utalca.cl\/index.php?rest_route=\/wp\/v2\/posts"}],"about":[{"href":"https:\/\/www.reportedeprensa.utalca.cl\/index.php?rest_route=\/wp\/v2\/types\/post"}],"author":[{"embeddable":true,"href":"https:\/\/www.reportedeprensa.utalca.cl\/index.php?rest_route=\/wp\/v2\/users\/1"}],"replies":[{"embeddable":true,"href":"https:\/\/www.reportedeprensa.utalca.cl\/index.php?rest_route=%2Fwp%2Fv2%2Fcomments&post=13111"}],"version-history":[{"count":4,"href":"https:\/\/www.reportedeprensa.utalca.cl\/index.php?rest_route=\/wp\/v2\/posts\/13111\/revisions"}],"predecessor-version":[{"id":13115,"href":"https:\/\/www.reportedeprensa.utalca.cl\/index.php?rest_route=\/wp\/v2\/posts\/13111\/revisions\/13115"}],"wp:attachment":[{"href":"https:\/\/www.reportedeprensa.utalca.cl\/index.php?rest_route=%2Fwp%2Fv2%2Fmedia&parent=13111"}],"wp:term":[{"taxonomy":"category","embeddable":true,"href":"https:\/\/www.reportedeprensa.utalca.cl\/index.php?rest_route=%2Fwp%2Fv2%2Fcategories&post=13111"},{"taxonomy":"post_tag","embeddable":true,"href":"https:\/\/www.reportedeprensa.utalca.cl\/index.php?rest_route=%2Fwp%2Fv2%2Ftags&post=13111"}],"curies":[{"name":"wp","href":"https:\/\/api.w.org\/{rel}","templated":true}]}}