{"id":13119,"date":"2026-01-12T09:03:03","date_gmt":"2026-01-12T12:03:03","guid":{"rendered":"https:\/\/www.reportedeprensa.utalca.cl\/?p=13119"},"modified":"2026-03-04T13:09:48","modified_gmt":"2026-03-04T16:09:48","slug":"05-de-enero-2026","status":"publish","type":"post","link":"https:\/\/www.reportedeprensa.utalca.cl\/?p=13119","title":{"rendered":"05 de enero 2026"},"content":{"rendered":"\t\t<div data-elementor-type=\"wp-post\" data-elementor-id=\"13119\" class=\"elementor elementor-13119\" data-elementor-settings=\"[]\">\n\t\t\t\t\t\t\t<div class=\"elementor-section-wrap\">\n\t\t\t\t\t\t\t<section class=\"elementor-section elementor-top-section elementor-element elementor-element-bcea1a8 elementor-section-boxed elementor-section-height-default elementor-section-height-default\" data-id=\"bcea1a8\" data-element_type=\"section\">\n\t\t\t\t\t\t<div class=\"elementor-container elementor-column-gap-default\">\n\t\t\t\t\t<div class=\"elementor-column elementor-col-100 elementor-top-column elementor-element elementor-element-e7183bf\" data-id=\"e7183bf\" data-element_type=\"column\">\n\t\t\t<div class=\"elementor-widget-wrap elementor-element-populated\">\n\t\t\t\t\t\t\t\t<div class=\"elementor-element elementor-element-6e24f37 elementor-widget elementor-widget-text-editor\" data-id=\"6e24f37\" data-element_type=\"widget\" data-widget_type=\"text-editor.default\">\n\t\t\t\t<div class=\"elementor-widget-container\">\n\t\t\t\t\t\t\t\t<p><strong>EL MOSTRADOR<\/strong><br \/><a href=\"https:\/\/www.elmostrador.cl\/agenda-pais\/educacion\/2026\/01\/01\/universidad-regional-adjudica-fondo-estructural-de-investigacion-para-desarrollo-de-ciencias\/\">Universidad regional adjudica fondo estructural de investigaci\u00f3n para desarrollo de ciencias. Se refiere Carlos Torres Fuchslocher, rector y Rodrigo Palomo V\u00e9lez, vicerrector acad\u00e9mico. <\/a>\u00a0<\/p><p>\u00a0<\/p><p><strong>S\u00c9PTIMA REGI\u00d3N NOTICIAS<\/strong><br \/><a href=\"https:\/\/www.septimapaginanoticias.cl\/expertos-presentaron-innovaciones-para-la-rehabilitacion-de-personas-mayores\">Expertos presentaron innovaciones para la rehabilitaci\u00f3n de personas mayores. Se refiere Valeska Gatica Rojas, directora del Laboratorio de Control Humano.<\/a><\/p><p>\u00a0<\/p><p><strong>EL MAULE INFORMA<\/strong><br \/><a href=\"https:\/\/elmauleinforma.cl\/expertos-presentaron-innovaciones-para-la-rehabilitacion-de-personas-mayores\/\">Expertos presentaron innovaciones para la rehabilitaci\u00f3n de personas mayores. Se refiere Valeska Gatica Rojas, directora del Laboratorio de Control Humano.<\/a><\/p><p>\u00a0<\/p><p><strong>MEDIABANCO<\/strong><br \/><a href=\"https:\/\/www.mediabanco.com\/expertos-presentaron-innovaciones-para-la-rehabilitacion-de-personas-mayores\/\">Expertos presentaron innovaciones para la rehabilitaci\u00f3n de personas mayores. Se refiere Valeska Gatica Rojas, directora del Laboratorio de Control Humano.<\/a><\/p><p>\u00a0<\/p><p><strong>PORTAL RED SALUD<\/strong><br \/><a href=\"https:\/\/portalredsalud.cl\/2026\/01\/02\/expertos-presentaron-innovaciones-para-la-rehabilitacion-de-personas-mayores\/\">Expertos presentaron innovaciones para la rehabilitaci\u00f3n de personas mayores. Se refiere Valeska Gatica Rojas, directora del Laboratorio de Control Humano.<\/a><\/p><p>\u00a0<\/p><p><strong>PORTAL PRENSA SALUD<\/strong><br \/><a href=\"https:\/\/portalprensasalud.cl\/2026\/01\/02\/expertos-presentaron-innovaciones-para-la-rehabilitacion-de-personas-mayores\/\">Expertos presentaron innovaciones para la rehabilitaci\u00f3n de personas mayores. Se refiere Valeska Gatica Rojas, directora del Laboratorio de Control Humano.<\/a><\/p><p>\u00a0<\/p><p><strong>EL HERALDO<\/strong><br \/><a href=\"https:\/\/www.litoralpress.cl\/paginaconsultas\/Servicios_NClipWeb\/Get_Imagen_Nota.aspx?LPKey=AFNIL7B4RFHXZJD5V7NF5GL4D7NRXN6NGGBULSS7KSOBQXVAUAXQMQADK5VTZLHBRQNKHQASQN47O\">Expertos presentaron innovaciones para la rehabilitaci\u00f3n de personas mayores. Se refiere Valeska Gatica Rojas, directora del Laboratorio de Control Humano.<\/a><\/p><p>\u00a0<\/p><p><strong>G5 NOTICIAS<\/strong><br \/><a href=\"https:\/\/g5noticias.cl\/2026\/01\/03\/expertos-presentaron-innovaciones-para-la-rehabilitacion-de-personas-mayores\/\">Expertos presentaron innovaciones para la rehabilitaci\u00f3n de personas mayores. Se refiere Valeska Gatica Rojas, directora del Laboratorio de Control Humano.<\/a><\/p><p>\u00a0<\/p><p><strong>RADIO ALLEN<\/strong><br \/><a href=\"https:\/\/radioallen.cl\/maule-expertos-presentaron-innovaciones-para-la-rehabilitacion-de-personas-mayores\/\">Expertos presentaron innovaciones para la rehabilitaci\u00f3n de personas mayores. Se refiere Valeska Gatica Rojas, directora del Laboratorio de Control Humano.<\/a><\/p><p>\u00a0<\/p><p><strong>EL MERCURIO<\/strong><br \/><a href=\"https:\/\/www.litoralpress.cl\/paginaconsultas\/Servicios_NClipWeb\/Get_Imagen_Nota.aspx?LPKey=VLM4QWJAJEUTOES3RVBI76XCBUC4TLQL5QVQA3EE4MRAL5C3EDAIEBWVGCUYS3ZZI6M7R2G7GHN2G\">Olas de calor: expertos advierten que ciudades no est\u00e1n \u201cpreparadas para enfrentar altas temperaturas\u201d. Se refiere Patricio Gonz\u00e1lez Colville, agroclimat\u00f3logo y acad\u00e9mico del Centro de Investigaci\u00f3n y Transferencia en Riego y Agroclimatolog\u00eda (CITRA).<\/a><\/p><p>\u00a0<\/p><p><strong>RADIO AMIGA<\/strong><br \/><a href=\"https:\/\/www.litoralpress.cl\/sitio\/RadioTV_Detalles.cshtml?LPKey=M5VUJFGCIEEVR4F2U4G5TRMCTRJKECKMO7QKQV4SFAQVYHZOHQRBHMV5KET6LDK5KT4MOTKYTZRZA\">Direcci\u00f3n Meteorol\u00f3gica del pa\u00eds emiti\u00f3 una alerta meteorol\u00f3gica por un evento de altas temperaturas extremas que va a afectar desde la regi\u00f3n de Coquimbo hasta el \u00d1uble. Se refiere Patricio Gonz\u00e1lez Colville, agroclimat\u00f3logo y acad\u00e9mico del Centro de Investigaci\u00f3n y Transferencia en Riego y Agroclimatolog\u00eda (CITRA).<\/a><\/p><p>\u00a0<\/p><p><strong>EN L\u00cdNEA MAULE<\/strong><br \/><a href=\"https:\/\/www.litoralpress.cl\/sitio\/RadioTV_Detalles.cshtml?LPKey=L62RFNF3OAUHEKLVLNDBLNSIBU7JNFMUAI2DHOFW4F3HWHSLTSWIB2DFBVHI4XQXVDCAQMHTBZ6GG\">Entrevista a Patricio Gonz\u00e1lez Colville, agroclimat\u00f3logo y acad\u00e9mico del Centro de Investigaci\u00f3n y Transferencia en Riego y Agroclimatolog\u00eda (CITRA).<\/a><\/p><p>\u00a0<\/p><p><strong>DIARIO TALCA<\/strong> <br \/><a href=\"https:\/\/diariotalca.cl\/advierten-que-este-jueves-se-vivira-el-peak-de-la-ola-de-calor-en-el-maule\/\">Advierten que este jueves se vivir\u00e1 el \u00abpeak\u00bb de la \u00abola de calor\u00bb en el Maule. Se refiere Patricio Gonz\u00e1lez Colville, agroclimat\u00f3logo y acad\u00e9mico del Centro de Investigaci\u00f3n y Transferencia en Riego y Agroclimatolog\u00eda (CITRA).<\/a><\/p><p>\u00a0<\/p><p><strong>DIARIOS EN RED<\/strong><br \/><a href=\"https:\/\/diariosenred.com\/advierten-peak-de-la-ola-de-calor-este-miercoles-en-el-maule-temperaturas\">Advierten peak de la ola de calor este mi\u00e9rcoles en el Maule: temperaturas llegar\u00edan a 38 \u00b0C. Se refiere Patricio Gonz\u00e1lez Colville, agroclimat\u00f3logo y acad\u00e9mico del Centro de Investigaci\u00f3n y Transferencia en Riego y Agroclimatolog\u00eda (CITRA).<\/a><\/p><p>\u00a0<\/p><p><strong>RED MAULE<\/strong><br \/><a href=\"https:\/\/redmaule.com\/advierten-peak-de-la-ola-de-calor-este-miercoles-en-el-maule-temperaturas\">Advierten peak de la ola de calor este mi\u00e9rcoles en el Maule: temperaturas llegar\u00edan a 38 \u00b0C. Se refiere Patricio Gonz\u00e1lez Colville, agroclimat\u00f3logo y acad\u00e9mico del Centro de Investigaci\u00f3n y Transferencia en Riego y Agroclimatolog\u00eda (CITRA).<\/a><\/p><p>\u00a0<\/p><p><strong>RED ARICA<\/strong><br \/><a href=\"https:\/\/redarica.com\/advierten-peak-de-la-ola-de-calor-este-miercoles-en-el-maule-temperaturas\">Advierten peak de la ola de calor este mi\u00e9rcoles en el Maule: temperaturas llegar\u00edan a 38 \u00b0C. Se refiere Patricio Gonz\u00e1lez Colville, agroclimat\u00f3logo y acad\u00e9mico del Centro de Investigaci\u00f3n y Transferencia en Riego y Agroclimatolog\u00eda (CITRA).<\/a><\/p><p>\u00a0<\/p><p><strong>RED VALPARA\u00cdSO<\/strong><br \/><a href=\"https:\/\/redvalparaiso.com\/advierten-peak-de-la-ola-de-calor-este-miercoles-en-el-maule-temperaturas\">Advierten peak de la ola de calor este mi\u00e9rcoles en el Maule: temperaturas llegar\u00edan a 38 \u00b0C. Se refiere Patricio Gonz\u00e1lez Colville, agroclimat\u00f3logo y acad\u00e9mico del Centro de Investigaci\u00f3n y Transferencia en Riego y Agroclimatolog\u00eda (CITRA).<\/a><\/p><p>\u00a0<\/p><p><strong>RED LOS LAGOS]<\/strong><br \/><a href=\"https:\/\/redloslagos.com\/advierten-peak-de-la-ola-de-calor-este-miercoles-en-el-maule-temperaturas\">Advierten peak de la ola de calor este mi\u00e9rcoles en el Maule: temperaturas llegar\u00edan a 38 \u00b0C. Se refiere Patricio Gonz\u00e1lez Colville, agroclimat\u00f3logo y acad\u00e9mico del Centro de Investigaci\u00f3n y Transferencia en Riego y Agroclimatolog\u00eda (CITRA).<\/a><\/p><p>\u00a0<\/p><p><strong>DIARIO LA PRENSA<\/strong><br \/><a href=\"https:\/\/new.diariolaprensa.cl\/index.php\/2026\/01\/03\/vaguada-costera-en-playas-del-maule-refrescan-a-visitantes-que-aguantaron-ola-de-calor-del-valle-central\/\">Vaguada costera en playas del Maule refrescan a visitantes que aguantaron ola de calor del valle central. Se refiere Patricio Gonz\u00e1lez Colville, agroclimat\u00f3logo y acad\u00e9mico del Centro de Investigaci\u00f3n y Transferencia en Riego y Agroclimatolog\u00eda (CITRA).<\/a><\/p><p>\u00a0<\/p><p><strong>RADIO BIOB\u00cdO<\/strong><br \/><a href=\"https:\/\/www.litoralpress.cl\/sitio\/RadioTV_Detalles.cshtml?LPKey=WHAMBZ4QWMPP7RPUE7AAKSZ76ZPREMV55KVPUDDRRLG7KP7RSGSFOMSMF57XI6NAE4ODM2LFPWL26\">Incendios forestales agudizados por altas temperaturas. Se refiere Patricio Gonz\u00e1lez Colville, agroclimat\u00f3logo y acad\u00e9mico del Centro de Investigaci\u00f3n y Transferencia en Riego y Agroclimatolog\u00eda (CITRA).<\/a><\/p><p>\u00a0<\/p><p><strong>RADIO UNIVERSIDAD DE CHILE<\/strong><br \/><a href=\"https:\/\/www.litoralpress.cl\/sitio\/RadioTV_Detalles.cshtml?LPKey=6JMC4QV6Y4HITWW4EXYTVXCAMSD45K5SI5JMWXEAGKO2AKRREHEATAA3YOPJ2I2KJ6JNG7I3Z7GLA\">Radioan\u00e1lisis primera edici\u00f3n. Se refiere Mario Herrera mu\u00f1oz, acad\u00e9mico del Centro de An\u00e1lisis Pol\u00edtico (CAP-UTalca).<\/a><\/p><p>\u00a0<\/p><p><strong>RADIO INFINITA<\/strong><br \/><a href=\"https:\/\/www.litoralpress.cl\/sitio\/RadioTV_Detalles.cshtml?LPKey=JKGDY7FBZRQOA4QRXO2PKWUYIOSKYYJFHT2OQRXFBIYV5YEFHZSODJHTLKIRKIHOR74RX5CBLABSQ\">An\u00e1lisis Pol\u00edtico de Rodrigo S\u00e1nchez y Mauricio Morales Quiroga, director del Centro de An\u00e1lisis Pol\u00edtico (CAP-UTalca).<\/a><\/p><p>\u00a0<\/p><p><strong>EMOL<\/strong><br \/><a href=\"https:\/\/www.emol.com\/noticias\/Nacional\/2025\/12\/30\/1187141\/analisis-margenes-de-libertarios.html\">Libertarios y sus &#8216;m\u00e1rgenes&#8217;: Expertos cuestionan &#8216;inusual&#8217; estrategia de ser ellos quienes condicionan entrada al gobierno. Mauricio Morales Quiroga, director del Centro de An\u00e1lisis Pol\u00edtico (CAP-UTalca).<\/a><\/p><p>\u00a0<\/p><p><strong>RADIO BIOB\u00cdO<\/strong><br \/><a href=\"https:\/\/www.litoralpress.cl\/sitio\/RadioTV_Detalles.cshtml?LPKey=XLH6F6V3G6VJTET5KDTQ5HZLL5JT6WHWZOPFNXHZBYZFJW34UL42RPJDQE6OPKGTMIZZNFIJJOMB6\">Analistas advierten de la viabilidad de crear un corredor humanitario como ha propuesto Jos\u00e9 Antonio Kast. Se refiere Mario Herrera mu\u00f1oz, acad\u00e9mico del Centro de An\u00e1lisi Pol\u00edtico (CAP-UTalca)<\/a><\/p><p>\u00a0<\/p><p><strong>CANAL MEGA<\/strong><br \/><a href=\"https:\/\/www.litoralpress.cl\/sitio\/RadioTV_Detalles.cshtml?LPKey=JLD667CAZDURDW3GPBT6ZINXS2NFEQDO4LZVO6BFOPWPLXVUXCVSWSEJR7GFDXYFKAWRUYTEATWZ6\">Jos\u00e9 Antonio Kast y su intensa primera semana 2026. Se refiere Mauricio Morales Quiroga, director del Centro de An\u00e1lisis Pol\u00edtico (CAP-UTalca).<\/a><\/p><p>\u00a0<\/p><p>MEGANOTICIAS<br \/><a href=\"https:\/\/www.litoralpress.cl\/sitio\/RadioTV_Detalles.cshtml?LPKey=XO7HNTOIAMLPESD33QIHK4QVSWIAYXTEKGWBDWAHTPZQARSSRBEEI244UWWHHJNTILBLQMQFQ4UPM\">Jos\u00e9 Antonio Kast y su intensa primera semana 2026. Se refiere Mauricio Morales Quiroga, director del Centro de An\u00e1lisis Pol\u00edtico (CAP-UTalca)<\/a><\/p><p>\u00a0<\/p><p>CANAL 13<br \/><a href=\"https:\/\/www.t13.cl\/noticia\/nacional\/crean-maule-chocolate-permite-combatir-cancer-gastrico-30-12-2025\">Crean en el Maule chocolate funcional que permite combatir el c\u00e1ncer g\u00e1strico: \u00e9sta es la clave de su funcionamiento. Se refiere Ariela Vergara Jaque, directora de Innovaci\u00f3n y Transferencia.\u00a0<\/a><\/p><p>\u00a0<\/p><p>RADIO NOST\u00c1LGICA<br \/><a href=\"https:\/\/www.nostalgica.cl\/crean-en-el-maule-chocolate-funcional-que-permite-combatir-el-cancer-gastrico-esta-es-la-clave-de-su-funcionamiento\/\">Crean en el Maule chocolate funcional que permite combatir el c\u00e1ncer g\u00e1strico: \u00e9sta es la clave de su funcionamiento. Se refiere Ariela Vergara Jaque, directora de Innovaci\u00f3n y Transferencia.\u00a0<\/a><\/p><p>\u00a0<\/p><p>UNIVERSIDAD DE CHILE<br \/><a href=\"https:\/\/uchile.cl\/noticias\/236239\/clases-practicas-de-ia0\">Universidades estatales ofrecer\u00e1n clases pr\u00e1cticas de iniciaci\u00f3n en Inteligencia Artificial para la ciudadan\u00eda. Se refiere Ariela Vergara Jaque, directora de Innovaci\u00f3n y Transferencia.<\/a><\/p><p>\u00a0<\/p><p>DIARIO EL CENTRO<br \/><a href=\"https:\/\/www.diarioelcentro.cl\/2025\/12\/30\/desde-el-maule-crean-chocolate-funcional-que-ayuda-a-combatir-el-cancer-gastrico\/\">Desde el Maule crean chocolate funcional que ayuda a combatir el c\u00e1ncer g\u00e1strico. Se refiere Ariela Vergara Jaque, directora de Innovaci\u00f3n y Transferencia.<\/a><\/p><p>\u00a0<\/p><p>EL MAULE INFORMA<br \/><a href=\"https:\/\/elmauleinforma.cl\/crean-chocolate-funcional-que-permite-combatir-el-cancer-gastrico\/\">Crean chocolate funcional que permite combatir el c\u00e1ncer g\u00e1strico. Se refiere Ariela Vergara Jaque, directora de Innovaci\u00f3n y Transferencia.<\/a><\/p><p>\u00a0<\/p><p>TOURINNOVACION<br \/><a href=\"https:\/\/www.tourinnovacion.cl\/tecnologia-ciencia\/comer-sin-culpa-crean-chocolate-funcional-que-permite-combatir-el-cancer-gastrico\/\">Comer sin culpa. Crean chocolate funcional que permite combatir el c\u00e1ncer g\u00e1strico. Se refiere Ariela Vergara Jaque, directora de Innovaci\u00f3n y Transferencia.<\/a><\/p><p>\u00a0<\/p><p>RADIO LAUTARO<br \/><a href=\"https:\/\/radiolautarotalca.cl\/comer-sin-culpa-crean-chocolate-funcional-que-permite-combatir-el-cancer-gastrico\/\">Comer sin culpa. Crean chocolate funcional que permite combatir el c\u00e1ncer g\u00e1strico. Se refiere Ariela Vergara Jaque, directora de Innovaci\u00f3n y Transferencia.<\/a><\/p><p>\u00a0<\/p><p>CANAL 2 LINARES <br \/><a href=\"https:\/\/www.canal2linares.cl\/2026\/01\/comer-sin-culpa-crean-chocolate.html\">Comer sin culpa, crean chocolate funcional que permite combatir el c\u00e1ncer g\u00e1strico. Se refiere Ariela Vergara Jaque, directora de Innovaci\u00f3n y Transferencia.<\/a><\/p><p>\u00a0<\/p><p>RADIO CRISTALINA<br \/><a href=\"https:\/\/radiocristalina.cl\/salud-comer-sin-culpa-crean-chocolate-funcional-que-permite-combatir-el-cancer-gastrico\/\">Comer sin culpa, crean chocolate funcional que permite combatir el c\u00e1ncer g\u00e1strico. Se refiere Ariela Vergara Jaque, directora de Innovaci\u00f3n y Transferencia.<\/a><\/p><p>\u00a0<\/p><p>RADIO FM M\u00c1S<br \/><a href=\"https:\/\/radiofmmas.cl\/lanzan-fondo-regional-por-mas-de-3-mil-millones-para-productividad-e-innovacion-en-el-maule\/\">Lanzan fondo regional por m\u00e1s de $3 mil millones para productividad e innovaci\u00f3n en el Maule. Se refiere Ariela Vergara Jaque, directora de Innovaci\u00f3n y Transferencia.<\/a><\/p><p>\u00a0<\/p><p>CAUQUENES.NET<br \/><a href=\"https:\/\/cauquenesnet.cl\/2025\/12\/31\/fiestas-de-fin-de-ano-hacen-llamado-al-autocuidado-frente-al-consumo-de-alcohol\/\">Fiestas de fin de a\u00f1o: Hacen llamado al autocuidado frente al consumo de alcohol. Se refiere Mar\u00eda Ester Mu\u00f1oz, acad\u00e9mica del Departamento de Ciencias del Cuidado en Enfermer\u00eda.<\/a><\/p><p>\u00a0<\/p><p>PATAGONIA RADIO<br \/><a href=\"https:\/\/patagoniaradio.cl\/actualidad\/expertos-llaman-al-autocuidado-ante-el-consumo-de-alcohol-en-fiestas-de-fin\">Expertos llaman al autocuidado ante el consumo de alcohol en fiestas de fin de a\u00f1o. Se refiere Mar\u00eda Ester Mu\u00f1oz, acad\u00e9mica del Departamento de Ciencias del Cuidado en Enfermer\u00eda.<\/a><\/p><p>\u00a0<\/p><p>RADIOS REGIONALES<br \/><a href=\"https:\/\/radiosregionales.cl\/actualidad\/expertos-llaman-al-autocuidado-ante-el-consumo-de-alcohol-en-fiestas-de-fin\">Expertos llaman al autocuidado ante el consumo de alcohol en fiestas de fin de a\u00f1o. Se refiere Mar\u00eda Ester Mu\u00f1oz, acad\u00e9mica del Departamento de Ciencias del Cuidado en Enfermer\u00eda.<\/a><\/p><p>\u00a0<\/p><p>RADIO UA<br \/><a href=\"https:\/\/radioua.cl\/actualidad\/expertos-llaman-al-autocuidado-ante-el-consumo-de-alcohol-en-fiestas-de-fin\">Expertos llaman al autocuidado ante el consumo de alcohol en fiestas de fin de a\u00f1o. Se refiere Mar\u00eda Ester Mu\u00f1oz, acad\u00e9mica del Departamento de Ciencias del Cuidado en Enfermer\u00eda.<\/a><\/p><p>\u00a0<\/p><p>DIARIO EL CENTRO<br \/><a href=\"https:\/\/www.diarioelcentro.cl\/2025\/12\/30\/academicas-del-maule-lideran-estudios-sobre-helicobacter-pylori-y-salud-renal\/\">Acad\u00e9micas del Maule lideran estudios sobre Helicobacter pylori y salud renal. Se refiere Wendy Donoso Torres, acad\u00e9mica de la Escuela de Tecnolog\u00eda M\u00e9dica y Carmen Zambrano Bravo acad\u00e9mica de la Escuela de Kinesiolog\u00eda.<\/a><\/p><p>\u00a0<\/p><p>PAUTA COMUNAL<br \/><a href=\"https:\/\/pautacomunal.cl\/nacional\/investigadoras-del-maule-destacan-en-estudios-sobre-helicobacter-pylori-y-salud-renal\/\">Investigadoras del Maule destacan en estudios sobre Helicobacter pylori y salud renal. Se refiere Wendy Donoso Torres, acad\u00e9mica de la Escuela de Tecnolog\u00eda M\u00e9dica y Carmen Zambrano Bravo acad\u00e9mica de la Escuela de Kinesiolog\u00eda.<\/a><\/p><p>\u00a0<\/p><p>CIENCIA EN CHILE<br \/><a href=\"https:\/\/www.cienciaenchile.cl\/academicas-utalca-indagaran-efecto-renal-de-helicobacter-pylori\/\">Acad\u00e9micas UTalca indagar\u00e1n efecto renal de helicobacter pylori. Se refiere Wendy Donoso Torres, acad\u00e9mica de la Escuela de Tecnolog\u00eda M\u00e9dica y Carmen Zambrano Bravo acad\u00e9mica de la Escuela de Kinesiolog\u00eda.<\/a><\/p><p>\u00a0<\/p><p>RAGIONES NOTICIAS<br \/><a href=\"https:\/\/regionesnoticias.cl\/actualidad\/2025\/12\/30\/utalca-habilitar-atencin-presencial-y-remota-durante-el-periodo-de-postulacin\/72899\">UTalca habilitar\u00e1 atenci\u00f3n presencial y remota durante el periodo de postulaci\u00f3n. Se refiere Paola Morales, directora de Ciclo de Vida Estudiantil y Carlos Contreras, responsable de Admisi\u00f3n.\u00a0<\/a><\/p><p>\u00a0<\/p><p>EL MAULE INFORMA<br \/><a href=\"https:\/\/elmauleinforma.cl\/utalca-habilitara-atencion-presencial-y-remota-durante-el-periodo-de-postulacion\/\">UTalca habilitar\u00e1 atenci\u00f3n presencial y remota durante el periodo de postulaci\u00f3n. Se refiere Paola Morales, directora de Ciclo de Vida Estudiantil y Carlos Contreras, responsable de Admisi\u00f3n.\u00a0<\/a><\/p><p>\u00a0<\/p><p>LA PRENSA DE CURIC\u00d3<br \/><a href=\"https:\/\/www.litoralpress.cl\/paginaconsultas\/Servicios_NClipWeb\/Get_Imagen_Nota.aspx?LPKey=7FBNBKMK4U2TQKXUNPZPROAH5AKM36HPI3QWHZJG4BEZ2IH2IO5LDY3R44E7HLFMGQ54RABFY2A4K\">Universidad de Talca dispone asesoramiento presencial y remoto de cara al proceso de postulaci\u00f3n. Se refiere Paola Morales, directora de Ciclo de Vida Estudiantil y Carlos Contreras, responsable de Admisi\u00f3n.\u00a0<\/a><\/p><p>\u00a0<\/p><p>PORTAL EDUCA<br \/><a href=\"https:\/\/portaleduca.cl\/utalca-habilitara-atencion-presencial-y-remota-durante-el-periodo-de-postulacion\/\">UTalca habilitar\u00e1 atenci\u00f3n presencial y remota durante el periodo de postulaci\u00f3n. Se refiere Paola Morales, directora de Ciclo de Vida Estudiantil y Carlos Contreras, responsable de Admisi\u00f3n.\u00a0<\/a><\/p><p>CANAL 2 LINARES<br \/><a href=\"https:\/\/www.canal2linares.cl\/2025\/12\/utalca-habilitara-atencion-presencial-y.html\">UTalca habilitar\u00e1 atenci\u00f3n presencial y remota durante el periodo de postulaci\u00f3n. Se refiere Paola Morales, directora de Ciclo de Vida Estudiantil y Carlos Contreras, responsable de Admisi\u00f3n.\u00a0<\/a><\/p><p>\u00a0<\/p><p>G5 NOTICIAS<br \/><a href=\"https:\/\/g5noticias.cl\/2026\/01\/01\/utalca-habilitara-atencion-presencial-y-remota-durante-el-periodo-de-postulacion\/\">UTalca habilitar\u00e1 atenci\u00f3n presencial y remota durante el periodo de postulaci\u00f3n. Se refiere Paola Morales, directora de Ciclo de Vida Estudiantil y Carlos Contreras, responsable de Admisi\u00f3n.\u00a0<\/a><\/p><p>\u00a0<\/p><p>EL HERALDO<br \/><a href=\"https:\/\/www.litoralpress.cl\/paginaconsultas\/Servicios_NClipWeb\/Get_Imagen_Nota.aspx?LPKey=33RX4MVN2X3NK4MHM4KRSAQOVVM7CQBBVQB43FKWGHNB7KWKTTHVXUZ7ZR24YEP6BKKDWJHTMPB6E\">UTalca habilitar\u00e1 atenci\u00f3n presencial y remota durante el periodo de postulaci\u00f3n. Se refiere Paola Morales, directora de Ciclo de Vida Estudiantil y Carlos Contreras, responsable de Admisi\u00f3n.\u00a0<\/a><\/p><p>\u00a0<\/p><p>DIARIO EL HERALDO<br \/><a href=\"https:\/\/www.diarioelheraldo.cl\/noticia\/utalca-habilitara-atencion-presencial-y-remota-durante-el-periodo-de-postulacion\">UTalca habilitar\u00e1 atenci\u00f3n presencial y remota durante el periodo de postulaci\u00f3n Se refiere Paola Morales, directora de Ciclo de Vida Estudiantil y Carlos Contreras, responsable de Admisi\u00f3n.\u00a0<\/a><\/p><p>RADIO LAUTARO<br \/><a href=\"https:\/\/radiolautarotalca.cl\/utalca-habilitara-atencion-presencial-y-remota-durante-el-periodo-de-postulacion\/\">UTalca habilitar\u00e1 atenci\u00f3n presencial y remota durante el periodo de postulaci\u00f3n. Se refiere Paola Morales, directora de Ciclo de Vida Estudiantil y Carlos Contreras, responsable de Admisi\u00f3n.\u00a0<\/a><\/p><p>\u00a0<\/p><p>NOVA TV<br \/><a href=\"https:\/\/www.litoralpress.cl\/sitio\/RadioTV_Detalles.cshtml?LPKey=4J5NU3HRQQBSMRT3LFRUD7WRXDK7SOIVTAMBWVJKQT43ISKSTWXFLI3JGCJ7IFKHH6IUCGMTYROFS\">Entrevista a Pamela Cuevas, acad\u00e9mica U Talca. Se refiere Pamela Cuevas, epidemi\u00f3loga y acad\u00e9mica del Departamento de Salud P\u00fablica.<\/a><\/p><p>DIARIO EL CENTRO<br \/><a href=\"https:\/\/www.diarioelcentro.cl\/2025\/12\/30\/economia-realidad-y-perspectivas-2026\/\">Econom\u00eda: Realidad y perspectivas 2026. Se refiere Jorge Navarrete, acad\u00e9mico de la Facultad de Econom\u00eda y Negocios<\/a><\/p><p>PAUTA COMUNAL<br \/><a href=\"https:\/\/pautacomunal.cl\/nacional\/economia-situacion-actual-y-proyecciones-para-2026\/\">Econom\u00eda: Realidad y perspectivas 2026. Se refiere Jorge Navarrete, acad\u00e9mico de la Facultad de Econom\u00eda y Negocios<\/a><\/p><p>MAULE HOY<br \/><a href=\"https:\/\/www.litoralpress.cl\/paginaconsultas\/Servicios_NClipWeb\/Get_Imagen_Nota.aspx?LPKey=AZO5AZG53TH7C3YSCYQTCOB6OQ5LY6H3MBUQR6S3DRQ6ZAVCDZ2UKTS762LKTS4T7OOBQ4W2PRU2S\">Dise\u00f1an estrategia regional para fortalecer el turismo de monta\u00f1a en el Maule. Se refiere Jorge Navarrete Bustamante, director del Centro de Competitividad del Maule.<\/a><\/p><p>\u00a0<\/p><p>DIARIO EL CENTRO<br \/><a href=\"https:\/\/www.diarioelcentro.cl\/2026\/01\/01\/la-esperanza-de-un-nuevo-ano-con-un-nuevo-gobierno\/\">La esperanza de un nuevo a\u00f1o, con un nuevo gobierno. Se refiere Emilio Moyano, acad\u00e9mico de la Facultad de Psicolog\u00eda.<\/a><\/p><p>PAUTA COMUNAL<br \/><a href=\"https:\/\/pautacomunal.cl\/nacional\/la-ilusion-de-un-nuevo-ano-bajo-un-nuevo-gobierno\/\">La esperanza de un nuevo a\u00f1o, con un nuevo gobierno. Se refiere Emilio Moyano, acad\u00e9mico de la Facultad de Psicolog\u00eda.<\/a><\/p><p>RADIO UNIVERSIDAD DE CHILE<br \/><a href=\"https:\/\/www.litoralpress.cl\/sitio\/RadioTV_Detalles.cshtml?LPKey=3WJJSH5JL3M5ZP47OEOIZUN6FQL2ISQ7Y6PYY5MFGV2KL55TAMQKZOVUI6AJISSTGVC3I2VSGTP2C\">Imacec registra un pobre crecimiento en noviembre. Se refiere Rodrigo Saens, acad\u00e9mico de la Facultad de Econom\u00eda y Negocios.<\/a><\/p><p>RADIO AMIGA<br \/><a href=\"https:\/\/www.litoralpress.cl\/sitio\/RadioTV_Detalles.cshtml?LPKey=BWPR7VQHVZWBAGPMZTMU3YG5CQNCKFBB373XAAWDFIGGYPSEUYNS6D4SKOUTXL4VYJ6PGZG5B6JMM\">Desde la Reserva Nacional Alto de Lircay y el Parque Nacional Rodal Siete Tazas, hasta los valles cordilleranos de Romeral, San Clemente, Longav\u00ed y Molina, la cordillera del Maule concentra un potencial tur\u00edstico a\u00fan poco explorado. Se refiere Jorge Navarrete, director del Centro de Competitividad del Maule.\u00a0<\/a><\/p><p>PAIS CIRCULAR<br \/><a href=\"https:\/\/www.paiscircular.cl\/agua\/biofertilizante\/\">SymbioXSolutions: un biofertilizante a partir de hongos presentes en la Ant\u00e1rtica. Se refiere Marco Molina Montenegro, director del Instituto de Ciencias Biol\u00f3gicas.<\/a><\/p><p>RADIO UNIVERSIDAD DE CHILE<br \/><a href=\"https:\/\/radio.uchile.cl\/2026\/01\/02\/rodrigo-saens-economista-chile-debe-levantar-su-produccion-y-aprovechar-la-bonanza-del-cobre\/\">&#8220;Chile debe levantar su producci\u00f3n y aprovechar la bonanza del cobre&#8221;. Se refiere Rodrigo Saens, acad\u00e9mico de la Facultad de Econom\u00eda y Negocios.<\/a><\/p><p>CAUQUENES.NET<br \/><a href=\"https:\/\/cauquenesnet.cl\/2026\/01\/02\/cerezas-cambio-climatico-obliga-a-replantear-estrategias-en-su-produccion\/\">Cerezas: Cambio clim\u00e1tico obliga a replantear estrategias en su producci\u00f3n. Se refiere \u00c1lvaro Sep\u00falveda Le\u00f3n, investigador del Centro de Pom\u00e1ceas.<\/a><\/p><p><br \/><br \/><\/p><p>UNIVERSIDAD DE VALPARA\u00cdSO<br \/><a href=\"https:\/\/uv.cl\/archivo-noticias-uv\/28781-profesor-de-la-uv-expone-en-segundas-jornadas-nacionales-de-derecho-de-aguas\">Profesor de la UV expone en Segundas Jornadas Nacionales de Derecho de Aguas. Se menciona la Universidad de Talca.<\/a><\/p><p>CAUQUENES.NET<br \/><a href=\"https:\/\/cauquenesnet.cl\/2025\/12\/30\/se-vienen-los-resultados-de-la-paes-quieres-saber-que-instituciones-de-educacion-superior-cuentan-con-gratuidad\/\">Se vienen los resultados de la PAES: \u00bfquieres saber qu\u00e9 instituciones de educaci\u00f3n superior cuentan con gratuidad? Se menciona la Universidad de Talca.<\/a><\/p><p>USACH<br \/><a href=\"https:\/\/usach.cl\/news\/plantel-encabeza-nucleo-milenio-investiga-estudiantes-altas-capacidades-sistema-educacional\">Plantel encabeza N\u00facleo Milenio que investiga a estudiantes de altas capacidades en el sistema educacional chileno. Se menciona la Universidad de Talca.<\/a><\/p><p>USACH<br \/><a href=\"https:\/\/usach.cl\/news\/usach-se-adjudica-financiamiento-del-programa-fiu-frontera-para-implementar-su-plan-idi-10\">Usach se adjudica financiamiento del programa FIU Frontera para implementar su Plan de I+D+i a 10 a\u00f1os. Se menciona la Universidad de Talca.<\/a><\/p><p>UNIVERSIDAD ANDR\u00c9S BELLO<br \/><a href=\"https:\/\/noticias.unab.cl\/liderazgo-que-impacta-unab-se-adjudica-tres-centros-de-interes-nacional-como-institucion-principal\/\">Liderazgo que impacta: UNAB se adjudica tres Centros de Inter\u00e9s Nacional como instituci\u00f3n principal. Se menciona la Universidad de Talca.<\/a><\/p><p>LA DISCUSI\u00d3N<br \/><a href=\"https:\/\/www.litoralpress.cl\/paginaconsultas\/Servicios_NClipWeb\/Get_Imagen_Nota.aspx?LPKey=JSBY7MDDWIG5CCJOGYNRYIENX5FO5SXN2VYW434K2J7P5DO5IUT7AWKZZ7QOGMR7BPOPQIRRVUDD6\">Asume director del Servicio Local de Educaci\u00f3n Valle Diguill\u00edn. Se menciona la Universidad de Talca.<\/a><\/p><p>ELMOSTRADOR<br \/><a href=\"https:\/\/www.elmostrador.cl\/cultura\/2025\/12\/31\/memorias-teatrales-del-cuervo-castro-se-reencuentran-con-el-publico-chileno\/\">Memorias teatrales del \u201cCuervo\u201d Castro se reencuentran con el p\u00fablico chileno. Se menciona la Universidad de Talca.<\/a><\/p><p>MAGAZINE DIGITAL<br \/><a href=\"https:\/\/www.magazinedigital.cl\/chile-lanza-calendario-de-vendimias-2026-y-presenta-innovador-mapa-interactivo-que-moderniza-la-experiencia-enoturistica\/\">Chile lanza Calendario de Vendimias 2026 y presenta innovador Mapa Interactivo que moderniza la experiencia enotur\u00edstica. Se menciona la Universidad de Talca.<\/a><\/p><p>DIARIO TALCA<br \/><a href=\"https:\/\/diariotalca.cl\/mes-a-mes-las-12-noticias-que-impactaron-este-2025-en-talca\/\">Mes a mes: las 12 noticias que impactaron este 2025 en Talca. Se menciona la Universidad de Talca.<\/a><\/p><p>DIARIO CONCEPCI\u00d3N<br \/><a href=\"https:\/\/www.litoralpress.cl\/paginaconsultas\/Servicios_NClipWeb\/Get_Imagen_Nota.aspx?LPKey=W6BSPTZXUNT7XGGZHAEZUEDHDVUKHCNKCW2HNHYZXLXFRYXJP3Y3OCNYJICIR7CUGUUFB5KIZXVAE\">Memorias teatrales de \u00d3scar &#8220;Cuervo&#8221; Castro llegan a la sala principal del TBB. Se menciona la Universidad de Talca.<\/a><\/p><p>EL HERALDO<br \/><a href=\"https:\/\/www.litoralpress.cl\/paginaconsultas\/Servicios_NClipWeb\/Get_Imagen_Nota.aspx?LPKey=JI7OSTVNARDIUGKXT7MWUJTJ3RPPT5BU7B7HWZVTLTIZX7HHQMBOJAHPU6SBVRM2OIWQLC2VMAQUA\">Portada. Se menciona la Universidad de Talca.<\/a><\/p><p>PORTAL AGRO CHILE<br \/><a href=\"https:\/\/www.portalagrochile.cl\/2026\/01\/02\/calor-extremo-agrofruticultores-afinan-riego-proteccion-de-huertos-y-planes-contra-incendios\/\">Calor extremo: Agrofruticultores afinan riego, protecci\u00f3n de huertos y planes contra incendios. Se menciona la Universidad de Talca.<\/a><\/p><p>DIARIO EL CENTRO<br \/><a href=\"https:\/\/www.diarioelcentro.cl\/2026\/01\/02\/la-practica-profesional-como-punto-critico-de-la-emtp-donde-se-define-si-la-trayectoria-continua-o-se-rompe\/\">La pr\u00e1ctica profesional como punto cr\u00edtico de la EMTP: Donde se define si la trayectoria contin\u00faa\u2026 o se rompe. Se menciona la Universidad de Talca.<\/a><\/p><p>EL VACANUDO<br \/><a href=\"https:\/\/www.elvacanudo.cl\/noticia\/economia\/que-es-el-turismo-de-montana-los-andes-como-una-oferta-para-la-aventura-para-chile\">\u00bfQu\u00e9 es el turismo de monta\u00f1a?: Los Andes como una oferta para la aventura para Chile. Se menciona la Universidad de Talca<\/a><\/p><p>EL MORROCOTUDO<br \/><a href=\"https:\/\/www.elmorrocotudoa\/economia\/que-es-el-turismo-de-montana-los-andes-como-una-oferta-para-la-aventura-para-chile\">\u00bfQu\u00e9 es el turismo de monta\u00f1a?: Los Andes como una oferta para la aventura para Chile. Se menciona la Universidad de Talca<\/a><\/p><p>EL QUE HAY DE CIERTO<br \/><a href=\"https:\/\/www.elquehaydecierto.cl\/noticia\/economia\/que-es-el-turismo-de-montana-los-andes-como-una-oferta-para-la-aventura-para-chile\">\u00bfQu\u00e9 es el turismo de monta\u00f1a?: Los Andes como una oferta para la aventura para Chile. Se menciona la Universidad de Talca<\/a><\/p><p>EL NAVEGHABLE<br \/><a href=\"https:\/\/www.elnavegahble.cl\/noticia\/economia\/que-es-el-turismo-de-montana-los-andes-como-una-oferta-para-la-aventura-para-chile\">\u00bfQu\u00e9 es el turismo de monta\u00f1a?: Los Andes como una oferta para la aventura para Chile. Se menciona la Universidad de Talca<\/a><\/p><p>EL RANCAHUASO<br \/><a href=\"https:\/\/www.elracahuaso.cl\/noticia\/economia\/que-es-el-turismo-de-montana-los-andes-como-una-oferta-para-la-aventura-para-chile\">\u00bfQu\u00e9 es el turismo de monta\u00f1a?: Los Andes como una oferta para la aventura para Chile. Se menciona la Universidad de Talca<\/a><\/p><p><br \/>RADIO BEETHOVEN<br \/><a href=\"https:\/\/www.beethovenfm.cl\/evento\/ultimas-funciones-de-cuervo-homenaje-a-oscar-castro\/\">\u00daltimas funciones de Cuervo, homenaje a \u00d3scar Castro Se menciona la Universidad de Talca.<\/a><\/p><p>OSORNO EN VIVO<br \/><a href=\"https:\/\/osornoenvivo.cl\/wp\/2026\/01\/02\/universidad-de-los-lagos-se-adjudico-el-programa-de-financiamiento-estructural-idi-universitario\/\">Universidad de los Lagos se adjudic\u00f3 el programa de financiamiento estructural I+D+I universitario. Se menciona la Universidad de Talca.<\/a><\/p><p>RADIO POLAR<br \/><a href=\"https:\/\/www.radiopolar.com\/subsecretario-ciencias-destaca-adjudicacion-fiu-2025-umag-accede-financiamiento-decada\">Subsecretario de ciencias destaca adjudicaci\u00f3n del FIU 2025: UMAG accede a financiamiento por una d\u00e9cada. Se menciona la Universidad de Talca.<\/a><\/p><p>SEMANARIO LOCAL<br \/><a href=\"https:\/\/www.semanariolocal.cl\/?p=32790\">ULagos se adjudica $5.200 millones para potenciar su investigaci\u00f3n. Se menciona la Universidad de Talca.<\/a><\/p><p>EL D\u00cdA<br \/><a href=\"https:\/\/www.litoralpress.cl\/paginaconsultas\/Servicios_NClipWeb\/Get_Imagen_Nota.aspx?LPKey=IQS5OKEYVFI4FXEAXZI4XJN3NPM5FP4UA34EOZSVV5SVFFE76I3PLYG4SGHBNTI2U4TDW2TWTX75Q\">\u00bfQui\u00e9n es el nuevo contralor regional? Se menciona la Universidad de Talca.<\/a><\/p><p>EL LLANQUIHUE<br \/><a href=\"https:\/\/www.litoralpress.cl\/paginaconsultas\/Servicios_NClipWeb\/Get_Imagen_Nota.aspx?LPKey=MLKWVZL5BYB7PY4VJOLF6VO3OKY35EHIHH6TZ5EEJJJGQCNIHAQA4HAL4NWP6GJFFVMTTTK4CJB5Y\">ULagos se adjudica $5.200 millones para potenciar su investigaci\u00f3n. Se menciona la Universidad de Talca.<\/a><\/p><p>EL OVALLINO<br \/><a href=\"https:\/\/www.litoralpress.cl\/paginaconsultas\/Servicios_NClipWeb\/Get_Imagen_Nota.aspx?LPKey=KDWYZRDP2AWSKRMWGEMYQNWCRAXNG7EMZI55XSCFBC4KNJ6XZKXKHLYCODUBJFHGWMQWPF72BUF54\">\u00bfQui\u00e9n es el nuevo contralor regional? Se menciona la Universidad de Talca.<\/a><br \/><br \/><\/p><p>EL HERALDO AUSTRAL<br \/><a href=\"https:\/\/eha.cl\/noticia\/economia\/universidad-de-los-lagos-se-adjudico-programa-de-financiamiento-estructural-idi-universidario\">Universidad de Los Lagos se adjudic\u00f3 programa de financiamiento estructural I+D+i Universitario. Se menciona la Universidad de Talca.<\/a><\/p><p>MUSICCOP<br \/><a href=\"https:\/\/clgmedios.cl\/regional\/ulagos-se-adjudico-programa-de-financiamiento-estructural-idi-universitario\/\">ULagos se adjudic\u00f3 programa de financiamiento estructural I+D+i universitario. Se menciona la Universidad de Talca.<\/a><\/p><p>MEDIA BANCO<br \/><a href=\"https:\/\/www.mediabanco.com\/utalca-firma-convenio-con-municipalidadde-curico-para-colaboracion-asistencial-docente\/\">UTalca firma convenio con Municipalidad de Curic\u00f3 para colaboraci\u00f3n asistencial docente. Se menciona la Universidad de Talca.<\/a><\/p><p>\u00a0<\/p>\t\t\t\t\t\t<\/div>\n\t\t\t\t<\/div>\n\t\t\t\t\t<\/div>\n\t\t<\/div>\n\t\t\t\t\t\t\t<\/div>\n\t\t<\/section>\n\t\t\t\t\t\t<\/div>\n\t\t\t\t\t<\/div>\n\t\t","protected":false},"excerpt":{"rendered":"<p>EL MOSTRADORUniversidad regional adjudica fondo estructural de investigaci\u00f3n para desarrollo de ciencias. Se refiere Carlos Torres Fuchslocher, rector y Rodrigo Palomo V\u00e9lez, vicerrector acad\u00e9mico. \u00a0 \u00a0 S\u00c9PTIMA REGI\u00d3N NOTICIASExpertos presentaron innovaciones para la rehabilitaci\u00f3n de personas mayores. Se refiere Valeska Gatica Rojas, directora del Laboratorio de Control Humano. \u00a0 EL MAULE INFORMAExpertos presentaron innovaciones para &hellip;<\/p>\n<p class=\"read-more\"> <a class=\"\" href=\"https:\/\/www.reportedeprensa.utalca.cl\/?p=13119\"> <span class=\"screen-reader-text\">05 de enero 2026<\/span> Read More &raquo;<\/a><\/p>\n","protected":false},"author":1,"featured_media":0,"comment_status":"closed","ping_status":"open","sticky":false,"template":"","format":"standard","meta":{"_monsterinsights_skip_tracking":false,"_monsterinsights_sitenote_active":false,"_monsterinsights_sitenote_note":"","_monsterinsights_sitenote_category":0},"categories":[67],"tags":[],"_links":{"self":[{"href":"https:\/\/www.reportedeprensa.utalca.cl\/index.php?rest_route=\/wp\/v2\/posts\/13119"}],"collection":[{"href":"https:\/\/www.reportedeprensa.utalca.cl\/index.php?rest_route=\/wp\/v2\/posts"}],"about":[{"href":"https:\/\/www.reportedeprensa.utalca.cl\/index.php?rest_route=\/wp\/v2\/types\/post"}],"author":[{"embeddable":true,"href":"https:\/\/www.reportedeprensa.utalca.cl\/index.php?rest_route=\/wp\/v2\/users\/1"}],"replies":[{"embeddable":true,"href":"https:\/\/www.reportedeprensa.utalca.cl\/index.php?rest_route=%2Fwp%2Fv2%2Fcomments&post=13119"}],"version-history":[{"count":6,"href":"https:\/\/www.reportedeprensa.utalca.cl\/index.php?rest_route=\/wp\/v2\/posts\/13119\/revisions"}],"predecessor-version":[{"id":13351,"href":"https:\/\/www.reportedeprensa.utalca.cl\/index.php?rest_route=\/wp\/v2\/posts\/13119\/revisions\/13351"}],"wp:attachment":[{"href":"https:\/\/www.reportedeprensa.utalca.cl\/index.php?rest_route=%2Fwp%2Fv2%2Fmedia&parent=13119"}],"wp:term":[{"taxonomy":"category","embeddable":true,"href":"https:\/\/www.reportedeprensa.utalca.cl\/index.php?rest_route=%2Fwp%2Fv2%2Fcategories&post=13119"},{"taxonomy":"post_tag","embeddable":true,"href":"https:\/\/www.reportedeprensa.utalca.cl\/index.php?rest_route=%2Fwp%2Fv2%2Ftags&post=13119"}],"curies":[{"name":"wp","href":"https:\/\/api.w.org\/{rel}","templated":true}]}}