{"id":13129,"date":"2026-01-12T16:42:57","date_gmt":"2026-01-12T19:42:57","guid":{"rendered":"https:\/\/www.reportedeprensa.utalca.cl\/?p=13129"},"modified":"2026-03-04T13:09:41","modified_gmt":"2026-03-04T16:09:41","slug":"06-de-enero-2026","status":"publish","type":"post","link":"https:\/\/www.reportedeprensa.utalca.cl\/?p=13129","title":{"rendered":"06 de enero 2026"},"content":{"rendered":"\t\t<div data-elementor-type=\"wp-post\" data-elementor-id=\"13129\" class=\"elementor elementor-13129\" data-elementor-settings=\"[]\">\n\t\t\t\t\t\t\t<div class=\"elementor-section-wrap\">\n\t\t\t\t\t\t\t<section class=\"elementor-section elementor-top-section elementor-element elementor-element-bcea1a8 elementor-section-boxed elementor-section-height-default elementor-section-height-default\" data-id=\"bcea1a8\" data-element_type=\"section\">\n\t\t\t\t\t\t<div class=\"elementor-container elementor-column-gap-default\">\n\t\t\t\t\t<div class=\"elementor-column elementor-col-100 elementor-top-column elementor-element elementor-element-e7183bf\" data-id=\"e7183bf\" data-element_type=\"column\">\n\t\t\t<div class=\"elementor-widget-wrap elementor-element-populated\">\n\t\t\t\t\t\t\t\t<div class=\"elementor-element elementor-element-6e24f37 elementor-widget elementor-widget-text-editor\" data-id=\"6e24f37\" data-element_type=\"widget\" data-widget_type=\"text-editor.default\">\n\t\t\t\t<div class=\"elementor-widget-container\">\n\t\t\t\t\t\t\t\t<p><b><span data-contrast=\"auto\">EL MERCURIO<\/span><\/b>\u00a0<br \/><a href=\"https:\/\/www.litoralpress.cl\/paginaconsultas\/Servicios_NClipWeb\/Get_Imagen_Nota.aspx?LPKey=VIAV5IM4OLSFKEBUU252CROHEAGLHROCAV7Q5TM7LHSLL3K2LWDLN6IVURS7IYPKBSRFJGU7LB7DA\"><span data-contrast=\"none\">El juego es un aliado y no una competencia del aprendizaje acad\u00e9mico. Se refiere Javiera Ruperthus, acad\u00e9mica de la Facultad de Ciencias de la Educaci\u00f3n.<\/span><\/a><span data-ccp-props=\"{}\">\u00a0<\/span><\/p><p>\u00a0<\/p><p><strong>LA TERCERA\u00a0<\/strong><br \/><a href=\"https:\/\/www.litoralpress.cl\/paginaconsultas\/Servicios_NClipWeb\/Get_Imagen_Nota.aspx?LPKey=OFO4ESHCO6UKBAJFYF37UMUIZRWJAUX643PES2UAIGPWYX4WZQRJJ76NJIGBKXQP7IZWAHKYUB5SW\"><span data-contrast=\"none\">Elegir carrera: 7 consejos para decidir con informaci\u00f3n y realismo. Se refiere Carlos Contreras,\u00a0<\/span><span data-contrast=\"none\">responsable del \u00e1rea de Admisi\u00f3n<\/span><\/a><span data-contrast=\"auto\">\u00a0<\/span><span data-ccp-props=\"{}\">\u00a0<\/span><\/p><p><strong>LAS \u00daLTIMAS NOTICIAS\u00a0<\/strong><br \/><a href=\"https:\/\/www.litoralpress.cl\/paginaconsultas\/Servicios_NClipWeb\/Get_Imagen_Nota.aspx?LPKey=FNZEXSXPBDPF2PLRDAYQPP2H37Z7MRVTKUE42CZ5VYNTKI4MCDVQRK5AD3TH4YN7WWHRRUFJNJR4O\"><span data-contrast=\"none\">&#8220;Muchos j\u00f3venes podr\u00edan acceder a beneficios, pero no est\u00e1n postulando&#8221;. Se menciona la Universidad de Talca.<\/span><\/a><span data-ccp-props=\"{}\">\u00a0<\/span><\/p><p>\u00a0<\/p><p><strong>DIARIO TALCA\u00a0<\/strong><br \/><a href=\"https:\/\/www.litoralpress.cl\/paginaconsultas\/Servicios_NClipWeb\/Get_Imagen_Nota.aspx?LPKey=CGDVLCEXRMA5DTOXSWAFS6WTDQ4Q6M63EQF45R4HDYIUGSJ7WWPVHUWPEY5PBPKPTUNRJHAZYLS2A\"><span data-contrast=\"none\">&#8220;Hay que enfocarse bien y trabajar de manera sist\u00e9mica en el turismo de monta\u00f1a&#8221;. Se refiere Jorge Navarrete, acad\u00e9mico de la Facultad de Econom\u00eda y Negocios.<\/span><\/a><span data-ccp-props=\"{}\">\u00a0<\/span><\/p><p>\u00a0<\/p><p><strong>MAULE HOY\u00a0<\/strong><br \/><a href=\"https:\/\/www.litoralpress.cl\/paginaconsultas\/Servicios_NClipWeb\/Get_Imagen_Nota.aspx?LPKey=PLRBTGAFUSRO32LRT4QPTEOP46J7ZNRGMCFO4RAG6QDECNKGQLJN55KAIMZISAITKFBXKUA67XOYI\"><span data-contrast=\"none\">Uniendo la Regi\u00f3n del Maule a trav\u00e9s del Turismo, el Arte, La Cultura, la Educaci\u00f3n y el Deporte. Se menciona la Universidad de Talca.<\/span><\/a><span data-ccp-props=\"{}\">\u00a0<\/span><\/p><p>\u00a0<\/p><p><strong>MAULE HOY\u00a0<\/strong><br \/><a href=\"https:\/\/www.litoralpress.cl\/paginaconsultas\/Servicios_NClipWeb\/Get_Imagen_Nota.aspx?LPKey=CGPVBUNVMR6TSIA7A6A2C67O5TUFJM3AAS2AKNACG44HPDO6DBY4PVRAP2ACNVDN7GJVBJKHXHWQG\"><span data-contrast=\"none\">En Talca habilitar\u00e1 atenci\u00f3n presencial y remota durante el periodo de postulaci\u00f3n. Se refiere Paola Morales, directora del Ciclo de Vida Estudiantil y\u00a0<\/span><span data-contrast=\"none\">Carlos Contreras, responsable del \u00e1rea de Admisi\u00f3n.<\/span><\/a><span data-ccp-props=\"{}\">\u00a0<\/span><\/p><p>\u00a0<\/p><p><strong>MAULE HOY\u00a0<\/strong><br \/><a href=\"https:\/\/www.litoralpress.cl\/paginaconsultas\/Servicios_NClipWeb\/Get_Imagen_Nota.aspx?LPKey=OZQMIWE56YZZKQUEXCZVY6MCZPN23FTIX4LLLQLUISDH6EDVSYSPPLOYUDQYDJBBH5MRD2YJSTHWK\"><span data-contrast=\"none\">Una de las clasificaciones importantes del folclor es el aspecto l\u00fadico, del lat\u00edn\u00a0ludricus, que significa risible, juguet\u00f3n, que provoca risa. Se menciona la Universidad de Talca.\u00a0 Se menciona la Universidad de Talca.<\/span><\/a><span data-ccp-props=\"{}\">\u00a0<\/span><\/p><p>\u00a0<\/p><p><strong>EL HERALDO AUSTRAL\u00a0<\/strong><br \/><a href=\"https:\/\/www.eha.cl\/noticia\/economia\/universidad-de-los-lagos-se-adjudico-programa-de-financiamiento-estructural-idi-universidario\"><span data-contrast=\"none\">Universidad de Los Lagos se adjudic\u00f3 programa de financiamiento estructural I+D+i Universitario. Se\u00a0menciona la Universidad de Talca.<\/span><\/a><span data-ccp-props=\"{}\">\u00a0<\/span><\/p><p>\u00a0<\/p><p><strong>MEDIA BANCO\u00a0<\/strong><br \/><a href=\"https:\/\/www.mediabanco.com\/utalca-celebro-egreso-del-proyecto-cuidar-su-boca-cuidar-su-vida\/\"><span data-contrast=\"none\">UTalca\u00a0celebr\u00f3 egreso del Proyecto \u201cCuidar su boca, Cuidar su vida\u201d.\u00a0Se refiere\u00a0Rodrigo Palomo V\u00e9lez, vicerrector acad\u00e9mico y Soraya Le\u00f3n,\u00a0<\/span><span data-contrast=\"none\">directora de la Especialidad en\u00a0Odontogeriatr\u00eda.<\/span><\/a><span data-ccp-props=\"{}\">\u00a0<\/span><\/p><p>\u00a0<\/p><p><strong>NOTICIAS LOS R\u00cdOS\u00a0<\/strong><br \/><a href=\"https:\/\/www.noticiaslosrios.cl\/2026\/01\/04\/universidad-austral-de-chile-se-adjudico-un-nuevo-centro-de-investigacion-de-suelos\/\"><span data-contrast=\"none\">Universidad Austral de Chile se adjudic\u00f3 un nuevo centro de investigaci\u00f3n de suelos. Se menciona la Universidad de Talca.<\/span><\/a><span data-ccp-props=\"{}\">\u00a0<\/span><\/p><p>\u00a0<\/p><p><strong>CANAL 2 LINARES\u00a0<\/strong><br \/><a href=\"https:\/\/www.canal2linares.cl\/2026\/01\/utalca-firma-convenio-con-municipalidad.html\"><span data-contrast=\"none\">UTalca\u00a0firma convenio con Municipalidad de Curic\u00f3 para colaboraci\u00f3n asistencial docente. Se refiere\u00a0<\/span><span data-contrast=\"none\">Carlos Torres Fuchslocher, rector.<\/span><\/a><span data-ccp-props=\"{}\">\u00a0<\/span><\/p><p>\u00a0<\/p><p><strong>CANAL 2 LINARES\u00a0<\/strong><br \/><a href=\"https:\/\/www.canal2linares.cl\/2026\/01\/utalca-celebro-egreso-del-proyecto.html\"><span data-contrast=\"none\">UTalca\u00a0celebr\u00f3 egreso del Proyecto \u201cCuidar su boca, Cuidar su vida\u201d.<\/span><span data-contrast=\"none\">\u00a0<\/span><span data-contrast=\"none\">Se refiere Rodrigo Palomo V\u00e9lez, vicerrector acad\u00e9mico y Soraya Le\u00f3n, directora de la Especialidad en\u00a0Odontogeriatr\u00eda.<\/span><\/a><span data-ccp-props=\"{}\">\u00a0<\/span><\/p><p>\u00a0<\/p><p><strong>PASI\u00d3N POR LOS DEPORTES\u00a0<\/strong><br \/><a href=\"https:\/\/pasionporlosdeportes.cl\/bienestar-psicologico-y-alto-rendimiento\/\"><span data-contrast=\"none\">Bienestar psicol\u00f3gico y alto rendimiento. Se menciona la Universidad de Talca<\/span><\/a><span data-ccp-props=\"{}\">\u00a0<\/span><\/p><p>\u00a0<\/p><p><strong>OSORNO EN LA RED\u00a0<\/strong><br \/><a href=\"http:\/\/osornoenlared.cl\/2026\/01\/04\/expertos-presentaron-innovaciones-para-la-rehabilitacion-de-personas-mayores\/\"><span data-contrast=\"none\">Expertos presentaron innovaciones para la rehabilitaci\u00f3n de personas mayores. Se refiere\u00a0<\/span><span data-contrast=\"none\">Valeska Gatica Rojas, directora del Laboratorio de Control Motor Humano de la Facultad de Ciencias de la Salud.<\/span><\/a><span data-contrast=\"auto\">\u00a0<\/span><span data-ccp-props=\"{}\">\u00a0<\/span><\/p><p><strong>MEGA NOTICIAS\u00a0<\/strong><br \/><a href=\"https:\/\/www.meganoticias.cl\/nacional\/511188-columna-mauricio-morales-un-canciller-para-kast-domingo-04-01-2026.html\"><span data-contrast=\"none\">&#8220;Un canciller para Kast&#8221;. Se refiere Mauricio Morales Quiroga, director del Centro de An\u00e1lisis Pol\u00edtico (CAP-UTalca)<\/span><\/a><span data-ccp-props=\"{}\">\u00a0<\/span><\/p>\t\t\t\t\t\t<\/div>\n\t\t\t\t<\/div>\n\t\t\t\t\t<\/div>\n\t\t<\/div>\n\t\t\t\t\t\t\t<\/div>\n\t\t<\/section>\n\t\t\t\t\t\t<\/div>\n\t\t\t\t\t<\/div>\n\t\t","protected":false},"excerpt":{"rendered":"<p>EL MERCURIO\u00a0El juego es un aliado y no una competencia del aprendizaje acad\u00e9mico. Se refiere Javiera Ruperthus, acad\u00e9mica de la Facultad de Ciencias de la Educaci\u00f3n.\u00a0 \u00a0 LA TERCERA\u00a0Elegir carrera: 7 consejos para decidir con informaci\u00f3n y realismo. Se refiere Carlos Contreras,\u00a0responsable del \u00e1rea de Admisi\u00f3n\u00a0\u00a0 LAS \u00daLTIMAS NOTICIAS\u00a0&#8220;Muchos j\u00f3venes podr\u00edan acceder a beneficios, pero &hellip;<\/p>\n<p class=\"read-more\"> <a class=\"\" href=\"https:\/\/www.reportedeprensa.utalca.cl\/?p=13129\"> <span class=\"screen-reader-text\">06 de enero 2026<\/span> Read More &raquo;<\/a><\/p>\n","protected":false},"author":1,"featured_media":0,"comment_status":"closed","ping_status":"open","sticky":false,"template":"","format":"standard","meta":{"_monsterinsights_skip_tracking":false,"_monsterinsights_sitenote_active":false,"_monsterinsights_sitenote_note":"","_monsterinsights_sitenote_category":0},"categories":[67],"tags":[],"_links":{"self":[{"href":"https:\/\/www.reportedeprensa.utalca.cl\/index.php?rest_route=\/wp\/v2\/posts\/13129"}],"collection":[{"href":"https:\/\/www.reportedeprensa.utalca.cl\/index.php?rest_route=\/wp\/v2\/posts"}],"about":[{"href":"https:\/\/www.reportedeprensa.utalca.cl\/index.php?rest_route=\/wp\/v2\/types\/post"}],"author":[{"embeddable":true,"href":"https:\/\/www.reportedeprensa.utalca.cl\/index.php?rest_route=\/wp\/v2\/users\/1"}],"replies":[{"embeddable":true,"href":"https:\/\/www.reportedeprensa.utalca.cl\/index.php?rest_route=%2Fwp%2Fv2%2Fcomments&post=13129"}],"version-history":[{"count":5,"href":"https:\/\/www.reportedeprensa.utalca.cl\/index.php?rest_route=\/wp\/v2\/posts\/13129\/revisions"}],"predecessor-version":[{"id":13350,"href":"https:\/\/www.reportedeprensa.utalca.cl\/index.php?rest_route=\/wp\/v2\/posts\/13129\/revisions\/13350"}],"wp:attachment":[{"href":"https:\/\/www.reportedeprensa.utalca.cl\/index.php?rest_route=%2Fwp%2Fv2%2Fmedia&parent=13129"}],"wp:term":[{"taxonomy":"category","embeddable":true,"href":"https:\/\/www.reportedeprensa.utalca.cl\/index.php?rest_route=%2Fwp%2Fv2%2Fcategories&post=13129"},{"taxonomy":"post_tag","embeddable":true,"href":"https:\/\/www.reportedeprensa.utalca.cl\/index.php?rest_route=%2Fwp%2Fv2%2Ftags&post=13129"}],"curies":[{"name":"wp","href":"https:\/\/api.w.org\/{rel}","templated":true}]}}