{"id":13134,"date":"2026-01-12T17:01:13","date_gmt":"2026-01-12T20:01:13","guid":{"rendered":"https:\/\/www.reportedeprensa.utalca.cl\/?p=13134"},"modified":"2026-03-04T13:09:35","modified_gmt":"2026-03-04T16:09:35","slug":"07-de-enero-2026","status":"publish","type":"post","link":"https:\/\/www.reportedeprensa.utalca.cl\/?p=13134","title":{"rendered":"07 de enero 2026"},"content":{"rendered":"\t\t<div data-elementor-type=\"wp-post\" data-elementor-id=\"13134\" class=\"elementor elementor-13134\" data-elementor-settings=\"[]\">\n\t\t\t\t\t\t\t<div class=\"elementor-section-wrap\">\n\t\t\t\t\t\t\t<section class=\"elementor-section elementor-top-section elementor-element elementor-element-bcea1a8 elementor-section-boxed elementor-section-height-default elementor-section-height-default\" data-id=\"bcea1a8\" data-element_type=\"section\">\n\t\t\t\t\t\t<div class=\"elementor-container elementor-column-gap-default\">\n\t\t\t\t\t<div class=\"elementor-column elementor-col-100 elementor-top-column elementor-element elementor-element-e7183bf\" data-id=\"e7183bf\" data-element_type=\"column\">\n\t\t\t<div class=\"elementor-widget-wrap elementor-element-populated\">\n\t\t\t\t\t\t\t\t<div class=\"elementor-element elementor-element-6e24f37 elementor-widget elementor-widget-text-editor\" data-id=\"6e24f37\" data-element_type=\"widget\" data-widget_type=\"text-editor.default\">\n\t\t\t\t<div class=\"elementor-widget-container\">\n\t\t\t\t\t\t\t\t<p><span data-contrast=\"auto\">RADIO LAUTARO<\/span>\u00a0<br \/><a href=\"https:\/\/radiolautarotalca.cl\/utalca-firma-convenio-con-municipalidad-de-curico-para-colaboracion-asistencial-docente\/\"><span data-contrast=\"none\">UTalca\u00a0firma convenio con Municipalidad de Curic\u00f3 para colaboraci\u00f3n asistencial docente. Se refiere\u00a0<\/span><span data-contrast=\"none\">Carlos Torres Fuchslocher, rector.<\/span><\/a><span data-ccp-props=\"{}\">\u00a0<\/span><\/p><p>\u00a0<\/p><p><span data-contrast=\"auto\">MAULE NEWS<\/span>\u00a0<br \/><a href=\"https:\/\/www.maulenews.com\/2026\/01\/utalca-firma-convenio-con-municipalidad.html\"><span data-contrast=\"none\">UTalca\u00a0firma convenio con Municipalidad de Curic\u00f3 para colaboraci\u00f3n asistencial docente. Se refiere Carlos Torres Fuchslocher, rector.<\/span><\/a><span data-ccp-props=\"{}\">\u00a0<\/span><\/p><p>\u00a0<\/p><p><span data-contrast=\"auto\">PORTAL EDUCA<\/span>\u00a0<br \/><a href=\"https:\/\/portaleduca.cl\/utalca-firma-convenio-con-municipalidad-de-curico-para-colaboracion-asistencial-docente\/\"><span data-contrast=\"none\">UTalca\u00a0firma convenio con Municipalidad de Curic\u00f3 para colaboraci\u00f3n asistencial docente. Se refiere Carlos Torres Fuchslocher, rector<\/span><\/a><span data-ccp-props=\"{}\">\u00a0<\/span><\/p><p><span data-ccp-props=\"{}\">\u00a0<\/span><\/p><p><span data-contrast=\"auto\">RADIO INFINITA<\/span>\u00a0<br \/><a href=\"https:\/\/www.litoralpress.cl\/sitio\/RadioTV_Detalles.cshtml?LPKey=C7LFOG4DNY2FTDRPL2LAQF5BLIZ6RRUBF7AND6Y63JFSVOEQZYZPBX4EPTFXR6Z6ESL7LHCIT2B2A\"><span data-contrast=\"none\">An\u00e1lisis pol\u00edtico de la jornada. Se refiere Mauricio Morales Quiroga, director del Centro de An\u00e1lisis Pol\u00edtico (CAP-UTalca)<\/span><\/a><span data-ccp-props=\"{}\">\u00a0<\/span><\/p><p>\u00a0<\/p><p><span data-contrast=\"auto\">RADIO BIOB\u00cdO<\/span>\u00a0<br \/><a href=\"https:\/\/www.litoralpress.cl\/sitio\/RadioTV_Detalles.cshtml?LPKey=XAQR3XFYXCNR4CUJ2I5WVIQ4UH7RU3DGCWQ7SMOSRQSPVF5CZTCT4YJTK4BKG3Y4YNE2OLF2HM42U\"><span data-contrast=\"none\">La situaci\u00f3n pol\u00edtica en Venezuela volvi\u00f3 a tensionar al oficialismo y dej\u00f3 en evidencia diferencias internas. Se refiere Mario Herrera Mu\u00f1oz, del Centro de An\u00e1lisis Pol\u00edtico (CAP-UTalca)<\/span><\/a><span data-ccp-props=\"{}\">\u00a0<\/span><\/p><p>\u00a0<\/p><p><span data-contrast=\"auto\">EMOL<\/span>\u00a0<br \/><a href=\"https:\/\/www.emol.com\/noticias\/Nacional\/2026\/01\/04\/1187560\/analisis-boric-kast-crisis-venezuela.html\"><span data-contrast=\"none\">Captura de Maduro: Analistas ponderan reacciones de\u00a0Boric\u00a0y Kast y proyectan el efecto que tendr\u00e1 en la agenda nacional. Se refiere Mario Herrera Mu\u00f1oz, del Centro de An\u00e1lisis Pol\u00edtico (CAP-UTalca)<\/span><\/a><span data-ccp-props=\"{}\">\u00a0<\/span><\/p><p>\u00a0<\/p><p><span data-contrast=\"auto\">DUPLOS<\/span>\u00a0<br \/><a href=\"https:\/\/duplos.cl\/actualidad\/mauricio-morales-seguridad-inmigracion-economia-94\/242270\/2026\/01\/04\/\"><span data-contrast=\"none\">La crucial elecci\u00f3n del canciller en el gobierno de Kast y su impacto en la pol\u00edtica exterior chilena. Se refiere Mauricio Morales Quiroga, director del Centro de An\u00e1lisis Pol\u00edtico (CAP-UTalca)<\/span><\/a><span data-ccp-props=\"{}\">\u00a0<\/span><\/p><p><span data-ccp-props=\"{}\">\u00a0<\/span><\/p><p><span data-contrast=\"auto\">PORTAL EDUCA<\/span>\u00a0<br \/><a href=\"https:\/\/portaleduca.cl\/utalca-ofrece-atractiva-oferta-de-becas-para-sus-programas-de-doctorado\/\"><span data-contrast=\"none\">UTalca\u00a0ofrece atractiva oferta de becas para sus programas de doctorado. Se refiere Sergio Wehinger, director de Postgrado.<\/span><\/a><span data-contrast=\"auto\">\u00a0<\/span><span data-ccp-props=\"{}\">\u00a0<\/span><\/p><p>\u00a0<\/p><p><span data-contrast=\"auto\">RADIO ALLEN<\/span>\u00a0<br \/><a href=\"https:\/\/radioallen.cl\/educacion-utalca-ofrece-atractiva-oferta-de-becas-para-sus-programas-de-doctorado\/\"><span data-contrast=\"none\">Educaci\u00f3n:\u00a0UTalca\u00a0ofrece atractiva oferta de becas para sus programas de doctorado. Se refiere\u00a0<\/span><span data-contrast=\"none\">Sergio Wehinger, director de Postgrado.<\/span><\/a><span data-contrast=\"auto\">\u00a0<\/span><span data-ccp-props=\"{}\">\u00a0<\/span><\/p><p>\u00a0<\/p><p><span data-contrast=\"auto\">G5 NOTICIAS<\/span>\u00a0<br \/><a href=\"https:\/\/g5noticias.cl\/2026\/01\/05\/utalca-ofrece-atractiva-oferta-de-becas-para-sus-programas-de-doctorado\/\"><span data-contrast=\"none\">UTalca\u00a0ofrece atractiva oferta de becas para sus programas de doctorado. Se refiere Sergio Wehinger, director de Postgrado<\/span><\/a><span data-ccp-props=\"{}\">\u00a0<\/span><\/p><p>\u00a0<\/p><p><span data-contrast=\"auto\">RADIO FM M\u00c1S<\/span>\u00a0<br \/><a href=\"https:\/\/radiofmmas.cl\/utalca-ofrece-atractiva-oferta-de-becas-para-sus-programas-de-doctorado\/\"><span data-contrast=\"none\">UTalca\u00a0ofrece atractiva oferta de becas para sus programas de doctorado. Se refiere Sergio Wehinger, director de Postgrado<\/span><\/a><span data-ccp-props=\"{}\">\u00a0<\/span><\/p><p><span data-ccp-props=\"{}\">\u00a0<\/span><\/p><p><span data-contrast=\"auto\">PAUTA COMUNAL<\/span>\u00a0<br \/><a href=\"https:\/\/pautacomunal.cl\/nacional\/expertos-mostraron-avances-en-la-rehabilitacion-de-personas-mayores\/\"><span data-contrast=\"none\">Expertos mostraron avances en la rehabilitaci\u00f3n de personas mayores. Se refiere Valeska Gatica Rojas, directora del Laboratorio de Control Motor Humano de la Facultad de Ciencias de la Salud<\/span><\/a><span data-ccp-props=\"{}\">\u00a0<\/span><\/p><p>\u00a0<\/p><p><span data-contrast=\"auto\">TOURINNOVACI\u00d3N<\/span>\u00a0<br \/><a href=\"https:\/\/www.tourinnovacion.cl\/tourinnovaciontv\/universidad-de-talca-ciencia-e-innovacion-desde-regiones-para-el-chile-que-avanza\/\"><span data-contrast=\"none\">Universidad de Talca: ciencia e innovaci\u00f3n desde regiones para el Chile que avanza. Se refiere\u00a0<\/span><span data-contrast=\"none\">Rodrigo Palomo, vicerrector Acad\u00e9mico y Ver\u00f3nica Carrasco, acad\u00e9mica Facultad de Ciencias de la Salud.<\/span><\/a><span data-contrast=\"auto\">\u202f<\/span><span data-ccp-props=\"{}\">\u00a0<\/span><\/p><p><span data-ccp-props=\"{}\">\u00a0<\/span><\/p><p><span data-contrast=\"auto\">EL MAULE INFORMA<\/span>\u00a0<br \/><a href=\"https:\/\/elmauleinforma.cl\/utalca-celebro-egreso-del-proyecto-cuidar-su-boca-cuidar-su-vida\/\"><span data-contrast=\"none\">UTalca\u00a0celebr\u00f3 egreso del Proyecto \u201cCuidar su boca, Cuidar su vida\u201d. Se refiere Rodrigo Palomo V\u00e9lez, vicerrector acad\u00e9mico y Soraya Le\u00f3n, directora de la Especialidad en\u00a0Odontogeriatr\u00eda.<\/span><\/a><span data-ccp-props=\"{}\">\u00a0<\/span><\/p><p><span data-contrast=\"auto\">PORTAL RED SALUD<\/span>\u00a0<br \/><a href=\"https:\/\/portalredsalud.cl\/2026\/01\/05\/utalca-celebro-egreso-del-proyecto-cuidar-su-boca-cuidar-su-vida\/\"><span data-contrast=\"none\">UTalca\u00a0celebr\u00f3 egreso del Proyecto \u201cCuidar su boca, Cuidar su vida\u201d. Se refiere Rodrigo Palomo V\u00e9lez, vicerrector acad\u00e9mico y Soraya Le\u00f3n, directora de la Especialidad en\u00a0Odontogeriatr\u00eda.<\/span><\/a><span data-ccp-props=\"{}\">\u00a0<\/span><\/p><p><span data-ccp-props=\"{}\">\u00a0<\/span><\/p><p><span data-contrast=\"auto\">LA TERCERAONLINE<\/span>\u00a0<br \/><a href=\"https:\/\/www.latercera.com\/educacion\/noticia\/no-quedarse-con-las-modas-7-consejos-para-elegir-una-carrera\/\"><span data-contrast=\"none\">\u201cNo quedarse con las modas\u201d: 7 consejos para elegir una carrera. Se refiere\u00a0<\/span><span data-contrast=\"none\">Carlos Contreras, responsable de Admisi\u00f3n<\/span><\/a><span data-ccp-props=\"{}\">\u00a0<\/span><\/p><p>\u00a0<\/p><p><span data-contrast=\"auto\">TIERRA AMARILLANO<\/span>\u00a0<br \/><a href=\"https:\/\/tierramarillano.cl\/2026\/01\/05\/expertos-presentaron-innovaciones-para-la-rehabilitacion-de-personas-mayores\/\"><span data-contrast=\"none\">Expertos presentaron innovaciones para la rehabilitaci\u00f3n de personas mayores. Se refiere Valeska Gatica rojas, directora del\u00a0<\/span><span data-contrast=\"none\">Laboratorio de Control Motor Humano de la Facultad de Ciencias\u202f<\/span><\/a><span data-ccp-props=\"{}\">\u00a0<\/span><\/p><p><span data-ccp-props=\"{}\">\u00a0<\/span><\/p><p><span data-contrast=\"auto\">PORTAL EDUCA\u00a0<\/span>\u00a0<br \/><a href=\"https:\/\/portaleduca.cl\/alta-convocatoria-marco-la-feria-vocacional-y-de-postulacion-de-santo-tomas-iquique\/\"><span data-contrast=\"none\">Alta convocatoria marc\u00f3 la Feria Vocacional y de Postulaci\u00f3n de Santo Tom\u00e1s Iquique. Se menciona la Universidad de Talca.<\/span><\/a><span data-ccp-props=\"{}\">\u00a0<\/span><\/p><p>\u00a0<\/p><p><span data-contrast=\"auto\">LANCO<\/span>\u00a0<br \/><a href=\"https:\/\/lanco.cl\/?p=32807\"><span data-contrast=\"none\">Universidad de Los Lagos se adjudic\u00f3 el Programa de Financiamiento Estructural I+D+i Universitario. Se menciona la Universidad de Talca. Se menciona la Universidad de Talca.<\/span><\/a><span data-ccp-props=\"{}\">\u00a0<\/span><\/p><p><span data-ccp-props=\"{}\">\u00a0<\/span><\/p><p><span data-ccp-props=\"{}\">\u00a0<\/span><\/p>\t\t\t\t\t\t<\/div>\n\t\t\t\t<\/div>\n\t\t\t\t\t<\/div>\n\t\t<\/div>\n\t\t\t\t\t\t\t<\/div>\n\t\t<\/section>\n\t\t\t\t\t\t<\/div>\n\t\t\t\t\t<\/div>\n\t\t","protected":false},"excerpt":{"rendered":"<p>RADIO LAUTARO\u00a0UTalca\u00a0firma convenio con Municipalidad de Curic\u00f3 para colaboraci\u00f3n asistencial docente. Se refiere\u00a0Carlos Torres Fuchslocher, rector.\u00a0 \u00a0 MAULE NEWS\u00a0UTalca\u00a0firma convenio con Municipalidad de Curic\u00f3 para colaboraci\u00f3n asistencial docente. Se refiere Carlos Torres Fuchslocher, rector.\u00a0 \u00a0 PORTAL EDUCA\u00a0UTalca\u00a0firma convenio con Municipalidad de Curic\u00f3 para colaboraci\u00f3n asistencial docente. Se refiere Carlos Torres Fuchslocher, rector\u00a0 \u00a0 RADIO INFINITA\u00a0An\u00e1lisis &hellip;<\/p>\n<p class=\"read-more\"> <a class=\"\" href=\"https:\/\/www.reportedeprensa.utalca.cl\/?p=13134\"> <span class=\"screen-reader-text\">07 de enero 2026<\/span> Read More &raquo;<\/a><\/p>\n","protected":false},"author":1,"featured_media":0,"comment_status":"closed","ping_status":"open","sticky":false,"template":"","format":"standard","meta":{"_monsterinsights_skip_tracking":false,"_monsterinsights_sitenote_active":false,"_monsterinsights_sitenote_note":"","_monsterinsights_sitenote_category":0},"categories":[67],"tags":[],"_links":{"self":[{"href":"https:\/\/www.reportedeprensa.utalca.cl\/index.php?rest_route=\/wp\/v2\/posts\/13134"}],"collection":[{"href":"https:\/\/www.reportedeprensa.utalca.cl\/index.php?rest_route=\/wp\/v2\/posts"}],"about":[{"href":"https:\/\/www.reportedeprensa.utalca.cl\/index.php?rest_route=\/wp\/v2\/types\/post"}],"author":[{"embeddable":true,"href":"https:\/\/www.reportedeprensa.utalca.cl\/index.php?rest_route=\/wp\/v2\/users\/1"}],"replies":[{"embeddable":true,"href":"https:\/\/www.reportedeprensa.utalca.cl\/index.php?rest_route=%2Fwp%2Fv2%2Fcomments&post=13134"}],"version-history":[{"count":5,"href":"https:\/\/www.reportedeprensa.utalca.cl\/index.php?rest_route=\/wp\/v2\/posts\/13134\/revisions"}],"predecessor-version":[{"id":13349,"href":"https:\/\/www.reportedeprensa.utalca.cl\/index.php?rest_route=\/wp\/v2\/posts\/13134\/revisions\/13349"}],"wp:attachment":[{"href":"https:\/\/www.reportedeprensa.utalca.cl\/index.php?rest_route=%2Fwp%2Fv2%2Fmedia&parent=13134"}],"wp:term":[{"taxonomy":"category","embeddable":true,"href":"https:\/\/www.reportedeprensa.utalca.cl\/index.php?rest_route=%2Fwp%2Fv2%2Fcategories&post=13134"},{"taxonomy":"post_tag","embeddable":true,"href":"https:\/\/www.reportedeprensa.utalca.cl\/index.php?rest_route=%2Fwp%2Fv2%2Ftags&post=13134"}],"curies":[{"name":"wp","href":"https:\/\/api.w.org\/{rel}","templated":true}]}}