{"id":13139,"date":"2026-01-12T17:02:33","date_gmt":"2026-01-12T20:02:33","guid":{"rendered":"https:\/\/www.reportedeprensa.utalca.cl\/?p=13139"},"modified":"2026-03-04T13:09:26","modified_gmt":"2026-03-04T16:09:26","slug":"08-de-enero-2026","status":"publish","type":"post","link":"https:\/\/www.reportedeprensa.utalca.cl\/?p=13139","title":{"rendered":"08 de enero 2026"},"content":{"rendered":"\t\t<div data-elementor-type=\"wp-post\" data-elementor-id=\"13139\" class=\"elementor elementor-13139\" data-elementor-settings=\"[]\">\n\t\t\t\t\t\t\t<div class=\"elementor-section-wrap\">\n\t\t\t\t\t\t\t<section class=\"elementor-section elementor-top-section elementor-element elementor-element-bcea1a8 elementor-section-boxed elementor-section-height-default elementor-section-height-default\" data-id=\"bcea1a8\" data-element_type=\"section\">\n\t\t\t\t\t\t<div class=\"elementor-container elementor-column-gap-default\">\n\t\t\t\t\t<div class=\"elementor-column elementor-col-100 elementor-top-column elementor-element elementor-element-e7183bf\" data-id=\"e7183bf\" data-element_type=\"column\">\n\t\t\t<div class=\"elementor-widget-wrap elementor-element-populated\">\n\t\t\t\t\t\t\t\t<div class=\"elementor-element elementor-element-6e24f37 elementor-widget elementor-widget-text-editor\" data-id=\"6e24f37\" data-element_type=\"widget\" data-widget_type=\"text-editor.default\">\n\t\t\t\t<div class=\"elementor-widget-container\">\n\t\t\t\t\t\t\t\t<p><span data-contrast=\"auto\">MAULE HOY<\/span>\u00a0<br \/><a href=\"https:\/\/maulehoy.cl\/2026\/01\/06\/utalca-adjudica-fondo-estructural-de-investigacion-para-desarrollo-de-ciencias\/\"><span data-contrast=\"none\">UTalca\u00a0adjudica fondo estructural de investigaci\u00f3n para desarrollo de ciencias. Se refiere\u00a0<\/span><span data-contrast=\"none\">Carlos Torres Fuchslocher, rector y vicerrector acad\u00e9mico, Rodrigo Palomo V\u00e9lez.<\/span><\/a><span data-ccp-props=\"{}\">\u00a0<\/span><\/p><p>\u00a0<\/p><p><span data-contrast=\"auto\">EL LECTOR<\/span>\u00a0<br \/><a href=\"https:\/\/www.litoralpress.cl\/paginaconsultas\/Servicios_NClipWeb\/Get_Imagen_Nota.aspx?LPKey=QZ5JEKOOUJR4HLR6FPNLRMLAQRCSS7WXIWPO5KAOEH32HKC7JZKTRKLOXREIVBQMQO6JD7R7ASFD2\"><span data-contrast=\"none\">Investigadores buscan proteger a la Ant\u00e1rtica de invasiones vegetales. Se refiere Rodrigo Palomo V\u00e9lez, vicerrector acad\u00e9mico\u00a0e\u00a0<\/span><span data-contrast=\"none\">Ian Acu\u00f1a Rodr\u00edguez investigador del Programa de Investigaci\u00f3n Postdoctoral de la Direcci\u00f3n de\u00a0Investigaci\u00f3n\u202f<\/span><span data-contrast=\"none\">.<\/span><\/a><span data-ccp-props=\"{}\">\u00a0<\/span><\/p><p>\u00a0<\/p><p><span data-contrast=\"auto\">MEDIABANCO<\/span>\u00a0<br \/><a href=\"https:\/\/www.portalagrochile.cl\/2026\/01\/06\/investigadores-buscan-proteger-a-la-antartica-de-invasiones-vegetales\/\"><span data-contrast=\"none\">Investigadores buscan proteger a la Ant\u00e1rtica de invasiones vegetales. Se refiere Rodrigo Palomo V\u00e9lez, vicerrector Acad\u00e9mico\u00a0e\u00a0Ian Acu\u00f1a Rodr\u00edguez investigador del Programa de Investigaci\u00f3n Postdoctoral de la Direcci\u00f3n de Investigaci\u00f3n.<\/span><\/a><span data-ccp-props=\"{}\">\u00a0<\/span><\/p><p>\u00a0<\/p><p><span data-contrast=\"auto\">PORTAL AGRO CHILE<\/span>\u00a0<br \/><a href=\"https:\/\/www.portalagrochile.cl\/2026\/01\/06\/investigadores-buscan-proteger-a-la-antartica-de-invasiones-vegetales\/\"><span data-contrast=\"none\">Investigadores buscan proteger a la Ant\u00e1rtica de invasiones vegetales. Se refiere Rodrigo Palomo V\u00e9lez, vicerrector Acad\u00e9mico e\u00a0Ian Acu\u00f1a Rodr\u00edguez investigador del Programa de Investigaci\u00f3n Postdoctoral de la Direcci\u00f3n de Investigaci\u00f3n<\/span><\/a><span data-ccp-props=\"{}\">\u00a0<\/span><\/p><p>\u00a0<\/p><p><span data-contrast=\"auto\">RADIO ALLEN<\/span>\u00a0<br \/><a href=\"https:\/\/radioallen.cl\/ecosistemas-investigadores-buscan-proteger-a-la-antartica-de-invasiones-vegetales\/\"><span data-contrast=\"none\">Ecosistemas: Investigadores buscan proteger a la Ant\u00e1rtica de invasiones vegetales. Se refiere<\/span><span data-contrast=\"none\">\u202fRodrigo Palomo V\u00e9lez, vicerrector acad\u00e9mico e Ian Acu\u00f1a Rodr\u00edguez investigador del Programa de Investigaci\u00f3n Postdoctoral de la Direcci\u00f3n de Investigaci\u00f3n\u202f<\/span><\/a><span data-ccp-props=\"{}\">\u00a0<\/span><\/p><p>\u00a0<\/p><p><span data-contrast=\"auto\">EL CIUDADANO<\/span>\u00a0<br \/><a href=\"https:\/\/www.elciudadano.com\/chile\/investigadores-buscan-proteger-a-la-antartica-de-invasiones-vegetales\/01\/06\/\"><span data-contrast=\"none\">Investigadores buscan proteger a la Ant\u00e1rtica de invasiones (vegetales). Se refiere\u202fRodrigo Palomo V\u00e9lez, vicerrector acad\u00e9mico e Ian Acu\u00f1a Rodr\u00edguez investigador del Programa de Investigaci\u00f3n Postdoctoral de la Direcci\u00f3n de Investigaci\u00f3n\u202f<\/span><\/a><span data-ccp-props=\"{}\">\u00a0<\/span><\/p><p>\u00a0<\/p><p><span data-contrast=\"auto\">INOTICIAS<\/span>\u00a0<br \/><a href=\"https:\/\/inoticias.cl\/detalle\/investigadores-buscan-proteger-a-la-antartica-de-invasiones\"><span data-contrast=\"none\">Investigadores buscan proteger a la Ant\u00e1rtica de invasiones (vegetales). Se refiere\u202fRodrigo Palomo V\u00e9lez, vicerrector acad\u00e9mico e Ian Acu\u00f1a Rodr\u00edguez\u00a0investigador del Programa de Investigaci\u00f3n Postdoctoral de la Direcci\u00f3n de Investigaci\u00f3n\u202f<\/span><\/a><span data-ccp-props=\"{}\">\u00a0<\/span><\/p><p>\u00a0<\/p><p><span data-contrast=\"auto\">S\u00c9PTIMA P\u00c1GINA NOTICIAS<\/span>\u00a0<br \/><a href=\"https:\/\/www.septimapaginanoticias.cl\/investigadores-buscan-proteger-a-la-antartica-de-invasiones-vegetales\"><span data-contrast=\"none\">Investigadores buscan proteger a la Ant\u00e1rtica de invasiones vegetales. Se refiere\u202fRodrigo Palomo V\u00e9lez, vicerrector acad\u00e9mico e Ian Acu\u00f1a Rodr\u00edguez investigador del Programa de Investigaci\u00f3n Postdoctoral de la Direcci\u00f3n de Investigaci\u00f3n\u202f<\/span><\/a><span data-ccp-props=\"{}\">\u00a0<\/span><\/p><p><span data-ccp-props=\"{}\">\u00a0<\/span><\/p><p><span data-contrast=\"auto\">PORTAL METROPOLITANO<\/span>\u00a0<br \/><a href=\"https:\/\/portalmetropolitano.cl\/academicas-de-la-universidad-de-talca-investigan-efectos-renales-del-helicobacter-pylori-y-rendimiento-respiratorio-en-el-deporte\/\"><span data-contrast=\"none\">Acad\u00e9micas de la Universidad de Talca investigan efectos renales del Helicobacter pylori y rendimiento respiratorio en el deporte. Se refiere\u00a0<\/span><span data-contrast=\"none\">Wendy Donoso Torres, acad\u00e9mica de la Escuela de Tecnolog\u00eda M\u00e9dica y Carmen Zambrano Bravo, acad\u00e9mica de la Escuela de Kinesiolog\u00eda<\/span><\/a><span data-ccp-props=\"{}\">\u00a0<\/span><\/p><p>\u00a0<\/p><p><span data-contrast=\"auto\">EL CONTENIDO<\/span>\u00a0<br \/><a href=\"https:\/\/elcontenido.news\/2026\/nacional\/docentes-de-la-universidad-de-talca-investigan-el-impacto-del-helicobacter-pylori-en-la-salud-renal-y-el-rendimiento-respiratorio-en-el-deporte\/\"><span data-contrast=\"none\">Docentes de la Universidad de Talca investigan el impacto del Helicobacter pylori en la salud renal y el rendimiento respiratorio en el deporte. Se refiere Wendy Donoso Torres, acad\u00e9mica de la Escuela de Tecnolog\u00eda M\u00e9dica y Carmen Zambrano Bravo, acad\u00e9mica de la Escuela de Kinesiolog\u00eda<\/span><\/a><span data-ccp-props=\"{}\">\u00a0<\/span><\/p><p>\u00a0<\/p><p><span data-contrast=\"auto\">PAUTA COMUNAL<\/span>\u00a0<br \/><a href=\"https:\/\/pautacomunal.cl\/nacional\/docentes-de-la-universidad-de-talca-estudian-el-impacto-del-helicobacter-pylori-en-la-salud-renal-y-el-rendimiento-respiratorio-en-el-deporte\/\"><span data-contrast=\"none\">Docentes de la Universidad de Talca estudian el impacto del Helicobacter pylori en la salud renal y el rendimiento respiratorio en el deporte. Se refiere Wendy Donoso Torres, acad\u00e9mica de la Escuela de Tecnolog\u00eda M\u00e9dica y Carmen Zambrano Bravo, acad\u00e9mica de la Escuela de Kinesiolog\u00eda<\/span><\/a><span data-ccp-props=\"{}\">\u00a0<\/span><\/p><p>\u00a0<\/p><p><span data-contrast=\"auto\">S\u00c9PTIMA P\u00c1GINA NOTICIAS<\/span>\u00a0<br \/><a href=\"https:\/\/www.septimapaginanoticias.cl\/investigadores-buscan-proteger-a-la-antartica-de-invasiones-vegetales\"><span data-contrast=\"none\">Acad\u00e9micas indagar\u00e1n efecto renal por\u00a0helicobacter\u00a0pylori. Se refiere Wendy Donoso Torres, acad\u00e9mica de la Escuela de Tecnolog\u00eda M\u00e9dica y Carmen Zambrano Bravo, acad\u00e9mica de la Escuela de Kinesiolog\u00eda<\/span><\/a><span data-ccp-props=\"{}\">\u00a0<\/span><\/p><p><span data-ccp-props=\"{}\">\u00a0<\/span><\/p><p><span data-contrast=\"auto\">RADIO BIOB\u00cdO<\/span>\u00a0<br \/><a href=\"https:\/\/www.litoralpress.cl\/sitio\/RadioTV_Detalles.cshtml?LPKey=FYA7QTIZZPYZKCIEW6OJY7LDFRGCM7D6L6ZZOLZH5UDYXWPDVPABBMLBHG3FVNKEER73ADVVRM2JK\"><span data-contrast=\"none\">La crisis pol\u00edtica en Venezuela revivi\u00f3 las tensiones dentro del oficialismo chileno, evidenciando discrepancias. Se refiere Mario Herrera Mu\u00f1oz, del Centro de An\u00e1lisis Pol\u00edtico (CAP-UTalca)<\/span><\/a><span data-ccp-props=\"{}\">\u00a0<\/span><\/p><p>\u00a0<\/p><p><span data-contrast=\"auto\">RADIO INIFNITA<\/span>\u00a0<br \/><a href=\"https:\/\/www.litoralpress.cl\/sitio\/RadioTV_Detalles.cshtml?LPKey=HXE2VRXCOARPR6KUWE7TGN7PLWYI4ZOAZCY6DLU5BATL6AB6HYVKVQMPJKAXSYCR7MNSJRUVAIXE6\"><span data-contrast=\"none\">An\u00e1lisis pol\u00edtico de la jornada. Se refiere Mauricio Morales Quiroga, director del Centro de An\u00e1lisis Pol\u00edtico (CAP-UTalca)<\/span><\/a><span data-ccp-props=\"{}\">\u00a0<\/span><\/p><p><span data-ccp-props=\"{}\">\u00a0<\/span><\/p><p><span data-contrast=\"auto\">RADIO BUENA NUEVA<\/span>\u00a0<br \/><a href=\"https:\/\/www.litoralpress.cl\/sitio\/RadioTV_Detalles.cshtml?LPKey=SOM6E4FNFRIRYFUOBPJB4YWCDAS3O47W3Y5CY5OKKTDLQ24WRIPFIRFT42JNNP5ECWIG73EEAHHYW\"><span data-contrast=\"none\">Entrevista a Paola Morales, directora de Ciclo de Vida Estudiantil.<\/span><\/a><span data-ccp-props=\"{}\">\u00a0<\/span><\/p><p>\u00a0<\/p><p><span data-contrast=\"auto\">RADIO CONDELL<\/span>\u00a0<br \/><span data-contrast=\"none\">Entrevista a Paola Morales, directora de Ciclo de Vida Estudiantil<\/span><span data-contrast=\"auto\">\u00a0<\/span><span data-ccp-props=\"{}\">\u00a0<\/span><\/p><p><span data-ccp-props=\"{}\">\u00a0<\/span><\/p><p><span data-contrast=\"auto\">EL LECTOR<\/span>\u00a0<br \/><a href=\"https:\/\/www.litoralpress.cl\/paginaconsultas\/Servicios_NClipWeb\/Get_Imagen_Nota.aspx?LPKey=Y3S4NQQJQNJM3XOU3AZCYMJ722TWBIKHPMIZ74BQV6PQG3E2SZQUDTCJLPG4MYCLJCFRVNRFWIS56\"><span data-contrast=\"none\">UTalca\u00a0ofrece atractiva oferta de becas para sus programas de doctorado. Se refiere Sergio Wehinger, director de Postgrado.<\/span><\/a><span data-ccp-props=\"{}\">\u00a0<\/span><\/p><p>\u00a0<\/p><p><span data-contrast=\"auto\">PORTAL RPENSA SALUD<\/span>\u00a0<br \/><a href=\"https:\/\/portalprensasalud.cl\/2026\/01\/05\/utalca-celebro-egreso-del-proyecto-cuidar-su-boca-cuidar-su-vida\/\"><span data-contrast=\"none\">UTalca\u00a0celebr\u00f3 egreso del Proyecto \u201cCuidar su boca, Cuidar su vida\u201d. Se refiere Rodrigo Palomo V\u00e9lez, vicerrector acad\u00e9mico y Soraya Le\u00f3n, directora de la Especialidad en\u00a0Odontogeriatr\u00eda.<\/span><\/a><span data-ccp-props=\"{}\">\u00a0<\/span><\/p><p>\u00a0<\/p><p><span data-contrast=\"auto\">EL CONTENIDO<\/span>\u00a0<br \/><a href=\"https:\/\/elcontenido.news\/2026\/economia\/expertos-presentaron-innovaciones-para-la-rehabilitacion-de-personas-mayores-en-atacama-y-chile\/\"><span data-contrast=\"none\">Expertos presentaron innovaciones para la rehabilitaci\u00f3n de personas mayores en Atacama y Chile. Se refiere Valeska Gatica Rojas, directora\u00a0<\/span><span data-contrast=\"none\">Laboratorio de Control Motor Humano de la Facultad de Ciencias.\u202f<\/span><\/a><span data-ccp-props=\"{}\">\u00a0<\/span><\/p><p>\u00a0<\/p><p><span data-contrast=\"auto\">CAUQUENES.NET<\/span>\u00a0<br \/><a href=\"https:\/\/cauquenesnet.cl\/2026\/01\/06\/desarrollan-variedad-de-trigo-que-resiste-el-estres-hidrico\/\"><span data-contrast=\"none\">Desarrollan variedad de trigo que resiste el estr\u00e9s h\u00eddrico. Se refiere\u00a0<\/span><span data-contrast=\"none\">Alejandro del Pozo Lira, acad\u00e9mico de la Facultad de Ciencias Agrarias y director del Centro de Mejoramiento Gen\u00e9tico y\u00a0Fen\u00f3mica\u00a0Vegetal.\u202f<\/span><\/a><span data-ccp-props=\"{}\">\u00a0<\/span><\/p><p>\u00a0<\/p><p><span data-contrast=\"auto\">MAULE HOY<\/span>\u00a0<br \/><a href=\"https:\/\/maulehoy.cl\/2026\/01\/06\/estudiantes-de-la-utalca-desarrollaron-mas-de-300-proyectos-comunitarios\/\"><span data-contrast=\"none\">Estudiantes de la\u00a0UTalca\u00a0desarrollaron m\u00e1s de 300 proyectos comunitarios. Se refiere\u00a0<\/span><span data-contrast=\"none\">Marlenne Guti\u00e9rrez, directora del Programa de Formaci\u00f3n Fundamental (PFF)\u202f<\/span><\/a><span data-ccp-props=\"{}\">\u00a0<\/span><\/p><p>\u00a0<\/p><p><span data-contrast=\"auto\">MAULE HOY<\/span>\u00a0<br \/><a href=\"https:\/\/maulehoy.cl\/2026\/01\/06\/disenan-estrategia-regional-para-fortalecer-el-turismo-de-montana-en-el-maule\/\"><span data-contrast=\"none\">Dise\u00f1an estrategia regional para fortalecer el turismo de monta\u00f1a en el Maule. Se refiere\u00a0<\/span><span data-contrast=\"none\">Jorge Navarrete Bustamante, acad\u00e9mico de la Facultad de Econom\u00eda y Negocios.<\/span><\/a><span data-ccp-props=\"{}\">\u00a0<\/span><\/p><p>\u00a0<br \/><span data-ccp-props=\"{}\">\u00a0<\/span><\/p><p><span data-contrast=\"auto\">DIARIO EL CENTRO<\/span>\u00a0<br \/><a href=\"https:\/\/www.diarioelcentro.cl\/2026\/01\/06\/una-vejez-digna-parte-7-educacion-continua-y-envejecimiento-activo\/\"><span data-contrast=\"none\">Una vejez digna-Parte 7: Educaci\u00f3n continua y envejecimiento activo. Se refiere\u00a0<\/span><span data-contrast=\"none\">Iv\u00e1n Palomo, director del Centro de Longevidad VITALIS.<\/span><\/a><span data-ccp-props=\"{}\">\u00a0<\/span><\/p><p><span data-ccp-props=\"{}\">\u00a0<\/span><\/p><p><span data-contrast=\"auto\">PUERTO MONTT<\/span>\u00a0<br \/><a href=\"http:\/\/puertomontt.blogspot.com\/2026\/01\/mas-de-70-estudiantes-participaron-en.html\"><span data-contrast=\"none\">M\u00e1s de 70 estudiantes participaron en el 10\u00b0 Encuentro Nacional de Pedagog\u00eda en Matem\u00e1tica en la Sede Puerto Montt UACh. Se menciona la Universidad de Talca.<\/span><\/a><span data-ccp-props=\"{}\">\u00a0<\/span><\/p><p>\u00a0<\/p><p><span data-contrast=\"auto\">EL HERALDO<\/span>\u00a0<br \/><a href=\"https:\/\/www.litoralpress.cl\/paginaconsultas\/Servicios_NClipWeb\/Get_Imagen_Nota.aspx?LPKey=IFPR4GOMWJI4OOUEBYSJOQH524AIAUUPRKIHKUVTHKY5DWONJNUEHS7YWS53FEYFG2R5STQOKL7YW\"><span data-contrast=\"none\">Cient\u00edficos INIA avanzan en el desarrollo de un sistema de preservaci\u00f3n biol\u00f3gico para la calidad de la frutilla. Se menciona la Universidad de Talca.<\/span><\/a><span data-contrast=\"auto\">\u00a0<\/span><span data-ccp-props=\"{}\">\u00a0<\/span><\/p><p>\u00a0<\/p><p><span data-contrast=\"auto\">EL LECTOR<\/span>\u00a0<br \/><a href=\"https:\/\/www.litoralpress.cl\/paginaconsultas\/Servicios_NClipWeb\/Get_Imagen_Nota.aspx?LPKey=N4K6XY5GOPLLEJTOAMNNYCRLM2CQZIKJ37WBAV7KBJGTSQEHKQEIHWYLPZ7JM2BOF6MVK5RUJZBOK\"><span data-contrast=\"none\">Cient\u00edficos INIA avanzan en el desarrollo de un sistema de preservaci\u00f3n biol\u00f3gico para la calidad de la frutilla. Se menciona la Universidad de Talca.<\/span><\/a><span data-ccp-props=\"{}\">\u00a0<\/span><\/p><p>\u00a0<\/p><p><span data-contrast=\"auto\">DIARIO EL HERALDO<\/span>\u00a0<br \/><a href=\"https:\/\/www.diarioelheraldo.cl\/noticia\/cientificos-inia-avanzan-en-el-desarrollo-de-un-sistema-de-preservacion-biologico-para-la-calidad-de-la-frutilla-\"><span data-contrast=\"none\">Cient\u00edficos INIA avanzan en el desarrollo de un sistema de preservaci\u00f3n biol\u00f3gico para la calidad de la frutilla. Se menciona la Universidad de Talca.<\/span><\/a><span data-ccp-props=\"{}\">\u00a0<\/span><\/p><p>\u00a0<\/p><p><span data-contrast=\"auto\">SAN CARLOS ONLINE<\/span>\u00a0<br \/><a href=\"https:\/\/www.sancarlosonline.cl\/2026\/01\/inia-alarga-vida-util-de-frutilla-con.html\"><span data-contrast=\"none\">INIA alarga vida \u00fatil de frutilla con levadura nativa. Se menciona la Universidad de Talca.<\/span><\/a><span data-ccp-props=\"{}\">\u00a0<\/span><\/p><p>\u00a0<\/p><p><span data-contrast=\"auto\">EL LABRADOR<\/span>\u00a0<br \/><a href=\"https:\/\/diarioellabrador.cl\/index.php\/2026\/01\/06\/cientificos-inia-avanzan-en-el-desarrollo-de-un-sistema-de-preservacion-biologico-para-la-calidad-de-la-frutilla\/\"><span data-contrast=\"none\">Cient\u00edficos INIA avanzan en el desarrollo de un sistema de preservaci\u00f3n biol\u00f3gico para la calidad de la frutilla. Se menciona la Universidad de Talca.\u00a0<\/span><\/a><span data-ccp-props=\"{}\">\u00a0<\/span><\/p><p>\u00a0<\/p><p><span data-contrast=\"auto\">EL INFORMADOR<\/span>\u00a0<br \/><a href=\"https:\/\/www.elinformador.cl\/agricultura\/cientificos-inia-avanzan-en-el-desarrollo-de-un-sistema-de-preservacion-biologico-para-la-calidad-de-la-frutilla\/\"><span data-contrast=\"none\">Cient\u00edficos INIA avanzan en el desarrollo de un sistema de preservaci\u00f3n biol\u00f3gico para la calidad de la frutilla. Se menciona la Universidad de Talca.<\/span><\/a><span data-ccp-props=\"{}\">\u00a0<\/span><\/p><p>\u00a0<\/p><p><span data-contrast=\"auto\">LA ECONOM\u00cdA NUESTRA DE CADA D\u00cdA<\/span>\u00a0<br \/><a href=\"http:\/\/laeconomianuestradecadadia.blogspot.com\/2026\/01\/cientificos-inia-avanzan-en-el.html\"><span data-contrast=\"none\">Cient\u00edficos INIA avanzan en el desarrollo de un sistema de preservaci\u00f3n biol\u00f3gico para la calidad de la frutilla. Se menciona la Universidad de Talca.<\/span><\/a><span data-contrast=\"auto\">\u00a0<\/span><span data-ccp-props=\"{}\">\u00a0<\/span><\/p><p>\u00a0<\/p><p><span data-contrast=\"auto\">MUNDO AGROPECUARIO<\/span>\u00a0<br \/><a href=\"https:\/\/www.mundoagropecuario.cl\/new\/inia-avanza-en-sistema-biologico-para-preservar-la-frutilla\/\"><span data-contrast=\"none\">INIA avanza en sistema biol\u00f3gico para preservar la frutilla. Se menciona la Universidad de Talca.<\/span><\/a><span data-ccp-props=\"{}\">\u00a0<\/span><\/p><p>\u00a0<\/p><p><span data-contrast=\"auto\">COOPERATIVA CIENCIA<\/span>\u00a0<br \/><a href=\"https:\/\/www.cooperativaciencia.cl\/tecnologia\/2026\/01\/06\/universidades-lanzan-talleres-presenciales-y-gratuitos-de-inteligencia-artificial-como-postular\/\"><span data-contrast=\"none\">Universidades lanzan talleres presenciales y gratuitos de inteligencia artificial: \u00bfC\u00f3mo postular? Se menciona la Universidad de Talca.<\/span><\/a><span data-ccp-props=\"{}\">\u00a0<\/span><\/p><p>\u00a0<\/p><p><span data-contrast=\"auto\">MARGAMARGA ONLINE<\/span>\u00a0<br \/><a href=\"https:\/\/margamargaonline.cl\/cientificos-inia-avanzan-en-el-desarrollo-de-un-sistema-de-preservacion-biologico-para-la-calidad-de-la-frutilla\/\"><span data-contrast=\"none\">Cient\u00edficos INIA avanzan en el desarrollo de un sistema de preservaci\u00f3n biol\u00f3gico para la calidad de la frutilla. Se menciona la Universidad de Talca.<\/span><\/a><span data-ccp-props=\"{}\">\u00a0<\/span><\/p><p>\u00a0<\/p><p><span data-contrast=\"auto\">DIARIO UACH<\/span>\u00a0<br \/><a href=\"https:\/\/diario.uach.cl\/en-sede-puerto-montt-se-realizo-encuentro-nacional-de-pedagogia-en-matematica\/\"><span data-contrast=\"none\">En Sede Puerto Montt se realiz\u00f3 encuentro nacional de Pedagog\u00eda en Matem\u00e1tica. Se menciona la Universidad de Talca.<\/span><\/a><span data-ccp-props=\"{}\">\u00a0<\/span><\/p><p>\u00a0<\/p><p><span data-contrast=\"auto\">MEDIAPOLIS<\/span>\u00a0<br \/><a href=\"https:\/\/mediapolis.cl\/uach-organiza-10-encuentro-nacional-de-pedagogia-matematica\/\"><span data-contrast=\"none\">UACh organiza 10\u00b0 Encuentro Nacional de Pedagog\u00eda Matem\u00e1tica. Se menciona la Universidad de Talca<\/span><\/a><span data-ccp-props=\"{}\">\u00a0<\/span><\/p><p>\u00a0<\/p><p><span data-contrast=\"auto\">EL MAULE INFORMA<\/span>\u00a0<br \/><a href=\"https:\/\/elmauleinforma.cl\/ministerio-de-energia-realizo-en-el-maule-el-seminario-coccion-limpia-de-alimentos-el-rostro-invisible-de-la-pobreza-energetica\/\"><span data-contrast=\"none\">Ministerio de Energ\u00eda realiz\u00f3 en el Maule el Seminario \u201cCocci\u00f3n Limpia de Alimentos: el rostro invisible de la pobreza energ\u00e9tica\u201d. Se menciona la Universidad de Talca.<\/span><\/a><span data-ccp-props=\"{}\">\u00a0<\/span><\/p>\t\t\t\t\t\t<\/div>\n\t\t\t\t<\/div>\n\t\t\t\t\t<\/div>\n\t\t<\/div>\n\t\t\t\t\t\t\t<\/div>\n\t\t<\/section>\n\t\t\t\t\t\t<\/div>\n\t\t\t\t\t<\/div>\n\t\t","protected":false},"excerpt":{"rendered":"<p>MAULE HOY\u00a0UTalca\u00a0adjudica fondo estructural de investigaci\u00f3n para desarrollo de ciencias. Se refiere\u00a0Carlos Torres Fuchslocher, rector y vicerrector acad\u00e9mico, Rodrigo Palomo V\u00e9lez.\u00a0 \u00a0 EL LECTOR\u00a0Investigadores buscan proteger a la Ant\u00e1rtica de invasiones vegetales. Se refiere Rodrigo Palomo V\u00e9lez, vicerrector acad\u00e9mico\u00a0e\u00a0Ian Acu\u00f1a Rodr\u00edguez investigador del Programa de Investigaci\u00f3n Postdoctoral de la Direcci\u00f3n de\u00a0Investigaci\u00f3n\u202f.\u00a0 \u00a0 MEDIABANCO\u00a0Investigadores buscan proteger &hellip;<\/p>\n<p class=\"read-more\"> <a class=\"\" href=\"https:\/\/www.reportedeprensa.utalca.cl\/?p=13139\"> <span class=\"screen-reader-text\">08 de enero 2026<\/span> Read More &raquo;<\/a><\/p>\n","protected":false},"author":1,"featured_media":0,"comment_status":"closed","ping_status":"open","sticky":false,"template":"","format":"standard","meta":{"_monsterinsights_skip_tracking":false,"_monsterinsights_sitenote_active":false,"_monsterinsights_sitenote_note":"","_monsterinsights_sitenote_category":0},"categories":[67],"tags":[],"_links":{"self":[{"href":"https:\/\/www.reportedeprensa.utalca.cl\/index.php?rest_route=\/wp\/v2\/posts\/13139"}],"collection":[{"href":"https:\/\/www.reportedeprensa.utalca.cl\/index.php?rest_route=\/wp\/v2\/posts"}],"about":[{"href":"https:\/\/www.reportedeprensa.utalca.cl\/index.php?rest_route=\/wp\/v2\/types\/post"}],"author":[{"embeddable":true,"href":"https:\/\/www.reportedeprensa.utalca.cl\/index.php?rest_route=\/wp\/v2\/users\/1"}],"replies":[{"embeddable":true,"href":"https:\/\/www.reportedeprensa.utalca.cl\/index.php?rest_route=%2Fwp%2Fv2%2Fcomments&post=13139"}],"version-history":[{"count":5,"href":"https:\/\/www.reportedeprensa.utalca.cl\/index.php?rest_route=\/wp\/v2\/posts\/13139\/revisions"}],"predecessor-version":[{"id":13348,"href":"https:\/\/www.reportedeprensa.utalca.cl\/index.php?rest_route=\/wp\/v2\/posts\/13139\/revisions\/13348"}],"wp:attachment":[{"href":"https:\/\/www.reportedeprensa.utalca.cl\/index.php?rest_route=%2Fwp%2Fv2%2Fmedia&parent=13139"}],"wp:term":[{"taxonomy":"category","embeddable":true,"href":"https:\/\/www.reportedeprensa.utalca.cl\/index.php?rest_route=%2Fwp%2Fv2%2Fcategories&post=13139"},{"taxonomy":"post_tag","embeddable":true,"href":"https:\/\/www.reportedeprensa.utalca.cl\/index.php?rest_route=%2Fwp%2Fv2%2Ftags&post=13139"}],"curies":[{"name":"wp","href":"https:\/\/api.w.org\/{rel}","templated":true}]}}