{"id":13144,"date":"2026-01-12T17:05:49","date_gmt":"2026-01-12T20:05:49","guid":{"rendered":"https:\/\/www.reportedeprensa.utalca.cl\/?p=13144"},"modified":"2026-03-04T13:09:19","modified_gmt":"2026-03-04T16:09:19","slug":"09-de-enero-2026","status":"publish","type":"post","link":"https:\/\/www.reportedeprensa.utalca.cl\/?p=13144","title":{"rendered":"09 de enero 2026"},"content":{"rendered":"\t\t<div data-elementor-type=\"wp-post\" data-elementor-id=\"13144\" class=\"elementor elementor-13144\" data-elementor-settings=\"[]\">\n\t\t\t\t\t\t\t<div class=\"elementor-section-wrap\">\n\t\t\t\t\t\t\t<section class=\"elementor-section elementor-top-section elementor-element elementor-element-bcea1a8 elementor-section-boxed elementor-section-height-default elementor-section-height-default\" data-id=\"bcea1a8\" data-element_type=\"section\">\n\t\t\t\t\t\t<div class=\"elementor-container elementor-column-gap-default\">\n\t\t\t\t\t<div class=\"elementor-column elementor-col-100 elementor-top-column elementor-element elementor-element-e7183bf\" data-id=\"e7183bf\" data-element_type=\"column\">\n\t\t\t<div class=\"elementor-widget-wrap elementor-element-populated\">\n\t\t\t\t\t\t\t\t<div class=\"elementor-element elementor-element-6e24f37 elementor-widget elementor-widget-text-editor\" data-id=\"6e24f37\" data-element_type=\"widget\" data-widget_type=\"text-editor.default\">\n\t\t\t\t<div class=\"elementor-widget-container\">\n\t\t\t\t\t\t\t\t<p><strong>DIARIO EL CENTRO\u00a0<\/strong><br \/><a href=\"https:\/\/www.diarioelcentro.cl\/2026\/01\/07\/hacia-un-nuevo-orden-mundial-distopico\/\"><span data-contrast=\"none\">Hacia un nuevo orden mundial \u00bfdist\u00f3pico? Se refiere Emilio Moyano D\u00edaz, acad\u00e9mico de la Facultad de Psicolog\u00eda.<\/span><\/a><span data-contrast=\"auto\">\u00a0<\/span><span data-ccp-props=\"{}\">\u00a0<\/span><\/p><p>\u00a0<\/p><p><strong>EL CONTENIDO\u00a0<\/strong><br \/><a href=\"https:\/\/elcontenido.news\/2026\/nacional\/se-vislumbra-un-nuevo-orden-mundial-analisis-de-posibles-escenarios-distopicos\/\"><span data-contrast=\"none\">Se vislumbra un nuevo orden mundial? An\u00e1lisis de posibles escenarios dist\u00f3picos. Se refiere Emilio Moyano d\u00edas, acad\u00e9mico de la Facultad de Psicolog\u00eda.<\/span><\/a><span data-contrast=\"auto\">\u00a0<\/span><span data-ccp-props=\"{}\">\u00a0<\/span><\/p><p>\u00a0<\/p><p><strong>PAUTA COMUNAL\u00a0<\/strong><br \/><a href=\"https:\/\/diariosenred.cl\/nacional\/un-nuevo-orden-mundial-en-perspectiva-distopico\/\"><span data-contrast=\"none\">Se vislumbra un nuevo orden mundial? An\u00e1lisis de posibles escenarios dist\u00f3picos. Se refiere Emilio Moyano d\u00edas, acad\u00e9mico de la Facultad de Psicolog\u00eda.\u00a0<\/span><\/a><span data-ccp-props=\"{}\">\u00a0<\/span><\/p><p><span data-ccp-props=\"{}\">\u00a0<\/span><\/p><p><strong>EL LECTOR\u00a0<\/strong><br \/><a href=\"https:\/\/www.litoralpress.cl\/paginaconsultas\/Servicios_NClipWeb\/Get_Imagen_Nota.aspx?LPKey=QZ5JEKOOUJR4HLR6FPNLRMLAQRCSS7WXIWPO5KAOEH32HKC7JZKTRKLOXREIVBQMQO6JD7R7ASFD2\"><span data-contrast=\"none\">Investigadores buscan proteger a la Ant\u00e1rtica de invasiones vegetales. Se refiere\u202fRodrigo Palomo V\u00e9lez, vicerrector acad\u00e9mico e Ian Acu\u00f1a Rodr\u00edguez investigador del Programa de Investigaci\u00f3n Postdoctoral de la Direcci\u00f3n de Investigaci\u00f3n\u202f<\/span><\/a><span data-ccp-props=\"{}\">\u00a0<\/span><\/p><p>\u00a0<\/p><p><strong>MAULE HOY\u00a0<\/strong><br \/><a href=\"https:\/\/www.litoralpress.cl\/paginaconsultas\/Servicios_NClipWeb\/Get_Imagen_Nota.aspx?LPKey=SH4Y2Y7VTNUY2326BUVW7OHEI2S6WGHR3KXNN647BMVFYTZDIO627POGY5NJSW5FO4ROQLSOQU4U2\"><span data-contrast=\"none\">Investigadores buscan proteger a la Ant\u00e1rtica de invasiones vegetales. Se refiere\u202fRodrigo Palomo V\u00e9lez, vicerrector acad\u00e9mico e Ian Acu\u00f1a Rodr\u00edguez investigador del Programa de Investigaci\u00f3n Postdoctoral de la Direcci\u00f3n de Investigaci\u00f3n\u202f<\/span><\/a><span data-ccp-props=\"{}\">\u00a0<\/span><\/p><p>\u00a0<\/p><p><strong>CANAL 2 LINARES\u00a0<\/strong><br \/><a href=\"https:\/\/www.canal2linares.cl\/2026\/01\/investigadores-buscan-proteger-la.html\"><span data-contrast=\"none\">Investigadores buscan proteger a la Ant\u00e1rtica de invasiones vegetales.<\/span><span data-contrast=\"none\">\u00a0<\/span><span data-contrast=\"none\">Se refiere Rodrigo Palomo V\u00e9lez, vicerrector Acad\u00e9mico e Ian Acu\u00f1a Rodr\u00edguez investigador del Programa de Investigaci\u00f3n Postdoctoral de la Direcci\u00f3n de Investigaci\u00f3n<\/span><\/a><span data-ccp-props=\"{}\">\u00a0<\/span><\/p><p>\u00a0<\/p><p><strong>TIERRA AMARILLANO\u00a0<\/strong><br \/><a href=\"https:\/\/tierramarillano.cl\/2026\/01\/07\/investigadores-buscan-proteger-a-la-antartica-de-invasiones-vegetales\/\"><span data-contrast=\"none\">Investigadores buscan proteger a la Ant\u00e1rtica de invasiones vegetales.<\/span><span data-contrast=\"none\">\u00a0<\/span><span data-contrast=\"none\">Se refiere Rodrigo Palomo V\u00e9lez, vicerrector Acad\u00e9mico e Ian Acu\u00f1a Rodr\u00edguez investigador del Programa de Investigaci\u00f3n Postdoctoral de la Direcci\u00f3n de Investigaci\u00f3n<\/span><\/a><span data-ccp-props=\"{}\">\u00a0<\/span><\/p><p>\u00a0<\/p><p><strong>SEMANARIO LOCAL\u00a0\u00a0<\/strong><br \/><a href=\"https:\/\/www.semanariolocal.cl\/?p=32826\"><span data-contrast=\"none\">Investigadores buscan proteger a la Ant\u00e1rtica de invasiones vegetales. Se refiere\u202fRodrigo Palomo V\u00e9lez, vicerrector acad\u00e9mico e Ian Acu\u00f1a Rodr\u00edguez investigador del Programa de Investigaci\u00f3n Postdoctoral de la Direcci\u00f3n de Investigaci\u00f3n\u202f<\/span><\/a><span data-ccp-props=\"{}\">\u00a0<\/span><\/p><p>\u00a0<\/p><p><strong>RADIO POLAR\u00a0<\/strong><br \/><a href=\"https:\/\/www.radiopolar.com\/investigadores-buscan-proteger-antartica-invasiones-vegetales\"><span data-contrast=\"none\">Investigadores buscan proteger a la Ant\u00e1rtica de invasiones vegetales. Se refiere\u202fRodrigo Palomo V\u00e9lez, vicerrector acad\u00e9mico e Ian Acu\u00f1a Rodr\u00edguez investigador del Programa de Investigaci\u00f3n Postdoctoral de la Direcci\u00f3n de Investigaci\u00f3n\u202f<\/span><\/a><span data-ccp-props=\"{}\">\u00a0<\/span><\/p><p><span data-ccp-props=\"{}\">\u00a0<\/span><\/p><p><strong>RADIO ANCOA\u00a0<\/strong><br \/><a href=\"https:\/\/www.litoralpress.cl\/sitio\/RadioTV_Detalles.cshtml?LPKey=R54QIORFKW2ZL24F3T2ZTV5C24V5GEDQKP4W6NJZM6NOH3AWSFEZFSF6OYPEVSJUGW55MNDJXGXKA\"><span data-contrast=\"none\">Entrevista a Carlos Contreras, responsable del \u00e1rea de Admisi\u00f3n<\/span><\/a><span data-ccp-props=\"{}\">\u00a0<\/span><\/p><p>\u00a0<\/p><p><strong>RADIO FM M\u00c1S\u00a0<\/strong><br \/><a href=\"https:\/\/www.litoralpress.cl\/sitio\/RadioTV_Detalles.cshtml?LPKey=Y6XE3RMJXCMOASY7QFFNAWAYIOTWYLJQQPS4DTDTD7KCAELC524B6FEVIAO3UKXQKDO3CQC76B45W\"><span data-contrast=\"none\">Entrevista a Paola Morales, directora del Ciclo de Vida Estudiantil<\/span><\/a><span data-contrast=\"auto\">\u00a0<\/span><span data-ccp-props=\"{}\">\u00a0<\/span><\/p><p><span data-ccp-props=\"{}\">\u00a0<\/span><\/p><p><strong>RADIO BIOB\u00cdO\u00a0<\/strong><br \/><a href=\"https:\/\/www.litoralpress.cl\/sitio\/RadioTV_Detalles.cshtml?LPKey=CNNICZS4KWEH2KGPWEWCQTSM62X4ELXRXP3ZFXTI7WSKBVI6PRKGOQL4JT37YW6BVYCHYEOTH3ZVU\"><span data-contrast=\"none\">Daniel Jadue cuestion\u00f3 a la ministra Camila Vallejo por su postura en torno a la incursi\u00f3n de Estados Unidos en Venezuela. Se refiere Mario Herrera Mu\u00f1oz, acad\u00e9mico del Centro de An\u00e1lisis Pol\u00edtico.<\/span><\/a><span data-ccp-props=\"{}\">\u00a0<\/span><\/p><p>\u00a0<\/p><p><strong>RADIO INFINITA\u00a0<\/strong><br \/><a href=\"https:\/\/www.litoralpress.cl\/sitio\/RadioTV_Detalles.cshtml?LPKey=HXE2VRXCOARPR6KUWE7TGN7PLWYI4ZOAZCY6DLU5BATL6AB6HYVKVQMPJKAXSYCR7MNSJRUVAIXE6\"><span data-contrast=\"none\">An\u00e1lisis pol\u00edtico. Se refiere Mauricio Morales Quiroga, director del Centro de An\u00e1lisis Pol\u00edtico (CAP-UTalca)<\/span><\/a><span data-ccp-props=\"{}\">\u00a0<\/span><\/p><p>\u00a0<\/p><p><strong>RADIO INFINITA\u00a0<\/strong><br \/><a href=\"https:\/\/www.litoralpress.cl\/sitio\/RadioTV_Detalles.cshtml?LPKey=7WX7D7QW5FQAV3NU4NBGNS3ZUAFMUIWYUZYE65IQGGZECLD7TZA6HN2CIEGGEVNHNNIU5F6QWSYF6\"><span data-contrast=\"none\">An\u00e1lisis pol\u00edtico de la jornada. Se refiere Mauricio Morales Quiroga, director del Centro de An\u00e1lisis Pol\u00edtico (CAP-UTalca)<\/span><\/a><span data-ccp-props=\"{}\">\u00a0<\/span><\/p><p><span data-ccp-props=\"{}\">\u00a0<\/span><\/p><p><strong>TRNOTICIAS\u00a0<\/strong><br \/><a href=\"https:\/\/trnoticias.cl\/2026\/01\/07\/diecinueve-estudiantes-destacan-en-el-maule-por-sus-trayectorias-educativas-tras-resultados-paes\/\"><span data-contrast=\"none\">Diecinueve estudiantes destacan en el Maule por sus trayectorias educativas tras resultados PAES. Se refiere<\/span><span data-contrast=\"none\">\u00a0<\/span><span data-contrast=\"none\">Paula Jorquera Fuente,<\/span><span data-contrast=\"none\">\u00a0<\/span><span data-contrast=\"none\">vicerrectora de Desarrollo Estudiantil<\/span><\/a><span data-ccp-props=\"{}\">\u00a0<\/span><\/p><p>\u00a0<\/p><p><strong>EL MAULE INFORMA\u00a0<\/strong><br \/><a href=\"https:\/\/elmauleinforma.cl\/diecinueve-estudiantes-destacan-en-el-maule-por-sus-trayectorias-educativas-tras-resultados-paes\/\"><span data-contrast=\"none\">Diecinueve estudiantes destacan en el Maule por sus trayectorias educativas tras resultados PAES. Se refiere Paula Jorquera Fuentes, vicerrectora de Desarrollo Estudiantil.<\/span><\/a><span data-ccp-props=\"{}\">\u00a0<\/span><\/p><p>\u00a0<\/p><p><span data-contrast=\"auto\">R<strong>ADIO LAUTARO<\/strong><\/span><strong>\u00a0<\/strong><br \/><a href=\"https:\/\/radiolautarotalca.cl\/diecinueve-estudiantes-destacan-en-el-maule-por-sus-trayectorias-educativas-tras-resultados-paes\/\"><span data-contrast=\"none\">Diecinueve estudiantes destacan en el Maule por sus trayectorias educativas tras resultados PAES. Se refiere Paula Jorquera Fuentes, vicerrectora de Desarrollo Estudiantil.<\/span><\/a><span data-ccp-props=\"{}\">\u00a0<\/span><\/p><p><span data-ccp-props=\"{}\">\u00a0<\/span><\/p><p><strong>SANTO TOM\u00c1S EN L\u00cdNEA\u00a0<\/strong><br \/><a href=\"https:\/\/enlinea.santotomas.cl\/actualidad-institucional\/vinculacion-con-el-medio\/congreso-futuro-2026-invita-al-maule-a-reflexionar-sobre-el-rumbo-de-la-humanidad-desde-la-ciencia\/335037\/\"><span data-contrast=\"none\">Congreso Futuro 2026 invita al Maule a reflexionar sobre el rumbo de la humanidad desde la ciencia. Roberto Jara,\u00a0<\/span><span data-contrast=\"none\">director de Investigaci\u00f3n.<\/span><\/a><span data-contrast=\"auto\">\u202f<\/span><span data-ccp-props=\"{}\">\u00a0<\/span><\/p><p>\u00a0<\/p><p><strong>PAUTA COMUNAL\u00a0<\/strong><br \/><a href=\"https:\/\/pautacomunal.cl\/nacional\/una-vejez-digna-parte-7-aprendizaje-continuo-y-envejecimiento-activo\/\"><span data-contrast=\"none\">Una vejez digna \u2013 Parte 7: Aprendizaje continuo y envejecimiento activo.\u00a0<\/span><span data-contrast=\"none\">Iv\u00e1n Palomo, director del Centro de Longevidad VITALIS<\/span><\/a><span data-ccp-props=\"{}\">\u00a0<\/span><\/p><p>\u00a0<\/p><p><strong>TOURINNOVACI\u00d3N\u00a0<\/strong><br \/><a href=\"https:\/\/www.utalca.cl\/noticias\/disenan-estrategia-regional-para-fortalecer-el-turismo-de-montana-en-el-maule\/\"><span data-contrast=\"none\">Dise\u00f1an estrategia regional para fortalecer el turismo de monta\u00f1a en el Maule. Se refiere\u00a0<\/span><span data-contrast=\"none\">Jorge Navarrete Bustamante, acad\u00e9mico de la Facultad de Econom\u00eda y Negocios.<\/span><\/a>\u00a0<br \/><span data-ccp-props=\"{}\">\u00a0<\/span><\/p><p><strong>DIARIO EN RED\u00a0\u00a0\u00a0<\/strong><br \/><a href=\"https:\/\/redbiobio.com\/regional\/kipus-de-la-universidad-de-talca-convoca-a-productores-de-pellet-a-mesa\"><span data-contrast=\"none\">Kipus\u00a0de la Universidad de Talca convoca a productores de pellet a mesa t\u00e9cnica regional. Se menciona la Universidad de Talca.<\/span><\/a><span data-ccp-props=\"{}\">\u00a0<\/span><\/p><p>\u00a0<\/p><p><strong>RED BIOB\u00cdO\u00a0<\/strong><br \/><a href=\"https:\/\/redbiobio.com\/regional\/kipus-de-la-universidad-de-talca-convoca-a-productores-de-pellet-a-mesa\"><span data-contrast=\"none\">Kipus\u00a0de la Universidad de Talca convoca a productores de pellet a mesa t\u00e9cnica regional. Se menciona la Universidad de Talca.<\/span><\/a><span data-ccp-props=\"{}\">\u00a0<\/span><\/p><p>\u00a0<\/p><p><strong>RED MAULE\u00a0<\/strong><br \/><a href=\"https:\/\/redmaule.com\/regional\/kipus-de-la-universidad-de-talca-convoca-a-productores-de-pellet-a-mesa\"><span data-contrast=\"none\">Kipus\u00a0de la Universidad de Talca convoca a productores de pellet a mesa t\u00e9cnica regional. Se menciona la Universidad de Talca.<\/span><\/a><span data-ccp-props=\"{}\">\u00a0<\/span><\/p><p>\u00a0<\/p><p><strong>RED ARICA\u00a0<\/strong><br \/><a href=\"https:\/\/redarica.com\/regional\/kipus-de-la-universidad-de-talca-convoca-a-productores-de-pellet-a-mesa\"><span data-contrast=\"none\">Kipus\u00a0de la Universidad de Talca convoca a productores de pellet a mesa t\u00e9cnica regional. Se\u00a0mencional\u00a0la Universidad de Talca.<\/span><\/a><span data-ccp-props=\"{}\">\u00a0<\/span><\/p><p>\u00a0<\/p><p><strong>RED OHIGGINS\u00a0<\/strong><br \/><a href=\"https:\/\/redohiggins.com\/regional\/kipus-de-la-universidad-de-talca-convoca-a-productores-de-pellet-a-mesa\"><span data-contrast=\"none\">Kipus\u00a0de la Universidad de Talca convoca a productores de pellet a mesa t\u00e9cnica regional. Se\u00a0mencional\u00a0la Universidad de Talca.<\/span><\/a><span data-ccp-props=\"{}\">\u00a0<\/span><\/p><p>\u00a0<\/p><p><strong>MARGAMARGA\u00a0<\/strong><br \/><a href=\"https:\/\/margamargaonline.cl\/usach-se-adjudica-financiamiento-del-programa-fiu-frontera-para-implementar-su-plan-de-idi-a-10-anos\/\"><span data-contrast=\"none\">Usach se adjudica financiamiento del programa FIU Frontera para implementar su Plan de I+D+i a 10 a\u00f1os. Se menciona la Universidad de Talca.<\/span><\/a><span data-ccp-props=\"{}\">\u00a0<\/span><\/p><p>\u00a0<\/p><p><strong>MEDIA BANCO\u00a0<\/strong><br \/><a href=\"https:\/\/www.mediabanco.com\/encuentro-impulso-debate-nacional-sobre-gestion-del-agua\/\"><span data-contrast=\"none\">Encuentro impuls\u00f3 debate nacional sobre gesti\u00f3n del agua. Se menciona la Universidad de Talca<\/span><\/a><span data-ccp-props=\"{}\">\u00a0<\/span><\/p><p>\u00a0<\/p><p><strong>MAULE HOY\u00a0<\/strong><br \/><a href=\"https:\/\/maulehoy.cl\/2026\/01\/07\/uniendo-la-region-del-maule-a-traves-del-turismo-el-arte-la-cultura-la-educacion-y-el-deporte\/\"><span data-contrast=\"none\">Uniendo la Regi\u00f3n del Maule a trav\u00e9s del Turismo, el Arte, La Cultura, la Educaci\u00f3n y el Deporte. Se menciona la Universidad de Talca.<\/span><\/a><span data-ccp-props=\"{}\">\u00a0<\/span><\/p><p>\u00a0<\/p><p><strong>MAULE HOY\u00a0<\/strong><br \/><a href=\"https:\/\/maulehoy.cl\/2026\/01\/07\/cientificos-inia-avanzan-en-el-desarrollo-de-un-sistema-de-preservacion-biologico-para-la-calidad-de-la-frutilla\/\"><span data-contrast=\"none\">Cient\u00edficos INIA avanzan en el desarrollo de un sistema de preservaci\u00f3n biol\u00f3gico para la calidad de la frutilla. Se menciona la Universidad de Talca.<\/span><\/a><span data-ccp-props=\"{}\">\u00a0<\/span><\/p><p>\u00a0<\/p><p><strong>DIARIO USACH\u00a0<\/strong><br \/><a href=\"https:\/\/www.diariousach.cl\/usach-se-adjudica-financiamiento-del-programa-fiu-frontera-para-implementar\"><span data-contrast=\"none\">Usach\u00a0se adjudica financiamiento del programa FIU Frontera para implementar su Plan de I+D+i a 10 a\u00f1os. Se menciona la Universidad de Talca.<\/span><\/a><span data-contrast=\"auto\">\u00a0<\/span><span data-ccp-props=\"{}\">\u00a0<\/span><\/p><p>\u00a0<\/p><p><strong>BIOLOG\u00cdA CHILE\u00a0<\/strong><br \/><a href=\"https:\/\/www.biologiachile.cl\/2026\/01\/07\/participe-en-el-evento-de-la-unesco-en-el-congreso-futuro-2026-ia-ciencias-del-aprendizaje-y-profesion-docente\/\"><span data-contrast=\"none\">Participe en el evento de la UNESCO en el Congreso Futuro 2026: \u00abIA, ciencias del aprendizaje y profesi\u00f3n docente\u00bb. Se menciona la Universidad de Talca.<\/span><\/a><span data-ccp-props=\"{}\">\u00a0<\/span><\/p><p>\u00a0<\/p><p><strong>MEDIABANCO\u00a0<\/strong><br \/><a href=\"https:\/\/www.mediabanco.com\/usach-se-adjudica-financiamiento-del-programa-fiu-frontera-para-implementar-su-plan-de-idi-a-10-anos\/\"><span data-contrast=\"none\">Usach se adjudica financiamiento del programa FIU Frontera para implementar su Plan de I+D+i a 10 a\u00f1os. Se menciona la Universidad de Talca.<\/span><\/a><span data-ccp-props=\"{}\">\u00a0<\/span><\/p><p>\u00a0<\/p><p><strong>METEORED.CL\u00a0<\/strong><br \/><a href=\"https:\/\/www.meteored.cl\/noticias\/actualidad\/vendimias-2026-en-chile-fechas-confirmadas-mapa-interactivo-y-experiencia-enoturistica.html\"><span data-contrast=\"none\">Vendimias 2026 en Chile: fechas confirmadas, mapa interactivo y experiencia\u00a0enotur\u00edstica. Se menciona la Universidad de Talca.<\/span><\/a><span data-ccp-props=\"{}\">\u00a0<\/span><\/p><p>\u00a0<\/p><p><strong><a href=\"https:\/\/margamargaonline.cl\/usach-se-adjudica-financiamiento-del-programa-fiu-frontera-para-implementar-su-plan-de-idi-a-10-anos\/\">MARGA\u00a0MARGA\u00a0ONLINE<\/a>\u00a0<\/strong><br \/><span data-contrast=\"none\">Usach se adjudica financiamiento del programa FIU Frontera para implementar su Plan de I+D+i a 10\u00a0a\u00f1os..\u00a0Se menciona la Universidad de Talca.<\/span><span data-contrast=\"auto\">\u00a0<\/span>\u00a0<\/p><p><br \/>\u00a0<br \/><strong>MEDIA BANCO\u00a0<\/strong><br \/><a href=\"https:\/\/www.mediabanco.com\/encuentro-impulso-debate-nacional-sobre-gestion-del-agua\/\"><span data-contrast=\"none\">Encuentro impuls\u00f3 debate nacional sobre gesti\u00f3n del agua. Se refiere\u00a0<\/span><span data-contrast=\"none\">Iv\u00e1n Obando Camino, decano de la Facultad de Ciencias Jur\u00eddicas y Sociales.<\/span><\/a><span data-contrast=\"auto\">\u00a0<\/span><span data-ccp-props=\"{}\">\u00a0<\/span><\/p><p><span data-ccp-props=\"{}\">\u00a0<\/span><\/p>\t\t\t\t\t\t<\/div>\n\t\t\t\t<\/div>\n\t\t\t\t\t<\/div>\n\t\t<\/div>\n\t\t\t\t\t\t\t<\/div>\n\t\t<\/section>\n\t\t\t\t\t\t<\/div>\n\t\t\t\t\t<\/div>\n\t\t","protected":false},"excerpt":{"rendered":"<p>DIARIO EL CENTRO\u00a0Hacia un nuevo orden mundial \u00bfdist\u00f3pico? Se refiere Emilio Moyano D\u00edaz, acad\u00e9mico de la Facultad de Psicolog\u00eda.\u00a0\u00a0 \u00a0 EL CONTENIDO\u00a0Se vislumbra un nuevo orden mundial? An\u00e1lisis de posibles escenarios dist\u00f3picos. Se refiere Emilio Moyano d\u00edas, acad\u00e9mico de la Facultad de Psicolog\u00eda.\u00a0\u00a0 \u00a0 PAUTA COMUNAL\u00a0Se vislumbra un nuevo orden mundial? An\u00e1lisis de posibles escenarios &hellip;<\/p>\n<p class=\"read-more\"> <a class=\"\" href=\"https:\/\/www.reportedeprensa.utalca.cl\/?p=13144\"> <span class=\"screen-reader-text\">09 de enero 2026<\/span> Read More &raquo;<\/a><\/p>\n","protected":false},"author":1,"featured_media":0,"comment_status":"closed","ping_status":"open","sticky":false,"template":"","format":"standard","meta":{"_monsterinsights_skip_tracking":false,"_monsterinsights_sitenote_active":false,"_monsterinsights_sitenote_note":"","_monsterinsights_sitenote_category":0},"categories":[67],"tags":[],"_links":{"self":[{"href":"https:\/\/www.reportedeprensa.utalca.cl\/index.php?rest_route=\/wp\/v2\/posts\/13144"}],"collection":[{"href":"https:\/\/www.reportedeprensa.utalca.cl\/index.php?rest_route=\/wp\/v2\/posts"}],"about":[{"href":"https:\/\/www.reportedeprensa.utalca.cl\/index.php?rest_route=\/wp\/v2\/types\/post"}],"author":[{"embeddable":true,"href":"https:\/\/www.reportedeprensa.utalca.cl\/index.php?rest_route=\/wp\/v2\/users\/1"}],"replies":[{"embeddable":true,"href":"https:\/\/www.reportedeprensa.utalca.cl\/index.php?rest_route=%2Fwp%2Fv2%2Fcomments&post=13144"}],"version-history":[{"count":8,"href":"https:\/\/www.reportedeprensa.utalca.cl\/index.php?rest_route=\/wp\/v2\/posts\/13144\/revisions"}],"predecessor-version":[{"id":13347,"href":"https:\/\/www.reportedeprensa.utalca.cl\/index.php?rest_route=\/wp\/v2\/posts\/13144\/revisions\/13347"}],"wp:attachment":[{"href":"https:\/\/www.reportedeprensa.utalca.cl\/index.php?rest_route=%2Fwp%2Fv2%2Fmedia&parent=13144"}],"wp:term":[{"taxonomy":"category","embeddable":true,"href":"https:\/\/www.reportedeprensa.utalca.cl\/index.php?rest_route=%2Fwp%2Fv2%2Fcategories&post=13144"},{"taxonomy":"post_tag","embeddable":true,"href":"https:\/\/www.reportedeprensa.utalca.cl\/index.php?rest_route=%2Fwp%2Fv2%2Ftags&post=13144"}],"curies":[{"name":"wp","href":"https:\/\/api.w.org\/{rel}","templated":true}]}}