{"id":13155,"date":"2026-01-12T17:15:43","date_gmt":"2026-01-12T20:15:43","guid":{"rendered":"https:\/\/www.reportedeprensa.utalca.cl\/?p=13155"},"modified":"2026-03-04T13:09:10","modified_gmt":"2026-03-04T16:09:10","slug":"12-de-enero-2026","status":"publish","type":"post","link":"https:\/\/www.reportedeprensa.utalca.cl\/?p=13155","title":{"rendered":"12 de enero 2026"},"content":{"rendered":"\t\t<div data-elementor-type=\"wp-post\" data-elementor-id=\"13155\" class=\"elementor elementor-13155\" data-elementor-settings=\"[]\">\n\t\t\t\t\t\t\t<div class=\"elementor-section-wrap\">\n\t\t\t\t\t\t\t<section class=\"elementor-section elementor-top-section elementor-element elementor-element-bcea1a8 elementor-section-boxed elementor-section-height-default elementor-section-height-default\" data-id=\"bcea1a8\" data-element_type=\"section\">\n\t\t\t\t\t\t<div class=\"elementor-container elementor-column-gap-default\">\n\t\t\t\t\t<div class=\"elementor-column elementor-col-100 elementor-top-column elementor-element elementor-element-e7183bf\" data-id=\"e7183bf\" data-element_type=\"column\">\n\t\t\t<div class=\"elementor-widget-wrap elementor-element-populated\">\n\t\t\t\t\t\t\t\t<div class=\"elementor-element elementor-element-6e24f37 elementor-widget elementor-widget-text-editor\" data-id=\"6e24f37\" data-element_type=\"widget\" data-widget_type=\"text-editor.default\">\n\t\t\t\t<div class=\"elementor-widget-container\">\n\t\t\t\t\t\t\t\t<p><strong>REPORTEAGR\u00cdCOLA\u00a0<\/strong><br \/><a href=\"https:\/\/www.reporteagricola.cl\/noticia\/noticias\/2026\/01\/zona-central-enfrentara-primera-ola-calor-2026\"><span data-contrast=\"none\">Zona central enfrentar\u00e1 probable primera ola de calor de 2026. Se refiere Patricio Gonz\u00e1lez Colville,\u00a0agroclimat\u00f3logo\u00a0y acad\u00e9mico del Centro de Investigaci\u00f3n y Transferencia en Riego y\u00a0Agroclimatolog\u00eda\u00a0(CITRA).<\/span><\/a><span data-ccp-props=\"{}\">\u00a0<\/span><\/p><p>\u00a0<\/p><p><strong>CUAL ES TU HUELLA\u00a0<\/strong><br \/><a href=\"https:\/\/www.cualestuhuella.cl\/noticia\/noticias\/2026\/01\/zona-central-enfrentara-primera-ola-calor-2026\"><span data-contrast=\"none\">Zona central enfrentar\u00e1 probable primera ola de calor de 2026. Se refiere Patricio Gonz\u00e1lez Colville,\u00a0agroclimat\u00f3logo\u00a0y acad\u00e9mico del Centro de Investigaci\u00f3n y Transferencia en Riego y\u00a0Agroclimatolog\u00eda\u00a0(CITRA).<\/span><\/a><span data-ccp-props=\"{}\">\u00a0<\/span><\/p><p>\u00a0<\/p><p><strong>EL LECTOR\u00a0<\/strong><br \/><a href=\"https:\/\/www.litoralpress.cl\/paginaconsultas\/Servicios_NClipWeb\/Get_Imagen_Nota.aspx?LPKey=VMRUQKS3PWUSNAFJQJJ2ZD7X24ZEDVLTZ4PQDLDN6LBLLKLIBCLAJSYLOUV6GKHSMYDDSFPGBKJCI\"><span data-contrast=\"none\">Calor extremo impactar\u00e1 la zona central de Chile este fin de semana. Se refiere Patricio Gonz\u00e1lez Colville,\u00a0agroclimat\u00f3logo\u00a0y acad\u00e9mico del Centro de Investigaci\u00f3n y Transferencia en Riego y\u00a0Agroclimatolog\u00eda\u00a0(CITRA).<\/span><\/a><span data-ccp-props=\"{}\">\u00a0<\/span><\/p><p>\u00a0<\/p><p><strong>PAUTA COMUNAL\u00a0<\/strong><br \/><a href=\"https:\/\/pautacomunal.cl\/nacional\/calor-extremo-impactara-la-zona-central-de-chile-este-fin-de-semana\/\"><span data-contrast=\"none\">Calor extremo impactar\u00e1 la zona central de Chile este fin de semana. Se refiere Patricio Gonz\u00e1lez Colville,\u00a0agroclimat\u00f3logo\u00a0y acad\u00e9mico del Centro de Investigaci\u00f3n y Transferencia en Riego y\u00a0Agroclimatolog\u00eda\u00a0(CITRA).<\/span><\/a><span data-ccp-props=\"{}\">\u00a0<\/span><\/p><p>\u00a0<\/p><p><strong>DIARIO TALCA\u00a0<\/strong><br \/><a href=\"https:\/\/diariotalca.cl\/alertan-primer-ahora-de-calor-del-2026-entre-este-viernes-y-el-lunes-12-en-el-maule\/\"><span data-contrast=\"none\">Alertan primer ahora de calor del 2026 entre este viernes y el lunes 12 en el Maule. Se refiere Patricio Gonz\u00e1lez Colville,\u00a0agroclimat\u00f3logo\u00a0y acad\u00e9mico del Centro de Investigaci\u00f3n y Transferencia en Riego y\u00a0Agroclimatolog\u00eda\u00a0(CITRA).<\/span><\/a><span data-ccp-props=\"{}\">\u00a0<\/span><\/p><p>\u00a0<\/p><p><strong>CAUQUENES.NET\u00a0<\/strong><br \/><a href=\"https:\/\/cauquenesnet.cl\/2026\/01\/09\/calor-extremo-afectara-la-zona-central-de-chile-durante-el-fin-de-semana\/\"><span data-contrast=\"none\">Calor extremo afectar\u00e1 la zona central de Chile durante el fin de semana. Se refiere Patricio Gonz\u00e1lez Colville,\u00a0agroclimat\u00f3logo\u00a0y acad\u00e9mico del Centro de Investigaci\u00f3n y Transferencia en Riego y\u00a0Agroclimatolog\u00eda\u00a0(CITRA).<\/span><\/a><\/p><p><span data-ccp-props=\"{}\">\u00a0<\/span><\/p><p><strong>DIARIO FRUT\u00cdCOLA\u00a0<\/strong><br \/><a href=\"https:\/\/www.diariofruticola.cl\/noticia\/noticias-agricolas\/2026\/01\/se-vienen-altas-temperaturas-hasta-el-12-enero-monitorear-evapotranspiracion-y-estres-hidrico\"><span data-contrast=\"none\">Se vienen altas temperaturas hasta el 12 enero: monitorear evapotranspiraci\u00f3n y estr\u00e9s h\u00eddrico. Se refiere Patricio Gonz\u00e1lez Colville,\u00a0agroclimat\u00f3logo\u00a0y acad\u00e9mico del Centro de Investigaci\u00f3n y Transferencia en Riego y\u00a0Agroclimatolog\u00eda\u00a0(CITRA).<\/span><\/a><span data-ccp-props=\"{}\">\u00a0<\/span><\/p><p>\u00a0<\/p><p><strong>MAULENEWS\u00a0<\/strong><br \/><a href=\"https:\/\/www.maulenews.com\/2026\/01\/calor-extremo-afectara-la-zona-central.html\"><span data-contrast=\"none\">Calor extremo afectar\u00e1 la zona central de Chile durante el fin de semana. Se refiere Patricio Gonz\u00e1lez Colville,\u00a0agroclimat\u00f3logo\u00a0y acad\u00e9mico del Centro de Investigaci\u00f3n y Transferencia en Riego y\u00a0Agroclimatolog\u00eda\u00a0(CITRA).<\/span><\/a><span data-ccp-props=\"{}\">\u00a0<\/span><\/p><p>\u00a0<\/p><p><strong>RADIO LAUTARO\u00a0<\/strong><br \/><a href=\"https:\/\/radiolautarotalca.cl\/calor-extremo-afectara-la-zona-central-de-chile-durante-el-fin-de-semana\/\"><span data-contrast=\"none\">Calor extremo afectar\u00e1 la zona central de Chile durante el fin de semana. Se refiere Patricio Gonz\u00e1lez Colville,\u00a0agroclimat\u00f3logo\u00a0y acad\u00e9mico del Centro de Investigaci\u00f3n y Transferencia en Riego y\u00a0Agroclimatolog\u00eda\u00a0(CITRA).<\/span><\/a><span data-ccp-props=\"{}\">\u00a0<\/span><\/p><p>\u00a0<\/p><p><strong>MUNDO AGRO<\/strong>\u00a0<br \/><a href=\"https:\/\/mundoagro.io\/cl\/altas-temperaturas-obligaran-a-intensificar-el-riego-agricola-ante-nueva-ola-de-calor\/\"><span data-contrast=\"none\">Altas temperaturas obligar\u00e1n a intensificar el riego agr\u00edcola ante nueva ola de calor. Se refiere Patricio Gonz\u00e1lez Colville,\u00a0agroclimat\u00f3logo\u00a0y acad\u00e9mico del Centro de Investigaci\u00f3n y Transferencia en Riego y\u00a0Agroclimatolog\u00eda\u00a0(CITRA).<\/span><\/a><span data-ccp-props=\"{}\">\u00a0<\/span><\/p><p>\u00a0<\/p><p><strong>REPORTEAGR\u00cdCOLA\u00a0<\/strong><br \/><a href=\"https:\/\/www.reporteagricola.cl\/noticia\/noticias\/2026\/01\/zona-central-enfrentara-primera-ola-calor-2026\"><span data-contrast=\"none\">Zona central enfrentar\u00e1 probable primera ola de calor de 2026. Se refiere Patricio Gonz\u00e1lez Colville,\u00a0agroclimat\u00f3logo\u00a0y acad\u00e9mico del Centro de Investigaci\u00f3n y Transferencia en Riego y\u00a0Agroclimatolog\u00eda\u00a0(CITRA).<\/span><\/a><span data-ccp-props=\"{}\">\u00a0<\/span><\/p><p>\u00a0<\/p><p><strong>CUAL ES TU HUELLA\u00a0<\/strong><br \/><a href=\"https:\/\/www.cualestuhuella.cl\/noticia\/noticias\/2026\/01\/zona-central-enfrentara-primera-ola-calor-2026\"><span data-contrast=\"none\">Zona central enfrentar\u00e1 probable primera ola de calor de 2026. Se refiere Patricio Gonz\u00e1lez Colville,\u00a0agroclimat\u00f3logo\u00a0y acad\u00e9mico del Centro de Investigaci\u00f3n y Transferencia en Riego y\u00a0Agroclimatolog\u00eda\u00a0(CITRA).<\/span><\/a><span data-ccp-props=\"{}\">\u00a0<\/span><\/p><p>\u00a0<\/p><p><strong>DIARIO EL CENTRO\u00a0<\/strong><br \/><a href=\"https:\/\/www.diarioelcentro.cl\/2026\/01\/09\/ola-de-calor-en-la-zona-central-seria-el-primer-evento-extremo-de-2026-talca-superaria-los-37-c\/\"><span data-contrast=\"none\">Ola de calor en la zona central ser\u00eda el primer evento extremo de 2026: Talca superar\u00eda los 37 \u00b0C. Se refiere Patricio Gonz\u00e1lez Colville,\u00a0agroclimat\u00f3logo\u00a0y acad\u00e9mico del Centro de Investigaci\u00f3n y Transferencia en Riego y\u00a0Agroclimatolog\u00eda\u00a0(CITRA).<\/span><\/a><span data-ccp-props=\"{}\">\u00a0<\/span><\/p><p>\u00a0<\/p><p><strong>ASOEX\u00a0<\/strong><br \/><a href=\"https:\/\/frutasdechile.cl\/news\/posible-primera-ola-de-calor-2026-elevaria-maximas-hasta-38-c-y-se-llama-a-la-prevencion-ante-el-riesgo-de-incendios\/\"><span data-contrast=\"none\">Posible primera ola de calor 2026 elevar\u00eda m\u00e1ximas hasta 38\u00b0C. Se llama a la prevenci\u00f3n ante el riesgo de incendios. Se refiere Patricio Gonz\u00e1lez Colville,\u00a0agroclimat\u00f3logo\u00a0y acad\u00e9mico del Centro de Investigaci\u00f3n y Transferencia en Riego y\u00a0Agroclimatolog\u00eda\u00a0(CITRA).<\/span><\/a><span data-ccp-props=\"{}\">\u00a0<\/span><\/p><p>\u00a0<\/p><p><strong>PAUTA COMUNAL\u00a0\u00a0<\/strong><br \/><a href=\"https:\/\/pautacomunal.cl\/nacional\/ola-de-calor-en-la-zona-central-marcaria-el-primer-evento-extremo-de-2026-talca-podria-superar-los-37-c\/\"><span data-contrast=\"none\">Ola de calor en la zona central marcar\u00eda el primer evento extremo de 2026: Talca podr\u00eda superar los 37 \u00b0C. Se refiere Patricio Gonz\u00e1lez Colville,\u00a0agroclimat\u00f3logo\u00a0y acad\u00e9mico del Centro de Investigaci\u00f3n y Transferencia en Riego y\u00a0Agroclimatolog\u00eda\u00a0(CITRA).<\/span><\/a><span data-ccp-props=\"{}\">\u00a0<\/span><\/p><p>\u00a0<\/p><p><strong>CANAL 2 LINARES\u00a0<\/strong><br \/><a href=\"https:\/\/www.canal2linares.cl\/2026\/01\/calor-extremo-afectara-la-zona-central.html\"><span data-contrast=\"none\">Calor extremo afectar\u00e1 la zona central de Chile durante el fin de semana. Se refiere Patricio Gonz\u00e1lez Colville,\u00a0agroclimat\u00f3logo\u00a0y acad\u00e9mico del Centro de Investigaci\u00f3n y Transferencia en Riego y\u00a0Agroclimatolog\u00eda\u00a0(CITRA).<\/span><\/a><span data-ccp-props=\"{}\">\u00a0<\/span><\/p><p>\u00a0<\/p><p><strong>HOY NOTICIAS\u00a0<\/strong><br \/><a href=\"https:\/\/hoynoticias.cl\/actualidad\/patricio-gonzalez-chile-salud-agricultura-98\/65845\/2026\/01\/08\/\"><span data-contrast=\"none\">Ola de calor extremo se avecina en la zona central de Chile con m\u00e1ximas de hasta 38 \u00b0C este fin de semana. Se refiere Patricio Gonz\u00e1lez Colville,\u00a0agroclimat\u00f3logo\u00a0y acad\u00e9mico del Centro de Investigaci\u00f3n y Transferencia en Riego y\u00a0Agroclimatolog\u00eda\u00a0(CITRA).<\/span><\/a><span data-ccp-props=\"{}\">\u00a0<\/span><\/p><p>\u00a0<\/p><p><strong>EL HERALDO\u00a0<\/strong><br \/><a href=\"https:\/\/www.litoralpress.cl\/paginaconsultas\/Servicios_NClipWeb\/Get_Imagen_Nota.aspx?LPKey=24MEWJRBGT26UJD27K5XYFIYKMGMVPXMMMDJFY2AR5FT4JQUGURLTQUCKJXV74DGS63M3X5JNTNSO\"><span data-contrast=\"none\">Calor extremo afectar\u00e1 la zona central de Chile durante el fin de semana. Se refiere Patricio Gonz\u00e1lez Colville,\u00a0agroclimat\u00f3logo\u00a0y acad\u00e9mico del Centro de Investigaci\u00f3n y Transferencia en Riego y\u00a0Agroclimatolog\u00eda\u00a0(CITRA).<\/span><\/a><span data-ccp-props=\"{}\">\u00a0<\/span><\/p><p>\u00a0<\/p><p><strong>DIARIO EL HERALDO\u00a0<\/strong><br \/><a href=\"https:\/\/www.diarioelheraldo.cl\/noticia\/calor-extremo-afectara-la-zona-central-de-chile-durante-el-fin-de-semana\"><span data-contrast=\"none\">Calor extremo afectar\u00e1 la zona central de Chile durante el fin de semana. Se refiere Patricio Gonz\u00e1lez Colville,\u00a0agroclimat\u00f3logo\u00a0y acad\u00e9mico del Centro de Investigaci\u00f3n y Transferencia en Riego y\u00a0Agroclimatolog\u00eda\u00a0(CITRA).<\/span><\/a><span data-ccp-props=\"{}\">\u00a0<\/span><\/p><p><span data-ccp-props=\"{}\">\u00a0<\/span><\/p><p><strong>MAULE HOY\u00a0<\/strong><br \/><a href=\"https:\/\/www.litoralpress.cl\/paginaconsultas\/Servicios_NClipWeb\/Get_Imagen_Nota.aspx?LPKey=2E3UVUNCVK553QCV5HQP56LWUEM2UKTJ7M7LLDHOVMEHMEMDQRJNEZB4R6VNSOFW74KNPTRDHMOUA\"><span data-contrast=\"none\">UTalca\u00a0adjudica proyectos\u00a0Fondecyt\u00a0de Iniciaci\u00f3n y logra hito en arte y m\u00fasica. Se refiere Jos\u00e9 Miguel Ramos Fuentes, music\u00f3logo y acad\u00e9mico de la Facultad de Arquitectura, M\u00fasica y Dise\u00f1o y Macarena Kartsevski Dune, acad\u00e9mica de la Facultad de Ciencias de la Educaci\u00f3n.<\/span><\/a><span data-ccp-props=\"{}\">\u00a0<\/span><\/p><p>\u00a0<\/p><p><strong>MAULE HOY\u00a0<\/strong><br \/><a href=\"https:\/\/maulehoy.cl\/2026\/01\/09\/utalca-adjudica-proyectos-fondecyt-de-iniciacion-y-logra-hito-en-arte-y-musica\/\"><span data-contrast=\"none\">UTalca\u00a0adjudica proyectos\u00a0Fondecyt\u00a0de Iniciaci\u00f3n y logra hito en arte y m\u00fasica. Se refiere Jos\u00e9 Miguel Ramos Fuentes, music\u00f3logo y acad\u00e9mico de la Facultad de Arquitectura, M\u00fasica y Dise\u00f1o y Macarena Kartsevski Dune, acad\u00e9mica de la Facultad de Ciencias de la Educaci\u00f3n.<\/span><\/a><span data-ccp-props=\"{}\">\u00a0<\/span><\/p><p>\u00a0<\/p><p><strong>PORTAL EDUCA\u00a0<\/strong><br \/><a href=\"https:\/\/portaleduca.cl\/utalca-adjudica-proyectos-fondecyt-de-iniciacion-y-logra-hito-en-arte-y-musica\/\"><span data-contrast=\"none\">UTalca\u00a0adjudica proyectos\u00a0Fondecyt\u00a0de Iniciaci\u00f3n y logra hito en arte y m\u00fasica. Se refiere Jos\u00e9 Miguel Ramos Fuentes, music\u00f3logo y acad\u00e9mico de la Facultad de Arquitectura, M\u00fasica y Dise\u00f1o y Macarena Kartsevski Dune, acad\u00e9mica de la Facultad de Ciencias de la Educaci\u00f3n.<\/span><\/a><span data-ccp-props=\"{}\">\u00a0<\/span><\/p><p>\u00a0<\/p><p><strong>EL HERALDO\u00a0<\/strong><br \/><a href=\"https:\/\/www.litoralpress.cl\/paginaconsultas\/Servicios_NClipWeb\/Get_Imagen_Nota.aspx?LPKey=TM3VX7SJL7AWIF76SLXLAMLSYZXPVGJ2T3JQ7CNZMGNAFTBPK2KOWDY4QAJIBRDIJQRGQC5P6BF6I\"><span data-contrast=\"none\">UTalca\u00a0adjudica proyectos\u00a0Fondecyt\u00a0de Iniciaci\u00f3n y logra hito en arte y m\u00fasica. Se refiere Jos\u00e9 Miguel Ramos Fuentes, music\u00f3logo y acad\u00e9mico de la Facultad de Arquitectura, M\u00fasica y Dise\u00f1o y Macarena Kartsevski Dune, acad\u00e9mica de la Facultad de Ciencias de la Educaci\u00f3n.<\/span><\/a><span data-ccp-props=\"{}\">\u00a0<\/span><\/p><p>\u00a0<\/p><p><strong>DIARIO EL HERALDO\u00a0<\/strong><br \/><a href=\"https:\/\/www.diarioelheraldo.cl\/noticia\/utalca-adjudica-proyectos-fondecyt-de-iniciacion-y-logra-hito-en-arte-y-musica\"><span data-contrast=\"none\">UTalca\u00a0adjudica proyectos\u00a0Fondecyt\u00a0de Iniciaci\u00f3n y logra hito en arte y m\u00fasica. Se refiere Jos\u00e9 Miguel Ramos Fuentes, music\u00f3logo y acad\u00e9mico de la Facultad de Arquitectura, M\u00fasica y Dise\u00f1o y Macarena Kartsevski Dune, acad\u00e9mica de la Facultad de Ciencias de la Educaci\u00f3n.<\/span><\/a><span data-ccp-props=\"{}\">\u00a0<\/span><\/p><p><span data-ccp-props=\"{}\">\u00a0<\/span><\/p><p><strong>EL LECTOR\u00a0<\/strong><br \/><a href=\"https:\/\/www.litoralpress.cl\/paginaconsultas\/Servicios_NClipWeb\/Get_Imagen_Nota.aspx?LPKey=LCTF342DCMTWV2OSNMAQE3DD5I5U46XCW6FD4XYEIA2VMHFHSUGHL76Z2QFMO5YQE3NZMQWOPRVSE\"><span data-contrast=\"none\">Congreso Futuro 2026 invita al Maule a reflexionar sobre el rumbo de la humanidad desde la ciencia. Se refiere Roberto Jara, director de Investigaci\u00f3n.<\/span><\/a><span data-ccp-props=\"{}\">\u00a0<\/span><\/p><p>\u00a0<\/p><p><strong>EL LECTOR\u00a0<\/strong><br \/><a href=\"https:\/\/www.litoralpress.cl\/paginaconsultas\/Servicios_NClipWeb\/Get_Imagen_Nota.aspx?LPKey=VMRUQKS3PWUSNAFJQJJ2ZD7X24ZEDVLTZ4PQDLDN6LBLLKLIBCLAJSYLOUV6GKHSMYDDSFPGBKJCI\"><span data-contrast=\"none\">Calor extremo impactar\u00e1 la zona central de Chile este fin de semana. Se refiere Patricio Gonz\u00e1lez Colville,\u00a0agroclimat\u00f3logo\u00a0y acad\u00e9mico del Centro de Investigaci\u00f3n y Transferencia en Riego y\u00a0Agroclimatolog\u00eda\u00a0(CITRA).<\/span><\/a><span data-ccp-props=\"{}\">\u00a0<\/span><\/p><p>\u00a0<\/p><p><strong>PAUTA COMUNAL\u00a0<\/strong><br \/><a href=\"https:\/\/pautacomunal.cl\/nacional\/calor-extremo-impactara-la-zona-central-de-chile-este-fin-de-semana\/\"><span data-contrast=\"none\">Calor extremo impactar\u00e1 la zona central de Chile este fin de semana. Se refiere Patricio Gonz\u00e1lez Colville,\u00a0agroclimat\u00f3logo\u00a0y acad\u00e9mico del Centro de Investigaci\u00f3n y Transferencia en Riego y\u00a0Agroclimatolog\u00eda\u00a0(CITRA).<\/span><\/a><span data-ccp-props=\"{}\">\u00a0<\/span><\/p><p>\u00a0<\/p><p><strong>DIARIO TALCA\u00a0<\/strong><br \/><a href=\"https:\/\/diariotalca.cl\/alertan-primer-ahora-de-calor-del-2026-entre-este-viernes-y-el-lunes-12-en-el-maule\/\"><span data-contrast=\"none\">Alertan primer ahora de calor del 2026 entre este viernes y el lunes 12 en el Maule. Se refiere Patricio Gonz\u00e1lez Colville,\u00a0agroclimat\u00f3logo\u00a0y acad\u00e9mico del Centro de Investigaci\u00f3n y Transferencia en Riego y\u00a0Agroclimatolog\u00eda\u00a0(CITRA).<\/span><\/a><span data-ccp-props=\"{}\">\u00a0<\/span><\/p><p>\u00a0<\/p><p><strong>CAUQUENES.NET\u00a0<\/strong><br \/><a href=\"https:\/\/cauquenesnet.cl\/2026\/01\/09\/calor-extremo-afectara-la-zona-central-de-chile-durante-el-fin-de-semana\/\"><span data-contrast=\"none\">Calor extremo afectar\u00e1 la zona central de Chile durante el fin de semana. Se refiere Patricio Gonz\u00e1lez Colville,\u00a0agroclimat\u00f3logo\u00a0y acad\u00e9mico del Centro de Investigaci\u00f3n y Transferencia en Riego y\u00a0Agroclimatolog\u00eda\u00a0(CITRA).<\/span><\/a><span data-ccp-props=\"{}\">\u00a0<\/span><\/p><p>\u00a0<\/p><p><strong>DIARIO FRUT\u00cdCOLA\u00a0<\/strong><br \/><a href=\"https:\/\/www.diariofruticola.cl\/noticia\/noticias-agricolas\/2026\/01\/se-vienen-altas-temperaturas-hasta-el-12-enero-monitorear-evapotranspiracion-y-estres-hidrico\"><span data-contrast=\"none\">Se vienen altas temperaturas hasta el 12 enero: monitorear evapotranspiraci\u00f3n y estr\u00e9s h\u00eddrico. Se refiere Patricio Gonz\u00e1lez Colville,\u00a0agroclimat\u00f3logo\u00a0y acad\u00e9mico del Centro de Investigaci\u00f3n y Transferencia en Riego y\u00a0Agroclimatolog\u00eda\u00a0(CITRA).<\/span><\/a><span data-ccp-props=\"{}\">\u00a0<\/span><\/p><p>\u00a0<\/p><p><strong>MAULENEWS\u00a0<\/strong><br \/><a href=\"https:\/\/www.maulenews.com\/2026\/01\/calor-extremo-afectara-la-zona-central.html\"><span data-contrast=\"none\">Calor extremo afectar\u00e1 la zona central de Chile durante el fin de semana. Se refiere Patricio Gonz\u00e1lez Colville,\u00a0agroclimat\u00f3logo\u00a0y acad\u00e9mico del Centro de Investigaci\u00f3n y Transferencia en Riego y\u00a0Agroclimatolog\u00eda\u00a0(CITRA).<\/span><\/a><span data-ccp-props=\"{}\">\u00a0<\/span><\/p><p>\u00a0<\/p><p><strong>RADIO LAUTARO\u00a0<\/strong><br \/><a href=\"https:\/\/radiolautarotalca.cl\/calor-extremo-afectara-la-zona-central-de-chile-durante-el-fin-de-semana\/\"><span data-contrast=\"none\">Calor extremo afectar\u00e1 la zona central de Chile durante el fin de semana. Se refiere Patricio Gonz\u00e1lez Colville,\u00a0agroclimat\u00f3logo\u00a0y acad\u00e9mico del Centro de Investigaci\u00f3n y Transferencia en Riego y\u00a0Agroclimatolog\u00eda\u00a0(CITRA).<\/span><\/a><span data-ccp-props=\"{}\">\u00a0<\/span><\/p><p>\u00a0<\/p><p><strong>MUNDO AGRO\u00a0<\/strong><br \/><a href=\"https:\/\/mundoagro.io\/cl\/altas-temperaturas-obligaran-a-intensificar-el-riego-agricola-ante-nueva-ola-de-calor\/\"><span data-contrast=\"none\">Altas temperaturas obligar\u00e1n a intensificar el riego agr\u00edcola ante nueva ola de calor. Se refiere Patricio Gonz\u00e1lez Colville,\u00a0agroclimat\u00f3logo\u00a0y acad\u00e9mico del Centro de Investigaci\u00f3n y Transferencia en Riego y\u00a0Agroclimatolog\u00eda\u00a0(CITRA).<\/span><\/a><span data-ccp-props=\"{}\">\u00a0<\/span><\/p><p>\u00a0<\/p><p><strong>DIARIO EL CENTRO\u00a0<\/strong><br \/><a href=\"https:\/\/www.diarioelcentro.cl\/2026\/01\/09\/ola-de-calor-en-la-zona-central-seria-el-primer-evento-extremo-de-2026-talca-superaria-los-37-c\/\"><span data-contrast=\"none\">Ola de calor en la zona central ser\u00eda el primer evento extremo de 2026: Talca superar\u00eda los 37 \u00b0C. Se refiere Patricio Gonz\u00e1lez Colville,\u00a0agroclimat\u00f3logo\u00a0y acad\u00e9mico del Centro de Investigaci\u00f3n y Transferencia en Riego y\u00a0Agroclimatolog\u00eda\u00a0(CITRA).<\/span><\/a><span data-ccp-props=\"{}\">\u00a0<\/span><\/p><p>\u00a0<\/p><p><strong>ASOEX\u00a0<\/strong><br \/><a href=\"https:\/\/frutasdechile.cl\/news\/posible-primera-ola-de-calor-2026-elevaria-maximas-hasta-38-c-y-se-llama-a-la-prevencion-ante-el-riesgo-de-incendios\/\"><span data-contrast=\"none\">Posible primera ola de calor 2026 elevar\u00eda m\u00e1ximas hasta 38\u00b0C. Se llama a la prevenci\u00f3n ante el riesgo de incendios. Se refiere Patricio Gonz\u00e1lez Colville,\u00a0agroclimat\u00f3logo\u00a0y acad\u00e9mico del Centro de Investigaci\u00f3n y Transferencia en Riego y\u00a0Agroclimatolog\u00eda\u00a0(CITRA).<\/span><\/a><span data-ccp-props=\"{}\">\u00a0<\/span><\/p><p>\u00a0<\/p><p><strong>PAUTA COMUNAL\u00a0\u00a0<\/strong><br \/><a href=\"https:\/\/pautacomunal.cl\/nacional\/ola-de-calor-en-la-zona-central-marcaria-el-primer-evento-extremo-de-2026-talca-podria-superar-los-37-c\/\"><span data-contrast=\"none\">Ola de calor en la zona central marcar\u00eda el primer evento extremo de 2026: Talca podr\u00eda superar los 37 \u00b0C. Se refiere Patricio Gonz\u00e1lez Colville,\u00a0agroclimat\u00f3logo\u00a0y acad\u00e9mico del Centro de Investigaci\u00f3n y Transferencia en Riego y\u00a0Agroclimatolog\u00eda\u00a0(CITRA).<\/span><\/a><span data-ccp-props=\"{}\">\u00a0<\/span><\/p><p>\u00a0<\/p><p><strong>CANAL 2 LINARES\u00a0<\/strong><br \/><a href=\"https:\/\/www.canal2linares.cl\/2026\/01\/calor-extremo-afectara-la-zona-central.html\"><span data-contrast=\"none\">Calor extremo afectar\u00e1 la zona central de Chile durante el fin de semana. Se refiere Patricio Gonz\u00e1lez Colville,\u00a0agroclimat\u00f3logo\u00a0y acad\u00e9mico del Centro de Investigaci\u00f3n y Transferencia en Riego y\u00a0Agroclimatolog\u00eda\u00a0(CITRA).<\/span><\/a><span data-ccp-props=\"{}\">\u00a0<\/span><\/p><p>\u00a0<\/p><p><strong>HOY NOTICIAS\u00a0<\/strong><br \/><a href=\"https:\/\/hoynoticias.cl\/actualidad\/patricio-gonzalez-chile-salud-agricultura-98\/65845\/2026\/01\/08\/\"><span data-contrast=\"none\">Ola de calor extremo se avecina en la zona central de Chile con m\u00e1ximas de hasta 38 \u00b0C este fin de semana. Se refiere Patricio Gonz\u00e1lez Colville,\u00a0agroclimat\u00f3logo\u00a0y acad\u00e9mico del Centro de Investigaci\u00f3n y Transferencia en Riego y\u00a0Agroclimatolog\u00eda\u00a0(CITRA).<\/span><\/a><span data-ccp-props=\"{}\">\u00a0<\/span><\/p><p>\u00a0<\/p><p><strong>EL HERALDO\u00a0<\/strong><br \/><a href=\"https:\/\/www.litoralpress.cl\/paginaconsultas\/Servicios_NClipWeb\/Get_Imagen_Nota.aspx?LPKey=24MEWJRBGT26UJD27K5XYFIYKMGMVPXMMMDJFY2AR5FT4JQUGURLTQUCKJXV74DGS63M3X5JNTNSO\"><span data-contrast=\"none\">Calor extremo afectar\u00e1 la zona central de Chile durante el fin de semana. Se refiere Patricio Gonz\u00e1lez Colville,\u00a0agroclimat\u00f3logo\u00a0y acad\u00e9mico del Centro de Investigaci\u00f3n y Transferencia en Riego y\u00a0Agroclimatolog\u00eda\u00a0(CITRA).<\/span><\/a><span data-ccp-props=\"{}\">\u00a0<\/span><\/p><p>\u00a0<\/p><p><strong>DIARIO EL HERALDO\u00a0<\/strong><br \/><a href=\"https:\/\/www.diarioelheraldo.cl\/noticia\/calor-extremo-afectara-la-zona-central-de-chile-durante-el-fin-de-semana\"><span data-contrast=\"none\">Calor extremo afectar\u00e1 la zona central de Chile durante el fin de semana. Se refiere Patricio Gonz\u00e1lez Colville,\u00a0agroclimat\u00f3logo\u00a0y acad\u00e9mico del Centro de Investigaci\u00f3n y Transferencia en Riego y\u00a0Agroclimatolog\u00eda\u00a0(CITRA).<\/span><\/a><span data-ccp-props=\"{}\">\u00a0<\/span><\/p><p><span data-ccp-props=\"{}\">\u00a0<\/span><\/p><p><strong>MAULE HOY\u00a0<\/strong><br \/><a href=\"https:\/\/www.litoralpress.cl\/paginaconsultas\/Servicios_NClipWeb\/Get_Imagen_Nota.aspx?LPKey=2E3UVUNCVK553QCV5HQP56LWUEM2UKTJ7M7LLDHOVMEHMEMDQRJNEZB4R6VNSOFW74KNPTRDHMOUA\"><span data-contrast=\"none\">UTalca\u00a0adjudica proyectos\u00a0Fondecyt\u00a0de Iniciaci\u00f3n y logra hito en arte y m\u00fasica. Se refiere Jos\u00e9 Miguel Ramos Fuentes, music\u00f3logo y acad\u00e9mico de la Facultad de Arquitectura, M\u00fasica y Dise\u00f1o y Macarena Kartsevski Dune, acad\u00e9mica de la Facultad de Ciencias de la Educaci\u00f3n.<\/span><\/a><span data-ccp-props=\"{}\">\u00a0<\/span><\/p><p>\u00a0<\/p><p><strong>MAULE HOY\u00a0<\/strong><br \/><a href=\"https:\/\/maulehoy.cl\/2026\/01\/09\/utalca-adjudica-proyectos-fondecyt-de-iniciacion-y-logra-hito-en-arte-y-musica\/\"><span data-contrast=\"none\">UTalca\u00a0adjudica proyectos\u00a0Fondecyt\u00a0de Iniciaci\u00f3n y logra hito en arte y m\u00fasica. Se refiere Jos\u00e9 Miguel Ramos Fuentes, music\u00f3logo y acad\u00e9mico de la Facultad de Arquitectura, M\u00fasica y Dise\u00f1o y Macarena Kartsevski Dune, acad\u00e9mica de la Facultad de Ciencias de la Educaci\u00f3n.<\/span><\/a><span data-ccp-props=\"{}\">\u00a0<\/span><\/p><p>\u00a0<\/p><p><strong>PORTAL EDUCA\u00a0<\/strong><br \/><a href=\"https:\/\/portaleduca.cl\/utalca-adjudica-proyectos-fondecyt-de-iniciacion-y-logra-hito-en-arte-y-musica\/\"><span data-contrast=\"none\">UTalca\u00a0adjudica proyectos\u00a0Fondecyt\u00a0de Iniciaci\u00f3n y logra hito en arte y m\u00fasica. Se refiere Jos\u00e9 Miguel Ramos Fuentes, music\u00f3logo y acad\u00e9mico de la Facultad de Arquitectura, M\u00fasica y Dise\u00f1o y Macarena Kartsevski Dune, acad\u00e9mica de la Facultad de Ciencias de la Educaci\u00f3n.<\/span><\/a><span data-ccp-props=\"{}\">\u00a0<\/span><\/p><p>\u00a0<\/p><p><strong>EL HERALDO\u00a0<\/strong><br \/><a href=\"https:\/\/www.litoralpress.cl\/paginaconsultas\/Servicios_NClipWeb\/Get_Imagen_Nota.aspx?LPKey=TM3VX7SJL7AWIF76SLXLAMLSYZXPVGJ2T3JQ7CNZMGNAFTBPK2KOWDY4QAJIBRDIJQRGQC5P6BF6I\"><span data-contrast=\"none\">UTalca\u00a0adjudica proyectos\u00a0Fondecyt\u00a0de Iniciaci\u00f3n y logra hito en arte y m\u00fasica. Se refiere Jos\u00e9 Miguel Ramos Fuentes, music\u00f3logo y acad\u00e9mico de la Facultad de Arquitectura, M\u00fasica y Dise\u00f1o y Macarena Kartsevski Dune, acad\u00e9mica de la Facultad de Ciencias de la Educaci\u00f3n.<\/span><\/a><span data-ccp-props=\"{}\">\u00a0<\/span><\/p><p>\u00a0<\/p><p><strong>DIARIO EL HERALDO\u00a0<\/strong><br \/><a href=\"https:\/\/www.diarioelheraldo.cl\/noticia\/utalca-adjudica-proyectos-fondecyt-de-iniciacion-y-logra-hito-en-arte-y-musica\"><span data-contrast=\"none\">UTalca\u00a0adjudica proyectos\u00a0Fondecyt\u00a0de Iniciaci\u00f3n y logra hito en arte y m\u00fasica. Se refiere Jos\u00e9 Miguel Ramos Fuentes, music\u00f3logo y acad\u00e9mico de la Facultad de Arquitectura, M\u00fasica y Dise\u00f1o y Macarena Kartsevski Dune, acad\u00e9mica de la Facultad de Ciencias de la Educaci\u00f3n.<\/span><\/a><span data-ccp-props=\"{}\">\u00a0<\/span><\/p><p><span data-ccp-props=\"{}\">\u00a0<\/span><\/p><p><strong>EL LECTOR\u00a0<\/strong><br \/><a href=\"https:\/\/www.litoralpress.cl\/paginaconsultas\/Servicios_NClipWeb\/Get_Imagen_Nota.aspx?LPKey=LCTF342DCMTWV2OSNMAQE3DD5I5U46XCW6FD4XYEIA2VMHFHSUGHL76Z2QFMO5YQE3NZMQWOPRVSE\"><span data-contrast=\"none\">Congreso Futuro 2026 invita al Maule a reflexionar sobre el rumbo de la humanidad desde la ciencia. Se refiere Roberto Jara, director de Investigaci\u00f3n.<\/span><\/a><span data-ccp-props=\"{}\">\u00a0<\/span><\/p><p><span data-contrast=\"auto\">EL MOSTRADOR<\/span>\u00a0<br \/><a href=\"https:\/\/www.elmostrador.cl\/agenda-pais\/2026\/01\/10\/congreso-futuro-2026-invita-al-maule-a-reflexionar-sobre-el-rumbo-de-la-humanidad-desde-la-ciencia\/\"><span data-contrast=\"none\">Congreso Futuro 2026 invita al Maule a reflexionar sobre el rumbo de la humanidad desde la ciencia. Se refiere Roberto Jara, director de Investigaci\u00f3n.<\/span><\/a><span data-ccp-props=\"{}\">\u00a0<\/span><\/p><p><span data-ccp-props=\"{}\">\u00a0<\/span><\/p><p><strong>EL HERALDO\u00a0<\/strong><br \/><a href=\"https:\/\/www.litoralpress.cl\/paginaconsultas\/Servicios_NClipWeb\/Get_Imagen_Nota.aspx?LPKey=CGOXT72CEUMAD2ZLW3GQSMW4IJVVCIDB2PNUGK6Y66Q5II76F7ZBYRQV46NJXLDWTFQYTBVZ47JTS\"><span data-contrast=\"none\">Encuentro impuls\u00f3 debate nacional sobre gesti\u00f3n del agua. Se refiere Iv\u00e1n Obando Camino, decano de la Facultad de Ciencias Jur\u00eddicas y Sociales.<\/span><\/a><span data-contrast=\"auto\">\u00a0<\/span><span data-ccp-props=\"{}\">\u00a0<\/span><\/p><p><strong>DIARIO EL HERALDO\u00a0<\/strong><br \/><a href=\"https:\/\/www.diarioelheraldo.cl\/noticia\/encuentro-impulso-debate-nacional-sobre-gestion-del-agua\"><span data-contrast=\"none\">Encuentro impuls\u00f3 debate nacional sobre gesti\u00f3n del agua. Se refiere Iv\u00e1n Obando Camino, decano de la Facultad de Ciencias Jur\u00eddicas y Sociales.<\/span><\/a><span data-contrast=\"auto\">\u00a0<\/span><span data-ccp-props=\"{}\">\u00a0<\/span><\/p><p><span data-ccp-props=\"{}\">\u00a0<\/span><\/p><p><strong>MAULE HOY\u00a0<\/strong><br \/><a href=\"https:\/\/www.litoralpress.cl\/paginaconsultas\/Servicios_NClipWeb\/Get_Imagen_Nota.aspx?LPKey=KQ6MBTX6ZTD4TLP7IJUY4EZHCVBPAAXAHN5YUTZRUQCCZK4DUCUCSAPBO5X64GT3HWUVZ2IU7QS5K\"><span data-contrast=\"none\">Expertos presentaron innovaciones para la rehabilitaci\u00f3n de personas mayores.<\/span><span data-contrast=\"none\">\u00a0<\/span><span data-contrast=\"none\">Se refiere Valeska Gatica Rojas, directora del Laboratorio de Control Motor Humano de la Facultad de Ciencias de la Salud<\/span><\/a><span data-ccp-props=\"{}\">\u00a0<\/span><\/p><p>\u00a0<\/p><p><strong>MAULE HOY\u00a0\u00a0<\/strong><br \/><a href=\"https:\/\/maulehoy.cl\/2026\/01\/09\/expertos-presentaron-innovaciones-para-la-rehabilitacion-de-personas-mayores\/\"><span data-contrast=\"none\">Expertos presentaron innovaciones para la rehabilitaci\u00f3n de personas mayores. Se refiere\u00a0<\/span><span data-contrast=\"none\">Valeska Gatica Rojas, directora del Laboratorio de Control Motor Humano\u202f<\/span><\/a><span data-ccp-props=\"{}\">\u00a0<\/span><\/p><p><span data-ccp-props=\"{}\">\u00a0<\/span><\/p><p><strong>\u00a0DIARIO LA\u00a0PRENSA\u00a0<\/strong><br \/><a href=\"https:\/\/new.diariolaprensa.cl\/index.php\/2026\/01\/09\/academicos-aseguran-que-aumento-de-valor-del-cobre-y-estabilidad-politica-del-pais-inciden-en-baja-del-precio-del-dolar\/\"><span data-contrast=\"none\">Acad\u00e9micos aseguran que aumento de valor del cobre y estabilidad pol\u00edtica del pa\u00eds inciden en baja del precio del d\u00f3lar. Se refiere Rodrigo Saens, acad\u00e9mico de la\u00a0Facultad de Econom\u00eda y Negocios<\/span><\/a><span data-ccp-props=\"{}\">\u00a0<\/span><\/p><p><span data-ccp-props=\"{}\">\u00a0<\/span><\/p><p><strong>DIARIO EL HERALDO\u00a0<\/strong><br \/><a href=\"https:\/\/portaleduca.cl\/universidad-adolfo-ibanez-y-uc-berkeley-sellan-alianza-con-cumbre-internacional-sobre-inclusion-financiera\/\"><span data-contrast=\"none\">Universidad Adolfo Ib\u00e1\u00f1ez y UC Berkeley sellan alianza con cumbre internacional sobre inclusi\u00f3n financiera. Se menciona la Universidad de Talca.<\/span><\/a><span data-contrast=\"auto\">\u00a0<\/span><span data-ccp-props=\"{}\">\u00a0<\/span><\/p><p>\u00a0<\/p><p><strong>RADIO POLAR\u00a0<\/strong><br \/><a href=\"https:\/\/www.radiopolar.com\/delegacion-presidencial-provincial-esperanza-reconoce-estudiantes-liceos-publicos-puerto-natales-destacados-puntajes-paes\"><span data-contrast=\"none\">Delegaci\u00f3n presidencial provincial de \u00faltima esperanza reconoce a estudiantes de liceos p\u00fablicos de puerto natales por destacados puntajes en la PAES. Se menciona la Universidad de Talca.<\/span><\/a><span data-contrast=\"auto\">\u00a0<\/span><span data-ccp-props=\"{}\">\u00a0<\/span><\/p><p>\u00a0<\/p><p><strong>PORTALEDUCA\u00a0\u00a0<\/strong><br \/><a href=\"https:\/\/www.diarioelheraldo.cl\/noticia\/fundacion-educacional-del-obispado-de-linares-se-reunio-con-estudiantes-becados\"><span data-contrast=\"none\">Fundaci\u00f3n Educacional del Obispado de Linares se reuni\u00f3 con estudiantes becados. Se menciona la Universidad de Talca.<\/span><\/a><span data-ccp-props=\"{}\">\u00a0<\/span><\/p><p>\u00a0<\/p><p><strong>DIARIO CONSTITUCIONAL\u00a0<\/strong><br \/><a href=\"https:\/\/www.diarioconstitucional.cl\/entrevistas\/felipe-pavez-torrealba-la-restauracion-ecologica-es-un-problema-de-gobernanza-no-solo-de-ciencia\/\"><span data-contrast=\"none\">Felipe P\u00e1vez Torrealba: \u201cLa restauraci\u00f3n ecol\u00f3gica es un problema de gobernanza, no solo de ciencia\u201d. Se menciona la Universidad de Talca.<\/span><\/a><span data-contrast=\"auto\">\u00a0<\/span><span data-ccp-props=\"{}\">\u00a0<\/span><\/p><p>\u00a0<\/p><p><strong>SEMANARIO LOCAL\u00a0<\/strong><br \/><a href=\"https:\/\/www.semanariolocal.cl\/?p=32917\"><span data-contrast=\"none\">Cient\u00edficos INIA avanzan en sistema de preservaci\u00f3n biol\u00f3gico para calidad de la frutilla. Se menciona la Universidad de Talca.<\/span><\/a><span data-contrast=\"auto\">\u00a0<\/span><span data-ccp-props=\"{}\">\u00a0<\/span><\/p><p>\u00a0<\/p><p><strong>MAULE HOY\u00a0<\/strong><br \/><a href=\"https:\/\/www.litoralpress.cl\/paginaconsultas\/Servicios_NClipWeb\/Get_Imagen_Nota.aspx?LPKey=WSTUBF3V6GUSJIIBVVZLLJDRGJTVL2XIGVZ2DXET55P7AYJ3RREO2HGKBWQTFYADY32FY4WPHDGSU\"><span data-contrast=\"none\">Adultos mayores de San Javier, que participaron en un curso de capacitaci\u00f3n en la Universidad de Talca. Se menciona\u00a0la Universidad de Talca.<\/span><\/a><span data-ccp-props=\"{}\">\u00a0<\/span><\/p><p>\u00a0<\/p><p><strong>RADIO ADN\u00a0\u00a0<\/strong><br \/><a href=\"https:\/\/www.litoralpress.cl\/sitio\/RadioTV_Detalles.cshtml?LPKey=2RBDY2CACDKS63VCI4FJ3E6UXHW2AB6MRMOJUGUZKV4EKVHK7GNDOQPC5JG4U2UX5CIYSGLDOBBQA\"><span data-contrast=\"none\">Termin\u00f3 el plazo para postular a las universidades. Se menciona la Universidad de Talca.<\/span><\/a><span data-ccp-props=\"{}\">\u00a0<\/span><\/p><p>\u00a0<\/p><p><strong>RADIO AGRICULTURA\u00a0<\/strong><br \/><a href=\"https:\/\/www.litoralpress.cl\/sitio\/RadioTV_Detalles.cshtml?LPKey=NILQSGKRC2Z3PVTRSW6FJBU5WODCRJ33SCSAEQXF47GAI5CURQJOWQ74RNJI52NYYXE6GNG7SWFOU\"><span data-contrast=\"none\">Entrevista a Jos\u00e9 Antonio Kast Adriasola, Diputado II. Se menciona la Universidad de Talca.<\/span><\/a><span data-ccp-props=\"{}\">\u00a0<\/span><\/p><p>\u00a0<\/p><p><strong>S\u00c9PTIMA P\u00c1GINA NOTICIAS\u00a0<\/strong><br \/><a href=\"https:\/\/www.septimapaginanoticias.cl\/fundacion-educacional-del-obispado-de-linares-se-reunio-con-estudiantes-becados\"><span data-contrast=\"none\">Fundaci\u00f3n Educacional del Obispado de Linares se reuni\u00f3 con estudiantes becados. Se menciona la Universidad de Talca.<\/span><\/a><span data-contrast=\"auto\">\u00a0<\/span><span data-ccp-props=\"{}\">\u00a0<\/span><\/p><p>\u00a0<\/p><p><strong>CANAL 2 LINARES\u00a0<\/strong><br \/><a href=\"https:\/\/www.canal2linares.cl\/2026\/01\/fundacion-educacional-del-obispado-de.html\"><span data-contrast=\"none\">Fundaci\u00f3n Educacional del Obispado de Linares se reuni\u00f3 con estudiantes becados. Se menciona la Universidad de Talca.<\/span><\/a><span data-contrast=\"auto\">\u00a0<\/span><span data-ccp-props=\"{}\">\u00a0<\/span><\/p><p>\u00a0<\/p><p><strong>EL HERALDO\u00a0<\/strong><br \/><a href=\"https:\/\/www.litoralpress.cl\/paginaconsultas\/Servicios_NClipWeb\/Get_Imagen_Nota.aspx?LPKey=BWQQU3HQ2QFD5VDO3L4JL35HTXBF2UWJXGGHPPVF2QOHAH5O3QB7ORM3XWAKQ5ULVAXLVS5GFEFFO\"><span data-contrast=\"none\">Portada. Se menciona la Universidad de Talca<\/span><\/a><span data-ccp-props=\"{}\">\u00a0<\/span><\/p><p>\u00a0<\/p><p><strong>EL PING\u00dcINO\u00a0<\/strong><br \/><a href=\"https:\/\/www.litoralpress.cl\/paginaconsultas\/Servicios_NClipWeb\/Get_Imagen_Nota.aspx?LPKey=DOCI7KBSURMQOMLU5YCK6LQTY35DXE3TI6YOYMHQFMV4HWAC7ZC7VPFIEUGON2ZYH7ZGINHKS752G\"><span data-contrast=\"none\">SLEP destac\u00f3 a sus mejores en la PAES: 24 estudiantes resaltaron por sus puntajes. Se menciona la Universidad de Talca.<\/span><\/a><span data-contrast=\"auto\">\u00a0<\/span><span data-ccp-props=\"{}\">\u00a0<\/span><\/p><p><strong>MAULE HOY\u00a0<\/strong><br \/><a href=\"https:\/\/www.litoralpress.cl\/paginaconsultas\/Servicios_NClipWeb\/Get_Imagen_Nota.aspx?LPKey=24MEWJRBGT26UJD27K5XYFIYKMGMVPXMMMDJFY2AR5FT4JQUGURLTQUCKJXV74DGS63M3X5JNTNSO\"><span data-contrast=\"none\">Calor extremo afectar\u00e1 la zona central de Chile durante el fin de semana. Se menciona la Universidad de Talca.<\/span><\/a><span data-ccp-props=\"{}\">\u00a0<\/span><\/p><p><strong>RADIO ADN\u00a0<\/strong><br \/><a href=\"https:\/\/www.litoralpress.cl\/sitio\/RadioTV_Detalles.cshtml?LPKey=LYUXVSOPYNND3KDP5KM457ZKC45JT73PWQCNWX7GTJYNJDK4VGAN6IYUMIJMK7ZQXMA57YXEYUW5Q\"><span data-contrast=\"none\">El tiempo. Se menciona la Universidad de Talca.<\/span><\/a><span data-contrast=\"auto\">\u00a0<\/span><span data-ccp-props=\"{}\">\u00a0<\/span><\/p><p><strong>MEDIA BANCO\u00a0\u00a0<\/strong><br \/><a href=\"https:\/\/www.mediabanco.com\/utalca-y-unab-lideran-centro-de-excelenciaque-buscara-transformar-el-sistema-agroalimentario\/\"><span data-contrast=\"none\">UTalca\u00a0y UNAB lideran centro de excelencia que buscar\u00e1 transformar el sistema agroalimentario. Se menciona la Universidad de Talca.<\/span><\/a><span data-contrast=\"auto\">\u00a0<\/span><span data-ccp-props=\"{}\">\u00a0<\/span><\/p><p><strong>SOY ARICA\u00a0<\/strong><br \/><a href=\"https:\/\/www.soychile.cl\/Arica\/Sociedad\/2026\/01\/10\/935910\/mario-carerra-fiscal-arica.html\"><span data-contrast=\"none\">Fiscal Mario Carrera postular\u00e1 a jefatura de Fiscal\u00eda Centro Norte, la m\u00e1s poderosa del Ministerio P\u00fablico. Se menciona la Universidad de Talca.<\/span><\/a><span data-contrast=\"auto\">\u00a0<\/span><span data-ccp-props=\"{}\">\u00a0<\/span><\/p><p><span data-contrast=\"auto\">EL MAULE INFORMA<\/span>\u00a0<br \/><a href=\"https:\/\/elmauleinforma.cl\/utalca-y-unab-lideran-centro-de-excelencia-que-buscara-transformar-el-sistema-agroalimentario\/\"><span data-contrast=\"none\">UTalca\u00a0y UNAB lideran centro de excelencia que buscar\u00e1 transformar el sistema agroalimentario. Se menciona la Universidad de Talca.<\/span><\/a><span data-ccp-props=\"{}\">\u00a0<\/span><\/p><p><span data-contrast=\"auto\">EL HERALDO<\/span>\u00a0<br \/><a href=\"https:\/\/www.litoralpress.cl\/paginaconsultas\/Servicios_NClipWeb\/Get_Imagen_Nota.aspx?LPKey=K5BY6WUWW6ZCYPGGD3XTCCOVDCTBGOWNNZTW2BCMFICDBHEMYQ5KRJNMOY7QOCJAHZ74C5O7ZWQEQ\"><span data-contrast=\"none\">Fundaci\u00f3n Educacional del Obispado de Linares se reuni\u00f3 con estudiantes becados. Se menciona la Universidad de Talca.<\/span><\/a><span data-ccp-props=\"{}\">\u00a0<\/span><\/p><p><br \/><a href=\"https:\/\/www.elmostrador.cl\/agenda-pais\/2026\/01\/10\/congreso-futuro-2026-invita-al-maule-a-reflexionar-sobre-el-rumbo-de-la-humanidad-desde-la-ciencia\/\"><span data-contrast=\"none\">Congreso Futuro 2026 invita al Maule a reflexionar sobre el rumbo de la humanidad desde la ciencia. Se refiere Roberto Jara, director de Investigaci\u00f3n.<\/span><\/a><span data-ccp-props=\"{}\">\u00a0<\/span><\/p><p><span data-ccp-props=\"{}\">\u00a0<\/span><\/p><p><span data-contrast=\"auto\">EL HERALDO<\/span>\u00a0<br \/><a href=\"https:\/\/www.litoralpress.cl\/paginaconsultas\/Servicios_NClipWeb\/Get_Imagen_Nota.aspx?LPKey=CGOXT72CEUMAD2ZLW3GQSMW4IJVVCIDB2PNUGK6Y66Q5II76F7ZBYRQV46NJXLDWTFQYTBVZ47JTS\"><span data-contrast=\"none\">Encuentro impuls\u00f3 debate nacional sobre gesti\u00f3n del agua. Se refiere Iv\u00e1n Obando Camino, decano de la Facultad de Ciencias Jur\u00eddicas y Sociales.<\/span><\/a><span data-contrast=\"auto\">\u00a0<\/span><span data-ccp-props=\"{}\">\u00a0<\/span><\/p><p><span data-contrast=\"auto\">DIARIO EL HERALDO<\/span>\u00a0<br \/><a href=\"https:\/\/www.diarioelheraldo.cl\/noticia\/encuentro-impulso-debate-nacional-sobre-gestion-del-agua\"><span data-contrast=\"none\">Encuentro impuls\u00f3 debate nacional sobre gesti\u00f3n del agua. Se refiere Iv\u00e1n Obando Camino, decano de la Facultad de Ciencias Jur\u00eddicas y Sociales.<\/span><\/a><span data-contrast=\"auto\">\u00a0<\/span><span data-ccp-props=\"{}\">\u00a0<\/span><\/p><p><span data-ccp-props=\"{}\">\u00a0<\/span><\/p><p><span data-contrast=\"auto\">MAULE HOY<\/span>\u00a0<br \/><a href=\"https:\/\/www.litoralpress.cl\/paginaconsultas\/Servicios_NClipWeb\/Get_Imagen_Nota.aspx?LPKey=KQ6MBTX6ZTD4TLP7IJUY4EZHCVBPAAXAHN5YUTZRUQCCZK4DUCUCSAPBO5X64GT3HWUVZ2IU7QS5K\"><span data-contrast=\"none\">Expertos presentaron innovaciones para la rehabilitaci\u00f3n de personas mayores.<\/span><span data-contrast=\"none\">\u00a0<\/span><span data-contrast=\"none\">Se refiere Valeska Gatica Rojas, directora del Laboratorio de Control Motor Humano de la Facultad de Ciencias de la Salud<\/span><\/a><span data-ccp-props=\"{}\">\u00a0<\/span><\/p><p><span data-contrast=\"auto\">MAULE HOY\u00a0<\/span>\u00a0<br \/><a href=\"https:\/\/maulehoy.cl\/2026\/01\/09\/expertos-presentaron-innovaciones-para-la-rehabilitacion-de-personas-mayores\/\"><span data-contrast=\"none\">Expertos presentaron innovaciones para la rehabilitaci\u00f3n de personas mayores. Se refiere\u00a0<\/span><span data-contrast=\"none\">Valeska Gatica Rojas, directora del Laboratorio de Control Motor Humano\u202f<\/span><\/a><span data-ccp-props=\"{}\">\u00a0<\/span><\/p><p><span data-ccp-props=\"{}\">\u00a0<\/span><\/p><p><span data-contrast=\"auto\">\u00a0DIARIO LA\u00a0PRENSA<\/span>\u00a0<br \/><a href=\"https:\/\/new.diariolaprensa.cl\/index.php\/2026\/01\/09\/academicos-aseguran-que-aumento-de-valor-del-cobre-y-estabilidad-politica-del-pais-inciden-en-baja-del-precio-del-dolar\/\"><span data-contrast=\"none\">Acad\u00e9micos aseguran que aumento de valor del cobre y estabilidad pol\u00edtica del pa\u00eds inciden en baja del precio del d\u00f3lar. Se refiere Rodrigo Saens, acad\u00e9mico de la\u00a0Facultad de Econom\u00eda y Negocios<\/span><\/a><span data-ccp-props=\"{}\">\u00a0<\/span><\/p><p><span data-ccp-props=\"{}\">\u00a0<\/span><\/p><p><span data-contrast=\"auto\">DIARIO EL HERALDO<\/span>\u00a0<br \/><a href=\"https:\/\/portaleduca.cl\/universidad-adolfo-ibanez-y-uc-berkeley-sellan-alianza-con-cumbre-internacional-sobre-inclusion-financiera\/\"><span data-contrast=\"none\">Universidad Adolfo Ib\u00e1\u00f1ez y UC Berkeley sellan alianza con cumbre internacional sobre inclusi\u00f3n financiera. Se menciona la Universidad de Talca.<\/span><\/a><span data-contrast=\"auto\">\u00a0<\/span><span data-ccp-props=\"{}\">\u00a0<\/span><\/p><p><span data-contrast=\"auto\">RADIO POLAR<\/span>\u00a0<br \/><a href=\"https:\/\/www.radiopolar.com\/delegacion-presidencial-provincial-esperanza-reconoce-estudiantes-liceos-publicos-puerto-natales-destacados-puntajes-paes\"><span data-contrast=\"none\">Delegaci\u00f3n presidencial provincial de \u00faltima esperanza reconoce a estudiantes de liceos p\u00fablicos de puerto natales por destacados puntajes en la PAES. Se menciona la Universidad de Talca.<\/span><\/a><span data-contrast=\"auto\">\u00a0<\/span><span data-ccp-props=\"{}\">\u00a0<\/span><\/p><p><span data-contrast=\"auto\">PORTALEDUCA\u00a0<\/span>\u00a0<br \/><a href=\"https:\/\/www.diarioelheraldo.cl\/noticia\/fundacion-educacional-del-obispado-de-linares-se-reunio-con-estudiantes-becados\"><span data-contrast=\"none\">Fundaci\u00f3n Educacional del Obispado de Linares se reuni\u00f3 con estudiantes becados. Se menciona la Universidad de Talca.<\/span><\/a><span data-ccp-props=\"{}\">\u00a0<\/span><\/p><p><span data-contrast=\"auto\">DIARIO CONSTITUCIONAL<\/span>\u00a0<br \/><a href=\"https:\/\/www.diarioconstitucional.cl\/entrevistas\/felipe-pavez-torrealba-la-restauracion-ecologica-es-un-problema-de-gobernanza-no-solo-de-ciencia\/\"><span data-contrast=\"none\">Felipe P\u00e1vez Torrealba: \u201cLa restauraci\u00f3n ecol\u00f3gica es un problema de gobernanza, no solo de ciencia\u201d. Se menciona la Universidad de Talca.<\/span><\/a><span data-contrast=\"auto\">\u00a0<\/span><span data-ccp-props=\"{}\">\u00a0<\/span><\/p><p><span data-contrast=\"auto\">SEMANARIO LOCAL<\/span>\u00a0<br \/><a href=\"https:\/\/www.semanariolocal.cl\/?p=32917\"><span data-contrast=\"none\">Cient\u00edficos INIA avanzan en sistema de preservaci\u00f3n biol\u00f3gico para calidad de la frutilla. Se menciona la Universidad de Talca.<\/span><\/a><span data-contrast=\"auto\">\u00a0<\/span><span data-ccp-props=\"{}\">\u00a0<\/span><\/p><p><span data-contrast=\"auto\">MAULE HOY<\/span>\u00a0<br \/><a href=\"https:\/\/www.litoralpress.cl\/paginaconsultas\/Servicios_NClipWeb\/Get_Imagen_Nota.aspx?LPKey=WSTUBF3V6GUSJIIBVVZLLJDRGJTVL2XIGVZ2DXET55P7AYJ3RREO2HGKBWQTFYADY32FY4WPHDGSU\"><span data-contrast=\"none\">Adultos mayores de San Javier, que participaron en un curso de capacitaci\u00f3n en la Universidad de Talca. Se menciona\u00a0la Universidad de Talca.<\/span><\/a><span data-ccp-props=\"{}\">\u00a0<\/span><\/p><p><span data-contrast=\"auto\">RADIO ADN\u00a0<\/span>\u00a0<br \/><a href=\"https:\/\/www.litoralpress.cl\/sitio\/RadioTV_Detalles.cshtml?LPKey=2RBDY2CACDKS63VCI4FJ3E6UXHW2AB6MRMOJUGUZKV4EKVHK7GNDOQPC5JG4U2UX5CIYSGLDOBBQA\"><span data-contrast=\"none\">Termin\u00f3 el plazo para postular a las universidades. Se menciona la Universidad de Talca.<\/span><\/a><span data-ccp-props=\"{}\">\u00a0<\/span><\/p><p><span data-contrast=\"auto\">RADIO AGRICULTURA<\/span>\u00a0<br \/><a href=\"https:\/\/www.litoralpress.cl\/sitio\/RadioTV_Detalles.cshtml?LPKey=NILQSGKRC2Z3PVTRSW6FJBU5WODCRJ33SCSAEQXF47GAI5CURQJOWQ74RNJI52NYYXE6GNG7SWFOU\"><span data-contrast=\"none\">Entrevista a Jos\u00e9 Antonio Kast Adriasola, Diputado II. Se menciona la Universidad de Talca.<\/span><\/a><span data-ccp-props=\"{}\">\u00a0<\/span><\/p><p><span data-contrast=\"auto\">S\u00c9PTIMA P\u00c1GINA NOTICIAS<\/span>\u00a0<br \/><a href=\"https:\/\/www.septimapaginanoticias.cl\/fundacion-educacional-del-obispado-de-linares-se-reunio-con-estudiantes-becados\"><span data-contrast=\"none\">Fundaci\u00f3n Educacional del Obispado de Linares se reuni\u00f3 con estudiantes becados. Se menciona la Universidad de Talca.<\/span><\/a><span data-contrast=\"auto\">\u00a0<\/span><span data-ccp-props=\"{}\">\u00a0<\/span><\/p><p><span data-contrast=\"auto\">CANAL 2 LINARES<\/span>\u00a0<br \/><a href=\"https:\/\/www.canal2linares.cl\/2026\/01\/fundacion-educacional-del-obispado-de.html\"><span data-contrast=\"none\">Fundaci\u00f3n Educacional del Obispado de Linares se reuni\u00f3 con estudiantes becados. Se menciona la Universidad de Talca.<\/span><\/a><span data-contrast=\"auto\">\u00a0<\/span><span data-ccp-props=\"{}\">\u00a0<\/span><\/p><p><span data-contrast=\"auto\">EL HERALDO<\/span>\u00a0<br \/><a href=\"https:\/\/www.litoralpress.cl\/paginaconsultas\/Servicios_NClipWeb\/Get_Imagen_Nota.aspx?LPKey=BWQQU3HQ2QFD5VDO3L4JL35HTXBF2UWJXGGHPPVF2QOHAH5O3QB7ORM3XWAKQ5ULVAXLVS5GFEFFO\"><span data-contrast=\"none\">Portada. Se menciona la Universidad de Talca<\/span><\/a><span data-ccp-props=\"{}\">\u00a0<\/span><\/p><p><span data-contrast=\"auto\">EL PING\u00dcINO<\/span>\u00a0<br \/><a href=\"https:\/\/www.litoralpress.cl\/paginaconsultas\/Servicios_NClipWeb\/Get_Imagen_Nota.aspx?LPKey=DOCI7KBSURMQOMLU5YCK6LQTY35DXE3TI6YOYMHQFMV4HWAC7ZC7VPFIEUGON2ZYH7ZGINHKS752G\"><span data-contrast=\"none\">SLEP destac\u00f3 a sus mejores en la PAES: 24 estudiantes resaltaron por sus puntajes. Se menciona la Universidad de Talca.<\/span><\/a><span data-contrast=\"auto\">\u00a0<\/span><span data-ccp-props=\"{}\">\u00a0<\/span><\/p><p><span data-contrast=\"auto\">MAULE HOY<\/span>\u00a0<br \/><a href=\"https:\/\/www.litoralpress.cl\/paginaconsultas\/Servicios_NClipWeb\/Get_Imagen_Nota.aspx?LPKey=24MEWJRBGT26UJD27K5XYFIYKMGMVPXMMMDJFY2AR5FT4JQUGURLTQUCKJXV74DGS63M3X5JNTNSO\"><span data-contrast=\"none\">Calor extremo afectar\u00e1 la zona central de Chile durante el fin de semana. Se menciona la Universidad de Talca.<\/span><\/a><span data-ccp-props=\"{}\">\u00a0<\/span><\/p><p><span data-contrast=\"auto\">RADIO ADN<\/span>\u00a0<br \/><a href=\"https:\/\/www.litoralpress.cl\/sitio\/RadioTV_Detalles.cshtml?LPKey=LYUXVSOPYNND3KDP5KM457ZKC45JT73PWQCNWX7GTJYNJDK4VGAN6IYUMIJMK7ZQXMA57YXEYUW5Q\"><span data-contrast=\"none\">El tiempo. Se menciona la Universidad de Talca.<\/span><\/a><span data-contrast=\"auto\">\u00a0<\/span><span data-ccp-props=\"{}\">\u00a0<\/span><\/p><p><span data-contrast=\"auto\">MEDIA BANCO\u00a0<\/span>\u00a0<br \/><a href=\"https:\/\/www.mediabanco.com\/utalca-y-unab-lideran-centro-de-excelenciaque-buscara-transformar-el-sistema-agroalimentario\/\"><span data-contrast=\"none\">UTalca\u00a0y UNAB lideran centro de excelencia que buscar\u00e1 transformar el sistema agroalimentario. Se menciona la Universidad de Talca.<\/span><\/a><span data-contrast=\"auto\">\u00a0<\/span><span data-ccp-props=\"{}\">\u00a0<\/span><\/p><p><span data-contrast=\"auto\">SOY ARICA<\/span>\u00a0<br \/><a href=\"https:\/\/www.soychile.cl\/Arica\/Sociedad\/2026\/01\/10\/935910\/mario-carerra-fiscal-arica.html\"><span data-contrast=\"none\">Fiscal Mario Carrera postular\u00e1 a jefatura de Fiscal\u00eda Centro Norte, la m\u00e1s poderosa del Ministerio P\u00fablico. Se menciona la Universidad de Talca.<\/span><\/a><span data-contrast=\"auto\">\u00a0<\/span><span data-ccp-props=\"{}\">\u00a0<\/span><\/p><p><span data-contrast=\"auto\">EL MAULE INFORMA<\/span>\u00a0<br \/><a href=\"https:\/\/elmauleinforma.cl\/utalca-y-unab-lideran-centro-de-excelencia-que-buscara-transformar-el-sistema-agroalimentario\/\"><span data-contrast=\"none\">UTalca\u00a0y UNAB lideran centro de excelencia que buscar\u00e1 transformar el sistema agroalimentario. Se menciona la Universidad de Talca.<\/span><\/a><span data-ccp-props=\"{}\">\u00a0<\/span><\/p><p><span data-contrast=\"auto\">EL HERALDO<\/span>\u00a0<br \/><a href=\"https:\/\/www.litoralpress.cl\/paginaconsultas\/Servicios_NClipWeb\/Get_Imagen_Nota.aspx?LPKey=K5BY6WUWW6ZCYPGGD3XTCCOVDCTBGOWNNZTW2BCMFICDBHEMYQ5KRJNMOY7QOCJAHZ74C5O7ZWQEQ\"><span data-contrast=\"none\">Fundaci\u00f3n Educacional del Obispado de Linares se reuni\u00f3 con estudiantes becados. Se menciona la Universidad de Talca.<\/span><\/a><span data-ccp-props=\"{}\">\u00a0<\/span><\/p><p>\u00a0<\/p><p>\u00a0<\/p><p><b><span data-contrast=\"auto\">EL HERALDO<\/span><\/b>\u00a0<br \/><a href=\"https:\/\/www.litoralpress.cl\/paginaconsultas\/Servicios_NClipWeb\/Get_Imagen_Nota.aspx?LPKey=YOMXBGNFFANLEUIBHUCXIREXDVGO3WXHSNKKKEUE25OLZ7SKE2SGHJDMV2TDQNVPYXKRZMY6HT2ZO\"><span data-contrast=\"none\">Diecinueve estudiantes destacan en el Maule por sus trayectorias educativas tras resultados PAES. Se refiere Paula Jorquera Fuente, vicerrectora de Desarrollo Estudiantil<\/span><\/a><span data-ccp-props=\"{}\">\u00a0<\/span><\/p><p><b><span data-contrast=\"auto\">MAULE HOY<\/span><\/b>\u00a0<br \/><a href=\"https:\/\/www.litoralpress.cl\/paginaconsultas\/Servicios_NClipWeb\/Get_Imagen_Nota.aspx?LPKey=ZCWH2QFMKPMR7W4VTNNZSPM57Z7MAQ5CWVIAHMSLGRIUJ3OQG4HY3GFVRUTTI5CLYQLFMAXBHVKJS\"><span data-contrast=\"none\">Diecinueve estudiantes destacan en el Maule por sus trayectorias educativas tras resultados PAES. Se refiere Paula Jorquera Fuente, vicerrectora de Desarrollo Estudiantil<\/span><\/a><span data-ccp-props=\"{}\">\u00a0<\/span><\/p><p><b><span data-contrast=\"auto\">MAULE HOY<\/span><\/b>\u00a0<br \/><a href=\"https:\/\/maulehoy.cl\/2026\/01\/08\/diecinueve-estudiantes-destacan-en-el-maule-por-sus-trayectorias-educativas-tras-resultados-paes\/\"><span data-contrast=\"none\">Diecinueve estudiantes destacan en el Maule por sus trayectorias educativas tras resultados PAES. Se refiere Paula Jorquera Fuentes, vicerrectora de Desarrollo Estudiantil.<\/span><\/a><span data-ccp-props=\"{}\">\u00a0<\/span><\/p><p><span data-contrast=\"auto\">DIARIOS EN RED<\/span>\u00a0<br \/><a href=\"https:\/\/www.diariosenred.com\/diecinueve-estudiantes-destacan-en-el-maule-por-sus-trayectorias-educativas\"><span data-contrast=\"none\">Diecinueve estudiantes destacan en el Maule por sus trayectorias educativas tras resultados PAES. Se refiere Paula Jorquera Fuente, vicerrectora de Desarrollo Estudiantil<\/span><\/a><span data-ccp-props=\"{}\">\u00a0<\/span><\/p><p><span data-contrast=\"auto\">RED MAULE<\/span>\u00a0<br \/><a href=\"https:\/\/www.redmaule.com\/diecinueve-estudiantes-destacan-en-el-maule-por-sus-trayectorias-educativas\"><span data-contrast=\"none\">Diecinueve estudiantes destacan en el Maule por sus trayectorias educativas tras resultados PAES. Se refiere Paula Jorquera Fuentes, vicerrectora de Desarrollo Estudiantil.<\/span><\/a><span data-ccp-props=\"{}\">\u00a0<\/span><\/p><p><span data-contrast=\"auto\">RED ARICA\u00a0<\/span>\u00a0<br \/><a href=\"https:\/\/www.redarica.com\/diecinueve-estudiantes-destacan-en-el-maule-por-sus-trayectorias-educativas\"><span data-contrast=\"none\">Diecinueve estudiantes destacan en el Maule por sus trayectorias educativas tras resultados PAES. Se refiere Paula Jorquera Fuentes, vicerrectora de Desarrollo Estudiantil.<\/span><\/a><span data-ccp-props=\"{}\">\u00a0<\/span><\/p><p><span data-contrast=\"auto\">RED \u00d1UBLE<\/span>\u00a0<br \/><a href=\"https:\/\/www.rednuble.com\/diecinueve-estudiantes-destacan-en-el-maule-por-sus-trayectorias-educativas\"><span data-contrast=\"none\">Diecinueve estudiantes destacan en el Maule por sus trayectorias educativas tras resultados PAES. Se refiere Paula Jorquera Fuentes, vicerrectora de Desarrollo Estudiantil.<\/span><\/a><span data-ccp-props=\"{}\">\u00a0<\/span><\/p><p><span data-contrast=\"auto\">RED ATACAMA<\/span>\u00a0<br \/><a href=\"https:\/\/www.redatacama.com\/diecinueve-estudiantes-destacan-en-el-maule-por-sus-trayectorias-educativas\"><span data-contrast=\"none\">Diecinueve estudiantes destacan en el Maule por sus trayectorias educativas tras\u00a0resultados PAES. Se refiere Paula Jorquera Fuentes, vicerrectora de Desarrollo Estudiantil.<\/span><\/a><span data-ccp-props=\"{}\">\u00a0<\/span><\/p><p><span data-contrast=\"auto\">RED BIOB\u00cdO<\/span>\u00a0<br \/><a href=\"https:\/\/www.redbiobio.com\/diecinueve-estudiantes-destacan-en-el-maule-por-sus-trayectorias-educativas\"><span data-contrast=\"none\">Diecinueve estudiantes destacan en el Maule por sus trayectorias educativas tras resultados PAES. Se refiere Paula Jorquera Fuentes, vicerrectora de Desarrollo Estudiantil.<\/span><\/a><span data-ccp-props=\"{}\">\u00a0<\/span><\/p><p><span data-contrast=\"auto\">RADIO CRISTALINA<\/span>\u00a0<br \/><a href=\"https:\/\/radiocristalina.cl\/diecinueve-estudiantes-destacan-en-el-maule-por-sus-trayectorias-educativas-tras-resultados-paes\/\"><span data-contrast=\"none\">Diecinueve estudiantes destacan en el Maule por sus trayectorias educativas tras resultados PAES. Se refiere Paula Jorquera Fuentes, vicerrectora de Desarrollo Estudiantil.<\/span><\/a><span data-ccp-props=\"{}\">\u00a0<\/span><\/p><p><span data-ccp-props=\"{}\">\u00a0<\/span><\/p><p><span data-ccp-props=\"{}\">\u00a0<\/span><\/p><p><span data-contrast=\"auto\">S\u00c9PTIMA P\u00c1GINA NOTICIAS<\/span>\u00a0<br \/><a href=\"https:\/\/www.septimapaginanoticias.cl\/calor-extremo-afectara-la-zona-central-de-chile-durante-el-fin-de-semana\"><span data-contrast=\"none\">Calor extremo afectar\u00e1 la zona central de Chile durante el fin de semana. Se refiere Patricio Gonz\u00e1lez Colville,\u00a0agroclimat\u00f3logo\u00a0y acad\u00e9mico del Centro de Investigaci\u00f3n y Transferencia en Riego y\u00a0Agroclimatolog\u00eda\u00a0(CITRA).<\/span><\/a><span data-ccp-props=\"{}\">\u00a0<\/span><\/p><p><span data-contrast=\"auto\">DIARIOS EN RED<\/span>\u00a0<br \/><a href=\"https:\/\/diariosenred.com\/calor-extremo-afectara-la-zona-central-de-chile-durante-el-fin-de-semana\"><span data-contrast=\"none\">Calor extremo afectar\u00e1 la zona central de Chile durante el fin de semana. Se refiere Patricio Gonz\u00e1lez Colville,\u00a0agroclimat\u00f3logo\u00a0y acad\u00e9mico del Centro de Investigaci\u00f3n y Transferencia en Riego y\u00a0Agroclimatolog\u00eda\u00a0(CITRA).<\/span><\/a><span data-ccp-props=\"{}\">\u00a0<\/span><\/p><p><span data-contrast=\"auto\">RED BIOB\u00cdO<\/span>\u00a0<br \/><a href=\"https:\/\/redbiobio.com\/calor-extremo-afectara-la-zona-central-de-chile-durante-el-fin-de-semana\"><span data-contrast=\"none\">Calor extremo afectar\u00e1 la zona central de Chile durante el fin de semana. Se refiere Patricio Gonz\u00e1lez Colville,\u00a0agroclimat\u00f3logo\u00a0y acad\u00e9mico del Centro de Investigaci\u00f3n y Transferencia en Riego y\u00a0Agroclimatolog\u00eda\u00a0(CITRA).<\/span><\/a><span data-ccp-props=\"{}\">\u00a0<\/span><\/p><p><span data-contrast=\"auto\">RED MAULE<\/span>\u00a0<br \/><a href=\"https:\/\/redmaule.com\/calor-extremo-afectara-la-zona-central-de-chile-durante-el-fin-de-semana\"><span data-contrast=\"none\">Calor extremo afectar\u00e1 la zona central de Chile durante el fin de semana. Se refiere Patricio Gonz\u00e1lez Colville,\u00a0agroclimat\u00f3logo\u00a0y acad\u00e9mico del Centro de Investigaci\u00f3n y Transferencia en Riego y\u00a0Agroclimatolog\u00eda\u00a0(CITRA).<\/span><\/a><span data-ccp-props=\"{}\">\u00a0<\/span><\/p><p><span data-contrast=\"auto\">RED ARICA<\/span>\u00a0<br \/><a href=\"https:\/\/redarica.com\/calor-extremo-afectara-la-zona-central-de-chile-durante-el-fin-de-semana\"><span data-contrast=\"none\">Calor extremo afectar\u00e1 la zona central de Chile durante el fin de semana. Se refiere Patricio Gonz\u00e1lez Colville,\u00a0agroclimat\u00f3logo\u00a0y acad\u00e9mico del Centro de Investigaci\u00f3n y Transferencia en Riego y\u00a0Agroclimatolog\u00eda\u00a0(CITRA).<\/span><\/a><span data-ccp-props=\"{}\">\u00a0<\/span><\/p><p><span data-contrast=\"auto\">RED LOS LAGOS<\/span>\u00a0<br \/><a href=\"https:\/\/redloslagos.com\/calor-extremo-afectara-la-zona-central-de-chile-durante-el-fin-de-semana\"><span data-contrast=\"none\">Calor extremo afectar\u00e1 la zona central de Chile durante el fin de semana. Se refiere Patricio Gonz\u00e1lez Colville,\u00a0agroclimat\u00f3logo\u00a0y acad\u00e9mico del Centro de Investigaci\u00f3n y Transferencia en Riego y\u00a0Agroclimatolog\u00eda\u00a0(CITRA).<\/span><\/a><span data-ccp-props=\"{}\">\u00a0<\/span><\/p><p><span data-contrast=\"auto\">RED COQUIMBO<\/span>\u00a0<br \/><a href=\"https:\/\/redcoquimbo.com\/calor-extremo-afectara-la-zona-central-de-chile-durante-el-fin-de-semana\"><span data-contrast=\"none\">Calor extremo afectar\u00e1 la zona central de Chile durante el fin de semana. Se refiere Patricio Gonz\u00e1lez Colville,\u00a0agroclimat\u00f3logo\u00a0y acad\u00e9mico del Centro de Investigaci\u00f3n y Transferencia en Riego y\u00a0Agroclimatolog\u00eda\u00a0(CITRA).<\/span><\/a><span data-ccp-props=\"{}\">\u00a0<\/span><\/p><p><span data-contrast=\"auto\">EL CUIDADANO<\/span>\u00a0<br \/><a href=\"https:\/\/www.elciudadano.com\/chile\/calor-extremo-afectara-zona-central-de-chile-este-fin-de-semana-se-podria-llegar-a-los-38-entre-santiago-y-nuble\/01\/08\/\"><span data-contrast=\"none\">Calor extremo afectar\u00e1 zona central de Chile este fin de semana: Se podr\u00eda llegar a los 38\u00b0 entre Santiago y \u00d1uble. Se refiere Patricio Gonz\u00e1lez Colville,\u00a0agroclimat\u00f3logo\u00a0y acad\u00e9mico del Centro de Investigaci\u00f3n y Transferencia en Riego y\u00a0Agroclimatolog\u00eda\u00a0(CITRA).<\/span><\/a><span data-ccp-props=\"{}\">\u00a0<\/span><\/p><p><span data-contrast=\"auto\">PORTAL AGRO CHILE<\/span>\u00a0<br \/><a href=\"https:\/\/www.portalagrochile.cl\/2026\/01\/08\/calor-extremo-afectara-la-zona-central-de-chile-durante-el-fin-de-semana\/\"><span data-contrast=\"none\">Calor extremo afectar\u00e1 la zona central de Chile durante el fin de semana. Se refiere Patricio Gonz\u00e1lez Colville,\u00a0agroclimat\u00f3logo\u00a0y acad\u00e9mico del Centro de Investigaci\u00f3n y Transferencia en Riego y\u00a0Agroclimatolog\u00eda\u00a0(CITRA).<\/span><\/a><span data-ccp-props=\"{}\">\u00a0<\/span><\/p><p><span data-contrast=\"auto\">EL MARTUTINO<\/span>\u00a0<br \/><a href=\"https:\/\/www.elmartutino.cl\/noticia\/sociedad\/alerta-por-calor-extremo-fin-de-semana-con-maximas-historicas-en-la-zona-central\"><span data-contrast=\"none\">Alerta por calor extremo: fin de semana con m\u00e1ximas hist\u00f3ricas en la zona central. Se refiere Patricio Gonz\u00e1lez Colville,\u00a0agroclimat\u00f3logo\u00a0y acad\u00e9mico del Centro de Investigaci\u00f3n y Transferencia en Riego y\u00a0Agroclimatolog\u00eda\u00a0(CITRA).<\/span><\/a><span data-ccp-props=\"{}\">\u00a0<\/span><\/p><p><span data-contrast=\"auto\">G5 NOTICIAS<\/span>\u00a0<br \/><a href=\"https:\/\/g5noticias.cl\/2026\/01\/08\/calor-extremo-afectara-la-zona-central-de-chile-durante-el-fin-de-semana\/\"><span data-contrast=\"none\">Calor extremo impactar\u00e1 la zona central de Chile este fin de semana. Se refiere Patricio Gonz\u00e1lez Colville,\u00a0agroclimat\u00f3logo\u00a0y acad\u00e9mico del Centro de Investigaci\u00f3n y Transferencia en Riego y\u00a0Agroclimatolog\u00eda\u00a0(CITRA).<\/span><\/a><span data-ccp-props=\"{}\">\u00a0<\/span><\/p><p><span data-contrast=\"auto\">\u00a0EL DINAMO<\/span>\u00a0<br \/><a href=\"https:\/\/www.eldinamo.cl\/pais\/2026\/01\/08\/calor-extremo-afectara-a-la-zona-central-durante-el-fin-de-semana\/\"><span data-contrast=\"none\">Calor extremo impactar\u00e1 la zona central de Chile este fin de semana. Se refiere Patricio Gonz\u00e1lez Colville,\u00a0agroclimat\u00f3logo\u00a0y acad\u00e9mico del Centro de Investigaci\u00f3n y Transferencia en Riego y\u00a0Agroclimatolog\u00eda\u00a0(CITRA).<\/span><\/a><span data-ccp-props=\"{}\">\u00a0<\/span><\/p><p><span data-contrast=\"auto\">EL MAULE INFORMA<\/span>\u00a0<br \/><a href=\"https:\/\/elmauleinforma.cl\/calor-extremo-afectara-la-zona-central-de-chile-durante-el-fin-de-semana\/\"><span data-contrast=\"none\">Calor extremo afectar\u00e1 la zona central de Chile durante el fin de semana. Se refiere Patricio Gonz\u00e1lez Colville,\u00a0agroclimat\u00f3logo\u00a0y acad\u00e9mico del Centro de Investigaci\u00f3n y Transferencia en Riego y\u00a0Agroclimatolog\u00eda\u00a0(CITRA).<\/span><\/a><span data-ccp-props=\"{}\">\u00a0<\/span><\/p><p><span data-contrast=\"auto\">EL MAULE INFORMA<\/span>\u00a0<br \/><a href=\"https:\/\/elmauleinforma.cl\/calor-extremo-afectara-la-zona-central-de-chile-durante-el-fin-de-semana\/\"><span data-contrast=\"none\">Calor extremo impactar\u00e1 la zona central de Chile este fin de semana. Se refiere Patricio Gonz\u00e1lez Colville,\u00a0agroclimat\u00f3logo\u00a0y acad\u00e9mico del Centro de Investigaci\u00f3n y Transferencia en Riego y\u00a0Agroclimatolog\u00eda\u00a0(CITRA).<\/span><\/a><span data-ccp-props=\"{}\">\u00a0<\/span><\/p><p><span data-contrast=\"auto\">MEDIA BANCO<\/span>\u00a0<br \/><a href=\"https:\/\/www.mediabanco.com\/calor-extremo-afectara-la-zona-central-de-chile-durante-el-fin-de-semana\/\"><span data-contrast=\"none\">Calor extremo impactar\u00e1 la zona central de Chile este fin de semana. Se refiere Patricio Gonz\u00e1lez Colville,\u00a0agroclimat\u00f3logo\u00a0y acad\u00e9mico del Centro de Investigaci\u00f3n y Transferencia en Riego y\u00a0Agroclimatolog\u00eda\u00a0(CITRA).<\/span><\/a><span data-ccp-props=\"{}\">\u00a0<\/span><\/p><p><span data-contrast=\"auto\">OSORNO EN LA RED<\/span>\u00a0<br \/><a href=\"http:\/\/osornoenlared.cl\/2026\/01\/08\/calor-extremo-afectara-la-zona-central-de-chile-durante-el-fin-de-semana\/\"><span data-contrast=\"none\">Calor extremo impactar\u00e1 la zona central de Chile este fin de semana. Se refiere Patricio Gonz\u00e1lez Colville,\u00a0agroclimat\u00f3logo\u00a0y acad\u00e9mico del Centro de Investigaci\u00f3n y Transferencia en Riego y\u00a0Agroclimatolog\u00eda\u00a0(CITRA).<\/span><\/a><span data-ccp-props=\"{}\">\u00a0<\/span><\/p><p><span data-contrast=\"auto\">INOTICIAS<\/span>\u00a0<br \/><a href=\"https:\/\/inoticias.cl\/detalle\/calor-extremo-afectara-zona-central-de-chile-este-fin-de\"><span data-contrast=\"none\">Calor extremo afectar\u00e1 zona central de Chile este fin de semana: Se podr\u00eda llegar a los 38\u00b0 entre Santiago y \u00d1uble. Se refiere Patricio Gonz\u00e1lez Colville,\u00a0agroclimat\u00f3logo\u00a0y acad\u00e9mico del Centro de Investigaci\u00f3n y Transferencia en Riego y\u00a0Agroclimatolog\u00eda\u00a0(CITRA).<\/span><\/a><span data-ccp-props=\"{}\">\u00a0<\/span><\/p><p><span data-ccp-props=\"{}\">\u00a0<\/span><\/p><p><span data-contrast=\"auto\">\u00a0MEDIA BANCO<\/span>\u00a0<br \/><a href=\"https:\/\/www.mediabanco.com\/utalca-adjudica-proyectos-fondecyt-de-iniciacion-y-logra-hito-en-arte-y-musica\/\"><span data-contrast=\"none\">UTalca\u00a0adjudica proyectos\u00a0Fondecyt\u00a0de Iniciaci\u00f3n y logra hito en arte y m\u00fasica. Se refiere\u00a0<\/span><span data-contrast=\"none\">Jos\u00e9 Miguel Ramos Fuentes, music\u00f3logo y acad\u00e9mico de la Facultad de Arquitectura, M\u00fasica y Dise\u00f1o y Macarena Kartsevski Dune, acad\u00e9mica de la Facultad de Ciencias de la Educaci\u00f3n.<\/span><\/a><span data-ccp-props=\"{}\">\u00a0<\/span><\/p><p><span data-contrast=\"auto\">EL MAULE INFORMA<\/span>\u00a0<br \/><a href=\"https:\/\/elmauleinforma.cl\/utalca-se-adjudica-proyectos-fondecyt-de-iniciacion-y-logra-hito-en-arte-y-musica\/\"><span data-contrast=\"none\">UTalca\u00a0se adjudica proyectos\u00a0Fondecyt\u00a0de Iniciaci\u00f3n y logra hito en arte y m\u00fasica. Se refiere Jos\u00e9 Miguel Ramos Fuentes, music\u00f3logo y acad\u00e9mico de la Facultad de Arquitectura, M\u00fasica y Dise\u00f1o y Macarena Kartsevski Dune, acad\u00e9mica de la Facultad de Ciencias de la Educaci\u00f3n.<\/span><\/a><span data-ccp-props=\"{}\">\u00a0<\/span><\/p><p><span data-ccp-props=\"{}\">\u00a0<\/span><\/p><p><span data-contrast=\"auto\">EL LECTOR<\/span>\u00a0<br \/><a href=\"https:\/\/www.litoralpress.cl\/paginaconsultas\/Servicios_NClipWeb\/Get_Imagen_Nota.aspx?LPKey=A35JPO2GD5TPPOKBJKNAE5DT3S5K5ZCXXV36UIA7K4P3RPQ4CTQEKPNY25HTSRLSEB4MM5GBVJK6E\"><span data-contrast=\"none\">Encuentro impuls\u00f3 debate nacional sobre gesti\u00f3n del agua. Se refiere Iv\u00e1n Obando Camino, decano de la Facultad de Ciencias Jur\u00eddicas y Sociales.<\/span><\/a><span data-contrast=\"auto\">\u00a0<\/span><span data-ccp-props=\"{}\">\u00a0<\/span><\/p><p><span data-contrast=\"auto\">MAULE HOY<\/span>\u00a0<br \/><a href=\"https:\/\/www.litoralpress.cl\/paginaconsultas\/Servicios_NClipWeb\/Get_Imagen_Nota.aspx?LPKey=TU7PGTES3E3R57PHYK5ECB5TRUYBFS5E5M7N3JJG6QF2JEE2BGG7TWOWUEG44XGDVQ264SGBM7SO6\"><span data-contrast=\"none\">Encuentro impuls\u00f3 debate nacional sobre gesti\u00f3n del\u00a0aqua.<\/span><span data-contrast=\"none\">\u00a0<\/span><span data-contrast=\"none\">Se refiere Iv\u00e1n Obando Camino, decano de la Facultad de Ciencias Jur\u00eddicas y Sociales<\/span><\/a><span data-ccp-props=\"{}\">\u00a0<\/span><\/p><p><span data-contrast=\"auto\">MAULE HOY<\/span>\u00a0<br \/><a href=\"https:\/\/maulehoy.cl\/2026\/01\/08\/encuentro-impulso-debate-nacional-sobre-gestion-del-agua\/\"><span data-contrast=\"none\">Encuentro impuls\u00f3 debate nacional sobre gesti\u00f3n del agua. Se refiere Iv\u00e1n Obando Camino, decano de la Facultad de Ciencias Jur\u00eddicas y Sociales<\/span><\/a><span data-ccp-props=\"{}\">\u00a0<\/span><\/p><p><span data-contrast=\"auto\">PORTAL AGRO CHILE<\/span>\u00a0<br \/><a href=\"https:\/\/www.portalagrochile.cl\/2026\/01\/08\/encuentro-impulso-debate-nacional-sobre-gestion-del-agua\/\"><span data-contrast=\"none\">Encuentro impuls\u00f3 debate nacional sobre gesti\u00f3n del agua. Se refiere Iv\u00e1n Obando Camino, decano de la Facultad de Ciencias Jur\u00eddicas y Sociales<\/span><\/a><span data-ccp-props=\"{}\">\u00a0<\/span><\/p><p><span data-contrast=\"auto\">CANAL 2 LINARES<\/span>\u00a0<br \/><a href=\"https:\/\/www.canal2linares.cl\/2026\/01\/encuentro-impulso-debate-nacional-sobre.html\"><span data-contrast=\"none\">Encuentro impuls\u00f3 debate nacional sobre gesti\u00f3n del agua. Se refiere Iv\u00e1n Obando Camino, decano de la Facultad de Ciencias Jur\u00eddicas y Sociales<\/span><\/a><span data-ccp-props=\"{}\">\u00a0<\/span><\/p><p><span data-ccp-props=\"{}\">\u00a0<\/span><\/p><p><span data-contrast=\"auto\">RADIO UNIVERSIDAD DE CHILE<\/span>\u00a0<br \/><a href=\"https:\/\/www.litoralpress.cl\/sitio\/RadioTV_Detalles.cshtml?LPKey=4JC2KSAYSCDSBRAYVQOPB3FHU7GNEMWYXVHMZO4SYRIOYD77TPJDXZNNTFBU3OVS3KZUCUFVBHEVG\"><span data-contrast=\"none\">Radioan\u00e1lisis. Se refiere Mario Herrera Mu\u00f1oz, acad\u00e9mico del Centro de An\u00e1lisis\u00a0Pol\u00edtico\u00a0(CAP-UTalca)<\/span><\/a><span data-contrast=\"auto\">\u00a0<\/span><span data-ccp-props=\"{}\">\u00a0<\/span><\/p><p><span data-contrast=\"auto\">RADIO INFINITA<\/span>\u00a0<br \/><a href=\"https:\/\/www.litoralpress.cl\/sitio\/RadioTV_Detalles.cshtml?LPKey=I4MT25HH3NBCXGCKXSHSXN22DEXIGOXQUZWPE6M2Y6DF4SD2ERJICAXQUSQ2SY6QB3CAH46YWIW3G\"><span data-contrast=\"none\">An\u00e1lisis pol\u00edtico de la jornada. Se refiere Mauricio Morales Quiroga, director del Centro de An\u00e1lisis Pol\u00edtico (CAP-UTalca\u00a0)<\/span><\/a><span data-ccp-props=\"{}\">\u00a0<\/span><\/p><p><span data-ccp-props=\"{}\">\u00a0<\/span><\/p><p><span data-contrast=\"auto\">DIARIO TALCA<\/span>\u00a0<br \/><a href=\"https:\/\/diariotalca.cl\/universidades-del-maule-convocan-a-la-ciudadania-a-participar-en-el-congreso-futuro-2026\/\"><span data-contrast=\"none\">Universidades del Maule convocan a la ciudadan\u00eda a participar en el Congreso Futuro 2026. Se\u00a0redfiere\u00a0Roberto Jara, director de Investigaci\u00f3n.<\/span><\/a><span data-contrast=\"auto\">\u00a0<\/span><span data-ccp-props=\"{}\">\u00a0<\/span><\/p><p><span data-contrast=\"auto\">RADIO LAUTARO<\/span>\u00a0<br \/><a href=\"https:\/\/radiolautarotalca.cl\/congreso-futuro-2026-invita-al-maule-a-reflexionar-sobre-el-rumbo-de-la-humanidad-desde-la-ciencia\/\"><span data-contrast=\"none\">Congreso Futuro 2026 invita al Maule a reflexionar sobre el rumbo de la humanidad desde la ciencia. Se refiere Roberto Jara, director de Investigaci\u00f3n.<\/span><\/a><span data-ccp-props=\"{}\">\u00a0<\/span><\/p><p><span data-ccp-props=\"{}\">\u00a0<\/span><\/p><p><span data-contrast=\"auto\">ENTREPRENERD<\/span>\u00a0<br \/><a href=\"https:\/\/www.entnerd.com\/investigadores-buscan-proteger-a-la-antartica-de-invasiones-vegetales\/\"><span data-contrast=\"none\">Investigadores buscan proteger a la Ant\u00e1rtica de invasiones vegetales.<\/span><span data-contrast=\"none\">\u00a0<\/span><span data-contrast=\"none\">Se refiere Rodrigo Palomo V\u00e9lez, vicerrector Acad\u00e9mico e Ian Acu\u00f1a Rodr\u00edguez investigador del Programa de Investigaci\u00f3n Postdoctoral de la Direcci\u00f3n de Investigaci\u00f3n<\/span><\/a><span data-ccp-props=\"{}\">\u00a0<\/span><\/p><p><span data-contrast=\"auto\">DIARIO EL CENTRO<\/span>\u00a0<br \/><a href=\"https:\/\/www.diarioelcentro.cl\/2026\/01\/08\/las-universidades-y-facultades-de-derecho-los-objetivos-de-desarrollo-sostenible-y-la-centralidad-de-la-institucionalidad-de-justicia\/\"><span data-contrast=\"none\">Las Universidades y Facultades de Derecho, los objetivos de desarrollo sostenible y la centralidad de la institucionalidad de justicia. Se refiere Diego Palomo, acad\u00e9mico de la Facultad de Ciencias Jur\u00eddicas y Sociales.<\/span><\/a><span data-contrast=\"auto\">\u00a0<\/span><span data-ccp-props=\"{}\">\u00a0<\/span><\/p><p><span data-contrast=\"auto\">\u00a0THE CLINIC<\/span>\u00a0<br \/><a href=\"https:\/\/www.theclinic.cl\/2026\/01\/08\/estudio-plantea-que-hombres-chilenos-con-baja-escolaridad-tienen-mayor-riesgo-de-tener-enfermedades-cardiovasculares\/\"><span data-contrast=\"none\">Estudio plantea que hombres chilenos con baja escolaridad tienen mayor riesgo de tener enfermedades cardiovasculares. Se refiere\u00a0Sandra Alvear Vega,\u00a0Facultad de Econom\u00eda y Negocios.<\/span><\/a><span data-ccp-props=\"{}\">\u00a0<\/span><\/p><p><span data-contrast=\"auto\">DIARIO LA PRENSA<\/span>\u00a0<br \/><a href=\"https:\/\/new.diariolaprensa.cl\/index.php\/2026\/01\/08\/academicos-aseguran-que-aumento-de-valor-del-cobre-y-estabilidad-politica-del-pais-inciden-en-baja-del-precio-del-dolar\/\"><span data-contrast=\"none\">Acad\u00e9micos aseguran que aumento de valor del cobre y estabilidad pol\u00edtica del pa\u00eds inciden en baja del precio del d\u00f3lar. Se refiere Rodrigo Saens, acad\u00e9mico de la Facultad de econom\u00eda y Negocios.<\/span><\/a><span data-contrast=\"auto\">\u00a0<\/span><span data-ccp-props=\"{}\">\u00a0<\/span><\/p><p><span data-ccp-props=\"{}\">\u00a0<\/span><\/p><p><span data-contrast=\"auto\">EL LECTOR<\/span>\u00a0<br \/><a href=\"https:\/\/www.litoralpress.cl\/paginaconsultas\/Servicios_NClipWeb\/Get_Imagen_Nota.aspx?LPKey=AXNU6PA2ZT4AZG52RTGJVO3BZR6G62N7PT4DJE34G3ILDHU2ZL35DTJ26363HVGVCK7K2YYI6NRTK\"><span data-contrast=\"none\">Ministerio de Energ\u00eda realiz\u00f3 en el Maule el Seminario &#8220;Cocci\u00f3n Limpia de Alimentos: el rostro invisible de la pobreza energ\u00e9tica&#8221;. Se menciona la Universidad de Talca.<\/span><\/a><span data-ccp-props=\"{}\">\u00a0<\/span><\/p><p><span data-contrast=\"auto\">EL SUR<\/span>\u00a0<br \/><a href=\"https:\/\/www.litoralpress.cl\/paginaconsultas\/Servicios_NClipWeb\/Get_Imagen_Nota.aspx?LPKey=TXTPKVXDNKEFBADIAFYLEHZESBC2OODUM3YE7JCISVH3SUGJW75KNRHFDVMPPANONBCTS33L3OSCM\"><span data-contrast=\"none\">Concepci\u00f3n acoge segunda versi\u00f3n del Concurso Nacional de Piano Laurencia Contreras. Se menciona la Universidad de Talca.<\/span><\/a><span data-ccp-props=\"{}\">\u00a0<\/span><\/p><p><span data-contrast=\"auto\">RADIO ADN<\/span>\u00a0<br \/><a href=\"https:\/\/www.litoralpress.cl\/sitio\/RadioTV_Detalles.cshtml?LPKey=4FRPXBZ2B7HUQWHKXOKHKZ726BCO3QO4QILKIRD7VD3CGQRUHVQKRHK7XCXIQIGT3KOHRGBPFZK4W\"><span data-contrast=\"none\">Cierre del proceso de postulaci\u00f3n dej\u00f3 en evidencia graves errores administrativos que afectaron a estudiantes en San Clemente y\u00a0Nu\u00f1oa. Se menciona la Universidad de Talca.<\/span><\/a><span data-ccp-props=\"{}\">\u00a0<\/span><\/p><p><span data-contrast=\"auto\">EL MOSTRADOR<\/span>\u00a0<br \/><a href=\"https:\/\/www.elmostrador.cl\/agenda-pais\/agenda-innovacion\/2026\/01\/08\/universidad-liderara-nucleos-de-investigacion-cientifica-en-tres-areas-clave-para-el-desarrollo\/\"><span data-contrast=\"none\">Universidad liderar\u00e1 n\u00facleos de investigaci\u00f3n cient\u00edfica en tres \u00e1reas clave para el desarrollo. Se menciona la Universidad de Talca.<\/span><\/a><span data-ccp-props=\"{}\">\u00a0<\/span><\/p><p><span data-contrast=\"auto\">PORTAL FRUT\u00cdCOLA<\/span>\u00a0<br \/><a href=\"https:\/\/www.portalfruticola.com\/noticias\/2026\/01\/08\/innovadora-tecnologia-extender-vida-util-frutilla-chilena\/\"><span data-contrast=\"none\">Innovadora tecnolog\u00eda logra extender la vida \u00fatil de la frutilla chilena. Se menciona la Universidad de Talca.<\/span><\/a><span data-contrast=\"auto\">\u00a0<\/span><span data-ccp-props=\"{}\">\u00a0<\/span><\/p><p><span data-contrast=\"auto\">DARIO FRUT\u00cdCOLA<\/span>\u00a0<br \/><a href=\"https:\/\/www.diariofruticola.cl\/noticia\/ag-innovatech\/2026\/01\/productores-prueban-conservacion-biologica-en-frutilla-levaduras-nativas-extienden-vida-util-y-abren-opcion-exportadora\"><span data-contrast=\"none\">Productores prueban conservaci\u00f3n biol\u00f3gica en frutilla: levaduras nativas extienden vida \u00fatil y abren opci\u00f3n exportadora. Se menciona la Universidad de Talca.<\/span><\/a><span data-contrast=\"auto\">\u00a0<\/span><span data-ccp-props=\"{}\">\u00a0<\/span><\/p><p><span data-contrast=\"auto\">MUNDO AGRO<\/span>\u00a0<br \/><a href=\"https:\/\/mundoagro.io\/cl\/mojamiento-y-retencion-en-frutales-eficiencia-variable-y-dependiente-en-aplicaciones-foliares\/\"><span data-contrast=\"none\">Mojamiento\u00a0y retenci\u00f3n en frutales: eficiencia variable y dependiente en aplicaciones foliares. Se menciona la Universidad de Talca.<\/span><\/a><span data-contrast=\"auto\">\u00a0<\/span><span data-ccp-props=\"{}\">\u00a0<\/span><\/p><p><span data-contrast=\"auto\">VIVIMOS LA NOTICIA<\/span>\u00a0<br \/><a href=\"https:\/\/www.vlnradio.cl\/noticias\/nacional\/region-del-maule\/2026\/01\/08\/autoridades-maulinas-se-reunen-con-estudiantes-reconocidos-por-sus-trayectorias-educativas-destacadas\/\"><span data-contrast=\"none\">Autoridades maulinas se re\u00fanen con estudiantes reconocidos por sus Trayectorias Educativas Destacadas. Se menciona la Universidad de Talca.<\/span><\/a><span data-ccp-props=\"{}\">\u00a0<\/span><\/p>\t\t\t\t\t\t<\/div>\n\t\t\t\t<\/div>\n\t\t\t\t\t<\/div>\n\t\t<\/div>\n\t\t\t\t\t\t\t<\/div>\n\t\t<\/section>\n\t\t\t\t\t\t<\/div>\n\t\t\t\t\t<\/div>\n\t\t","protected":false},"excerpt":{"rendered":"<p>REPORTEAGR\u00cdCOLA\u00a0Zona central enfrentar\u00e1 probable primera ola de calor de 2026. Se refiere Patricio Gonz\u00e1lez Colville,\u00a0agroclimat\u00f3logo\u00a0y acad\u00e9mico del Centro de Investigaci\u00f3n y Transferencia en Riego y\u00a0Agroclimatolog\u00eda\u00a0(CITRA).\u00a0 \u00a0 CUAL ES TU HUELLA\u00a0Zona central enfrentar\u00e1 probable primera ola de calor de 2026. Se refiere Patricio Gonz\u00e1lez Colville,\u00a0agroclimat\u00f3logo\u00a0y acad\u00e9mico del Centro de Investigaci\u00f3n y Transferencia en Riego y\u00a0Agroclimatolog\u00eda\u00a0(CITRA).\u00a0 \u00a0 &hellip;<\/p>\n<p class=\"read-more\"> <a class=\"\" href=\"https:\/\/www.reportedeprensa.utalca.cl\/?p=13155\"> <span class=\"screen-reader-text\">12 de enero 2026<\/span> Read More &raquo;<\/a><\/p>\n","protected":false},"author":1,"featured_media":0,"comment_status":"closed","ping_status":"open","sticky":false,"template":"","format":"standard","meta":{"_monsterinsights_skip_tracking":false,"_monsterinsights_sitenote_active":false,"_monsterinsights_sitenote_note":"","_monsterinsights_sitenote_category":0},"categories":[67],"tags":[],"_links":{"self":[{"href":"https:\/\/www.reportedeprensa.utalca.cl\/index.php?rest_route=\/wp\/v2\/posts\/13155"}],"collection":[{"href":"https:\/\/www.reportedeprensa.utalca.cl\/index.php?rest_route=\/wp\/v2\/posts"}],"about":[{"href":"https:\/\/www.reportedeprensa.utalca.cl\/index.php?rest_route=\/wp\/v2\/types\/post"}],"author":[{"embeddable":true,"href":"https:\/\/www.reportedeprensa.utalca.cl\/index.php?rest_route=\/wp\/v2\/users\/1"}],"replies":[{"embeddable":true,"href":"https:\/\/www.reportedeprensa.utalca.cl\/index.php?rest_route=%2Fwp%2Fv2%2Fcomments&post=13155"}],"version-history":[{"count":11,"href":"https:\/\/www.reportedeprensa.utalca.cl\/index.php?rest_route=\/wp\/v2\/posts\/13155\/revisions"}],"predecessor-version":[{"id":13346,"href":"https:\/\/www.reportedeprensa.utalca.cl\/index.php?rest_route=\/wp\/v2\/posts\/13155\/revisions\/13346"}],"wp:attachment":[{"href":"https:\/\/www.reportedeprensa.utalca.cl\/index.php?rest_route=%2Fwp%2Fv2%2Fmedia&parent=13155"}],"wp:term":[{"taxonomy":"category","embeddable":true,"href":"https:\/\/www.reportedeprensa.utalca.cl\/index.php?rest_route=%2Fwp%2Fv2%2Fcategories&post=13155"},{"taxonomy":"post_tag","embeddable":true,"href":"https:\/\/www.reportedeprensa.utalca.cl\/index.php?rest_route=%2Fwp%2Fv2%2Ftags&post=13155"}],"curies":[{"name":"wp","href":"https:\/\/api.w.org\/{rel}","templated":true}]}}