{"id":13177,"date":"2026-01-13T13:19:08","date_gmt":"2026-01-13T16:19:08","guid":{"rendered":"https:\/\/www.reportedeprensa.utalca.cl\/?p=13177"},"modified":"2026-03-04T13:09:03","modified_gmt":"2026-03-04T16:09:03","slug":"13-de-enero-2026","status":"publish","type":"post","link":"https:\/\/www.reportedeprensa.utalca.cl\/?p=13177","title":{"rendered":"13 de enero 2026"},"content":{"rendered":"\t\t<div data-elementor-type=\"wp-post\" data-elementor-id=\"13177\" class=\"elementor elementor-13177\" data-elementor-settings=\"[]\">\n\t\t\t\t\t\t\t<div class=\"elementor-section-wrap\">\n\t\t\t\t\t\t\t<section class=\"elementor-section elementor-top-section elementor-element elementor-element-bcea1a8 elementor-section-boxed elementor-section-height-default elementor-section-height-default\" data-id=\"bcea1a8\" data-element_type=\"section\">\n\t\t\t\t\t\t<div class=\"elementor-container elementor-column-gap-default\">\n\t\t\t\t\t<div class=\"elementor-column elementor-col-100 elementor-top-column elementor-element elementor-element-e7183bf\" data-id=\"e7183bf\" data-element_type=\"column\">\n\t\t\t<div class=\"elementor-widget-wrap elementor-element-populated\">\n\t\t\t\t\t\t\t\t<div class=\"elementor-element elementor-element-6fd7801 elementor-widget elementor-widget-text-editor\" data-id=\"6fd7801\" data-element_type=\"widget\" data-widget_type=\"text-editor.default\">\n\t\t\t\t<div class=\"elementor-widget-container\">\n\t\t\t\t\t\t\t\t<div class=\"x_elementToProof\"><b data-olk-copy-source=\"MessageBody\">PORTAL AGRO CHILE<\/b>\u00a0<br \/><a id=\"OWAf8df3b66-05ea-70e8-1f8b-662f1d2162bf\" class=\"x_Hyperlink x_SCXW181720316 x_BCX0 x_OWAAutoLink\" title=\"https:\/\/www.portalagrochile.cl\/2026\/01\/12\/utalca-y-unab-lideran-centro-de-excelencia-que-buscara-transformar-el-sistema-agroalimentario\/\" href=\"https:\/\/www.portalagrochile.cl\/2026\/01\/12\/utalca-y-unab-lideran-centro-de-excelencia-que-buscara-transformar-el-sistema-agroalimentario\/\" target=\"_blank\" rel=\"noreferrer noopener\" data-auth=\"NotApplicable\" data-linkindex=\"0\">UTalca y UNAB lideran centro de excelencia que buscar\u00e1 transformar el sistema agroalimentario. Se refiere Laurens Klerkx, acad\u00e9mico Facultad de Ciencias Agrarias.<\/a>\u00a0\u00a0<\/div><div>\u00a0<\/div><div class=\"x_elementToProof\"><b>TIERRA AMARILLANO<\/b>\u00a0<br \/><a id=\"OWAa617e569-9e12-e517-8ee4-3907270d4052\" class=\"x_Hyperlink x_SCXW181720316 x_BCX0 x_OWAAutoLink\" title=\"https:\/\/tierramarillano.cl\/2026\/01\/12\/utalca-y-unab-lideran-centro-de-excelencia-que-buscara-transformar-el-sistema-agroalimentario\/\" href=\"https:\/\/tierramarillano.cl\/2026\/01\/12\/utalca-y-unab-lideran-centro-de-excelencia-que-buscara-transformar-el-sistema-agroalimentario\/\" target=\"_blank\" rel=\"noreferrer noopener\" data-auth=\"NotApplicable\" data-linkindex=\"1\">UTalca y UNAB lideran centro de excelencia que buscar\u00e1 transformar el sistema agroalimentario. Se refiere Laurens Klerkx, acad\u00e9mico Facultad de Ciencias Agrarias<\/a>\u00a0<\/div><div>\u00a0<\/div><div class=\"x_elementToProof\"><b>PORTAL EDUCA<\/b>\u00a0<br \/><a id=\"OWAf2ed5366-6e96-92a9-a52c-26844d410bdc\" class=\"x_Hyperlink x_SCXW181720316 x_BCX0 x_OWAAutoLink\" title=\"https:\/\/portaleduca.cl\/nucleo-milenio-minsol-cierra-su-ciclo-con-aportes-clave-a-la-ciencia-del-aprendizaje\/\" href=\"https:\/\/portaleduca.cl\/nucleo-milenio-minsol-cierra-su-ciclo-con-aportes-clave-a-la-ciencia-del-aprendizaje\/\" target=\"_blank\" rel=\"noreferrer noopener\" data-auth=\"NotApplicable\" data-linkindex=\"2\">N\u00facleo Milenio MiNSoL cierra su ciclo con aportes clave a la Ciencia del Aprendizaje. Se refiere vicerrector Rodrigo Palomo, vicerrector acad\u00e9mico.<\/a>\u00a0<\/div><div>\u00a0<\/div><div class=\"x_elementToProof\"><b>CIENCIA EN CHILE<\/b>\u00a0<br \/><a id=\"OWA3229a12c-d62f-c071-c222-46b73f5bb638\" class=\"x_Hyperlink x_SCXW181720316 x_BCX0 x_OWAAutoLink\" title=\"https:\/\/www.cienciaenchile.cl\/minsol-cierra-su-ciclo-destacando-aportes-clave-a-la-ciencia-del-aprendizaje-en-chile\/\" href=\"https:\/\/www.cienciaenchile.cl\/minsol-cierra-su-ciclo-destacando-aportes-clave-a-la-ciencia-del-aprendizaje-en-chile\/\" target=\"_blank\" rel=\"noreferrer noopener\" data-auth=\"NotApplicable\" data-linkindex=\"3\">MiNSoL cierra su ciclo destacando aportes clave a la Ciencia del Aprendizaje en Chile.\u00a0Se refiere vicerrector Rodrigo Palomo, vicerrector acad\u00e9mico.<\/a>\u00a0<\/div><div>\u00a0<\/div><div class=\"x_elementToProof\"><b>CU\u00c1L ES TU HUELLA<\/b>\u00a0<br \/><a id=\"OWA8ca5842f-beac-2e73-e8c7-cf0c01232a30\" class=\"x_Hyperlink x_SCXW181720316 x_BCX0 x_OWAAutoLink\" title=\"https:\/\/www.cualestuhuella.cl\/noticia\/noticias\/2026\/01\/estudiantes-universitarios-archivos-digitales-complusiva-estudio-impacto-salud-mental\" href=\"https:\/\/www.cualestuhuella.cl\/noticia\/noticias\/2026\/01\/estudiantes-universitarios-archivos-digitales-complusiva-estudio-impacto-salud-mental\" target=\"_blank\" rel=\"noreferrer noopener\" data-auth=\"NotApplicable\" data-linkindex=\"4\">Estudiantes universitarios acumulan archivos digitales de forma compulsiva: estudio revela impacto en salud mental. Se refiere Alejandro Cataldo, acad\u00e9mico de la Facultad de Econom\u00eda y Negocios<\/a>\u00a0<\/div><div>\u00a0<\/div><div class=\"x_elementToProof\"><b>MEDIABANCO<\/b>\u00a0<br \/><a id=\"OWAb18633e4-647c-76ab-a04c-e39a88a7ebe2\" class=\"x_Hyperlink x_SCXW181720316 x_BCX0 x_OWAAutoLink\" title=\"https:\/\/www.mediabanco.com\/diogenes-digital-investigan-como-la-acumulacion-de-archivos-afecta-a-estudiantes\/\" href=\"https:\/\/www.mediabanco.com\/diogenes-digital-investigan-como-la-acumulacion-de-archivos-afecta-a-estudiantes\/\" target=\"_blank\" rel=\"noreferrer noopener\" data-auth=\"NotApplicable\" data-linkindex=\"5\">\u201cDi\u00f3genes digital\u201d: investigan c\u00f3mo la acumulaci\u00f3n de archivos afecta a estudiantes. Se refiere Alejandro Cataldo, acad\u00e9mico de la Facultad de Econom\u00eda y Negocios<\/a>\u00a0<\/div><div>\u00a0<\/div><div class=\"x_elementToProof\"><b>EMOL<\/b>\u00a0<br \/><a id=\"OWA1ba5e64c-0602-ae6a-77d7-0eaadd7a003f\" class=\"x_Hyperlink x_SCXW181720316 x_BCX0 x_OWAAutoLink\" title=\"https:\/\/www.emol.com\/noticias\/Nacional\/2026\/01\/11\/1188221\/analisis-estrategia-kast-gabinete.html\" href=\"https:\/\/www.emol.com\/noticias\/Nacional\/2026\/01\/11\/1188221\/analisis-estrategia-kast-gabinete.html\" target=\"_blank\" rel=\"noreferrer noopener\" data-auth=\"NotApplicable\" data-linkindex=\"6\">\u00bfTesteo pol\u00edtico?: El an\u00e1lisis a la &#8216;estrategia&#8217; de Kast de entregar nombres de su gabinete por &#8216;goteo&#8217;. Se refiere Mario Herrera, acad\u00e9mico Centro de An\u00e1lisis Pol\u00edtico (CAP).<\/a>\u00a0<\/div><div>\u00a0<\/div><div class=\"x_elementToProof\"><b>EST\u00c1 PASANDO<\/b>\u00a0<br \/><a id=\"OWA58fb7724-af6b-e572-9eee-7cbd62ce42bd\" class=\"x_Hyperlink x_SCXW181720316 x_BCX0 x_OWAAutoLink\" title=\"https:\/\/estapasando.cl\/politica\/1000-avances-la-moneda-busca-fijar-su-legado-en-recta-final\/\" href=\"https:\/\/estapasando.cl\/politica\/1000-avances-la-moneda-busca-fijar-su-legado-en-recta-final\/\" target=\"_blank\" rel=\"noreferrer noopener\" data-auth=\"NotApplicable\" data-linkindex=\"7\">\u201c1000 avances\u201d: La Moneda busca fijar su legado en recta final.\u00a0Se refiere Mario Herrera, acad\u00e9mico Centro de An\u00e1lisis Pol\u00edtico (CAP).<\/a>\u00a0<\/div><div>\u00a0<\/div><div class=\"x_elementToProof\">\u00a0<br \/><b>EMOL<\/b>\u00a0<br \/><a id=\"OWA50afcf31-2fb8-5034-f7d3-e42b81e81206\" class=\"x_Hyperlink x_SCXW181720316 x_BCX0 x_OWAAutoLink\" title=\"https:\/\/www.emol.com\/noticias\/Nacional\/2026\/01\/12\/1188340\/1000-avances-gobierno-campana-legado.html\" href=\"https:\/\/www.emol.com\/noticias\/Nacional\/2026\/01\/12\/1188340\/1000-avances-gobierno-campana-legado.html\" target=\"_blank\" rel=\"noreferrer noopener\" data-auth=\"NotApplicable\" data-linkindex=\"8\">\u201c1000 avances\u201d: Gobierno lanza campa\u00f1a de despedida defendiendo su gesti\u00f3n y abre debate sobre &#8216;complejo&#8217; legado.\u00a0Se refiere Mario Herrera, acad\u00e9mico Centro de An\u00e1lisis Pol\u00edtico (CAP).<\/a>\u00a0<\/div><div class=\"x_elementToProof\" aria-hidden=\"true\">\u00a0<\/div><div aria-hidden=\"true\">\u00a0<\/div><div class=\"x_elementToProof\"><b>NUEVO PODER<\/b>\u00a0<br \/><a id=\"OWAb8e05580-9412-e2e0-5a5d-ac161e2f0582\" class=\"x_Hyperlink x_SCXW181720316 x_BCX0 x_OWAAutoLink\" title=\"https:\/\/www.nuevopoder.cl\/legado-gobierno-lanza-campana-de-despedida-1000-avances\/\" href=\"https:\/\/www.nuevopoder.cl\/legado-gobierno-lanza-campana-de-despedida-1000-avances\/\" target=\"_blank\" rel=\"noreferrer noopener\" data-auth=\"NotApplicable\" data-linkindex=\"9\">Legado: Gobierno lanza campa\u00f1a de despedida \u00ab1000 avances\u00bb.\u00a0Se refiere Mario Herrera, acad\u00e9mico Centro de An\u00e1lisis Pol\u00edtico (CAP).<\/a>\u00a0<\/div><div>\u00a0<\/div><div class=\"x_elementToProof\"><b>NUEVO PODER<\/b>\u00a0<br \/><a id=\"OWAc9a4cb01-3a49-b9ac-5a65-0875346dbb18\" class=\"x_Hyperlink x_SCXW181720316 x_BCX0 x_OWAAutoLink\" title=\"https:\/\/www.nuevopoder.cl\/boric-analistas-preven-cierre-de-gestion-enfocado-en-transicion-y-legado\/\" href=\"https:\/\/www.nuevopoder.cl\/boric-analistas-preven-cierre-de-gestion-enfocado-en-transicion-y-legado\/\" target=\"_blank\" rel=\"noreferrer noopener\" data-auth=\"NotApplicable\" data-linkindex=\"10\">Boric: analistas prev\u00e9n cierre de gesti\u00f3n enfocado en transici\u00f3n y legado. Se refiere Mario Herrera, acad\u00e9mico Centro de An\u00e1lisis Pol\u00edtico (CAP).<\/a>\u00a0<\/div><div>\u00a0<\/div><div class=\"x_elementToProof\"><b>MEGANOTICIAS<\/b>\u00a0<br \/><a id=\"OWA74fe6503-9377-2846-90e2-862e861612a0\" class=\"x_Hyperlink x_SCXW181720316 x_BCX0 x_OWAAutoLink\" title=\"https:\/\/www.meganoticias.cl\/nacional\/511864-columna-mauricio-morales-reformas-al-sistema-politico-gobierno-11-01-2026.html\" href=\"https:\/\/www.meganoticias.cl\/nacional\/511864-columna-mauricio-morales-reformas-al-sistema-politico-gobierno-11-01-2026.html\" target=\"_blank\" rel=\"noreferrer noopener\" data-auth=\"NotApplicable\" data-linkindex=\"11\">Columna de Mauricio Morales: &#8220;Reformas al sistema pol\u00edtico&#8221;. Se refiere Mauricio Morales, director de Centro de An\u00e1lisis Pol\u00edtico (CAP).<\/a>\u00a0\u00a0<\/div><div>\u00a0<\/div><div class=\"x_elementToProof\"><b>PORTAL METROPOLITANO<\/b>\u00a0<br \/><a id=\"OWA5ede7369-3c9f-cc73-0b1f-206b2dccdf37\" class=\"x_Hyperlink x_SCXW181720316 x_BCX0 x_OWAAutoLink\" title=\"https:\/\/portalmetropolitano.cl\/expertos-nacionales-e-internacionales-presentan-innovaciones-en-rehabilitacion-para-personas-mayores-en-congreso-vida-plateada-2025\/\" href=\"https:\/\/portalmetropolitano.cl\/expertos-nacionales-e-internacionales-presentan-innovaciones-en-rehabilitacion-para-personas-mayores-en-congreso-vida-plateada-2025\/\" target=\"_blank\" rel=\"noreferrer noopener\" data-auth=\"NotApplicable\" data-linkindex=\"12\">Expertos nacionales e internacionales presentan innovaciones en rehabilitaci\u00f3n para personas mayores en Congreso Vida Plateada 2025. Se refiere Valeska Gatica, directora del Laboratorio de Control Motor Humano.<\/a>\u00a0\u00a0<\/div><div>\u00a0<\/div><div class=\"x_elementToProof\"><b>PAUTA COMUNAL\u00a0<\/b>\u00a0<br \/><a id=\"OWA89fe7607-4cb0-990c-1661-a0b56873e119\" class=\"x_Hyperlink x_SCXW181720316 x_BCX0 x_OWAAutoLink\" title=\"https:\/\/pautacomunal.cl\/nacional\/expertos-de-chile-y-el-extranjero-muestran-nuevas-soluciones-en-rehabilitacion-para-adultos-mayores-en-el-congreso-vida-plateada-2025\/\" href=\"https:\/\/pautacomunal.cl\/nacional\/expertos-de-chile-y-el-extranjero-muestran-nuevas-soluciones-en-rehabilitacion-para-adultos-mayores-en-el-congreso-vida-plateada-2025\/\" target=\"_blank\" rel=\"noreferrer noopener\" data-auth=\"NotApplicable\" data-linkindex=\"13\">Expertos de Chile y el extranjero muestran nuevas soluciones en rehabilitaci\u00f3n para adultos mayores en el Congreso Vida Plateada 2025. Se refiere Valeska Gatica, directora del Laboratorio de Control Motor Humano.<\/a>\u00a0<\/div><div>\u00a0<\/div><div class=\"x_elementToProof\"><b>EL CONTENIDO. NEWS<\/b>\u00a0<br \/><a id=\"OWA371cbfd9-4f16-78b6-c204-07df394e36a8\" class=\"x_Hyperlink x_SCXW181720316 x_BCX0 x_OWAAutoLink\" title=\"https:\/\/elcontenido.news\/2026\/nacional\/expertos-nacionales-e-internacionales-presentan-innovaciones-en-rehabilitacion-para-adultos-mayores-en-el-congreso-vida-plateada-2025\/\" href=\"https:\/\/elcontenido.news\/2026\/nacional\/expertos-nacionales-e-internacionales-presentan-innovaciones-en-rehabilitacion-para-adultos-mayores-en-el-congreso-vida-plateada-2025\/\" target=\"_blank\" rel=\"noreferrer noopener\" data-auth=\"NotApplicable\" data-linkindex=\"14\">Expertos nacionales e internacionales presentan innovaciones en rehabilitaci\u00f3n para personas mayores en Congreso Vida Plateada 2025. Se refiere Valeska Gatica, directora del Laboratorio de Control Motor Humano.<\/a>\u00a0<\/div><div>\u00a0<\/div><div class=\"x_elementToProof\"><b>REVISTA ECOCIENCIAS<\/b>\u00a0<br \/><a id=\"OWA7db6f104-67fc-b376-5a87-bc3963e4e127\" class=\"x_Hyperlink x_SCXW181720316 x_BCX0 x_OWAAutoLink\" title=\"https:\/\/revistaecociencias.cl\/2026\/01\/12\/crean-chocolate-funcional-que-ayuda-a-prevenir-el-cancer-gastrico-desde-subproductos-vitivinicolas-del-maule\/\" href=\"https:\/\/revistaecociencias.cl\/2026\/01\/12\/crean-chocolate-funcional-que-ayuda-a-prevenir-el-cancer-gastrico-desde-subproductos-vitivinicolas-del-maule\/\" target=\"_blank\" rel=\"noreferrer noopener\" data-auth=\"NotApplicable\" data-linkindex=\"15\">Investigadora crea chocolate que ayuda a prevenir el c\u00e1ncer g\u00e1strico desde subproductos vitivin\u00edcolas del Maule. Se refiere Ariela Vergara, directora de Innovaci\u00f3n y Transferencia.<\/a>\u00a0<\/div><div>\u00a0<\/div><div class=\"x_elementToProof\"><b>UBIOBIO<\/b>\u00a0<br \/><a id=\"OWA34bccf0d-23b5-9c33-fc7e-4e69841921d4\" class=\"x_Hyperlink x_SCXW181720316 x_BCX0 x_OWAAutoLink\" title=\"https:\/\/noticias.ubiobio.cl\/2026\/01\/12\/concurso-nacional-de-piano-laurencia-contreras-premio-a-grandes-talentos-de-distintas-ciudades-del-pais\/\" href=\"https:\/\/noticias.ubiobio.cl\/2026\/01\/12\/concurso-nacional-de-piano-laurencia-contreras-premio-a-grandes-talentos-de-distintas-ciudades-del-pais\/\" target=\"_blank\" rel=\"noreferrer noopener\" data-auth=\"NotApplicable\" data-linkindex=\"16\">Concurso Nacional de Piano Laurencia Contreras premi\u00f3 a grandes talentos de distintas ciudades del pa\u00eds. Se menciona la Universidad de Talca.<\/a>\u00a0<\/div><div>\u00a0<\/div><div class=\"x_elementToProof\"><b>CAMPO SURE\u00d1O<\/b>\u00a0<br \/><a id=\"OWA62de5e6c-7a37-d70f-5a98-891bf442bf97\" class=\"x_Hyperlink x_SCXW181720316 x_BCX0 x_OWAAutoLink\" title=\"https:\/\/www.litoralpress.cl\/sitio\/Prensa_Detalles.cshtml?LPKey=BNLZPVCGUEGXF4ZSERYOJUPKTZQL6ULNJHLC7DQXXAOJATCVYKDA\" href=\"https:\/\/www.litoralpress.cl\/sitio\/Prensa_Detalles.cshtml?LPKey=BNLZPVCGUEGXF4ZSERYOJUPKTZQL6ULNJHLC7DQXXAOJATCVYKDA\" target=\"_blank\" rel=\"noreferrer noopener\" data-auth=\"NotApplicable\" data-linkindex=\"17\">Ciencia chilena desarrolla levadura que extiende la vida \u00fatil de la frutilla en tres d\u00edas. Se menciona la Universidad de Talca.<\/a>\u00a0<\/div><div class=\"x_elementToProof\">\u00a0\u00a0<\/div><div class=\"x_elementToProof\">\u00a0<\/div>\t\t\t\t\t\t<\/div>\n\t\t\t\t<\/div>\n\t\t\t\t\t<\/div>\n\t\t<\/div>\n\t\t\t\t\t\t\t<\/div>\n\t\t<\/section>\n\t\t\t\t\t\t<\/div>\n\t\t\t\t\t<\/div>\n\t\t","protected":false},"excerpt":{"rendered":"<p>PORTAL AGRO CHILE\u00a0UTalca y UNAB lideran centro de excelencia que buscar\u00e1 transformar el sistema agroalimentario. Se refiere Laurens Klerkx, acad\u00e9mico Facultad de Ciencias Agrarias.\u00a0\u00a0\u00a0TIERRA AMARILLANO\u00a0UTalca y UNAB lideran centro de excelencia que buscar\u00e1 transformar el sistema agroalimentario. Se refiere Laurens Klerkx, acad\u00e9mico Facultad de Ciencias Agrarias\u00a0\u00a0PORTAL EDUCA\u00a0N\u00facleo Milenio MiNSoL cierra su ciclo con aportes clave &hellip;<\/p>\n<p class=\"read-more\"> <a class=\"\" href=\"https:\/\/www.reportedeprensa.utalca.cl\/?p=13177\"> <span class=\"screen-reader-text\">13 de enero 2026<\/span> Read More &raquo;<\/a><\/p>\n","protected":false},"author":1,"featured_media":0,"comment_status":"closed","ping_status":"open","sticky":false,"template":"","format":"standard","meta":{"_monsterinsights_skip_tracking":false,"_monsterinsights_sitenote_active":false,"_monsterinsights_sitenote_note":"","_monsterinsights_sitenote_category":0},"categories":[67],"tags":[],"_links":{"self":[{"href":"https:\/\/www.reportedeprensa.utalca.cl\/index.php?rest_route=\/wp\/v2\/posts\/13177"}],"collection":[{"href":"https:\/\/www.reportedeprensa.utalca.cl\/index.php?rest_route=\/wp\/v2\/posts"}],"about":[{"href":"https:\/\/www.reportedeprensa.utalca.cl\/index.php?rest_route=\/wp\/v2\/types\/post"}],"author":[{"embeddable":true,"href":"https:\/\/www.reportedeprensa.utalca.cl\/index.php?rest_route=\/wp\/v2\/users\/1"}],"replies":[{"embeddable":true,"href":"https:\/\/www.reportedeprensa.utalca.cl\/index.php?rest_route=%2Fwp%2Fv2%2Fcomments&post=13177"}],"version-history":[{"count":5,"href":"https:\/\/www.reportedeprensa.utalca.cl\/index.php?rest_route=\/wp\/v2\/posts\/13177\/revisions"}],"predecessor-version":[{"id":13345,"href":"https:\/\/www.reportedeprensa.utalca.cl\/index.php?rest_route=\/wp\/v2\/posts\/13177\/revisions\/13345"}],"wp:attachment":[{"href":"https:\/\/www.reportedeprensa.utalca.cl\/index.php?rest_route=%2Fwp%2Fv2%2Fmedia&parent=13177"}],"wp:term":[{"taxonomy":"category","embeddable":true,"href":"https:\/\/www.reportedeprensa.utalca.cl\/index.php?rest_route=%2Fwp%2Fv2%2Fcategories&post=13177"},{"taxonomy":"post_tag","embeddable":true,"href":"https:\/\/www.reportedeprensa.utalca.cl\/index.php?rest_route=%2Fwp%2Fv2%2Ftags&post=13177"}],"curies":[{"name":"wp","href":"https:\/\/api.w.org\/{rel}","templated":true}]}}