{"id":1318,"date":"2021-06-25T09:38:18","date_gmt":"2021-06-25T12:38:18","guid":{"rendered":"https:\/\/www.reportedeprensa.utalca.cl\/?p=1318"},"modified":"2021-06-25T09:56:55","modified_gmt":"2021-06-25T12:56:55","slug":"25-de-junio-de-2021","status":"publish","type":"post","link":"https:\/\/www.reportedeprensa.utalca.cl\/?p=1318","title":{"rendered":"25 de junio de 2021"},"content":{"rendered":"\t\t<div data-elementor-type=\"wp-post\" data-elementor-id=\"1318\" class=\"elementor elementor-1318\" data-elementor-settings=\"[]\">\n\t\t\t\t\t\t\t<div class=\"elementor-section-wrap\">\n\t\t\t\t\t\t\t<section class=\"elementor-section elementor-top-section elementor-element elementor-element-a06ca45 elementor-section-boxed elementor-section-height-default elementor-section-height-default\" data-id=\"a06ca45\" data-element_type=\"section\">\n\t\t\t\t\t\t<div class=\"elementor-container elementor-column-gap-default\">\n\t\t\t\t\t<div class=\"elementor-column elementor-col-100 elementor-top-column elementor-element elementor-element-1486c35\" data-id=\"1486c35\" data-element_type=\"column\">\n\t\t\t<div class=\"elementor-widget-wrap elementor-element-populated\">\n\t\t\t\t\t\t\t\t<div class=\"elementor-element elementor-element-42b145e elementor-widget elementor-widget-text-editor\" data-id=\"42b145e\" data-element_type=\"widget\" data-widget_type=\"text-editor.default\">\n\t\t\t\t<div class=\"elementor-widget-container\">\n\t\t\t\t\t\t\t\t<p><b>CANAL TVN<\/b><\/p><p><a style=\"font-style: inherit; font-weight: inherit; background-color: #ffffff; font-family: -apple-system, BlinkMacSystemFont,;\" href=\"https:\/\/www.litoralpress.cl\/sitio\/RadioTV_Detalles.cshtml?LPKey=YXKB2FSMEPVX4UPRSTX2OAEHIEMZWOKE6T6KZX5LAUZZ6XCHWUMA\" target=\"_blank\" rel=\"noopener\">Radiograf\u00eda a la variante Delta \u00bfEs la m\u00e1s peligrosa? Se refiere Sergio Wehinger, director del Mag\u00edster en Ciencias Biom\u00e9dicas de la UTalca.<\/a><\/p><p>\u00a0<\/p><p><b>CANAL 24 HORAS<\/b><\/p><p><a style=\"font-style: inherit; font-weight: inherit; background-color: #ffffff; font-family: -apple-system, BlinkMacSystemFont,;\" href=\"https:\/\/www.litoralpress.cl\/sitio\/RadioTV_Detalles.cshtml?LPKey=HZGJRGQ2EKSMDAOD3X4J3SPMY2VBFOEM6GAW4V6P5RAAYUVI4ZEQ\" target=\"_blank\" rel=\"noopener\">Radiograf\u00eda a la variante Delta \u00bfEs la m\u00e1s peligrosa? Se refiere Sergio Wehinger, director del Mag\u00edster en Ciencias Biom\u00e9dicas de la UTalca.<\/a><\/p><p>\u00a0<\/p><p><b>ELMOSTRADOR.CL<\/b><\/p><p><a style=\"font-style: inherit; font-weight: inherit; background-color: #ffffff; font-family: -apple-system, BlinkMacSystemFont,;\" href=\"https:\/\/www.elmostrador.cl\/noticias\/pais\/2021\/06\/24\/cierre-efectivo-de-fronteras-tercera-dosis-y-no-relajar-las-medidas-los-llamados-de-expertos-y-politicos-ante-aparicion-de-la-temida-variante-delta-del-covid-19\/\" target=\"_blank\" rel=\"noopener\">Cierre efectivo de fronteras, tercera dosis y no relajar las medidas: los llamados de expertos y pol\u00edticos ante aparici\u00f3n de la temida variante delta del COVID-19. Se refiere Sergio Wehinger, director del Mag\u00edster en Ciencias Biom\u00e9dicas de la UTalca.<\/a><\/p><p>\u00a0<\/p><p><b>ADPRENSA.CL<\/b><\/p><p><a style=\"font-style: inherit; font-weight: inherit; background-color: #ffffff; font-family: -apple-system, BlinkMacSystemFont,;\" href=\"https:\/\/www.adprensa.cl\/cronica\/expertos-utalca-llaman-a-extremar-precauciones-sanitarias-ante-llegada-de-variante-delta-de-covid-19\/\" target=\"_blank\" rel=\"noopener\">Expertos UTalca llaman a extremar precauciones sanitarias ante llegada de variante Delta de COVID-19.<\/a><\/p><p>\u00a0<\/p><p><b>DIARIOTALCA.CL<\/b><\/p><p><a style=\"font-style: inherit; font-weight: inherit; background-color: #ffffff; font-family: -apple-system, BlinkMacSystemFont,;\" href=\"https:\/\/www.litoralpress.cl\/paginaconsultas\/Documentos\/Get_Imagen.aspx?lpkey=4HUJD43AECPJEYQYEA2KXUF26327KDNAAMPDBZEUYWZWCXZEPNGA4HZJJ2U7VBYNYLC2MTHFKLY7K\" target=\"_blank\" rel=\"noopener\">Advierten que las vacunas pueden combatir la variante Delta. Se refiere Olga Lobos, directora del Departamento de Microbiolog\u00eda de la UTalca.<\/a><\/p><p>\u00a0<\/p><p><b>MAULEE.CL<\/b><\/p><p><a style=\"font-style: inherit; font-weight: inherit; background-color: #ffffff; font-family: -apple-system, BlinkMacSystemFont,;\" href=\"https:\/\/www.maulee.cl\/expertos-utalca-llaman-a-extremar-precauciones-sanitarias-ante-llegada-de-variante-delta-de-covid-19\/\" target=\"_blank\" rel=\"noopener\">Expertos llaman a extremar precauciones sanitarias ante llegada de variante Delta de COVID-19. Se refieren Sergio Wehinger, director del Mag\u00edster en Ciencias Biom\u00e9dicas; Olga Lobos, directora del Departamento de Microbiolog\u00eda; y Marcelo Alarc\u00f3n, acad\u00e9mico del Departamento de Bioqu\u00edmica Cl\u00ednica e Inmunohematolog\u00eda de la UTalca.<\/a><\/p><p>\u00a0<\/p><p><b>TVMAULE.CL<\/b><\/p><p><a style=\"font-style: inherit; font-weight: inherit; background-color: #ffffff; font-family: -apple-system, BlinkMacSystemFont,;\" href=\"https:\/\/www.tvmaule.cl\/llaman-a-aumentar-precauciones-sanitarias-tras-confirmarse-llegada-de-variante-delta-de-covid-19\/\" target=\"_blank\" rel=\"noopener\">Llaman a aumentar precauciones sanitarias tras confirmarse llegada de variante Delta de COVID-19. Se refieren Sergio Wehinger, director del Mag\u00edster en Ciencias Biom\u00e9dicas; Olga Lobos, directora del Departamento de Microbiolog\u00eda; y Marcelo Alarc\u00f3n, acad\u00e9mico del Departamento de Bioqu\u00edmica Cl\u00ednica e Inmunohematolog\u00eda de la UTalca.<\/a><\/p><p>\u00a0<\/p><p><b>REDMAULE.COM<\/b><\/p><p><a style=\"font-style: inherit; font-weight: inherit; background-color: #ffffff; font-family: -apple-system, BlinkMacSystemFont,;\" href=\"https:\/\/www.redmaule.com\/nacional\/llaman-a-extremar-precauciones-sanitarias-ante-llegada-de-variante-delta\" target=\"_blank\" rel=\"noopener\">Llaman a extremar precauciones sanitarias ante llegada de variante Delta de COVID-19. Se refieren Sergio Wehinger, director del Mag\u00edster en Ciencias Biom\u00e9dicas; Olga Lobos, directora del Departamento de Microbiolog\u00eda; y Marcelo Alarc\u00f3n, acad\u00e9mico del Departamento de Bioqu\u00edmica Cl\u00ednica e Inmunohematolog\u00eda de la UTalca.<\/a><\/p><p>\u00a0<\/p><p><b>TALCACAPITAL.CL<\/b><\/p><p><a style=\"font-style: inherit; font-weight: inherit; background-color: #ffffff; font-family: -apple-system, BlinkMacSystemFont,;\" href=\"https:\/\/talcacapital.cl\/expertos-llaman-a-extremar-precauciones-sanitarias-ante-llegada-de-variante-delta-de-covid-19\/\" target=\"_blank\" rel=\"noopener\">Expertos llaman a extremar precauciones sanitarias ante llegada de variante Delta de COVID-19. Se refieren Sergio Wehinger, director del Mag\u00edster en Ciencias Biom\u00e9dicas; Olga Lobos, directora del Departamento de Microbiolog\u00eda; y Marcelo Alarc\u00f3n, acad\u00e9mico del Departamento de Bioqu\u00edmica Cl\u00ednica e Inmunohematolog\u00eda de la UTalca.<\/a><\/p><p>\u00a0<\/p><p><b>ELALFA.CL<\/b><\/p><p><a style=\"font-style: inherit; font-weight: inherit; background-color: #ffffff; font-family: -apple-system, BlinkMacSystemFont,;\" href=\"https:\/\/elalfa.cl\/index.php\/2021\/06\/24\/expertos-llaman-a-extremar-precauciones-sanitarias-ante-llegada-de-variante-delta-de-covid-19\/\" target=\"_blank\" rel=\"noopener\">Expertos llaman a extremar precauciones sanitarias ante llegada de variante Delta de COVID-19. Se refieren Sergio Wehinger, director del Mag\u00edster en Ciencias Biom\u00e9dicas; Olga Lobos, directora del Departamento de Microbiolog\u00eda; y Marcelo Alarc\u00f3n, acad\u00e9mico del Departamento de Bioqu\u00edmica Cl\u00ednica e Inmunohematolog\u00eda de la UTalca.<\/a><\/p><p>\u00a0<\/p><p><b>DIARIO FINANCIERO<\/b><\/p><p><a style=\"font-style: inherit; font-weight: inherit; background-color: #ffffff; font-family: -apple-system, BlinkMacSystemFont,;\" href=\"https:\/\/www.litoralpress.cl\/paginaconsultas\/Servicios_NClip\/Get_Imagen_Nota.aspx?LPKey=HHTXGPW52EZRVGYGB5QFIHH7TZEP7F234LS6FZBOMFWZZ36DOEZATN3SLGU4MJXRMKNKVO4D2ISYC\" target=\"_blank\" rel=\"noopener\">Acad\u00e9micos y asesores se unen para incidir con propuestas en el debate tributario. Se menciona la UTalca.<\/a><\/p><p>\u00a0<\/p><p><b>DIARIOTALCA.CL<\/b><\/p><p><a style=\"font-style: inherit; font-weight: inherit; background-color: #ffffff; font-family: -apple-system, BlinkMacSystemFont,;\" href=\"https:\/\/www.litoralpress.cl\/paginaconsultas\/Documentos\/Get_Imagen.aspx?lpkey=CWPHY6LCHMQPYFRIO3QWFZDSJPS3VEVHC3JVVBYNUWSSYQ4JXOSK2FBKILXDPAF4CWT7A2FGK3LK2\" target=\"_blank\" rel=\"noopener\">Confirman menor impacto ambiental de estufas a pellets. Se refiere Carlos Ch\u00e1vez, acad\u00e9mico de la Facultad de Econom\u00eda y Negocios (FEN) de la UTalca.<\/a><\/p><p>\u00a0<\/p><p><b>EL HERALDO<\/b><\/p><p><a style=\"font-style: inherit; font-weight: inherit; background-color: #ffffff; font-family: -apple-system, BlinkMacSystemFont,;\" href=\"https:\/\/www.litoralpress.cl\/paginaconsultas\/Servicios_NClip\/Get_Imagen_Nota.aspx?LPKey=EA3OQWWP7QAAT4PPRKO5FOBAK53HCYBYZOKCXH7OMCZKXS24ROLIBA34AYHZWNNJAJ5QYLTJAWNHU\" target=\"_blank\" rel=\"noopener\">Estudio UTalca analiz\u00f3 impacto del uso de estufas a le\u00f1a y pellets a nivel intradomiciliario.<\/a><\/p><p>\u00a0<\/p><p><b>DIARIOELHERALDO.CL<\/b><\/p><p><a style=\"font-style: inherit; font-weight: inherit; background-color: #ffffff; font-family: -apple-system, BlinkMacSystemFont,;\" href=\"http:\/\/www.diarioelheraldo.cl\/noticia\/estudio-utalca-analizo-impacto-del-uso-de-estufas-a-lena-y-pellets-a-nivel-intradomiciliario\" target=\"_blank\" rel=\"noopener\">Estudio UTalca analiz\u00f3 impacto del uso de estufas a le\u00f1a y pellets a nivel intradomiciliario.<\/a><\/p><p>\u00a0<\/p><p><b>ELMAULEINFORMA.CL<\/b><\/p><p><a style=\"font-style: inherit; font-weight: inherit; background-color: #ffffff; font-family: -apple-system, BlinkMacSystemFont,;\" href=\"https:\/\/elmauleinforma.cl\/estudio-utalca-analizo-impacto-del-uso-de-estufas-a-lena-y-pellets-a-nivel-intradomiciliario\/\" target=\"_blank\" rel=\"noopener\">Estudio UTalca analiz\u00f3 impacto del uso de estufas a le\u00f1a y pellets a nivel intradomiciliario.<\/a><\/p><p>\u00a0<\/p><p><b>G5NOTICIAS.CL<\/b><\/p><p><a style=\"font-style: inherit; font-weight: inherit; background-color: #ffffff; font-family: -apple-system, BlinkMacSystemFont,;\" href=\"https:\/\/g5noticias.cl\/2021\/06\/23\/estudio-utalca-analizo-impacto-del-uso-de-estufas-a-lena-y-pellets-a-nivel-intradomiciliario\/\" target=\"_blank\" rel=\"noopener\">Estudio UTalca analiz\u00f3 impacto del uso de estufas a le\u00f1a y pellets a nivel intradomiciliario.<\/a><\/p><p>\u00a0<\/p><p><b>CANAL CONTIVISI\u00d3N<\/b><\/p><p><a style=\"font-style: inherit; font-weight: inherit; background-color: #ffffff; font-family: -apple-system, BlinkMacSystemFont,;\" href=\"https:\/\/www.litoralpress.cl\/sitio\/RadioTV_Detalles.cshtml?LPKey=XYNZSQLSMJO7N2VRBETCP47DODRUOFTWIYAF2XY5GDCGOHAMXDTQ\" target=\"_blank\" rel=\"noopener\">S\u00f3lo algunos cortes del suministro el\u00e9ctrico se registran por paso de sistema frontal. Se refiere Patricio Gonz\u00e1lez, agroclimat\u00f3logo de la UTalca.<\/a><\/p><p>\u00a0<\/p><p><b>CANAL HOLVOET TELEVISI\u00d3N<\/b><\/p><p><a style=\"font-style: inherit; font-weight: inherit; background-color: #ffffff; font-family: -apple-system, BlinkMacSystemFont,;\" href=\"https:\/\/www.litoralpress.cl\/sitio\/RadioTV_Detalles.cshtml?LPKey=5BAE53TOSPMAFT2SG5CLGAIHHZFP5EJEXFB4VEBFQ2VD2OVJZJZA\" target=\"_blank\" rel=\"noopener\">Sequ\u00eda se mantendr\u00e1 este 2021 y provocar\u00e1 emergencia agr\u00edcola en varias comunas. Se refiere Patricio Gonz\u00e1lez, agroclimat\u00f3logo de la UTalca.<\/a><\/p><p>\u00a0<\/p><p><b>SEPTIMAPAGINANOTICIAS.CL<\/b><\/p><p><a style=\"font-style: inherit; font-weight: inherit; background-color: #ffffff; font-family: -apple-system, BlinkMacSystemFont,;\" href=\"https:\/\/www.septimapaginanoticias.cl\/post\/vacunacion-en-menores-expertos-confirman-su-seguridad-y-necesidad-de-aumentar-poblacion-inoculada\" target=\"_blank\" rel=\"noopener\">Vacunaci\u00f3n en menores: expertos confirman su seguridad y necesidad de aumentar poblaci\u00f3n inoculada. Se refiere Olga Lobos, directora del Departamento de Microbiolog\u00eda y Marcelo Alarc\u00f3n, acad\u00e9mico del Departamento de Bioqu\u00edmica Cl\u00ednica e Inmunohematolog\u00eda de la UTalca.<\/a><\/p><p>\u00a0<\/p><p><b>ADPRENSA.CL<\/b><\/p><p><a style=\"font-style: inherit; font-weight: inherit; background-color: #ffffff; font-family: -apple-system, BlinkMacSystemFont,;\" href=\"https:\/\/www.adprensa.cl\/cronica\/adultos-mayores-es-fundamental-avanzar-hacia-politicas-estatales-de-proteccion\/\" target=\"_blank\" rel=\"noopener\">Adultos mayores: es fundamental avanzar hacia pol\u00edticas estatales de protecci\u00f3n. Se refiere Carolina Riveros, acad\u00e9mica de la Facultad de Ciencias Jur\u00eddicas y Sociales de la UTalca.<\/a><\/p><p>\u00a0<\/p><p><b>UNIVERSIDADESESTATALES.CL<\/b><\/p><p><a style=\"font-style: inherit; font-weight: inherit; background-color: #ffffff; font-family: -apple-system, BlinkMacSystemFont,;\" href=\"http:\/\/www.universidadesestatales.cl\/cue\/?q=node\/8930\" target=\"_blank\" rel=\"noopener\">Adultos mayores: es fundamental avanzar hacia pol\u00edticas estatales de protecci\u00f3n. Se refiere Carolina Riveros, acad\u00e9mica de la Facultad de Ciencias Jur\u00eddicas y Sociales de la UTalca.<\/a><\/p><p>\u00a0<\/p><p><b>DIALOGOSUR.CL<\/b><\/p><p><a style=\"font-style: inherit; font-weight: inherit; background-color: #ffffff; font-family: -apple-system, BlinkMacSystemFont,;\" href=\"https:\/\/dialogosur.cl\/adultos-mayores-es-fundamental-avanzar-hacia-politicas-estatales-de-proteccion\/\" target=\"_blank\" rel=\"noopener\">Adultos mayores: es fundamental avanzar hacia pol\u00edticas estatales de protecci\u00f3n. Se refiere Carolina Riveros, acad\u00e9mica de la Facultad de Ciencias Jur\u00eddicas y Sociales de la UTalca.<\/a><\/p><p>\u00a0<\/p><p><b>CANAL TV5<\/b><\/p><p><a style=\"font-style: inherit; font-weight: inherit; background-color: #ffffff; font-family: -apple-system, BlinkMacSystemFont,;\" href=\"https:\/\/www.litoralpress.cl\/sitio\/RadioTV_Detalles.cshtml?LPKey=QNNJ34K7ZQISVR33KBYQ65OT7PIAOGVRFBZ36PSAWQV5X54UBGGQ\" target=\"_blank\" rel=\"noopener\">Entrevista: Emilio Moyano, acad\u00e9mico de la Facultad de Psicolog\u00eda de la UTalca.<\/a><\/p><p>\u00a0<\/p><p><b>TALCACAPITAL.CL<\/b><\/p><p><a style=\"font-style: inherit; font-weight: inherit; background-color: #ffffff; font-family: -apple-system, BlinkMacSystemFont,;\" href=\"https:\/\/talcacapital.cl\/proyecto-fic-utalca-permitira-que-comunas-pequenas-manejen-contaminacion-urbana-con-informacion-al-instante\/\" target=\"_blank\" rel=\"noopener\">Proyecto FIC UTalca permitir\u00e1 que comunas peque\u00f1as manejen contaminaci\u00f3n urbana con informaci\u00f3n al instante.<\/a><\/p><p>\u00a0<\/p><p><b>ELALFA.CL<\/b><\/p><p><a style=\"font-style: inherit; font-weight: inherit; background-color: #ffffff; font-family: -apple-system, BlinkMacSystemFont,;\" href=\"https:\/\/elalfa.cl\/index.php\/2021\/06\/24\/proyecto-fic-utalca-permitira-que-comunas-pequenas-manejen-contaminacion-urbana-con-informacion-al-instante\/\" target=\"_blank\" rel=\"noopener\">Proyecto FIC UTalca permitir\u00e1 que comunas peque\u00f1as manejen contaminaci\u00f3n urbana con informaci\u00f3n al instante.<\/a><\/p><p>\u00a0<\/p><p><b>RADIO AGRICULTURA<\/b><\/p><p><a style=\"font-style: inherit; font-weight: inherit; background-color: #ffffff; font-family: -apple-system, BlinkMacSystemFont,;\" href=\"https:\/\/www.litoralpress.cl\/sitio\/RadioTV_Detalles.cshtml?LPKey=YB7I3B4P72YLX6MYN55IW3IYFEATLA4EL5CDQD3EOYRCUKW7QDXQ\" target=\"_blank\" rel=\"noopener\">Reacciones tras el debate presidencial entre Gabriel Boric y Daniel Jadue. Se refiere Mauricio Morales, director del Centro de An\u00e1lisis Pol\u00edtico (CAP) de la UTalca.<\/a><\/p><p>\u00a0<\/p><p><b>EX\u2013ANTE.CL<\/b><\/p><p><a style=\"font-style: inherit; font-weight: inherit; background-color: #ffffff; font-family: -apple-system, BlinkMacSystemFont,;\" href=\"https:\/\/www.ex-ante.cl\/rating-de-debates-de-primarias-presidenciales-registra-fuerte-caida-en-relacion-a-los-de-2017\/\" target=\"_blank\" rel=\"noopener\">Rating de debates de primarias presidenciales registra fuerte ca\u00edda en relaci\u00f3n a los de <\/a><a style=\"font-style: inherit; font-weight: inherit; background-color: #ffffff; font-family: -apple-system, BlinkMacSystemFont,;\" href=\"https:\/\/www.ex-ante.cl\/rating-de-debates-de-primarias-presidenciales-registra-fuerte-caida-en-relacion-a-los-de-2017\/\" target=\"_blank\" rel=\"noopener\">2017. Se refiere Mauricio Morales, director del Centro de An\u00e1lisis Pol\u00edtico (CAP) de la UTalca.<\/a><\/p><p>\u00a0<\/p><p><b>ELDIARIODESANTIAGO.CL<\/b><\/p><p><a style=\"font-style: inherit; font-weight: inherit; background-color: #ffffff; font-family: -apple-system, BlinkMacSystemFont,;\" href=\"https:\/\/eldiariodesantiago.cl\/archivo\/76857\" target=\"_blank\" rel=\"noopener\">Las cuentas alegres de Boric tras debate de primarias: \u201cEs primera vez que veo a Jadue retroceder y reconocer un error\u201d. Se refiere Mauricio Morales, director del Centro de An\u00e1lisis Pol\u00edtico (CAP) de la UTalca.<\/a><\/p><p>\u00a0<\/p><p><b>PICHILEMUNEWS.CL<\/b><\/p><p><a style=\"font-style: inherit; font-weight: inherit; background-color: #ffffff; font-family: -apple-system, BlinkMacSystemFont,;\" href=\"http:\/\/pichilemunews.cl\/index.php\/all-categories-list\/noticias\/los-efectos-del-debate-de-chile-vamos-y-el-cara-a-cara-jadue-boric-en-el-escenario-presidencial\" target=\"_blank\" rel=\"noopener\">Los efectos del debate de Chile Vamos y el cara a cara Jadue-Boric en el escenario presidencial. Se refiere Mauricio Morales, director del Centro de An\u00e1lisis Pol\u00edtico (CAP) de la UTalca.<\/a><\/p><p>\u00a0<\/p><p><b>DIARIO CHA\u00d1ARCILLO<\/b><\/p><p><a style=\"font-style: inherit; font-weight: inherit; background-color: #ffffff; font-family: -apple-system, BlinkMacSystemFont,;\" href=\"https:\/\/www.litoralpress.cl\/paginaconsultas\/Servicios_NClip\/Get_Imagen_Nota.aspx?LPKey=5SE45Q5IA2FRTOXZCVIOSDKT5ZUKJSX6BYWHA7XMRXANBKDNTG2NZXQARUQLT4EHP3W32P7FCR34G\" target=\"_blank\" rel=\"noopener\">Debate de Apruebo Dignidad: Jadue y Boric mostraron similitudes en su programa de gobernabilidad al pa\u00eds. Se refiere Mauricio Morales, director del Centro de An\u00e1lisis Pol\u00edtico (CAP) de la UTalca.<\/a><\/p><p>\u00a0<\/p><p><b>GRAFELBERGNOTICIAS.BLOGSPOT.COM<\/b><\/p><p><a style=\"font-style: inherit; font-weight: inherit; background-color: #ffffff; font-family: -apple-system, BlinkMacSystemFont,;\" href=\"http:\/\/grafelbergnoticias.blogspot.com\/2021\/06\/estrategia-de-mitigacion-para-enfrentar.html\" target=\"_blank\" rel=\"noopener\">Estrategia de mitigaci\u00f3n para enfrentar la enfermedad de Sharka avanza exitosamente. Se menciona a la UTalca.<\/a><\/p>\t\t\t\t\t\t<\/div>\n\t\t\t\t<\/div>\n\t\t\t\t\t<\/div>\n\t\t<\/div>\n\t\t\t\t\t\t\t<\/div>\n\t\t<\/section>\n\t\t\t\t\t\t<\/div>\n\t\t\t\t\t<\/div>\n\t\t","protected":false},"excerpt":{"rendered":"<p>CANAL TVN Radiograf\u00eda a la variante Delta \u00bfEs la m\u00e1s peligrosa? Se refiere Sergio Wehinger, director del Mag\u00edster en Ciencias Biom\u00e9dicas de la UTalca. \u00a0 CANAL 24 HORAS Radiograf\u00eda a la variante Delta \u00bfEs la m\u00e1s peligrosa? Se refiere Sergio Wehinger, director del Mag\u00edster en Ciencias Biom\u00e9dicas de la UTalca. \u00a0 ELMOSTRADOR.CL Cierre efectivo de &hellip;<\/p>\n<p class=\"read-more\"> <a class=\"\" href=\"https:\/\/www.reportedeprensa.utalca.cl\/?p=1318\"> <span class=\"screen-reader-text\">25 de junio de 2021<\/span> Read More &raquo;<\/a><\/p>\n","protected":false},"author":1,"featured_media":0,"comment_status":"closed","ping_status":"open","sticky":false,"template":"elementor_theme","format":"standard","meta":{"_monsterinsights_skip_tracking":false,"_monsterinsights_sitenote_active":false,"_monsterinsights_sitenote_note":"","_monsterinsights_sitenote_category":0},"categories":[9],"tags":[],"_links":{"self":[{"href":"https:\/\/www.reportedeprensa.utalca.cl\/index.php?rest_route=\/wp\/v2\/posts\/1318"}],"collection":[{"href":"https:\/\/www.reportedeprensa.utalca.cl\/index.php?rest_route=\/wp\/v2\/posts"}],"about":[{"href":"https:\/\/www.reportedeprensa.utalca.cl\/index.php?rest_route=\/wp\/v2\/types\/post"}],"author":[{"embeddable":true,"href":"https:\/\/www.reportedeprensa.utalca.cl\/index.php?rest_route=\/wp\/v2\/users\/1"}],"replies":[{"embeddable":true,"href":"https:\/\/www.reportedeprensa.utalca.cl\/index.php?rest_route=%2Fwp%2Fv2%2Fcomments&post=1318"}],"version-history":[{"count":4,"href":"https:\/\/www.reportedeprensa.utalca.cl\/index.php?rest_route=\/wp\/v2\/posts\/1318\/revisions"}],"predecessor-version":[{"id":1322,"href":"https:\/\/www.reportedeprensa.utalca.cl\/index.php?rest_route=\/wp\/v2\/posts\/1318\/revisions\/1322"}],"wp:attachment":[{"href":"https:\/\/www.reportedeprensa.utalca.cl\/index.php?rest_route=%2Fwp%2Fv2%2Fmedia&parent=1318"}],"wp:term":[{"taxonomy":"category","embeddable":true,"href":"https:\/\/www.reportedeprensa.utalca.cl\/index.php?rest_route=%2Fwp%2Fv2%2Fcategories&post=1318"},{"taxonomy":"post_tag","embeddable":true,"href":"https:\/\/www.reportedeprensa.utalca.cl\/index.php?rest_route=%2Fwp%2Fv2%2Ftags&post=1318"}],"curies":[{"name":"wp","href":"https:\/\/api.w.org\/{rel}","templated":true}]}}