{"id":13182,"date":"2026-01-14T10:31:43","date_gmt":"2026-01-14T13:31:43","guid":{"rendered":"https:\/\/www.reportedeprensa.utalca.cl\/?p=13182"},"modified":"2026-03-04T13:08:52","modified_gmt":"2026-03-04T16:08:52","slug":"14-de-enero-2026","status":"publish","type":"post","link":"https:\/\/www.reportedeprensa.utalca.cl\/?p=13182","title":{"rendered":"14 de enero 2026"},"content":{"rendered":"\t\t<div data-elementor-type=\"wp-post\" data-elementor-id=\"13182\" class=\"elementor elementor-13182\" data-elementor-settings=\"[]\">\n\t\t\t\t\t\t\t<div class=\"elementor-section-wrap\">\n\t\t\t\t\t\t\t<section class=\"elementor-section elementor-top-section elementor-element elementor-element-bcea1a8 elementor-section-boxed elementor-section-height-default elementor-section-height-default\" data-id=\"bcea1a8\" data-element_type=\"section\">\n\t\t\t\t\t\t<div class=\"elementor-container elementor-column-gap-default\">\n\t\t\t\t\t<div class=\"elementor-column elementor-col-100 elementor-top-column elementor-element elementor-element-e7183bf\" data-id=\"e7183bf\" data-element_type=\"column\">\n\t\t\t<div class=\"elementor-widget-wrap elementor-element-populated\">\n\t\t\t\t\t\t\t\t<div class=\"elementor-element elementor-element-6fd7801 elementor-widget elementor-widget-text-editor\" data-id=\"6fd7801\" data-element_type=\"widget\" data-widget_type=\"text-editor.default\">\n\t\t\t\t<div class=\"elementor-widget-container\">\n\t\t\t\t\t\t\t\t<div class=\"x_elementToProof\"><b>LA TERCERA ONLINE<\/b>\u00a0<br \/><a id=\"OWAdf5ead30-82f2-e7b5-373f-98849c91dacb\" class=\"x_Hyperlink x_SCXW11452192 x_BCX0 x_OWAAutoLink\" title=\"https:\/\/www.latercera.com\/lt-board\/noticia\/los-elementos-imprescindibles-que-debe-tener-una-mochila-de-emergencia-para-incendios\/\" href=\"https:\/\/www.latercera.com\/lt-board\/noticia\/los-elementos-imprescindibles-que-debe-tener-una-mochila-de-emergencia-para-incendios\/\" target=\"_blank\" rel=\"noreferrer noopener\" data-auth=\"NotApplicable\" data-linkindex=\"1\">Los elementos imprescindibles que debe tener una mochila de emergencia para incendios. Se refiere Mar\u00eda Victoria Ram\u00edrez, acad\u00e9mica Escuela de Enfermer\u00eda.<\/a>\u00a0<\/div><div>\u00a0<\/div><div class=\"x_elementToProof\"><b data-olk-copy-source=\"MessageBody\">PORTAL RED SALUD<\/b>\u00a0<br \/><a id=\"OWA4d0f75ef-806a-d404-b7ee-1a4738928d85\" class=\"x_Hyperlink x_SCXW11452192 x_BCX0 x_OWAAutoLink\" title=\"https:\/\/portalredsalud.cl\/2026\/01\/13\/expertos-internacionales-abordaran-estres-oxidativo-e-implicancias-del-envejecimiento-en-la-utalca\/\" href=\"https:\/\/portalredsalud.cl\/2026\/01\/13\/expertos-internacionales-abordaran-estres-oxidativo-e-implicancias-del-envejecimiento-en-la-utalca\/\" target=\"_blank\" rel=\"noreferrer noopener\" data-auth=\"NotApplicable\" data-linkindex=\"0\">Expertos internacionales abordar\u00e1n estr\u00e9s oxidativo e implicancias del envejecimiento en la\u00a0UTalca. Se refiere Felipe \u00c1vila, acad\u00e9mico de la Facultad de Ciencias de la Salud<\/a>\u00a0\u00a0<\/div><div class=\"x_elementToProof\" aria-hidden=\"true\">\u00a0<\/div><div class=\"x_elementToProof\"><b>EL HERALDO<\/b>\u00a0<br \/><a id=\"OWA11d73746-e105-8603-8845-ed525f1348b4\" class=\"x_Hyperlink x_SCXW11452192 x_BCX0 x_OWAAutoLink\" title=\"https:\/\/www.litoralpress.cl\/sitio\/Prensa_Detalles.cshtml?LPKey=Q5K5GM766XOC5VHH4DIBZHTD7EGS7HHH4NTE5QUR6JKODPWJOVEQ\" href=\"https:\/\/www.litoralpress.cl\/sitio\/Prensa_Detalles.cshtml?LPKey=Q5K5GM766XOC5VHH4DIBZHTD7EGS7HHH4NTE5QUR6JKODPWJOVEQ\" target=\"_blank\" rel=\"noreferrer noopener\" data-auth=\"NotApplicable\" data-linkindex=\"2\">Di\u00f3genes digital\u201d: investigan c\u00f3mo la acumulaci\u00f3n de archivos afecta a estudiantes.\u00a0Se refiere Alejandro Cataldo, acad\u00e9mico de la Facultad de Econom\u00eda y Negocios<\/a>\u00a0<\/div><div class=\"x_elementToProof\" aria-hidden=\"true\">\u00a0<\/div><div class=\"x_elementToProof\"><b>PORTAL RED SALUD<\/b>\u00a0<br \/><a id=\"OWAdc640be2-d95c-1043-1eb1-a587e85e7b9a\" class=\"x_Hyperlink x_SCXW11452192 x_BCX0 x_OWAAutoLink\" title=\"https:\/\/portalredsalud.cl\/2026\/01\/13\/diogenes-digital-investigan-como-la-acumulacion-de-archivos-afecta-a-estudiantes\/\" href=\"https:\/\/portalredsalud.cl\/2026\/01\/13\/diogenes-digital-investigan-como-la-acumulacion-de-archivos-afecta-a-estudiantes\/\" target=\"_blank\" rel=\"noreferrer noopener\" data-auth=\"NotApplicable\" data-linkindex=\"3\">Di\u00f3genes digital\u201d: investigan c\u00f3mo la acumulaci\u00f3n de archivos afecta a estudiantes. Se refiere Alejandro Cataldo, acad\u00e9mico de la Facultad de Econom\u00eda y Negocios<\/a>\u00a0<\/div><div class=\"x_elementToProof\" aria-hidden=\"true\">\u00a0<\/div><div class=\"x_elementToProof\" aria-hidden=\"true\">\u00a0<\/div><div class=\"x_elementToProof\"><b>EL MAULE INFORMA<\/b>\u00a0<br \/><a id=\"OWA64364208-33a0-c946-1487-a4487c34fd51\" class=\"x_Hyperlink x_SCXW11452192 x_BCX0 x_OWAAutoLink\" title=\"https:\/\/elmauleinforma.cl\/diogenes-digital-investigan-como-la-acumulacion-de-archivos-afecta-a-estudiantes\/\" href=\"https:\/\/elmauleinforma.cl\/diogenes-digital-investigan-como-la-acumulacion-de-archivos-afecta-a-estudiantes\/\" target=\"_blank\" rel=\"noreferrer noopener\" data-auth=\"NotApplicable\" data-linkindex=\"4\">Di\u00f3genes digital\u201d: investigan c\u00f3mo la acumulaci\u00f3n de archivos afecta a estudiantes. Se refiere Alejandro Cataldo, acad\u00e9mico de la Facultad de Econom\u00eda y Negocios<\/a>\u00a0<\/div><div class=\"x_elementToProof\" aria-hidden=\"true\">\u00a0<\/div><div class=\"x_elementToProof\"><b>RADIO MAULE SUR<\/b>\u00a0<br \/><a id=\"OWA3d97bf56-d70e-5788-6a37-b0ca6987666a\" class=\"x_Hyperlink x_SCXW11452192 x_BCX0 x_OWAAutoLink\" title=\"https:\/\/www.radiomaulesur.cl\/2026\/01\/diogenes-digital-investigan-como-la.html\" href=\"https:\/\/www.radiomaulesur.cl\/2026\/01\/diogenes-digital-investigan-como-la.html\" target=\"_blank\" rel=\"noreferrer noopener\" data-auth=\"NotApplicable\" data-linkindex=\"5\">Di\u00f3genes digital\u201d: investigan c\u00f3mo la acumulaci\u00f3n de archivos afecta a estudiantes. Se refiere Alejandro Cataldo, acad\u00e9mico de la Facultad de Econom\u00eda y Negocios<\/a>\u00a0<\/div><div class=\"x_elementToProof\">\u00a0<br \/><b>CANAL 2 LINARES<\/b>\u00a0<br \/><a id=\"OWAf44db013-6de8-ba7a-b79c-919842b2f25b\" class=\"x_Hyperlink x_SCXW11452192 x_BCX0 x_OWAAutoLink\" title=\"https:\/\/www.canal2linares.cl\/2026\/01\/diogenes-digital-investigan-como-la.html\" href=\"https:\/\/www.canal2linares.cl\/2026\/01\/diogenes-digital-investigan-como-la.html\" target=\"_blank\" rel=\"noreferrer noopener\" data-auth=\"NotApplicable\" data-linkindex=\"6\">Di\u00f3genes digital\u201d: investigan c\u00f3mo la acumulaci\u00f3n de archivos afecta a estudiantes. Se refiere Alejandro Cataldo, acad\u00e9mico de la Facultad de Econom\u00eda y Negocios<\/a>\u00a0<\/div><div class=\"x_elementToProof\" aria-hidden=\"true\">\u00a0<\/div><div class=\"x_elementToProof\"><b>EL LECTOR<\/b>\u00a0<br \/><a id=\"OWAf732b0b3-3ab9-e173-47f2-5b8e8e85a2ad\" class=\"x_Hyperlink x_SCXW11452192 x_BCX0 x_OWAAutoLink\" title=\"https:\/\/www.litoralpress.cl\/sitio\/Prensa_Detalles.cshtml?LPKey=AVN6I7U3AAZQXXDHNSN4T4PSUMNDIIJWKODVQL2HIR\" href=\"https:\/\/www.litoralpress.cl\/sitio\/Prensa_Detalles.cshtml?LPKey=AVN6I7U3AAZQXXDHNSN4T4PSUMNDIIJWKODVQL2HIR\" target=\"_blank\" rel=\"noreferrer noopener\" data-auth=\"NotApplicable\" data-linkindex=\"7\">Di\u00f3genes digital\u201d: investigan c\u00f3mo la acumulaci\u00f3n de archivos afecta a estudiantes. Se refiere Alejandro Cataldo, acad\u00e9mico de la Facultad de Econom\u00eda y Negocios<\/a>\u00a0<\/div><div class=\"x_elementToProof\">\u00a0<br \/><b>LA PRENSA DE CURIC\u00d3<\/b>\u00a0<br \/><a id=\"OWA325cb885-1e5e-daef-05ff-ed9d5ee5c794\" class=\"x_Hyperlink x_SCXW11452192 x_BCX0 x_OWAAutoLink\" title=\"https:\/\/www.litoralpress.cl\/sitio\/Prensa_Detalles.cshtml?LPKey=7LEHYWX7P62NGZGYUEFFWJUJUXIJJ2GGGWSESUHJSRF5LCQM2CXA\" href=\"https:\/\/www.litoralpress.cl\/sitio\/Prensa_Detalles.cshtml?LPKey=7LEHYWX7P62NGZGYUEFFWJUJUXIJJ2GGGWSESUHJSRF5LCQM2CXA\" target=\"_blank\" rel=\"noreferrer noopener\" data-auth=\"NotApplicable\" data-linkindex=\"8\">UTalca y UNAB lideran centro de excelencia que buscar\u00e1 transformar el sistema agroalimentario.\u00a0Se refiere Laurens\u00a0Klerkx, acad\u00e9mico Facultad de Ciencias Agrarias<\/a>\u00a0<\/div><div class=\"x_elementToProof\">\u00a0<br \/><b>CANAL TV5 LINARES<\/b>\u00a0<br \/><a id=\"OWA03589b4f-b46e-1d4d-a286-ff1cee0859be\" class=\"x_Hyperlink x_SCXW11452192 x_BCX0 x_OWAAutoLink\" title=\"https:\/\/www.litoralpress.cl\/sitio\/RadioTV_Detalles.cshtml?LPKey=46IKARMKI7FUQZ7EBRMWTBZWCM26DYVLAES2JTZJSHGQJJ6PKVHARECHB5EYEJ7RAXKTXMHXCBWNY\" href=\"https:\/\/www.litoralpress.cl\/sitio\/RadioTV_Detalles.cshtml?LPKey=46IKARMKI7FUQZ7EBRMWTBZWCM26DYVLAES2JTZJSHGQJJ6PKVHARECHB5EYEJ7RAXKTXMHXCBWNY\" target=\"_blank\" rel=\"noreferrer noopener\" data-auth=\"NotApplicable\" data-linkindex=\"9\">Minsal y caso de sarampi\u00f3n. Se refiere\u00a0\u00c9rika Retamal, directora Departamento de Salud P\u00fablica.<\/a>\u00a0\u00a0<\/div><div class=\"x_elementToProof\" aria-hidden=\"true\">\u00a0<\/div><div class=\"x_elementToProof\"><b>LA PRENSA DE CURIC\u00d3<\/b>\u00a0<br \/><a id=\"OWA6f06c990-8174-96d6-5fe5-256712d2486f\" class=\"x_Hyperlink x_SCXW11452192 x_BCX0 x_OWAAutoLink\" title=\"https:\/\/www.litoralpress.cl\/sitio\/Prensa_Detalles.cshtml?LPKey=VACTFDLRZEKKSQ7NLOCIBQJFYQ6NSVHCFVONB6JCCGOWN6RMTWQQ\" href=\"https:\/\/www.litoralpress.cl\/sitio\/Prensa_Detalles.cshtml?LPKey=VACTFDLRZEKKSQ7NLOCIBQJFYQ6NSVHCFVONB6JCCGOWN6RMTWQQ\" target=\"_blank\" rel=\"noreferrer noopener\" data-auth=\"NotApplicable\" data-linkindex=\"10\">Cambio clim\u00e1tico intensifica olas de calor extremo en la Regi\u00f3n del Maule.\u00a0Se refiere Patricio Gonz\u00e1lez\u00a0Colville,\u00a0agroclimat\u00f3logo\u00a0y acad\u00e9mico del Centro de Investigaci\u00f3n y Transferencia en Riego y\u00a0Agroclimatolog\u00eda\u00a0(CITRA).<\/a>\u00a0<\/div><div class=\"x_elementToProof\">\u00a0<br \/><b>DIARIO EL CENTRO<\/b>\u00a0<br \/><a id=\"OWA68099c2e-7c5c-48fc-a6ea-eacb553157cf\" class=\"x_Hyperlink x_SCXW11452192 x_BCX0 x_OWAAutoLink\" title=\"https:\/\/www.diarioelcentro.cl\/2026\/01\/13\/envejecimiento-digno-una-ley-aprobada-una-responsabilidad-que-comienza\/\" href=\"https:\/\/www.diarioelcentro.cl\/2026\/01\/13\/envejecimiento-digno-una-ley-aprobada-una-responsabilidad-que-comienza\/\" target=\"_blank\" rel=\"noreferrer noopener\" data-auth=\"NotApplicable\" data-linkindex=\"11\">Envejecimiento digno: una ley aprobada, una responsabilidad que comienza. Se refiere Iv\u00e1n Palomo, director Centro de LongevidadVitalis.<\/a>\u00a0\u00a0<\/div><div class=\"x_elementToProof\" aria-hidden=\"true\">\u00a0<\/div><div class=\"x_elementToProof\"><b>TVN RED MAULE<\/b>\u00a0<br \/><a id=\"OWA541161f4-a355-24e6-fc3a-d4aee9f78f66\" class=\"x_Hyperlink x_SCXW11452192 x_BCX0 x_OWAAutoLink\" title=\"https:\/\/www.litoralpress.cl\/sitio\/RadioTV_Detalles.cshtml?LPKey=YUIEFVC4K65GSUD3CXGXCEATUWHSC37V6TBCEJFLKOXRRA6WLMLXVM2ML6VNRP7DPPGFCO4ORKR6G\" href=\"https:\/\/www.litoralpress.cl\/sitio\/RadioTV_Detalles.cshtml?LPKey=YUIEFVC4K65GSUD3CXGXCEATUWHSC37V6TBCEJFLKOXRRA6WLMLXVM2ML6VNRP7DPPGFCO4ORKR6G\" target=\"_blank\" rel=\"noreferrer noopener\" data-auth=\"NotApplicable\" data-linkindex=\"12\">Alerta roja regional debido a las altas temperaturas.\u00a0Se refiere Patricio Gonz\u00e1lez\u00a0Colville,\u00a0agroclimat\u00f3logo\u00a0y acad\u00e9mico del Centro de Investigaci\u00f3n y Transferencia en Riego y\u00a0Agroclimatolog\u00eda\u00a0(CITRA).<\/a>\u00a0<\/div><div class=\"x_elementToProof\">\u00a0<br \/><b>TVN RED MAULE<\/b>\u00a0<br \/><a id=\"OWAf9bce7ca-f1f8-c375-f449-470fc48a5974\" class=\"x_Hyperlink x_SCXW11452192 x_BCX0 x_OWAAutoLink\" title=\"https:\/\/www.litoralpress.cl\/sitio\/RadioTV_Detalles.cshtml?LPKey=2SISUGH3ZXAC3QRLUIBRTJCRIVDR4MO4KUIBISRAQ43ELZO3YFEEM6TLEPD7FVAXYSKNUNWRFTQNU\" href=\"https:\/\/www.litoralpress.cl\/sitio\/RadioTV_Detalles.cshtml?LPKey=2SISUGH3ZXAC3QRLUIBRTJCRIVDR4MO4KUIBISRAQ43ELZO3YFEEM6TLEPD7FVAXYSKNUNWRFTQNU\" target=\"_blank\" rel=\"noreferrer noopener\" data-auth=\"NotApplicable\" data-linkindex=\"13\">ldes de San Javier y Constituci\u00f3n coinciden en la inviabilidad de la doble v\u00eda. Se refiere, Miguel Arriagada, director\u00a0Escuela de\u00a0Ingenier\u00eda Obras Civiles.<\/a>\u00a0\u00a0<\/div><div class=\"x_elementToProof\" aria-hidden=\"true\">\u00a0<\/div><div class=\"x_elementToProof\"><b>RADIO INFINITA<\/b>\u00a0<br \/><a id=\"OWAcc7fa11c-bf24-2576-dd99-ec6b85c615c6\" class=\"x_Hyperlink x_SCXW11452192 x_BCX0 x_OWAAutoLink\" title=\"https:\/\/www.litoralpress.cl\/sitio\/RadioTV_Detalles.cshtml?LPKey=DVUVBE3GCQP4XU7XPIEVU5ILEFC54HM7C3DWRPSWRNBHQNQIEOYEAGIXGDEVKXBOM6OLDYKKXG5JQ\" href=\"https:\/\/www.litoralpress.cl\/sitio\/RadioTV_Detalles.cshtml?LPKey=DVUVBE3GCQP4XU7XPIEVU5ILEFC54HM7C3DWRPSWRNBHQNQIEOYEAGIXGDEVKXBOM6OLDYKKXG5JQ\" target=\"_blank\" rel=\"noreferrer noopener\" data-auth=\"NotApplicable\" data-linkindex=\"14\">An\u00e1lisis pol\u00edtico de la jornada. Se refiere Mauricio Morales, director de Centro de An\u00e1lisis Pol\u00edtico (CAP).<\/a>\u00a0<\/div><div class=\"x_elementToProof\" aria-hidden=\"true\">\u00a0<\/div><div class=\"x_elementToProof\"><b>VITRINA DEPORTIVA<\/b>\u00a0<br \/><a id=\"OWA62460e5f-c0e8-f870-a7bb-f50bcac24a07\" class=\"x_Hyperlink x_SCXW11452192 x_BCX0 x_OWAAutoLink\" title=\"https:\/\/vitrinadeportiva.cl\/comer-sin-culpa-crean-chocolate-funcional-que-permite-combatir-el-cancer-gastrico\/\" href=\"https:\/\/vitrinadeportiva.cl\/comer-sin-culpa-crean-chocolate-funcional-que-permite-combatir-el-cancer-gastrico\/\" target=\"_blank\" rel=\"noreferrer noopener\" data-auth=\"NotApplicable\" data-linkindex=\"15\">Comer sin culpa. Crean chocolate funcional que permite combatir el c\u00e1ncer g\u00e1strico. Se refiere Ariela Vergara, directora de Innovaci\u00f3n y Transferencia.<\/a>\u00a0<\/div><div class=\"x_elementToProof\" aria-hidden=\"true\">\u00a0<\/div><div class=\"x_elementToProof\"><b>UDP.CL<\/b>\u00a0<br \/><a id=\"OWA0c04eeaa-e9e5-6eae-6b30-388fcc7949c5\" class=\"x_Hyperlink x_SCXW11452192 x_BCX0 x_OWAAutoLink\" title=\"https:\/\/www.udp.cl\/ii-version-de-edcamp-aborda-el-desafio-de-ensenar-ingles-en-la-educacion-superior\/\" href=\"https:\/\/www.udp.cl\/ii-version-de-edcamp-aborda-el-desafio-de-ensenar-ingles-en-la-educacion-superior\/\" target=\"_blank\" rel=\"noreferrer noopener\" data-auth=\"NotApplicable\" data-linkindex=\"16\">II versi\u00f3n de EdCamp aborda el desaf\u00edo de ense\u00f1ar ingl\u00e9s en la educaci\u00f3n superior. Se menciona la Universidad de Talca.<\/a>\u00a0\u00a0<\/div>\t\t\t\t\t\t<\/div>\n\t\t\t\t<\/div>\n\t\t\t\t\t<\/div>\n\t\t<\/div>\n\t\t\t\t\t\t\t<\/div>\n\t\t<\/section>\n\t\t\t\t\t\t<\/div>\n\t\t\t\t\t<\/div>\n\t\t","protected":false},"excerpt":{"rendered":"<p>LA TERCERA ONLINE\u00a0Los elementos imprescindibles que debe tener una mochila de emergencia para incendios. Se refiere Mar\u00eda Victoria Ram\u00edrez, acad\u00e9mica Escuela de Enfermer\u00eda.\u00a0\u00a0PORTAL RED SALUD\u00a0Expertos internacionales abordar\u00e1n estr\u00e9s oxidativo e implicancias del envejecimiento en la\u00a0UTalca. Se refiere Felipe \u00c1vila, acad\u00e9mico de la Facultad de Ciencias de la Salud\u00a0\u00a0\u00a0EL HERALDO\u00a0Di\u00f3genes digital\u201d: investigan c\u00f3mo la acumulaci\u00f3n de &hellip;<\/p>\n<p class=\"read-more\"> <a class=\"\" href=\"https:\/\/www.reportedeprensa.utalca.cl\/?p=13182\"> <span class=\"screen-reader-text\">14 de enero 2026<\/span> Read More &raquo;<\/a><\/p>\n","protected":false},"author":1,"featured_media":0,"comment_status":"closed","ping_status":"open","sticky":false,"template":"","format":"standard","meta":{"_monsterinsights_skip_tracking":false,"_monsterinsights_sitenote_active":false,"_monsterinsights_sitenote_note":"","_monsterinsights_sitenote_category":0},"categories":[67],"tags":[],"_links":{"self":[{"href":"https:\/\/www.reportedeprensa.utalca.cl\/index.php?rest_route=\/wp\/v2\/posts\/13182"}],"collection":[{"href":"https:\/\/www.reportedeprensa.utalca.cl\/index.php?rest_route=\/wp\/v2\/posts"}],"about":[{"href":"https:\/\/www.reportedeprensa.utalca.cl\/index.php?rest_route=\/wp\/v2\/types\/post"}],"author":[{"embeddable":true,"href":"https:\/\/www.reportedeprensa.utalca.cl\/index.php?rest_route=\/wp\/v2\/users\/1"}],"replies":[{"embeddable":true,"href":"https:\/\/www.reportedeprensa.utalca.cl\/index.php?rest_route=%2Fwp%2Fv2%2Fcomments&post=13182"}],"version-history":[{"count":5,"href":"https:\/\/www.reportedeprensa.utalca.cl\/index.php?rest_route=\/wp\/v2\/posts\/13182\/revisions"}],"predecessor-version":[{"id":13344,"href":"https:\/\/www.reportedeprensa.utalca.cl\/index.php?rest_route=\/wp\/v2\/posts\/13182\/revisions\/13344"}],"wp:attachment":[{"href":"https:\/\/www.reportedeprensa.utalca.cl\/index.php?rest_route=%2Fwp%2Fv2%2Fmedia&parent=13182"}],"wp:term":[{"taxonomy":"category","embeddable":true,"href":"https:\/\/www.reportedeprensa.utalca.cl\/index.php?rest_route=%2Fwp%2Fv2%2Fcategories&post=13182"},{"taxonomy":"post_tag","embeddable":true,"href":"https:\/\/www.reportedeprensa.utalca.cl\/index.php?rest_route=%2Fwp%2Fv2%2Ftags&post=13182"}],"curies":[{"name":"wp","href":"https:\/\/api.w.org\/{rel}","templated":true}]}}